{"id":2185,"date":"2019-11-07T17:45:29","date_gmt":"2019-11-07T14:45:29","guid":{"rendered":"https:\/\/www.julesverne.com.tr\/\/blog\/bu-yil-kacirmak-istemeyeceginiz-kis-festivalleri\/"},"modified":"2024-03-22T14:09:58","modified_gmt":"2024-03-22T11:09:58","slug":"bu-yil-kacirmak-istemeyeceginiz-kis-festivalleri","status":"publish","type":"post","link":"https:\/\/julesverne.com.tr\/en\/travel-blog\/bu-yil-kacirmak-istemeyeceginiz-kis-festivalleri\/","title":{"rendered":"Bu Y\u0131l Ka\u00e7\u0131rmak \u0130stemeyece\u011finiz K\u0131\u015f Festivalleri"},"content":{"rendered":"<p><\/p>\n<p><p style=\"text-align: center;\"><img loading=\"lazy\" decoding=\"async\" class=\"alignnone size-full wp-image-3312\" src=\"https:\/\/www.julesverne.com.tr\/\/wp-content\/uploads\/2020\/09\/Tomorrowland-2019-Winter-1.jpg\" width=\"1280\" height=\"853\" alt=\"\" srcset=\"https:\/\/julesverne.com.tr\/wp-content\/uploads\/2020\/09\/Tomorrowland-2019-Winter-1.jpg 1280w, https:\/\/julesverne.com.tr\/wp-content\/uploads\/2020\/09\/Tomorrowland-2019-Winter-1-500x333.jpg 500w, https:\/\/julesverne.com.tr\/wp-content\/uploads\/2020\/09\/Tomorrowland-2019-Winter-1-768x512.jpg 768w\" sizes=\"(max-width: 1280px) 100vw, 1280px\" \/><\/p>\n<p>K\u0131\u015f mevsimini birer harikalar diyar\u0131na &ccedil;eviren festival d&ouml;nemi ba\u015fl\u0131yor. Noel pazarlar\u0131n\u0131n \u0131\u015f\u0131lt\u0131s\u0131 tamamland\u0131\u011f\u0131nda sahneye k\u0131\u015f festivalleri &ccedil;\u0131k\u0131yor. D&uuml;nyan\u0131n d&ouml;rt bir yan\u0131nda kutlanan festivaller, battaniyelerin alt\u0131na sakland\u0131\u011f\u0131m\u0131z k\u0131\u015f mevsimine g&uuml;ne\u015f gibi do\u011fuyor desek abartm\u0131\u015f say\u0131lmay\u0131z. Buzdan yap\u0131lan heykeller, kar festivalleri, m&uuml;zik festivalleri, \u0131\u015f\u0131k festivalleri ile dolu bir y\u0131la haz\u0131r m\u0131s\u0131n\u0131z? Sapporo&#8217;dan Amsterdam&#8217;a, Verbier&#8217;den T&uuml;bingen&#8217;e, Rio de Janeiro&#8217;dan Lyon&#8217;a uzanan bu y\u0131l ka&ccedil;\u0131rmak istemeyece\u011finiz k\u0131\u015f festivalleri&#8230;<\/p>\n<p><strong>Chocolart, T&uuml;bingen, Almanya&nbsp;<\/strong><\/p>\n<p style=\"text-align: center;\"><strong><img loading=\"lazy\" decoding=\"async\" class=\"alignnone size-full wp-image-3313\" src=\"https:\/\/www.julesverne.com.tr\/\/wp-content\/uploads\/2020\/09\/Chocolart.jpg\" width=\"1024\" height=\"512\" alt=\"\" srcset=\"https:\/\/julesverne.com.tr\/wp-content\/uploads\/2020\/09\/Chocolart.jpg 1024w, https:\/\/julesverne.com.tr\/wp-content\/uploads\/2020\/09\/Chocolart-500x250.jpg 500w, https:\/\/julesverne.com.tr\/wp-content\/uploads\/2020\/09\/Chocolart-768x384.jpg 768w\" sizes=\"(max-width: 1024px) 100vw, 1024px\" \/><\/strong><\/p>\n<p>Her \u015feyin &ccedil;ikolata ile ilgili oldu\u011fu bir festival hayal edin! Charlie&#8217;nin &Ccedil;ikolata Fabrikas\u0131 filmini izleyenler bu festivalin ne kadar leziz ve ger&ccedil;ek &uuml;st&uuml; bir deneyim olabilece\u011fini az &ccedil;ok anlam\u0131\u015ft\u0131r! 6 g&uuml;n boyunca, T&uuml;bingen&#8217;in tarihi b&ouml;lgesi Altstadt&#8217;ta devam eden festival boyunca &ccedil;ikolata tad\u0131mlar\u0131, pralin yap\u0131m\u0131 kurslar\u0131, a\u015f&ccedil;\u0131l\u0131k kurslar\u0131, kakao boyama &ccedil;al\u0131\u015fmalar\u0131, &ccedil;ikolata ile ilgili farkl\u0131 at&ouml;lye &ccedil;al\u0131\u015fmalar\u0131 sizi bekliyor.<br \/><em><strong>Ne zaman?<\/strong> <\/em>3-8 Aral\u0131k 2019<\/p>\n<p><strong>F&ecirc;te des Lumi&egrave;res, Lyon, Fransa&nbsp;<\/strong><\/p>\n<p style=\"text-align: center;\"><strong><img loading=\"lazy\" decoding=\"async\" class=\"alignnone size-full wp-image-3314\" src=\"https:\/\/www.julesverne.com.tr\/\/wp-content\/uploads\/2020\/09\/fete_des_lumieres2.jpg\" width=\"1280\" height=\"888\" alt=\"\" srcset=\"https:\/\/julesverne.com.tr\/wp-content\/uploads\/2020\/09\/fete_des_lumieres2.jpg 1280w, https:\/\/julesverne.com.tr\/wp-content\/uploads\/2020\/09\/fete_des_lumieres2-500x347.jpg 500w, https:\/\/julesverne.com.tr\/wp-content\/uploads\/2020\/09\/fete_des_lumieres2-768x533.jpg 768w\" sizes=\"(max-width: 1280px) 100vw, 1280px\" \/><\/strong><\/p>\n<p>Lyon \u015fehrini 4 ak\u015fam boyunca \u0131\u015f\u0131kland\u0131ran F&ecirc;te des Lumi&egrave;res, bir masala sizi davet ediyor. Gelenekleri ve teknolojik yenilikleri bulu\u015fturan \u0131\u015f\u0131k festivali ayn\u0131 zamanda Lyon&#8217;un en b&uuml;y&uuml;k etkinli\u011fi. D&uuml;nyan\u0131n d&ouml;rt bir yan\u0131ndan ziyaret&ccedil;iler \u015fehrin en g&uuml;zel yerlerini hareketlendiren bu g&ouml;rsel show&#8217;u seyretmeye geliyorlar. Benzersiz bir konsept ile her y\u0131l, farkl\u0131 bir tema &uuml;zerinde haz\u0131rlanan g&ouml;steriler sizi ger&ccedil;eklik alg\u0131s\u0131ndan uzakla\u015ft\u0131r\u0131yor. \u015eehrin tarihi binalar\u0131, meydanlar\u0131 ve an\u0131tlar\u0131 hava karard\u0131ktan sonra video, lazer, LED ve ses g&ouml;sterileriyle hareketleniyor.<br \/><strong><em>Ne zaman?<\/em> <\/strong>5-9 Aral\u0131k 2019<\/p>\n<p><strong>Polaris Festival Verbier, \u0130svi&ccedil;re&nbsp;<\/strong><\/p>\n<p style=\"text-align: center;\"><strong><img loading=\"lazy\" decoding=\"async\" class=\"alignnone size-full wp-image-3315\" src=\"https:\/\/www.julesverne.com.tr\/\/wp-content\/uploads\/2020\/09\/polaris_festival.jpg\" width=\"1280\" height=\"853\" alt=\"\" srcset=\"https:\/\/julesverne.com.tr\/wp-content\/uploads\/2020\/09\/polaris_festival.jpg 1280w, https:\/\/julesverne.com.tr\/wp-content\/uploads\/2020\/09\/polaris_festival-500x333.jpg 500w, https:\/\/julesverne.com.tr\/wp-content\/uploads\/2020\/09\/polaris_festival-768x512.jpg 768w\" sizes=\"(max-width: 1280px) 100vw, 1280px\" \/><\/strong><\/p>\n<p>2200 metre y&uuml;kseklikte, karlarla kapl\u0131 bir kayak merkezi ve elektronik m&uuml;zi\u011fin &ouml;nde gelen isimleri&#8230; \u0130kisini ayn\u0131 anda bulmak zor diyorsan\u0131z sizi \u0130svi&ccedil;re&#8217;nin &uuml;nl&uuml; kayak merkezi Verbier&#8217;e alal\u0131m! Kayak pistlerinin ortas\u0131nda &ouml;\u011fleden sonra ba\u015flayan ve gece yar\u0131s\u0131na kadar devam eden festival 4 g&uuml;n boyunca elektronik m&uuml;zi\u011fin en iyilerini Verbier&#8217;in p&uuml;r&uuml;zs&uuml;z pistlerinin ortas\u0131nda a\u011f\u0131rl\u0131yor. E\u011fer, hem kayak tutkunu hem de elektronik m&uuml;zik tutkunuysan\u0131z bu festivali ka&ccedil;\u0131rmay\u0131n!<br \/><em><strong>Ne zaman?<\/strong><\/em> 28 Kas\u0131m &#8211; 1 Aral\u0131k 2019<\/p>\n<p><strong>Winter Festival of Lights Niagara Falls, Kanada&nbsp;<\/strong><\/p>\n<p style=\"text-align: center;\"><strong><img loading=\"lazy\" decoding=\"async\" class=\"alignnone size-full wp-image-3316\" src=\"https:\/\/www.julesverne.com.tr\/\/wp-content\/uploads\/2020\/09\/niagarafest.jpg\" width=\"1000\" height=\"665\" alt=\"\" srcset=\"https:\/\/julesverne.com.tr\/wp-content\/uploads\/2020\/09\/niagarafest.jpg 1000w, https:\/\/julesverne.com.tr\/wp-content\/uploads\/2020\/09\/niagarafest-500x333.jpg 500w, https:\/\/julesverne.com.tr\/wp-content\/uploads\/2020\/09\/niagarafest-768x511.jpg 768w\" sizes=\"(max-width: 1000px) 100vw, 1000px\" \/><\/strong><\/p>\n<p>Niagara \u015eelaleri ba\u015fl\u0131 ba\u015f\u0131na do\u011fan\u0131n en b&uuml;y&uuml;leyici olu\u015fumlar\u0131ndan biri. \u015eelalere yakla\u015ft\u0131\u011f\u0131n\u0131zda hissetti\u011finiz sonsuzluk ve &ouml;zg&uuml;rl&uuml;k duygusu k\u0131\u015f aylar\u0131nda yerini g&ouml;rkemli bir festivalin heyecan\u0131na b\u0131rak\u0131yor. Yakla\u015f\u0131k3 ay devam eden Niagara I\u015f\u0131k festivali havai fi\u015fekler, animasyonlu \u0131\u015f\u0131k g&ouml;sterileri ile fantastik bir d&uuml;nya yarat\u0131yor.&nbsp; Queen Victoria Park ve Dufferin Islands boyunca devam eden festivalin di\u011fer &ccedil;ekim noktalar\u0131 ise Clifton Hill, the Victoria Centre, Fallsview Boulevard, Lundy&rsquo;s Lane gibi turistik olarak da ilgi &ccedil;eken yerler oluyor.<br \/><strong><em>Ne zaman?<\/em> <\/strong>16 Kas\u0131m 2019- 12 Ocak 2020<\/p>\n<p><strong>Quebec Winter Carnival, Kanada<\/strong><\/p>\n<p style=\"text-align: center;\"><strong><img loading=\"lazy\" decoding=\"async\" class=\"alignnone size-full wp-image-3317\" src=\"https:\/\/www.julesverne.com.tr\/\/wp-content\/uploads\/2020\/09\/quebec.jpg\" width=\"1280\" height=\"802\" alt=\"\" srcset=\"https:\/\/julesverne.com.tr\/wp-content\/uploads\/2020\/09\/quebec.jpg 1280w, https:\/\/julesverne.com.tr\/wp-content\/uploads\/2020\/09\/quebec-500x313.jpg 500w, https:\/\/julesverne.com.tr\/wp-content\/uploads\/2020\/09\/quebec-768x481.jpg 768w\" sizes=\"(max-width: 1280px) 100vw, 1280px\" \/><\/strong><\/p>\n<p>K\u0131\u015f mevsimi Kanadal\u0131lar i&ccedil;in k\u0131sa bir heyecan de\u011fil uzun s&uuml;ren bir \u015f&ouml;len tad\u0131nda kar\u015f\u0131lan\u0131yor. Durum b&ouml;yle olunca, d&uuml;nyan\u0131n en haval\u0131 k\u0131\u015f festivallerinden birinin de bu &uuml;lkede ger&ccedil;ekle\u015fmesi s&uuml;rpriz de\u011fil! Kardan adam sembol&uuml;yle bilinen Quebec Winter Festival, kardam adam maskotu Bonhomme ile \u015fehre adeta enerji y&uuml;kl&uuml;yor. Buzdan heykeller, buz kanolar\u0131, ge&ccedil;it t&ouml;renleri ile so\u011fu\u011fa ald\u0131r\u0131\u015f etmeden \u015fehrin en g&uuml;zel k&ouml;\u015felerinin tad\u0131n\u0131 &ccedil;\u0131kar\u0131n. <br \/><strong><em>Ne zaman?<\/em><\/strong> 7-16 \u015eubat 2020<\/p>\n<p><strong>Carnival of Venice, \u0130talya&nbsp;<\/strong><\/p>\n<p style=\"text-align: center;\"><strong><img loading=\"lazy\" decoding=\"async\" class=\"alignnone size-full wp-image-3318\" src=\"https:\/\/www.julesverne.com.tr\/\/wp-content\/uploads\/2020\/09\/venezia2.jpg\" width=\"999\" height=\"666\" alt=\"\" srcset=\"https:\/\/julesverne.com.tr\/wp-content\/uploads\/2020\/09\/venezia2.jpg 999w, https:\/\/julesverne.com.tr\/wp-content\/uploads\/2020\/09\/venezia2-500x333.jpg 500w, https:\/\/julesverne.com.tr\/wp-content\/uploads\/2020\/09\/venezia2-768x512.jpg 768w\" sizes=\"(max-width: 999px) 100vw, 999px\" \/><\/strong><\/p>\n<p>&#8220;Hayatta mutlaka g&ouml;r&uuml;lmesi gereken yerler&#8221; listesi gibi &#8220;festivaller listesi&#8221; yapacak olsayd\u0131k Venedik Karnaval\u0131 bu listenin birinci s\u0131ras\u0131nda yer al\u0131rd\u0131 hi&ccedil; ku\u015fkusuz. Y&uuml;zy\u0131llard\u0131r devam eden bir gelenek olan Venedik Karnaval\u0131 ihti\u015faml\u0131 Venedik saraylar\u0131 ve kanallarla ayr\u0131lan \u015fehirde zamanda yolculu\u011fa &ccedil;\u0131kar\u0131yor sizleri. G&ouml;steri\u015fli kost&uuml;mlerle ve her biri sanat eseri gibi duran maskelerle sokakta arz-\u0131 endam eden festival kat\u0131l\u0131mc\u0131lar\u0131 sizi, bir fantastik kurgunun i&ccedil;ine &ccedil;ekiyor. \u015eehir karnaval s&uuml;resinde yo\u011fun ilgi g&ouml;rse de kafede kahvenizi yudumlarken bile bu \u0131\u015f\u0131lt\u0131l\u0131 manzaralara denk gelme zevkinden mahrum kalmay\u0131n.<br \/><strong><em>Ne zaman?<\/em><\/strong> 8-25 \u015eubat 2020<\/p>\n<p><strong>Carnival in Rio de Janeiro, Brezilya<\/strong><\/p>\n<p style=\"text-align: center;\"><strong><img loading=\"lazy\" decoding=\"async\" class=\"alignnone size-full wp-image-3319\" src=\"https:\/\/www.julesverne.com.tr\/\/wp-content\/uploads\/2020\/09\/rio.jpg\" width=\"900\" height=\"506\" alt=\"\" srcset=\"https:\/\/julesverne.com.tr\/wp-content\/uploads\/2020\/09\/rio.jpg 900w, https:\/\/julesverne.com.tr\/wp-content\/uploads\/2020\/09\/rio-500x281.jpg 500w, https:\/\/julesverne.com.tr\/wp-content\/uploads\/2020\/09\/rio-768x432.jpg 768w, https:\/\/julesverne.com.tr\/wp-content\/uploads\/2020\/09\/rio-400x225.jpg 400w\" sizes=\"(max-width: 900px) 100vw, 900px\" \/><\/strong><\/p>\n<p>&#8220;D&uuml;nyada kat\u0131lman\u0131z gereken festivaller&#8221; listesinde Venedik Karnaval\u0131 kadar vazge&ccedil;ilmez olan elbette Rio Karnaval\u0131. Brezilya&#8217;n\u0131n en b&uuml;y&uuml;k kutlamas\u0131 olan ve d&uuml;nyan\u0131n en b&uuml;y&uuml;k festivali olarak kabul g&ouml;ren Rio Karnaval\u0131, 6,5 milyonluk bir \u015fehri dev bir parti adas\u0131na d&ouml;n&uuml;\u015ft&uuml;r&uuml;yor. Ritmin, e\u011flencenin, dans\u0131n, yarat\u0131c\u0131l\u0131\u011f\u0131n hi&ccedil; bitmedi\u011fi festivali anlamak i&ccedil;in yerinde ya\u015famak gerek!<br \/><em><strong>Ne zaman?<\/strong><\/em> 21-26 \u015eubat 2020<\/p>\n<p><strong>Sapporo Snow Festival, Japonya&nbsp;<\/strong><\/p>\n<p style=\"text-align: center;\"><strong><img loading=\"lazy\" decoding=\"async\" class=\"alignnone size-full wp-image-3320\" src=\"https:\/\/www.julesverne.com.tr\/\/wp-content\/uploads\/2020\/09\/sapporofest.jpg\" width=\"1100\" height=\"619\" alt=\"\" srcset=\"https:\/\/julesverne.com.tr\/wp-content\/uploads\/2020\/09\/sapporofest.jpg 1100w, https:\/\/julesverne.com.tr\/wp-content\/uploads\/2020\/09\/sapporofest-500x281.jpg 500w, https:\/\/julesverne.com.tr\/wp-content\/uploads\/2020\/09\/sapporofest-768x432.jpg 768w, https:\/\/julesverne.com.tr\/wp-content\/uploads\/2020\/09\/sapporofest-400x225.jpg 400w\" sizes=\"(max-width: 1100px) 100vw, 1100px\" \/><\/strong><\/p>\n<p>Bu y\u0131l 70. kez d&uuml;zenlenecek olan Sapporo Snow Festival, k\u0131\u015f mevsiminde hayal edilebilecek en fantastik festivallerin ba\u015f\u0131nda geliyor. Japonya&#8217;n\u0131n en b&uuml;y&uuml;k k\u0131\u015f festivallerinden olan festival ortalama 2 milyon ziyaret&ccedil;iyi a\u011f\u0131rl\u0131yor. \u015eehrin &uuml;&ccedil; farkl\u0131 alan\u0131nda devam eden festivalde etkileyici buz heykellerini g&ouml;rmek m&uuml;mk&uuml;n. Devasa heykeller kadar daha k&uuml;&ccedil;&uuml;k &ouml;l&ccedil;ekli, ince i\u015flenmi\u015f heykeller de dikkat &ccedil;ekiyor. Heykeller kadar festivalde d&uuml;zenlenen konserler ve etkinlikler de heyecan kat\u0131yor. Japonya&#8217;n\u0131n be\u015finci b&uuml;y&uuml;k kenti olan Sapporo, Amerika&#8217;y\u0131 and\u0131ran \u015fehir d&uuml;zeniyle de ayr\u0131ca ke\u015ffetmeye de\u011fer.<br \/><em><strong>Ne zaman?<\/strong><\/em> 31 Ocak &#8211; 11 \u015eubat 2020<\/p>\n<p><strong>Dutch Ice Sculpture Festival Zwolle, Hollanda<\/strong><\/p>\n<p style=\"text-align: center;\"><strong><img loading=\"lazy\" decoding=\"async\" class=\"alignnone size-full wp-image-3321\" src=\"https:\/\/www.julesverne.com.tr\/\/wp-content\/uploads\/2020\/09\/Dutch_Ice_Sculpture_Festival_Zwolle.jpg\" width=\"1280\" height=\"848\" alt=\"\" srcset=\"https:\/\/julesverne.com.tr\/wp-content\/uploads\/2020\/09\/Dutch_Ice_Sculpture_Festival_Zwolle.jpg 1280w, https:\/\/julesverne.com.tr\/wp-content\/uploads\/2020\/09\/Dutch_Ice_Sculpture_Festival_Zwolle-500x331.jpg 500w, https:\/\/julesverne.com.tr\/wp-content\/uploads\/2020\/09\/Dutch_Ice_Sculpture_Festival_Zwolle-768x509.jpg 768w\" sizes=\"(max-width: 1280px) 100vw, 1280px\" \/><\/strong><\/p>\n<p>Avrupa&#8217;n\u0131n en b&uuml;y&uuml;k buz heykel festivali olan Dutch Ice Sculpture Festival, Zwolle \u015fehrini bir masal \u015fehrine &ccedil;eviriyor. D&uuml;nyan\u0131n farkl\u0131 noktalar\u0131ndan gelen buz sanat&ccedil;\u0131lar\u0131 275.000 kg buz ve kardan mucizeler yarat\u0131yor. &#8220;Zamanda yolculuk&#8221; temas\u0131 ile yarat\u0131lan buz heykelleri sizi ger&ccedil;ekten fantastik bir yolcuu\u011fa g&ouml;t&uuml;r&uuml;yor. Festival, \u015fehrin b&uuml;y&uuml;k etkinlik alan\u0131 IJsselhallen&#8217;da d&uuml;zenleniyor.<br \/><em><strong>Ne zaman?<\/strong><\/em> 14 Aral\u0131k 2019 &#8211; 1 Mart 2020<\/p>\n<p><strong>Tomorrowland Winter, Alpe D&rsquo;Huez \/ Fransa&nbsp;<\/strong><\/p>\n<p style=\"text-align: center;\"><strong><img loading=\"lazy\" decoding=\"async\" class=\"alignnone size-full wp-image-3322\" src=\"https:\/\/www.julesverne.com.tr\/\/wp-content\/uploads\/2020\/09\/TomorrowlandWinter.jpg\" width=\"1280\" height=\"853\" alt=\"\" srcset=\"https:\/\/julesverne.com.tr\/wp-content\/uploads\/2020\/09\/TomorrowlandWinter.jpg 1280w, https:\/\/julesverne.com.tr\/wp-content\/uploads\/2020\/09\/TomorrowlandWinter-500x333.jpg 500w, https:\/\/julesverne.com.tr\/wp-content\/uploads\/2020\/09\/TomorrowlandWinter-768x512.jpg 768w\" sizes=\"(max-width: 1280px) 100vw, 1280px\" \/><\/strong><\/p>\n<p>Dekoru, sahneleri ve sanat&ccedil;\u0131lar\u0131yla y\u0131llard\u0131r d&uuml;nyan\u0131n en merak edilen ve sevilen festivali olan Tomorrowland&#8217;in yaz b&ouml;l&uuml;m&uuml;n&uuml; ka&ccedil;\u0131rd\u0131ysan\u0131z &uuml;z&uuml;lmeyin &ccedil;&uuml;nk&uuml; art\u0131k Tomorrowland Winter ile k\u0131\u015f aylar\u0131 bile yaza d&ouml;n&uuml;yor! Fransa&#8217;n\u0131n g&ouml;zde kayak merkezlerinden biri olan Alpe D&#8217;Huez kasabas\u0131nda d&uuml;zenlenen festival bu y\u0131l yakla\u015f\u0131k 25.000 ki\u015fiyi a\u011f\u0131rlayacak. Kayak, m&uuml;zik ve partilerle dolu olan festivalin sahneleri ve g&ouml;rsel showlar\u0131 yine sizi b&uuml;y&uuml;leyecek.<br \/><em><strong>Ne zaman?<\/strong> <\/em>14-21 Mart 2020<\/p>\n<p style=\"text-align: center;\"><strong>Size &ouml;zel seyahat program\u0131 ve rezervasyon i&ccedil;in:<\/strong><br \/><a href=\"mailto:travel@julesverne.com.tr\" target=\"_blank\" rel=\"noopener noreferrer\"><strong>travel@julesverne.com.tr<\/strong><\/a><br \/><strong>0212 266 6363 &#8211; 179<\/strong><\/p>\n<\/p>\n<p><\/p>","protected":false},"excerpt":{"rendered":"<p>Buzdan yap\u0131lan heykeller, kar festivalleri, m&uuml;zik festivalleri, \u0131\u015f\u0131k festivalleri ile dolu bir y\u0131la haz\u0131r m\u0131s\u0131n\u0131z? Bu y\u0131l ka&ccedil;\u0131rmak istemeyece\u011finiz k\u0131\u015f festivalleri&#8230;<\/p>\n","protected":false},"author":1,"featured_media":2186,"comment_status":"closed","ping_status":"closed","sticky":false,"template":"","format":"standard","meta":{"inline_featured_image":false,"footnotes":""},"categories":[1],"tags":[],"acf":[],"yoast_head":"<!-- This site is optimized with the Yoast SEO plugin v22.3 - https:\/\/yoast.com\/wordpress\/plugins\/seo\/ -->\n<title>Bu Y\u0131l Ka\u00e7\u0131rmak \u0130stemeyece\u011finiz K\u0131\u015f Festivalleri - JULES VERNE BUSINESS MICE TRAVEL<\/title>\n<meta name=\"description\" content=\"Sapporo&#039;dan Amsterdam&#039;a, Verbier&#039;den T\u00fcbingen&#039;e, Rio de Janeiro&#039;dan Lyon&#039;a uzanan bu y\u0131l ka\u00e7\u0131rmak istemeyece\u011finiz k\u0131\u015f festivalleri...\" \/>\n<meta name=\"robots\" content=\"index, follow, max-snippet:-1, max-image-preview:large, max-video-preview:-1\" \/>\n<link rel=\"canonical\" href=\"https:\/\/julesverne.com.tr\/travel-blog\/bu-yil-kacirmak-istemeyeceginiz-kis-festivalleri\/\" \/>\n<meta property=\"og:locale\" content=\"en_US\" \/>\n<meta property=\"og:type\" content=\"article\" \/>\n<meta property=\"og:title\" content=\"Bu Y\u0131l Ka\u00e7\u0131rmak \u0130stemeyece\u011finiz K\u0131\u015f Festivalleri - JULES VERNE BUSINESS MICE TRAVEL\" \/>\n<meta property=\"og:description\" content=\"Sapporo&#039;dan Amsterdam&#039;a, Verbier&#039;den T\u00fcbingen&#039;e, Rio de Janeiro&#039;dan Lyon&#039;a uzanan bu y\u0131l ka\u00e7\u0131rmak istemeyece\u011finiz k\u0131\u015f festivalleri...\" \/>\n<meta property=\"og:url\" content=\"https:\/\/julesverne.com.tr\/travel-blog\/bu-yil-kacirmak-istemeyeceginiz-kis-festivalleri\/\" \/>\n<meta property=\"og:site_name\" content=\"JULES VERNE BUSINESS MICE TRAVEL\" \/>\n<meta property=\"article:publisher\" content=\"https:\/\/www.facebook.com\/JulesVerneBusinessMiceTravel\/\" \/>\n<meta property=\"article:published_time\" content=\"2019-11-07T14:45:29+00:00\" \/>\n<meta property=\"article:modified_time\" content=\"2024-03-22T11:09:58+00:00\" \/>\n<meta property=\"og:image\" content=\"https:\/\/julesverne.com.tr\/wp-content\/uploads\/2020\/09\/Tomorrowland-2019-Winter-scaled.jpg\" \/>\n\t<meta property=\"og:image:width\" content=\"1600\" \/>\n\t<meta property=\"og:image:height\" content=\"1066\" \/>\n\t<meta property=\"og:image:type\" content=\"image\/jpeg\" \/>\n<meta name=\"author\" content=\"fikirman\" \/>\n<meta name=\"twitter:card\" content=\"summary_large_image\" \/>\n<meta name=\"twitter:creator\" content=\"@JV_BusinessMice\" \/>\n<meta name=\"twitter:site\" content=\"@JV_BusinessMice\" \/>\n<meta name=\"twitter:label1\" content=\"Written by\" \/>\n\t<meta name=\"twitter:data1\" content=\"fikirman\" \/>\n\t<meta name=\"twitter:label2\" content=\"Est. reading time\" \/>\n\t<meta name=\"twitter:data2\" content=\"8 minutes\" \/>\n<script type=\"application\/ld+json\" class=\"yoast-schema-graph\">{\"@context\":\"https:\/\/schema.org\",\"@graph\":[{\"@type\":\"Article\",\"@id\":\"https:\/\/julesverne.com.tr\/travel-blog\/bu-yil-kacirmak-istemeyeceginiz-kis-festivalleri\/#article\",\"isPartOf\":{\"@id\":\"https:\/\/julesverne.com.tr\/travel-blog\/bu-yil-kacirmak-istemeyeceginiz-kis-festivalleri\/\"},\"author\":{\"name\":\"fikirman\",\"@id\":\"https:\/\/julesverne.com.tr\/#\/schema\/person\/f4eb0514ae455538644c31b99a466fdb\"},\"headline\":\"Bu Y\u0131l Ka\u00e7\u0131rmak \u0130stemeyece\u011finiz K\u0131\u015f Festivalleri\",\"datePublished\":\"2019-11-07T14:45:29+00:00\",\"dateModified\":\"2024-03-22T11:09:58+00:00\",\"mainEntityOfPage\":{\"@id\":\"https:\/\/julesverne.com.tr\/travel-blog\/bu-yil-kacirmak-istemeyeceginiz-kis-festivalleri\/\"},\"wordCount\":2360,\"publisher\":{\"@id\":\"https:\/\/julesverne.com.tr\/#organization\"},\"image\":{\"@id\":\"https:\/\/julesverne.com.tr\/travel-blog\/bu-yil-kacirmak-istemeyeceginiz-kis-festivalleri\/#primaryimage\"},\"thumbnailUrl\":\"https:\/\/julesverne.com.tr\/wp-content\/uploads\/2020\/09\/Tomorrowland-2019-Winter-scaled.jpg\",\"articleSection\":[\"Blog\"],\"inLanguage\":\"en-US\"},{\"@type\":\"WebPage\",\"@id\":\"https:\/\/julesverne.com.tr\/travel-blog\/bu-yil-kacirmak-istemeyeceginiz-kis-festivalleri\/\",\"url\":\"https:\/\/julesverne.com.tr\/travel-blog\/bu-yil-kacirmak-istemeyeceginiz-kis-festivalleri\/\",\"name\":\"Bu Y\u0131l Ka\u00e7\u0131rmak \u0130stemeyece\u011finiz K\u0131\u015f Festivalleri - JULES VERNE BUSINESS MICE TRAVEL\",\"isPartOf\":{\"@id\":\"https:\/\/julesverne.com.tr\/#website\"},\"primaryImageOfPage\":{\"@id\":\"https:\/\/julesverne.com.tr\/travel-blog\/bu-yil-kacirmak-istemeyeceginiz-kis-festivalleri\/#primaryimage\"},\"image\":{\"@id\":\"https:\/\/julesverne.com.tr\/travel-blog\/bu-yil-kacirmak-istemeyeceginiz-kis-festivalleri\/#primaryimage\"},\"thumbnailUrl\":\"https:\/\/julesverne.com.tr\/wp-content\/uploads\/2020\/09\/Tomorrowland-2019-Winter-scaled.jpg\",\"datePublished\":\"2019-11-07T14:45:29+00:00\",\"dateModified\":\"2024-03-22T11:09:58+00:00\",\"description\":\"Sapporo'dan Amsterdam'a, Verbier'den T\u00fcbingen'e, Rio de Janeiro'dan Lyon'a uzanan bu y\u0131l ka\u00e7\u0131rmak istemeyece\u011finiz k\u0131\u015f festivalleri...\",\"breadcrumb\":{\"@id\":\"https:\/\/julesverne.com.tr\/travel-blog\/bu-yil-kacirmak-istemeyeceginiz-kis-festivalleri\/#breadcrumb\"},\"inLanguage\":\"en-US\",\"potentialAction\":[{\"@type\":\"ReadAction\",\"target\":[\"https:\/\/julesverne.com.tr\/travel-blog\/bu-yil-kacirmak-istemeyeceginiz-kis-festivalleri\/\"]}]},{\"@type\":\"ImageObject\",\"inLanguage\":\"en-US\",\"@id\":\"https:\/\/julesverne.com.tr\/travel-blog\/bu-yil-kacirmak-istemeyeceginiz-kis-festivalleri\/#primaryimage\",\"url\":\"https:\/\/julesverne.com.tr\/wp-content\/uploads\/2020\/09\/Tomorrowland-2019-Winter-scaled.jpg\",\"contentUrl\":\"https:\/\/julesverne.com.tr\/wp-content\/uploads\/2020\/09\/Tomorrowland-2019-Winter-scaled.jpg\",\"width\":1600,\"height\":1066},{\"@type\":\"BreadcrumbList\",\"@id\":\"https:\/\/julesverne.com.tr\/travel-blog\/bu-yil-kacirmak-istemeyeceginiz-kis-festivalleri\/#breadcrumb\",\"itemListElement\":[{\"@type\":\"ListItem\",\"position\":1,\"name\":\"Anasayfa\",\"item\":\"https:\/\/julesverne.com.tr\/\"},{\"@type\":\"ListItem\",\"position\":2,\"name\":\"Bu Y\u0131l Ka\u00e7\u0131rmak \u0130stemeyece\u011finiz K\u0131\u015f Festivalleri\"}]},{\"@type\":\"WebSite\",\"@id\":\"https:\/\/julesverne.com.tr\/#website\",\"url\":\"https:\/\/julesverne.com.tr\/\",\"name\":\"JULES VERNE BUSINESS MICE TRAVEL\",\"description\":\"\",\"publisher\":{\"@id\":\"https:\/\/julesverne.com.tr\/#organization\"},\"potentialAction\":[{\"@type\":\"SearchAction\",\"target\":{\"@type\":\"EntryPoint\",\"urlTemplate\":\"https:\/\/julesverne.com.tr\/?s={search_term_string}\"},\"query-input\":\"required name=search_term_string\"}],\"inLanguage\":\"en-US\"},{\"@type\":\"Organization\",\"@id\":\"https:\/\/julesverne.com.tr\/#organization\",\"name\":\"JULES VERNE BUSINESS MICE TRAVEL\",\"url\":\"https:\/\/julesverne.com.tr\/\",\"logo\":{\"@type\":\"ImageObject\",\"inLanguage\":\"en-US\",\"@id\":\"https:\/\/julesverne.com.tr\/#\/schema\/logo\/image\/\",\"url\":\"https:\/\/julesverne.com.tr\/wp-content\/uploads\/2020\/09\/jv-bmt-logo.png\",\"contentUrl\":\"https:\/\/julesverne.com.tr\/wp-content\/uploads\/2020\/09\/jv-bmt-logo.png\",\"width\":110,\"height\":81,\"caption\":\"JULES VERNE BUSINESS MICE TRAVEL\"},\"image\":{\"@id\":\"https:\/\/julesverne.com.tr\/#\/schema\/logo\/image\/\"},\"sameAs\":[\"https:\/\/www.facebook.com\/JulesVerneBusinessMiceTravel\/\",\"https:\/\/twitter.com\/JV_BusinessMice\",\"https:\/\/www.instagram.com\/julesvernebusinessmicetravel\/\",\"https:\/\/www.linkedin.com\/company\/julesvernebusinessmicetravel\/\",\"https:\/\/www.youtube.com\/channel\/UCAwdsmbZ6tFhu1tea6pkpiw\"]},{\"@type\":\"Person\",\"@id\":\"https:\/\/julesverne.com.tr\/#\/schema\/person\/f4eb0514ae455538644c31b99a466fdb\",\"name\":\"fikirman\",\"sameAs\":[\"http:\/\/advermedya.net\/julesverne\"],\"url\":\"https:\/\/julesverne.com.tr\/en\/author\/fikirman\/\"}]}<\/script>\n<!-- \/ Yoast SEO plugin. -->","yoast_head_json":{"title":"Bu Y\u0131l Ka\u00e7\u0131rmak \u0130stemeyece\u011finiz K\u0131\u015f Festivalleri - JULES VERNE BUSINESS MICE TRAVEL","description":"Sapporo'dan Amsterdam'a, Verbier'den T\u00fcbingen'e, Rio de Janeiro'dan Lyon'a uzanan bu y\u0131l ka\u00e7\u0131rmak istemeyece\u011finiz k\u0131\u015f festivalleri...","robots":{"index":"index","follow":"follow","max-snippet":"max-snippet:-1","max-image-preview":"max-image-preview:large","max-video-preview":"max-video-preview:-1"},"canonical":"https:\/\/julesverne.com.tr\/travel-blog\/bu-yil-kacirmak-istemeyeceginiz-kis-festivalleri\/","og_locale":"en_US","og_type":"article","og_title":"Bu Y\u0131l Ka\u00e7\u0131rmak \u0130stemeyece\u011finiz K\u0131\u015f Festivalleri - JULES VERNE BUSINESS MICE TRAVEL","og_description":"Sapporo'dan Amsterdam'a, Verbier'den T\u00fcbingen'e, Rio de Janeiro'dan Lyon'a uzanan bu y\u0131l ka\u00e7\u0131rmak istemeyece\u011finiz k\u0131\u015f festivalleri...","og_url":"https:\/\/julesverne.com.tr\/travel-blog\/bu-yil-kacirmak-istemeyeceginiz-kis-festivalleri\/","og_site_name":"JULES VERNE BUSINESS MICE TRAVEL","article_publisher":"https:\/\/www.facebook.com\/JulesVerneBusinessMiceTravel\/","article_published_time":"2019-11-07T14:45:29+00:00","article_modified_time":"2024-03-22T11:09:58+00:00","og_image":[{"width":1600,"height":1066,"url":"https:\/\/julesverne.com.tr\/wp-content\/uploads\/2020\/09\/Tomorrowland-2019-Winter-scaled.jpg","type":"image\/jpeg"}],"author":"fikirman","twitter_card":"summary_large_image","twitter_creator":"@JV_BusinessMice","twitter_site":"@JV_BusinessMice","twitter_misc":{"Written by":"fikirman","Est. reading time":"8 minutes"},"schema":{"@context":"https:\/\/schema.org","@graph":[{"@type":"Article","@id":"https:\/\/julesverne.com.tr\/travel-blog\/bu-yil-kacirmak-istemeyeceginiz-kis-festivalleri\/#article","isPartOf":{"@id":"https:\/\/julesverne.com.tr\/travel-blog\/bu-yil-kacirmak-istemeyeceginiz-kis-festivalleri\/"},"author":{"name":"fikirman","@id":"https:\/\/julesverne.com.tr\/#\/schema\/person\/f4eb0514ae455538644c31b99a466fdb"},"headline":"Bu Y\u0131l Ka\u00e7\u0131rmak \u0130stemeyece\u011finiz K\u0131\u015f Festivalleri","datePublished":"2019-11-07T14:45:29+00:00","dateModified":"2024-03-22T11:09:58+00:00","mainEntityOfPage":{"@id":"https:\/\/julesverne.com.tr\/travel-blog\/bu-yil-kacirmak-istemeyeceginiz-kis-festivalleri\/"},"wordCount":2360,"publisher":{"@id":"https:\/\/julesverne.com.tr\/#organization"},"image":{"@id":"https:\/\/julesverne.com.tr\/travel-blog\/bu-yil-kacirmak-istemeyeceginiz-kis-festivalleri\/#primaryimage"},"thumbnailUrl":"https:\/\/julesverne.com.tr\/wp-content\/uploads\/2020\/09\/Tomorrowland-2019-Winter-scaled.jpg","articleSection":["Blog"],"inLanguage":"en-US"},{"@type":"WebPage","@id":"https:\/\/julesverne.com.tr\/travel-blog\/bu-yil-kacirmak-istemeyeceginiz-kis-festivalleri\/","url":"https:\/\/julesverne.com.tr\/travel-blog\/bu-yil-kacirmak-istemeyeceginiz-kis-festivalleri\/","name":"Bu Y\u0131l Ka\u00e7\u0131rmak \u0130stemeyece\u011finiz K\u0131\u015f Festivalleri - JULES VERNE BUSINESS MICE TRAVEL","isPartOf":{"@id":"https:\/\/julesverne.com.tr\/#website"},"primaryImageOfPage":{"@id":"https:\/\/julesverne.com.tr\/travel-blog\/bu-yil-kacirmak-istemeyeceginiz-kis-festivalleri\/#primaryimage"},"image":{"@id":"https:\/\/julesverne.com.tr\/travel-blog\/bu-yil-kacirmak-istemeyeceginiz-kis-festivalleri\/#primaryimage"},"thumbnailUrl":"https:\/\/julesverne.com.tr\/wp-content\/uploads\/2020\/09\/Tomorrowland-2019-Winter-scaled.jpg","datePublished":"2019-11-07T14:45:29+00:00","dateModified":"2024-03-22T11:09:58+00:00","description":"Sapporo'dan Amsterdam'a, Verbier'den T\u00fcbingen'e, Rio de Janeiro'dan Lyon'a uzanan bu y\u0131l ka\u00e7\u0131rmak istemeyece\u011finiz k\u0131\u015f festivalleri...","breadcrumb":{"@id":"https:\/\/julesverne.com.tr\/travel-blog\/bu-yil-kacirmak-istemeyeceginiz-kis-festivalleri\/#breadcrumb"},"inLanguage":"en-US","potentialAction":[{"@type":"ReadAction","target":["https:\/\/julesverne.com.tr\/travel-blog\/bu-yil-kacirmak-istemeyeceginiz-kis-festivalleri\/"]}]},{"@type":"ImageObject","inLanguage":"en-US","@id":"https:\/\/julesverne.com.tr\/travel-blog\/bu-yil-kacirmak-istemeyeceginiz-kis-festivalleri\/#primaryimage","url":"https:\/\/julesverne.com.tr\/wp-content\/uploads\/2020\/09\/Tomorrowland-2019-Winter-scaled.jpg","contentUrl":"https:\/\/julesverne.com.tr\/wp-content\/uploads\/2020\/09\/Tomorrowland-2019-Winter-scaled.jpg","width":1600,"height":1066},{"@type":"BreadcrumbList","@id":"https:\/\/julesverne.com.tr\/travel-blog\/bu-yil-kacirmak-istemeyeceginiz-kis-festivalleri\/#breadcrumb","itemListElement":[{"@type":"ListItem","position":1,"name":"Anasayfa","item":"https:\/\/julesverne.com.tr\/"},{"@type":"ListItem","position":2,"name":"Bu Y\u0131l Ka\u00e7\u0131rmak \u0130stemeyece\u011finiz K\u0131\u015f Festivalleri"}]},{"@type":"WebSite","@id":"https:\/\/julesverne.com.tr\/#website","url":"https:\/\/julesverne.com.tr\/","name":"JULES VERNE BUSINESS MICE TRAVEL","description":"","publisher":{"@id":"https:\/\/julesverne.com.tr\/#organization"},"potentialAction":[{"@type":"SearchAction","target":{"@type":"EntryPoint","urlTemplate":"https:\/\/julesverne.com.tr\/?s={search_term_string}"},"query-input":"required name=search_term_string"}],"inLanguage":"en-US"},{"@type":"Organization","@id":"https:\/\/julesverne.com.tr\/#organization","name":"JULES VERNE BUSINESS MICE TRAVEL","url":"https:\/\/julesverne.com.tr\/","logo":{"@type":"ImageObject","inLanguage":"en-US","@id":"https:\/\/julesverne.com.tr\/#\/schema\/logo\/image\/","url":"https:\/\/julesverne.com.tr\/wp-content\/uploads\/2020\/09\/jv-bmt-logo.png","contentUrl":"https:\/\/julesverne.com.tr\/wp-content\/uploads\/2020\/09\/jv-bmt-logo.png","width":110,"height":81,"caption":"JULES VERNE BUSINESS MICE TRAVEL"},"image":{"@id":"https:\/\/julesverne.com.tr\/#\/schema\/logo\/image\/"},"sameAs":["https:\/\/www.facebook.com\/JulesVerneBusinessMiceTravel\/","https:\/\/twitter.com\/JV_BusinessMice","https:\/\/www.instagram.com\/julesvernebusinessmicetravel\/","https:\/\/www.linkedin.com\/company\/julesvernebusinessmicetravel\/","https:\/\/www.youtube.com\/channel\/UCAwdsmbZ6tFhu1tea6pkpiw"]},{"@type":"Person","@id":"https:\/\/julesverne.com.tr\/#\/schema\/person\/f4eb0514ae455538644c31b99a466fdb","name":"fikirman","sameAs":["http:\/\/advermedya.net\/julesverne"],"url":"https:\/\/julesverne.com.tr\/en\/author\/fikirman\/"}]}},"_links":{"self":[{"href":"https:\/\/julesverne.com.tr\/en\/wp-json\/wp\/v2\/posts\/2185"}],"collection":[{"href":"https:\/\/julesverne.com.tr\/en\/wp-json\/wp\/v2\/posts"}],"about":[{"href":"https:\/\/julesverne.com.tr\/en\/wp-json\/wp\/v2\/types\/post"}],"author":[{"embeddable":true,"href":"https:\/\/julesverne.com.tr\/en\/wp-json\/wp\/v2\/users\/1"}],"replies":[{"embeddable":true,"href":"https:\/\/julesverne.com.tr\/en\/wp-json\/wp\/v2\/comments?post=2185"}],"version-history":[{"count":1,"href":"https:\/\/julesverne.com.tr\/en\/wp-json\/wp\/v2\/posts\/2185\/revisions"}],"predecessor-version":[{"id":17018,"href":"https:\/\/julesverne.com.tr\/en\/wp-json\/wp\/v2\/posts\/2185\/revisions\/17018"}],"wp:featuredmedia":[{"embeddable":true,"href":"https:\/\/julesverne.com.tr\/en\/wp-json\/wp\/v2\/media\/2186"}],"wp:attachment":[{"href":"https:\/\/julesverne.com.tr\/en\/wp-json\/wp\/v2\/media?parent=2185"}],"wp:term":[{"taxonomy":"category","embeddable":true,"href":"https:\/\/julesverne.com.tr\/en\/wp-json\/wp\/v2\/categories?post=2185"},{"taxonomy":"post_tag","embeddable":true,"href":"https:\/\/julesverne.com.tr\/en\/wp-json\/wp\/v2\/tags?post=2185"}],"curies":[{"name":"wp","href":"https:\/\/api.w.org\/{rel}","templated":true}]}}