{"id":2183,"date":"2019-10-31T11:13:14","date_gmt":"2019-10-31T08:13:14","guid":{"rendered":"https:\/\/www.julesverne.com.tr\/\/blog\/kis-aylarinda-peri-masalina-donusen-sehirler\/"},"modified":"2024-03-21T17:24:08","modified_gmt":"2024-03-21T14:24:08","slug":"kis-aylarinda-peri-masalina-donusen-sehirler","status":"publish","type":"post","link":"https:\/\/julesverne.com.tr\/en\/travel-blog\/kis-aylarinda-peri-masalina-donusen-sehirler\/","title":{"rendered":"K\u0131\u015f Aylar\u0131nda Peri Masal\u0131na D\u00f6n\u00fc\u015fen \u015eehirler"},"content":{"rendered":"<p><\/p>\n<p><p style=\"text-align: center;\"><img loading=\"lazy\" decoding=\"async\" class=\"alignnone size-full wp-image-3324\" src=\"https:\/\/www.julesverne.com.tr\/\/wp-content\/uploads\/2020\/09\/tallinn-1-1.jpg\" width=\"999\" height=\"668\" alt=\"\" srcset=\"https:\/\/julesverne.com.tr\/wp-content\/uploads\/2020\/09\/tallinn-1-1.jpg 999w, https:\/\/julesverne.com.tr\/wp-content\/uploads\/2020\/09\/tallinn-1-1-500x334.jpg 500w, https:\/\/julesverne.com.tr\/wp-content\/uploads\/2020\/09\/tallinn-1-1-768x514.jpg 768w\" sizes=\"(max-width: 999px) 100vw, 999px\" \/><\/p>\n<p style=\"text-align: left;\">Gri g&ouml;ky&uuml;z&uuml; ve so\u011fuk havalar k\u0131\u015f mevsiminin bir y&uuml;z&uuml; ama g&ouml;zden ka&ccedil;an ise bu mevsimin baz\u0131 \u015fehirlere ne kadar &ccedil;ok yak\u0131\u015ft\u0131\u011f\u0131! Bu yaz\u0131m\u0131zda kar ya\u011f\u0131\u015f\u0131yla masals\u0131 bir g&ouml;r&uuml;n&uuml;m kazanan \u015fehirlerden bahsedelim. So\u011fuk havalar\u0131 masals\u0131 g&ouml;r&uuml;n&uuml;mleriyle \u0131s\u0131tan, k\u0131\u015f mevsiminin en &ccedil;ok yak\u0131\u015ft\u0131\u011f\u0131 \u015fehirleri sizin i&ccedil;in haz\u0131rlad\u0131k. Prag&#8217;dan Bruges&#8217;e, Tallinn&#8217;den Lapland&#8217;e k\u0131\u015f aylar\u0131nda peri masal\u0131na d&ouml;n&uuml;\u015fen \u015fehirler&hellip;<\/p>\n<p><strong>Villars, \u0130svi&ccedil;re<\/strong><\/p>\n<p style=\"text-align: center;\"><strong><img loading=\"lazy\" decoding=\"async\" class=\"alignnone size-full wp-image-3325\" src=\"https:\/\/www.julesverne.com.tr\/\/wp-content\/uploads\/2020\/09\/c_-Villars-town_3139001a-xxlarge.jpg\" width=\"858\" height=\"536\" alt=\"\" srcset=\"https:\/\/julesverne.com.tr\/wp-content\/uploads\/2020\/09\/c_-Villars-town_3139001a-xxlarge.jpg 858w, https:\/\/julesverne.com.tr\/wp-content\/uploads\/2020\/09\/c_-Villars-town_3139001a-xxlarge-500x312.jpg 500w, https:\/\/julesverne.com.tr\/wp-content\/uploads\/2020\/09\/c_-Villars-town_3139001a-xxlarge-768x480.jpg 768w\" sizes=\"(max-width: 858px) 100vw, 858px\" \/><\/strong><\/p>\n<p>Rhone Vadisi&#8217;nin g&uuml;ne\u015f g&ouml;ren g&uuml;ney yakas\u0131nda, 1300 metre y&uuml;kseklikte yer alan Villars, Mont Blanc zirvesi manzaras\u0131na bak\u0131yor. Geleneksel bir da\u011f k&ouml;y&uuml; olarak kurulan, Alp mimarisini yans\u0131tan kasaba karlara b&uuml;r&uuml;nd&uuml;\u011f&uuml;nde ise ortaya tablo gibi bir g&ouml;r&uuml;nt&uuml; &ccedil;\u0131k\u0131yor. \u0130ki k&uuml;&ccedil;&uuml;k kayak b&ouml;lgesini i&ccedil;eren ve toplamda 44 lift, 125 k uzunlu\u011funda pistleri olan Villars kayak sporu i&ccedil;in de uygun \u015fartlara sahip.<\/p>\n<p><strong>Kars, T&uuml;rkiye<\/strong><\/p>\n<p style=\"text-align: center;\"><strong><img loading=\"lazy\" decoding=\"async\" class=\"alignnone size-full wp-image-3326\" src=\"https:\/\/www.julesverne.com.tr\/\/wp-content\/uploads\/2020\/09\/ani.jpg\" width=\"999\" height=\"666\" alt=\"\" srcset=\"https:\/\/julesverne.com.tr\/wp-content\/uploads\/2020\/09\/ani.jpg 999w, https:\/\/julesverne.com.tr\/wp-content\/uploads\/2020\/09\/ani-500x333.jpg 500w, https:\/\/julesverne.com.tr\/wp-content\/uploads\/2020\/09\/ani-768x512.jpg 768w\" sizes=\"(max-width: 999px) 100vw, 999px\" \/><\/strong><\/p>\n<p>&#8220;Ger&ccedil;ek bir masal kahraman\u0131 nas\u0131l hisseder?&#8221; diye merak ediyorsan\u0131z bu k\u0131\u015f karlar\u0131n beyaz bir inciye &ccedil;evirdi\u011fi Kars&#8217;a &ccedil;evirin rotan\u0131z\u0131. Karlarla kapl\u0131 manzaralar bir \u015fehre ne kadar yak\u0131\u015f\u0131rsa o kadar yak\u0131\u015f\u0131yor Kars&#8217;a&#8230; Binlerce y\u0131ll\u0131k tarihin izlerini ta\u015f\u0131yan Kars&#8217;ta Urartular, Sel&ccedil;uklular, Ermeniler ve Osmanl\u0131lar D&ouml;nemi an\u0131lar\u0131n\u0131 ya\u015farken, Ani Harabeleri&#8217;ni beyaz &ouml;rt&uuml; alt\u0131nda ziyaret ederken zaman alg\u0131n\u0131z\u0131 kaybediyorsunuz.<\/p>\n<h4 style=\"text-align: center;\"><strong><a href=\"http:\/\/gezi.julesverne.com.tr\/geziler\/yurt-ici-ozel-gezilerimiz\/yeni-yila-kars-ta-merhaba\" target=\"_blank\" rel=\"noopener noreferrer\">Yeni Y\u0131la Kars&#8217;ta Merhaba<\/a><br \/><\/strong>30 Aral\u0131k 2019 &ndash; 01 Ocak 2020<\/h4>\n<p style=\"text-align: center;\"><strong><img loading=\"lazy\" decoding=\"async\" class=\"alignnone size-full wp-image-3327\" src=\"https:\/\/www.julesverne.com.tr\/\/wp-content\/uploads\/2020\/09\/karswinter.jpg\" width=\"999\" height=\"612\" alt=\"\" srcset=\"https:\/\/julesverne.com.tr\/wp-content\/uploads\/2020\/09\/karswinter.jpg 999w, https:\/\/julesverne.com.tr\/wp-content\/uploads\/2020\/09\/karswinter-500x306.jpg 500w, https:\/\/julesverne.com.tr\/wp-content\/uploads\/2020\/09\/karswinter-768x470.jpg 768w\" sizes=\"(max-width: 999px) 100vw, 999px\" \/><\/strong><\/p>\n<h4 style=\"text-align: left;\"><a href=\"http:\/\/gezi.julesverne.com.tr\/geziler\/yurt-ici-ozel-gezilerimiz\/yeni-yila-kars-ta-merhaba\" target=\"_blank\" rel=\"noopener noreferrer\"><strong>Y\u0131lba\u015f\u0131nda rotan\u0131z\u0131 &ccedil;ok farkl\u0131 bir deneyim ya\u015famak i&ccedil;in karlar krali&ccedil;esi Kars&rsquo;a &ccedil;evirmek ister misiniz?<\/strong><\/a><\/h4>\n<p><strong>Lofoten Adalar\u0131, Norve&ccedil;<\/strong><\/p>\n<p style=\"text-align: center;\"><strong><img loading=\"lazy\" decoding=\"async\" class=\"alignnone size-full wp-image-3328\" src=\"https:\/\/www.julesverne.com.tr\/\/wp-content\/uploads\/2020\/09\/lofoten.jpg\" width=\"951\" height=\"506\" alt=\"\" srcset=\"https:\/\/julesverne.com.tr\/wp-content\/uploads\/2020\/09\/lofoten.jpg 951w, https:\/\/julesverne.com.tr\/wp-content\/uploads\/2020\/09\/lofoten-500x266.jpg 500w, https:\/\/julesverne.com.tr\/wp-content\/uploads\/2020\/09\/lofoten-768x409.jpg 768w\" sizes=\"(max-width: 951px) 100vw, 951px\" \/><\/strong><\/p>\n<p>Norve&ccedil;&#8217;te, arktik dairenin &uuml;zerinde yer alan Lofoten Adalar\u0131 y\u0131l\u0131n her mevsiminde ba\u015fka bir g&uuml;zel! K\u0131\u015f aylar\u0131nda ise bu adalar bir harikalar diyar\u0131na d&ouml;n&uuml;\u015f&uuml;yor ve ke\u015ffedilmeye bekleyen adalar sakinli\u011fiyle size huzur veriyor. T&uuml;nel ve k&ouml;pr&uuml;lerle birbirine ba\u011fl\u0131 adalar zincirinden olu\u015fan Lofoten Adalar\u0131&#8217;n\u0131 k\u0131\u015f mevsiminde ziyaret etti\u011finizde sizi derin fiyortlar, karlarla kapl\u0131 sert tepeler, sevimli bal\u0131k&ccedil;\u0131 kasabalar\u0131n\u0131 &ouml;rten beyaz manzara kar\u015f\u0131layacak. Tabi bir de \u015fehir hayat\u0131ndan uzak olman\u0131n avantaj\u0131yla g&ouml;ky&uuml;z&uuml;n&uuml; t&uuml;m netli\u011fiyle g&ouml;recek ve Kuzey I\u015f\u0131klar\u0131n\u0131 seyretme \u015fans\u0131n\u0131 yakalayacaks\u0131n\u0131z.<\/p>\n<p><strong>Lapland, Finlandiya<\/strong><\/p>\n<p style=\"text-align: center;\"><strong><img loading=\"lazy\" decoding=\"async\" class=\"alignnone size-full wp-image-3329\" src=\"https:\/\/www.julesverne.com.tr\/\/wp-content\/uploads\/2020\/09\/lapland.jpg\" width=\"999\" height=\"666\" alt=\"\" srcset=\"https:\/\/julesverne.com.tr\/wp-content\/uploads\/2020\/09\/lapland.jpg 999w, https:\/\/julesverne.com.tr\/wp-content\/uploads\/2020\/09\/lapland-500x333.jpg 500w, https:\/\/julesverne.com.tr\/wp-content\/uploads\/2020\/09\/lapland-768x512.jpg 768w\" sizes=\"(max-width: 999px) 100vw, 999px\" \/><\/strong><\/p>\n<p>Y\u0131lba\u015f\u0131 yakla\u015f\u0131rken seyretti\u011finiz Noel temal\u0131 filmler kadar b&uuml;y&uuml;leyici, ger&ccedil;ek olamayacak kadar g&uuml;zel&hellip; Finlandiya s\u0131n\u0131rlar\u0131 i&ccedil;erisindeki Lapland B&ouml;lgesi sonu olmayan ormanl\u0131k alanlar\u0131 i&ccedil;erisinde kurulan &ccedil;evreye duyarl\u0131 da\u011f stili otelleri, g&ouml;ky&uuml;z&uuml;n&uuml; seyredebilece\u011finiz cam igloo&rsquo;lar\u0131, Kuzey I\u015f\u0131klar\u0131 ile k\u0131\u015f destinasyonlar\u0131 aras\u0131nda favorimiz. Ren geyi\u011fi safarisi, husky safarisi, kar motoru ile Kuzey I\u015f\u0131klar\u0131 av\u0131, Sami halk\u0131 ile zaman ge&ccedil;irme ancak filmlerde olur diyece\u011finiz deneyimlerden birka&ccedil;\u0131.<\/p>\n<p><strong>Tallinn, Estonya<\/strong><\/p>\n<p style=\"text-align: center;\"><strong><img loading=\"lazy\" decoding=\"async\" class=\"alignnone size-full wp-image-3330\" src=\"https:\/\/www.julesverne.com.tr\/\/wp-content\/uploads\/2020\/09\/tallinn-2.jpg\" width=\"999\" height=\"666\" alt=\"\" srcset=\"https:\/\/julesverne.com.tr\/wp-content\/uploads\/2020\/09\/tallinn-2.jpg 999w, https:\/\/julesverne.com.tr\/wp-content\/uploads\/2020\/09\/tallinn-2-500x333.jpg 500w, https:\/\/julesverne.com.tr\/wp-content\/uploads\/2020\/09\/tallinn-2-768x512.jpg 768w\" sizes=\"(max-width: 999px) 100vw, 999px\" \/><\/strong><\/p>\n<p>Finlandiya K&ouml;rfezi k\u0131y\u0131s\u0131nda yer alan Estonya&#8217;n\u0131n ba\u015fkenti Tallinn, &ccedil;at\u0131lar\u0131na kar d&uuml;\u015fmeye ba\u015flad\u0131\u011f\u0131 andan itibaren \u015fehri bir masal &uuml;lkesine d&ouml;n&uuml;\u015ft&uuml;r&uuml;yor. Tarihi \u015fehir meydan\u0131n\u0131n kuleleri, Arnavut kald\u0131r\u0131ml\u0131 sokaklar\u0131 beyazlar i&ccedil;erisinde harika bir manzara olu\u015fturuyor. Seyahatinizi bir de Noel pazar\u0131n\u0131n kuruldu\u011fu zamana denk getirirseniz kendinizi Disney World&#8217;de gibi hissedebilirsiniz. Orta &Ccedil;a\u011f&#8217;dan Sovyet D&ouml;nemi&#8217;ne uzanan tarihi sayesinde k&uuml;lt&uuml;rel, sanatsal ve mimari olarak \u015fehir farkl\u0131 bir&ccedil;ok g&uuml;zelli\u011fe kavu\u015fmu\u015f.<\/p>\n<p><strong>Prag, &Ccedil;ek Cumhuriyeti<\/strong><\/p>\n<p style=\"text-align: center;\"><strong><img loading=\"lazy\" decoding=\"async\" class=\"alignnone size-full wp-image-3331\" src=\"https:\/\/www.julesverne.com.tr\/\/wp-content\/uploads\/2020\/09\/pragwinter.jpg\" width=\"999\" height=\"666\" alt=\"\" srcset=\"https:\/\/julesverne.com.tr\/wp-content\/uploads\/2020\/09\/pragwinter.jpg 999w, https:\/\/julesverne.com.tr\/wp-content\/uploads\/2020\/09\/pragwinter-500x333.jpg 500w, https:\/\/julesverne.com.tr\/wp-content\/uploads\/2020\/09\/pragwinter-768x512.jpg 768w\" sizes=\"(max-width: 999px) 100vw, 999px\" \/><\/strong><\/p>\n<p>So\u011fu\u011fa ald\u0131r\u0131\u015f etmeden ger&ccedil;ek bir masal\u0131n i&ccedil;inde olmak istiyorsan\u0131z Prag bu listenin ba\u015f\u0131nda olmal\u0131. K\u0131\u015f mevsiminde turist yo\u011funlu\u011funun da ya\u015fanmad\u0131\u011f\u0131 Prag&#8217;\u0131n tarihi sokaklar\u0131n\u0131 ke\u015ffetmenin tam zaman\u0131! Tarihi binalar\u0131yla &uuml;nl&uuml; olan Prag&#8217;\u0131n k\u0131rm\u0131z\u0131 kiremitli &ccedil;at\u0131lar\u0131 beyaza b&uuml;r&uuml;nd&uuml;\u011f&uuml;nde tablo gibi bir manzara &ccedil;\u0131k\u0131yor ortaya. Tarihi \u015fehir merkezini renklendiren Noel \u0131\u015f\u0131klar\u0131, kurulan Noel pazarlar\u0131 ile so\u011fukta i&ccedil;inizi \u0131s\u0131tan g&ouml;r&uuml;nt&uuml;ler sunuyor. Prag&#8217;da en g&uuml;zel k\u0131\u015f panoramas\u0131n\u0131 seyretmek i&ccedil;in Prag Kalesi&#8217;ne veya Letn&aacute; Beer Bah&ccedil;eleri&#8217;ne gitmenizi &ouml;neririz.<\/p>\n<p><strong>Bruges, Bel&ccedil;ika<\/strong><\/p>\n<p style=\"text-align: center;\"><strong><img loading=\"lazy\" decoding=\"async\" class=\"alignnone size-full wp-image-3332\" src=\"https:\/\/www.julesverne.com.tr\/\/wp-content\/uploads\/2020\/09\/bruges.jpg\" width=\"1054\" height=\"705\" alt=\"\" srcset=\"https:\/\/julesverne.com.tr\/wp-content\/uploads\/2020\/09\/bruges.jpg 1054w, https:\/\/julesverne.com.tr\/wp-content\/uploads\/2020\/09\/bruges-500x334.jpg 500w, https:\/\/julesverne.com.tr\/wp-content\/uploads\/2020\/09\/bruges-768x514.jpg 768w\" sizes=\"(max-width: 1054px) 100vw, 1054px\" \/><\/strong><\/p>\n<p>Bir d&ouml;nem filmi platosuna d&uuml;\u015ft&uuml;\u011f&uuml;n&uuml;z&uuml; hissettiren bir Bel&ccedil;ika g&uuml;zeli: Bruges&#8230; Y\u0131l\u0131n her g&uuml;n&uuml; bu \u015fehri ke\u015ffetmek i&ccedil;in g&uuml;zel olabilir ancak k\u0131\u015f geldi\u011finde Bruges, ger&ccedil;ek bir &#8220;uyuyan g&uuml;zel&#8221; t\u0131ls\u0131m\u0131yla parl\u0131yor. Karlarla kapl\u0131 yollar\u0131nda dola\u015fmak, kanal manzaralar\u0131n\u0131 seyretmek, atl\u0131 araba ile tarihi \u015fehir merkezinde dola\u015fmak, Noel zaman\u0131nda Noel pazar\u0131n\u0131 gezerek s\u0131cak \u015farap ve tar&ccedil;\u0131n kokular\u0131na teslim olmak i&ccedil;in kal\u0131n montunuzu ve eldivenlerinizi haz\u0131r edin, bu k\u0131\u015f Bruges&#8217;desiniz!<\/p>\n<p><strong>Banff National Park, Kanada<\/strong><\/p>\n<p style=\"text-align: center;\"><strong><img loading=\"lazy\" decoding=\"async\" class=\"alignnone size-full wp-image-3333\" src=\"https:\/\/www.julesverne.com.tr\/\/wp-content\/uploads\/2020\/09\/lakelouisecanada.jpg\" width=\"724\" height=\"483\" alt=\"\" srcset=\"https:\/\/julesverne.com.tr\/wp-content\/uploads\/2020\/09\/lakelouisecanada.jpg 724w, https:\/\/julesverne.com.tr\/wp-content\/uploads\/2020\/09\/lakelouisecanada-500x334.jpg 500w\" sizes=\"(max-width: 724px) 100vw, 724px\" \/><\/strong><\/p>\n<p>Kanada&#8217;n\u0131n en eski ulusal park\u0131 Banff National Park her mevsim sundu\u011fu muhte\u015fem manzaralarla biliniyor. Kanada&#8217;n\u0131n uzun s&uuml;ren k\u0131\u015f mevsiminde bu ulusal park\u0131n b&uuml;y&uuml;s&uuml;ne sizin de ortak olman\u0131z\u0131 isteriz. D&uuml;nyan\u0131n en iyi kayak merkezlerinden biri olan Banff National Park&#8217;ta kayak d\u0131\u015f\u0131nda da yapabilece\u011finiz aktiviteler var. &Ouml;ncelikle, Louise G&ouml;l&uuml;&#8217;n&uuml;n donmas\u0131yla kristale d&ouml;nen g&ouml;l manzaras\u0131n\u0131 seyredip, &uuml;zerinde buz pateni yapabilirsiniz. G&ouml;l manzaras\u0131 e\u015fli\u011finde atl\u0131 k\u0131zak yapabilirsiniz.<\/p>\n<p><strong>BONUS:Tadami River (Tadami Train Line), Japonya<\/strong><\/p>\n<p style=\"text-align: center;\"><strong><img loading=\"lazy\" decoding=\"async\" class=\"alignnone size-full wp-image-3334\" src=\"https:\/\/www.julesverne.com.tr\/\/wp-content\/uploads\/2020\/09\/tadamiline.jpg\" width=\"999\" height=\"666\" alt=\"\" srcset=\"https:\/\/julesverne.com.tr\/wp-content\/uploads\/2020\/09\/tadamiline.jpg 999w, https:\/\/julesverne.com.tr\/wp-content\/uploads\/2020\/09\/tadamiline-500x333.jpg 500w, https:\/\/julesverne.com.tr\/wp-content\/uploads\/2020\/09\/tadamiline-768x512.jpg 768w\" sizes=\"(max-width: 999px) 100vw, 999px\" \/><\/strong><\/p>\n<p>K\u0131\u015f mevsiminden s&ouml;z a&ccedil;\u0131ld\u0131\u011f\u0131nda akla gelen karlarla kapl\u0131 g&uuml;zel \u015fehir manzaralar\u0131 oluyor. Ancak bize g&ouml;re deneyimlemeniz gereken bir di\u011fer g&uuml;zellik ise karl\u0131 manzaralar aras\u0131nda ak\u0131p giden bir tren yolculu\u011fu! Toplam 135 km uzunlu\u011fundaki Tadami Line, Japonya&#8217;n\u0131n en keyifli tren yolculuklar\u0131ndan bir tanesi. \u0130nci kadar asil duran beyaz manzaralar e\u015fli\u011finde Japonya do\u011fas\u0131n\u0131 ke\u015ffetmek i&ccedil;in ka&ccedil;\u0131r\u0131lmayacak bir f\u0131rsat!<\/p>\n<p style=\"text-align: center;\"><strong>Size &ouml;zel seyahat program\u0131 ve rezervasyon i&ccedil;in:<\/strong><br \/><a href=\"mailto:travel@julesverne.com.tr\" target=\"_blank\" rel=\"noopener noreferrer\"><strong>travel@julesverne.com.tr<\/strong><\/a><br \/><strong>0212 266 6363 &#8211; 179<\/strong><\/p>\n<\/p>\n<p><\/p>","protected":false},"excerpt":{"rendered":"<p>&nbsp;So\u011fuk havalar\u0131 masals\u0131 g&ouml;r&uuml;n&uuml;mleriyle \u0131s\u0131tan, k\u0131\u015f mevsiminin en &ccedil;ok yak\u0131\u015ft\u0131\u011f\u0131 \u015fehirleri sizin i&ccedil;in haz\u0131rlad\u0131k.<\/p>\n","protected":false},"author":1,"featured_media":2184,"comment_status":"closed","ping_status":"closed","sticky":false,"template":"","format":"standard","meta":{"inline_featured_image":false,"footnotes":""},"categories":[38,1],"tags":[],"acf":[],"yoast_head":"<!-- This site is optimized with the Yoast SEO plugin v22.3 - https:\/\/yoast.com\/wordpress\/plugins\/seo\/ -->\n<title>K\u0131\u015f Aylar\u0131nda Peri Masal\u0131na D\u00f6n\u00fc\u015fen \u015eehirler - JULES VERNE BUSINESS MICE TRAVEL<\/title>\n<meta name=\"description\" content=\"So\u011fuk havalar\u0131 masals\u0131 g\u00f6r\u00fcn\u00fcmleriyle \u0131s\u0131tan, k\u0131\u015f mevsiminin en \u00e7ok yak\u0131\u015ft\u0131\u011f\u0131 \u015fehirleri sizin i\u00e7in haz\u0131rlad\u0131k. Prag&#039;dan Bruges&#039;e, Tallinn&#039;den Lapland&#039;e k\u0131\u015f aylar\u0131nda peri masal\u0131na d\u00f6n\u00fc\u015fen \u015fehirler\u2026\" \/>\n<meta name=\"robots\" content=\"index, follow, max-snippet:-1, max-image-preview:large, max-video-preview:-1\" \/>\n<link rel=\"canonical\" href=\"https:\/\/julesverne.com.tr\/travel-blog\/kis-aylarinda-peri-masalina-donusen-sehirler\/\" \/>\n<meta property=\"og:locale\" content=\"en_US\" \/>\n<meta property=\"og:type\" content=\"article\" \/>\n<meta property=\"og:title\" content=\"K\u0131\u015f Aylar\u0131nda Peri Masal\u0131na D\u00f6n\u00fc\u015fen \u015eehirler - JULES VERNE BUSINESS MICE TRAVEL\" \/>\n<meta property=\"og:description\" content=\"So\u011fuk havalar\u0131 masals\u0131 g\u00f6r\u00fcn\u00fcmleriyle \u0131s\u0131tan, k\u0131\u015f mevsiminin en \u00e7ok yak\u0131\u015ft\u0131\u011f\u0131 \u015fehirleri sizin i\u00e7in haz\u0131rlad\u0131k. Prag&#039;dan Bruges&#039;e, Tallinn&#039;den Lapland&#039;e k\u0131\u015f aylar\u0131nda peri masal\u0131na d\u00f6n\u00fc\u015fen \u015fehirler\u2026\" \/>\n<meta property=\"og:url\" content=\"https:\/\/julesverne.com.tr\/travel-blog\/kis-aylarinda-peri-masalina-donusen-sehirler\/\" \/>\n<meta property=\"og:site_name\" content=\"JULES VERNE BUSINESS MICE TRAVEL\" \/>\n<meta property=\"article:publisher\" content=\"https:\/\/www.facebook.com\/JulesVerneBusinessMiceTravel\/\" \/>\n<meta property=\"article:published_time\" content=\"2019-10-31T08:13:14+00:00\" \/>\n<meta property=\"article:modified_time\" content=\"2024-03-21T14:24:08+00:00\" \/>\n<meta property=\"og:image\" content=\"https:\/\/julesverne.com.tr\/wp-content\/uploads\/2020\/09\/tallinn-1.jpg\" \/>\n\t<meta property=\"og:image:width\" content=\"999\" \/>\n\t<meta property=\"og:image:height\" content=\"668\" \/>\n\t<meta property=\"og:image:type\" content=\"image\/jpeg\" \/>\n<meta name=\"author\" content=\"fikirman\" \/>\n<meta name=\"twitter:card\" content=\"summary_large_image\" \/>\n<meta name=\"twitter:creator\" content=\"@JV_BusinessMice\" \/>\n<meta name=\"twitter:site\" content=\"@JV_BusinessMice\" \/>\n<meta name=\"twitter:label1\" content=\"Written by\" \/>\n\t<meta name=\"twitter:data1\" content=\"fikirman\" \/>\n\t<meta name=\"twitter:label2\" content=\"Est. reading time\" \/>\n\t<meta name=\"twitter:data2\" content=\"7 minutes\" \/>\n<script type=\"application\/ld+json\" class=\"yoast-schema-graph\">{\"@context\":\"https:\/\/schema.org\",\"@graph\":[{\"@type\":\"Article\",\"@id\":\"https:\/\/julesverne.com.tr\/travel-blog\/kis-aylarinda-peri-masalina-donusen-sehirler\/#article\",\"isPartOf\":{\"@id\":\"https:\/\/julesverne.com.tr\/travel-blog\/kis-aylarinda-peri-masalina-donusen-sehirler\/\"},\"author\":{\"name\":\"fikirman\",\"@id\":\"https:\/\/julesverne.com.tr\/#\/schema\/person\/f4eb0514ae455538644c31b99a466fdb\"},\"headline\":\"K\u0131\u015f Aylar\u0131nda Peri Masal\u0131na D\u00f6n\u00fc\u015fen \u015eehirler\",\"datePublished\":\"2019-10-31T08:13:14+00:00\",\"dateModified\":\"2024-03-21T14:24:08+00:00\",\"mainEntityOfPage\":{\"@id\":\"https:\/\/julesverne.com.tr\/travel-blog\/kis-aylarinda-peri-masalina-donusen-sehirler\/\"},\"wordCount\":2094,\"publisher\":{\"@id\":\"https:\/\/julesverne.com.tr\/#organization\"},\"image\":{\"@id\":\"https:\/\/julesverne.com.tr\/travel-blog\/kis-aylarinda-peri-masalina-donusen-sehirler\/#primaryimage\"},\"thumbnailUrl\":\"https:\/\/julesverne.com.tr\/wp-content\/uploads\/2020\/09\/tallinn-1.jpg\",\"articleSection\":[\"\u0130lham Veren Destinasyonlar\",\"Blog\"],\"inLanguage\":\"en-US\"},{\"@type\":\"WebPage\",\"@id\":\"https:\/\/julesverne.com.tr\/travel-blog\/kis-aylarinda-peri-masalina-donusen-sehirler\/\",\"url\":\"https:\/\/julesverne.com.tr\/travel-blog\/kis-aylarinda-peri-masalina-donusen-sehirler\/\",\"name\":\"K\u0131\u015f Aylar\u0131nda Peri Masal\u0131na D\u00f6n\u00fc\u015fen \u015eehirler - JULES VERNE BUSINESS MICE TRAVEL\",\"isPartOf\":{\"@id\":\"https:\/\/julesverne.com.tr\/#website\"},\"primaryImageOfPage\":{\"@id\":\"https:\/\/julesverne.com.tr\/travel-blog\/kis-aylarinda-peri-masalina-donusen-sehirler\/#primaryimage\"},\"image\":{\"@id\":\"https:\/\/julesverne.com.tr\/travel-blog\/kis-aylarinda-peri-masalina-donusen-sehirler\/#primaryimage\"},\"thumbnailUrl\":\"https:\/\/julesverne.com.tr\/wp-content\/uploads\/2020\/09\/tallinn-1.jpg\",\"datePublished\":\"2019-10-31T08:13:14+00:00\",\"dateModified\":\"2024-03-21T14:24:08+00:00\",\"description\":\"So\u011fuk havalar\u0131 masals\u0131 g\u00f6r\u00fcn\u00fcmleriyle \u0131s\u0131tan, k\u0131\u015f mevsiminin en \u00e7ok yak\u0131\u015ft\u0131\u011f\u0131 \u015fehirleri sizin i\u00e7in haz\u0131rlad\u0131k. Prag'dan Bruges'e, Tallinn'den Lapland'e k\u0131\u015f aylar\u0131nda peri masal\u0131na d\u00f6n\u00fc\u015fen \u015fehirler\u2026\",\"breadcrumb\":{\"@id\":\"https:\/\/julesverne.com.tr\/travel-blog\/kis-aylarinda-peri-masalina-donusen-sehirler\/#breadcrumb\"},\"inLanguage\":\"en-US\",\"potentialAction\":[{\"@type\":\"ReadAction\",\"target\":[\"https:\/\/julesverne.com.tr\/travel-blog\/kis-aylarinda-peri-masalina-donusen-sehirler\/\"]}]},{\"@type\":\"ImageObject\",\"inLanguage\":\"en-US\",\"@id\":\"https:\/\/julesverne.com.tr\/travel-blog\/kis-aylarinda-peri-masalina-donusen-sehirler\/#primaryimage\",\"url\":\"https:\/\/julesverne.com.tr\/wp-content\/uploads\/2020\/09\/tallinn-1.jpg\",\"contentUrl\":\"https:\/\/julesverne.com.tr\/wp-content\/uploads\/2020\/09\/tallinn-1.jpg\",\"width\":999,\"height\":668},{\"@type\":\"BreadcrumbList\",\"@id\":\"https:\/\/julesverne.com.tr\/travel-blog\/kis-aylarinda-peri-masalina-donusen-sehirler\/#breadcrumb\",\"itemListElement\":[{\"@type\":\"ListItem\",\"position\":1,\"name\":\"Anasayfa\",\"item\":\"https:\/\/julesverne.com.tr\/\"},{\"@type\":\"ListItem\",\"position\":2,\"name\":\"K\u0131\u015f Aylar\u0131nda Peri Masal\u0131na D\u00f6n\u00fc\u015fen \u015eehirler\"}]},{\"@type\":\"WebSite\",\"@id\":\"https:\/\/julesverne.com.tr\/#website\",\"url\":\"https:\/\/julesverne.com.tr\/\",\"name\":\"JULES VERNE BUSINESS MICE TRAVEL\",\"description\":\"\",\"publisher\":{\"@id\":\"https:\/\/julesverne.com.tr\/#organization\"},\"potentialAction\":[{\"@type\":\"SearchAction\",\"target\":{\"@type\":\"EntryPoint\",\"urlTemplate\":\"https:\/\/julesverne.com.tr\/?s={search_term_string}\"},\"query-input\":\"required name=search_term_string\"}],\"inLanguage\":\"en-US\"},{\"@type\":\"Organization\",\"@id\":\"https:\/\/julesverne.com.tr\/#organization\",\"name\":\"JULES VERNE BUSINESS MICE TRAVEL\",\"url\":\"https:\/\/julesverne.com.tr\/\",\"logo\":{\"@type\":\"ImageObject\",\"inLanguage\":\"en-US\",\"@id\":\"https:\/\/julesverne.com.tr\/#\/schema\/logo\/image\/\",\"url\":\"https:\/\/julesverne.com.tr\/wp-content\/uploads\/2020\/09\/jv-bmt-logo.png\",\"contentUrl\":\"https:\/\/julesverne.com.tr\/wp-content\/uploads\/2020\/09\/jv-bmt-logo.png\",\"width\":110,\"height\":81,\"caption\":\"JULES VERNE BUSINESS MICE TRAVEL\"},\"image\":{\"@id\":\"https:\/\/julesverne.com.tr\/#\/schema\/logo\/image\/\"},\"sameAs\":[\"https:\/\/www.facebook.com\/JulesVerneBusinessMiceTravel\/\",\"https:\/\/twitter.com\/JV_BusinessMice\",\"https:\/\/www.instagram.com\/julesvernebusinessmicetravel\/\",\"https:\/\/www.linkedin.com\/company\/julesvernebusinessmicetravel\/\",\"https:\/\/www.youtube.com\/channel\/UCAwdsmbZ6tFhu1tea6pkpiw\"]},{\"@type\":\"Person\",\"@id\":\"https:\/\/julesverne.com.tr\/#\/schema\/person\/f4eb0514ae455538644c31b99a466fdb\",\"name\":\"fikirman\",\"sameAs\":[\"http:\/\/advermedya.net\/julesverne\"],\"url\":\"https:\/\/julesverne.com.tr\/en\/author\/fikirman\/\"}]}<\/script>\n<!-- \/ Yoast SEO plugin. -->","yoast_head_json":{"title":"K\u0131\u015f Aylar\u0131nda Peri Masal\u0131na D\u00f6n\u00fc\u015fen \u015eehirler - JULES VERNE BUSINESS MICE TRAVEL","description":"So\u011fuk havalar\u0131 masals\u0131 g\u00f6r\u00fcn\u00fcmleriyle \u0131s\u0131tan, k\u0131\u015f mevsiminin en \u00e7ok yak\u0131\u015ft\u0131\u011f\u0131 \u015fehirleri sizin i\u00e7in haz\u0131rlad\u0131k. Prag'dan Bruges'e, Tallinn'den Lapland'e k\u0131\u015f aylar\u0131nda peri masal\u0131na d\u00f6n\u00fc\u015fen \u015fehirler\u2026","robots":{"index":"index","follow":"follow","max-snippet":"max-snippet:-1","max-image-preview":"max-image-preview:large","max-video-preview":"max-video-preview:-1"},"canonical":"https:\/\/julesverne.com.tr\/travel-blog\/kis-aylarinda-peri-masalina-donusen-sehirler\/","og_locale":"en_US","og_type":"article","og_title":"K\u0131\u015f Aylar\u0131nda Peri Masal\u0131na D\u00f6n\u00fc\u015fen \u015eehirler - JULES VERNE BUSINESS MICE TRAVEL","og_description":"So\u011fuk havalar\u0131 masals\u0131 g\u00f6r\u00fcn\u00fcmleriyle \u0131s\u0131tan, k\u0131\u015f mevsiminin en \u00e7ok yak\u0131\u015ft\u0131\u011f\u0131 \u015fehirleri sizin i\u00e7in haz\u0131rlad\u0131k. Prag'dan Bruges'e, Tallinn'den Lapland'e k\u0131\u015f aylar\u0131nda peri masal\u0131na d\u00f6n\u00fc\u015fen \u015fehirler\u2026","og_url":"https:\/\/julesverne.com.tr\/travel-blog\/kis-aylarinda-peri-masalina-donusen-sehirler\/","og_site_name":"JULES VERNE BUSINESS MICE TRAVEL","article_publisher":"https:\/\/www.facebook.com\/JulesVerneBusinessMiceTravel\/","article_published_time":"2019-10-31T08:13:14+00:00","article_modified_time":"2024-03-21T14:24:08+00:00","og_image":[{"width":999,"height":668,"url":"https:\/\/julesverne.com.tr\/wp-content\/uploads\/2020\/09\/tallinn-1.jpg","type":"image\/jpeg"}],"author":"fikirman","twitter_card":"summary_large_image","twitter_creator":"@JV_BusinessMice","twitter_site":"@JV_BusinessMice","twitter_misc":{"Written by":"fikirman","Est. reading time":"7 minutes"},"schema":{"@context":"https:\/\/schema.org","@graph":[{"@type":"Article","@id":"https:\/\/julesverne.com.tr\/travel-blog\/kis-aylarinda-peri-masalina-donusen-sehirler\/#article","isPartOf":{"@id":"https:\/\/julesverne.com.tr\/travel-blog\/kis-aylarinda-peri-masalina-donusen-sehirler\/"},"author":{"name":"fikirman","@id":"https:\/\/julesverne.com.tr\/#\/schema\/person\/f4eb0514ae455538644c31b99a466fdb"},"headline":"K\u0131\u015f Aylar\u0131nda Peri Masal\u0131na D\u00f6n\u00fc\u015fen \u015eehirler","datePublished":"2019-10-31T08:13:14+00:00","dateModified":"2024-03-21T14:24:08+00:00","mainEntityOfPage":{"@id":"https:\/\/julesverne.com.tr\/travel-blog\/kis-aylarinda-peri-masalina-donusen-sehirler\/"},"wordCount":2094,"publisher":{"@id":"https:\/\/julesverne.com.tr\/#organization"},"image":{"@id":"https:\/\/julesverne.com.tr\/travel-blog\/kis-aylarinda-peri-masalina-donusen-sehirler\/#primaryimage"},"thumbnailUrl":"https:\/\/julesverne.com.tr\/wp-content\/uploads\/2020\/09\/tallinn-1.jpg","articleSection":["\u0130lham Veren Destinasyonlar","Blog"],"inLanguage":"en-US"},{"@type":"WebPage","@id":"https:\/\/julesverne.com.tr\/travel-blog\/kis-aylarinda-peri-masalina-donusen-sehirler\/","url":"https:\/\/julesverne.com.tr\/travel-blog\/kis-aylarinda-peri-masalina-donusen-sehirler\/","name":"K\u0131\u015f Aylar\u0131nda Peri Masal\u0131na D\u00f6n\u00fc\u015fen \u015eehirler - JULES VERNE BUSINESS MICE TRAVEL","isPartOf":{"@id":"https:\/\/julesverne.com.tr\/#website"},"primaryImageOfPage":{"@id":"https:\/\/julesverne.com.tr\/travel-blog\/kis-aylarinda-peri-masalina-donusen-sehirler\/#primaryimage"},"image":{"@id":"https:\/\/julesverne.com.tr\/travel-blog\/kis-aylarinda-peri-masalina-donusen-sehirler\/#primaryimage"},"thumbnailUrl":"https:\/\/julesverne.com.tr\/wp-content\/uploads\/2020\/09\/tallinn-1.jpg","datePublished":"2019-10-31T08:13:14+00:00","dateModified":"2024-03-21T14:24:08+00:00","description":"So\u011fuk havalar\u0131 masals\u0131 g\u00f6r\u00fcn\u00fcmleriyle \u0131s\u0131tan, k\u0131\u015f mevsiminin en \u00e7ok yak\u0131\u015ft\u0131\u011f\u0131 \u015fehirleri sizin i\u00e7in haz\u0131rlad\u0131k. Prag'dan Bruges'e, Tallinn'den Lapland'e k\u0131\u015f aylar\u0131nda peri masal\u0131na d\u00f6n\u00fc\u015fen \u015fehirler\u2026","breadcrumb":{"@id":"https:\/\/julesverne.com.tr\/travel-blog\/kis-aylarinda-peri-masalina-donusen-sehirler\/#breadcrumb"},"inLanguage":"en-US","potentialAction":[{"@type":"ReadAction","target":["https:\/\/julesverne.com.tr\/travel-blog\/kis-aylarinda-peri-masalina-donusen-sehirler\/"]}]},{"@type":"ImageObject","inLanguage":"en-US","@id":"https:\/\/julesverne.com.tr\/travel-blog\/kis-aylarinda-peri-masalina-donusen-sehirler\/#primaryimage","url":"https:\/\/julesverne.com.tr\/wp-content\/uploads\/2020\/09\/tallinn-1.jpg","contentUrl":"https:\/\/julesverne.com.tr\/wp-content\/uploads\/2020\/09\/tallinn-1.jpg","width":999,"height":668},{"@type":"BreadcrumbList","@id":"https:\/\/julesverne.com.tr\/travel-blog\/kis-aylarinda-peri-masalina-donusen-sehirler\/#breadcrumb","itemListElement":[{"@type":"ListItem","position":1,"name":"Anasayfa","item":"https:\/\/julesverne.com.tr\/"},{"@type":"ListItem","position":2,"name":"K\u0131\u015f Aylar\u0131nda Peri Masal\u0131na D\u00f6n\u00fc\u015fen \u015eehirler"}]},{"@type":"WebSite","@id":"https:\/\/julesverne.com.tr\/#website","url":"https:\/\/julesverne.com.tr\/","name":"JULES VERNE BUSINESS MICE TRAVEL","description":"","publisher":{"@id":"https:\/\/julesverne.com.tr\/#organization"},"potentialAction":[{"@type":"SearchAction","target":{"@type":"EntryPoint","urlTemplate":"https:\/\/julesverne.com.tr\/?s={search_term_string}"},"query-input":"required name=search_term_string"}],"inLanguage":"en-US"},{"@type":"Organization","@id":"https:\/\/julesverne.com.tr\/#organization","name":"JULES VERNE BUSINESS MICE TRAVEL","url":"https:\/\/julesverne.com.tr\/","logo":{"@type":"ImageObject","inLanguage":"en-US","@id":"https:\/\/julesverne.com.tr\/#\/schema\/logo\/image\/","url":"https:\/\/julesverne.com.tr\/wp-content\/uploads\/2020\/09\/jv-bmt-logo.png","contentUrl":"https:\/\/julesverne.com.tr\/wp-content\/uploads\/2020\/09\/jv-bmt-logo.png","width":110,"height":81,"caption":"JULES VERNE BUSINESS MICE TRAVEL"},"image":{"@id":"https:\/\/julesverne.com.tr\/#\/schema\/logo\/image\/"},"sameAs":["https:\/\/www.facebook.com\/JulesVerneBusinessMiceTravel\/","https:\/\/twitter.com\/JV_BusinessMice","https:\/\/www.instagram.com\/julesvernebusinessmicetravel\/","https:\/\/www.linkedin.com\/company\/julesvernebusinessmicetravel\/","https:\/\/www.youtube.com\/channel\/UCAwdsmbZ6tFhu1tea6pkpiw"]},{"@type":"Person","@id":"https:\/\/julesverne.com.tr\/#\/schema\/person\/f4eb0514ae455538644c31b99a466fdb","name":"fikirman","sameAs":["http:\/\/advermedya.net\/julesverne"],"url":"https:\/\/julesverne.com.tr\/en\/author\/fikirman\/"}]}},"_links":{"self":[{"href":"https:\/\/julesverne.com.tr\/en\/wp-json\/wp\/v2\/posts\/2183"}],"collection":[{"href":"https:\/\/julesverne.com.tr\/en\/wp-json\/wp\/v2\/posts"}],"about":[{"href":"https:\/\/julesverne.com.tr\/en\/wp-json\/wp\/v2\/types\/post"}],"author":[{"embeddable":true,"href":"https:\/\/julesverne.com.tr\/en\/wp-json\/wp\/v2\/users\/1"}],"replies":[{"embeddable":true,"href":"https:\/\/julesverne.com.tr\/en\/wp-json\/wp\/v2\/comments?post=2183"}],"version-history":[{"count":1,"href":"https:\/\/julesverne.com.tr\/en\/wp-json\/wp\/v2\/posts\/2183\/revisions"}],"predecessor-version":[{"id":17001,"href":"https:\/\/julesverne.com.tr\/en\/wp-json\/wp\/v2\/posts\/2183\/revisions\/17001"}],"wp:featuredmedia":[{"embeddable":true,"href":"https:\/\/julesverne.com.tr\/en\/wp-json\/wp\/v2\/media\/2184"}],"wp:attachment":[{"href":"https:\/\/julesverne.com.tr\/en\/wp-json\/wp\/v2\/media?parent=2183"}],"wp:term":[{"taxonomy":"category","embeddable":true,"href":"https:\/\/julesverne.com.tr\/en\/wp-json\/wp\/v2\/categories?post=2183"},{"taxonomy":"post_tag","embeddable":true,"href":"https:\/\/julesverne.com.tr\/en\/wp-json\/wp\/v2\/tags?post=2183"}],"curies":[{"name":"wp","href":"https:\/\/api.w.org\/{rel}","templated":true}]}}