{"id":2181,"date":"2019-10-23T17:04:17","date_gmt":"2019-10-23T14:04:17","guid":{"rendered":"https:\/\/www.julesverne.com.tr\/\/blog\/kasim-ayinin-en-keyifli-destinasyonlari\/"},"modified":"2024-03-21T17:24:52","modified_gmt":"2024-03-21T14:24:52","slug":"kasim-ayinin-en-keyifli-destinasyonlari","status":"publish","type":"post","link":"https:\/\/julesverne.com.tr\/en\/travel-blog\/kasim-ayinin-en-keyifli-destinasyonlari\/","title":{"rendered":"Kas\u0131m Ay\u0131n\u0131n En Keyifli Destinasyonlar\u0131"},"content":{"rendered":"<p><\/p>\n<p><p style=\"text-align: center;\"><img loading=\"lazy\" decoding=\"async\" class=\"alignnone size-full wp-image-3336\" src=\"https:\/\/www.julesverne.com.tr\/\/wp-content\/uploads\/2020\/09\/hallstatt-1.jpg\" width=\"999\" height=\"666\" alt=\"\" srcset=\"https:\/\/julesverne.com.tr\/wp-content\/uploads\/2020\/09\/hallstatt-1.jpg 999w, https:\/\/julesverne.com.tr\/wp-content\/uploads\/2020\/09\/hallstatt-1-500x333.jpg 500w, https:\/\/julesverne.com.tr\/wp-content\/uploads\/2020\/09\/hallstatt-1-768x512.jpg 768w\" sizes=\"(max-width: 999px) 100vw, 999px\" \/><\/p>\n<p>Sonbahar mevsiminin son ay\u0131na yakla\u015ft\u0131k! Kas\u0131m ay\u0131 sonbahar mevsimini geride b\u0131rakt\u0131\u011f\u0131m\u0131z\u0131n habercisi olsa da, k\u0131\u015f aylar\u0131na merhaba demek &uuml;zere olsak da seyahat a\u015fk\u0131m\u0131z h\u0131z kesmeden devam ediyor. Havalar so\u011fumaya ba\u015flam\u0131\u015f olabilir, g&uuml;ne\u015f y&uuml;z&uuml;n&uuml; daha az g&ouml;steriyor olabilir ama bu bir gezgin i&ccedil;in engel de\u011fil elbette. Kas\u0131m ay\u0131nda ne yapmal\u0131 diye d&uuml;\u015f&uuml;n&uuml;yorsan\u0131z Kas\u0131m ay\u0131 seyahat &ouml;nerileri tam size g&ouml;re! La Rioja&rsquo;dan Kazablanka&rsquo;ya, Atacama &Ccedil;&ouml;l&uuml;&rsquo;den Eski\u015fehir&rsquo;e 2019 Kas\u0131m ay\u0131n\u0131n en keyifli destinasyonlar\u0131&hellip;<\/p>\n<p><strong>La Rioja, \u0130spanya<\/strong><\/p>\n<p style=\"text-align: center;\"><strong><img loading=\"lazy\" decoding=\"async\" class=\"alignnone size-full wp-image-3337\" src=\"https:\/\/www.julesverne.com.tr\/\/wp-content\/uploads\/2020\/09\/la_rioja.jpg\" width=\"999\" height=\"667\" alt=\"\" srcset=\"https:\/\/julesverne.com.tr\/wp-content\/uploads\/2020\/09\/la_rioja.jpg 999w, https:\/\/julesverne.com.tr\/wp-content\/uploads\/2020\/09\/la_rioja-500x334.jpg 500w, https:\/\/julesverne.com.tr\/wp-content\/uploads\/2020\/09\/la_rioja-768x513.jpg 768w\" sizes=\"(max-width: 999px) 100vw, 999px\" \/><\/strong><\/p>\n<p>\u0130spanya&#8217;n\u0131n kuzeyinde yer alan La Rioja, her ne kadar Bask B&ouml;lgesi&#8217;ne yak\u0131n olsa da ye\u015fil do\u011fas\u0131 ve enerjisiyle daha &ccedil;ok Akdeniz hissini veriyor. La Rioja B&ouml;lgesi elbette \u015farap b&ouml;lgelerinin y\u0131ld\u0131z\u0131. \u0130spanya&#8217;n\u0131n en b&uuml;y&uuml;k ve etkili \u015farap b&ouml;lgesi olmas\u0131nda &uuml;lkenin en iyi k\u0131rm\u0131z\u0131 \u015faraplar\u0131n\u0131n buradan &ccedil;\u0131kmas\u0131n\u0131n pay\u0131 b&uuml;y&uuml;k elbette. Y\u0131lda 280 ile 300 milyon litre aras\u0131 &uuml;retim yap\u0131lan La Rioja&#8217;da yakla\u015f\u0131k 64.000 hektar alan ba\u011flarla &ccedil;evrili.<\/p>\n<p>La Rioja&#8217;y\u0131 seyahat etmeniz i&ccedil;in tek motivasyonunuz \u015farap olmak zorunda de\u011fil! Karakteristik k&ouml;yleri, dini ve tarihi yap\u0131lar\u0131, kasaba manzaralar\u0131yla da g&ouml;r&uuml;lmeyi hak eden bir b&ouml;lge. Briones, Logro&ntilde;o, San Mill&aacute;n de la Cogolla ve N&aacute;jera kasabalar\u0131 b&ouml;lgenin mutlaka ziyaret edilmesi k&ouml;ylerinden. Tabi, bir de La Rioja&rsquo;n\u0131n mutfa\u011f\u0131ndan bahsedelim. \u015earaplar\u0131 kadar iyi olan tapas lezzetleri damak zevkine d&uuml;\u015fk&uuml;n gezginler i&ccedil;in yeni bir heyecan! La Rioja B&ouml;lgesi&rsquo;ni ziyaret etmek i&ccedil;in en rahat ula\u015f\u0131m yolu Bilbao&rsquo;ya u&ccedil;mak ve buradan ara&ccedil; kiralayarak b&ouml;lgeyi gezmek.<\/p>\n<p><strong>Venedik, \u0130talya<\/strong><\/p>\n<p style=\"text-align: center;\"><strong><img loading=\"lazy\" decoding=\"async\" class=\"alignnone size-full wp-image-3338\" src=\"https:\/\/www.julesverne.com.tr\/\/wp-content\/uploads\/2020\/09\/venedik-2.jpg\" width=\"999\" height=\"667\" alt=\"\" srcset=\"https:\/\/julesverne.com.tr\/wp-content\/uploads\/2020\/09\/venedik-2.jpg 999w, https:\/\/julesverne.com.tr\/wp-content\/uploads\/2020\/09\/venedik-2-500x334.jpg 500w, https:\/\/julesverne.com.tr\/wp-content\/uploads\/2020\/09\/venedik-2-768x513.jpg 768w\" sizes=\"(max-width: 999px) 100vw, 999px\" \/><\/strong><\/p>\n<p>\u0130mparatorluk hik&acirc;yelerinin g&uuml;&ccedil;l&uuml; kahraman\u0131 Venedik, okumaktan asla s\u0131k\u0131lmayaca\u011f\u0131n\u0131z bir tarih kitab\u0131, izlemeye doyamayaca\u011f\u0131n\u0131z bir belgesel, dinlemekten b\u0131kmayaca\u011f\u0131n\u0131z bir m&uuml;zik gibi. Bu y&uuml;zden Venedik&#8217;e yap\u0131lan her seyahat bir ke\u015fif tad\u0131nda oluyor. Y&uuml;zy\u0131llar boyunca nice sanat&ccedil;\u0131lara, ustalara ilham olan Venedik sanat etkinlikleriyle bug&uuml;n de ba\u015fl\u0131 ba\u015f\u0131na bir ba\u015fyap\u0131t.<\/p>\n<p>Her ne kadar turistik olsa da etraf\u0131nda olmaktan mutlu olaca\u011f\u0131n\u0131z San Marco, merkezin en eski yerle\u015fim yerlerinden Castello, sanat\u0131n merkezi say\u0131lan ve farkl\u0131 bir auras\u0131 olan Dorsoduro, otantik Cannaregio, kentten biraz uzakla\u015fmak isteyenlerin tercihi Guidecca Adas\u0131, Burano ve Murano adalar\u0131yla Venedik hep bildi\u011finiz gibi ama bir yandan da s&uuml;rprizli. 24 Kas\u0131m&#8217;a kadar devam eden 58. Venedik Bienali&#8217;ni de seyahatinize ekleyin.<\/p>\n<p><strong>Eski\u015fehir, T&uuml;rkiye&nbsp;<\/strong><\/p>\n<p style=\"text-align: center;\"><a href=\"http:\/\/gezi.julesverne.com.tr\/geziler\/yurt-ici-ozel-gezilerimiz\/bir-gonul-ve-sevgi-sehri-eskisehir-gezisi\" target=\"_blank\" rel=\"noopener noreferrer\"><strong><img loading=\"lazy\" decoding=\"async\" class=\"alignnone size-full wp-image-3339\" src=\"https:\/\/www.julesverne.com.tr\/\/wp-content\/uploads\/2020\/09\/omm-eskisehir-jv.jpg\" width=\"1200\" height=\"1000\" alt=\"\" srcset=\"https:\/\/julesverne.com.tr\/wp-content\/uploads\/2020\/09\/omm-eskisehir-jv.jpg 1200w, https:\/\/julesverne.com.tr\/wp-content\/uploads\/2020\/09\/omm-eskisehir-jv-500x417.jpg 500w, https:\/\/julesverne.com.tr\/wp-content\/uploads\/2020\/09\/omm-eskisehir-jv-768x640.jpg 768w\" sizes=\"(max-width: 1200px) 100vw, 1200px\" \/><\/strong><\/a><\/p>\n<h4 style=\"text-align: center;\"><a href=\"http:\/\/gezi.julesverne.com.tr\/geziler\/yurt-ici-ozel-gezilerimiz\/bir-gonul-ve-sevgi-sehri-eskisehir-gezisi\" target=\"_blank\" rel=\"noopener noreferrer\"><strong>02-03 Kas\u0131m Eski\u015fehir Gezisi hakk\u0131nda daha fazla bilgi ve rezervasyon i&ccedil;in t\u0131klay\u0131n!<\/strong><\/a><\/h4>\n<p>T&uuml;rkiye&rsquo;de \u015fehircilik anlam\u0131nda parmakla g&ouml;sterilen Eski\u015fehir gen&ccedil; n&uuml;fusuyla da enerjisini hi&ccedil; d&uuml;\u015f&uuml;rm&uuml;yor. Parklar\u0131, Porsuk &Ccedil;ay\u0131 k\u0131y\u0131s\u0131ndaki hareketlili\u011fi, m&uuml;zeleri, tarihi sokaklar\u0131 ve &ouml;zellikle ge&ccedil;ti\u011fimiz g&uuml;nlerde a&ccedil;\u0131lan Odunpazar\u0131 Modern M&uuml;ze ile havalar &ccedil;ok so\u011fumadan listenize eklenmesi gereken destinasyonlardan. Gen&ccedil; n&uuml;fusun etkisiyle say\u0131lar\u0131 artan restoran ve barlar\u0131 ise g&uuml;n&uuml;n yorgunlu\u011funu atman\u0131z\u0131 sa\u011fl\u0131yor. \u0130lk &ccedil;a\u011flardan Sel&ccedil;uklu D&ouml;nemi&rsquo;ne, Osmanl\u0131 D&ouml;nemi&rsquo;nden Cumhuriyet D&ouml;nemi&rsquo;ne kadar her d&ouml;nemden tarihi izler ta\u015f\u0131yan Eski\u015fehir&rsquo;e yolculu\u011fa haz\u0131r m\u0131s\u0131n\u0131z?<\/p>\n<p><strong>Kazablanka, Fas<\/strong><\/p>\n<p style=\"text-align: center;\"><strong><img loading=\"lazy\" decoding=\"async\" class=\"alignnone size-full wp-image-3340\" src=\"https:\/\/www.julesverne.com.tr\/\/wp-content\/uploads\/2020\/09\/casablanca.jpg\" width=\"999\" height=\"666\" alt=\"\" srcset=\"https:\/\/julesverne.com.tr\/wp-content\/uploads\/2020\/09\/casablanca.jpg 999w, https:\/\/julesverne.com.tr\/wp-content\/uploads\/2020\/09\/casablanca-500x333.jpg 500w, https:\/\/julesverne.com.tr\/wp-content\/uploads\/2020\/09\/casablanca-768x512.jpg 768w\" sizes=\"(max-width: 999px) 100vw, 999px\" \/><\/strong><\/p>\n<p>Bir turistten &ccedil;ok bir lokal gibi hissedece\u011finiz Fas \u015fehri Kazablanka&#8230; Geleneksel ile moderni, eski ve yeniyi birle\u015ftiren Kazablanka, ge&ccedil;mi\u015fte yolculu\u011fa &ccedil;\u0131karken bug&uuml;n&uuml; deneyimlemekten geri kalmayaca\u011f\u0131n\u0131z b&uuml;y&uuml;l&uuml; bir \u015fehir! Fas&#8217;\u0131n en kalabal\u0131k kenti olmas\u0131, ticaret merkezi olmas\u0131 ile Kazablanka ilk bak\u0131\u015fta size biraz karma\u015f\u0131k gelebilir.&nbsp;<\/p>\n<p>Ama zaman tan\u0131d\u0131\u011f\u0131n\u0131zda bu \u015fehrin gizli hazinelerini ke\u015ffetmekten b&uuml;y&uuml;k keyif alacaks\u0131n\u0131z. Bir yanda souq pazar k&uuml;lt&uuml;r&uuml; gelene\u011fi, bir yanda plajlar\u0131, di\u011fer yanda gece kul&uuml;pleriyle farkl\u0131 renkleri olan g&uuml;zel bir kar\u0131\u015f\u0131m sunuyor. Art Deco&#8217;dan modern mimariye uzanan binalar\u0131, sanatla yeniden do\u011fan tarihi yap\u0131lar\u0131, sanat galerileri ve m&uuml;zeleri, farkl\u0131 mutfak k&uuml;lt&uuml;rleriyle donat\u0131lan restoranlar\u0131yla kafan\u0131zdaki geleneksel Fas alg\u0131s\u0131n\u0131 de\u011fi\u015ftiriyor.<\/p>\n<p><strong>Viyana-Hallstatt, Avusturya<\/strong><\/p>\n<p style=\"text-align: center;\"><strong><img loading=\"lazy\" decoding=\"async\" class=\"alignnone size-full wp-image-3341\" src=\"https:\/\/www.julesverne.com.tr\/\/wp-content\/uploads\/2020\/09\/hallstatt_austria.jpg\" width=\"999\" height=\"666\" alt=\"\" srcset=\"https:\/\/julesverne.com.tr\/wp-content\/uploads\/2020\/09\/hallstatt_austria.jpg 999w, https:\/\/julesverne.com.tr\/wp-content\/uploads\/2020\/09\/hallstatt_austria-500x333.jpg 500w, https:\/\/julesverne.com.tr\/wp-content\/uploads\/2020\/09\/hallstatt_austria-768x512.jpg 768w\" sizes=\"(max-width: 999px) 100vw, 999px\" \/><\/strong><\/p>\n<p>&#8220;Avusturya&#8217;da ziyaret edilmesi gereken 5 yer&#8221; listesindeki yerleri sabit olan iki b&uuml;y&uuml;leyici rota Viyana ve Hallstatt.&nbsp; D&uuml;nyan\u0131n ya\u015fanacak en g&uuml;zel \u015fehirlerinden biri olan Viyana&#8217;da sanat, mimari, k&uuml;lt&uuml;r birbirini tamamlayan ve birbirini d&ouml;n&uuml;\u015ft&uuml;ren bir uyum i&ccedil;erisinde. Freud&#8217;un, Mozart&#8217;\u0131n sokaklar\u0131nda dola\u015ft\u0131\u011f\u0131 bu \u015fehir ge&ccedil;mi\u015findeki zenginli\u011fiyle s\u0131n\u0131rl\u0131 kalm\u0131yor. Klasiklerden &ouml;d&uuml;n vermeyen Viyana&#8217;n\u0131n s&uuml;rprizi ise kontrast yaratmayan &ccedil;a\u011fda\u015fl\u0131\u011f\u0131nda sakl\u0131.<\/p>\n<p>Viyana&rsquo;ya 3 saat uzakl\u0131ktaki Hallstatt ise kartpostallardan bile g&uuml;zel! Hallst&auml;tter G&ouml;l&uuml; k\u0131y\u0131s\u0131nda kurulan Hallstatt, geleneksel Avusturya k&ouml;y mimarisinin en g&uuml;zel &ouml;rne\u011fi. Her mevsimde bamba\u015fka bir g&uuml;zelli\u011fe b&uuml;r&uuml;nen kasaba &ouml;zellikle sonbahar aylar\u0131nda seyrine doyum olmayan manzaralar sunuyor. Hallstatt&#8217;\u0131n b&uuml;y&uuml;s&uuml; sadece Avusturya&#8217;yla s\u0131n\u0131rl\u0131 de\u011fil. &Ouml;yle ki, &Ccedil;in&#8217;in Luoyang \u015fehrinde Hallstatt&#8217;\u0131n birebir modeli in\u015fa edildi!<\/p>\n<p><strong>Atacama &Ccedil;&ouml;l&uuml;, \u015eili<\/strong><\/p>\n<p style=\"text-align: center;\"><strong><img loading=\"lazy\" decoding=\"async\" class=\"alignnone size-full wp-image-3342\" src=\"https:\/\/www.julesverne.com.tr\/\/wp-content\/uploads\/2020\/09\/atacama-desert-chile.jpg\" width=\"1280\" height=\"853\" alt=\"\" srcset=\"https:\/\/julesverne.com.tr\/wp-content\/uploads\/2020\/09\/atacama-desert-chile.jpg 1280w, https:\/\/julesverne.com.tr\/wp-content\/uploads\/2020\/09\/atacama-desert-chile-500x333.jpg 500w, https:\/\/julesverne.com.tr\/wp-content\/uploads\/2020\/09\/atacama-desert-chile-768x512.jpg 768w\" sizes=\"(max-width: 1280px) 100vw, 1280px\" \/><\/strong><\/p>\n<p>Yery&uuml;z&uuml;ndeki en a&ccedil;\u0131k g&ouml;ky&uuml;z&uuml; nerede diye sorarsan\u0131z, biraz fazla yol kat edip Atacama &Ccedil;&ouml;l&uuml;&#8217;ne gitmenizi &ouml;neririz. Pasifik ile And Da\u011flar\u0131 aras\u0131nda kalan bu &ccedil;&ouml;l, yery&uuml;z&uuml;nde daha &ouml;nce hi&ccedil; g&ouml;rmedi\u011finiz dingin ve bir o kadar etkileyici manzaralara sahip. D&uuml;nyan\u0131n en kurak &ccedil;&ouml;l&uuml; olan Atacama&#8217;dayken g&ouml;ky&uuml;z&uuml;nde pek bulut g&ouml;rmeyece\u011finizi de s&ouml;yleyelim. Teleskop olmadan bile g&ouml;ky&uuml;z&uuml;n&uuml; seyredebilece\u011finiz bu u&ccedil;suz bucaks\u0131z Atacama&#8217;da daha profesyonel bir \u015fekilde y\u0131ld\u0131zlar\u0131 izleyebilece\u011finiz g&ouml;zlem evi de var. Gayzerlerin, tuz g&ouml;llerinin, ekstrem sporlar\u0131n oldu\u011fu bir macera oyun alan\u0131 gibi.&nbsp;<\/p>\n<p style=\"text-align: center;\"><strong>Size &ouml;zel seyahat program\u0131 ve rezervasyon i&ccedil;in:<\/strong><br \/><a href=\"mailto:travel@julesverne.com.tr\" target=\"_blank\" rel=\"noopener noreferrer\"><strong>travel@julesverne.com.tr<\/strong><\/a><br \/><strong>0212 266 6363 &#8211; 179<\/strong><\/p>\n<\/p>\n<p><\/p>","protected":false},"excerpt":{"rendered":"<p>Sonbahar mevsiminin son ay\u0131na yakla\u015ft\u0131k! Kas\u0131m ay\u0131 sonbahar mevsimini geride b\u0131rakt\u0131\u011f\u0131m\u0131z\u0131n habercisi olsa da, k\u0131\u015f aylar\u0131na merhaba demek &uuml;zere olsak da seyahat a\u015fk\u0131m\u0131z h\u0131z kesmeden devam ediyor. Kas\u0131m ay\u0131nda ne yapmal\u0131 diye d&uuml;\u015f&uuml;n&uuml;yorsan\u0131z Kas\u0131m ay\u0131 seyahat &ouml;nerileri&#8230;<\/p>\n","protected":false},"author":1,"featured_media":2182,"comment_status":"closed","ping_status":"closed","sticky":false,"template":"","format":"standard","meta":{"inline_featured_image":false,"footnotes":""},"categories":[1],"tags":[],"acf":[],"yoast_head":"<!-- This site is optimized with the Yoast SEO plugin v22.3 - https:\/\/yoast.com\/wordpress\/plugins\/seo\/ -->\n<title>Kas\u0131m Ay\u0131n\u0131n En Keyifli Destinasyonlar\u0131 - JULES VERNE BUSINESS MICE TRAVEL<\/title>\n<meta name=\"description\" content=\"La Rioja\u2019dan Kazablanka\u2019ya, Atacama \u00c7\u00f6l\u00fc\u2019den Eski\u015fehir\u2019e 2019 Kas\u0131m ay\u0131n\u0131n en keyifli destinasyonlar\u0131\u2026\" \/>\n<meta name=\"robots\" content=\"index, follow, max-snippet:-1, max-image-preview:large, max-video-preview:-1\" \/>\n<link rel=\"canonical\" href=\"https:\/\/julesverne.com.tr\/travel-blog\/kasim-ayinin-en-keyifli-destinasyonlari\/\" \/>\n<meta property=\"og:locale\" content=\"en_US\" \/>\n<meta property=\"og:type\" content=\"article\" \/>\n<meta property=\"og:title\" content=\"Kas\u0131m Ay\u0131n\u0131n En Keyifli Destinasyonlar\u0131 - JULES VERNE BUSINESS MICE TRAVEL\" \/>\n<meta property=\"og:description\" content=\"La Rioja\u2019dan Kazablanka\u2019ya, Atacama \u00c7\u00f6l\u00fc\u2019den Eski\u015fehir\u2019e 2019 Kas\u0131m ay\u0131n\u0131n en keyifli destinasyonlar\u0131\u2026\" \/>\n<meta property=\"og:url\" content=\"https:\/\/julesverne.com.tr\/travel-blog\/kasim-ayinin-en-keyifli-destinasyonlari\/\" \/>\n<meta property=\"og:site_name\" content=\"JULES VERNE BUSINESS MICE TRAVEL\" \/>\n<meta property=\"article:publisher\" content=\"https:\/\/www.facebook.com\/JulesVerneBusinessMiceTravel\/\" \/>\n<meta property=\"article:published_time\" content=\"2019-10-23T14:04:17+00:00\" \/>\n<meta property=\"article:modified_time\" content=\"2024-03-21T14:24:52+00:00\" \/>\n<meta property=\"og:image\" content=\"https:\/\/julesverne.com.tr\/wp-content\/uploads\/2020\/09\/hallstatt.jpg\" \/>\n\t<meta property=\"og:image:width\" content=\"999\" \/>\n\t<meta property=\"og:image:height\" content=\"666\" \/>\n\t<meta property=\"og:image:type\" content=\"image\/jpeg\" \/>\n<meta name=\"author\" content=\"fikirman\" \/>\n<meta name=\"twitter:card\" content=\"summary_large_image\" \/>\n<meta name=\"twitter:creator\" content=\"@JV_BusinessMice\" \/>\n<meta name=\"twitter:site\" content=\"@JV_BusinessMice\" \/>\n<meta name=\"twitter:label1\" content=\"Written by\" \/>\n\t<meta name=\"twitter:data1\" content=\"fikirman\" \/>\n\t<meta name=\"twitter:label2\" content=\"Est. reading time\" \/>\n\t<meta name=\"twitter:data2\" content=\"6 minutes\" \/>\n<script type=\"application\/ld+json\" class=\"yoast-schema-graph\">{\"@context\":\"https:\/\/schema.org\",\"@graph\":[{\"@type\":\"Article\",\"@id\":\"https:\/\/julesverne.com.tr\/travel-blog\/kasim-ayinin-en-keyifli-destinasyonlari\/#article\",\"isPartOf\":{\"@id\":\"https:\/\/julesverne.com.tr\/travel-blog\/kasim-ayinin-en-keyifli-destinasyonlari\/\"},\"author\":{\"name\":\"fikirman\",\"@id\":\"https:\/\/julesverne.com.tr\/#\/schema\/person\/f4eb0514ae455538644c31b99a466fdb\"},\"headline\":\"Kas\u0131m Ay\u0131n\u0131n En Keyifli Destinasyonlar\u0131\",\"datePublished\":\"2019-10-23T14:04:17+00:00\",\"dateModified\":\"2024-03-21T14:24:52+00:00\",\"mainEntityOfPage\":{\"@id\":\"https:\/\/julesverne.com.tr\/travel-blog\/kasim-ayinin-en-keyifli-destinasyonlari\/\"},\"wordCount\":2211,\"publisher\":{\"@id\":\"https:\/\/julesverne.com.tr\/#organization\"},\"image\":{\"@id\":\"https:\/\/julesverne.com.tr\/travel-blog\/kasim-ayinin-en-keyifli-destinasyonlari\/#primaryimage\"},\"thumbnailUrl\":\"https:\/\/julesverne.com.tr\/wp-content\/uploads\/2020\/09\/hallstatt.jpg\",\"articleSection\":[\"Blog\"],\"inLanguage\":\"en-US\"},{\"@type\":\"WebPage\",\"@id\":\"https:\/\/julesverne.com.tr\/travel-blog\/kasim-ayinin-en-keyifli-destinasyonlari\/\",\"url\":\"https:\/\/julesverne.com.tr\/travel-blog\/kasim-ayinin-en-keyifli-destinasyonlari\/\",\"name\":\"Kas\u0131m Ay\u0131n\u0131n En Keyifli Destinasyonlar\u0131 - JULES VERNE BUSINESS MICE TRAVEL\",\"isPartOf\":{\"@id\":\"https:\/\/julesverne.com.tr\/#website\"},\"primaryImageOfPage\":{\"@id\":\"https:\/\/julesverne.com.tr\/travel-blog\/kasim-ayinin-en-keyifli-destinasyonlari\/#primaryimage\"},\"image\":{\"@id\":\"https:\/\/julesverne.com.tr\/travel-blog\/kasim-ayinin-en-keyifli-destinasyonlari\/#primaryimage\"},\"thumbnailUrl\":\"https:\/\/julesverne.com.tr\/wp-content\/uploads\/2020\/09\/hallstatt.jpg\",\"datePublished\":\"2019-10-23T14:04:17+00:00\",\"dateModified\":\"2024-03-21T14:24:52+00:00\",\"description\":\"La Rioja\u2019dan Kazablanka\u2019ya, Atacama \u00c7\u00f6l\u00fc\u2019den Eski\u015fehir\u2019e 2019 Kas\u0131m ay\u0131n\u0131n en keyifli destinasyonlar\u0131\u2026\",\"breadcrumb\":{\"@id\":\"https:\/\/julesverne.com.tr\/travel-blog\/kasim-ayinin-en-keyifli-destinasyonlari\/#breadcrumb\"},\"inLanguage\":\"en-US\",\"potentialAction\":[{\"@type\":\"ReadAction\",\"target\":[\"https:\/\/julesverne.com.tr\/travel-blog\/kasim-ayinin-en-keyifli-destinasyonlari\/\"]}]},{\"@type\":\"ImageObject\",\"inLanguage\":\"en-US\",\"@id\":\"https:\/\/julesverne.com.tr\/travel-blog\/kasim-ayinin-en-keyifli-destinasyonlari\/#primaryimage\",\"url\":\"https:\/\/julesverne.com.tr\/wp-content\/uploads\/2020\/09\/hallstatt.jpg\",\"contentUrl\":\"https:\/\/julesverne.com.tr\/wp-content\/uploads\/2020\/09\/hallstatt.jpg\",\"width\":999,\"height\":666},{\"@type\":\"BreadcrumbList\",\"@id\":\"https:\/\/julesverne.com.tr\/travel-blog\/kasim-ayinin-en-keyifli-destinasyonlari\/#breadcrumb\",\"itemListElement\":[{\"@type\":\"ListItem\",\"position\":1,\"name\":\"Anasayfa\",\"item\":\"https:\/\/julesverne.com.tr\/\"},{\"@type\":\"ListItem\",\"position\":2,\"name\":\"Kas\u0131m Ay\u0131n\u0131n En Keyifli Destinasyonlar\u0131\"}]},{\"@type\":\"WebSite\",\"@id\":\"https:\/\/julesverne.com.tr\/#website\",\"url\":\"https:\/\/julesverne.com.tr\/\",\"name\":\"JULES VERNE BUSINESS MICE TRAVEL\",\"description\":\"\",\"publisher\":{\"@id\":\"https:\/\/julesverne.com.tr\/#organization\"},\"potentialAction\":[{\"@type\":\"SearchAction\",\"target\":{\"@type\":\"EntryPoint\",\"urlTemplate\":\"https:\/\/julesverne.com.tr\/?s={search_term_string}\"},\"query-input\":\"required name=search_term_string\"}],\"inLanguage\":\"en-US\"},{\"@type\":\"Organization\",\"@id\":\"https:\/\/julesverne.com.tr\/#organization\",\"name\":\"JULES VERNE BUSINESS MICE TRAVEL\",\"url\":\"https:\/\/julesverne.com.tr\/\",\"logo\":{\"@type\":\"ImageObject\",\"inLanguage\":\"en-US\",\"@id\":\"https:\/\/julesverne.com.tr\/#\/schema\/logo\/image\/\",\"url\":\"https:\/\/julesverne.com.tr\/wp-content\/uploads\/2020\/09\/jv-bmt-logo.png\",\"contentUrl\":\"https:\/\/julesverne.com.tr\/wp-content\/uploads\/2020\/09\/jv-bmt-logo.png\",\"width\":110,\"height\":81,\"caption\":\"JULES VERNE BUSINESS MICE TRAVEL\"},\"image\":{\"@id\":\"https:\/\/julesverne.com.tr\/#\/schema\/logo\/image\/\"},\"sameAs\":[\"https:\/\/www.facebook.com\/JulesVerneBusinessMiceTravel\/\",\"https:\/\/twitter.com\/JV_BusinessMice\",\"https:\/\/www.instagram.com\/julesvernebusinessmicetravel\/\",\"https:\/\/www.linkedin.com\/company\/julesvernebusinessmicetravel\/\",\"https:\/\/www.youtube.com\/channel\/UCAwdsmbZ6tFhu1tea6pkpiw\"]},{\"@type\":\"Person\",\"@id\":\"https:\/\/julesverne.com.tr\/#\/schema\/person\/f4eb0514ae455538644c31b99a466fdb\",\"name\":\"fikirman\",\"sameAs\":[\"http:\/\/advermedya.net\/julesverne\"],\"url\":\"https:\/\/julesverne.com.tr\/en\/author\/fikirman\/\"}]}<\/script>\n<!-- \/ Yoast SEO plugin. -->","yoast_head_json":{"title":"Kas\u0131m Ay\u0131n\u0131n En Keyifli Destinasyonlar\u0131 - JULES VERNE BUSINESS MICE TRAVEL","description":"La Rioja\u2019dan Kazablanka\u2019ya, Atacama \u00c7\u00f6l\u00fc\u2019den Eski\u015fehir\u2019e 2019 Kas\u0131m ay\u0131n\u0131n en keyifli destinasyonlar\u0131\u2026","robots":{"index":"index","follow":"follow","max-snippet":"max-snippet:-1","max-image-preview":"max-image-preview:large","max-video-preview":"max-video-preview:-1"},"canonical":"https:\/\/julesverne.com.tr\/travel-blog\/kasim-ayinin-en-keyifli-destinasyonlari\/","og_locale":"en_US","og_type":"article","og_title":"Kas\u0131m Ay\u0131n\u0131n En Keyifli Destinasyonlar\u0131 - JULES VERNE BUSINESS MICE TRAVEL","og_description":"La Rioja\u2019dan Kazablanka\u2019ya, Atacama \u00c7\u00f6l\u00fc\u2019den Eski\u015fehir\u2019e 2019 Kas\u0131m ay\u0131n\u0131n en keyifli destinasyonlar\u0131\u2026","og_url":"https:\/\/julesverne.com.tr\/travel-blog\/kasim-ayinin-en-keyifli-destinasyonlari\/","og_site_name":"JULES VERNE BUSINESS MICE TRAVEL","article_publisher":"https:\/\/www.facebook.com\/JulesVerneBusinessMiceTravel\/","article_published_time":"2019-10-23T14:04:17+00:00","article_modified_time":"2024-03-21T14:24:52+00:00","og_image":[{"width":999,"height":666,"url":"https:\/\/julesverne.com.tr\/wp-content\/uploads\/2020\/09\/hallstatt.jpg","type":"image\/jpeg"}],"author":"fikirman","twitter_card":"summary_large_image","twitter_creator":"@JV_BusinessMice","twitter_site":"@JV_BusinessMice","twitter_misc":{"Written by":"fikirman","Est. reading time":"6 minutes"},"schema":{"@context":"https:\/\/schema.org","@graph":[{"@type":"Article","@id":"https:\/\/julesverne.com.tr\/travel-blog\/kasim-ayinin-en-keyifli-destinasyonlari\/#article","isPartOf":{"@id":"https:\/\/julesverne.com.tr\/travel-blog\/kasim-ayinin-en-keyifli-destinasyonlari\/"},"author":{"name":"fikirman","@id":"https:\/\/julesverne.com.tr\/#\/schema\/person\/f4eb0514ae455538644c31b99a466fdb"},"headline":"Kas\u0131m Ay\u0131n\u0131n En Keyifli Destinasyonlar\u0131","datePublished":"2019-10-23T14:04:17+00:00","dateModified":"2024-03-21T14:24:52+00:00","mainEntityOfPage":{"@id":"https:\/\/julesverne.com.tr\/travel-blog\/kasim-ayinin-en-keyifli-destinasyonlari\/"},"wordCount":2211,"publisher":{"@id":"https:\/\/julesverne.com.tr\/#organization"},"image":{"@id":"https:\/\/julesverne.com.tr\/travel-blog\/kasim-ayinin-en-keyifli-destinasyonlari\/#primaryimage"},"thumbnailUrl":"https:\/\/julesverne.com.tr\/wp-content\/uploads\/2020\/09\/hallstatt.jpg","articleSection":["Blog"],"inLanguage":"en-US"},{"@type":"WebPage","@id":"https:\/\/julesverne.com.tr\/travel-blog\/kasim-ayinin-en-keyifli-destinasyonlari\/","url":"https:\/\/julesverne.com.tr\/travel-blog\/kasim-ayinin-en-keyifli-destinasyonlari\/","name":"Kas\u0131m Ay\u0131n\u0131n En Keyifli Destinasyonlar\u0131 - JULES VERNE BUSINESS MICE TRAVEL","isPartOf":{"@id":"https:\/\/julesverne.com.tr\/#website"},"primaryImageOfPage":{"@id":"https:\/\/julesverne.com.tr\/travel-blog\/kasim-ayinin-en-keyifli-destinasyonlari\/#primaryimage"},"image":{"@id":"https:\/\/julesverne.com.tr\/travel-blog\/kasim-ayinin-en-keyifli-destinasyonlari\/#primaryimage"},"thumbnailUrl":"https:\/\/julesverne.com.tr\/wp-content\/uploads\/2020\/09\/hallstatt.jpg","datePublished":"2019-10-23T14:04:17+00:00","dateModified":"2024-03-21T14:24:52+00:00","description":"La Rioja\u2019dan Kazablanka\u2019ya, Atacama \u00c7\u00f6l\u00fc\u2019den Eski\u015fehir\u2019e 2019 Kas\u0131m ay\u0131n\u0131n en keyifli destinasyonlar\u0131\u2026","breadcrumb":{"@id":"https:\/\/julesverne.com.tr\/travel-blog\/kasim-ayinin-en-keyifli-destinasyonlari\/#breadcrumb"},"inLanguage":"en-US","potentialAction":[{"@type":"ReadAction","target":["https:\/\/julesverne.com.tr\/travel-blog\/kasim-ayinin-en-keyifli-destinasyonlari\/"]}]},{"@type":"ImageObject","inLanguage":"en-US","@id":"https:\/\/julesverne.com.tr\/travel-blog\/kasim-ayinin-en-keyifli-destinasyonlari\/#primaryimage","url":"https:\/\/julesverne.com.tr\/wp-content\/uploads\/2020\/09\/hallstatt.jpg","contentUrl":"https:\/\/julesverne.com.tr\/wp-content\/uploads\/2020\/09\/hallstatt.jpg","width":999,"height":666},{"@type":"BreadcrumbList","@id":"https:\/\/julesverne.com.tr\/travel-blog\/kasim-ayinin-en-keyifli-destinasyonlari\/#breadcrumb","itemListElement":[{"@type":"ListItem","position":1,"name":"Anasayfa","item":"https:\/\/julesverne.com.tr\/"},{"@type":"ListItem","position":2,"name":"Kas\u0131m Ay\u0131n\u0131n En Keyifli Destinasyonlar\u0131"}]},{"@type":"WebSite","@id":"https:\/\/julesverne.com.tr\/#website","url":"https:\/\/julesverne.com.tr\/","name":"JULES VERNE BUSINESS MICE TRAVEL","description":"","publisher":{"@id":"https:\/\/julesverne.com.tr\/#organization"},"potentialAction":[{"@type":"SearchAction","target":{"@type":"EntryPoint","urlTemplate":"https:\/\/julesverne.com.tr\/?s={search_term_string}"},"query-input":"required name=search_term_string"}],"inLanguage":"en-US"},{"@type":"Organization","@id":"https:\/\/julesverne.com.tr\/#organization","name":"JULES VERNE BUSINESS MICE TRAVEL","url":"https:\/\/julesverne.com.tr\/","logo":{"@type":"ImageObject","inLanguage":"en-US","@id":"https:\/\/julesverne.com.tr\/#\/schema\/logo\/image\/","url":"https:\/\/julesverne.com.tr\/wp-content\/uploads\/2020\/09\/jv-bmt-logo.png","contentUrl":"https:\/\/julesverne.com.tr\/wp-content\/uploads\/2020\/09\/jv-bmt-logo.png","width":110,"height":81,"caption":"JULES VERNE BUSINESS MICE TRAVEL"},"image":{"@id":"https:\/\/julesverne.com.tr\/#\/schema\/logo\/image\/"},"sameAs":["https:\/\/www.facebook.com\/JulesVerneBusinessMiceTravel\/","https:\/\/twitter.com\/JV_BusinessMice","https:\/\/www.instagram.com\/julesvernebusinessmicetravel\/","https:\/\/www.linkedin.com\/company\/julesvernebusinessmicetravel\/","https:\/\/www.youtube.com\/channel\/UCAwdsmbZ6tFhu1tea6pkpiw"]},{"@type":"Person","@id":"https:\/\/julesverne.com.tr\/#\/schema\/person\/f4eb0514ae455538644c31b99a466fdb","name":"fikirman","sameAs":["http:\/\/advermedya.net\/julesverne"],"url":"https:\/\/julesverne.com.tr\/en\/author\/fikirman\/"}]}},"_links":{"self":[{"href":"https:\/\/julesverne.com.tr\/en\/wp-json\/wp\/v2\/posts\/2181"}],"collection":[{"href":"https:\/\/julesverne.com.tr\/en\/wp-json\/wp\/v2\/posts"}],"about":[{"href":"https:\/\/julesverne.com.tr\/en\/wp-json\/wp\/v2\/types\/post"}],"author":[{"embeddable":true,"href":"https:\/\/julesverne.com.tr\/en\/wp-json\/wp\/v2\/users\/1"}],"replies":[{"embeddable":true,"href":"https:\/\/julesverne.com.tr\/en\/wp-json\/wp\/v2\/comments?post=2181"}],"version-history":[{"count":1,"href":"https:\/\/julesverne.com.tr\/en\/wp-json\/wp\/v2\/posts\/2181\/revisions"}],"predecessor-version":[{"id":17002,"href":"https:\/\/julesverne.com.tr\/en\/wp-json\/wp\/v2\/posts\/2181\/revisions\/17002"}],"wp:featuredmedia":[{"embeddable":true,"href":"https:\/\/julesverne.com.tr\/en\/wp-json\/wp\/v2\/media\/2182"}],"wp:attachment":[{"href":"https:\/\/julesverne.com.tr\/en\/wp-json\/wp\/v2\/media?parent=2181"}],"wp:term":[{"taxonomy":"category","embeddable":true,"href":"https:\/\/julesverne.com.tr\/en\/wp-json\/wp\/v2\/categories?post=2181"},{"taxonomy":"post_tag","embeddable":true,"href":"https:\/\/julesverne.com.tr\/en\/wp-json\/wp\/v2\/tags?post=2181"}],"curies":[{"name":"wp","href":"https:\/\/api.w.org\/{rel}","templated":true}]}}