{"id":2179,"date":"2019-10-16T18:30:39","date_gmt":"2019-10-16T15:30:39","guid":{"rendered":"https:\/\/www.julesverne.com.tr\/\/blog\/avrupanin-goz-kamastiran-noel-pazarlari\/"},"modified":"2024-03-21T17:25:50","modified_gmt":"2024-03-21T14:25:50","slug":"avrupanin-goz-kamastiran-noel-pazarlari","status":"publish","type":"post","link":"https:\/\/julesverne.com.tr\/en\/travel-blog\/avrupanin-goz-kamastiran-noel-pazarlari\/","title":{"rendered":"Avrupa\u2019n\u0131n G\u00f6z Kama\u015ft\u0131ran Noel Pazarlar\u0131"},"content":{"rendered":"<p><\/p>\n<p><p style=\"text-align: center;\"><img loading=\"lazy\" decoding=\"async\" class=\"alignnone size-full wp-image-3344\" src=\"https:\/\/www.julesverne.com.tr\/\/wp-content\/uploads\/2020\/09\/frankfurtchristmas.jpg\" width=\"1000\" height=\"520\" alt=\"\" srcset=\"https:\/\/julesverne.com.tr\/wp-content\/uploads\/2020\/09\/frankfurtchristmas.jpg 1000w, https:\/\/julesverne.com.tr\/wp-content\/uploads\/2020\/09\/frankfurtchristmas-500x260.jpg 500w, https:\/\/julesverne.com.tr\/wp-content\/uploads\/2020\/09\/frankfurtchristmas-768x399.jpg 768w\" sizes=\"(max-width: 1000px) 100vw, 1000px\" \/><\/p>\n<p>Avrupa&#8217;n\u0131n en renkli, \u0131\u015f\u0131lt\u0131l\u0131 zamanlar\u0131 ba\u015fl\u0131yor. Yeni y\u0131l gelmeden haftalar &ouml;ncesinde kurulan Noel pazarlar\u0131 Avrupa&#8217;n\u0131n \u015fehir ve kasabalar\u0131n\u0131 birer k\u0131\u015f karnaval\u0131na &ccedil;eviriyor. Ah\u015fap da\u011f kul&uuml;beleriyle donat\u0131lan \u015fehir meydanlar\u0131, Noel s&uuml;slemeleriyle kartpostallar\u0131 an\u0131msat\u0131yor. Renkli tezg&acirc;hlar aras\u0131nda dola\u015f\u0131p Noel&rsquo;in gelenekselle\u015fen lezzetlerini tatman\u0131n tam zaman\u0131! Fransa&#8217;dan Almanya&#8217;ya, Avusturya&#8217;dan \u0130svi&ccedil;re&rsquo;ye Avrupa&#8217;n\u0131n g&ouml;z kama\u015ft\u0131ran Noel pazarlar\u0131&#8230;<\/p>\n<p><strong>Prag, &Ccedil;ek Cumhuriyeti<\/strong><\/p>\n<p style=\"text-align: center;\"><strong><img loading=\"lazy\" decoding=\"async\" class=\"alignnone size-full wp-image-3345\" src=\"https:\/\/www.julesverne.com.tr\/\/wp-content\/uploads\/2020\/09\/pragchristmas.jpg\" width=\"999\" height=\"667\" alt=\"\" srcset=\"https:\/\/julesverne.com.tr\/wp-content\/uploads\/2020\/09\/pragchristmas.jpg 999w, https:\/\/julesverne.com.tr\/wp-content\/uploads\/2020\/09\/pragchristmas-500x334.jpg 500w, https:\/\/julesverne.com.tr\/wp-content\/uploads\/2020\/09\/pragchristmas-768x513.jpg 768w\" sizes=\"(max-width: 999px) 100vw, 999px\" \/><\/strong><\/p>\n<p>Her y\u0131l, &#8220;Avrupa&#8217;n\u0131n En G&uuml;zel Noel Pazarlar\u0131&#8221; listesinde yer alan Prag, tarihi atmosferiyle Noel zaman\u0131n\u0131 ger&ccedil;ek bir peri masal\u0131na d&ouml;n&uuml;\u015ft&uuml;r&uuml;yor. Old Town, Republic Square, Wenceslas Square, Peace Square gibi \u015fehrin &ouml;nemli meydanlar\u0131nda kurulan her Noel pazar\u0131 geleneksel \u015fekilde dekore ediliyor. Otantik &Ccedil;ek hediyelik e\u015fyalar\u0131, Noel&#8217;e &ouml;zel haz\u0131rlanan kurabiyeler, yiyecekler standlar\u0131 s&uuml;sl&uuml;yor.<br \/><em><strong>Ne zaman?<\/strong>&nbsp;<\/em>30 Kas\u0131m 2019 &ndash; 05 Ocak 2020<\/p>\n<p><strong>Strasbourg, Fransa<\/strong><\/p>\n<p style=\"text-align: center;\"><strong><img loading=\"lazy\" decoding=\"async\" class=\"alignnone size-full wp-image-3346\" src=\"https:\/\/www.julesverne.com.tr\/\/wp-content\/uploads\/2020\/09\/strasbourgchristmas.jpg\" width=\"736\" height=\"444\" alt=\"\" srcset=\"https:\/\/julesverne.com.tr\/wp-content\/uploads\/2020\/09\/strasbourgchristmas.jpg 736w, https:\/\/julesverne.com.tr\/wp-content\/uploads\/2020\/09\/strasbourgchristmas-500x302.jpg 500w\" sizes=\"(max-width: 736px) 100vw, 736px\" \/><\/strong><\/p>\n<p>Filmlerdeki gibi bir Noel pazar\u0131 deneyimi ya\u015famak istiyorsan\u0131z gitmeniz gereken say\u0131l\u0131 yerlerden biri elbette Strasbourg. \u015eehrin tarihi dokusu sanki y\u0131l\u0131n bu &ouml;zel d&ouml;nemiyle uyumlu olsun diye in\u015fa edilmi\u015f gibi&#8230; 1570 y\u0131l\u0131ndan beri devam eden Noel Pazar\u0131 gelene\u011fi bu \u015fehrin kodlar\u0131na i\u015flemi\u015f. Katedral &ccedil;evresine kurulan pazar 300&#8217;&uuml;n &uuml;zerinde ah\u015fap kul&uuml;beyle \u0131\u015f\u0131l \u0131\u015f\u0131l parl\u0131yor. Alsace b&ouml;lgesine &ouml;zg&uuml; hediyelik e\u015fyalar, Alsace mutfa\u011f\u0131ndan lezzetler sizi bekliyor. Place Kl&eacute;ber&#8217;de kurulan Noel a\u011fac\u0131n\u0131n \u0131\u015f\u0131kland\u0131rmas\u0131 ise tam bir g&ouml;rsel \u015f&ouml;len!<br \/><strong><em>Ne zaman?<\/em>&nbsp;<\/strong>22 Kas\u0131m &ndash; 25 Aral\u0131k 2019<\/p>\n<p><strong>Leipzig, Almanya<\/strong><\/p>\n<p style=\"text-align: center;\"><strong><img loading=\"lazy\" decoding=\"async\" class=\"alignnone size-full wp-image-3347\" src=\"https:\/\/www.julesverne.com.tr\/\/wp-content\/uploads\/2020\/09\/leipzigchristmas.jpg\" width=\"1024\" height=\"678\" alt=\"\" srcset=\"https:\/\/julesverne.com.tr\/wp-content\/uploads\/2020\/09\/leipzigchristmas.jpg 1024w, https:\/\/julesverne.com.tr\/wp-content\/uploads\/2020\/09\/leipzigchristmas-500x331.jpg 500w, https:\/\/julesverne.com.tr\/wp-content\/uploads\/2020\/09\/leipzigchristmas-768x509.jpg 768w\" sizes=\"(max-width: 1024px) 100vw, 1024px\" \/><\/strong><\/p>\n<p>Almanya&#8217;n\u0131n en eski ikinci Noel pazar\u0131 olan Leipzig Christmas Market&#8217;\u0131n tarihi 1458 y\u0131l\u0131na uzan\u0131yor. Martplatz&#8217;da kurulan Noel pazar\u0131 250&#8217;den fazla par\u0131lt\u0131l\u0131 tezg&acirc;h\u0131 ile farkl\u0131 bir&ccedil;ok se&ccedil;enek sunuyor. Alman hediyelik e\u015fyalar\u0131, el yap\u0131m\u0131 &uuml;r&uuml;nler, Alman sokak lezzetleri so\u011fuk havada i&ccedil;inizi \u0131s\u0131t\u0131yor. Augustusplatz meydan\u0131nda kurulan ve 38 metre y&uuml;kseklikteki Noel a\u011fac\u0131n\u0131 da mutlaka g&ouml;r&uuml;n!<br \/><em><strong>Ne zaman?<\/strong><\/em>&nbsp;26 Kas\u0131m &ndash; 23 Aral\u0131k 2019<\/p>\n<p><strong>Budape\u015fte, Macaristan<\/strong><\/p>\n<p style=\"text-align: center;\"><strong><img loading=\"lazy\" decoding=\"async\" class=\"alignnone size-full wp-image-3348\" src=\"https:\/\/www.julesverne.com.tr\/\/wp-content\/uploads\/2020\/09\/budapest-1.jpg\" width=\"1024\" height=\"684\" alt=\"\" srcset=\"https:\/\/julesverne.com.tr\/wp-content\/uploads\/2020\/09\/budapest-1.jpg 1024w, https:\/\/julesverne.com.tr\/wp-content\/uploads\/2020\/09\/budapest-1-500x334.jpg 500w, https:\/\/julesverne.com.tr\/wp-content\/uploads\/2020\/09\/budapest-1-768x513.jpg 768w\" sizes=\"(max-width: 1024px) 100vw, 1024px\" \/><\/strong><\/p>\n<p>Noel ruhu Budape\u015fte&#8217;nin tarihi b&ouml;lgesini etkisi alt\u0131na al\u0131yor. Budape\u015fte&#8217;nin b&uuml;y&uuml;k ve g&ouml;rkemli kilisesi St Stephen&#8217;s Basilica &ouml;n&uuml;nde kurulan Noel pazar\u0131 ve 10 dakika mesafedeki V&ouml;r&ouml;smarty Noel pazar\u0131 \u015fehri festival havas\u0131na sokuyor. Macar geleneklerini yans\u0131tan hediyelik e\u015fyalar\u0131n aras\u0131nda Macar mutfa\u011f\u0131n\u0131n spesiyalleri olan Flodni keki, burger &ccedil;e\u015fitleri, silindiri and\u0131ran baca keki kokular\u0131 sizi mest edecek.&nbsp;<br \/><em><strong>Ne zaman?<\/strong><\/em>&nbsp;22 Kas\u0131m 2019-01 Ocak 2020 (Christmas Fair at Basilica) \/ 8 Kas\u0131m 2019 &#8211; 01 Ocak 2020 (Christmas Market V&ouml;r&ouml;smarty)<\/p>\n<p><strong>Basel, \u0130svi&ccedil;re<\/strong><\/p>\n<p style=\"text-align: center;\"><strong><img loading=\"lazy\" decoding=\"async\" class=\"alignnone size-full wp-image-3349\" src=\"https:\/\/www.julesverne.com.tr\/\/wp-content\/uploads\/2020\/09\/baselchristmas.jpg\" width=\"1000\" height=\"668\" alt=\"\" srcset=\"https:\/\/julesverne.com.tr\/wp-content\/uploads\/2020\/09\/baselchristmas.jpg 1000w, https:\/\/julesverne.com.tr\/wp-content\/uploads\/2020\/09\/baselchristmas-500x334.jpg 500w, https:\/\/julesverne.com.tr\/wp-content\/uploads\/2020\/09\/baselchristmas-768x513.jpg 768w\" sizes=\"(max-width: 1000px) 100vw, 1000px\" \/><\/strong><\/p>\n<p>\u0130svi&ccedil;re&#8217;nin en g&uuml;zel ve b&uuml;y&uuml;k Noel pazar\u0131n\u0131 ar\u0131yorsan\u0131z Basel&#8217;e gitmelisiniz. K&ouml;kl&uuml; bir Noel gelene\u011fi olan Basel, s&uuml;slemeleriyle her y\u0131l ziyareti hak ediyor. Noel pazarlar\u0131 bir yana \u015fehrin d&uuml;kk&acirc;nlar\u0131 ve binalar\u0131 &ouml;yle g&uuml;zel s&uuml;sleniyor ki sokaklar\u0131 terk etmek istemiyorsunuz. Barf&uuml;sserplatz Meydan\u0131 ve M&uuml;nsterplatz Meydan\u0131&#8217;nda kurulan Noel pazarlar\u0131 Avrupa&#8217;n\u0131n en g&uuml;zel Noel pazarlar\u0131 listesinde. M&uuml;nsterplatz&#8217;da kurulan b&uuml;y&uuml;leyici Noel a\u011fac\u0131, &uuml;nl&uuml; dekorat&ouml;r Johann Wanner dokunu\u015flar\u0131 ta\u015f\u0131yor.<br \/><strong><em>Ne zaman?&nbsp;<\/em><\/strong>28 Kas\u0131m &ndash; 23 Aral\u0131k 2019<\/p>\n<p><strong>Poznan, Polonya<\/strong><\/p>\n<p style=\"text-align: center;\"><strong><img loading=\"lazy\" decoding=\"async\" class=\"alignnone size-full wp-image-3350\" src=\"https:\/\/www.julesverne.com.tr\/\/wp-content\/uploads\/2020\/09\/poznan.jpg\" width=\"838\" height=\"528\" alt=\"\" srcset=\"https:\/\/julesverne.com.tr\/wp-content\/uploads\/2020\/09\/poznan.jpg 838w, https:\/\/julesverne.com.tr\/wp-content\/uploads\/2020\/09\/poznan-500x315.jpg 500w, https:\/\/julesverne.com.tr\/wp-content\/uploads\/2020\/09\/poznan-768x484.jpg 768w\" sizes=\"(max-width: 838px) 100vw, 838px\" \/><\/strong><\/p>\n<p>Polonya&#8217;n\u0131n en eski \u015fehirlerinden biri olan Poznan ayn\u0131 zamanda B&uuml;y&uuml;k Polonya&#8217;n\u0131n da tarihi ba\u015fkenti. Bu siyasi g&uuml;c&uuml;n&uuml; mimarisine de yans\u0131tan \u015fehrin tarihi merkezi tarihi binalarla &ccedil;evrili. Old Market Square&#8217;de kurulan Noel Pazar\u0131 Arnavut kald\u0131r\u0131ml\u0131 caddeler aras\u0131nda zamanda yolculuk yap\u0131yormu\u015f gibi hissettiriyor.<br \/><strong><em>Ne zaman?&nbsp;<\/em><\/strong>17 Kas\u0131m &ndash; 22 Aral\u0131k 2019&nbsp;<\/p>\n<p><strong>Lille, Fransa<\/strong><\/p>\n<p style=\"text-align: center;\"><strong><img loading=\"lazy\" decoding=\"async\" class=\"alignnone size-full wp-image-3351\" src=\"https:\/\/www.julesverne.com.tr\/\/wp-content\/uploads\/2020\/09\/lille.jpg\" width=\"999\" height=\"666\" alt=\"\" srcset=\"https:\/\/julesverne.com.tr\/wp-content\/uploads\/2020\/09\/lille.jpg 999w, https:\/\/julesverne.com.tr\/wp-content\/uploads\/2020\/09\/lille-500x333.jpg 500w, https:\/\/julesverne.com.tr\/wp-content\/uploads\/2020\/09\/lille-768x512.jpg 768w\" sizes=\"(max-width: 999px) 100vw, 999px\" \/><\/strong><\/p>\n<p>Kuzey Fransa&#8217;n\u0131n g&uuml;zel \u015fehri Lille, Bel&ccedil;ika s\u0131n\u0131r\u0131nda yer almas\u0131yla iki k&uuml;lt&uuml;r&uuml;n izlerini ta\u015f\u0131yor. Son y\u0131llarda seyahat dergileri ve bloglar\u0131nda ad\u0131na s\u0131k&ccedil;a rastlad\u0131\u011f\u0131m\u0131z Lille, Noel zaman\u0131 geldi\u011finde sizi k\u0131\u015f masal\u0131na davet ediyor. Place Rihour Meydan\u0131&#8217;nda kurulan Lille Noel Pazar\u0131 80&#8217;den fazla ah\u015fap kul&uuml;besinde hediyelik e\u015fyalar, Noel s&uuml;sleri ve Noel tatlar\u0131na yer veriyor. Frans\u0131z, Bel&ccedil;ika ve Kanada mutfa\u011f\u0131ndan Noel&#8217;e &ouml;zel tatlar\u0131 denemeyi de ihmal etmeyin. D&ouml;nme dolaba binip, \u015fehri tepeden seyredebilirsiniz.<br \/><em><strong>Ne zaman?<\/strong>&nbsp;<\/em>22 Kas\u0131m &ndash; 29 Aral\u0131k 2019<\/p>\n<p><strong>Tallinn, Estonya<\/strong><\/p>\n<p style=\"text-align: center;\"><strong><img loading=\"lazy\" decoding=\"async\" class=\"alignnone size-full wp-image-3352\" src=\"https:\/\/www.julesverne.com.tr\/\/wp-content\/uploads\/2020\/09\/tallinn.jpg\" width=\"999\" height=\"713\" alt=\"\" srcset=\"https:\/\/julesverne.com.tr\/wp-content\/uploads\/2020\/09\/tallinn.jpg 999w, https:\/\/julesverne.com.tr\/wp-content\/uploads\/2020\/09\/tallinn-500x357.jpg 500w, https:\/\/julesverne.com.tr\/wp-content\/uploads\/2020\/09\/tallinn-768x548.jpg 768w\" sizes=\"(max-width: 999px) 100vw, 999px\" \/><\/strong><\/p>\n<p>Masals\u0131 dokunu\u015flarla, Tallinn Town Hall Medyan\u0131&#8217;nda kurulan Noel pazar\u0131, \u015fehri bir peri masal\u0131na d&ouml;n&uuml;\u015ft&uuml;r&uuml;yor. Tallinn Noel Pazar\u0131&#8217;n\u0131n en etkileyici &ouml;znesi ise meydandaki Noel a\u011fac\u0131. 1441 y\u0131l\u0131nda belediye binas\u0131n\u0131n &ouml;n&uuml;nde kurulan Noel a\u011fac\u0131 Avrupa&#8217;n\u0131n meydanda kurulan ilk Noel a\u011fac\u0131 olma &ouml;zelli\u011fini ta\u015f\u0131yor. Tallinn Noel Pazar\u0131&#8217;na geldi\u011finizde 7&#8217;den 70&#8217;e herkes i&ccedil;in bir e\u011flence oldu\u011funu g&ouml;rebilirsiniz.<br \/><em><strong>Ne zaman?<\/strong><\/em>&nbsp;16 Kas\u0131m 2019 &ndash; 07 Ocak 2020&nbsp;<\/p>\n<p><strong>Viyana, Avusturya<\/strong><\/p>\n<p style=\"text-align: center;\"><strong><img loading=\"lazy\" decoding=\"async\" class=\"alignnone size-full wp-image-3353\" src=\"https:\/\/www.julesverne.com.tr\/\/wp-content\/uploads\/2020\/09\/viyana.jpg\" width=\"999\" height=\"692\" alt=\"\" srcset=\"https:\/\/julesverne.com.tr\/wp-content\/uploads\/2020\/09\/viyana.jpg 999w, https:\/\/julesverne.com.tr\/wp-content\/uploads\/2020\/09\/viyana-500x346.jpg 500w, https:\/\/julesverne.com.tr\/wp-content\/uploads\/2020\/09\/viyana-768x532.jpg 768w\" sizes=\"(max-width: 999px) 100vw, 999px\" \/><\/strong><\/p>\n<p>Avrupa&#8217;da say\u0131s\u0131z Noel pazar\u0131 gezmek gibi bir hayaliniz varsa Viyana&#8217;ya gitmelisiniz. \u015eehir sanki Noel&#8217;i kutlamak i&ccedil;in yarat\u0131lm\u0131\u015f gibi. Ondan fazla Noel pazar\u0131 olan \u015fehirde dola\u015f\u0131rken k\u0131\u015f masal\u0131nda gibi hissedeceksiniz. Birbirinden g&uuml;zel meydanlar ve saray bah&ccedil;eleri Noel \u0131\u015f\u0131klar\u0131 ve ah\u015fap Noel kul&uuml;beleriyle s&uuml;sleniyor. &Ccedil;ocuklar ve yeti\u015fkinler i&ccedil;in d&uuml;zenlenen aktiviteler, Avusturya lezzetleri ile Viyana Noel Pazar\u0131 deneyiminiz unutulmazlar aras\u0131nda yerini alacak. Schloss Sch&ouml;nbrunn, Christkindlmarkt Rathausplatz, Weihnachtsmarkt Karlsplatz, Altwiener Christkindlmarkt Viyana Noel pazarlar\u0131 listenizde olmal\u0131.<br \/><em><strong>Ne zaman?<\/strong><\/em>&nbsp;15 Ka\u0131sm &ndash; 24 Aral\u0131k 2019<br \/><span style=\"text-decoration: underline;\"><strong>NOT:<\/strong> <\/span>Viyana&rsquo;da kurulan Noel pazarlar\u0131n\u0131n tarihleri de\u011fi\u015fiklik g&ouml;steriyor.<\/p>\n<p><strong>G&ouml;teborg (Gothenburg), \u0130sve&ccedil;<\/strong><\/p>\n<p style=\"text-align: center;\"><strong><img loading=\"lazy\" decoding=\"async\" class=\"alignnone size-full wp-image-3354\" src=\"https:\/\/www.julesverne.com.tr\/\/wp-content\/uploads\/2020\/09\/goteborg-1.jpg\" width=\"960\" height=\"765\" alt=\"\" srcset=\"https:\/\/julesverne.com.tr\/wp-content\/uploads\/2020\/09\/goteborg-1.jpg 960w, https:\/\/julesverne.com.tr\/wp-content\/uploads\/2020\/09\/goteborg-1-500x398.jpg 500w, https:\/\/julesverne.com.tr\/wp-content\/uploads\/2020\/09\/goteborg-1-768x612.jpg 768w\" sizes=\"(max-width: 960px) 100vw, 960px\" \/><\/strong><\/p>\n<p>G&ouml;teborg&#8217;un uzun k\u0131\u015f aylar\u0131na renk katan G&ouml;teborg Noel Pazarlar\u0131 so\u011fuk havay\u0131 unutturan s\u0131cac\u0131k bir d&ouml;neme i\u015faret ediyor. Eski \u0130skandinav geleneklerinin de hat\u0131rland\u0131\u011f\u0131 Noel pazar\u0131 \u0130sve&ccedil; ruhunu yans\u0131t\u0131yor. Liseberg Amusement Park&#8217;ta kurulan ve \u0130sve&ccedil;&rsquo;in en b&uuml;y&uuml;k Noel pazar\u0131 Disney World&#8217;&uuml; an\u0131msat\u0131yor. Noel tezg&acirc;hlar\u0131, \u0131\u015f\u0131kland\u0131r\u0131lan oyuncaklar harika bir g&ouml;r&uuml;nt&uuml; sunuyor. G&ouml;teborg&#8217;un en eski binalar\u0131ndan olan Kronhusjul &ccedil;evresinde kurulan Noel Pazar\u0131, Haga Noel Pazar\u0131 da g&ouml;r&uuml;lmeli.<br \/><strong><em>Ne zaman?<\/em>&nbsp;<\/strong>15 Kas\u0131m &ndash; 30 Aral\u0131k 2019<\/p>\n<p style=\"text-align: center;\"><strong>Size &ouml;zel Noel pazarlar\u0131 seyahat program\u0131 ve rezervasyon i&ccedil;in:<br \/><\/strong><strong><a href=\"mailto:travel@julesverne.com.tr\" target=\"_blank\" rel=\"noopener noreferrer\">travel@julesverne.com.tr<br \/><\/a><\/strong><strong>0212 266 6363 &#8211; 179<\/strong><\/p>\n<\/p>\n<p><\/p>","protected":false},"excerpt":{"rendered":"<p>Yeni y\u0131l gelmeden haftalar &ouml;ncesinde kurulan Noel pazarlar\u0131 Avrupa&#8217;n\u0131n \u015fehir ve kasabalar\u0131n\u0131 birer k\u0131\u015f karnaval\u0131na &ccedil;eviriyor. Fransa&#8217;dan Almanya&#8217;ya, Avusturya&#8217;dan \u0130svi&ccedil;re&rsquo;ye Avrupa&#8217;n\u0131n g&ouml;z kama\u015ft\u0131ran Noel pazarlar\u0131&#8230;<\/p>\n","protected":false},"author":1,"featured_media":2180,"comment_status":"closed","ping_status":"closed","sticky":false,"template":"","format":"standard","meta":{"inline_featured_image":false,"footnotes":""},"categories":[1],"tags":[],"acf":[],"yoast_head":"<!-- This site is optimized with the Yoast SEO plugin v22.3 - https:\/\/yoast.com\/wordpress\/plugins\/seo\/ -->\n<title>Avrupa\u2019n\u0131n G\u00f6z Kama\u015ft\u0131ran Noel Pazarlar\u0131 - JULES VERNE BUSINESS MICE TRAVEL<\/title>\n<meta name=\"description\" content=\"Fransa&#039;dan Almanya&#039;ya, Avusturya&#039;dan \u0130svi\u00e7re\u2019ye Avrupa&#039;n\u0131n g\u00f6z kama\u015ft\u0131ran Noel pazarlar\u0131...\" \/>\n<meta name=\"robots\" content=\"index, follow, max-snippet:-1, max-image-preview:large, max-video-preview:-1\" \/>\n<link rel=\"canonical\" href=\"https:\/\/julesverne.com.tr\/travel-blog\/avrupanin-goz-kamastiran-noel-pazarlari\/\" \/>\n<meta property=\"og:locale\" content=\"en_US\" \/>\n<meta property=\"og:type\" content=\"article\" \/>\n<meta property=\"og:title\" content=\"Avrupa\u2019n\u0131n G\u00f6z Kama\u015ft\u0131ran Noel Pazarlar\u0131 - JULES VERNE BUSINESS MICE TRAVEL\" \/>\n<meta property=\"og:description\" content=\"Fransa&#039;dan Almanya&#039;ya, Avusturya&#039;dan \u0130svi\u00e7re\u2019ye Avrupa&#039;n\u0131n g\u00f6z kama\u015ft\u0131ran Noel pazarlar\u0131...\" \/>\n<meta property=\"og:url\" content=\"https:\/\/julesverne.com.tr\/travel-blog\/avrupanin-goz-kamastiran-noel-pazarlari\/\" \/>\n<meta property=\"og:site_name\" content=\"JULES VERNE BUSINESS MICE TRAVEL\" \/>\n<meta property=\"article:publisher\" content=\"https:\/\/www.facebook.com\/JulesVerneBusinessMiceTravel\/\" \/>\n<meta property=\"article:published_time\" content=\"2019-10-16T15:30:39+00:00\" \/>\n<meta property=\"article:modified_time\" content=\"2024-03-21T14:25:50+00:00\" \/>\n<meta property=\"og:image\" content=\"https:\/\/julesverne.com.tr\/wp-content\/uploads\/2020\/09\/frankfurtxmas.jpg\" \/>\n\t<meta property=\"og:image:width\" content=\"861\" \/>\n\t<meta property=\"og:image:height\" content=\"518\" \/>\n\t<meta property=\"og:image:type\" content=\"image\/jpeg\" \/>\n<meta name=\"author\" content=\"fikirman\" \/>\n<meta name=\"twitter:card\" content=\"summary_large_image\" \/>\n<meta name=\"twitter:creator\" content=\"@JV_BusinessMice\" \/>\n<meta name=\"twitter:site\" content=\"@JV_BusinessMice\" \/>\n<meta name=\"twitter:label1\" content=\"Written by\" \/>\n\t<meta name=\"twitter:data1\" content=\"fikirman\" \/>\n\t<meta name=\"twitter:label2\" content=\"Est. reading time\" \/>\n\t<meta name=\"twitter:data2\" content=\"8 minutes\" \/>\n<script type=\"application\/ld+json\" class=\"yoast-schema-graph\">{\"@context\":\"https:\/\/schema.org\",\"@graph\":[{\"@type\":\"Article\",\"@id\":\"https:\/\/julesverne.com.tr\/travel-blog\/avrupanin-goz-kamastiran-noel-pazarlari\/#article\",\"isPartOf\":{\"@id\":\"https:\/\/julesverne.com.tr\/travel-blog\/avrupanin-goz-kamastiran-noel-pazarlari\/\"},\"author\":{\"name\":\"fikirman\",\"@id\":\"https:\/\/julesverne.com.tr\/#\/schema\/person\/f4eb0514ae455538644c31b99a466fdb\"},\"headline\":\"Avrupa\u2019n\u0131n G\u00f6z Kama\u015ft\u0131ran Noel Pazarlar\u0131\",\"datePublished\":\"2019-10-16T15:30:39+00:00\",\"dateModified\":\"2024-03-21T14:25:50+00:00\",\"mainEntityOfPage\":{\"@id\":\"https:\/\/julesverne.com.tr\/travel-blog\/avrupanin-goz-kamastiran-noel-pazarlari\/\"},\"wordCount\":2180,\"publisher\":{\"@id\":\"https:\/\/julesverne.com.tr\/#organization\"},\"image\":{\"@id\":\"https:\/\/julesverne.com.tr\/travel-blog\/avrupanin-goz-kamastiran-noel-pazarlari\/#primaryimage\"},\"thumbnailUrl\":\"https:\/\/julesverne.com.tr\/wp-content\/uploads\/2020\/09\/frankfurtxmas.jpg\",\"articleSection\":[\"Blog\"],\"inLanguage\":\"en-US\"},{\"@type\":\"WebPage\",\"@id\":\"https:\/\/julesverne.com.tr\/travel-blog\/avrupanin-goz-kamastiran-noel-pazarlari\/\",\"url\":\"https:\/\/julesverne.com.tr\/travel-blog\/avrupanin-goz-kamastiran-noel-pazarlari\/\",\"name\":\"Avrupa\u2019n\u0131n G\u00f6z Kama\u015ft\u0131ran Noel Pazarlar\u0131 - JULES VERNE BUSINESS MICE TRAVEL\",\"isPartOf\":{\"@id\":\"https:\/\/julesverne.com.tr\/#website\"},\"primaryImageOfPage\":{\"@id\":\"https:\/\/julesverne.com.tr\/travel-blog\/avrupanin-goz-kamastiran-noel-pazarlari\/#primaryimage\"},\"image\":{\"@id\":\"https:\/\/julesverne.com.tr\/travel-blog\/avrupanin-goz-kamastiran-noel-pazarlari\/#primaryimage\"},\"thumbnailUrl\":\"https:\/\/julesverne.com.tr\/wp-content\/uploads\/2020\/09\/frankfurtxmas.jpg\",\"datePublished\":\"2019-10-16T15:30:39+00:00\",\"dateModified\":\"2024-03-21T14:25:50+00:00\",\"description\":\"Fransa'dan Almanya'ya, Avusturya'dan \u0130svi\u00e7re\u2019ye Avrupa'n\u0131n g\u00f6z kama\u015ft\u0131ran Noel pazarlar\u0131...\",\"breadcrumb\":{\"@id\":\"https:\/\/julesverne.com.tr\/travel-blog\/avrupanin-goz-kamastiran-noel-pazarlari\/#breadcrumb\"},\"inLanguage\":\"en-US\",\"potentialAction\":[{\"@type\":\"ReadAction\",\"target\":[\"https:\/\/julesverne.com.tr\/travel-blog\/avrupanin-goz-kamastiran-noel-pazarlari\/\"]}]},{\"@type\":\"ImageObject\",\"inLanguage\":\"en-US\",\"@id\":\"https:\/\/julesverne.com.tr\/travel-blog\/avrupanin-goz-kamastiran-noel-pazarlari\/#primaryimage\",\"url\":\"https:\/\/julesverne.com.tr\/wp-content\/uploads\/2020\/09\/frankfurtxmas.jpg\",\"contentUrl\":\"https:\/\/julesverne.com.tr\/wp-content\/uploads\/2020\/09\/frankfurtxmas.jpg\",\"width\":861,\"height\":518},{\"@type\":\"BreadcrumbList\",\"@id\":\"https:\/\/julesverne.com.tr\/travel-blog\/avrupanin-goz-kamastiran-noel-pazarlari\/#breadcrumb\",\"itemListElement\":[{\"@type\":\"ListItem\",\"position\":1,\"name\":\"Anasayfa\",\"item\":\"https:\/\/julesverne.com.tr\/\"},{\"@type\":\"ListItem\",\"position\":2,\"name\":\"Avrupa\u2019n\u0131n G\u00f6z Kama\u015ft\u0131ran Noel Pazarlar\u0131\"}]},{\"@type\":\"WebSite\",\"@id\":\"https:\/\/julesverne.com.tr\/#website\",\"url\":\"https:\/\/julesverne.com.tr\/\",\"name\":\"JULES VERNE BUSINESS MICE TRAVEL\",\"description\":\"\",\"publisher\":{\"@id\":\"https:\/\/julesverne.com.tr\/#organization\"},\"potentialAction\":[{\"@type\":\"SearchAction\",\"target\":{\"@type\":\"EntryPoint\",\"urlTemplate\":\"https:\/\/julesverne.com.tr\/?s={search_term_string}\"},\"query-input\":\"required name=search_term_string\"}],\"inLanguage\":\"en-US\"},{\"@type\":\"Organization\",\"@id\":\"https:\/\/julesverne.com.tr\/#organization\",\"name\":\"JULES VERNE BUSINESS MICE TRAVEL\",\"url\":\"https:\/\/julesverne.com.tr\/\",\"logo\":{\"@type\":\"ImageObject\",\"inLanguage\":\"en-US\",\"@id\":\"https:\/\/julesverne.com.tr\/#\/schema\/logo\/image\/\",\"url\":\"https:\/\/julesverne.com.tr\/wp-content\/uploads\/2020\/09\/jv-bmt-logo.png\",\"contentUrl\":\"https:\/\/julesverne.com.tr\/wp-content\/uploads\/2020\/09\/jv-bmt-logo.png\",\"width\":110,\"height\":81,\"caption\":\"JULES VERNE BUSINESS MICE TRAVEL\"},\"image\":{\"@id\":\"https:\/\/julesverne.com.tr\/#\/schema\/logo\/image\/\"},\"sameAs\":[\"https:\/\/www.facebook.com\/JulesVerneBusinessMiceTravel\/\",\"https:\/\/twitter.com\/JV_BusinessMice\",\"https:\/\/www.instagram.com\/julesvernebusinessmicetravel\/\",\"https:\/\/www.linkedin.com\/company\/julesvernebusinessmicetravel\/\",\"https:\/\/www.youtube.com\/channel\/UCAwdsmbZ6tFhu1tea6pkpiw\"]},{\"@type\":\"Person\",\"@id\":\"https:\/\/julesverne.com.tr\/#\/schema\/person\/f4eb0514ae455538644c31b99a466fdb\",\"name\":\"fikirman\",\"sameAs\":[\"http:\/\/advermedya.net\/julesverne\"],\"url\":\"https:\/\/julesverne.com.tr\/en\/author\/fikirman\/\"}]}<\/script>\n<!-- \/ Yoast SEO plugin. -->","yoast_head_json":{"title":"Avrupa\u2019n\u0131n G\u00f6z Kama\u015ft\u0131ran Noel Pazarlar\u0131 - JULES VERNE BUSINESS MICE TRAVEL","description":"Fransa'dan Almanya'ya, Avusturya'dan \u0130svi\u00e7re\u2019ye Avrupa'n\u0131n g\u00f6z kama\u015ft\u0131ran Noel pazarlar\u0131...","robots":{"index":"index","follow":"follow","max-snippet":"max-snippet:-1","max-image-preview":"max-image-preview:large","max-video-preview":"max-video-preview:-1"},"canonical":"https:\/\/julesverne.com.tr\/travel-blog\/avrupanin-goz-kamastiran-noel-pazarlari\/","og_locale":"en_US","og_type":"article","og_title":"Avrupa\u2019n\u0131n G\u00f6z Kama\u015ft\u0131ran Noel Pazarlar\u0131 - JULES VERNE BUSINESS MICE TRAVEL","og_description":"Fransa'dan Almanya'ya, Avusturya'dan \u0130svi\u00e7re\u2019ye Avrupa'n\u0131n g\u00f6z kama\u015ft\u0131ran Noel pazarlar\u0131...","og_url":"https:\/\/julesverne.com.tr\/travel-blog\/avrupanin-goz-kamastiran-noel-pazarlari\/","og_site_name":"JULES VERNE BUSINESS MICE TRAVEL","article_publisher":"https:\/\/www.facebook.com\/JulesVerneBusinessMiceTravel\/","article_published_time":"2019-10-16T15:30:39+00:00","article_modified_time":"2024-03-21T14:25:50+00:00","og_image":[{"width":861,"height":518,"url":"https:\/\/julesverne.com.tr\/wp-content\/uploads\/2020\/09\/frankfurtxmas.jpg","type":"image\/jpeg"}],"author":"fikirman","twitter_card":"summary_large_image","twitter_creator":"@JV_BusinessMice","twitter_site":"@JV_BusinessMice","twitter_misc":{"Written by":"fikirman","Est. reading time":"8 minutes"},"schema":{"@context":"https:\/\/schema.org","@graph":[{"@type":"Article","@id":"https:\/\/julesverne.com.tr\/travel-blog\/avrupanin-goz-kamastiran-noel-pazarlari\/#article","isPartOf":{"@id":"https:\/\/julesverne.com.tr\/travel-blog\/avrupanin-goz-kamastiran-noel-pazarlari\/"},"author":{"name":"fikirman","@id":"https:\/\/julesverne.com.tr\/#\/schema\/person\/f4eb0514ae455538644c31b99a466fdb"},"headline":"Avrupa\u2019n\u0131n G\u00f6z Kama\u015ft\u0131ran Noel Pazarlar\u0131","datePublished":"2019-10-16T15:30:39+00:00","dateModified":"2024-03-21T14:25:50+00:00","mainEntityOfPage":{"@id":"https:\/\/julesverne.com.tr\/travel-blog\/avrupanin-goz-kamastiran-noel-pazarlari\/"},"wordCount":2180,"publisher":{"@id":"https:\/\/julesverne.com.tr\/#organization"},"image":{"@id":"https:\/\/julesverne.com.tr\/travel-blog\/avrupanin-goz-kamastiran-noel-pazarlari\/#primaryimage"},"thumbnailUrl":"https:\/\/julesverne.com.tr\/wp-content\/uploads\/2020\/09\/frankfurtxmas.jpg","articleSection":["Blog"],"inLanguage":"en-US"},{"@type":"WebPage","@id":"https:\/\/julesverne.com.tr\/travel-blog\/avrupanin-goz-kamastiran-noel-pazarlari\/","url":"https:\/\/julesverne.com.tr\/travel-blog\/avrupanin-goz-kamastiran-noel-pazarlari\/","name":"Avrupa\u2019n\u0131n G\u00f6z Kama\u015ft\u0131ran Noel Pazarlar\u0131 - JULES VERNE BUSINESS MICE TRAVEL","isPartOf":{"@id":"https:\/\/julesverne.com.tr\/#website"},"primaryImageOfPage":{"@id":"https:\/\/julesverne.com.tr\/travel-blog\/avrupanin-goz-kamastiran-noel-pazarlari\/#primaryimage"},"image":{"@id":"https:\/\/julesverne.com.tr\/travel-blog\/avrupanin-goz-kamastiran-noel-pazarlari\/#primaryimage"},"thumbnailUrl":"https:\/\/julesverne.com.tr\/wp-content\/uploads\/2020\/09\/frankfurtxmas.jpg","datePublished":"2019-10-16T15:30:39+00:00","dateModified":"2024-03-21T14:25:50+00:00","description":"Fransa'dan Almanya'ya, Avusturya'dan \u0130svi\u00e7re\u2019ye Avrupa'n\u0131n g\u00f6z kama\u015ft\u0131ran Noel pazarlar\u0131...","breadcrumb":{"@id":"https:\/\/julesverne.com.tr\/travel-blog\/avrupanin-goz-kamastiran-noel-pazarlari\/#breadcrumb"},"inLanguage":"en-US","potentialAction":[{"@type":"ReadAction","target":["https:\/\/julesverne.com.tr\/travel-blog\/avrupanin-goz-kamastiran-noel-pazarlari\/"]}]},{"@type":"ImageObject","inLanguage":"en-US","@id":"https:\/\/julesverne.com.tr\/travel-blog\/avrupanin-goz-kamastiran-noel-pazarlari\/#primaryimage","url":"https:\/\/julesverne.com.tr\/wp-content\/uploads\/2020\/09\/frankfurtxmas.jpg","contentUrl":"https:\/\/julesverne.com.tr\/wp-content\/uploads\/2020\/09\/frankfurtxmas.jpg","width":861,"height":518},{"@type":"BreadcrumbList","@id":"https:\/\/julesverne.com.tr\/travel-blog\/avrupanin-goz-kamastiran-noel-pazarlari\/#breadcrumb","itemListElement":[{"@type":"ListItem","position":1,"name":"Anasayfa","item":"https:\/\/julesverne.com.tr\/"},{"@type":"ListItem","position":2,"name":"Avrupa\u2019n\u0131n G\u00f6z Kama\u015ft\u0131ran Noel Pazarlar\u0131"}]},{"@type":"WebSite","@id":"https:\/\/julesverne.com.tr\/#website","url":"https:\/\/julesverne.com.tr\/","name":"JULES VERNE BUSINESS MICE TRAVEL","description":"","publisher":{"@id":"https:\/\/julesverne.com.tr\/#organization"},"potentialAction":[{"@type":"SearchAction","target":{"@type":"EntryPoint","urlTemplate":"https:\/\/julesverne.com.tr\/?s={search_term_string}"},"query-input":"required name=search_term_string"}],"inLanguage":"en-US"},{"@type":"Organization","@id":"https:\/\/julesverne.com.tr\/#organization","name":"JULES VERNE BUSINESS MICE TRAVEL","url":"https:\/\/julesverne.com.tr\/","logo":{"@type":"ImageObject","inLanguage":"en-US","@id":"https:\/\/julesverne.com.tr\/#\/schema\/logo\/image\/","url":"https:\/\/julesverne.com.tr\/wp-content\/uploads\/2020\/09\/jv-bmt-logo.png","contentUrl":"https:\/\/julesverne.com.tr\/wp-content\/uploads\/2020\/09\/jv-bmt-logo.png","width":110,"height":81,"caption":"JULES VERNE BUSINESS MICE TRAVEL"},"image":{"@id":"https:\/\/julesverne.com.tr\/#\/schema\/logo\/image\/"},"sameAs":["https:\/\/www.facebook.com\/JulesVerneBusinessMiceTravel\/","https:\/\/twitter.com\/JV_BusinessMice","https:\/\/www.instagram.com\/julesvernebusinessmicetravel\/","https:\/\/www.linkedin.com\/company\/julesvernebusinessmicetravel\/","https:\/\/www.youtube.com\/channel\/UCAwdsmbZ6tFhu1tea6pkpiw"]},{"@type":"Person","@id":"https:\/\/julesverne.com.tr\/#\/schema\/person\/f4eb0514ae455538644c31b99a466fdb","name":"fikirman","sameAs":["http:\/\/advermedya.net\/julesverne"],"url":"https:\/\/julesverne.com.tr\/en\/author\/fikirman\/"}]}},"_links":{"self":[{"href":"https:\/\/julesverne.com.tr\/en\/wp-json\/wp\/v2\/posts\/2179"}],"collection":[{"href":"https:\/\/julesverne.com.tr\/en\/wp-json\/wp\/v2\/posts"}],"about":[{"href":"https:\/\/julesverne.com.tr\/en\/wp-json\/wp\/v2\/types\/post"}],"author":[{"embeddable":true,"href":"https:\/\/julesverne.com.tr\/en\/wp-json\/wp\/v2\/users\/1"}],"replies":[{"embeddable":true,"href":"https:\/\/julesverne.com.tr\/en\/wp-json\/wp\/v2\/comments?post=2179"}],"version-history":[{"count":1,"href":"https:\/\/julesverne.com.tr\/en\/wp-json\/wp\/v2\/posts\/2179\/revisions"}],"predecessor-version":[{"id":17003,"href":"https:\/\/julesverne.com.tr\/en\/wp-json\/wp\/v2\/posts\/2179\/revisions\/17003"}],"wp:featuredmedia":[{"embeddable":true,"href":"https:\/\/julesverne.com.tr\/en\/wp-json\/wp\/v2\/media\/2180"}],"wp:attachment":[{"href":"https:\/\/julesverne.com.tr\/en\/wp-json\/wp\/v2\/media?parent=2179"}],"wp:term":[{"taxonomy":"category","embeddable":true,"href":"https:\/\/julesverne.com.tr\/en\/wp-json\/wp\/v2\/categories?post=2179"},{"taxonomy":"post_tag","embeddable":true,"href":"https:\/\/julesverne.com.tr\/en\/wp-json\/wp\/v2\/tags?post=2179"}],"curies":[{"name":"wp","href":"https:\/\/api.w.org\/{rel}","templated":true}]}}