{"id":21753,"date":"2025-11-19T17:17:09","date_gmt":"2025-11-19T14:17:09","guid":{"rendered":"https:\/\/julesverne.com.tr\/?p=21753"},"modified":"2025-11-20T10:08:09","modified_gmt":"2025-11-20T07:08:09","slug":"thy-balkanlar-dogu-avrupa-ucus-kampanyasi-109-usd","status":"publish","type":"post","link":"https:\/\/julesverne.com.tr\/en\/haberler\/travel-haberler\/thy-balkanlar-dogu-avrupa-ucus-kampanyasi-109-usd\/","title":{"rendered":"(TR) THY Avrupa Kampanyas\u0131: Balkanlar ve Do\u011fu Avrupa\u2019ya 109 USD\u2019den Ba\u015flayan Fiyatlar"},"content":{"rendered":"<p class=\"qtranxs-available-languages-message qtranxs-available-languages-message-en\">Sorry, this entry is only available in <a href=\"https:\/\/julesverne.com.tr\/tr\/wp-json\/wp\/v2\/posts\/21753\" class=\"qtranxs-available-language-link qtranxs-available-language-link-tr\" title=\"TR\">Turkish<\/a>.<\/p>","protected":false},"excerpt":{"rendered":"<p>Sorry, this entry is only available in Turkish.<\/p>\n","protected":false},"author":10,"featured_media":15932,"comment_status":"closed","ping_status":"closed","sticky":false,"template":"","format":"standard","meta":{"inline_featured_image":false,"footnotes":""},"categories":[39,5],"tags":[298,144],"acf":[],"yoast_head":"<!-- This site is optimized with the Yoast SEO plugin v22.3 - https:\/\/yoast.com\/wordpress\/plugins\/seo\/ -->\n<title><\/title>\n<meta name=\"description\" content=\"THY\u2019nin 15\u201325 Kas\u0131m 2025 kampanyas\u0131yla Balkanlar ve Do\u011fu Avrupa\u2019ya 109 USD\u2019den ba\u015flayan fiyatlarla u\u00e7un. 12 Ocak\u20135 Haziran 2026 i\u00e7in ge\u00e7erli gidi\u015f\u2013d\u00f6n\u00fc\u015f f\u0131rsatlar\u0131.\" \/>\n<meta name=\"robots\" content=\"index, follow, max-snippet:-1, max-image-preview:large, max-video-preview:-1\" \/>\n<link rel=\"canonical\" href=\"https:\/\/julesverne.com.tr\/haberler\/travel-haberler\/thy-balkanlar-dogu-avrupa-ucus-kampanyasi-109-usd\/\" \/>\n<meta property=\"og:locale\" content=\"en_US\" \/>\n<meta property=\"og:type\" content=\"article\" \/>\n<meta property=\"og:title\" content=\"[:tr]THY Avrupa Kampanyas\u0131: Balkanlar ve Do\u011fu Avrupa\u2019ya 109 USD\u2019den Ba\u015flayan Fiyatlar[:] - JULES VERNE BUSINESS MICE TRAVEL\" \/>\n<meta property=\"og:description\" content=\"THY\u2019nin 15\u201325 Kas\u0131m 2025 kampanyas\u0131yla Balkanlar ve Do\u011fu Avrupa\u2019ya 109 USD\u2019den ba\u015flayan fiyatlarla u\u00e7un. 12 Ocak\u20135 Haziran 2026 i\u00e7in ge\u00e7erli gidi\u015f\u2013d\u00f6n\u00fc\u015f f\u0131rsatlar\u0131.\" \/>\n<meta property=\"og:url\" content=\"https:\/\/julesverne.com.tr\/haberler\/travel-haberler\/thy-balkanlar-dogu-avrupa-ucus-kampanyasi-109-usd\/\" \/>\n<meta property=\"og:site_name\" content=\"JULES VERNE BUSINESS MICE TRAVEL\" \/>\n<meta property=\"article:publisher\" content=\"https:\/\/www.facebook.com\/JulesVerneBusinessMiceTravel\/\" \/>\n<meta property=\"article:published_time\" content=\"2025-11-19T14:17:09+00:00\" \/>\n<meta property=\"article:modified_time\" content=\"2025-11-20T07:08:09+00:00\" \/>\n<meta property=\"og:image\" content=\"https:\/\/julesverne.com.tr\/wp-content\/uploads\/2023\/10\/132596367_m_normal_none-scaled.jpg\" \/>\n\t<meta property=\"og:image:width\" content=\"1600\" \/>\n\t<meta property=\"og:image:height\" content=\"935\" \/>\n\t<meta property=\"og:image:type\" content=\"image\/jpeg\" \/>\n<meta name=\"author\" content=\"Ebru Alt\u0131n\" \/>\n<meta name=\"twitter:card\" content=\"summary_large_image\" \/>\n<meta name=\"twitter:creator\" content=\"@JV_BusinessMice\" \/>\n<meta name=\"twitter:site\" content=\"@JV_BusinessMice\" \/>\n<meta name=\"twitter:label1\" content=\"Written by\" \/>\n\t<meta name=\"twitter:data1\" content=\"Ebru Alt\u0131n\" \/>\n\t<meta name=\"twitter:label2\" content=\"Est. reading time\" \/>\n\t<meta name=\"twitter:data2\" content=\"7 minutes\" \/>\n<script type=\"application\/ld+json\" class=\"yoast-schema-graph\">{\"@context\":\"https:\/\/schema.org\",\"@graph\":[{\"@type\":\"Article\",\"@id\":\"https:\/\/julesverne.com.tr\/haberler\/travel-haberler\/thy-balkanlar-dogu-avrupa-ucus-kampanyasi-109-usd\/#article\",\"isPartOf\":{\"@id\":\"https:\/\/julesverne.com.tr\/haberler\/travel-haberler\/thy-balkanlar-dogu-avrupa-ucus-kampanyasi-109-usd\/\"},\"author\":{\"name\":\"Ebru Alt\u0131n\",\"@id\":\"https:\/\/julesverne.com.tr\/#\/schema\/person\/219931edfe2e7d9cbbcbabb8a7e4c7f4\"},\"headline\":\"(TR) THY Avrupa Kampanyas\u0131: Balkanlar ve Do\u011fu Avrupa\u2019ya 109 USD\u2019den Ba\u015flayan Fiyatlar\",\"datePublished\":\"2025-11-19T14:17:09+00:00\",\"dateModified\":\"2025-11-20T07:08:09+00:00\",\"mainEntityOfPage\":{\"@id\":\"https:\/\/julesverne.com.tr\/haberler\/travel-haberler\/thy-balkanlar-dogu-avrupa-ucus-kampanyasi-109-usd\/\"},\"wordCount\":844,\"publisher\":{\"@id\":\"https:\/\/julesverne.com.tr\/#organization\"},\"image\":{\"@id\":\"https:\/\/julesverne.com.tr\/haberler\/travel-haberler\/thy-balkanlar-dogu-avrupa-ucus-kampanyasi-109-usd\/#primaryimage\"},\"thumbnailUrl\":\"https:\/\/julesverne.com.tr\/wp-content\/uploads\/2023\/10\/132596367_m_normal_none-scaled.jpg\",\"keywords\":[\"THY Kampanya\",\"Travel Haberler\"],\"articleSection\":[\"Nereye Gitsek?\",\"Travel Haberler\"],\"inLanguage\":\"en-US\"},{\"@type\":\"WebPage\",\"@id\":\"https:\/\/julesverne.com.tr\/haberler\/travel-haberler\/thy-balkanlar-dogu-avrupa-ucus-kampanyasi-109-usd\/\",\"url\":\"https:\/\/julesverne.com.tr\/haberler\/travel-haberler\/thy-balkanlar-dogu-avrupa-ucus-kampanyasi-109-usd\/\",\"name\":\"[:tr]THY Avrupa Kampanyas\u0131: Balkanlar ve Do\u011fu Avrupa\u2019ya 109 USD\u2019den Ba\u015flayan Fiyatlar[:] - JULES VERNE BUSINESS MICE TRAVEL\",\"isPartOf\":{\"@id\":\"https:\/\/julesverne.com.tr\/#website\"},\"primaryImageOfPage\":{\"@id\":\"https:\/\/julesverne.com.tr\/haberler\/travel-haberler\/thy-balkanlar-dogu-avrupa-ucus-kampanyasi-109-usd\/#primaryimage\"},\"image\":{\"@id\":\"https:\/\/julesverne.com.tr\/haberler\/travel-haberler\/thy-balkanlar-dogu-avrupa-ucus-kampanyasi-109-usd\/#primaryimage\"},\"thumbnailUrl\":\"https:\/\/julesverne.com.tr\/wp-content\/uploads\/2023\/10\/132596367_m_normal_none-scaled.jpg\",\"datePublished\":\"2025-11-19T14:17:09+00:00\",\"dateModified\":\"2025-11-20T07:08:09+00:00\",\"description\":\"THY\u2019nin 15\u201325 Kas\u0131m 2025 kampanyas\u0131yla Balkanlar ve Do\u011fu Avrupa\u2019ya 109 USD\u2019den ba\u015flayan fiyatlarla u\u00e7un. 12 Ocak\u20135 Haziran 2026 i\u00e7in ge\u00e7erli gidi\u015f\u2013d\u00f6n\u00fc\u015f f\u0131rsatlar\u0131.\",\"breadcrumb\":{\"@id\":\"https:\/\/julesverne.com.tr\/haberler\/travel-haberler\/thy-balkanlar-dogu-avrupa-ucus-kampanyasi-109-usd\/#breadcrumb\"},\"inLanguage\":\"en-US\",\"potentialAction\":[{\"@type\":\"ReadAction\",\"target\":[\"https:\/\/julesverne.com.tr\/haberler\/travel-haberler\/thy-balkanlar-dogu-avrupa-ucus-kampanyasi-109-usd\/\"]}]},{\"@type\":\"ImageObject\",\"inLanguage\":\"en-US\",\"@id\":\"https:\/\/julesverne.com.tr\/haberler\/travel-haberler\/thy-balkanlar-dogu-avrupa-ucus-kampanyasi-109-usd\/#primaryimage\",\"url\":\"https:\/\/julesverne.com.tr\/wp-content\/uploads\/2023\/10\/132596367_m_normal_none-scaled.jpg\",\"contentUrl\":\"https:\/\/julesverne.com.tr\/wp-content\/uploads\/2023\/10\/132596367_m_normal_none-scaled.jpg\",\"width\":1600,\"height\":935},{\"@type\":\"BreadcrumbList\",\"@id\":\"https:\/\/julesverne.com.tr\/haberler\/travel-haberler\/thy-balkanlar-dogu-avrupa-ucus-kampanyasi-109-usd\/#breadcrumb\",\"itemListElement\":[{\"@type\":\"ListItem\",\"position\":1,\"name\":\"Anasayfa\",\"item\":\"https:\/\/julesverne.com.tr\/\"},{\"@type\":\"ListItem\",\"position\":2,\"name\":\"THY Avrupa Kampanyas\u0131: Balkanlar ve Do\u011fu Avrupa\u2019ya 109 USD\u2019den Ba\u015flayan Fiyatlar\"}]},{\"@type\":\"WebSite\",\"@id\":\"https:\/\/julesverne.com.tr\/#website\",\"url\":\"https:\/\/julesverne.com.tr\/\",\"name\":\"JULES VERNE BUSINESS MICE TRAVEL\",\"description\":\"\",\"publisher\":{\"@id\":\"https:\/\/julesverne.com.tr\/#organization\"},\"potentialAction\":[{\"@type\":\"SearchAction\",\"target\":{\"@type\":\"EntryPoint\",\"urlTemplate\":\"https:\/\/julesverne.com.tr\/?s={search_term_string}\"},\"query-input\":\"required name=search_term_string\"}],\"inLanguage\":\"en-US\"},{\"@type\":\"Organization\",\"@id\":\"https:\/\/julesverne.com.tr\/#organization\",\"name\":\"JULES VERNE BUSINESS MICE TRAVEL\",\"url\":\"https:\/\/julesverne.com.tr\/\",\"logo\":{\"@type\":\"ImageObject\",\"inLanguage\":\"en-US\",\"@id\":\"https:\/\/julesverne.com.tr\/#\/schema\/logo\/image\/\",\"url\":\"https:\/\/julesverne.com.tr\/wp-content\/uploads\/2020\/09\/jv-bmt-logo.png\",\"contentUrl\":\"https:\/\/julesverne.com.tr\/wp-content\/uploads\/2020\/09\/jv-bmt-logo.png\",\"width\":110,\"height\":81,\"caption\":\"JULES VERNE BUSINESS MICE TRAVEL\"},\"image\":{\"@id\":\"https:\/\/julesverne.com.tr\/#\/schema\/logo\/image\/\"},\"sameAs\":[\"https:\/\/www.facebook.com\/JulesVerneBusinessMiceTravel\/\",\"https:\/\/twitter.com\/JV_BusinessMice\",\"https:\/\/www.instagram.com\/julesvernebusinessmicetravel\/\",\"https:\/\/www.linkedin.com\/company\/julesvernebusinessmicetravel\/\",\"https:\/\/www.youtube.com\/channel\/UCAwdsmbZ6tFhu1tea6pkpiw\"]},{\"@type\":\"Person\",\"@id\":\"https:\/\/julesverne.com.tr\/#\/schema\/person\/219931edfe2e7d9cbbcbabb8a7e4c7f4\",\"name\":\"Ebru Alt\u0131n\",\"url\":\"https:\/\/julesverne.com.tr\/en\/author\/ebru-altin\/\"}]}<\/script>\n<!-- \/ Yoast SEO plugin. -->","yoast_head_json":{"title":"[:tr]THY Avrupa Kampanyas\u0131: Balkanlar ve Do\u011fu Avrupa\u2019ya 109 USD\u2019den Ba\u015flayan Fiyatlar[:] - JULES VERNE BUSINESS MICE TRAVEL","description":"THY\u2019nin 15\u201325 Kas\u0131m 2025 kampanyas\u0131yla Balkanlar ve Do\u011fu Avrupa\u2019ya 109 USD\u2019den ba\u015flayan fiyatlarla u\u00e7un. 12 Ocak\u20135 Haziran 2026 i\u00e7in ge\u00e7erli gidi\u015f\u2013d\u00f6n\u00fc\u015f f\u0131rsatlar\u0131.","robots":{"index":"index","follow":"follow","max-snippet":"max-snippet:-1","max-image-preview":"max-image-preview:large","max-video-preview":"max-video-preview:-1"},"canonical":"https:\/\/julesverne.com.tr\/haberler\/travel-haberler\/thy-balkanlar-dogu-avrupa-ucus-kampanyasi-109-usd\/","og_locale":"en_US","og_type":"article","og_title":"[:tr]THY Avrupa Kampanyas\u0131: Balkanlar ve Do\u011fu Avrupa\u2019ya 109 USD\u2019den Ba\u015flayan Fiyatlar[:] - JULES VERNE BUSINESS MICE TRAVEL","og_description":"THY\u2019nin 15\u201325 Kas\u0131m 2025 kampanyas\u0131yla Balkanlar ve Do\u011fu Avrupa\u2019ya 109 USD\u2019den ba\u015flayan fiyatlarla u\u00e7un. 12 Ocak\u20135 Haziran 2026 i\u00e7in ge\u00e7erli gidi\u015f\u2013d\u00f6n\u00fc\u015f f\u0131rsatlar\u0131.","og_url":"https:\/\/julesverne.com.tr\/haberler\/travel-haberler\/thy-balkanlar-dogu-avrupa-ucus-kampanyasi-109-usd\/","og_site_name":"JULES VERNE BUSINESS MICE TRAVEL","article_publisher":"https:\/\/www.facebook.com\/JulesVerneBusinessMiceTravel\/","article_published_time":"2025-11-19T14:17:09+00:00","article_modified_time":"2025-11-20T07:08:09+00:00","og_image":[{"width":1600,"height":935,"url":"https:\/\/julesverne.com.tr\/wp-content\/uploads\/2023\/10\/132596367_m_normal_none-scaled.jpg","type":"image\/jpeg"}],"author":"Ebru Alt\u0131n","twitter_card":"summary_large_image","twitter_creator":"@JV_BusinessMice","twitter_site":"@JV_BusinessMice","twitter_misc":{"Written by":"Ebru Alt\u0131n","Est. reading time":"7 minutes"},"schema":{"@context":"https:\/\/schema.org","@graph":[{"@type":"Article","@id":"https:\/\/julesverne.com.tr\/haberler\/travel-haberler\/thy-balkanlar-dogu-avrupa-ucus-kampanyasi-109-usd\/#article","isPartOf":{"@id":"https:\/\/julesverne.com.tr\/haberler\/travel-haberler\/thy-balkanlar-dogu-avrupa-ucus-kampanyasi-109-usd\/"},"author":{"name":"Ebru Alt\u0131n","@id":"https:\/\/julesverne.com.tr\/#\/schema\/person\/219931edfe2e7d9cbbcbabb8a7e4c7f4"},"headline":"(TR) THY Avrupa Kampanyas\u0131: Balkanlar ve Do\u011fu Avrupa\u2019ya 109 USD\u2019den Ba\u015flayan Fiyatlar","datePublished":"2025-11-19T14:17:09+00:00","dateModified":"2025-11-20T07:08:09+00:00","mainEntityOfPage":{"@id":"https:\/\/julesverne.com.tr\/haberler\/travel-haberler\/thy-balkanlar-dogu-avrupa-ucus-kampanyasi-109-usd\/"},"wordCount":844,"publisher":{"@id":"https:\/\/julesverne.com.tr\/#organization"},"image":{"@id":"https:\/\/julesverne.com.tr\/haberler\/travel-haberler\/thy-balkanlar-dogu-avrupa-ucus-kampanyasi-109-usd\/#primaryimage"},"thumbnailUrl":"https:\/\/julesverne.com.tr\/wp-content\/uploads\/2023\/10\/132596367_m_normal_none-scaled.jpg","keywords":["THY Kampanya","Travel Haberler"],"articleSection":["Nereye Gitsek?","Travel Haberler"],"inLanguage":"en-US"},{"@type":"WebPage","@id":"https:\/\/julesverne.com.tr\/haberler\/travel-haberler\/thy-balkanlar-dogu-avrupa-ucus-kampanyasi-109-usd\/","url":"https:\/\/julesverne.com.tr\/haberler\/travel-haberler\/thy-balkanlar-dogu-avrupa-ucus-kampanyasi-109-usd\/","name":"[:tr]THY Avrupa Kampanyas\u0131: Balkanlar ve Do\u011fu Avrupa\u2019ya 109 USD\u2019den Ba\u015flayan Fiyatlar[:] - JULES VERNE BUSINESS MICE TRAVEL","isPartOf":{"@id":"https:\/\/julesverne.com.tr\/#website"},"primaryImageOfPage":{"@id":"https:\/\/julesverne.com.tr\/haberler\/travel-haberler\/thy-balkanlar-dogu-avrupa-ucus-kampanyasi-109-usd\/#primaryimage"},"image":{"@id":"https:\/\/julesverne.com.tr\/haberler\/travel-haberler\/thy-balkanlar-dogu-avrupa-ucus-kampanyasi-109-usd\/#primaryimage"},"thumbnailUrl":"https:\/\/julesverne.com.tr\/wp-content\/uploads\/2023\/10\/132596367_m_normal_none-scaled.jpg","datePublished":"2025-11-19T14:17:09+00:00","dateModified":"2025-11-20T07:08:09+00:00","description":"THY\u2019nin 15\u201325 Kas\u0131m 2025 kampanyas\u0131yla Balkanlar ve Do\u011fu Avrupa\u2019ya 109 USD\u2019den ba\u015flayan fiyatlarla u\u00e7un. 12 Ocak\u20135 Haziran 2026 i\u00e7in ge\u00e7erli gidi\u015f\u2013d\u00f6n\u00fc\u015f f\u0131rsatlar\u0131.","breadcrumb":{"@id":"https:\/\/julesverne.com.tr\/haberler\/travel-haberler\/thy-balkanlar-dogu-avrupa-ucus-kampanyasi-109-usd\/#breadcrumb"},"inLanguage":"en-US","potentialAction":[{"@type":"ReadAction","target":["https:\/\/julesverne.com.tr\/haberler\/travel-haberler\/thy-balkanlar-dogu-avrupa-ucus-kampanyasi-109-usd\/"]}]},{"@type":"ImageObject","inLanguage":"en-US","@id":"https:\/\/julesverne.com.tr\/haberler\/travel-haberler\/thy-balkanlar-dogu-avrupa-ucus-kampanyasi-109-usd\/#primaryimage","url":"https:\/\/julesverne.com.tr\/wp-content\/uploads\/2023\/10\/132596367_m_normal_none-scaled.jpg","contentUrl":"https:\/\/julesverne.com.tr\/wp-content\/uploads\/2023\/10\/132596367_m_normal_none-scaled.jpg","width":1600,"height":935},{"@type":"BreadcrumbList","@id":"https:\/\/julesverne.com.tr\/haberler\/travel-haberler\/thy-balkanlar-dogu-avrupa-ucus-kampanyasi-109-usd\/#breadcrumb","itemListElement":[{"@type":"ListItem","position":1,"name":"Anasayfa","item":"https:\/\/julesverne.com.tr\/"},{"@type":"ListItem","position":2,"name":"THY Avrupa Kampanyas\u0131: Balkanlar ve Do\u011fu Avrupa\u2019ya 109 USD\u2019den Ba\u015flayan Fiyatlar"}]},{"@type":"WebSite","@id":"https:\/\/julesverne.com.tr\/#website","url":"https:\/\/julesverne.com.tr\/","name":"JULES VERNE BUSINESS MICE TRAVEL","description":"","publisher":{"@id":"https:\/\/julesverne.com.tr\/#organization"},"potentialAction":[{"@type":"SearchAction","target":{"@type":"EntryPoint","urlTemplate":"https:\/\/julesverne.com.tr\/?s={search_term_string}"},"query-input":"required name=search_term_string"}],"inLanguage":"en-US"},{"@type":"Organization","@id":"https:\/\/julesverne.com.tr\/#organization","name":"JULES VERNE BUSINESS MICE TRAVEL","url":"https:\/\/julesverne.com.tr\/","logo":{"@type":"ImageObject","inLanguage":"en-US","@id":"https:\/\/julesverne.com.tr\/#\/schema\/logo\/image\/","url":"https:\/\/julesverne.com.tr\/wp-content\/uploads\/2020\/09\/jv-bmt-logo.png","contentUrl":"https:\/\/julesverne.com.tr\/wp-content\/uploads\/2020\/09\/jv-bmt-logo.png","width":110,"height":81,"caption":"JULES VERNE BUSINESS MICE TRAVEL"},"image":{"@id":"https:\/\/julesverne.com.tr\/#\/schema\/logo\/image\/"},"sameAs":["https:\/\/www.facebook.com\/JulesVerneBusinessMiceTravel\/","https:\/\/twitter.com\/JV_BusinessMice","https:\/\/www.instagram.com\/julesvernebusinessmicetravel\/","https:\/\/www.linkedin.com\/company\/julesvernebusinessmicetravel\/","https:\/\/www.youtube.com\/channel\/UCAwdsmbZ6tFhu1tea6pkpiw"]},{"@type":"Person","@id":"https:\/\/julesverne.com.tr\/#\/schema\/person\/219931edfe2e7d9cbbcbabb8a7e4c7f4","name":"Ebru Alt\u0131n","url":"https:\/\/julesverne.com.tr\/en\/author\/ebru-altin\/"}]}},"_links":{"self":[{"href":"https:\/\/julesverne.com.tr\/en\/wp-json\/wp\/v2\/posts\/21753"}],"collection":[{"href":"https:\/\/julesverne.com.tr\/en\/wp-json\/wp\/v2\/posts"}],"about":[{"href":"https:\/\/julesverne.com.tr\/en\/wp-json\/wp\/v2\/types\/post"}],"author":[{"embeddable":true,"href":"https:\/\/julesverne.com.tr\/en\/wp-json\/wp\/v2\/users\/10"}],"replies":[{"embeddable":true,"href":"https:\/\/julesverne.com.tr\/en\/wp-json\/wp\/v2\/comments?post=21753"}],"version-history":[{"count":8,"href":"https:\/\/julesverne.com.tr\/en\/wp-json\/wp\/v2\/posts\/21753\/revisions"}],"predecessor-version":[{"id":21777,"href":"https:\/\/julesverne.com.tr\/en\/wp-json\/wp\/v2\/posts\/21753\/revisions\/21777"}],"wp:featuredmedia":[{"embeddable":true,"href":"https:\/\/julesverne.com.tr\/en\/wp-json\/wp\/v2\/media\/15932"}],"wp:attachment":[{"href":"https:\/\/julesverne.com.tr\/en\/wp-json\/wp\/v2\/media?parent=21753"}],"wp:term":[{"taxonomy":"category","embeddable":true,"href":"https:\/\/julesverne.com.tr\/en\/wp-json\/wp\/v2\/categories?post=21753"},{"taxonomy":"post_tag","embeddable":true,"href":"https:\/\/julesverne.com.tr\/en\/wp-json\/wp\/v2\/tags?post=21753"}],"curies":[{"name":"wp","href":"https:\/\/api.w.org\/{rel}","templated":true}]}}