{"id":2173,"date":"2019-10-10T15:33:05","date_gmt":"2019-10-10T12:33:05","guid":{"rendered":"https:\/\/www.julesverne.com.tr\/\/blog\/ara-tatilde-cocuklarla-istanbulu-kesfedin\/"},"modified":"2021-09-13T11:47:10","modified_gmt":"2021-09-13T08:47:10","slug":"ara-tatilde-cocuklarla-istanbulu-kesfedin","status":"publish","type":"post","link":"https:\/\/julesverne.com.tr\/en\/travel-blog\/ara-tatilde-cocuklarla-istanbulu-kesfedin\/","title":{"rendered":"Ara Tatilde \u00c7ocuklarla \u0130stanbul&#8217;u Ke\u015ffedin"},"content":{"rendered":"<p style=\"text-align: center;\"><img loading=\"lazy\" decoding=\"async\" class=\"alignnone size-full wp-image-3376\" src=\"https:\/\/www.julesverne.com.tr\/\/wp-content\/uploads\/2020\/09\/cocuklarlaistanbul-1.jpg\" alt=\"\" width=\"1024\" height=\"683\" srcset=\"https:\/\/julesverne.com.tr\/wp-content\/uploads\/2020\/09\/cocuklarlaistanbul-1.jpg 1024w, https:\/\/julesverne.com.tr\/wp-content\/uploads\/2020\/09\/cocuklarlaistanbul-1-500x333.jpg 500w, https:\/\/julesverne.com.tr\/wp-content\/uploads\/2020\/09\/cocuklarlaistanbul-1-768x512.jpg 768w\" sizes=\"(max-width: 1024px) 100vw, 1024px\" \/><\/p>\n<p>\u00c7ocuklarla yap\u0131lacak bir aktivite ar\u0131yorsan\u0131z \u0130stanbul her ya\u015f grubuna hitap ediyor. Tema parklar, akvaryumlar, m\u00fczeler, tarihi yerler, at\u00f6lyeler.. \u00c7ocuklar\u0131n\u0131zla tarih, sanat, ke\u015fif ve e\u011flence dolu birka\u00e7 g\u00fcn hatta bir hafta ge\u00e7irebilirsiniz. Kas\u0131m ara tatilinde \u0130stanbul \u00e7ocuklar i\u00e7in yine dopdolu.<\/p>\n<h3><strong>\u0130stanbul\u2019da Tarihsel Yolculuk<\/strong><\/h3>\n<p style=\"text-align: center;\"><strong><img loading=\"lazy\" decoding=\"async\" class=\"alignnone size-full wp-image-3377\" src=\"https:\/\/www.julesverne.com.tr\/\/wp-content\/uploads\/2020\/09\/topkapisarayi.jpg\" alt=\"\" width=\"999\" height=\"666\" srcset=\"https:\/\/julesverne.com.tr\/wp-content\/uploads\/2020\/09\/topkapisarayi.jpg 999w, https:\/\/julesverne.com.tr\/wp-content\/uploads\/2020\/09\/topkapisarayi-500x333.jpg 500w, https:\/\/julesverne.com.tr\/wp-content\/uploads\/2020\/09\/topkapisarayi-768x512.jpg 768w\" sizes=\"(max-width: 999px) 100vw, 999px\" \/><\/strong><\/p>\n<ul>\n<li><strong>Tarihi Yar\u0131mada<\/strong><\/li>\n<\/ul>\n<p style=\"padding-left: 30px;\">Tarihi Yar\u0131mada gezisi hem e\u011flenceli hem de yeni bilgilerle dolu olacak hi\u00e7 ku\u015fkusuz.\u00a0 Tarihi Yar\u0131mada\u2019da g\u00f6rebilece\u011finiz bir\u00e7ok yap\u0131 oldu\u011fu i\u00e7in gezinizi birka\u00e7 g\u00fcne yayabilir veya se\u00e7enekler aras\u0131ndan se\u00e7im yapabilirsiniz.<\/p>\n<p style=\"padding-left: 30px;\">Topkap\u0131 Saray\u0131 ve saray\u0131n d\u0131\u015f surlar\u0131 i\u00e7erisinde olan \u00c7inili K\u00f6\u015fk, Arkeoloji M\u00fczesi, Aya \u0130rini Kilisesi,\u00a0 Ayasofya M\u00fczesi, Sultanahmet Camii, Yerebatan Sarn\u0131c\u0131, \u015eerefiye Sarn\u0131c\u0131, Kapal\u0131\u00e7ar\u015f\u0131 ve hanlar, M\u0131s\u0131r \u00c7ar\u015f\u0131s\u0131 g\u00f6rebilece\u011finiz yerlerden.<\/p>\n<p style=\"padding-left: 30px;\"><em><strong>\u00c7ocuklar\u0131n\u0131zla birlikte size \u00f6zel Tarihi Yar\u0131mada gezisi \u00f6nerileri i\u00e7in <a href=\"mailto:travel@julesverne.com.tr\" target=\"_blank\" rel=\"noopener noreferrer\">bizimle ileti\u015fime ge\u00e7ebilirsiniz<\/a>.<\/strong><\/em><\/p>\n<ul>\n<li><strong>Fener-Balat<\/strong><\/li>\n<\/ul>\n<p style=\"padding-left: 30px;\">Farkl\u0131 inan\u0131\u015f, farkl\u0131 k\u00fclt\u00fcrlerin y\u0131llarca bir arada ya\u015fad\u0131\u011f\u0131 Fener ve Balat semtleri \u015fehrin en g\u00fczel k\u00fclt\u00fcr mozai\u011fini olu\u015fturuyor. Yahudilerin, Rumlar\u0131n, Ermenilerin yo\u011funlukta ya\u015fad\u0131\u011f\u0131 semtlerde g\u00fcn\u00fcm\u00fczde onlardan kalan al\u0131\u015fkanl\u0131klar, dini yap\u0131lar bizlere birer miras. Ayvansaray, Cibali, Fener, Balat mahallelerini gezerken kiliseler, sinagoglar, camiler, okullar, renkli sokaklar sizleri bekliyor. Bu rotaya bir de Kariye M\u00fczesi&#8217;ni eklemek isteyebilirsiniz.<\/p>\n<p style=\"padding-left: 30px;\"><em><strong>\u00c7ocuklar\u0131n\u0131zla birlikte size \u00f6zel Fener-Balat gezisi \u00f6nerileri i\u00e7in\u00a0<a href=\"mailto:travel@julesverne.com.tr\" target=\"_blank\" rel=\"noopener noreferrer\">bizimle ileti\u015fime ge\u00e7ebilirsiniz<\/a>.<\/strong><\/em><\/p>\n<h3><strong>\u0130stanbul\u2019da Sanat<\/strong><\/h3>\n<p style=\"text-align: center;\"><strong><img loading=\"lazy\" decoding=\"async\" class=\"alignnone size-full wp-image-3378\" src=\"https:\/\/www.julesverne.com.tr\/\/wp-content\/uploads\/2020\/09\/muze-1.jpg\" alt=\"\" width=\"999\" height=\"692\" srcset=\"https:\/\/julesverne.com.tr\/wp-content\/uploads\/2020\/09\/muze-1.jpg 999w, https:\/\/julesverne.com.tr\/wp-content\/uploads\/2020\/09\/muze-1-500x346.jpg 500w, https:\/\/julesverne.com.tr\/wp-content\/uploads\/2020\/09\/muze-1-768x532.jpg 768w\" sizes=\"(max-width: 999px) 100vw, 999px\" \/><\/strong><\/p>\n<p>Yeni a\u00e7\u0131lan m\u00fcze ve galerilerle birlikte art\u0131k birer sembol haline gelmi\u015f m\u00fczelerle \u00e7ocuklar\u0131n\u0131zla sanat dolu bir g\u00fcn payla\u015fabilirsiniz.<\/p>\n<ul>\n<li><strong>Arter Dolapdere<\/strong><\/li>\n<\/ul>\n<p style=\"padding-left: 30px;\">Eyl\u00fcl 2019&#8217;da a\u00e7\u0131lan Arter Dolapdere sanat\u0131n t\u00fcm disiplinlerini kapsayan yakla\u015f\u0131m\u0131yla herkes i\u00e7in eri\u015filebilir bir k\u00fclt\u00fcr merkezi. Yeni y\u0131la kadar ziyaretlerin \u00fccretsiz oldu\u011fu m\u00fczenin mimarisi sayesinde her kat\u0131ndan Dolapdere&#8217;nin dar sokaklar\u0131nda sakl\u0131 kalm\u0131\u015f tarihi yap\u0131lar\u0131n\u0131 da g\u00f6rmek m\u00fcmk\u00fcn.<\/p>\n<ul>\n<li><strong>Pilevneli Art Gallery<\/strong><\/li>\n<\/ul>\n<p style=\"padding-left: 30px;\">Mecidiyek\u00f6y ve Dolapdere\u2019deki \u015fubeleri ile herkesin sanata eri\u015fmesini arzulayan Pilevneli galerileri hem sergileri hem de i\u00e7 mimarileri ile g\u00f6r\u00fclmeye de\u011fer.<\/p>\n<ul>\n<li><strong>\u0130stanbul Modern<\/strong><\/li>\n<\/ul>\n<p style=\"padding-left: 30px;\">Beyo\u011flu&#8217;nda ge\u00e7ici mek\u00e2n\u0131nda sanatseverlerle bulu\u015fmaya devam eden \u0130stanbul Modern T\u00fcrkiye ve d\u00fcnyadan modern, \u00e7a\u011fda\u015f sanat sergilerine yer veriyor. Ayr\u0131ca, Cumartesi ve Pazar g\u00fcnleri 4-15 ya\u015f aras\u0131 \u00e7ocuklar i\u00e7in at\u00f6lyeler d\u00fczenleniyor.<\/p>\n<p style=\"text-align: center;\"><img loading=\"lazy\" decoding=\"async\" class=\"alignnone size-full wp-image-3379\" src=\"https:\/\/www.julesverne.com.tr\/\/wp-content\/uploads\/2020\/09\/art_cocuk.jpg\" alt=\"\" width=\"1150\" height=\"807\" srcset=\"https:\/\/julesverne.com.tr\/wp-content\/uploads\/2020\/09\/art_cocuk.jpg 1150w, https:\/\/julesverne.com.tr\/wp-content\/uploads\/2020\/09\/art_cocuk-500x351.jpg 500w, https:\/\/julesverne.com.tr\/wp-content\/uploads\/2020\/09\/art_cocuk-768x539.jpg 768w\" sizes=\"(max-width: 1150px) 100vw, 1150px\" \/><\/p>\n<ul>\n<li><strong><strong>Pera M\u00fczesi<\/strong><\/strong>&nbsp;\n<p>Yakla\u015f\u0131k 15 y\u0131ld\u0131r \u0130stanbul\u2019da sanata \u00f6nc\u00fcl\u00fck eden Pera M\u00fczesi\u2019nin koleksiyonlar\u0131 kadar 4-6 ve 7-12 ya\u015f gruplar\u0131na y\u00f6nelik d\u00fczenledi\u011fi at\u00f6lyelerle de ses getiriyor.<\/li>\n<li><strong>Deniz M\u00fczesi<\/strong><\/li>\n<\/ul>\n<p class=\"MsoNormal\" style=\"padding-left: 30px;\">T\u00fcrkiye&#8217;nin denizcilik alan\u0131ndaki en b\u00fcy\u00fck m\u00fczesi olan Deniz M\u00fczesi sahip oldu\u011fu koleksiyon ile d\u00fcnyan\u0131n da say\u0131l\u0131 m\u00fczeleri aras\u0131nda yer al\u0131yor. Be\u015fikta\u015f \u0130skele&#8217;nin biti\u015fi\u011finde konumlanan m\u00fczede 20 binden fazla eser sergileniyor. Sergi salonlar\u0131, \u00e7ocuk odalar\u0131, sanat galerileri ile dolu dolu bir m\u00fcze deneyimi ya\u015fat\u0131yor.<\/p>\n<p class=\"MsoNormal\" style=\"padding-left: 30px;\"><a href=\"http:\/\/gezi.julesverne.com.tr\/geziler\/yurt-ici-ozel-gezilerimiz\/bir-baska-istanbul-cocuklarla-dolmabahce-sarayi-deniz-muzesi\" target=\"_blank\" rel=\"noopener noreferrer\"><strong>22 Kas\u0131m Cuma g\u00fcn\u00fc d\u00fczenledi\u011fimiz \u00c7ocuklarla Dolmabah\u00e7e Saray\u0131 &amp; Deniz M\u00fczesi gezimiz hakk\u0131nda detayl\u0131 bilgi ve rezervasyon i\u00e7in t\u0131klay\u0131n!<\/strong><\/a><\/p>\n<p class=\"MsoNormal\" style=\"padding-left: 30px; text-align: center;\"><strong><img loading=\"lazy\" decoding=\"async\" class=\"alignnone size-full wp-image-3380\" src=\"https:\/\/www.julesverne.com.tr\/\/wp-content\/uploads\/2020\/09\/naval_museum4.jpg\" alt=\"\" width=\"1280\" height=\"861\" srcset=\"https:\/\/julesverne.com.tr\/wp-content\/uploads\/2020\/09\/naval_museum4.jpg 1280w, https:\/\/julesverne.com.tr\/wp-content\/uploads\/2020\/09\/naval_museum4-500x336.jpg 500w, https:\/\/julesverne.com.tr\/wp-content\/uploads\/2020\/09\/naval_museum4-768x517.jpg 768w\" sizes=\"(max-width: 1280px) 100vw, 1280px\" \/><\/strong><\/p>\n<ul>\n<li><strong>Sak\u0131p Sabanc\u0131 M\u00fczesi<\/strong><\/li>\n<\/ul>\n<p style=\"padding-left: 30px;\">Sabanc\u0131 Ailesi&#8217;ne ait Atl\u0131 K\u00f6\u015fk&#8217;te yer alan Sak\u0131p Sabanc\u0131 M\u00fczesi zengin koleksiyonu,\u00a0 uluslararas\u0131 ge\u00e7ici sergileriyle ad\u0131ndan hep s\u00f6z ettiriyor. \u00c7ocuklar i\u00e7in d\u00fczenlenen at\u00f6lye programlar\u0131 ile sanatla i\u00e7 i\u00e7e zaman ge\u00e7irmelerine imk\u00e2n yarat\u0131yorlar.<\/p>\n<ul>\n<li><strong>Miniat\u00fcrk<\/strong><\/li>\n<\/ul>\n<p style=\"padding-left: 30px;\">Hali\u00e7 k\u0131y\u0131s\u0131nda yer alan ve d\u00fcnyan\u0131n en geni\u015f alan\u0131na kurulan minyat\u00fcr park\u0131 unvan\u0131n\u0131 ta\u015f\u0131yan Miniat\u00fcrk&#8217;te T\u00fcrkiye&#8217;de yer alan \u00f6nemli yap\u0131lar\u0131n k\u00fc\u00e7\u00fclt\u00fclm\u00fc\u015f halini \u00e7ocuklar\u0131n\u0131zla gezebilirsiniz.<\/p>\n<p style=\"text-align: center;\"><img loading=\"lazy\" decoding=\"async\" class=\"alignnone size-full wp-image-3381\" src=\"https:\/\/www.julesverne.com.tr\/\/wp-content\/uploads\/2020\/09\/shutterstock_777614251.jpg\" alt=\"\" width=\"999\" height=\"802\" srcset=\"https:\/\/julesverne.com.tr\/wp-content\/uploads\/2020\/09\/shutterstock_777614251.jpg 999w, https:\/\/julesverne.com.tr\/wp-content\/uploads\/2020\/09\/shutterstock_777614251-500x401.jpg 500w, https:\/\/julesverne.com.tr\/wp-content\/uploads\/2020\/09\/shutterstock_777614251-768x617.jpg 768w\" sizes=\"(max-width: 999px) 100vw, 999px\" \/><\/p>\n<ul>\n<li><strong>Rahmi M. Ko\u00e7 M\u00fczesi<\/strong><\/li>\n<\/ul>\n<p style=\"padding-left: 30px;\">Rahmi Ko\u00e7&#8217;un deste\u011fi ile Hali\u00e7 k\u0131y\u0131s\u0131 kenar\u0131nda 25 y\u0131l \u00f6nce a\u00e7\u0131lan Rahmi M. Ko\u00e7 M\u00fczesi koleksiyonu T\u00fcrkiye&#8217;nin sanayi, end\u00fcstri, ula\u015f\u0131m ve ileti\u015fim tarihine odaklan\u0131yor. M\u00fczede yer alan Atat\u00fcrk Koleksiyonu ise tek kelimeyle harika.<\/p>\n<ul>\n<li><strong>Museum of Illusions &#8211; \u0130ll\u00fczyon M\u00fczesi<\/strong><\/li>\n<\/ul>\n<p style=\"padding-left: 30px;\">D\u00fcnyan\u0131n b\u00fcy\u00fck ilgi g\u00f6ren markalar\u0131ndan biri olan Museum of Illusions &#8211; \u0130ll\u00fczyon M\u00fczesi \u0130stiklal Caddesi \u00fczerinde yer alan Narmanl\u0131 Han&#8217;da kap\u0131lar\u0131n\u0131 a\u00e7t\u0131. \u0130stanbul&#8217;un ilk ill\u00fczyon m\u00fczesinin en g\u00fczel yan\u0131 bu m\u00fczede ko\u015fabilir, diledi\u011finizce e\u011flenebilir ve bol bol foto\u011fraf \u00e7ekilebilirsiniz. \u00c7ocuklar\u0131n\u0131z\u0131n \u00f6zg\u00fcr hissedece\u011fi bu m\u00fczede Infinity Room, Tepetaklak Ev, Ames Odas\u0131, Vortex T\u00fcneli gibi bir\u00e7ok ill\u00fczyonu deneyimleyebilirsiniz.<\/p>\n<p style=\"padding-left: 30px; text-align: center;\"><img loading=\"lazy\" decoding=\"async\" class=\"alignnone size-full wp-image-3382\" src=\"https:\/\/www.julesverne.com.tr\/\/wp-content\/uploads\/2020\/09\/moi-istanbul.jpg\" alt=\"\" width=\"940\" height=\"600\" srcset=\"https:\/\/julesverne.com.tr\/wp-content\/uploads\/2020\/09\/moi-istanbul.jpg 940w, https:\/\/julesverne.com.tr\/wp-content\/uploads\/2020\/09\/moi-istanbul-500x319.jpg 500w, https:\/\/julesverne.com.tr\/wp-content\/uploads\/2020\/09\/moi-istanbul-768x490.jpg 768w\" sizes=\"(max-width: 940px) 100vw, 940px\" \/><\/p>\n<ul>\n<li><strong>Oyuncak M\u00fczesi<\/strong><\/li>\n<\/ul>\n<p style=\"padding-left: 30px;\">Oyuncak M\u00fczesi, \u015fair ve yazar Sunay Ak\u0131n taraf\u0131ndan kurulan fantastik bir m\u00fcze. Sunay Ak\u0131n&#8217;\u0131n onlarca \u00fclkeyi ziyaret ederek antikac\u0131lardan, pazarlardan, ikinci el d\u00fckkanlardan toplad\u0131\u011f\u0131 onlarca oyuncak asl\u0131nda tarihsel yolculu\u011fumuza da \u0131\u015f\u0131k tutuyor.<\/p>\n<ul>\n<li><strong>Bar\u0131\u015f Man\u00e7o M\u00fczesi<\/strong><\/li>\n<\/ul>\n<p style=\"padding-left: 30px;\">T\u00fcrkiye ve d\u00fcnyada sanat\u00e7\u0131 duru\u015fu ve \u00fcrettikleriyle unutulmaz olan Bar\u0131\u015f Man\u00e7o\u2019nun evi g\u00fcn\u00fcm\u00fczde m\u00fcze olarak ya\u015famaya devam ediyor. Hepimizin an\u0131lar\u0131nda yer eden Man\u00e7o\u2019nun d\u00fcnyas\u0131n\u0131 \u00e7ocuklar\u0131n\u0131zla bulu\u015fturmak isteyebilirsiniz.<\/p>\n<h3><strong>Akvaryumlar<\/strong><\/h3>\n<p style=\"text-align: center;\"><strong><img loading=\"lazy\" decoding=\"async\" class=\"alignnone size-full wp-image-3383\" src=\"https:\/\/www.julesverne.com.tr\/\/wp-content\/uploads\/2020\/09\/sealife-02.jpg\" alt=\"\" width=\"1280\" height=\"674\" srcset=\"https:\/\/julesverne.com.tr\/wp-content\/uploads\/2020\/09\/sealife-02.jpg 1280w, https:\/\/julesverne.com.tr\/wp-content\/uploads\/2020\/09\/sealife-02-500x263.jpg 500w, https:\/\/julesverne.com.tr\/wp-content\/uploads\/2020\/09\/sealife-02-768x404.jpg 768w\" sizes=\"(max-width: 1280px) 100vw, 1280px\" \/><\/strong><\/p>\n<ul>\n<li>D\u00fcnyan\u0131n en b\u00fcy\u00fck tematik akvaryumu olan <em><strong>\u0130stanbul Akvaryum<\/strong><\/em>; Forum \u0130stanbul i\u00e7erisinde yer alan ve T\u00fcrkiye&#8217;nin en b\u00fcy\u00fck akvaryumu olan <em><strong>Sea Life<\/strong><\/em>; Anadolu yakas\u0131nda Emaar AVM i\u00e7erisinde yer alan, 200 t\u00fcrden 20.000&#8217;in \u00fczerinde deniz canl\u0131s\u0131 ve amfibiye ev sahipli\u011fi yapan <em><strong>Emaar Akvaryum<\/strong><\/em> ile \u00e7ocuklar\u0131n\u0131zla e\u011flenceli ve \u00f6\u011fretici zaman ge\u00e7irebilirsiniz.<\/li>\n<li><strong>LEGOLAND\u00ae Discovery Centre\u00a0<\/strong><\/li>\n<\/ul>\n<p style=\"padding-left: 30px;\">Forum \u0130stanbul i\u00e7erisinde yer alan bir di\u011fer \u00e7ekim merkezi ise LEGOLAND\u00ae Discovery Centre. 3-10 ya\u015f \u00e7ocuklar i\u00e7in yarat\u0131c\u0131 ve e\u011flence dolu aktiviteleri burada bulabilirsiniz.<\/p>\n<p style=\"text-align: center;\"><img loading=\"lazy\" decoding=\"async\" class=\"alignnone size-full wp-image-3384\" src=\"https:\/\/www.julesverne.com.tr\/\/wp-content\/uploads\/2020\/09\/legoland.jpg\" alt=\"\" width=\"1200\" height=\"800\" srcset=\"https:\/\/julesverne.com.tr\/wp-content\/uploads\/2020\/09\/legoland.jpg 1200w, https:\/\/julesverne.com.tr\/wp-content\/uploads\/2020\/09\/legoland-500x333.jpg 500w, https:\/\/julesverne.com.tr\/wp-content\/uploads\/2020\/09\/legoland-768x512.jpg 768w\" sizes=\"(max-width: 1200px) 100vw, 1200px\" \/><\/p>\n<p style=\"text-align: center;\"><strong>Detayl\u0131 bilgi ve size \u00f6zel seyahat program\u0131 i\u00e7in:<\/strong><br \/>\n<a href=\"mailto:travel@julesverne.com.tr\" target=\"_blank\" rel=\"noopener noreferrer\"><strong>travel@julesverne.com.tr<\/strong><\/a><br \/>\n<strong>0212 266 6363 &#8211; 132<\/strong><\/p>\n","protected":false},"excerpt":{"rendered":"<p>&Ccedil;ocuklarla yap\u0131lacak bir aktivite ar\u0131yorsan\u0131z \u0130stanbul her ya\u015f grubuna hitap ediyor. Kas\u0131m ara tatilinde \u0130stanbul &ccedil;ocuklar i&ccedil;in yine dopdolu.<\/p>\n","protected":false},"author":1,"featured_media":2174,"comment_status":"closed","ping_status":"closed","sticky":false,"template":"","format":"standard","meta":{"inline_featured_image":false,"footnotes":""},"categories":[1],"tags":[],"acf":[],"yoast_head":"<!-- This site is optimized with the Yoast SEO plugin v22.3 - https:\/\/yoast.com\/wordpress\/plugins\/seo\/ -->\n<title>Ara Tatilde \u00c7ocuklarla \u0130stanbul&#039;u Ke\u015ffedin - JULES VERNE BUSINESS MICE TRAVEL<\/title>\n<meta name=\"robots\" content=\"index, follow, max-snippet:-1, max-image-preview:large, max-video-preview:-1\" \/>\n<link rel=\"canonical\" href=\"https:\/\/julesverne.com.tr\/travel-blog\/ara-tatilde-cocuklarla-istanbulu-kesfedin\/\" \/>\n<meta property=\"og:locale\" content=\"en_US\" \/>\n<meta property=\"og:type\" content=\"article\" \/>\n<meta property=\"og:title\" content=\"Ara Tatilde \u00c7ocuklarla \u0130stanbul&#039;u Ke\u015ffedin - JULES VERNE BUSINESS MICE TRAVEL\" \/>\n<meta property=\"og:description\" content=\"&Ccedil;ocuklarla yap\u0131lacak bir aktivite ar\u0131yorsan\u0131z \u0130stanbul her ya\u015f grubuna hitap ediyor. Kas\u0131m ara tatilinde \u0130stanbul &ccedil;ocuklar i&ccedil;in yine dopdolu.\" \/>\n<meta property=\"og:url\" content=\"https:\/\/julesverne.com.tr\/travel-blog\/ara-tatilde-cocuklarla-istanbulu-kesfedin\/\" \/>\n<meta property=\"og:site_name\" content=\"JULES VERNE BUSINESS MICE TRAVEL\" \/>\n<meta property=\"article:publisher\" content=\"https:\/\/www.facebook.com\/JulesVerneBusinessMiceTravel\/\" \/>\n<meta property=\"article:published_time\" content=\"2019-10-10T12:33:05+00:00\" \/>\n<meta property=\"article:modified_time\" content=\"2021-09-13T08:47:10+00:00\" \/>\n<meta property=\"og:image\" content=\"https:\/\/julesverne.com.tr\/wp-content\/uploads\/2020\/09\/cocuklarlaistanbul.jpg\" \/>\n\t<meta property=\"og:image:width\" content=\"1024\" \/>\n\t<meta property=\"og:image:height\" content=\"683\" \/>\n\t<meta property=\"og:image:type\" content=\"image\/jpeg\" \/>\n<meta name=\"author\" content=\"fikirman\" \/>\n<meta name=\"twitter:card\" content=\"summary_large_image\" \/>\n<meta name=\"twitter:creator\" content=\"@JV_BusinessMice\" \/>\n<meta name=\"twitter:site\" content=\"@JV_BusinessMice\" \/>\n<meta name=\"twitter:label1\" content=\"Written by\" \/>\n\t<meta name=\"twitter:data1\" content=\"fikirman\" \/>\n\t<meta name=\"twitter:label2\" content=\"Est. reading time\" \/>\n\t<meta name=\"twitter:data2\" content=\"5 minutes\" \/>\n<script type=\"application\/ld+json\" class=\"yoast-schema-graph\">{\"@context\":\"https:\/\/schema.org\",\"@graph\":[{\"@type\":\"Article\",\"@id\":\"https:\/\/julesverne.com.tr\/travel-blog\/ara-tatilde-cocuklarla-istanbulu-kesfedin\/#article\",\"isPartOf\":{\"@id\":\"https:\/\/julesverne.com.tr\/travel-blog\/ara-tatilde-cocuklarla-istanbulu-kesfedin\/\"},\"author\":{\"name\":\"fikirman\",\"@id\":\"https:\/\/julesverne.com.tr\/#\/schema\/person\/f4eb0514ae455538644c31b99a466fdb\"},\"headline\":\"Ara Tatilde \u00c7ocuklarla \u0130stanbul&#8217;u Ke\u015ffedin\",\"datePublished\":\"2019-10-10T12:33:05+00:00\",\"dateModified\":\"2021-09-13T08:47:10+00:00\",\"mainEntityOfPage\":{\"@id\":\"https:\/\/julesverne.com.tr\/travel-blog\/ara-tatilde-cocuklarla-istanbulu-kesfedin\/\"},\"wordCount\":997,\"publisher\":{\"@id\":\"https:\/\/julesverne.com.tr\/#organization\"},\"image\":{\"@id\":\"https:\/\/julesverne.com.tr\/travel-blog\/ara-tatilde-cocuklarla-istanbulu-kesfedin\/#primaryimage\"},\"thumbnailUrl\":\"https:\/\/julesverne.com.tr\/wp-content\/uploads\/2020\/09\/cocuklarlaistanbul.jpg\",\"articleSection\":[\"Blog\"],\"inLanguage\":\"en-US\"},{\"@type\":\"WebPage\",\"@id\":\"https:\/\/julesverne.com.tr\/travel-blog\/ara-tatilde-cocuklarla-istanbulu-kesfedin\/\",\"url\":\"https:\/\/julesverne.com.tr\/travel-blog\/ara-tatilde-cocuklarla-istanbulu-kesfedin\/\",\"name\":\"Ara Tatilde \u00c7ocuklarla \u0130stanbul'u Ke\u015ffedin - JULES VERNE BUSINESS MICE TRAVEL\",\"isPartOf\":{\"@id\":\"https:\/\/julesverne.com.tr\/#website\"},\"primaryImageOfPage\":{\"@id\":\"https:\/\/julesverne.com.tr\/travel-blog\/ara-tatilde-cocuklarla-istanbulu-kesfedin\/#primaryimage\"},\"image\":{\"@id\":\"https:\/\/julesverne.com.tr\/travel-blog\/ara-tatilde-cocuklarla-istanbulu-kesfedin\/#primaryimage\"},\"thumbnailUrl\":\"https:\/\/julesverne.com.tr\/wp-content\/uploads\/2020\/09\/cocuklarlaistanbul.jpg\",\"datePublished\":\"2019-10-10T12:33:05+00:00\",\"dateModified\":\"2021-09-13T08:47:10+00:00\",\"breadcrumb\":{\"@id\":\"https:\/\/julesverne.com.tr\/travel-blog\/ara-tatilde-cocuklarla-istanbulu-kesfedin\/#breadcrumb\"},\"inLanguage\":\"en-US\",\"potentialAction\":[{\"@type\":\"ReadAction\",\"target\":[\"https:\/\/julesverne.com.tr\/travel-blog\/ara-tatilde-cocuklarla-istanbulu-kesfedin\/\"]}]},{\"@type\":\"ImageObject\",\"inLanguage\":\"en-US\",\"@id\":\"https:\/\/julesverne.com.tr\/travel-blog\/ara-tatilde-cocuklarla-istanbulu-kesfedin\/#primaryimage\",\"url\":\"https:\/\/julesverne.com.tr\/wp-content\/uploads\/2020\/09\/cocuklarlaistanbul.jpg\",\"contentUrl\":\"https:\/\/julesverne.com.tr\/wp-content\/uploads\/2020\/09\/cocuklarlaistanbul.jpg\",\"width\":1024,\"height\":683},{\"@type\":\"BreadcrumbList\",\"@id\":\"https:\/\/julesverne.com.tr\/travel-blog\/ara-tatilde-cocuklarla-istanbulu-kesfedin\/#breadcrumb\",\"itemListElement\":[{\"@type\":\"ListItem\",\"position\":1,\"name\":\"Anasayfa\",\"item\":\"https:\/\/julesverne.com.tr\/\"},{\"@type\":\"ListItem\",\"position\":2,\"name\":\"Ara Tatilde \u00c7ocuklarla \u0130stanbul&#8217;u Ke\u015ffedin\"}]},{\"@type\":\"WebSite\",\"@id\":\"https:\/\/julesverne.com.tr\/#website\",\"url\":\"https:\/\/julesverne.com.tr\/\",\"name\":\"JULES VERNE BUSINESS MICE TRAVEL\",\"description\":\"\",\"publisher\":{\"@id\":\"https:\/\/julesverne.com.tr\/#organization\"},\"potentialAction\":[{\"@type\":\"SearchAction\",\"target\":{\"@type\":\"EntryPoint\",\"urlTemplate\":\"https:\/\/julesverne.com.tr\/?s={search_term_string}\"},\"query-input\":\"required name=search_term_string\"}],\"inLanguage\":\"en-US\"},{\"@type\":\"Organization\",\"@id\":\"https:\/\/julesverne.com.tr\/#organization\",\"name\":\"JULES VERNE BUSINESS MICE TRAVEL\",\"url\":\"https:\/\/julesverne.com.tr\/\",\"logo\":{\"@type\":\"ImageObject\",\"inLanguage\":\"en-US\",\"@id\":\"https:\/\/julesverne.com.tr\/#\/schema\/logo\/image\/\",\"url\":\"https:\/\/julesverne.com.tr\/wp-content\/uploads\/2020\/09\/jv-bmt-logo.png\",\"contentUrl\":\"https:\/\/julesverne.com.tr\/wp-content\/uploads\/2020\/09\/jv-bmt-logo.png\",\"width\":110,\"height\":81,\"caption\":\"JULES VERNE BUSINESS MICE TRAVEL\"},\"image\":{\"@id\":\"https:\/\/julesverne.com.tr\/#\/schema\/logo\/image\/\"},\"sameAs\":[\"https:\/\/www.facebook.com\/JulesVerneBusinessMiceTravel\/\",\"https:\/\/twitter.com\/JV_BusinessMice\",\"https:\/\/www.instagram.com\/julesvernebusinessmicetravel\/\",\"https:\/\/www.linkedin.com\/company\/julesvernebusinessmicetravel\/\",\"https:\/\/www.youtube.com\/channel\/UCAwdsmbZ6tFhu1tea6pkpiw\"]},{\"@type\":\"Person\",\"@id\":\"https:\/\/julesverne.com.tr\/#\/schema\/person\/f4eb0514ae455538644c31b99a466fdb\",\"name\":\"fikirman\",\"sameAs\":[\"http:\/\/advermedya.net\/julesverne\"],\"url\":\"https:\/\/julesverne.com.tr\/en\/author\/fikirman\/\"}]}<\/script>\n<!-- \/ Yoast SEO plugin. -->","yoast_head_json":{"title":"Ara Tatilde \u00c7ocuklarla \u0130stanbul'u Ke\u015ffedin - JULES VERNE BUSINESS MICE TRAVEL","robots":{"index":"index","follow":"follow","max-snippet":"max-snippet:-1","max-image-preview":"max-image-preview:large","max-video-preview":"max-video-preview:-1"},"canonical":"https:\/\/julesverne.com.tr\/travel-blog\/ara-tatilde-cocuklarla-istanbulu-kesfedin\/","og_locale":"en_US","og_type":"article","og_title":"Ara Tatilde \u00c7ocuklarla \u0130stanbul'u Ke\u015ffedin - JULES VERNE BUSINESS MICE TRAVEL","og_description":"&Ccedil;ocuklarla yap\u0131lacak bir aktivite ar\u0131yorsan\u0131z \u0130stanbul her ya\u015f grubuna hitap ediyor. Kas\u0131m ara tatilinde \u0130stanbul &ccedil;ocuklar i&ccedil;in yine dopdolu.","og_url":"https:\/\/julesverne.com.tr\/travel-blog\/ara-tatilde-cocuklarla-istanbulu-kesfedin\/","og_site_name":"JULES VERNE BUSINESS MICE TRAVEL","article_publisher":"https:\/\/www.facebook.com\/JulesVerneBusinessMiceTravel\/","article_published_time":"2019-10-10T12:33:05+00:00","article_modified_time":"2021-09-13T08:47:10+00:00","og_image":[{"width":1024,"height":683,"url":"https:\/\/julesverne.com.tr\/wp-content\/uploads\/2020\/09\/cocuklarlaistanbul.jpg","type":"image\/jpeg"}],"author":"fikirman","twitter_card":"summary_large_image","twitter_creator":"@JV_BusinessMice","twitter_site":"@JV_BusinessMice","twitter_misc":{"Written by":"fikirman","Est. reading time":"5 minutes"},"schema":{"@context":"https:\/\/schema.org","@graph":[{"@type":"Article","@id":"https:\/\/julesverne.com.tr\/travel-blog\/ara-tatilde-cocuklarla-istanbulu-kesfedin\/#article","isPartOf":{"@id":"https:\/\/julesverne.com.tr\/travel-blog\/ara-tatilde-cocuklarla-istanbulu-kesfedin\/"},"author":{"name":"fikirman","@id":"https:\/\/julesverne.com.tr\/#\/schema\/person\/f4eb0514ae455538644c31b99a466fdb"},"headline":"Ara Tatilde \u00c7ocuklarla \u0130stanbul&#8217;u Ke\u015ffedin","datePublished":"2019-10-10T12:33:05+00:00","dateModified":"2021-09-13T08:47:10+00:00","mainEntityOfPage":{"@id":"https:\/\/julesverne.com.tr\/travel-blog\/ara-tatilde-cocuklarla-istanbulu-kesfedin\/"},"wordCount":997,"publisher":{"@id":"https:\/\/julesverne.com.tr\/#organization"},"image":{"@id":"https:\/\/julesverne.com.tr\/travel-blog\/ara-tatilde-cocuklarla-istanbulu-kesfedin\/#primaryimage"},"thumbnailUrl":"https:\/\/julesverne.com.tr\/wp-content\/uploads\/2020\/09\/cocuklarlaistanbul.jpg","articleSection":["Blog"],"inLanguage":"en-US"},{"@type":"WebPage","@id":"https:\/\/julesverne.com.tr\/travel-blog\/ara-tatilde-cocuklarla-istanbulu-kesfedin\/","url":"https:\/\/julesverne.com.tr\/travel-blog\/ara-tatilde-cocuklarla-istanbulu-kesfedin\/","name":"Ara Tatilde \u00c7ocuklarla \u0130stanbul'u Ke\u015ffedin - JULES VERNE BUSINESS MICE TRAVEL","isPartOf":{"@id":"https:\/\/julesverne.com.tr\/#website"},"primaryImageOfPage":{"@id":"https:\/\/julesverne.com.tr\/travel-blog\/ara-tatilde-cocuklarla-istanbulu-kesfedin\/#primaryimage"},"image":{"@id":"https:\/\/julesverne.com.tr\/travel-blog\/ara-tatilde-cocuklarla-istanbulu-kesfedin\/#primaryimage"},"thumbnailUrl":"https:\/\/julesverne.com.tr\/wp-content\/uploads\/2020\/09\/cocuklarlaistanbul.jpg","datePublished":"2019-10-10T12:33:05+00:00","dateModified":"2021-09-13T08:47:10+00:00","breadcrumb":{"@id":"https:\/\/julesverne.com.tr\/travel-blog\/ara-tatilde-cocuklarla-istanbulu-kesfedin\/#breadcrumb"},"inLanguage":"en-US","potentialAction":[{"@type":"ReadAction","target":["https:\/\/julesverne.com.tr\/travel-blog\/ara-tatilde-cocuklarla-istanbulu-kesfedin\/"]}]},{"@type":"ImageObject","inLanguage":"en-US","@id":"https:\/\/julesverne.com.tr\/travel-blog\/ara-tatilde-cocuklarla-istanbulu-kesfedin\/#primaryimage","url":"https:\/\/julesverne.com.tr\/wp-content\/uploads\/2020\/09\/cocuklarlaistanbul.jpg","contentUrl":"https:\/\/julesverne.com.tr\/wp-content\/uploads\/2020\/09\/cocuklarlaistanbul.jpg","width":1024,"height":683},{"@type":"BreadcrumbList","@id":"https:\/\/julesverne.com.tr\/travel-blog\/ara-tatilde-cocuklarla-istanbulu-kesfedin\/#breadcrumb","itemListElement":[{"@type":"ListItem","position":1,"name":"Anasayfa","item":"https:\/\/julesverne.com.tr\/"},{"@type":"ListItem","position":2,"name":"Ara Tatilde \u00c7ocuklarla \u0130stanbul&#8217;u Ke\u015ffedin"}]},{"@type":"WebSite","@id":"https:\/\/julesverne.com.tr\/#website","url":"https:\/\/julesverne.com.tr\/","name":"JULES VERNE BUSINESS MICE TRAVEL","description":"","publisher":{"@id":"https:\/\/julesverne.com.tr\/#organization"},"potentialAction":[{"@type":"SearchAction","target":{"@type":"EntryPoint","urlTemplate":"https:\/\/julesverne.com.tr\/?s={search_term_string}"},"query-input":"required name=search_term_string"}],"inLanguage":"en-US"},{"@type":"Organization","@id":"https:\/\/julesverne.com.tr\/#organization","name":"JULES VERNE BUSINESS MICE TRAVEL","url":"https:\/\/julesverne.com.tr\/","logo":{"@type":"ImageObject","inLanguage":"en-US","@id":"https:\/\/julesverne.com.tr\/#\/schema\/logo\/image\/","url":"https:\/\/julesverne.com.tr\/wp-content\/uploads\/2020\/09\/jv-bmt-logo.png","contentUrl":"https:\/\/julesverne.com.tr\/wp-content\/uploads\/2020\/09\/jv-bmt-logo.png","width":110,"height":81,"caption":"JULES VERNE BUSINESS MICE TRAVEL"},"image":{"@id":"https:\/\/julesverne.com.tr\/#\/schema\/logo\/image\/"},"sameAs":["https:\/\/www.facebook.com\/JulesVerneBusinessMiceTravel\/","https:\/\/twitter.com\/JV_BusinessMice","https:\/\/www.instagram.com\/julesvernebusinessmicetravel\/","https:\/\/www.linkedin.com\/company\/julesvernebusinessmicetravel\/","https:\/\/www.youtube.com\/channel\/UCAwdsmbZ6tFhu1tea6pkpiw"]},{"@type":"Person","@id":"https:\/\/julesverne.com.tr\/#\/schema\/person\/f4eb0514ae455538644c31b99a466fdb","name":"fikirman","sameAs":["http:\/\/advermedya.net\/julesverne"],"url":"https:\/\/julesverne.com.tr\/en\/author\/fikirman\/"}]}},"_links":{"self":[{"href":"https:\/\/julesverne.com.tr\/en\/wp-json\/wp\/v2\/posts\/2173"}],"collection":[{"href":"https:\/\/julesverne.com.tr\/en\/wp-json\/wp\/v2\/posts"}],"about":[{"href":"https:\/\/julesverne.com.tr\/en\/wp-json\/wp\/v2\/types\/post"}],"author":[{"embeddable":true,"href":"https:\/\/julesverne.com.tr\/en\/wp-json\/wp\/v2\/users\/1"}],"replies":[{"embeddable":true,"href":"https:\/\/julesverne.com.tr\/en\/wp-json\/wp\/v2\/comments?post=2173"}],"version-history":[{"count":0,"href":"https:\/\/julesverne.com.tr\/en\/wp-json\/wp\/v2\/posts\/2173\/revisions"}],"wp:featuredmedia":[{"embeddable":true,"href":"https:\/\/julesverne.com.tr\/en\/wp-json\/wp\/v2\/media\/2174"}],"wp:attachment":[{"href":"https:\/\/julesverne.com.tr\/en\/wp-json\/wp\/v2\/media?parent=2173"}],"wp:term":[{"taxonomy":"category","embeddable":true,"href":"https:\/\/julesverne.com.tr\/en\/wp-json\/wp\/v2\/categories?post=2173"},{"taxonomy":"post_tag","embeddable":true,"href":"https:\/\/julesverne.com.tr\/en\/wp-json\/wp\/v2\/tags?post=2173"}],"curies":[{"name":"wp","href":"https:\/\/api.w.org\/{rel}","templated":true}]}}