{"id":2169,"date":"2019-09-30T11:50:25","date_gmt":"2019-09-30T08:50:25","guid":{"rendered":"https:\/\/www.julesverne.com.tr\/\/blog\/bu-sonbahar-festivallerle-dolu\/"},"modified":"2021-09-13T11:46:14","modified_gmt":"2021-09-13T08:46:14","slug":"bu-sonbahar-festivallerle-dolu","status":"publish","type":"post","link":"https:\/\/julesverne.com.tr\/en\/travel-blog\/bu-sonbahar-festivallerle-dolu\/","title":{"rendered":"Bu Sonbahar Festivallerle Dolu"},"content":{"rendered":"<p style=\"text-align: center;\"><img loading=\"lazy\" decoding=\"async\" class=\"alignnone size-full wp-image-3392\" src=\"https:\/\/www.julesverne.com.tr\/\/wp-content\/uploads\/2020\/09\/oktoberfest-1.jpg\" alt=\"\" width=\"988\" height=\"532\" srcset=\"https:\/\/julesverne.com.tr\/wp-content\/uploads\/2020\/09\/oktoberfest-1.jpg 988w, https:\/\/julesverne.com.tr\/wp-content\/uploads\/2020\/09\/oktoberfest-1-500x269.jpg 500w, https:\/\/julesverne.com.tr\/wp-content\/uploads\/2020\/09\/oktoberfest-1-768x414.jpg 768w\" sizes=\"(max-width: 988px) 100vw, 988px\" \/><\/p>\n<p>Sonbahar mevsimi bir geri \u00e7ekilme de\u011fil asl\u0131nda co\u015fkunun, renklerin mevsimi. Bunu da bize bu mevsimde ger\u00e7ekle\u015fen onlarca farkl\u0131 festival \u00e7ok g\u00fczel anlat\u0131yor. Hasat zaman\u0131na i\u015faret eden sonbaharda hasat festivallerinin yan\u0131 s\u0131ra dans, lezzet odakl\u0131 festivalleri de h\u0131z kesmeden devam ediyor.\u00a0Bu sonbaharda ka\u00e7\u0131rmak istemeyece\u011finiz festivaller&#8230;<\/p>\n<p><strong>Oktoberfest, Almanya<\/strong><\/p>\n<p style=\"text-align: center;\"><strong><img loading=\"lazy\" decoding=\"async\" class=\"alignnone size-full wp-image-3393\" src=\"https:\/\/www.julesverne.com.tr\/\/wp-content\/uploads\/2020\/09\/oktoberfestmunich.jpg\" alt=\"\" width=\"900\" height=\"579\" srcset=\"https:\/\/julesverne.com.tr\/wp-content\/uploads\/2020\/09\/oktoberfestmunich.jpg 900w, https:\/\/julesverne.com.tr\/wp-content\/uploads\/2020\/09\/oktoberfestmunich-500x322.jpg 500w, https:\/\/julesverne.com.tr\/wp-content\/uploads\/2020\/09\/oktoberfestmunich-768x494.jpg 768w\" sizes=\"(max-width: 900px) 100vw, 900px\" \/><\/strong><\/p>\n<p>\u0130lk olarak 1810 y\u0131l\u0131n\u0131n Ekim ay\u0131nda Bavyeral\u0131 Prens Ludwig ve Saksonya-Hildburghausen Prensesi Therese d\u00fc\u011f\u00fcn\u00fcn\u00fcn \u015ferefine d\u00fczenlenen kutlama bug\u00fcn 200 y\u0131l\u0131 a\u015fan bir gelene\u011fe d\u00f6n\u00fc\u015fm\u00fc\u015f durumda. D\u00fcnyan\u0131n en b\u00fcy\u00fck halk festivallerinden biri olan Oktoberfest her y\u0131l oldu\u011fu gibi bu y\u0131l da yo\u011fun ilgi g\u00f6r\u00fcyor. 2 hafta s\u00fcren festival biradan geleneksel Alman lezzetlerine, \u015faraptan yerel danslara uzan\u0131yor. \u015eehir merkezine kurulan \u00e7ad\u0131rlar\u0131n belirli bir kapasitesi oldu\u011funu hat\u0131rlat\u0131p, gitmeden \u00f6nce rezervasyon yapt\u0131r\u0131n notumuzu da ekleyelim.<\/p>\n<p><em><strong>Ne zaman?<\/strong><\/em> 21 Eyl\u00fcl \u2013 5 Ekim 2019<\/p>\n<p><strong>CAFe Budapest Contemporary Arts Festival, Macaristan<\/strong><\/p>\n<p style=\"text-align: center;\"><strong><img loading=\"lazy\" decoding=\"async\" class=\"alignnone size-full wp-image-3394\" src=\"https:\/\/www.julesverne.com.tr\/\/wp-content\/uploads\/2020\/09\/CAFe_Budapest_Contemporary_Arts_Festival.jpg\" alt=\"\" width=\"1280\" height=\"720\" srcset=\"https:\/\/julesverne.com.tr\/wp-content\/uploads\/2020\/09\/CAFe_Budapest_Contemporary_Arts_Festival.jpg 1280w, https:\/\/julesverne.com.tr\/wp-content\/uploads\/2020\/09\/CAFe_Budapest_Contemporary_Arts_Festival-500x281.jpg 500w, https:\/\/julesverne.com.tr\/wp-content\/uploads\/2020\/09\/CAFe_Budapest_Contemporary_Arts_Festival-768x432.jpg 768w, https:\/\/julesverne.com.tr\/wp-content\/uploads\/2020\/09\/CAFe_Budapest_Contemporary_Arts_Festival-400x225.jpg 400w\" sizes=\"(max-width: 1280px) 100vw, 1280px\" \/><\/strong><\/p>\n<p>Ge\u00e7ti\u011fimiz 20 y\u0131l boyunca Budape\u015fte Sonbahar Festivali olarak bilinen ve art\u0131k CAFe Budapest Contemporary Arts Festival ad\u0131yla d\u00fczenlenen bu festival \u015fehri sanata bo\u011fuyor. \u00c7a\u011fda\u015f sanat\u0131n yarat\u0131c\u0131 yeteneklerini kutlayan bu festival boyunca Budape\u015fte&#8217;de k\u00fclt\u00fcrel hayat dolu dolu ge\u00e7iyor. Klasik m\u00fczikten film g\u00f6sterimlerine, g\u00fczel sanatlardan dans g\u00f6sterilerine uzanan \u00e7e\u015fitlili\u011fi b\u00fcnyesinde bar\u0131nd\u0131r\u0131yor.<\/p>\n<p><em><strong>Ne zaman?\u00a0<\/strong><\/em> 2 \u2013 18 Ekim 2019<\/p>\n<p><strong>Alba White Truffle Festival, \u0130talya<\/strong><\/p>\n<p style=\"text-align: center;\"><strong><img loading=\"lazy\" decoding=\"async\" class=\"alignnone size-full wp-image-3395\" src=\"https:\/\/www.julesverne.com.tr\/\/wp-content\/uploads\/2020\/09\/alba_white_truffle_festival.jpg\" alt=\"\" width=\"999\" height=\"666\" srcset=\"https:\/\/julesverne.com.tr\/wp-content\/uploads\/2020\/09\/alba_white_truffle_festival.jpg 999w, https:\/\/julesverne.com.tr\/wp-content\/uploads\/2020\/09\/alba_white_truffle_festival-500x333.jpg 500w, https:\/\/julesverne.com.tr\/wp-content\/uploads\/2020\/09\/alba_white_truffle_festival-768x512.jpg 768w\" sizes=\"(max-width: 999px) 100vw, 999px\" \/><\/strong><\/p>\n<p>Gastronomi turizminin krali\u00e7esi olarak bilinen The International Alba White Truffle Fair, her y\u0131l lezzet tutkunlar\u0131n\u0131 ve gurmeleri \u0130talya&#8217;n\u0131n Piemonte B\u00f6lgesi&#8217;ne, Alba \u015fehrine getiriyor. Mantarlar\u0131n kral\u0131 olarak bilinen &#8220;Tuber magnatum Pico&#8221; t\u00fcr\u00fcne adanan bu festival 8 hafta boyunca Alba ile birlikte Langhe, Roero, Monferrato b\u00f6lgelerini de harekete ge\u00e7iriyor. Kaliteli yemek, kaliteli \u015farap ve bolca yeni ke\u015fif pe\u015finde olanlar\u0131n ka\u00e7\u0131rmamas\u0131 gereken bir festival! UNESCO taraf\u0131ndan Gastronomi \u015eehri olarak ilan edilen Alba i\u00e7in planlara ba\u015flay\u0131n.<\/p>\n<p><em><strong>Ne zaman?<\/strong> <\/em>5 Ekim \u2013 24 Kas\u0131m 2019<\/p>\n<p><strong>Amsterdam Dance Event, Hollanda<\/strong><\/p>\n<p style=\"text-align: center;\"><strong><img loading=\"lazy\" decoding=\"async\" class=\"alignnone size-full wp-image-3396\" src=\"https:\/\/www.julesverne.com.tr\/\/wp-content\/uploads\/2020\/09\/ade.jpg\" alt=\"\" width=\"960\" height=\"640\" srcset=\"https:\/\/julesverne.com.tr\/wp-content\/uploads\/2020\/09\/ade.jpg 960w, https:\/\/julesverne.com.tr\/wp-content\/uploads\/2020\/09\/ade-500x333.jpg 500w, https:\/\/julesverne.com.tr\/wp-content\/uploads\/2020\/09\/ade-768x512.jpg 768w\" sizes=\"(max-width: 960px) 100vw, 960px\" \/><\/strong><\/p>\n<p>Amsterdam Dance Event k\u0131saca ADE&#8217;yi sadece dans edece\u011finiz bir festival olarak d\u00fc\u015f\u00fcnmeyin diyerek s\u00f6ze ba\u015flayal\u0131m. Elektronik dans m\u00fczi\u011fin gelece\u011fine y\u00f6n veren bu kapsaml\u0131 ve \u00e7ok y\u00f6nl\u00fc festival hem \u00fcreticilerin, hem dinleyicilerin hem de tedarik\u00e7ilerin ufkunu a\u00e7\u0131yor. Dev bir etkile\u015fim a\u011f\u0131 yaratan ADE boyunca g\u00fcnd\u00fczleri \u015fehrin kongre merkezleri ve tiyatro salonlar\u0131nda konu\u015fmalar d\u00fczenlenirken fuar alanlar\u0131nda teknik ekipman tan\u0131t\u0131mlar\u0131, workshoplar d\u00fczenleniyor. \u0130\u015fin e\u011flence k\u0131sm\u0131 ise t\u00fcm \u015fehre yay\u0131l\u0131yor. Eski kiliseler, gemiler, parklar, plak\u00e7\u0131lar, kul\u00fcpler birer parti alan\u0131na d\u00f6n\u00fc\u015f\u00fcyor ve harika partiler d\u00fczenleniyor.<\/p>\n<p><em><strong>Ne zaman?<\/strong> <\/em>16 \u2013 20 Ekim 2019<\/p>\n<p><strong>Austin City Limits, TX (Music), ABD<\/strong><\/p>\n<p style=\"text-align: center;\"><strong><img loading=\"lazy\" decoding=\"async\" class=\"alignnone size-full wp-image-3397\" src=\"https:\/\/www.julesverne.com.tr\/\/wp-content\/uploads\/2020\/09\/acl1.jpg\" alt=\"\" width=\"898\" height=\"600\" srcset=\"https:\/\/julesverne.com.tr\/wp-content\/uploads\/2020\/09\/acl1.jpg 898w, https:\/\/julesverne.com.tr\/wp-content\/uploads\/2020\/09\/acl1-500x334.jpg 500w, https:\/\/julesverne.com.tr\/wp-content\/uploads\/2020\/09\/acl1-768x513.jpg 768w\" sizes=\"(max-width: 898px) 100vw, 898px\" \/><\/strong><\/p>\n<p>2002 y\u0131l\u0131nda k\u00fc\u00e7\u00fck bir m\u00fczik festivali olarak ba\u015flayan Austin City Limits k\u0131saca ACL bug\u00fcn devasa bir festivale d\u00f6n\u00fc\u015fm\u00fc\u015f durumda. 8 farkl\u0131 sahnede 130&#8217;un \u00fczerinde grubun sahne alaca\u011f\u0131 festival yo\u011funluktan dolay\u0131 birbirini takip eden 2 hafta sonu d\u00fczenleniyor. Zilker Park&#8217;ta ger\u00e7ekle\u015fen festivalde m\u00fczik performanslar\u0131na ek olarak sanat pazar\u0131, \u00e7ocuklu aileler i\u00e7in oyun alanlar\u0131 yer al\u0131yor.<\/p>\n<p><em><strong>Ne zaman?<\/strong> <\/em>4 \u2013 6 Ekim, 11 \u2013 13 Ekim 2019<\/p>\n<p><strong>Fall Okanagan Wine Festival, Kanada<\/strong><\/p>\n<p style=\"text-align: center;\"><strong><img loading=\"lazy\" decoding=\"async\" class=\"alignnone size-full wp-image-3398\" src=\"https:\/\/www.julesverne.com.tr\/\/wp-content\/uploads\/2020\/09\/Fall_Okanagan_Wine_Festival.jpg\" alt=\"\" width=\"999\" height=\"664\" srcset=\"https:\/\/julesverne.com.tr\/wp-content\/uploads\/2020\/09\/Fall_Okanagan_Wine_Festival.jpg 999w, https:\/\/julesverne.com.tr\/wp-content\/uploads\/2020\/09\/Fall_Okanagan_Wine_Festival-500x332.jpg 500w, https:\/\/julesverne.com.tr\/wp-content\/uploads\/2020\/09\/Fall_Okanagan_Wine_Festival-768x510.jpg 768w\" sizes=\"(max-width: 999px) 100vw, 999px\" \/><\/strong><\/p>\n<p>USA Today&#8217;a g\u00f6re d\u00fcnyada ziyaret edilmesi gereken ikinci \u015farap b\u00f6lgesi Okanagan Valley her y\u0131l sonbahar d\u00f6neminde \u015farap festivaline ev sahipli\u011fi yap\u0131yor. 200&#8217;den fazla \u015farap \u00fcreticisinin yer ald\u0131\u011f\u0131 bu bereketli vadi ayn\u0131 zamanda Kanada&#8217;n\u0131n en pitoresk yerlerinden biri. \u015earap tad\u0131mlar\u0131n\u0131 yaparken birbirinden g\u00fczel do\u011fa manzaralar\u0131na kendinizi haz\u0131rlay\u0131n! Da\u011f, g\u00f6l, \u00fcz\u00fcm ba\u011flar\u0131 g\u00f6r\u00fcnt\u00fcleri aras\u0131nda Kanada&#8217;n\u0131n en leziz \u015faraplar\u0131n\u0131 tadacaks\u0131n\u0131z.<\/p>\n<p><em><strong>Ne zaman?<\/strong><\/em> 3 \u2013 13 Ekim 2019<\/p>\n<p><strong>Kaynak:<\/strong> Jabiroo<\/p>\n<p style=\"text-align: center;\"><strong>Size \u00f6zel seyahat program\u0131 ve rezervasyon i\u00e7in:<\/strong><br \/>\n<a href=\"mailto:travel@julesverne.com.tr\" target=\"_blank\" rel=\"noopener noreferrer\"><strong>travel@julesverne.com.tr<\/strong><\/a><br \/>\n<strong>0212 266 6363 &#8211; 179<\/strong><\/p>\n","protected":false},"excerpt":{"rendered":"<p>Sonbahar mevsimi bir geri &ccedil;ekilme de\u011fil asl\u0131nda co\u015fkunun, renklerin mevsimi. Bunu da bize bu mevsimde ger&ccedil;ekle\u015fen onlarca farkl\u0131 festival &ccedil;ok g&uuml;zel anlat\u0131yor. Bu sonbaharda&nbsp;ka&ccedil;\u0131rmak istemeyece\u011finiz&nbsp;festivaller&#8230;<\/p>\n","protected":false},"author":1,"featured_media":2170,"comment_status":"closed","ping_status":"closed","sticky":false,"template":"","format":"standard","meta":{"inline_featured_image":false,"footnotes":""},"categories":[1],"tags":[],"acf":[],"yoast_head":"<!-- This site is optimized with the Yoast SEO plugin v22.3 - https:\/\/yoast.com\/wordpress\/plugins\/seo\/ -->\n<title>Bu Sonbahar Festivallerle Dolu - JULES VERNE BUSINESS MICE TRAVEL<\/title>\n<meta name=\"robots\" content=\"index, follow, max-snippet:-1, max-image-preview:large, max-video-preview:-1\" \/>\n<link rel=\"canonical\" href=\"https:\/\/julesverne.com.tr\/travel-blog\/bu-sonbahar-festivallerle-dolu\/\" \/>\n<meta property=\"og:locale\" content=\"en_US\" \/>\n<meta property=\"og:type\" content=\"article\" \/>\n<meta property=\"og:title\" content=\"Bu Sonbahar Festivallerle Dolu - JULES VERNE BUSINESS MICE TRAVEL\" \/>\n<meta property=\"og:description\" content=\"Sonbahar mevsimi bir geri &ccedil;ekilme de\u011fil asl\u0131nda co\u015fkunun, renklerin mevsimi. Bunu da bize bu mevsimde ger&ccedil;ekle\u015fen onlarca farkl\u0131 festival &ccedil;ok g&uuml;zel anlat\u0131yor. Bu sonbaharda&nbsp;ka&ccedil;\u0131rmak istemeyece\u011finiz&nbsp;festivaller...\" \/>\n<meta property=\"og:url\" content=\"https:\/\/julesverne.com.tr\/travel-blog\/bu-sonbahar-festivallerle-dolu\/\" \/>\n<meta property=\"og:site_name\" content=\"JULES VERNE BUSINESS MICE TRAVEL\" \/>\n<meta property=\"article:publisher\" content=\"https:\/\/www.facebook.com\/JulesVerneBusinessMiceTravel\/\" \/>\n<meta property=\"article:published_time\" content=\"2019-09-30T08:50:25+00:00\" \/>\n<meta property=\"article:modified_time\" content=\"2021-09-13T08:46:14+00:00\" \/>\n<meta property=\"og:image\" content=\"https:\/\/julesverne.com.tr\/wp-content\/uploads\/2020\/09\/oktoberfest.jpg\" \/>\n\t<meta property=\"og:image:width\" content=\"988\" \/>\n\t<meta property=\"og:image:height\" content=\"532\" \/>\n\t<meta property=\"og:image:type\" content=\"image\/jpeg\" \/>\n<meta name=\"author\" content=\"fikirman\" \/>\n<meta name=\"twitter:card\" content=\"summary_large_image\" \/>\n<meta name=\"twitter:creator\" content=\"@JV_BusinessMice\" \/>\n<meta name=\"twitter:site\" content=\"@JV_BusinessMice\" \/>\n<meta name=\"twitter:label1\" content=\"Written by\" \/>\n\t<meta name=\"twitter:data1\" content=\"fikirman\" \/>\n\t<meta name=\"twitter:label2\" content=\"Est. reading time\" \/>\n\t<meta name=\"twitter:data2\" content=\"3 minutes\" \/>\n<script type=\"application\/ld+json\" class=\"yoast-schema-graph\">{\"@context\":\"https:\/\/schema.org\",\"@graph\":[{\"@type\":\"Article\",\"@id\":\"https:\/\/julesverne.com.tr\/travel-blog\/bu-sonbahar-festivallerle-dolu\/#article\",\"isPartOf\":{\"@id\":\"https:\/\/julesverne.com.tr\/travel-blog\/bu-sonbahar-festivallerle-dolu\/\"},\"author\":{\"name\":\"fikirman\",\"@id\":\"https:\/\/julesverne.com.tr\/#\/schema\/person\/f4eb0514ae455538644c31b99a466fdb\"},\"headline\":\"Bu Sonbahar Festivallerle Dolu\",\"datePublished\":\"2019-09-30T08:50:25+00:00\",\"dateModified\":\"2021-09-13T08:46:14+00:00\",\"mainEntityOfPage\":{\"@id\":\"https:\/\/julesverne.com.tr\/travel-blog\/bu-sonbahar-festivallerle-dolu\/\"},\"wordCount\":656,\"publisher\":{\"@id\":\"https:\/\/julesverne.com.tr\/#organization\"},\"image\":{\"@id\":\"https:\/\/julesverne.com.tr\/travel-blog\/bu-sonbahar-festivallerle-dolu\/#primaryimage\"},\"thumbnailUrl\":\"https:\/\/julesverne.com.tr\/wp-content\/uploads\/2020\/09\/oktoberfest.jpg\",\"articleSection\":[\"Blog\"],\"inLanguage\":\"en-US\"},{\"@type\":\"WebPage\",\"@id\":\"https:\/\/julesverne.com.tr\/travel-blog\/bu-sonbahar-festivallerle-dolu\/\",\"url\":\"https:\/\/julesverne.com.tr\/travel-blog\/bu-sonbahar-festivallerle-dolu\/\",\"name\":\"Bu Sonbahar Festivallerle Dolu - JULES VERNE BUSINESS MICE TRAVEL\",\"isPartOf\":{\"@id\":\"https:\/\/julesverne.com.tr\/#website\"},\"primaryImageOfPage\":{\"@id\":\"https:\/\/julesverne.com.tr\/travel-blog\/bu-sonbahar-festivallerle-dolu\/#primaryimage\"},\"image\":{\"@id\":\"https:\/\/julesverne.com.tr\/travel-blog\/bu-sonbahar-festivallerle-dolu\/#primaryimage\"},\"thumbnailUrl\":\"https:\/\/julesverne.com.tr\/wp-content\/uploads\/2020\/09\/oktoberfest.jpg\",\"datePublished\":\"2019-09-30T08:50:25+00:00\",\"dateModified\":\"2021-09-13T08:46:14+00:00\",\"breadcrumb\":{\"@id\":\"https:\/\/julesverne.com.tr\/travel-blog\/bu-sonbahar-festivallerle-dolu\/#breadcrumb\"},\"inLanguage\":\"en-US\",\"potentialAction\":[{\"@type\":\"ReadAction\",\"target\":[\"https:\/\/julesverne.com.tr\/travel-blog\/bu-sonbahar-festivallerle-dolu\/\"]}]},{\"@type\":\"ImageObject\",\"inLanguage\":\"en-US\",\"@id\":\"https:\/\/julesverne.com.tr\/travel-blog\/bu-sonbahar-festivallerle-dolu\/#primaryimage\",\"url\":\"https:\/\/julesverne.com.tr\/wp-content\/uploads\/2020\/09\/oktoberfest.jpg\",\"contentUrl\":\"https:\/\/julesverne.com.tr\/wp-content\/uploads\/2020\/09\/oktoberfest.jpg\",\"width\":988,\"height\":532},{\"@type\":\"BreadcrumbList\",\"@id\":\"https:\/\/julesverne.com.tr\/travel-blog\/bu-sonbahar-festivallerle-dolu\/#breadcrumb\",\"itemListElement\":[{\"@type\":\"ListItem\",\"position\":1,\"name\":\"Anasayfa\",\"item\":\"https:\/\/julesverne.com.tr\/\"},{\"@type\":\"ListItem\",\"position\":2,\"name\":\"Bu Sonbahar Festivallerle Dolu\"}]},{\"@type\":\"WebSite\",\"@id\":\"https:\/\/julesverne.com.tr\/#website\",\"url\":\"https:\/\/julesverne.com.tr\/\",\"name\":\"JULES VERNE BUSINESS MICE TRAVEL\",\"description\":\"\",\"publisher\":{\"@id\":\"https:\/\/julesverne.com.tr\/#organization\"},\"potentialAction\":[{\"@type\":\"SearchAction\",\"target\":{\"@type\":\"EntryPoint\",\"urlTemplate\":\"https:\/\/julesverne.com.tr\/?s={search_term_string}\"},\"query-input\":\"required name=search_term_string\"}],\"inLanguage\":\"en-US\"},{\"@type\":\"Organization\",\"@id\":\"https:\/\/julesverne.com.tr\/#organization\",\"name\":\"JULES VERNE BUSINESS MICE TRAVEL\",\"url\":\"https:\/\/julesverne.com.tr\/\",\"logo\":{\"@type\":\"ImageObject\",\"inLanguage\":\"en-US\",\"@id\":\"https:\/\/julesverne.com.tr\/#\/schema\/logo\/image\/\",\"url\":\"https:\/\/julesverne.com.tr\/wp-content\/uploads\/2020\/09\/jv-bmt-logo.png\",\"contentUrl\":\"https:\/\/julesverne.com.tr\/wp-content\/uploads\/2020\/09\/jv-bmt-logo.png\",\"width\":110,\"height\":81,\"caption\":\"JULES VERNE BUSINESS MICE TRAVEL\"},\"image\":{\"@id\":\"https:\/\/julesverne.com.tr\/#\/schema\/logo\/image\/\"},\"sameAs\":[\"https:\/\/www.facebook.com\/JulesVerneBusinessMiceTravel\/\",\"https:\/\/twitter.com\/JV_BusinessMice\",\"https:\/\/www.instagram.com\/julesvernebusinessmicetravel\/\",\"https:\/\/www.linkedin.com\/company\/julesvernebusinessmicetravel\/\",\"https:\/\/www.youtube.com\/channel\/UCAwdsmbZ6tFhu1tea6pkpiw\"]},{\"@type\":\"Person\",\"@id\":\"https:\/\/julesverne.com.tr\/#\/schema\/person\/f4eb0514ae455538644c31b99a466fdb\",\"name\":\"fikirman\",\"sameAs\":[\"http:\/\/advermedya.net\/julesverne\"],\"url\":\"https:\/\/julesverne.com.tr\/en\/author\/fikirman\/\"}]}<\/script>\n<!-- \/ Yoast SEO plugin. -->","yoast_head_json":{"title":"Bu Sonbahar Festivallerle Dolu - JULES VERNE BUSINESS MICE TRAVEL","robots":{"index":"index","follow":"follow","max-snippet":"max-snippet:-1","max-image-preview":"max-image-preview:large","max-video-preview":"max-video-preview:-1"},"canonical":"https:\/\/julesverne.com.tr\/travel-blog\/bu-sonbahar-festivallerle-dolu\/","og_locale":"en_US","og_type":"article","og_title":"Bu Sonbahar Festivallerle Dolu - JULES VERNE BUSINESS MICE TRAVEL","og_description":"Sonbahar mevsimi bir geri &ccedil;ekilme de\u011fil asl\u0131nda co\u015fkunun, renklerin mevsimi. Bunu da bize bu mevsimde ger&ccedil;ekle\u015fen onlarca farkl\u0131 festival &ccedil;ok g&uuml;zel anlat\u0131yor. Bu sonbaharda&nbsp;ka&ccedil;\u0131rmak istemeyece\u011finiz&nbsp;festivaller...","og_url":"https:\/\/julesverne.com.tr\/travel-blog\/bu-sonbahar-festivallerle-dolu\/","og_site_name":"JULES VERNE BUSINESS MICE TRAVEL","article_publisher":"https:\/\/www.facebook.com\/JulesVerneBusinessMiceTravel\/","article_published_time":"2019-09-30T08:50:25+00:00","article_modified_time":"2021-09-13T08:46:14+00:00","og_image":[{"width":988,"height":532,"url":"https:\/\/julesverne.com.tr\/wp-content\/uploads\/2020\/09\/oktoberfest.jpg","type":"image\/jpeg"}],"author":"fikirman","twitter_card":"summary_large_image","twitter_creator":"@JV_BusinessMice","twitter_site":"@JV_BusinessMice","twitter_misc":{"Written by":"fikirman","Est. reading time":"3 minutes"},"schema":{"@context":"https:\/\/schema.org","@graph":[{"@type":"Article","@id":"https:\/\/julesverne.com.tr\/travel-blog\/bu-sonbahar-festivallerle-dolu\/#article","isPartOf":{"@id":"https:\/\/julesverne.com.tr\/travel-blog\/bu-sonbahar-festivallerle-dolu\/"},"author":{"name":"fikirman","@id":"https:\/\/julesverne.com.tr\/#\/schema\/person\/f4eb0514ae455538644c31b99a466fdb"},"headline":"Bu Sonbahar Festivallerle Dolu","datePublished":"2019-09-30T08:50:25+00:00","dateModified":"2021-09-13T08:46:14+00:00","mainEntityOfPage":{"@id":"https:\/\/julesverne.com.tr\/travel-blog\/bu-sonbahar-festivallerle-dolu\/"},"wordCount":656,"publisher":{"@id":"https:\/\/julesverne.com.tr\/#organization"},"image":{"@id":"https:\/\/julesverne.com.tr\/travel-blog\/bu-sonbahar-festivallerle-dolu\/#primaryimage"},"thumbnailUrl":"https:\/\/julesverne.com.tr\/wp-content\/uploads\/2020\/09\/oktoberfest.jpg","articleSection":["Blog"],"inLanguage":"en-US"},{"@type":"WebPage","@id":"https:\/\/julesverne.com.tr\/travel-blog\/bu-sonbahar-festivallerle-dolu\/","url":"https:\/\/julesverne.com.tr\/travel-blog\/bu-sonbahar-festivallerle-dolu\/","name":"Bu Sonbahar Festivallerle Dolu - JULES VERNE BUSINESS MICE TRAVEL","isPartOf":{"@id":"https:\/\/julesverne.com.tr\/#website"},"primaryImageOfPage":{"@id":"https:\/\/julesverne.com.tr\/travel-blog\/bu-sonbahar-festivallerle-dolu\/#primaryimage"},"image":{"@id":"https:\/\/julesverne.com.tr\/travel-blog\/bu-sonbahar-festivallerle-dolu\/#primaryimage"},"thumbnailUrl":"https:\/\/julesverne.com.tr\/wp-content\/uploads\/2020\/09\/oktoberfest.jpg","datePublished":"2019-09-30T08:50:25+00:00","dateModified":"2021-09-13T08:46:14+00:00","breadcrumb":{"@id":"https:\/\/julesverne.com.tr\/travel-blog\/bu-sonbahar-festivallerle-dolu\/#breadcrumb"},"inLanguage":"en-US","potentialAction":[{"@type":"ReadAction","target":["https:\/\/julesverne.com.tr\/travel-blog\/bu-sonbahar-festivallerle-dolu\/"]}]},{"@type":"ImageObject","inLanguage":"en-US","@id":"https:\/\/julesverne.com.tr\/travel-blog\/bu-sonbahar-festivallerle-dolu\/#primaryimage","url":"https:\/\/julesverne.com.tr\/wp-content\/uploads\/2020\/09\/oktoberfest.jpg","contentUrl":"https:\/\/julesverne.com.tr\/wp-content\/uploads\/2020\/09\/oktoberfest.jpg","width":988,"height":532},{"@type":"BreadcrumbList","@id":"https:\/\/julesverne.com.tr\/travel-blog\/bu-sonbahar-festivallerle-dolu\/#breadcrumb","itemListElement":[{"@type":"ListItem","position":1,"name":"Anasayfa","item":"https:\/\/julesverne.com.tr\/"},{"@type":"ListItem","position":2,"name":"Bu Sonbahar Festivallerle Dolu"}]},{"@type":"WebSite","@id":"https:\/\/julesverne.com.tr\/#website","url":"https:\/\/julesverne.com.tr\/","name":"JULES VERNE BUSINESS MICE TRAVEL","description":"","publisher":{"@id":"https:\/\/julesverne.com.tr\/#organization"},"potentialAction":[{"@type":"SearchAction","target":{"@type":"EntryPoint","urlTemplate":"https:\/\/julesverne.com.tr\/?s={search_term_string}"},"query-input":"required name=search_term_string"}],"inLanguage":"en-US"},{"@type":"Organization","@id":"https:\/\/julesverne.com.tr\/#organization","name":"JULES VERNE BUSINESS MICE TRAVEL","url":"https:\/\/julesverne.com.tr\/","logo":{"@type":"ImageObject","inLanguage":"en-US","@id":"https:\/\/julesverne.com.tr\/#\/schema\/logo\/image\/","url":"https:\/\/julesverne.com.tr\/wp-content\/uploads\/2020\/09\/jv-bmt-logo.png","contentUrl":"https:\/\/julesverne.com.tr\/wp-content\/uploads\/2020\/09\/jv-bmt-logo.png","width":110,"height":81,"caption":"JULES VERNE BUSINESS MICE TRAVEL"},"image":{"@id":"https:\/\/julesverne.com.tr\/#\/schema\/logo\/image\/"},"sameAs":["https:\/\/www.facebook.com\/JulesVerneBusinessMiceTravel\/","https:\/\/twitter.com\/JV_BusinessMice","https:\/\/www.instagram.com\/julesvernebusinessmicetravel\/","https:\/\/www.linkedin.com\/company\/julesvernebusinessmicetravel\/","https:\/\/www.youtube.com\/channel\/UCAwdsmbZ6tFhu1tea6pkpiw"]},{"@type":"Person","@id":"https:\/\/julesverne.com.tr\/#\/schema\/person\/f4eb0514ae455538644c31b99a466fdb","name":"fikirman","sameAs":["http:\/\/advermedya.net\/julesverne"],"url":"https:\/\/julesverne.com.tr\/en\/author\/fikirman\/"}]}},"_links":{"self":[{"href":"https:\/\/julesverne.com.tr\/en\/wp-json\/wp\/v2\/posts\/2169"}],"collection":[{"href":"https:\/\/julesverne.com.tr\/en\/wp-json\/wp\/v2\/posts"}],"about":[{"href":"https:\/\/julesverne.com.tr\/en\/wp-json\/wp\/v2\/types\/post"}],"author":[{"embeddable":true,"href":"https:\/\/julesverne.com.tr\/en\/wp-json\/wp\/v2\/users\/1"}],"replies":[{"embeddable":true,"href":"https:\/\/julesverne.com.tr\/en\/wp-json\/wp\/v2\/comments?post=2169"}],"version-history":[{"count":0,"href":"https:\/\/julesverne.com.tr\/en\/wp-json\/wp\/v2\/posts\/2169\/revisions"}],"wp:featuredmedia":[{"embeddable":true,"href":"https:\/\/julesverne.com.tr\/en\/wp-json\/wp\/v2\/media\/2170"}],"wp:attachment":[{"href":"https:\/\/julesverne.com.tr\/en\/wp-json\/wp\/v2\/media?parent=2169"}],"wp:term":[{"taxonomy":"category","embeddable":true,"href":"https:\/\/julesverne.com.tr\/en\/wp-json\/wp\/v2\/categories?post=2169"},{"taxonomy":"post_tag","embeddable":true,"href":"https:\/\/julesverne.com.tr\/en\/wp-json\/wp\/v2\/tags?post=2169"}],"curies":[{"name":"wp","href":"https:\/\/api.w.org\/{rel}","templated":true}]}}