{"id":2165,"date":"2019-09-11T10:04:30","date_gmt":"2019-09-11T07:04:30","guid":{"rendered":"https:\/\/www.julesverne.com.tr\/\/blog\/thy-sonbahar-firsatlari-ile-guney-avrupayi-kesfedin\/"},"modified":"2021-09-13T11:45:30","modified_gmt":"2021-09-13T08:45:30","slug":"thy-sonbahar-firsatlari-ile-guney-avrupayi-kesfedin","status":"publish","type":"post","link":"https:\/\/julesverne.com.tr\/en\/travel-blog\/thy-sonbahar-firsatlari-ile-guney-avrupayi-kesfedin\/","title":{"rendered":"THY Sonbahar F\u0131rsatlar\u0131 ile G\u00fcney Avrupa&#8217;y\u0131 Ke\u015ffedin!"},"content":{"rendered":"<h3><strong>G\u00fcney Avrupa\u2019n\u0131n en g\u00fczel \u015fehirlerine yolculuk ba\u015flas\u0131n!<\/strong><\/h3>\n<p><img loading=\"lazy\" decoding=\"async\" class=\"alignnone size-full wp-image-3410\" src=\"https:\/\/www.julesverne.com.tr\/\/wp-content\/uploads\/2020\/09\/barcelona-1.jpg\" alt=\"\" width=\"990\" height=\"643\" srcset=\"https:\/\/julesverne.com.tr\/wp-content\/uploads\/2020\/09\/barcelona-1.jpg 990w, https:\/\/julesverne.com.tr\/wp-content\/uploads\/2020\/09\/barcelona-1-500x325.jpg 500w, https:\/\/julesverne.com.tr\/wp-content\/uploads\/2020\/09\/barcelona-1-768x499.jpg 768w\" sizes=\"(max-width: 990px) 100vw, 990px\" \/><\/p>\n<h4><strong>B\u00fcy\u00fcleyici mimarisi ve huzur veren \u015fehirleriyle G\u00fcney Avrupa&#8217;y\u0131 T\u00fcrk Hava Yollar\u0131 ile 119 USD\u2019den ba\u015flayan fiyatlarla ke\u015ffetmeye ne dersiniz?<\/strong><\/h4>\n<p><strong>10 Eyl\u00fcl 2019 &#8211; 20 Eyl\u00fcl 2019<\/strong> tarihleri aras\u0131nda T\u00fcrk Hava Yollar\u0131\u2019ndan G\u00fcney Avrupa\u2019n\u0131n en pop\u00fcler \u015fehirlerine bilet al\u0131n, <strong>1 Kas\u0131m 2019 &#8211; 31 Mart 2020<\/strong> aral\u0131\u011f\u0131nda diledi\u011finiz tarihlerde seyahat edin!<\/p>\n<p style=\"text-align: center;\"><img loading=\"lazy\" decoding=\"async\" class=\"alignnone size-full wp-image-3411\" src=\"https:\/\/www.julesverne.com.tr\/\/wp-content\/uploads\/2020\/09\/strasbourg.jpg\" alt=\"\" width=\"990\" height=\"654\" srcset=\"https:\/\/julesverne.com.tr\/wp-content\/uploads\/2020\/09\/strasbourg.jpg 990w, https:\/\/julesverne.com.tr\/wp-content\/uploads\/2020\/09\/strasbourg-500x330.jpg 500w, https:\/\/julesverne.com.tr\/wp-content\/uploads\/2020\/09\/strasbourg-768x507.jpg 768w\" sizes=\"(max-width: 990px) 100vw, 990px\" \/><\/p>\n<h4><strong>Milano, Barselona, Atina, Roma, Paris, Strasbourg ve \u00e7ok daha fazlas\u0131 i\u00e7in <a href=\"mailto:bilet-bolumu@juleseverne.com.tr\" target=\"_blank\" rel=\"noopener noreferrer\">hemen biletinizi al\u0131n!<\/a><\/strong><\/h4>\n<p style=\"text-align: center;\"><a href=\"mailto:bilet-bolumu@juleseverne.com.tr\" target=\"_blank\" rel=\"noopener noreferrer\"><strong><img loading=\"lazy\" decoding=\"async\" class=\"alignnone size-full wp-image-3412\" src=\"https:\/\/www.julesverne.com.tr\/\/wp-content\/uploads\/2020\/09\/thy_ucus.jpg\" alt=\"\" width=\"593\" height=\"617\" srcset=\"https:\/\/julesverne.com.tr\/wp-content\/uploads\/2020\/09\/thy_ucus.jpg 593w, https:\/\/julesverne.com.tr\/wp-content\/uploads\/2020\/09\/thy_ucus-481x500.jpg 481w\" sizes=\"(max-width: 593px) 100vw, 593px\" \/><\/strong><\/a><\/p>\n<h3 style=\"text-align: center;\"><a href=\"mailto:bilet-bolumu@juleseverne.com.tr\" target=\"_blank\" rel=\"noopener noreferrer\"><strong>U\u00e7ak biletinizi hemen sat\u0131n almak i\u00e7in t\u0131klay\u0131n\u0131z!<\/strong><\/a><\/h3>\n<p style=\"text-align: center;\"><strong><img loading=\"lazy\" decoding=\"async\" class=\"alignnone size-full wp-image-3413\" src=\"https:\/\/www.julesverne.com.tr\/\/wp-content\/uploads\/2020\/09\/atina-1.jpg\" alt=\"\" width=\"990\" height=\"625\" \/><\/strong><\/p>\n<h3><strong><a href=\"mailto:travel@julesverne.com.tr\" target=\"_blank\" rel=\"noopener noreferrer\">G\u00fcney Avrupa\u2019da size \u00f6zel seyahat program\u0131 ve detayl\u0131 bilgi i\u00e7in t\u0131klay\u0131n\u0131z!<\/a><\/strong><\/h3>\n<p><strong>Kurallar ve Ko\u015fullar<\/strong><\/p>\n<ul>\n<li>Kampanya 10 Eyl\u00fcl 2019 &#8211; 20 Eyl\u00fcl 2019 tarihleri aras\u0131nda al\u0131nan T\u00fcrkiye \u00e7\u0131k\u0131\u015fl\u0131 ve Fransa, \u0130spanya, \u0130talya, Yunanistan, Malta Var\u0131\u015fl\u0131 \u00e7ift y\u00f6nl\u00fc Economy S\u0131n\u0131f\u0131 biletlerde ge\u00e7erlidir.<\/li>\n<li>U\u00e7u\u015f d\u00f6nemi 01 Kas\u0131m 2019 &#8211; 31 Mart 2020 tarihleri aras\u0131d\u0131r.<\/li>\n<li>T\u00fcrkiye \u00e7\u0131k\u0131\u015fl\u0131 G\u00fcney Avrupa var\u0131\u015fl\u0131 u\u00e7u\u015flarda kampanya d\u0131\u015f\u0131 tarihler 31 Aral\u0131k 2019 \u2013 01 Ocak 2020 aras\u0131d\u0131r.<\/li>\n<li>\u00dccrete havaalan\u0131 vergileri, hizmet bedeli ve akaryak\u0131t har\u00e7lar\u0131 dahildir.<\/li>\n<li>Kampanya THY u\u00e7u\u015flar\u0131nda ge\u00e7erlidir.<\/li>\n<li>Rezervasyon yap\u0131ld\u0131ktan sonra 1 g\u00fcn i\u00e7inde biletleme i\u015flemi tamamlanmal\u0131d\u0131r.<\/li>\n<li>Yolcular\u0131n en fazla kal\u0131\u015f s\u00fcresi 15 g\u00fcnd\u00fcr.<\/li>\n<li>Seyahat de\u011fi\u015fikli\u011fe ve iadeye izin vermez<\/li>\n<li>S\u0131n\u0131rl\u0131 say\u0131da koltuk i\u00e7in ge\u00e7erlidir.<\/li>\n<li>Grup rezervasyonlar\u0131 i\u00e7in ge\u00e7erli de\u011fildir.<\/li>\n<li>THY kampanya haklar\u0131n\u0131 de\u011fi\u015ftirme hakk\u0131n\u0131 sakl\u0131 tutar.<\/li>\n<\/ul>\n<p style=\"text-align: center;\"><strong>\u00a0Detayl\u0131 bilgi ve rezervasyon i\u00e7in:<\/strong><br \/>\n<a href=\"mailto:bilet-bolumu@julesverne.com.tr%20\" target=\"_blank\" rel=\"noopener noreferrer\"><strong>bilet-bolumu@julesverne.com.tr <\/strong><\/a><br \/>\n<strong>0212 266 6363\u00a0<\/strong><\/p>\n","protected":false},"excerpt":{"rendered":"<p>B&uuml;y&uuml;leyici mimarisi ve huzur veren \u015fehirleriyle G&uuml;ney Avrupa&#8217;y\u0131 T&uuml;rk Hava Yollar\u0131 ile 119 USD&rsquo;den ba\u015flayan fiyatlarla ke\u015ffetmeye ne dersiniz?<\/p>\n","protected":false},"author":1,"featured_media":2166,"comment_status":"closed","ping_status":"closed","sticky":false,"template":"","format":"standard","meta":{"inline_featured_image":false,"footnotes":""},"categories":[1],"tags":[],"acf":[],"yoast_head":"<!-- This site is optimized with the Yoast SEO plugin v22.3 - https:\/\/yoast.com\/wordpress\/plugins\/seo\/ -->\n<title>THY Sonbahar F\u0131rsatlar\u0131 ile G\u00fcney Avrupa&#039;y\u0131 Ke\u015ffedin! - JULES VERNE BUSINESS MICE TRAVEL<\/title>\n<meta name=\"robots\" content=\"index, follow, max-snippet:-1, max-image-preview:large, max-video-preview:-1\" \/>\n<link rel=\"canonical\" href=\"https:\/\/julesverne.com.tr\/travel-blog\/thy-sonbahar-firsatlari-ile-guney-avrupayi-kesfedin\/\" \/>\n<meta property=\"og:locale\" content=\"en_US\" \/>\n<meta property=\"og:type\" content=\"article\" \/>\n<meta property=\"og:title\" content=\"THY Sonbahar F\u0131rsatlar\u0131 ile G\u00fcney Avrupa&#039;y\u0131 Ke\u015ffedin! - JULES VERNE BUSINESS MICE TRAVEL\" \/>\n<meta property=\"og:description\" content=\"B&uuml;y&uuml;leyici mimarisi ve huzur veren \u015fehirleriyle G&uuml;ney Avrupa&#039;y\u0131 T&uuml;rk Hava Yollar\u0131 ile 119 USD&rsquo;den ba\u015flayan fiyatlarla ke\u015ffetmeye ne dersiniz?\" \/>\n<meta property=\"og:url\" content=\"https:\/\/julesverne.com.tr\/travel-blog\/thy-sonbahar-firsatlari-ile-guney-avrupayi-kesfedin\/\" \/>\n<meta property=\"og:site_name\" content=\"JULES VERNE BUSINESS MICE TRAVEL\" \/>\n<meta property=\"article:publisher\" content=\"https:\/\/www.facebook.com\/JulesVerneBusinessMiceTravel\/\" \/>\n<meta property=\"article:published_time\" content=\"2019-09-11T07:04:30+00:00\" \/>\n<meta property=\"article:modified_time\" content=\"2021-09-13T08:45:30+00:00\" \/>\n<meta property=\"og:image\" content=\"https:\/\/julesverne.com.tr\/wp-content\/uploads\/2020\/09\/barcelona.jpg\" \/>\n\t<meta property=\"og:image:width\" content=\"990\" \/>\n\t<meta property=\"og:image:height\" content=\"643\" \/>\n\t<meta property=\"og:image:type\" content=\"image\/jpeg\" \/>\n<meta name=\"author\" content=\"fikirman\" \/>\n<meta name=\"twitter:card\" content=\"summary_large_image\" \/>\n<meta name=\"twitter:creator\" content=\"@JV_BusinessMice\" \/>\n<meta name=\"twitter:site\" content=\"@JV_BusinessMice\" \/>\n<meta name=\"twitter:label1\" content=\"Written by\" \/>\n\t<meta name=\"twitter:data1\" content=\"fikirman\" \/>\n\t<meta name=\"twitter:label2\" content=\"Est. reading time\" \/>\n\t<meta name=\"twitter:data2\" content=\"1 minute\" \/>\n<script type=\"application\/ld+json\" class=\"yoast-schema-graph\">{\"@context\":\"https:\/\/schema.org\",\"@graph\":[{\"@type\":\"Article\",\"@id\":\"https:\/\/julesverne.com.tr\/travel-blog\/thy-sonbahar-firsatlari-ile-guney-avrupayi-kesfedin\/#article\",\"isPartOf\":{\"@id\":\"https:\/\/julesverne.com.tr\/travel-blog\/thy-sonbahar-firsatlari-ile-guney-avrupayi-kesfedin\/\"},\"author\":{\"name\":\"fikirman\",\"@id\":\"https:\/\/julesverne.com.tr\/#\/schema\/person\/f4eb0514ae455538644c31b99a466fdb\"},\"headline\":\"THY Sonbahar F\u0131rsatlar\u0131 ile G\u00fcney Avrupa&#8217;y\u0131 Ke\u015ffedin!\",\"datePublished\":\"2019-09-11T07:04:30+00:00\",\"dateModified\":\"2021-09-13T08:45:30+00:00\",\"mainEntityOfPage\":{\"@id\":\"https:\/\/julesverne.com.tr\/travel-blog\/thy-sonbahar-firsatlari-ile-guney-avrupayi-kesfedin\/\"},\"wordCount\":292,\"publisher\":{\"@id\":\"https:\/\/julesverne.com.tr\/#organization\"},\"image\":{\"@id\":\"https:\/\/julesverne.com.tr\/travel-blog\/thy-sonbahar-firsatlari-ile-guney-avrupayi-kesfedin\/#primaryimage\"},\"thumbnailUrl\":\"https:\/\/julesverne.com.tr\/wp-content\/uploads\/2020\/09\/barcelona.jpg\",\"articleSection\":[\"Blog\"],\"inLanguage\":\"en-US\"},{\"@type\":\"WebPage\",\"@id\":\"https:\/\/julesverne.com.tr\/travel-blog\/thy-sonbahar-firsatlari-ile-guney-avrupayi-kesfedin\/\",\"url\":\"https:\/\/julesverne.com.tr\/travel-blog\/thy-sonbahar-firsatlari-ile-guney-avrupayi-kesfedin\/\",\"name\":\"THY Sonbahar F\u0131rsatlar\u0131 ile G\u00fcney Avrupa'y\u0131 Ke\u015ffedin! - JULES VERNE BUSINESS MICE TRAVEL\",\"isPartOf\":{\"@id\":\"https:\/\/julesverne.com.tr\/#website\"},\"primaryImageOfPage\":{\"@id\":\"https:\/\/julesverne.com.tr\/travel-blog\/thy-sonbahar-firsatlari-ile-guney-avrupayi-kesfedin\/#primaryimage\"},\"image\":{\"@id\":\"https:\/\/julesverne.com.tr\/travel-blog\/thy-sonbahar-firsatlari-ile-guney-avrupayi-kesfedin\/#primaryimage\"},\"thumbnailUrl\":\"https:\/\/julesverne.com.tr\/wp-content\/uploads\/2020\/09\/barcelona.jpg\",\"datePublished\":\"2019-09-11T07:04:30+00:00\",\"dateModified\":\"2021-09-13T08:45:30+00:00\",\"breadcrumb\":{\"@id\":\"https:\/\/julesverne.com.tr\/travel-blog\/thy-sonbahar-firsatlari-ile-guney-avrupayi-kesfedin\/#breadcrumb\"},\"inLanguage\":\"en-US\",\"potentialAction\":[{\"@type\":\"ReadAction\",\"target\":[\"https:\/\/julesverne.com.tr\/travel-blog\/thy-sonbahar-firsatlari-ile-guney-avrupayi-kesfedin\/\"]}]},{\"@type\":\"ImageObject\",\"inLanguage\":\"en-US\",\"@id\":\"https:\/\/julesverne.com.tr\/travel-blog\/thy-sonbahar-firsatlari-ile-guney-avrupayi-kesfedin\/#primaryimage\",\"url\":\"https:\/\/julesverne.com.tr\/wp-content\/uploads\/2020\/09\/barcelona.jpg\",\"contentUrl\":\"https:\/\/julesverne.com.tr\/wp-content\/uploads\/2020\/09\/barcelona.jpg\",\"width\":990,\"height\":643},{\"@type\":\"BreadcrumbList\",\"@id\":\"https:\/\/julesverne.com.tr\/travel-blog\/thy-sonbahar-firsatlari-ile-guney-avrupayi-kesfedin\/#breadcrumb\",\"itemListElement\":[{\"@type\":\"ListItem\",\"position\":1,\"name\":\"Anasayfa\",\"item\":\"https:\/\/julesverne.com.tr\/\"},{\"@type\":\"ListItem\",\"position\":2,\"name\":\"THY Sonbahar F\u0131rsatlar\u0131 ile G\u00fcney Avrupa&#8217;y\u0131 Ke\u015ffedin!\"}]},{\"@type\":\"WebSite\",\"@id\":\"https:\/\/julesverne.com.tr\/#website\",\"url\":\"https:\/\/julesverne.com.tr\/\",\"name\":\"JULES VERNE BUSINESS MICE TRAVEL\",\"description\":\"\",\"publisher\":{\"@id\":\"https:\/\/julesverne.com.tr\/#organization\"},\"potentialAction\":[{\"@type\":\"SearchAction\",\"target\":{\"@type\":\"EntryPoint\",\"urlTemplate\":\"https:\/\/julesverne.com.tr\/?s={search_term_string}\"},\"query-input\":\"required name=search_term_string\"}],\"inLanguage\":\"en-US\"},{\"@type\":\"Organization\",\"@id\":\"https:\/\/julesverne.com.tr\/#organization\",\"name\":\"JULES VERNE BUSINESS MICE TRAVEL\",\"url\":\"https:\/\/julesverne.com.tr\/\",\"logo\":{\"@type\":\"ImageObject\",\"inLanguage\":\"en-US\",\"@id\":\"https:\/\/julesverne.com.tr\/#\/schema\/logo\/image\/\",\"url\":\"https:\/\/julesverne.com.tr\/wp-content\/uploads\/2020\/09\/jv-bmt-logo.png\",\"contentUrl\":\"https:\/\/julesverne.com.tr\/wp-content\/uploads\/2020\/09\/jv-bmt-logo.png\",\"width\":110,\"height\":81,\"caption\":\"JULES VERNE BUSINESS MICE TRAVEL\"},\"image\":{\"@id\":\"https:\/\/julesverne.com.tr\/#\/schema\/logo\/image\/\"},\"sameAs\":[\"https:\/\/www.facebook.com\/JulesVerneBusinessMiceTravel\/\",\"https:\/\/twitter.com\/JV_BusinessMice\",\"https:\/\/www.instagram.com\/julesvernebusinessmicetravel\/\",\"https:\/\/www.linkedin.com\/company\/julesvernebusinessmicetravel\/\",\"https:\/\/www.youtube.com\/channel\/UCAwdsmbZ6tFhu1tea6pkpiw\"]},{\"@type\":\"Person\",\"@id\":\"https:\/\/julesverne.com.tr\/#\/schema\/person\/f4eb0514ae455538644c31b99a466fdb\",\"name\":\"fikirman\",\"sameAs\":[\"http:\/\/advermedya.net\/julesverne\"],\"url\":\"https:\/\/julesverne.com.tr\/en\/author\/fikirman\/\"}]}<\/script>\n<!-- \/ Yoast SEO plugin. -->","yoast_head_json":{"title":"THY Sonbahar F\u0131rsatlar\u0131 ile G\u00fcney Avrupa'y\u0131 Ke\u015ffedin! - JULES VERNE BUSINESS MICE TRAVEL","robots":{"index":"index","follow":"follow","max-snippet":"max-snippet:-1","max-image-preview":"max-image-preview:large","max-video-preview":"max-video-preview:-1"},"canonical":"https:\/\/julesverne.com.tr\/travel-blog\/thy-sonbahar-firsatlari-ile-guney-avrupayi-kesfedin\/","og_locale":"en_US","og_type":"article","og_title":"THY Sonbahar F\u0131rsatlar\u0131 ile G\u00fcney Avrupa'y\u0131 Ke\u015ffedin! - JULES VERNE BUSINESS MICE TRAVEL","og_description":"B&uuml;y&uuml;leyici mimarisi ve huzur veren \u015fehirleriyle G&uuml;ney Avrupa'y\u0131 T&uuml;rk Hava Yollar\u0131 ile 119 USD&rsquo;den ba\u015flayan fiyatlarla ke\u015ffetmeye ne dersiniz?","og_url":"https:\/\/julesverne.com.tr\/travel-blog\/thy-sonbahar-firsatlari-ile-guney-avrupayi-kesfedin\/","og_site_name":"JULES VERNE BUSINESS MICE TRAVEL","article_publisher":"https:\/\/www.facebook.com\/JulesVerneBusinessMiceTravel\/","article_published_time":"2019-09-11T07:04:30+00:00","article_modified_time":"2021-09-13T08:45:30+00:00","og_image":[{"width":990,"height":643,"url":"https:\/\/julesverne.com.tr\/wp-content\/uploads\/2020\/09\/barcelona.jpg","type":"image\/jpeg"}],"author":"fikirman","twitter_card":"summary_large_image","twitter_creator":"@JV_BusinessMice","twitter_site":"@JV_BusinessMice","twitter_misc":{"Written by":"fikirman","Est. reading time":"1 minute"},"schema":{"@context":"https:\/\/schema.org","@graph":[{"@type":"Article","@id":"https:\/\/julesverne.com.tr\/travel-blog\/thy-sonbahar-firsatlari-ile-guney-avrupayi-kesfedin\/#article","isPartOf":{"@id":"https:\/\/julesverne.com.tr\/travel-blog\/thy-sonbahar-firsatlari-ile-guney-avrupayi-kesfedin\/"},"author":{"name":"fikirman","@id":"https:\/\/julesverne.com.tr\/#\/schema\/person\/f4eb0514ae455538644c31b99a466fdb"},"headline":"THY Sonbahar F\u0131rsatlar\u0131 ile G\u00fcney Avrupa&#8217;y\u0131 Ke\u015ffedin!","datePublished":"2019-09-11T07:04:30+00:00","dateModified":"2021-09-13T08:45:30+00:00","mainEntityOfPage":{"@id":"https:\/\/julesverne.com.tr\/travel-blog\/thy-sonbahar-firsatlari-ile-guney-avrupayi-kesfedin\/"},"wordCount":292,"publisher":{"@id":"https:\/\/julesverne.com.tr\/#organization"},"image":{"@id":"https:\/\/julesverne.com.tr\/travel-blog\/thy-sonbahar-firsatlari-ile-guney-avrupayi-kesfedin\/#primaryimage"},"thumbnailUrl":"https:\/\/julesverne.com.tr\/wp-content\/uploads\/2020\/09\/barcelona.jpg","articleSection":["Blog"],"inLanguage":"en-US"},{"@type":"WebPage","@id":"https:\/\/julesverne.com.tr\/travel-blog\/thy-sonbahar-firsatlari-ile-guney-avrupayi-kesfedin\/","url":"https:\/\/julesverne.com.tr\/travel-blog\/thy-sonbahar-firsatlari-ile-guney-avrupayi-kesfedin\/","name":"THY Sonbahar F\u0131rsatlar\u0131 ile G\u00fcney Avrupa'y\u0131 Ke\u015ffedin! - JULES VERNE BUSINESS MICE TRAVEL","isPartOf":{"@id":"https:\/\/julesverne.com.tr\/#website"},"primaryImageOfPage":{"@id":"https:\/\/julesverne.com.tr\/travel-blog\/thy-sonbahar-firsatlari-ile-guney-avrupayi-kesfedin\/#primaryimage"},"image":{"@id":"https:\/\/julesverne.com.tr\/travel-blog\/thy-sonbahar-firsatlari-ile-guney-avrupayi-kesfedin\/#primaryimage"},"thumbnailUrl":"https:\/\/julesverne.com.tr\/wp-content\/uploads\/2020\/09\/barcelona.jpg","datePublished":"2019-09-11T07:04:30+00:00","dateModified":"2021-09-13T08:45:30+00:00","breadcrumb":{"@id":"https:\/\/julesverne.com.tr\/travel-blog\/thy-sonbahar-firsatlari-ile-guney-avrupayi-kesfedin\/#breadcrumb"},"inLanguage":"en-US","potentialAction":[{"@type":"ReadAction","target":["https:\/\/julesverne.com.tr\/travel-blog\/thy-sonbahar-firsatlari-ile-guney-avrupayi-kesfedin\/"]}]},{"@type":"ImageObject","inLanguage":"en-US","@id":"https:\/\/julesverne.com.tr\/travel-blog\/thy-sonbahar-firsatlari-ile-guney-avrupayi-kesfedin\/#primaryimage","url":"https:\/\/julesverne.com.tr\/wp-content\/uploads\/2020\/09\/barcelona.jpg","contentUrl":"https:\/\/julesverne.com.tr\/wp-content\/uploads\/2020\/09\/barcelona.jpg","width":990,"height":643},{"@type":"BreadcrumbList","@id":"https:\/\/julesverne.com.tr\/travel-blog\/thy-sonbahar-firsatlari-ile-guney-avrupayi-kesfedin\/#breadcrumb","itemListElement":[{"@type":"ListItem","position":1,"name":"Anasayfa","item":"https:\/\/julesverne.com.tr\/"},{"@type":"ListItem","position":2,"name":"THY Sonbahar F\u0131rsatlar\u0131 ile G\u00fcney Avrupa&#8217;y\u0131 Ke\u015ffedin!"}]},{"@type":"WebSite","@id":"https:\/\/julesverne.com.tr\/#website","url":"https:\/\/julesverne.com.tr\/","name":"JULES VERNE BUSINESS MICE TRAVEL","description":"","publisher":{"@id":"https:\/\/julesverne.com.tr\/#organization"},"potentialAction":[{"@type":"SearchAction","target":{"@type":"EntryPoint","urlTemplate":"https:\/\/julesverne.com.tr\/?s={search_term_string}"},"query-input":"required name=search_term_string"}],"inLanguage":"en-US"},{"@type":"Organization","@id":"https:\/\/julesverne.com.tr\/#organization","name":"JULES VERNE BUSINESS MICE TRAVEL","url":"https:\/\/julesverne.com.tr\/","logo":{"@type":"ImageObject","inLanguage":"en-US","@id":"https:\/\/julesverne.com.tr\/#\/schema\/logo\/image\/","url":"https:\/\/julesverne.com.tr\/wp-content\/uploads\/2020\/09\/jv-bmt-logo.png","contentUrl":"https:\/\/julesverne.com.tr\/wp-content\/uploads\/2020\/09\/jv-bmt-logo.png","width":110,"height":81,"caption":"JULES VERNE BUSINESS MICE TRAVEL"},"image":{"@id":"https:\/\/julesverne.com.tr\/#\/schema\/logo\/image\/"},"sameAs":["https:\/\/www.facebook.com\/JulesVerneBusinessMiceTravel\/","https:\/\/twitter.com\/JV_BusinessMice","https:\/\/www.instagram.com\/julesvernebusinessmicetravel\/","https:\/\/www.linkedin.com\/company\/julesvernebusinessmicetravel\/","https:\/\/www.youtube.com\/channel\/UCAwdsmbZ6tFhu1tea6pkpiw"]},{"@type":"Person","@id":"https:\/\/julesverne.com.tr\/#\/schema\/person\/f4eb0514ae455538644c31b99a466fdb","name":"fikirman","sameAs":["http:\/\/advermedya.net\/julesverne"],"url":"https:\/\/julesverne.com.tr\/en\/author\/fikirman\/"}]}},"_links":{"self":[{"href":"https:\/\/julesverne.com.tr\/en\/wp-json\/wp\/v2\/posts\/2165"}],"collection":[{"href":"https:\/\/julesverne.com.tr\/en\/wp-json\/wp\/v2\/posts"}],"about":[{"href":"https:\/\/julesverne.com.tr\/en\/wp-json\/wp\/v2\/types\/post"}],"author":[{"embeddable":true,"href":"https:\/\/julesverne.com.tr\/en\/wp-json\/wp\/v2\/users\/1"}],"replies":[{"embeddable":true,"href":"https:\/\/julesverne.com.tr\/en\/wp-json\/wp\/v2\/comments?post=2165"}],"version-history":[{"count":0,"href":"https:\/\/julesverne.com.tr\/en\/wp-json\/wp\/v2\/posts\/2165\/revisions"}],"wp:featuredmedia":[{"embeddable":true,"href":"https:\/\/julesverne.com.tr\/en\/wp-json\/wp\/v2\/media\/2166"}],"wp:attachment":[{"href":"https:\/\/julesverne.com.tr\/en\/wp-json\/wp\/v2\/media?parent=2165"}],"wp:term":[{"taxonomy":"category","embeddable":true,"href":"https:\/\/julesverne.com.tr\/en\/wp-json\/wp\/v2\/categories?post=2165"},{"taxonomy":"post_tag","embeddable":true,"href":"https:\/\/julesverne.com.tr\/en\/wp-json\/wp\/v2\/tags?post=2165"}],"curies":[{"name":"wp","href":"https:\/\/api.w.org\/{rel}","templated":true}]}}