{"id":21630,"date":"2025-11-06T12:35:18","date_gmt":"2025-11-06T09:35:18","guid":{"rendered":"https:\/\/julesverne.com.tr\/?p=21630"},"modified":"2025-11-07T09:08:01","modified_gmt":"2025-11-07T06:08:01","slug":"aralik-slovenya","status":"publish","type":"post","link":"https:\/\/julesverne.com.tr\/en\/travel-blog\/aralik-slovenya\/","title":{"rendered":"(TR) K\u0131\u015f\u0131n En G\u00fczel Ritimlerinden Biri Slovenya\u2019da At\u0131yor"},"content":{"rendered":"<p class=\"qtranxs-available-languages-message qtranxs-available-languages-message-en\">Sorry, this entry is only available in <a href=\"https:\/\/julesverne.com.tr\/tr\/wp-json\/wp\/v2\/posts\/21630\" class=\"qtranxs-available-language-link qtranxs-available-language-link-tr\" title=\"TR\">Turkish<\/a>.<\/p>","protected":false},"excerpt":{"rendered":"<p>Sorry, this entry is only available in Turkish.<\/p>\n","protected":false},"author":10,"featured_media":21646,"comment_status":"closed","ping_status":"closed","sticky":false,"template":"","format":"standard","meta":{"inline_featured_image":false,"footnotes":""},"categories":[38,1,39],"tags":[315,73],"acf":[],"yoast_head":"<!-- This site is optimized with the Yoast SEO plugin v22.3 - https:\/\/yoast.com\/wordpress\/plugins\/seo\/ -->\n<title><\/title>\n<meta name=\"description\" content=\"Aral\u0131k ay\u0131nda Slovenya \u0131\u015f\u0131k, m\u00fczik ve huzurla parlayan bir k\u0131\u015f masal\u0131na d\u00f6n\u00fc\u015f\u00fcyor. Ljubljana\u2019n\u0131n y\u0131lba\u015f\u0131 pazarlar\u0131ndan Bled G\u00f6l\u00fc\u2019n\u00fcn sessizli\u011fine, Radovljica\u2019n\u0131n geleneksel atmosferinden Postojna Ma\u011faras\u0131\u2019n\u0131n b\u00fcy\u00fcleyici \u201cYa\u015fayan Do\u011fu\u015f Sahnesi\u201dne uzanan bu yolculuk, k\u0131\u015f\u0131n en \u00f6zel deneyimlerinden birini sunuyor.\" \/>\n<meta name=\"robots\" content=\"index, follow, max-snippet:-1, max-image-preview:large, max-video-preview:-1\" \/>\n<link rel=\"canonical\" href=\"https:\/\/julesverne.com.tr\/travel-blog\/aralik-slovenya\/\" \/>\n<meta property=\"og:locale\" content=\"en_US\" \/>\n<meta property=\"og:type\" content=\"article\" \/>\n<meta property=\"og:title\" content=\"[:tr]K\u0131\u015f\u0131n En G\u00fczel Ritimlerinden Biri Slovenya\u2019da At\u0131yor[:] - JULES VERNE BUSINESS MICE TRAVEL\" \/>\n<meta property=\"og:description\" content=\"Aral\u0131k ay\u0131nda Slovenya \u0131\u015f\u0131k, m\u00fczik ve huzurla parlayan bir k\u0131\u015f masal\u0131na d\u00f6n\u00fc\u015f\u00fcyor. Ljubljana\u2019n\u0131n y\u0131lba\u015f\u0131 pazarlar\u0131ndan Bled G\u00f6l\u00fc\u2019n\u00fcn sessizli\u011fine, Radovljica\u2019n\u0131n geleneksel atmosferinden Postojna Ma\u011faras\u0131\u2019n\u0131n b\u00fcy\u00fcleyici \u201cYa\u015fayan Do\u011fu\u015f Sahnesi\u201dne uzanan bu yolculuk, k\u0131\u015f\u0131n en \u00f6zel deneyimlerinden birini sunuyor.\" \/>\n<meta property=\"og:url\" content=\"https:\/\/julesverne.com.tr\/travel-blog\/aralik-slovenya\/\" \/>\n<meta property=\"og:site_name\" content=\"JULES VERNE BUSINESS MICE TRAVEL\" \/>\n<meta property=\"article:publisher\" content=\"https:\/\/www.facebook.com\/JulesVerneBusinessMiceTravel\/\" \/>\n<meta property=\"article:published_time\" content=\"2025-11-06T09:35:18+00:00\" \/>\n<meta property=\"article:modified_time\" content=\"2025-11-07T06:08:01+00:00\" \/>\n<meta property=\"og:image\" content=\"https:\/\/julesverne.com.tr\/wp-content\/uploads\/2025\/11\/Ljubljana-1-scaled.jpg\" \/>\n\t<meta property=\"og:image:width\" content=\"1600\" \/>\n\t<meta property=\"og:image:height\" content=\"645\" \/>\n\t<meta property=\"og:image:type\" content=\"image\/jpeg\" \/>\n<meta name=\"author\" content=\"Ebru Alt\u0131n\" \/>\n<meta name=\"twitter:card\" content=\"summary_large_image\" \/>\n<meta name=\"twitter:creator\" content=\"@JV_BusinessMice\" \/>\n<meta name=\"twitter:site\" content=\"@JV_BusinessMice\" \/>\n<meta name=\"twitter:label1\" content=\"Written by\" \/>\n\t<meta name=\"twitter:data1\" content=\"Ebru Alt\u0131n\" \/>\n\t<meta name=\"twitter:label2\" content=\"Est. reading time\" \/>\n\t<meta name=\"twitter:data2\" content=\"6 minutes\" \/>\n<script type=\"application\/ld+json\" class=\"yoast-schema-graph\">{\"@context\":\"https:\/\/schema.org\",\"@graph\":[{\"@type\":\"Article\",\"@id\":\"https:\/\/julesverne.com.tr\/travel-blog\/aralik-slovenya\/#article\",\"isPartOf\":{\"@id\":\"https:\/\/julesverne.com.tr\/travel-blog\/aralik-slovenya\/\"},\"author\":{\"name\":\"Ebru Alt\u0131n\",\"@id\":\"https:\/\/julesverne.com.tr\/#\/schema\/person\/219931edfe2e7d9cbbcbabb8a7e4c7f4\"},\"headline\":\"(TR) K\u0131\u015f\u0131n En G\u00fczel Ritimlerinden Biri Slovenya\u2019da At\u0131yor\",\"datePublished\":\"2025-11-06T09:35:18+00:00\",\"dateModified\":\"2025-11-07T06:08:01+00:00\",\"mainEntityOfPage\":{\"@id\":\"https:\/\/julesverne.com.tr\/travel-blog\/aralik-slovenya\/\"},\"wordCount\":916,\"publisher\":{\"@id\":\"https:\/\/julesverne.com.tr\/#organization\"},\"image\":{\"@id\":\"https:\/\/julesverne.com.tr\/travel-blog\/aralik-slovenya\/#primaryimage\"},\"thumbnailUrl\":\"https:\/\/julesverne.com.tr\/wp-content\/uploads\/2025\/11\/Ljubljana-1-scaled.jpg\",\"keywords\":[\"Blog\",\"Nereye Gitsek\"],\"articleSection\":[\"\u0130lham Veren Destinasyonlar\",\"Blog\",\"Nereye Gitsek?\"],\"inLanguage\":\"en-US\"},{\"@type\":\"WebPage\",\"@id\":\"https:\/\/julesverne.com.tr\/travel-blog\/aralik-slovenya\/\",\"url\":\"https:\/\/julesverne.com.tr\/travel-blog\/aralik-slovenya\/\",\"name\":\"[:tr]K\u0131\u015f\u0131n En G\u00fczel Ritimlerinden Biri Slovenya\u2019da At\u0131yor[:] - JULES VERNE BUSINESS MICE TRAVEL\",\"isPartOf\":{\"@id\":\"https:\/\/julesverne.com.tr\/#website\"},\"primaryImageOfPage\":{\"@id\":\"https:\/\/julesverne.com.tr\/travel-blog\/aralik-slovenya\/#primaryimage\"},\"image\":{\"@id\":\"https:\/\/julesverne.com.tr\/travel-blog\/aralik-slovenya\/#primaryimage\"},\"thumbnailUrl\":\"https:\/\/julesverne.com.tr\/wp-content\/uploads\/2025\/11\/Ljubljana-1-scaled.jpg\",\"datePublished\":\"2025-11-06T09:35:18+00:00\",\"dateModified\":\"2025-11-07T06:08:01+00:00\",\"description\":\"Aral\u0131k ay\u0131nda Slovenya \u0131\u015f\u0131k, m\u00fczik ve huzurla parlayan bir k\u0131\u015f masal\u0131na d\u00f6n\u00fc\u015f\u00fcyor. Ljubljana\u2019n\u0131n y\u0131lba\u015f\u0131 pazarlar\u0131ndan Bled G\u00f6l\u00fc\u2019n\u00fcn sessizli\u011fine, Radovljica\u2019n\u0131n geleneksel atmosferinden Postojna Ma\u011faras\u0131\u2019n\u0131n b\u00fcy\u00fcleyici \u201cYa\u015fayan Do\u011fu\u015f Sahnesi\u201dne uzanan bu yolculuk, k\u0131\u015f\u0131n en \u00f6zel deneyimlerinden birini sunuyor.\",\"breadcrumb\":{\"@id\":\"https:\/\/julesverne.com.tr\/travel-blog\/aralik-slovenya\/#breadcrumb\"},\"inLanguage\":\"en-US\",\"potentialAction\":[{\"@type\":\"ReadAction\",\"target\":[\"https:\/\/julesverne.com.tr\/travel-blog\/aralik-slovenya\/\"]}]},{\"@type\":\"ImageObject\",\"inLanguage\":\"en-US\",\"@id\":\"https:\/\/julesverne.com.tr\/travel-blog\/aralik-slovenya\/#primaryimage\",\"url\":\"https:\/\/julesverne.com.tr\/wp-content\/uploads\/2025\/11\/Ljubljana-1-scaled.jpg\",\"contentUrl\":\"https:\/\/julesverne.com.tr\/wp-content\/uploads\/2025\/11\/Ljubljana-1-scaled.jpg\",\"width\":1600,\"height\":645,\"caption\":\"Aerial panoramic view of Ljubljana decorated for Christmas holidays. Roofs covered in snow in winter time. Slovenia, Europe.\"},{\"@type\":\"BreadcrumbList\",\"@id\":\"https:\/\/julesverne.com.tr\/travel-blog\/aralik-slovenya\/#breadcrumb\",\"itemListElement\":[{\"@type\":\"ListItem\",\"position\":1,\"name\":\"Anasayfa\",\"item\":\"https:\/\/julesverne.com.tr\/\"},{\"@type\":\"ListItem\",\"position\":2,\"name\":\"K\u0131\u015f\u0131n En G\u00fczel Ritimlerinden Biri Slovenya\u2019da At\u0131yor\"}]},{\"@type\":\"WebSite\",\"@id\":\"https:\/\/julesverne.com.tr\/#website\",\"url\":\"https:\/\/julesverne.com.tr\/\",\"name\":\"JULES VERNE BUSINESS MICE TRAVEL\",\"description\":\"\",\"publisher\":{\"@id\":\"https:\/\/julesverne.com.tr\/#organization\"},\"potentialAction\":[{\"@type\":\"SearchAction\",\"target\":{\"@type\":\"EntryPoint\",\"urlTemplate\":\"https:\/\/julesverne.com.tr\/?s={search_term_string}\"},\"query-input\":\"required name=search_term_string\"}],\"inLanguage\":\"en-US\"},{\"@type\":\"Organization\",\"@id\":\"https:\/\/julesverne.com.tr\/#organization\",\"name\":\"JULES VERNE BUSINESS MICE TRAVEL\",\"url\":\"https:\/\/julesverne.com.tr\/\",\"logo\":{\"@type\":\"ImageObject\",\"inLanguage\":\"en-US\",\"@id\":\"https:\/\/julesverne.com.tr\/#\/schema\/logo\/image\/\",\"url\":\"https:\/\/julesverne.com.tr\/wp-content\/uploads\/2020\/09\/jv-bmt-logo.png\",\"contentUrl\":\"https:\/\/julesverne.com.tr\/wp-content\/uploads\/2020\/09\/jv-bmt-logo.png\",\"width\":110,\"height\":81,\"caption\":\"JULES VERNE BUSINESS MICE TRAVEL\"},\"image\":{\"@id\":\"https:\/\/julesverne.com.tr\/#\/schema\/logo\/image\/\"},\"sameAs\":[\"https:\/\/www.facebook.com\/JulesVerneBusinessMiceTravel\/\",\"https:\/\/twitter.com\/JV_BusinessMice\",\"https:\/\/www.instagram.com\/julesvernebusinessmicetravel\/\",\"https:\/\/www.linkedin.com\/company\/julesvernebusinessmicetravel\/\",\"https:\/\/www.youtube.com\/channel\/UCAwdsmbZ6tFhu1tea6pkpiw\"]},{\"@type\":\"Person\",\"@id\":\"https:\/\/julesverne.com.tr\/#\/schema\/person\/219931edfe2e7d9cbbcbabb8a7e4c7f4\",\"name\":\"Ebru Alt\u0131n\",\"url\":\"https:\/\/julesverne.com.tr\/en\/author\/ebru-altin\/\"}]}<\/script>\n<!-- \/ Yoast SEO plugin. -->","yoast_head_json":{"title":"[:tr]K\u0131\u015f\u0131n En G\u00fczel Ritimlerinden Biri Slovenya\u2019da At\u0131yor[:] - JULES VERNE BUSINESS MICE TRAVEL","description":"Aral\u0131k ay\u0131nda Slovenya \u0131\u015f\u0131k, m\u00fczik ve huzurla parlayan bir k\u0131\u015f masal\u0131na d\u00f6n\u00fc\u015f\u00fcyor. Ljubljana\u2019n\u0131n y\u0131lba\u015f\u0131 pazarlar\u0131ndan Bled G\u00f6l\u00fc\u2019n\u00fcn sessizli\u011fine, Radovljica\u2019n\u0131n geleneksel atmosferinden Postojna Ma\u011faras\u0131\u2019n\u0131n b\u00fcy\u00fcleyici \u201cYa\u015fayan Do\u011fu\u015f Sahnesi\u201dne uzanan bu yolculuk, k\u0131\u015f\u0131n en \u00f6zel deneyimlerinden birini sunuyor.","robots":{"index":"index","follow":"follow","max-snippet":"max-snippet:-1","max-image-preview":"max-image-preview:large","max-video-preview":"max-video-preview:-1"},"canonical":"https:\/\/julesverne.com.tr\/travel-blog\/aralik-slovenya\/","og_locale":"en_US","og_type":"article","og_title":"[:tr]K\u0131\u015f\u0131n En G\u00fczel Ritimlerinden Biri Slovenya\u2019da At\u0131yor[:] - JULES VERNE BUSINESS MICE TRAVEL","og_description":"Aral\u0131k ay\u0131nda Slovenya \u0131\u015f\u0131k, m\u00fczik ve huzurla parlayan bir k\u0131\u015f masal\u0131na d\u00f6n\u00fc\u015f\u00fcyor. Ljubljana\u2019n\u0131n y\u0131lba\u015f\u0131 pazarlar\u0131ndan Bled G\u00f6l\u00fc\u2019n\u00fcn sessizli\u011fine, Radovljica\u2019n\u0131n geleneksel atmosferinden Postojna Ma\u011faras\u0131\u2019n\u0131n b\u00fcy\u00fcleyici \u201cYa\u015fayan Do\u011fu\u015f Sahnesi\u201dne uzanan bu yolculuk, k\u0131\u015f\u0131n en \u00f6zel deneyimlerinden birini sunuyor.","og_url":"https:\/\/julesverne.com.tr\/travel-blog\/aralik-slovenya\/","og_site_name":"JULES VERNE BUSINESS MICE TRAVEL","article_publisher":"https:\/\/www.facebook.com\/JulesVerneBusinessMiceTravel\/","article_published_time":"2025-11-06T09:35:18+00:00","article_modified_time":"2025-11-07T06:08:01+00:00","og_image":[{"width":1600,"height":645,"url":"https:\/\/julesverne.com.tr\/wp-content\/uploads\/2025\/11\/Ljubljana-1-scaled.jpg","type":"image\/jpeg"}],"author":"Ebru Alt\u0131n","twitter_card":"summary_large_image","twitter_creator":"@JV_BusinessMice","twitter_site":"@JV_BusinessMice","twitter_misc":{"Written by":"Ebru Alt\u0131n","Est. reading time":"6 minutes"},"schema":{"@context":"https:\/\/schema.org","@graph":[{"@type":"Article","@id":"https:\/\/julesverne.com.tr\/travel-blog\/aralik-slovenya\/#article","isPartOf":{"@id":"https:\/\/julesverne.com.tr\/travel-blog\/aralik-slovenya\/"},"author":{"name":"Ebru Alt\u0131n","@id":"https:\/\/julesverne.com.tr\/#\/schema\/person\/219931edfe2e7d9cbbcbabb8a7e4c7f4"},"headline":"(TR) K\u0131\u015f\u0131n En G\u00fczel Ritimlerinden Biri Slovenya\u2019da At\u0131yor","datePublished":"2025-11-06T09:35:18+00:00","dateModified":"2025-11-07T06:08:01+00:00","mainEntityOfPage":{"@id":"https:\/\/julesverne.com.tr\/travel-blog\/aralik-slovenya\/"},"wordCount":916,"publisher":{"@id":"https:\/\/julesverne.com.tr\/#organization"},"image":{"@id":"https:\/\/julesverne.com.tr\/travel-blog\/aralik-slovenya\/#primaryimage"},"thumbnailUrl":"https:\/\/julesverne.com.tr\/wp-content\/uploads\/2025\/11\/Ljubljana-1-scaled.jpg","keywords":["Blog","Nereye Gitsek"],"articleSection":["\u0130lham Veren Destinasyonlar","Blog","Nereye Gitsek?"],"inLanguage":"en-US"},{"@type":"WebPage","@id":"https:\/\/julesverne.com.tr\/travel-blog\/aralik-slovenya\/","url":"https:\/\/julesverne.com.tr\/travel-blog\/aralik-slovenya\/","name":"[:tr]K\u0131\u015f\u0131n En G\u00fczel Ritimlerinden Biri Slovenya\u2019da At\u0131yor[:] - JULES VERNE BUSINESS MICE TRAVEL","isPartOf":{"@id":"https:\/\/julesverne.com.tr\/#website"},"primaryImageOfPage":{"@id":"https:\/\/julesverne.com.tr\/travel-blog\/aralik-slovenya\/#primaryimage"},"image":{"@id":"https:\/\/julesverne.com.tr\/travel-blog\/aralik-slovenya\/#primaryimage"},"thumbnailUrl":"https:\/\/julesverne.com.tr\/wp-content\/uploads\/2025\/11\/Ljubljana-1-scaled.jpg","datePublished":"2025-11-06T09:35:18+00:00","dateModified":"2025-11-07T06:08:01+00:00","description":"Aral\u0131k ay\u0131nda Slovenya \u0131\u015f\u0131k, m\u00fczik ve huzurla parlayan bir k\u0131\u015f masal\u0131na d\u00f6n\u00fc\u015f\u00fcyor. Ljubljana\u2019n\u0131n y\u0131lba\u015f\u0131 pazarlar\u0131ndan Bled G\u00f6l\u00fc\u2019n\u00fcn sessizli\u011fine, Radovljica\u2019n\u0131n geleneksel atmosferinden Postojna Ma\u011faras\u0131\u2019n\u0131n b\u00fcy\u00fcleyici \u201cYa\u015fayan Do\u011fu\u015f Sahnesi\u201dne uzanan bu yolculuk, k\u0131\u015f\u0131n en \u00f6zel deneyimlerinden birini sunuyor.","breadcrumb":{"@id":"https:\/\/julesverne.com.tr\/travel-blog\/aralik-slovenya\/#breadcrumb"},"inLanguage":"en-US","potentialAction":[{"@type":"ReadAction","target":["https:\/\/julesverne.com.tr\/travel-blog\/aralik-slovenya\/"]}]},{"@type":"ImageObject","inLanguage":"en-US","@id":"https:\/\/julesverne.com.tr\/travel-blog\/aralik-slovenya\/#primaryimage","url":"https:\/\/julesverne.com.tr\/wp-content\/uploads\/2025\/11\/Ljubljana-1-scaled.jpg","contentUrl":"https:\/\/julesverne.com.tr\/wp-content\/uploads\/2025\/11\/Ljubljana-1-scaled.jpg","width":1600,"height":645,"caption":"Aerial panoramic view of Ljubljana decorated for Christmas holidays. Roofs covered in snow in winter time. Slovenia, Europe."},{"@type":"BreadcrumbList","@id":"https:\/\/julesverne.com.tr\/travel-blog\/aralik-slovenya\/#breadcrumb","itemListElement":[{"@type":"ListItem","position":1,"name":"Anasayfa","item":"https:\/\/julesverne.com.tr\/"},{"@type":"ListItem","position":2,"name":"K\u0131\u015f\u0131n En G\u00fczel Ritimlerinden Biri Slovenya\u2019da At\u0131yor"}]},{"@type":"WebSite","@id":"https:\/\/julesverne.com.tr\/#website","url":"https:\/\/julesverne.com.tr\/","name":"JULES VERNE BUSINESS MICE TRAVEL","description":"","publisher":{"@id":"https:\/\/julesverne.com.tr\/#organization"},"potentialAction":[{"@type":"SearchAction","target":{"@type":"EntryPoint","urlTemplate":"https:\/\/julesverne.com.tr\/?s={search_term_string}"},"query-input":"required name=search_term_string"}],"inLanguage":"en-US"},{"@type":"Organization","@id":"https:\/\/julesverne.com.tr\/#organization","name":"JULES VERNE BUSINESS MICE TRAVEL","url":"https:\/\/julesverne.com.tr\/","logo":{"@type":"ImageObject","inLanguage":"en-US","@id":"https:\/\/julesverne.com.tr\/#\/schema\/logo\/image\/","url":"https:\/\/julesverne.com.tr\/wp-content\/uploads\/2020\/09\/jv-bmt-logo.png","contentUrl":"https:\/\/julesverne.com.tr\/wp-content\/uploads\/2020\/09\/jv-bmt-logo.png","width":110,"height":81,"caption":"JULES VERNE BUSINESS MICE TRAVEL"},"image":{"@id":"https:\/\/julesverne.com.tr\/#\/schema\/logo\/image\/"},"sameAs":["https:\/\/www.facebook.com\/JulesVerneBusinessMiceTravel\/","https:\/\/twitter.com\/JV_BusinessMice","https:\/\/www.instagram.com\/julesvernebusinessmicetravel\/","https:\/\/www.linkedin.com\/company\/julesvernebusinessmicetravel\/","https:\/\/www.youtube.com\/channel\/UCAwdsmbZ6tFhu1tea6pkpiw"]},{"@type":"Person","@id":"https:\/\/julesverne.com.tr\/#\/schema\/person\/219931edfe2e7d9cbbcbabb8a7e4c7f4","name":"Ebru Alt\u0131n","url":"https:\/\/julesverne.com.tr\/en\/author\/ebru-altin\/"}]}},"_links":{"self":[{"href":"https:\/\/julesverne.com.tr\/en\/wp-json\/wp\/v2\/posts\/21630"}],"collection":[{"href":"https:\/\/julesverne.com.tr\/en\/wp-json\/wp\/v2\/posts"}],"about":[{"href":"https:\/\/julesverne.com.tr\/en\/wp-json\/wp\/v2\/types\/post"}],"author":[{"embeddable":true,"href":"https:\/\/julesverne.com.tr\/en\/wp-json\/wp\/v2\/users\/10"}],"replies":[{"embeddable":true,"href":"https:\/\/julesverne.com.tr\/en\/wp-json\/wp\/v2\/comments?post=21630"}],"version-history":[{"count":6,"href":"https:\/\/julesverne.com.tr\/en\/wp-json\/wp\/v2\/posts\/21630\/revisions"}],"predecessor-version":[{"id":21675,"href":"https:\/\/julesverne.com.tr\/en\/wp-json\/wp\/v2\/posts\/21630\/revisions\/21675"}],"wp:featuredmedia":[{"embeddable":true,"href":"https:\/\/julesverne.com.tr\/en\/wp-json\/wp\/v2\/media\/21646"}],"wp:attachment":[{"href":"https:\/\/julesverne.com.tr\/en\/wp-json\/wp\/v2\/media?parent=21630"}],"wp:term":[{"taxonomy":"category","embeddable":true,"href":"https:\/\/julesverne.com.tr\/en\/wp-json\/wp\/v2\/categories?post=21630"},{"taxonomy":"post_tag","embeddable":true,"href":"https:\/\/julesverne.com.tr\/en\/wp-json\/wp\/v2\/tags?post=21630"}],"curies":[{"name":"wp","href":"https:\/\/api.w.org\/{rel}","templated":true}]}}