{"id":2163,"date":"2019-09-10T13:08:30","date_gmt":"2019-09-10T10:08:30","guid":{"rendered":"https:\/\/www.julesverne.com.tr\/\/blog\/ekim-ayinin-en-keyifli-destinasyonlari\/"},"modified":"2021-09-13T11:45:10","modified_gmt":"2021-09-13T08:45:10","slug":"ekim-ayinin-en-keyifli-destinasyonlari","status":"publish","type":"post","link":"https:\/\/julesverne.com.tr\/en\/travel-blog\/ekim-ayinin-en-keyifli-destinasyonlari\/","title":{"rendered":"Ekim Ay\u0131n\u0131n En Keyifli Destinasyonlar\u0131"},"content":{"rendered":"<p style=\"text-align: center;\"><img loading=\"lazy\" decoding=\"async\" class=\"alignnone size-full wp-image-3415\" src=\"https:\/\/www.julesverne.com.tr\/\/wp-content\/uploads\/2020\/09\/vermont_rural-1.jpg\" alt=\"\" width=\"900\" height=\"600\" srcset=\"https:\/\/julesverne.com.tr\/wp-content\/uploads\/2020\/09\/vermont_rural-1.jpg 900w, https:\/\/julesverne.com.tr\/wp-content\/uploads\/2020\/09\/vermont_rural-1-500x333.jpg 500w, https:\/\/julesverne.com.tr\/wp-content\/uploads\/2020\/09\/vermont_rural-1-768x512.jpg 768w\" sizes=\"(max-width: 900px) 100vw, 900px\" \/><\/p>\n<p>Sonbaharda da seyahatlerimiz h\u0131z kesmeden devam ediyor. Peki, Ekim ay\u0131nda nereye gidilir? Sonbahar renklerinin tabloya d\u00f6n\u00fc\u015ft\u00fcrd\u00fc\u011f\u00fc do\u011fa tatilleri, yepyeni hik\u00e2yelerle tan\u0131\u015faca\u011f\u0131n\u0131z k\u00fclt\u00fcr gezileri, yaz destinasyonlar\u0131yla Ekim ay\u0131nda da g\u00f6r\u00fclecek \u00e7ok yer, yap\u0131lacak \u00e7ok yol var. Sonbahar renkleriyle kimlik de\u011fi\u015ftiren Vermont\u2019tan d\u00fcnya tarihinin etkileyici noktalar\u0131ndan \u00dcrd\u00fcn\u2019e, \u0130talya\u2019n\u0131n \u015fa\u015f\u0131rtan kozmopolit \u015fehri Perugia\u2019dan medeniyetler bulu\u015fmas\u0131 Antakya\u2019ya uzanan Ekim ay\u0131n\u0131n en keyifli destinasyonlar\u0131\u2026<\/p>\n<p><strong>Antakya, T\u00fcrkiye<\/strong><\/p>\n<p style=\"text-align: center;\"><strong><img loading=\"lazy\" decoding=\"async\" class=\"alignnone size-full wp-image-3416\" src=\"https:\/\/www.julesverne.com.tr\/\/wp-content\/uploads\/2020\/09\/antakya.jpg\" alt=\"antakya\" width=\"900\" height=\"624\" srcset=\"https:\/\/julesverne.com.tr\/wp-content\/uploads\/2020\/09\/antakya.jpg 900w, https:\/\/julesverne.com.tr\/wp-content\/uploads\/2020\/09\/antakya-500x347.jpg 500w, https:\/\/julesverne.com.tr\/wp-content\/uploads\/2020\/09\/antakya-768x532.jpg 768w\" sizes=\"(max-width: 900px) 100vw, 900px\" \/><\/strong><\/p>\n<p>Herkesin e\u015fit, kimliklerin \u00f6nemsiz oldu\u011fu Antakya dinlerin ve k\u00fclt\u00fcrlerin bir arada ne kadar g\u00fczel ve g\u00fcr sesli oldu\u011funun en g\u00fczel \u00f6rne\u011fi bu topraklarda&#8230; Havalar\u0131n Antakya&#8217;da hen\u00fcz s\u0131cak oldu\u011fu Ekim ay\u0131 bu topraklar\u0131 tan\u0131mak i\u00e7in ideal zaman! \u201cHristiyanl\u0131k\u201d isminin ilk kez kullan\u0131ld\u0131\u011f\u0131 kilise olmas\u0131 ile t\u00fcm d\u00fcnyada ruhani bir \u00f6neme sahip St. Pierre Kilisesi, tarih ve sanat\u0131n bulu\u015ftu\u011fu Antakya Mozaik M\u00fczesi, Musa a\u011fac\u0131n\u0131n hayat buldu\u011fu Samanda\u011f, Roma d\u00f6neminden kalma Titus T\u00fcneli ile Antakya\u2019y\u0131 ke\u015ffedin.<\/p>\n<p><strong>Tarihin, geleneklerin, farkl\u0131 k\u00fclt\u00fcrlerin ve kendine \u00f6zg\u00fc lezzetlerin nam sald\u0131\u011f\u0131 bu zenginlikte zaman\u0131 unutun!<\/strong><\/p>\n<h3 style=\"text-align: center;\"><a href=\"http:\/\/gezi.julesverne.com.tr\/geziler\/yurt-ici-ozel-gezilerimiz\/kultur-ve-lezzet-harmani-antakya?utm_source=gezi&amp;utm_medium=blog\" target=\"_blank\" rel=\"noopener noreferrer\"><strong>04-06 Ekim K\u00fclt\u00fcr ve Lezzet Harman\u0131 Antakya Gezisi hakk\u0131nda detayl\u0131 bilgi i\u00e7in t\u0131klay\u0131n!\u00a0<\/strong><\/a><\/h3>\n<p><strong><br \/>\nPerugia, \u0130talya<\/strong><\/p>\n<p style=\"text-align: center;\"><strong><img loading=\"lazy\" decoding=\"async\" class=\"alignnone size-full wp-image-3417\" src=\"https:\/\/www.julesverne.com.tr\/\/wp-content\/uploads\/2020\/09\/perugia.jpg\" alt=\"perugia\" width=\"1000\" height=\"667\" srcset=\"https:\/\/julesverne.com.tr\/wp-content\/uploads\/2020\/09\/perugia.jpg 1000w, https:\/\/julesverne.com.tr\/wp-content\/uploads\/2020\/09\/perugia-500x334.jpg 500w, https:\/\/julesverne.com.tr\/wp-content\/uploads\/2020\/09\/perugia-768x512.jpg 768w\" sizes=\"(max-width: 1000px) 100vw, 1000px\" \/><\/strong><\/p>\n<p>Perugia&#8217;n\u0131n me\u015fhur Baci \u00e7ikolatalar\u0131n\u0131n ana vatan\u0131 oldu\u011funu biliyor muydunuz? Her \u00e7ikolata par\u00e7as\u0131 i\u00e7erisinden \u00e7\u0131kan \u00f6zl\u00fc s\u00f6zleriyle \u0130talya&#8217;n\u0131n sembol tatlar\u0131ndan birinin do\u011fum yeri olan Perugia \u00e7ikolatadan ibaret de\u011fil elbette. \u0130talya&#8217;n\u0131n &#8220;ye\u015fil kalbi&#8221; Umbria B\u00f6lgesi&#8217;nin merkez \u015fehri Perugia kom\u015fusu Toskana kadar pop\u00fcler olmasa da karakteristik \u00f6zellikleriyle en az Toskana \u015fehirleri kadar sevilesi!<\/p>\n<p>14. y\u00fczy\u0131lda kurulan ve \u0130talya&#8217;n\u0131n en eski \u00fcniversitelerinden birine ev sahipli\u011fi yapan Perugia&#8217;da gen\u00e7 n\u00fcfusun enerjisi her zaman hissediliyor. Roma, Venedik, Floransa, Bologna gibi \u00fcn\u00fcne \u00fcn katan \u015fehirler aras\u0131nda yeni yeni fark edilen Perugia bug\u00fcn yeni restoran ve barlar\u0131, butikleri, tarihi yap\u0131lar\u0131yla gezginlerin radar\u0131na giriyor.<\/p>\n<p><strong>\u00dcrd\u00fcn<\/strong><\/p>\n<p style=\"text-align: center;\"><strong><img loading=\"lazy\" decoding=\"async\" class=\"alignnone size-full wp-image-3418\" src=\"https:\/\/www.julesverne.com.tr\/\/wp-content\/uploads\/2020\/09\/petra.jpg\" alt=\"petra_\u00fcrd\u00fcn\" width=\"900\" height=\"600\" srcset=\"https:\/\/julesverne.com.tr\/wp-content\/uploads\/2020\/09\/petra.jpg 900w, https:\/\/julesverne.com.tr\/wp-content\/uploads\/2020\/09\/petra-500x333.jpg 500w, https:\/\/julesverne.com.tr\/wp-content\/uploads\/2020\/09\/petra-768x512.jpg 768w\" sizes=\"(max-width: 900px) 100vw, 900px\" \/><\/strong><\/p>\n<p>Binlerce y\u0131ll\u0131k insan tarihinin \u00f6nemli kav\u015faklar\u0131ndan biri olan \u00dcrd\u00fcn Romal\u0131lar\u0131n, Osmanl\u0131lar\u0131n, Avrupal\u0131 Ha\u00e7 yolcular\u0131n\u0131n ayak izlerini ta\u015f\u0131yor. Tarihte bir\u00e7ok i\u015fgalle kar\u015f\u0131 kar\u015f\u0131ya kalan \u00dcrd\u00fcn&#8217;de bu d\u00f6nemlerden geriye kalan ise g\u00f6steri\u015fli kiliseler, Ha\u00e7l\u0131 hisarlar\u0131 ve \u00e7\u00f6l kaleleri olmu\u015f. \u00dcrd\u00fcn dendi\u011finde akla gelen kay\u0131p \u015fehir Petra oluyor&#8230;<\/p>\n<p>Petra kadar bu \u00fclkenin \u00e7\u00f6lleri, \u00e7arp\u0131c\u0131 manzaralar\u0131, antik kentleri ve k\u00fclt\u00fcrel yap\u0131lar\u0131 da siz de derin izler b\u0131rakacak. Sadece k\u00fclt\u00fcrel de\u011fil ayn\u0131 zamanda vah\u015fi do\u011fa ve ekstrem su sporlar\u0131 ile maceraperestleri de heyecanland\u0131r\u0131yor. \u00dcrd\u00fcn&#8217;\u00fc sonbaharda gezmenin en g\u00fczel yan\u0131 ise g\u00fcnd\u00fczleri bunaltmayan havas\u0131 ve ak\u015famlar\u0131 serin olu\u015fu&#8230;<\/p>\n<p><strong>Mauritius<\/strong><\/p>\n<p style=\"text-align: center;\"><strong><img loading=\"lazy\" decoding=\"async\" class=\"alignnone size-full wp-image-3419\" src=\"https:\/\/www.julesverne.com.tr\/\/wp-content\/uploads\/2020\/09\/mauritius.jpg\" alt=\"mauriitus\" width=\"886\" height=\"481\" srcset=\"https:\/\/julesverne.com.tr\/wp-content\/uploads\/2020\/09\/mauritius.jpg 886w, https:\/\/julesverne.com.tr\/wp-content\/uploads\/2020\/09\/mauritius-500x271.jpg 500w, https:\/\/julesverne.com.tr\/wp-content\/uploads\/2020\/09\/mauritius-768x417.jpg 768w\" sizes=\"(max-width: 886px) 100vw, 886px\" \/><\/strong><\/p>\n<p>Hint Okyanusu&#8217;nun b\u00fcy\u00fckl\u00fc\u011f\u00fcnde inci gibi parlayan, palmiye a\u011fa\u00e7lar\u0131n\u0131n g\u00f6lge oldu\u011fu yumu\u015fac\u0131k kumlu sahillerin sahibi Mauritius Adas\u0131&#8230; Hen\u00fcz yaza veda etmek istemiyorsan\u0131z rotan\u0131z\u0131 tropikal iklimiyle akl\u0131n\u0131z\u0131 \u00e7elen Mauritius&#8217;a \u00e7evirin. Y\u0131l\u0131n en s\u0131cak g\u00fcnlerinin ba\u015flad\u0131\u011f\u0131 Ekim ay\u0131nda g\u00fcne\u015fin ve denizin tad\u0131n\u0131 doyas\u0131ya \u00e7\u0131kar\u0131n.<\/p>\n<p>Mauriitus\u2019un zengin do\u011fas\u0131 ve su alt\u0131 ya\u015fam\u0131 ile \u015fnorkelle y\u00fczebilir, dal\u0131\u015f noktalar\u0131nda t\u00fcpl\u00fc dal\u0131\u015f yapabilirsiniz. Adan\u0131n ya\u011fmur ormanlar\u0131na do\u011fru y\u00fcr\u00fcy\u00fc\u015fler yapabilir, adan\u0131n az ke\u015ffedilmi\u015f yerlerini ke\u015ffedebilirsiniz. Hint, Frans\u0131z, Afrika ve \u00c7in mutfaklar\u0131ndan esinlenen lezzetleri ise her g\u00fcn adaya dair yeni bir k\u00fclt\u00fcrel ke\u015fif olacak.<\/p>\n<p><strong>Vermont, ABD<\/strong><\/p>\n<p style=\"text-align: center;\"><strong><img loading=\"lazy\" decoding=\"async\" class=\"alignnone size-full wp-image-3420\" src=\"https:\/\/www.julesverne.com.tr\/\/wp-content\/uploads\/2020\/09\/montpellier_vermont.jpg\" alt=\"montpelier_vermont\" width=\"900\" height=\"600\" srcset=\"https:\/\/julesverne.com.tr\/wp-content\/uploads\/2020\/09\/montpellier_vermont.jpg 900w, https:\/\/julesverne.com.tr\/wp-content\/uploads\/2020\/09\/montpellier_vermont-500x333.jpg 500w, https:\/\/julesverne.com.tr\/wp-content\/uploads\/2020\/09\/montpellier_vermont-768x512.jpg 768w\" sizes=\"(max-width: 900px) 100vw, 900px\" \/><\/strong><\/p>\n<p>Her sonbahar, ABD&#8217;nin Vermont Eyaleti en g\u00fczel sonbahar renkleriyle g\u00f6rsel \u015f\u00f6len ya\u015fat\u0131yor. K\u0131rm\u0131z\u0131, turuncu ve sar\u0131n\u0131n bin bir tonu ile kasabalar, \u015fehirler ba\u015fka bir kimli\u011fe b\u00fcr\u00fcn\u00fcyor sanki. E\u011fer road trip seven gezginlerdenseniz Vermont rotas\u0131 hayalinizden \u00e7ok daha g\u00fczel manzaralarla sizi tan\u0131\u015ft\u0131racak.<\/p>\n<p>D\u00f6rtte \u00fc\u00e7\u00fc ormanlarla kapl\u0131 olan Vermont rotan\u0131zda Burlington, \u00fclkenin en g\u00fczel kasabalar\u0131ndan Woodstock, eyaletin en eski park\u0131 Mount Philo, Manchester, Bennington, Weston, Willmington mutlaka olmal\u0131. Tabi dilerseniz, Vermont sonbahar gezilerinin vazge\u00e7ilmezi olan Route 100 rotas\u0131n\u0131 da ger\u00e7ekle\u015ftirebilirsiniz. Yakla\u015f\u0131k 348 km uzunlu\u011fundaki bu yol Stamford&#8217;dan Westfield&#8217;e uzan\u0131yor. Rota, birbirinden g\u00fczel 33 k\u00f6y ve kasabay\u0131 kaps\u0131yor.<\/p>\n<p style=\"text-align: center;\"><strong>Size \u00f6zel seyahat program\u0131 ve rezervasyon i\u00e7in:<br \/>\n<\/strong><strong><a href=\"mailto:travel@julesverne.com.tr\" target=\"_blank\" rel=\"noopener noreferrer\">travel@julesverne.com.tr<\/a><br \/>\n<\/strong><strong>0212 266 6363 &#8211; 179<\/strong><\/p>\n","protected":false},"excerpt":{"rendered":"<p>Sonbaharda da seyahatlerimiz h\u0131z kesmeden devam ediyor. Peki, Ekim ay\u0131nda nereye gidilir? Vermont&rsquo;tan &Uuml;rd&uuml;n&rsquo;e, Perugia&rsquo;dan Antakya&rsquo;ya uzanan Ekim ay\u0131n\u0131n en keyifli destinasyonlar\u0131&hellip;<\/p>\n","protected":false},"author":1,"featured_media":2164,"comment_status":"closed","ping_status":"closed","sticky":false,"template":"","format":"standard","meta":{"inline_featured_image":false,"footnotes":""},"categories":[1],"tags":[],"acf":[],"yoast_head":"<!-- This site is optimized with the Yoast SEO plugin v22.3 - https:\/\/yoast.com\/wordpress\/plugins\/seo\/ -->\n<title>Ekim Ay\u0131n\u0131n En Keyifli Destinasyonlar\u0131 - JULES VERNE BUSINESS MICE TRAVEL<\/title>\n<meta name=\"robots\" content=\"index, follow, max-snippet:-1, max-image-preview:large, max-video-preview:-1\" \/>\n<link rel=\"canonical\" href=\"https:\/\/julesverne.com.tr\/travel-blog\/ekim-ayinin-en-keyifli-destinasyonlari\/\" \/>\n<meta property=\"og:locale\" content=\"en_US\" \/>\n<meta property=\"og:type\" content=\"article\" \/>\n<meta property=\"og:title\" content=\"Ekim Ay\u0131n\u0131n En Keyifli Destinasyonlar\u0131 - JULES VERNE BUSINESS MICE TRAVEL\" \/>\n<meta property=\"og:description\" content=\"Sonbaharda da seyahatlerimiz h\u0131z kesmeden devam ediyor. Peki, Ekim ay\u0131nda nereye gidilir? Vermont&rsquo;tan &Uuml;rd&uuml;n&rsquo;e, Perugia&rsquo;dan Antakya&rsquo;ya uzanan Ekim ay\u0131n\u0131n en keyifli destinasyonlar\u0131&hellip;\" \/>\n<meta property=\"og:url\" content=\"https:\/\/julesverne.com.tr\/travel-blog\/ekim-ayinin-en-keyifli-destinasyonlari\/\" \/>\n<meta property=\"og:site_name\" content=\"JULES VERNE BUSINESS MICE TRAVEL\" \/>\n<meta property=\"article:publisher\" content=\"https:\/\/www.facebook.com\/JulesVerneBusinessMiceTravel\/\" \/>\n<meta property=\"article:published_time\" content=\"2019-09-10T10:08:30+00:00\" \/>\n<meta property=\"article:modified_time\" content=\"2021-09-13T08:45:10+00:00\" \/>\n<meta property=\"og:image\" content=\"https:\/\/julesverne.com.tr\/wp-content\/uploads\/2020\/09\/vermont_rural.jpg\" \/>\n\t<meta property=\"og:image:width\" content=\"900\" \/>\n\t<meta property=\"og:image:height\" content=\"600\" \/>\n\t<meta property=\"og:image:type\" content=\"image\/jpeg\" \/>\n<meta name=\"author\" content=\"fikirman\" \/>\n<meta name=\"twitter:card\" content=\"summary_large_image\" \/>\n<meta name=\"twitter:creator\" content=\"@JV_BusinessMice\" \/>\n<meta name=\"twitter:site\" content=\"@JV_BusinessMice\" \/>\n<meta name=\"twitter:label1\" content=\"Written by\" \/>\n\t<meta name=\"twitter:data1\" content=\"fikirman\" \/>\n\t<meta name=\"twitter:label2\" content=\"Est. reading time\" \/>\n\t<meta name=\"twitter:data2\" content=\"4 minutes\" \/>\n<script type=\"application\/ld+json\" class=\"yoast-schema-graph\">{\"@context\":\"https:\/\/schema.org\",\"@graph\":[{\"@type\":\"Article\",\"@id\":\"https:\/\/julesverne.com.tr\/travel-blog\/ekim-ayinin-en-keyifli-destinasyonlari\/#article\",\"isPartOf\":{\"@id\":\"https:\/\/julesverne.com.tr\/travel-blog\/ekim-ayinin-en-keyifli-destinasyonlari\/\"},\"author\":{\"name\":\"fikirman\",\"@id\":\"https:\/\/julesverne.com.tr\/#\/schema\/person\/f4eb0514ae455538644c31b99a466fdb\"},\"headline\":\"Ekim Ay\u0131n\u0131n En Keyifli Destinasyonlar\u0131\",\"datePublished\":\"2019-09-10T10:08:30+00:00\",\"dateModified\":\"2021-09-13T08:45:10+00:00\",\"mainEntityOfPage\":{\"@id\":\"https:\/\/julesverne.com.tr\/travel-blog\/ekim-ayinin-en-keyifli-destinasyonlari\/\"},\"wordCount\":771,\"publisher\":{\"@id\":\"https:\/\/julesverne.com.tr\/#organization\"},\"image\":{\"@id\":\"https:\/\/julesverne.com.tr\/travel-blog\/ekim-ayinin-en-keyifli-destinasyonlari\/#primaryimage\"},\"thumbnailUrl\":\"https:\/\/julesverne.com.tr\/wp-content\/uploads\/2020\/09\/vermont_rural.jpg\",\"articleSection\":[\"Blog\"],\"inLanguage\":\"en-US\"},{\"@type\":\"WebPage\",\"@id\":\"https:\/\/julesverne.com.tr\/travel-blog\/ekim-ayinin-en-keyifli-destinasyonlari\/\",\"url\":\"https:\/\/julesverne.com.tr\/travel-blog\/ekim-ayinin-en-keyifli-destinasyonlari\/\",\"name\":\"Ekim Ay\u0131n\u0131n En Keyifli Destinasyonlar\u0131 - JULES VERNE BUSINESS MICE TRAVEL\",\"isPartOf\":{\"@id\":\"https:\/\/julesverne.com.tr\/#website\"},\"primaryImageOfPage\":{\"@id\":\"https:\/\/julesverne.com.tr\/travel-blog\/ekim-ayinin-en-keyifli-destinasyonlari\/#primaryimage\"},\"image\":{\"@id\":\"https:\/\/julesverne.com.tr\/travel-blog\/ekim-ayinin-en-keyifli-destinasyonlari\/#primaryimage\"},\"thumbnailUrl\":\"https:\/\/julesverne.com.tr\/wp-content\/uploads\/2020\/09\/vermont_rural.jpg\",\"datePublished\":\"2019-09-10T10:08:30+00:00\",\"dateModified\":\"2021-09-13T08:45:10+00:00\",\"breadcrumb\":{\"@id\":\"https:\/\/julesverne.com.tr\/travel-blog\/ekim-ayinin-en-keyifli-destinasyonlari\/#breadcrumb\"},\"inLanguage\":\"en-US\",\"potentialAction\":[{\"@type\":\"ReadAction\",\"target\":[\"https:\/\/julesverne.com.tr\/travel-blog\/ekim-ayinin-en-keyifli-destinasyonlari\/\"]}]},{\"@type\":\"ImageObject\",\"inLanguage\":\"en-US\",\"@id\":\"https:\/\/julesverne.com.tr\/travel-blog\/ekim-ayinin-en-keyifli-destinasyonlari\/#primaryimage\",\"url\":\"https:\/\/julesverne.com.tr\/wp-content\/uploads\/2020\/09\/vermont_rural.jpg\",\"contentUrl\":\"https:\/\/julesverne.com.tr\/wp-content\/uploads\/2020\/09\/vermont_rural.jpg\",\"width\":900,\"height\":600},{\"@type\":\"BreadcrumbList\",\"@id\":\"https:\/\/julesverne.com.tr\/travel-blog\/ekim-ayinin-en-keyifli-destinasyonlari\/#breadcrumb\",\"itemListElement\":[{\"@type\":\"ListItem\",\"position\":1,\"name\":\"Anasayfa\",\"item\":\"https:\/\/julesverne.com.tr\/\"},{\"@type\":\"ListItem\",\"position\":2,\"name\":\"Ekim Ay\u0131n\u0131n En Keyifli Destinasyonlar\u0131\"}]},{\"@type\":\"WebSite\",\"@id\":\"https:\/\/julesverne.com.tr\/#website\",\"url\":\"https:\/\/julesverne.com.tr\/\",\"name\":\"JULES VERNE BUSINESS MICE TRAVEL\",\"description\":\"\",\"publisher\":{\"@id\":\"https:\/\/julesverne.com.tr\/#organization\"},\"potentialAction\":[{\"@type\":\"SearchAction\",\"target\":{\"@type\":\"EntryPoint\",\"urlTemplate\":\"https:\/\/julesverne.com.tr\/?s={search_term_string}\"},\"query-input\":\"required name=search_term_string\"}],\"inLanguage\":\"en-US\"},{\"@type\":\"Organization\",\"@id\":\"https:\/\/julesverne.com.tr\/#organization\",\"name\":\"JULES VERNE BUSINESS MICE TRAVEL\",\"url\":\"https:\/\/julesverne.com.tr\/\",\"logo\":{\"@type\":\"ImageObject\",\"inLanguage\":\"en-US\",\"@id\":\"https:\/\/julesverne.com.tr\/#\/schema\/logo\/image\/\",\"url\":\"https:\/\/julesverne.com.tr\/wp-content\/uploads\/2020\/09\/jv-bmt-logo.png\",\"contentUrl\":\"https:\/\/julesverne.com.tr\/wp-content\/uploads\/2020\/09\/jv-bmt-logo.png\",\"width\":110,\"height\":81,\"caption\":\"JULES VERNE BUSINESS MICE TRAVEL\"},\"image\":{\"@id\":\"https:\/\/julesverne.com.tr\/#\/schema\/logo\/image\/\"},\"sameAs\":[\"https:\/\/www.facebook.com\/JulesVerneBusinessMiceTravel\/\",\"https:\/\/twitter.com\/JV_BusinessMice\",\"https:\/\/www.instagram.com\/julesvernebusinessmicetravel\/\",\"https:\/\/www.linkedin.com\/company\/julesvernebusinessmicetravel\/\",\"https:\/\/www.youtube.com\/channel\/UCAwdsmbZ6tFhu1tea6pkpiw\"]},{\"@type\":\"Person\",\"@id\":\"https:\/\/julesverne.com.tr\/#\/schema\/person\/f4eb0514ae455538644c31b99a466fdb\",\"name\":\"fikirman\",\"sameAs\":[\"http:\/\/advermedya.net\/julesverne\"],\"url\":\"https:\/\/julesverne.com.tr\/en\/author\/fikirman\/\"}]}<\/script>\n<!-- \/ Yoast SEO plugin. -->","yoast_head_json":{"title":"Ekim Ay\u0131n\u0131n En Keyifli Destinasyonlar\u0131 - JULES VERNE BUSINESS MICE TRAVEL","robots":{"index":"index","follow":"follow","max-snippet":"max-snippet:-1","max-image-preview":"max-image-preview:large","max-video-preview":"max-video-preview:-1"},"canonical":"https:\/\/julesverne.com.tr\/travel-blog\/ekim-ayinin-en-keyifli-destinasyonlari\/","og_locale":"en_US","og_type":"article","og_title":"Ekim Ay\u0131n\u0131n En Keyifli Destinasyonlar\u0131 - JULES VERNE BUSINESS MICE TRAVEL","og_description":"Sonbaharda da seyahatlerimiz h\u0131z kesmeden devam ediyor. Peki, Ekim ay\u0131nda nereye gidilir? Vermont&rsquo;tan &Uuml;rd&uuml;n&rsquo;e, Perugia&rsquo;dan Antakya&rsquo;ya uzanan Ekim ay\u0131n\u0131n en keyifli destinasyonlar\u0131&hellip;","og_url":"https:\/\/julesverne.com.tr\/travel-blog\/ekim-ayinin-en-keyifli-destinasyonlari\/","og_site_name":"JULES VERNE BUSINESS MICE TRAVEL","article_publisher":"https:\/\/www.facebook.com\/JulesVerneBusinessMiceTravel\/","article_published_time":"2019-09-10T10:08:30+00:00","article_modified_time":"2021-09-13T08:45:10+00:00","og_image":[{"width":900,"height":600,"url":"https:\/\/julesverne.com.tr\/wp-content\/uploads\/2020\/09\/vermont_rural.jpg","type":"image\/jpeg"}],"author":"fikirman","twitter_card":"summary_large_image","twitter_creator":"@JV_BusinessMice","twitter_site":"@JV_BusinessMice","twitter_misc":{"Written by":"fikirman","Est. reading time":"4 minutes"},"schema":{"@context":"https:\/\/schema.org","@graph":[{"@type":"Article","@id":"https:\/\/julesverne.com.tr\/travel-blog\/ekim-ayinin-en-keyifli-destinasyonlari\/#article","isPartOf":{"@id":"https:\/\/julesverne.com.tr\/travel-blog\/ekim-ayinin-en-keyifli-destinasyonlari\/"},"author":{"name":"fikirman","@id":"https:\/\/julesverne.com.tr\/#\/schema\/person\/f4eb0514ae455538644c31b99a466fdb"},"headline":"Ekim Ay\u0131n\u0131n En Keyifli Destinasyonlar\u0131","datePublished":"2019-09-10T10:08:30+00:00","dateModified":"2021-09-13T08:45:10+00:00","mainEntityOfPage":{"@id":"https:\/\/julesverne.com.tr\/travel-blog\/ekim-ayinin-en-keyifli-destinasyonlari\/"},"wordCount":771,"publisher":{"@id":"https:\/\/julesverne.com.tr\/#organization"},"image":{"@id":"https:\/\/julesverne.com.tr\/travel-blog\/ekim-ayinin-en-keyifli-destinasyonlari\/#primaryimage"},"thumbnailUrl":"https:\/\/julesverne.com.tr\/wp-content\/uploads\/2020\/09\/vermont_rural.jpg","articleSection":["Blog"],"inLanguage":"en-US"},{"@type":"WebPage","@id":"https:\/\/julesverne.com.tr\/travel-blog\/ekim-ayinin-en-keyifli-destinasyonlari\/","url":"https:\/\/julesverne.com.tr\/travel-blog\/ekim-ayinin-en-keyifli-destinasyonlari\/","name":"Ekim Ay\u0131n\u0131n En Keyifli Destinasyonlar\u0131 - JULES VERNE BUSINESS MICE TRAVEL","isPartOf":{"@id":"https:\/\/julesverne.com.tr\/#website"},"primaryImageOfPage":{"@id":"https:\/\/julesverne.com.tr\/travel-blog\/ekim-ayinin-en-keyifli-destinasyonlari\/#primaryimage"},"image":{"@id":"https:\/\/julesverne.com.tr\/travel-blog\/ekim-ayinin-en-keyifli-destinasyonlari\/#primaryimage"},"thumbnailUrl":"https:\/\/julesverne.com.tr\/wp-content\/uploads\/2020\/09\/vermont_rural.jpg","datePublished":"2019-09-10T10:08:30+00:00","dateModified":"2021-09-13T08:45:10+00:00","breadcrumb":{"@id":"https:\/\/julesverne.com.tr\/travel-blog\/ekim-ayinin-en-keyifli-destinasyonlari\/#breadcrumb"},"inLanguage":"en-US","potentialAction":[{"@type":"ReadAction","target":["https:\/\/julesverne.com.tr\/travel-blog\/ekim-ayinin-en-keyifli-destinasyonlari\/"]}]},{"@type":"ImageObject","inLanguage":"en-US","@id":"https:\/\/julesverne.com.tr\/travel-blog\/ekim-ayinin-en-keyifli-destinasyonlari\/#primaryimage","url":"https:\/\/julesverne.com.tr\/wp-content\/uploads\/2020\/09\/vermont_rural.jpg","contentUrl":"https:\/\/julesverne.com.tr\/wp-content\/uploads\/2020\/09\/vermont_rural.jpg","width":900,"height":600},{"@type":"BreadcrumbList","@id":"https:\/\/julesverne.com.tr\/travel-blog\/ekim-ayinin-en-keyifli-destinasyonlari\/#breadcrumb","itemListElement":[{"@type":"ListItem","position":1,"name":"Anasayfa","item":"https:\/\/julesverne.com.tr\/"},{"@type":"ListItem","position":2,"name":"Ekim Ay\u0131n\u0131n En Keyifli Destinasyonlar\u0131"}]},{"@type":"WebSite","@id":"https:\/\/julesverne.com.tr\/#website","url":"https:\/\/julesverne.com.tr\/","name":"JULES VERNE BUSINESS MICE TRAVEL","description":"","publisher":{"@id":"https:\/\/julesverne.com.tr\/#organization"},"potentialAction":[{"@type":"SearchAction","target":{"@type":"EntryPoint","urlTemplate":"https:\/\/julesverne.com.tr\/?s={search_term_string}"},"query-input":"required name=search_term_string"}],"inLanguage":"en-US"},{"@type":"Organization","@id":"https:\/\/julesverne.com.tr\/#organization","name":"JULES VERNE BUSINESS MICE TRAVEL","url":"https:\/\/julesverne.com.tr\/","logo":{"@type":"ImageObject","inLanguage":"en-US","@id":"https:\/\/julesverne.com.tr\/#\/schema\/logo\/image\/","url":"https:\/\/julesverne.com.tr\/wp-content\/uploads\/2020\/09\/jv-bmt-logo.png","contentUrl":"https:\/\/julesverne.com.tr\/wp-content\/uploads\/2020\/09\/jv-bmt-logo.png","width":110,"height":81,"caption":"JULES VERNE BUSINESS MICE TRAVEL"},"image":{"@id":"https:\/\/julesverne.com.tr\/#\/schema\/logo\/image\/"},"sameAs":["https:\/\/www.facebook.com\/JulesVerneBusinessMiceTravel\/","https:\/\/twitter.com\/JV_BusinessMice","https:\/\/www.instagram.com\/julesvernebusinessmicetravel\/","https:\/\/www.linkedin.com\/company\/julesvernebusinessmicetravel\/","https:\/\/www.youtube.com\/channel\/UCAwdsmbZ6tFhu1tea6pkpiw"]},{"@type":"Person","@id":"https:\/\/julesverne.com.tr\/#\/schema\/person\/f4eb0514ae455538644c31b99a466fdb","name":"fikirman","sameAs":["http:\/\/advermedya.net\/julesverne"],"url":"https:\/\/julesverne.com.tr\/en\/author\/fikirman\/"}]}},"_links":{"self":[{"href":"https:\/\/julesverne.com.tr\/en\/wp-json\/wp\/v2\/posts\/2163"}],"collection":[{"href":"https:\/\/julesverne.com.tr\/en\/wp-json\/wp\/v2\/posts"}],"about":[{"href":"https:\/\/julesverne.com.tr\/en\/wp-json\/wp\/v2\/types\/post"}],"author":[{"embeddable":true,"href":"https:\/\/julesverne.com.tr\/en\/wp-json\/wp\/v2\/users\/1"}],"replies":[{"embeddable":true,"href":"https:\/\/julesverne.com.tr\/en\/wp-json\/wp\/v2\/comments?post=2163"}],"version-history":[{"count":0,"href":"https:\/\/julesverne.com.tr\/en\/wp-json\/wp\/v2\/posts\/2163\/revisions"}],"wp:featuredmedia":[{"embeddable":true,"href":"https:\/\/julesverne.com.tr\/en\/wp-json\/wp\/v2\/media\/2164"}],"wp:attachment":[{"href":"https:\/\/julesverne.com.tr\/en\/wp-json\/wp\/v2\/media?parent=2163"}],"wp:term":[{"taxonomy":"category","embeddable":true,"href":"https:\/\/julesverne.com.tr\/en\/wp-json\/wp\/v2\/categories?post=2163"},{"taxonomy":"post_tag","embeddable":true,"href":"https:\/\/julesverne.com.tr\/en\/wp-json\/wp\/v2\/tags?post=2163"}],"curies":[{"name":"wp","href":"https:\/\/api.w.org\/{rel}","templated":true}]}}