{"id":2162,"date":"2019-09-05T15:48:14","date_gmt":"2019-09-05T12:48:14","guid":{"rendered":"https:\/\/www.julesverne.com.tr\/\/blog\/henuz-yaza-veda-etmeye-hazir-degil-misiniz\/"},"modified":"2021-09-13T11:44:42","modified_gmt":"2021-09-13T08:44:42","slug":"henuz-yaza-veda-etmeye-hazir-degil-misiniz","status":"publish","type":"post","link":"https:\/\/julesverne.com.tr\/en\/travel-blog\/henuz-yaza-veda-etmeye-hazir-degil-misiniz\/","title":{"rendered":"Hen\u00fcz Yaza Veda Etmeye Haz\u0131r De\u011fil Misiniz?"},"content":{"rendered":"<h3 style=\"text-align: left;\"><strong>Eyl\u00fcl&#8217;de Deniz Keyfine Devam Edebilece\u011finiz \u00d6neriler<\/strong><\/h3>\n<p style=\"text-align: center;\"><img loading=\"lazy\" decoding=\"async\" class=\"alignnone size-full wp-image-3422\" src=\"https:\/\/www.julesverne.com.tr\/\/wp-content\/uploads\/2020\/09\/leros-1.jpg\" alt=\"\" width=\"999\" height=\"666\" srcset=\"https:\/\/julesverne.com.tr\/wp-content\/uploads\/2020\/09\/leros-1.jpg 999w, https:\/\/julesverne.com.tr\/wp-content\/uploads\/2020\/09\/leros-1-500x333.jpg 500w, https:\/\/julesverne.com.tr\/wp-content\/uploads\/2020\/09\/leros-1-768x512.jpg 768w\" sizes=\"(max-width: 999px) 100vw, 999px\" \/><\/p>\n<p>\u015eehre d\u00f6n\u00fc\u015f ba\u015flad\u0131, okullar a\u00e7\u0131ld\u0131.\u00a0Peki, siz \u015fehir hayat\u0131na d\u00f6nmeye haz\u0131r m\u0131s\u0131n\u0131z? Cevab\u0131n\u0131z hay\u0131rsa, deniz sezonuna devam edece\u011finiz birbirinden g\u00fczel destinasyon \u00f6nerilerimiz var. S\u00f6\u011f\u00fct, Marmaris\u2019ten Rodos\u2019a; Marbella\u2019dan Leros\u2019a yaz enerjisinin devam etti\u011fi s\u0131cak destinasyonlar\u2026<\/p>\n<p><strong>S\u00f6\u011f\u00fct-Selimiye-Orhaniye<\/strong><\/p>\n<p style=\"text-align: center;\"><strong><img loading=\"lazy\" decoding=\"async\" class=\"alignnone size-full wp-image-3423\" src=\"https:\/\/www.julesverne.com.tr\/\/wp-content\/uploads\/2020\/09\/selimiye.jpg\" alt=\"\" width=\"999\" height=\"664\" srcset=\"https:\/\/julesverne.com.tr\/wp-content\/uploads\/2020\/09\/selimiye.jpg 999w, https:\/\/julesverne.com.tr\/wp-content\/uploads\/2020\/09\/selimiye-500x332.jpg 500w, https:\/\/julesverne.com.tr\/wp-content\/uploads\/2020\/09\/selimiye-768x510.jpg 768w\" sizes=\"(max-width: 999px) 100vw, 999px\" \/><\/strong><\/p>\n<p>Yery\u00fcz\u00fcnde \u201ccennetten farks\u0131z\u201d diyebilece\u011fimiz pek \u00e7ok k\u00f6\u015fe var. Ancak, s\u0131ra Marmaris\u2019in do\u011fas\u0131 ve sakl\u0131 koylar\u0131na geldi\u011finde bu benzetme bile yetersiz kal\u0131yor. Mavi ve ye\u015filin birbirini bu denli g\u00fczel tamamlad\u0131\u011f\u0131 Marmaris koylar\u0131n\u0131n her biri kendine has \u00f6zelliklere sahip.<\/p>\n<p>\u00d6zellikle yatlar\u0131n s\u0131\u011f\u0131na\u011f\u0131 olan Orhaniye; k\u00fc\u00e7\u00fck pansiyonlar\u0131, liman\u0131 ve lokantalar\u0131yla k\u00fc\u00e7\u00fck ama hareketli bir hayat ak\u0131\u015f\u0131 olan Selimiye, tepeye kurulan k\u00f6y\u00fc ve sahile dizilen birka\u00e7 restoran\u0131yla bir film karesini and\u0131ran S\u00f6\u011f\u00fct bu topraklar\u0131n ne kadar bereketli ve b\u00fcy\u00fcleyici oldu\u011funu size bir kez daha anlat\u0131yor. Virajl\u0131 yollar\u0131 seviyorsan\u0131z bu rotay\u0131 ara\u00e7 ile yapabilir veya mavi yolculuk organize edebilirsiniz.<\/p>\n<p><strong>Ka\u015f<\/strong><\/p>\n<p style=\"text-align: center;\"><strong><img loading=\"lazy\" decoding=\"async\" class=\"alignnone size-full wp-image-3424\" src=\"https:\/\/www.julesverne.com.tr\/\/wp-content\/uploads\/2020\/09\/kasturkiye.jpg\" alt=\"\" width=\"999\" height=\"654\" srcset=\"https:\/\/julesverne.com.tr\/wp-content\/uploads\/2020\/09\/kasturkiye.jpg 999w, https:\/\/julesverne.com.tr\/wp-content\/uploads\/2020\/09\/kasturkiye-500x327.jpg 500w, https:\/\/julesverne.com.tr\/wp-content\/uploads\/2020\/09\/kasturkiye-768x503.jpg 768w\" sizes=\"(max-width: 999px) 100vw, 999px\" \/><\/strong><\/p>\n<p>\u0130klim ko\u015fullar\u0131n\u0131n iltimas ge\u00e7ti\u011fi Ka\u015f, Eyl\u00fcl ay\u0131nda da g\u00fcne\u015fle kutsan\u0131p, e\u015fsiz g\u00fcn bat\u0131mlar\u0131 ile ruhunuzu ok\u015fuyor. Hava s\u0131cakl\u0131klar\u0131n\u0131n yaz aylar\u0131ndan farks\u0131z oldu\u011fu Eyl\u00fcl ay\u0131, Ka\u015f i\u00e7in \u00e7ok da sakin ge\u00e7miyor. Son y\u0131llarda daha da pop\u00fclerle\u015fen Ka\u015f, Eyl\u00fcl ay\u0131nda hareketli olsa da sezon kalabal\u0131\u011f\u0131n\u0131 atlatm\u0131\u015f oluyorsunuz.<\/p>\n<p>B\u00fcy\u00fck \u00c7ak\u0131l, K\u00fc\u00e7\u00fck \u00c7ak\u0131l ve Limana\u011fz\u0131 plajlar\u0131nda keyif yap\u0131p, hafif hafif esen r\u00fczgar e\u015fli\u011finde lokal lezzetlerinin tad\u0131na var\u0131p, ak\u015fam\u0131n ilerleyen saatlerinde g\u00fczel kokteyller i\u00e7ece\u011finiz barlar\u0131nda Eyl\u00fcl ak\u015famlar\u0131n\u0131z\u0131 renklendirebilirsiniz. Zaman\u0131n\u0131z olursa en az\u0131ndan g\u00fcn\u00fcbirlik bir gezi ile Meis Adas\u0131\u2019na ge\u00e7ip, reng\u00e2renk evleri aras\u0131nda dola\u015fman\u0131z\u0131 ve Ka\u015f manzaras\u0131na kar\u015f\u0131 uzo i\u00e7menizi \u00f6neririz.<\/p>\n<p><strong>Rodos<\/strong><\/p>\n<p style=\"text-align: center;\"><strong><img loading=\"lazy\" decoding=\"async\" class=\"alignnone size-full wp-image-3425\" src=\"https:\/\/www.julesverne.com.tr\/\/wp-content\/uploads\/2020\/09\/rodos.jpg\" alt=\"\" width=\"999\" height=\"665\" srcset=\"https:\/\/julesverne.com.tr\/wp-content\/uploads\/2020\/09\/rodos.jpg 999w, https:\/\/julesverne.com.tr\/wp-content\/uploads\/2020\/09\/rodos-500x333.jpg 500w, https:\/\/julesverne.com.tr\/wp-content\/uploads\/2020\/09\/rodos-768x511.jpg 768w\" sizes=\"(max-width: 999px) 100vw, 999px\" \/><\/strong><\/p>\n<p>Osmanl\u0131&#8217;n\u0131n izlerini ta\u015f\u0131yan, geleneksel Yunan adas\u0131 kodlar\u0131na sahip, hip oteller ve mek\u00e2nlarla fark yaratmaya devam eden Rodos, hakk\u0131nda olu\u015fan kli\u015feleri yerle bir eden renkli ve s\u00fcrprizli bir ada. Orta \u00c7a\u011f&#8217;da in\u015fa edilen ve 6 kap\u0131dan olu\u015fan kale i\u00e7erisinde yer alan Old Town&#8217;un gizemli havas\u0131, Tulum havas\u0131n\u0131 an\u0131msatan plajlar\u0131 ve restoranlar\u0131, gizli koylar\u0131, Kelebekler Vadisi ile ke\u015ffedilmesi uzun s\u00fcren, zaman ge\u00e7irdik\u00e7e daha \u00e7ok yak\u0131nl\u0131k hissedece\u011finiz bir ada.<\/p>\n<p>T\u00fcrkiye\u2019ye yak\u0131nl\u0131\u011f\u0131 sayesinde T\u00fcrk gezginlerin de s\u0131k s\u0131k tatil i\u00e7in tercih etti\u011fi Rodos, Eyl\u00fcl ay\u0131 itibariyle biraz sakinle\u015fiyor. Denizin keyfini s\u00fcr\u00fcp, plajlar\u0131nda keyif yapabilece\u011finiz, yo\u011fun kalabal\u0131ktan ar\u0131nm\u0131\u015f bir \u015fekilde sokaklar\u0131n\u0131 ve kasabalar\u0131n\u0131 ke\u015ffetmek i\u00e7in ideal zamanlama!<\/p>\n<p><em><strong>Rodos Adas\u0131\u2019na Nas\u0131l Gidilir?<\/strong><\/em><\/p>\n<p>Marmaris\u2019ten kalkan feribotlarla Rodos Adas\u0131\u2019na gidebilirsiniz.<\/p>\n<p><strong>Marbella<\/strong><\/p>\n<p style=\"text-align: center;\"><strong><img loading=\"lazy\" decoding=\"async\" class=\"alignnone size-full wp-image-3426\" src=\"https:\/\/www.julesverne.com.tr\/\/wp-content\/uploads\/2020\/09\/marbella.jpg\" alt=\"\" width=\"999\" height=\"666\" srcset=\"https:\/\/julesverne.com.tr\/wp-content\/uploads\/2020\/09\/marbella.jpg 999w, https:\/\/julesverne.com.tr\/wp-content\/uploads\/2020\/09\/marbella-500x333.jpg 500w, https:\/\/julesverne.com.tr\/wp-content\/uploads\/2020\/09\/marbella-768x512.jpg 768w\" sizes=\"(max-width: 999px) 100vw, 999px\" \/><\/strong><\/p>\n<p>\u0130spanya&#8217;n\u0131n g\u00fcneyini bir m\u00fccevhere \u00e7eviren Costa del Sol sahilinin g\u00fczelli\u011fini g\u00f6rmezden gelmek imk\u00e2ns\u0131z. Bu \u00fcnl\u00fc sahilin, End\u00fcl\u00fcs B\u00f6lgesi s\u0131n\u0131rlar\u0131na d\u00e2hil olan \u015fehri Marbella ise End\u00fcl\u00fcs otantikli\u011fi ile birlikte sahil dinamizmini \u00e7ok g\u00fczel harmanl\u0131yor. Rahatlamak, g\u00fcne\u015fin tad\u0131n\u0131 \u00e7\u0131karmak i\u00e7in Avrupal\u0131lar taraf\u0131ndan ziyaret ak\u0131n\u0131na u\u011frayan Marbella \u0131l\u0131man havas\u0131 ve bol g\u00fcne\u015fli iklimiyle y\u0131l\u0131n \u00e7o\u011fu zaman\u0131 hareketli.<\/p>\n<p>1950&#8217;li y\u0131llar itibariyle \u00f6zellikle &#8220;zengin ve \u015f\u00f6hretli&#8221; insanlar\u0131n yaz s\u0131\u011f\u0131na\u011f\u0131 olan Marbella&#8217;ya Eyl\u00fcl&#8217;de gitmenin en g\u00fczel yan\u0131 denizin tad\u0131n\u0131 \u00e7\u0131karmaya devam edebilmek. Ayr\u0131ca, \u00e7\u0131lg\u0131n kalabal\u0131klardan uzakta \u015fehrin en \u00e7ekici noktalar\u0131n\u0131 rahat\u00e7a ke\u015ffedebilirsiniz. \u0130spanya&#8217;n\u0131n en l\u00fcks yat liman\u0131 Puerto Ban\u00fas&#8217;da dola\u015f\u0131p, tasar\u0131m butikleri, bar ve restoranlar\u0131 deneyimlemeyi de ihmal etmeyin.<\/p>\n<p><strong>Leros<\/strong><\/p>\n<p style=\"text-align: center;\"><strong><img loading=\"lazy\" decoding=\"async\" class=\"alignnone size-full wp-image-3427\" src=\"https:\/\/www.julesverne.com.tr\/\/wp-content\/uploads\/2020\/09\/leros_island.jpg\" alt=\"\" width=\"999\" height=\"667\" srcset=\"https:\/\/julesverne.com.tr\/wp-content\/uploads\/2020\/09\/leros_island.jpg 999w, https:\/\/julesverne.com.tr\/wp-content\/uploads\/2020\/09\/leros_island-500x334.jpg 500w, https:\/\/julesverne.com.tr\/wp-content\/uploads\/2020\/09\/leros_island-768x513.jpg 768w\" sizes=\"(max-width: 999px) 100vw, 999px\" \/><\/strong><\/p>\n<p>Dodecanese yani 12 Adalar aras\u0131nda en sevdi\u011fimiz Yunan adas\u0131 Leros&#8230; T\u00fcrkiye&#8217;ye yak\u0131nl\u0131\u011f\u0131 ile birka\u00e7 g\u00fcnl\u00fck ka\u00e7amak tatillerin g\u00f6zdesi olan Leros, Yunan Adalar\u0131 aras\u0131nda foto\u011fraflarda en g\u00fczel \u00e7\u0131kan adalardan biri.<\/p>\n<p>Artemis&#8217;in evi oldu\u011fu s\u00f6ylenen Leros Ortodoks kiliseleri, mavi boyal\u0131 tipik ada evleri, g\u00f6z al\u0131c\u0131 mavi koylar\u0131 ve k\u00fc\u00e7\u00fck tavernalar\u0131yla bir Yunan Adas\u0131&#8217;nda arad\u0131\u011f\u0131n\u0131z ve deneyimlemeyi bekledi\u011finiz ne varsa fazlas\u0131n\u0131 sunuyor.\u00a0 Sadelik, do\u011fall\u0131k bu adan\u0131n damarlar\u0131na i\u015flemi\u015f! Leros&#8217;a gelmi\u015fken Castle of Panaghia&#8217;dan g\u00fcn bat\u0131m\u0131 manzaras\u0131n\u0131 seyretmeyi de unutmay\u0131n.<\/p>\n<p><strong><em>Leros Adas\u0131&#8217;na Nas\u0131l Gidilir?<\/em><\/strong><\/p>\n<p>Bodrum Turgutreis\u2019ten haftan\u0131n belirli g\u00fcnlerinde Leros Adas\u0131\u2019na feribot seferleri var. Ayr\u0131ca, Bodrum\u2019dan Kos aktarmal\u0131 olarak Leros\u2019a gitmek m\u00fcmk\u00fcn.<\/p>\n<p style=\"text-align: center;\"><strong>Size \u00f6zel seyahat program\u0131\u00a0ve rezervasyon i\u00e7in:<\/strong><br \/>\n<a href=\"mailto:travel@julesverne.com.tr\" target=\"_blank\" rel=\"noopener noreferrer\"><strong>travel@julesverne.com.tr<\/strong><\/a><br \/>\n<strong>0212 266 6363 &#8211; 179<\/strong><\/p>\n","protected":false},"excerpt":{"rendered":"<p>\u015eehre d&ouml;n&uuml;\u015f ba\u015flad\u0131, okullar a&ccedil;\u0131ld\u0131&hellip; Peki, siz \u015fehir hayat\u0131na d&ouml;nmeye haz\u0131r m\u0131s\u0131n\u0131z? Cevab\u0131n\u0131z hay\u0131rsa, deniz sezonuna devam edece\u011finiz birbirinden g&uuml;zel destinasyon &ouml;nerilerimiz var.<\/p>\n","protected":false},"author":1,"featured_media":1729,"comment_status":"closed","ping_status":"closed","sticky":false,"template":"","format":"standard","meta":{"inline_featured_image":false,"footnotes":""},"categories":[38,1,39],"tags":[],"acf":[],"yoast_head":"<!-- This site is optimized with the Yoast SEO plugin v22.3 - https:\/\/yoast.com\/wordpress\/plugins\/seo\/ -->\n<title>Hen\u00fcz Yaza Veda Etmeye Haz\u0131r De\u011fil Misiniz? - JULES VERNE BUSINESS MICE TRAVEL<\/title>\n<meta name=\"robots\" content=\"index, follow, max-snippet:-1, max-image-preview:large, max-video-preview:-1\" \/>\n<link rel=\"canonical\" href=\"https:\/\/julesverne.com.tr\/travel-blog\/henuz-yaza-veda-etmeye-hazir-degil-misiniz\/\" \/>\n<meta property=\"og:locale\" content=\"en_US\" \/>\n<meta property=\"og:type\" content=\"article\" \/>\n<meta property=\"og:title\" content=\"Hen\u00fcz Yaza Veda Etmeye Haz\u0131r De\u011fil Misiniz? - JULES VERNE BUSINESS MICE TRAVEL\" \/>\n<meta property=\"og:description\" content=\"\u015eehre d&ouml;n&uuml;\u015f ba\u015flad\u0131, okullar a&ccedil;\u0131ld\u0131&hellip; Peki, siz \u015fehir hayat\u0131na d&ouml;nmeye haz\u0131r m\u0131s\u0131n\u0131z? Cevab\u0131n\u0131z hay\u0131rsa, deniz sezonuna devam edece\u011finiz birbirinden g&uuml;zel destinasyon &ouml;nerilerimiz var.\" \/>\n<meta property=\"og:url\" content=\"https:\/\/julesverne.com.tr\/travel-blog\/henuz-yaza-veda-etmeye-hazir-degil-misiniz\/\" \/>\n<meta property=\"og:site_name\" content=\"JULES VERNE BUSINESS MICE TRAVEL\" \/>\n<meta property=\"article:publisher\" content=\"https:\/\/www.facebook.com\/JulesVerneBusinessMiceTravel\/\" \/>\n<meta property=\"article:published_time\" content=\"2019-09-05T12:48:14+00:00\" \/>\n<meta property=\"article:modified_time\" content=\"2021-09-13T08:44:42+00:00\" \/>\n<meta property=\"og:image\" content=\"https:\/\/julesverne.com.tr\/wp-content\/uploads\/2020\/09\/leros.jpg\" \/>\n\t<meta property=\"og:image:width\" content=\"1500\" \/>\n\t<meta property=\"og:image:height\" content=\"1001\" \/>\n\t<meta property=\"og:image:type\" content=\"image\/jpeg\" \/>\n<meta name=\"author\" content=\"fikirman\" \/>\n<meta name=\"twitter:card\" content=\"summary_large_image\" \/>\n<meta name=\"twitter:creator\" content=\"@JV_BusinessMice\" \/>\n<meta name=\"twitter:site\" content=\"@JV_BusinessMice\" \/>\n<meta name=\"twitter:label1\" content=\"Written by\" \/>\n\t<meta name=\"twitter:data1\" content=\"fikirman\" \/>\n\t<meta name=\"twitter:label2\" content=\"Est. reading time\" \/>\n\t<meta name=\"twitter:data2\" content=\"4 minutes\" \/>\n<script type=\"application\/ld+json\" class=\"yoast-schema-graph\">{\"@context\":\"https:\/\/schema.org\",\"@graph\":[{\"@type\":\"Article\",\"@id\":\"https:\/\/julesverne.com.tr\/travel-blog\/henuz-yaza-veda-etmeye-hazir-degil-misiniz\/#article\",\"isPartOf\":{\"@id\":\"https:\/\/julesverne.com.tr\/travel-blog\/henuz-yaza-veda-etmeye-hazir-degil-misiniz\/\"},\"author\":{\"name\":\"fikirman\",\"@id\":\"https:\/\/julesverne.com.tr\/#\/schema\/person\/f4eb0514ae455538644c31b99a466fdb\"},\"headline\":\"Hen\u00fcz Yaza Veda Etmeye Haz\u0131r De\u011fil Misiniz?\",\"datePublished\":\"2019-09-05T12:48:14+00:00\",\"dateModified\":\"2021-09-13T08:44:42+00:00\",\"mainEntityOfPage\":{\"@id\":\"https:\/\/julesverne.com.tr\/travel-blog\/henuz-yaza-veda-etmeye-hazir-degil-misiniz\/\"},\"wordCount\":831,\"publisher\":{\"@id\":\"https:\/\/julesverne.com.tr\/#organization\"},\"image\":{\"@id\":\"https:\/\/julesverne.com.tr\/travel-blog\/henuz-yaza-veda-etmeye-hazir-degil-misiniz\/#primaryimage\"},\"thumbnailUrl\":\"https:\/\/julesverne.com.tr\/wp-content\/uploads\/2020\/09\/leros.jpg\",\"articleSection\":[\"\u0130lham Veren Destinasyonlar\",\"Blog\",\"Nereye Gitsek?\"],\"inLanguage\":\"en-US\"},{\"@type\":\"WebPage\",\"@id\":\"https:\/\/julesverne.com.tr\/travel-blog\/henuz-yaza-veda-etmeye-hazir-degil-misiniz\/\",\"url\":\"https:\/\/julesverne.com.tr\/travel-blog\/henuz-yaza-veda-etmeye-hazir-degil-misiniz\/\",\"name\":\"Hen\u00fcz Yaza Veda Etmeye Haz\u0131r De\u011fil Misiniz? - JULES VERNE BUSINESS MICE TRAVEL\",\"isPartOf\":{\"@id\":\"https:\/\/julesverne.com.tr\/#website\"},\"primaryImageOfPage\":{\"@id\":\"https:\/\/julesverne.com.tr\/travel-blog\/henuz-yaza-veda-etmeye-hazir-degil-misiniz\/#primaryimage\"},\"image\":{\"@id\":\"https:\/\/julesverne.com.tr\/travel-blog\/henuz-yaza-veda-etmeye-hazir-degil-misiniz\/#primaryimage\"},\"thumbnailUrl\":\"https:\/\/julesverne.com.tr\/wp-content\/uploads\/2020\/09\/leros.jpg\",\"datePublished\":\"2019-09-05T12:48:14+00:00\",\"dateModified\":\"2021-09-13T08:44:42+00:00\",\"breadcrumb\":{\"@id\":\"https:\/\/julesverne.com.tr\/travel-blog\/henuz-yaza-veda-etmeye-hazir-degil-misiniz\/#breadcrumb\"},\"inLanguage\":\"en-US\",\"potentialAction\":[{\"@type\":\"ReadAction\",\"target\":[\"https:\/\/julesverne.com.tr\/travel-blog\/henuz-yaza-veda-etmeye-hazir-degil-misiniz\/\"]}]},{\"@type\":\"ImageObject\",\"inLanguage\":\"en-US\",\"@id\":\"https:\/\/julesverne.com.tr\/travel-blog\/henuz-yaza-veda-etmeye-hazir-degil-misiniz\/#primaryimage\",\"url\":\"https:\/\/julesverne.com.tr\/wp-content\/uploads\/2020\/09\/leros.jpg\",\"contentUrl\":\"https:\/\/julesverne.com.tr\/wp-content\/uploads\/2020\/09\/leros.jpg\",\"width\":1500,\"height\":1001},{\"@type\":\"BreadcrumbList\",\"@id\":\"https:\/\/julesverne.com.tr\/travel-blog\/henuz-yaza-veda-etmeye-hazir-degil-misiniz\/#breadcrumb\",\"itemListElement\":[{\"@type\":\"ListItem\",\"position\":1,\"name\":\"Anasayfa\",\"item\":\"https:\/\/julesverne.com.tr\/\"},{\"@type\":\"ListItem\",\"position\":2,\"name\":\"Hen\u00fcz Yaza Veda Etmeye Haz\u0131r De\u011fil Misiniz?\"}]},{\"@type\":\"WebSite\",\"@id\":\"https:\/\/julesverne.com.tr\/#website\",\"url\":\"https:\/\/julesverne.com.tr\/\",\"name\":\"JULES VERNE BUSINESS MICE TRAVEL\",\"description\":\"\",\"publisher\":{\"@id\":\"https:\/\/julesverne.com.tr\/#organization\"},\"potentialAction\":[{\"@type\":\"SearchAction\",\"target\":{\"@type\":\"EntryPoint\",\"urlTemplate\":\"https:\/\/julesverne.com.tr\/?s={search_term_string}\"},\"query-input\":\"required name=search_term_string\"}],\"inLanguage\":\"en-US\"},{\"@type\":\"Organization\",\"@id\":\"https:\/\/julesverne.com.tr\/#organization\",\"name\":\"JULES VERNE BUSINESS MICE TRAVEL\",\"url\":\"https:\/\/julesverne.com.tr\/\",\"logo\":{\"@type\":\"ImageObject\",\"inLanguage\":\"en-US\",\"@id\":\"https:\/\/julesverne.com.tr\/#\/schema\/logo\/image\/\",\"url\":\"https:\/\/julesverne.com.tr\/wp-content\/uploads\/2020\/09\/jv-bmt-logo.png\",\"contentUrl\":\"https:\/\/julesverne.com.tr\/wp-content\/uploads\/2020\/09\/jv-bmt-logo.png\",\"width\":110,\"height\":81,\"caption\":\"JULES VERNE BUSINESS MICE TRAVEL\"},\"image\":{\"@id\":\"https:\/\/julesverne.com.tr\/#\/schema\/logo\/image\/\"},\"sameAs\":[\"https:\/\/www.facebook.com\/JulesVerneBusinessMiceTravel\/\",\"https:\/\/twitter.com\/JV_BusinessMice\",\"https:\/\/www.instagram.com\/julesvernebusinessmicetravel\/\",\"https:\/\/www.linkedin.com\/company\/julesvernebusinessmicetravel\/\",\"https:\/\/www.youtube.com\/channel\/UCAwdsmbZ6tFhu1tea6pkpiw\"]},{\"@type\":\"Person\",\"@id\":\"https:\/\/julesverne.com.tr\/#\/schema\/person\/f4eb0514ae455538644c31b99a466fdb\",\"name\":\"fikirman\",\"sameAs\":[\"http:\/\/advermedya.net\/julesverne\"],\"url\":\"https:\/\/julesverne.com.tr\/en\/author\/fikirman\/\"}]}<\/script>\n<!-- \/ Yoast SEO plugin. -->","yoast_head_json":{"title":"Hen\u00fcz Yaza Veda Etmeye Haz\u0131r De\u011fil Misiniz? - JULES VERNE BUSINESS MICE TRAVEL","robots":{"index":"index","follow":"follow","max-snippet":"max-snippet:-1","max-image-preview":"max-image-preview:large","max-video-preview":"max-video-preview:-1"},"canonical":"https:\/\/julesverne.com.tr\/travel-blog\/henuz-yaza-veda-etmeye-hazir-degil-misiniz\/","og_locale":"en_US","og_type":"article","og_title":"Hen\u00fcz Yaza Veda Etmeye Haz\u0131r De\u011fil Misiniz? - JULES VERNE BUSINESS MICE TRAVEL","og_description":"\u015eehre d&ouml;n&uuml;\u015f ba\u015flad\u0131, okullar a&ccedil;\u0131ld\u0131&hellip; Peki, siz \u015fehir hayat\u0131na d&ouml;nmeye haz\u0131r m\u0131s\u0131n\u0131z? Cevab\u0131n\u0131z hay\u0131rsa, deniz sezonuna devam edece\u011finiz birbirinden g&uuml;zel destinasyon &ouml;nerilerimiz var.","og_url":"https:\/\/julesverne.com.tr\/travel-blog\/henuz-yaza-veda-etmeye-hazir-degil-misiniz\/","og_site_name":"JULES VERNE BUSINESS MICE TRAVEL","article_publisher":"https:\/\/www.facebook.com\/JulesVerneBusinessMiceTravel\/","article_published_time":"2019-09-05T12:48:14+00:00","article_modified_time":"2021-09-13T08:44:42+00:00","og_image":[{"width":1500,"height":1001,"url":"https:\/\/julesverne.com.tr\/wp-content\/uploads\/2020\/09\/leros.jpg","type":"image\/jpeg"}],"author":"fikirman","twitter_card":"summary_large_image","twitter_creator":"@JV_BusinessMice","twitter_site":"@JV_BusinessMice","twitter_misc":{"Written by":"fikirman","Est. reading time":"4 minutes"},"schema":{"@context":"https:\/\/schema.org","@graph":[{"@type":"Article","@id":"https:\/\/julesverne.com.tr\/travel-blog\/henuz-yaza-veda-etmeye-hazir-degil-misiniz\/#article","isPartOf":{"@id":"https:\/\/julesverne.com.tr\/travel-blog\/henuz-yaza-veda-etmeye-hazir-degil-misiniz\/"},"author":{"name":"fikirman","@id":"https:\/\/julesverne.com.tr\/#\/schema\/person\/f4eb0514ae455538644c31b99a466fdb"},"headline":"Hen\u00fcz Yaza Veda Etmeye Haz\u0131r De\u011fil Misiniz?","datePublished":"2019-09-05T12:48:14+00:00","dateModified":"2021-09-13T08:44:42+00:00","mainEntityOfPage":{"@id":"https:\/\/julesverne.com.tr\/travel-blog\/henuz-yaza-veda-etmeye-hazir-degil-misiniz\/"},"wordCount":831,"publisher":{"@id":"https:\/\/julesverne.com.tr\/#organization"},"image":{"@id":"https:\/\/julesverne.com.tr\/travel-blog\/henuz-yaza-veda-etmeye-hazir-degil-misiniz\/#primaryimage"},"thumbnailUrl":"https:\/\/julesverne.com.tr\/wp-content\/uploads\/2020\/09\/leros.jpg","articleSection":["\u0130lham Veren Destinasyonlar","Blog","Nereye Gitsek?"],"inLanguage":"en-US"},{"@type":"WebPage","@id":"https:\/\/julesverne.com.tr\/travel-blog\/henuz-yaza-veda-etmeye-hazir-degil-misiniz\/","url":"https:\/\/julesverne.com.tr\/travel-blog\/henuz-yaza-veda-etmeye-hazir-degil-misiniz\/","name":"Hen\u00fcz Yaza Veda Etmeye Haz\u0131r De\u011fil Misiniz? - JULES VERNE BUSINESS MICE TRAVEL","isPartOf":{"@id":"https:\/\/julesverne.com.tr\/#website"},"primaryImageOfPage":{"@id":"https:\/\/julesverne.com.tr\/travel-blog\/henuz-yaza-veda-etmeye-hazir-degil-misiniz\/#primaryimage"},"image":{"@id":"https:\/\/julesverne.com.tr\/travel-blog\/henuz-yaza-veda-etmeye-hazir-degil-misiniz\/#primaryimage"},"thumbnailUrl":"https:\/\/julesverne.com.tr\/wp-content\/uploads\/2020\/09\/leros.jpg","datePublished":"2019-09-05T12:48:14+00:00","dateModified":"2021-09-13T08:44:42+00:00","breadcrumb":{"@id":"https:\/\/julesverne.com.tr\/travel-blog\/henuz-yaza-veda-etmeye-hazir-degil-misiniz\/#breadcrumb"},"inLanguage":"en-US","potentialAction":[{"@type":"ReadAction","target":["https:\/\/julesverne.com.tr\/travel-blog\/henuz-yaza-veda-etmeye-hazir-degil-misiniz\/"]}]},{"@type":"ImageObject","inLanguage":"en-US","@id":"https:\/\/julesverne.com.tr\/travel-blog\/henuz-yaza-veda-etmeye-hazir-degil-misiniz\/#primaryimage","url":"https:\/\/julesverne.com.tr\/wp-content\/uploads\/2020\/09\/leros.jpg","contentUrl":"https:\/\/julesverne.com.tr\/wp-content\/uploads\/2020\/09\/leros.jpg","width":1500,"height":1001},{"@type":"BreadcrumbList","@id":"https:\/\/julesverne.com.tr\/travel-blog\/henuz-yaza-veda-etmeye-hazir-degil-misiniz\/#breadcrumb","itemListElement":[{"@type":"ListItem","position":1,"name":"Anasayfa","item":"https:\/\/julesverne.com.tr\/"},{"@type":"ListItem","position":2,"name":"Hen\u00fcz Yaza Veda Etmeye Haz\u0131r De\u011fil Misiniz?"}]},{"@type":"WebSite","@id":"https:\/\/julesverne.com.tr\/#website","url":"https:\/\/julesverne.com.tr\/","name":"JULES VERNE BUSINESS MICE TRAVEL","description":"","publisher":{"@id":"https:\/\/julesverne.com.tr\/#organization"},"potentialAction":[{"@type":"SearchAction","target":{"@type":"EntryPoint","urlTemplate":"https:\/\/julesverne.com.tr\/?s={search_term_string}"},"query-input":"required name=search_term_string"}],"inLanguage":"en-US"},{"@type":"Organization","@id":"https:\/\/julesverne.com.tr\/#organization","name":"JULES VERNE BUSINESS MICE TRAVEL","url":"https:\/\/julesverne.com.tr\/","logo":{"@type":"ImageObject","inLanguage":"en-US","@id":"https:\/\/julesverne.com.tr\/#\/schema\/logo\/image\/","url":"https:\/\/julesverne.com.tr\/wp-content\/uploads\/2020\/09\/jv-bmt-logo.png","contentUrl":"https:\/\/julesverne.com.tr\/wp-content\/uploads\/2020\/09\/jv-bmt-logo.png","width":110,"height":81,"caption":"JULES VERNE BUSINESS MICE TRAVEL"},"image":{"@id":"https:\/\/julesverne.com.tr\/#\/schema\/logo\/image\/"},"sameAs":["https:\/\/www.facebook.com\/JulesVerneBusinessMiceTravel\/","https:\/\/twitter.com\/JV_BusinessMice","https:\/\/www.instagram.com\/julesvernebusinessmicetravel\/","https:\/\/www.linkedin.com\/company\/julesvernebusinessmicetravel\/","https:\/\/www.youtube.com\/channel\/UCAwdsmbZ6tFhu1tea6pkpiw"]},{"@type":"Person","@id":"https:\/\/julesverne.com.tr\/#\/schema\/person\/f4eb0514ae455538644c31b99a466fdb","name":"fikirman","sameAs":["http:\/\/advermedya.net\/julesverne"],"url":"https:\/\/julesverne.com.tr\/en\/author\/fikirman\/"}]}},"_links":{"self":[{"href":"https:\/\/julesverne.com.tr\/en\/wp-json\/wp\/v2\/posts\/2162"}],"collection":[{"href":"https:\/\/julesverne.com.tr\/en\/wp-json\/wp\/v2\/posts"}],"about":[{"href":"https:\/\/julesverne.com.tr\/en\/wp-json\/wp\/v2\/types\/post"}],"author":[{"embeddable":true,"href":"https:\/\/julesverne.com.tr\/en\/wp-json\/wp\/v2\/users\/1"}],"replies":[{"embeddable":true,"href":"https:\/\/julesverne.com.tr\/en\/wp-json\/wp\/v2\/comments?post=2162"}],"version-history":[{"count":0,"href":"https:\/\/julesverne.com.tr\/en\/wp-json\/wp\/v2\/posts\/2162\/revisions"}],"wp:featuredmedia":[{"embeddable":true,"href":"https:\/\/julesverne.com.tr\/en\/wp-json\/wp\/v2\/media\/1729"}],"wp:attachment":[{"href":"https:\/\/julesverne.com.tr\/en\/wp-json\/wp\/v2\/media?parent=2162"}],"wp:term":[{"taxonomy":"category","embeddable":true,"href":"https:\/\/julesverne.com.tr\/en\/wp-json\/wp\/v2\/categories?post=2162"},{"taxonomy":"post_tag","embeddable":true,"href":"https:\/\/julesverne.com.tr\/en\/wp-json\/wp\/v2\/tags?post=2162"}],"curies":[{"name":"wp","href":"https:\/\/api.w.org\/{rel}","templated":true}]}}