{"id":2160,"date":"2019-08-28T18:04:21","date_gmt":"2019-08-28T15:04:21","guid":{"rendered":"https:\/\/www.julesverne.com.tr\/\/blog\/son-dakika-karar-verip-gidebileceginiz-vizesiz-sehirler\/"},"modified":"2021-09-13T11:44:02","modified_gmt":"2021-09-13T08:44:02","slug":"son-dakika-karar-verip-gidebileceginiz-vizesiz-sehirler","status":"publish","type":"post","link":"https:\/\/julesverne.com.tr\/en\/travel-blog\/son-dakika-karar-verip-gidebileceginiz-vizesiz-sehirler\/","title":{"rendered":"Son Dakika Karar Verip Gidebilece\u011finiz Vizesiz \u015eehirler"},"content":{"rendered":"<p class=\"MsoNormal\" style=\"text-align: center;\"><img loading=\"lazy\" decoding=\"async\" class=\"alignnone size-full wp-image-3429\" src=\"https:\/\/www.julesverne.com.tr\/\/wp-content\/uploads\/2020\/09\/belgrad-1.jpg\" alt=\"\" width=\"999\" height=\"666\" srcset=\"https:\/\/julesverne.com.tr\/wp-content\/uploads\/2020\/09\/belgrad-1.jpg 999w, https:\/\/julesverne.com.tr\/wp-content\/uploads\/2020\/09\/belgrad-1-500x333.jpg 500w, https:\/\/julesverne.com.tr\/wp-content\/uploads\/2020\/09\/belgrad-1-768x512.jpg 768w\" sizes=\"(max-width: 999px) 100vw, 999px\" \/><\/p>\n<p class=\"MsoNormal\">Seyahatte s\u0131n\u0131r tan\u0131mayanlar ve son dakika seyahat plan\u0131 yapan maceraperestler bu yaz\u0131y\u0131 \u00e7ok sevecek. T\u00fcrk vatanda\u015flar\u0131ndan vize talep etmeyen \u00fclkeler aras\u0131ndan ke\u015ffetmek i\u00e7in b\u00fcy\u00fck heyecan duydu\u011fumuz destinasyonlar\u0131 sizin i\u00e7in se\u00e7tik. Evrak i\u015fleriyle u\u011fra\u015fmadan, akl\u0131n\u0131za d\u00fc\u015ft\u00fc\u011f\u00fc an biletinizi al\u0131p vizesiz seyahat edebilece\u011finiz \u015fehirler&#8230;<\/p>\n<h4 class=\"MsoNormal\"><strong>Tiflis, G\u00fcrcistan<\/strong><\/h4>\n<p style=\"text-align: center;\"><strong><img loading=\"lazy\" decoding=\"async\" class=\"alignnone size-full wp-image-3430\" src=\"https:\/\/www.julesverne.com.tr\/\/wp-content\/uploads\/2020\/09\/tiflis.jpg\" alt=\"\" width=\"999\" height=\"574\" srcset=\"https:\/\/julesverne.com.tr\/wp-content\/uploads\/2020\/09\/tiflis.jpg 999w, https:\/\/julesverne.com.tr\/wp-content\/uploads\/2020\/09\/tiflis-500x287.jpg 500w, https:\/\/julesverne.com.tr\/wp-content\/uploads\/2020\/09\/tiflis-768x441.jpg 768w\" sizes=\"(max-width: 999px) 100vw, 999px\" \/><\/strong><\/p>\n<p class=\"MsoNormal\">Son y\u0131llarda Avrupa\u2019n\u0131n en \u00e7ok merak edilen \u015fehirlerinden birinin Tiflis olmas\u0131 ilk ba\u015fta kula\u011fa \u015fa\u015f\u0131rt\u0131c\u0131 gelse de G\u00fcrcistan\u2019\u0131n ba\u015fkenti merak edildi\u011fi kadar s\u00fcrprizlerle dolu! Parti \u00e7ocuklar\u0131, gurmanlar, sanat ve mimari tutkunlar\u0131 i\u00e7in sonu gelmeyen bir hazine Tiflis. Kar\u0131\u015f\u0131k g\u00f6r\u00fcnen ve dola\u015f\u0131rken ayr\u0131 bir keyif veren Arnavut kald\u0131r\u0131ml\u0131 sokaklar\u0131, kubbeli hamamlar\u0131, Sovyet fabrikalar\u0131ndan d\u00f6n\u00fc\u015ft\u00fcr\u00fclen tasar\u0131m otelleri ve yeni nesil sosyal alanlar\u0131 ile kendine \u00f6zg\u00fc ya\u015fam kodlar\u0131 olu\u015fturmu\u015f. Sovyetler Birli\u011fi\u2019nin da\u011f\u0131lmas\u0131 ve 1991 y\u0131l\u0131nda ba\u011f\u0131ms\u0131zl\u0131\u011f\u0131n\u0131 ilan etmesinin Tiflis\u2019te yarat\u0131c\u0131l\u0131\u011f\u0131n ve yenilik\u00e7i yakla\u015f\u0131m\u0131n s\u0131n\u0131r\u0131 olmad\u0131\u011f\u0131n\u0131 g\u00f6receksiniz.<\/p>\n<p class=\"MsoNormal\"><strong>Tiflis\u2019te Mutlaka G\u00f6r\u00fclmesi Gereken Yerler<\/strong><\/p>\n<p class=\"MsoNormal\"><strong><em>Narikala Kalesi, Svetit\u015foveli Katedrali, Sameba Katedrali, Cvari Manast\u0131r\u0131<\/em><\/strong>, mimari yap\u0131larla \u00e7evrili <em><strong>R\u00fcstaveli Bulvar\u0131<\/strong><\/em>, Mtasminda Da\u011f\u0131 tepesinde Sovyet d\u00f6nemi yap\u0131s\u0131 <em><strong>Tiflis TV Kulesi, G\u00fcrcistan Ulusal M\u00fczesi<\/strong><\/em>, modern sanat m\u00fczesi <em><strong>Moma Tbilisi<\/strong><\/em>\u00a0g\u00f6rmeniz gereken \u00e7ekim merkezleri.<\/p>\n<p class=\"MsoNormal\"><strong>Tiflis\u2019e Nas\u0131l Gidilir?<\/strong><\/p>\n<p class=\"MsoNormal\">Pegasus Hava Yollar\u0131 ile Sabiha G\u00f6k\u00e7en Havaliman\u0131\u2019ndan, Atlasglobal ve T\u00fcrk Hava Yollar\u0131 ile \u0130stanbul Havaliman\u0131\u2019ndan 2 saat 15 dakika s\u00fcren direkt u\u00e7u\u015flarla Tiflis Havaliman\u0131\u2019na u\u00e7abilirsiniz.<\/p>\n<h4 class=\"MsoNormal\"><strong>Kiev, Ukrayna<\/strong><\/h4>\n<p style=\"text-align: center;\"><strong><img loading=\"lazy\" decoding=\"async\" class=\"alignnone size-full wp-image-3431\" src=\"https:\/\/www.julesverne.com.tr\/\/wp-content\/uploads\/2020\/09\/kiev_gece.jpg\" alt=\"\" width=\"999\" height=\"666\" srcset=\"https:\/\/julesverne.com.tr\/wp-content\/uploads\/2020\/09\/kiev_gece.jpg 999w, https:\/\/julesverne.com.tr\/wp-content\/uploads\/2020\/09\/kiev_gece-500x333.jpg 500w, https:\/\/julesverne.com.tr\/wp-content\/uploads\/2020\/09\/kiev_gece-768x512.jpg 768w\" sizes=\"(max-width: 999px) 100vw, 999px\" \/><\/strong><\/p>\n<p class=\"MsoNormal\">&#8220;Kuzey&#8217;in ba\u015fkenti&#8221; s\u0131fat\u0131n\u0131 sonuna kadar hak eden Kiev sadece Ukrayna&#8217;n\u0131n ba\u015fkenti olarak de\u011fil Avrupa&#8217;n\u0131n yeni merkezi olarak da ad\u0131ndan s\u0131k\u00e7a s\u00f6z ettiriyor. B\u00fcy\u00fck g\u00f6\u00e7 yollar\u0131 \u00fczerinde bulundu\u011fu i\u00e7in tarih boyunca farkl\u0131 egemenlikler alt\u0131na giren Kiev, \u00e7ok k\u00fclt\u00fcrl\u00fcl\u00fc\u011f\u00fcn izlerini bug\u00fcn de ta\u015f\u0131yor. 70 y\u0131ll\u0131k Sovyet egemenli\u011finden sonra k\u00fcllerinden do\u011fan Kiev, 21. y\u00fczy\u0131l enerjisiyle Avrupa ringinde rakiplerinin \u00f6n\u00fcne ge\u00e7iyor. Sadece siyasi de\u011fil k\u00fclt\u00fcr, bilim, hayat tarz\u0131 olarak da Kiev\u2019i Avrupa&#8217;n\u0131n iddial\u0131 \u015fehirleri aras\u0131nda rahatl\u0131kla g\u00f6sterebiliriz.<\/p>\n<p class=\"MsoNormal\"><strong>Kiev\u2019de Mutlaka G\u00f6r\u00fclmesi Gereken Yerler<\/strong><\/p>\n<p class=\"MsoNormal\"><em><strong>Mariinsky Park, Holosiivskyi National Nature Park, Saint Sophia Cathedral, St. Michael Cathedral<\/strong><\/em>, \u015fehrin ana caddesi <em><strong>Khreshchatyk<\/strong><\/em> (Kre\u015f\u00e7atik), <em><strong>Pechersk Lavra<\/strong><\/em> (Ma\u011faralar Manast\u0131r\u0131), Ukrayna&#8217;n\u0131n en eski yerle\u015fim yerlerinden <em><strong>Podol<\/strong> <\/em>mutlaka g\u00f6r\u00fclmeli.<\/p>\n<p class=\"MsoNormal\">Gorodetsky House, 102 metre y\u00fcksekli\u011findeki <em><strong>Motherland Monument, National Museum of the History of Ukraine<\/strong> <\/em>ve <em><strong>National Art Museum of Ukraine<\/strong> <\/em>gezilecek yerler aras\u0131nda.<\/p>\n<p class=\"MsoNormal\"><strong>Kiev\u2019e Nas\u0131l Gidilir?<\/strong><\/p>\n<p class=\"MsoNormal\">Ukraine International ve T\u00fcrk Hava Yollar\u0131 ile \u0130stanbul Havaliman\u0131&#8217;ndan her g\u00fcn ger\u00e7ekle\u015fen 2 saat s\u00fcren u\u00e7u\u015flarla Kiev Borispol Havaliman\u0131&#8217;na u\u00e7abilirsiniz. Ayr\u0131ca, Pegasus Hava Yollar\u0131 ile \u0130zmir Adnan Menderes Havaliman\u0131\u2019ndan haftan\u0131n 4 g\u00fcn\u00fc ger\u00e7ekle\u015fen seferlerle Kiev Zhulyany Havaliman\u0131&#8217;na gidebilirsiniz.<\/p>\n<h4 class=\"MsoNormal\"><strong>Beyrut, L\u00fcbnan<\/strong><\/h4>\n<p style=\"text-align: center;\"><strong><img loading=\"lazy\" decoding=\"async\" class=\"alignnone size-full wp-image-3432\" src=\"https:\/\/www.julesverne.com.tr\/\/wp-content\/uploads\/2020\/09\/beyrut.jpg\" alt=\"\" width=\"999\" height=\"666\" srcset=\"https:\/\/julesverne.com.tr\/wp-content\/uploads\/2020\/09\/beyrut.jpg 999w, https:\/\/julesverne.com.tr\/wp-content\/uploads\/2020\/09\/beyrut-500x333.jpg 500w, https:\/\/julesverne.com.tr\/wp-content\/uploads\/2020\/09\/beyrut-768x512.jpg 768w\" sizes=\"(max-width: 999px) 100vw, 999px\" \/><\/strong><\/p>\n<p class=\"MsoNormal\">D\u00fcnyan\u0131n en eski \u015fehirlerinden biri olan Beyrut haf\u0131zalarda kimileri i\u00e7in &#8220;Do\u011fu&#8217;nun Paris&#8217;i&#8221;, kimileri i\u00e7in k\u00fclt\u00fcr mozai\u011fi, kimileri i\u00e7in sava\u015f\u0131n ac\u0131 hat\u0131rlar\u0131n\u0131 ya\u015fayan topraklar&#8230; Bu \u015fehirde de\u011fi\u015fmeyen tek \u015fey onlarca farkl\u0131 k\u00fclt\u00fcr\u00fcn ya\u015fanm\u0131\u015fl\u0131\u011f\u0131na bug\u00fcn de ba\u011fl\u0131 olmas\u0131 ve as\u0131l zenginli\u011fini \u00e7e\u015fitlili\u011finden almas\u0131. 1975-1990 y\u0131llar\u0131 aras\u0131nda s\u00fcren i\u00e7 sava\u015f y\u00fcz\u00fcnden fiziksel ve ruhen b\u00fcy\u00fck yaralar alan Beyrut, son 30 y\u0131lda b\u00fcy\u00fck bir umutla yaralar\u0131n\u0131 sard\u0131. \u0130kinci kez hayata tutunan Beyrut size farkl\u0131 d\u00fcnyalar\u0131n kap\u0131lar\u0131n\u0131 aralama f\u0131rsat\u0131 veriyor.<\/p>\n<p class=\"MsoNormal\"><strong>Beyrut\u2019ta Mutlaka G\u00f6r\u00fclmesi Gereken Yerler<\/strong><\/p>\n<p class=\"MsoNormal\">Beyrut&#8217;un sahil \u015feridi <em><strong>Corniche<\/strong><\/em>, sanat ve tasar\u0131m\u0131n \u015fehirdeki \u00fcss\u00fc <strong><em>Gemmayze<\/em><\/strong>, \u015fehrin en eski yerle\u015fim b\u00f6lgelerinden <em><strong>Ashrafieh<\/strong><\/em>, tasar\u0131m ve sanat\u0131n merkezi <em><strong>Mar Mikhael<\/strong><\/em>, modern ve \u00e7a\u011fda\u015f sanat m\u00fczesi<em><strong> Sursock Museum, Beirut National Museum, Mohammad Al-Amin Mosque, Al-Omari Grand Mosque<\/strong><\/em> g\u00f6r\u00fclecek yerler aras\u0131nda.<\/p>\n<p class=\"MsoNormal\"><strong>Beyrut\u2019a Nas\u0131l Gidilir?<\/strong><\/p>\n<p class=\"MsoNormal\">T\u00fcrk Hava Yollar\u0131 ve Middle East Airlines ile \u0130stanbul Havaliman\u0131&#8217;ndan haftan\u0131n her g\u00fcn\u00fc, Atlasglobal ile haftan\u0131n 3 g\u00fcn\u00fc 2 saat s\u00fcren seferlerle Beyrut Refik Hariri Havaliman\u0131&#8217;na u\u00e7abilirsiniz. Ayr\u0131ca, Pegasus Hava Yollar\u0131 ile Sabiha G\u00f6k\u00e7en Havaliman\u0131&#8217;ndan yine Beyrut Refik Hariri Havaliman\u0131&#8217;na u\u00e7mak m\u00fcmk\u00fcn.<\/p>\n<h4 class=\"MsoNormal\"><strong>Belgrad, S\u0131rbistan<\/strong><\/h4>\n<p style=\"text-align: center;\"><strong><img loading=\"lazy\" decoding=\"async\" class=\"alignnone size-full wp-image-3433\" src=\"https:\/\/www.julesverne.com.tr\/\/wp-content\/uploads\/2020\/09\/belgrad_gece.jpg\" alt=\"\" width=\"999\" height=\"666\" srcset=\"https:\/\/julesverne.com.tr\/wp-content\/uploads\/2020\/09\/belgrad_gece.jpg 999w, https:\/\/julesverne.com.tr\/wp-content\/uploads\/2020\/09\/belgrad_gece-500x333.jpg 500w, https:\/\/julesverne.com.tr\/wp-content\/uploads\/2020\/09\/belgrad_gece-768x512.jpg 768w\" sizes=\"(max-width: 999px) 100vw, 999px\" \/><\/strong><\/p>\n<p class=\"MsoNormal\">Sava ve Tuna nehirlerinin kavu\u015ftu\u011fu noktada yer alan Belgrad yemye\u015fil ormanlarla \u00e7evrili. Sert ge\u00e7mi\u015fine ra\u011fmen Belgrad, yeni d\u00fcnyas\u0131n\u0131 son y\u0131llarda d\u0131\u015f d\u00fcnya ile daha fazla payla\u015f\u0131yor. S\u0131rbistan&#8217;\u0131n \u00e7alkant\u0131l\u0131 tarihi yolculu\u011funa h\u00e2kim olmasan\u0131z bile Belgrad sokaklar\u0131nda dola\u015f\u0131rken sava\u015f sonras\u0131 in\u015fa edilen Kom\u00fcnist bloklar\u0131ndan, bombalanm\u0131\u015f binalar\u0131ndan, m\u00fcze koleksiyonlar\u0131ndan bir\u00e7ok detay ve hik\u00e2ye \u00f6\u011frenebilirsiniz. \u0130lk ba\u015fta so\u011fuk g\u00f6r\u00fcnen bu \u015fehir renkli gece hayat\u0131, geleneksel ve yenilik\u00e7i restoranlar\u0131, butikleri ve m\u00fczeleriyle kendini sevdirmeyi ba\u015far\u0131yor.<\/p>\n<p class=\"MsoNormal\"><strong>Belgrad\u2019da Mutlaka G\u00f6r\u00fclmesi Gereken Yerler<\/strong><\/p>\n<p class=\"MsoNormal\"><em><strong>Knez Mihajlova<\/strong><\/em> Caddesi, K<strong><em>alemegdan, St Sava, Katedrali, Nikola Tesla M\u00fczesi, S\u0131rbistan Ulusal M\u00fczesi<\/em><\/strong>, modern sanat m\u00fczesi <em><strong>Muzej Savremene Umetnosti<\/strong><\/em>, ge\u00e7mi\u015fte Osmanl\u0131 h\u00e2kimiyetinde olan <em><strong>Zemun B\u00f6lgesi<\/strong><\/em> mutlaka g\u00f6r\u00fclmeli.<\/p>\n<p class=\"MsoNormal\">\u015eehrin oksijen depolar\u0131 olan <em><strong>Ta\u0161majdan, Karadjordje\u2019s Park, Jevremovac Botanical Garden<\/strong><\/em>, gece hayat\u0131n\u0131n merkez \u00fcsleri <strong><em>Skadarlija<\/em><\/strong> ve <strong><em>Cetinjska<\/em><\/strong> da listede olmal\u0131.<\/p>\n<p class=\"MsoNormal\"><strong>Belgrad\u2019a Nas\u0131l Gidilir?<\/strong><\/p>\n<p class=\"MsoNormal\">T\u00fcrk Hava Yollar\u0131 ile \u0130stanbul Havaliman\u0131&#8217;ndan haftan\u0131n her g\u00fcn\u00fc 1 saat 40 dakika s\u00fcren u\u00e7u\u015flarla Belgrad Nikola Tesla Havaliman\u0131&#8217;na u\u00e7abilirsiniz. Haftan\u0131n belirli g\u00fcnlerinde ise Atlasglobal ile \u0130stanbul Havaliman\u0131&#8217;ndan, Pegasus Hava Yollar\u0131 ile Sabiha G\u00f6k\u00e7en Havaliman\u0131&#8217;ndan seferler mevcut.<\/p>\n<p class=\"MsoNormal\" style=\"text-align: center;\"><strong>Size \u00f6zel seyahat program\u0131 ve rezervasyon i\u00e7in:<\/strong><br \/>\n<a href=\"mailto:travel@julesverne.com.tr\" target=\"_blank\" rel=\"noopener noreferrer\"><strong>travel@julesverne.com.tr<\/strong><\/a><br \/>\n<strong>0212 266 6363 &#8211; 179<\/strong><\/p>\n","protected":false},"excerpt":{"rendered":"<p>T&uuml;rk vatanda\u015flar\u0131ndan vize talep etmeyen &uuml;lkeler aras\u0131ndan ke\u015ffetmek i&ccedil;in b&uuml;y&uuml;k heyecan duydu\u011fumuz destinasyonlar\u0131 sizin i&ccedil;in se&ccedil;tik. Evrak i\u015fleriyle u\u011fra\u015fmadan, akl\u0131n\u0131za d&uuml;\u015ft&uuml;\u011f&uuml; an biletinizi al\u0131p vizesiz seyahat edebilece\u011finiz \u015fehirler&#8230;<\/p>\n","protected":false},"author":1,"featured_media":2161,"comment_status":"closed","ping_status":"closed","sticky":false,"template":"","format":"standard","meta":{"inline_featured_image":false,"footnotes":""},"categories":[38,1,39],"tags":[],"acf":[],"yoast_head":"<!-- This site is optimized with the Yoast SEO plugin v22.3 - https:\/\/yoast.com\/wordpress\/plugins\/seo\/ -->\n<title>Son Dakika Karar Verip Gidebilece\u011finiz Vizesiz \u015eehirler - JULES VERNE BUSINESS MICE TRAVEL<\/title>\n<meta name=\"robots\" content=\"index, follow, max-snippet:-1, max-image-preview:large, max-video-preview:-1\" \/>\n<link rel=\"canonical\" href=\"https:\/\/julesverne.com.tr\/travel-blog\/son-dakika-karar-verip-gidebileceginiz-vizesiz-sehirler\/\" \/>\n<meta property=\"og:locale\" content=\"en_US\" \/>\n<meta property=\"og:type\" content=\"article\" \/>\n<meta property=\"og:title\" content=\"Son Dakika Karar Verip Gidebilece\u011finiz Vizesiz \u015eehirler - JULES VERNE BUSINESS MICE TRAVEL\" \/>\n<meta property=\"og:description\" content=\"T&uuml;rk vatanda\u015flar\u0131ndan vize talep etmeyen &uuml;lkeler aras\u0131ndan ke\u015ffetmek i&ccedil;in b&uuml;y&uuml;k heyecan duydu\u011fumuz destinasyonlar\u0131 sizin i&ccedil;in se&ccedil;tik. Evrak i\u015fleriyle u\u011fra\u015fmadan, akl\u0131n\u0131za d&uuml;\u015ft&uuml;\u011f&uuml; an biletinizi al\u0131p vizesiz seyahat edebilece\u011finiz \u015fehirler...\" \/>\n<meta property=\"og:url\" content=\"https:\/\/julesverne.com.tr\/travel-blog\/son-dakika-karar-verip-gidebileceginiz-vizesiz-sehirler\/\" \/>\n<meta property=\"og:site_name\" content=\"JULES VERNE BUSINESS MICE TRAVEL\" \/>\n<meta property=\"article:publisher\" content=\"https:\/\/www.facebook.com\/JulesVerneBusinessMiceTravel\/\" \/>\n<meta property=\"article:published_time\" content=\"2019-08-28T15:04:21+00:00\" \/>\n<meta property=\"article:modified_time\" content=\"2021-09-13T08:44:02+00:00\" \/>\n<meta property=\"og:image\" content=\"https:\/\/julesverne.com.tr\/wp-content\/uploads\/2020\/09\/belgrad.jpg\" \/>\n\t<meta property=\"og:image:width\" content=\"999\" \/>\n\t<meta property=\"og:image:height\" content=\"666\" \/>\n\t<meta property=\"og:image:type\" content=\"image\/jpeg\" \/>\n<meta name=\"author\" content=\"fikirman\" \/>\n<meta name=\"twitter:card\" content=\"summary_large_image\" \/>\n<meta name=\"twitter:creator\" content=\"@JV_BusinessMice\" \/>\n<meta name=\"twitter:site\" content=\"@JV_BusinessMice\" \/>\n<meta name=\"twitter:label1\" content=\"Written by\" \/>\n\t<meta name=\"twitter:data1\" content=\"fikirman\" \/>\n\t<meta name=\"twitter:label2\" content=\"Est. reading time\" \/>\n\t<meta name=\"twitter:data2\" content=\"5 minutes\" \/>\n<script type=\"application\/ld+json\" class=\"yoast-schema-graph\">{\"@context\":\"https:\/\/schema.org\",\"@graph\":[{\"@type\":\"Article\",\"@id\":\"https:\/\/julesverne.com.tr\/travel-blog\/son-dakika-karar-verip-gidebileceginiz-vizesiz-sehirler\/#article\",\"isPartOf\":{\"@id\":\"https:\/\/julesverne.com.tr\/travel-blog\/son-dakika-karar-verip-gidebileceginiz-vizesiz-sehirler\/\"},\"author\":{\"name\":\"fikirman\",\"@id\":\"https:\/\/julesverne.com.tr\/#\/schema\/person\/f4eb0514ae455538644c31b99a466fdb\"},\"headline\":\"Son Dakika Karar Verip Gidebilece\u011finiz Vizesiz \u015eehirler\",\"datePublished\":\"2019-08-28T15:04:21+00:00\",\"dateModified\":\"2021-09-13T08:44:02+00:00\",\"mainEntityOfPage\":{\"@id\":\"https:\/\/julesverne.com.tr\/travel-blog\/son-dakika-karar-verip-gidebileceginiz-vizesiz-sehirler\/\"},\"wordCount\":1022,\"publisher\":{\"@id\":\"https:\/\/julesverne.com.tr\/#organization\"},\"image\":{\"@id\":\"https:\/\/julesverne.com.tr\/travel-blog\/son-dakika-karar-verip-gidebileceginiz-vizesiz-sehirler\/#primaryimage\"},\"thumbnailUrl\":\"https:\/\/julesverne.com.tr\/wp-content\/uploads\/2020\/09\/belgrad.jpg\",\"articleSection\":[\"\u0130lham Veren Destinasyonlar\",\"Blog\",\"Nereye Gitsek?\"],\"inLanguage\":\"en-US\"},{\"@type\":\"WebPage\",\"@id\":\"https:\/\/julesverne.com.tr\/travel-blog\/son-dakika-karar-verip-gidebileceginiz-vizesiz-sehirler\/\",\"url\":\"https:\/\/julesverne.com.tr\/travel-blog\/son-dakika-karar-verip-gidebileceginiz-vizesiz-sehirler\/\",\"name\":\"Son Dakika Karar Verip Gidebilece\u011finiz Vizesiz \u015eehirler - JULES VERNE BUSINESS MICE TRAVEL\",\"isPartOf\":{\"@id\":\"https:\/\/julesverne.com.tr\/#website\"},\"primaryImageOfPage\":{\"@id\":\"https:\/\/julesverne.com.tr\/travel-blog\/son-dakika-karar-verip-gidebileceginiz-vizesiz-sehirler\/#primaryimage\"},\"image\":{\"@id\":\"https:\/\/julesverne.com.tr\/travel-blog\/son-dakika-karar-verip-gidebileceginiz-vizesiz-sehirler\/#primaryimage\"},\"thumbnailUrl\":\"https:\/\/julesverne.com.tr\/wp-content\/uploads\/2020\/09\/belgrad.jpg\",\"datePublished\":\"2019-08-28T15:04:21+00:00\",\"dateModified\":\"2021-09-13T08:44:02+00:00\",\"breadcrumb\":{\"@id\":\"https:\/\/julesverne.com.tr\/travel-blog\/son-dakika-karar-verip-gidebileceginiz-vizesiz-sehirler\/#breadcrumb\"},\"inLanguage\":\"en-US\",\"potentialAction\":[{\"@type\":\"ReadAction\",\"target\":[\"https:\/\/julesverne.com.tr\/travel-blog\/son-dakika-karar-verip-gidebileceginiz-vizesiz-sehirler\/\"]}]},{\"@type\":\"ImageObject\",\"inLanguage\":\"en-US\",\"@id\":\"https:\/\/julesverne.com.tr\/travel-blog\/son-dakika-karar-verip-gidebileceginiz-vizesiz-sehirler\/#primaryimage\",\"url\":\"https:\/\/julesverne.com.tr\/wp-content\/uploads\/2020\/09\/belgrad.jpg\",\"contentUrl\":\"https:\/\/julesverne.com.tr\/wp-content\/uploads\/2020\/09\/belgrad.jpg\",\"width\":999,\"height\":666},{\"@type\":\"BreadcrumbList\",\"@id\":\"https:\/\/julesverne.com.tr\/travel-blog\/son-dakika-karar-verip-gidebileceginiz-vizesiz-sehirler\/#breadcrumb\",\"itemListElement\":[{\"@type\":\"ListItem\",\"position\":1,\"name\":\"Anasayfa\",\"item\":\"https:\/\/julesverne.com.tr\/\"},{\"@type\":\"ListItem\",\"position\":2,\"name\":\"Son Dakika Karar Verip Gidebilece\u011finiz Vizesiz \u015eehirler\"}]},{\"@type\":\"WebSite\",\"@id\":\"https:\/\/julesverne.com.tr\/#website\",\"url\":\"https:\/\/julesverne.com.tr\/\",\"name\":\"JULES VERNE BUSINESS MICE TRAVEL\",\"description\":\"\",\"publisher\":{\"@id\":\"https:\/\/julesverne.com.tr\/#organization\"},\"potentialAction\":[{\"@type\":\"SearchAction\",\"target\":{\"@type\":\"EntryPoint\",\"urlTemplate\":\"https:\/\/julesverne.com.tr\/?s={search_term_string}\"},\"query-input\":\"required name=search_term_string\"}],\"inLanguage\":\"en-US\"},{\"@type\":\"Organization\",\"@id\":\"https:\/\/julesverne.com.tr\/#organization\",\"name\":\"JULES VERNE BUSINESS MICE TRAVEL\",\"url\":\"https:\/\/julesverne.com.tr\/\",\"logo\":{\"@type\":\"ImageObject\",\"inLanguage\":\"en-US\",\"@id\":\"https:\/\/julesverne.com.tr\/#\/schema\/logo\/image\/\",\"url\":\"https:\/\/julesverne.com.tr\/wp-content\/uploads\/2020\/09\/jv-bmt-logo.png\",\"contentUrl\":\"https:\/\/julesverne.com.tr\/wp-content\/uploads\/2020\/09\/jv-bmt-logo.png\",\"width\":110,\"height\":81,\"caption\":\"JULES VERNE BUSINESS MICE TRAVEL\"},\"image\":{\"@id\":\"https:\/\/julesverne.com.tr\/#\/schema\/logo\/image\/\"},\"sameAs\":[\"https:\/\/www.facebook.com\/JulesVerneBusinessMiceTravel\/\",\"https:\/\/twitter.com\/JV_BusinessMice\",\"https:\/\/www.instagram.com\/julesvernebusinessmicetravel\/\",\"https:\/\/www.linkedin.com\/company\/julesvernebusinessmicetravel\/\",\"https:\/\/www.youtube.com\/channel\/UCAwdsmbZ6tFhu1tea6pkpiw\"]},{\"@type\":\"Person\",\"@id\":\"https:\/\/julesverne.com.tr\/#\/schema\/person\/f4eb0514ae455538644c31b99a466fdb\",\"name\":\"fikirman\",\"sameAs\":[\"http:\/\/advermedya.net\/julesverne\"],\"url\":\"https:\/\/julesverne.com.tr\/en\/author\/fikirman\/\"}]}<\/script>\n<!-- \/ Yoast SEO plugin. -->","yoast_head_json":{"title":"Son Dakika Karar Verip Gidebilece\u011finiz Vizesiz \u015eehirler - JULES VERNE BUSINESS MICE TRAVEL","robots":{"index":"index","follow":"follow","max-snippet":"max-snippet:-1","max-image-preview":"max-image-preview:large","max-video-preview":"max-video-preview:-1"},"canonical":"https:\/\/julesverne.com.tr\/travel-blog\/son-dakika-karar-verip-gidebileceginiz-vizesiz-sehirler\/","og_locale":"en_US","og_type":"article","og_title":"Son Dakika Karar Verip Gidebilece\u011finiz Vizesiz \u015eehirler - JULES VERNE BUSINESS MICE TRAVEL","og_description":"T&uuml;rk vatanda\u015flar\u0131ndan vize talep etmeyen &uuml;lkeler aras\u0131ndan ke\u015ffetmek i&ccedil;in b&uuml;y&uuml;k heyecan duydu\u011fumuz destinasyonlar\u0131 sizin i&ccedil;in se&ccedil;tik. Evrak i\u015fleriyle u\u011fra\u015fmadan, akl\u0131n\u0131za d&uuml;\u015ft&uuml;\u011f&uuml; an biletinizi al\u0131p vizesiz seyahat edebilece\u011finiz \u015fehirler...","og_url":"https:\/\/julesverne.com.tr\/travel-blog\/son-dakika-karar-verip-gidebileceginiz-vizesiz-sehirler\/","og_site_name":"JULES VERNE BUSINESS MICE TRAVEL","article_publisher":"https:\/\/www.facebook.com\/JulesVerneBusinessMiceTravel\/","article_published_time":"2019-08-28T15:04:21+00:00","article_modified_time":"2021-09-13T08:44:02+00:00","og_image":[{"width":999,"height":666,"url":"https:\/\/julesverne.com.tr\/wp-content\/uploads\/2020\/09\/belgrad.jpg","type":"image\/jpeg"}],"author":"fikirman","twitter_card":"summary_large_image","twitter_creator":"@JV_BusinessMice","twitter_site":"@JV_BusinessMice","twitter_misc":{"Written by":"fikirman","Est. reading time":"5 minutes"},"schema":{"@context":"https:\/\/schema.org","@graph":[{"@type":"Article","@id":"https:\/\/julesverne.com.tr\/travel-blog\/son-dakika-karar-verip-gidebileceginiz-vizesiz-sehirler\/#article","isPartOf":{"@id":"https:\/\/julesverne.com.tr\/travel-blog\/son-dakika-karar-verip-gidebileceginiz-vizesiz-sehirler\/"},"author":{"name":"fikirman","@id":"https:\/\/julesverne.com.tr\/#\/schema\/person\/f4eb0514ae455538644c31b99a466fdb"},"headline":"Son Dakika Karar Verip Gidebilece\u011finiz Vizesiz \u015eehirler","datePublished":"2019-08-28T15:04:21+00:00","dateModified":"2021-09-13T08:44:02+00:00","mainEntityOfPage":{"@id":"https:\/\/julesverne.com.tr\/travel-blog\/son-dakika-karar-verip-gidebileceginiz-vizesiz-sehirler\/"},"wordCount":1022,"publisher":{"@id":"https:\/\/julesverne.com.tr\/#organization"},"image":{"@id":"https:\/\/julesverne.com.tr\/travel-blog\/son-dakika-karar-verip-gidebileceginiz-vizesiz-sehirler\/#primaryimage"},"thumbnailUrl":"https:\/\/julesverne.com.tr\/wp-content\/uploads\/2020\/09\/belgrad.jpg","articleSection":["\u0130lham Veren Destinasyonlar","Blog","Nereye Gitsek?"],"inLanguage":"en-US"},{"@type":"WebPage","@id":"https:\/\/julesverne.com.tr\/travel-blog\/son-dakika-karar-verip-gidebileceginiz-vizesiz-sehirler\/","url":"https:\/\/julesverne.com.tr\/travel-blog\/son-dakika-karar-verip-gidebileceginiz-vizesiz-sehirler\/","name":"Son Dakika Karar Verip Gidebilece\u011finiz Vizesiz \u015eehirler - JULES VERNE BUSINESS MICE TRAVEL","isPartOf":{"@id":"https:\/\/julesverne.com.tr\/#website"},"primaryImageOfPage":{"@id":"https:\/\/julesverne.com.tr\/travel-blog\/son-dakika-karar-verip-gidebileceginiz-vizesiz-sehirler\/#primaryimage"},"image":{"@id":"https:\/\/julesverne.com.tr\/travel-blog\/son-dakika-karar-verip-gidebileceginiz-vizesiz-sehirler\/#primaryimage"},"thumbnailUrl":"https:\/\/julesverne.com.tr\/wp-content\/uploads\/2020\/09\/belgrad.jpg","datePublished":"2019-08-28T15:04:21+00:00","dateModified":"2021-09-13T08:44:02+00:00","breadcrumb":{"@id":"https:\/\/julesverne.com.tr\/travel-blog\/son-dakika-karar-verip-gidebileceginiz-vizesiz-sehirler\/#breadcrumb"},"inLanguage":"en-US","potentialAction":[{"@type":"ReadAction","target":["https:\/\/julesverne.com.tr\/travel-blog\/son-dakika-karar-verip-gidebileceginiz-vizesiz-sehirler\/"]}]},{"@type":"ImageObject","inLanguage":"en-US","@id":"https:\/\/julesverne.com.tr\/travel-blog\/son-dakika-karar-verip-gidebileceginiz-vizesiz-sehirler\/#primaryimage","url":"https:\/\/julesverne.com.tr\/wp-content\/uploads\/2020\/09\/belgrad.jpg","contentUrl":"https:\/\/julesverne.com.tr\/wp-content\/uploads\/2020\/09\/belgrad.jpg","width":999,"height":666},{"@type":"BreadcrumbList","@id":"https:\/\/julesverne.com.tr\/travel-blog\/son-dakika-karar-verip-gidebileceginiz-vizesiz-sehirler\/#breadcrumb","itemListElement":[{"@type":"ListItem","position":1,"name":"Anasayfa","item":"https:\/\/julesverne.com.tr\/"},{"@type":"ListItem","position":2,"name":"Son Dakika Karar Verip Gidebilece\u011finiz Vizesiz \u015eehirler"}]},{"@type":"WebSite","@id":"https:\/\/julesverne.com.tr\/#website","url":"https:\/\/julesverne.com.tr\/","name":"JULES VERNE BUSINESS MICE TRAVEL","description":"","publisher":{"@id":"https:\/\/julesverne.com.tr\/#organization"},"potentialAction":[{"@type":"SearchAction","target":{"@type":"EntryPoint","urlTemplate":"https:\/\/julesverne.com.tr\/?s={search_term_string}"},"query-input":"required name=search_term_string"}],"inLanguage":"en-US"},{"@type":"Organization","@id":"https:\/\/julesverne.com.tr\/#organization","name":"JULES VERNE BUSINESS MICE TRAVEL","url":"https:\/\/julesverne.com.tr\/","logo":{"@type":"ImageObject","inLanguage":"en-US","@id":"https:\/\/julesverne.com.tr\/#\/schema\/logo\/image\/","url":"https:\/\/julesverne.com.tr\/wp-content\/uploads\/2020\/09\/jv-bmt-logo.png","contentUrl":"https:\/\/julesverne.com.tr\/wp-content\/uploads\/2020\/09\/jv-bmt-logo.png","width":110,"height":81,"caption":"JULES VERNE BUSINESS MICE TRAVEL"},"image":{"@id":"https:\/\/julesverne.com.tr\/#\/schema\/logo\/image\/"},"sameAs":["https:\/\/www.facebook.com\/JulesVerneBusinessMiceTravel\/","https:\/\/twitter.com\/JV_BusinessMice","https:\/\/www.instagram.com\/julesvernebusinessmicetravel\/","https:\/\/www.linkedin.com\/company\/julesvernebusinessmicetravel\/","https:\/\/www.youtube.com\/channel\/UCAwdsmbZ6tFhu1tea6pkpiw"]},{"@type":"Person","@id":"https:\/\/julesverne.com.tr\/#\/schema\/person\/f4eb0514ae455538644c31b99a466fdb","name":"fikirman","sameAs":["http:\/\/advermedya.net\/julesverne"],"url":"https:\/\/julesverne.com.tr\/en\/author\/fikirman\/"}]}},"_links":{"self":[{"href":"https:\/\/julesverne.com.tr\/en\/wp-json\/wp\/v2\/posts\/2160"}],"collection":[{"href":"https:\/\/julesverne.com.tr\/en\/wp-json\/wp\/v2\/posts"}],"about":[{"href":"https:\/\/julesverne.com.tr\/en\/wp-json\/wp\/v2\/types\/post"}],"author":[{"embeddable":true,"href":"https:\/\/julesverne.com.tr\/en\/wp-json\/wp\/v2\/users\/1"}],"replies":[{"embeddable":true,"href":"https:\/\/julesverne.com.tr\/en\/wp-json\/wp\/v2\/comments?post=2160"}],"version-history":[{"count":0,"href":"https:\/\/julesverne.com.tr\/en\/wp-json\/wp\/v2\/posts\/2160\/revisions"}],"wp:featuredmedia":[{"embeddable":true,"href":"https:\/\/julesverne.com.tr\/en\/wp-json\/wp\/v2\/media\/2161"}],"wp:attachment":[{"href":"https:\/\/julesverne.com.tr\/en\/wp-json\/wp\/v2\/media?parent=2160"}],"wp:term":[{"taxonomy":"category","embeddable":true,"href":"https:\/\/julesverne.com.tr\/en\/wp-json\/wp\/v2\/categories?post=2160"},{"taxonomy":"post_tag","embeddable":true,"href":"https:\/\/julesverne.com.tr\/en\/wp-json\/wp\/v2\/tags?post=2160"}],"curies":[{"name":"wp","href":"https:\/\/api.w.org\/{rel}","templated":true}]}}