{"id":2152,"date":"2019-08-06T15:30:12","date_gmt":"2019-08-06T12:30:12","guid":{"rendered":"https:\/\/www.julesverne.com.tr\/\/blog\/henuz-turist-akinina-ugramamis-avrupa-sehirleri\/"},"modified":"2021-09-13T11:41:55","modified_gmt":"2021-09-13T08:41:55","slug":"henuz-turist-akinina-ugramamis-avrupa-sehirleri","status":"publish","type":"post","link":"https:\/\/julesverne.com.tr\/en\/travel-blog\/henuz-turist-akinina-ugramamis-avrupa-sehirleri\/","title":{"rendered":"Hen\u00fcz Turist Ak\u0131n\u0131na U\u011framam\u0131\u015f Avrupa \u015eehirleri"},"content":{"rendered":"<p style=\"text-align: center;\"><img loading=\"lazy\" decoding=\"async\" class=\"alignnone size-full wp-image-3461\" src=\"https:\/\/www.julesverne.com.tr\/\/wp-content\/uploads\/2020\/09\/malmo-1.jpg\" alt=\"malmoisvec\" width=\"999\" height=\"666\" srcset=\"https:\/\/julesverne.com.tr\/wp-content\/uploads\/2020\/09\/malmo-1.jpg 999w, https:\/\/julesverne.com.tr\/wp-content\/uploads\/2020\/09\/malmo-1-500x333.jpg 500w, https:\/\/julesverne.com.tr\/wp-content\/uploads\/2020\/09\/malmo-1-768x512.jpg 768w\" sizes=\"(max-width: 999px) 100vw, 999px\" \/><\/p>\n<p>Londra, Venedik, Paris, Barcelona&#8230; G\u00f6zde seyahat destinasyonlar\u0131n\u0131 bu kez unutun! Avrupa&#8217;n\u0131n g\u00f6z ard\u0131 edilen, az bilinen \u015fehirlerini bizimle ke\u015ffetmeye ne dersiniz? Fransa&#8217;dan \u0130talya&#8217;ya, Hollanda&#8217;dan \u0130sve\u00e7&#8217;e hen\u00fcz turist ak\u0131n\u0131na u\u011framam\u0131\u015f Avrupa \u015fehirleri&#8230;<\/p>\n<p><strong>Lille, Fransa<\/strong><\/p>\n<p style=\"text-align: center;\"><strong><img loading=\"lazy\" decoding=\"async\" class=\"alignnone size-full wp-image-3462\" src=\"https:\/\/www.julesverne.com.tr\/\/wp-content\/uploads\/2020\/09\/lille-1.jpg\" alt=\"lille\" width=\"999\" height=\"666\" srcset=\"https:\/\/julesverne.com.tr\/wp-content\/uploads\/2020\/09\/lille-1.jpg 999w, https:\/\/julesverne.com.tr\/wp-content\/uploads\/2020\/09\/lille-1-500x333.jpg 500w, https:\/\/julesverne.com.tr\/wp-content\/uploads\/2020\/09\/lille-1-768x512.jpg 768w\" sizes=\"(max-width: 999px) 100vw, 999px\" \/><\/strong><\/p>\n<p>Bel\u00e7ika s\u0131n\u0131r\u0131na yak\u0131n konumlanan Lille, Fransa&#8217;n\u0131n d\u00f6rd\u00fcnc\u00fc b\u00fcy\u00fck \u015fehri asl\u0131nda. Paris, Lyon ve Marsilya&#8217;n\u0131n ard\u0131ndan gelen \u015fehir son y\u0131llarda gezginlerin radar\u0131na girmeye ba\u015flad\u0131. Sanayi b\u00f6lgesi olarak bilinen ancak ge\u00e7ti\u011fimiz y\u0131llardaki d\u00f6n\u00fc\u015f\u00fcm\u00fc ile etkileyici bir k\u00fclt\u00fcr merkezi haline gelen Lille sizi \u015fa\u015f\u0131rtmay\u0131 ba\u015far\u0131yor.<\/p>\n<p>2020 y\u0131l\u0131nda D\u00fcnya Tasar\u0131m Ba\u015fkenti unvan\u0131n\u0131 alacak olan \u015fehir tasar\u0131m, sanat ve mutfak sahnelerinde s\u00f6z sahibi olmaya ba\u015flad\u0131. Co\u011frafik konumu sayesinde Bel\u00e7ika mutfak k\u00fclt\u00fcr\u00fcnden de esinlenen Lille mutfa\u011f\u0131 Bel\u00e7ika-Frans\u0131z lezzetlerini harmanl\u0131yor.<\/p>\n<p><strong>Noto-Sicilya, \u0130talya<\/strong><\/p>\n<p style=\"text-align: center;\"><strong><img loading=\"lazy\" decoding=\"async\" class=\"alignnone size-full wp-image-3463\" src=\"https:\/\/www.julesverne.com.tr\/\/wp-content\/uploads\/2020\/09\/noto.jpg\" alt=\"notosicily\" width=\"999\" height=\"666\" srcset=\"https:\/\/julesverne.com.tr\/wp-content\/uploads\/2020\/09\/noto.jpg 999w, https:\/\/julesverne.com.tr\/wp-content\/uploads\/2020\/09\/noto-500x333.jpg 500w, https:\/\/julesverne.com.tr\/wp-content\/uploads\/2020\/09\/noto-768x512.jpg 768w\" sizes=\"(max-width: 999px) 100vw, 999px\" \/><\/strong><\/p>\n<p>Sicilya&#8217;n\u0131n g\u00fcneydo\u011fusunda yer alan Noto, Sicilya rotas\u0131nda yeni yeni ke\u015ffedilen b\u00fcy\u00fcleyici bir \u015fehir. Ge\u00e7ti\u011fimiz y\u0131llara kadar Sicilya seyahatlerinde gezginlerin bile g\u00f6zden ka\u00e7\u0131rd\u0131\u011f\u0131 bu tarihi \u015fehir adeta bir a\u00e7\u0131k hava m\u00fczesi. 1693 y\u0131l\u0131ndaki \u015fiddetli deprem ile yerle bir olan Noto, ya\u015fanan felaketin ard\u0131ndan Barok mimaride yeniden in\u015fa edilmi\u015f.<\/p>\n<p>G\u00fcn\u00fcm\u00fcze kadar ilk g\u00fcnk\u00fc gibi gelen Barok yap\u0131lar\u0131yla sizi zaman yolculu\u011funa \u00e7\u0131karan \u015fehir ayn\u0131 zamanda adan\u0131n en iyi yemek adreslerini bar\u0131nd\u0131r\u0131yor. 2002 y\u0131l\u0131nda UNESCO D\u00fcnya Miras\u0131 Listesi\u2019ne al\u0131nan Noto&#8217;ya yaz aylar\u0131nda gidiyorsan\u0131z \u015fehrin civar\u0131ndaki e\u015fsiz plajlar\u0131 da g\u00f6z ard\u0131 etmeyin.<\/p>\n<p><strong>Maastricht, Hollanda<\/strong><\/p>\n<p style=\"text-align: center;\"><strong><img loading=\"lazy\" decoding=\"async\" class=\"alignnone size-full wp-image-3464\" src=\"https:\/\/www.julesverne.com.tr\/\/wp-content\/uploads\/2020\/09\/Maastricht.jpg\" alt=\"Maastricht\" width=\"999\" height=\"616\" srcset=\"https:\/\/julesverne.com.tr\/wp-content\/uploads\/2020\/09\/Maastricht.jpg 999w, https:\/\/julesverne.com.tr\/wp-content\/uploads\/2020\/09\/Maastricht-500x308.jpg 500w, https:\/\/julesverne.com.tr\/wp-content\/uploads\/2020\/09\/Maastricht-768x474.jpg 768w\" sizes=\"(max-width: 999px) 100vw, 999px\" \/><\/strong><\/p>\n<p>Amsterdam kadar g\u00fczel ancak turist kalabal\u0131\u011f\u0131ndan ar\u0131nm\u0131\u015f bir Hollanda \u015fehri ar\u0131yorsan\u0131z sizi Bel\u00e7ika s\u0131n\u0131r\u0131ndaki Maastricht&#8217;e alal\u0131m. \u00dcniversite \u015fehri olan Maastricht \u00e7ok uluslu pop\u00fclasyonu ve canl\u0131l\u0131\u011f\u0131 ile kendini sevdirmeyi ba\u015far\u0131yor. Avrupal\u0131 gezginler i\u00e7in yeni bir soluk noktas\u0131 olan \u015fehir kale otelleri, butikleri, sanat galerileri ve \u015fa\u015f\u0131rt\u0131c\u0131 derece ba\u015far\u0131l\u0131 olan yemek sahnesi ile y\u00fckseli\u015fte! Hem trend hem lokal olan bu Hollanda \u015fehrini herkes ke\u015ffetmeden \u00f6nce siz ziyaret edin.<\/p>\n<p><strong>Freiburg im Breisgau, Almanya<\/strong><\/p>\n<p style=\"text-align: center;\"><strong><img loading=\"lazy\" decoding=\"async\" class=\"alignnone size-full wp-image-3465\" src=\"https:\/\/www.julesverne.com.tr\/\/wp-content\/uploads\/2020\/09\/freiburg.jpg\" alt=\"FreiburgimBreisgau\" width=\"1000\" height=\"750\" srcset=\"https:\/\/julesverne.com.tr\/wp-content\/uploads\/2020\/09\/freiburg.jpg 1000w, https:\/\/julesverne.com.tr\/wp-content\/uploads\/2020\/09\/freiburg-500x375.jpg 500w, https:\/\/julesverne.com.tr\/wp-content\/uploads\/2020\/09\/freiburg-768x576.jpg 768w\" sizes=\"(max-width: 1000px) 100vw, 1000px\" \/><\/strong><\/p>\n<p>Avrupa&#8217;n\u0131n bir di\u011fer canl\u0131 \u00fcniversite \u015fehri de Freiburg im Breisgau&#8230; Almanya&#8217;n\u0131n me\u015fhur Kara Orman b\u00f6lgesinin k\u0131y\u0131s\u0131nda yer alan \u015fehir masal kitaplar\u0131nda okuduklar\u0131n\u0131z\u0131 ger\u00e7e\u011fe d\u00f6n\u00fc\u015ft\u00fcr\u00fcyor desek abartm\u0131\u015f say\u0131lmay\u0131z. Fransa s\u0131n\u0131r\u0131nda yer alan ve Basel&#8217;den 50 dakikal\u0131k bir araba yolculu\u011fu uzakl\u0131\u011f\u0131nda yer alan Freiburg im Breisgau konumu sayesinde hem Fransa&#8217;dan hem \u0130svi\u00e7re&#8217;den hem de Almanya&#8217;dan ziyaret\u00e7i a\u011f\u0131rl\u0131yor.<\/p>\n<p>K\u00fc\u00e7\u00fck bir kasaba cazibesini kaybetmeyen \u015fehir k\u00fclt\u00fcrel etkinlikleri, restoranlar\u0131, haval\u0131 kafeleri, sanat galerileri ve m\u00fczeleriyle s\u0131n\u0131rl\u0131 y\u00fcz\u00f6l\u00e7\u00fcm\u00fcne bir\u00e7ok \u015fey s\u0131\u011fd\u0131r\u0131yor.<\/p>\n<p><strong>Santiago de Compostela,\u00a0 \u0130spanya<\/strong><\/p>\n<p style=\"text-align: center;\"><strong><img loading=\"lazy\" decoding=\"async\" class=\"alignnone size-full wp-image-3466\" src=\"https:\/\/www.julesverne.com.tr\/\/wp-content\/uploads\/2020\/09\/Santiago_de_Compostela.jpg\" alt=\"SantiagodeCompostela\" width=\"999\" height=\"749\" srcset=\"https:\/\/julesverne.com.tr\/wp-content\/uploads\/2020\/09\/Santiago_de_Compostela.jpg 999w, https:\/\/julesverne.com.tr\/wp-content\/uploads\/2020\/09\/Santiago_de_Compostela-500x375.jpg 500w, https:\/\/julesverne.com.tr\/wp-content\/uploads\/2020\/09\/Santiago_de_Compostela-768x576.jpg 768w\" sizes=\"(max-width: 999px) 100vw, 999px\" \/><\/strong><\/p>\n<p>Orta \u00c7a\u011f&#8217;dan beri kutsal bir \u015fehir olan Santiago de Compostela, Avrupa&#8217;n\u0131n \u00fcnl\u00fc ha\u00e7 b\u00f6lgelerinden biri. \u0130spanya\u2019n\u0131n bat\u0131 ucunda yer alan ve Porto&#8217;dan sadece birka\u00e7 saat uzakl\u0131ktaki bu kutsal \u015fehir bir ha\u00e7 noktas\u0131 olman\u0131n da \u00f6tesine ge\u00e7iyor. Tarihi ve modern k\u00fclt\u00fcrel noktalar\u0131, g\u00f6rkemli katedrali, ta\u015f d\u00f6\u015femeli sokaklar\u0131yla etkileyici bir atmosfere sahip.<\/p>\n<p>Deniz mahsulleri \u00e7e\u015fitlili\u011fi ve zenginli\u011fiyle bilinen Gali\u00e7ya B\u00f6lgesi&#8217;nde Santiago de Compostela da mutfak lezzetleriyle sizi \u015f\u0131mart\u0131yor. Bu lezzetlerin yan\u0131nda Gali\u00e7ya&#8217;n\u0131n \u00fcnl\u00fc beyaz \u015farab\u0131n\u0131 de denemenizi tavsiye ederiz.<\/p>\n<p><strong>Cenova, \u0130talya<\/strong><\/p>\n<p style=\"text-align: center;\"><strong><img loading=\"lazy\" decoding=\"async\" class=\"alignnone size-full wp-image-3467\" src=\"https:\/\/www.julesverne.com.tr\/\/wp-content\/uploads\/2020\/09\/genoa.jpg\" alt=\"cenova\" width=\"900\" height=\"598\" srcset=\"https:\/\/julesverne.com.tr\/wp-content\/uploads\/2020\/09\/genoa.jpg 900w, https:\/\/julesverne.com.tr\/wp-content\/uploads\/2020\/09\/genoa-500x332.jpg 500w, https:\/\/julesverne.com.tr\/wp-content\/uploads\/2020\/09\/genoa-768x510.jpg 768w\" sizes=\"(max-width: 900px) 100vw, 900px\" \/><\/strong><\/p>\n<p>Orta \u00c7a\u011f&#8217;da d\u00fcnyan\u0131n en g\u00fc\u00e7l\u00fc ticaret limanlar\u0131ndan biri olan Cenova&#8217;y\u0131 gezerken ge\u00e7mi\u015f as\u0131rlardaki bu g\u00fcc\u00fcn\u00fc mimarisinde g\u00f6rebilirsiniz. \u015eehir kap\u0131lar\u0131, saray binalar\u0131 ve l\u00fcks i\u00e7 mek\u00e2nlar\u0131 d\u00f6nemin zenginli\u011fini bug\u00fcn de ya\u015fat\u0131yor.<\/p>\n<p>\u0130talya&#8217;daki pek \u00e7ok \u015fehir, en iyi mutfa\u011fa sahip oldu\u011funu iddia etmekle hakl\u0131 olabilir ama Cenova&#8217;n\u0131n elinde g\u00fc\u00e7l\u00fc bir koz var: Pesto ve focaccia&#8217;n\u0131n do\u011fum yeri olan \u015fehir, liman kenti olman\u0131n avantaj\u0131yla deniz mahsull\u00fc lezzetleriyle bir ad\u0131m \u00f6nde. Tabi, Genoa&#8217;n\u0131n g\u00fcn\u00fcm\u00fczdeki \u00f6nemini bir de \u015f\u00f6yle \u00f6zetleyelim: Ligurya k\u0131y\u0131lar\u0131ndaki kasabalara ve Cinque Terre&#8217;ye birka\u00e7 saat uzakl\u0131kta yer alan \u015fehir k\u0131y\u0131 rotan\u0131z\u0131n ba\u015flang\u0131\u00e7 veya biti\u015f noktas\u0131 oluyor.<\/p>\n<p><strong>Malm\u00f6, \u0130sve\u00e7<\/strong><\/p>\n<p style=\"text-align: center;\"><strong><img loading=\"lazy\" decoding=\"async\" class=\"alignnone size-full wp-image-3468\" src=\"https:\/\/www.julesverne.com.tr\/\/wp-content\/uploads\/2020\/09\/malmo_city.jpg\" alt=\"malmo\" width=\"999\" height=\"623\" srcset=\"https:\/\/julesverne.com.tr\/wp-content\/uploads\/2020\/09\/malmo_city.jpg 999w, https:\/\/julesverne.com.tr\/wp-content\/uploads\/2020\/09\/malmo_city-500x312.jpg 500w, https:\/\/julesverne.com.tr\/wp-content\/uploads\/2020\/09\/malmo_city-768x479.jpg 768w\" sizes=\"(max-width: 999px) 100vw, 999px\" \/><\/strong><\/p>\n<p>Kopenhag ile aras\u0131na Oresund Bo\u011faz\u0131&#8217;n\u0131n girdi\u011fi Malm\u00f6 eski bir sanayi merkezi. Stockholm ve G\u00f6teborg ke\u015fifleri aras\u0131nda g\u00f6z ard\u0131 edilse de k\u0131y\u0131 \u015fehri olarak \u0130sve\u00e7&#8217;in en ilgin\u00e7 \u015fehirlerinden biri Malm\u00f6&#8230;<\/p>\n<p>Eski ve yeninin bulu\u015ftu\u011fu, farkl\u0131 k\u00fclt\u00fcrlerin bir arada var olabildi\u011fi \u015fehrin sokaklar\u0131nda dola\u015f\u0131rken buran\u0131n d\u00fc\u015f\u00fcnd\u00fc\u011f\u00fcn\u00fczden daha dinamik ve \u00e7ok k\u00fclt\u00fcrl\u00fc bir yer oldu\u011funa kanaat getireceksiniz. \u0130skandinavya&#8217;da turist kalabal\u0131\u011f\u0131ndan ka\u00e7\u0131nmak isteyen gezginler i\u00e7in bir ka\u00e7\u0131\u015f noktas\u0131 olan Malm\u00f6&#8217;y\u00fc gezerken \u0130skandinav ya\u015fam tarz\u0131 hakk\u0131nda kafan\u0131zda olu\u015fan kal\u0131plar bir bir y\u0131k\u0131lacak!<\/p>\n<p style=\"text-align: center;\"><strong>Detayl\u0131 bilgi ve rezervasyon i\u00e7in:<\/strong><br \/>\n<a href=\"mailto:travel@julesverne.com.tr\" target=\"_blank\" rel=\"noopener noreferrer\"><strong>travel@julesverne.com.tr<\/strong><\/a><br \/>\n<strong>0212 266 6363 &#8211; 137<\/strong><\/p>\n","protected":false},"excerpt":{"rendered":"<p>&nbsp;Avrupa&#8217;n\u0131n g&ouml;z ard\u0131 edilen, az bilinen \u015fehirlerini bizimle ke\u015ffetmeye ne dersiniz? hen&uuml;z turist ak\u0131n\u0131na u\u011framam\u0131\u015f Avrupa \u015fehirleri&#8230;&nbsp;<\/p>\n","protected":false},"author":1,"featured_media":2153,"comment_status":"closed","ping_status":"closed","sticky":false,"template":"","format":"standard","meta":{"inline_featured_image":false,"footnotes":""},"categories":[38,1,39],"tags":[],"acf":[],"yoast_head":"<!-- This site is optimized with the Yoast SEO plugin v22.3 - https:\/\/yoast.com\/wordpress\/plugins\/seo\/ -->\n<title>Hen\u00fcz Turist Ak\u0131n\u0131na U\u011framam\u0131\u015f Avrupa \u015eehirleri - JULES VERNE BUSINESS MICE TRAVEL<\/title>\n<meta name=\"robots\" content=\"index, follow, max-snippet:-1, max-image-preview:large, max-video-preview:-1\" \/>\n<link rel=\"canonical\" href=\"https:\/\/julesverne.com.tr\/travel-blog\/henuz-turist-akinina-ugramamis-avrupa-sehirleri\/\" \/>\n<meta property=\"og:locale\" content=\"en_US\" \/>\n<meta property=\"og:type\" content=\"article\" \/>\n<meta property=\"og:title\" content=\"Hen\u00fcz Turist Ak\u0131n\u0131na U\u011framam\u0131\u015f Avrupa \u015eehirleri - JULES VERNE BUSINESS MICE TRAVEL\" \/>\n<meta property=\"og:description\" content=\"&nbsp;Avrupa&#039;n\u0131n g&ouml;z ard\u0131 edilen, az bilinen \u015fehirlerini bizimle ke\u015ffetmeye ne dersiniz? hen&uuml;z turist ak\u0131n\u0131na u\u011framam\u0131\u015f Avrupa \u015fehirleri...&nbsp;\" \/>\n<meta property=\"og:url\" content=\"https:\/\/julesverne.com.tr\/travel-blog\/henuz-turist-akinina-ugramamis-avrupa-sehirleri\/\" \/>\n<meta property=\"og:site_name\" content=\"JULES VERNE BUSINESS MICE TRAVEL\" \/>\n<meta property=\"article:publisher\" content=\"https:\/\/www.facebook.com\/JulesVerneBusinessMiceTravel\/\" \/>\n<meta property=\"article:published_time\" content=\"2019-08-06T12:30:12+00:00\" \/>\n<meta property=\"article:modified_time\" content=\"2021-09-13T08:41:55+00:00\" \/>\n<meta property=\"og:image\" content=\"https:\/\/julesverne.com.tr\/wp-content\/uploads\/2020\/09\/malmo.jpg\" \/>\n\t<meta property=\"og:image:width\" content=\"999\" \/>\n\t<meta property=\"og:image:height\" content=\"666\" \/>\n\t<meta property=\"og:image:type\" content=\"image\/jpeg\" \/>\n<meta name=\"author\" content=\"fikirman\" \/>\n<meta name=\"twitter:card\" content=\"summary_large_image\" \/>\n<meta name=\"twitter:creator\" content=\"@JV_BusinessMice\" \/>\n<meta name=\"twitter:site\" content=\"@JV_BusinessMice\" \/>\n<meta name=\"twitter:label1\" content=\"Written by\" \/>\n\t<meta name=\"twitter:data1\" content=\"fikirman\" \/>\n\t<meta name=\"twitter:label2\" content=\"Est. reading time\" \/>\n\t<meta name=\"twitter:data2\" content=\"4 minutes\" \/>\n<script type=\"application\/ld+json\" class=\"yoast-schema-graph\">{\"@context\":\"https:\/\/schema.org\",\"@graph\":[{\"@type\":\"Article\",\"@id\":\"https:\/\/julesverne.com.tr\/travel-blog\/henuz-turist-akinina-ugramamis-avrupa-sehirleri\/#article\",\"isPartOf\":{\"@id\":\"https:\/\/julesverne.com.tr\/travel-blog\/henuz-turist-akinina-ugramamis-avrupa-sehirleri\/\"},\"author\":{\"name\":\"fikirman\",\"@id\":\"https:\/\/julesverne.com.tr\/#\/schema\/person\/f4eb0514ae455538644c31b99a466fdb\"},\"headline\":\"Hen\u00fcz Turist Ak\u0131n\u0131na U\u011framam\u0131\u015f Avrupa \u015eehirleri\",\"datePublished\":\"2019-08-06T12:30:12+00:00\",\"dateModified\":\"2021-09-13T08:41:55+00:00\",\"mainEntityOfPage\":{\"@id\":\"https:\/\/julesverne.com.tr\/travel-blog\/henuz-turist-akinina-ugramamis-avrupa-sehirleri\/\"},\"wordCount\":872,\"publisher\":{\"@id\":\"https:\/\/julesverne.com.tr\/#organization\"},\"image\":{\"@id\":\"https:\/\/julesverne.com.tr\/travel-blog\/henuz-turist-akinina-ugramamis-avrupa-sehirleri\/#primaryimage\"},\"thumbnailUrl\":\"https:\/\/julesverne.com.tr\/wp-content\/uploads\/2020\/09\/malmo.jpg\",\"articleSection\":[\"\u0130lham Veren Destinasyonlar\",\"Blog\",\"Nereye Gitsek?\"],\"inLanguage\":\"en-US\"},{\"@type\":\"WebPage\",\"@id\":\"https:\/\/julesverne.com.tr\/travel-blog\/henuz-turist-akinina-ugramamis-avrupa-sehirleri\/\",\"url\":\"https:\/\/julesverne.com.tr\/travel-blog\/henuz-turist-akinina-ugramamis-avrupa-sehirleri\/\",\"name\":\"Hen\u00fcz Turist Ak\u0131n\u0131na U\u011framam\u0131\u015f Avrupa \u015eehirleri - JULES VERNE BUSINESS MICE TRAVEL\",\"isPartOf\":{\"@id\":\"https:\/\/julesverne.com.tr\/#website\"},\"primaryImageOfPage\":{\"@id\":\"https:\/\/julesverne.com.tr\/travel-blog\/henuz-turist-akinina-ugramamis-avrupa-sehirleri\/#primaryimage\"},\"image\":{\"@id\":\"https:\/\/julesverne.com.tr\/travel-blog\/henuz-turist-akinina-ugramamis-avrupa-sehirleri\/#primaryimage\"},\"thumbnailUrl\":\"https:\/\/julesverne.com.tr\/wp-content\/uploads\/2020\/09\/malmo.jpg\",\"datePublished\":\"2019-08-06T12:30:12+00:00\",\"dateModified\":\"2021-09-13T08:41:55+00:00\",\"breadcrumb\":{\"@id\":\"https:\/\/julesverne.com.tr\/travel-blog\/henuz-turist-akinina-ugramamis-avrupa-sehirleri\/#breadcrumb\"},\"inLanguage\":\"en-US\",\"potentialAction\":[{\"@type\":\"ReadAction\",\"target\":[\"https:\/\/julesverne.com.tr\/travel-blog\/henuz-turist-akinina-ugramamis-avrupa-sehirleri\/\"]}]},{\"@type\":\"ImageObject\",\"inLanguage\":\"en-US\",\"@id\":\"https:\/\/julesverne.com.tr\/travel-blog\/henuz-turist-akinina-ugramamis-avrupa-sehirleri\/#primaryimage\",\"url\":\"https:\/\/julesverne.com.tr\/wp-content\/uploads\/2020\/09\/malmo.jpg\",\"contentUrl\":\"https:\/\/julesverne.com.tr\/wp-content\/uploads\/2020\/09\/malmo.jpg\",\"width\":999,\"height\":666},{\"@type\":\"BreadcrumbList\",\"@id\":\"https:\/\/julesverne.com.tr\/travel-blog\/henuz-turist-akinina-ugramamis-avrupa-sehirleri\/#breadcrumb\",\"itemListElement\":[{\"@type\":\"ListItem\",\"position\":1,\"name\":\"Anasayfa\",\"item\":\"https:\/\/julesverne.com.tr\/\"},{\"@type\":\"ListItem\",\"position\":2,\"name\":\"Hen\u00fcz Turist Ak\u0131n\u0131na U\u011framam\u0131\u015f Avrupa \u015eehirleri\"}]},{\"@type\":\"WebSite\",\"@id\":\"https:\/\/julesverne.com.tr\/#website\",\"url\":\"https:\/\/julesverne.com.tr\/\",\"name\":\"JULES VERNE BUSINESS MICE TRAVEL\",\"description\":\"\",\"publisher\":{\"@id\":\"https:\/\/julesverne.com.tr\/#organization\"},\"potentialAction\":[{\"@type\":\"SearchAction\",\"target\":{\"@type\":\"EntryPoint\",\"urlTemplate\":\"https:\/\/julesverne.com.tr\/?s={search_term_string}\"},\"query-input\":\"required name=search_term_string\"}],\"inLanguage\":\"en-US\"},{\"@type\":\"Organization\",\"@id\":\"https:\/\/julesverne.com.tr\/#organization\",\"name\":\"JULES VERNE BUSINESS MICE TRAVEL\",\"url\":\"https:\/\/julesverne.com.tr\/\",\"logo\":{\"@type\":\"ImageObject\",\"inLanguage\":\"en-US\",\"@id\":\"https:\/\/julesverne.com.tr\/#\/schema\/logo\/image\/\",\"url\":\"https:\/\/julesverne.com.tr\/wp-content\/uploads\/2020\/09\/jv-bmt-logo.png\",\"contentUrl\":\"https:\/\/julesverne.com.tr\/wp-content\/uploads\/2020\/09\/jv-bmt-logo.png\",\"width\":110,\"height\":81,\"caption\":\"JULES VERNE BUSINESS MICE TRAVEL\"},\"image\":{\"@id\":\"https:\/\/julesverne.com.tr\/#\/schema\/logo\/image\/\"},\"sameAs\":[\"https:\/\/www.facebook.com\/JulesVerneBusinessMiceTravel\/\",\"https:\/\/twitter.com\/JV_BusinessMice\",\"https:\/\/www.instagram.com\/julesvernebusinessmicetravel\/\",\"https:\/\/www.linkedin.com\/company\/julesvernebusinessmicetravel\/\",\"https:\/\/www.youtube.com\/channel\/UCAwdsmbZ6tFhu1tea6pkpiw\"]},{\"@type\":\"Person\",\"@id\":\"https:\/\/julesverne.com.tr\/#\/schema\/person\/f4eb0514ae455538644c31b99a466fdb\",\"name\":\"fikirman\",\"sameAs\":[\"http:\/\/advermedya.net\/julesverne\"],\"url\":\"https:\/\/julesverne.com.tr\/en\/author\/fikirman\/\"}]}<\/script>\n<!-- \/ Yoast SEO plugin. -->","yoast_head_json":{"title":"Hen\u00fcz Turist Ak\u0131n\u0131na U\u011framam\u0131\u015f Avrupa \u015eehirleri - JULES VERNE BUSINESS MICE TRAVEL","robots":{"index":"index","follow":"follow","max-snippet":"max-snippet:-1","max-image-preview":"max-image-preview:large","max-video-preview":"max-video-preview:-1"},"canonical":"https:\/\/julesverne.com.tr\/travel-blog\/henuz-turist-akinina-ugramamis-avrupa-sehirleri\/","og_locale":"en_US","og_type":"article","og_title":"Hen\u00fcz Turist Ak\u0131n\u0131na U\u011framam\u0131\u015f Avrupa \u015eehirleri - JULES VERNE BUSINESS MICE TRAVEL","og_description":"&nbsp;Avrupa'n\u0131n g&ouml;z ard\u0131 edilen, az bilinen \u015fehirlerini bizimle ke\u015ffetmeye ne dersiniz? hen&uuml;z turist ak\u0131n\u0131na u\u011framam\u0131\u015f Avrupa \u015fehirleri...&nbsp;","og_url":"https:\/\/julesverne.com.tr\/travel-blog\/henuz-turist-akinina-ugramamis-avrupa-sehirleri\/","og_site_name":"JULES VERNE BUSINESS MICE TRAVEL","article_publisher":"https:\/\/www.facebook.com\/JulesVerneBusinessMiceTravel\/","article_published_time":"2019-08-06T12:30:12+00:00","article_modified_time":"2021-09-13T08:41:55+00:00","og_image":[{"width":999,"height":666,"url":"https:\/\/julesverne.com.tr\/wp-content\/uploads\/2020\/09\/malmo.jpg","type":"image\/jpeg"}],"author":"fikirman","twitter_card":"summary_large_image","twitter_creator":"@JV_BusinessMice","twitter_site":"@JV_BusinessMice","twitter_misc":{"Written by":"fikirman","Est. reading time":"4 minutes"},"schema":{"@context":"https:\/\/schema.org","@graph":[{"@type":"Article","@id":"https:\/\/julesverne.com.tr\/travel-blog\/henuz-turist-akinina-ugramamis-avrupa-sehirleri\/#article","isPartOf":{"@id":"https:\/\/julesverne.com.tr\/travel-blog\/henuz-turist-akinina-ugramamis-avrupa-sehirleri\/"},"author":{"name":"fikirman","@id":"https:\/\/julesverne.com.tr\/#\/schema\/person\/f4eb0514ae455538644c31b99a466fdb"},"headline":"Hen\u00fcz Turist Ak\u0131n\u0131na U\u011framam\u0131\u015f Avrupa \u015eehirleri","datePublished":"2019-08-06T12:30:12+00:00","dateModified":"2021-09-13T08:41:55+00:00","mainEntityOfPage":{"@id":"https:\/\/julesverne.com.tr\/travel-blog\/henuz-turist-akinina-ugramamis-avrupa-sehirleri\/"},"wordCount":872,"publisher":{"@id":"https:\/\/julesverne.com.tr\/#organization"},"image":{"@id":"https:\/\/julesverne.com.tr\/travel-blog\/henuz-turist-akinina-ugramamis-avrupa-sehirleri\/#primaryimage"},"thumbnailUrl":"https:\/\/julesverne.com.tr\/wp-content\/uploads\/2020\/09\/malmo.jpg","articleSection":["\u0130lham Veren Destinasyonlar","Blog","Nereye Gitsek?"],"inLanguage":"en-US"},{"@type":"WebPage","@id":"https:\/\/julesverne.com.tr\/travel-blog\/henuz-turist-akinina-ugramamis-avrupa-sehirleri\/","url":"https:\/\/julesverne.com.tr\/travel-blog\/henuz-turist-akinina-ugramamis-avrupa-sehirleri\/","name":"Hen\u00fcz Turist Ak\u0131n\u0131na U\u011framam\u0131\u015f Avrupa \u015eehirleri - JULES VERNE BUSINESS MICE TRAVEL","isPartOf":{"@id":"https:\/\/julesverne.com.tr\/#website"},"primaryImageOfPage":{"@id":"https:\/\/julesverne.com.tr\/travel-blog\/henuz-turist-akinina-ugramamis-avrupa-sehirleri\/#primaryimage"},"image":{"@id":"https:\/\/julesverne.com.tr\/travel-blog\/henuz-turist-akinina-ugramamis-avrupa-sehirleri\/#primaryimage"},"thumbnailUrl":"https:\/\/julesverne.com.tr\/wp-content\/uploads\/2020\/09\/malmo.jpg","datePublished":"2019-08-06T12:30:12+00:00","dateModified":"2021-09-13T08:41:55+00:00","breadcrumb":{"@id":"https:\/\/julesverne.com.tr\/travel-blog\/henuz-turist-akinina-ugramamis-avrupa-sehirleri\/#breadcrumb"},"inLanguage":"en-US","potentialAction":[{"@type":"ReadAction","target":["https:\/\/julesverne.com.tr\/travel-blog\/henuz-turist-akinina-ugramamis-avrupa-sehirleri\/"]}]},{"@type":"ImageObject","inLanguage":"en-US","@id":"https:\/\/julesverne.com.tr\/travel-blog\/henuz-turist-akinina-ugramamis-avrupa-sehirleri\/#primaryimage","url":"https:\/\/julesverne.com.tr\/wp-content\/uploads\/2020\/09\/malmo.jpg","contentUrl":"https:\/\/julesverne.com.tr\/wp-content\/uploads\/2020\/09\/malmo.jpg","width":999,"height":666},{"@type":"BreadcrumbList","@id":"https:\/\/julesverne.com.tr\/travel-blog\/henuz-turist-akinina-ugramamis-avrupa-sehirleri\/#breadcrumb","itemListElement":[{"@type":"ListItem","position":1,"name":"Anasayfa","item":"https:\/\/julesverne.com.tr\/"},{"@type":"ListItem","position":2,"name":"Hen\u00fcz Turist Ak\u0131n\u0131na U\u011framam\u0131\u015f Avrupa \u015eehirleri"}]},{"@type":"WebSite","@id":"https:\/\/julesverne.com.tr\/#website","url":"https:\/\/julesverne.com.tr\/","name":"JULES VERNE BUSINESS MICE TRAVEL","description":"","publisher":{"@id":"https:\/\/julesverne.com.tr\/#organization"},"potentialAction":[{"@type":"SearchAction","target":{"@type":"EntryPoint","urlTemplate":"https:\/\/julesverne.com.tr\/?s={search_term_string}"},"query-input":"required name=search_term_string"}],"inLanguage":"en-US"},{"@type":"Organization","@id":"https:\/\/julesverne.com.tr\/#organization","name":"JULES VERNE BUSINESS MICE TRAVEL","url":"https:\/\/julesverne.com.tr\/","logo":{"@type":"ImageObject","inLanguage":"en-US","@id":"https:\/\/julesverne.com.tr\/#\/schema\/logo\/image\/","url":"https:\/\/julesverne.com.tr\/wp-content\/uploads\/2020\/09\/jv-bmt-logo.png","contentUrl":"https:\/\/julesverne.com.tr\/wp-content\/uploads\/2020\/09\/jv-bmt-logo.png","width":110,"height":81,"caption":"JULES VERNE BUSINESS MICE TRAVEL"},"image":{"@id":"https:\/\/julesverne.com.tr\/#\/schema\/logo\/image\/"},"sameAs":["https:\/\/www.facebook.com\/JulesVerneBusinessMiceTravel\/","https:\/\/twitter.com\/JV_BusinessMice","https:\/\/www.instagram.com\/julesvernebusinessmicetravel\/","https:\/\/www.linkedin.com\/company\/julesvernebusinessmicetravel\/","https:\/\/www.youtube.com\/channel\/UCAwdsmbZ6tFhu1tea6pkpiw"]},{"@type":"Person","@id":"https:\/\/julesverne.com.tr\/#\/schema\/person\/f4eb0514ae455538644c31b99a466fdb","name":"fikirman","sameAs":["http:\/\/advermedya.net\/julesverne"],"url":"https:\/\/julesverne.com.tr\/en\/author\/fikirman\/"}]}},"_links":{"self":[{"href":"https:\/\/julesverne.com.tr\/en\/wp-json\/wp\/v2\/posts\/2152"}],"collection":[{"href":"https:\/\/julesverne.com.tr\/en\/wp-json\/wp\/v2\/posts"}],"about":[{"href":"https:\/\/julesverne.com.tr\/en\/wp-json\/wp\/v2\/types\/post"}],"author":[{"embeddable":true,"href":"https:\/\/julesverne.com.tr\/en\/wp-json\/wp\/v2\/users\/1"}],"replies":[{"embeddable":true,"href":"https:\/\/julesverne.com.tr\/en\/wp-json\/wp\/v2\/comments?post=2152"}],"version-history":[{"count":0,"href":"https:\/\/julesverne.com.tr\/en\/wp-json\/wp\/v2\/posts\/2152\/revisions"}],"wp:featuredmedia":[{"embeddable":true,"href":"https:\/\/julesverne.com.tr\/en\/wp-json\/wp\/v2\/media\/2153"}],"wp:attachment":[{"href":"https:\/\/julesverne.com.tr\/en\/wp-json\/wp\/v2\/media?parent=2152"}],"wp:term":[{"taxonomy":"category","embeddable":true,"href":"https:\/\/julesverne.com.tr\/en\/wp-json\/wp\/v2\/categories?post=2152"},{"taxonomy":"post_tag","embeddable":true,"href":"https:\/\/julesverne.com.tr\/en\/wp-json\/wp\/v2\/tags?post=2152"}],"curies":[{"name":"wp","href":"https:\/\/api.w.org\/{rel}","templated":true}]}}