{"id":2148,"date":"2019-07-30T17:30:37","date_gmt":"2019-07-30T14:30:37","guid":{"rendered":"https:\/\/www.julesverne.com.tr\/\/blog\/bayram-tatili-icin-son-dakika-onerileri\/"},"modified":"2021-09-13T11:40:27","modified_gmt":"2021-09-13T08:40:27","slug":"bayram-tatili-icin-son-dakika-onerileri","status":"publish","type":"post","link":"https:\/\/julesverne.com.tr\/en\/travel-blog\/bayram-tatili-icin-son-dakika-onerileri\/","title":{"rendered":"Bayram Tatili \u0130\u00e7in Son Dakika \u00d6nerileri"},"content":{"rendered":"<p style=\"text-align: center;\"><img loading=\"lazy\" decoding=\"async\" class=\"alignnone size-full wp-image-3477\" src=\"https:\/\/www.julesverne.com.tr\/\/wp-content\/uploads\/2020\/09\/cascais-1.jpg\" alt=\"\" width=\"900\" height=\"600\" srcset=\"https:\/\/julesverne.com.tr\/wp-content\/uploads\/2020\/09\/cascais-1.jpg 900w, https:\/\/julesverne.com.tr\/wp-content\/uploads\/2020\/09\/cascais-1-500x333.jpg 500w, https:\/\/julesverne.com.tr\/wp-content\/uploads\/2020\/09\/cascais-1-768x512.jpg 768w\" sizes=\"(max-width: 900px) 100vw, 900px\" \/><\/p>\n<p>Kurban Bayram\u0131 tatiline az bir zaman kald\u0131. Hen\u00fcz bayram tatili program\u0131 yapmad\u0131ysan\u0131z ve nereye gidece\u011finize karar veremiyorsan\u0131z bu yaz\u0131 tam size g\u00f6re. Sizin i\u00e7in hem yurt i\u00e7i hem de yurt d\u0131\u015f\u0131 bayram \u00f6nerileri haz\u0131rlad\u0131k. Vize talep etmeyen Yunan Adalar\u0131\u2019ndan Bozburun\u2019a, Karada\u011f\u2019dan Fo\u00e7a\u2019ya son dakika bayram \u00f6nerileri\u2026<\/p>\n<p><strong>Yak\u0131n Yunan Adalar\u0131\u00a0<\/strong><\/p>\n<p><strong><img loading=\"lazy\" decoding=\"async\" class=\"alignnone size-full wp-image-3478\" src=\"https:\/\/www.julesverne.com.tr\/\/wp-content\/uploads\/2020\/09\/Kokkari_Village_Samos.jpg\" alt=\"\" width=\"900\" height=\"581\" srcset=\"https:\/\/julesverne.com.tr\/wp-content\/uploads\/2020\/09\/Kokkari_Village_Samos.jpg 900w, https:\/\/julesverne.com.tr\/wp-content\/uploads\/2020\/09\/Kokkari_Village_Samos-500x323.jpg 500w, https:\/\/julesverne.com.tr\/wp-content\/uploads\/2020\/09\/Kokkari_Village_Samos-768x496.jpg 768w\" sizes=\"(max-width: 900px) 100vw, 900px\" \/><\/strong><\/p>\n<p>Yunanistan kap\u0131 vizesi uygulamas\u0131 olan adalar bu bayram tatilinde kurtar\u0131c\u0131 rotan\u0131z olabilir. Seyahatinizden 2-3 g\u00fcn \u00f6nce gerekli belgeleri vererek kap\u0131 vizenizi alman\u0131z m\u00fcmk\u00fcn. Kap\u0131 vizesi Rodos, Kos, Midilli, Meis, Sak\u0131z ve Samos adalar\u0131nda ge\u00e7erli. Bodrum\u2019dan Rodos ve Kos adalar\u0131na, K\u00fc\u00e7\u00fckkuyu ve Ayval\u0131k\u2019tan Midilli\u2019ye, Ka\u015f\u2019tan Meis\u2019e, \u00c7e\u015fme\u2019den Sak\u0131z\u2019a, Ku\u015fadas\u0131\u2019ndan Samos Adas\u0131\u2019na gidebilirsiniz.<\/p>\n<p>Her biri kendine has \u00f6zelliklerini bar\u0131nd\u0131ran Yunan adalar\u0131 karakteristik ada mimarisi, turkuaz mavi sularla kapl\u0131 plajlar, taze ve leziz yemekler sunuyor. Siz de kendinize en uygun Yunan adas\u0131n\u0131 se\u00e7ebilirsiniz.<\/p>\n<p><strong>Karada\u011f<\/strong><\/p>\n<p style=\"text-align: center;\"><strong><img loading=\"lazy\" decoding=\"async\" class=\"alignnone size-full wp-image-3479\" src=\"https:\/\/www.julesverne.com.tr\/\/wp-content\/uploads\/2020\/09\/perast.jpg\" alt=\"\" width=\"900\" height=\"600\" srcset=\"https:\/\/julesverne.com.tr\/wp-content\/uploads\/2020\/09\/perast.jpg 900w, https:\/\/julesverne.com.tr\/wp-content\/uploads\/2020\/09\/perast-500x333.jpg 500w, https:\/\/julesverne.com.tr\/wp-content\/uploads\/2020\/09\/perast-768x512.jpg 768w\" sizes=\"(max-width: 900px) 100vw, 900px\" \/><\/strong><\/p>\n<p>Adriyatik k\u0131y\u0131lar\u0131, do\u011fall\u0131\u011f\u0131 ve tarihiyle h\u0131zla b\u00fcy\u00fcyen bir \u015f\u00f6hrete sahip. Son y\u0131llarda ilginin yo\u011fun olarak hissedildi\u011fi Karada\u011f artan pop\u00fclerli\u011fine ra\u011fmen kendi gibi olmaya devam ediyor. Tabi, T\u00fcrkiye ile anla\u015fmas\u0131 gere\u011fi vize talep etmiyor olu\u015fu b\u00fcy\u00fck avantaj! Engebeli da\u011f manzaralar\u0131 ve Adriyatik&#8217;in b\u00fcy\u00fcleyici mavi sular\u0131yla kapl\u0131 sahil \u015feridiyle bu \u00fclkenin cazibesine hayran olmamak imk\u00e2ns\u0131z. Hem do\u011fal g\u00fczellikleri hem de tarihi \u00f6geleriyle size k\u00fclt\u00fcr-deniz tatilini bir arada sunuyor. Kotor, Perast, Herceg Novi, Tivat, Budva, Sveti Stefan rotas\u0131yla Karada\u011f&#8217;\u0131 ke\u015ffe \u00e7\u0131kabilirsiniz. Zaman\u0131n\u0131z varsa g\u00fcneye do\u011fru devam edip Ulcinj&#8217;e (\u00dclg\u00fcn) kadar inebilirsiniz.<\/p>\n<p><strong>Lisbon \u2013 Cascais, Portekiz<\/strong><\/p>\n<p style=\"text-align: center;\"><strong><img loading=\"lazy\" decoding=\"async\" class=\"alignnone size-full wp-image-3480\" src=\"https:\/\/www.julesverne.com.tr\/\/wp-content\/uploads\/2020\/09\/belem-lisbon.jpg\" alt=\"\" width=\"779\" height=\"482\" srcset=\"https:\/\/julesverne.com.tr\/wp-content\/uploads\/2020\/09\/belem-lisbon.jpg 779w, https:\/\/julesverne.com.tr\/wp-content\/uploads\/2020\/09\/belem-lisbon-500x309.jpg 500w, https:\/\/julesverne.com.tr\/wp-content\/uploads\/2020\/09\/belem-lisbon-768x475.jpg 768w\" sizes=\"(max-width: 779px) 100vw, 779px\" \/><\/strong><\/p>\n<p>K\u00fclt\u00fcr, tarih, deniz bir arada olsun, bu bayram bol bol g\u00fczel Portekiz lezzetleri tadal\u0131m diyorsan\u0131z rotan\u0131z\u0131 Lizbon ve Cascais\u2019e \u00e7evirin.\u00a0 Sarp tepelere yay\u0131lan Lizbon k\u00fclt\u00fcr, \u00e7e\u015fitlilik ve g\u00fczellikle \u00e7evrilen bir k\u0131y\u0131 \u015fehri. Kendine has karakteri olan semtleri ise Lizbon\u2019u farkl\u0131 k\u0131l\u0131yor. Ba\u015fkent olmas\u0131na ra\u011fmen acelesi olmayan, sizi germeyen Lizbon sokaklar\u0131nda kaybolun.<\/p>\n<p>Lizbon&#8217;dan 30-40 dakikal\u0131k s\u00fcr\u00fc\u015f mesafesindeki Cascais ise &#8220;Portekiz&#8217;in St. Tropez&#8217;i.&#8221;<br \/>\n\u00dclkenin zengin sahil kasabalar\u0131ndan biri olan Cascais&#8217;de dola\u015f\u0131rken bu fark\u0131 hissedebilirsiniz. 30 km uzunlu\u011fundaki sahil \u015feridi, y\u00fczlerce y\u0131ll\u0131k d\u00fckk\u00e2nlar\u0131, sanat dolu Museum Quarter b\u00f6lgesi, taze deniz mahsulleri, sokak sanat\u0131 ile ke\u015ffettik\u00e7e daha da g\u00fczelle\u015fen yerlerden. \u015eans\u0131n\u0131z varsa cumhurba\u015fkan\u0131 Marcelo Rebelo de Sousa&#8217;y\u0131 mavi \u015fortuyla sabah denize girerken veya sokakta y\u00fcr\u00fcy\u00fc\u015f yaparken g\u00f6rebilirsiniz.<\/p>\n<p><strong>Nehir Gezisi (Rhine &amp; Main Nehirleri)<\/strong><\/p>\n<p style=\"text-align: center;\"><strong><img loading=\"lazy\" decoding=\"async\" class=\"alignnone size-full wp-image-3481\" src=\"https:\/\/www.julesverne.com.tr\/\/wp-content\/uploads\/2020\/09\/river_cruise.jpg\" alt=\"\" width=\"921\" height=\"539\" srcset=\"https:\/\/julesverne.com.tr\/wp-content\/uploads\/2020\/09\/river_cruise.jpg 921w, https:\/\/julesverne.com.tr\/wp-content\/uploads\/2020\/09\/river_cruise-500x293.jpg 500w, https:\/\/julesverne.com.tr\/wp-content\/uploads\/2020\/09\/river_cruise-768x449.jpg 768w\" sizes=\"(max-width: 921px) 100vw, 921px\" \/><\/strong><\/p>\n<p>Bu bayram tatilinde hi\u00e7 yorulmadan bir\u00e7ok yeri birden ke\u015ffetmek istiyorsan\u0131z sizi g\u00fczel bir nehir gezisi mutlu edecektir! \u0130svi\u00e7re Alp&#8217;lerinde do\u011fup Fransa, Almanya ve Hollanda&#8217;dan ge\u00e7erek Kuzey Denizi&#8217;ne d\u00f6k\u00fclen Rhine Nehri ile Tuna ve Rhine nehirlerini birbirine ba\u011flayan Main Nehri \u00fczerinde dolu dolu bir seyahat deneyimi ya\u015fayabilirsiniz. Amsterdam, K\u00f6ln, D\u00fcsseldorf, Koblenz, R\u00fcdesheim, W\u00fcrzburg, Bamberg, N\u00fcrnberg rotas\u0131 ile Hollanda ve Almanya&#8217;n\u0131n en g\u00fczel \u015fehirlerini gezip, Almanya&#8217;n\u0131n kartpostal tad\u0131ndaki kasabalar\u0131n\u0131 g\u00f6rmek i\u00e7in valizinizi haz\u0131rlamaya ba\u015flay\u0131n!<\/p>\n<p><strong>Fo\u00e7a \u2013 Mordo\u011fan \u2013 Karaburun\u00a0<\/strong><\/p>\n<p style=\"text-align: center;\"><strong><img loading=\"lazy\" decoding=\"async\" class=\"alignnone size-full wp-image-3482\" src=\"https:\/\/www.julesverne.com.tr\/\/wp-content\/uploads\/2020\/09\/foca-1.jpg\" alt=\"\" width=\"900\" height=\"600\" srcset=\"https:\/\/julesverne.com.tr\/wp-content\/uploads\/2020\/09\/foca-1.jpg 900w, https:\/\/julesverne.com.tr\/wp-content\/uploads\/2020\/09\/foca-1-500x333.jpg 500w, https:\/\/julesverne.com.tr\/wp-content\/uploads\/2020\/09\/foca-1-768x512.jpg 768w\" sizes=\"(max-width: 900px) 100vw, 900px\" \/><\/strong><\/p>\n<p>\u00c7e\u015fme ve Bodrum hareketlili\u011finden ziyade sakin sayfiye ruhunu koruyan Ege sahillerini mi tercih ediyorsunuz? O zaman direksiyonu Ege\u2019nin en g\u00fczel kasabalar\u0131 Fo\u00e7a ve Mordo\u011fan\u2019a \u00e7evirin.<\/p>\n<p>\u0130yonya d\u00f6neminde ad\u0131 Phokaia olan, tarih boyunca B\u00fcy\u00fck \u0130skender, Romal\u0131lar ve Osmanl\u0131 taraf\u0131ndan sahiplenilen Fo\u00e7a i\u00e7inizdeki &#8220;eski yazl\u0131k&#8221; \u00f6zlemini gideriyor. Eski ve Yeni Fo\u00e7a olarak ayr\u0131lan kasabada, Yeni Fo\u00e7a daha \u00e7ok yazl\u0131k sitelerin oldu\u011fu bir b\u00f6lge. Eski Fo\u00e7a ise ta\u015f evleri, darac\u0131k sokaklar\u0131, sahil \u015feridi, y\u0131llard\u0131r ayn\u0131 s\u0131cakl\u0131kta var olmaya devam eden lokantalar\u0131yla zamana meydan okuyor.<\/p>\n<p>Bir\u00e7ok g\u00fczel koy ve plaj\u0131 olan Fo\u00e7a&#8217;dan dilerseniz hafta sonlar\u0131 ger\u00e7ekle\u015fen vapur seferleriyle Mordo\u011fan&#8217;a ge\u00e7ebilir veya arac\u0131n\u0131zla Karaburun&#8217;a gidebilirsiniz.\u015eehir g\u00fcr\u00fclt\u00fcs\u00fcn\u00fcn anlam\u0131n\u0131 yitirdi\u011fi Mordo\u011fan, Kaynarp\u0131nar ve Karaburun rotas\u0131nda t\u00fcm g\u00fcnlerinizi bir \u015fort ve bir terlikle huzur i\u00e7inde ge\u00e7irebilirsiniz.<\/p>\n<p><strong>Bozburun<\/strong><\/p>\n<p style=\"text-align: center;\"><strong><img loading=\"lazy\" decoding=\"async\" class=\"alignnone size-full wp-image-3483\" src=\"https:\/\/www.julesverne.com.tr\/\/wp-content\/uploads\/2020\/09\/bozburun.jpg\" alt=\"\" width=\"1000\" height=\"750\" srcset=\"https:\/\/julesverne.com.tr\/wp-content\/uploads\/2020\/09\/bozburun.jpg 1000w, https:\/\/julesverne.com.tr\/wp-content\/uploads\/2020\/09\/bozburun-500x375.jpg 500w, https:\/\/julesverne.com.tr\/wp-content\/uploads\/2020\/09\/bozburun-768x576.jpg 768w\" sizes=\"(max-width: 1000px) 100vw, 1000px\" \/><\/strong><\/p>\n<p>Anadolu&#8217;dan Akdeniz&#8217;e do\u011fru sokulan \u00fc\u00e7 yar\u0131madadan biri olan Bozburun Yar\u0131madas\u0131, &#8220;kendi cennetini hayal et&#8221; deseler tasvir edece\u011finiz yerlerden birisi olabilir! Yar\u0131mada ile ayn\u0131 ad\u0131 ta\u015f\u0131yan Bozburun ise asl\u0131nda k\u00fc\u00e7\u00fcc\u00fck bir kasaba. Zaten bakirli\u011fi, do\u011fall\u0131\u011f\u0131 ve g\u00fczelli\u011fi de buradan geliyor. Yunan Adas\u0131 Symi&#8217;nin kar\u015f\u0131 kom\u015fusu olan Bozburun butik otelleri, sessiz hayat\u0131, 24 saatin 48 saat gibi ya\u015fanabildi\u011fi sakinli\u011fiyle bayram tatilinde kafa dinlemek isteyenler i\u00e7in bir s\u0131\u011f\u0131nak. Bozburun&#8217;un en sakin k\u00f6\u015fesi Adatepe ise asl\u0131nda butik otellerin yan yana dizildi\u011fi mevkii. Ara\u00e7s\u0131z bir tatil, teknelerle koylar\u0131 dola\u015fma, yal\u0131n ve abart\u0131dan do\u011fal sofralar ar\u0131yorsan\u0131z Kurban Bayram\u0131 tatili i\u00e7in Bozburun\u2019a gidebilirsiniz.<\/p>\n<p style=\"text-align: center;\"><strong>Detayl\u0131 bilgi ve rezervasyon i\u00e7in:<\/strong><br \/>\n<a href=\"mailto:travel@julesverne.com.tr\" target=\"_blank\" rel=\"noopener noreferrer\"><strong>travel@julesverne.com.tr<\/strong><\/a><br \/>\n<strong>0212 266 6363 &#8211; 132<\/strong><\/p>\n","protected":false},"excerpt":{"rendered":"<p>Kurban Bayram\u0131 tatiline az bir zaman kald\u0131. Hen&uuml;z bayram tatili program\u0131 yapmad\u0131ysan\u0131z ve nereye gidece\u011finize karar veremiyorsan\u0131z bu yaz\u0131 tam size g&ouml;re.<\/p>\n","protected":false},"author":1,"featured_media":2149,"comment_status":"closed","ping_status":"closed","sticky":false,"template":"","format":"standard","meta":{"inline_featured_image":false,"footnotes":""},"categories":[1,39],"tags":[],"acf":[],"yoast_head":"<!-- This site is optimized with the Yoast SEO plugin v22.3 - https:\/\/yoast.com\/wordpress\/plugins\/seo\/ -->\n<title>Bayram Tatili \u0130\u00e7in Son Dakika \u00d6nerileri - JULES VERNE BUSINESS MICE TRAVEL<\/title>\n<meta name=\"robots\" content=\"index, follow, max-snippet:-1, max-image-preview:large, max-video-preview:-1\" \/>\n<link rel=\"canonical\" href=\"https:\/\/julesverne.com.tr\/travel-blog\/bayram-tatili-icin-son-dakika-onerileri\/\" \/>\n<meta property=\"og:locale\" content=\"en_US\" \/>\n<meta property=\"og:type\" content=\"article\" \/>\n<meta property=\"og:title\" content=\"Bayram Tatili \u0130\u00e7in Son Dakika \u00d6nerileri - JULES VERNE BUSINESS MICE TRAVEL\" \/>\n<meta property=\"og:description\" content=\"Kurban Bayram\u0131 tatiline az bir zaman kald\u0131. Hen&uuml;z bayram tatili program\u0131 yapmad\u0131ysan\u0131z ve nereye gidece\u011finize karar veremiyorsan\u0131z bu yaz\u0131 tam size g&ouml;re.\" \/>\n<meta property=\"og:url\" content=\"https:\/\/julesverne.com.tr\/travel-blog\/bayram-tatili-icin-son-dakika-onerileri\/\" \/>\n<meta property=\"og:site_name\" content=\"JULES VERNE BUSINESS MICE TRAVEL\" \/>\n<meta property=\"article:publisher\" content=\"https:\/\/www.facebook.com\/JulesVerneBusinessMiceTravel\/\" \/>\n<meta property=\"article:published_time\" content=\"2019-07-30T14:30:37+00:00\" \/>\n<meta property=\"article:modified_time\" content=\"2021-09-13T08:40:27+00:00\" \/>\n<meta property=\"og:image\" content=\"https:\/\/julesverne.com.tr\/wp-content\/uploads\/2020\/09\/cascais.jpg\" \/>\n\t<meta property=\"og:image:width\" content=\"900\" \/>\n\t<meta property=\"og:image:height\" content=\"600\" \/>\n\t<meta property=\"og:image:type\" content=\"image\/jpeg\" \/>\n<meta name=\"author\" content=\"fikirman\" \/>\n<meta name=\"twitter:card\" content=\"summary_large_image\" \/>\n<meta name=\"twitter:creator\" content=\"@JV_BusinessMice\" \/>\n<meta name=\"twitter:site\" content=\"@JV_BusinessMice\" \/>\n<meta name=\"twitter:label1\" content=\"Written by\" \/>\n\t<meta name=\"twitter:data1\" content=\"fikirman\" \/>\n\t<meta name=\"twitter:label2\" content=\"Est. reading time\" \/>\n\t<meta name=\"twitter:data2\" content=\"4 minutes\" \/>\n<script type=\"application\/ld+json\" class=\"yoast-schema-graph\">{\"@context\":\"https:\/\/schema.org\",\"@graph\":[{\"@type\":\"Article\",\"@id\":\"https:\/\/julesverne.com.tr\/travel-blog\/bayram-tatili-icin-son-dakika-onerileri\/#article\",\"isPartOf\":{\"@id\":\"https:\/\/julesverne.com.tr\/travel-blog\/bayram-tatili-icin-son-dakika-onerileri\/\"},\"author\":{\"name\":\"fikirman\",\"@id\":\"https:\/\/julesverne.com.tr\/#\/schema\/person\/f4eb0514ae455538644c31b99a466fdb\"},\"headline\":\"Bayram Tatili \u0130\u00e7in Son Dakika \u00d6nerileri\",\"datePublished\":\"2019-07-30T14:30:37+00:00\",\"dateModified\":\"2021-09-13T08:40:27+00:00\",\"mainEntityOfPage\":{\"@id\":\"https:\/\/julesverne.com.tr\/travel-blog\/bayram-tatili-icin-son-dakika-onerileri\/\"},\"wordCount\":875,\"publisher\":{\"@id\":\"https:\/\/julesverne.com.tr\/#organization\"},\"image\":{\"@id\":\"https:\/\/julesverne.com.tr\/travel-blog\/bayram-tatili-icin-son-dakika-onerileri\/#primaryimage\"},\"thumbnailUrl\":\"https:\/\/julesverne.com.tr\/wp-content\/uploads\/2020\/09\/cascais.jpg\",\"articleSection\":[\"Blog\",\"Nereye Gitsek?\"],\"inLanguage\":\"en-US\"},{\"@type\":\"WebPage\",\"@id\":\"https:\/\/julesverne.com.tr\/travel-blog\/bayram-tatili-icin-son-dakika-onerileri\/\",\"url\":\"https:\/\/julesverne.com.tr\/travel-blog\/bayram-tatili-icin-son-dakika-onerileri\/\",\"name\":\"Bayram Tatili \u0130\u00e7in Son Dakika \u00d6nerileri - JULES VERNE BUSINESS MICE TRAVEL\",\"isPartOf\":{\"@id\":\"https:\/\/julesverne.com.tr\/#website\"},\"primaryImageOfPage\":{\"@id\":\"https:\/\/julesverne.com.tr\/travel-blog\/bayram-tatili-icin-son-dakika-onerileri\/#primaryimage\"},\"image\":{\"@id\":\"https:\/\/julesverne.com.tr\/travel-blog\/bayram-tatili-icin-son-dakika-onerileri\/#primaryimage\"},\"thumbnailUrl\":\"https:\/\/julesverne.com.tr\/wp-content\/uploads\/2020\/09\/cascais.jpg\",\"datePublished\":\"2019-07-30T14:30:37+00:00\",\"dateModified\":\"2021-09-13T08:40:27+00:00\",\"breadcrumb\":{\"@id\":\"https:\/\/julesverne.com.tr\/travel-blog\/bayram-tatili-icin-son-dakika-onerileri\/#breadcrumb\"},\"inLanguage\":\"en-US\",\"potentialAction\":[{\"@type\":\"ReadAction\",\"target\":[\"https:\/\/julesverne.com.tr\/travel-blog\/bayram-tatili-icin-son-dakika-onerileri\/\"]}]},{\"@type\":\"ImageObject\",\"inLanguage\":\"en-US\",\"@id\":\"https:\/\/julesverne.com.tr\/travel-blog\/bayram-tatili-icin-son-dakika-onerileri\/#primaryimage\",\"url\":\"https:\/\/julesverne.com.tr\/wp-content\/uploads\/2020\/09\/cascais.jpg\",\"contentUrl\":\"https:\/\/julesverne.com.tr\/wp-content\/uploads\/2020\/09\/cascais.jpg\",\"width\":900,\"height\":600},{\"@type\":\"BreadcrumbList\",\"@id\":\"https:\/\/julesverne.com.tr\/travel-blog\/bayram-tatili-icin-son-dakika-onerileri\/#breadcrumb\",\"itemListElement\":[{\"@type\":\"ListItem\",\"position\":1,\"name\":\"Anasayfa\",\"item\":\"https:\/\/julesverne.com.tr\/\"},{\"@type\":\"ListItem\",\"position\":2,\"name\":\"Bayram Tatili \u0130\u00e7in Son Dakika \u00d6nerileri\"}]},{\"@type\":\"WebSite\",\"@id\":\"https:\/\/julesverne.com.tr\/#website\",\"url\":\"https:\/\/julesverne.com.tr\/\",\"name\":\"JULES VERNE BUSINESS MICE TRAVEL\",\"description\":\"\",\"publisher\":{\"@id\":\"https:\/\/julesverne.com.tr\/#organization\"},\"potentialAction\":[{\"@type\":\"SearchAction\",\"target\":{\"@type\":\"EntryPoint\",\"urlTemplate\":\"https:\/\/julesverne.com.tr\/?s={search_term_string}\"},\"query-input\":\"required name=search_term_string\"}],\"inLanguage\":\"en-US\"},{\"@type\":\"Organization\",\"@id\":\"https:\/\/julesverne.com.tr\/#organization\",\"name\":\"JULES VERNE BUSINESS MICE TRAVEL\",\"url\":\"https:\/\/julesverne.com.tr\/\",\"logo\":{\"@type\":\"ImageObject\",\"inLanguage\":\"en-US\",\"@id\":\"https:\/\/julesverne.com.tr\/#\/schema\/logo\/image\/\",\"url\":\"https:\/\/julesverne.com.tr\/wp-content\/uploads\/2020\/09\/jv-bmt-logo.png\",\"contentUrl\":\"https:\/\/julesverne.com.tr\/wp-content\/uploads\/2020\/09\/jv-bmt-logo.png\",\"width\":110,\"height\":81,\"caption\":\"JULES VERNE BUSINESS MICE TRAVEL\"},\"image\":{\"@id\":\"https:\/\/julesverne.com.tr\/#\/schema\/logo\/image\/\"},\"sameAs\":[\"https:\/\/www.facebook.com\/JulesVerneBusinessMiceTravel\/\",\"https:\/\/twitter.com\/JV_BusinessMice\",\"https:\/\/www.instagram.com\/julesvernebusinessmicetravel\/\",\"https:\/\/www.linkedin.com\/company\/julesvernebusinessmicetravel\/\",\"https:\/\/www.youtube.com\/channel\/UCAwdsmbZ6tFhu1tea6pkpiw\"]},{\"@type\":\"Person\",\"@id\":\"https:\/\/julesverne.com.tr\/#\/schema\/person\/f4eb0514ae455538644c31b99a466fdb\",\"name\":\"fikirman\",\"sameAs\":[\"http:\/\/advermedya.net\/julesverne\"],\"url\":\"https:\/\/julesverne.com.tr\/en\/author\/fikirman\/\"}]}<\/script>\n<!-- \/ Yoast SEO plugin. -->","yoast_head_json":{"title":"Bayram Tatili \u0130\u00e7in Son Dakika \u00d6nerileri - JULES VERNE BUSINESS MICE TRAVEL","robots":{"index":"index","follow":"follow","max-snippet":"max-snippet:-1","max-image-preview":"max-image-preview:large","max-video-preview":"max-video-preview:-1"},"canonical":"https:\/\/julesverne.com.tr\/travel-blog\/bayram-tatili-icin-son-dakika-onerileri\/","og_locale":"en_US","og_type":"article","og_title":"Bayram Tatili \u0130\u00e7in Son Dakika \u00d6nerileri - JULES VERNE BUSINESS MICE TRAVEL","og_description":"Kurban Bayram\u0131 tatiline az bir zaman kald\u0131. Hen&uuml;z bayram tatili program\u0131 yapmad\u0131ysan\u0131z ve nereye gidece\u011finize karar veremiyorsan\u0131z bu yaz\u0131 tam size g&ouml;re.","og_url":"https:\/\/julesverne.com.tr\/travel-blog\/bayram-tatili-icin-son-dakika-onerileri\/","og_site_name":"JULES VERNE BUSINESS MICE TRAVEL","article_publisher":"https:\/\/www.facebook.com\/JulesVerneBusinessMiceTravel\/","article_published_time":"2019-07-30T14:30:37+00:00","article_modified_time":"2021-09-13T08:40:27+00:00","og_image":[{"width":900,"height":600,"url":"https:\/\/julesverne.com.tr\/wp-content\/uploads\/2020\/09\/cascais.jpg","type":"image\/jpeg"}],"author":"fikirman","twitter_card":"summary_large_image","twitter_creator":"@JV_BusinessMice","twitter_site":"@JV_BusinessMice","twitter_misc":{"Written by":"fikirman","Est. reading time":"4 minutes"},"schema":{"@context":"https:\/\/schema.org","@graph":[{"@type":"Article","@id":"https:\/\/julesverne.com.tr\/travel-blog\/bayram-tatili-icin-son-dakika-onerileri\/#article","isPartOf":{"@id":"https:\/\/julesverne.com.tr\/travel-blog\/bayram-tatili-icin-son-dakika-onerileri\/"},"author":{"name":"fikirman","@id":"https:\/\/julesverne.com.tr\/#\/schema\/person\/f4eb0514ae455538644c31b99a466fdb"},"headline":"Bayram Tatili \u0130\u00e7in Son Dakika \u00d6nerileri","datePublished":"2019-07-30T14:30:37+00:00","dateModified":"2021-09-13T08:40:27+00:00","mainEntityOfPage":{"@id":"https:\/\/julesverne.com.tr\/travel-blog\/bayram-tatili-icin-son-dakika-onerileri\/"},"wordCount":875,"publisher":{"@id":"https:\/\/julesverne.com.tr\/#organization"},"image":{"@id":"https:\/\/julesverne.com.tr\/travel-blog\/bayram-tatili-icin-son-dakika-onerileri\/#primaryimage"},"thumbnailUrl":"https:\/\/julesverne.com.tr\/wp-content\/uploads\/2020\/09\/cascais.jpg","articleSection":["Blog","Nereye Gitsek?"],"inLanguage":"en-US"},{"@type":"WebPage","@id":"https:\/\/julesverne.com.tr\/travel-blog\/bayram-tatili-icin-son-dakika-onerileri\/","url":"https:\/\/julesverne.com.tr\/travel-blog\/bayram-tatili-icin-son-dakika-onerileri\/","name":"Bayram Tatili \u0130\u00e7in Son Dakika \u00d6nerileri - JULES VERNE BUSINESS MICE TRAVEL","isPartOf":{"@id":"https:\/\/julesverne.com.tr\/#website"},"primaryImageOfPage":{"@id":"https:\/\/julesverne.com.tr\/travel-blog\/bayram-tatili-icin-son-dakika-onerileri\/#primaryimage"},"image":{"@id":"https:\/\/julesverne.com.tr\/travel-blog\/bayram-tatili-icin-son-dakika-onerileri\/#primaryimage"},"thumbnailUrl":"https:\/\/julesverne.com.tr\/wp-content\/uploads\/2020\/09\/cascais.jpg","datePublished":"2019-07-30T14:30:37+00:00","dateModified":"2021-09-13T08:40:27+00:00","breadcrumb":{"@id":"https:\/\/julesverne.com.tr\/travel-blog\/bayram-tatili-icin-son-dakika-onerileri\/#breadcrumb"},"inLanguage":"en-US","potentialAction":[{"@type":"ReadAction","target":["https:\/\/julesverne.com.tr\/travel-blog\/bayram-tatili-icin-son-dakika-onerileri\/"]}]},{"@type":"ImageObject","inLanguage":"en-US","@id":"https:\/\/julesverne.com.tr\/travel-blog\/bayram-tatili-icin-son-dakika-onerileri\/#primaryimage","url":"https:\/\/julesverne.com.tr\/wp-content\/uploads\/2020\/09\/cascais.jpg","contentUrl":"https:\/\/julesverne.com.tr\/wp-content\/uploads\/2020\/09\/cascais.jpg","width":900,"height":600},{"@type":"BreadcrumbList","@id":"https:\/\/julesverne.com.tr\/travel-blog\/bayram-tatili-icin-son-dakika-onerileri\/#breadcrumb","itemListElement":[{"@type":"ListItem","position":1,"name":"Anasayfa","item":"https:\/\/julesverne.com.tr\/"},{"@type":"ListItem","position":2,"name":"Bayram Tatili \u0130\u00e7in Son Dakika \u00d6nerileri"}]},{"@type":"WebSite","@id":"https:\/\/julesverne.com.tr\/#website","url":"https:\/\/julesverne.com.tr\/","name":"JULES VERNE BUSINESS MICE TRAVEL","description":"","publisher":{"@id":"https:\/\/julesverne.com.tr\/#organization"},"potentialAction":[{"@type":"SearchAction","target":{"@type":"EntryPoint","urlTemplate":"https:\/\/julesverne.com.tr\/?s={search_term_string}"},"query-input":"required name=search_term_string"}],"inLanguage":"en-US"},{"@type":"Organization","@id":"https:\/\/julesverne.com.tr\/#organization","name":"JULES VERNE BUSINESS MICE TRAVEL","url":"https:\/\/julesverne.com.tr\/","logo":{"@type":"ImageObject","inLanguage":"en-US","@id":"https:\/\/julesverne.com.tr\/#\/schema\/logo\/image\/","url":"https:\/\/julesverne.com.tr\/wp-content\/uploads\/2020\/09\/jv-bmt-logo.png","contentUrl":"https:\/\/julesverne.com.tr\/wp-content\/uploads\/2020\/09\/jv-bmt-logo.png","width":110,"height":81,"caption":"JULES VERNE BUSINESS MICE TRAVEL"},"image":{"@id":"https:\/\/julesverne.com.tr\/#\/schema\/logo\/image\/"},"sameAs":["https:\/\/www.facebook.com\/JulesVerneBusinessMiceTravel\/","https:\/\/twitter.com\/JV_BusinessMice","https:\/\/www.instagram.com\/julesvernebusinessmicetravel\/","https:\/\/www.linkedin.com\/company\/julesvernebusinessmicetravel\/","https:\/\/www.youtube.com\/channel\/UCAwdsmbZ6tFhu1tea6pkpiw"]},{"@type":"Person","@id":"https:\/\/julesverne.com.tr\/#\/schema\/person\/f4eb0514ae455538644c31b99a466fdb","name":"fikirman","sameAs":["http:\/\/advermedya.net\/julesverne"],"url":"https:\/\/julesverne.com.tr\/en\/author\/fikirman\/"}]}},"_links":{"self":[{"href":"https:\/\/julesverne.com.tr\/en\/wp-json\/wp\/v2\/posts\/2148"}],"collection":[{"href":"https:\/\/julesverne.com.tr\/en\/wp-json\/wp\/v2\/posts"}],"about":[{"href":"https:\/\/julesverne.com.tr\/en\/wp-json\/wp\/v2\/types\/post"}],"author":[{"embeddable":true,"href":"https:\/\/julesverne.com.tr\/en\/wp-json\/wp\/v2\/users\/1"}],"replies":[{"embeddable":true,"href":"https:\/\/julesverne.com.tr\/en\/wp-json\/wp\/v2\/comments?post=2148"}],"version-history":[{"count":0,"href":"https:\/\/julesverne.com.tr\/en\/wp-json\/wp\/v2\/posts\/2148\/revisions"}],"wp:featuredmedia":[{"embeddable":true,"href":"https:\/\/julesverne.com.tr\/en\/wp-json\/wp\/v2\/media\/2149"}],"wp:attachment":[{"href":"https:\/\/julesverne.com.tr\/en\/wp-json\/wp\/v2\/media?parent=2148"}],"wp:term":[{"taxonomy":"category","embeddable":true,"href":"https:\/\/julesverne.com.tr\/en\/wp-json\/wp\/v2\/categories?post=2148"},{"taxonomy":"post_tag","embeddable":true,"href":"https:\/\/julesverne.com.tr\/en\/wp-json\/wp\/v2\/tags?post=2148"}],"curies":[{"name":"wp","href":"https:\/\/api.w.org\/{rel}","templated":true}]}}