{"id":2146,"date":"2019-07-25T16:22:41","date_gmt":"2019-07-25T13:22:41","guid":{"rendered":"https:\/\/www.julesverne.com.tr\/\/blog\/agustos-ayinin-en-keyifli-destinasyonlari\/"},"modified":"2021-09-13T11:39:55","modified_gmt":"2021-09-13T08:39:55","slug":"agustos-ayinin-en-keyifli-destinasyonlari","status":"publish","type":"post","link":"https:\/\/julesverne.com.tr\/en\/travel-blog\/agustos-ayinin-en-keyifli-destinasyonlari\/","title":{"rendered":"A\u011fustos Ay\u0131n\u0131n En Keyifli Destinasyonlar\u0131"},"content":{"rendered":"<p style=\"text-align: center;\"><img loading=\"lazy\" decoding=\"async\" class=\"alignnone size-full wp-image-3485\" src=\"https:\/\/www.julesverne.com.tr\/\/wp-content\/uploads\/2020\/09\/Lake_Bourget-1.jpg\" alt=\"\" width=\"990\" height=\"660\" srcset=\"https:\/\/julesverne.com.tr\/wp-content\/uploads\/2020\/09\/Lake_Bourget-1.jpg 990w, https:\/\/julesverne.com.tr\/wp-content\/uploads\/2020\/09\/Lake_Bourget-1-500x333.jpg 500w, https:\/\/julesverne.com.tr\/wp-content\/uploads\/2020\/09\/Lake_Bourget-1-768x512.jpg 768w\" sizes=\"(max-width: 990px) 100vw, 990px\" \/><\/p>\n<p style=\"text-align: left;\">Yaz mevsiminin en s\u0131cak, en hareketli ay\u0131na geldik! A\u011fustos ay\u0131 demek t\u00fcm tatil planlar\u0131n\u0131 ger\u00e7ekle\u015ftirmek demek! G\u00fcn do\u011fumunu Tanzanya\u2019n\u0131n e\u015fsiz koruma alanlar\u0131nda seyretmek, s\u0131cak bir Akdeniz adas\u0131ndan turkuaz sulara dalmak, serin bir Avrupa \u015fehrini ke\u015ffetmek i\u00e7in en g\u00fczel zamanlar! Fransa\u2019dan Tanzanya\u2019ya, \u0130spanya\u2019dan H\u0131rvatistan\u2019a A\u011fustos ay\u0131n\u0131n en keyifli destinasyonlar\u0131\u2026<\/p>\n<p style=\"text-align: left;\"><strong>Elafiti Adalar\u0131, H\u0131rvatistan<\/strong><\/p>\n<p style=\"text-align: center;\"><strong><img loading=\"lazy\" decoding=\"async\" class=\"alignnone size-full wp-image-3486\" src=\"https:\/\/www.julesverne.com.tr\/\/wp-content\/uploads\/2020\/09\/sipan_island.jpg\" alt=\"sipan adas\u0131\" width=\"999\" height=\"666\" srcset=\"https:\/\/julesverne.com.tr\/wp-content\/uploads\/2020\/09\/sipan_island.jpg 999w, https:\/\/julesverne.com.tr\/wp-content\/uploads\/2020\/09\/sipan_island-500x333.jpg 500w, https:\/\/julesverne.com.tr\/wp-content\/uploads\/2020\/09\/sipan_island-768x512.jpg 768w\" sizes=\"(max-width: 999px) 100vw, 999px\" \/><\/strong><\/p>\n<p>Dubrovnik&#8217;in kuzeybat\u0131s\u0131nda yer alan Elafiti Tak\u0131madas\u0131 asl\u0131nda 6 adadan olu\u015fuyor. Ancak biz size, ger\u00e7ek gezginlerin g\u00f6rmesi gereken Kolocep, Lopud ve Sipan adalar\u0131ndan bahsedece\u011fiz! Ad\u0131n\u0131, Yunanca &#8220;elafos&#8221; yani geyikten alan tak\u0131mada, bu ismini antik \u00e7a\u011flardaki yo\u011fun geyik pop\u00fclasyonuna bor\u00e7lu.<\/p>\n<p>G\u00fcnl\u00fck ya\u015fam\u0131n ko\u015fu\u015fturmas\u0131ndan uzakla\u015fmak isteyenler i\u00e7in \u00f6zellikle ara\u00e7 kullan\u0131m\u0131 olmayan Kolocep ve Lopud&#8217;u \u00f6nerebiliriz. Egzotik bah\u00e7elerle \u00e7evrili ta\u015f evleri ve minik plaj\u0131yla \u00fcnl\u00fc Lopud, \u00e7am ormanlar\u0131 ve meyve a\u011fa\u00e7lar\u0131yla kapl\u0131 Kolocep, Dubrovnik aristokrasisinin g\u00f6zdesi \u0160ipan \u015fehirden feribotla kolayca gidebilece\u011finiz \u00fc\u00e7 m\u00fccevher!<\/p>\n<p><strong>Portland &amp; Seattle, ABD<\/strong><\/p>\n<p><strong><img loading=\"lazy\" decoding=\"async\" class=\"alignnone size-full wp-image-3487\" src=\"https:\/\/www.julesverne.com.tr\/\/wp-content\/uploads\/2020\/09\/seattle_sunset.jpg\" alt=\"seattle\" width=\"900\" height=\"505\" srcset=\"https:\/\/julesverne.com.tr\/wp-content\/uploads\/2020\/09\/seattle_sunset.jpg 900w, https:\/\/julesverne.com.tr\/wp-content\/uploads\/2020\/09\/seattle_sunset-500x281.jpg 500w, https:\/\/julesverne.com.tr\/wp-content\/uploads\/2020\/09\/seattle_sunset-768x431.jpg 768w, https:\/\/julesverne.com.tr\/wp-content\/uploads\/2020\/09\/seattle_sunset-400x225.jpg 400w\" sizes=\"(max-width: 900px) 100vw, 900px\" \/><\/strong><\/p>\n<p>ABD\u2019nin kuzeybat\u0131s\u0131nda Portland\u2019den Seattle\u2019a do\u011fru bir yol hik\u00e2yesi\u2026<br \/>\nCo\u011frafik olarak etkileyici bir noktada yer alan Seattle ayn\u0131 zamanda &#8220;gelece\u011fe y\u00fcr\u00fcyen&#8221; bir \u015fehir. Yeniliklerin merkez \u00fcss\u00fc olan \u015fehir zengin kahve k\u00fclt\u00fcr\u00fc, tarihi, gastronomi sahnesinde iddial\u0131 olan restoranlar\u0131 ve butikleriyle dopdolu. \u00d6zellikle yaz aylar\u0131nda c\u0131v\u0131l c\u0131v\u0131l olan \u015fehir Pasifik k\u0131y\u0131s\u0131n\u0131n a\u00e7an g\u00fcne\u015fi gibi adeta.<\/p>\n<p style=\"text-align: center;\"><img loading=\"lazy\" decoding=\"async\" class=\"alignnone size-full wp-image-3488\" src=\"https:\/\/www.julesverne.com.tr\/\/wp-content\/uploads\/2020\/09\/Portland_manzara.jpg\" alt=\"portland\" width=\"999\" height=\"561\" srcset=\"https:\/\/julesverne.com.tr\/wp-content\/uploads\/2020\/09\/Portland_manzara.jpg 999w, https:\/\/julesverne.com.tr\/wp-content\/uploads\/2020\/09\/Portland_manzara-500x281.jpg 500w, https:\/\/julesverne.com.tr\/wp-content\/uploads\/2020\/09\/Portland_manzara-768x431.jpg 768w, https:\/\/julesverne.com.tr\/wp-content\/uploads\/2020\/09\/Portland_manzara-400x225.jpg 400w\" sizes=\"(max-width: 999px) 100vw, 999px\" \/><\/p>\n<p>Portland ise uzun ve s\u0131cak g\u00fcnleriyle tam bir yaz destinasyonu. ABD&#8217;nin en g\u00fczel \u015fehirlerinden biri olan Portland kendisi hakk\u0131nda al\u0131\u015f\u0131lagelmi\u015f s\u00f6ylemlerin \u00f6tesine ge\u00e7iyor. \u00d6zellikle i\u015ftah a\u00e7an yemek noktalar\u0131, tasar\u0131m alanlar\u0131yla son derece cezbedici. Buradayken \u015fehir planlamac\u0131lar\u0131na bol bol te\u015fekk\u00fcr edece\u011finizi biliyoruz zira y\u00fcr\u00fcy\u00fc\u015f parkurlar\u0131 ve geni\u015f bah\u00e7eleriyle sizi, \u015fehir ortas\u0131nda do\u011fayla bulu\u015fturuyor. Sokak lezzetlerini seviyorsan\u0131z t\u00fcm halk\u0131n me\u015fhur yemek kamyonlar\u0131ndaki at\u0131\u015ft\u0131rmal\u0131klara bay\u0131ld\u0131\u011f\u0131n\u0131 belirtelim.<\/p>\n<p><strong>Tanzanya<\/strong><\/p>\n<p style=\"text-align: center;\"><strong><img loading=\"lazy\" decoding=\"async\" class=\"alignnone size-full wp-image-3489\" src=\"https:\/\/www.julesverne.com.tr\/\/wp-content\/uploads\/2020\/09\/tanzanya.jpg\" alt=\"tanzanya safari\" width=\"999\" height=\"667\" srcset=\"https:\/\/julesverne.com.tr\/wp-content\/uploads\/2020\/09\/tanzanya.jpg 999w, https:\/\/julesverne.com.tr\/wp-content\/uploads\/2020\/09\/tanzanya-500x334.jpg 500w, https:\/\/julesverne.com.tr\/wp-content\/uploads\/2020\/09\/tanzanya-768x513.jpg 768w\" sizes=\"(max-width: 999px) 100vw, 999px\" \/><\/strong><\/p>\n<p>B\u00fcy\u00fck G\u00f6\u00e7 zaman\u0131 Tanzanya&#8217;ya seyahat etmek her gezginin &#8220;mutlaka yap\u0131lmas\u0131 gereken seyahatler&#8221; listesinde vard\u0131r&#8230; Serengeti&#8217;nin zamans\u0131z manzaralar\u0131, do\u011fan\u0131n sessizli\u011fi e\u015fli\u011finde duyulan vah\u015fi ya\u015fam\u0131n ad\u0131mlar\u0131 sizi, hayatta bir kez ya\u015fayabilece\u011finiz deneyimlere davet ediyor. Afrika&#8217;n\u0131n en etkileyici manzaralar\u0131ndan birine sahip olan, etkileyici vah\u015fi ya\u015fam pop\u00fclasyonuyla Tarangire National Park, Do\u011fu Afrika&#8217;n\u0131n ikonik t\u00fcrlerinin neredeyse tamam\u0131n\u0131 bar\u0131nd\u0131ran ve \u00f6zenle korunan Ngorongoro Crater, do\u011fan\u0131n en \u00e7arp\u0131c\u0131 g\u00f6sterilerine tan\u0131k olaca\u011f\u0131n\u0131z Serengeti National Park bu seyahatinizin en unutulmaz anlar\u0131na ev sahipli\u011fi yapacak.<\/p>\n<p><strong>Frans\u0131z G\u00f6lleri, Fransa\u00a0<\/strong><\/p>\n<p style=\"text-align: center;\"><strong><img loading=\"lazy\" decoding=\"async\" class=\"alignnone size-full wp-image-3490\" src=\"https:\/\/www.julesverne.com.tr\/\/wp-content\/uploads\/2020\/09\/Lac_d_Aiguebelette.jpg\" alt=\"Lac d'Aiguebelette\" width=\"999\" height=\"561\" srcset=\"https:\/\/julesverne.com.tr\/wp-content\/uploads\/2020\/09\/Lac_d_Aiguebelette.jpg 999w, https:\/\/julesverne.com.tr\/wp-content\/uploads\/2020\/09\/Lac_d_Aiguebelette-500x281.jpg 500w, https:\/\/julesverne.com.tr\/wp-content\/uploads\/2020\/09\/Lac_d_Aiguebelette-768x431.jpg 768w, https:\/\/julesverne.com.tr\/wp-content\/uploads\/2020\/09\/Lac_d_Aiguebelette-400x225.jpg 400w\" sizes=\"(max-width: 999px) 100vw, 999px\" \/><\/strong><\/p>\n<p>Temmuz ve A\u011fustos aylar\u0131nda dolup ta\u015fan Frans\u0131z Rivieras\u0131&#8217;na alternatif arayan gezgin bir ruhsan\u0131z Frans\u0131z G\u00f6lleri sizin i\u00e7in yepyeni bir deneyim olacak! Savoie ve Haute Savoie b\u00f6lgelerinde ard\u0131 ard\u0131na s\u0131ralanan Lac de Bourget, Lac d&#8217;Annecy ve Lac d&#8217;Aiguebelette g\u00f6lleri plaj tatillerini aratm\u0131yor. Bu \u00fc\u00e7 g\u00f6l\u00fcn Frans\u0131zlar taraf\u0131ndan renkleriyle ay\u0131rt edildi\u011fini biliyor muydunuz? Yereller aras\u0131nda Lac de Bourget gri, Lac d&#8217;Annecy mavi, Lac d&#8217;Aiguebelette ye\u015fil olarak biliniyor.<br \/>\nCenevre veya Lyon\u2019a u\u00e7tuktan sonra arac\u0131n\u0131z\u0131 kiralay\u0131p mavi ve ye\u015filin bulu\u015ftu\u011fu bu do\u011fal g\u00fczellikleri, k\u0131y\u0131lara kurulan kartpostal tad\u0131ndaki kasabalarla birlikte ke\u015ffedebilirsiniz.<\/p>\n<p><strong>Dublin, \u0130rlanda<\/strong><\/p>\n<p style=\"text-align: center;\"><strong><img loading=\"lazy\" decoding=\"async\" class=\"alignnone size-full wp-image-3491\" src=\"https:\/\/www.julesverne.com.tr\/\/wp-content\/uploads\/2020\/09\/dublin.jpg\" alt=\"dublin\" width=\"999\" height=\"687\" srcset=\"https:\/\/julesverne.com.tr\/wp-content\/uploads\/2020\/09\/dublin.jpg 999w, https:\/\/julesverne.com.tr\/wp-content\/uploads\/2020\/09\/dublin-500x344.jpg 500w, https:\/\/julesverne.com.tr\/wp-content\/uploads\/2020\/09\/dublin-768x528.jpg 768w\" sizes=\"(max-width: 999px) 100vw, 999px\" \/><\/strong><\/p>\n<p>S\u0131cak hava ve g\u00fcne\u015f \u0131\u015f\u0131\u011f\u0131 alt\u0131nda gezmenin \u00f6tesine ge\u00e7ip, s\u0131ca\u011f\u0131n sizi bunaltmad\u0131\u011f\u0131 bir \u015fehir gezisi i\u00e7in Dublin hayalinizdeki rota! Bu \u015fehir i\u00e7in en g\u00fczel s\u00f6zleri asl\u0131nda 20. y\u00fczy\u0131l edebiyat\u0131na iz b\u0131rakan \u0130rlandal\u0131 yazar James Joyce dile getirmi\u015f:<br \/>\n<em><br \/>\n&#8220;E\u011fer Dublin&#8217;in kalbine girebilirsem d\u00fcnyan\u0131n t\u00fcm \u015fehirlerinin kalbine girebilirim.&#8221;<\/em><\/p>\n<p>\u0130rlanda&#8217;n\u0131n tarihi ve modernizmi ayn\u0131 potada eriten \u015fehri Dublin hem 1000 y\u0131ll\u0131k ge\u00e7mi\u015fiyle hem de son moda mek\u00e2nlar\u0131yla \u015fa\u015f\u0131rtmaya devam ediyor. Avrupa&#8217;n\u0131n ye\u015fil \u015fehirleri aras\u0131nda yer alan Dublin&#8217;in parklar\u0131nda bol bol keyif yapmak seyahatinizin en g\u00fczel zamanlar\u0131 olacak. Sanat, tarih ve elbette pub k\u00fclt\u00fcr\u00fcyle ya\u015fayan bu \u015fehirde m\u00fczelere, kiliselere, lokal tatlara, tasar\u0131m butiklere doyacaks\u0131n\u0131z.<\/p>\n<p><strong>BONUS: Formentera, \u0130spanya<\/strong><\/p>\n<p><strong><img loading=\"lazy\" decoding=\"async\" class=\"alignnone size-full wp-image-3492\" src=\"https:\/\/www.julesverne.com.tr\/\/wp-content\/uploads\/2020\/09\/formentera-1.jpg\" alt=\"formentera\" width=\"900\" height=\"590\" srcset=\"https:\/\/julesverne.com.tr\/wp-content\/uploads\/2020\/09\/formentera-1.jpg 900w, https:\/\/julesverne.com.tr\/wp-content\/uploads\/2020\/09\/formentera-1-500x328.jpg 500w, https:\/\/julesverne.com.tr\/wp-content\/uploads\/2020\/09\/formentera-1-768x503.jpg 768w\" sizes=\"(max-width: 900px) 100vw, 900px\" \/><\/strong><\/p>\n<p>Formentera Adas\u0131&#8217;n\u0131n turizm sayfas\u0131na girdi\u011finizde &#8220;Akdeniz&#8217;in son cenneti&#8221; yazd\u0131\u011f\u0131n\u0131 g\u00f6receksiniz. Haks\u0131z da say\u0131lmazlar&#8230; Genellikle Ibiza\u2019n\u0131n \u201chippi k\u0131z karde\u015fi\u201d olarak adland\u0131r\u0131lan, Balear Adalar\u0131\u2019n\u0131n en k\u00fc\u00e7\u00fc\u011f\u00fc Formentera modern turizmin hen\u00fcz ula\u015famad\u0131\u011f\u0131 Akdeniz adalar\u0131ndan. El de\u011fmemi\u015f plajlar\u0131 ve do\u011fall\u0131\u011f\u0131yla daha \u00e7ok Maldivler hissi veren adan\u0131n en \u00e7ekici yan\u0131 hi\u00e7 de\u011fi\u015fmiyor olmas\u0131. 1960&#8217;l\u0131 y\u0131llardan beri zarif bir ka\u00e7\u0131\u015f adresi olan Formentera \u00e7\u0131lg\u0131n e\u011flencenin yerine g\u00fczel manzaralara kar\u015f\u0131 i\u00e7kisini yudumlamak isteyenleri bekliyor.<\/p>\n<p style=\"text-align: center;\"><strong>Detayl\u0131 bilgi ve rezervasyon i\u00e7in:<\/strong><br \/>\n<a href=\"mailto:travel@julesverne.com.tr\" target=\"_blank\" rel=\"noopener noreferrer\"><strong>travel@julesverne.com.tr<\/strong><\/a><br \/>\n<strong>0212 266 6363 &#8211; 118<\/strong><\/p>\n","protected":false},"excerpt":{"rendered":"<p><span style=\"font-size: 11.0pt; line-height: 107%; font-family: 'Calibri',sans-serif; mso-ascii-theme-font: minor-latin; mso-fareast-font-family: Calibri; mso-fareast-theme-font: minor-latin; mso-hansi-theme-font: minor-latin; mso-bidi-font-family: 'Times New Roman'; mso-bidi-theme-font: minor-bidi; mso-ansi-language: TR; mso-fareast-language: EN-US; mso-bidi-language: AR-SA;\">Yaz mevsiminin en s\u0131cak, en hareketli ay\u0131na geldik! A\u011fustos ay\u0131 demek t&uuml;m tatil planlar\u0131n\u0131 ger&ccedil;ekle\u015ftirmek demek!&nbsp;<\/span><span style=\"font-family: Calibri, sans-serif; font-size: 11pt;\">Fransa&rsquo;dan Tanzanya&rsquo;ya, \u0130spanya&rsquo;dan H\u0131rvatistan&rsquo;a A\u011fustos ay\u0131n\u0131n en keyifli destinasyonlar\u0131&hellip;<\/span><\/p>\n","protected":false},"author":1,"featured_media":2147,"comment_status":"closed","ping_status":"closed","sticky":false,"template":"","format":"standard","meta":{"inline_featured_image":false,"footnotes":""},"categories":[1],"tags":[],"acf":[],"yoast_head":"<!-- This site is optimized with the Yoast SEO plugin v22.3 - https:\/\/yoast.com\/wordpress\/plugins\/seo\/ -->\n<title>A\u011fustos Ay\u0131n\u0131n En Keyifli Destinasyonlar\u0131 - JULES VERNE BUSINESS MICE TRAVEL<\/title>\n<meta name=\"robots\" content=\"index, follow, max-snippet:-1, max-image-preview:large, max-video-preview:-1\" \/>\n<link rel=\"canonical\" href=\"https:\/\/julesverne.com.tr\/travel-blog\/agustos-ayinin-en-keyifli-destinasyonlari\/\" \/>\n<meta property=\"og:locale\" content=\"en_US\" \/>\n<meta property=\"og:type\" content=\"article\" \/>\n<meta property=\"og:title\" content=\"A\u011fustos Ay\u0131n\u0131n En Keyifli Destinasyonlar\u0131 - JULES VERNE BUSINESS MICE TRAVEL\" \/>\n<meta property=\"og:description\" content=\"Yaz mevsiminin en s\u0131cak, en hareketli ay\u0131na geldik! A\u011fustos ay\u0131 demek t&uuml;m tatil planlar\u0131n\u0131 ger&ccedil;ekle\u015ftirmek demek!&nbsp;Fransa&rsquo;dan Tanzanya&rsquo;ya, \u0130spanya&rsquo;dan H\u0131rvatistan&rsquo;a A\u011fustos ay\u0131n\u0131n en keyifli destinasyonlar\u0131&hellip;\" \/>\n<meta property=\"og:url\" content=\"https:\/\/julesverne.com.tr\/travel-blog\/agustos-ayinin-en-keyifli-destinasyonlari\/\" \/>\n<meta property=\"og:site_name\" content=\"JULES VERNE BUSINESS MICE TRAVEL\" \/>\n<meta property=\"article:publisher\" content=\"https:\/\/www.facebook.com\/JulesVerneBusinessMiceTravel\/\" \/>\n<meta property=\"article:published_time\" content=\"2019-07-25T13:22:41+00:00\" \/>\n<meta property=\"article:modified_time\" content=\"2021-09-13T08:39:55+00:00\" \/>\n<meta property=\"og:image\" content=\"https:\/\/julesverne.com.tr\/wp-content\/uploads\/2020\/09\/Lake_Bourget.jpg\" \/>\n\t<meta property=\"og:image:width\" content=\"990\" \/>\n\t<meta property=\"og:image:height\" content=\"660\" \/>\n\t<meta property=\"og:image:type\" content=\"image\/jpeg\" \/>\n<meta name=\"author\" content=\"fikirman\" \/>\n<meta name=\"twitter:card\" content=\"summary_large_image\" \/>\n<meta name=\"twitter:creator\" content=\"@JV_BusinessMice\" \/>\n<meta name=\"twitter:site\" content=\"@JV_BusinessMice\" \/>\n<meta name=\"twitter:label1\" content=\"Written by\" \/>\n\t<meta name=\"twitter:data1\" content=\"fikirman\" \/>\n\t<meta name=\"twitter:label2\" content=\"Est. reading time\" \/>\n\t<meta name=\"twitter:data2\" content=\"4 minutes\" \/>\n<script type=\"application\/ld+json\" class=\"yoast-schema-graph\">{\"@context\":\"https:\/\/schema.org\",\"@graph\":[{\"@type\":\"Article\",\"@id\":\"https:\/\/julesverne.com.tr\/travel-blog\/agustos-ayinin-en-keyifli-destinasyonlari\/#article\",\"isPartOf\":{\"@id\":\"https:\/\/julesverne.com.tr\/travel-blog\/agustos-ayinin-en-keyifli-destinasyonlari\/\"},\"author\":{\"name\":\"fikirman\",\"@id\":\"https:\/\/julesverne.com.tr\/#\/schema\/person\/f4eb0514ae455538644c31b99a466fdb\"},\"headline\":\"A\u011fustos Ay\u0131n\u0131n En Keyifli Destinasyonlar\u0131\",\"datePublished\":\"2019-07-25T13:22:41+00:00\",\"dateModified\":\"2021-09-13T08:39:55+00:00\",\"mainEntityOfPage\":{\"@id\":\"https:\/\/julesverne.com.tr\/travel-blog\/agustos-ayinin-en-keyifli-destinasyonlari\/\"},\"wordCount\":860,\"publisher\":{\"@id\":\"https:\/\/julesverne.com.tr\/#organization\"},\"image\":{\"@id\":\"https:\/\/julesverne.com.tr\/travel-blog\/agustos-ayinin-en-keyifli-destinasyonlari\/#primaryimage\"},\"thumbnailUrl\":\"https:\/\/julesverne.com.tr\/wp-content\/uploads\/2020\/09\/Lake_Bourget.jpg\",\"articleSection\":[\"Blog\"],\"inLanguage\":\"en-US\"},{\"@type\":\"WebPage\",\"@id\":\"https:\/\/julesverne.com.tr\/travel-blog\/agustos-ayinin-en-keyifli-destinasyonlari\/\",\"url\":\"https:\/\/julesverne.com.tr\/travel-blog\/agustos-ayinin-en-keyifli-destinasyonlari\/\",\"name\":\"A\u011fustos Ay\u0131n\u0131n En Keyifli Destinasyonlar\u0131 - JULES VERNE BUSINESS MICE TRAVEL\",\"isPartOf\":{\"@id\":\"https:\/\/julesverne.com.tr\/#website\"},\"primaryImageOfPage\":{\"@id\":\"https:\/\/julesverne.com.tr\/travel-blog\/agustos-ayinin-en-keyifli-destinasyonlari\/#primaryimage\"},\"image\":{\"@id\":\"https:\/\/julesverne.com.tr\/travel-blog\/agustos-ayinin-en-keyifli-destinasyonlari\/#primaryimage\"},\"thumbnailUrl\":\"https:\/\/julesverne.com.tr\/wp-content\/uploads\/2020\/09\/Lake_Bourget.jpg\",\"datePublished\":\"2019-07-25T13:22:41+00:00\",\"dateModified\":\"2021-09-13T08:39:55+00:00\",\"breadcrumb\":{\"@id\":\"https:\/\/julesverne.com.tr\/travel-blog\/agustos-ayinin-en-keyifli-destinasyonlari\/#breadcrumb\"},\"inLanguage\":\"en-US\",\"potentialAction\":[{\"@type\":\"ReadAction\",\"target\":[\"https:\/\/julesverne.com.tr\/travel-blog\/agustos-ayinin-en-keyifli-destinasyonlari\/\"]}]},{\"@type\":\"ImageObject\",\"inLanguage\":\"en-US\",\"@id\":\"https:\/\/julesverne.com.tr\/travel-blog\/agustos-ayinin-en-keyifli-destinasyonlari\/#primaryimage\",\"url\":\"https:\/\/julesverne.com.tr\/wp-content\/uploads\/2020\/09\/Lake_Bourget.jpg\",\"contentUrl\":\"https:\/\/julesverne.com.tr\/wp-content\/uploads\/2020\/09\/Lake_Bourget.jpg\",\"width\":990,\"height\":660},{\"@type\":\"BreadcrumbList\",\"@id\":\"https:\/\/julesverne.com.tr\/travel-blog\/agustos-ayinin-en-keyifli-destinasyonlari\/#breadcrumb\",\"itemListElement\":[{\"@type\":\"ListItem\",\"position\":1,\"name\":\"Anasayfa\",\"item\":\"https:\/\/julesverne.com.tr\/\"},{\"@type\":\"ListItem\",\"position\":2,\"name\":\"A\u011fustos Ay\u0131n\u0131n En Keyifli Destinasyonlar\u0131\"}]},{\"@type\":\"WebSite\",\"@id\":\"https:\/\/julesverne.com.tr\/#website\",\"url\":\"https:\/\/julesverne.com.tr\/\",\"name\":\"JULES VERNE BUSINESS MICE TRAVEL\",\"description\":\"\",\"publisher\":{\"@id\":\"https:\/\/julesverne.com.tr\/#organization\"},\"potentialAction\":[{\"@type\":\"SearchAction\",\"target\":{\"@type\":\"EntryPoint\",\"urlTemplate\":\"https:\/\/julesverne.com.tr\/?s={search_term_string}\"},\"query-input\":\"required name=search_term_string\"}],\"inLanguage\":\"en-US\"},{\"@type\":\"Organization\",\"@id\":\"https:\/\/julesverne.com.tr\/#organization\",\"name\":\"JULES VERNE BUSINESS MICE TRAVEL\",\"url\":\"https:\/\/julesverne.com.tr\/\",\"logo\":{\"@type\":\"ImageObject\",\"inLanguage\":\"en-US\",\"@id\":\"https:\/\/julesverne.com.tr\/#\/schema\/logo\/image\/\",\"url\":\"https:\/\/julesverne.com.tr\/wp-content\/uploads\/2020\/09\/jv-bmt-logo.png\",\"contentUrl\":\"https:\/\/julesverne.com.tr\/wp-content\/uploads\/2020\/09\/jv-bmt-logo.png\",\"width\":110,\"height\":81,\"caption\":\"JULES VERNE BUSINESS MICE TRAVEL\"},\"image\":{\"@id\":\"https:\/\/julesverne.com.tr\/#\/schema\/logo\/image\/\"},\"sameAs\":[\"https:\/\/www.facebook.com\/JulesVerneBusinessMiceTravel\/\",\"https:\/\/twitter.com\/JV_BusinessMice\",\"https:\/\/www.instagram.com\/julesvernebusinessmicetravel\/\",\"https:\/\/www.linkedin.com\/company\/julesvernebusinessmicetravel\/\",\"https:\/\/www.youtube.com\/channel\/UCAwdsmbZ6tFhu1tea6pkpiw\"]},{\"@type\":\"Person\",\"@id\":\"https:\/\/julesverne.com.tr\/#\/schema\/person\/f4eb0514ae455538644c31b99a466fdb\",\"name\":\"fikirman\",\"sameAs\":[\"http:\/\/advermedya.net\/julesverne\"],\"url\":\"https:\/\/julesverne.com.tr\/en\/author\/fikirman\/\"}]}<\/script>\n<!-- \/ Yoast SEO plugin. -->","yoast_head_json":{"title":"A\u011fustos Ay\u0131n\u0131n En Keyifli Destinasyonlar\u0131 - JULES VERNE BUSINESS MICE TRAVEL","robots":{"index":"index","follow":"follow","max-snippet":"max-snippet:-1","max-image-preview":"max-image-preview:large","max-video-preview":"max-video-preview:-1"},"canonical":"https:\/\/julesverne.com.tr\/travel-blog\/agustos-ayinin-en-keyifli-destinasyonlari\/","og_locale":"en_US","og_type":"article","og_title":"A\u011fustos Ay\u0131n\u0131n En Keyifli Destinasyonlar\u0131 - JULES VERNE BUSINESS MICE TRAVEL","og_description":"Yaz mevsiminin en s\u0131cak, en hareketli ay\u0131na geldik! A\u011fustos ay\u0131 demek t&uuml;m tatil planlar\u0131n\u0131 ger&ccedil;ekle\u015ftirmek demek!&nbsp;Fransa&rsquo;dan Tanzanya&rsquo;ya, \u0130spanya&rsquo;dan H\u0131rvatistan&rsquo;a A\u011fustos ay\u0131n\u0131n en keyifli destinasyonlar\u0131&hellip;","og_url":"https:\/\/julesverne.com.tr\/travel-blog\/agustos-ayinin-en-keyifli-destinasyonlari\/","og_site_name":"JULES VERNE BUSINESS MICE TRAVEL","article_publisher":"https:\/\/www.facebook.com\/JulesVerneBusinessMiceTravel\/","article_published_time":"2019-07-25T13:22:41+00:00","article_modified_time":"2021-09-13T08:39:55+00:00","og_image":[{"width":990,"height":660,"url":"https:\/\/julesverne.com.tr\/wp-content\/uploads\/2020\/09\/Lake_Bourget.jpg","type":"image\/jpeg"}],"author":"fikirman","twitter_card":"summary_large_image","twitter_creator":"@JV_BusinessMice","twitter_site":"@JV_BusinessMice","twitter_misc":{"Written by":"fikirman","Est. reading time":"4 minutes"},"schema":{"@context":"https:\/\/schema.org","@graph":[{"@type":"Article","@id":"https:\/\/julesverne.com.tr\/travel-blog\/agustos-ayinin-en-keyifli-destinasyonlari\/#article","isPartOf":{"@id":"https:\/\/julesverne.com.tr\/travel-blog\/agustos-ayinin-en-keyifli-destinasyonlari\/"},"author":{"name":"fikirman","@id":"https:\/\/julesverne.com.tr\/#\/schema\/person\/f4eb0514ae455538644c31b99a466fdb"},"headline":"A\u011fustos Ay\u0131n\u0131n En Keyifli Destinasyonlar\u0131","datePublished":"2019-07-25T13:22:41+00:00","dateModified":"2021-09-13T08:39:55+00:00","mainEntityOfPage":{"@id":"https:\/\/julesverne.com.tr\/travel-blog\/agustos-ayinin-en-keyifli-destinasyonlari\/"},"wordCount":860,"publisher":{"@id":"https:\/\/julesverne.com.tr\/#organization"},"image":{"@id":"https:\/\/julesverne.com.tr\/travel-blog\/agustos-ayinin-en-keyifli-destinasyonlari\/#primaryimage"},"thumbnailUrl":"https:\/\/julesverne.com.tr\/wp-content\/uploads\/2020\/09\/Lake_Bourget.jpg","articleSection":["Blog"],"inLanguage":"en-US"},{"@type":"WebPage","@id":"https:\/\/julesverne.com.tr\/travel-blog\/agustos-ayinin-en-keyifli-destinasyonlari\/","url":"https:\/\/julesverne.com.tr\/travel-blog\/agustos-ayinin-en-keyifli-destinasyonlari\/","name":"A\u011fustos Ay\u0131n\u0131n En Keyifli Destinasyonlar\u0131 - JULES VERNE BUSINESS MICE TRAVEL","isPartOf":{"@id":"https:\/\/julesverne.com.tr\/#website"},"primaryImageOfPage":{"@id":"https:\/\/julesverne.com.tr\/travel-blog\/agustos-ayinin-en-keyifli-destinasyonlari\/#primaryimage"},"image":{"@id":"https:\/\/julesverne.com.tr\/travel-blog\/agustos-ayinin-en-keyifli-destinasyonlari\/#primaryimage"},"thumbnailUrl":"https:\/\/julesverne.com.tr\/wp-content\/uploads\/2020\/09\/Lake_Bourget.jpg","datePublished":"2019-07-25T13:22:41+00:00","dateModified":"2021-09-13T08:39:55+00:00","breadcrumb":{"@id":"https:\/\/julesverne.com.tr\/travel-blog\/agustos-ayinin-en-keyifli-destinasyonlari\/#breadcrumb"},"inLanguage":"en-US","potentialAction":[{"@type":"ReadAction","target":["https:\/\/julesverne.com.tr\/travel-blog\/agustos-ayinin-en-keyifli-destinasyonlari\/"]}]},{"@type":"ImageObject","inLanguage":"en-US","@id":"https:\/\/julesverne.com.tr\/travel-blog\/agustos-ayinin-en-keyifli-destinasyonlari\/#primaryimage","url":"https:\/\/julesverne.com.tr\/wp-content\/uploads\/2020\/09\/Lake_Bourget.jpg","contentUrl":"https:\/\/julesverne.com.tr\/wp-content\/uploads\/2020\/09\/Lake_Bourget.jpg","width":990,"height":660},{"@type":"BreadcrumbList","@id":"https:\/\/julesverne.com.tr\/travel-blog\/agustos-ayinin-en-keyifli-destinasyonlari\/#breadcrumb","itemListElement":[{"@type":"ListItem","position":1,"name":"Anasayfa","item":"https:\/\/julesverne.com.tr\/"},{"@type":"ListItem","position":2,"name":"A\u011fustos Ay\u0131n\u0131n En Keyifli Destinasyonlar\u0131"}]},{"@type":"WebSite","@id":"https:\/\/julesverne.com.tr\/#website","url":"https:\/\/julesverne.com.tr\/","name":"JULES VERNE BUSINESS MICE TRAVEL","description":"","publisher":{"@id":"https:\/\/julesverne.com.tr\/#organization"},"potentialAction":[{"@type":"SearchAction","target":{"@type":"EntryPoint","urlTemplate":"https:\/\/julesverne.com.tr\/?s={search_term_string}"},"query-input":"required name=search_term_string"}],"inLanguage":"en-US"},{"@type":"Organization","@id":"https:\/\/julesverne.com.tr\/#organization","name":"JULES VERNE BUSINESS MICE TRAVEL","url":"https:\/\/julesverne.com.tr\/","logo":{"@type":"ImageObject","inLanguage":"en-US","@id":"https:\/\/julesverne.com.tr\/#\/schema\/logo\/image\/","url":"https:\/\/julesverne.com.tr\/wp-content\/uploads\/2020\/09\/jv-bmt-logo.png","contentUrl":"https:\/\/julesverne.com.tr\/wp-content\/uploads\/2020\/09\/jv-bmt-logo.png","width":110,"height":81,"caption":"JULES VERNE BUSINESS MICE TRAVEL"},"image":{"@id":"https:\/\/julesverne.com.tr\/#\/schema\/logo\/image\/"},"sameAs":["https:\/\/www.facebook.com\/JulesVerneBusinessMiceTravel\/","https:\/\/twitter.com\/JV_BusinessMice","https:\/\/www.instagram.com\/julesvernebusinessmicetravel\/","https:\/\/www.linkedin.com\/company\/julesvernebusinessmicetravel\/","https:\/\/www.youtube.com\/channel\/UCAwdsmbZ6tFhu1tea6pkpiw"]},{"@type":"Person","@id":"https:\/\/julesverne.com.tr\/#\/schema\/person\/f4eb0514ae455538644c31b99a466fdb","name":"fikirman","sameAs":["http:\/\/advermedya.net\/julesverne"],"url":"https:\/\/julesverne.com.tr\/en\/author\/fikirman\/"}]}},"_links":{"self":[{"href":"https:\/\/julesverne.com.tr\/en\/wp-json\/wp\/v2\/posts\/2146"}],"collection":[{"href":"https:\/\/julesverne.com.tr\/en\/wp-json\/wp\/v2\/posts"}],"about":[{"href":"https:\/\/julesverne.com.tr\/en\/wp-json\/wp\/v2\/types\/post"}],"author":[{"embeddable":true,"href":"https:\/\/julesverne.com.tr\/en\/wp-json\/wp\/v2\/users\/1"}],"replies":[{"embeddable":true,"href":"https:\/\/julesverne.com.tr\/en\/wp-json\/wp\/v2\/comments?post=2146"}],"version-history":[{"count":0,"href":"https:\/\/julesverne.com.tr\/en\/wp-json\/wp\/v2\/posts\/2146\/revisions"}],"wp:featuredmedia":[{"embeddable":true,"href":"https:\/\/julesverne.com.tr\/en\/wp-json\/wp\/v2\/media\/2147"}],"wp:attachment":[{"href":"https:\/\/julesverne.com.tr\/en\/wp-json\/wp\/v2\/media?parent=2146"}],"wp:term":[{"taxonomy":"category","embeddable":true,"href":"https:\/\/julesverne.com.tr\/en\/wp-json\/wp\/v2\/categories?post=2146"},{"taxonomy":"post_tag","embeddable":true,"href":"https:\/\/julesverne.com.tr\/en\/wp-json\/wp\/v2\/tags?post=2146"}],"curies":[{"name":"wp","href":"https:\/\/api.w.org\/{rel}","templated":true}]}}