{"id":2139,"date":"2019-06-27T20:12:52","date_gmt":"2019-06-27T17:12:52","guid":{"rendered":"https:\/\/www.julesverne.com.tr\/\/blog\/temmuz-ayinin-en-keyifli-destinasyonlari\/"},"modified":"2021-09-13T11:48:25","modified_gmt":"2021-09-13T08:48:25","slug":"temmuz-ayinin-en-keyifli-destinasyonlari","status":"publish","type":"post","link":"https:\/\/julesverne.com.tr\/en\/travel-blog\/temmuz-ayinin-en-keyifli-destinasyonlari\/","title":{"rendered":"Temmuz Ay\u0131n\u0131n En Keyifli Destinasyonlar\u0131"},"content":{"rendered":"<p style=\"text-align: center;\"><img loading=\"lazy\" decoding=\"async\" class=\"alignnone size-full wp-image-3521\" src=\"https:\/\/www.julesverne.com.tr\/\/wp-content\/uploads\/2020\/09\/provence_lavanta_tarlalari.jpg\" alt=\"provence_lavanta_tarlalari\" width=\"1000\" height=\"665\" srcset=\"https:\/\/julesverne.com.tr\/wp-content\/uploads\/2020\/09\/provence_lavanta_tarlalari.jpg 1000w, https:\/\/julesverne.com.tr\/wp-content\/uploads\/2020\/09\/provence_lavanta_tarlalari-500x333.jpg 500w, https:\/\/julesverne.com.tr\/wp-content\/uploads\/2020\/09\/provence_lavanta_tarlalari-768x511.jpg 768w\" sizes=\"(max-width: 1000px) 100vw, 1000px\" \/><\/p>\n<p>D\u00fcnyan\u0131n d\u00f6rt bir yan\u0131nda bamba\u015fka deneyimler ya\u015famaya haz\u0131rsan\u0131z Temmuz ay\u0131 seyahat \u00f6nerileri ile ba\u015flayal\u0131m\u2026 D\u00fcnya \u00fczerinde en etkileyici deneyimlerden biri olan b\u00fcy\u00fck g\u00f6\u00e7e \u015fahit olaca\u011f\u0131n\u0131z Kenya safari tecr\u00fcbesinden lavanta tarlalar\u0131n\u0131n muhte\u015fem bir arka fon olu\u015fturdu\u011fu Provence seyahatine; bir do\u011fa harikas\u0131 olan Norve\u00e7 fiyortlar\u0131ndan Meksika\u2019n\u0131n Yucatan Yar\u0131madas\u0131\u2019na uzanan Temmuz ay\u0131n\u0131n en keyifli destinasyonlar\u0131\u2026<\/p>\n<p><strong>Kenya<\/strong><\/p>\n<p style=\"text-align: center;\"><strong><img loading=\"lazy\" decoding=\"async\" class=\"alignnone size-full wp-image-3522\" src=\"https:\/\/www.julesverne.com.tr\/\/wp-content\/uploads\/2020\/09\/30-31-Kenya-Migration.jpg\" alt=\"kenya\" width=\"1224\" height=\"638\" srcset=\"https:\/\/julesverne.com.tr\/wp-content\/uploads\/2020\/09\/30-31-Kenya-Migration.jpg 1224w, https:\/\/julesverne.com.tr\/wp-content\/uploads\/2020\/09\/30-31-Kenya-Migration-500x261.jpg 500w, https:\/\/julesverne.com.tr\/wp-content\/uploads\/2020\/09\/30-31-Kenya-Migration-768x400.jpg 768w\" sizes=\"(max-width: 1224px) 100vw, 1224px\" \/><\/strong><\/p>\n<p>Kenya&#8217;da do\u011fan\u0131n en b\u00fcy\u00fcleyici anlar\u0131na tan\u0131kl\u0131k etmek i\u00e7in \u00fclkenin kurak mevsimi Temmuz-Eyl\u00fcl aylar\u0131n\u0131 tercih etmelisiniz. Her y\u0131l, kurakl\u0131k ve a\u00e7l\u0131k sebebiyle\u00a0Tanzanya-Kenya aras\u0131nda ya\u015fanan B\u00fcy\u00fck G\u00f6\u00e7, zorlu ve uzun bir yolculu\u011fa tan\u0131kl\u0131k ediyor. Hayatta kalman\u0131n esas oldu\u011fu bu yolculuk s\u0131ras\u0131nda Afrika&#8217;n\u0131n \u00fcnl\u00fc &#8220;B\u00fcy\u00fck Be\u015flisi&#8221; olan aslan, leopar, Afrika fili, Afrika mandas\u0131 ve siyah gergedanlar\u0131 g\u00f6rmeniz i\u00e7in e\u015fsiz bir f\u0131rsat. Her sabah g\u00fcn do\u011fumunda ve g\u00fcn bat\u0131m\u0131nda \u00e7\u0131kaca\u011f\u0131n\u0131z safari yolculuklar\u0131 size d\u00fcnyan\u0131n ne kadar e\u015fsiz ve kusursuz bir dengede oldu\u011funu hat\u0131rlatacak!<\/p>\n<p><strong>Norve\u00e7 Fiyortlar\u0131<\/strong><\/p>\n<p style=\"text-align: center;\"><strong><img loading=\"lazy\" decoding=\"async\" class=\"alignnone size-full wp-image-3523\" src=\"https:\/\/www.julesverne.com.tr\/\/wp-content\/uploads\/2020\/09\/norvec_fiyord.jpg\" alt=\"norvec_fiyortlari\" width=\"1000\" height=\"667\" srcset=\"https:\/\/julesverne.com.tr\/wp-content\/uploads\/2020\/09\/norvec_fiyord.jpg 1000w, https:\/\/julesverne.com.tr\/wp-content\/uploads\/2020\/09\/norvec_fiyord-500x334.jpg 500w, https:\/\/julesverne.com.tr\/wp-content\/uploads\/2020\/09\/norvec_fiyord-768x512.jpg 768w\" sizes=\"(max-width: 1000px) 100vw, 1000px\" \/><\/strong><\/p>\n<p>Muazzam bir k\u0131y\u0131 \u015feridi olan Norve\u00e7, fiyortlar\u0131n kral\u0131 olarak hakl\u0131 bir \u00fcne sahip. Bize soracak olursan\u0131z Norve\u00e7 Fiyortlar\u0131, sakinli\u011fi ve do\u011fal g\u00f6rkemiyle d\u00fcnyada ger\u00e7ekle\u015ftirmeniz gereken seyahatler listesinde yer al\u0131yor. Ye\u015fil ve mavinin en can al\u0131c\u0131 olu\u015fumlar\u0131na tan\u0131kl\u0131k edece\u011finiz bu ke\u015ffi haftalarca hi\u00e7 s\u0131k\u0131lmadan yapabilirsiniz. Tren yolculuklar\u0131ndan cruise seyahatlerine do\u011fan\u0131n bu mucizesine tan\u0131kl\u0131k etmek i\u00e7in farkl\u0131 rotalar mevcut. Norve\u00e7\u2019in bu e\u015fsiz k\u0131y\u0131lar\u0131n\u0131 ister denizden ister tren ve araba yolculu\u011fu ile ke\u015ffedin ama yeter ki ke\u015ffedin!<\/p>\n<p><strong>Yucatan Yar\u0131madas\u0131, Meksika<\/strong><\/p>\n<p style=\"text-align: center;\"><strong><img loading=\"lazy\" decoding=\"async\" class=\"alignnone size-full wp-image-3524\" src=\"https:\/\/www.julesverne.com.tr\/\/wp-content\/uploads\/2020\/09\/tulum_meksika.jpg\" alt=\"tulum_yucatan\" width=\"999\" height=\"666\" srcset=\"https:\/\/julesverne.com.tr\/wp-content\/uploads\/2020\/09\/tulum_meksika.jpg 999w, https:\/\/julesverne.com.tr\/wp-content\/uploads\/2020\/09\/tulum_meksika-500x333.jpg 500w, https:\/\/julesverne.com.tr\/wp-content\/uploads\/2020\/09\/tulum_meksika-768x512.jpg 768w\" sizes=\"(max-width: 999px) 100vw, 999px\" \/><\/strong><\/p>\n<p>Meksika\u2019da antik Maya kal\u0131nt\u0131lar\u0131n\u0131, masmavi sular\u0131yla cazip plajlar\u0131, kendine has ya\u015fam k\u00fclt\u00fcrleri olan kasabalar\u0131, s\u00f6m\u00fcrge tarihinin \u00e7arp\u0131c\u0131 izlerini ayn\u0131 s\u0131n\u0131rlar i\u00e7inde bulabilece\u011finiz tek yer Yucatan Yar\u0131madas\u0131. Tarih, k\u00fclt\u00fcr, do\u011fa, e\u011flence&#8230; Okuduk\u00e7a sevece\u011finiz, sayfalar\u0131 \u00e7evirdik\u00e7e daha da meraklanaca\u011f\u0131n\u0131z bir kitap gibi d\u00fc\u015f\u00fcn\u00fcn bu yar\u0131maday\u0131! Cancun&#8217;dan Valladolid&#8217;e, Merida&#8217;dan Tulum&#8217;a, Chich\u00e9n Itz\u00e1&#8217;dan Playa del Carmen&#8217;e kadar uzanan bir deneyim sizi bekliyor.<\/p>\n<p><strong>Provence, Fransa<\/strong><\/p>\n<p style=\"text-align: center;\"><strong><img loading=\"lazy\" decoding=\"async\" class=\"alignnone size-full wp-image-3525\" src=\"https:\/\/www.julesverne.com.tr\/\/wp-content\/uploads\/2020\/09\/abbaye_de_senanque.jpg\" alt=\"abbaye_de_senanque\" width=\"999\" height=\"632\" srcset=\"https:\/\/julesverne.com.tr\/wp-content\/uploads\/2020\/09\/abbaye_de_senanque.jpg 999w, https:\/\/julesverne.com.tr\/wp-content\/uploads\/2020\/09\/abbaye_de_senanque-500x316.jpg 500w, https:\/\/julesverne.com.tr\/wp-content\/uploads\/2020\/09\/abbaye_de_senanque-768x486.jpg 768w\" sizes=\"(max-width: 999px) 100vw, 999px\" \/><\/strong><\/p>\n<p>Provence&#8217;a bu kez lavanta tarlalar\u0131n\u0131n harika g\u00f6r\u00fcnt\u00fcleri i\u00e7in gidiyoruz. Lavanta manzaralar\u0131 ile dolu bir rota \u00e7izmek isterseniz Sault- Gordes &#8211; Manosque \u00e7emberini genel iskelet olarak d\u00fc\u015f\u00fcnebilirsiniz. Valensole, Abbaye de S\u00e9nanque lavanta tarlalar\u0131n\u0131 g\u00f6rebilece\u011finiz en pop\u00fcler noktalar. Sault kasabas\u0131n\u0131n biraz yukar\u0131s\u0131nda yer alan ve Fransa&#8217;n\u0131n en g\u00fczel k\u00f6yleri aras\u0131nda yer alan Montbrun-les-Bains de lavanta manzaralar\u0131 i\u00e7in az bilinen bir hazine!<\/p>\n<p><strong>Toskana, \u0130talya<\/strong><\/p>\n<p style=\"text-align: center;\"><strong><img loading=\"lazy\" decoding=\"async\" class=\"alignnone size-full wp-image-3526\" src=\"https:\/\/www.julesverne.com.tr\/\/wp-content\/uploads\/2020\/09\/toskana-1.jpg\" alt=\"toskana\" width=\"1000\" height=\"667\" srcset=\"https:\/\/julesverne.com.tr\/wp-content\/uploads\/2020\/09\/toskana-1.jpg 1000w, https:\/\/julesverne.com.tr\/wp-content\/uploads\/2020\/09\/toskana-1-500x334.jpg 500w, https:\/\/julesverne.com.tr\/wp-content\/uploads\/2020\/09\/toskana-1-768x512.jpg 768w\" sizes=\"(max-width: 1000px) 100vw, 1000px\" \/><\/strong><\/p>\n<p>Toskana\u2019n\u0131n Temmuz ay\u0131 seyahat \u00f6nerileri aras\u0131nda yer almas\u0131n\u0131n en \u00f6nemli sebebi d\u00fcnyan\u0131n en iyi tenorlar\u0131ndan biri olan Andrea Bocelli\u2019nin konserinin olmas\u0131! Art\u0131k bir rit\u00fcel haline gelen ve sanat\u00e7\u0131n\u0131n do\u011fdu\u011fu kasaba olan Lajatico\u2019da a\u00e7\u0131k havada verdi\u011fi konser m\u00fczik severleri Toskana\u2019da bulu\u015fturuyor. Bu y\u0131l, 27 Temmuz Cumartesi g\u00fcn\u00fc sahneye \u00e7\u0131kacak olan Bocelli\u2019yi seyretmek isteyen bir sanat tutkunuysan\u0131z Floransa-Siena rotas\u0131 ile bu seyahati ta\u00e7land\u0131rabilirsiniz.<\/p>\n<p><strong>BONUS: Elqui Vadisi, \u015eili<\/strong><\/p>\n<p style=\"text-align: center;\"><strong><img loading=\"lazy\" decoding=\"async\" class=\"alignnone size-full wp-image-3527\" src=\"https:\/\/www.julesverne.com.tr\/\/wp-content\/uploads\/2020\/09\/Elqui_Domes_ElquiValley.jpg\" alt=\"elqui_vadisi\" width=\"1280\" height=\"853\" srcset=\"https:\/\/julesverne.com.tr\/wp-content\/uploads\/2020\/09\/Elqui_Domes_ElquiValley.jpg 1280w, https:\/\/julesverne.com.tr\/wp-content\/uploads\/2020\/09\/Elqui_Domes_ElquiValley-500x333.jpg 500w, https:\/\/julesverne.com.tr\/wp-content\/uploads\/2020\/09\/Elqui_Domes_ElquiValley-768x512.jpg 768w\" sizes=\"(max-width: 1280px) 100vw, 1280px\" \/><\/strong><\/p>\n<p>E\u015fi benzeri olmayan bir deneyim arayan do\u011fa tutkunuysan\u0131z y\u00f6n\u00fcn\u00fcz\u00fc \u015eili&#8217;ye, Elqui Vadisi&#8217;ne \u00e7evirmenizi \u00f6neriyoruz. Neden mi? \u00c7\u00fcnk\u00fc en b\u00fcy\u00fcleyici do\u011fa olaylar\u0131ndan biri olan tam g\u00fcne\u015f tutulmas\u0131 bu y\u0131l \u015eili&#8217;den t\u00fcm ihti\u015fam\u0131yla g\u00f6r\u00fclebilecek! D\u00fcnyan\u0131n en \u00f6nemli g\u00f6ky\u00fcz\u00fc g\u00f6zlem noktalar\u0131ndan olan Elqui Vadisi&#8217;nde, 2 Temmuz Sal\u0131 g\u00fcn\u00fc ger\u00e7ekle\u015fecek g\u00fcne\u015f tutulmas\u0131n\u0131 seyredebilirsiniz. Tabi, \u015eili\u2019nin \u201cmilli i\u00e7kisi\u201d piscoyu da i\u00e7meyi unutmay\u0131n!<\/p>\n<p style=\"text-align: center;\"><strong>Size \u00f6zel seyahat program\u0131 ve rezervasyon i\u00e7in:<\/strong><br \/>\n<a href=\"mailto:travel@julesverne.com.tr\" target=\"_blank\" rel=\"noopener noreferrer\"><strong>travel@julesverne.com.tr<\/strong><\/a><br \/>\n<strong>0212 266 6363 &#8211; 118<\/strong><\/p>\n","protected":false},"excerpt":{"rendered":"<p>D&uuml;nyan\u0131n d&ouml;rt bir yan\u0131nda bamba\u015fka deneyimler ya\u015famaya haz\u0131rsan\u0131z Temmuz ay\u0131n\u0131n seyahat &ouml;nerileri ile ba\u015flayal\u0131m. emmuz ay\u0131n\u0131n en keyifli destinasyonlar\u0131&hellip;<\/p>\n","protected":false},"author":1,"featured_media":2140,"comment_status":"closed","ping_status":"closed","sticky":false,"template":"","format":"standard","meta":{"inline_featured_image":false,"footnotes":""},"categories":[1],"tags":[],"acf":[],"yoast_head":"<!-- This site is optimized with the Yoast SEO plugin v22.3 - https:\/\/yoast.com\/wordpress\/plugins\/seo\/ -->\n<title>Temmuz Ay\u0131n\u0131n En Keyifli Destinasyonlar\u0131 - JULES VERNE BUSINESS MICE TRAVEL<\/title>\n<meta name=\"robots\" content=\"index, follow, max-snippet:-1, max-image-preview:large, max-video-preview:-1\" \/>\n<link rel=\"canonical\" href=\"https:\/\/julesverne.com.tr\/travel-blog\/temmuz-ayinin-en-keyifli-destinasyonlari\/\" \/>\n<meta property=\"og:locale\" content=\"en_US\" \/>\n<meta property=\"og:type\" content=\"article\" \/>\n<meta property=\"og:title\" content=\"Temmuz Ay\u0131n\u0131n En Keyifli Destinasyonlar\u0131 - JULES VERNE BUSINESS MICE TRAVEL\" \/>\n<meta property=\"og:description\" content=\"D&uuml;nyan\u0131n d&ouml;rt bir yan\u0131nda bamba\u015fka deneyimler ya\u015famaya haz\u0131rsan\u0131z Temmuz ay\u0131n\u0131n seyahat &ouml;nerileri ile ba\u015flayal\u0131m. emmuz ay\u0131n\u0131n en keyifli destinasyonlar\u0131&hellip;\" \/>\n<meta property=\"og:url\" content=\"https:\/\/julesverne.com.tr\/travel-blog\/temmuz-ayinin-en-keyifli-destinasyonlari\/\" \/>\n<meta property=\"og:site_name\" content=\"JULES VERNE BUSINESS MICE TRAVEL\" \/>\n<meta property=\"article:publisher\" content=\"https:\/\/www.facebook.com\/JulesVerneBusinessMiceTravel\/\" \/>\n<meta property=\"article:published_time\" content=\"2019-06-27T17:12:52+00:00\" \/>\n<meta property=\"article:modified_time\" content=\"2021-09-13T08:48:25+00:00\" \/>\n<meta property=\"og:image\" content=\"https:\/\/julesverne.com.tr\/wp-content\/uploads\/2020\/09\/masai_mara_safari.jpg\" \/>\n\t<meta property=\"og:image:width\" content=\"999\" \/>\n\t<meta property=\"og:image:height\" content=\"666\" \/>\n\t<meta property=\"og:image:type\" content=\"image\/jpeg\" \/>\n<meta name=\"author\" content=\"fikirman\" \/>\n<meta name=\"twitter:card\" content=\"summary_large_image\" \/>\n<meta name=\"twitter:creator\" content=\"@JV_BusinessMice\" \/>\n<meta name=\"twitter:site\" content=\"@JV_BusinessMice\" \/>\n<meta name=\"twitter:label1\" content=\"Written by\" \/>\n\t<meta name=\"twitter:data1\" content=\"fikirman\" \/>\n\t<meta name=\"twitter:label2\" content=\"Est. reading time\" \/>\n\t<meta name=\"twitter:data2\" content=\"3 minutes\" \/>\n<script type=\"application\/ld+json\" class=\"yoast-schema-graph\">{\"@context\":\"https:\/\/schema.org\",\"@graph\":[{\"@type\":\"Article\",\"@id\":\"https:\/\/julesverne.com.tr\/travel-blog\/temmuz-ayinin-en-keyifli-destinasyonlari\/#article\",\"isPartOf\":{\"@id\":\"https:\/\/julesverne.com.tr\/travel-blog\/temmuz-ayinin-en-keyifli-destinasyonlari\/\"},\"author\":{\"name\":\"fikirman\",\"@id\":\"https:\/\/julesverne.com.tr\/#\/schema\/person\/f4eb0514ae455538644c31b99a466fdb\"},\"headline\":\"Temmuz Ay\u0131n\u0131n En Keyifli Destinasyonlar\u0131\",\"datePublished\":\"2019-06-27T17:12:52+00:00\",\"dateModified\":\"2021-09-13T08:48:25+00:00\",\"mainEntityOfPage\":{\"@id\":\"https:\/\/julesverne.com.tr\/travel-blog\/temmuz-ayinin-en-keyifli-destinasyonlari\/\"},\"wordCount\":693,\"publisher\":{\"@id\":\"https:\/\/julesverne.com.tr\/#organization\"},\"image\":{\"@id\":\"https:\/\/julesverne.com.tr\/travel-blog\/temmuz-ayinin-en-keyifli-destinasyonlari\/#primaryimage\"},\"thumbnailUrl\":\"https:\/\/julesverne.com.tr\/wp-content\/uploads\/2020\/09\/masai_mara_safari.jpg\",\"articleSection\":[\"Blog\"],\"inLanguage\":\"en-US\"},{\"@type\":\"WebPage\",\"@id\":\"https:\/\/julesverne.com.tr\/travel-blog\/temmuz-ayinin-en-keyifli-destinasyonlari\/\",\"url\":\"https:\/\/julesverne.com.tr\/travel-blog\/temmuz-ayinin-en-keyifli-destinasyonlari\/\",\"name\":\"Temmuz Ay\u0131n\u0131n En Keyifli Destinasyonlar\u0131 - JULES VERNE BUSINESS MICE TRAVEL\",\"isPartOf\":{\"@id\":\"https:\/\/julesverne.com.tr\/#website\"},\"primaryImageOfPage\":{\"@id\":\"https:\/\/julesverne.com.tr\/travel-blog\/temmuz-ayinin-en-keyifli-destinasyonlari\/#primaryimage\"},\"image\":{\"@id\":\"https:\/\/julesverne.com.tr\/travel-blog\/temmuz-ayinin-en-keyifli-destinasyonlari\/#primaryimage\"},\"thumbnailUrl\":\"https:\/\/julesverne.com.tr\/wp-content\/uploads\/2020\/09\/masai_mara_safari.jpg\",\"datePublished\":\"2019-06-27T17:12:52+00:00\",\"dateModified\":\"2021-09-13T08:48:25+00:00\",\"breadcrumb\":{\"@id\":\"https:\/\/julesverne.com.tr\/travel-blog\/temmuz-ayinin-en-keyifli-destinasyonlari\/#breadcrumb\"},\"inLanguage\":\"en-US\",\"potentialAction\":[{\"@type\":\"ReadAction\",\"target\":[\"https:\/\/julesverne.com.tr\/travel-blog\/temmuz-ayinin-en-keyifli-destinasyonlari\/\"]}]},{\"@type\":\"ImageObject\",\"inLanguage\":\"en-US\",\"@id\":\"https:\/\/julesverne.com.tr\/travel-blog\/temmuz-ayinin-en-keyifli-destinasyonlari\/#primaryimage\",\"url\":\"https:\/\/julesverne.com.tr\/wp-content\/uploads\/2020\/09\/masai_mara_safari.jpg\",\"contentUrl\":\"https:\/\/julesverne.com.tr\/wp-content\/uploads\/2020\/09\/masai_mara_safari.jpg\",\"width\":999,\"height\":666},{\"@type\":\"BreadcrumbList\",\"@id\":\"https:\/\/julesverne.com.tr\/travel-blog\/temmuz-ayinin-en-keyifli-destinasyonlari\/#breadcrumb\",\"itemListElement\":[{\"@type\":\"ListItem\",\"position\":1,\"name\":\"Anasayfa\",\"item\":\"https:\/\/julesverne.com.tr\/\"},{\"@type\":\"ListItem\",\"position\":2,\"name\":\"Temmuz Ay\u0131n\u0131n En Keyifli Destinasyonlar\u0131\"}]},{\"@type\":\"WebSite\",\"@id\":\"https:\/\/julesverne.com.tr\/#website\",\"url\":\"https:\/\/julesverne.com.tr\/\",\"name\":\"JULES VERNE BUSINESS MICE TRAVEL\",\"description\":\"\",\"publisher\":{\"@id\":\"https:\/\/julesverne.com.tr\/#organization\"},\"potentialAction\":[{\"@type\":\"SearchAction\",\"target\":{\"@type\":\"EntryPoint\",\"urlTemplate\":\"https:\/\/julesverne.com.tr\/?s={search_term_string}\"},\"query-input\":\"required name=search_term_string\"}],\"inLanguage\":\"en-US\"},{\"@type\":\"Organization\",\"@id\":\"https:\/\/julesverne.com.tr\/#organization\",\"name\":\"JULES VERNE BUSINESS MICE TRAVEL\",\"url\":\"https:\/\/julesverne.com.tr\/\",\"logo\":{\"@type\":\"ImageObject\",\"inLanguage\":\"en-US\",\"@id\":\"https:\/\/julesverne.com.tr\/#\/schema\/logo\/image\/\",\"url\":\"https:\/\/julesverne.com.tr\/wp-content\/uploads\/2020\/09\/jv-bmt-logo.png\",\"contentUrl\":\"https:\/\/julesverne.com.tr\/wp-content\/uploads\/2020\/09\/jv-bmt-logo.png\",\"width\":110,\"height\":81,\"caption\":\"JULES VERNE BUSINESS MICE TRAVEL\"},\"image\":{\"@id\":\"https:\/\/julesverne.com.tr\/#\/schema\/logo\/image\/\"},\"sameAs\":[\"https:\/\/www.facebook.com\/JulesVerneBusinessMiceTravel\/\",\"https:\/\/twitter.com\/JV_BusinessMice\",\"https:\/\/www.instagram.com\/julesvernebusinessmicetravel\/\",\"https:\/\/www.linkedin.com\/company\/julesvernebusinessmicetravel\/\",\"https:\/\/www.youtube.com\/channel\/UCAwdsmbZ6tFhu1tea6pkpiw\"]},{\"@type\":\"Person\",\"@id\":\"https:\/\/julesverne.com.tr\/#\/schema\/person\/f4eb0514ae455538644c31b99a466fdb\",\"name\":\"fikirman\",\"sameAs\":[\"http:\/\/advermedya.net\/julesverne\"],\"url\":\"https:\/\/julesverne.com.tr\/en\/author\/fikirman\/\"}]}<\/script>\n<!-- \/ Yoast SEO plugin. -->","yoast_head_json":{"title":"Temmuz Ay\u0131n\u0131n En Keyifli Destinasyonlar\u0131 - JULES VERNE BUSINESS MICE TRAVEL","robots":{"index":"index","follow":"follow","max-snippet":"max-snippet:-1","max-image-preview":"max-image-preview:large","max-video-preview":"max-video-preview:-1"},"canonical":"https:\/\/julesverne.com.tr\/travel-blog\/temmuz-ayinin-en-keyifli-destinasyonlari\/","og_locale":"en_US","og_type":"article","og_title":"Temmuz Ay\u0131n\u0131n En Keyifli Destinasyonlar\u0131 - JULES VERNE BUSINESS MICE TRAVEL","og_description":"D&uuml;nyan\u0131n d&ouml;rt bir yan\u0131nda bamba\u015fka deneyimler ya\u015famaya haz\u0131rsan\u0131z Temmuz ay\u0131n\u0131n seyahat &ouml;nerileri ile ba\u015flayal\u0131m. emmuz ay\u0131n\u0131n en keyifli destinasyonlar\u0131&hellip;","og_url":"https:\/\/julesverne.com.tr\/travel-blog\/temmuz-ayinin-en-keyifli-destinasyonlari\/","og_site_name":"JULES VERNE BUSINESS MICE TRAVEL","article_publisher":"https:\/\/www.facebook.com\/JulesVerneBusinessMiceTravel\/","article_published_time":"2019-06-27T17:12:52+00:00","article_modified_time":"2021-09-13T08:48:25+00:00","og_image":[{"width":999,"height":666,"url":"https:\/\/julesverne.com.tr\/wp-content\/uploads\/2020\/09\/masai_mara_safari.jpg","type":"image\/jpeg"}],"author":"fikirman","twitter_card":"summary_large_image","twitter_creator":"@JV_BusinessMice","twitter_site":"@JV_BusinessMice","twitter_misc":{"Written by":"fikirman","Est. reading time":"3 minutes"},"schema":{"@context":"https:\/\/schema.org","@graph":[{"@type":"Article","@id":"https:\/\/julesverne.com.tr\/travel-blog\/temmuz-ayinin-en-keyifli-destinasyonlari\/#article","isPartOf":{"@id":"https:\/\/julesverne.com.tr\/travel-blog\/temmuz-ayinin-en-keyifli-destinasyonlari\/"},"author":{"name":"fikirman","@id":"https:\/\/julesverne.com.tr\/#\/schema\/person\/f4eb0514ae455538644c31b99a466fdb"},"headline":"Temmuz Ay\u0131n\u0131n En Keyifli Destinasyonlar\u0131","datePublished":"2019-06-27T17:12:52+00:00","dateModified":"2021-09-13T08:48:25+00:00","mainEntityOfPage":{"@id":"https:\/\/julesverne.com.tr\/travel-blog\/temmuz-ayinin-en-keyifli-destinasyonlari\/"},"wordCount":693,"publisher":{"@id":"https:\/\/julesverne.com.tr\/#organization"},"image":{"@id":"https:\/\/julesverne.com.tr\/travel-blog\/temmuz-ayinin-en-keyifli-destinasyonlari\/#primaryimage"},"thumbnailUrl":"https:\/\/julesverne.com.tr\/wp-content\/uploads\/2020\/09\/masai_mara_safari.jpg","articleSection":["Blog"],"inLanguage":"en-US"},{"@type":"WebPage","@id":"https:\/\/julesverne.com.tr\/travel-blog\/temmuz-ayinin-en-keyifli-destinasyonlari\/","url":"https:\/\/julesverne.com.tr\/travel-blog\/temmuz-ayinin-en-keyifli-destinasyonlari\/","name":"Temmuz Ay\u0131n\u0131n En Keyifli Destinasyonlar\u0131 - JULES VERNE BUSINESS MICE TRAVEL","isPartOf":{"@id":"https:\/\/julesverne.com.tr\/#website"},"primaryImageOfPage":{"@id":"https:\/\/julesverne.com.tr\/travel-blog\/temmuz-ayinin-en-keyifli-destinasyonlari\/#primaryimage"},"image":{"@id":"https:\/\/julesverne.com.tr\/travel-blog\/temmuz-ayinin-en-keyifli-destinasyonlari\/#primaryimage"},"thumbnailUrl":"https:\/\/julesverne.com.tr\/wp-content\/uploads\/2020\/09\/masai_mara_safari.jpg","datePublished":"2019-06-27T17:12:52+00:00","dateModified":"2021-09-13T08:48:25+00:00","breadcrumb":{"@id":"https:\/\/julesverne.com.tr\/travel-blog\/temmuz-ayinin-en-keyifli-destinasyonlari\/#breadcrumb"},"inLanguage":"en-US","potentialAction":[{"@type":"ReadAction","target":["https:\/\/julesverne.com.tr\/travel-blog\/temmuz-ayinin-en-keyifli-destinasyonlari\/"]}]},{"@type":"ImageObject","inLanguage":"en-US","@id":"https:\/\/julesverne.com.tr\/travel-blog\/temmuz-ayinin-en-keyifli-destinasyonlari\/#primaryimage","url":"https:\/\/julesverne.com.tr\/wp-content\/uploads\/2020\/09\/masai_mara_safari.jpg","contentUrl":"https:\/\/julesverne.com.tr\/wp-content\/uploads\/2020\/09\/masai_mara_safari.jpg","width":999,"height":666},{"@type":"BreadcrumbList","@id":"https:\/\/julesverne.com.tr\/travel-blog\/temmuz-ayinin-en-keyifli-destinasyonlari\/#breadcrumb","itemListElement":[{"@type":"ListItem","position":1,"name":"Anasayfa","item":"https:\/\/julesverne.com.tr\/"},{"@type":"ListItem","position":2,"name":"Temmuz Ay\u0131n\u0131n En Keyifli Destinasyonlar\u0131"}]},{"@type":"WebSite","@id":"https:\/\/julesverne.com.tr\/#website","url":"https:\/\/julesverne.com.tr\/","name":"JULES VERNE BUSINESS MICE TRAVEL","description":"","publisher":{"@id":"https:\/\/julesverne.com.tr\/#organization"},"potentialAction":[{"@type":"SearchAction","target":{"@type":"EntryPoint","urlTemplate":"https:\/\/julesverne.com.tr\/?s={search_term_string}"},"query-input":"required name=search_term_string"}],"inLanguage":"en-US"},{"@type":"Organization","@id":"https:\/\/julesverne.com.tr\/#organization","name":"JULES VERNE BUSINESS MICE TRAVEL","url":"https:\/\/julesverne.com.tr\/","logo":{"@type":"ImageObject","inLanguage":"en-US","@id":"https:\/\/julesverne.com.tr\/#\/schema\/logo\/image\/","url":"https:\/\/julesverne.com.tr\/wp-content\/uploads\/2020\/09\/jv-bmt-logo.png","contentUrl":"https:\/\/julesverne.com.tr\/wp-content\/uploads\/2020\/09\/jv-bmt-logo.png","width":110,"height":81,"caption":"JULES VERNE BUSINESS MICE TRAVEL"},"image":{"@id":"https:\/\/julesverne.com.tr\/#\/schema\/logo\/image\/"},"sameAs":["https:\/\/www.facebook.com\/JulesVerneBusinessMiceTravel\/","https:\/\/twitter.com\/JV_BusinessMice","https:\/\/www.instagram.com\/julesvernebusinessmicetravel\/","https:\/\/www.linkedin.com\/company\/julesvernebusinessmicetravel\/","https:\/\/www.youtube.com\/channel\/UCAwdsmbZ6tFhu1tea6pkpiw"]},{"@type":"Person","@id":"https:\/\/julesverne.com.tr\/#\/schema\/person\/f4eb0514ae455538644c31b99a466fdb","name":"fikirman","sameAs":["http:\/\/advermedya.net\/julesverne"],"url":"https:\/\/julesverne.com.tr\/en\/author\/fikirman\/"}]}},"_links":{"self":[{"href":"https:\/\/julesverne.com.tr\/en\/wp-json\/wp\/v2\/posts\/2139"}],"collection":[{"href":"https:\/\/julesverne.com.tr\/en\/wp-json\/wp\/v2\/posts"}],"about":[{"href":"https:\/\/julesverne.com.tr\/en\/wp-json\/wp\/v2\/types\/post"}],"author":[{"embeddable":true,"href":"https:\/\/julesverne.com.tr\/en\/wp-json\/wp\/v2\/users\/1"}],"replies":[{"embeddable":true,"href":"https:\/\/julesverne.com.tr\/en\/wp-json\/wp\/v2\/comments?post=2139"}],"version-history":[{"count":0,"href":"https:\/\/julesverne.com.tr\/en\/wp-json\/wp\/v2\/posts\/2139\/revisions"}],"wp:featuredmedia":[{"embeddable":true,"href":"https:\/\/julesverne.com.tr\/en\/wp-json\/wp\/v2\/media\/2140"}],"wp:attachment":[{"href":"https:\/\/julesverne.com.tr\/en\/wp-json\/wp\/v2\/media?parent=2139"}],"wp:term":[{"taxonomy":"category","embeddable":true,"href":"https:\/\/julesverne.com.tr\/en\/wp-json\/wp\/v2\/categories?post=2139"},{"taxonomy":"post_tag","embeddable":true,"href":"https:\/\/julesverne.com.tr\/en\/wp-json\/wp\/v2\/tags?post=2139"}],"curies":[{"name":"wp","href":"https:\/\/api.w.org\/{rel}","templated":true}]}}