{"id":2135,"date":"2019-06-20T13:39:45","date_gmt":"2019-06-20T10:39:45","guid":{"rendered":"https:\/\/www.julesverne.com.tr\/\/blog\/yemyesil-yaylalara-yolculuk-dogu-karadeniz-gezileri\/"},"modified":"2024-03-22T14:12:47","modified_gmt":"2024-03-22T11:12:47","slug":"yemyesil-yaylalara-yolculuk-dogu-karadeniz-gezileri","status":"publish","type":"post","link":"https:\/\/julesverne.com.tr\/en\/travel-blog\/yemyesil-yaylalara-yolculuk-dogu-karadeniz-gezileri\/","title":{"rendered":"Yemye\u015fil Yaylalara Yolculuk: Do\u011fu Karadeniz Gezileri"},"content":{"rendered":"<p><\/p>\n<p><p style=\"text-align: center;\"><img loading=\"lazy\" decoding=\"async\" class=\"alignnone size-full wp-image-3541\" src=\"https:\/\/www.julesverne.com.tr\/\/wp-content\/uploads\/2020\/09\/arhavi_kopru.jpg\" width=\"1200\" height=\"800\" alt=\"pokut yaylas\u0131 jules verne travel gezi\" srcset=\"https:\/\/julesverne.com.tr\/wp-content\/uploads\/2020\/09\/arhavi_kopru.jpg 1200w, https:\/\/julesverne.com.tr\/wp-content\/uploads\/2020\/09\/arhavi_kopru-500x333.jpg 500w, https:\/\/julesverne.com.tr\/wp-content\/uploads\/2020\/09\/arhavi_kopru-768x512.jpg 768w\" sizes=\"(max-width: 1200px) 100vw, 1200px\" \/><\/p>\n<p>Daha &ouml;nce hi&ccedil; bulutlar\u0131n &uuml;zerinde dans ettiniz mi? Do\u011fu Karadeniz yaylalar\u0131n\u0131n, co\u015fkuyla akan \u015felalelerin, tarihi k&ouml;pr&uuml;lerin, cam gibi g&ouml;r&uuml;nen g&ouml;llerin aras\u0131nda zaman\u0131 unutup, do\u011fan\u0131n bize sunduklar\u0131yla unutulmayacak deneyimler ya\u015famaya davetlisiniz. Bu yaz&nbsp;2 farkl\u0131 tarihte Do\u011fu Karadeniz Gezileri ile yaylalara &ccedil;\u0131k\u0131yoruz. Hayranl\u0131k uyand\u0131ran co\u011frafyada kendimizi tabiat\u0131n g&uuml;zelli\u011fine teslim ediyoruz.&nbsp;<\/p>\n<p>Bulutlar\u0131n &uuml;zerinde, sonsuz &ouml;zg&uuml;rl&uuml;\u011f&uuml; &ccedil;a\u011fr\u0131\u015ft\u0131ran, kutu gibi g&ouml;r&uuml;nen evleriyle masals\u0131 yaylalarda y&uuml;r&uuml;y&uuml;\u015f yaparken; g&uuml;r&uuml;l g&uuml;r&uuml;l akan \u015felalelerin sesleri aras\u0131nda dinlenirken; ekme\u011fin, peynirin, bal\u0131n en do\u011fal\u0131n\u0131 sofran\u0131zda bulurken bir kez daha bu &uuml;lkenin hazinelerine hayran kalacaks\u0131n\u0131z.<\/p>\n<p>Ayder Yaylas\u0131&rsquo;ndan Pokut Yaylas\u0131&rsquo;na, Sal Yaylas\u0131&rsquo;ndan Gito D&uuml;\u015fler Vadisi&rsquo;ne, Palovit \u015eelalesi&rsquo;nden Bor&ccedil;ka Karag&ouml;l&rsquo;e uzanan 2 Farkl\u0131 Tarihte 2 Do\u011fu Karadeniz Gezisi&hellip;<\/p>\n<h3 style=\"text-align: center;\"><a href=\"http:\/\/gezi.julesverne.com.tr\/geziler\/yurt-ici-ozel-gezilerimiz\/kurban-bayrami-nda-yemyesil-dogu-karadeniz\" target=\"_blank\" rel=\"noopener noreferrer\"><strong>Kurban Bayram\u0131&#8217;nda Yemye\u015fil&nbsp;Do\u011fu Karadeniz<\/strong><\/a><\/h3>\n<h4 style=\"text-align: center;\"><strong>10-14 A\u011fustos 2019<\/strong><\/h4>\n<p style=\"text-align: center;\"><strong><img loading=\"lazy\" decoding=\"async\" class=\"alignnone size-full wp-image-3542\" src=\"https:\/\/www.julesverne.com.tr\/\/wp-content\/uploads\/2020\/09\/pokut_yaylasi-2.jpg\" width=\"1200\" height=\"800\" alt=\"pokut yaylas\u0131 jules verne travel gezi\" srcset=\"https:\/\/julesverne.com.tr\/wp-content\/uploads\/2020\/09\/pokut_yaylasi-2.jpg 1200w, https:\/\/julesverne.com.tr\/wp-content\/uploads\/2020\/09\/pokut_yaylasi-2-500x333.jpg 500w, https:\/\/julesverne.com.tr\/wp-content\/uploads\/2020\/09\/pokut_yaylasi-2-768x512.jpg 768w\" sizes=\"(max-width: 1200px) 100vw, 1200px\" \/><\/strong><\/p>\n<h3 style=\"text-align: center;\"><a href=\"http:\/\/gezi.julesverne.com.tr\/geziler\/yurt-ici-ozel-gezilerimiz\/yemyesil-huzur-dolu-yaylalara-yolculuk-dogu-karadeniz\" target=\"_blank\" rel=\"noopener noreferrer\"><strong>Yemye\u015fil Huzur Dolu Yaylalara Yolculuk: Do\u011fu Karadeniz<\/strong><\/a><\/h3>\n<h4 style=\"text-align: center;\"><strong>29 A\u011fustos &#8211; 01 Eyl&uuml;l 2019<\/strong><\/h4>\n<p style=\"text-align: center;\"><a href=\"http:\/\/gezi.julesverne.com.tr\/geziler\/yurt-ici-ozel-gezilerimiz\/yemyesil-huzur-dolu-yaylalara-yolculuk-dogu-karadeniz\" target=\"_blank\" rel=\"noopener noreferrer\"><strong><img loading=\"lazy\" decoding=\"async\" class=\"alignnone size-full wp-image-3543\" src=\"https:\/\/www.julesverne.com.tr\/\/wp-content\/uploads\/2020\/09\/pokut-2.jpg\" width=\"1200\" height=\"801\" alt=\"\" srcset=\"https:\/\/julesverne.com.tr\/wp-content\/uploads\/2020\/09\/pokut-2.jpg 1200w, https:\/\/julesverne.com.tr\/wp-content\/uploads\/2020\/09\/pokut-2-500x334.jpg 500w, https:\/\/julesverne.com.tr\/wp-content\/uploads\/2020\/09\/pokut-2-768x513.jpg 768w\" sizes=\"(max-width: 1200px) 100vw, 1200px\" \/><\/strong><\/a><\/p>\n<p style=\"text-align: center;\"><strong>Detayl\u0131 bilgi ve rezervasyon i&ccedil;in:<br \/><\/strong><strong><a href=\"mailto:travel@julesverne.com.tr\" target=\"_blank\" rel=\"noopener noreferrer\">travel@julesverne.com.tr<\/a><br \/><\/strong><strong>0212 266 6363 &#8211; 132<\/strong><\/p>\n<\/p>\n<p><\/p>","protected":false},"excerpt":{"rendered":"<p>Ayder Yaylas\u0131&rsquo;ndan Pokut Yaylas\u0131&rsquo;na, Sal Yaylas\u0131&rsquo;ndan Gito D&uuml;\u015fler Vadisi&rsquo;ne, Palovit \u015eelalesi&rsquo;nden Bor&ccedil;ka Karag&ouml;l&rsquo;e uzanan 2 Farkl\u0131 Tarihte 2 Do\u011fu Karadeniz Gezisi&hellip;<\/p>\n","protected":false},"author":1,"featured_media":2136,"comment_status":"closed","ping_status":"closed","sticky":false,"template":"","format":"standard","meta":{"inline_featured_image":false,"footnotes":""},"categories":[1],"tags":[],"acf":[],"yoast_head":"<!-- This site is optimized with the Yoast SEO plugin v22.3 - https:\/\/yoast.com\/wordpress\/plugins\/seo\/ -->\n<title>Yemye\u015fil Yaylalara Yolculuk: Do\u011fu Karadeniz Gezileri - JULES VERNE BUSINESS MICE TRAVEL<\/title>\n<meta name=\"description\" content=\"Ayder Yaylas\u0131\u2019ndan Pokut Yaylas\u0131\u2019na, Sal Yaylas\u0131\u2019ndan Gito D\u00fc\u015fler Vadisi\u2019ne, Palovit \u015eelalesi\u2019nden Bor\u00e7ka Karag\u00f6l\u2019e uzanan 2 Farkl\u0131 Tarihte 2 Do\u011fu Karadeniz Gezisi\u2026\" \/>\n<meta name=\"robots\" content=\"index, follow, max-snippet:-1, max-image-preview:large, max-video-preview:-1\" \/>\n<link rel=\"canonical\" href=\"https:\/\/julesverne.com.tr\/travel-blog\/yemyesil-yaylalara-yolculuk-dogu-karadeniz-gezileri\/\" \/>\n<meta property=\"og:locale\" content=\"en_US\" \/>\n<meta property=\"og:type\" content=\"article\" \/>\n<meta property=\"og:title\" content=\"Yemye\u015fil Yaylalara Yolculuk: Do\u011fu Karadeniz Gezileri - JULES VERNE BUSINESS MICE TRAVEL\" \/>\n<meta property=\"og:description\" content=\"Ayder Yaylas\u0131\u2019ndan Pokut Yaylas\u0131\u2019na, Sal Yaylas\u0131\u2019ndan Gito D\u00fc\u015fler Vadisi\u2019ne, Palovit \u015eelalesi\u2019nden Bor\u00e7ka Karag\u00f6l\u2019e uzanan 2 Farkl\u0131 Tarihte 2 Do\u011fu Karadeniz Gezisi\u2026\" \/>\n<meta property=\"og:url\" content=\"https:\/\/julesverne.com.tr\/travel-blog\/yemyesil-yaylalara-yolculuk-dogu-karadeniz-gezileri\/\" \/>\n<meta property=\"og:site_name\" content=\"JULES VERNE BUSINESS MICE TRAVEL\" \/>\n<meta property=\"article:publisher\" content=\"https:\/\/www.facebook.com\/JulesVerneBusinessMiceTravel\/\" \/>\n<meta property=\"article:published_time\" content=\"2019-06-20T10:39:45+00:00\" \/>\n<meta property=\"article:modified_time\" content=\"2024-03-22T11:12:47+00:00\" \/>\n<meta property=\"og:image\" content=\"https:\/\/julesverne.com.tr\/wp-content\/uploads\/2020\/09\/shutterstock_1041892312.jpg\" \/>\n\t<meta property=\"og:image:width\" content=\"999\" \/>\n\t<meta property=\"og:image:height\" content=\"666\" \/>\n\t<meta property=\"og:image:type\" content=\"image\/jpeg\" \/>\n<meta name=\"author\" content=\"fikirman\" \/>\n<meta name=\"twitter:card\" content=\"summary_large_image\" \/>\n<meta name=\"twitter:creator\" content=\"@JV_BusinessMice\" \/>\n<meta name=\"twitter:site\" content=\"@JV_BusinessMice\" \/>\n<meta name=\"twitter:label1\" content=\"Written by\" \/>\n\t<meta name=\"twitter:data1\" content=\"fikirman\" \/>\n\t<meta name=\"twitter:label2\" content=\"Est. reading time\" \/>\n\t<meta name=\"twitter:data2\" content=\"2 minutes\" \/>\n<script type=\"application\/ld+json\" class=\"yoast-schema-graph\">{\"@context\":\"https:\/\/schema.org\",\"@graph\":[{\"@type\":\"Article\",\"@id\":\"https:\/\/julesverne.com.tr\/travel-blog\/yemyesil-yaylalara-yolculuk-dogu-karadeniz-gezileri\/#article\",\"isPartOf\":{\"@id\":\"https:\/\/julesverne.com.tr\/travel-blog\/yemyesil-yaylalara-yolculuk-dogu-karadeniz-gezileri\/\"},\"author\":{\"name\":\"fikirman\",\"@id\":\"https:\/\/julesverne.com.tr\/#\/schema\/person\/f4eb0514ae455538644c31b99a466fdb\"},\"headline\":\"Yemye\u015fil Yaylalara Yolculuk: Do\u011fu Karadeniz Gezileri\",\"datePublished\":\"2019-06-20T10:39:45+00:00\",\"dateModified\":\"2024-03-22T11:12:47+00:00\",\"mainEntityOfPage\":{\"@id\":\"https:\/\/julesverne.com.tr\/travel-blog\/yemyesil-yaylalara-yolculuk-dogu-karadeniz-gezileri\/\"},\"wordCount\":435,\"publisher\":{\"@id\":\"https:\/\/julesverne.com.tr\/#organization\"},\"image\":{\"@id\":\"https:\/\/julesverne.com.tr\/travel-blog\/yemyesil-yaylalara-yolculuk-dogu-karadeniz-gezileri\/#primaryimage\"},\"thumbnailUrl\":\"https:\/\/julesverne.com.tr\/wp-content\/uploads\/2020\/09\/shutterstock_1041892312.jpg\",\"articleSection\":[\"Blog\"],\"inLanguage\":\"en-US\"},{\"@type\":\"WebPage\",\"@id\":\"https:\/\/julesverne.com.tr\/travel-blog\/yemyesil-yaylalara-yolculuk-dogu-karadeniz-gezileri\/\",\"url\":\"https:\/\/julesverne.com.tr\/travel-blog\/yemyesil-yaylalara-yolculuk-dogu-karadeniz-gezileri\/\",\"name\":\"Yemye\u015fil Yaylalara Yolculuk: Do\u011fu Karadeniz Gezileri - JULES VERNE BUSINESS MICE TRAVEL\",\"isPartOf\":{\"@id\":\"https:\/\/julesverne.com.tr\/#website\"},\"primaryImageOfPage\":{\"@id\":\"https:\/\/julesverne.com.tr\/travel-blog\/yemyesil-yaylalara-yolculuk-dogu-karadeniz-gezileri\/#primaryimage\"},\"image\":{\"@id\":\"https:\/\/julesverne.com.tr\/travel-blog\/yemyesil-yaylalara-yolculuk-dogu-karadeniz-gezileri\/#primaryimage\"},\"thumbnailUrl\":\"https:\/\/julesverne.com.tr\/wp-content\/uploads\/2020\/09\/shutterstock_1041892312.jpg\",\"datePublished\":\"2019-06-20T10:39:45+00:00\",\"dateModified\":\"2024-03-22T11:12:47+00:00\",\"description\":\"Ayder Yaylas\u0131\u2019ndan Pokut Yaylas\u0131\u2019na, Sal Yaylas\u0131\u2019ndan Gito D\u00fc\u015fler Vadisi\u2019ne, Palovit \u015eelalesi\u2019nden Bor\u00e7ka Karag\u00f6l\u2019e uzanan 2 Farkl\u0131 Tarihte 2 Do\u011fu Karadeniz Gezisi\u2026\",\"breadcrumb\":{\"@id\":\"https:\/\/julesverne.com.tr\/travel-blog\/yemyesil-yaylalara-yolculuk-dogu-karadeniz-gezileri\/#breadcrumb\"},\"inLanguage\":\"en-US\",\"potentialAction\":[{\"@type\":\"ReadAction\",\"target\":[\"https:\/\/julesverne.com.tr\/travel-blog\/yemyesil-yaylalara-yolculuk-dogu-karadeniz-gezileri\/\"]}]},{\"@type\":\"ImageObject\",\"inLanguage\":\"en-US\",\"@id\":\"https:\/\/julesverne.com.tr\/travel-blog\/yemyesil-yaylalara-yolculuk-dogu-karadeniz-gezileri\/#primaryimage\",\"url\":\"https:\/\/julesverne.com.tr\/wp-content\/uploads\/2020\/09\/shutterstock_1041892312.jpg\",\"contentUrl\":\"https:\/\/julesverne.com.tr\/wp-content\/uploads\/2020\/09\/shutterstock_1041892312.jpg\",\"width\":999,\"height\":666},{\"@type\":\"BreadcrumbList\",\"@id\":\"https:\/\/julesverne.com.tr\/travel-blog\/yemyesil-yaylalara-yolculuk-dogu-karadeniz-gezileri\/#breadcrumb\",\"itemListElement\":[{\"@type\":\"ListItem\",\"position\":1,\"name\":\"Anasayfa\",\"item\":\"https:\/\/julesverne.com.tr\/\"},{\"@type\":\"ListItem\",\"position\":2,\"name\":\"Yemye\u015fil Yaylalara Yolculuk: Do\u011fu Karadeniz Gezileri\"}]},{\"@type\":\"WebSite\",\"@id\":\"https:\/\/julesverne.com.tr\/#website\",\"url\":\"https:\/\/julesverne.com.tr\/\",\"name\":\"JULES VERNE BUSINESS MICE TRAVEL\",\"description\":\"\",\"publisher\":{\"@id\":\"https:\/\/julesverne.com.tr\/#organization\"},\"potentialAction\":[{\"@type\":\"SearchAction\",\"target\":{\"@type\":\"EntryPoint\",\"urlTemplate\":\"https:\/\/julesverne.com.tr\/?s={search_term_string}\"},\"query-input\":\"required name=search_term_string\"}],\"inLanguage\":\"en-US\"},{\"@type\":\"Organization\",\"@id\":\"https:\/\/julesverne.com.tr\/#organization\",\"name\":\"JULES VERNE BUSINESS MICE TRAVEL\",\"url\":\"https:\/\/julesverne.com.tr\/\",\"logo\":{\"@type\":\"ImageObject\",\"inLanguage\":\"en-US\",\"@id\":\"https:\/\/julesverne.com.tr\/#\/schema\/logo\/image\/\",\"url\":\"https:\/\/julesverne.com.tr\/wp-content\/uploads\/2020\/09\/jv-bmt-logo.png\",\"contentUrl\":\"https:\/\/julesverne.com.tr\/wp-content\/uploads\/2020\/09\/jv-bmt-logo.png\",\"width\":110,\"height\":81,\"caption\":\"JULES VERNE BUSINESS MICE TRAVEL\"},\"image\":{\"@id\":\"https:\/\/julesverne.com.tr\/#\/schema\/logo\/image\/\"},\"sameAs\":[\"https:\/\/www.facebook.com\/JulesVerneBusinessMiceTravel\/\",\"https:\/\/twitter.com\/JV_BusinessMice\",\"https:\/\/www.instagram.com\/julesvernebusinessmicetravel\/\",\"https:\/\/www.linkedin.com\/company\/julesvernebusinessmicetravel\/\",\"https:\/\/www.youtube.com\/channel\/UCAwdsmbZ6tFhu1tea6pkpiw\"]},{\"@type\":\"Person\",\"@id\":\"https:\/\/julesverne.com.tr\/#\/schema\/person\/f4eb0514ae455538644c31b99a466fdb\",\"name\":\"fikirman\",\"sameAs\":[\"http:\/\/advermedya.net\/julesverne\"],\"url\":\"https:\/\/julesverne.com.tr\/en\/author\/fikirman\/\"}]}<\/script>\n<!-- \/ Yoast SEO plugin. -->","yoast_head_json":{"title":"Yemye\u015fil Yaylalara Yolculuk: Do\u011fu Karadeniz Gezileri - JULES VERNE BUSINESS MICE TRAVEL","description":"Ayder Yaylas\u0131\u2019ndan Pokut Yaylas\u0131\u2019na, Sal Yaylas\u0131\u2019ndan Gito D\u00fc\u015fler Vadisi\u2019ne, Palovit \u015eelalesi\u2019nden Bor\u00e7ka Karag\u00f6l\u2019e uzanan 2 Farkl\u0131 Tarihte 2 Do\u011fu Karadeniz Gezisi\u2026","robots":{"index":"index","follow":"follow","max-snippet":"max-snippet:-1","max-image-preview":"max-image-preview:large","max-video-preview":"max-video-preview:-1"},"canonical":"https:\/\/julesverne.com.tr\/travel-blog\/yemyesil-yaylalara-yolculuk-dogu-karadeniz-gezileri\/","og_locale":"en_US","og_type":"article","og_title":"Yemye\u015fil Yaylalara Yolculuk: Do\u011fu Karadeniz Gezileri - JULES VERNE BUSINESS MICE TRAVEL","og_description":"Ayder Yaylas\u0131\u2019ndan Pokut Yaylas\u0131\u2019na, Sal Yaylas\u0131\u2019ndan Gito D\u00fc\u015fler Vadisi\u2019ne, Palovit \u015eelalesi\u2019nden Bor\u00e7ka Karag\u00f6l\u2019e uzanan 2 Farkl\u0131 Tarihte 2 Do\u011fu Karadeniz Gezisi\u2026","og_url":"https:\/\/julesverne.com.tr\/travel-blog\/yemyesil-yaylalara-yolculuk-dogu-karadeniz-gezileri\/","og_site_name":"JULES VERNE BUSINESS MICE TRAVEL","article_publisher":"https:\/\/www.facebook.com\/JulesVerneBusinessMiceTravel\/","article_published_time":"2019-06-20T10:39:45+00:00","article_modified_time":"2024-03-22T11:12:47+00:00","og_image":[{"width":999,"height":666,"url":"https:\/\/julesverne.com.tr\/wp-content\/uploads\/2020\/09\/shutterstock_1041892312.jpg","type":"image\/jpeg"}],"author":"fikirman","twitter_card":"summary_large_image","twitter_creator":"@JV_BusinessMice","twitter_site":"@JV_BusinessMice","twitter_misc":{"Written by":"fikirman","Est. reading time":"2 minutes"},"schema":{"@context":"https:\/\/schema.org","@graph":[{"@type":"Article","@id":"https:\/\/julesverne.com.tr\/travel-blog\/yemyesil-yaylalara-yolculuk-dogu-karadeniz-gezileri\/#article","isPartOf":{"@id":"https:\/\/julesverne.com.tr\/travel-blog\/yemyesil-yaylalara-yolculuk-dogu-karadeniz-gezileri\/"},"author":{"name":"fikirman","@id":"https:\/\/julesverne.com.tr\/#\/schema\/person\/f4eb0514ae455538644c31b99a466fdb"},"headline":"Yemye\u015fil Yaylalara Yolculuk: Do\u011fu Karadeniz Gezileri","datePublished":"2019-06-20T10:39:45+00:00","dateModified":"2024-03-22T11:12:47+00:00","mainEntityOfPage":{"@id":"https:\/\/julesverne.com.tr\/travel-blog\/yemyesil-yaylalara-yolculuk-dogu-karadeniz-gezileri\/"},"wordCount":435,"publisher":{"@id":"https:\/\/julesverne.com.tr\/#organization"},"image":{"@id":"https:\/\/julesverne.com.tr\/travel-blog\/yemyesil-yaylalara-yolculuk-dogu-karadeniz-gezileri\/#primaryimage"},"thumbnailUrl":"https:\/\/julesverne.com.tr\/wp-content\/uploads\/2020\/09\/shutterstock_1041892312.jpg","articleSection":["Blog"],"inLanguage":"en-US"},{"@type":"WebPage","@id":"https:\/\/julesverne.com.tr\/travel-blog\/yemyesil-yaylalara-yolculuk-dogu-karadeniz-gezileri\/","url":"https:\/\/julesverne.com.tr\/travel-blog\/yemyesil-yaylalara-yolculuk-dogu-karadeniz-gezileri\/","name":"Yemye\u015fil Yaylalara Yolculuk: Do\u011fu Karadeniz Gezileri - JULES VERNE BUSINESS MICE TRAVEL","isPartOf":{"@id":"https:\/\/julesverne.com.tr\/#website"},"primaryImageOfPage":{"@id":"https:\/\/julesverne.com.tr\/travel-blog\/yemyesil-yaylalara-yolculuk-dogu-karadeniz-gezileri\/#primaryimage"},"image":{"@id":"https:\/\/julesverne.com.tr\/travel-blog\/yemyesil-yaylalara-yolculuk-dogu-karadeniz-gezileri\/#primaryimage"},"thumbnailUrl":"https:\/\/julesverne.com.tr\/wp-content\/uploads\/2020\/09\/shutterstock_1041892312.jpg","datePublished":"2019-06-20T10:39:45+00:00","dateModified":"2024-03-22T11:12:47+00:00","description":"Ayder Yaylas\u0131\u2019ndan Pokut Yaylas\u0131\u2019na, Sal Yaylas\u0131\u2019ndan Gito D\u00fc\u015fler Vadisi\u2019ne, Palovit \u015eelalesi\u2019nden Bor\u00e7ka Karag\u00f6l\u2019e uzanan 2 Farkl\u0131 Tarihte 2 Do\u011fu Karadeniz Gezisi\u2026","breadcrumb":{"@id":"https:\/\/julesverne.com.tr\/travel-blog\/yemyesil-yaylalara-yolculuk-dogu-karadeniz-gezileri\/#breadcrumb"},"inLanguage":"en-US","potentialAction":[{"@type":"ReadAction","target":["https:\/\/julesverne.com.tr\/travel-blog\/yemyesil-yaylalara-yolculuk-dogu-karadeniz-gezileri\/"]}]},{"@type":"ImageObject","inLanguage":"en-US","@id":"https:\/\/julesverne.com.tr\/travel-blog\/yemyesil-yaylalara-yolculuk-dogu-karadeniz-gezileri\/#primaryimage","url":"https:\/\/julesverne.com.tr\/wp-content\/uploads\/2020\/09\/shutterstock_1041892312.jpg","contentUrl":"https:\/\/julesverne.com.tr\/wp-content\/uploads\/2020\/09\/shutterstock_1041892312.jpg","width":999,"height":666},{"@type":"BreadcrumbList","@id":"https:\/\/julesverne.com.tr\/travel-blog\/yemyesil-yaylalara-yolculuk-dogu-karadeniz-gezileri\/#breadcrumb","itemListElement":[{"@type":"ListItem","position":1,"name":"Anasayfa","item":"https:\/\/julesverne.com.tr\/"},{"@type":"ListItem","position":2,"name":"Yemye\u015fil Yaylalara Yolculuk: Do\u011fu Karadeniz Gezileri"}]},{"@type":"WebSite","@id":"https:\/\/julesverne.com.tr\/#website","url":"https:\/\/julesverne.com.tr\/","name":"JULES VERNE BUSINESS MICE TRAVEL","description":"","publisher":{"@id":"https:\/\/julesverne.com.tr\/#organization"},"potentialAction":[{"@type":"SearchAction","target":{"@type":"EntryPoint","urlTemplate":"https:\/\/julesverne.com.tr\/?s={search_term_string}"},"query-input":"required name=search_term_string"}],"inLanguage":"en-US"},{"@type":"Organization","@id":"https:\/\/julesverne.com.tr\/#organization","name":"JULES VERNE BUSINESS MICE TRAVEL","url":"https:\/\/julesverne.com.tr\/","logo":{"@type":"ImageObject","inLanguage":"en-US","@id":"https:\/\/julesverne.com.tr\/#\/schema\/logo\/image\/","url":"https:\/\/julesverne.com.tr\/wp-content\/uploads\/2020\/09\/jv-bmt-logo.png","contentUrl":"https:\/\/julesverne.com.tr\/wp-content\/uploads\/2020\/09\/jv-bmt-logo.png","width":110,"height":81,"caption":"JULES VERNE BUSINESS MICE TRAVEL"},"image":{"@id":"https:\/\/julesverne.com.tr\/#\/schema\/logo\/image\/"},"sameAs":["https:\/\/www.facebook.com\/JulesVerneBusinessMiceTravel\/","https:\/\/twitter.com\/JV_BusinessMice","https:\/\/www.instagram.com\/julesvernebusinessmicetravel\/","https:\/\/www.linkedin.com\/company\/julesvernebusinessmicetravel\/","https:\/\/www.youtube.com\/channel\/UCAwdsmbZ6tFhu1tea6pkpiw"]},{"@type":"Person","@id":"https:\/\/julesverne.com.tr\/#\/schema\/person\/f4eb0514ae455538644c31b99a466fdb","name":"fikirman","sameAs":["http:\/\/advermedya.net\/julesverne"],"url":"https:\/\/julesverne.com.tr\/en\/author\/fikirman\/"}]}},"_links":{"self":[{"href":"https:\/\/julesverne.com.tr\/en\/wp-json\/wp\/v2\/posts\/2135"}],"collection":[{"href":"https:\/\/julesverne.com.tr\/en\/wp-json\/wp\/v2\/posts"}],"about":[{"href":"https:\/\/julesverne.com.tr\/en\/wp-json\/wp\/v2\/types\/post"}],"author":[{"embeddable":true,"href":"https:\/\/julesverne.com.tr\/en\/wp-json\/wp\/v2\/users\/1"}],"replies":[{"embeddable":true,"href":"https:\/\/julesverne.com.tr\/en\/wp-json\/wp\/v2\/comments?post=2135"}],"version-history":[{"count":1,"href":"https:\/\/julesverne.com.tr\/en\/wp-json\/wp\/v2\/posts\/2135\/revisions"}],"predecessor-version":[{"id":17021,"href":"https:\/\/julesverne.com.tr\/en\/wp-json\/wp\/v2\/posts\/2135\/revisions\/17021"}],"wp:featuredmedia":[{"embeddable":true,"href":"https:\/\/julesverne.com.tr\/en\/wp-json\/wp\/v2\/media\/2136"}],"wp:attachment":[{"href":"https:\/\/julesverne.com.tr\/en\/wp-json\/wp\/v2\/media?parent=2135"}],"wp:term":[{"taxonomy":"category","embeddable":true,"href":"https:\/\/julesverne.com.tr\/en\/wp-json\/wp\/v2\/categories?post=2135"},{"taxonomy":"post_tag","embeddable":true,"href":"https:\/\/julesverne.com.tr\/en\/wp-json\/wp\/v2\/tags?post=2135"}],"curies":[{"name":"wp","href":"https:\/\/api.w.org\/{rel}","templated":true}]}}