{"id":2125,"date":"2019-05-29T12:10:47","date_gmt":"2019-05-29T09:10:47","guid":{"rendered":"https:\/\/www.julesverne.com.tr\/\/blog\/haziran-ayinin-en-keyifli-destinasyonlari\/"},"modified":"2024-03-22T14:22:09","modified_gmt":"2024-03-22T11:22:09","slug":"haziran-ayinin-en-keyifli-destinasyonlari","status":"publish","type":"post","link":"https:\/\/julesverne.com.tr\/en\/travel-blog\/haziran-ayinin-en-keyifli-destinasyonlari\/","title":{"rendered":"Haziran Ay\u0131n\u0131n En Keyifli Destinasyonlar\u0131"},"content":{"rendered":"<p><\/p>\n<p><p style=\"text-align: center;\"><img loading=\"lazy\" decoding=\"async\" class=\"alignnone size-full wp-image-3579\" src=\"https:\/\/www.julesverne.com.tr\/\/wp-content\/uploads\/2020\/09\/menorca_2-1.jpg\" width=\"999\" height=\"666\" alt=\"menorca adas\u0131\" srcset=\"https:\/\/julesverne.com.tr\/wp-content\/uploads\/2020\/09\/menorca_2-1.jpg 999w, https:\/\/julesverne.com.tr\/wp-content\/uploads\/2020\/09\/menorca_2-1-500x333.jpg 500w, https:\/\/julesverne.com.tr\/wp-content\/uploads\/2020\/09\/menorca_2-1-768x512.jpg 768w\" sizes=\"(max-width: 999px) 100vw, 999px\" \/><\/p>\n<p>Haziran ay\u0131 demek yaz tatillerinin resmi olarak ba\u015flamas\u0131 demek! Okullar\u0131n kapand\u0131\u011f\u0131, havalar\u0131n tam anlam\u0131yla \u0131s\u0131nmaya ba\u015flad\u0131\u011f\u0131 Haziran ay\u0131n\u0131n ad\u0131n\u0131 duymak bile seyahat severlerin i&ccedil;indeki gezgin ruhu hareketlendirmeye yetiyor. Menorca Adas\u0131&#8217;ndan Basel&rsquo;e, Corsica&#8217;dan Taipei&#8217;ye, Ka\u015f&#8217;tan Barcelona&#8217;ya uzanan Haziran ay\u0131n\u0131n en keyifli destinasyonlar\u0131!<\/p>\n<p><strong>Ka\u015f, T&uuml;rkiye<\/strong><\/p>\n<p style=\"text-align: center;\"><strong><img loading=\"lazy\" decoding=\"async\" class=\"alignnone size-full wp-image-3580\" src=\"https:\/\/www.julesverne.com.tr\/\/wp-content\/uploads\/2020\/09\/kas-1.jpg\" width=\"1000\" height=\"666\" alt=\"ka\u015f t&uuml;rkiye\" srcset=\"https:\/\/julesverne.com.tr\/wp-content\/uploads\/2020\/09\/kas-1.jpg 1000w, https:\/\/julesverne.com.tr\/wp-content\/uploads\/2020\/09\/kas-1-500x333.jpg 500w, https:\/\/julesverne.com.tr\/wp-content\/uploads\/2020\/09\/kas-1-768x511.jpg 768w\" sizes=\"(max-width: 1000px) 100vw, 1000px\" \/><\/strong><\/p>\n<p>Fransa&#8217;n\u0131n Frans\u0131z Rivieras\u0131 kadar dikkatleri &uuml;zerine &ccedil;eken, turkuaz sular\u0131ndan ald\u0131\u011f\u0131 ilhamla bug&uuml;n d&uuml;nyada T&uuml;rk Rivieras\u0131 olarak bilinen g&uuml;ney k\u0131y\u0131lar\u0131m\u0131z birbirinden g&uuml;zel sahillere, kasabalara, sayfiye yerlerine sahip. 6 km uzunlu\u011fundaki &Ccedil;ukurba\u011f Yar\u0131madas\u0131&#8217;ndan uzanarak sahil boyunca devam eden Ka\u015f k&uuml;&ccedil;&uuml;k liman\u0131, hareketli ve zarif merkezi, antik Antiphellos&#8217;tan kalan amfi tiyatrosuyla tarihi, do\u011fay\u0131, sakin ya\u015fam k&uuml;lt&uuml;r&uuml;n&uuml; bir potada eritiyor. Tam kar\u015f\u0131s\u0131nda yer alan Meis ise reng&acirc;renk evleriyle harika bir fon olu\u015fturuyor. Blue Cave&rsquo;in (Mavi Ma\u011fara) b&uuml;y&uuml;leyici ambiyans\u0131, limanda s\u0131ralanan birbirinden sevimli restoranlar\u0131, y&uuml;r&uuml;yerek ke\u015ffedece\u011finiz keyifli sokaklar\u0131yla en az\u0131ndan g&uuml;n&uuml;birlik bir geziyi hak ediyor.<\/p>\n<p><strong>Toskana, \u0130talya<\/strong><\/p>\n<p style=\"text-align: center;\"><strong><img loading=\"lazy\" decoding=\"async\" class=\"alignnone size-full wp-image-3581\" src=\"https:\/\/www.julesverne.com.tr\/\/wp-content\/uploads\/2020\/09\/toskana-2.jpg\" width=\"999\" height=\"619\" alt=\"toskana manzara\" srcset=\"https:\/\/julesverne.com.tr\/wp-content\/uploads\/2020\/09\/toskana-2.jpg 999w, https:\/\/julesverne.com.tr\/wp-content\/uploads\/2020\/09\/toskana-2-500x310.jpg 500w, https:\/\/julesverne.com.tr\/wp-content\/uploads\/2020\/09\/toskana-2-768x476.jpg 768w\" sizes=\"(max-width: 999px) 100vw, 999px\" \/><\/strong><\/p>\n<p>Foto\u011fraflar\u0131na bile bakmaya doyamad\u0131\u011f\u0131m\u0131z Toskana, \u0130talya&rsquo;n\u0131n cenneti! Bir&ccedil;ok \u015fehir kasabas\u0131n\u0131n 500 y\u0131ld\u0131r ayn\u0131 kald\u0131\u011f\u0131 d&uuml;\u015f&uuml;n&uuml;ld&uuml;\u011f&uuml;nde Toskana seyahatinin size ya\u015fataca\u011f\u0131 deneyimlerle ilgili fikir sahibi olabilirsiniz. Yemye\u015fil vadi manzaralar\u0131n\u0131n, k\u0131vr\u0131ml\u0131 yollardan ula\u015f\u0131lan kasabalar\u0131n izinde tarih, k&uuml;lt&uuml;r, gurme, \u015farap ve sanat yolculu\u011funu tek bir seyahatle ger&ccedil;ekle\u015ftirin! Bir kez gitmenin asla yeterli olmayaca\u011f\u0131 Toskana&#8217;ya ilk kez gidiyorsan\u0131z Floransa&#8217;dan ba\u015flayarak Pisa, Siena, Lucca, San Gimignano,&nbsp; Pienza&#8217;y\u0131 mutlaka ziyaret edilecekler listenize ekleyin!<\/p>\n<p><strong>Langkawi, Malezya<\/strong><\/p>\n<p style=\"text-align: center;\"><strong><img loading=\"lazy\" decoding=\"async\" class=\"alignnone size-full wp-image-3582\" src=\"https:\/\/www.julesverne.com.tr\/\/wp-content\/uploads\/2020\/09\/Langkawi.jpg\" width=\"999\" height=\"666\" alt=\"Langkawi\" srcset=\"https:\/\/julesverne.com.tr\/wp-content\/uploads\/2020\/09\/Langkawi.jpg 999w, https:\/\/julesverne.com.tr\/wp-content\/uploads\/2020\/09\/Langkawi-500x333.jpg 500w, https:\/\/julesverne.com.tr\/wp-content\/uploads\/2020\/09\/Langkawi-768x512.jpg 768w\" sizes=\"(max-width: 999px) 100vw, 999px\" \/><\/strong><\/p>\n<p>Asya&#8217;n\u0131n a&ccedil;\u0131k ara en g&uuml;zel tak\u0131madalar\u0131 olan Langkawi &#8220;Kedah B&ouml;lgesi&#8217;nin M&uuml;cevheri&#8221; olarak da biliniyor. G&uuml;ne\u015fli g&uuml;nlerin ve beyaz kumlu plajlar\u0131n tad\u0131n\u0131 &ccedil;\u0131kar\u0131rken maceradan geri kalmak istemeyen seyahat severler i&ccedil;in tropikal bir vaha Langkawi. Do\u011fall\u0131\u011f\u0131n\u0131 kaybetmeyen ve t&uuml;m tabiat\u0131n\u0131n &ouml;zenle korundu\u011fu Langkawi turist ak\u0131n\u0131na u\u011framamas\u0131yla da g&ouml;zlerden uzak bir deneyim arayan gezginlerin g&ouml;zbebe\u011fi. \u0130zole, sakin ve do\u011fayla ba\u015f ba\u015fa tatil arayanlar\u0131n Asya&#8217;daki evi olan Langkawi&#8217;ye Kuala Lumpur&#8217;dan, Singapur&#8217;dan ve Phuket&#8217;ten direkt u&ccedil;u\u015flarla yakla\u015f\u0131k 1-1,5 saatte gitmek m&uuml;mk&uuml;n.<\/p>\n<p><strong>Corsica, Fransa<\/strong><\/p>\n<p style=\"text-align: center;\"><strong><img loading=\"lazy\" decoding=\"async\" class=\"alignnone size-full wp-image-3583\" src=\"https:\/\/www.julesverne.com.tr\/\/wp-content\/uploads\/2020\/09\/Girolata_Bay_corsica.jpg\" width=\"999\" height=\"707\" alt=\"corsica adas\u0131\" srcset=\"https:\/\/julesverne.com.tr\/wp-content\/uploads\/2020\/09\/Girolata_Bay_corsica.jpg 999w, https:\/\/julesverne.com.tr\/wp-content\/uploads\/2020\/09\/Girolata_Bay_corsica-500x354.jpg 500w, https:\/\/julesverne.com.tr\/wp-content\/uploads\/2020\/09\/Girolata_Bay_corsica-768x544.jpg 768w\" sizes=\"(max-width: 999px) 100vw, 999px\" \/><\/strong><\/p>\n<p>Do\u011fal g&uuml;zelli\u011fi ve kendine &ouml;zg&uuml; ya\u015fam k&uuml;lt&uuml;r&uuml;yle ku\u015fat\u0131lan bir Akdeniz adas\u0131 olan Corsica, her ne kadar Frans\u0131z adas\u0131 olsa da \u0130talya&#8217;ya ba\u011fl\u0131 kom\u015fusu Sardinya&#8217;n\u0131n da etkisiyle Frans\u0131z-\u0130talyan kar\u0131\u015f\u0131m\u0131n\u0131 sunuyor. Ger&ccedil;ekten Akdeniz&#8217;in gizli m&uuml;cevherlerinden biri olan Corsica \u015fansl\u0131 co\u011frafyas\u0131 sayesinde birbirinden g&uuml;zel plajlar\u0131, ormanl\u0131k alanlar\u0131, karakteristik kasabalar\u0131yla merakl\u0131 gezginlerin kalbini &ccedil;al\u0131yor. Porto Vecchio&#8217;dan Bonifacio&#8217;ya, Ajaccio&#8217;dan Calvi&#8217;ye, Bastia&#8217;dan Sart&egrave;ne&#8217;e G&uuml;zellik Adas\u0131&#8217;n\u0131 yo\u011fun sezonu ba\u015flamadan ke\u015ffedin!<\/p>\n<p><strong>Santa Fe &#8211; New Mexico, ABD&nbsp;<\/strong><\/p>\n<p style=\"text-align: center;\"><strong><img loading=\"lazy\" decoding=\"async\" class=\"alignnone size-full wp-image-3584\" src=\"https:\/\/www.julesverne.com.tr\/\/wp-content\/uploads\/2020\/09\/santa_fe.jpg\" width=\"980\" height=\"653\" alt=\"santa fe new mexico\" srcset=\"https:\/\/julesverne.com.tr\/wp-content\/uploads\/2020\/09\/santa_fe.jpg 980w, https:\/\/julesverne.com.tr\/wp-content\/uploads\/2020\/09\/santa_fe-500x333.jpg 500w, https:\/\/julesverne.com.tr\/wp-content\/uploads\/2020\/09\/santa_fe-768x512.jpg 768w\" sizes=\"(max-width: 980px) 100vw, 980px\" \/><\/strong><\/p>\n<p>1607 y\u0131l\u0131nda \u0130spanyollar taraf\u0131ndan kurulan Santa Fe, Pueblo halk\u0131n\u0131n evi, New Mexico&#8217;nun en eski \u015fehri&#8230; As\u0131rlard\u0131r Amerikan ve \u0130spanyol k&uuml;lt&uuml;rleriyle i&ccedil; i&ccedil;e ya\u015fayan Santa Fe, bunun sonucunda ortaya tad\u0131na doyulmaz ahenkli bir ya\u015fam &ccedil;\u0131kar\u0131yor. E\u015fsiz kerpi&ccedil; mimarisi, yenili\u011fe a&ccedil;\u0131k mutfak k&uuml;lt&uuml;r&uuml; ve bug&uuml;n d&uuml;nyan\u0131n parmakla g&ouml;sterilen sanat zenginli\u011fiyle bizim de radar\u0131m\u0131zda. Bir sanat noktas\u0131 olarak 1900&#8217;lerin ba\u015f\u0131nda y&uuml;kseli\u015fe ge&ccedil;en Santa Fe, bug&uuml;n &uuml;lkenin en &ouml;nemli &uuml;&ccedil; sanat pazar\u0131ndan bir tanesi. Bu Haziran \u015fehri listeye almam\u0131z\u0131n bir di\u011fer &ouml;nemli nedeni ise her y\u0131l d&uuml;zenlenen Bandstand M&uuml;zik Festivali. 19-30 Haziran tarihlerinde \u015fehirde m&uuml;zik hi&ccedil; susmayacak!<\/p>\n<p><strong>Loire Vadisi, Fransa<\/strong><\/p>\n<p style=\"text-align: center;\"><strong><img loading=\"lazy\" decoding=\"async\" class=\"alignnone size-full wp-image-3585\" src=\"https:\/\/www.julesverne.com.tr\/\/wp-content\/uploads\/2020\/09\/Chateau_de_l_Islette_loire.jpg\" width=\"999\" height=\"663\" alt=\"loire vadisi\" srcset=\"https:\/\/julesverne.com.tr\/wp-content\/uploads\/2020\/09\/Chateau_de_l_Islette_loire.jpg 999w, https:\/\/julesverne.com.tr\/wp-content\/uploads\/2020\/09\/Chateau_de_l_Islette_loire-500x332.jpg 500w, https:\/\/julesverne.com.tr\/wp-content\/uploads\/2020\/09\/Chateau_de_l_Islette_loire-768x510.jpg 768w\" sizes=\"(max-width: 999px) 100vw, 999px\" \/><\/strong><\/p>\n<p>&#8220;Masallardaki gibi bir yer&#8221; diye s&ouml;z edilen bir sohbete denk gelirseniz bilin ki Fransa&#8217;n\u0131n Loire Vadisi&#8217;nden bahsediliyordur&#8230; Zaman\u0131n &ouml;tesine ge&ccedil;en kasaba ve k&ouml;yleri, &uuml;nl&uuml; Loire \u015fatolar\u0131, g&ouml;z al\u0131c\u0131 bah&ccedil;eleri, \u015farap ba\u011flar\u0131 Loire Vadisi&#8217;nin neden bu kadar &uuml;nl&uuml; oldu\u011funu da &ouml;zetliyor asl\u0131nda. Ge&ccedil;mi\u015fte Fransa krallar\u0131n\u0131n da ya\u015famak i&ccedil;in tercih etti\u011fi Loire, tarih ve k&uuml;lt&uuml;rel mirasla dolu. Gurmeleri, tarih severleri, do\u011faseverleri, \u015farap tutkunlar\u0131n\u0131 a\u011f\u0131rlayan bu yolculukta Ch&acirc;teau de Chambord, Ch&acirc;teau de Blois, Ch&acirc;teau de Reignac, Ch&acirc;teau de Chenonceau, Ch&acirc;teau d&#8217;Azay-le-Rideau,&nbsp; Ch&acirc;teau de Gizeux, Ch&acirc;teau de Chambiers gibi birbirinden g&ouml;rkemli \u015fatolar\u0131 ve karakteristik kasabalar\u0131 g&ouml;receksiniz.<\/p>\n<p><strong>Basel, \u0130svi&ccedil;re<\/strong><\/p>\n<p style=\"text-align: center;\"><strong><img loading=\"lazy\" decoding=\"async\" class=\"alignnone size-full wp-image-3586\" src=\"https:\/\/www.julesverne.com.tr\/\/wp-content\/uploads\/2020\/09\/basel.jpg\" width=\"999\" height=\"666\" alt=\"basel\" srcset=\"https:\/\/julesverne.com.tr\/wp-content\/uploads\/2020\/09\/basel.jpg 999w, https:\/\/julesverne.com.tr\/wp-content\/uploads\/2020\/09\/basel-500x333.jpg 500w, https:\/\/julesverne.com.tr\/wp-content\/uploads\/2020\/09\/basel-768x512.jpg 768w\" sizes=\"(max-width: 999px) 100vw, 999px\" \/><\/strong><\/p>\n<p>Huzur, refah, sakinlik ve sanat: \u0130\u015fte kar\u015f\u0131n\u0131zda Basel&#8230; Tarihi ge&ccedil;mi\u015fi ve tazeli\u011fi ile \u015fa\u015f\u0131rtan \u0130svi&ccedil;re&#8217;nin bu zarif kentini &ouml;zellikle Haziran ay\u0131nda ziyaret etmenizi istememizin sebebi ise elbette Art Basel Sanat Fuar\u0131! Sanat ve l&uuml;ks ya\u015fam\u0131n merkezi Basel, bir sanat a\u015f\u0131\u011f\u0131 i&ccedil;in Nirvana&rsquo;ya ula\u015fmak gibi! 2000 y\u0131ll\u0131k bir ge&ccedil;mi\u015fi olan \u015fehirde sanat galerileri, fuarlar, koleksiyonerler birikimleri ve eserleriyle her y\u0131l merak uyand\u0131r\u0131yor.&nbsp; 1970 y\u0131l\u0131nda kurulan ve her y\u0131l Basel, Hong Kong ve Miami&#8217;de d&uuml;zenlenen Art Basel de sanatseverler i&ccedil;in ka&ccedil;\u0131r\u0131lmayacak bir deneyim. Bu y\u0131l 13-16 Haziran tarihlerinde ger&ccedil;ekle\u015fecek olan fuar 4000 &uuml;zerinde sanat&ccedil;\u0131y\u0131 a\u011f\u0131rlayacak.<\/p>\n<p><strong>Menorca Adas\u0131, \u0130spanya<\/strong><\/p>\n<p style=\"text-align: center;\"><img loading=\"lazy\" decoding=\"async\" class=\"alignnone size-full wp-image-3587\" src=\"https:\/\/www.julesverne.com.tr\/\/wp-content\/uploads\/2020\/09\/menorca.jpg\" width=\"999\" height=\"666\" alt=\"menorca adas\u0131\" srcset=\"https:\/\/julesverne.com.tr\/wp-content\/uploads\/2020\/09\/menorca.jpg 999w, https:\/\/julesverne.com.tr\/wp-content\/uploads\/2020\/09\/menorca-500x333.jpg 500w, https:\/\/julesverne.com.tr\/wp-content\/uploads\/2020\/09\/menorca-768x512.jpg 768w\" sizes=\"(max-width: 999px) 100vw, 999px\" \/><\/p>\n<p>\u0130spanya&#8217;n\u0131n \u0131\u015f\u0131lt\u0131l\u0131 Balear Adalar\u0131 aras\u0131nda daha bakir ve sakin olan Menorca, ko\u015fu\u015fturmadan uzak, g&uuml;ne\u015fin alt\u0131nda rahat bir \u015fekilde dinlenmek isteyen gezginlere hitap ediyor. 1993 y\u0131l\u0131nda UNESCO taraf\u0131ndan bir Biyosfer Rezervi ilan edilen adada Avrupa&#8217;n\u0131n en nadide &ccedil;i&ccedil;eklerini bulabilirsiniz. Kom\u015fu adalardaki h\u0131zl\u0131 geli\u015fim ve d&ouml;n&uuml;\u015f&uuml;m&uuml; burada bulamayaca\u011f\u0131n\u0131z bir ger&ccedil;ek! B&uuml;y&uuml;k bir &ouml;zveriyle bakirli\u011fini koruyan Menorca b&uuml;y&uuml;leyici manzaralara, el de\u011fmemi\u015f sahil \u015feritlerine, \u0131ss\u0131z kumsallara ve turkuaz mavi sulara ev sahipli\u011fi yap\u0131yor. Ada ruhuna sayg\u0131 duyularak in\u015fa edilen otelleri ise adan\u0131n farkl\u0131 noktalar\u0131ndaki konumlar\u0131yla size tam bir ke\u015fif imk&acirc;n\u0131 veriyor. Adaya, Barcelona&#8217;dan feribot ile ula\u015fabilirsiniz.<\/p>\n<p><strong>Taipei, Tayvan<\/strong><\/p>\n<p style=\"text-align: center;\"><strong><img loading=\"lazy\" decoding=\"async\" class=\"alignnone size-full wp-image-3588\" src=\"https:\/\/www.julesverne.com.tr\/\/wp-content\/uploads\/2020\/09\/taipei.jpg\" width=\"999\" height=\"666\" alt=\"taipei\" srcset=\"https:\/\/julesverne.com.tr\/wp-content\/uploads\/2020\/09\/taipei.jpg 999w, https:\/\/julesverne.com.tr\/wp-content\/uploads\/2020\/09\/taipei-500x333.jpg 500w, https:\/\/julesverne.com.tr\/wp-content\/uploads\/2020\/09\/taipei-768x512.jpg 768w\" sizes=\"(max-width: 999px) 100vw, 999px\" \/><\/strong><\/p>\n<p>Uzakdo\u011fu&#8217;nun farkl\u0131 hisler uyand\u0131ran metropolleri aras\u0131nda Taipei her ne kadar kozmopolit olsa da misafirperverli\u011fi ile sizi hi&ccedil; beklemedi\u011finiz kadar b&uuml;y&uuml;k bir sevgiyle kucakl\u0131yor. Tayvan&#8217;\u0131n ba\u015fkenti Taipei G&uuml;neydo\u011fu Asya, Japon ve Amerikan etkileriyle yo\u011frulan bir &Ccedil;in k&uuml;lt&uuml;r&uuml;yle ya\u015f\u0131yor. 300 y\u0131ll\u0131k bir \u015fehir olan Taipei ya\u015fayan bir m&uuml;zeden farks\u0131z. H\u0131zla geli\u015fen \u015fehir farkl\u0131 karakterlerin bir potada eridi\u011fi renkli bir ki\u015fili\u011fe sahip. Do\u011fu Asya&#8217;n\u0131n en iyi restoranlar\u0131 ve otelleriyle dinamik bir d&ouml;n&uuml;\u015f&uuml;m i&ccedil;erisinde olan \u015fehir tap\u0131naklar\u0131, m&uuml;zeleri, elektronik pazarlar\u0131, al\u0131\u015fveri\u015f se&ccedil;enekleriyle Asya&#8217;n\u0131n iddial\u0131 \u015fehirleri aras\u0131nda yerini almaya ba\u015flad\u0131.<\/p>\n<p><strong>Barcelona, \u0130spanya<\/strong><\/p>\n<p style=\"text-align: center;\"><strong><img loading=\"lazy\" decoding=\"async\" class=\"alignnone size-full wp-image-3589\" src=\"https:\/\/www.julesverne.com.tr\/\/wp-content\/uploads\/2020\/09\/barcelona_la_sagrada_familia.jpg\" width=\"999\" height=\"666\" alt=\"barcelona \" srcset=\"https:\/\/julesverne.com.tr\/wp-content\/uploads\/2020\/09\/barcelona_la_sagrada_familia.jpg 999w, https:\/\/julesverne.com.tr\/wp-content\/uploads\/2020\/09\/barcelona_la_sagrada_familia-500x333.jpg 500w, https:\/\/julesverne.com.tr\/wp-content\/uploads\/2020\/09\/barcelona_la_sagrada_familia-768x512.jpg 768w\" sizes=\"(max-width: 999px) 100vw, 999px\" \/><\/strong><\/p>\n<p>Temmuz ve A\u011fustos aylar\u0131nda yo\u011fun turist ak\u0131n\u0131na u\u011frayan Barcelona&rsquo;y\u0131 &ouml;zg&uuml;n ruhuyla ke\u015ffedebilmeniz i&ccedil;in Haziran ay\u0131 en g&uuml;zel zaman! Havalar art\u0131k iyice \u0131s\u0131nd\u0131, lokaller plajlar\u0131 doldurdu ve hayat sokaklarda t&uuml;m enerjisiyle ya\u015fanmaya devam ediyor. \u015eehrin d&ouml;n&uuml;\u015fmeye devam eden hip semtleri, hi&ccedil; de\u011fi\u015fmeyen klasik adresleri, sembol haline gelen parklar\u0131, Gaudi ve Miro&rsquo;nun izindeki sanat ak\u0131mlar\u0131, lezzetine doyum olmayacak tapaslar\u0131 ve pop&uuml;ler mek&acirc;nlar\u0131yla Barcelona gezilecek de\u011fil ya\u015fanacak \u015fehir! G&uuml;ne\u015fin, yemeklerin, denizin, e\u011flencenin, tarihin, mimarin tad\u0131n\u0131 doyas\u0131ya &ccedil;\u0131karmak istiyorsan\u0131z Haziran plan\u0131n\u0131z\u0131 yapmaya ba\u015flay\u0131n!<\/p>\n<h4 style=\"text-align: center;\"><strong>Size &ouml;zel seyahat program\u0131 ve rezervasyon i&ccedil;in:<\/strong><br \/><a href=\"mailto:travel@julesverne.com.tr\" target=\"_blank\" rel=\"noopener noreferrer\"><strong>travel@julesverne.com.tr<\/strong><\/a><br \/><strong>0212 266 6363 &#8211; 118<\/strong><\/h4>\n<\/p>\n<p><\/p>","protected":false},"excerpt":{"rendered":"<p>Haziran ay\u0131 demek yaz tatillerinin resmi olarak ba\u015flamas\u0131 demek!&nbsp;Menorca Adas\u0131&#8217;ndan Basel&rsquo;e, Corsica&#8217;dan Taipei&#8217;ye, Ka\u015f&#8217;tan Barcelona&#8217;ya uzanan Haziran ay\u0131n\u0131n en keyifli destinasyonlar\u0131!<\/p>\n","protected":false},"author":1,"featured_media":2126,"comment_status":"closed","ping_status":"closed","sticky":false,"template":"","format":"standard","meta":{"inline_featured_image":false,"footnotes":""},"categories":[38,1,39],"tags":[],"acf":[],"yoast_head":"<!-- This site is optimized with the Yoast SEO plugin v22.3 - https:\/\/yoast.com\/wordpress\/plugins\/seo\/ -->\n<title>Haziran Ay\u0131n\u0131n En Keyifli Destinasyonlar\u0131 - JULES VERNE BUSINESS MICE TRAVEL<\/title>\n<meta name=\"description\" content=\"Menorca Adas\u0131&#039;ndan Basel\u2019e, Corsica&#039;dan Taipei&#039;ye, Ka\u015f&#039;tan Barcelona&#039;ya uzanan Haziran ay\u0131n\u0131n en keyifli destinasyonlar\u0131!\" \/>\n<meta name=\"robots\" content=\"index, follow, max-snippet:-1, max-image-preview:large, max-video-preview:-1\" \/>\n<link rel=\"canonical\" href=\"https:\/\/julesverne.com.tr\/travel-blog\/haziran-ayinin-en-keyifli-destinasyonlari\/\" \/>\n<meta property=\"og:locale\" content=\"en_US\" \/>\n<meta property=\"og:type\" content=\"article\" \/>\n<meta property=\"og:title\" content=\"Haziran Ay\u0131n\u0131n En Keyifli Destinasyonlar\u0131 - JULES VERNE BUSINESS MICE TRAVEL\" \/>\n<meta property=\"og:description\" content=\"Menorca Adas\u0131&#039;ndan Basel\u2019e, Corsica&#039;dan Taipei&#039;ye, Ka\u015f&#039;tan Barcelona&#039;ya uzanan Haziran ay\u0131n\u0131n en keyifli destinasyonlar\u0131!\" \/>\n<meta property=\"og:url\" content=\"https:\/\/julesverne.com.tr\/travel-blog\/haziran-ayinin-en-keyifli-destinasyonlari\/\" \/>\n<meta property=\"og:site_name\" content=\"JULES VERNE BUSINESS MICE TRAVEL\" \/>\n<meta property=\"article:publisher\" content=\"https:\/\/www.facebook.com\/JulesVerneBusinessMiceTravel\/\" \/>\n<meta property=\"article:published_time\" content=\"2019-05-29T09:10:47+00:00\" \/>\n<meta property=\"article:modified_time\" content=\"2024-03-22T11:22:09+00:00\" \/>\n<meta property=\"og:image\" content=\"https:\/\/julesverne.com.tr\/wp-content\/uploads\/2020\/09\/menorca_2.jpg\" \/>\n\t<meta property=\"og:image:width\" content=\"999\" \/>\n\t<meta property=\"og:image:height\" content=\"666\" \/>\n\t<meta property=\"og:image:type\" content=\"image\/jpeg\" \/>\n<meta name=\"author\" content=\"fikirman\" \/>\n<meta name=\"twitter:card\" content=\"summary_large_image\" \/>\n<meta name=\"twitter:creator\" content=\"@JV_BusinessMice\" \/>\n<meta name=\"twitter:site\" content=\"@JV_BusinessMice\" \/>\n<meta name=\"twitter:label1\" content=\"Written by\" \/>\n\t<meta name=\"twitter:data1\" content=\"fikirman\" \/>\n\t<meta name=\"twitter:label2\" content=\"Est. reading time\" \/>\n\t<meta name=\"twitter:data2\" content=\"8 minutes\" \/>\n<script type=\"application\/ld+json\" class=\"yoast-schema-graph\">{\"@context\":\"https:\/\/schema.org\",\"@graph\":[{\"@type\":\"Article\",\"@id\":\"https:\/\/julesverne.com.tr\/travel-blog\/haziran-ayinin-en-keyifli-destinasyonlari\/#article\",\"isPartOf\":{\"@id\":\"https:\/\/julesverne.com.tr\/travel-blog\/haziran-ayinin-en-keyifli-destinasyonlari\/\"},\"author\":{\"name\":\"fikirman\",\"@id\":\"https:\/\/julesverne.com.tr\/#\/schema\/person\/f4eb0514ae455538644c31b99a466fdb\"},\"headline\":\"Haziran Ay\u0131n\u0131n En Keyifli Destinasyonlar\u0131\",\"datePublished\":\"2019-05-29T09:10:47+00:00\",\"dateModified\":\"2024-03-22T11:22:09+00:00\",\"mainEntityOfPage\":{\"@id\":\"https:\/\/julesverne.com.tr\/travel-blog\/haziran-ayinin-en-keyifli-destinasyonlari\/\"},\"wordCount\":2712,\"publisher\":{\"@id\":\"https:\/\/julesverne.com.tr\/#organization\"},\"image\":{\"@id\":\"https:\/\/julesverne.com.tr\/travel-blog\/haziran-ayinin-en-keyifli-destinasyonlari\/#primaryimage\"},\"thumbnailUrl\":\"https:\/\/julesverne.com.tr\/wp-content\/uploads\/2020\/09\/menorca_2.jpg\",\"articleSection\":[\"\u0130lham Veren Destinasyonlar\",\"Blog\",\"Nereye Gitsek?\"],\"inLanguage\":\"en-US\"},{\"@type\":\"WebPage\",\"@id\":\"https:\/\/julesverne.com.tr\/travel-blog\/haziran-ayinin-en-keyifli-destinasyonlari\/\",\"url\":\"https:\/\/julesverne.com.tr\/travel-blog\/haziran-ayinin-en-keyifli-destinasyonlari\/\",\"name\":\"Haziran Ay\u0131n\u0131n En Keyifli Destinasyonlar\u0131 - JULES VERNE BUSINESS MICE TRAVEL\",\"isPartOf\":{\"@id\":\"https:\/\/julesverne.com.tr\/#website\"},\"primaryImageOfPage\":{\"@id\":\"https:\/\/julesverne.com.tr\/travel-blog\/haziran-ayinin-en-keyifli-destinasyonlari\/#primaryimage\"},\"image\":{\"@id\":\"https:\/\/julesverne.com.tr\/travel-blog\/haziran-ayinin-en-keyifli-destinasyonlari\/#primaryimage\"},\"thumbnailUrl\":\"https:\/\/julesverne.com.tr\/wp-content\/uploads\/2020\/09\/menorca_2.jpg\",\"datePublished\":\"2019-05-29T09:10:47+00:00\",\"dateModified\":\"2024-03-22T11:22:09+00:00\",\"description\":\"Menorca Adas\u0131'ndan Basel\u2019e, Corsica'dan Taipei'ye, Ka\u015f'tan Barcelona'ya uzanan Haziran ay\u0131n\u0131n en keyifli destinasyonlar\u0131!\",\"breadcrumb\":{\"@id\":\"https:\/\/julesverne.com.tr\/travel-blog\/haziran-ayinin-en-keyifli-destinasyonlari\/#breadcrumb\"},\"inLanguage\":\"en-US\",\"potentialAction\":[{\"@type\":\"ReadAction\",\"target\":[\"https:\/\/julesverne.com.tr\/travel-blog\/haziran-ayinin-en-keyifli-destinasyonlari\/\"]}]},{\"@type\":\"ImageObject\",\"inLanguage\":\"en-US\",\"@id\":\"https:\/\/julesverne.com.tr\/travel-blog\/haziran-ayinin-en-keyifli-destinasyonlari\/#primaryimage\",\"url\":\"https:\/\/julesverne.com.tr\/wp-content\/uploads\/2020\/09\/menorca_2.jpg\",\"contentUrl\":\"https:\/\/julesverne.com.tr\/wp-content\/uploads\/2020\/09\/menorca_2.jpg\",\"width\":999,\"height\":666},{\"@type\":\"BreadcrumbList\",\"@id\":\"https:\/\/julesverne.com.tr\/travel-blog\/haziran-ayinin-en-keyifli-destinasyonlari\/#breadcrumb\",\"itemListElement\":[{\"@type\":\"ListItem\",\"position\":1,\"name\":\"Anasayfa\",\"item\":\"https:\/\/julesverne.com.tr\/\"},{\"@type\":\"ListItem\",\"position\":2,\"name\":\"Haziran Ay\u0131n\u0131n En Keyifli Destinasyonlar\u0131\"}]},{\"@type\":\"WebSite\",\"@id\":\"https:\/\/julesverne.com.tr\/#website\",\"url\":\"https:\/\/julesverne.com.tr\/\",\"name\":\"JULES VERNE BUSINESS MICE TRAVEL\",\"description\":\"\",\"publisher\":{\"@id\":\"https:\/\/julesverne.com.tr\/#organization\"},\"potentialAction\":[{\"@type\":\"SearchAction\",\"target\":{\"@type\":\"EntryPoint\",\"urlTemplate\":\"https:\/\/julesverne.com.tr\/?s={search_term_string}\"},\"query-input\":\"required name=search_term_string\"}],\"inLanguage\":\"en-US\"},{\"@type\":\"Organization\",\"@id\":\"https:\/\/julesverne.com.tr\/#organization\",\"name\":\"JULES VERNE BUSINESS MICE TRAVEL\",\"url\":\"https:\/\/julesverne.com.tr\/\",\"logo\":{\"@type\":\"ImageObject\",\"inLanguage\":\"en-US\",\"@id\":\"https:\/\/julesverne.com.tr\/#\/schema\/logo\/image\/\",\"url\":\"https:\/\/julesverne.com.tr\/wp-content\/uploads\/2020\/09\/jv-bmt-logo.png\",\"contentUrl\":\"https:\/\/julesverne.com.tr\/wp-content\/uploads\/2020\/09\/jv-bmt-logo.png\",\"width\":110,\"height\":81,\"caption\":\"JULES VERNE BUSINESS MICE TRAVEL\"},\"image\":{\"@id\":\"https:\/\/julesverne.com.tr\/#\/schema\/logo\/image\/\"},\"sameAs\":[\"https:\/\/www.facebook.com\/JulesVerneBusinessMiceTravel\/\",\"https:\/\/twitter.com\/JV_BusinessMice\",\"https:\/\/www.instagram.com\/julesvernebusinessmicetravel\/\",\"https:\/\/www.linkedin.com\/company\/julesvernebusinessmicetravel\/\",\"https:\/\/www.youtube.com\/channel\/UCAwdsmbZ6tFhu1tea6pkpiw\"]},{\"@type\":\"Person\",\"@id\":\"https:\/\/julesverne.com.tr\/#\/schema\/person\/f4eb0514ae455538644c31b99a466fdb\",\"name\":\"fikirman\",\"sameAs\":[\"http:\/\/advermedya.net\/julesverne\"],\"url\":\"https:\/\/julesverne.com.tr\/en\/author\/fikirman\/\"}]}<\/script>\n<!-- \/ Yoast SEO plugin. -->","yoast_head_json":{"title":"Haziran Ay\u0131n\u0131n En Keyifli Destinasyonlar\u0131 - JULES VERNE BUSINESS MICE TRAVEL","description":"Menorca Adas\u0131'ndan Basel\u2019e, Corsica'dan Taipei'ye, Ka\u015f'tan Barcelona'ya uzanan Haziran ay\u0131n\u0131n en keyifli destinasyonlar\u0131!","robots":{"index":"index","follow":"follow","max-snippet":"max-snippet:-1","max-image-preview":"max-image-preview:large","max-video-preview":"max-video-preview:-1"},"canonical":"https:\/\/julesverne.com.tr\/travel-blog\/haziran-ayinin-en-keyifli-destinasyonlari\/","og_locale":"en_US","og_type":"article","og_title":"Haziran Ay\u0131n\u0131n En Keyifli Destinasyonlar\u0131 - JULES VERNE BUSINESS MICE TRAVEL","og_description":"Menorca Adas\u0131'ndan Basel\u2019e, Corsica'dan Taipei'ye, Ka\u015f'tan Barcelona'ya uzanan Haziran ay\u0131n\u0131n en keyifli destinasyonlar\u0131!","og_url":"https:\/\/julesverne.com.tr\/travel-blog\/haziran-ayinin-en-keyifli-destinasyonlari\/","og_site_name":"JULES VERNE BUSINESS MICE TRAVEL","article_publisher":"https:\/\/www.facebook.com\/JulesVerneBusinessMiceTravel\/","article_published_time":"2019-05-29T09:10:47+00:00","article_modified_time":"2024-03-22T11:22:09+00:00","og_image":[{"width":999,"height":666,"url":"https:\/\/julesverne.com.tr\/wp-content\/uploads\/2020\/09\/menorca_2.jpg","type":"image\/jpeg"}],"author":"fikirman","twitter_card":"summary_large_image","twitter_creator":"@JV_BusinessMice","twitter_site":"@JV_BusinessMice","twitter_misc":{"Written by":"fikirman","Est. reading time":"8 minutes"},"schema":{"@context":"https:\/\/schema.org","@graph":[{"@type":"Article","@id":"https:\/\/julesverne.com.tr\/travel-blog\/haziran-ayinin-en-keyifli-destinasyonlari\/#article","isPartOf":{"@id":"https:\/\/julesverne.com.tr\/travel-blog\/haziran-ayinin-en-keyifli-destinasyonlari\/"},"author":{"name":"fikirman","@id":"https:\/\/julesverne.com.tr\/#\/schema\/person\/f4eb0514ae455538644c31b99a466fdb"},"headline":"Haziran Ay\u0131n\u0131n En Keyifli Destinasyonlar\u0131","datePublished":"2019-05-29T09:10:47+00:00","dateModified":"2024-03-22T11:22:09+00:00","mainEntityOfPage":{"@id":"https:\/\/julesverne.com.tr\/travel-blog\/haziran-ayinin-en-keyifli-destinasyonlari\/"},"wordCount":2712,"publisher":{"@id":"https:\/\/julesverne.com.tr\/#organization"},"image":{"@id":"https:\/\/julesverne.com.tr\/travel-blog\/haziran-ayinin-en-keyifli-destinasyonlari\/#primaryimage"},"thumbnailUrl":"https:\/\/julesverne.com.tr\/wp-content\/uploads\/2020\/09\/menorca_2.jpg","articleSection":["\u0130lham Veren Destinasyonlar","Blog","Nereye Gitsek?"],"inLanguage":"en-US"},{"@type":"WebPage","@id":"https:\/\/julesverne.com.tr\/travel-blog\/haziran-ayinin-en-keyifli-destinasyonlari\/","url":"https:\/\/julesverne.com.tr\/travel-blog\/haziran-ayinin-en-keyifli-destinasyonlari\/","name":"Haziran Ay\u0131n\u0131n En Keyifli Destinasyonlar\u0131 - JULES VERNE BUSINESS MICE TRAVEL","isPartOf":{"@id":"https:\/\/julesverne.com.tr\/#website"},"primaryImageOfPage":{"@id":"https:\/\/julesverne.com.tr\/travel-blog\/haziran-ayinin-en-keyifli-destinasyonlari\/#primaryimage"},"image":{"@id":"https:\/\/julesverne.com.tr\/travel-blog\/haziran-ayinin-en-keyifli-destinasyonlari\/#primaryimage"},"thumbnailUrl":"https:\/\/julesverne.com.tr\/wp-content\/uploads\/2020\/09\/menorca_2.jpg","datePublished":"2019-05-29T09:10:47+00:00","dateModified":"2024-03-22T11:22:09+00:00","description":"Menorca Adas\u0131'ndan Basel\u2019e, Corsica'dan Taipei'ye, Ka\u015f'tan Barcelona'ya uzanan Haziran ay\u0131n\u0131n en keyifli destinasyonlar\u0131!","breadcrumb":{"@id":"https:\/\/julesverne.com.tr\/travel-blog\/haziran-ayinin-en-keyifli-destinasyonlari\/#breadcrumb"},"inLanguage":"en-US","potentialAction":[{"@type":"ReadAction","target":["https:\/\/julesverne.com.tr\/travel-blog\/haziran-ayinin-en-keyifli-destinasyonlari\/"]}]},{"@type":"ImageObject","inLanguage":"en-US","@id":"https:\/\/julesverne.com.tr\/travel-blog\/haziran-ayinin-en-keyifli-destinasyonlari\/#primaryimage","url":"https:\/\/julesverne.com.tr\/wp-content\/uploads\/2020\/09\/menorca_2.jpg","contentUrl":"https:\/\/julesverne.com.tr\/wp-content\/uploads\/2020\/09\/menorca_2.jpg","width":999,"height":666},{"@type":"BreadcrumbList","@id":"https:\/\/julesverne.com.tr\/travel-blog\/haziran-ayinin-en-keyifli-destinasyonlari\/#breadcrumb","itemListElement":[{"@type":"ListItem","position":1,"name":"Anasayfa","item":"https:\/\/julesverne.com.tr\/"},{"@type":"ListItem","position":2,"name":"Haziran Ay\u0131n\u0131n En Keyifli Destinasyonlar\u0131"}]},{"@type":"WebSite","@id":"https:\/\/julesverne.com.tr\/#website","url":"https:\/\/julesverne.com.tr\/","name":"JULES VERNE BUSINESS MICE TRAVEL","description":"","publisher":{"@id":"https:\/\/julesverne.com.tr\/#organization"},"potentialAction":[{"@type":"SearchAction","target":{"@type":"EntryPoint","urlTemplate":"https:\/\/julesverne.com.tr\/?s={search_term_string}"},"query-input":"required name=search_term_string"}],"inLanguage":"en-US"},{"@type":"Organization","@id":"https:\/\/julesverne.com.tr\/#organization","name":"JULES VERNE BUSINESS MICE TRAVEL","url":"https:\/\/julesverne.com.tr\/","logo":{"@type":"ImageObject","inLanguage":"en-US","@id":"https:\/\/julesverne.com.tr\/#\/schema\/logo\/image\/","url":"https:\/\/julesverne.com.tr\/wp-content\/uploads\/2020\/09\/jv-bmt-logo.png","contentUrl":"https:\/\/julesverne.com.tr\/wp-content\/uploads\/2020\/09\/jv-bmt-logo.png","width":110,"height":81,"caption":"JULES VERNE BUSINESS MICE TRAVEL"},"image":{"@id":"https:\/\/julesverne.com.tr\/#\/schema\/logo\/image\/"},"sameAs":["https:\/\/www.facebook.com\/JulesVerneBusinessMiceTravel\/","https:\/\/twitter.com\/JV_BusinessMice","https:\/\/www.instagram.com\/julesvernebusinessmicetravel\/","https:\/\/www.linkedin.com\/company\/julesvernebusinessmicetravel\/","https:\/\/www.youtube.com\/channel\/UCAwdsmbZ6tFhu1tea6pkpiw"]},{"@type":"Person","@id":"https:\/\/julesverne.com.tr\/#\/schema\/person\/f4eb0514ae455538644c31b99a466fdb","name":"fikirman","sameAs":["http:\/\/advermedya.net\/julesverne"],"url":"https:\/\/julesverne.com.tr\/en\/author\/fikirman\/"}]}},"_links":{"self":[{"href":"https:\/\/julesverne.com.tr\/en\/wp-json\/wp\/v2\/posts\/2125"}],"collection":[{"href":"https:\/\/julesverne.com.tr\/en\/wp-json\/wp\/v2\/posts"}],"about":[{"href":"https:\/\/julesverne.com.tr\/en\/wp-json\/wp\/v2\/types\/post"}],"author":[{"embeddable":true,"href":"https:\/\/julesverne.com.tr\/en\/wp-json\/wp\/v2\/users\/1"}],"replies":[{"embeddable":true,"href":"https:\/\/julesverne.com.tr\/en\/wp-json\/wp\/v2\/comments?post=2125"}],"version-history":[{"count":1,"href":"https:\/\/julesverne.com.tr\/en\/wp-json\/wp\/v2\/posts\/2125\/revisions"}],"predecessor-version":[{"id":17026,"href":"https:\/\/julesverne.com.tr\/en\/wp-json\/wp\/v2\/posts\/2125\/revisions\/17026"}],"wp:featuredmedia":[{"embeddable":true,"href":"https:\/\/julesverne.com.tr\/en\/wp-json\/wp\/v2\/media\/2126"}],"wp:attachment":[{"href":"https:\/\/julesverne.com.tr\/en\/wp-json\/wp\/v2\/media?parent=2125"}],"wp:term":[{"taxonomy":"category","embeddable":true,"href":"https:\/\/julesverne.com.tr\/en\/wp-json\/wp\/v2\/categories?post=2125"},{"taxonomy":"post_tag","embeddable":true,"href":"https:\/\/julesverne.com.tr\/en\/wp-json\/wp\/v2\/tags?post=2125"}],"curies":[{"name":"wp","href":"https:\/\/api.w.org\/{rel}","templated":true}]}}