{"id":2123,"date":"2019-05-23T12:38:16","date_gmt":"2019-05-23T09:38:16","guid":{"rendered":"https:\/\/www.julesverne.com.tr\/\/blog\/bu-yaz-dogunun-parisi-vana-yolculuga-cikiyoruz\/"},"modified":"2024-03-22T14:24:17","modified_gmt":"2024-03-22T11:24:17","slug":"bu-yaz-dogunun-parisi-vana-yolculuga-cikiyoruz","status":"publish","type":"post","link":"https:\/\/julesverne.com.tr\/en\/travel-blog\/bu-yaz-dogunun-parisi-vana-yolculuga-cikiyoruz\/","title":{"rendered":"Bu Yaz \u201cDo\u011fu\u2019nun Paris\u2019i\u201d Van\u2019a Yolculu\u011fa \u00c7\u0131k\u0131yoruz!"},"content":{"rendered":"<p><\/p>\n<p><p style=\"text-align: center;\"><img loading=\"lazy\" decoding=\"async\" class=\"alignnone size-full wp-image-3591\" src=\"https:\/\/www.julesverne.com.tr\/\/wp-content\/uploads\/2020\/09\/van_manzara-1.jpg\" width=\"1000\" height=\"667\" alt=\"\" srcset=\"https:\/\/julesverne.com.tr\/wp-content\/uploads\/2020\/09\/van_manzara-1.jpg 1000w, https:\/\/julesverne.com.tr\/wp-content\/uploads\/2020\/09\/van_manzara-1-500x334.jpg 500w, https:\/\/julesverne.com.tr\/wp-content\/uploads\/2020\/09\/van_manzara-1-768x512.jpg 768w\" sizes=\"(max-width: 1000px) 100vw, 1000px\" \/><\/p>\n<p>T&uuml;rkiye en bat\u0131s\u0131ndan en do\u011fusuna g&uuml;zelliklerle dolu. Bu sefer sizi en do\u011fuya Van&lsquo;a g&ouml;t&uuml;r&uuml;yoruz.&nbsp;<\/p>\n<p>Ge&ccedil;mi\u015fi M.&Ouml;. 5000&rsquo;li y\u0131llara dayanan Van&rsquo;\u0131n tarihi Huriler, Urartular, Persler, Medler ve Romal\u0131lar olmak &uuml;zere 5 &ouml;nemli d&ouml;nemden olu\u015fuyor. Van i&ccedil;in Do\u011fu&rsquo;nun Paris&rsquo;i diye bo\u015fa dememi\u015fler. Urartu Medeniyeti&#8217;ne ba\u015fkentlik yapan Van, k&ouml;kl&uuml; k&uuml;lt&uuml;r&uuml; ile sizi kendisine hayran b\u0131rakacak.<\/p>\n<p style=\"text-align: center;\"><img loading=\"lazy\" decoding=\"async\" class=\"alignnone size-full wp-image-3592\" src=\"https:\/\/www.julesverne.com.tr\/\/wp-content\/uploads\/2020\/09\/van_kolaj.jpg\" width=\"999\" height=\"799\" alt=\"\" srcset=\"https:\/\/julesverne.com.tr\/wp-content\/uploads\/2020\/09\/van_kolaj.jpg 999w, https:\/\/julesverne.com.tr\/wp-content\/uploads\/2020\/09\/van_kolaj-500x400.jpg 500w, https:\/\/julesverne.com.tr\/wp-content\/uploads\/2020\/09\/van_kolaj-768x614.jpg 768w\" sizes=\"(max-width: 999px) 100vw, 999px\" \/><\/p>\n<p>Muhte\u015fem g&uuml;zellikteki Van G&ouml;l&uuml; etraf\u0131na konu\u015flanm\u0131\u015f olan \u015fehir medeniyetlerin izleriyle dolu! Ba\u015fl\u0131 ba\u015f\u0131na bir d&uuml;nya miras\u0131 say\u0131lacak <strong>Akdamar Adas\u0131 ve Akdamar Kilisesi, Van Kalesi, Van Kedisi, Van kahvalt\u0131s\u0131, Van G&ouml;l&uuml;<\/strong> ile Van&rsquo;\u0131n tarihi g&uuml;zellikleri ve do\u011fal hayat\u0131n e\u015fsiz s&uuml;rprizleri sizleri bekliyor.<\/p>\n<p>Bu yaz, Do\u011fu&#8217;nun g&uuml;zelliklerini g&ouml;rmek i&ccedil;in dopdolu bir rota haz\u0131rlad\u0131k. <strong>29 A\u011fustos &#8211; 1 Eyl&uuml;l<\/strong> tarihlerinde Do\u011fu&#8217;nun sesine kulak verip <strong>Do\u011fubayaz\u0131t -Van &#8211; Ahlat &#8211; Tatvan<\/strong> yolculu\u011funa &ccedil;\u0131k\u0131yoruz.<\/p>\n<h4 style=\"text-align: center;\"><a href=\"https:\/\/gezi.julesverne.com.tr\/geziler\/yurt-ici-ozel-gezilerimiz\/dogu-sizi-cagiriyor-dogubayazit-van-ahlat-tatvan-1\" target=\"_blank\" rel=\"noopener noreferrer\"><strong style=\"text-align: start;\">&nbsp;29 A\u011fustos &#8211; 1 Eyl&uuml;l 2019<\/strong><\/a><\/h4>\n<p style=\"text-align: center;\"><strong style=\"text-align: start;\"><img loading=\"lazy\" decoding=\"async\" class=\"alignnone size-full wp-image-3593\" src=\"https:\/\/www.julesverne.com.tr\/\/wp-content\/uploads\/2020\/09\/agustos.jpg\" width=\"998\" height=\"407\" alt=\"\" srcset=\"https:\/\/julesverne.com.tr\/wp-content\/uploads\/2020\/09\/agustos.jpg 998w, https:\/\/julesverne.com.tr\/wp-content\/uploads\/2020\/09\/agustos-500x204.jpg 500w, https:\/\/julesverne.com.tr\/wp-content\/uploads\/2020\/09\/agustos-768x313.jpg 768w\" sizes=\"(max-width: 998px) 100vw, 998px\" \/><\/strong><\/p>\n<p>B&ouml;lge insan\u0131n\u0131n s\u0131cakl\u0131\u011f\u0131, yerliler aras\u0131nda deniz denilen Van G&ouml;l&uuml; etraf\u0131na ve civar da\u011flar\u0131n\u0131n izin verdi\u011fi \u015fekilde ovaya kurulu g&uuml;zellikleriyle Van&rsquo;\u0131 gezerken bu topraklar\u0131n hakk\u0131n\u0131 verecek, ke\u015fiflerle dolu g&uuml;nler ge&ccedil;ireceksiniz.<\/p>\n<p style=\"text-align: center;\"><img loading=\"lazy\" decoding=\"async\" class=\"alignnone size-full wp-image-3594\" src=\"https:\/\/www.julesverne.com.tr\/\/wp-content\/uploads\/2020\/09\/van_kalesi.jpg\" width=\"1000\" height=\"680\" alt=\"\" srcset=\"https:\/\/julesverne.com.tr\/wp-content\/uploads\/2020\/09\/van_kalesi.jpg 1000w, https:\/\/julesverne.com.tr\/wp-content\/uploads\/2020\/09\/van_kalesi-500x340.jpg 500w, https:\/\/julesverne.com.tr\/wp-content\/uploads\/2020\/09\/van_kalesi-768x522.jpg 768w\" sizes=\"(max-width: 1000px) 100vw, 1000px\" \/><\/p>\n<p>\u015eehrin g&ouml;r&uuml;lmesi geren yerlerinin ba\u015f\u0131nda ku\u015fkusuz <strong>Van Kalesi<\/strong> geliyor. \u015eehir merkezine y&uuml;r&uuml;y&uuml;\u015f mesafesinde olan kale Urartular d&ouml;neminden g&uuml;n&uuml;m&uuml;ze ula\u015fan nadide eserlerden. Buraya gelmi\u015fken kalenin hemen alt\u0131ndaki parkta yer alan tarihi <strong>Van Evi<\/strong>&rsquo;ni ve tarihi k&ouml;pr&uuml;leri de g&ouml;rmede olmaz! \u015eehrin simgesi olan mavi ve ye\u015fil g&ouml;zl&uuml; kedilerin ya\u015fad\u0131\u011f\u0131 <strong>Van Kedi Evi<\/strong>&rsquo;nde keyifli saatler ge&ccedil;irmek, Van&rsquo;\u0131n bir di\u011fer simgesi olan <strong>Akdamar Adas\u0131<\/strong>&rsquo;n\u0131 ve adayla ayn\u0131 ad\u0131 ta\u015f\u0131yan <strong>Akdamar Kilisesi<\/strong>&rsquo;ni ziyaret etmek bu \u015fehre dair size &ccedil;ok \u015fey anlatacak.<\/p>\n<p style=\"text-align: center;\"><img loading=\"lazy\" decoding=\"async\" class=\"alignnone size-full wp-image-3595\" src=\"https:\/\/www.julesverne.com.tr\/\/wp-content\/uploads\/2020\/09\/van_golu_1.jpg\" width=\"999\" height=\"540\" alt=\"\" srcset=\"https:\/\/julesverne.com.tr\/wp-content\/uploads\/2020\/09\/van_golu_1.jpg 999w, https:\/\/julesverne.com.tr\/wp-content\/uploads\/2020\/09\/van_golu_1-500x270.jpg 500w, https:\/\/julesverne.com.tr\/wp-content\/uploads\/2020\/09\/van_golu_1-768x415.jpg 768w\" sizes=\"(max-width: 999px) 100vw, 999px\" \/><\/p>\n<p>Kud&uuml;s&rsquo;ten \u0130ran&rsquo;a ka&ccedil;\u0131r\u0131lan ve 7.yy&rsquo;da getirildi\u011fi rivayet edilen Hakiki Ha&ccedil;&rsquo;\u0131n bulundu\u011fu tahmin edilen yer olarak bilinen Akdamar Kilisesi dinler tarihi a&ccedil;\u0131s\u0131ndan da b&uuml;y&uuml;k bir &ouml;nem ta\u015f\u0131yor. Tarihiyle insan\u0131 b&uuml;y&uuml;leyen ve dik bir kayan\u0131n &uuml;zerine kurulu olan <strong>Ho\u015fap Kalesi<\/strong> de Van&rsquo;\u0131 Van yapan eserlerden bir tanesi!<\/p>\n<p style=\"text-align: center;\"><img loading=\"lazy\" decoding=\"async\" class=\"alignnone size-full wp-image-3596\" src=\"https:\/\/www.julesverne.com.tr\/\/wp-content\/uploads\/2020\/09\/van_kahvaltisi.jpg\" width=\"750\" height=\"500\" alt=\"\" srcset=\"https:\/\/julesverne.com.tr\/wp-content\/uploads\/2020\/09\/van_kahvaltisi.jpg 750w, https:\/\/julesverne.com.tr\/wp-content\/uploads\/2020\/09\/van_kahvaltisi-500x333.jpg 500w\" sizes=\"(max-width: 750px) 100vw, 750px\" \/><\/p>\n<p>Van&rsquo;\u0131n tarihi ve do\u011fal g&uuml;zellikleri kadar t&uuml;m &uuml;lkeye nam salm\u0131\u015f mutfak k&uuml;lt&uuml;r&uuml;n&uuml; deneyimlemeden Van gezisi eksik kal\u0131r&hellip; B&ouml;lgeye &ouml;zg&uuml; bitkilerin kar\u0131\u015f\u0131m\u0131yla yap\u0131lan <em>&#8220;otlu peynir&#8221;<\/em>,<em>&#8220;karakovan bal\u0131&#8221;<\/em>, un, tereya\u011f\u0131 ve yumurtan\u0131n kar\u0131\u015f\u0131m\u0131yla olu\u015fan <em>&#8220;murtu\u011fa&#8221;<\/em>, tereya\u011f\u0131nda kavrulan ve &ouml;\u011f&uuml;t&uuml;lm&uuml;\u015f bu\u011fdayla haz\u0131rlanan<em> &#8220;kavut&#8221;<\/em>tan olu\u015fan <strong>Van Kahvalt\u0131s\u0131<\/strong>&rsquo;n\u0131n tad\u0131 dama\u011f\u0131n\u0131zda kalacak.<\/p>\n<p style=\"text-align: center;\"><img loading=\"lazy\" decoding=\"async\" class=\"alignnone size-full wp-image-3597\" src=\"https:\/\/www.julesverne.com.tr\/\/wp-content\/uploads\/2020\/09\/ishak_pasa-1.jpg\" width=\"1000\" height=\"653\" alt=\"\" srcset=\"https:\/\/julesverne.com.tr\/wp-content\/uploads\/2020\/09\/ishak_pasa-1.jpg 1000w, https:\/\/julesverne.com.tr\/wp-content\/uploads\/2020\/09\/ishak_pasa-1-500x327.jpg 500w, https:\/\/julesverne.com.tr\/wp-content\/uploads\/2020\/09\/ishak_pasa-1-768x502.jpg 768w\" sizes=\"(max-width: 1000px) 100vw, 1000px\" \/><\/p>\n<p>Van ba\u015fl\u0131 ba\u015f\u0131na bir m&uuml;cevher olsa da bu \u015fehri &ccedil;evreleyen bamba\u015fka g&uuml;zellikler de sakl\u0131. Do\u011fubayaz\u0131t&rsquo;a ge&ccedil;ip d&uuml;nyan\u0131n ilk kalorifer tesisat\u0131n\u0131n kuruldu\u011fu<strong> \u0130shakpa\u015fa Saray\u0131<\/strong>&rsquo;n\u0131, Van G&ouml;l&uuml;&rsquo;n&uuml;n di\u011fer k\u0131y\u0131s\u0131ndaki Bitlis&rsquo;e ba\u011fl\u0131<strong> Ahlat<\/strong>&rsquo;taki <strong>Sel&ccedil;uklu Mezarlar\u0131<\/strong> ve <strong>Nemrut Krater G&ouml;l&uuml;&rsquo;<\/strong>n&uuml; de g&ouml;rmeden d&ouml;nm&uuml;yoruz.<\/p>\n<h3 style=\"text-align: center;\"><strong>Do\u011fu Sizi &Ccedil;a\u011f\u0131r\u0131yor: Do\u011fubayaz\u0131t -Van &#8211; Ahlat &#8211; Tatvan&nbsp;<\/strong><\/h3>\n<p style=\"text-align: center;\"><img loading=\"lazy\" decoding=\"async\" class=\"alignnone size-full wp-image-3598\" src=\"https:\/\/www.julesverne.com.tr\/\/wp-content\/uploads\/2020\/09\/van_29_agustos_guncel.jpg\" width=\"999\" height=\"799\" alt=\"\" srcset=\"https:\/\/julesverne.com.tr\/wp-content\/uploads\/2020\/09\/van_29_agustos_guncel.jpg 999w, https:\/\/julesverne.com.tr\/wp-content\/uploads\/2020\/09\/van_29_agustos_guncel-500x400.jpg 500w, https:\/\/julesverne.com.tr\/wp-content\/uploads\/2020\/09\/van_29_agustos_guncel-768x614.jpg 768w\" sizes=\"(max-width: 999px) 100vw, 999px\" \/><\/p>\n<p style=\"text-align: center;\"><strong>Detayl\u0131 bilgi ve rezervasyon i&ccedil;in:<br \/><\/strong><strong><a href=\"mailto:travel@julesverne.com.tr\" target=\"_blank\" rel=\"noopener noreferrer\">travel@julesverne.com.tr<\/a><br \/><\/strong><strong>0212 266 6363 &#8211; 132<\/strong><\/p>\n<\/p>\n<p><\/p>","protected":false},"excerpt":{"rendered":"<p>T&uuml;rkiye en bat\u0131s\u0131ndan en do\u011fusuna g&uuml;zelliklerle dolu. Bu sefer sizi en do\u011fuya Van&lsquo;a g&ouml;t&uuml;r&uuml;yoruz.&nbsp;<\/p>\n","protected":false},"author":1,"featured_media":2124,"comment_status":"closed","ping_status":"closed","sticky":false,"template":"","format":"standard","meta":{"inline_featured_image":false,"footnotes":""},"categories":[1],"tags":[],"acf":[],"yoast_head":"<!-- This site is optimized with the Yoast SEO plugin v22.3 - https:\/\/yoast.com\/wordpress\/plugins\/seo\/ -->\n<title>Bu Yaz \u201cDo\u011fu\u2019nun Paris\u2019i\u201d Van\u2019a Yolculu\u011fa \u00c7\u0131k\u0131yoruz! - JULES VERNE BUSINESS MICE TRAVEL<\/title>\n<meta name=\"description\" content=\"Bu yaz, Do\u011fu&#039;nun g\u00fczelliklerini g\u00f6rmek i\u00e7in dopdolu bir rota haz\u0131rlad\u0131k. 29 A\u011fustos - 1 Eyl\u00fcl tarihlerinde Do\u011fu&#039;nun sesine kulak verip Do\u011fubayaz\u0131t -Van - Ahlat - Tatvan yolculu\u011funa \u00e7\u0131k\u0131yoruz.\" \/>\n<meta name=\"robots\" content=\"index, follow, max-snippet:-1, max-image-preview:large, max-video-preview:-1\" \/>\n<link rel=\"canonical\" href=\"https:\/\/julesverne.com.tr\/travel-blog\/bu-yaz-dogunun-parisi-vana-yolculuga-cikiyoruz\/\" \/>\n<meta property=\"og:locale\" content=\"en_US\" \/>\n<meta property=\"og:type\" content=\"article\" \/>\n<meta property=\"og:title\" content=\"Bu Yaz \u201cDo\u011fu\u2019nun Paris\u2019i\u201d Van\u2019a Yolculu\u011fa \u00c7\u0131k\u0131yoruz! - JULES VERNE BUSINESS MICE TRAVEL\" \/>\n<meta property=\"og:description\" content=\"Bu yaz, Do\u011fu&#039;nun g\u00fczelliklerini g\u00f6rmek i\u00e7in dopdolu bir rota haz\u0131rlad\u0131k. 29 A\u011fustos - 1 Eyl\u00fcl tarihlerinde Do\u011fu&#039;nun sesine kulak verip Do\u011fubayaz\u0131t -Van - Ahlat - Tatvan yolculu\u011funa \u00e7\u0131k\u0131yoruz.\" \/>\n<meta property=\"og:url\" content=\"https:\/\/julesverne.com.tr\/travel-blog\/bu-yaz-dogunun-parisi-vana-yolculuga-cikiyoruz\/\" \/>\n<meta property=\"og:site_name\" content=\"JULES VERNE BUSINESS MICE TRAVEL\" \/>\n<meta property=\"article:publisher\" content=\"https:\/\/www.facebook.com\/JulesVerneBusinessMiceTravel\/\" \/>\n<meta property=\"article:published_time\" content=\"2019-05-23T09:38:16+00:00\" \/>\n<meta property=\"article:modified_time\" content=\"2024-03-22T11:24:17+00:00\" \/>\n<meta property=\"og:image\" content=\"https:\/\/julesverne.com.tr\/wp-content\/uploads\/2020\/09\/van_manzara.jpg\" \/>\n\t<meta property=\"og:image:width\" content=\"1000\" \/>\n\t<meta property=\"og:image:height\" content=\"667\" \/>\n\t<meta property=\"og:image:type\" content=\"image\/jpeg\" \/>\n<meta name=\"author\" content=\"fikirman\" \/>\n<meta name=\"twitter:card\" content=\"summary_large_image\" \/>\n<meta name=\"twitter:creator\" content=\"@JV_BusinessMice\" \/>\n<meta name=\"twitter:site\" content=\"@JV_BusinessMice\" \/>\n<meta name=\"twitter:label1\" content=\"Written by\" \/>\n\t<meta name=\"twitter:data1\" content=\"fikirman\" \/>\n\t<meta name=\"twitter:label2\" content=\"Est. reading time\" \/>\n\t<meta name=\"twitter:data2\" content=\"5 minutes\" \/>\n<script type=\"application\/ld+json\" class=\"yoast-schema-graph\">{\"@context\":\"https:\/\/schema.org\",\"@graph\":[{\"@type\":\"Article\",\"@id\":\"https:\/\/julesverne.com.tr\/travel-blog\/bu-yaz-dogunun-parisi-vana-yolculuga-cikiyoruz\/#article\",\"isPartOf\":{\"@id\":\"https:\/\/julesverne.com.tr\/travel-blog\/bu-yaz-dogunun-parisi-vana-yolculuga-cikiyoruz\/\"},\"author\":{\"name\":\"fikirman\",\"@id\":\"https:\/\/julesverne.com.tr\/#\/schema\/person\/f4eb0514ae455538644c31b99a466fdb\"},\"headline\":\"Bu Yaz \u201cDo\u011fu\u2019nun Paris\u2019i\u201d Van\u2019a Yolculu\u011fa \u00c7\u0131k\u0131yoruz!\",\"datePublished\":\"2019-05-23T09:38:16+00:00\",\"dateModified\":\"2024-03-22T11:24:17+00:00\",\"mainEntityOfPage\":{\"@id\":\"https:\/\/julesverne.com.tr\/travel-blog\/bu-yaz-dogunun-parisi-vana-yolculuga-cikiyoruz\/\"},\"wordCount\":1263,\"publisher\":{\"@id\":\"https:\/\/julesverne.com.tr\/#organization\"},\"image\":{\"@id\":\"https:\/\/julesverne.com.tr\/travel-blog\/bu-yaz-dogunun-parisi-vana-yolculuga-cikiyoruz\/#primaryimage\"},\"thumbnailUrl\":\"https:\/\/julesverne.com.tr\/wp-content\/uploads\/2020\/09\/van_manzara.jpg\",\"articleSection\":[\"Blog\"],\"inLanguage\":\"en-US\"},{\"@type\":\"WebPage\",\"@id\":\"https:\/\/julesverne.com.tr\/travel-blog\/bu-yaz-dogunun-parisi-vana-yolculuga-cikiyoruz\/\",\"url\":\"https:\/\/julesverne.com.tr\/travel-blog\/bu-yaz-dogunun-parisi-vana-yolculuga-cikiyoruz\/\",\"name\":\"Bu Yaz \u201cDo\u011fu\u2019nun Paris\u2019i\u201d Van\u2019a Yolculu\u011fa \u00c7\u0131k\u0131yoruz! - JULES VERNE BUSINESS MICE TRAVEL\",\"isPartOf\":{\"@id\":\"https:\/\/julesverne.com.tr\/#website\"},\"primaryImageOfPage\":{\"@id\":\"https:\/\/julesverne.com.tr\/travel-blog\/bu-yaz-dogunun-parisi-vana-yolculuga-cikiyoruz\/#primaryimage\"},\"image\":{\"@id\":\"https:\/\/julesverne.com.tr\/travel-blog\/bu-yaz-dogunun-parisi-vana-yolculuga-cikiyoruz\/#primaryimage\"},\"thumbnailUrl\":\"https:\/\/julesverne.com.tr\/wp-content\/uploads\/2020\/09\/van_manzara.jpg\",\"datePublished\":\"2019-05-23T09:38:16+00:00\",\"dateModified\":\"2024-03-22T11:24:17+00:00\",\"description\":\"Bu yaz, Do\u011fu'nun g\u00fczelliklerini g\u00f6rmek i\u00e7in dopdolu bir rota haz\u0131rlad\u0131k. 29 A\u011fustos - 1 Eyl\u00fcl tarihlerinde Do\u011fu'nun sesine kulak verip Do\u011fubayaz\u0131t -Van - Ahlat - Tatvan yolculu\u011funa \u00e7\u0131k\u0131yoruz.\",\"breadcrumb\":{\"@id\":\"https:\/\/julesverne.com.tr\/travel-blog\/bu-yaz-dogunun-parisi-vana-yolculuga-cikiyoruz\/#breadcrumb\"},\"inLanguage\":\"en-US\",\"potentialAction\":[{\"@type\":\"ReadAction\",\"target\":[\"https:\/\/julesverne.com.tr\/travel-blog\/bu-yaz-dogunun-parisi-vana-yolculuga-cikiyoruz\/\"]}]},{\"@type\":\"ImageObject\",\"inLanguage\":\"en-US\",\"@id\":\"https:\/\/julesverne.com.tr\/travel-blog\/bu-yaz-dogunun-parisi-vana-yolculuga-cikiyoruz\/#primaryimage\",\"url\":\"https:\/\/julesverne.com.tr\/wp-content\/uploads\/2020\/09\/van_manzara.jpg\",\"contentUrl\":\"https:\/\/julesverne.com.tr\/wp-content\/uploads\/2020\/09\/van_manzara.jpg\",\"width\":1000,\"height\":667},{\"@type\":\"BreadcrumbList\",\"@id\":\"https:\/\/julesverne.com.tr\/travel-blog\/bu-yaz-dogunun-parisi-vana-yolculuga-cikiyoruz\/#breadcrumb\",\"itemListElement\":[{\"@type\":\"ListItem\",\"position\":1,\"name\":\"Anasayfa\",\"item\":\"https:\/\/julesverne.com.tr\/\"},{\"@type\":\"ListItem\",\"position\":2,\"name\":\"Bu Yaz \u201cDo\u011fu\u2019nun Paris\u2019i\u201d Van\u2019a Yolculu\u011fa \u00c7\u0131k\u0131yoruz!\"}]},{\"@type\":\"WebSite\",\"@id\":\"https:\/\/julesverne.com.tr\/#website\",\"url\":\"https:\/\/julesverne.com.tr\/\",\"name\":\"JULES VERNE BUSINESS MICE TRAVEL\",\"description\":\"\",\"publisher\":{\"@id\":\"https:\/\/julesverne.com.tr\/#organization\"},\"potentialAction\":[{\"@type\":\"SearchAction\",\"target\":{\"@type\":\"EntryPoint\",\"urlTemplate\":\"https:\/\/julesverne.com.tr\/?s={search_term_string}\"},\"query-input\":\"required name=search_term_string\"}],\"inLanguage\":\"en-US\"},{\"@type\":\"Organization\",\"@id\":\"https:\/\/julesverne.com.tr\/#organization\",\"name\":\"JULES VERNE BUSINESS MICE TRAVEL\",\"url\":\"https:\/\/julesverne.com.tr\/\",\"logo\":{\"@type\":\"ImageObject\",\"inLanguage\":\"en-US\",\"@id\":\"https:\/\/julesverne.com.tr\/#\/schema\/logo\/image\/\",\"url\":\"https:\/\/julesverne.com.tr\/wp-content\/uploads\/2020\/09\/jv-bmt-logo.png\",\"contentUrl\":\"https:\/\/julesverne.com.tr\/wp-content\/uploads\/2020\/09\/jv-bmt-logo.png\",\"width\":110,\"height\":81,\"caption\":\"JULES VERNE BUSINESS MICE TRAVEL\"},\"image\":{\"@id\":\"https:\/\/julesverne.com.tr\/#\/schema\/logo\/image\/\"},\"sameAs\":[\"https:\/\/www.facebook.com\/JulesVerneBusinessMiceTravel\/\",\"https:\/\/twitter.com\/JV_BusinessMice\",\"https:\/\/www.instagram.com\/julesvernebusinessmicetravel\/\",\"https:\/\/www.linkedin.com\/company\/julesvernebusinessmicetravel\/\",\"https:\/\/www.youtube.com\/channel\/UCAwdsmbZ6tFhu1tea6pkpiw\"]},{\"@type\":\"Person\",\"@id\":\"https:\/\/julesverne.com.tr\/#\/schema\/person\/f4eb0514ae455538644c31b99a466fdb\",\"name\":\"fikirman\",\"sameAs\":[\"http:\/\/advermedya.net\/julesverne\"],\"url\":\"https:\/\/julesverne.com.tr\/en\/author\/fikirman\/\"}]}<\/script>\n<!-- \/ Yoast SEO plugin. -->","yoast_head_json":{"title":"Bu Yaz \u201cDo\u011fu\u2019nun Paris\u2019i\u201d Van\u2019a Yolculu\u011fa \u00c7\u0131k\u0131yoruz! - JULES VERNE BUSINESS MICE TRAVEL","description":"Bu yaz, Do\u011fu'nun g\u00fczelliklerini g\u00f6rmek i\u00e7in dopdolu bir rota haz\u0131rlad\u0131k. 29 A\u011fustos - 1 Eyl\u00fcl tarihlerinde Do\u011fu'nun sesine kulak verip Do\u011fubayaz\u0131t -Van - Ahlat - Tatvan yolculu\u011funa \u00e7\u0131k\u0131yoruz.","robots":{"index":"index","follow":"follow","max-snippet":"max-snippet:-1","max-image-preview":"max-image-preview:large","max-video-preview":"max-video-preview:-1"},"canonical":"https:\/\/julesverne.com.tr\/travel-blog\/bu-yaz-dogunun-parisi-vana-yolculuga-cikiyoruz\/","og_locale":"en_US","og_type":"article","og_title":"Bu Yaz \u201cDo\u011fu\u2019nun Paris\u2019i\u201d Van\u2019a Yolculu\u011fa \u00c7\u0131k\u0131yoruz! - JULES VERNE BUSINESS MICE TRAVEL","og_description":"Bu yaz, Do\u011fu'nun g\u00fczelliklerini g\u00f6rmek i\u00e7in dopdolu bir rota haz\u0131rlad\u0131k. 29 A\u011fustos - 1 Eyl\u00fcl tarihlerinde Do\u011fu'nun sesine kulak verip Do\u011fubayaz\u0131t -Van - Ahlat - Tatvan yolculu\u011funa \u00e7\u0131k\u0131yoruz.","og_url":"https:\/\/julesverne.com.tr\/travel-blog\/bu-yaz-dogunun-parisi-vana-yolculuga-cikiyoruz\/","og_site_name":"JULES VERNE BUSINESS MICE TRAVEL","article_publisher":"https:\/\/www.facebook.com\/JulesVerneBusinessMiceTravel\/","article_published_time":"2019-05-23T09:38:16+00:00","article_modified_time":"2024-03-22T11:24:17+00:00","og_image":[{"width":1000,"height":667,"url":"https:\/\/julesverne.com.tr\/wp-content\/uploads\/2020\/09\/van_manzara.jpg","type":"image\/jpeg"}],"author":"fikirman","twitter_card":"summary_large_image","twitter_creator":"@JV_BusinessMice","twitter_site":"@JV_BusinessMice","twitter_misc":{"Written by":"fikirman","Est. reading time":"5 minutes"},"schema":{"@context":"https:\/\/schema.org","@graph":[{"@type":"Article","@id":"https:\/\/julesverne.com.tr\/travel-blog\/bu-yaz-dogunun-parisi-vana-yolculuga-cikiyoruz\/#article","isPartOf":{"@id":"https:\/\/julesverne.com.tr\/travel-blog\/bu-yaz-dogunun-parisi-vana-yolculuga-cikiyoruz\/"},"author":{"name":"fikirman","@id":"https:\/\/julesverne.com.tr\/#\/schema\/person\/f4eb0514ae455538644c31b99a466fdb"},"headline":"Bu Yaz \u201cDo\u011fu\u2019nun Paris\u2019i\u201d Van\u2019a Yolculu\u011fa \u00c7\u0131k\u0131yoruz!","datePublished":"2019-05-23T09:38:16+00:00","dateModified":"2024-03-22T11:24:17+00:00","mainEntityOfPage":{"@id":"https:\/\/julesverne.com.tr\/travel-blog\/bu-yaz-dogunun-parisi-vana-yolculuga-cikiyoruz\/"},"wordCount":1263,"publisher":{"@id":"https:\/\/julesverne.com.tr\/#organization"},"image":{"@id":"https:\/\/julesverne.com.tr\/travel-blog\/bu-yaz-dogunun-parisi-vana-yolculuga-cikiyoruz\/#primaryimage"},"thumbnailUrl":"https:\/\/julesverne.com.tr\/wp-content\/uploads\/2020\/09\/van_manzara.jpg","articleSection":["Blog"],"inLanguage":"en-US"},{"@type":"WebPage","@id":"https:\/\/julesverne.com.tr\/travel-blog\/bu-yaz-dogunun-parisi-vana-yolculuga-cikiyoruz\/","url":"https:\/\/julesverne.com.tr\/travel-blog\/bu-yaz-dogunun-parisi-vana-yolculuga-cikiyoruz\/","name":"Bu Yaz \u201cDo\u011fu\u2019nun Paris\u2019i\u201d Van\u2019a Yolculu\u011fa \u00c7\u0131k\u0131yoruz! - JULES VERNE BUSINESS MICE TRAVEL","isPartOf":{"@id":"https:\/\/julesverne.com.tr\/#website"},"primaryImageOfPage":{"@id":"https:\/\/julesverne.com.tr\/travel-blog\/bu-yaz-dogunun-parisi-vana-yolculuga-cikiyoruz\/#primaryimage"},"image":{"@id":"https:\/\/julesverne.com.tr\/travel-blog\/bu-yaz-dogunun-parisi-vana-yolculuga-cikiyoruz\/#primaryimage"},"thumbnailUrl":"https:\/\/julesverne.com.tr\/wp-content\/uploads\/2020\/09\/van_manzara.jpg","datePublished":"2019-05-23T09:38:16+00:00","dateModified":"2024-03-22T11:24:17+00:00","description":"Bu yaz, Do\u011fu'nun g\u00fczelliklerini g\u00f6rmek i\u00e7in dopdolu bir rota haz\u0131rlad\u0131k. 29 A\u011fustos - 1 Eyl\u00fcl tarihlerinde Do\u011fu'nun sesine kulak verip Do\u011fubayaz\u0131t -Van - Ahlat - Tatvan yolculu\u011funa \u00e7\u0131k\u0131yoruz.","breadcrumb":{"@id":"https:\/\/julesverne.com.tr\/travel-blog\/bu-yaz-dogunun-parisi-vana-yolculuga-cikiyoruz\/#breadcrumb"},"inLanguage":"en-US","potentialAction":[{"@type":"ReadAction","target":["https:\/\/julesverne.com.tr\/travel-blog\/bu-yaz-dogunun-parisi-vana-yolculuga-cikiyoruz\/"]}]},{"@type":"ImageObject","inLanguage":"en-US","@id":"https:\/\/julesverne.com.tr\/travel-blog\/bu-yaz-dogunun-parisi-vana-yolculuga-cikiyoruz\/#primaryimage","url":"https:\/\/julesverne.com.tr\/wp-content\/uploads\/2020\/09\/van_manzara.jpg","contentUrl":"https:\/\/julesverne.com.tr\/wp-content\/uploads\/2020\/09\/van_manzara.jpg","width":1000,"height":667},{"@type":"BreadcrumbList","@id":"https:\/\/julesverne.com.tr\/travel-blog\/bu-yaz-dogunun-parisi-vana-yolculuga-cikiyoruz\/#breadcrumb","itemListElement":[{"@type":"ListItem","position":1,"name":"Anasayfa","item":"https:\/\/julesverne.com.tr\/"},{"@type":"ListItem","position":2,"name":"Bu Yaz \u201cDo\u011fu\u2019nun Paris\u2019i\u201d Van\u2019a Yolculu\u011fa \u00c7\u0131k\u0131yoruz!"}]},{"@type":"WebSite","@id":"https:\/\/julesverne.com.tr\/#website","url":"https:\/\/julesverne.com.tr\/","name":"JULES VERNE BUSINESS MICE TRAVEL","description":"","publisher":{"@id":"https:\/\/julesverne.com.tr\/#organization"},"potentialAction":[{"@type":"SearchAction","target":{"@type":"EntryPoint","urlTemplate":"https:\/\/julesverne.com.tr\/?s={search_term_string}"},"query-input":"required name=search_term_string"}],"inLanguage":"en-US"},{"@type":"Organization","@id":"https:\/\/julesverne.com.tr\/#organization","name":"JULES VERNE BUSINESS MICE TRAVEL","url":"https:\/\/julesverne.com.tr\/","logo":{"@type":"ImageObject","inLanguage":"en-US","@id":"https:\/\/julesverne.com.tr\/#\/schema\/logo\/image\/","url":"https:\/\/julesverne.com.tr\/wp-content\/uploads\/2020\/09\/jv-bmt-logo.png","contentUrl":"https:\/\/julesverne.com.tr\/wp-content\/uploads\/2020\/09\/jv-bmt-logo.png","width":110,"height":81,"caption":"JULES VERNE BUSINESS MICE TRAVEL"},"image":{"@id":"https:\/\/julesverne.com.tr\/#\/schema\/logo\/image\/"},"sameAs":["https:\/\/www.facebook.com\/JulesVerneBusinessMiceTravel\/","https:\/\/twitter.com\/JV_BusinessMice","https:\/\/www.instagram.com\/julesvernebusinessmicetravel\/","https:\/\/www.linkedin.com\/company\/julesvernebusinessmicetravel\/","https:\/\/www.youtube.com\/channel\/UCAwdsmbZ6tFhu1tea6pkpiw"]},{"@type":"Person","@id":"https:\/\/julesverne.com.tr\/#\/schema\/person\/f4eb0514ae455538644c31b99a466fdb","name":"fikirman","sameAs":["http:\/\/advermedya.net\/julesverne"],"url":"https:\/\/julesverne.com.tr\/en\/author\/fikirman\/"}]}},"_links":{"self":[{"href":"https:\/\/julesverne.com.tr\/en\/wp-json\/wp\/v2\/posts\/2123"}],"collection":[{"href":"https:\/\/julesverne.com.tr\/en\/wp-json\/wp\/v2\/posts"}],"about":[{"href":"https:\/\/julesverne.com.tr\/en\/wp-json\/wp\/v2\/types\/post"}],"author":[{"embeddable":true,"href":"https:\/\/julesverne.com.tr\/en\/wp-json\/wp\/v2\/users\/1"}],"replies":[{"embeddable":true,"href":"https:\/\/julesverne.com.tr\/en\/wp-json\/wp\/v2\/comments?post=2123"}],"version-history":[{"count":1,"href":"https:\/\/julesverne.com.tr\/en\/wp-json\/wp\/v2\/posts\/2123\/revisions"}],"predecessor-version":[{"id":17027,"href":"https:\/\/julesverne.com.tr\/en\/wp-json\/wp\/v2\/posts\/2123\/revisions\/17027"}],"wp:featuredmedia":[{"embeddable":true,"href":"https:\/\/julesverne.com.tr\/en\/wp-json\/wp\/v2\/media\/2124"}],"wp:attachment":[{"href":"https:\/\/julesverne.com.tr\/en\/wp-json\/wp\/v2\/media?parent=2123"}],"wp:term":[{"taxonomy":"category","embeddable":true,"href":"https:\/\/julesverne.com.tr\/en\/wp-json\/wp\/v2\/categories?post=2123"},{"taxonomy":"post_tag","embeddable":true,"href":"https:\/\/julesverne.com.tr\/en\/wp-json\/wp\/v2\/tags?post=2123"}],"curies":[{"name":"wp","href":"https:\/\/api.w.org\/{rel}","templated":true}]}}