{"id":2121,"date":"2019-05-23T11:25:33","date_gmt":"2019-05-23T08:25:33","guid":{"rendered":"https:\/\/www.julesverne.com.tr\/\/blog\/lavanta-kokulu-koy-esliginde-rengarenk-isparta\/"},"modified":"2024-03-22T14:29:43","modified_gmt":"2024-03-22T11:29:43","slug":"lavanta-kokulu-koy-esliginde-rengarenk-isparta","status":"publish","type":"post","link":"https:\/\/julesverne.com.tr\/en\/travel-blog\/lavanta-kokulu-koy-esliginde-rengarenk-isparta\/","title":{"rendered":"Lavanta Kokulu K\u00f6y E\u015fli\u011finde Reng\u00e2renk Isparta"},"content":{"rendered":"<p><\/p>\n<p><p><img loading=\"lazy\" decoding=\"async\" class=\"alignnone size-full wp-image-3600\" src=\"https:\/\/www.julesverne.com.tr\/\/wp-content\/uploads\/2020\/09\/lavanta_hasadi_1-1.jpg\" width=\"1170\" height=\"650\" alt=\"\" srcset=\"https:\/\/julesverne.com.tr\/wp-content\/uploads\/2020\/09\/lavanta_hasadi_1-1.jpg 1170w, https:\/\/julesverne.com.tr\/wp-content\/uploads\/2020\/09\/lavanta_hasadi_1-1-500x278.jpg 500w, https:\/\/julesverne.com.tr\/wp-content\/uploads\/2020\/09\/lavanta_hasadi_1-1-768x427.jpg 768w\" sizes=\"(max-width: 1170px) 100vw, 1170px\" \/><\/p>\n<p>Bizim Provence&rsquo;\u0131m\u0131z, bizim lavanta tarlalar\u0131m\u0131z: <strong>Kuyucak K&ouml;y&uuml;, Isparta<\/strong>&hellip; Y\u0131llar i&ccedil;erisinde kente yap\u0131lan g&ouml;&ccedil;lerle yakla\u015f\u0131k 300 ki\u015filik bir n&uuml;fusun kald\u0131\u011f\u0131 k&ouml;y&uuml;n kaderi 1975 y\u0131l\u0131nda Fransa&rsquo;dan getirilen 30 lavanta fidesi ile de\u011fi\u015fmi\u015f. Bug&uuml;n, bu &uuml;lkenin en k\u0131ymetli topraklar\u0131ndan olan lavanta kokulu k&ouml;y Kuyucak Toroslar\u0131n ete\u011finde kurulan bir umut \u0131\u015f\u0131\u011f\u0131 asl\u0131nda.<\/p>\n<p style=\"text-align: center;\"><img loading=\"lazy\" decoding=\"async\" class=\"alignnone size-full wp-image-3601\" src=\"https:\/\/www.julesverne.com.tr\/\/wp-content\/uploads\/2020\/09\/kuyucak_koyu_kucuk_boyut.jpg\" width=\"1000\" height=\"666\" alt=\"\" srcset=\"https:\/\/julesverne.com.tr\/wp-content\/uploads\/2020\/09\/kuyucak_koyu_kucuk_boyut.jpg 1000w, https:\/\/julesverne.com.tr\/wp-content\/uploads\/2020\/09\/kuyucak_koyu_kucuk_boyut-500x333.jpg 500w, https:\/\/julesverne.com.tr\/wp-content\/uploads\/2020\/09\/kuyucak_koyu_kucuk_boyut-768x511.jpg 768w\" sizes=\"(max-width: 1000px) 100vw, 1000px\" \/><\/p>\n<p>Gelecek Turizmde&rsquo;nin katk\u0131lar\u0131yla ad\u0131n\u0131 d&uuml;nyaya duyuran bir projeye d&ouml;n&uuml;\u015fen Kuyucak K&ouml;y&uuml; g&uuml;n&uuml;m&uuml;zde T&uuml;rkiye&rsquo;nin lavanta &uuml;retiminin %93&rsquo;&uuml;n&uuml; kar\u015f\u0131l\u0131yor. Harika de\u011fil mi?<\/p>\n<h4><strong><a href=\"https:\/\/gezi.julesverne.com.tr\/geziler\/yurt-ici-ozel-gezilerimiz\/lavanta-kokulu-kuyucak-koyu-esliginde-turkiye-nin-gizli-hazinesi-isparta\" target=\"_blank\" rel=\"noopener noreferrer\">Gelin siz de bu lavanta hasad\u0131nda, 12-14 Temmuz tarihlerinde Kuyucak K&ouml;y&uuml;&nbsp;ile birlikte&nbsp;Isparta&rsquo;n\u0131n&nbsp;g&uuml;zelliklerini bizimle ke\u015ffedin!<\/a><\/strong><\/h4>\n<p style=\"text-align: center;\"><a href=\"https:\/\/gezi.julesverne.com.tr\/geziler\/yurt-ici-ozel-gezilerimiz\/lavanta-kokulu-kuyucak-koyu-esliginde-turkiye-nin-gizli-hazinesi-isparta\" target=\"_blank\" rel=\"noopener noreferrer\"><strong><img loading=\"lazy\" decoding=\"async\" class=\"alignnone size-full wp-image-3602\" src=\"https:\/\/www.julesverne.com.tr\/\/wp-content\/uploads\/2020\/09\/lavanta_mix.jpg\" width=\"999\" height=\"679\" alt=\"\" srcset=\"https:\/\/julesverne.com.tr\/wp-content\/uploads\/2020\/09\/lavanta_mix.jpg 999w, https:\/\/julesverne.com.tr\/wp-content\/uploads\/2020\/09\/lavanta_mix-500x340.jpg 500w, https:\/\/julesverne.com.tr\/wp-content\/uploads\/2020\/09\/lavanta_mix-768x522.jpg 768w\" sizes=\"(max-width: 999px) 100vw, 999px\" \/><\/strong><\/a><\/p>\n<p>Lavanta Kokulu K&ouml;y Kad\u0131n Giri\u015fimciler Kooperatifi ile farkl\u0131 alanlarda e\u011fitim alan kad\u0131nlar Kuyucak K&ouml;y&uuml;&rsquo;n&uuml; bug&uuml;nk&uuml; ba\u015far\u0131s\u0131na ta\u015f\u0131yor. Ve gelinen noktada lavantadan &uuml;retilenler s\u0131n\u0131rlar\u0131 zorluyor: Lavanta bal\u0131, lavanta dondurmas\u0131, lavanta &ccedil;ay\u0131, lavanta keki, lavanta ya\u011f\u0131, lavantal\u0131 kurabiye&hellip;<\/p>\n<p>Kuyucak K&ouml;y&uuml;&rsquo;ne geldi\u011finizde bu gurur verici hik&acirc;yelerin yan\u0131 s\u0131ra lavanta manzaralar\u0131 sizi sonsuzlu\u011fa g&ouml;t&uuml;r&uuml;yor.<\/p>\n<p style=\"text-align: center;\"><img loading=\"lazy\" decoding=\"async\" class=\"alignnone size-full wp-image-3603\" src=\"https:\/\/www.julesverne.com.tr\/\/wp-content\/uploads\/2020\/09\/2-3.jpg\" width=\"1000\" height=\"680\" alt=\"\" srcset=\"https:\/\/julesverne.com.tr\/wp-content\/uploads\/2020\/09\/2-3.jpg 1000w, https:\/\/julesverne.com.tr\/wp-content\/uploads\/2020\/09\/2-3-500x340.jpg 500w, https:\/\/julesverne.com.tr\/wp-content\/uploads\/2020\/09\/2-3-768x522.jpg 768w\" sizes=\"(max-width: 1000px) 100vw, 1000px\" \/><\/p>\n<p>En g&uuml;zel zamanlar\u0131 Haziran-A\u011fustos aylar\u0131 olan k&ouml;yde &ouml;zellikle, Temmuz ay\u0131nda co\u015fan lavanta tarlalar\u0131 aras\u0131nda foto\u011fraf &ccedil;ekmeye doyam\u0131yor insan.&nbsp;<\/p>\n<p>Kuyucak K&ouml;y&uuml;&rsquo;ne kadar gelmi\u015fken Isparta&rsquo;n\u0131n birbirinden g&uuml;zel yerlerini kapsayan bir rota &ccedil;\u0131karabilirsiniz kendinize. E\u011firdir G&ouml;l&uuml;, Sagalassos Antik Kenti ve Salda G&ouml;l&uuml; rotas\u0131yla tarihe, k&uuml;lt&uuml;re ve do\u011faya doyabilirsiniz.<\/p>\n<p style=\"text-align: center;\"><img loading=\"lazy\" decoding=\"async\" class=\"alignnone size-full wp-image-3604\" src=\"https:\/\/www.julesverne.com.tr\/\/wp-content\/uploads\/2020\/09\/9.jpg\" width=\"999\" height=\"679\" alt=\"\" srcset=\"https:\/\/julesverne.com.tr\/wp-content\/uploads\/2020\/09\/9.jpg 999w, https:\/\/julesverne.com.tr\/wp-content\/uploads\/2020\/09\/9-500x340.jpg 500w, https:\/\/julesverne.com.tr\/wp-content\/uploads\/2020\/09\/9-768x522.jpg 768w\" sizes=\"(max-width: 999px) 100vw, 999px\" \/><\/p>\n<p>R&uuml;zg&acirc;r ve \u0131\u015f\u0131kla renk de\u011fi\u015ftiren, halk aras\u0131nda &#8220;yedi renkli&#8221; g&ouml;l olarak nam salan <strong>E\u011firdir G&ouml;l&uuml;<\/strong>, tarihi M.&Ouml;. 6. y&uuml;zy\u0131la dayanan <strong>E\u011firdir<\/strong> kentine s&uuml;k&ucirc;neti getiriyor. Tarih boyunca Lidyal\u0131lar\u0131n, Sel&ccedil;uklular\u0131n ve Osmanl\u0131&#8217;n\u0131n h&uuml;k&uuml;mdarl\u0131\u011f\u0131na giren E\u011firdir bug&uuml;nlere ta\u015f\u0131d\u0131\u011f\u0131 &ouml;zellikleriyle T&uuml;rkiye&#8217;nin &#8220;yava\u015f \u015fehir&#8221; listesinde yerini al\u0131yor.<\/p>\n<p style=\"text-align: center;\"><img loading=\"lazy\" decoding=\"async\" class=\"alignnone size-full wp-image-3605\" src=\"https:\/\/www.julesverne.com.tr\/\/wp-content\/uploads\/2020\/09\/egirdir_manzara.jpg\" width=\"999\" height=\"562\" alt=\"\" srcset=\"https:\/\/julesverne.com.tr\/wp-content\/uploads\/2020\/09\/egirdir_manzara.jpg 999w, https:\/\/julesverne.com.tr\/wp-content\/uploads\/2020\/09\/egirdir_manzara-500x281.jpg 500w, https:\/\/julesverne.com.tr\/wp-content\/uploads\/2020\/09\/egirdir_manzara-768x432.jpg 768w, https:\/\/julesverne.com.tr\/wp-content\/uploads\/2020\/09\/egirdir_manzara-400x225.jpg 400w\" sizes=\"(max-width: 999px) 100vw, 999px\" \/><\/p>\n<p>Antik &ccedil;a\u011flarda &ldquo;bar\u0131\u015f, huzur ve zenginlik i&ccedil;inde uzun bir ya\u015fam&rdquo; olarak bahsedilen <strong>Sagalassos Antik Kenti<\/strong>, Toros eteklerine yay\u0131lan, mermer yap\u0131lar\u0131yla g&uuml;n&uuml;m&uuml;zde bile b&uuml;y&uuml;lemeye devam eden en de\u011ferli antik kentlerden biri. Tarih sahnesinde, B&uuml;y&uuml;k \u0130skender&rsquo;in ku\u015fatmas\u0131yla dikkatleri &uuml;zerine &ccedil;eken Sagalassos, ge&ccedil;mi\u015ften g&uuml;n&uuml;m&uuml;ze en iyi \u015fekilde korunarak gelen say\u0131l\u0131 kentlerden de bir tanesi.<\/p>\n<p style=\"text-align: center;\"><img loading=\"lazy\" decoding=\"async\" class=\"alignnone size-full wp-image-3606\" src=\"https:\/\/www.julesverne.com.tr\/\/wp-content\/uploads\/2020\/09\/1546427848-sagalassos.jpg\" width=\"1000\" height=\"664\" alt=\"\" srcset=\"https:\/\/julesverne.com.tr\/wp-content\/uploads\/2020\/09\/1546427848-sagalassos.jpg 1000w, https:\/\/julesverne.com.tr\/wp-content\/uploads\/2020\/09\/1546427848-sagalassos-500x332.jpg 500w, https:\/\/julesverne.com.tr\/wp-content\/uploads\/2020\/09\/1546427848-sagalassos-768x510.jpg 768w\" sizes=\"(max-width: 1000px) 100vw, 1000px\" \/><\/p>\n<p>G&uuml;ney k\u0131y\u0131lar\u0131n\u0131n turkuaz sular\u0131n\u0131 aratmayan <strong>Salda G&ouml;l&uuml;<\/strong>, bembeyaz kum sahiliyle &#8220;mutlaka g&ouml;r&uuml;lmesi gereken yerler&#8221; aras\u0131nda yerini al\u0131yor. Do\u011fal S\u0130T alan\u0131 ilan edilerek koruma alt\u0131na al\u0131nan bu k\u0131ymetli do\u011fal g&uuml;zellik ayn\u0131 zamanda Mars y&uuml;zeyine benzerli\u011fi ile \u015fa\u015f\u0131rt\u0131yor.<\/p>\n<p style=\"text-align: center;\"><img loading=\"lazy\" decoding=\"async\" class=\"alignnone size-full wp-image-3607\" src=\"https:\/\/www.julesverne.com.tr\/\/wp-content\/uploads\/2020\/09\/salda_golu_turkiye.jpg\" width=\"999\" height=\"666\" alt=\"\" srcset=\"https:\/\/julesverne.com.tr\/wp-content\/uploads\/2020\/09\/salda_golu_turkiye.jpg 999w, https:\/\/julesverne.com.tr\/wp-content\/uploads\/2020\/09\/salda_golu_turkiye-500x333.jpg 500w, https:\/\/julesverne.com.tr\/wp-content\/uploads\/2020\/09\/salda_golu_turkiye-768x512.jpg 768w\" sizes=\"(max-width: 999px) 100vw, 999px\" \/><\/p>\n<h4 style=\"text-align: center;\"><a href=\"..\/..\/bizden-haberler\/lavanta-kokulu-koy-esliginde-rengrenk-isparta?preview=true\" target=\"_blank\" rel=\"noopener noreferrer\"><strong>Lavanta Kokulu Kuyucak K&ouml;y&uuml; E\u015fli\u011finde T&uuml;rkiye&rsquo;nin Gizli Hazinesi Isparta <\/strong><\/a><\/h4>\n<p style=\"text-align: center;\"><strong>12 &#8211; 14 Temmuz 2019 <br \/>Sagalassos &#8211; E\u011firdir &#8211; Kuyucak K&ouml;y&uuml; &#8211; Salda G&ouml;l&uuml;<\/strong><\/p>\n<p style=\"text-align: center;\"><img loading=\"lazy\" decoding=\"async\" class=\"alignnone size-full wp-image-3608\" src=\"https:\/\/www.julesverne.com.tr\/\/wp-content\/uploads\/2020\/09\/lavanta_hasadi_gezi.jpg\" width=\"999\" height=\"799\" alt=\"\" srcset=\"https:\/\/julesverne.com.tr\/wp-content\/uploads\/2020\/09\/lavanta_hasadi_gezi.jpg 999w, https:\/\/julesverne.com.tr\/wp-content\/uploads\/2020\/09\/lavanta_hasadi_gezi-500x400.jpg 500w, https:\/\/julesverne.com.tr\/wp-content\/uploads\/2020\/09\/lavanta_hasadi_gezi-768x614.jpg 768w\" sizes=\"(max-width: 999px) 100vw, 999px\" \/><\/p>\n<p style=\"text-align: center;\"><strong><a href=\"..\/..\/bizden-haberler\/lavanta-kokulu-koy-esliginde-rengrenk-isparta?preview=true\" target=\"_blank\" rel=\"noopener noreferrer\">Detayl\u0131 bilgi ve rezervasyon i&ccedil;in t\u0131klay\u0131n!<\/a><br \/><\/strong><strong><a href=\"mailto:travel@julesverne.com.tr\" target=\"_blank\" rel=\"noopener noreferrer\">travel@julesverne.com.tr<\/a><br \/><\/strong><strong>0212 266 6363 &#8211; 132<\/strong><\/p>\n<\/p>\n<p><\/p>","protected":false},"excerpt":{"rendered":"<p>Bizim Provence&rsquo;\u0131m\u0131z, bizim lavanta tarlalar\u0131m\u0131z: Kuyucak K&ouml;y&uuml;, Isparta&hellip; Gelin siz de bu lavanta hasad\u0131nda Kuyucak K&ouml;y&uuml; &ouml;nderli\u011finde Isparta&rsquo;n\u0131n bilinmeyenlerini bizimle ke\u015ffedin!<\/p>\n","protected":false},"author":1,"featured_media":2122,"comment_status":"closed","ping_status":"closed","sticky":false,"template":"","format":"standard","meta":{"inline_featured_image":false,"footnotes":""},"categories":[1],"tags":[],"acf":[],"yoast_head":"<!-- This site is optimized with the Yoast SEO plugin v22.3 - https:\/\/yoast.com\/wordpress\/plugins\/seo\/ -->\n<title>Lavanta Kokulu K\u00f6y E\u015fli\u011finde Reng\u00e2renk Isparta - JULES VERNE BUSINESS MICE TRAVEL<\/title>\n<meta name=\"description\" content=\"Gelin siz de bu lavanta hasad\u0131nda, 12-14 Temmuz tarihlerinde Kuyucak K\u00f6y\u00fc\u00a0ile birlikte\u00a0Isparta\u2019n\u0131n\u00a0g\u00fczelliklerini bizimle ke\u015ffedin!\" \/>\n<meta name=\"robots\" content=\"index, follow, max-snippet:-1, max-image-preview:large, max-video-preview:-1\" \/>\n<link rel=\"canonical\" href=\"https:\/\/julesverne.com.tr\/travel-blog\/lavanta-kokulu-koy-esliginde-rengarenk-isparta\/\" \/>\n<meta property=\"og:locale\" content=\"en_US\" \/>\n<meta property=\"og:type\" content=\"article\" \/>\n<meta property=\"og:title\" content=\"Lavanta Kokulu K\u00f6y E\u015fli\u011finde Reng\u00e2renk Isparta - JULES VERNE BUSINESS MICE TRAVEL\" \/>\n<meta property=\"og:description\" content=\"Gelin siz de bu lavanta hasad\u0131nda, 12-14 Temmuz tarihlerinde Kuyucak K\u00f6y\u00fc\u00a0ile birlikte\u00a0Isparta\u2019n\u0131n\u00a0g\u00fczelliklerini bizimle ke\u015ffedin!\" \/>\n<meta property=\"og:url\" content=\"https:\/\/julesverne.com.tr\/travel-blog\/lavanta-kokulu-koy-esliginde-rengarenk-isparta\/\" \/>\n<meta property=\"og:site_name\" content=\"JULES VERNE BUSINESS MICE TRAVEL\" \/>\n<meta property=\"article:publisher\" content=\"https:\/\/www.facebook.com\/JulesVerneBusinessMiceTravel\/\" \/>\n<meta property=\"article:published_time\" content=\"2019-05-23T08:25:33+00:00\" \/>\n<meta property=\"article:modified_time\" content=\"2024-03-22T11:29:43+00:00\" \/>\n<meta property=\"og:image\" content=\"https:\/\/julesverne.com.tr\/wp-content\/uploads\/2020\/09\/lavanta_hasadi_1.jpg\" \/>\n\t<meta property=\"og:image:width\" content=\"1170\" \/>\n\t<meta property=\"og:image:height\" content=\"650\" \/>\n\t<meta property=\"og:image:type\" content=\"image\/jpeg\" \/>\n<meta name=\"author\" content=\"fikirman\" \/>\n<meta name=\"twitter:card\" content=\"summary_large_image\" \/>\n<meta name=\"twitter:creator\" content=\"@JV_BusinessMice\" \/>\n<meta name=\"twitter:site\" content=\"@JV_BusinessMice\" \/>\n<meta name=\"twitter:label1\" content=\"Written by\" \/>\n\t<meta name=\"twitter:data1\" content=\"fikirman\" \/>\n\t<meta name=\"twitter:label2\" content=\"Est. reading time\" \/>\n\t<meta name=\"twitter:data2\" content=\"5 minutes\" \/>\n<script type=\"application\/ld+json\" class=\"yoast-schema-graph\">{\"@context\":\"https:\/\/schema.org\",\"@graph\":[{\"@type\":\"Article\",\"@id\":\"https:\/\/julesverne.com.tr\/travel-blog\/lavanta-kokulu-koy-esliginde-rengarenk-isparta\/#article\",\"isPartOf\":{\"@id\":\"https:\/\/julesverne.com.tr\/travel-blog\/lavanta-kokulu-koy-esliginde-rengarenk-isparta\/\"},\"author\":{\"name\":\"fikirman\",\"@id\":\"https:\/\/julesverne.com.tr\/#\/schema\/person\/f4eb0514ae455538644c31b99a466fdb\"},\"headline\":\"Lavanta Kokulu K\u00f6y E\u015fli\u011finde Reng\u00e2renk Isparta\",\"datePublished\":\"2019-05-23T08:25:33+00:00\",\"dateModified\":\"2024-03-22T11:29:43+00:00\",\"mainEntityOfPage\":{\"@id\":\"https:\/\/julesverne.com.tr\/travel-blog\/lavanta-kokulu-koy-esliginde-rengarenk-isparta\/\"},\"wordCount\":1151,\"publisher\":{\"@id\":\"https:\/\/julesverne.com.tr\/#organization\"},\"image\":{\"@id\":\"https:\/\/julesverne.com.tr\/travel-blog\/lavanta-kokulu-koy-esliginde-rengarenk-isparta\/#primaryimage\"},\"thumbnailUrl\":\"https:\/\/julesverne.com.tr\/wp-content\/uploads\/2020\/09\/lavanta_hasadi_1.jpg\",\"articleSection\":[\"Blog\"],\"inLanguage\":\"en-US\"},{\"@type\":\"WebPage\",\"@id\":\"https:\/\/julesverne.com.tr\/travel-blog\/lavanta-kokulu-koy-esliginde-rengarenk-isparta\/\",\"url\":\"https:\/\/julesverne.com.tr\/travel-blog\/lavanta-kokulu-koy-esliginde-rengarenk-isparta\/\",\"name\":\"Lavanta Kokulu K\u00f6y E\u015fli\u011finde Reng\u00e2renk Isparta - JULES VERNE BUSINESS MICE TRAVEL\",\"isPartOf\":{\"@id\":\"https:\/\/julesverne.com.tr\/#website\"},\"primaryImageOfPage\":{\"@id\":\"https:\/\/julesverne.com.tr\/travel-blog\/lavanta-kokulu-koy-esliginde-rengarenk-isparta\/#primaryimage\"},\"image\":{\"@id\":\"https:\/\/julesverne.com.tr\/travel-blog\/lavanta-kokulu-koy-esliginde-rengarenk-isparta\/#primaryimage\"},\"thumbnailUrl\":\"https:\/\/julesverne.com.tr\/wp-content\/uploads\/2020\/09\/lavanta_hasadi_1.jpg\",\"datePublished\":\"2019-05-23T08:25:33+00:00\",\"dateModified\":\"2024-03-22T11:29:43+00:00\",\"description\":\"Gelin siz de bu lavanta hasad\u0131nda, 12-14 Temmuz tarihlerinde Kuyucak K\u00f6y\u00fc\u00a0ile birlikte\u00a0Isparta\u2019n\u0131n\u00a0g\u00fczelliklerini bizimle ke\u015ffedin!\",\"breadcrumb\":{\"@id\":\"https:\/\/julesverne.com.tr\/travel-blog\/lavanta-kokulu-koy-esliginde-rengarenk-isparta\/#breadcrumb\"},\"inLanguage\":\"en-US\",\"potentialAction\":[{\"@type\":\"ReadAction\",\"target\":[\"https:\/\/julesverne.com.tr\/travel-blog\/lavanta-kokulu-koy-esliginde-rengarenk-isparta\/\"]}]},{\"@type\":\"ImageObject\",\"inLanguage\":\"en-US\",\"@id\":\"https:\/\/julesverne.com.tr\/travel-blog\/lavanta-kokulu-koy-esliginde-rengarenk-isparta\/#primaryimage\",\"url\":\"https:\/\/julesverne.com.tr\/wp-content\/uploads\/2020\/09\/lavanta_hasadi_1.jpg\",\"contentUrl\":\"https:\/\/julesverne.com.tr\/wp-content\/uploads\/2020\/09\/lavanta_hasadi_1.jpg\",\"width\":1170,\"height\":650},{\"@type\":\"BreadcrumbList\",\"@id\":\"https:\/\/julesverne.com.tr\/travel-blog\/lavanta-kokulu-koy-esliginde-rengarenk-isparta\/#breadcrumb\",\"itemListElement\":[{\"@type\":\"ListItem\",\"position\":1,\"name\":\"Anasayfa\",\"item\":\"https:\/\/julesverne.com.tr\/\"},{\"@type\":\"ListItem\",\"position\":2,\"name\":\"Lavanta Kokulu K\u00f6y E\u015fli\u011finde Reng\u00e2renk Isparta\"}]},{\"@type\":\"WebSite\",\"@id\":\"https:\/\/julesverne.com.tr\/#website\",\"url\":\"https:\/\/julesverne.com.tr\/\",\"name\":\"JULES VERNE BUSINESS MICE TRAVEL\",\"description\":\"\",\"publisher\":{\"@id\":\"https:\/\/julesverne.com.tr\/#organization\"},\"potentialAction\":[{\"@type\":\"SearchAction\",\"target\":{\"@type\":\"EntryPoint\",\"urlTemplate\":\"https:\/\/julesverne.com.tr\/?s={search_term_string}\"},\"query-input\":\"required name=search_term_string\"}],\"inLanguage\":\"en-US\"},{\"@type\":\"Organization\",\"@id\":\"https:\/\/julesverne.com.tr\/#organization\",\"name\":\"JULES VERNE BUSINESS MICE TRAVEL\",\"url\":\"https:\/\/julesverne.com.tr\/\",\"logo\":{\"@type\":\"ImageObject\",\"inLanguage\":\"en-US\",\"@id\":\"https:\/\/julesverne.com.tr\/#\/schema\/logo\/image\/\",\"url\":\"https:\/\/julesverne.com.tr\/wp-content\/uploads\/2020\/09\/jv-bmt-logo.png\",\"contentUrl\":\"https:\/\/julesverne.com.tr\/wp-content\/uploads\/2020\/09\/jv-bmt-logo.png\",\"width\":110,\"height\":81,\"caption\":\"JULES VERNE BUSINESS MICE TRAVEL\"},\"image\":{\"@id\":\"https:\/\/julesverne.com.tr\/#\/schema\/logo\/image\/\"},\"sameAs\":[\"https:\/\/www.facebook.com\/JulesVerneBusinessMiceTravel\/\",\"https:\/\/twitter.com\/JV_BusinessMice\",\"https:\/\/www.instagram.com\/julesvernebusinessmicetravel\/\",\"https:\/\/www.linkedin.com\/company\/julesvernebusinessmicetravel\/\",\"https:\/\/www.youtube.com\/channel\/UCAwdsmbZ6tFhu1tea6pkpiw\"]},{\"@type\":\"Person\",\"@id\":\"https:\/\/julesverne.com.tr\/#\/schema\/person\/f4eb0514ae455538644c31b99a466fdb\",\"name\":\"fikirman\",\"sameAs\":[\"http:\/\/advermedya.net\/julesverne\"],\"url\":\"https:\/\/julesverne.com.tr\/en\/author\/fikirman\/\"}]}<\/script>\n<!-- \/ Yoast SEO plugin. -->","yoast_head_json":{"title":"Lavanta Kokulu K\u00f6y E\u015fli\u011finde Reng\u00e2renk Isparta - JULES VERNE BUSINESS MICE TRAVEL","description":"Gelin siz de bu lavanta hasad\u0131nda, 12-14 Temmuz tarihlerinde Kuyucak K\u00f6y\u00fc\u00a0ile birlikte\u00a0Isparta\u2019n\u0131n\u00a0g\u00fczelliklerini bizimle ke\u015ffedin!","robots":{"index":"index","follow":"follow","max-snippet":"max-snippet:-1","max-image-preview":"max-image-preview:large","max-video-preview":"max-video-preview:-1"},"canonical":"https:\/\/julesverne.com.tr\/travel-blog\/lavanta-kokulu-koy-esliginde-rengarenk-isparta\/","og_locale":"en_US","og_type":"article","og_title":"Lavanta Kokulu K\u00f6y E\u015fli\u011finde Reng\u00e2renk Isparta - JULES VERNE BUSINESS MICE TRAVEL","og_description":"Gelin siz de bu lavanta hasad\u0131nda, 12-14 Temmuz tarihlerinde Kuyucak K\u00f6y\u00fc\u00a0ile birlikte\u00a0Isparta\u2019n\u0131n\u00a0g\u00fczelliklerini bizimle ke\u015ffedin!","og_url":"https:\/\/julesverne.com.tr\/travel-blog\/lavanta-kokulu-koy-esliginde-rengarenk-isparta\/","og_site_name":"JULES VERNE BUSINESS MICE TRAVEL","article_publisher":"https:\/\/www.facebook.com\/JulesVerneBusinessMiceTravel\/","article_published_time":"2019-05-23T08:25:33+00:00","article_modified_time":"2024-03-22T11:29:43+00:00","og_image":[{"width":1170,"height":650,"url":"https:\/\/julesverne.com.tr\/wp-content\/uploads\/2020\/09\/lavanta_hasadi_1.jpg","type":"image\/jpeg"}],"author":"fikirman","twitter_card":"summary_large_image","twitter_creator":"@JV_BusinessMice","twitter_site":"@JV_BusinessMice","twitter_misc":{"Written by":"fikirman","Est. reading time":"5 minutes"},"schema":{"@context":"https:\/\/schema.org","@graph":[{"@type":"Article","@id":"https:\/\/julesverne.com.tr\/travel-blog\/lavanta-kokulu-koy-esliginde-rengarenk-isparta\/#article","isPartOf":{"@id":"https:\/\/julesverne.com.tr\/travel-blog\/lavanta-kokulu-koy-esliginde-rengarenk-isparta\/"},"author":{"name":"fikirman","@id":"https:\/\/julesverne.com.tr\/#\/schema\/person\/f4eb0514ae455538644c31b99a466fdb"},"headline":"Lavanta Kokulu K\u00f6y E\u015fli\u011finde Reng\u00e2renk Isparta","datePublished":"2019-05-23T08:25:33+00:00","dateModified":"2024-03-22T11:29:43+00:00","mainEntityOfPage":{"@id":"https:\/\/julesverne.com.tr\/travel-blog\/lavanta-kokulu-koy-esliginde-rengarenk-isparta\/"},"wordCount":1151,"publisher":{"@id":"https:\/\/julesverne.com.tr\/#organization"},"image":{"@id":"https:\/\/julesverne.com.tr\/travel-blog\/lavanta-kokulu-koy-esliginde-rengarenk-isparta\/#primaryimage"},"thumbnailUrl":"https:\/\/julesverne.com.tr\/wp-content\/uploads\/2020\/09\/lavanta_hasadi_1.jpg","articleSection":["Blog"],"inLanguage":"en-US"},{"@type":"WebPage","@id":"https:\/\/julesverne.com.tr\/travel-blog\/lavanta-kokulu-koy-esliginde-rengarenk-isparta\/","url":"https:\/\/julesverne.com.tr\/travel-blog\/lavanta-kokulu-koy-esliginde-rengarenk-isparta\/","name":"Lavanta Kokulu K\u00f6y E\u015fli\u011finde Reng\u00e2renk Isparta - JULES VERNE BUSINESS MICE TRAVEL","isPartOf":{"@id":"https:\/\/julesverne.com.tr\/#website"},"primaryImageOfPage":{"@id":"https:\/\/julesverne.com.tr\/travel-blog\/lavanta-kokulu-koy-esliginde-rengarenk-isparta\/#primaryimage"},"image":{"@id":"https:\/\/julesverne.com.tr\/travel-blog\/lavanta-kokulu-koy-esliginde-rengarenk-isparta\/#primaryimage"},"thumbnailUrl":"https:\/\/julesverne.com.tr\/wp-content\/uploads\/2020\/09\/lavanta_hasadi_1.jpg","datePublished":"2019-05-23T08:25:33+00:00","dateModified":"2024-03-22T11:29:43+00:00","description":"Gelin siz de bu lavanta hasad\u0131nda, 12-14 Temmuz tarihlerinde Kuyucak K\u00f6y\u00fc\u00a0ile birlikte\u00a0Isparta\u2019n\u0131n\u00a0g\u00fczelliklerini bizimle ke\u015ffedin!","breadcrumb":{"@id":"https:\/\/julesverne.com.tr\/travel-blog\/lavanta-kokulu-koy-esliginde-rengarenk-isparta\/#breadcrumb"},"inLanguage":"en-US","potentialAction":[{"@type":"ReadAction","target":["https:\/\/julesverne.com.tr\/travel-blog\/lavanta-kokulu-koy-esliginde-rengarenk-isparta\/"]}]},{"@type":"ImageObject","inLanguage":"en-US","@id":"https:\/\/julesverne.com.tr\/travel-blog\/lavanta-kokulu-koy-esliginde-rengarenk-isparta\/#primaryimage","url":"https:\/\/julesverne.com.tr\/wp-content\/uploads\/2020\/09\/lavanta_hasadi_1.jpg","contentUrl":"https:\/\/julesverne.com.tr\/wp-content\/uploads\/2020\/09\/lavanta_hasadi_1.jpg","width":1170,"height":650},{"@type":"BreadcrumbList","@id":"https:\/\/julesverne.com.tr\/travel-blog\/lavanta-kokulu-koy-esliginde-rengarenk-isparta\/#breadcrumb","itemListElement":[{"@type":"ListItem","position":1,"name":"Anasayfa","item":"https:\/\/julesverne.com.tr\/"},{"@type":"ListItem","position":2,"name":"Lavanta Kokulu K\u00f6y E\u015fli\u011finde Reng\u00e2renk Isparta"}]},{"@type":"WebSite","@id":"https:\/\/julesverne.com.tr\/#website","url":"https:\/\/julesverne.com.tr\/","name":"JULES VERNE BUSINESS MICE TRAVEL","description":"","publisher":{"@id":"https:\/\/julesverne.com.tr\/#organization"},"potentialAction":[{"@type":"SearchAction","target":{"@type":"EntryPoint","urlTemplate":"https:\/\/julesverne.com.tr\/?s={search_term_string}"},"query-input":"required name=search_term_string"}],"inLanguage":"en-US"},{"@type":"Organization","@id":"https:\/\/julesverne.com.tr\/#organization","name":"JULES VERNE BUSINESS MICE TRAVEL","url":"https:\/\/julesverne.com.tr\/","logo":{"@type":"ImageObject","inLanguage":"en-US","@id":"https:\/\/julesverne.com.tr\/#\/schema\/logo\/image\/","url":"https:\/\/julesverne.com.tr\/wp-content\/uploads\/2020\/09\/jv-bmt-logo.png","contentUrl":"https:\/\/julesverne.com.tr\/wp-content\/uploads\/2020\/09\/jv-bmt-logo.png","width":110,"height":81,"caption":"JULES VERNE BUSINESS MICE TRAVEL"},"image":{"@id":"https:\/\/julesverne.com.tr\/#\/schema\/logo\/image\/"},"sameAs":["https:\/\/www.facebook.com\/JulesVerneBusinessMiceTravel\/","https:\/\/twitter.com\/JV_BusinessMice","https:\/\/www.instagram.com\/julesvernebusinessmicetravel\/","https:\/\/www.linkedin.com\/company\/julesvernebusinessmicetravel\/","https:\/\/www.youtube.com\/channel\/UCAwdsmbZ6tFhu1tea6pkpiw"]},{"@type":"Person","@id":"https:\/\/julesverne.com.tr\/#\/schema\/person\/f4eb0514ae455538644c31b99a466fdb","name":"fikirman","sameAs":["http:\/\/advermedya.net\/julesverne"],"url":"https:\/\/julesverne.com.tr\/en\/author\/fikirman\/"}]}},"_links":{"self":[{"href":"https:\/\/julesverne.com.tr\/en\/wp-json\/wp\/v2\/posts\/2121"}],"collection":[{"href":"https:\/\/julesverne.com.tr\/en\/wp-json\/wp\/v2\/posts"}],"about":[{"href":"https:\/\/julesverne.com.tr\/en\/wp-json\/wp\/v2\/types\/post"}],"author":[{"embeddable":true,"href":"https:\/\/julesverne.com.tr\/en\/wp-json\/wp\/v2\/users\/1"}],"replies":[{"embeddable":true,"href":"https:\/\/julesverne.com.tr\/en\/wp-json\/wp\/v2\/comments?post=2121"}],"version-history":[{"count":1,"href":"https:\/\/julesverne.com.tr\/en\/wp-json\/wp\/v2\/posts\/2121\/revisions"}],"predecessor-version":[{"id":17028,"href":"https:\/\/julesverne.com.tr\/en\/wp-json\/wp\/v2\/posts\/2121\/revisions\/17028"}],"wp:featuredmedia":[{"embeddable":true,"href":"https:\/\/julesverne.com.tr\/en\/wp-json\/wp\/v2\/media\/2122"}],"wp:attachment":[{"href":"https:\/\/julesverne.com.tr\/en\/wp-json\/wp\/v2\/media?parent=2121"}],"wp:term":[{"taxonomy":"category","embeddable":true,"href":"https:\/\/julesverne.com.tr\/en\/wp-json\/wp\/v2\/categories?post=2121"},{"taxonomy":"post_tag","embeddable":true,"href":"https:\/\/julesverne.com.tr\/en\/wp-json\/wp\/v2\/tags?post=2121"}],"curies":[{"name":"wp","href":"https:\/\/api.w.org\/{rel}","templated":true}]}}