{"id":2119,"date":"2019-05-20T10:29:44","date_gmt":"2019-05-20T07:29:44","guid":{"rendered":"https:\/\/www.julesverne.com.tr\/\/blog\/ramazan-bayrami-seyahat-onerileri\/"},"modified":"2024-03-22T14:30:55","modified_gmt":"2024-03-22T11:30:55","slug":"ramazan-bayrami-seyahat-onerileri","status":"publish","type":"post","link":"https:\/\/julesverne.com.tr\/en\/travel-blog\/ramazan-bayrami-seyahat-onerileri\/","title":{"rendered":"Ramazan Bayram\u0131 Seyahat \u00d6nerileri"},"content":{"rendered":"<p><\/p>\n<p><p style=\"text-align: center;\">&nbsp;<img loading=\"lazy\" decoding=\"async\" class=\"alignnone size-full wp-image-3610\" src=\"https:\/\/www.julesverne.com.tr\/\/wp-content\/uploads\/2020\/09\/Castellammare_del_Golfo_sicilya.jpg\" width=\"740\" height=\"343\" alt=\"\" srcset=\"https:\/\/julesverne.com.tr\/wp-content\/uploads\/2020\/09\/Castellammare_del_Golfo_sicilya.jpg 740w, https:\/\/julesverne.com.tr\/wp-content\/uploads\/2020\/09\/Castellammare_del_Golfo_sicilya-500x232.jpg 500w\" sizes=\"(max-width: 740px) 100vw, 740px\" \/><\/p>\n<p>\u015eeker (Ramazan) Bayram\u0131 yakla\u015ft\u0131&hellip; Hen&uuml;z tatil program\u0131 haz\u0131r olmayan gezginler i&ccedil;in yurt i&ccedil;i ve yurt d\u0131\u015f\u0131 bayram tatili &ouml;nerilerini haz\u0131rlad\u0131k. \u0130talya&rsquo;n\u0131n her yeni g&uuml;n y\u0131ld\u0131z\u0131 daha &ccedil;ok parlayan adas\u0131 Sicilya, Danimarka&rsquo;n\u0131n tasar\u0131m \u015fehri Kopenhag, g&ouml;rsel cennet olan Frans\u0131z Rivieras\u0131, Akdeniz&rsquo;in ruhunu kaybetmeyen kasabas\u0131 Ka\u015f, bulutlar\u0131n &uuml;zerinde sizi dansa davet eden Karadeniz, mavi ve ye\u015filin en masals\u0131 bulu\u015fmas\u0131 Marmaris ile bayram &ouml;nerileri&hellip;<\/p>\n<h3><strong>Yurt \u0130&ccedil;i<\/strong><\/h3>\n<p><strong>Ka\u015f<\/strong><\/p>\n<p><strong><img loading=\"lazy\" decoding=\"async\" class=\"alignnone size-full wp-image-3611\" src=\"https:\/\/www.julesverne.com.tr\/\/wp-content\/uploads\/2020\/09\/kas-2.jpg\" width=\"999\" height=\"666\" alt=\"ka\u015f t&uuml;rkiye\" srcset=\"https:\/\/julesverne.com.tr\/wp-content\/uploads\/2020\/09\/kas-2.jpg 999w, https:\/\/julesverne.com.tr\/wp-content\/uploads\/2020\/09\/kas-2-500x333.jpg 500w, https:\/\/julesverne.com.tr\/wp-content\/uploads\/2020\/09\/kas-2-768x512.jpg 768w\" sizes=\"(max-width: 999px) 100vw, 999px\" \/><\/strong><\/p>\n<p>&Ouml;zellikle Nisan-Ekim aylar\u0131nda c\u0131v\u0131l c\u0131v\u0131l olan Ka\u015f, ula\u015f\u0131m\u0131n kolay olmamas\u0131 sayesinde &ouml;zg&uuml;nl&uuml;\u011f&uuml;n&uuml; korumaya devam ediyor. Akdeniz&rsquo;in c&ouml;mert ye\u015fili ve turkuaz mavi sular\u0131yla bulu\u015fan Ka\u015f ger&ccedil;ekten y&uuml;z&ouml;l&ccedil;&uuml;m&uuml; k&uuml;&ccedil;&uuml;k etkisi b&uuml;y&uuml;k sahil beldelerinden. Havalar\u0131n Akdeniz&rsquo;de erken \u0131s\u0131nmas\u0131yla Haziran&rsquo;da yaz\u0131 &ccedil;oktan getiren Ka\u015f&rsquo;a gelmek sadece Ka\u015f&rsquo;ta kalmak de\u011fil elbette. Arac\u0131n\u0131zla civar\u0131 da gezmenizi tavsiye ederiz. Kalkan, Kekova Tekne Turu, g&uuml;n&uuml;birlik veya bir gece konaklamal\u0131 Yunan adas\u0131 Meis ile Ka\u015f gezinizi unutulmaz k\u0131l\u0131n!<\/p>\n<p><strong>Do\u011fu Karadeniz<\/strong><\/p>\n<p style=\"text-align: center;\"><strong><img loading=\"lazy\" decoding=\"async\" class=\"alignnone size-full wp-image-3612\" src=\"https:\/\/www.julesverne.com.tr\/\/wp-content\/uploads\/2020\/09\/pokut_karadeniz.jpg\" width=\"999\" height=\"666\" alt=\"pokut yaylas\u0131 do\u011fu karadeniz\" srcset=\"https:\/\/julesverne.com.tr\/wp-content\/uploads\/2020\/09\/pokut_karadeniz.jpg 999w, https:\/\/julesverne.com.tr\/wp-content\/uploads\/2020\/09\/pokut_karadeniz-500x333.jpg 500w, https:\/\/julesverne.com.tr\/wp-content\/uploads\/2020\/09\/pokut_karadeniz-768x512.jpg 768w\" sizes=\"(max-width: 999px) 100vw, 999px\" \/><\/strong><\/p>\n<p>Hen&uuml;z tam anlam\u0131yla ke\u015ffedilmemi\u015f ve ke\u015ffedilmeyen g&uuml;zellikleriyle maceral\u0131 ve &ccedil;ok daha cazip bir rota Do\u011fu Karadeniz&#8230; S&uuml;rpriz da\u011f yollar\u0131na, tepeleri a\u015farken bir anda kar\u015f\u0131n\u0131za &ccedil;\u0131kacak &ouml;zel bir manzaraya, tad\u0131n\u0131 asla unutamayaca\u011f\u0131n\u0131z yayla lezzetlerine haz\u0131r olmal\u0131s\u0131n\u0131z! &Ouml;zellikle tam bir do\u011fa ve spor tutkunuysan\u0131z yaylalarda yapaca\u011f\u0131n\u0131z y&uuml;r&uuml;y&uuml;\u015fler, t\u0131rman\u0131\u015flar ya\u015fad\u0131\u011f\u0131n\u0131z anlar\u0131 daha de\u011ferli k\u0131lacak. Kimi zaman bulutlardan g&ouml;z g&ouml;z&uuml; g&ouml;rmeyecek kimi zaman bulutlar\u0131n &uuml;zerinde dans ediyormu\u015f gibi hissedeceksiniz. Bor&ccedil;ka-Artvin, Macahel K&ouml;yleri, &Ccedil;aml\u0131hem\u015fin&#8217;in bilinmeyen yaylar\u0131, Arhavi rotan\u0131zda olmal\u0131.<\/p>\n<p><strong>Marmaris<\/strong><\/p>\n<p style=\"text-align: center;\"><strong><img loading=\"lazy\" decoding=\"async\" class=\"alignnone size-full wp-image-3613\" src=\"https:\/\/www.julesverne.com.tr\/\/wp-content\/uploads\/2020\/09\/turunc_marmaris.jpg\" width=\"999\" height=\"664\" alt=\"turun&ccedil; marmaris\" srcset=\"https:\/\/julesverne.com.tr\/wp-content\/uploads\/2020\/09\/turunc_marmaris.jpg 999w, https:\/\/julesverne.com.tr\/wp-content\/uploads\/2020\/09\/turunc_marmaris-500x332.jpg 500w, https:\/\/julesverne.com.tr\/wp-content\/uploads\/2020\/09\/turunc_marmaris-768x510.jpg 768w\" sizes=\"(max-width: 999px) 100vw, 999px\" \/><\/strong><\/p>\n<p>Bereketini g&ouml;ky&uuml;z&uuml;nde parlayan g&uuml;ne\u015ften alan Marmaris&#8230; Bah&ccedil;elerde a&ccedil;an &ccedil;i&ccedil;eklerin, yemye\u015fil ormanlar\u0131, k\u0131vr\u0131ml\u0131 yollar\u0131n sizi g&ouml;t&uuml;rd&uuml;\u011f&uuml; e\u015fsiz k\u0131y\u0131 kasabalar\u0131na kadar Marmaris duyular\u0131 uyand\u0131ran bir yolculuk. Y\u0131l\u0131n 6-7 ay\u0131 yaz \u015fenli\u011finde ge&ccedil;en havas\u0131yla Marmaris &ouml;zellikle gizli koylar\u0131 ile bir cevher! Dilerseniz mavi yolculuk yaparak ke\u015ffedin dilerseniz Hisar&ouml;n&uuml;-Orhaniye-Selimiye-S&ouml;\u011f&uuml;t rotas\u0131n\u0131 takip edin! Turun&ccedil;-\u0130&ccedil;meler rotas\u0131 ya da Bozburun&#8217;da kendinizi ger&ccedil;ek d&uuml;nyadan soyutlamak di\u011fer cazip alternatifler! Se&ccedil;im sizin&#8230;<\/p>\n<h3><strong>Yurt D\u0131\u015f\u0131<\/strong><\/h3>\n<p><strong>Sicilya, \u0130talya<\/strong><\/p>\n<p style=\"text-align: center;\"><strong><img loading=\"lazy\" decoding=\"async\" class=\"alignnone size-full wp-image-3614\" src=\"https:\/\/www.julesverne.com.tr\/\/wp-content\/uploads\/2020\/09\/taormina_sicilya.jpg\" width=\"999\" height=\"666\" alt=\"taormina sicilya\" srcset=\"https:\/\/julesverne.com.tr\/wp-content\/uploads\/2020\/09\/taormina_sicilya.jpg 999w, https:\/\/julesverne.com.tr\/wp-content\/uploads\/2020\/09\/taormina_sicilya-500x333.jpg 500w, https:\/\/julesverne.com.tr\/wp-content\/uploads\/2020\/09\/taormina_sicilya-768x512.jpg 768w\" sizes=\"(max-width: 999px) 100vw, 999px\" \/><\/strong><\/p>\n<p>Sicilyal\u0131larla konu\u015ftu\u011funuzda &ccedil;o\u011fundan &#8220;Biz Sicilyal\u0131y\u0131z&#8221; vurgusunu duyacaks\u0131n\u0131z! Farkl\u0131 bir kimli\u011fe sahip olduklar\u0131n\u0131n alt\u0131n\u0131 &ccedil;izen Sicilyal\u0131lar, \u0130talya&#8217;ya ba\u011fl\u0131 olsalar da ya\u015fam felsefeleriyle ayr\u0131\u015ft\u0131klar\u0131n\u0131 vurguluyorlar. Dillerinde, davran\u0131\u015flar\u0131nda, mutfa\u011f\u0131nda, dininde, geleneklerinde Roma, Yunan, Bizans, Arap, Norman, Katalanca, Angevin ve Aragon k&uuml;lt&uuml;rlerinin par&ccedil;alar\u0131n\u0131 ta\u015f\u0131yan Akdeniz&#8217;in &ccedil;arp\u0131c\u0131 adas\u0131 bir k&uuml;lt&uuml;r hazinesi gibi. Bir yanda tarihi kasabalar\u0131, bir yanda antik kal\u0131nt\u0131lar, di\u011fer yanda \u015fa\u015f\u0131rt\u0131c\u0131 derecede g&uuml;zel olan koylar&#8230; B&uuml;y&uuml;k bir ada olan Sicilya&#8217;da kendinize bir rota belirlemeniz gerekti\u011fini de unutmay\u0131n!<\/p>\n<p><strong>Kopenhag, Danimarka<\/strong><\/p>\n<p style=\"text-align: center;\"><strong><img loading=\"lazy\" decoding=\"async\" class=\"alignnone size-full wp-image-3615\" src=\"https:\/\/www.julesverne.com.tr\/\/wp-content\/uploads\/2020\/09\/kopenhag.jpg\" width=\"999\" height=\"831\" alt=\"kopenhag \" srcset=\"https:\/\/julesverne.com.tr\/wp-content\/uploads\/2020\/09\/kopenhag.jpg 999w, https:\/\/julesverne.com.tr\/wp-content\/uploads\/2020\/09\/kopenhag-500x416.jpg 500w, https:\/\/julesverne.com.tr\/wp-content\/uploads\/2020\/09\/kopenhag-768x639.jpg 768w\" sizes=\"(max-width: 999px) 100vw, 999px\" \/><\/strong><\/p>\n<p>\u0130lk bak\u0131\u015fta b&uuml;y&uuml;k bir kasaba izlenimi veren Avrupa&#8217;n\u0131n y&uuml;kseli\u015fte olan ba\u015fkenti Kopenhag&#8230; Haz\u0131r kuzeyin so\u011fuk havalar\u0131 etkisini yitirmi\u015fken bu tasar\u0131m \u015fehrini ke\u015ffetmenin tam s\u0131ras\u0131. D&uuml;nya standartlar\u0131nda m&uuml;zelere, sanat galerilerine, ma\u011fazalara ve restoranlara sahip olacak kadar b&uuml;y&uuml;k ancak her yere kolay eri\u015febilecek kadar da k&uuml;&ccedil;&uuml;k bir \u015fehir Kopenhag. Ve bu \u015fehri ke\u015ffetmeniz i&ccedil;in en g&uuml;zel ve keyifli yol kesinlikle bisiklet kiralamak!<\/p>\n<p><strong>Frans\u0131z Rivieras\u0131, Fransa<\/strong><\/p>\n<p><strong><img loading=\"lazy\" decoding=\"async\" class=\"alignnone size-full wp-image-3616\" src=\"https:\/\/www.julesverne.com.tr\/\/wp-content\/uploads\/2020\/09\/menton.jpg\" width=\"999\" height=\"666\" alt=\"menton\" srcset=\"https:\/\/julesverne.com.tr\/wp-content\/uploads\/2020\/09\/menton.jpg 999w, https:\/\/julesverne.com.tr\/wp-content\/uploads\/2020\/09\/menton-500x333.jpg 500w, https:\/\/julesverne.com.tr\/wp-content\/uploads\/2020\/09\/menton-768x512.jpg 768w\" sizes=\"(max-width: 999px) 100vw, 999px\" \/><\/strong><\/p>\n<p>Frans\u0131z Rivieras\u0131&#8217;nda yatlar k\u0131y\u0131lar\u0131 doldurmaya ba\u015flam\u0131\u015fken, sahil \u015fehirleri t&uuml;m ne\u015fesine kavu\u015fmu\u015fken g&uuml;ne\u015fin ve e\u011flencenin tad\u0131n\u0131 &ccedil;\u0131karmal\u0131s\u0131n\u0131z. Bu kez Saint Tropez, Cannes, Nice ve Monaco&#8217;nun d\u0131\u015f\u0131nda b&ouml;lgenin en g&uuml;zel kasabalar\u0131n\u0131 gezmenizi &ouml;neriyoruz. \u0130talya s\u0131n\u0131r\u0131na yak\u0131n olan hilal \u015feklindeki koya yay\u0131lan Menton, Alpes-Maritimes da\u011flar\u0131 aras\u0131nda parlayan Peillon, 14. y&uuml;zy\u0131lda kurulan Villefranch-Sur-Mer, i&ccedil;inizi co\u015fkuyla dolduran Antibes, Orta&ccedil;a\u011f ruhunu ya\u015fatan Vence, Nice \u015fehrinin tepesinde yer alan ve e\u015fsiz manzaralara tepeden bakan &Egrave;ze bizim favorilerimiz.<\/p>\n<p><strong>Kaynak: Jabiroo<\/strong><\/p>\n<h4 style=\"text-align: center;\"><strong>Size &ouml;zel seyahat program\u0131 ve rezervasyon i&ccedil;in:<br \/><\/strong><strong><a href=\"mailto:travel@julesverne.com.tr\" target=\"_blank\" rel=\"noopener noreferrer\">travel@julesverne.com.tr<\/a><br \/><\/strong><strong>0212 266 6363 &#8211; 118<\/strong><\/h4>\n<\/p>\n<p><\/p>","protected":false},"excerpt":{"rendered":"<p>\u015eeker (Ramazan) Bayram\u0131 yakla\u015ft\u0131&hellip; Hen&uuml;z tatil program\u0131 haz\u0131r olmayan gezginler i&ccedil;in yurti&ccedil;i ve yurtd\u0131\u015f\u0131 bayram tatili &ouml;nerilerini haz\u0131rlad\u0131k.&nbsp;<\/p>\n","protected":false},"author":1,"featured_media":2120,"comment_status":"closed","ping_status":"closed","sticky":false,"template":"","format":"standard","meta":{"inline_featured_image":false,"footnotes":""},"categories":[1],"tags":[],"acf":[],"yoast_head":"<!-- This site is optimized with the Yoast SEO plugin v22.3 - https:\/\/yoast.com\/wordpress\/plugins\/seo\/ -->\n<title>Ramazan Bayram\u0131 Seyahat \u00d6nerileri - JULES VERNE BUSINESS MICE TRAVEL<\/title>\n<meta name=\"description\" content=\"Ramazan Bayram\u0131 yakla\u015ft\u0131\u2026 Hen\u00fcz tatil program\u0131 haz\u0131r olmayan gezginler i\u00e7in yurt i\u00e7i ve yurt d\u0131\u015f\u0131 bayram tatili \u00f6nerilerini haz\u0131rlad\u0131k.\" \/>\n<meta name=\"robots\" content=\"index, follow, max-snippet:-1, max-image-preview:large, max-video-preview:-1\" \/>\n<link rel=\"canonical\" href=\"https:\/\/julesverne.com.tr\/travel-blog\/ramazan-bayrami-seyahat-onerileri\/\" \/>\n<meta property=\"og:locale\" content=\"en_US\" \/>\n<meta property=\"og:type\" content=\"article\" \/>\n<meta property=\"og:title\" content=\"Ramazan Bayram\u0131 Seyahat \u00d6nerileri - JULES VERNE BUSINESS MICE TRAVEL\" \/>\n<meta property=\"og:description\" content=\"Ramazan Bayram\u0131 yakla\u015ft\u0131\u2026 Hen\u00fcz tatil program\u0131 haz\u0131r olmayan gezginler i\u00e7in yurt i\u00e7i ve yurt d\u0131\u015f\u0131 bayram tatili \u00f6nerilerini haz\u0131rlad\u0131k.\" \/>\n<meta property=\"og:url\" content=\"https:\/\/julesverne.com.tr\/travel-blog\/ramazan-bayrami-seyahat-onerileri\/\" \/>\n<meta property=\"og:site_name\" content=\"JULES VERNE BUSINESS MICE TRAVEL\" \/>\n<meta property=\"article:publisher\" content=\"https:\/\/www.facebook.com\/JulesVerneBusinessMiceTravel\/\" \/>\n<meta property=\"article:published_time\" content=\"2019-05-20T07:29:44+00:00\" \/>\n<meta property=\"article:modified_time\" content=\"2024-03-22T11:30:55+00:00\" \/>\n<meta property=\"og:image\" content=\"https:\/\/julesverne.com.tr\/wp-content\/uploads\/2020\/09\/summer.jpg\" \/>\n\t<meta property=\"og:image:width\" content=\"999\" \/>\n\t<meta property=\"og:image:height\" content=\"562\" \/>\n\t<meta property=\"og:image:type\" content=\"image\/jpeg\" \/>\n<meta name=\"author\" content=\"fikirman\" \/>\n<meta name=\"twitter:card\" content=\"summary_large_image\" \/>\n<meta name=\"twitter:creator\" content=\"@JV_BusinessMice\" \/>\n<meta name=\"twitter:site\" content=\"@JV_BusinessMice\" \/>\n<meta name=\"twitter:label1\" content=\"Written by\" \/>\n\t<meta name=\"twitter:data1\" content=\"fikirman\" \/>\n\t<meta name=\"twitter:label2\" content=\"Est. reading time\" \/>\n\t<meta name=\"twitter:data2\" content=\"5 minutes\" \/>\n<script type=\"application\/ld+json\" class=\"yoast-schema-graph\">{\"@context\":\"https:\/\/schema.org\",\"@graph\":[{\"@type\":\"Article\",\"@id\":\"https:\/\/julesverne.com.tr\/travel-blog\/ramazan-bayrami-seyahat-onerileri\/#article\",\"isPartOf\":{\"@id\":\"https:\/\/julesverne.com.tr\/travel-blog\/ramazan-bayrami-seyahat-onerileri\/\"},\"author\":{\"name\":\"fikirman\",\"@id\":\"https:\/\/julesverne.com.tr\/#\/schema\/person\/f4eb0514ae455538644c31b99a466fdb\"},\"headline\":\"Ramazan Bayram\u0131 Seyahat \u00d6nerileri\",\"datePublished\":\"2019-05-20T07:29:44+00:00\",\"dateModified\":\"2024-03-22T11:30:55+00:00\",\"mainEntityOfPage\":{\"@id\":\"https:\/\/julesverne.com.tr\/travel-blog\/ramazan-bayrami-seyahat-onerileri\/\"},\"wordCount\":1584,\"publisher\":{\"@id\":\"https:\/\/julesverne.com.tr\/#organization\"},\"image\":{\"@id\":\"https:\/\/julesverne.com.tr\/travel-blog\/ramazan-bayrami-seyahat-onerileri\/#primaryimage\"},\"thumbnailUrl\":\"https:\/\/julesverne.com.tr\/wp-content\/uploads\/2020\/09\/summer.jpg\",\"articleSection\":[\"Blog\"],\"inLanguage\":\"en-US\"},{\"@type\":\"WebPage\",\"@id\":\"https:\/\/julesverne.com.tr\/travel-blog\/ramazan-bayrami-seyahat-onerileri\/\",\"url\":\"https:\/\/julesverne.com.tr\/travel-blog\/ramazan-bayrami-seyahat-onerileri\/\",\"name\":\"Ramazan Bayram\u0131 Seyahat \u00d6nerileri - JULES VERNE BUSINESS MICE TRAVEL\",\"isPartOf\":{\"@id\":\"https:\/\/julesverne.com.tr\/#website\"},\"primaryImageOfPage\":{\"@id\":\"https:\/\/julesverne.com.tr\/travel-blog\/ramazan-bayrami-seyahat-onerileri\/#primaryimage\"},\"image\":{\"@id\":\"https:\/\/julesverne.com.tr\/travel-blog\/ramazan-bayrami-seyahat-onerileri\/#primaryimage\"},\"thumbnailUrl\":\"https:\/\/julesverne.com.tr\/wp-content\/uploads\/2020\/09\/summer.jpg\",\"datePublished\":\"2019-05-20T07:29:44+00:00\",\"dateModified\":\"2024-03-22T11:30:55+00:00\",\"description\":\"Ramazan Bayram\u0131 yakla\u015ft\u0131\u2026 Hen\u00fcz tatil program\u0131 haz\u0131r olmayan gezginler i\u00e7in yurt i\u00e7i ve yurt d\u0131\u015f\u0131 bayram tatili \u00f6nerilerini haz\u0131rlad\u0131k.\",\"breadcrumb\":{\"@id\":\"https:\/\/julesverne.com.tr\/travel-blog\/ramazan-bayrami-seyahat-onerileri\/#breadcrumb\"},\"inLanguage\":\"en-US\",\"potentialAction\":[{\"@type\":\"ReadAction\",\"target\":[\"https:\/\/julesverne.com.tr\/travel-blog\/ramazan-bayrami-seyahat-onerileri\/\"]}]},{\"@type\":\"ImageObject\",\"inLanguage\":\"en-US\",\"@id\":\"https:\/\/julesverne.com.tr\/travel-blog\/ramazan-bayrami-seyahat-onerileri\/#primaryimage\",\"url\":\"https:\/\/julesverne.com.tr\/wp-content\/uploads\/2020\/09\/summer.jpg\",\"contentUrl\":\"https:\/\/julesverne.com.tr\/wp-content\/uploads\/2020\/09\/summer.jpg\",\"width\":999,\"height\":562},{\"@type\":\"BreadcrumbList\",\"@id\":\"https:\/\/julesverne.com.tr\/travel-blog\/ramazan-bayrami-seyahat-onerileri\/#breadcrumb\",\"itemListElement\":[{\"@type\":\"ListItem\",\"position\":1,\"name\":\"Anasayfa\",\"item\":\"https:\/\/julesverne.com.tr\/\"},{\"@type\":\"ListItem\",\"position\":2,\"name\":\"Ramazan Bayram\u0131 Seyahat \u00d6nerileri\"}]},{\"@type\":\"WebSite\",\"@id\":\"https:\/\/julesverne.com.tr\/#website\",\"url\":\"https:\/\/julesverne.com.tr\/\",\"name\":\"JULES VERNE BUSINESS MICE TRAVEL\",\"description\":\"\",\"publisher\":{\"@id\":\"https:\/\/julesverne.com.tr\/#organization\"},\"potentialAction\":[{\"@type\":\"SearchAction\",\"target\":{\"@type\":\"EntryPoint\",\"urlTemplate\":\"https:\/\/julesverne.com.tr\/?s={search_term_string}\"},\"query-input\":\"required name=search_term_string\"}],\"inLanguage\":\"en-US\"},{\"@type\":\"Organization\",\"@id\":\"https:\/\/julesverne.com.tr\/#organization\",\"name\":\"JULES VERNE BUSINESS MICE TRAVEL\",\"url\":\"https:\/\/julesverne.com.tr\/\",\"logo\":{\"@type\":\"ImageObject\",\"inLanguage\":\"en-US\",\"@id\":\"https:\/\/julesverne.com.tr\/#\/schema\/logo\/image\/\",\"url\":\"https:\/\/julesverne.com.tr\/wp-content\/uploads\/2020\/09\/jv-bmt-logo.png\",\"contentUrl\":\"https:\/\/julesverne.com.tr\/wp-content\/uploads\/2020\/09\/jv-bmt-logo.png\",\"width\":110,\"height\":81,\"caption\":\"JULES VERNE BUSINESS MICE TRAVEL\"},\"image\":{\"@id\":\"https:\/\/julesverne.com.tr\/#\/schema\/logo\/image\/\"},\"sameAs\":[\"https:\/\/www.facebook.com\/JulesVerneBusinessMiceTravel\/\",\"https:\/\/twitter.com\/JV_BusinessMice\",\"https:\/\/www.instagram.com\/julesvernebusinessmicetravel\/\",\"https:\/\/www.linkedin.com\/company\/julesvernebusinessmicetravel\/\",\"https:\/\/www.youtube.com\/channel\/UCAwdsmbZ6tFhu1tea6pkpiw\"]},{\"@type\":\"Person\",\"@id\":\"https:\/\/julesverne.com.tr\/#\/schema\/person\/f4eb0514ae455538644c31b99a466fdb\",\"name\":\"fikirman\",\"sameAs\":[\"http:\/\/advermedya.net\/julesverne\"],\"url\":\"https:\/\/julesverne.com.tr\/en\/author\/fikirman\/\"}]}<\/script>\n<!-- \/ Yoast SEO plugin. -->","yoast_head_json":{"title":"Ramazan Bayram\u0131 Seyahat \u00d6nerileri - JULES VERNE BUSINESS MICE TRAVEL","description":"Ramazan Bayram\u0131 yakla\u015ft\u0131\u2026 Hen\u00fcz tatil program\u0131 haz\u0131r olmayan gezginler i\u00e7in yurt i\u00e7i ve yurt d\u0131\u015f\u0131 bayram tatili \u00f6nerilerini haz\u0131rlad\u0131k.","robots":{"index":"index","follow":"follow","max-snippet":"max-snippet:-1","max-image-preview":"max-image-preview:large","max-video-preview":"max-video-preview:-1"},"canonical":"https:\/\/julesverne.com.tr\/travel-blog\/ramazan-bayrami-seyahat-onerileri\/","og_locale":"en_US","og_type":"article","og_title":"Ramazan Bayram\u0131 Seyahat \u00d6nerileri - JULES VERNE BUSINESS MICE TRAVEL","og_description":"Ramazan Bayram\u0131 yakla\u015ft\u0131\u2026 Hen\u00fcz tatil program\u0131 haz\u0131r olmayan gezginler i\u00e7in yurt i\u00e7i ve yurt d\u0131\u015f\u0131 bayram tatili \u00f6nerilerini haz\u0131rlad\u0131k.","og_url":"https:\/\/julesverne.com.tr\/travel-blog\/ramazan-bayrami-seyahat-onerileri\/","og_site_name":"JULES VERNE BUSINESS MICE TRAVEL","article_publisher":"https:\/\/www.facebook.com\/JulesVerneBusinessMiceTravel\/","article_published_time":"2019-05-20T07:29:44+00:00","article_modified_time":"2024-03-22T11:30:55+00:00","og_image":[{"width":999,"height":562,"url":"https:\/\/julesverne.com.tr\/wp-content\/uploads\/2020\/09\/summer.jpg","type":"image\/jpeg"}],"author":"fikirman","twitter_card":"summary_large_image","twitter_creator":"@JV_BusinessMice","twitter_site":"@JV_BusinessMice","twitter_misc":{"Written by":"fikirman","Est. reading time":"5 minutes"},"schema":{"@context":"https:\/\/schema.org","@graph":[{"@type":"Article","@id":"https:\/\/julesverne.com.tr\/travel-blog\/ramazan-bayrami-seyahat-onerileri\/#article","isPartOf":{"@id":"https:\/\/julesverne.com.tr\/travel-blog\/ramazan-bayrami-seyahat-onerileri\/"},"author":{"name":"fikirman","@id":"https:\/\/julesverne.com.tr\/#\/schema\/person\/f4eb0514ae455538644c31b99a466fdb"},"headline":"Ramazan Bayram\u0131 Seyahat \u00d6nerileri","datePublished":"2019-05-20T07:29:44+00:00","dateModified":"2024-03-22T11:30:55+00:00","mainEntityOfPage":{"@id":"https:\/\/julesverne.com.tr\/travel-blog\/ramazan-bayrami-seyahat-onerileri\/"},"wordCount":1584,"publisher":{"@id":"https:\/\/julesverne.com.tr\/#organization"},"image":{"@id":"https:\/\/julesverne.com.tr\/travel-blog\/ramazan-bayrami-seyahat-onerileri\/#primaryimage"},"thumbnailUrl":"https:\/\/julesverne.com.tr\/wp-content\/uploads\/2020\/09\/summer.jpg","articleSection":["Blog"],"inLanguage":"en-US"},{"@type":"WebPage","@id":"https:\/\/julesverne.com.tr\/travel-blog\/ramazan-bayrami-seyahat-onerileri\/","url":"https:\/\/julesverne.com.tr\/travel-blog\/ramazan-bayrami-seyahat-onerileri\/","name":"Ramazan Bayram\u0131 Seyahat \u00d6nerileri - JULES VERNE BUSINESS MICE TRAVEL","isPartOf":{"@id":"https:\/\/julesverne.com.tr\/#website"},"primaryImageOfPage":{"@id":"https:\/\/julesverne.com.tr\/travel-blog\/ramazan-bayrami-seyahat-onerileri\/#primaryimage"},"image":{"@id":"https:\/\/julesverne.com.tr\/travel-blog\/ramazan-bayrami-seyahat-onerileri\/#primaryimage"},"thumbnailUrl":"https:\/\/julesverne.com.tr\/wp-content\/uploads\/2020\/09\/summer.jpg","datePublished":"2019-05-20T07:29:44+00:00","dateModified":"2024-03-22T11:30:55+00:00","description":"Ramazan Bayram\u0131 yakla\u015ft\u0131\u2026 Hen\u00fcz tatil program\u0131 haz\u0131r olmayan gezginler i\u00e7in yurt i\u00e7i ve yurt d\u0131\u015f\u0131 bayram tatili \u00f6nerilerini haz\u0131rlad\u0131k.","breadcrumb":{"@id":"https:\/\/julesverne.com.tr\/travel-blog\/ramazan-bayrami-seyahat-onerileri\/#breadcrumb"},"inLanguage":"en-US","potentialAction":[{"@type":"ReadAction","target":["https:\/\/julesverne.com.tr\/travel-blog\/ramazan-bayrami-seyahat-onerileri\/"]}]},{"@type":"ImageObject","inLanguage":"en-US","@id":"https:\/\/julesverne.com.tr\/travel-blog\/ramazan-bayrami-seyahat-onerileri\/#primaryimage","url":"https:\/\/julesverne.com.tr\/wp-content\/uploads\/2020\/09\/summer.jpg","contentUrl":"https:\/\/julesverne.com.tr\/wp-content\/uploads\/2020\/09\/summer.jpg","width":999,"height":562},{"@type":"BreadcrumbList","@id":"https:\/\/julesverne.com.tr\/travel-blog\/ramazan-bayrami-seyahat-onerileri\/#breadcrumb","itemListElement":[{"@type":"ListItem","position":1,"name":"Anasayfa","item":"https:\/\/julesverne.com.tr\/"},{"@type":"ListItem","position":2,"name":"Ramazan Bayram\u0131 Seyahat \u00d6nerileri"}]},{"@type":"WebSite","@id":"https:\/\/julesverne.com.tr\/#website","url":"https:\/\/julesverne.com.tr\/","name":"JULES VERNE BUSINESS MICE TRAVEL","description":"","publisher":{"@id":"https:\/\/julesverne.com.tr\/#organization"},"potentialAction":[{"@type":"SearchAction","target":{"@type":"EntryPoint","urlTemplate":"https:\/\/julesverne.com.tr\/?s={search_term_string}"},"query-input":"required name=search_term_string"}],"inLanguage":"en-US"},{"@type":"Organization","@id":"https:\/\/julesverne.com.tr\/#organization","name":"JULES VERNE BUSINESS MICE TRAVEL","url":"https:\/\/julesverne.com.tr\/","logo":{"@type":"ImageObject","inLanguage":"en-US","@id":"https:\/\/julesverne.com.tr\/#\/schema\/logo\/image\/","url":"https:\/\/julesverne.com.tr\/wp-content\/uploads\/2020\/09\/jv-bmt-logo.png","contentUrl":"https:\/\/julesverne.com.tr\/wp-content\/uploads\/2020\/09\/jv-bmt-logo.png","width":110,"height":81,"caption":"JULES VERNE BUSINESS MICE TRAVEL"},"image":{"@id":"https:\/\/julesverne.com.tr\/#\/schema\/logo\/image\/"},"sameAs":["https:\/\/www.facebook.com\/JulesVerneBusinessMiceTravel\/","https:\/\/twitter.com\/JV_BusinessMice","https:\/\/www.instagram.com\/julesvernebusinessmicetravel\/","https:\/\/www.linkedin.com\/company\/julesvernebusinessmicetravel\/","https:\/\/www.youtube.com\/channel\/UCAwdsmbZ6tFhu1tea6pkpiw"]},{"@type":"Person","@id":"https:\/\/julesverne.com.tr\/#\/schema\/person\/f4eb0514ae455538644c31b99a466fdb","name":"fikirman","sameAs":["http:\/\/advermedya.net\/julesverne"],"url":"https:\/\/julesverne.com.tr\/en\/author\/fikirman\/"}]}},"_links":{"self":[{"href":"https:\/\/julesverne.com.tr\/en\/wp-json\/wp\/v2\/posts\/2119"}],"collection":[{"href":"https:\/\/julesverne.com.tr\/en\/wp-json\/wp\/v2\/posts"}],"about":[{"href":"https:\/\/julesverne.com.tr\/en\/wp-json\/wp\/v2\/types\/post"}],"author":[{"embeddable":true,"href":"https:\/\/julesverne.com.tr\/en\/wp-json\/wp\/v2\/users\/1"}],"replies":[{"embeddable":true,"href":"https:\/\/julesverne.com.tr\/en\/wp-json\/wp\/v2\/comments?post=2119"}],"version-history":[{"count":1,"href":"https:\/\/julesverne.com.tr\/en\/wp-json\/wp\/v2\/posts\/2119\/revisions"}],"predecessor-version":[{"id":17029,"href":"https:\/\/julesverne.com.tr\/en\/wp-json\/wp\/v2\/posts\/2119\/revisions\/17029"}],"wp:featuredmedia":[{"embeddable":true,"href":"https:\/\/julesverne.com.tr\/en\/wp-json\/wp\/v2\/media\/2120"}],"wp:attachment":[{"href":"https:\/\/julesverne.com.tr\/en\/wp-json\/wp\/v2\/media?parent=2119"}],"wp:term":[{"taxonomy":"category","embeddable":true,"href":"https:\/\/julesverne.com.tr\/en\/wp-json\/wp\/v2\/categories?post=2119"},{"taxonomy":"post_tag","embeddable":true,"href":"https:\/\/julesverne.com.tr\/en\/wp-json\/wp\/v2\/tags?post=2119"}],"curies":[{"name":"wp","href":"https:\/\/api.w.org\/{rel}","templated":true}]}}