{"id":2113,"date":"2019-05-09T15:30:53","date_gmt":"2019-05-09T12:30:53","guid":{"rendered":"https:\/\/www.julesverne.com.tr\/\/blog\/23-haziran-2019-secim-gunu-ucuslari-duyurusu\/"},"modified":"2024-03-22T14:51:32","modified_gmt":"2024-03-22T11:51:32","slug":"23-haziran-2019-secim-gunu-ucuslari-duyurusu","status":"publish","type":"post","link":"https:\/\/julesverne.com.tr\/en\/travel-blog\/23-haziran-2019-secim-gunu-ucuslari-duyurusu\/","title":{"rendered":"23 Haziran 2019 Se\u00e7im G\u00fcn\u00fc U\u00e7u\u015flar\u0131 Duyurusu"},"content":{"rendered":"<p><\/p>\n<p><p style=\"text-align: center;\"><img loading=\"lazy\" decoding=\"async\" class=\"alignnone size-full wp-image-3638\" src=\"https:\/\/www.julesverne.com.tr\/\/wp-content\/uploads\/2020\/09\/istanbul_ucak-1.jpg\" width=\"1000\" height=\"609\" alt=\"\" srcset=\"https:\/\/julesverne.com.tr\/wp-content\/uploads\/2020\/09\/istanbul_ucak-1.jpg 1000w, https:\/\/julesverne.com.tr\/wp-content\/uploads\/2020\/09\/istanbul_ucak-1-500x305.jpg 500w, https:\/\/julesverne.com.tr\/wp-content\/uploads\/2020\/09\/istanbul_ucak-1-768x468.jpg 768w\" sizes=\"(max-width: 1000px) 100vw, 1000px\" \/><\/p>\n<p>Havayolu \u015firketleri, 23 Haziran 2019 tarihinde Istanbul B&uuml;y&uuml;ksehir Belediye se&ccedil;iminin yenilenecek olmas\u0131yla se&ccedil;im tarihinden etkilenen yolcular\u0131na kolayl\u0131k sa\u011flanmas\u0131 amac\u0131yla bilet &uuml;cret iadesi ve de\u011fi\u015fiklikleri ile ilgili bilgilendirmelerini yay\u0131nlad\u0131.<\/p>\n<p>6 May\u0131s 2019&rsquo;dan &ouml;nce al\u0131nm\u0131\u015f \u0130stanbul var\u0131\u015fl\u0131 ve kalk\u0131\u015fl\u0131 biletler i&ccedil;in ge&ccedil;erli olan &uuml;cretsiz de\u011fi\u015fiklik ve iade haklar\u0131n\u0131zla ilgili detayl\u0131 bilgileri a\u015fa\u011f\u0131da bulabilirsiniz.<\/p>\n<h3><strong>T&uuml;rk Hava Yollar\u0131<\/strong><\/h3>\n<p style=\"text-align: left;\"><img loading=\"lazy\" decoding=\"async\" class=\"alignnone size-full wp-image-3639\" src=\"https:\/\/www.julesverne.com.tr\/\/wp-content\/uploads\/2020\/09\/Turkish-Airlines-Logo_1son_.jpg\" width=\"597\" height=\"396\" alt=\"\" srcset=\"https:\/\/julesverne.com.tr\/wp-content\/uploads\/2020\/09\/Turkish-Airlines-Logo_1son_.jpg 597w, https:\/\/julesverne.com.tr\/wp-content\/uploads\/2020\/09\/Turkish-Airlines-Logo_1son_-500x332.jpg 500w\" sizes=\"(max-width: 597px) 100vw, 597px\" \/><\/p>\n<p>06 May\u0131s 2019 ve &ouml;ncesinde d&uuml;zenlenmi\u015f \u0130stanbul &ccedil;\u0131k\u0131\u015fl\u0131 d\u0131\u015f hat ve \u0130stanbul &ccedil;\u0131k\u0131\u015fl\u0131\/var\u0131\u015fl\u0131 yurt i&ccedil;i biletler i&ccedil;in (d\u0131\u015ftan d\u0131\u015fa transit hari&ccedil;) 20 Haziran 2019&nbsp; &#8211; 26 Haziran 2019 tarihleri aras\u0131ndaki \u0130stanbul kalk\u0131\u015f\/var\u0131\u015f t&uuml;m AJ\/TK seferlerine kay\u0131tl\u0131 T&uuml;rk Vatanda\u015f\u0131 olan yolcular\u0131n, 15 May\u0131s 2019 (d&acirc;hil) tarihinde kadar i\u015flem yap\u0131lmas\u0131 kayd\u0131yla, &uuml;cret kurallar\u0131na bak\u0131lmaks\u0131z\u0131n:<\/p>\n<p><strong>1) Rezervasyon ve Parkur De\u011fi\u015fiklikleri:<\/strong><\/p>\n<ul>\n<li>Tarih de\u011fi\u015fikli\u011finde yeni rezervasyonun orijinal seyahat tarihinden 7 g&uuml;n &ouml;nce veya 7g&uuml;n sonras\u0131nda edilecek olan TK Operating u&ccedil;u\u015flara al\u0131nmas\u0131 durumunda ayn\u0131 &uuml;cret s\u0131n\u0131f\u0131nda yer olmas\u0131na bak\u0131lmaks\u0131z\u0131n, ayn\u0131 kabinde yer m&uuml;saitli\u011fi olmas\u0131 ve 15 May\u0131s 2019 (dahil) tarihinde kadar de\u011fi\u015fiklik isleminin tamamlanmas\u0131 kayd\u0131yla de\u011fi\u015fiklik &uuml;cretsiz yap\u0131lacakt\u0131r.<\/li>\n<li>Ayr\u0131ca yolcunun seyahat plan\u0131n\u0131 etkiliyorsa, ayn\u0131 biletteki di\u011fer u&ccedil;u\u015flar\u0131n\u0131n ayn\u0131 kabinde olmas\u0131 kayd\u0131yla ayn\u0131 &uuml;cret s\u0131n\u0131f\u0131nda yer olmas\u0131na bak\u0131lmaks\u0131z\u0131n de\u011fi\u015fiklik cezas\u0131 al\u0131nmadan yap\u0131lacakt\u0131r.<\/li>\n<li>Parkur de\u011fi\u015fiklikleri ise orijinal &uuml;cret kurallar\u0131 do\u011frultusunda yap\u0131lacak olup, bu b&uuml;lten kapsam\u0131nda waive uygulamas\u0131 yap\u0131lmayacakt\u0131r.<\/li>\n<\/ul>\n<p><strong>2) Bilet \u0130adesi<\/strong><\/p>\n<ul>\n<li>\u0130ade talepleri orijinal &uuml;cret kurallar\u0131 do\u011frultusunda yap\u0131lacak olup, bu b&uuml;lten kapsam\u0131nda waive uygulamas\u0131 yap\u0131lmayacakt\u0131r.<\/li>\n<\/ul>\n<p><strong>3) Bilet S&uuml;resinin Uzat\u0131lmas\u0131:&nbsp;<\/strong><\/p>\n<ul>\n<li>Herhangi bir &uuml;cret fark\u0131 ve ceza al\u0131nmaks\u0131z\u0131n biletin ge&ccedil;erlili\u011fi orijinal seyahat tarihinden 7 g&uuml;n sonras\u0131na kadar uzat\u0131labilecektir.&nbsp;<\/li>\n<li>Bilet s&uuml;resinin yolcunun orijinal biletindeki seyahat tarihinden 7 g&uuml;nden daha ileri bir tarihe uzat\u0131lmas\u0131 talebi, orijinal &uuml;cret kurallar\u0131 do\u011frultusunda yap\u0131lacakt\u0131r.<\/li>\n<\/ul>\n<p><strong>4) Codeshare Sefer Uygulamalar\u0131:<\/strong><\/p>\n<ul>\n<li>Ortakl\u0131\u011f\u0131m\u0131z\u0131n Marketing Carrier oldu\u011fu Interline u&ccedil;u\u015flar\u0131nda orijinal &uuml;cret kurallar\u0131 do\u011frultusunda i\u015flem yap\u0131lacakt\u0131r.<\/li>\n<\/ul>\n<p>Yukar\u0131da belirtilen uygulamalar &ccedil;er&ccedil;evesinde yap\u0131lacak de\u011fi\u015fiklikler bir defa ile s\u0131n\u0131rland\u0131r\u0131lacak olup, yolcunun sonraki de\u011fi\u015fiklik talepleri i&ccedil;in &uuml;cret kurallar\u0131 d&acirc;hilinde olu\u015facak ceza ve farklar tahsil edilerek yap\u0131labilecektir.<\/p>\n<p>Bilet de\u011fi\u015fiklik i\u015flemleri sadece T&uuml;rk Hava Yollar\u0131 Sat\u0131\u015f Ofislerinde yap\u0131lacakt\u0131r. (Bilet i\u015flemleri s\u0131ras\u0131nda Sat\u0131\u015f Ofisleri, \u0130stanbul&rsquo;da ikamet etmekte oldu\u011funu g&ouml;sterir ikamet ve\/veya \u0130stanbul&rsquo;da oy kullanaca\u011f\u0131n\u0131 g&ouml;sterir se&ccedil;men kayd\u0131 kontrol&uuml; ile i\u015flem yapacakt\u0131r.)<\/p>\n<p><strong>Detayl\u0131 bilgi i&ccedil;in:&nbsp;<\/strong><a href=\"https:\/\/www.turkishairlines.com\/tr-int\/\">www.turkishairlines.com<\/a><\/p>\n<h3><strong>Pegasus Hava Yollar\u0131<\/strong><\/h3>\n<p style=\"text-align: left;\"><img loading=\"lazy\" decoding=\"async\" class=\"alignnone size-full wp-image-3640\" src=\"https:\/\/www.julesverne.com.tr\/\/wp-content\/uploads\/2020\/09\/son_pegasus_v.1.jpg\" width=\"446\" height=\"276\" alt=\"\" \/><\/p>\n<ul>\n<li>6 May\u0131s ve &ouml;ncesi sat\u0131n al\u0131nan \u0130stanbul kalk\u0131\u015fl\u0131 ve var\u0131\u015fl\u0131, u&ccedil;u\u015f tarihi 23 Haziran 2019 olan veya 23 Haziran 2019&#8217;u kapsayan biletlerde, yolcular\u0131n de\u011fi\u015fiklik ve kesintisiz iade ile iptal hakk\u0131 bulunmaktad\u0131r.&nbsp;<\/li>\n<li>Bu biletlere ba\u011fl\u0131 herhangi bir tarihe ait d&ouml;n&uuml;\u015f u&ccedil;u\u015fu bileti bulunuyorsa, bu bilet i&ccedil;in de ayn\u0131 haklar ge&ccedil;erlidir.&nbsp;<\/li>\n<li>De\u011fi\u015fiklik ya da iade talepleri i&ccedil;in son tarih 31 May\u0131s olup 0850 250 67 02 numaral\u0131 &uuml;cretsiz &ccedil;a\u011fr\u0131 merkezini arayarak i\u015flemler ger&ccedil;ekle\u015ftirilebilir.<\/li>\n<\/ul>\n<p><strong>Detayl\u0131 bilgi i&ccedil;in:&nbsp;<\/strong><a href=\"https:\/\/www.flypgs.com\/\">www.flypgs.com\/<\/a><\/p>\n<h3><strong>Atlasglobal Havayollar\u0131<\/strong><\/h3>\n<p><strong><img loading=\"lazy\" decoding=\"async\" class=\"alignnone size-full wp-image-3641\" src=\"https:\/\/www.julesverne.com.tr\/\/wp-content\/uploads\/2020\/09\/son_atlasglb.jpg\" width=\"620\" height=\"276\" alt=\"\" srcset=\"https:\/\/julesverne.com.tr\/wp-content\/uploads\/2020\/09\/son_atlasglb.jpg 620w, https:\/\/julesverne.com.tr\/wp-content\/uploads\/2020\/09\/son_atlasglb-500x223.jpg 500w\" sizes=\"(max-width: 620px) 100vw, 620px\" \/><\/strong><\/p>\n<ul>\n<li>Atlasglobal Havayollar\u0131, 23 Haziran 2019&rsquo;da yap\u0131lacak \u0130stanbul B&uuml;y&uuml;k\u015fehir Belediye Ba\u015fkanl\u0131\u011f\u0131 se&ccedil;iminde oy kullanmak amac\u0131yla, seyahat planlar\u0131nda de\u011fi\u015fiklik yapmak isteyen yolcular\u0131na &uuml;cretsiz bilet de\u011fi\u015ftirme ve iade hakk\u0131 veriyor.<\/li>\n<li>Biletlerinde de\u011fi\u015fiklik yapmak ya da iade etmek isteyen yolcular, Atlasglobal &ccedil;a\u011fr\u0131 merkezini arayarak (0850 222 00) veya biletlerini sat\u0131n ald\u0131klar\u0131 acentelerden i\u015flemlerini ger&ccedil;ekle\u015ftirebilecekler.&nbsp;<\/li>\n<li>U&ccedil;u\u015flar\u0131 23 Haziran 2019 g&uuml;n&uuml;n&uuml;n 7 g&uuml;n &ouml;ncesi ve sonras\u0131nda olan Atlasglobal yolcular\u0131 a\u015fa\u011f\u0131daki kriterler do\u011frultusunda bilet de\u011fi\u015fim ve iade hakk\u0131ndan yararlanabilecekler:&nbsp;<\/li>\n<li>6 May\u0131s 2019&rsquo;dan &ouml;nce al\u0131nm\u0131\u015f \u0130stanbul var\u0131\u015fl\u0131 ve kalk\u0131\u015fl\u0131 biletler i&ccedil;in ge&ccedil;erlidir.&nbsp;<\/li>\n<li>23 Haziran 2019&rsquo;n\u0131n 7 g&uuml;n sonras\u0131 ve 7 g&uuml;n &ouml;ncesi u&ccedil;u\u015flar i&ccedil;in, ayn\u0131 kabinde (Ekonomiplus ise yine Ekonomiplus, Business Class ise Business Class olacak \u015fekilde) olmak \u015fart\u0131yla ve m&uuml;saitlik durumuna g&ouml;re cezas\u0131z, s\u0131n\u0131f farks\u0131z de\u011fi\u015fiklik ve iptal yap\u0131lacakt\u0131r.&nbsp;<\/li>\n<li>De\u011fi\u015fiklik bir defaya mahsus ayn\u0131 parkura olmak \u015fart\u0131yla yap\u0131l\u0131r.&nbsp;<\/li>\n<li>\u0130BB Ba\u015fkanl\u0131\u011f\u0131 se&ccedil;iminde oy kullanacak olan T&uuml;rkiye Cumhuriyeti Vatanda\u015flar\u0131 i&ccedil;in ge&ccedil;erlidir.&nbsp;<\/li>\n<li>Bilet de\u011fi\u015fikli\u011fi ba\u015fvurular\u0131n\u0131n 14 May\u0131s&rsquo;a kadar yap\u0131lmas\u0131 gerekmektedir. 14 May\u0131s ve sonras\u0131 ba\u015fvuran yolcular i&ccedil;in bilet kurallar\u0131 ge&ccedil;erlidir.<\/li>\n<\/ul>\n<p><strong>Detayl\u0131 bilgi i&ccedil;in:&nbsp;<\/strong><a href=\"https:\/\/www.atlasglb.com\/\">www.atlasglb.com<\/a><\/p>\n<h3><strong>ONUR AIR<\/strong><\/h3>\n<p style=\"text-align: left;\"><img loading=\"lazy\" decoding=\"async\" class=\"alignnone size-full wp-image-3642\" src=\"https:\/\/www.julesverne.com.tr\/\/wp-content\/uploads\/2020\/09\/son_onur_air.jpg\" width=\"639\" height=\"302\" alt=\"\" srcset=\"https:\/\/julesverne.com.tr\/wp-content\/uploads\/2020\/09\/son_onur_air.jpg 639w, https:\/\/julesverne.com.tr\/wp-content\/uploads\/2020\/09\/son_onur_air-500x236.jpg 500w\" sizes=\"(max-width: 639px) 100vw, 639px\" \/><\/p>\n<p>23 Haziran 2019 se&ccedil;im g&uuml;n&uuml;n&uuml; kapsayan tek y&ouml;n veya gidi\u015f-d&ouml;n&uuml;\u015f biletlerini 7 May\u0131s 2019 tarihinden &ouml;nce alan yolcular 1 Haziran&rsquo;a kadar 0850 210 66 87 numaral\u0131 &ccedil;a\u011fr\u0131 merkezini arayarak 15 Haziran &#8211; 15 Temmuz tarihleri aras\u0131nda &uuml;cretsiz olarak de\u011fi\u015fiklik yapabilir veya bilet &uuml;cretlerini kesintisiz iade alabilirler.<\/p>\n<p><strong>Detayl\u0131 bilgi i&ccedil;in:&nbsp;<\/strong><a href=\"https:\/\/www.onurair.com\/tr\/\">www.onurair.com<\/a><\/p>\n<\/p>\n<p><\/p>","protected":false},"excerpt":{"rendered":"<p>Havayollar\u0131 \u015eirketlerinden 23 Haziran \u0130stanbul B&uuml;y&uuml;k\u015fehir Belediye Se&ccedil;imi Yenilenmesi ile \u0130lgili Bilgilendirme&#8230;<\/p>\n","protected":false},"author":1,"featured_media":2114,"comment_status":"closed","ping_status":"closed","sticky":false,"template":"","format":"standard","meta":{"inline_featured_image":false,"footnotes":""},"categories":[1],"tags":[],"acf":[],"yoast_head":"<!-- This site is optimized with the Yoast SEO plugin v22.3 - https:\/\/yoast.com\/wordpress\/plugins\/seo\/ -->\n<title>23 Haziran 2019 Se\u00e7im G\u00fcn\u00fc U\u00e7u\u015flar\u0131 Duyurusu - JULES VERNE BUSINESS MICE TRAVEL<\/title>\n<meta name=\"description\" content=\"Havayolu \u015firketleri, 23 Haziran 2019 tarihinde Istanbul B\u00fcy\u00fcksehir Belediye se\u00e7iminin yenilenecek olmas\u0131yla se\u00e7im tarihinden etkilenen yolcular\u0131na kolayl\u0131k sa\u011flanmas\u0131 amac\u0131yla bilet \u00fccret iadesi ve de\u011fi\u015fiklikleri ile ilgili bilgilendirmelerini yay\u0131nlad\u0131.\" \/>\n<meta name=\"robots\" content=\"index, follow, max-snippet:-1, max-image-preview:large, max-video-preview:-1\" \/>\n<link rel=\"canonical\" href=\"https:\/\/julesverne.com.tr\/travel-blog\/23-haziran-2019-secim-gunu-ucuslari-duyurusu\/\" \/>\n<meta property=\"og:locale\" content=\"en_US\" \/>\n<meta property=\"og:type\" content=\"article\" \/>\n<meta property=\"og:title\" content=\"23 Haziran 2019 Se\u00e7im G\u00fcn\u00fc U\u00e7u\u015flar\u0131 Duyurusu - JULES VERNE BUSINESS MICE TRAVEL\" \/>\n<meta property=\"og:description\" content=\"Havayolu \u015firketleri, 23 Haziran 2019 tarihinde Istanbul B\u00fcy\u00fcksehir Belediye se\u00e7iminin yenilenecek olmas\u0131yla se\u00e7im tarihinden etkilenen yolcular\u0131na kolayl\u0131k sa\u011flanmas\u0131 amac\u0131yla bilet \u00fccret iadesi ve de\u011fi\u015fiklikleri ile ilgili bilgilendirmelerini yay\u0131nlad\u0131.\" \/>\n<meta property=\"og:url\" content=\"https:\/\/julesverne.com.tr\/travel-blog\/23-haziran-2019-secim-gunu-ucuslari-duyurusu\/\" \/>\n<meta property=\"og:site_name\" content=\"JULES VERNE BUSINESS MICE TRAVEL\" \/>\n<meta property=\"article:publisher\" content=\"https:\/\/www.facebook.com\/JulesVerneBusinessMiceTravel\/\" \/>\n<meta property=\"article:published_time\" content=\"2019-05-09T12:30:53+00:00\" \/>\n<meta property=\"article:modified_time\" content=\"2024-03-22T11:51:32+00:00\" \/>\n<meta property=\"og:image\" content=\"https:\/\/julesverne.com.tr\/wp-content\/uploads\/2020\/09\/istanbul_ucak.jpg\" \/>\n\t<meta property=\"og:image:width\" content=\"1000\" \/>\n\t<meta property=\"og:image:height\" content=\"609\" \/>\n\t<meta property=\"og:image:type\" content=\"image\/jpeg\" \/>\n<meta name=\"author\" content=\"fikirman\" \/>\n<meta name=\"twitter:card\" content=\"summary_large_image\" \/>\n<meta name=\"twitter:creator\" content=\"@JV_BusinessMice\" \/>\n<meta name=\"twitter:site\" content=\"@JV_BusinessMice\" \/>\n<meta name=\"twitter:label1\" content=\"Written by\" \/>\n\t<meta name=\"twitter:data1\" content=\"fikirman\" \/>\n\t<meta name=\"twitter:label2\" content=\"Est. reading time\" \/>\n\t<meta name=\"twitter:data2\" content=\"5 minutes\" \/>\n<script type=\"application\/ld+json\" class=\"yoast-schema-graph\">{\"@context\":\"https:\/\/schema.org\",\"@graph\":[{\"@type\":\"Article\",\"@id\":\"https:\/\/julesverne.com.tr\/travel-blog\/23-haziran-2019-secim-gunu-ucuslari-duyurusu\/#article\",\"isPartOf\":{\"@id\":\"https:\/\/julesverne.com.tr\/travel-blog\/23-haziran-2019-secim-gunu-ucuslari-duyurusu\/\"},\"author\":{\"name\":\"fikirman\",\"@id\":\"https:\/\/julesverne.com.tr\/#\/schema\/person\/f4eb0514ae455538644c31b99a466fdb\"},\"headline\":\"23 Haziran 2019 Se\u00e7im G\u00fcn\u00fc U\u00e7u\u015flar\u0131 Duyurusu\",\"datePublished\":\"2019-05-09T12:30:53+00:00\",\"dateModified\":\"2024-03-22T11:51:32+00:00\",\"mainEntityOfPage\":{\"@id\":\"https:\/\/julesverne.com.tr\/travel-blog\/23-haziran-2019-secim-gunu-ucuslari-duyurusu\/\"},\"wordCount\":1893,\"publisher\":{\"@id\":\"https:\/\/julesverne.com.tr\/#organization\"},\"image\":{\"@id\":\"https:\/\/julesverne.com.tr\/travel-blog\/23-haziran-2019-secim-gunu-ucuslari-duyurusu\/#primaryimage\"},\"thumbnailUrl\":\"https:\/\/julesverne.com.tr\/wp-content\/uploads\/2020\/09\/istanbul_ucak.jpg\",\"articleSection\":[\"Blog\"],\"inLanguage\":\"en-US\"},{\"@type\":\"WebPage\",\"@id\":\"https:\/\/julesverne.com.tr\/travel-blog\/23-haziran-2019-secim-gunu-ucuslari-duyurusu\/\",\"url\":\"https:\/\/julesverne.com.tr\/travel-blog\/23-haziran-2019-secim-gunu-ucuslari-duyurusu\/\",\"name\":\"23 Haziran 2019 Se\u00e7im G\u00fcn\u00fc U\u00e7u\u015flar\u0131 Duyurusu - JULES VERNE BUSINESS MICE TRAVEL\",\"isPartOf\":{\"@id\":\"https:\/\/julesverne.com.tr\/#website\"},\"primaryImageOfPage\":{\"@id\":\"https:\/\/julesverne.com.tr\/travel-blog\/23-haziran-2019-secim-gunu-ucuslari-duyurusu\/#primaryimage\"},\"image\":{\"@id\":\"https:\/\/julesverne.com.tr\/travel-blog\/23-haziran-2019-secim-gunu-ucuslari-duyurusu\/#primaryimage\"},\"thumbnailUrl\":\"https:\/\/julesverne.com.tr\/wp-content\/uploads\/2020\/09\/istanbul_ucak.jpg\",\"datePublished\":\"2019-05-09T12:30:53+00:00\",\"dateModified\":\"2024-03-22T11:51:32+00:00\",\"description\":\"Havayolu \u015firketleri, 23 Haziran 2019 tarihinde Istanbul B\u00fcy\u00fcksehir Belediye se\u00e7iminin yenilenecek olmas\u0131yla se\u00e7im tarihinden etkilenen yolcular\u0131na kolayl\u0131k sa\u011flanmas\u0131 amac\u0131yla bilet \u00fccret iadesi ve de\u011fi\u015fiklikleri ile ilgili bilgilendirmelerini yay\u0131nlad\u0131.\",\"breadcrumb\":{\"@id\":\"https:\/\/julesverne.com.tr\/travel-blog\/23-haziran-2019-secim-gunu-ucuslari-duyurusu\/#breadcrumb\"},\"inLanguage\":\"en-US\",\"potentialAction\":[{\"@type\":\"ReadAction\",\"target\":[\"https:\/\/julesverne.com.tr\/travel-blog\/23-haziran-2019-secim-gunu-ucuslari-duyurusu\/\"]}]},{\"@type\":\"ImageObject\",\"inLanguage\":\"en-US\",\"@id\":\"https:\/\/julesverne.com.tr\/travel-blog\/23-haziran-2019-secim-gunu-ucuslari-duyurusu\/#primaryimage\",\"url\":\"https:\/\/julesverne.com.tr\/wp-content\/uploads\/2020\/09\/istanbul_ucak.jpg\",\"contentUrl\":\"https:\/\/julesverne.com.tr\/wp-content\/uploads\/2020\/09\/istanbul_ucak.jpg\",\"width\":1000,\"height\":609},{\"@type\":\"BreadcrumbList\",\"@id\":\"https:\/\/julesverne.com.tr\/travel-blog\/23-haziran-2019-secim-gunu-ucuslari-duyurusu\/#breadcrumb\",\"itemListElement\":[{\"@type\":\"ListItem\",\"position\":1,\"name\":\"Anasayfa\",\"item\":\"https:\/\/julesverne.com.tr\/\"},{\"@type\":\"ListItem\",\"position\":2,\"name\":\"23 Haziran 2019 Se\u00e7im G\u00fcn\u00fc U\u00e7u\u015flar\u0131 Duyurusu\"}]},{\"@type\":\"WebSite\",\"@id\":\"https:\/\/julesverne.com.tr\/#website\",\"url\":\"https:\/\/julesverne.com.tr\/\",\"name\":\"JULES VERNE BUSINESS MICE TRAVEL\",\"description\":\"\",\"publisher\":{\"@id\":\"https:\/\/julesverne.com.tr\/#organization\"},\"potentialAction\":[{\"@type\":\"SearchAction\",\"target\":{\"@type\":\"EntryPoint\",\"urlTemplate\":\"https:\/\/julesverne.com.tr\/?s={search_term_string}\"},\"query-input\":\"required name=search_term_string\"}],\"inLanguage\":\"en-US\"},{\"@type\":\"Organization\",\"@id\":\"https:\/\/julesverne.com.tr\/#organization\",\"name\":\"JULES VERNE BUSINESS MICE TRAVEL\",\"url\":\"https:\/\/julesverne.com.tr\/\",\"logo\":{\"@type\":\"ImageObject\",\"inLanguage\":\"en-US\",\"@id\":\"https:\/\/julesverne.com.tr\/#\/schema\/logo\/image\/\",\"url\":\"https:\/\/julesverne.com.tr\/wp-content\/uploads\/2020\/09\/jv-bmt-logo.png\",\"contentUrl\":\"https:\/\/julesverne.com.tr\/wp-content\/uploads\/2020\/09\/jv-bmt-logo.png\",\"width\":110,\"height\":81,\"caption\":\"JULES VERNE BUSINESS MICE TRAVEL\"},\"image\":{\"@id\":\"https:\/\/julesverne.com.tr\/#\/schema\/logo\/image\/\"},\"sameAs\":[\"https:\/\/www.facebook.com\/JulesVerneBusinessMiceTravel\/\",\"https:\/\/twitter.com\/JV_BusinessMice\",\"https:\/\/www.instagram.com\/julesvernebusinessmicetravel\/\",\"https:\/\/www.linkedin.com\/company\/julesvernebusinessmicetravel\/\",\"https:\/\/www.youtube.com\/channel\/UCAwdsmbZ6tFhu1tea6pkpiw\"]},{\"@type\":\"Person\",\"@id\":\"https:\/\/julesverne.com.tr\/#\/schema\/person\/f4eb0514ae455538644c31b99a466fdb\",\"name\":\"fikirman\",\"sameAs\":[\"http:\/\/advermedya.net\/julesverne\"],\"url\":\"https:\/\/julesverne.com.tr\/en\/author\/fikirman\/\"}]}<\/script>\n<!-- \/ Yoast SEO plugin. -->","yoast_head_json":{"title":"23 Haziran 2019 Se\u00e7im G\u00fcn\u00fc U\u00e7u\u015flar\u0131 Duyurusu - JULES VERNE BUSINESS MICE TRAVEL","description":"Havayolu \u015firketleri, 23 Haziran 2019 tarihinde Istanbul B\u00fcy\u00fcksehir Belediye se\u00e7iminin yenilenecek olmas\u0131yla se\u00e7im tarihinden etkilenen yolcular\u0131na kolayl\u0131k sa\u011flanmas\u0131 amac\u0131yla bilet \u00fccret iadesi ve de\u011fi\u015fiklikleri ile ilgili bilgilendirmelerini yay\u0131nlad\u0131.","robots":{"index":"index","follow":"follow","max-snippet":"max-snippet:-1","max-image-preview":"max-image-preview:large","max-video-preview":"max-video-preview:-1"},"canonical":"https:\/\/julesverne.com.tr\/travel-blog\/23-haziran-2019-secim-gunu-ucuslari-duyurusu\/","og_locale":"en_US","og_type":"article","og_title":"23 Haziran 2019 Se\u00e7im G\u00fcn\u00fc U\u00e7u\u015flar\u0131 Duyurusu - JULES VERNE BUSINESS MICE TRAVEL","og_description":"Havayolu \u015firketleri, 23 Haziran 2019 tarihinde Istanbul B\u00fcy\u00fcksehir Belediye se\u00e7iminin yenilenecek olmas\u0131yla se\u00e7im tarihinden etkilenen yolcular\u0131na kolayl\u0131k sa\u011flanmas\u0131 amac\u0131yla bilet \u00fccret iadesi ve de\u011fi\u015fiklikleri ile ilgili bilgilendirmelerini yay\u0131nlad\u0131.","og_url":"https:\/\/julesverne.com.tr\/travel-blog\/23-haziran-2019-secim-gunu-ucuslari-duyurusu\/","og_site_name":"JULES VERNE BUSINESS MICE TRAVEL","article_publisher":"https:\/\/www.facebook.com\/JulesVerneBusinessMiceTravel\/","article_published_time":"2019-05-09T12:30:53+00:00","article_modified_time":"2024-03-22T11:51:32+00:00","og_image":[{"width":1000,"height":609,"url":"https:\/\/julesverne.com.tr\/wp-content\/uploads\/2020\/09\/istanbul_ucak.jpg","type":"image\/jpeg"}],"author":"fikirman","twitter_card":"summary_large_image","twitter_creator":"@JV_BusinessMice","twitter_site":"@JV_BusinessMice","twitter_misc":{"Written by":"fikirman","Est. reading time":"5 minutes"},"schema":{"@context":"https:\/\/schema.org","@graph":[{"@type":"Article","@id":"https:\/\/julesverne.com.tr\/travel-blog\/23-haziran-2019-secim-gunu-ucuslari-duyurusu\/#article","isPartOf":{"@id":"https:\/\/julesverne.com.tr\/travel-blog\/23-haziran-2019-secim-gunu-ucuslari-duyurusu\/"},"author":{"name":"fikirman","@id":"https:\/\/julesverne.com.tr\/#\/schema\/person\/f4eb0514ae455538644c31b99a466fdb"},"headline":"23 Haziran 2019 Se\u00e7im G\u00fcn\u00fc U\u00e7u\u015flar\u0131 Duyurusu","datePublished":"2019-05-09T12:30:53+00:00","dateModified":"2024-03-22T11:51:32+00:00","mainEntityOfPage":{"@id":"https:\/\/julesverne.com.tr\/travel-blog\/23-haziran-2019-secim-gunu-ucuslari-duyurusu\/"},"wordCount":1893,"publisher":{"@id":"https:\/\/julesverne.com.tr\/#organization"},"image":{"@id":"https:\/\/julesverne.com.tr\/travel-blog\/23-haziran-2019-secim-gunu-ucuslari-duyurusu\/#primaryimage"},"thumbnailUrl":"https:\/\/julesverne.com.tr\/wp-content\/uploads\/2020\/09\/istanbul_ucak.jpg","articleSection":["Blog"],"inLanguage":"en-US"},{"@type":"WebPage","@id":"https:\/\/julesverne.com.tr\/travel-blog\/23-haziran-2019-secim-gunu-ucuslari-duyurusu\/","url":"https:\/\/julesverne.com.tr\/travel-blog\/23-haziran-2019-secim-gunu-ucuslari-duyurusu\/","name":"23 Haziran 2019 Se\u00e7im G\u00fcn\u00fc U\u00e7u\u015flar\u0131 Duyurusu - JULES VERNE BUSINESS MICE TRAVEL","isPartOf":{"@id":"https:\/\/julesverne.com.tr\/#website"},"primaryImageOfPage":{"@id":"https:\/\/julesverne.com.tr\/travel-blog\/23-haziran-2019-secim-gunu-ucuslari-duyurusu\/#primaryimage"},"image":{"@id":"https:\/\/julesverne.com.tr\/travel-blog\/23-haziran-2019-secim-gunu-ucuslari-duyurusu\/#primaryimage"},"thumbnailUrl":"https:\/\/julesverne.com.tr\/wp-content\/uploads\/2020\/09\/istanbul_ucak.jpg","datePublished":"2019-05-09T12:30:53+00:00","dateModified":"2024-03-22T11:51:32+00:00","description":"Havayolu \u015firketleri, 23 Haziran 2019 tarihinde Istanbul B\u00fcy\u00fcksehir Belediye se\u00e7iminin yenilenecek olmas\u0131yla se\u00e7im tarihinden etkilenen yolcular\u0131na kolayl\u0131k sa\u011flanmas\u0131 amac\u0131yla bilet \u00fccret iadesi ve de\u011fi\u015fiklikleri ile ilgili bilgilendirmelerini yay\u0131nlad\u0131.","breadcrumb":{"@id":"https:\/\/julesverne.com.tr\/travel-blog\/23-haziran-2019-secim-gunu-ucuslari-duyurusu\/#breadcrumb"},"inLanguage":"en-US","potentialAction":[{"@type":"ReadAction","target":["https:\/\/julesverne.com.tr\/travel-blog\/23-haziran-2019-secim-gunu-ucuslari-duyurusu\/"]}]},{"@type":"ImageObject","inLanguage":"en-US","@id":"https:\/\/julesverne.com.tr\/travel-blog\/23-haziran-2019-secim-gunu-ucuslari-duyurusu\/#primaryimage","url":"https:\/\/julesverne.com.tr\/wp-content\/uploads\/2020\/09\/istanbul_ucak.jpg","contentUrl":"https:\/\/julesverne.com.tr\/wp-content\/uploads\/2020\/09\/istanbul_ucak.jpg","width":1000,"height":609},{"@type":"BreadcrumbList","@id":"https:\/\/julesverne.com.tr\/travel-blog\/23-haziran-2019-secim-gunu-ucuslari-duyurusu\/#breadcrumb","itemListElement":[{"@type":"ListItem","position":1,"name":"Anasayfa","item":"https:\/\/julesverne.com.tr\/"},{"@type":"ListItem","position":2,"name":"23 Haziran 2019 Se\u00e7im G\u00fcn\u00fc U\u00e7u\u015flar\u0131 Duyurusu"}]},{"@type":"WebSite","@id":"https:\/\/julesverne.com.tr\/#website","url":"https:\/\/julesverne.com.tr\/","name":"JULES VERNE BUSINESS MICE TRAVEL","description":"","publisher":{"@id":"https:\/\/julesverne.com.tr\/#organization"},"potentialAction":[{"@type":"SearchAction","target":{"@type":"EntryPoint","urlTemplate":"https:\/\/julesverne.com.tr\/?s={search_term_string}"},"query-input":"required name=search_term_string"}],"inLanguage":"en-US"},{"@type":"Organization","@id":"https:\/\/julesverne.com.tr\/#organization","name":"JULES VERNE BUSINESS MICE TRAVEL","url":"https:\/\/julesverne.com.tr\/","logo":{"@type":"ImageObject","inLanguage":"en-US","@id":"https:\/\/julesverne.com.tr\/#\/schema\/logo\/image\/","url":"https:\/\/julesverne.com.tr\/wp-content\/uploads\/2020\/09\/jv-bmt-logo.png","contentUrl":"https:\/\/julesverne.com.tr\/wp-content\/uploads\/2020\/09\/jv-bmt-logo.png","width":110,"height":81,"caption":"JULES VERNE BUSINESS MICE TRAVEL"},"image":{"@id":"https:\/\/julesverne.com.tr\/#\/schema\/logo\/image\/"},"sameAs":["https:\/\/www.facebook.com\/JulesVerneBusinessMiceTravel\/","https:\/\/twitter.com\/JV_BusinessMice","https:\/\/www.instagram.com\/julesvernebusinessmicetravel\/","https:\/\/www.linkedin.com\/company\/julesvernebusinessmicetravel\/","https:\/\/www.youtube.com\/channel\/UCAwdsmbZ6tFhu1tea6pkpiw"]},{"@type":"Person","@id":"https:\/\/julesverne.com.tr\/#\/schema\/person\/f4eb0514ae455538644c31b99a466fdb","name":"fikirman","sameAs":["http:\/\/advermedya.net\/julesverne"],"url":"https:\/\/julesverne.com.tr\/en\/author\/fikirman\/"}]}},"_links":{"self":[{"href":"https:\/\/julesverne.com.tr\/en\/wp-json\/wp\/v2\/posts\/2113"}],"collection":[{"href":"https:\/\/julesverne.com.tr\/en\/wp-json\/wp\/v2\/posts"}],"about":[{"href":"https:\/\/julesverne.com.tr\/en\/wp-json\/wp\/v2\/types\/post"}],"author":[{"embeddable":true,"href":"https:\/\/julesverne.com.tr\/en\/wp-json\/wp\/v2\/users\/1"}],"replies":[{"embeddable":true,"href":"https:\/\/julesverne.com.tr\/en\/wp-json\/wp\/v2\/comments?post=2113"}],"version-history":[{"count":1,"href":"https:\/\/julesverne.com.tr\/en\/wp-json\/wp\/v2\/posts\/2113\/revisions"}],"predecessor-version":[{"id":17032,"href":"https:\/\/julesverne.com.tr\/en\/wp-json\/wp\/v2\/posts\/2113\/revisions\/17032"}],"wp:featuredmedia":[{"embeddable":true,"href":"https:\/\/julesverne.com.tr\/en\/wp-json\/wp\/v2\/media\/2114"}],"wp:attachment":[{"href":"https:\/\/julesverne.com.tr\/en\/wp-json\/wp\/v2\/media?parent=2113"}],"wp:term":[{"taxonomy":"category","embeddable":true,"href":"https:\/\/julesverne.com.tr\/en\/wp-json\/wp\/v2\/categories?post=2113"},{"taxonomy":"post_tag","embeddable":true,"href":"https:\/\/julesverne.com.tr\/en\/wp-json\/wp\/v2\/tags?post=2113"}],"curies":[{"name":"wp","href":"https:\/\/api.w.org\/{rel}","templated":true}]}}