{"id":21122,"date":"2025-09-24T16:39:11","date_gmt":"2025-09-24T13:39:11","guid":{"rendered":"https:\/\/julesverne.com.tr\/?p=21122"},"modified":"2025-09-25T15:36:34","modified_gmt":"2025-09-25T12:36:34","slug":"trenle-avrupanin-kalbinde-yilbasi-ve-viyanada-vals","status":"publish","type":"post","link":"https:\/\/julesverne.com.tr\/en\/travel-blog\/trenle-avrupanin-kalbinde-yilbasi-ve-viyanada-vals\/","title":{"rendered":"(TR) Trenle Avrupa\u2019n\u0131n Kalbinde Y\u0131lba\u015f\u0131 ve Viyana\u2019da Gece Yar\u0131s\u0131 Valsi"},"content":{"rendered":"<p class=\"qtranxs-available-languages-message qtranxs-available-languages-message-en\">Sorry, this entry is only available in <a href=\"https:\/\/julesverne.com.tr\/tr\/wp-json\/wp\/v2\/posts\/21122\" class=\"qtranxs-available-language-link qtranxs-available-language-link-tr\" title=\"TR\">Turkish<\/a>.<\/p>","protected":false},"excerpt":{"rendered":"<p>Sorry, this entry is only available in Turkish.<\/p>\n","protected":false},"author":10,"featured_media":14452,"comment_status":"closed","ping_status":"closed","sticky":false,"template":"","format":"standard","meta":{"inline_featured_image":false,"footnotes":""},"categories":[38,1,39],"tags":[356,315],"acf":[],"yoast_head":"<!-- This site is optimized with the Yoast SEO plugin v22.3 - https:\/\/yoast.com\/wordpress\/plugins\/seo\/ -->\n<title><\/title>\n<meta name=\"description\" content=\"Budape\u015fte \u2013 Keszthely \u2013 Graz \u2013 Viyana \u2013 Cesky Krumlov \u2013 Prag \u2013 Ko\u0161ice \u2013 Budape\u015fte rotas\u0131nda Golden Eagle Luxury Treni ile 9 g\u00fcnl\u00fck y\u0131lba\u015f\u0131 yolculu\u011fu. Viyana\u2019da Hofburg Silvester Gala Balosu, \u015fampanya resepsiyonu ve VIP ayr\u0131cal\u0131klar\u0131yla 2026\u2019ya zarif bir ad\u0131m at\u0131n.\" \/>\n<meta name=\"robots\" content=\"index, follow, max-snippet:-1, max-image-preview:large, max-video-preview:-1\" \/>\n<link rel=\"canonical\" href=\"https:\/\/julesverne.com.tr\/travel-blog\/trenle-avrupanin-kalbinde-yilbasi-ve-viyanada-vals\/\" \/>\n<meta property=\"og:locale\" content=\"en_US\" \/>\n<meta property=\"og:type\" content=\"article\" \/>\n<meta property=\"og:title\" content=\"[:tr]Trenle Avrupa\u2019n\u0131n Kalbinde Y\u0131lba\u015f\u0131 ve Viyana\u2019da Gece Yar\u0131s\u0131 Valsi[:] - JULES VERNE BUSINESS MICE TRAVEL\" \/>\n<meta property=\"og:description\" content=\"Budape\u015fte \u2013 Keszthely \u2013 Graz \u2013 Viyana \u2013 Cesky Krumlov \u2013 Prag \u2013 Ko\u0161ice \u2013 Budape\u015fte rotas\u0131nda Golden Eagle Luxury Treni ile 9 g\u00fcnl\u00fck y\u0131lba\u015f\u0131 yolculu\u011fu. Viyana\u2019da Hofburg Silvester Gala Balosu, \u015fampanya resepsiyonu ve VIP ayr\u0131cal\u0131klar\u0131yla 2026\u2019ya zarif bir ad\u0131m at\u0131n.\" \/>\n<meta property=\"og:url\" content=\"https:\/\/julesverne.com.tr\/travel-blog\/trenle-avrupanin-kalbinde-yilbasi-ve-viyanada-vals\/\" \/>\n<meta property=\"og:site_name\" content=\"JULES VERNE BUSINESS MICE TRAVEL\" \/>\n<meta property=\"article:publisher\" content=\"https:\/\/www.facebook.com\/JulesVerneBusinessMiceTravel\/\" \/>\n<meta property=\"article:published_time\" content=\"2025-09-24T13:39:11+00:00\" \/>\n<meta property=\"article:modified_time\" content=\"2025-09-25T12:36:34+00:00\" \/>\n<meta property=\"og:image\" content=\"https:\/\/julesverne.com.tr\/wp-content\/uploads\/2022\/11\/vienna-december-scaled.jpg\" \/>\n\t<meta property=\"og:image:width\" content=\"1600\" \/>\n\t<meta property=\"og:image:height\" content=\"1066\" \/>\n\t<meta property=\"og:image:type\" content=\"image\/jpeg\" \/>\n<meta name=\"author\" content=\"Ebru Alt\u0131n\" \/>\n<meta name=\"twitter:card\" content=\"summary_large_image\" \/>\n<meta name=\"twitter:creator\" content=\"@JV_BusinessMice\" \/>\n<meta name=\"twitter:site\" content=\"@JV_BusinessMice\" \/>\n<meta name=\"twitter:label1\" content=\"Written by\" \/>\n\t<meta name=\"twitter:data1\" content=\"Ebru Alt\u0131n\" \/>\n\t<meta name=\"twitter:label2\" content=\"Est. reading time\" \/>\n\t<meta name=\"twitter:data2\" content=\"6 minutes\" \/>\n<script type=\"application\/ld+json\" class=\"yoast-schema-graph\">{\"@context\":\"https:\/\/schema.org\",\"@graph\":[{\"@type\":\"Article\",\"@id\":\"https:\/\/julesverne.com.tr\/travel-blog\/trenle-avrupanin-kalbinde-yilbasi-ve-viyanada-vals\/#article\",\"isPartOf\":{\"@id\":\"https:\/\/julesverne.com.tr\/travel-blog\/trenle-avrupanin-kalbinde-yilbasi-ve-viyanada-vals\/\"},\"author\":{\"name\":\"Ebru Alt\u0131n\",\"@id\":\"https:\/\/julesverne.com.tr\/#\/schema\/person\/219931edfe2e7d9cbbcbabb8a7e4c7f4\"},\"headline\":\"(TR) Trenle Avrupa\u2019n\u0131n Kalbinde Y\u0131lba\u015f\u0131 ve Viyana\u2019da Gece Yar\u0131s\u0131 Valsi\",\"datePublished\":\"2025-09-24T13:39:11+00:00\",\"dateModified\":\"2025-09-25T12:36:34+00:00\",\"mainEntityOfPage\":{\"@id\":\"https:\/\/julesverne.com.tr\/travel-blog\/trenle-avrupanin-kalbinde-yilbasi-ve-viyanada-vals\/\"},\"wordCount\":982,\"publisher\":{\"@id\":\"https:\/\/julesverne.com.tr\/#organization\"},\"image\":{\"@id\":\"https:\/\/julesverne.com.tr\/travel-blog\/trenle-avrupanin-kalbinde-yilbasi-ve-viyanada-vals\/#primaryimage\"},\"thumbnailUrl\":\"https:\/\/julesverne.com.tr\/wp-content\/uploads\/2022\/11\/vienna-december-scaled.jpg\",\"keywords\":[\"A Midnight Waltz in Vienna\",\"Blog\"],\"articleSection\":[\"\u0130lham Veren Destinasyonlar\",\"Blog\",\"Nereye Gitsek?\"],\"inLanguage\":\"en-US\"},{\"@type\":\"WebPage\",\"@id\":\"https:\/\/julesverne.com.tr\/travel-blog\/trenle-avrupanin-kalbinde-yilbasi-ve-viyanada-vals\/\",\"url\":\"https:\/\/julesverne.com.tr\/travel-blog\/trenle-avrupanin-kalbinde-yilbasi-ve-viyanada-vals\/\",\"name\":\"[:tr]Trenle Avrupa\u2019n\u0131n Kalbinde Y\u0131lba\u015f\u0131 ve Viyana\u2019da Gece Yar\u0131s\u0131 Valsi[:] - JULES VERNE BUSINESS MICE TRAVEL\",\"isPartOf\":{\"@id\":\"https:\/\/julesverne.com.tr\/#website\"},\"primaryImageOfPage\":{\"@id\":\"https:\/\/julesverne.com.tr\/travel-blog\/trenle-avrupanin-kalbinde-yilbasi-ve-viyanada-vals\/#primaryimage\"},\"image\":{\"@id\":\"https:\/\/julesverne.com.tr\/travel-blog\/trenle-avrupanin-kalbinde-yilbasi-ve-viyanada-vals\/#primaryimage\"},\"thumbnailUrl\":\"https:\/\/julesverne.com.tr\/wp-content\/uploads\/2022\/11\/vienna-december-scaled.jpg\",\"datePublished\":\"2025-09-24T13:39:11+00:00\",\"dateModified\":\"2025-09-25T12:36:34+00:00\",\"description\":\"Budape\u015fte \u2013 Keszthely \u2013 Graz \u2013 Viyana \u2013 Cesky Krumlov \u2013 Prag \u2013 Ko\u0161ice \u2013 Budape\u015fte rotas\u0131nda Golden Eagle Luxury Treni ile 9 g\u00fcnl\u00fck y\u0131lba\u015f\u0131 yolculu\u011fu. Viyana\u2019da Hofburg Silvester Gala Balosu, \u015fampanya resepsiyonu ve VIP ayr\u0131cal\u0131klar\u0131yla 2026\u2019ya zarif bir ad\u0131m at\u0131n.\",\"breadcrumb\":{\"@id\":\"https:\/\/julesverne.com.tr\/travel-blog\/trenle-avrupanin-kalbinde-yilbasi-ve-viyanada-vals\/#breadcrumb\"},\"inLanguage\":\"en-US\",\"potentialAction\":[{\"@type\":\"ReadAction\",\"target\":[\"https:\/\/julesverne.com.tr\/travel-blog\/trenle-avrupanin-kalbinde-yilbasi-ve-viyanada-vals\/\"]}]},{\"@type\":\"ImageObject\",\"inLanguage\":\"en-US\",\"@id\":\"https:\/\/julesverne.com.tr\/travel-blog\/trenle-avrupanin-kalbinde-yilbasi-ve-viyanada-vals\/#primaryimage\",\"url\":\"https:\/\/julesverne.com.tr\/wp-content\/uploads\/2022\/11\/vienna-december-scaled.jpg\",\"contentUrl\":\"https:\/\/julesverne.com.tr\/wp-content\/uploads\/2022\/11\/vienna-december-scaled.jpg\",\"width\":1600,\"height\":1066},{\"@type\":\"BreadcrumbList\",\"@id\":\"https:\/\/julesverne.com.tr\/travel-blog\/trenle-avrupanin-kalbinde-yilbasi-ve-viyanada-vals\/#breadcrumb\",\"itemListElement\":[{\"@type\":\"ListItem\",\"position\":1,\"name\":\"Anasayfa\",\"item\":\"https:\/\/julesverne.com.tr\/\"},{\"@type\":\"ListItem\",\"position\":2,\"name\":\"Trenle Avrupa\u2019n\u0131n Kalbinde Y\u0131lba\u015f\u0131 ve Viyana\u2019da Gece Yar\u0131s\u0131 Valsi\"}]},{\"@type\":\"WebSite\",\"@id\":\"https:\/\/julesverne.com.tr\/#website\",\"url\":\"https:\/\/julesverne.com.tr\/\",\"name\":\"JULES VERNE BUSINESS MICE TRAVEL\",\"description\":\"\",\"publisher\":{\"@id\":\"https:\/\/julesverne.com.tr\/#organization\"},\"potentialAction\":[{\"@type\":\"SearchAction\",\"target\":{\"@type\":\"EntryPoint\",\"urlTemplate\":\"https:\/\/julesverne.com.tr\/?s={search_term_string}\"},\"query-input\":\"required name=search_term_string\"}],\"inLanguage\":\"en-US\"},{\"@type\":\"Organization\",\"@id\":\"https:\/\/julesverne.com.tr\/#organization\",\"name\":\"JULES VERNE BUSINESS MICE TRAVEL\",\"url\":\"https:\/\/julesverne.com.tr\/\",\"logo\":{\"@type\":\"ImageObject\",\"inLanguage\":\"en-US\",\"@id\":\"https:\/\/julesverne.com.tr\/#\/schema\/logo\/image\/\",\"url\":\"https:\/\/julesverne.com.tr\/wp-content\/uploads\/2020\/09\/jv-bmt-logo.png\",\"contentUrl\":\"https:\/\/julesverne.com.tr\/wp-content\/uploads\/2020\/09\/jv-bmt-logo.png\",\"width\":110,\"height\":81,\"caption\":\"JULES VERNE BUSINESS MICE TRAVEL\"},\"image\":{\"@id\":\"https:\/\/julesverne.com.tr\/#\/schema\/logo\/image\/\"},\"sameAs\":[\"https:\/\/www.facebook.com\/JulesVerneBusinessMiceTravel\/\",\"https:\/\/twitter.com\/JV_BusinessMice\",\"https:\/\/www.instagram.com\/julesvernebusinessmicetravel\/\",\"https:\/\/www.linkedin.com\/company\/julesvernebusinessmicetravel\/\",\"https:\/\/www.youtube.com\/channel\/UCAwdsmbZ6tFhu1tea6pkpiw\"]},{\"@type\":\"Person\",\"@id\":\"https:\/\/julesverne.com.tr\/#\/schema\/person\/219931edfe2e7d9cbbcbabb8a7e4c7f4\",\"name\":\"Ebru Alt\u0131n\",\"url\":\"https:\/\/julesverne.com.tr\/en\/author\/ebru-altin\/\"}]}<\/script>\n<!-- \/ Yoast SEO plugin. -->","yoast_head_json":{"title":"[:tr]Trenle Avrupa\u2019n\u0131n Kalbinde Y\u0131lba\u015f\u0131 ve Viyana\u2019da Gece Yar\u0131s\u0131 Valsi[:] - JULES VERNE BUSINESS MICE TRAVEL","description":"Budape\u015fte \u2013 Keszthely \u2013 Graz \u2013 Viyana \u2013 Cesky Krumlov \u2013 Prag \u2013 Ko\u0161ice \u2013 Budape\u015fte rotas\u0131nda Golden Eagle Luxury Treni ile 9 g\u00fcnl\u00fck y\u0131lba\u015f\u0131 yolculu\u011fu. Viyana\u2019da Hofburg Silvester Gala Balosu, \u015fampanya resepsiyonu ve VIP ayr\u0131cal\u0131klar\u0131yla 2026\u2019ya zarif bir ad\u0131m at\u0131n.","robots":{"index":"index","follow":"follow","max-snippet":"max-snippet:-1","max-image-preview":"max-image-preview:large","max-video-preview":"max-video-preview:-1"},"canonical":"https:\/\/julesverne.com.tr\/travel-blog\/trenle-avrupanin-kalbinde-yilbasi-ve-viyanada-vals\/","og_locale":"en_US","og_type":"article","og_title":"[:tr]Trenle Avrupa\u2019n\u0131n Kalbinde Y\u0131lba\u015f\u0131 ve Viyana\u2019da Gece Yar\u0131s\u0131 Valsi[:] - JULES VERNE BUSINESS MICE TRAVEL","og_description":"Budape\u015fte \u2013 Keszthely \u2013 Graz \u2013 Viyana \u2013 Cesky Krumlov \u2013 Prag \u2013 Ko\u0161ice \u2013 Budape\u015fte rotas\u0131nda Golden Eagle Luxury Treni ile 9 g\u00fcnl\u00fck y\u0131lba\u015f\u0131 yolculu\u011fu. Viyana\u2019da Hofburg Silvester Gala Balosu, \u015fampanya resepsiyonu ve VIP ayr\u0131cal\u0131klar\u0131yla 2026\u2019ya zarif bir ad\u0131m at\u0131n.","og_url":"https:\/\/julesverne.com.tr\/travel-blog\/trenle-avrupanin-kalbinde-yilbasi-ve-viyanada-vals\/","og_site_name":"JULES VERNE BUSINESS MICE TRAVEL","article_publisher":"https:\/\/www.facebook.com\/JulesVerneBusinessMiceTravel\/","article_published_time":"2025-09-24T13:39:11+00:00","article_modified_time":"2025-09-25T12:36:34+00:00","og_image":[{"width":1600,"height":1066,"url":"https:\/\/julesverne.com.tr\/wp-content\/uploads\/2022\/11\/vienna-december-scaled.jpg","type":"image\/jpeg"}],"author":"Ebru Alt\u0131n","twitter_card":"summary_large_image","twitter_creator":"@JV_BusinessMice","twitter_site":"@JV_BusinessMice","twitter_misc":{"Written by":"Ebru Alt\u0131n","Est. reading time":"6 minutes"},"schema":{"@context":"https:\/\/schema.org","@graph":[{"@type":"Article","@id":"https:\/\/julesverne.com.tr\/travel-blog\/trenle-avrupanin-kalbinde-yilbasi-ve-viyanada-vals\/#article","isPartOf":{"@id":"https:\/\/julesverne.com.tr\/travel-blog\/trenle-avrupanin-kalbinde-yilbasi-ve-viyanada-vals\/"},"author":{"name":"Ebru Alt\u0131n","@id":"https:\/\/julesverne.com.tr\/#\/schema\/person\/219931edfe2e7d9cbbcbabb8a7e4c7f4"},"headline":"(TR) Trenle Avrupa\u2019n\u0131n Kalbinde Y\u0131lba\u015f\u0131 ve Viyana\u2019da Gece Yar\u0131s\u0131 Valsi","datePublished":"2025-09-24T13:39:11+00:00","dateModified":"2025-09-25T12:36:34+00:00","mainEntityOfPage":{"@id":"https:\/\/julesverne.com.tr\/travel-blog\/trenle-avrupanin-kalbinde-yilbasi-ve-viyanada-vals\/"},"wordCount":982,"publisher":{"@id":"https:\/\/julesverne.com.tr\/#organization"},"image":{"@id":"https:\/\/julesverne.com.tr\/travel-blog\/trenle-avrupanin-kalbinde-yilbasi-ve-viyanada-vals\/#primaryimage"},"thumbnailUrl":"https:\/\/julesverne.com.tr\/wp-content\/uploads\/2022\/11\/vienna-december-scaled.jpg","keywords":["A Midnight Waltz in Vienna","Blog"],"articleSection":["\u0130lham Veren Destinasyonlar","Blog","Nereye Gitsek?"],"inLanguage":"en-US"},{"@type":"WebPage","@id":"https:\/\/julesverne.com.tr\/travel-blog\/trenle-avrupanin-kalbinde-yilbasi-ve-viyanada-vals\/","url":"https:\/\/julesverne.com.tr\/travel-blog\/trenle-avrupanin-kalbinde-yilbasi-ve-viyanada-vals\/","name":"[:tr]Trenle Avrupa\u2019n\u0131n Kalbinde Y\u0131lba\u015f\u0131 ve Viyana\u2019da Gece Yar\u0131s\u0131 Valsi[:] - JULES VERNE BUSINESS MICE TRAVEL","isPartOf":{"@id":"https:\/\/julesverne.com.tr\/#website"},"primaryImageOfPage":{"@id":"https:\/\/julesverne.com.tr\/travel-blog\/trenle-avrupanin-kalbinde-yilbasi-ve-viyanada-vals\/#primaryimage"},"image":{"@id":"https:\/\/julesverne.com.tr\/travel-blog\/trenle-avrupanin-kalbinde-yilbasi-ve-viyanada-vals\/#primaryimage"},"thumbnailUrl":"https:\/\/julesverne.com.tr\/wp-content\/uploads\/2022\/11\/vienna-december-scaled.jpg","datePublished":"2025-09-24T13:39:11+00:00","dateModified":"2025-09-25T12:36:34+00:00","description":"Budape\u015fte \u2013 Keszthely \u2013 Graz \u2013 Viyana \u2013 Cesky Krumlov \u2013 Prag \u2013 Ko\u0161ice \u2013 Budape\u015fte rotas\u0131nda Golden Eagle Luxury Treni ile 9 g\u00fcnl\u00fck y\u0131lba\u015f\u0131 yolculu\u011fu. Viyana\u2019da Hofburg Silvester Gala Balosu, \u015fampanya resepsiyonu ve VIP ayr\u0131cal\u0131klar\u0131yla 2026\u2019ya zarif bir ad\u0131m at\u0131n.","breadcrumb":{"@id":"https:\/\/julesverne.com.tr\/travel-blog\/trenle-avrupanin-kalbinde-yilbasi-ve-viyanada-vals\/#breadcrumb"},"inLanguage":"en-US","potentialAction":[{"@type":"ReadAction","target":["https:\/\/julesverne.com.tr\/travel-blog\/trenle-avrupanin-kalbinde-yilbasi-ve-viyanada-vals\/"]}]},{"@type":"ImageObject","inLanguage":"en-US","@id":"https:\/\/julesverne.com.tr\/travel-blog\/trenle-avrupanin-kalbinde-yilbasi-ve-viyanada-vals\/#primaryimage","url":"https:\/\/julesverne.com.tr\/wp-content\/uploads\/2022\/11\/vienna-december-scaled.jpg","contentUrl":"https:\/\/julesverne.com.tr\/wp-content\/uploads\/2022\/11\/vienna-december-scaled.jpg","width":1600,"height":1066},{"@type":"BreadcrumbList","@id":"https:\/\/julesverne.com.tr\/travel-blog\/trenle-avrupanin-kalbinde-yilbasi-ve-viyanada-vals\/#breadcrumb","itemListElement":[{"@type":"ListItem","position":1,"name":"Anasayfa","item":"https:\/\/julesverne.com.tr\/"},{"@type":"ListItem","position":2,"name":"Trenle Avrupa\u2019n\u0131n Kalbinde Y\u0131lba\u015f\u0131 ve Viyana\u2019da Gece Yar\u0131s\u0131 Valsi"}]},{"@type":"WebSite","@id":"https:\/\/julesverne.com.tr\/#website","url":"https:\/\/julesverne.com.tr\/","name":"JULES VERNE BUSINESS MICE TRAVEL","description":"","publisher":{"@id":"https:\/\/julesverne.com.tr\/#organization"},"potentialAction":[{"@type":"SearchAction","target":{"@type":"EntryPoint","urlTemplate":"https:\/\/julesverne.com.tr\/?s={search_term_string}"},"query-input":"required name=search_term_string"}],"inLanguage":"en-US"},{"@type":"Organization","@id":"https:\/\/julesverne.com.tr\/#organization","name":"JULES VERNE BUSINESS MICE TRAVEL","url":"https:\/\/julesverne.com.tr\/","logo":{"@type":"ImageObject","inLanguage":"en-US","@id":"https:\/\/julesverne.com.tr\/#\/schema\/logo\/image\/","url":"https:\/\/julesverne.com.tr\/wp-content\/uploads\/2020\/09\/jv-bmt-logo.png","contentUrl":"https:\/\/julesverne.com.tr\/wp-content\/uploads\/2020\/09\/jv-bmt-logo.png","width":110,"height":81,"caption":"JULES VERNE BUSINESS MICE TRAVEL"},"image":{"@id":"https:\/\/julesverne.com.tr\/#\/schema\/logo\/image\/"},"sameAs":["https:\/\/www.facebook.com\/JulesVerneBusinessMiceTravel\/","https:\/\/twitter.com\/JV_BusinessMice","https:\/\/www.instagram.com\/julesvernebusinessmicetravel\/","https:\/\/www.linkedin.com\/company\/julesvernebusinessmicetravel\/","https:\/\/www.youtube.com\/channel\/UCAwdsmbZ6tFhu1tea6pkpiw"]},{"@type":"Person","@id":"https:\/\/julesverne.com.tr\/#\/schema\/person\/219931edfe2e7d9cbbcbabb8a7e4c7f4","name":"Ebru Alt\u0131n","url":"https:\/\/julesverne.com.tr\/en\/author\/ebru-altin\/"}]}},"_links":{"self":[{"href":"https:\/\/julesverne.com.tr\/en\/wp-json\/wp\/v2\/posts\/21122"}],"collection":[{"href":"https:\/\/julesverne.com.tr\/en\/wp-json\/wp\/v2\/posts"}],"about":[{"href":"https:\/\/julesverne.com.tr\/en\/wp-json\/wp\/v2\/types\/post"}],"author":[{"embeddable":true,"href":"https:\/\/julesverne.com.tr\/en\/wp-json\/wp\/v2\/users\/10"}],"replies":[{"embeddable":true,"href":"https:\/\/julesverne.com.tr\/en\/wp-json\/wp\/v2\/comments?post=21122"}],"version-history":[{"count":6,"href":"https:\/\/julesverne.com.tr\/en\/wp-json\/wp\/v2\/posts\/21122\/revisions"}],"predecessor-version":[{"id":21142,"href":"https:\/\/julesverne.com.tr\/en\/wp-json\/wp\/v2\/posts\/21122\/revisions\/21142"}],"wp:featuredmedia":[{"embeddable":true,"href":"https:\/\/julesverne.com.tr\/en\/wp-json\/wp\/v2\/media\/14452"}],"wp:attachment":[{"href":"https:\/\/julesverne.com.tr\/en\/wp-json\/wp\/v2\/media?parent=21122"}],"wp:term":[{"taxonomy":"category","embeddable":true,"href":"https:\/\/julesverne.com.tr\/en\/wp-json\/wp\/v2\/categories?post=21122"},{"taxonomy":"post_tag","embeddable":true,"href":"https:\/\/julesverne.com.tr\/en\/wp-json\/wp\/v2\/tags?post=21122"}],"curies":[{"name":"wp","href":"https:\/\/api.w.org\/{rel}","templated":true}]}}