{"id":2109,"date":"2019-05-08T17:40:48","date_gmt":"2019-05-08T14:40:48","guid":{"rendered":"https:\/\/www.julesverne.com.tr\/\/blog\/annenizle-yapabileceginiz-en-guzel-seyahat-onerileri\/"},"modified":"2024-03-22T14:53:19","modified_gmt":"2024-03-22T11:53:19","slug":"annenizle-yapabileceginiz-en-guzel-seyahat-onerileri","status":"publish","type":"post","link":"https:\/\/julesverne.com.tr\/en\/travel-blog\/annenizle-yapabileceginiz-en-guzel-seyahat-onerileri\/","title":{"rendered":"Annenizle Yapabilece\u011finiz En G\u00fczel Seyahat \u00d6nerileri"},"content":{"rendered":"<p><\/p>\n<p><p class=\"MsoNormal\" style=\"text-align: center;\"><img loading=\"lazy\" decoding=\"async\" class=\"alignnone size-full wp-image-3658\" src=\"https:\/\/www.julesverne.com.tr\/\/wp-content\/uploads\/2020\/09\/budapeste-1.jpg\" width=\"900\" height=\"502\" alt=\"\" srcset=\"https:\/\/julesverne.com.tr\/wp-content\/uploads\/2020\/09\/budapeste-1.jpg 900w, https:\/\/julesverne.com.tr\/wp-content\/uploads\/2020\/09\/budapeste-1-500x279.jpg 500w, https:\/\/julesverne.com.tr\/wp-content\/uploads\/2020\/09\/budapeste-1-768x428.jpg 768w\" sizes=\"(max-width: 900px) 100vw, 900px\" \/><\/p>\n<p class=\"MsoNormal\">Anneler G&uuml;n&uuml; yakla\u015ft\u0131. Sevginin g&uuml;n&uuml; olmaz elbette ama annelerimizle vakit ge&ccedil;irmek ve bu g&uuml;zel f\u0131rsat\u0131 de\u011ferlendirmek de kula\u011fa hi&ccedil; fena gelmiyor! Annelerine deneyim hediye etmek ve daha &ccedil;ok zaman ge&ccedil;irmek isteyenler i&ccedil;in ilham veren seyahat &ouml;nerileri haz\u0131rlad\u0131k.<\/p>\n<p class=\"MsoNormal\">Hem sizin hem de anneniz i&ccedil;in g&uuml;zel bir hat\u0131ra olaca\u011f\u0131n\u0131 d&uuml;\u015f&uuml;nd&uuml;\u011f&uuml;m&uuml;z Anneler G&uuml;n&uuml; Seyahat &Ouml;nerileri:<\/p>\n<h3 style=\"text-align: center;\"><strong>Anneler G&uuml;n&uuml; Yurti&ccedil;i Gezi &Ouml;nerileri<\/strong><\/h3>\n<p class=\"MsoNormal\"><strong>Kapadokya<\/strong><\/p>\n<p class=\"MsoNormal\"><strong><img loading=\"lazy\" decoding=\"async\" class=\"alignnone size-full wp-image-3659\" src=\"https:\/\/www.julesverne.com.tr\/\/wp-content\/uploads\/2020\/09\/kapadokya-1.jpg\" width=\"900\" height=\"600\" alt=\"kapadokya anneler g&uuml;n&uuml;\" srcset=\"https:\/\/julesverne.com.tr\/wp-content\/uploads\/2020\/09\/kapadokya-1.jpg 900w, https:\/\/julesverne.com.tr\/wp-content\/uploads\/2020\/09\/kapadokya-1-500x333.jpg 500w, https:\/\/julesverne.com.tr\/wp-content\/uploads\/2020\/09\/kapadokya-1-768x512.jpg 768w\" sizes=\"(max-width: 900px) 100vw, 900px\" \/><\/strong><\/p>\n<p class=\"MsoNormal\">B&uuml;y&uuml;leyicili\u011fini hi&ccedil; yitirmeyen Kapadokya her zaman unutulmaz bir seyahat deneyimi arzulayan gezginlerin y&uuml;z&uuml;n&uuml; g&uuml;ld&uuml;r&uuml;yor, bu annenizle &ccedil;\u0131kaca\u011f\u0131n\u0131z yolculuk i&ccedil;in de ge&ccedil;erli! G&uuml;n do\u011fumunda balon &uuml;zerinden peri bacalar\u0131na bakmak, dar yollar\u0131ndan ula\u015ft\u0131\u011f\u0131n\u0131z eski yerle\u015fim yerlerinde tarihi ve k&uuml;lt&uuml;rel izleri yakalamak, ma\u011fara evlerden d&ouml;n&uuml;\u015ft&uuml;r&uuml;len otantik odalarda konaklamak, leziz \u015faraplar\u0131ndan tatmak, gurme lezzetleriyle g&uuml;zel bir sofraya oturmak sadece Kapadokya gezisi ile m&uuml;mk&uuml;n. Do\u011fa y&uuml;r&uuml;y&uuml;\u015flerinden m&uuml;ze ziyaretine, Avanos &ccedil;&ouml;mlek at&ouml;lyesinden \u015farap tad\u0131m\u0131na, yer alt\u0131 \u015fehirlerinden mapping show&rsquo;a kadar dolu dolu bir gezi olacak.<\/p>\n<p class=\"MsoNormal\"><strong>Cunda, Ayval\u0131k<\/strong><\/p>\n<p class=\"MsoNormal\" style=\"text-align: center;\"><strong><img loading=\"lazy\" decoding=\"async\" class=\"alignnone size-full wp-image-3660\" src=\"https:\/\/www.julesverne.com.tr\/\/wp-content\/uploads\/2020\/09\/cunda-2.jpg\" width=\"900\" height=\"600\" alt=\"cunda anneler g&uuml;n&uuml;\" srcset=\"https:\/\/julesverne.com.tr\/wp-content\/uploads\/2020\/09\/cunda-2.jpg 900w, https:\/\/julesverne.com.tr\/wp-content\/uploads\/2020\/09\/cunda-2-500x333.jpg 500w, https:\/\/julesverne.com.tr\/wp-content\/uploads\/2020\/09\/cunda-2-768x512.jpg 768w\" sizes=\"(max-width: 900px) 100vw, 900px\" \/><\/strong><\/p>\n<p class=\"MsoNormal\">Ege&#8217;ye olan &ouml;zlemi, ge&ccedil;mi\u015f mahalle k&uuml;lt&uuml;r&uuml;ne olan hasreti dindiren Cunda&#8230; Eminiz, annenizle Arnavut kald\u0131r\u0131ml\u0131 sokaklarda, Rum evleri aras\u0131nda yapaca\u011f\u0131n\u0131z bu seyahat size g&uuml;zel an\u0131lar b\u0131rakacak. Rum ve T&uuml;rk kodlar\u0131n\u0131n bir arada ya\u015fad\u0131\u011f\u0131 Cunda, denizden gelen tuz kokusu e\u015fli\u011finde size do\u011fal ve k&uuml;lt&uuml;rel bir s\u0131\u011f\u0131nak oluyor. Ko&ccedil;, Sabanc\u0131 ve Boyner aileleri ba\u015fta olmak &uuml;zere adaya yap\u0131lan &ouml;nemli katk\u0131lar ile hem yeni hem de eskimeyen bir karaktere b&uuml;r&uuml;n&uuml;yor. Leka Panaya Manast\u0131r\u0131, terk edilmi\u015f en eski Pateri&ccedil;a k&ouml;yleri, Ay I\u015f\u0131\u011f\u0131 Manast\u0131r\u0131, Sevim ve Necdet Kent Kitapl\u0131\u011f\u0131 ve Agios Yannis Kilisesi&#8217;nin yer ald\u0131\u011f\u0131 &Acirc;\u015f\u0131klar Tepesi, Rahmi Ko&ccedil; M&uuml;zesi Taksiyarhis Kilisesi, Agia Tr\u0456y\u0430d\u0430 K\u0456l\u0456ses\u0456 listenizde olsun. Cumartesi g&uuml;nleri kurulan pazar\u0131nda tezg&acirc;hlar aras\u0131nda dola\u015f\u0131n, sevimli butiklerde hayal edemeyece\u011finiz tasar\u0131m &uuml;r&uuml;nleri ke\u015ffedin.<\/p>\n<p class=\"MsoNormal\"><strong>Isparta &amp; Lavanta Kokulu K&ouml;y Kuyucak<\/strong><\/p>\n<p class=\"MsoNormal\" style=\"text-align: center;\"><strong><img loading=\"lazy\" decoding=\"async\" class=\"alignnone size-full wp-image-3661\" src=\"https:\/\/www.julesverne.com.tr\/\/wp-content\/uploads\/2020\/09\/kuyucak_koyu_kucuk_boyut-1.jpg\" width=\"1000\" height=\"666\" alt=\"kuyucak k&ouml;y&uuml; lavanta kokulu k&ouml;y\" srcset=\"https:\/\/julesverne.com.tr\/wp-content\/uploads\/2020\/09\/kuyucak_koyu_kucuk_boyut-1.jpg 1000w, https:\/\/julesverne.com.tr\/wp-content\/uploads\/2020\/09\/kuyucak_koyu_kucuk_boyut-1-500x333.jpg 500w, https:\/\/julesverne.com.tr\/wp-content\/uploads\/2020\/09\/kuyucak_koyu_kucuk_boyut-1-768x511.jpg 768w\" sizes=\"(max-width: 1000px) 100vw, 1000px\" \/><\/strong><\/p>\n<p class=\"MsoNormal\">Annenizle mor lavanta tarlalar\u0131 aras\u0131nda foto\u011fraflar\u0131n\u0131z olsun ister misiniz? Akdeniz&rsquo;in t&uuml;m g&uuml;zelliklerini alm\u0131\u015f, binlerce y\u0131l farkl\u0131 medeniyetlerin ya\u015fam merkezi olmu\u015f Isparta, g&ouml;llerinden kanyonuna; antik kentlerinden g&uuml;l hasad\u0131 ve lavanta k&ouml;y&uuml;ne kadar bir renk paleti kadar renkli ve ke\u015ffedilmeyi bekleyen hazinelerle dolu. Isparta rotas\u0131nda ba\u015frol lavanta kokulu k&ouml;y Kuyucak K&ouml;y&uuml; olsa da T&uuml;rkiye&rsquo;nin 4.b&uuml;y&uuml;k g&ouml;l&uuml; olan E\u011firdir G&ouml;l&uuml; ve &lsquo;cittaslow&rsquo; unvan\u0131n\u0131 alan E\u011firdir&#8217;i, Yunan filozof Epiktetos&#8217;un &uuml;nl&uuml; H&uuml;r \u0130nsan \u015fiirinin yer ald\u0131\u011f\u0131 Yaz\u0131l\u0131 Kanyon&#8217;u, g&uuml;n&uuml;m&uuml;ze kadar en iyi \u015fekilde korunan Sagalassos Antik Kenti&#8217;ni g&ouml;rmeyi ihmal etmeyin.<\/p>\n<h4 class=\"MsoNormal\" style=\"text-align: center;\"><a href=\"http:\/\/gezi.julesverne.com.tr\/geziler\/yurt-ici-ozel-gezilerimiz\/lavanta-kokulu-kuyucak-koyu-esliginde-turkiye-nin-gizli-hazinesi-isparta\" target=\"_blank\" rel=\"noopener noreferrer\"><strong>Lavanta Kokulu Kuyucak K&ouml;y&uuml; E\u015fli\u011finde T&uuml;rkiye&rsquo;nin Gizli Hazinesi Isparta<\/strong><\/a><\/h4>\n<h4 class=\"MsoNormal\" style=\"text-align: center;\"><strong>12-14 Temmuz 2019<\/strong><\/h4>\n<p class=\"MsoNormal\" style=\"text-align: center;\"><img loading=\"lazy\" decoding=\"async\" class=\"alignnone size-full wp-image-3662\" src=\"https:\/\/www.julesverne.com.tr\/\/wp-content\/uploads\/2020\/09\/kuyucak_koy.jpg\" width=\"900\" height=\"600\" alt=\"Lavanta Kokulu Kuyucak K&ouml;y&uuml; E\u015fli\u011finde T&uuml;rkiye&rsquo;nin Gizli Hazinesi Isparta\" srcset=\"https:\/\/julesverne.com.tr\/wp-content\/uploads\/2020\/09\/kuyucak_koy.jpg 900w, https:\/\/julesverne.com.tr\/wp-content\/uploads\/2020\/09\/kuyucak_koy-500x333.jpg 500w, https:\/\/julesverne.com.tr\/wp-content\/uploads\/2020\/09\/kuyucak_koy-768x512.jpg 768w\" sizes=\"(max-width: 900px) 100vw, 900px\" \/><\/p>\n<p class=\"MsoNormal\"><strong>Do\u011fu Karadeniz<\/strong><\/p>\n<p class=\"MsoNormal\" style=\"text-align: center;\"><strong><img loading=\"lazy\" decoding=\"async\" class=\"alignnone size-full wp-image-3663\" src=\"https:\/\/www.julesverne.com.tr\/\/wp-content\/uploads\/2020\/09\/pokut-3.jpg\" width=\"1200\" height=\"800\" alt=\"pokut yaylas\u0131 do\u011fu karadeniz\" srcset=\"https:\/\/julesverne.com.tr\/wp-content\/uploads\/2020\/09\/pokut-3.jpg 1200w, https:\/\/julesverne.com.tr\/wp-content\/uploads\/2020\/09\/pokut-3-500x333.jpg 500w, https:\/\/julesverne.com.tr\/wp-content\/uploads\/2020\/09\/pokut-3-768x512.jpg 768w\" sizes=\"(max-width: 1200px) 100vw, 1200px\" \/><\/strong><\/p>\n<p class=\"MsoNormal\">Do\u011fan\u0131n, y&uuml;z y&uuml;ze ileti\u015fimin, do\u011fal tatlar\u0131n, bu topraklar\u0131n farkl\u0131 k&uuml;lt&uuml;rel de\u011ferlerini annenizle ke\u015ffetmenin tam zaman\u0131! Farkl\u0131 duygular ve fark\u0131ndal\u0131klar uyand\u0131ran bir Do\u011fu Karadeniz seyahati size do\u011fa, tarih, k&uuml;lt&uuml;r, gurme ve dinginlik hakk\u0131nda &ccedil;ok \u015fey &ouml;\u011fretecek. E\u011fer anneniz de siz de y&uuml;r&uuml;y&uuml;\u015flerden, t\u0131rman\u0131\u015flardan ho\u015flan\u0131yorsunuz yayla gezileri ile T&uuml;rkiye&#8217;nin yemye\u015fil y&uuml;z&uuml;n&uuml; ke\u015ffetmekte ge&ccedil; kalmay\u0131n! Bulutlar\u0131n &uuml;zerinde dans etmek, yayla evlerini ziyaret etmek, mimarisiyle hayranl\u0131k uyand\u0131ran S&uuml;mela Manast\u0131r\u0131&#8217;n\u0131 g&ouml;rmek, taptaze ve do\u011fal Karadeniz spesiyallerini tatmak kula\u011fa nas\u0131l geliyor?<\/p>\n<h4 class=\"MsoNormal\" style=\"text-align: center;\"><a href=\"http:\/\/gezi.julesverne.com.tr\/geziler\/yurt-ici-ozel-gezilerimiz\/dogu-karadeniz-yaylalarinda-huzur-kesif-ve-yoga\" target=\"_blank\" rel=\"noopener noreferrer\"><strong>Do\u011fu Karadeniz Yaylalar\u0131nda Huzur, Ke\u015fif ve Yoga<\/strong><\/a><\/h4>\n<h4 class=\"MsoNormal\" style=\"text-align: center;\"><strong>12-15 Temmuz 2019&nbsp;<\/strong><\/h4>\n<p style=\"text-align: center;\"><strong><img loading=\"lazy\" decoding=\"async\" class=\"alignnone size-full wp-image-3664\" src=\"https:\/\/www.julesverne.com.tr\/\/wp-content\/uploads\/2020\/09\/1551877355-shutterstock_1178685196.jpg\" width=\"1000\" height=\"671\" alt=\"Do\u011fu Karadeniz Yaylalar\u0131nda Huzur, Ke\u015fif ve Yoga\" srcset=\"https:\/\/julesverne.com.tr\/wp-content\/uploads\/2020\/09\/1551877355-shutterstock_1178685196.jpg 1000w, https:\/\/julesverne.com.tr\/wp-content\/uploads\/2020\/09\/1551877355-shutterstock_1178685196-500x336.jpg 500w, https:\/\/julesverne.com.tr\/wp-content\/uploads\/2020\/09\/1551877355-shutterstock_1178685196-768x515.jpg 768w\" sizes=\"(max-width: 1000px) 100vw, 1000px\" \/><\/strong><\/p>\n<p class=\"MsoNormal\"><strong>Do\u011fubayaz\u0131t-Van-Ahlat<\/strong><\/p>\n<p class=\"MsoNormal\" style=\"text-align: center;\"><strong><img loading=\"lazy\" decoding=\"async\" class=\"alignnone size-full wp-image-3665\" src=\"https:\/\/www.julesverne.com.tr\/\/wp-content\/uploads\/2020\/09\/van_golu_1-1.jpg\" width=\"999\" height=\"540\" alt=\"van g&ouml;l&uuml;\" srcset=\"https:\/\/julesverne.com.tr\/wp-content\/uploads\/2020\/09\/van_golu_1-1.jpg 999w, https:\/\/julesverne.com.tr\/wp-content\/uploads\/2020\/09\/van_golu_1-1-500x270.jpg 500w, https:\/\/julesverne.com.tr\/wp-content\/uploads\/2020\/09\/van_golu_1-1-768x415.jpg 768w\" sizes=\"(max-width: 999px) 100vw, 999px\" \/><\/strong><\/p>\n<p class=\"MsoNormal\">Bu yaz &uuml;lkenin Do\u011fu&rsquo;suna gitmek isterseniz sizi derin bir tarihi ge&ccedil;mi\u015f ve k&uuml;lt&uuml;rel izlerin bekledi\u011fini s&ouml;yleyebiliriz. Anneniz bir tarih ve k&uuml;lt&uuml;r merakl\u0131s\u0131 ise bu rota unutulmaz bir deneyim ve Anneler g&uuml;n&uuml; hediyesi olacakt\u0131r. &#8220;Do\u011fu&#8217;nun Paris&#8217;i&#8221; unvan\u0131n\u0131 alan Van, T&uuml;rkiye&#8217;nin en b&uuml;y&uuml;k g&ouml;l&uuml; Van G&ouml;l&uuml;,<span style=\"mso-spacerun: yes;\">&nbsp; <\/span>Van G&ouml;l&uuml;&#8217;n&uuml;n incisi Akdamar Adas\u0131, A\u011fr\u0131 Da\u011f\u0131&rsquo;n\u0131n eteklerinde kurulan muhte\u015fem \u0130shakpa\u015fa Saray\u0131, Do\u011fubayaz\u0131t&#8217;\u0131n renkli pasajlar\u0131, Anadolu&#8217;daki ilk b&uuml;y&uuml;k T&uuml;rk \u015fehri Ahlat; Urartular&#8217;\u0131n kenti Tatvan bu g&uuml;zel ve keyifli rotan\u0131n en &ouml;zel duraklar\u0131 olabilir.<\/p>\n<h4 class=\"MsoNormal\" style=\"text-align: center;\"><a href=\"http:\/\/gezi.julesverne.com.tr\/geziler\/yurt-ici-ozel-gezilerimiz\/dogu-sizi-cagiriyor-dogubayazit-van-ahlat-tatvan\" target=\"_blank\" rel=\"noopener noreferrer\"><strong>Do\u011fu Sizi &Ccedil;a\u011f\u0131r\u0131yor: Do\u011fubayaz\u0131t -Van &#8211; Ahlat &#8211; Tatvan&nbsp;<\/strong><\/a><\/h4>\n<h4 class=\"MsoNormal\" style=\"text-align: center;\">27 Haziran &#8211; 30 Haziran<\/h4>\n<p style=\"text-align: center;\"><img loading=\"lazy\" decoding=\"async\" class=\"alignnone size-full wp-image-3666\" src=\"https:\/\/www.julesverne.com.tr\/\/wp-content\/uploads\/2020\/09\/ishakpasa.jpg\" width=\"900\" height=\"549\" alt=\"Do\u011fu Sizi &Ccedil;a\u011f\u0131r\u0131yor: Do\u011fubayaz\u0131t -Van - Ahlat - Tatvan\" srcset=\"https:\/\/julesverne.com.tr\/wp-content\/uploads\/2020\/09\/ishakpasa.jpg 900w, https:\/\/julesverne.com.tr\/wp-content\/uploads\/2020\/09\/ishakpasa-500x305.jpg 500w, https:\/\/julesverne.com.tr\/wp-content\/uploads\/2020\/09\/ishakpasa-768x468.jpg 768w\" sizes=\"(max-width: 900px) 100vw, 900px\" \/><\/p>\n<h3 style=\"text-align: center;\"><strong>Anneler G&uuml;n&uuml; Yurtd\u0131\u015f\u0131 Gezi &Ouml;nerileri<\/strong><\/h3>\n<p class=\"MsoNormal\"><strong>Amalfi K\u0131y\u0131lar\u0131, \u0130talya<\/strong><\/p>\n<p class=\"MsoNormal\" style=\"text-align: center;\"><strong><img loading=\"lazy\" decoding=\"async\" class=\"alignnone size-full wp-image-3667\" src=\"https:\/\/www.julesverne.com.tr\/\/wp-content\/uploads\/2020\/09\/amalfi.jpg\" width=\"900\" height=\"633\" alt=\"amalfi\" srcset=\"https:\/\/julesverne.com.tr\/wp-content\/uploads\/2020\/09\/amalfi.jpg 900w, https:\/\/julesverne.com.tr\/wp-content\/uploads\/2020\/09\/amalfi-500x352.jpg 500w, https:\/\/julesverne.com.tr\/wp-content\/uploads\/2020\/09\/amalfi-768x540.jpg 768w\" sizes=\"(max-width: 900px) 100vw, 900px\" \/><\/strong><\/p>\n<p class=\"MsoNormal\">\u0130ster sevgilinizle, ister arkada\u015flar\u0131n\u0131zla isterseniz de ailenizle gidin, sonu&ccedil; hep ayn\u0131: \u0130talya&rsquo;n\u0131n Amalfi K\u0131y\u0131lar\u0131 yery&uuml;z&uuml;nde g&ouml;r&uuml;lmesi ve seyahat edilmesi gereken en g&uuml;zel rotalardan! <span style=\"mso-spacerun: yes;\">&nbsp;<\/span>\u0130talya&#8217;daki ger&ccedil;ek &#8220;dolce vita&#8221; ruhunu ya\u015famak istiyorsan\u0131z rotay\u0131 G&uuml;ney \u0130talya&#8217;da Amalfi K\u0131y\u0131lar\u0131&#8217;na &ccedil;evirmeniz gerek! Ye\u015filin, mavilin, reng&acirc;renk a&ccedil;an &ccedil;i&ccedil;eklerle \u015f&ouml;lene d&ouml;nen bah&ccedil;elerin, karakteristik kasaba ve adalar\u0131n ilginizi &ccedil;ekece\u011fini d&uuml;\u015f&uuml;n&uuml;yoruz, hatta buna eminiz! Turkuaz sular &uuml;zerinde y&uuml;kselen kayal\u0131klar\u0131, kayal\u0131klar &uuml;zerine tutunan pastel renkli evleriyle Sorrento&rsquo;dan Positano&rsquo;ya, Amalfi&#8217;den Praiano&#8217;ya, Capri&#8217;den Ravello&#8217;ya birbirinden g&uuml;zel manzara ve ke\u015fifler sizi bekliyor.<\/p>\n<p class=\"MsoNormal\"><strong>Lyon, Fransa<\/strong><\/p>\n<p class=\"MsoNormal\" style=\"text-align: center;\"><strong><img loading=\"lazy\" decoding=\"async\" class=\"alignnone size-full wp-image-3668\" src=\"https:\/\/www.julesverne.com.tr\/\/wp-content\/uploads\/2020\/09\/lyon-2.jpg\" width=\"900\" height=\"656\" alt=\"lyon anneler g&uuml;n&uuml;\" srcset=\"https:\/\/julesverne.com.tr\/wp-content\/uploads\/2020\/09\/lyon-2.jpg 900w, https:\/\/julesverne.com.tr\/wp-content\/uploads\/2020\/09\/lyon-2-500x364.jpg 500w, https:\/\/julesverne.com.tr\/wp-content\/uploads\/2020\/09\/lyon-2-768x560.jpg 768w\" sizes=\"(max-width: 900px) 100vw, 900px\" \/><\/strong><\/p>\n<p class=\"MsoNormal\">Paris&#8217;in g&ouml;lgesinde kalsa da asl\u0131nda etkisi ve g&uuml;zellikleri di\u011fer g&ouml;zde \u015fehirlerden hi&ccedil; geri kalm\u0131yor. Hem \u015fehir hayat\u0131n\u0131, hem gurme yolculu\u011fu, hem tarihsel ve k&uuml;lt&uuml;rel deneyimleri bir arada ya\u015fayabilece\u011finiz Lyon, annenizle ke\u015ffetmekten keyif alaca\u011f\u0131n\u0131z ve hatta ke\u015ffetmekte ge&ccedil; kald\u0131\u011f\u0131n\u0131z\u0131 d&uuml;\u015f&uuml;nece\u011finiz bir enerjiye sahip. Frans\u0131z mutfa\u011f\u0131n\u0131n merkez &uuml;ss&uuml; olan Lyon&#8217;da efsanevi restoranlar ve &uuml;nl&uuml; \u015feflerden &ccedil;ok daha fazlas\u0131n\u0131 bulaca\u011f\u0131n\u0131z\u0131 garanti ediyoruz. Ayn\u0131 zamanda sineman\u0131n da do\u011fum yeri olan Lyon; tarihte bir yolculuk ya\u015fatan Vieux Lyon B&ouml;lgesi, Fransa&#8217;n\u0131n en b&uuml;y&uuml;k \u015fehir park\u0131 Parc de la T&ecirc;te d&rsquo;Or, Sa&ocirc;ne ve Rh&ocirc;ne nehirlerinde tekne gezileri, sanat ve tarihi de\u011ferleri bar\u0131nd\u0131ran m&uuml;zeleri ile beklentileri y&uuml;kseltiyor.<\/p>\n<p class=\"MsoNormal\"><strong>Budape\u015fte, Macaristan<\/strong><\/p>\n<p class=\"MsoNormal\" style=\"text-align: center;\"><strong><img loading=\"lazy\" decoding=\"async\" class=\"alignnone size-full wp-image-3669\" src=\"https:\/\/www.julesverne.com.tr\/\/wp-content\/uploads\/2020\/09\/budapeste2.jpg\" width=\"900\" height=\"556\" alt=\"budape\u015fte\" srcset=\"https:\/\/julesverne.com.tr\/wp-content\/uploads\/2020\/09\/budapeste2.jpg 900w, https:\/\/julesverne.com.tr\/wp-content\/uploads\/2020\/09\/budapeste2-500x309.jpg 500w, https:\/\/julesverne.com.tr\/wp-content\/uploads\/2020\/09\/budapeste2-768x474.jpg 768w\" sizes=\"(max-width: 900px) 100vw, 900px\" \/><\/strong><\/p>\n<p class=\"MsoNormal\">K\u0131sa bir u&ccedil;ak yolculu\u011fu ile 3 g&uuml;nde Avrupa \u015fehri gezmek ayn\u0131 zamanda Sovyet de\u011ferlerinin geriye kalan izlerini de ya\u015famak ister misiniz? Tuna Nehri&#8217;nin iki k\u0131y\u0131s\u0131na yay\u0131lan Budape\u015fte tarihe ilgi duyan bir anneniz varsa verebilece\u011finiz en g&uuml;zel seyahat hediyesi olabilir. Havalar\u0131n \u0131s\u0131nmaya ba\u015flad\u0131\u011f\u0131 Budape\u015fte&#8217;de hayat sokaklara ta\u015f\u0131yor ve nehir k\u0131y\u0131s\u0131 giderek canlan\u0131yor. Nehir k\u0131y\u0131s\u0131nda in\u015fa edilen say\u0131s\u0131z tarihi saray binas\u0131, her biri sanat eseri gibi duran s&uuml;sl&uuml; kafeleri, m&uuml;zeleri, bir yanda say\u0131s\u0131 her ge&ccedil;en g&uuml;n artan sanatsal ve bohem kafeleriyle ruha iyi gelen \u015fehirlerden. Kom&uuml;nizm etkisi izlerini ta\u015f\u0131yan k&uuml;lt&uuml;rel kodlar\u0131 ve tarihi miras ile birlikte modern ve zarif mimarinin bulu\u015ftu\u011fu masallar \u015fehri Budape\u015fte annenizle ba\u015f ba\u015fa zaman ge&ccedil;irmek i&ccedil;in harika bir f\u0131rsat!<\/p>\n<p class=\"MsoNormal\"><strong>Prag-Karlovy Vary, &Ccedil;ek Cumhuriyeti<\/strong><\/p>\n<p class=\"MsoNormal\" style=\"text-align: center;\"><strong><img loading=\"lazy\" decoding=\"async\" class=\"alignnone size-full wp-image-3670\" src=\"https:\/\/www.julesverne.com.tr\/\/wp-content\/uploads\/2020\/09\/prag.jpg\" width=\"944\" height=\"561\" alt=\"prag anneler g&uuml;n&uuml;\" srcset=\"https:\/\/julesverne.com.tr\/wp-content\/uploads\/2020\/09\/prag.jpg 944w, https:\/\/julesverne.com.tr\/wp-content\/uploads\/2020\/09\/prag-500x297.jpg 500w, https:\/\/julesverne.com.tr\/wp-content\/uploads\/2020\/09\/prag-768x456.jpg 768w\" sizes=\"(max-width: 944px) 100vw, 944px\" \/><\/strong><\/p>\n<p class=\"MsoNormal\">Gotik, Barok, R&ouml;nesans, Romanesk, Art Nouveau ve Neo-Klasik mimari ak\u0131mlar\u0131 tek bir \u015fehirde g&ouml;rmek ve b&uuml;y&uuml;lenmek istiyorsan\u0131z Prag&rsquo;a u&ccedil;ak biletinizi hemen al\u0131n! Hem tarihi hem de modern \u015fehir yakla\u015f\u0131m\u0131n\u0131 bulu\u015fturan Prag, annenizle yap\u0131lacak en g&uuml;zel \u015fehir gezilerinden biri olabilir. Buna bir de &ccedil;ekilece\u011finiz foto\u011fraflar\u0131n arka planlar\u0131ndaki harika \u015fehir g&ouml;r&uuml;nt&uuml;lerini ekleyin!<\/p>\n<p class=\"MsoNormal\">Annenize bir s&uuml;rpriz daha yap\u0131p, Prag gezisine &ouml;zel bir SPA \u015fehri eklemek isterseniz \u015fehre 1,5 saat uzakl\u0131ktaki Karlovy Vary&#8217;i de rotan\u0131za al\u0131n. 14. y&uuml;zy\u0131lda Kral 4. Karl taraf\u0131ndan ke\u015ffedilen \u015fifal\u0131 sular\u0131 ile l&uuml;ks kapl\u0131ca otelleri k\u0131sa bir inziva i&ccedil;in ideal.<\/p>\n<p class=\"MsoNormal\"><strong>Lizbon<\/strong><\/p>\n<p class=\"MsoNormal\" style=\"text-align: center;\"><strong><img loading=\"lazy\" decoding=\"async\" class=\"alignnone size-full wp-image-3671\" src=\"https:\/\/www.julesverne.com.tr\/\/wp-content\/uploads\/2020\/09\/lizbon.jpg\" width=\"900\" height=\"600\" alt=\"lizbon anneler g&uuml;n&uuml;\" srcset=\"https:\/\/julesverne.com.tr\/wp-content\/uploads\/2020\/09\/lizbon.jpg 900w, https:\/\/julesverne.com.tr\/wp-content\/uploads\/2020\/09\/lizbon-500x333.jpg 500w, https:\/\/julesverne.com.tr\/wp-content\/uploads\/2020\/09\/lizbon-768x512.jpg 768w\" sizes=\"(max-width: 900px) 100vw, 900px\" \/><\/strong><\/p>\n<p class=\"MsoNormal\">Sarp tepelere yay\u0131lan Lizbon k&uuml;lt&uuml;rel ya\u015fam\u0131, &ccedil;ekicili\u011fi ve g&uuml;zelli\u011fi ile sadece Portekiz&#8217;in de\u011fil t&uuml;m Avrupa&#8217;n\u0131n insana enerji veren \u015fehirlerinin ba\u015f\u0131nda geliyor. Tarihi g&ouml;r&uuml;nt&uuml;s&uuml;n&uuml;n ard\u0131ndaki modern sanat, mutfak k&uuml;lt&uuml;r&uuml; ve tasar\u0131m noktalar\u0131 ile art\u0131k gezginlerin &#8220;g&ouml;rmeden olmaz&#8221; dedi\u011fi destinasyonlar aras\u0131na ald\u0131\u011f\u0131 Lizbon&#8217;u annenizle ke\u015ffedin. Bir ba\u015fkent olarak sakinli\u011fiyle \u015fa\u015f\u0131rtan Lizbon acelesi olmayan lokalleri ile sizi de bu sakinli\u011fe ortak ediyor. Pastaneleri ve kafelerinden ta\u015fan lezzetli kokular, hareketli barlar\u0131, Portekiz mutfa\u011f\u0131n\u0131n en iyilerini sunan restoranlar\u0131, \u015farap evleri, sanat galerileriyle &#8220;iyi ki geldim&#8221; dedirten bir \u015fehir.<\/p>\n<p class=\"MsoNormal\"><strong>BONUS:<\/strong><\/p>\n<p class=\"MsoNormal\"><strong>SHA Wellness Clinic Alicante, \u0130spanya<\/strong><\/p>\n<p class=\"MsoNormal\" style=\"text-align: center;\"><strong><img loading=\"lazy\" decoding=\"async\" class=\"alignnone size-full wp-image-3672\" src=\"https:\/\/www.julesverne.com.tr\/\/wp-content\/uploads\/2020\/09\/sha.jpg\" width=\"900\" height=\"600\" alt=\"sha wellness clinic\" srcset=\"https:\/\/julesverne.com.tr\/wp-content\/uploads\/2020\/09\/sha.jpg 900w, https:\/\/julesverne.com.tr\/wp-content\/uploads\/2020\/09\/sha-500x333.jpg 500w, https:\/\/julesverne.com.tr\/wp-content\/uploads\/2020\/09\/sha-768x512.jpg 768w\" sizes=\"(max-width: 900px) 100vw, 900px\" \/><\/strong><\/p>\n<p class=\"MsoNormal\">E\u011fer annenize sa\u011fl\u0131kl\u0131 ya\u015fam yolunda g&uuml;zel bir hediye vermek istiyorsan\u0131z SHA Wellness Clinic i&ccedil;in ara\u015ft\u0131rmalara ba\u015flay\u0131n. D&uuml;nyan\u0131n en iyi hava ko\u015fullar\u0131na sahip yerlerden biri olan Sierra Helada Do\u011fal Park\u0131 i&ccedil;erisinde a&ccedil;\u0131lan Sha Wellness Clinic, v&uuml;cudun ve ruhun dengelerini bulduran bir duyu d&uuml;nyas\u0131. Cond&eacute; Nast Johansens taraf\u0131ndan &#8220;Best Destination Spa 2017&#8221; &ouml;d&uuml;l&uuml;n&uuml; de alan sa\u011fl\u0131k klini\u011fi,<span style=\"mso-spacerun: yes;\">&nbsp; <\/span>Eski Do\u011fu felsefesi ise modern Bat\u0131 tekniklerini birle\u015ftiren tedavi ve uygulamalar\u0131 birle\u015ftiriyor.<\/p>\n<p class=\"MsoNormal\" style=\"text-align: center;\"><strong>Size &ouml;zel seyahat program\u0131 ve rezervasyon i&ccedil;in:<\/strong><br \/><a href=\"mailto:travel@julesverne.com.tr\" target=\"_blank\" rel=\"noopener noreferrer\"><strong>travel@julesverne.com.tr<\/strong><\/a><br \/><strong>0212 266 6363 &#8211; 118<\/strong><\/p>\n<\/p>\n<p><\/p>","protected":false},"excerpt":{"rendered":"<p>Hem sizin hem de anneniz i&ccedil;in g&uuml;zel bir hat\u0131ra olaca\u011f\u0131n\u0131 d&uuml;\u015f&uuml;nd&uuml;\u011f&uuml;m&uuml;z Anneler G&uuml;n&uuml; Seyahat &Ouml;nerileri:<\/p>\n","protected":false},"author":1,"featured_media":2110,"comment_status":"closed","ping_status":"closed","sticky":false,"template":"","format":"standard","meta":{"inline_featured_image":false,"footnotes":""},"categories":[38,1,39],"tags":[],"acf":[],"yoast_head":"<!-- This site is optimized with the Yoast SEO plugin v22.3 - https:\/\/yoast.com\/wordpress\/plugins\/seo\/ -->\n<title>Annenizle Yapabilece\u011finiz En G\u00fczel Seyahat \u00d6nerileri - JULES VERNE BUSINESS MICE TRAVEL<\/title>\n<meta name=\"description\" content=\"Annelerine deneyim hediye etmek ve daha \u00e7ok zaman ge\u00e7irmek isteyenler i\u00e7in ilham veren seyahat \u00f6nerileri haz\u0131rlad\u0131k.\" \/>\n<meta name=\"robots\" content=\"index, follow, max-snippet:-1, max-image-preview:large, max-video-preview:-1\" \/>\n<link rel=\"canonical\" href=\"https:\/\/julesverne.com.tr\/travel-blog\/annenizle-yapabileceginiz-en-guzel-seyahat-onerileri\/\" \/>\n<meta property=\"og:locale\" content=\"en_US\" \/>\n<meta property=\"og:type\" content=\"article\" \/>\n<meta property=\"og:title\" content=\"Annenizle Yapabilece\u011finiz En G\u00fczel Seyahat \u00d6nerileri - JULES VERNE BUSINESS MICE TRAVEL\" \/>\n<meta property=\"og:description\" content=\"Annelerine deneyim hediye etmek ve daha \u00e7ok zaman ge\u00e7irmek isteyenler i\u00e7in ilham veren seyahat \u00f6nerileri haz\u0131rlad\u0131k.\" \/>\n<meta property=\"og:url\" content=\"https:\/\/julesverne.com.tr\/travel-blog\/annenizle-yapabileceginiz-en-guzel-seyahat-onerileri\/\" \/>\n<meta property=\"og:site_name\" content=\"JULES VERNE BUSINESS MICE TRAVEL\" \/>\n<meta property=\"article:publisher\" content=\"https:\/\/www.facebook.com\/JulesVerneBusinessMiceTravel\/\" \/>\n<meta property=\"article:published_time\" content=\"2019-05-08T14:40:48+00:00\" \/>\n<meta property=\"article:modified_time\" content=\"2024-03-22T11:53:19+00:00\" \/>\n<meta property=\"og:image\" content=\"https:\/\/julesverne.com.tr\/wp-content\/uploads\/2020\/09\/budapeste.jpg\" \/>\n\t<meta property=\"og:image:width\" content=\"900\" \/>\n\t<meta property=\"og:image:height\" content=\"502\" \/>\n\t<meta property=\"og:image:type\" content=\"image\/jpeg\" \/>\n<meta name=\"author\" content=\"fikirman\" \/>\n<meta name=\"twitter:card\" content=\"summary_large_image\" \/>\n<meta name=\"twitter:creator\" content=\"@JV_BusinessMice\" \/>\n<meta name=\"twitter:site\" content=\"@JV_BusinessMice\" \/>\n<meta name=\"twitter:label1\" content=\"Written by\" \/>\n\t<meta name=\"twitter:data1\" content=\"fikirman\" \/>\n\t<meta name=\"twitter:label2\" content=\"Est. reading time\" \/>\n\t<meta name=\"twitter:data2\" content=\"10 minutes\" \/>\n<script type=\"application\/ld+json\" class=\"yoast-schema-graph\">{\"@context\":\"https:\/\/schema.org\",\"@graph\":[{\"@type\":\"Article\",\"@id\":\"https:\/\/julesverne.com.tr\/travel-blog\/annenizle-yapabileceginiz-en-guzel-seyahat-onerileri\/#article\",\"isPartOf\":{\"@id\":\"https:\/\/julesverne.com.tr\/travel-blog\/annenizle-yapabileceginiz-en-guzel-seyahat-onerileri\/\"},\"author\":{\"name\":\"fikirman\",\"@id\":\"https:\/\/julesverne.com.tr\/#\/schema\/person\/f4eb0514ae455538644c31b99a466fdb\"},\"headline\":\"Annenizle Yapabilece\u011finiz En G\u00fczel Seyahat \u00d6nerileri\",\"datePublished\":\"2019-05-08T14:40:48+00:00\",\"dateModified\":\"2024-03-22T11:53:19+00:00\",\"mainEntityOfPage\":{\"@id\":\"https:\/\/julesverne.com.tr\/travel-blog\/annenizle-yapabileceginiz-en-guzel-seyahat-onerileri\/\"},\"wordCount\":3608,\"publisher\":{\"@id\":\"https:\/\/julesverne.com.tr\/#organization\"},\"image\":{\"@id\":\"https:\/\/julesverne.com.tr\/travel-blog\/annenizle-yapabileceginiz-en-guzel-seyahat-onerileri\/#primaryimage\"},\"thumbnailUrl\":\"https:\/\/julesverne.com.tr\/wp-content\/uploads\/2020\/09\/budapeste.jpg\",\"articleSection\":[\"\u0130lham Veren Destinasyonlar\",\"Blog\",\"Nereye Gitsek?\"],\"inLanguage\":\"en-US\"},{\"@type\":\"WebPage\",\"@id\":\"https:\/\/julesverne.com.tr\/travel-blog\/annenizle-yapabileceginiz-en-guzel-seyahat-onerileri\/\",\"url\":\"https:\/\/julesverne.com.tr\/travel-blog\/annenizle-yapabileceginiz-en-guzel-seyahat-onerileri\/\",\"name\":\"Annenizle Yapabilece\u011finiz En G\u00fczel Seyahat \u00d6nerileri - JULES VERNE BUSINESS MICE TRAVEL\",\"isPartOf\":{\"@id\":\"https:\/\/julesverne.com.tr\/#website\"},\"primaryImageOfPage\":{\"@id\":\"https:\/\/julesverne.com.tr\/travel-blog\/annenizle-yapabileceginiz-en-guzel-seyahat-onerileri\/#primaryimage\"},\"image\":{\"@id\":\"https:\/\/julesverne.com.tr\/travel-blog\/annenizle-yapabileceginiz-en-guzel-seyahat-onerileri\/#primaryimage\"},\"thumbnailUrl\":\"https:\/\/julesverne.com.tr\/wp-content\/uploads\/2020\/09\/budapeste.jpg\",\"datePublished\":\"2019-05-08T14:40:48+00:00\",\"dateModified\":\"2024-03-22T11:53:19+00:00\",\"description\":\"Annelerine deneyim hediye etmek ve daha \u00e7ok zaman ge\u00e7irmek isteyenler i\u00e7in ilham veren seyahat \u00f6nerileri haz\u0131rlad\u0131k.\",\"breadcrumb\":{\"@id\":\"https:\/\/julesverne.com.tr\/travel-blog\/annenizle-yapabileceginiz-en-guzel-seyahat-onerileri\/#breadcrumb\"},\"inLanguage\":\"en-US\",\"potentialAction\":[{\"@type\":\"ReadAction\",\"target\":[\"https:\/\/julesverne.com.tr\/travel-blog\/annenizle-yapabileceginiz-en-guzel-seyahat-onerileri\/\"]}]},{\"@type\":\"ImageObject\",\"inLanguage\":\"en-US\",\"@id\":\"https:\/\/julesverne.com.tr\/travel-blog\/annenizle-yapabileceginiz-en-guzel-seyahat-onerileri\/#primaryimage\",\"url\":\"https:\/\/julesverne.com.tr\/wp-content\/uploads\/2020\/09\/budapeste.jpg\",\"contentUrl\":\"https:\/\/julesverne.com.tr\/wp-content\/uploads\/2020\/09\/budapeste.jpg\",\"width\":900,\"height\":502},{\"@type\":\"BreadcrumbList\",\"@id\":\"https:\/\/julesverne.com.tr\/travel-blog\/annenizle-yapabileceginiz-en-guzel-seyahat-onerileri\/#breadcrumb\",\"itemListElement\":[{\"@type\":\"ListItem\",\"position\":1,\"name\":\"Anasayfa\",\"item\":\"https:\/\/julesverne.com.tr\/\"},{\"@type\":\"ListItem\",\"position\":2,\"name\":\"Annenizle Yapabilece\u011finiz En G\u00fczel Seyahat \u00d6nerileri\"}]},{\"@type\":\"WebSite\",\"@id\":\"https:\/\/julesverne.com.tr\/#website\",\"url\":\"https:\/\/julesverne.com.tr\/\",\"name\":\"JULES VERNE BUSINESS MICE TRAVEL\",\"description\":\"\",\"publisher\":{\"@id\":\"https:\/\/julesverne.com.tr\/#organization\"},\"potentialAction\":[{\"@type\":\"SearchAction\",\"target\":{\"@type\":\"EntryPoint\",\"urlTemplate\":\"https:\/\/julesverne.com.tr\/?s={search_term_string}\"},\"query-input\":\"required name=search_term_string\"}],\"inLanguage\":\"en-US\"},{\"@type\":\"Organization\",\"@id\":\"https:\/\/julesverne.com.tr\/#organization\",\"name\":\"JULES VERNE BUSINESS MICE TRAVEL\",\"url\":\"https:\/\/julesverne.com.tr\/\",\"logo\":{\"@type\":\"ImageObject\",\"inLanguage\":\"en-US\",\"@id\":\"https:\/\/julesverne.com.tr\/#\/schema\/logo\/image\/\",\"url\":\"https:\/\/julesverne.com.tr\/wp-content\/uploads\/2020\/09\/jv-bmt-logo.png\",\"contentUrl\":\"https:\/\/julesverne.com.tr\/wp-content\/uploads\/2020\/09\/jv-bmt-logo.png\",\"width\":110,\"height\":81,\"caption\":\"JULES VERNE BUSINESS MICE TRAVEL\"},\"image\":{\"@id\":\"https:\/\/julesverne.com.tr\/#\/schema\/logo\/image\/\"},\"sameAs\":[\"https:\/\/www.facebook.com\/JulesVerneBusinessMiceTravel\/\",\"https:\/\/twitter.com\/JV_BusinessMice\",\"https:\/\/www.instagram.com\/julesvernebusinessmicetravel\/\",\"https:\/\/www.linkedin.com\/company\/julesvernebusinessmicetravel\/\",\"https:\/\/www.youtube.com\/channel\/UCAwdsmbZ6tFhu1tea6pkpiw\"]},{\"@type\":\"Person\",\"@id\":\"https:\/\/julesverne.com.tr\/#\/schema\/person\/f4eb0514ae455538644c31b99a466fdb\",\"name\":\"fikirman\",\"sameAs\":[\"http:\/\/advermedya.net\/julesverne\"],\"url\":\"https:\/\/julesverne.com.tr\/en\/author\/fikirman\/\"}]}<\/script>\n<!-- \/ Yoast SEO plugin. -->","yoast_head_json":{"title":"Annenizle Yapabilece\u011finiz En G\u00fczel Seyahat \u00d6nerileri - JULES VERNE BUSINESS MICE TRAVEL","description":"Annelerine deneyim hediye etmek ve daha \u00e7ok zaman ge\u00e7irmek isteyenler i\u00e7in ilham veren seyahat \u00f6nerileri haz\u0131rlad\u0131k.","robots":{"index":"index","follow":"follow","max-snippet":"max-snippet:-1","max-image-preview":"max-image-preview:large","max-video-preview":"max-video-preview:-1"},"canonical":"https:\/\/julesverne.com.tr\/travel-blog\/annenizle-yapabileceginiz-en-guzel-seyahat-onerileri\/","og_locale":"en_US","og_type":"article","og_title":"Annenizle Yapabilece\u011finiz En G\u00fczel Seyahat \u00d6nerileri - JULES VERNE BUSINESS MICE TRAVEL","og_description":"Annelerine deneyim hediye etmek ve daha \u00e7ok zaman ge\u00e7irmek isteyenler i\u00e7in ilham veren seyahat \u00f6nerileri haz\u0131rlad\u0131k.","og_url":"https:\/\/julesverne.com.tr\/travel-blog\/annenizle-yapabileceginiz-en-guzel-seyahat-onerileri\/","og_site_name":"JULES VERNE BUSINESS MICE TRAVEL","article_publisher":"https:\/\/www.facebook.com\/JulesVerneBusinessMiceTravel\/","article_published_time":"2019-05-08T14:40:48+00:00","article_modified_time":"2024-03-22T11:53:19+00:00","og_image":[{"width":900,"height":502,"url":"https:\/\/julesverne.com.tr\/wp-content\/uploads\/2020\/09\/budapeste.jpg","type":"image\/jpeg"}],"author":"fikirman","twitter_card":"summary_large_image","twitter_creator":"@JV_BusinessMice","twitter_site":"@JV_BusinessMice","twitter_misc":{"Written by":"fikirman","Est. reading time":"10 minutes"},"schema":{"@context":"https:\/\/schema.org","@graph":[{"@type":"Article","@id":"https:\/\/julesverne.com.tr\/travel-blog\/annenizle-yapabileceginiz-en-guzel-seyahat-onerileri\/#article","isPartOf":{"@id":"https:\/\/julesverne.com.tr\/travel-blog\/annenizle-yapabileceginiz-en-guzel-seyahat-onerileri\/"},"author":{"name":"fikirman","@id":"https:\/\/julesverne.com.tr\/#\/schema\/person\/f4eb0514ae455538644c31b99a466fdb"},"headline":"Annenizle Yapabilece\u011finiz En G\u00fczel Seyahat \u00d6nerileri","datePublished":"2019-05-08T14:40:48+00:00","dateModified":"2024-03-22T11:53:19+00:00","mainEntityOfPage":{"@id":"https:\/\/julesverne.com.tr\/travel-blog\/annenizle-yapabileceginiz-en-guzel-seyahat-onerileri\/"},"wordCount":3608,"publisher":{"@id":"https:\/\/julesverne.com.tr\/#organization"},"image":{"@id":"https:\/\/julesverne.com.tr\/travel-blog\/annenizle-yapabileceginiz-en-guzel-seyahat-onerileri\/#primaryimage"},"thumbnailUrl":"https:\/\/julesverne.com.tr\/wp-content\/uploads\/2020\/09\/budapeste.jpg","articleSection":["\u0130lham Veren Destinasyonlar","Blog","Nereye Gitsek?"],"inLanguage":"en-US"},{"@type":"WebPage","@id":"https:\/\/julesverne.com.tr\/travel-blog\/annenizle-yapabileceginiz-en-guzel-seyahat-onerileri\/","url":"https:\/\/julesverne.com.tr\/travel-blog\/annenizle-yapabileceginiz-en-guzel-seyahat-onerileri\/","name":"Annenizle Yapabilece\u011finiz En G\u00fczel Seyahat \u00d6nerileri - JULES VERNE BUSINESS MICE TRAVEL","isPartOf":{"@id":"https:\/\/julesverne.com.tr\/#website"},"primaryImageOfPage":{"@id":"https:\/\/julesverne.com.tr\/travel-blog\/annenizle-yapabileceginiz-en-guzel-seyahat-onerileri\/#primaryimage"},"image":{"@id":"https:\/\/julesverne.com.tr\/travel-blog\/annenizle-yapabileceginiz-en-guzel-seyahat-onerileri\/#primaryimage"},"thumbnailUrl":"https:\/\/julesverne.com.tr\/wp-content\/uploads\/2020\/09\/budapeste.jpg","datePublished":"2019-05-08T14:40:48+00:00","dateModified":"2024-03-22T11:53:19+00:00","description":"Annelerine deneyim hediye etmek ve daha \u00e7ok zaman ge\u00e7irmek isteyenler i\u00e7in ilham veren seyahat \u00f6nerileri haz\u0131rlad\u0131k.","breadcrumb":{"@id":"https:\/\/julesverne.com.tr\/travel-blog\/annenizle-yapabileceginiz-en-guzel-seyahat-onerileri\/#breadcrumb"},"inLanguage":"en-US","potentialAction":[{"@type":"ReadAction","target":["https:\/\/julesverne.com.tr\/travel-blog\/annenizle-yapabileceginiz-en-guzel-seyahat-onerileri\/"]}]},{"@type":"ImageObject","inLanguage":"en-US","@id":"https:\/\/julesverne.com.tr\/travel-blog\/annenizle-yapabileceginiz-en-guzel-seyahat-onerileri\/#primaryimage","url":"https:\/\/julesverne.com.tr\/wp-content\/uploads\/2020\/09\/budapeste.jpg","contentUrl":"https:\/\/julesverne.com.tr\/wp-content\/uploads\/2020\/09\/budapeste.jpg","width":900,"height":502},{"@type":"BreadcrumbList","@id":"https:\/\/julesverne.com.tr\/travel-blog\/annenizle-yapabileceginiz-en-guzel-seyahat-onerileri\/#breadcrumb","itemListElement":[{"@type":"ListItem","position":1,"name":"Anasayfa","item":"https:\/\/julesverne.com.tr\/"},{"@type":"ListItem","position":2,"name":"Annenizle Yapabilece\u011finiz En G\u00fczel Seyahat \u00d6nerileri"}]},{"@type":"WebSite","@id":"https:\/\/julesverne.com.tr\/#website","url":"https:\/\/julesverne.com.tr\/","name":"JULES VERNE BUSINESS MICE TRAVEL","description":"","publisher":{"@id":"https:\/\/julesverne.com.tr\/#organization"},"potentialAction":[{"@type":"SearchAction","target":{"@type":"EntryPoint","urlTemplate":"https:\/\/julesverne.com.tr\/?s={search_term_string}"},"query-input":"required name=search_term_string"}],"inLanguage":"en-US"},{"@type":"Organization","@id":"https:\/\/julesverne.com.tr\/#organization","name":"JULES VERNE BUSINESS MICE TRAVEL","url":"https:\/\/julesverne.com.tr\/","logo":{"@type":"ImageObject","inLanguage":"en-US","@id":"https:\/\/julesverne.com.tr\/#\/schema\/logo\/image\/","url":"https:\/\/julesverne.com.tr\/wp-content\/uploads\/2020\/09\/jv-bmt-logo.png","contentUrl":"https:\/\/julesverne.com.tr\/wp-content\/uploads\/2020\/09\/jv-bmt-logo.png","width":110,"height":81,"caption":"JULES VERNE BUSINESS MICE TRAVEL"},"image":{"@id":"https:\/\/julesverne.com.tr\/#\/schema\/logo\/image\/"},"sameAs":["https:\/\/www.facebook.com\/JulesVerneBusinessMiceTravel\/","https:\/\/twitter.com\/JV_BusinessMice","https:\/\/www.instagram.com\/julesvernebusinessmicetravel\/","https:\/\/www.linkedin.com\/company\/julesvernebusinessmicetravel\/","https:\/\/www.youtube.com\/channel\/UCAwdsmbZ6tFhu1tea6pkpiw"]},{"@type":"Person","@id":"https:\/\/julesverne.com.tr\/#\/schema\/person\/f4eb0514ae455538644c31b99a466fdb","name":"fikirman","sameAs":["http:\/\/advermedya.net\/julesverne"],"url":"https:\/\/julesverne.com.tr\/en\/author\/fikirman\/"}]}},"_links":{"self":[{"href":"https:\/\/julesverne.com.tr\/en\/wp-json\/wp\/v2\/posts\/2109"}],"collection":[{"href":"https:\/\/julesverne.com.tr\/en\/wp-json\/wp\/v2\/posts"}],"about":[{"href":"https:\/\/julesverne.com.tr\/en\/wp-json\/wp\/v2\/types\/post"}],"author":[{"embeddable":true,"href":"https:\/\/julesverne.com.tr\/en\/wp-json\/wp\/v2\/users\/1"}],"replies":[{"embeddable":true,"href":"https:\/\/julesverne.com.tr\/en\/wp-json\/wp\/v2\/comments?post=2109"}],"version-history":[{"count":1,"href":"https:\/\/julesverne.com.tr\/en\/wp-json\/wp\/v2\/posts\/2109\/revisions"}],"predecessor-version":[{"id":17034,"href":"https:\/\/julesverne.com.tr\/en\/wp-json\/wp\/v2\/posts\/2109\/revisions\/17034"}],"wp:featuredmedia":[{"embeddable":true,"href":"https:\/\/julesverne.com.tr\/en\/wp-json\/wp\/v2\/media\/2110"}],"wp:attachment":[{"href":"https:\/\/julesverne.com.tr\/en\/wp-json\/wp\/v2\/media?parent=2109"}],"wp:term":[{"taxonomy":"category","embeddable":true,"href":"https:\/\/julesverne.com.tr\/en\/wp-json\/wp\/v2\/categories?post=2109"},{"taxonomy":"post_tag","embeddable":true,"href":"https:\/\/julesverne.com.tr\/en\/wp-json\/wp\/v2\/tags?post=2109"}],"curies":[{"name":"wp","href":"https:\/\/api.w.org\/{rel}","templated":true}]}}