{"id":2107,"date":"2019-04-29T17:42:08","date_gmt":"2019-04-29T14:42:08","guid":{"rendered":"https:\/\/www.julesverne.com.tr\/\/blog\/mayis-ayinin-en-keyifli-destinasyonlari\/"},"modified":"2024-03-22T15:03:07","modified_gmt":"2024-03-22T12:03:07","slug":"mayis-ayinin-en-keyifli-destinasyonlari","status":"publish","type":"post","link":"https:\/\/julesverne.com.tr\/en\/travel-blog\/mayis-ayinin-en-keyifli-destinasyonlari\/","title":{"rendered":"May\u0131s Ay\u0131n\u0131n En Keyifli Destinasyonlar\u0131"},"content":{"rendered":"<p><\/p>\n<p><p style=\"text-align: center;\"><img loading=\"lazy\" decoding=\"async\" class=\"alignnone size-full wp-image-3674\" src=\"https:\/\/www.julesverne.com.tr\/\/wp-content\/uploads\/2020\/09\/french_riviera_kapak-1.jpg\" width=\"900\" height=\"600\" alt=\"french riviera \" srcset=\"https:\/\/julesverne.com.tr\/wp-content\/uploads\/2020\/09\/french_riviera_kapak-1.jpg 900w, https:\/\/julesverne.com.tr\/wp-content\/uploads\/2020\/09\/french_riviera_kapak-1-500x333.jpg 500w, https:\/\/julesverne.com.tr\/wp-content\/uploads\/2020\/09\/french_riviera_kapak-1-768x512.jpg 768w\" sizes=\"(max-width: 900px) 100vw, 900px\" \/><\/p>\n<p>Bir sonraki gezinize karar vermenin pek kolay olmad\u0131\u011f\u0131n\u0131 tahmin edebiliyoruz, bu y&uuml;zden May\u0131s ay\u0131 seyahatlerinize ilham verecek &ouml;nerileri payla\u015fmak istedik. K\u0131\u015f mevsimini tamamen arkam\u0131zda b\u0131rakt\u0131\u011f\u0131m\u0131z Kuzey yar\u0131mk&uuml;rede bahar havas\u0131 eserken, G&uuml;ney yar\u0131mk&uuml;rede ise havalar so\u011fumadan &ouml;nceki en keyifli zamanlar ya\u015fan\u0131yor. &#8220;May\u0131s ay\u0131nda nereye gidilir?&#8221; diyorsan\u0131z Madrid&rsquo;den Frans\u0131z Rivieras\u0131&rsquo;na, Peru&rsquo;dan Sicilya&rsquo;ya, Botsvana&rsquo;dan M&uuml;nih&rsquo;e May\u0131s ay\u0131n\u0131n en keyifli destinasyonlar\u0131!<\/p>\n<p><strong>Stockholm, \u0130sve&ccedil;<\/strong><\/p>\n<p style=\"text-align: center;\"><strong><img loading=\"lazy\" decoding=\"async\" class=\"alignnone size-full wp-image-3675\" src=\"https:\/\/www.julesverne.com.tr\/\/wp-content\/uploads\/2020\/09\/stockholm.jpg\" width=\"900\" height=\"590\" alt=\"stockholm\" srcset=\"https:\/\/julesverne.com.tr\/wp-content\/uploads\/2020\/09\/stockholm.jpg 900w, https:\/\/julesverne.com.tr\/wp-content\/uploads\/2020\/09\/stockholm-500x328.jpg 500w, https:\/\/julesverne.com.tr\/wp-content\/uploads\/2020\/09\/stockholm-768x503.jpg 768w\" sizes=\"(max-width: 900px) 100vw, 900px\" \/><\/strong><\/p>\n<p>14 adadan ve adalar\u0131 birbirine ba\u011flayan 50 k&ouml;pr&uuml;den olu\u015fan Stockholm, Balt\u0131k Denizi&#8217;nin kar\u015f\u0131s\u0131nda modernli\u011fi ve gelenekleri ayn\u0131 potada eritebilen, ruhunuzu a&ccedil;an bir \u015fehir. M&uuml;zeleri, tasar\u0131m d&uuml;kk&acirc;nlar\u0131, sanat galerileriyle \u015fehrin zengin tarihine h\u0131zl\u0131 bir giri\u015f yapabilirsiniz. Her ne kadar Gamla Stan \u015fehrin tarihi merkezi olsa da Stockholm&#8217;&uuml;n her adas\u0131 farkl\u0131 bir tablo sunuyor. Her adan\u0131n kendine has bir atmosferi oldu\u011funu ve tek \u015fehirde birden &ccedil;ok deneyim ya\u015fayaca\u011f\u0131n\u0131za \u015f&uuml;pheniz olmas\u0131n. Avrupa \u015fehrinden &ccedil;ok \u0130skandinav k&uuml;lt&uuml;r&uuml;yle yo\u011frulan Stockholm&#8217;&uuml; y&uuml;r&uuml;yerek ke\u015ffetmenin hazz\u0131n\u0131 ya\u015famak i&ccedil;in May\u0131s ay\u0131 ideal!<\/p>\n<p><strong>Frans\u0131z Rivieras\u0131, Fransa &amp; Monaco<\/strong><\/p>\n<p style=\"text-align: center;\"><strong><img loading=\"lazy\" decoding=\"async\" class=\"alignnone size-full wp-image-3676\" src=\"https:\/\/www.julesverne.com.tr\/\/wp-content\/uploads\/2020\/09\/french_riviera_monaco.jpg\" width=\"900\" height=\"525\" alt=\"french riviera monaco\" srcset=\"https:\/\/julesverne.com.tr\/wp-content\/uploads\/2020\/09\/french_riviera_monaco.jpg 900w, https:\/\/julesverne.com.tr\/wp-content\/uploads\/2020\/09\/french_riviera_monaco-500x292.jpg 500w, https:\/\/julesverne.com.tr\/wp-content\/uploads\/2020\/09\/french_riviera_monaco-768x448.jpg 768w\" sizes=\"(max-width: 900px) 100vw, 900px\" \/><\/strong><\/p>\n<p>\u0130ster C&ocirc;te d&rsquo;Azur isterseniz Frans\u0131z Rivieras\u0131 deyin, sonu&ccedil; ayn\u0131: arad\u0131\u011f\u0131n\u0131z cennet Avrupa k\u0131y\u0131lar\u0131nda&#8230; Akdeniz ye\u015filinin ve mavisinin c&ouml;mertli\u011finde, k\u0131vr\u0131ml\u0131 yollar\u0131yla devam eden sahil \u015feridi St. Ttopez, Cannes, Nice gibi g&ouml;steri\u015fli \u015fehirleri; Monaco gibi zarif &uuml;lkesi ve Grasse, Menton, Eze gibi kendine has dokular\u0131 olan kasabalar\u0131yla &uuml;nl&uuml; ressamlar\u0131n tablolar\u0131ndan farks\u0131z. Deniz kokusu ve Akdeniz g&uuml;ne\u015fi e\u015fli\u011finde yollarda ilerlerken yol arkada\u015flar\u0131n\u0131z Belle Epoque d&ouml;neminden kalan mimariler, tarihi ta\u015f evlerle &ouml;r&uuml;l&uuml; tepe k&ouml;yleri, ihti\u015faml\u0131 caddeler, ufuk a&ccedil;an m&uuml;zeler olacak.<\/p>\n<p><strong>M&uuml;nih, Almanya<\/strong><\/p>\n<p style=\"text-align: center;\"><strong><img loading=\"lazy\" decoding=\"async\" class=\"alignnone size-full wp-image-3677\" src=\"https:\/\/www.julesverne.com.tr\/\/wp-content\/uploads\/2020\/09\/munih.jpg\" width=\"900\" height=\"595\" alt=\"m&uuml;nih\" srcset=\"https:\/\/julesverne.com.tr\/wp-content\/uploads\/2020\/09\/munih.jpg 900w, https:\/\/julesverne.com.tr\/wp-content\/uploads\/2020\/09\/munih-500x331.jpg 500w, https:\/\/julesverne.com.tr\/wp-content\/uploads\/2020\/09\/munih-768x508.jpg 768w\" sizes=\"(max-width: 900px) 100vw, 900px\" \/><\/strong><\/p>\n<p>M&uuml;nih&#8217;te Nisan ya\u011fmurlar\u0131 yerini May\u0131s ay\u0131nda g&uuml;ne\u015fli g&uuml;nlere ve bolca e\u011flenceye b\u0131rak\u0131yor. &#8220;Oktoberfest&#8217;in karde\u015fi&#8221; olarak an\u0131lan Fr&uuml;hlingsfest, \u015fehir merkezinde M&uuml;nih&#8217;i yeniden festival havas\u0131na b&uuml;r&uuml;nd&uuml;r&uuml;yor. Oktoberfest&#8217;e nazaran daha k&uuml;&ccedil;&uuml;k ve daha lokal bir festival olan Fr&uuml;hlingsfest 1965 y\u0131l\u0131ndan beri d&uuml;zenlenen, e\u011flenceli bir ilkbahar bira etkinli\u011fi asl\u0131nda. Bu y\u0131l 26 Nisan-12 May\u0131s tarihleri aras\u0131nda ger&ccedil;ekle\u015fiyor. Bavyera mutfa\u011f\u0131n\u0131n en zengin ve renkli oldu\u011fu bahar d&ouml;neminde M&uuml;nih&#8217;i y&uuml;r&uuml;yerek dola\u015fman\u0131n keyfini &ccedil;\u0131karabilirsiniz. M&uuml;zeleri, tasar\u0131m ma\u011fazalar\u0131, butikleri, sanat galerileri ve iddial\u0131 restoranlar\u0131yla tam bir Avrupa \u015fehri.<\/p>\n<p><strong>Sicilya, \u0130talya<\/strong><\/p>\n<p style=\"text-align: center;\"><strong><img loading=\"lazy\" decoding=\"async\" class=\"alignnone size-full wp-image-3678\" src=\"https:\/\/www.julesverne.com.tr\/\/wp-content\/uploads\/2020\/09\/sicilya.jpg\" width=\"900\" height=\"706\" alt=\"sicilya\" srcset=\"https:\/\/julesverne.com.tr\/wp-content\/uploads\/2020\/09\/sicilya.jpg 900w, https:\/\/julesverne.com.tr\/wp-content\/uploads\/2020\/09\/sicilya-500x392.jpg 500w, https:\/\/julesverne.com.tr\/wp-content\/uploads\/2020\/09\/sicilya-768x602.jpg 768w\" sizes=\"(max-width: 900px) 100vw, 900px\" \/><\/strong><\/p>\n<p>Y&uuml;ksek s\u0131cakl\u0131klar\u0131 ve kalabal\u0131\u011f\u0131 sevmeyen gezginler i&ccedil;in bahar aylar\u0131 Sicilya&#8217;n\u0131n cennet kap\u0131lar\u0131n\u0131 aralamak i&ccedil;in harika bir zamanlama! Akdeniz&#8217;in en b&uuml;y&uuml;k adas\u0131, \u0130talya&#8217;n\u0131n tarihi roman\u0131 gibi&#8230; Tap\u0131naklar\u0131 ve tiyatrolar\u0131yla antik d&uuml;nyan\u0131n kap\u0131lar\u0131n\u0131 aralayan; Etna Yanarda\u011f\u0131&#8217;n\u0131n heybetiyle parlayan; Barok mimarisine ait saraylar\u0131, harika manzaralara sahip kasabalar\u0131yla g&ouml;rsel \u015f&ouml;len sunan bir adadan bahsediyoruz. Leziz Sicilya mutfa\u011f\u0131 tatlar\u0131n, iddial\u0131 yerel \u015faraplar\u0131n, kartpostal\u0131 and\u0131ran bakir koylar\u0131n adresi ayn\u0131 zamanda. Avrupa ve Afrika aras\u0131nda bir kav\u015fak g&ouml;revi g&ouml;ren Sicilya sizi, bir a&ccedil;\u0131k hava m&uuml;zesine davet ediyor.<\/p>\n<p><strong>Paris, Fransa<\/strong><\/p>\n<p style=\"text-align: center;\"><strong><img loading=\"lazy\" decoding=\"async\" class=\"alignnone size-full wp-image-3679\" src=\"https:\/\/www.julesverne.com.tr\/\/wp-content\/uploads\/2020\/09\/paris-1.jpg\" width=\"900\" height=\"600\" alt=\"paris \" srcset=\"https:\/\/julesverne.com.tr\/wp-content\/uploads\/2020\/09\/paris-1.jpg 900w, https:\/\/julesverne.com.tr\/wp-content\/uploads\/2020\/09\/paris-1-500x333.jpg 500w, https:\/\/julesverne.com.tr\/wp-content\/uploads\/2020\/09\/paris-1-768x512.jpg 768w\" sizes=\"(max-width: 900px) 100vw, 900px\" \/><\/strong><\/p>\n<p>I\u015f\u0131klar\u0131n \u015fehri Paris&#8217;i sevmek i&ccedil;in &ouml;zel bir mevsime ihtiyac\u0131n\u0131z yok elbette&#8230; En so\u011fuk ve gri havalarda bile kendini sevdirecek bir g&uuml;zelli\u011fi var bu \u015fehrin! Ancak s&ouml;z konusu baharsa ve aylardan May\u0131s ise t&uuml;m do\u011fan\u0131n uyand\u0131\u011f\u0131, parklar\u0131n dolup ta\u015ft\u0131\u011f\u0131, sanat etkinliklerinin h\u0131z kesmeden devam etti\u011fi bir d&ouml;neme ad\u0131m att\u0131\u011f\u0131n\u0131z\u0131n i\u015faretidir. Seine Nehri &uuml;zerinde yapaca\u011f\u0131n\u0131z bir ak\u015fam gezintisi; Jardin du Luxembourg, Jardin d&#8217;Acclimatation, Jardin des Tuileries ve Jardin des Plantes&#8217;da yapaca\u011f\u0131n\u0131z keyifler, Canal St-Martin&#8217;in lokal ruhu size enerji verecek. Son olarak, 16-27 May\u0131s tarihlerinde ger&ccedil;ekle\u015fecek Saint-Germain-des-Pr&eacute;s Jazz Festivali&rsquo;nin \u015fehri m&uuml;zi\u011fe bo\u011faca\u011f\u0131n\u0131 da ekleyelim.<\/p>\n<p><strong>Botsvana&nbsp;<\/strong><\/p>\n<p style=\"text-align: center;\"><strong><img loading=\"lazy\" decoding=\"async\" class=\"alignnone size-full wp-image-3680\" src=\"https:\/\/www.julesverne.com.tr\/\/wp-content\/uploads\/2020\/09\/botswana.jpg\" width=\"900\" height=\"600\" alt=\"Botsvana safari\" srcset=\"https:\/\/julesverne.com.tr\/wp-content\/uploads\/2020\/09\/botswana.jpg 900w, https:\/\/julesverne.com.tr\/wp-content\/uploads\/2020\/09\/botswana-500x333.jpg 500w, https:\/\/julesverne.com.tr\/wp-content\/uploads\/2020\/09\/botswana-768x512.jpg 768w\" sizes=\"(max-width: 900px) 100vw, 900px\" \/><\/strong><\/p>\n<p>Afrika&#8217;n\u0131n gizli kalm\u0131\u015f cenneti Botswana, ba\u011f\u0131ms\u0131zl\u0131\u011f\u0131n\u0131 ilan ettikten hemen sonra bulunan elmas madenleri sayesinde Afrika&#8217;n\u0131n en zengin ve iyi y&ouml;netilen &uuml;lkelerinden biri olmu\u015f. &Uuml;lke topraklar\u0131n\u0131n b&uuml;y&uuml;k bir b&ouml;l&uuml;m&uuml; vah\u015fi hayat\u0131 koruma alan\u0131 olarak ayr\u0131lm\u0131\u015f. &Ccedil;ok iyi y&ouml;netilen turistik organizasyonlar ve &uuml;lkenin az say\u0131da turist ve otel politikas\u0131 sayesinde, Afrika&#8217;n\u0131n en iyi korunmu\u015f ve bozulmam\u0131\u015f safari b&ouml;lgesi olmay\u0131 da hak etmi\u015f. Y&uuml;zlerce canl\u0131 t&uuml;r&uuml; ve y&uuml;ksek say\u0131daki fil s&uuml;r&uuml;leri ile &uuml;nl&uuml; Chobe Milli Park\u0131nda tahmininizden de keyifli bir safari deneyimi m&uuml;mk&uuml;n. Neredeyse ya\u011f\u0131\u015f\u0131n hi&ccedil; olmad\u0131\u011f\u0131 May\u0131s ay\u0131nda, sulak alanlar kurudu\u011fu i&ccedil;in hayvanlar kal\u0131c\u0131 su kaynaklar\u0131na do\u011fru y&ouml;neliyorlar. Bu da, Chobe Nehri ve Okavango Deltas\u0131&#8217;na giden hayvan s&uuml;r&uuml;lerini g&ouml;rebilece\u011finiz en &ouml;zel zamanlar demek!<\/p>\n<p><strong>Tel Aviv, \u0130srail<\/strong><\/p>\n<p style=\"text-align: center;\"><strong><img loading=\"lazy\" decoding=\"async\" class=\"alignnone size-full wp-image-3681\" src=\"https:\/\/www.julesverne.com.tr\/\/wp-content\/uploads\/2020\/09\/tel_aviv.jpg\" width=\"900\" height=\"675\" alt=\"tel aviv\" srcset=\"https:\/\/julesverne.com.tr\/wp-content\/uploads\/2020\/09\/tel_aviv.jpg 900w, https:\/\/julesverne.com.tr\/wp-content\/uploads\/2020\/09\/tel_aviv-500x375.jpg 500w, https:\/\/julesverne.com.tr\/wp-content\/uploads\/2020\/09\/tel_aviv-768x576.jpg 768w\" sizes=\"(max-width: 900px) 100vw, 900px\" \/><\/strong><\/p>\n<p>Enerjik, renkli ve hatta hedonist bir \u015fehir olan Tel Aviv&#8217;i ke\u015ffetmek i&ccedil;in zaman\u0131 ertelemeyin! Harika bir kafe k&uuml;lt&uuml;r&uuml;, s\u0131n\u0131rs\u0131z e\u011flence anlay\u0131\u015f\u0131 ve etkileyici mahallelerle &ccedil;evrili olan Tel Aviv, 1909 y\u0131l\u0131nda kurularak d&uuml;nyan\u0131n en gen&ccedil; \u015fehirleri listesinde de yerini koruyor. \u0130srail&#8217;in her ge&ccedil;en g&uuml;n b&uuml;y&uuml;yen ve geli\u015fen \u015fehri Tel Aviv, hem bir yuva gibi s\u0131cak hem de bir metropole yak\u0131\u015fan dinamizme sahip. Bir yanda g&ouml;kdelenlerin parlayan manzaras\u0131 di\u011fer yanda tarihi sokaklar\u0131yla ge&ccedil;mi\u015fi unutmadan gelece\u011fe h\u0131zl\u0131 ad\u0131mlarla ilerliyor. Bauhaus mimarisindeki &ccedil;arp\u0131c\u0131 binalar\u0131, etkinliklerin h\u0131z kesmedi\u011fi tiyatro ve konser salonlar\u0131, her k&ouml;\u015fede kar\u015f\u0131n\u0131za &ccedil;\u0131kan, Instagram payla\u015f\u0131mlar\u0131na lay\u0131k kafeleri ve elbette gece hayat\u0131yla &ouml;zellikle gen&ccedil; gezginlerin radar\u0131nda.<\/p>\n<p><strong>Madrid, \u0130spanya<\/strong><\/p>\n<p style=\"text-align: center;\"><strong><img loading=\"lazy\" decoding=\"async\" class=\"alignnone size-full wp-image-3682\" src=\"https:\/\/www.julesverne.com.tr\/\/wp-content\/uploads\/2020\/09\/madrid-1.jpg\" width=\"900\" height=\"600\" alt=\"madrid\" srcset=\"https:\/\/julesverne.com.tr\/wp-content\/uploads\/2020\/09\/madrid-1.jpg 900w, https:\/\/julesverne.com.tr\/wp-content\/uploads\/2020\/09\/madrid-1-500x333.jpg 500w, https:\/\/julesverne.com.tr\/wp-content\/uploads\/2020\/09\/madrid-1-768x512.jpg 768w\" sizes=\"(max-width: 900px) 100vw, 900px\" \/><\/strong><\/p>\n<p>\u0130spanya&#8217;n\u0131n en karakterli \u015fehri Madrid i&ccedil;in May\u0131s ay\u0131, yaz s\u0131caklar\u0131 ba\u015flamadan &ouml;nce sokaklar\u0131nda kaybolmak, parklar\u0131nda g&uuml;ne\u015fin tad\u0131n\u0131 &ccedil;\u0131karmak anlam\u0131na geliyor. Barok mimarinin g&uuml;zellemelerini sunan bulvarlar\u0131ndan l&uuml;ks Salamanca semtine, yarat\u0131c\u0131l\u0131\u011f\u0131yla fark yaratan Malasa&ntilde;a semtinden &ccedil;arp\u0131c\u0131 mimarilerine kadar Madrid her sayfas\u0131n\u0131 heyecanla okuyaca\u011f\u0131n\u0131z bir roman gibi. Evet, belki Gaudi&#8217;nin &uuml;nl&uuml; mimari yap\u0131lar\u0131 yok ama burada Juan de Villanueva&#8217;n\u0131n temellerini att\u0131\u011f\u0131 Plaza Mayor; Jules ve Raymond F&eacute;vrier&#8217;in tasar\u0131m\u0131 ikonik M&eacute;tropolis; Alonso Carbonell imzal\u0131 Buen Retiro Palace gibi g&ouml;rkemli yap\u0131lar dolu. Tapas barlar\u0131, gurme restoranlar\u0131, gece hayat\u0131nda beklentileri y&uuml;kselten kul&uuml;pleri ve &ouml;zel partileri ile 24 saat ya\u015fayan Madrid&rsquo;e ho\u015f geldiniz!<\/p>\n<p><strong>Vilnius, Litvanya<\/strong><\/p>\n<p style=\"text-align: center;\"><strong><img loading=\"lazy\" decoding=\"async\" class=\"alignnone size-full wp-image-3683\" src=\"https:\/\/www.julesverne.com.tr\/\/wp-content\/uploads\/2020\/09\/vilnius.jpg\" width=\"900\" height=\"600\" alt=\"Vilnius\" srcset=\"https:\/\/julesverne.com.tr\/wp-content\/uploads\/2020\/09\/vilnius.jpg 900w, https:\/\/julesverne.com.tr\/wp-content\/uploads\/2020\/09\/vilnius-500x333.jpg 500w, https:\/\/julesverne.com.tr\/wp-content\/uploads\/2020\/09\/vilnius-768x512.jpg 768w\" sizes=\"(max-width: 900px) 100vw, 900px\" \/><\/strong><\/p>\n<p>B&uuml;y&uuml;k Budape\u015fte Oteli filmini izlediyseniz, Vilnius&#8217;u gezerken bu filmde hissettiklerinizi yeniden ya\u015fayacaks\u0131n\u0131z. Orta ve Do\u011fu Avrupa&rsquo;daki en b&uuml;y&uuml;k Orta&ccedil;a\u011f&#8217;dan kalma eski kentine sahip olan Vilnius, Avrupa&#8217;n\u0131n y&uuml;kselen \u015fehirlerinden. Tarihi, b&uuml;y&uuml;leyici mimarisi, kafe k&uuml;lt&uuml;r&uuml; ile giderek pop&uuml;laritesi artan Vilnius, Litvanya&#8217;n\u0131n ba\u015fkenti olarak t&uuml;m &ouml;zel s\u0131fatlar\u0131n hakk\u0131n\u0131 veriyor. Butik antika d&uuml;kk&acirc;nlar\u0131, etkileyici m&uuml;zeleri, bira imalathaneleri, Barok ve Neoklasik kiliseleri ve h\u0131zla geli\u015fen gastronomi d&uuml;nyas\u0131yla gezginler i&ccedil;in yepyeni bir nokta! Bu heyecan verici \u015fehri ke\u015ffetmek i&ccedil;in ge&ccedil; kalmay\u0131n, bizden s&ouml;ylemesi!<\/p>\n<p><strong>Peru<\/strong><\/p>\n<p style=\"text-align: center;\"><strong><img loading=\"lazy\" decoding=\"async\" class=\"alignnone size-full wp-image-3684\" src=\"https:\/\/www.julesverne.com.tr\/\/wp-content\/uploads\/2020\/09\/peru.jpg\" width=\"900\" height=\"612\" alt=\"peru\" srcset=\"https:\/\/julesverne.com.tr\/wp-content\/uploads\/2020\/09\/peru.jpg 900w, https:\/\/julesverne.com.tr\/wp-content\/uploads\/2020\/09\/peru-500x340.jpg 500w, https:\/\/julesverne.com.tr\/wp-content\/uploads\/2020\/09\/peru-768x522.jpg 768w\" sizes=\"(max-width: 900px) 100vw, 900px\" \/><\/strong><\/p>\n<p>B&uuml;y&uuml;k \u0130nka \u0130mparatorlu\u011funun kalbi ve \u0130spanyol fethi i&ccedil;in hareket merkezi olan Peru&#8230; Unutulmayacak yerlerin, hik&acirc;yelerin ve deneyimlerin &uuml;lkesi Peru&#8217;da dokundu\u011funuz her toprak par&ccedil;as\u0131ndan bir s&uuml;rpriz &ccedil;\u0131kabilir. And Da\u011flar\u0131&#8217;n\u0131n nefes kesen zirvelerinden \u0130nka&#8217;lar\u0131n muazzam \u015fehri Machu Picchu&#8217;ya, yemye\u015fil ulusal parklar\u0131ndan renkli ve kendilerine has ya\u015famlar\u0131yla etkileyen yerel topluluklar\u0131na kadar benzersiz bir yolculuk olaca\u011f\u0131n\u0131 s&ouml;yleyebiliriz. Farkl\u0131 k&uuml;lt&uuml;rlerin renkli mutfaklar\u0131 ile zenginle\u015fen yemek sahnesi ise ger&ccedil;ek bir lezzet \u015f&ouml;leni olarak kar\u015f\u0131n\u0131za &ccedil;\u0131kacak.<\/p>\n<p style=\"text-align: center;\"><img loading=\"lazy\" decoding=\"async\" class=\"alignnone size-full wp-image-3685\" src=\"https:\/\/www.julesverne.com.tr\/\/wp-content\/uploads\/2020\/09\/paris-2.jpg\" width=\"900\" height=\"600\" alt=\"paris bah&ccedil;e\" srcset=\"https:\/\/julesverne.com.tr\/wp-content\/uploads\/2020\/09\/paris-2.jpg 900w, https:\/\/julesverne.com.tr\/wp-content\/uploads\/2020\/09\/paris-2-500x333.jpg 500w, https:\/\/julesverne.com.tr\/wp-content\/uploads\/2020\/09\/paris-2-768x512.jpg 768w\" sizes=\"(max-width: 900px) 100vw, 900px\" \/><\/p>\n<p style=\"text-align: center;\"><strong>Size &ouml;zel seyahat program\u0131 ve rezervasyon i&ccedil;in:<br \/><\/strong><strong><a href=\"mailto:travel@julesverne.com.tr\" target=\"_blank\" rel=\"noopener noreferrer\">travel@julesverne.com.tr<\/a><br \/><\/strong><strong>0212 266 6363 &#8211; 118<\/strong><\/p>\n<\/p>\n<p><\/p>","protected":false},"excerpt":{"rendered":"<p>Madrid&rsquo;den Frans\u0131z Rivieras\u0131&rsquo;na, Peru&rsquo;dan Sicilya&rsquo;ya, Botsvana&rsquo;dan M&uuml;nih&rsquo;e May\u0131s ay\u0131n\u0131n en keyifli destinasyonlar\u0131!<\/p>\n","protected":false},"author":1,"featured_media":2108,"comment_status":"closed","ping_status":"closed","sticky":false,"template":"","format":"standard","meta":{"inline_featured_image":false,"footnotes":""},"categories":[38,1,39],"tags":[],"acf":[],"yoast_head":"<!-- This site is optimized with the Yoast SEO plugin v22.3 - https:\/\/yoast.com\/wordpress\/plugins\/seo\/ -->\n<title>May\u0131s Ay\u0131n\u0131n En Keyifli Destinasyonlar\u0131 - JULES VERNE BUSINESS MICE TRAVEL<\/title>\n<meta name=\"description\" content=\"&quot;May\u0131s ay\u0131nda nereye gidilir?&quot; diyorsan\u0131z Madrid\u2019den Frans\u0131z Rivieras\u0131\u2019na, Peru\u2019dan Sicilya\u2019ya, Botsvana\u2019dan M\u00fcnih\u2019e May\u0131s ay\u0131n\u0131n en keyifli destinasyonlar\u0131!\" \/>\n<meta name=\"robots\" content=\"index, follow, max-snippet:-1, max-image-preview:large, max-video-preview:-1\" \/>\n<link rel=\"canonical\" href=\"https:\/\/julesverne.com.tr\/travel-blog\/mayis-ayinin-en-keyifli-destinasyonlari\/\" \/>\n<meta property=\"og:locale\" content=\"en_US\" \/>\n<meta property=\"og:type\" content=\"article\" \/>\n<meta property=\"og:title\" content=\"May\u0131s Ay\u0131n\u0131n En Keyifli Destinasyonlar\u0131 - JULES VERNE BUSINESS MICE TRAVEL\" \/>\n<meta property=\"og:description\" content=\"&quot;May\u0131s ay\u0131nda nereye gidilir?&quot; diyorsan\u0131z Madrid\u2019den Frans\u0131z Rivieras\u0131\u2019na, Peru\u2019dan Sicilya\u2019ya, Botsvana\u2019dan M\u00fcnih\u2019e May\u0131s ay\u0131n\u0131n en keyifli destinasyonlar\u0131!\" \/>\n<meta property=\"og:url\" content=\"https:\/\/julesverne.com.tr\/travel-blog\/mayis-ayinin-en-keyifli-destinasyonlari\/\" \/>\n<meta property=\"og:site_name\" content=\"JULES VERNE BUSINESS MICE TRAVEL\" \/>\n<meta property=\"article:publisher\" content=\"https:\/\/www.facebook.com\/JulesVerneBusinessMiceTravel\/\" \/>\n<meta property=\"article:published_time\" content=\"2019-04-29T14:42:08+00:00\" \/>\n<meta property=\"article:modified_time\" content=\"2024-03-22T12:03:07+00:00\" \/>\n<meta property=\"og:image\" content=\"https:\/\/julesverne.com.tr\/wp-content\/uploads\/2020\/09\/french_riviera_kapak.jpg\" \/>\n\t<meta property=\"og:image:width\" content=\"900\" \/>\n\t<meta property=\"og:image:height\" content=\"600\" \/>\n\t<meta property=\"og:image:type\" content=\"image\/jpeg\" \/>\n<meta name=\"author\" content=\"fikirman\" \/>\n<meta name=\"twitter:card\" content=\"summary_large_image\" \/>\n<meta name=\"twitter:creator\" content=\"@JV_BusinessMice\" \/>\n<meta name=\"twitter:site\" content=\"@JV_BusinessMice\" \/>\n<meta name=\"twitter:label1\" content=\"Written by\" \/>\n\t<meta name=\"twitter:data1\" content=\"fikirman\" \/>\n\t<meta name=\"twitter:label2\" content=\"Est. reading time\" \/>\n\t<meta name=\"twitter:data2\" content=\"9 minutes\" \/>\n<script type=\"application\/ld+json\" class=\"yoast-schema-graph\">{\"@context\":\"https:\/\/schema.org\",\"@graph\":[{\"@type\":\"Article\",\"@id\":\"https:\/\/julesverne.com.tr\/travel-blog\/mayis-ayinin-en-keyifli-destinasyonlari\/#article\",\"isPartOf\":{\"@id\":\"https:\/\/julesverne.com.tr\/travel-blog\/mayis-ayinin-en-keyifli-destinasyonlari\/\"},\"author\":{\"name\":\"fikirman\",\"@id\":\"https:\/\/julesverne.com.tr\/#\/schema\/person\/f4eb0514ae455538644c31b99a466fdb\"},\"headline\":\"May\u0131s Ay\u0131n\u0131n En Keyifli Destinasyonlar\u0131\",\"datePublished\":\"2019-04-29T14:42:08+00:00\",\"dateModified\":\"2024-03-22T12:03:07+00:00\",\"mainEntityOfPage\":{\"@id\":\"https:\/\/julesverne.com.tr\/travel-blog\/mayis-ayinin-en-keyifli-destinasyonlari\/\"},\"wordCount\":2882,\"publisher\":{\"@id\":\"https:\/\/julesverne.com.tr\/#organization\"},\"image\":{\"@id\":\"https:\/\/julesverne.com.tr\/travel-blog\/mayis-ayinin-en-keyifli-destinasyonlari\/#primaryimage\"},\"thumbnailUrl\":\"https:\/\/julesverne.com.tr\/wp-content\/uploads\/2020\/09\/french_riviera_kapak.jpg\",\"articleSection\":[\"\u0130lham Veren Destinasyonlar\",\"Blog\",\"Nereye Gitsek?\"],\"inLanguage\":\"en-US\"},{\"@type\":\"WebPage\",\"@id\":\"https:\/\/julesverne.com.tr\/travel-blog\/mayis-ayinin-en-keyifli-destinasyonlari\/\",\"url\":\"https:\/\/julesverne.com.tr\/travel-blog\/mayis-ayinin-en-keyifli-destinasyonlari\/\",\"name\":\"May\u0131s Ay\u0131n\u0131n En Keyifli Destinasyonlar\u0131 - JULES VERNE BUSINESS MICE TRAVEL\",\"isPartOf\":{\"@id\":\"https:\/\/julesverne.com.tr\/#website\"},\"primaryImageOfPage\":{\"@id\":\"https:\/\/julesverne.com.tr\/travel-blog\/mayis-ayinin-en-keyifli-destinasyonlari\/#primaryimage\"},\"image\":{\"@id\":\"https:\/\/julesverne.com.tr\/travel-blog\/mayis-ayinin-en-keyifli-destinasyonlari\/#primaryimage\"},\"thumbnailUrl\":\"https:\/\/julesverne.com.tr\/wp-content\/uploads\/2020\/09\/french_riviera_kapak.jpg\",\"datePublished\":\"2019-04-29T14:42:08+00:00\",\"dateModified\":\"2024-03-22T12:03:07+00:00\",\"description\":\"\\\"May\u0131s ay\u0131nda nereye gidilir?\\\" diyorsan\u0131z Madrid\u2019den Frans\u0131z Rivieras\u0131\u2019na, Peru\u2019dan Sicilya\u2019ya, Botsvana\u2019dan M\u00fcnih\u2019e May\u0131s ay\u0131n\u0131n en keyifli destinasyonlar\u0131!\",\"breadcrumb\":{\"@id\":\"https:\/\/julesverne.com.tr\/travel-blog\/mayis-ayinin-en-keyifli-destinasyonlari\/#breadcrumb\"},\"inLanguage\":\"en-US\",\"potentialAction\":[{\"@type\":\"ReadAction\",\"target\":[\"https:\/\/julesverne.com.tr\/travel-blog\/mayis-ayinin-en-keyifli-destinasyonlari\/\"]}]},{\"@type\":\"ImageObject\",\"inLanguage\":\"en-US\",\"@id\":\"https:\/\/julesverne.com.tr\/travel-blog\/mayis-ayinin-en-keyifli-destinasyonlari\/#primaryimage\",\"url\":\"https:\/\/julesverne.com.tr\/wp-content\/uploads\/2020\/09\/french_riviera_kapak.jpg\",\"contentUrl\":\"https:\/\/julesverne.com.tr\/wp-content\/uploads\/2020\/09\/french_riviera_kapak.jpg\",\"width\":900,\"height\":600},{\"@type\":\"BreadcrumbList\",\"@id\":\"https:\/\/julesverne.com.tr\/travel-blog\/mayis-ayinin-en-keyifli-destinasyonlari\/#breadcrumb\",\"itemListElement\":[{\"@type\":\"ListItem\",\"position\":1,\"name\":\"Anasayfa\",\"item\":\"https:\/\/julesverne.com.tr\/\"},{\"@type\":\"ListItem\",\"position\":2,\"name\":\"May\u0131s Ay\u0131n\u0131n En Keyifli Destinasyonlar\u0131\"}]},{\"@type\":\"WebSite\",\"@id\":\"https:\/\/julesverne.com.tr\/#website\",\"url\":\"https:\/\/julesverne.com.tr\/\",\"name\":\"JULES VERNE BUSINESS MICE TRAVEL\",\"description\":\"\",\"publisher\":{\"@id\":\"https:\/\/julesverne.com.tr\/#organization\"},\"potentialAction\":[{\"@type\":\"SearchAction\",\"target\":{\"@type\":\"EntryPoint\",\"urlTemplate\":\"https:\/\/julesverne.com.tr\/?s={search_term_string}\"},\"query-input\":\"required name=search_term_string\"}],\"inLanguage\":\"en-US\"},{\"@type\":\"Organization\",\"@id\":\"https:\/\/julesverne.com.tr\/#organization\",\"name\":\"JULES VERNE BUSINESS MICE TRAVEL\",\"url\":\"https:\/\/julesverne.com.tr\/\",\"logo\":{\"@type\":\"ImageObject\",\"inLanguage\":\"en-US\",\"@id\":\"https:\/\/julesverne.com.tr\/#\/schema\/logo\/image\/\",\"url\":\"https:\/\/julesverne.com.tr\/wp-content\/uploads\/2020\/09\/jv-bmt-logo.png\",\"contentUrl\":\"https:\/\/julesverne.com.tr\/wp-content\/uploads\/2020\/09\/jv-bmt-logo.png\",\"width\":110,\"height\":81,\"caption\":\"JULES VERNE BUSINESS MICE TRAVEL\"},\"image\":{\"@id\":\"https:\/\/julesverne.com.tr\/#\/schema\/logo\/image\/\"},\"sameAs\":[\"https:\/\/www.facebook.com\/JulesVerneBusinessMiceTravel\/\",\"https:\/\/twitter.com\/JV_BusinessMice\",\"https:\/\/www.instagram.com\/julesvernebusinessmicetravel\/\",\"https:\/\/www.linkedin.com\/company\/julesvernebusinessmicetravel\/\",\"https:\/\/www.youtube.com\/channel\/UCAwdsmbZ6tFhu1tea6pkpiw\"]},{\"@type\":\"Person\",\"@id\":\"https:\/\/julesverne.com.tr\/#\/schema\/person\/f4eb0514ae455538644c31b99a466fdb\",\"name\":\"fikirman\",\"sameAs\":[\"http:\/\/advermedya.net\/julesverne\"],\"url\":\"https:\/\/julesverne.com.tr\/en\/author\/fikirman\/\"}]}<\/script>\n<!-- \/ Yoast SEO plugin. -->","yoast_head_json":{"title":"May\u0131s Ay\u0131n\u0131n En Keyifli Destinasyonlar\u0131 - JULES VERNE BUSINESS MICE TRAVEL","description":"\"May\u0131s ay\u0131nda nereye gidilir?\" diyorsan\u0131z Madrid\u2019den Frans\u0131z Rivieras\u0131\u2019na, Peru\u2019dan Sicilya\u2019ya, Botsvana\u2019dan M\u00fcnih\u2019e May\u0131s ay\u0131n\u0131n en keyifli destinasyonlar\u0131!","robots":{"index":"index","follow":"follow","max-snippet":"max-snippet:-1","max-image-preview":"max-image-preview:large","max-video-preview":"max-video-preview:-1"},"canonical":"https:\/\/julesverne.com.tr\/travel-blog\/mayis-ayinin-en-keyifli-destinasyonlari\/","og_locale":"en_US","og_type":"article","og_title":"May\u0131s Ay\u0131n\u0131n En Keyifli Destinasyonlar\u0131 - JULES VERNE BUSINESS MICE TRAVEL","og_description":"\"May\u0131s ay\u0131nda nereye gidilir?\" diyorsan\u0131z Madrid\u2019den Frans\u0131z Rivieras\u0131\u2019na, Peru\u2019dan Sicilya\u2019ya, Botsvana\u2019dan M\u00fcnih\u2019e May\u0131s ay\u0131n\u0131n en keyifli destinasyonlar\u0131!","og_url":"https:\/\/julesverne.com.tr\/travel-blog\/mayis-ayinin-en-keyifli-destinasyonlari\/","og_site_name":"JULES VERNE BUSINESS MICE TRAVEL","article_publisher":"https:\/\/www.facebook.com\/JulesVerneBusinessMiceTravel\/","article_published_time":"2019-04-29T14:42:08+00:00","article_modified_time":"2024-03-22T12:03:07+00:00","og_image":[{"width":900,"height":600,"url":"https:\/\/julesverne.com.tr\/wp-content\/uploads\/2020\/09\/french_riviera_kapak.jpg","type":"image\/jpeg"}],"author":"fikirman","twitter_card":"summary_large_image","twitter_creator":"@JV_BusinessMice","twitter_site":"@JV_BusinessMice","twitter_misc":{"Written by":"fikirman","Est. reading time":"9 minutes"},"schema":{"@context":"https:\/\/schema.org","@graph":[{"@type":"Article","@id":"https:\/\/julesverne.com.tr\/travel-blog\/mayis-ayinin-en-keyifli-destinasyonlari\/#article","isPartOf":{"@id":"https:\/\/julesverne.com.tr\/travel-blog\/mayis-ayinin-en-keyifli-destinasyonlari\/"},"author":{"name":"fikirman","@id":"https:\/\/julesverne.com.tr\/#\/schema\/person\/f4eb0514ae455538644c31b99a466fdb"},"headline":"May\u0131s Ay\u0131n\u0131n En Keyifli Destinasyonlar\u0131","datePublished":"2019-04-29T14:42:08+00:00","dateModified":"2024-03-22T12:03:07+00:00","mainEntityOfPage":{"@id":"https:\/\/julesverne.com.tr\/travel-blog\/mayis-ayinin-en-keyifli-destinasyonlari\/"},"wordCount":2882,"publisher":{"@id":"https:\/\/julesverne.com.tr\/#organization"},"image":{"@id":"https:\/\/julesverne.com.tr\/travel-blog\/mayis-ayinin-en-keyifli-destinasyonlari\/#primaryimage"},"thumbnailUrl":"https:\/\/julesverne.com.tr\/wp-content\/uploads\/2020\/09\/french_riviera_kapak.jpg","articleSection":["\u0130lham Veren Destinasyonlar","Blog","Nereye Gitsek?"],"inLanguage":"en-US"},{"@type":"WebPage","@id":"https:\/\/julesverne.com.tr\/travel-blog\/mayis-ayinin-en-keyifli-destinasyonlari\/","url":"https:\/\/julesverne.com.tr\/travel-blog\/mayis-ayinin-en-keyifli-destinasyonlari\/","name":"May\u0131s Ay\u0131n\u0131n En Keyifli Destinasyonlar\u0131 - JULES VERNE BUSINESS MICE TRAVEL","isPartOf":{"@id":"https:\/\/julesverne.com.tr\/#website"},"primaryImageOfPage":{"@id":"https:\/\/julesverne.com.tr\/travel-blog\/mayis-ayinin-en-keyifli-destinasyonlari\/#primaryimage"},"image":{"@id":"https:\/\/julesverne.com.tr\/travel-blog\/mayis-ayinin-en-keyifli-destinasyonlari\/#primaryimage"},"thumbnailUrl":"https:\/\/julesverne.com.tr\/wp-content\/uploads\/2020\/09\/french_riviera_kapak.jpg","datePublished":"2019-04-29T14:42:08+00:00","dateModified":"2024-03-22T12:03:07+00:00","description":"\"May\u0131s ay\u0131nda nereye gidilir?\" diyorsan\u0131z Madrid\u2019den Frans\u0131z Rivieras\u0131\u2019na, Peru\u2019dan Sicilya\u2019ya, Botsvana\u2019dan M\u00fcnih\u2019e May\u0131s ay\u0131n\u0131n en keyifli destinasyonlar\u0131!","breadcrumb":{"@id":"https:\/\/julesverne.com.tr\/travel-blog\/mayis-ayinin-en-keyifli-destinasyonlari\/#breadcrumb"},"inLanguage":"en-US","potentialAction":[{"@type":"ReadAction","target":["https:\/\/julesverne.com.tr\/travel-blog\/mayis-ayinin-en-keyifli-destinasyonlari\/"]}]},{"@type":"ImageObject","inLanguage":"en-US","@id":"https:\/\/julesverne.com.tr\/travel-blog\/mayis-ayinin-en-keyifli-destinasyonlari\/#primaryimage","url":"https:\/\/julesverne.com.tr\/wp-content\/uploads\/2020\/09\/french_riviera_kapak.jpg","contentUrl":"https:\/\/julesverne.com.tr\/wp-content\/uploads\/2020\/09\/french_riviera_kapak.jpg","width":900,"height":600},{"@type":"BreadcrumbList","@id":"https:\/\/julesverne.com.tr\/travel-blog\/mayis-ayinin-en-keyifli-destinasyonlari\/#breadcrumb","itemListElement":[{"@type":"ListItem","position":1,"name":"Anasayfa","item":"https:\/\/julesverne.com.tr\/"},{"@type":"ListItem","position":2,"name":"May\u0131s Ay\u0131n\u0131n En Keyifli Destinasyonlar\u0131"}]},{"@type":"WebSite","@id":"https:\/\/julesverne.com.tr\/#website","url":"https:\/\/julesverne.com.tr\/","name":"JULES VERNE BUSINESS MICE TRAVEL","description":"","publisher":{"@id":"https:\/\/julesverne.com.tr\/#organization"},"potentialAction":[{"@type":"SearchAction","target":{"@type":"EntryPoint","urlTemplate":"https:\/\/julesverne.com.tr\/?s={search_term_string}"},"query-input":"required name=search_term_string"}],"inLanguage":"en-US"},{"@type":"Organization","@id":"https:\/\/julesverne.com.tr\/#organization","name":"JULES VERNE BUSINESS MICE TRAVEL","url":"https:\/\/julesverne.com.tr\/","logo":{"@type":"ImageObject","inLanguage":"en-US","@id":"https:\/\/julesverne.com.tr\/#\/schema\/logo\/image\/","url":"https:\/\/julesverne.com.tr\/wp-content\/uploads\/2020\/09\/jv-bmt-logo.png","contentUrl":"https:\/\/julesverne.com.tr\/wp-content\/uploads\/2020\/09\/jv-bmt-logo.png","width":110,"height":81,"caption":"JULES VERNE BUSINESS MICE TRAVEL"},"image":{"@id":"https:\/\/julesverne.com.tr\/#\/schema\/logo\/image\/"},"sameAs":["https:\/\/www.facebook.com\/JulesVerneBusinessMiceTravel\/","https:\/\/twitter.com\/JV_BusinessMice","https:\/\/www.instagram.com\/julesvernebusinessmicetravel\/","https:\/\/www.linkedin.com\/company\/julesvernebusinessmicetravel\/","https:\/\/www.youtube.com\/channel\/UCAwdsmbZ6tFhu1tea6pkpiw"]},{"@type":"Person","@id":"https:\/\/julesverne.com.tr\/#\/schema\/person\/f4eb0514ae455538644c31b99a466fdb","name":"fikirman","sameAs":["http:\/\/advermedya.net\/julesverne"],"url":"https:\/\/julesverne.com.tr\/en\/author\/fikirman\/"}]}},"_links":{"self":[{"href":"https:\/\/julesverne.com.tr\/en\/wp-json\/wp\/v2\/posts\/2107"}],"collection":[{"href":"https:\/\/julesverne.com.tr\/en\/wp-json\/wp\/v2\/posts"}],"about":[{"href":"https:\/\/julesverne.com.tr\/en\/wp-json\/wp\/v2\/types\/post"}],"author":[{"embeddable":true,"href":"https:\/\/julesverne.com.tr\/en\/wp-json\/wp\/v2\/users\/1"}],"replies":[{"embeddable":true,"href":"https:\/\/julesverne.com.tr\/en\/wp-json\/wp\/v2\/comments?post=2107"}],"version-history":[{"count":1,"href":"https:\/\/julesverne.com.tr\/en\/wp-json\/wp\/v2\/posts\/2107\/revisions"}],"predecessor-version":[{"id":17036,"href":"https:\/\/julesverne.com.tr\/en\/wp-json\/wp\/v2\/posts\/2107\/revisions\/17036"}],"wp:featuredmedia":[{"embeddable":true,"href":"https:\/\/julesverne.com.tr\/en\/wp-json\/wp\/v2\/media\/2108"}],"wp:attachment":[{"href":"https:\/\/julesverne.com.tr\/en\/wp-json\/wp\/v2\/media?parent=2107"}],"wp:term":[{"taxonomy":"category","embeddable":true,"href":"https:\/\/julesverne.com.tr\/en\/wp-json\/wp\/v2\/categories?post=2107"},{"taxonomy":"post_tag","embeddable":true,"href":"https:\/\/julesverne.com.tr\/en\/wp-json\/wp\/v2\/tags?post=2107"}],"curies":[{"name":"wp","href":"https:\/\/api.w.org\/{rel}","templated":true}]}}