{"id":2105,"date":"2023-04-07T09:20:28","date_gmt":"2023-04-07T06:20:28","guid":{"rendered":"https:\/\/www.julesverne.com.tr\/\/blog\/bahar-aylarinin-en-cok-yakistigi-goller\/"},"modified":"2023-04-07T11:02:43","modified_gmt":"2023-04-07T08:02:43","slug":"bahar-aylarinin-en-cok-yakistigi-goller","status":"publish","type":"post","link":"https:\/\/julesverne.com.tr\/en\/travel-blog\/bahar-aylarinin-en-cok-yakistigi-goller\/","title":{"rendered":"Bahar Aylar\u0131n\u0131n En \u00c7ok Yak\u0131\u015ft\u0131\u011f\u0131 G\u00f6ller"},"content":{"rendered":"<p><\/p>\n<p><p style=\"text-align: center;\"><img loading=\"lazy\" decoding=\"async\" class=\"alignnone size-full wp-image-3687\" src=\"https:\/\/www.julesverne.com.tr\/\/wp-content\/uploads\/2020\/09\/como_kapak-1.jpg\" width=\"999\" height=\"666\" alt=\"como g&ouml;l&uuml;\" srcset=\"https:\/\/julesverne.com.tr\/wp-content\/uploads\/2020\/09\/como_kapak-1.jpg 999w, https:\/\/julesverne.com.tr\/wp-content\/uploads\/2020\/09\/como_kapak-1-500x333.jpg 500w, https:\/\/julesverne.com.tr\/wp-content\/uploads\/2020\/09\/como_kapak-1-768x512.jpg 768w\" sizes=\"(max-width: 999px) 100vw, 999px\" \/><\/p>\n<p style=\"text-align: justify;\">Yaz kap\u0131da! Deniz ve plaj mevsimi ba\u015flamadan hemen &ouml;nce do\u011fan\u0131n t&uuml;m enerjisini ve g&uuml;zelli\u011fini hissedece\u011fimiz rotalar\u0131 ara\u015ft\u0131rd\u0131k. \u0130\u015fte, Fransa&rsquo;dan Kanada&rsquo;ya, Avusturya&rsquo;dan \u0130svi&ccedil;re&rsquo;ye tablo gibi g&ouml;r&uuml;nen g&ouml;l b&ouml;lgeleri&hellip;<\/p>\n<p><strong>Lake Bled, Slovenya<\/strong><\/p>\n<p style=\"text-align: center;\"><strong><img loading=\"lazy\" decoding=\"async\" class=\"alignnone size-full wp-image-3688\" src=\"https:\/\/www.julesverne.com.tr\/\/wp-content\/uploads\/2020\/09\/bled.jpg\" width=\"900\" height=\"600\" alt=\"bled g&ouml;l&uuml;\" srcset=\"https:\/\/julesverne.com.tr\/wp-content\/uploads\/2020\/09\/bled.jpg 900w, https:\/\/julesverne.com.tr\/wp-content\/uploads\/2020\/09\/bled-500x333.jpg 500w, https:\/\/julesverne.com.tr\/wp-content\/uploads\/2020\/09\/bled-768x512.jpg 768w\" sizes=\"(max-width: 900px) 100vw, 900px\" \/><\/strong><\/p>\n<p style=\"text-align: justify;\">&#8220;Anda&#8221; kalmak isteyece\u011finiz bir duygu ve sonsuzluk hissi uyand\u0131ran Bled G&ouml;l&uuml;, Slovenya&#8217;n\u0131n Bled kasabas\u0131n\u0131 t&uuml;m d&uuml;nyaya tan\u0131tan bir g&uuml;zelli\u011fe sahip. Fantastik mavi-ye\u015fil g&ouml;l, da\u011flar\u0131n ortas\u0131nda parlarken do\u011fan\u0131n renkleriyle g&uuml;n&uuml;n her saati farkl\u0131 manzaralar sunuyor.<\/p>\n<p style=\"text-align: justify;\">G&ouml;l&uuml;n ortas\u0131ndaki Bled Adas\u0131, adan\u0131n &uuml;zerindeki St. Martin Kilisesi&#8217;nin &ccedil;an sesleri, tarihi 1000&#8217;li y\u0131llara dayanan Bled Kalesi, 600 metre bir t\u0131rman\u0131\u015fla ula\u015f\u0131p, g&ouml;l&uuml; tepeden g&ouml;rebilece\u011finiz Ojstrica buray\u0131 masals\u0131 k\u0131l\u0131yor. G&ouml;l&uuml; bir de havadan g&ouml;rmek istiyorsan\u0131z Nisan-Eyl&uuml;l aylar\u0131nda ger&ccedil;ekle\u015fen s\u0131cak hava balonlar\u0131na binebilirsiniz.<\/p>\n<p><strong>Lake Como, \u0130talya<\/strong><\/p>\n<p style=\"text-align: center;\"><strong><img loading=\"lazy\" decoding=\"async\" class=\"alignnone size-full wp-image-3689\" src=\"https:\/\/www.julesverne.com.tr\/\/wp-content\/uploads\/2020\/09\/como.jpg\" width=\"1200\" height=\"630\" alt=\"como g&ouml;l&uuml;\" srcset=\"https:\/\/julesverne.com.tr\/wp-content\/uploads\/2020\/09\/como.jpg 1200w, https:\/\/julesverne.com.tr\/wp-content\/uploads\/2020\/09\/como-500x263.jpg 500w, https:\/\/julesverne.com.tr\/wp-content\/uploads\/2020\/09\/como-768x403.jpg 768w\" sizes=\"(max-width: 1200px) 100vw, 1200px\" \/><\/strong><\/p>\n<p style=\"text-align: justify;\">Kuzey \u0130talya&#8217;daki Alpler&#8217;in eteklerinde, tablo gibi kusursuz g&ouml;r&uuml;nen Como G&ouml;l&uuml; hem yal\u0131n hem g&ouml;steri\u015fli olmay\u0131 ba\u015faran, sakinli\u011fin asla sars\u0131lmad\u0131\u011f\u0131 bir huzur k&ouml;\u015fesi. K\u0131\u015f aylar\u0131nda \u0131ss\u0131zla\u015fan, bahar aylar\u0131n\u0131n gelmesiyle \u015firin kasabalar\u0131n\u0131n hareketlendi\u011fi Como G&ouml;l&uuml;, bir zamanlar birka&ccedil; soylu ailenin u\u011frak adresiyken 2002 y\u0131l\u0131nda &uuml;nl&uuml; akt&ouml;r George Clooney&#8217;nin buradan ev almas\u0131yla t&uuml;m ilgiyi &uuml;zerine &ccedil;ekti. Yaz yo\u011funlu\u011fu ba\u015flamadan &ouml;nce Como G&ouml;l&uuml; plan\u0131n\u0131z\u0131 yap\u0131n ve mutlaka Bellagio, Menaggio, Tremezzo, Varenna kasabalar\u0131n\u0131 ziyaret edin.<\/p>\n<p><strong>Lake Lucerne, \u0130svi&ccedil;re<\/strong><\/p>\n<p style=\"text-align: center;\"><strong><img loading=\"lazy\" decoding=\"async\" class=\"alignnone size-full wp-image-3690\" src=\"https:\/\/www.julesverne.com.tr\/\/wp-content\/uploads\/2020\/09\/lake_lucerne.jpg\" width=\"900\" height=\"600\" alt=\"luzern g&ouml;l&uuml;\" srcset=\"https:\/\/julesverne.com.tr\/wp-content\/uploads\/2020\/09\/lake_lucerne.jpg 900w, https:\/\/julesverne.com.tr\/wp-content\/uploads\/2020\/09\/lake_lucerne-500x333.jpg 500w, https:\/\/julesverne.com.tr\/wp-content\/uploads\/2020\/09\/lake_lucerne-768x512.jpg 768w\" sizes=\"(max-width: 900px) 100vw, 900px\" \/><\/strong><\/p>\n<p style=\"text-align: justify;\">\u0130svi&ccedil;re&#8217;nin &ccedil;ok g&uuml;zel oldu\u011funu s&ouml;ylerken konu Luzern G&ouml;l&uuml;&#8217;ne geldi\u011finde &#8220;b&uuml;y&uuml;leyici&#8221; kelimesi bile betimlemek i&ccedil;in yetersiz kal\u0131yor. Hava ne kadar gri olursa olsun Luzern G&ouml;l&uuml;&#8217;n&uuml;n g&uuml;zelli\u011fi kar\u015f\u0131s\u0131nda g&uuml;n bile ayd\u0131nlan\u0131yor.<\/p>\n<p style=\"text-align: justify;\">Orjinal ad\u0131 Vierwaldst&auml;ttersee olan ve ad\u0131n\u0131 g&ouml;l&uuml; &ccedil;evreleyen 4 kantondan alan bu b&uuml;y&uuml;k g&ouml;l&uuml; ke\u015ffetmek i&ccedil;in en g&uuml;zel yol elbette buharl\u0131 gemi turlar\u0131na kat\u0131lmak&#8230; Farkl\u0131 tema ve rotalara ayr\u0131lan gezilerden bizim &ouml;nerimiz 3 saat s&uuml;ren Lucerne-Fl&uuml;elen gezisi. G&ouml;l&uuml;n bilinmeyen noktalar\u0131n\u0131 ke\u015ffetmek isteyen gezginler i&ccedil;in harika bir deneyim.<\/p>\n<p><strong>Lake Hallstatt, Avusturya<\/strong><\/p>\n<p style=\"text-align: center;\"><strong><img loading=\"lazy\" decoding=\"async\" class=\"alignnone size-full wp-image-3691\" src=\"https:\/\/www.julesverne.com.tr\/\/wp-content\/uploads\/2020\/09\/hallstatt-2.jpg\" width=\"900\" height=\"600\" alt=\"Hallstatt G&ouml;l&uuml;\" srcset=\"https:\/\/julesverne.com.tr\/wp-content\/uploads\/2020\/09\/hallstatt-2.jpg 900w, https:\/\/julesverne.com.tr\/wp-content\/uploads\/2020\/09\/hallstatt-2-500x333.jpg 500w, https:\/\/julesverne.com.tr\/wp-content\/uploads\/2020\/09\/hallstatt-2-768x512.jpg 768w\" sizes=\"(max-width: 900px) 100vw, 900px\" \/><\/strong><\/p>\n<p style=\"text-align: justify;\">&ldquo;Avusturya&#8217;n\u0131n \u0130ncisi&rdquo; olarak da bilinen Hallstatt, &ldquo;Hallst&auml;ttersee g&ouml;l&uuml;n&uuml;n koruyucusu&rdquo; stat&uuml;s&uuml; ve onu &ccedil;evreleyen g&uuml;zel da\u011flar\u0131yla ger&ccedil;ekten muhte\u015fem. 19. y&uuml;zy\u0131la kadar sadece tekne veya da\u011f yolundan ula\u015f\u0131lan Hallstatt bug&uuml;n pop&uuml;ler bir seyahat destinasyonu olsa da ayn\u0131 orijinalli\u011fini koruyarak sizi kendine hayran b\u0131rak\u0131yor.<\/p>\n<p style=\"text-align: justify;\">UNESCO d&uuml;nya Miras\u0131 listesinde yer alan Hallstatt, ad\u0131n\u0131 ald\u0131\u011f\u0131 g&ouml;l &ccedil;evresinde kartpostal kadar kusursuz bir g&uuml;zellik sunuyor. G&ouml;l&uuml;n k\u0131y\u0131s\u0131na kurulan kasabay\u0131 yar\u0131m saatte y&uuml;r&uuml;yebilece\u011finiz kadar k&uuml;&ccedil;&uuml;k bir yerden bahsediyoruz. Ancak size ya\u015fatt\u0131\u011f\u0131 huzur ve hayranl\u0131\u011f\u0131n etkisi &ccedil;ok b&uuml;y&uuml;k. May\u0131s itibariyle ziyaret&ccedil;ilerin yo\u011funla\u015ft\u0131\u011f\u0131 Hallstatt&#8217;ta May\u0131s-Ekim aylar\u0131 aras\u0131nda ara&ccedil; giri\u015fine 10.00-17.00 saatlerinde izin verilmiyor.<\/p>\n<p><strong>Lake Annecy, Fransa<\/strong><\/p>\n<p style=\"text-align: center;\"><strong><img loading=\"lazy\" decoding=\"async\" class=\"alignnone size-full wp-image-3692\" src=\"https:\/\/www.julesverne.com.tr\/\/wp-content\/uploads\/2020\/09\/annecy.jpg\" width=\"900\" height=\"600\" alt=\"annecy g&ouml;l&uuml;\" srcset=\"https:\/\/julesverne.com.tr\/wp-content\/uploads\/2020\/09\/annecy.jpg 900w, https:\/\/julesverne.com.tr\/wp-content\/uploads\/2020\/09\/annecy-500x333.jpg 500w, https:\/\/julesverne.com.tr\/wp-content\/uploads\/2020\/09\/annecy-768x512.jpg 768w\" sizes=\"(max-width: 900px) 100vw, 900px\" \/><\/strong><\/p>\n<p style=\"text-align: justify;\">Fransa&rsquo;n\u0131n en b&uuml;y&uuml;k g&ouml;llerinden biri olan Lake Annecy, turkuaz sular\u0131n\u0131n &uuml;zerinde g&ouml;rkemli bir \u015fekilde y&uuml;kselen ormanl\u0131k da\u011flar\u0131yla unutulmaz manzaralar sunuyor. Lake Annecy &uuml;zerinde en g&uuml;zel deneyim i&ccedil;in Annecy&#8217;den yola &ccedil;\u0131k\u0131p Veyrier, Menthon, Talloires, Le Bout-du-Lac, Duingt, Saint-Jorioz ve S&eacute;vrier&#8217;de durarak ba\u015ftan sona gezebilirsiniz.<\/p>\n<p style=\"text-align: justify;\">Fransa&#8217;n\u0131n en pop&uuml;ler seyahat noktalar\u0131ndan biri olan, su kanallar\u0131 k\u0131y\u0131s\u0131nda y&uuml;kselen Orta &Ccedil;a\u011f kenti Annecy; y&uuml;ksek da\u011flar\u0131n eteklerinde yer alan ve pitoresk manzaralar sunan Veyrier-du-Lac, Menthon-Saint-Bernard kasabalar\u0131 Talloires; Menthon ve Talloires aras\u0131nda yer alan, g&ouml;l&uuml;n muhte\u015fem manzaras\u0131n\u0131 sunan 200 hektarl\u0131k bir ormanla kapl\u0131 Roc de Ch&egrave;re g&ouml;rece\u011finiz yerler aras\u0131nda.<\/p>\n<p><strong>Lake Lomond, \u0130sko&ccedil;ya<\/strong><\/p>\n<p style=\"text-align: center;\"><strong><img loading=\"lazy\" decoding=\"async\" class=\"alignnone size-full wp-image-3693\" src=\"https:\/\/www.julesverne.com.tr\/\/wp-content\/uploads\/2020\/09\/lomond.jpg\" width=\"900\" height=\"675\" alt=\"Lomond G&ouml;l&uuml;\" srcset=\"https:\/\/julesverne.com.tr\/wp-content\/uploads\/2020\/09\/lomond.jpg 900w, https:\/\/julesverne.com.tr\/wp-content\/uploads\/2020\/09\/lomond-500x375.jpg 500w, https:\/\/julesverne.com.tr\/wp-content\/uploads\/2020\/09\/lomond-768x576.jpg 768w\" sizes=\"(max-width: 900px) 100vw, 900px\" \/><\/strong><\/p>\n<p style=\"text-align: justify;\">Glasgow&#8217;dan yakla\u015f\u0131k 30-35 km uzakl\u0131kta olmas\u0131yla hem lokallerin hem de turistlerin yo\u011fun ilgisiyle kar\u015f\u0131la\u015fan Lake Lomond, fiyordu and\u0131ran yap\u0131s\u0131yla \u0130sko&ccedil; dilinde bu yap\u0131ya sahip g&ouml;llere verilen &#8220;Loch&#8221; ad\u0131yla an\u0131l\u0131yor. B&uuml;nyesinde 60&#8217;a yak\u0131n ada bar\u0131nd\u0131ran bu b&uuml;y&uuml;k g&ouml;l&uuml;n do\u011fu k\u0131y\u0131s\u0131ndan West Highland Way yolunu takip etti\u011finizde sizi daha sakin ve ke\u015ffedilmemi\u015f do\u011fal g&uuml;zellikler bekliyor.<\/p>\n<p><strong>Lake Louise, Canada<\/strong><\/p>\n<p style=\"text-align: center;\"><strong><img loading=\"lazy\" decoding=\"async\" class=\"alignnone size-full wp-image-3694\" src=\"https:\/\/www.julesverne.com.tr\/\/wp-content\/uploads\/2020\/09\/lake_louise.jpg\" width=\"900\" height=\"675\" alt=\"Louise g&ouml;l&uuml;\" srcset=\"https:\/\/julesverne.com.tr\/wp-content\/uploads\/2020\/09\/lake_louise.jpg 900w, https:\/\/julesverne.com.tr\/wp-content\/uploads\/2020\/09\/lake_louise-500x375.jpg 500w, https:\/\/julesverne.com.tr\/wp-content\/uploads\/2020\/09\/lake_louise-768x576.jpg 768w\" sizes=\"(max-width: 900px) 100vw, 900px\" \/><\/strong><\/p>\n<p style=\"text-align: justify;\">Kanada&#8217;da yer alan Lake Louise, Banff Ulusal Park\u0131&#8217;n\u0131 fenomen k\u0131lan en b&uuml;y&uuml;leyici do\u011fal g&uuml;zellik! Kula\u011fa kli\u015fe gibi gelse de burada g&ouml;rece\u011finiz manzaralar\u0131&nbsp; &#8220;hayranl\u0131k uyand\u0131r\u0131c\u0131&#8221; olarak tan\u0131mlamak az bile kal\u0131yor. UNESCO D&uuml;nya Miras\u0131 olan Banff Ulusal Park\u0131, ilerici &ccedil;evresel y&ouml;netim ve sorumlu turizm yakla\u015f\u0131m\u0131yla da d&uuml;nya &ccedil;ap\u0131nda b&uuml;y&uuml;k bir de\u011fere sahip.<\/p>\n<p style=\"text-align: justify;\">&Ccedil;ay evleri, boz ay\u0131lar\u0131 ve y&uuml;r&uuml;y&uuml;\u015f parkurlar\u0131yla &uuml;nl&uuml; olan g&ouml;l, yo\u011fun ziyaret&ccedil;i ak\u0131n\u0131na u\u011frasa da bu do\u011fal g&uuml;zellik kar\u015f\u0131s\u0131nda kalabal\u0131k kimsenin umurunda olmuyor.<\/p>\n<p><strong>Lake Placid, ABD<\/strong><\/p>\n<p style=\"text-align: center;\"><strong><img loading=\"lazy\" decoding=\"async\" class=\"alignnone size-full wp-image-3695\" src=\"https:\/\/www.julesverne.com.tr\/\/wp-content\/uploads\/2020\/09\/lake_placid.jpg\" width=\"800\" height=\"533\" alt=\"placid g&ouml;l&uuml;\" srcset=\"https:\/\/julesverne.com.tr\/wp-content\/uploads\/2020\/09\/lake_placid.jpg 800w, https:\/\/julesverne.com.tr\/wp-content\/uploads\/2020\/09\/lake_placid-500x333.jpg 500w, https:\/\/julesverne.com.tr\/wp-content\/uploads\/2020\/09\/lake_placid-768x512.jpg 768w\" sizes=\"(max-width: 800px) 100vw, 800px\" \/><\/strong><\/p>\n<p style=\"text-align: justify;\">Adirondack g&ouml;llerinin en g&uuml;zeli olan ve Placid G&ouml;l&uuml; ile biti\u015fik konumlanan Mirror G&ouml;l&uuml; k\u0131y\u0131s\u0131nda yer alan Lake Placid kasabas\u0131 b&ouml;lgenin t&uuml;m g&uuml;zelli\u011fiyle \u0131\u015f\u0131ld\u0131yor. 1932 ve 1980 K\u0131\u015f Olimpiyatlar\u0131&#8217;n\u0131n ger&ccedil;ekle\u015fti\u011fi kasaba ayn\u0131 zamanda &uuml;nl&uuml; ve zengin isimlerin sayfiye yeri olmu\u015f.<\/p>\n<p style=\"text-align: justify;\">K\u0131\u015f aylar\u0131nda bir&ccedil;ok sporcunun kayak, buz pateni i&ccedil;in ziyaret etti\u011fi Lake Placid bahar aylar\u0131n\u0131n gelmesiyle daha da hareketleniyor. G&ouml;l k\u0131y\u0131s\u0131nda yer alan bir&ccedil;ok otel, restoran ve ma\u011faza ile tam bir yazl\u0131k sayfiye yerine d&ouml;n&uuml;\u015fen Lake Placid&#8217;de do\u011fan\u0131n uyan\u0131\u015f\u0131na tan\u0131kl\u0131k edebilirsiniz.<\/p>\n<p style=\"text-align: justify;\"><strong>Kaynak: Jabiroo<\/strong><\/p>\n<h4 style=\"text-align: center;\"><strong>Size &ouml;zel seyahat program\u0131 ve rezervasyon i&ccedil;in:<br \/><\/strong><strong><a href=\"mailto:travel@julesverne.com.tr\" target=\"_blank\" rel=\"noopener noreferrer\">travel@julesverne.com.tr<\/a><br \/><\/strong><strong>0212 266 6363 &#8211; 118<\/strong><\/h4>\n<\/p>\n<p><\/p>","protected":false},"excerpt":{"rendered":"<p>Deniz ve plaj mevsimi ba\u015flamadan hemen &ouml;nce do\u011fan\u0131n t&uuml;m enerjisini ve g&uuml;zelli\u011fini hissedece\u011fimiz rotalar\u0131 ara\u015ft\u0131rd\u0131k. \u0130\u015fte, Fransa&rsquo;dan Kanada&rsquo;ya, Avusturya&rsquo;dan \u0130svi&ccedil;re&rsquo;ye tablo gibi g&ouml;r&uuml;nen g&ouml;l b&ouml;lgeleri&hellip;<\/p>\n","protected":false},"author":1,"featured_media":13538,"comment_status":"closed","ping_status":"closed","sticky":false,"template":"","format":"standard","meta":{"inline_featured_image":false,"footnotes":""},"categories":[38,1,39],"tags":[],"acf":[],"yoast_head":"<!-- This site is optimized with the Yoast SEO plugin v22.3 - https:\/\/yoast.com\/wordpress\/plugins\/seo\/ -->\n<title>Bahar Aylar\u0131n\u0131n En \u00c7ok Yak\u0131\u015ft\u0131\u011f\u0131 G\u00f6ller - JULES VERNE BUSINESS MICE TRAVEL<\/title>\n<meta name=\"description\" content=\"\u0130lkbahar\u0131n gelmesiyle birlikte bamba\u015fka bir g\u00fczelli\u011fe b\u00fcr\u00fcnen destinasyonlar bahar\u0131n tad\u0131n\u0131 \u00e7\u0131karmak isteyen gezginleri bekliyor.\u00a0Deniz ve plaj mevsimi ba\u015flamadan \u00f6nce do\u011fan\u0131n t\u00fcm enerjisini ve g\u00fczelli\u011fini hissedece\u011fimiz g\u00f6l rotalar\u0131n\u0131 sizler i\u00e7in yazd\u0131k. Fransa\u2019dan Kanada\u2019ya, Avusturya\u2019dan \u0130svi\u00e7re\u2019ye tablo gibi g\u00f6r\u00fcnen g\u00f6l b\u00f6lgeleri\u2026\" \/>\n<meta name=\"robots\" content=\"index, follow, max-snippet:-1, max-image-preview:large, max-video-preview:-1\" \/>\n<link rel=\"canonical\" href=\"https:\/\/julesverne.com.tr\/travel-blog\/bahar-aylarinin-en-cok-yakistigi-goller\/\" \/>\n<meta property=\"og:locale\" content=\"en_US\" \/>\n<meta property=\"og:type\" content=\"article\" \/>\n<meta property=\"og:title\" content=\"[:tr]Bahar Aylar\u0131n\u0131n En \u00c7ok Yak\u0131\u015ft\u0131\u011f\u0131 G\u00f6l Rotalar\u0131[:en]Bahar Aylar\u0131n\u0131n En \u00c7ok Yak\u0131\u015ft\u0131\u011f\u0131 G\u00f6ller[:] - JULES VERNE BUSINESS MICE TRAVEL\" \/>\n<meta property=\"og:description\" content=\"\u0130lkbahar\u0131n gelmesiyle birlikte bamba\u015fka bir g\u00fczelli\u011fe b\u00fcr\u00fcnen destinasyonlar bahar\u0131n tad\u0131n\u0131 \u00e7\u0131karmak isteyen gezginleri bekliyor.\u00a0Deniz ve plaj mevsimi ba\u015flamadan \u00f6nce do\u011fan\u0131n t\u00fcm enerjisini ve g\u00fczelli\u011fini hissedece\u011fimiz g\u00f6l rotalar\u0131n\u0131 sizler i\u00e7in yazd\u0131k. Fransa\u2019dan Kanada\u2019ya, Avusturya\u2019dan \u0130svi\u00e7re\u2019ye tablo gibi g\u00f6r\u00fcnen g\u00f6l b\u00f6lgeleri\u2026\" \/>\n<meta property=\"og:url\" content=\"https:\/\/julesverne.com.tr\/travel-blog\/bahar-aylarinin-en-cok-yakistigi-goller\/\" \/>\n<meta property=\"og:site_name\" content=\"JULES VERNE BUSINESS MICE TRAVEL\" \/>\n<meta property=\"article:publisher\" content=\"https:\/\/www.facebook.com\/JulesVerneBusinessMiceTravel\/\" \/>\n<meta property=\"article:published_time\" content=\"2023-04-07T06:20:28+00:00\" \/>\n<meta property=\"article:modified_time\" content=\"2023-04-07T08:02:43+00:00\" \/>\n<meta property=\"og:image\" content=\"https:\/\/julesverne.com.tr\/wp-content\/uploads\/2022\/05\/Hallstatt_shutterstock_.jpg\" \/>\n\t<meta property=\"og:image:width\" content=\"1000\" \/>\n\t<meta property=\"og:image:height\" content=\"667\" \/>\n\t<meta property=\"og:image:type\" content=\"image\/jpeg\" \/>\n<meta name=\"author\" content=\"fikirman\" \/>\n<meta name=\"twitter:card\" content=\"summary_large_image\" \/>\n<meta name=\"twitter:creator\" content=\"@JV_BusinessMice\" \/>\n<meta name=\"twitter:site\" content=\"@JV_BusinessMice\" \/>\n<meta name=\"twitter:label1\" content=\"Written by\" \/>\n\t<meta name=\"twitter:data1\" content=\"fikirman\" \/>\n\t<meta name=\"twitter:label2\" content=\"Est. reading time\" \/>\n\t<meta name=\"twitter:data2\" content=\"6 minutes\" \/>\n<script type=\"application\/ld+json\" class=\"yoast-schema-graph\">{\"@context\":\"https:\/\/schema.org\",\"@graph\":[{\"@type\":\"Article\",\"@id\":\"https:\/\/julesverne.com.tr\/travel-blog\/bahar-aylarinin-en-cok-yakistigi-goller\/#article\",\"isPartOf\":{\"@id\":\"https:\/\/julesverne.com.tr\/travel-blog\/bahar-aylarinin-en-cok-yakistigi-goller\/\"},\"author\":{\"name\":\"fikirman\",\"@id\":\"https:\/\/julesverne.com.tr\/#\/schema\/person\/f4eb0514ae455538644c31b99a466fdb\"},\"headline\":\"Bahar Aylar\u0131n\u0131n En \u00c7ok Yak\u0131\u015ft\u0131\u011f\u0131 G\u00f6ller\",\"datePublished\":\"2023-04-07T06:20:28+00:00\",\"dateModified\":\"2023-04-07T08:02:43+00:00\",\"mainEntityOfPage\":{\"@id\":\"https:\/\/julesverne.com.tr\/travel-blog\/bahar-aylarinin-en-cok-yakistigi-goller\/\"},\"wordCount\":2192,\"publisher\":{\"@id\":\"https:\/\/julesverne.com.tr\/#organization\"},\"image\":{\"@id\":\"https:\/\/julesverne.com.tr\/travel-blog\/bahar-aylarinin-en-cok-yakistigi-goller\/#primaryimage\"},\"thumbnailUrl\":\"https:\/\/julesverne.com.tr\/wp-content\/uploads\/2022\/05\/Hallstatt_shutterstock_.jpg\",\"articleSection\":[\"\u0130lham Veren Destinasyonlar\",\"Blog\",\"Nereye Gitsek?\"],\"inLanguage\":\"en-US\"},{\"@type\":\"WebPage\",\"@id\":\"https:\/\/julesverne.com.tr\/travel-blog\/bahar-aylarinin-en-cok-yakistigi-goller\/\",\"url\":\"https:\/\/julesverne.com.tr\/travel-blog\/bahar-aylarinin-en-cok-yakistigi-goller\/\",\"name\":\"[:tr]Bahar Aylar\u0131n\u0131n En \u00c7ok Yak\u0131\u015ft\u0131\u011f\u0131 G\u00f6l Rotalar\u0131[:en]Bahar Aylar\u0131n\u0131n En \u00c7ok Yak\u0131\u015ft\u0131\u011f\u0131 G\u00f6ller[:] - JULES VERNE BUSINESS MICE TRAVEL\",\"isPartOf\":{\"@id\":\"https:\/\/julesverne.com.tr\/#website\"},\"primaryImageOfPage\":{\"@id\":\"https:\/\/julesverne.com.tr\/travel-blog\/bahar-aylarinin-en-cok-yakistigi-goller\/#primaryimage\"},\"image\":{\"@id\":\"https:\/\/julesverne.com.tr\/travel-blog\/bahar-aylarinin-en-cok-yakistigi-goller\/#primaryimage\"},\"thumbnailUrl\":\"https:\/\/julesverne.com.tr\/wp-content\/uploads\/2022\/05\/Hallstatt_shutterstock_.jpg\",\"datePublished\":\"2023-04-07T06:20:28+00:00\",\"dateModified\":\"2023-04-07T08:02:43+00:00\",\"description\":\"\u0130lkbahar\u0131n gelmesiyle birlikte bamba\u015fka bir g\u00fczelli\u011fe b\u00fcr\u00fcnen destinasyonlar bahar\u0131n tad\u0131n\u0131 \u00e7\u0131karmak isteyen gezginleri bekliyor.\u00a0Deniz ve plaj mevsimi ba\u015flamadan \u00f6nce do\u011fan\u0131n t\u00fcm enerjisini ve g\u00fczelli\u011fini hissedece\u011fimiz g\u00f6l rotalar\u0131n\u0131 sizler i\u00e7in yazd\u0131k. Fransa\u2019dan Kanada\u2019ya, Avusturya\u2019dan \u0130svi\u00e7re\u2019ye tablo gibi g\u00f6r\u00fcnen g\u00f6l b\u00f6lgeleri\u2026\",\"breadcrumb\":{\"@id\":\"https:\/\/julesverne.com.tr\/travel-blog\/bahar-aylarinin-en-cok-yakistigi-goller\/#breadcrumb\"},\"inLanguage\":\"en-US\",\"potentialAction\":[{\"@type\":\"ReadAction\",\"target\":[\"https:\/\/julesverne.com.tr\/travel-blog\/bahar-aylarinin-en-cok-yakistigi-goller\/\"]}]},{\"@type\":\"ImageObject\",\"inLanguage\":\"en-US\",\"@id\":\"https:\/\/julesverne.com.tr\/travel-blog\/bahar-aylarinin-en-cok-yakistigi-goller\/#primaryimage\",\"url\":\"https:\/\/julesverne.com.tr\/wp-content\/uploads\/2022\/05\/Hallstatt_shutterstock_.jpg\",\"contentUrl\":\"https:\/\/julesverne.com.tr\/wp-content\/uploads\/2022\/05\/Hallstatt_shutterstock_.jpg\",\"width\":1000,\"height\":667},{\"@type\":\"BreadcrumbList\",\"@id\":\"https:\/\/julesverne.com.tr\/travel-blog\/bahar-aylarinin-en-cok-yakistigi-goller\/#breadcrumb\",\"itemListElement\":[{\"@type\":\"ListItem\",\"position\":1,\"name\":\"Anasayfa\",\"item\":\"https:\/\/julesverne.com.tr\/\"},{\"@type\":\"ListItem\",\"position\":2,\"name\":\"Bahar Aylar\u0131n\u0131n En \u00c7ok Yak\u0131\u015ft\u0131\u011f\u0131 G\u00f6l Rotalar\u0131\"}]},{\"@type\":\"WebSite\",\"@id\":\"https:\/\/julesverne.com.tr\/#website\",\"url\":\"https:\/\/julesverne.com.tr\/\",\"name\":\"JULES VERNE BUSINESS MICE TRAVEL\",\"description\":\"\",\"publisher\":{\"@id\":\"https:\/\/julesverne.com.tr\/#organization\"},\"potentialAction\":[{\"@type\":\"SearchAction\",\"target\":{\"@type\":\"EntryPoint\",\"urlTemplate\":\"https:\/\/julesverne.com.tr\/?s={search_term_string}\"},\"query-input\":\"required name=search_term_string\"}],\"inLanguage\":\"en-US\"},{\"@type\":\"Organization\",\"@id\":\"https:\/\/julesverne.com.tr\/#organization\",\"name\":\"JULES VERNE BUSINESS MICE TRAVEL\",\"url\":\"https:\/\/julesverne.com.tr\/\",\"logo\":{\"@type\":\"ImageObject\",\"inLanguage\":\"en-US\",\"@id\":\"https:\/\/julesverne.com.tr\/#\/schema\/logo\/image\/\",\"url\":\"https:\/\/julesverne.com.tr\/wp-content\/uploads\/2020\/09\/jv-bmt-logo.png\",\"contentUrl\":\"https:\/\/julesverne.com.tr\/wp-content\/uploads\/2020\/09\/jv-bmt-logo.png\",\"width\":110,\"height\":81,\"caption\":\"JULES VERNE BUSINESS MICE TRAVEL\"},\"image\":{\"@id\":\"https:\/\/julesverne.com.tr\/#\/schema\/logo\/image\/\"},\"sameAs\":[\"https:\/\/www.facebook.com\/JulesVerneBusinessMiceTravel\/\",\"https:\/\/twitter.com\/JV_BusinessMice\",\"https:\/\/www.instagram.com\/julesvernebusinessmicetravel\/\",\"https:\/\/www.linkedin.com\/company\/julesvernebusinessmicetravel\/\",\"https:\/\/www.youtube.com\/channel\/UCAwdsmbZ6tFhu1tea6pkpiw\"]},{\"@type\":\"Person\",\"@id\":\"https:\/\/julesverne.com.tr\/#\/schema\/person\/f4eb0514ae455538644c31b99a466fdb\",\"name\":\"fikirman\",\"sameAs\":[\"http:\/\/advermedya.net\/julesverne\"],\"url\":\"https:\/\/julesverne.com.tr\/en\/author\/fikirman\/\"}]}<\/script>\n<!-- \/ Yoast SEO plugin. -->","yoast_head_json":{"title":"[:tr]Bahar Aylar\u0131n\u0131n En \u00c7ok Yak\u0131\u015ft\u0131\u011f\u0131 G\u00f6l Rotalar\u0131[:en]Bahar Aylar\u0131n\u0131n En \u00c7ok Yak\u0131\u015ft\u0131\u011f\u0131 G\u00f6ller[:] - JULES VERNE BUSINESS MICE TRAVEL","description":"\u0130lkbahar\u0131n gelmesiyle birlikte bamba\u015fka bir g\u00fczelli\u011fe b\u00fcr\u00fcnen destinasyonlar bahar\u0131n tad\u0131n\u0131 \u00e7\u0131karmak isteyen gezginleri bekliyor.\u00a0Deniz ve plaj mevsimi ba\u015flamadan \u00f6nce do\u011fan\u0131n t\u00fcm enerjisini ve g\u00fczelli\u011fini hissedece\u011fimiz g\u00f6l rotalar\u0131n\u0131 sizler i\u00e7in yazd\u0131k. Fransa\u2019dan Kanada\u2019ya, Avusturya\u2019dan \u0130svi\u00e7re\u2019ye tablo gibi g\u00f6r\u00fcnen g\u00f6l b\u00f6lgeleri\u2026","robots":{"index":"index","follow":"follow","max-snippet":"max-snippet:-1","max-image-preview":"max-image-preview:large","max-video-preview":"max-video-preview:-1"},"canonical":"https:\/\/julesverne.com.tr\/travel-blog\/bahar-aylarinin-en-cok-yakistigi-goller\/","og_locale":"en_US","og_type":"article","og_title":"[:tr]Bahar Aylar\u0131n\u0131n En \u00c7ok Yak\u0131\u015ft\u0131\u011f\u0131 G\u00f6l Rotalar\u0131[:en]Bahar Aylar\u0131n\u0131n En \u00c7ok Yak\u0131\u015ft\u0131\u011f\u0131 G\u00f6ller[:] - JULES VERNE BUSINESS MICE TRAVEL","og_description":"\u0130lkbahar\u0131n gelmesiyle birlikte bamba\u015fka bir g\u00fczelli\u011fe b\u00fcr\u00fcnen destinasyonlar bahar\u0131n tad\u0131n\u0131 \u00e7\u0131karmak isteyen gezginleri bekliyor.\u00a0Deniz ve plaj mevsimi ba\u015flamadan \u00f6nce do\u011fan\u0131n t\u00fcm enerjisini ve g\u00fczelli\u011fini hissedece\u011fimiz g\u00f6l rotalar\u0131n\u0131 sizler i\u00e7in yazd\u0131k. Fransa\u2019dan Kanada\u2019ya, Avusturya\u2019dan \u0130svi\u00e7re\u2019ye tablo gibi g\u00f6r\u00fcnen g\u00f6l b\u00f6lgeleri\u2026","og_url":"https:\/\/julesverne.com.tr\/travel-blog\/bahar-aylarinin-en-cok-yakistigi-goller\/","og_site_name":"JULES VERNE BUSINESS MICE TRAVEL","article_publisher":"https:\/\/www.facebook.com\/JulesVerneBusinessMiceTravel\/","article_published_time":"2023-04-07T06:20:28+00:00","article_modified_time":"2023-04-07T08:02:43+00:00","og_image":[{"width":1000,"height":667,"url":"https:\/\/julesverne.com.tr\/wp-content\/uploads\/2022\/05\/Hallstatt_shutterstock_.jpg","type":"image\/jpeg"}],"author":"fikirman","twitter_card":"summary_large_image","twitter_creator":"@JV_BusinessMice","twitter_site":"@JV_BusinessMice","twitter_misc":{"Written by":"fikirman","Est. reading time":"6 minutes"},"schema":{"@context":"https:\/\/schema.org","@graph":[{"@type":"Article","@id":"https:\/\/julesverne.com.tr\/travel-blog\/bahar-aylarinin-en-cok-yakistigi-goller\/#article","isPartOf":{"@id":"https:\/\/julesverne.com.tr\/travel-blog\/bahar-aylarinin-en-cok-yakistigi-goller\/"},"author":{"name":"fikirman","@id":"https:\/\/julesverne.com.tr\/#\/schema\/person\/f4eb0514ae455538644c31b99a466fdb"},"headline":"Bahar Aylar\u0131n\u0131n En \u00c7ok Yak\u0131\u015ft\u0131\u011f\u0131 G\u00f6ller","datePublished":"2023-04-07T06:20:28+00:00","dateModified":"2023-04-07T08:02:43+00:00","mainEntityOfPage":{"@id":"https:\/\/julesverne.com.tr\/travel-blog\/bahar-aylarinin-en-cok-yakistigi-goller\/"},"wordCount":2192,"publisher":{"@id":"https:\/\/julesverne.com.tr\/#organization"},"image":{"@id":"https:\/\/julesverne.com.tr\/travel-blog\/bahar-aylarinin-en-cok-yakistigi-goller\/#primaryimage"},"thumbnailUrl":"https:\/\/julesverne.com.tr\/wp-content\/uploads\/2022\/05\/Hallstatt_shutterstock_.jpg","articleSection":["\u0130lham Veren Destinasyonlar","Blog","Nereye Gitsek?"],"inLanguage":"en-US"},{"@type":"WebPage","@id":"https:\/\/julesverne.com.tr\/travel-blog\/bahar-aylarinin-en-cok-yakistigi-goller\/","url":"https:\/\/julesverne.com.tr\/travel-blog\/bahar-aylarinin-en-cok-yakistigi-goller\/","name":"[:tr]Bahar Aylar\u0131n\u0131n En \u00c7ok Yak\u0131\u015ft\u0131\u011f\u0131 G\u00f6l Rotalar\u0131[:en]Bahar Aylar\u0131n\u0131n En \u00c7ok Yak\u0131\u015ft\u0131\u011f\u0131 G\u00f6ller[:] - JULES VERNE BUSINESS MICE TRAVEL","isPartOf":{"@id":"https:\/\/julesverne.com.tr\/#website"},"primaryImageOfPage":{"@id":"https:\/\/julesverne.com.tr\/travel-blog\/bahar-aylarinin-en-cok-yakistigi-goller\/#primaryimage"},"image":{"@id":"https:\/\/julesverne.com.tr\/travel-blog\/bahar-aylarinin-en-cok-yakistigi-goller\/#primaryimage"},"thumbnailUrl":"https:\/\/julesverne.com.tr\/wp-content\/uploads\/2022\/05\/Hallstatt_shutterstock_.jpg","datePublished":"2023-04-07T06:20:28+00:00","dateModified":"2023-04-07T08:02:43+00:00","description":"\u0130lkbahar\u0131n gelmesiyle birlikte bamba\u015fka bir g\u00fczelli\u011fe b\u00fcr\u00fcnen destinasyonlar bahar\u0131n tad\u0131n\u0131 \u00e7\u0131karmak isteyen gezginleri bekliyor.\u00a0Deniz ve plaj mevsimi ba\u015flamadan \u00f6nce do\u011fan\u0131n t\u00fcm enerjisini ve g\u00fczelli\u011fini hissedece\u011fimiz g\u00f6l rotalar\u0131n\u0131 sizler i\u00e7in yazd\u0131k. Fransa\u2019dan Kanada\u2019ya, Avusturya\u2019dan \u0130svi\u00e7re\u2019ye tablo gibi g\u00f6r\u00fcnen g\u00f6l b\u00f6lgeleri\u2026","breadcrumb":{"@id":"https:\/\/julesverne.com.tr\/travel-blog\/bahar-aylarinin-en-cok-yakistigi-goller\/#breadcrumb"},"inLanguage":"en-US","potentialAction":[{"@type":"ReadAction","target":["https:\/\/julesverne.com.tr\/travel-blog\/bahar-aylarinin-en-cok-yakistigi-goller\/"]}]},{"@type":"ImageObject","inLanguage":"en-US","@id":"https:\/\/julesverne.com.tr\/travel-blog\/bahar-aylarinin-en-cok-yakistigi-goller\/#primaryimage","url":"https:\/\/julesverne.com.tr\/wp-content\/uploads\/2022\/05\/Hallstatt_shutterstock_.jpg","contentUrl":"https:\/\/julesverne.com.tr\/wp-content\/uploads\/2022\/05\/Hallstatt_shutterstock_.jpg","width":1000,"height":667},{"@type":"BreadcrumbList","@id":"https:\/\/julesverne.com.tr\/travel-blog\/bahar-aylarinin-en-cok-yakistigi-goller\/#breadcrumb","itemListElement":[{"@type":"ListItem","position":1,"name":"Anasayfa","item":"https:\/\/julesverne.com.tr\/"},{"@type":"ListItem","position":2,"name":"Bahar Aylar\u0131n\u0131n En \u00c7ok Yak\u0131\u015ft\u0131\u011f\u0131 G\u00f6l Rotalar\u0131"}]},{"@type":"WebSite","@id":"https:\/\/julesverne.com.tr\/#website","url":"https:\/\/julesverne.com.tr\/","name":"JULES VERNE BUSINESS MICE TRAVEL","description":"","publisher":{"@id":"https:\/\/julesverne.com.tr\/#organization"},"potentialAction":[{"@type":"SearchAction","target":{"@type":"EntryPoint","urlTemplate":"https:\/\/julesverne.com.tr\/?s={search_term_string}"},"query-input":"required name=search_term_string"}],"inLanguage":"en-US"},{"@type":"Organization","@id":"https:\/\/julesverne.com.tr\/#organization","name":"JULES VERNE BUSINESS MICE TRAVEL","url":"https:\/\/julesverne.com.tr\/","logo":{"@type":"ImageObject","inLanguage":"en-US","@id":"https:\/\/julesverne.com.tr\/#\/schema\/logo\/image\/","url":"https:\/\/julesverne.com.tr\/wp-content\/uploads\/2020\/09\/jv-bmt-logo.png","contentUrl":"https:\/\/julesverne.com.tr\/wp-content\/uploads\/2020\/09\/jv-bmt-logo.png","width":110,"height":81,"caption":"JULES VERNE BUSINESS MICE TRAVEL"},"image":{"@id":"https:\/\/julesverne.com.tr\/#\/schema\/logo\/image\/"},"sameAs":["https:\/\/www.facebook.com\/JulesVerneBusinessMiceTravel\/","https:\/\/twitter.com\/JV_BusinessMice","https:\/\/www.instagram.com\/julesvernebusinessmicetravel\/","https:\/\/www.linkedin.com\/company\/julesvernebusinessmicetravel\/","https:\/\/www.youtube.com\/channel\/UCAwdsmbZ6tFhu1tea6pkpiw"]},{"@type":"Person","@id":"https:\/\/julesverne.com.tr\/#\/schema\/person\/f4eb0514ae455538644c31b99a466fdb","name":"fikirman","sameAs":["http:\/\/advermedya.net\/julesverne"],"url":"https:\/\/julesverne.com.tr\/en\/author\/fikirman\/"}]}},"_links":{"self":[{"href":"https:\/\/julesverne.com.tr\/en\/wp-json\/wp\/v2\/posts\/2105"}],"collection":[{"href":"https:\/\/julesverne.com.tr\/en\/wp-json\/wp\/v2\/posts"}],"about":[{"href":"https:\/\/julesverne.com.tr\/en\/wp-json\/wp\/v2\/types\/post"}],"author":[{"embeddable":true,"href":"https:\/\/julesverne.com.tr\/en\/wp-json\/wp\/v2\/users\/1"}],"replies":[{"embeddable":true,"href":"https:\/\/julesverne.com.tr\/en\/wp-json\/wp\/v2\/comments?post=2105"}],"version-history":[{"count":2,"href":"https:\/\/julesverne.com.tr\/en\/wp-json\/wp\/v2\/posts\/2105\/revisions"}],"predecessor-version":[{"id":15068,"href":"https:\/\/julesverne.com.tr\/en\/wp-json\/wp\/v2\/posts\/2105\/revisions\/15068"}],"wp:featuredmedia":[{"embeddable":true,"href":"https:\/\/julesverne.com.tr\/en\/wp-json\/wp\/v2\/media\/13538"}],"wp:attachment":[{"href":"https:\/\/julesverne.com.tr\/en\/wp-json\/wp\/v2\/media?parent=2105"}],"wp:term":[{"taxonomy":"category","embeddable":true,"href":"https:\/\/julesverne.com.tr\/en\/wp-json\/wp\/v2\/categories?post=2105"},{"taxonomy":"post_tag","embeddable":true,"href":"https:\/\/julesverne.com.tr\/en\/wp-json\/wp\/v2\/tags?post=2105"}],"curies":[{"name":"wp","href":"https:\/\/api.w.org\/{rel}","templated":true}]}}