{"id":2103,"date":"2019-04-18T10:42:42","date_gmt":"2019-04-18T07:42:42","guid":{"rendered":"https:\/\/www.julesverne.com.tr\/\/blog\/daha-iyi-bir-dunya-icin-bilincli-seyahat\/"},"modified":"2024-03-22T14:54:22","modified_gmt":"2024-03-22T11:54:22","slug":"daha-iyi-bir-dunya-icin-bilincli-seyahat","status":"publish","type":"post","link":"https:\/\/julesverne.com.tr\/en\/travel-blog\/daha-iyi-bir-dunya-icin-bilincli-seyahat\/","title":{"rendered":"Daha \u0130yi Bir D\u00fcnya \u0130\u00e7in Bilin\u00e7li Seyahat"},"content":{"rendered":"<p><\/p>\n<p><p style=\"text-align: center;\"><strong><img loading=\"lazy\" decoding=\"async\" class=\"alignnone size-full wp-image-3697\" src=\"https:\/\/www.julesverne.com.tr\/\/wp-content\/uploads\/2020\/09\/shutterstock_1158369922.jpg\" width=\"900\" height=\"600\" alt=\"\" srcset=\"https:\/\/julesverne.com.tr\/wp-content\/uploads\/2020\/09\/shutterstock_1158369922.jpg 900w, https:\/\/julesverne.com.tr\/wp-content\/uploads\/2020\/09\/shutterstock_1158369922-500x333.jpg 500w, https:\/\/julesverne.com.tr\/wp-content\/uploads\/2020\/09\/shutterstock_1158369922-768x512.jpg 768w\" sizes=\"(max-width: 900px) 100vw, 900px\" \/><\/strong><\/p>\n<p><strong>15-22 Nisan<\/strong> tarihlerinde kutlanan <strong>D&uuml;nya Turizm Haftas\u0131<\/strong> vesilesiyle gezginler aras\u0131nda giderek artan bilin&ccedil;li seyahat deneyimlerini kaleme almak istedik. Yerel &ccedil;evrelerin korunmas\u0131, kalk\u0131nmas\u0131 ve ekonomiye katk\u0131 sa\u011flamas\u0131 a&ccedil;\u0131s\u0131ndan son y\u0131llarda gezginler aras\u0131nda daha da &ouml;nem kazand\u0131. \u0130\u015fte, arkan\u0131zda do\u011faya zarar vermeden nas\u0131l seyahat edebilece\u011finiz hakk\u0131nda baz\u0131 ipu&ccedil;lar\u0131:<\/p>\n<p>Do\u011fa ve lokal k&uuml;lt&uuml;rlerin korunmas\u0131 i&ccedil;in ne yapabilirim diyen bir gezginseniz bir&ccedil;ok se&ccedil;enek var, ancak t&uuml;m bu s&uuml;rd&uuml;r&uuml;lebilir seyahat terimleri asl\u0131nda ne anlama geliyor?<\/p>\n<p><strong>Peki, size uygun olan d&uuml;nya dostu seyahat tercihi hangisi?<\/strong><\/p>\n<h4><strong>Ye\u015fil Turizm<\/strong><\/h4>\n<p style=\"text-align: center;\"><strong><img loading=\"lazy\" decoding=\"async\" class=\"alignnone size-full wp-image-3698\" src=\"https:\/\/www.julesverne.com.tr\/\/wp-content\/uploads\/2020\/09\/shutterstock_1006962364.jpg\" width=\"800\" height=\"533\" alt=\"\" srcset=\"https:\/\/julesverne.com.tr\/wp-content\/uploads\/2020\/09\/shutterstock_1006962364.jpg 800w, https:\/\/julesverne.com.tr\/wp-content\/uploads\/2020\/09\/shutterstock_1006962364-500x333.jpg 500w, https:\/\/julesverne.com.tr\/wp-content\/uploads\/2020\/09\/shutterstock_1006962364-768x512.jpg 768w\" sizes=\"(max-width: 800px) 100vw, 800px\" \/><\/strong><\/p>\n<p>Ye\u015fil turizm her zaman kula\u011fa ho\u015f gelse de, &ccedil;o\u011funlukla otel markalar\u0131 bu terimin alt\u0131n\u0131 dolduram\u0131yor. Herhangi bir s&uuml;rd&uuml;r&uuml;lebilirlik &ccedil;al\u0131\u015fmas\u0131 olmadan &ccedil;evre dostu bir otel olmak elbette imk&acirc;ns\u0131z&#8230; Ye\u015fil turizm, otel odalar\u0131nda g&ouml;rd&uuml;\u011f&uuml;m&uuml;z &#8220;&ccedil;evreye duyarl\u0131 olmak i&ccedil;in havlular\u0131n\u0131z tekrar kullanabilirsiniz&#8221; uyar\u0131s\u0131ndan &ccedil;ok daha fazlas\u0131.<\/p>\n<p>\u0130lk olarak 1980&#8217;li y\u0131llarda ortaya &ccedil;\u0131kan &#8220;ye\u015fil turizm&#8221;, &ccedil;evresel etkileri en aza indirerek, do\u011fal alanlar\u0131n ziyaretini kapsayan k&uuml;&ccedil;&uuml;k &ouml;l&ccedil;ekli turizm olarak a&ccedil;\u0131klan\u0131yordu. Ye\u015fil turizmi, eko turizm ve s&uuml;rd&uuml;r&uuml;lebilir turizm kavramlar\u0131n\u0131n genel &ccedil;at\u0131s\u0131 olarak d&uuml;\u015f&uuml;nebiliriz.<\/p>\n<p><strong>Birbirini destekleseler de &ldquo;ekoturizm&rdquo; ve &ldquo;s&uuml;rd&uuml;r&uuml;lebilir turizm&rdquo; aras\u0131ndaki farkl\u0131l\u0131klardan da bahsedelim.<\/strong><\/p>\n<h4><strong>Ekoturizm<\/strong><\/h4>\n<p style=\"text-align: center;\"><strong><img loading=\"lazy\" decoding=\"async\" class=\"alignnone size-full wp-image-3699\" src=\"https:\/\/www.julesverne.com.tr\/\/wp-content\/uploads\/2020\/09\/shutterstock_318740831.jpg\" width=\"800\" height=\"533\" alt=\"\" srcset=\"https:\/\/julesverne.com.tr\/wp-content\/uploads\/2020\/09\/shutterstock_318740831.jpg 800w, https:\/\/julesverne.com.tr\/wp-content\/uploads\/2020\/09\/shutterstock_318740831-500x333.jpg 500w, https:\/\/julesverne.com.tr\/wp-content\/uploads\/2020\/09\/shutterstock_318740831-768x512.jpg 768w\" sizes=\"(max-width: 800px) 100vw, 800px\" \/><\/strong><\/p>\n<p>\u0130lk kez 1992 Rio &Ccedil;evre Zirvesi&#8217;nde s&uuml;rd&uuml;r&uuml;lebilir bir d&uuml;nya ve &ccedil;evre i&ccedil;in konan kriterler 2002 y\u0131l\u0131nda yap\u0131lan zirve ile g&uuml;ncel halini ald\u0131. Uluslararas\u0131 Ekoturizm Derne\u011fi&#8217;ne g&ouml;re eko turizm; &#8220;yery&uuml;z&uuml;n&uuml;n do\u011fal kaynaklar\u0131n\u0131n s&uuml;rd&uuml;r&uuml;lebilirli\u011fini g&uuml;vence alt\u0131na alan, bunun yan\u0131 s\u0131ra yerel halklar\u0131n ekonomik kalk\u0131nmas\u0131na destek olurken, sosyal ve k&uuml;lt&uuml;rel b&uuml;t&uuml;nl&uuml;klerini koruyup g&ouml;zeten bir yakla\u015f\u0131m ya da tav\u0131r&#8221; olarak a&ccedil;\u0131klan\u0131yor. Ekoturizm, vah\u015fi ya\u015fam alanlar\u0131n\u0131n korunmas\u0131na ve do\u011fal kaynaklar\u0131n\u0131n do\u011fru kullan\u0131m\u0131na odaklan\u0131yor.<\/p>\n<h4><strong>S&uuml;rd&uuml;r&uuml;lebilir Turizm<\/strong><\/h4>\n<p style=\"text-align: center;\"><strong><img loading=\"lazy\" decoding=\"async\" class=\"alignnone size-full wp-image-3700\" src=\"https:\/\/www.julesverne.com.tr\/\/wp-content\/uploads\/2020\/09\/shutterstock_776483545.jpg\" width=\"900\" height=\"506\" alt=\"\" srcset=\"https:\/\/julesverne.com.tr\/wp-content\/uploads\/2020\/09\/shutterstock_776483545.jpg 900w, https:\/\/julesverne.com.tr\/wp-content\/uploads\/2020\/09\/shutterstock_776483545-500x281.jpg 500w, https:\/\/julesverne.com.tr\/wp-content\/uploads\/2020\/09\/shutterstock_776483545-768x432.jpg 768w, https:\/\/julesverne.com.tr\/wp-content\/uploads\/2020\/09\/shutterstock_776483545-400x225.jpg 400w\" sizes=\"(max-width: 900px) 100vw, 900px\" \/><\/strong><\/p>\n<p>Uluslararas\u0131 Ekoturizm Derne\u011fi&#8217;ne g&ouml;re s&uuml;rd&uuml;r&uuml;lebilir turizm &#8220;mevcut ve gelecekteki ekonomik, sosyal ve &ccedil;evresel etkileri hakk\u0131nda sorumluluk alan, sadece m&uuml;\u015fterilerine de\u011fil, do\u011faya ve topluma da fayda sa\u011flayan turizm&#8221; olarak ifade ediliyor. Sadece gelece\u011fi de\u011fil ge&ccedil;mi\u015fi de koruma bilincine odaklanan s&uuml;rd&uuml;r&uuml;lebilir turizm kavram\u0131 tarihsel, k&uuml;lt&uuml;rel ve do\u011fal miras\u0131n korunmas\u0131n\u0131 da kaps\u0131yor.<\/p>\n<h3><a href=\"https:\/\/www.julesverne.com.tr\/bizden-haberler\/surdurulebilir-turizmi-destekleyen-stil-sahibi-oteller\" target=\"_blank\" rel=\"noopener noreferrer\"><strong>S&uuml;rd&uuml;r&uuml;lebilir Turizmi Destekleyen Stil Sahibi Oteller<\/strong><\/a><\/h3>\n<p>Tanzanya&#8217;dan ABD&#8217;ye, Avustralya&#8217;dan \u0130svi&ccedil;re&#8217;ye, Peru&#8217;dan Sey\u015feller&#8217;e s&uuml;rd&uuml;r&uuml;lebilir turizmi benimseyen &ccedil;arp\u0131c\u0131 oteller&#8230;<\/p>\n<p style=\"text-align: center;\"><a href=\"https:\/\/www.julesverne.com.tr\/bizden-haberler\/surdurulebilir-turizmi-destekleyen-stil-sahibi-oteller\" target=\"_blank\" rel=\"noopener noreferrer\"><strong><img loading=\"lazy\" decoding=\"async\" class=\"alignnone size-full wp-image-3701\" src=\"https:\/\/www.julesverne.com.tr\/\/wp-content\/uploads\/2020\/09\/the_brando-2-1.jpg\" width=\"1200\" height=\"667\" alt=\"\" srcset=\"https:\/\/julesverne.com.tr\/wp-content\/uploads\/2020\/09\/the_brando-2-1.jpg 1200w, https:\/\/julesverne.com.tr\/wp-content\/uploads\/2020\/09\/the_brando-2-1-500x278.jpg 500w, https:\/\/julesverne.com.tr\/wp-content\/uploads\/2020\/09\/the_brando-2-1-768x427.jpg 768w\" sizes=\"(max-width: 1200px) 100vw, 1200px\" \/><\/strong><\/a><\/p>\n<h4><a href=\"https:\/\/www.julesverne.com.tr\/bizden-haberler\/surdurulebilir-turizmi-destekleyen-stil-sahibi-oteller\" target=\"_blank\" rel=\"noopener noreferrer\"><strong>Yaz\u0131n\u0131n devam\u0131 i&ccedil;in t\u0131klay\u0131n!<\/strong><\/a><\/h4>\n<\/p>\n<p><\/p>","protected":false},"excerpt":{"rendered":"<p>15-22 Nisan tarihlerinde kutlanan D&uuml;nya Turizm Haftas\u0131 vesilesiyle gezginler aras\u0131nda giderek artan bilin&ccedil;li seyahat deneyimlerini kaleme almak istedik.&nbsp;<\/p>\n","protected":false},"author":1,"featured_media":2104,"comment_status":"closed","ping_status":"closed","sticky":false,"template":"","format":"standard","meta":{"inline_featured_image":false,"footnotes":""},"categories":[1,41,5],"tags":[],"acf":[],"yoast_head":"<!-- This site is optimized with the Yoast SEO plugin v22.3 - https:\/\/yoast.com\/wordpress\/plugins\/seo\/ -->\n<title>Daha \u0130yi Bir D\u00fcnya \u0130\u00e7in Bilin\u00e7li Seyahat - JULES VERNE BUSINESS MICE TRAVEL<\/title>\n<meta name=\"description\" content=\"\u0130\u015fte, arkan\u0131zda do\u011faya zarar vermeden nas\u0131l seyahat edebilece\u011finiz hakk\u0131nda baz\u0131 ipu\u00e7lar\u0131...\" \/>\n<meta name=\"robots\" content=\"index, follow, max-snippet:-1, max-image-preview:large, max-video-preview:-1\" \/>\n<link rel=\"canonical\" href=\"https:\/\/julesverne.com.tr\/travel-blog\/daha-iyi-bir-dunya-icin-bilincli-seyahat\/\" \/>\n<meta property=\"og:locale\" content=\"en_US\" \/>\n<meta property=\"og:type\" content=\"article\" \/>\n<meta property=\"og:title\" content=\"Daha \u0130yi Bir D\u00fcnya \u0130\u00e7in Bilin\u00e7li Seyahat - JULES VERNE BUSINESS MICE TRAVEL\" \/>\n<meta property=\"og:description\" content=\"\u0130\u015fte, arkan\u0131zda do\u011faya zarar vermeden nas\u0131l seyahat edebilece\u011finiz hakk\u0131nda baz\u0131 ipu\u00e7lar\u0131...\" \/>\n<meta property=\"og:url\" content=\"https:\/\/julesverne.com.tr\/travel-blog\/daha-iyi-bir-dunya-icin-bilincli-seyahat\/\" \/>\n<meta property=\"og:site_name\" content=\"JULES VERNE BUSINESS MICE TRAVEL\" \/>\n<meta property=\"article:publisher\" content=\"https:\/\/www.facebook.com\/JulesVerneBusinessMiceTravel\/\" \/>\n<meta property=\"article:published_time\" content=\"2019-04-18T07:42:42+00:00\" \/>\n<meta property=\"article:modified_time\" content=\"2024-03-22T11:54:22+00:00\" \/>\n<meta property=\"og:image\" content=\"https:\/\/julesverne.com.tr\/wp-content\/uploads\/2020\/09\/somalisa.jpg\" \/>\n\t<meta property=\"og:image:width\" content=\"960\" \/>\n\t<meta property=\"og:image:height\" content=\"580\" \/>\n\t<meta property=\"og:image:type\" content=\"image\/jpeg\" \/>\n<meta name=\"author\" content=\"fikirman\" \/>\n<meta name=\"twitter:card\" content=\"summary_large_image\" \/>\n<meta name=\"twitter:creator\" content=\"@JV_BusinessMice\" \/>\n<meta name=\"twitter:site\" content=\"@JV_BusinessMice\" \/>\n<meta name=\"twitter:label1\" content=\"Written by\" \/>\n\t<meta name=\"twitter:data1\" content=\"fikirman\" \/>\n\t<meta name=\"twitter:label2\" content=\"Est. reading time\" \/>\n\t<meta name=\"twitter:data2\" content=\"4 minutes\" \/>\n<script type=\"application\/ld+json\" class=\"yoast-schema-graph\">{\"@context\":\"https:\/\/schema.org\",\"@graph\":[{\"@type\":\"Article\",\"@id\":\"https:\/\/julesverne.com.tr\/travel-blog\/daha-iyi-bir-dunya-icin-bilincli-seyahat\/#article\",\"isPartOf\":{\"@id\":\"https:\/\/julesverne.com.tr\/travel-blog\/daha-iyi-bir-dunya-icin-bilincli-seyahat\/\"},\"author\":{\"name\":\"fikirman\",\"@id\":\"https:\/\/julesverne.com.tr\/#\/schema\/person\/f4eb0514ae455538644c31b99a466fdb\"},\"headline\":\"Daha \u0130yi Bir D\u00fcnya \u0130\u00e7in Bilin\u00e7li Seyahat\",\"datePublished\":\"2019-04-18T07:42:42+00:00\",\"dateModified\":\"2024-03-22T11:54:22+00:00\",\"mainEntityOfPage\":{\"@id\":\"https:\/\/julesverne.com.tr\/travel-blog\/daha-iyi-bir-dunya-icin-bilincli-seyahat\/\"},\"wordCount\":1045,\"publisher\":{\"@id\":\"https:\/\/julesverne.com.tr\/#organization\"},\"image\":{\"@id\":\"https:\/\/julesverne.com.tr\/travel-blog\/daha-iyi-bir-dunya-icin-bilincli-seyahat\/#primaryimage\"},\"thumbnailUrl\":\"https:\/\/julesverne.com.tr\/wp-content\/uploads\/2020\/09\/somalisa.jpg\",\"articleSection\":[\"Blog\",\"Seyahat Trendleri\",\"Travel Haberler\"],\"inLanguage\":\"en-US\"},{\"@type\":\"WebPage\",\"@id\":\"https:\/\/julesverne.com.tr\/travel-blog\/daha-iyi-bir-dunya-icin-bilincli-seyahat\/\",\"url\":\"https:\/\/julesverne.com.tr\/travel-blog\/daha-iyi-bir-dunya-icin-bilincli-seyahat\/\",\"name\":\"Daha \u0130yi Bir D\u00fcnya \u0130\u00e7in Bilin\u00e7li Seyahat - JULES VERNE BUSINESS MICE TRAVEL\",\"isPartOf\":{\"@id\":\"https:\/\/julesverne.com.tr\/#website\"},\"primaryImageOfPage\":{\"@id\":\"https:\/\/julesverne.com.tr\/travel-blog\/daha-iyi-bir-dunya-icin-bilincli-seyahat\/#primaryimage\"},\"image\":{\"@id\":\"https:\/\/julesverne.com.tr\/travel-blog\/daha-iyi-bir-dunya-icin-bilincli-seyahat\/#primaryimage\"},\"thumbnailUrl\":\"https:\/\/julesverne.com.tr\/wp-content\/uploads\/2020\/09\/somalisa.jpg\",\"datePublished\":\"2019-04-18T07:42:42+00:00\",\"dateModified\":\"2024-03-22T11:54:22+00:00\",\"description\":\"\u0130\u015fte, arkan\u0131zda do\u011faya zarar vermeden nas\u0131l seyahat edebilece\u011finiz hakk\u0131nda baz\u0131 ipu\u00e7lar\u0131...\",\"breadcrumb\":{\"@id\":\"https:\/\/julesverne.com.tr\/travel-blog\/daha-iyi-bir-dunya-icin-bilincli-seyahat\/#breadcrumb\"},\"inLanguage\":\"en-US\",\"potentialAction\":[{\"@type\":\"ReadAction\",\"target\":[\"https:\/\/julesverne.com.tr\/travel-blog\/daha-iyi-bir-dunya-icin-bilincli-seyahat\/\"]}]},{\"@type\":\"ImageObject\",\"inLanguage\":\"en-US\",\"@id\":\"https:\/\/julesverne.com.tr\/travel-blog\/daha-iyi-bir-dunya-icin-bilincli-seyahat\/#primaryimage\",\"url\":\"https:\/\/julesverne.com.tr\/wp-content\/uploads\/2020\/09\/somalisa.jpg\",\"contentUrl\":\"https:\/\/julesverne.com.tr\/wp-content\/uploads\/2020\/09\/somalisa.jpg\",\"width\":960,\"height\":580},{\"@type\":\"BreadcrumbList\",\"@id\":\"https:\/\/julesverne.com.tr\/travel-blog\/daha-iyi-bir-dunya-icin-bilincli-seyahat\/#breadcrumb\",\"itemListElement\":[{\"@type\":\"ListItem\",\"position\":1,\"name\":\"Anasayfa\",\"item\":\"https:\/\/julesverne.com.tr\/\"},{\"@type\":\"ListItem\",\"position\":2,\"name\":\"Daha \u0130yi Bir D\u00fcnya \u0130\u00e7in Bilin\u00e7li Seyahat\"}]},{\"@type\":\"WebSite\",\"@id\":\"https:\/\/julesverne.com.tr\/#website\",\"url\":\"https:\/\/julesverne.com.tr\/\",\"name\":\"JULES VERNE BUSINESS MICE TRAVEL\",\"description\":\"\",\"publisher\":{\"@id\":\"https:\/\/julesverne.com.tr\/#organization\"},\"potentialAction\":[{\"@type\":\"SearchAction\",\"target\":{\"@type\":\"EntryPoint\",\"urlTemplate\":\"https:\/\/julesverne.com.tr\/?s={search_term_string}\"},\"query-input\":\"required name=search_term_string\"}],\"inLanguage\":\"en-US\"},{\"@type\":\"Organization\",\"@id\":\"https:\/\/julesverne.com.tr\/#organization\",\"name\":\"JULES VERNE BUSINESS MICE TRAVEL\",\"url\":\"https:\/\/julesverne.com.tr\/\",\"logo\":{\"@type\":\"ImageObject\",\"inLanguage\":\"en-US\",\"@id\":\"https:\/\/julesverne.com.tr\/#\/schema\/logo\/image\/\",\"url\":\"https:\/\/julesverne.com.tr\/wp-content\/uploads\/2020\/09\/jv-bmt-logo.png\",\"contentUrl\":\"https:\/\/julesverne.com.tr\/wp-content\/uploads\/2020\/09\/jv-bmt-logo.png\",\"width\":110,\"height\":81,\"caption\":\"JULES VERNE BUSINESS MICE TRAVEL\"},\"image\":{\"@id\":\"https:\/\/julesverne.com.tr\/#\/schema\/logo\/image\/\"},\"sameAs\":[\"https:\/\/www.facebook.com\/JulesVerneBusinessMiceTravel\/\",\"https:\/\/twitter.com\/JV_BusinessMice\",\"https:\/\/www.instagram.com\/julesvernebusinessmicetravel\/\",\"https:\/\/www.linkedin.com\/company\/julesvernebusinessmicetravel\/\",\"https:\/\/www.youtube.com\/channel\/UCAwdsmbZ6tFhu1tea6pkpiw\"]},{\"@type\":\"Person\",\"@id\":\"https:\/\/julesverne.com.tr\/#\/schema\/person\/f4eb0514ae455538644c31b99a466fdb\",\"name\":\"fikirman\",\"sameAs\":[\"http:\/\/advermedya.net\/julesverne\"],\"url\":\"https:\/\/julesverne.com.tr\/en\/author\/fikirman\/\"}]}<\/script>\n<!-- \/ Yoast SEO plugin. -->","yoast_head_json":{"title":"Daha \u0130yi Bir D\u00fcnya \u0130\u00e7in Bilin\u00e7li Seyahat - JULES VERNE BUSINESS MICE TRAVEL","description":"\u0130\u015fte, arkan\u0131zda do\u011faya zarar vermeden nas\u0131l seyahat edebilece\u011finiz hakk\u0131nda baz\u0131 ipu\u00e7lar\u0131...","robots":{"index":"index","follow":"follow","max-snippet":"max-snippet:-1","max-image-preview":"max-image-preview:large","max-video-preview":"max-video-preview:-1"},"canonical":"https:\/\/julesverne.com.tr\/travel-blog\/daha-iyi-bir-dunya-icin-bilincli-seyahat\/","og_locale":"en_US","og_type":"article","og_title":"Daha \u0130yi Bir D\u00fcnya \u0130\u00e7in Bilin\u00e7li Seyahat - JULES VERNE BUSINESS MICE TRAVEL","og_description":"\u0130\u015fte, arkan\u0131zda do\u011faya zarar vermeden nas\u0131l seyahat edebilece\u011finiz hakk\u0131nda baz\u0131 ipu\u00e7lar\u0131...","og_url":"https:\/\/julesverne.com.tr\/travel-blog\/daha-iyi-bir-dunya-icin-bilincli-seyahat\/","og_site_name":"JULES VERNE BUSINESS MICE TRAVEL","article_publisher":"https:\/\/www.facebook.com\/JulesVerneBusinessMiceTravel\/","article_published_time":"2019-04-18T07:42:42+00:00","article_modified_time":"2024-03-22T11:54:22+00:00","og_image":[{"width":960,"height":580,"url":"https:\/\/julesverne.com.tr\/wp-content\/uploads\/2020\/09\/somalisa.jpg","type":"image\/jpeg"}],"author":"fikirman","twitter_card":"summary_large_image","twitter_creator":"@JV_BusinessMice","twitter_site":"@JV_BusinessMice","twitter_misc":{"Written by":"fikirman","Est. reading time":"4 minutes"},"schema":{"@context":"https:\/\/schema.org","@graph":[{"@type":"Article","@id":"https:\/\/julesverne.com.tr\/travel-blog\/daha-iyi-bir-dunya-icin-bilincli-seyahat\/#article","isPartOf":{"@id":"https:\/\/julesverne.com.tr\/travel-blog\/daha-iyi-bir-dunya-icin-bilincli-seyahat\/"},"author":{"name":"fikirman","@id":"https:\/\/julesverne.com.tr\/#\/schema\/person\/f4eb0514ae455538644c31b99a466fdb"},"headline":"Daha \u0130yi Bir D\u00fcnya \u0130\u00e7in Bilin\u00e7li Seyahat","datePublished":"2019-04-18T07:42:42+00:00","dateModified":"2024-03-22T11:54:22+00:00","mainEntityOfPage":{"@id":"https:\/\/julesverne.com.tr\/travel-blog\/daha-iyi-bir-dunya-icin-bilincli-seyahat\/"},"wordCount":1045,"publisher":{"@id":"https:\/\/julesverne.com.tr\/#organization"},"image":{"@id":"https:\/\/julesverne.com.tr\/travel-blog\/daha-iyi-bir-dunya-icin-bilincli-seyahat\/#primaryimage"},"thumbnailUrl":"https:\/\/julesverne.com.tr\/wp-content\/uploads\/2020\/09\/somalisa.jpg","articleSection":["Blog","Seyahat Trendleri","Travel Haberler"],"inLanguage":"en-US"},{"@type":"WebPage","@id":"https:\/\/julesverne.com.tr\/travel-blog\/daha-iyi-bir-dunya-icin-bilincli-seyahat\/","url":"https:\/\/julesverne.com.tr\/travel-blog\/daha-iyi-bir-dunya-icin-bilincli-seyahat\/","name":"Daha \u0130yi Bir D\u00fcnya \u0130\u00e7in Bilin\u00e7li Seyahat - JULES VERNE BUSINESS MICE TRAVEL","isPartOf":{"@id":"https:\/\/julesverne.com.tr\/#website"},"primaryImageOfPage":{"@id":"https:\/\/julesverne.com.tr\/travel-blog\/daha-iyi-bir-dunya-icin-bilincli-seyahat\/#primaryimage"},"image":{"@id":"https:\/\/julesverne.com.tr\/travel-blog\/daha-iyi-bir-dunya-icin-bilincli-seyahat\/#primaryimage"},"thumbnailUrl":"https:\/\/julesverne.com.tr\/wp-content\/uploads\/2020\/09\/somalisa.jpg","datePublished":"2019-04-18T07:42:42+00:00","dateModified":"2024-03-22T11:54:22+00:00","description":"\u0130\u015fte, arkan\u0131zda do\u011faya zarar vermeden nas\u0131l seyahat edebilece\u011finiz hakk\u0131nda baz\u0131 ipu\u00e7lar\u0131...","breadcrumb":{"@id":"https:\/\/julesverne.com.tr\/travel-blog\/daha-iyi-bir-dunya-icin-bilincli-seyahat\/#breadcrumb"},"inLanguage":"en-US","potentialAction":[{"@type":"ReadAction","target":["https:\/\/julesverne.com.tr\/travel-blog\/daha-iyi-bir-dunya-icin-bilincli-seyahat\/"]}]},{"@type":"ImageObject","inLanguage":"en-US","@id":"https:\/\/julesverne.com.tr\/travel-blog\/daha-iyi-bir-dunya-icin-bilincli-seyahat\/#primaryimage","url":"https:\/\/julesverne.com.tr\/wp-content\/uploads\/2020\/09\/somalisa.jpg","contentUrl":"https:\/\/julesverne.com.tr\/wp-content\/uploads\/2020\/09\/somalisa.jpg","width":960,"height":580},{"@type":"BreadcrumbList","@id":"https:\/\/julesverne.com.tr\/travel-blog\/daha-iyi-bir-dunya-icin-bilincli-seyahat\/#breadcrumb","itemListElement":[{"@type":"ListItem","position":1,"name":"Anasayfa","item":"https:\/\/julesverne.com.tr\/"},{"@type":"ListItem","position":2,"name":"Daha \u0130yi Bir D\u00fcnya \u0130\u00e7in Bilin\u00e7li Seyahat"}]},{"@type":"WebSite","@id":"https:\/\/julesverne.com.tr\/#website","url":"https:\/\/julesverne.com.tr\/","name":"JULES VERNE BUSINESS MICE TRAVEL","description":"","publisher":{"@id":"https:\/\/julesverne.com.tr\/#organization"},"potentialAction":[{"@type":"SearchAction","target":{"@type":"EntryPoint","urlTemplate":"https:\/\/julesverne.com.tr\/?s={search_term_string}"},"query-input":"required name=search_term_string"}],"inLanguage":"en-US"},{"@type":"Organization","@id":"https:\/\/julesverne.com.tr\/#organization","name":"JULES VERNE BUSINESS MICE TRAVEL","url":"https:\/\/julesverne.com.tr\/","logo":{"@type":"ImageObject","inLanguage":"en-US","@id":"https:\/\/julesverne.com.tr\/#\/schema\/logo\/image\/","url":"https:\/\/julesverne.com.tr\/wp-content\/uploads\/2020\/09\/jv-bmt-logo.png","contentUrl":"https:\/\/julesverne.com.tr\/wp-content\/uploads\/2020\/09\/jv-bmt-logo.png","width":110,"height":81,"caption":"JULES VERNE BUSINESS MICE TRAVEL"},"image":{"@id":"https:\/\/julesverne.com.tr\/#\/schema\/logo\/image\/"},"sameAs":["https:\/\/www.facebook.com\/JulesVerneBusinessMiceTravel\/","https:\/\/twitter.com\/JV_BusinessMice","https:\/\/www.instagram.com\/julesvernebusinessmicetravel\/","https:\/\/www.linkedin.com\/company\/julesvernebusinessmicetravel\/","https:\/\/www.youtube.com\/channel\/UCAwdsmbZ6tFhu1tea6pkpiw"]},{"@type":"Person","@id":"https:\/\/julesverne.com.tr\/#\/schema\/person\/f4eb0514ae455538644c31b99a466fdb","name":"fikirman","sameAs":["http:\/\/advermedya.net\/julesverne"],"url":"https:\/\/julesverne.com.tr\/en\/author\/fikirman\/"}]}},"_links":{"self":[{"href":"https:\/\/julesverne.com.tr\/en\/wp-json\/wp\/v2\/posts\/2103"}],"collection":[{"href":"https:\/\/julesverne.com.tr\/en\/wp-json\/wp\/v2\/posts"}],"about":[{"href":"https:\/\/julesverne.com.tr\/en\/wp-json\/wp\/v2\/types\/post"}],"author":[{"embeddable":true,"href":"https:\/\/julesverne.com.tr\/en\/wp-json\/wp\/v2\/users\/1"}],"replies":[{"embeddable":true,"href":"https:\/\/julesverne.com.tr\/en\/wp-json\/wp\/v2\/comments?post=2103"}],"version-history":[{"count":1,"href":"https:\/\/julesverne.com.tr\/en\/wp-json\/wp\/v2\/posts\/2103\/revisions"}],"predecessor-version":[{"id":17035,"href":"https:\/\/julesverne.com.tr\/en\/wp-json\/wp\/v2\/posts\/2103\/revisions\/17035"}],"wp:featuredmedia":[{"embeddable":true,"href":"https:\/\/julesverne.com.tr\/en\/wp-json\/wp\/v2\/media\/2104"}],"wp:attachment":[{"href":"https:\/\/julesverne.com.tr\/en\/wp-json\/wp\/v2\/media?parent=2103"}],"wp:term":[{"taxonomy":"category","embeddable":true,"href":"https:\/\/julesverne.com.tr\/en\/wp-json\/wp\/v2\/categories?post=2103"},{"taxonomy":"post_tag","embeddable":true,"href":"https:\/\/julesverne.com.tr\/en\/wp-json\/wp\/v2\/tags?post=2103"}],"curies":[{"name":"wp","href":"https:\/\/api.w.org\/{rel}","templated":true}]}}