{"id":2095,"date":"2022-03-31T17:48:49","date_gmt":"2022-03-31T14:48:49","guid":{"rendered":"https:\/\/www.julesverne.com.tr\/\/blog\/avrupanin-gozde-sahil-kasabalari\/"},"modified":"2022-03-31T18:10:11","modified_gmt":"2022-03-31T15:10:11","slug":"avrupanin-gozde-sahil-kasabalari","status":"publish","type":"post","link":"https:\/\/julesverne.com.tr\/en\/travel-blog\/avrupanin-gozde-sahil-kasabalari\/","title":{"rendered":"Avrupa\u2019n\u0131n G\u00f6zde Sahil Kasabalar\u0131"},"content":{"rendered":"<p><\/p>\n<p><p style=\"text-align: center;\"><img loading=\"lazy\" decoding=\"async\" class=\"alignnone size-full wp-image-3729\" src=\"https:\/\/www.julesverne.com.tr\/\/wp-content\/uploads\/2020\/09\/oia_santorini-2.jpg\" width=\"900\" height=\"592\" alt=\"oia santorini\" srcset=\"https:\/\/julesverne.com.tr\/wp-content\/uploads\/2020\/09\/oia_santorini-2.jpg 900w, https:\/\/julesverne.com.tr\/wp-content\/uploads\/2020\/09\/oia_santorini-2-500x329.jpg 500w, https:\/\/julesverne.com.tr\/wp-content\/uploads\/2020\/09\/oia_santorini-2-768x505.jpg 768w\" sizes=\"(max-width: 900px) 100vw, 900px\" \/><\/p>\n<p>&ldquo;Ben yaz &ccedil;ocu\u011fuyum&rdquo; diyen seyahat severler i&ccedil;in bu yaz seyahat listelerine eklemek isteyecekleri destinasyonlar\u0131 haz\u0131rlad\u0131k. Turist kalabal\u0131\u011f\u0131 olmadan Avrupa&#8217;n\u0131n gizli kalm\u0131\u015f sahil kasabalar\u0131n\u0131 ke\u015ffetmenin tam vakti! Avrupa&rsquo;n\u0131n k\u0131y\u0131lar\u0131n\u0131 dola\u015fmaktan asla s\u0131k\u0131lmayaca\u011f\u0131n\u0131z sahil kasabalar\u0131 &ouml;nerilerimizle bu yaz\u0131 seyahat dolu ge&ccedil;ireceksiniz. H\u0131rvatistan&rsquo;dan Fransa&rsquo;ya, Portekiz&rsquo;den \u0130talya&rsquo;ya &ldquo;Avrupa&rsquo;n\u0131n G&ouml;zde Sahil Kasabalar\u0131&rdquo;&hellip;<\/p>\n<p><strong>1. Lerici, \u0130talya<\/strong><\/p>\n<p style=\"text-align: center;\"><strong><img loading=\"lazy\" decoding=\"async\" class=\"alignnone size-full wp-image-3730\" src=\"https:\/\/www.julesverne.com.tr\/\/wp-content\/uploads\/2020\/09\/lerici.jpg\" width=\"900\" height=\"675\" alt=\"lerici italya\" srcset=\"https:\/\/julesverne.com.tr\/wp-content\/uploads\/2020\/09\/lerici.jpg 900w, https:\/\/julesverne.com.tr\/wp-content\/uploads\/2020\/09\/lerici-500x375.jpg 500w, https:\/\/julesverne.com.tr\/wp-content\/uploads\/2020\/09\/lerici-768x576.jpg 768w\" sizes=\"(max-width: 900px) 100vw, 900px\" \/><\/strong><\/p>\n<p>\u0130talya&#8217;n\u0131n Ligurya k\u0131y\u0131lar\u0131n\u0131 &ccedil;evreleyen pitoresk liman k&ouml;yleri olan Cinque Terre&#8217;yi ziyaret edenler genellikle kar\u015f\u0131 k\u0131y\u0131lardaki hazineleri ka&ccedil;\u0131r\u0131yorlar.&nbsp;Cinque Terre kadar bize g&ouml;re g&ouml;r&uuml;lmesi gereken sahil kasabas\u0131 Lerici&#8217;yi listemize ekledik.&nbsp;&nbsp;La Spezia&#8217;n\u0131n do\u011fusunda yer alan, Etr&uuml;skler taraf\u0131ndan kurulan sahil kasabas\u0131 Frans\u0131z \u0130mparatorlu\u011fu ve Sardinya Krall\u0131\u011f\u0131 taraf\u0131ndan y&ouml;netildikten sonra \u0130talya y&ouml;netimine ge&ccedil;mi\u015f. Yemye\u015fil tepeler aras\u0131ndan turkuaz sulara bakan manzaras\u0131 bile bu yolu yapmaya de\u011fer!<\/p>\n<p><strong>2. Biarritz, Fransa<\/strong><\/p>\n<p style=\"text-align: center;\"><strong><img loading=\"lazy\" decoding=\"async\" class=\"alignnone size-full wp-image-3731\" src=\"https:\/\/www.julesverne.com.tr\/\/wp-content\/uploads\/2020\/09\/biarritz.jpg\" width=\"900\" height=\"598\" alt=\"biarritz fransa\" srcset=\"https:\/\/julesverne.com.tr\/wp-content\/uploads\/2020\/09\/biarritz.jpg 900w, https:\/\/julesverne.com.tr\/wp-content\/uploads\/2020\/09\/biarritz-500x332.jpg 500w, https:\/\/julesverne.com.tr\/wp-content\/uploads\/2020\/09\/biarritz-768x510.jpg 768w\" sizes=\"(max-width: 900px) 100vw, 900px\" \/><\/strong><\/p>\n<p>Fransa&rsquo;n\u0131n en de\u011ferli sahil kasabalar\u0131ndan biri Biarritz&#8230; 19. y&uuml;zy\u0131la damgas\u0131n\u0131 vuran Frans\u0131z h&uuml;k&uuml;mdar\u0131 Napoleon III&#8217;&uuml;n burada s\u0131k s\u0131k konaklamas\u0131yla g&ouml;zde bir sayfiye yerine d&ouml;n&uuml;\u015fen Biarritz&#8217;de siz de d&ouml;nemin ihti\u015fam\u0131n\u0131 hissedebilirsiniz. Belle &Eacute;poque villalar\u0131 aras\u0131nda dola\u015f\u0131p sahile indi\u011finizde sizi kilometrelerce uzunlukta kusursuz bir plaj kar\u015f\u0131l\u0131yor. K&uuml;&ccedil;&uuml;k ve \u015f\u0131k m&uuml;zeleri, butikleri ve gurme restoranlar\u0131yla zarif bir yaz ka&ccedil;ama\u011f\u0131na davet ediyor.<\/p>\n<p><strong>3. Ischia, \u0130talya<\/strong><\/p>\n<p style=\"text-align: center;\"><strong><img loading=\"lazy\" decoding=\"async\" class=\"alignnone size-full wp-image-3732\" src=\"https:\/\/www.julesverne.com.tr\/\/wp-content\/uploads\/2020\/09\/ischia_island.jpg\" width=\"900\" height=\"600\" alt=\"Ischia \u0130talya\" srcset=\"https:\/\/julesverne.com.tr\/wp-content\/uploads\/2020\/09\/ischia_island.jpg 900w, https:\/\/julesverne.com.tr\/wp-content\/uploads\/2020\/09\/ischia_island-500x333.jpg 500w, https:\/\/julesverne.com.tr\/wp-content\/uploads\/2020\/09\/ischia_island-768x512.jpg 768w\" sizes=\"(max-width: 900px) 100vw, 900px\" \/><\/strong><\/p>\n<p>Capri&#8217;nin eklektik ve gizemli k\u0131zkarde\u015fi Ischia, Capri kadar sahne \u0131\u015f\u0131klar\u0131n\u0131 &uuml;zerine &ccedil;ekmese de giderek artan pop&uuml;lerli\u011fi ile kulaktan kula\u011fa yay\u0131l\u0131yor. Napoli&#8217;den kolayl\u0131kla ula\u015fabildi\u011finiz ada, d&uuml;nyan\u0131n en eski ve en iyi termal banyolar\u0131ndan baz\u0131lar\u0131na ev sahipli\u011fi yap\u0131yor. K\u0131vr\u0131ml\u0131 kayal\u0131klar\u0131 renklendiren begonvilleri, volkanik bir kayal\u0131k &uuml;zerinden sundu\u011fu Amalfi ve Napoli manzaralar\u0131yla tipik bir \u0130talyan sayfiye yerinden daha farkl\u0131 bir auraya sahip. Adan\u0131n her k&ouml;\u015fesinde ke\u015ffetmeye de\u011fer olan plajlar\u0131 ise apayr\u0131! Adan\u0131n mutfak k&uuml;lt&uuml;r&uuml;ne gelecek olursak topra\u011f\u0131n ve denizin yeti\u015ftirdi\u011fi en taze malzemelerle haz\u0131rlanan yemeklere kendinizi haz\u0131rlay\u0131n.<\/p>\n<p><strong>4. Oia, Santorini \/ Yunanistan<\/strong><\/p>\n<p style=\"text-align: center;\"><strong><img loading=\"lazy\" decoding=\"async\" class=\"alignnone size-full wp-image-3733\" src=\"https:\/\/www.julesverne.com.tr\/\/wp-content\/uploads\/2020\/09\/oia_santorini.jpg\" width=\"900\" height=\"567\" alt=\"Oia Santorini \" srcset=\"https:\/\/julesverne.com.tr\/wp-content\/uploads\/2020\/09\/oia_santorini.jpg 900w, https:\/\/julesverne.com.tr\/wp-content\/uploads\/2020\/09\/oia_santorini-500x315.jpg 500w, https:\/\/julesverne.com.tr\/wp-content\/uploads\/2020\/09\/oia_santorini-768x484.jpg 768w\" sizes=\"(max-width: 900px) 100vw, 900px\" \/><\/strong><\/p>\n<p>Santorini Adas\u0131&#8217;n\u0131n kuzey ucunda yer alan Oia k&ouml;y&uuml;, 1956 y\u0131l\u0131nda ya\u015fanan y\u0131k\u0131c\u0131 depremden sonra yenilenen mimarisiyle adan\u0131n yeniden do\u011fu\u015funu yans\u0131t\u0131yor. Ammoudi Liman\u0131&#8217;ndan 235 merdivenle ula\u015fabildi\u011finiz k&ouml;y, daha &ouml;nce defalarca g&ouml;rd&uuml;\u011f&uuml;n&uuml;z ikonik mavi kubbeli kiliselerin ve beyaz badanal\u0131 evlerin kalbi! Darac\u0131k sokaklar\u0131 sizi birbirinden g&uuml;zel manzaralara &ccedil;\u0131karabiliyor. K&ouml;y&uuml; gezerken bol bol foto\u011fraf &ccedil;ekme ihtiyac\u0131 duyaca\u011f\u0131n\u0131z kesin!<\/p>\n<p><strong>5. Bra&ccedil;, H\u0131rvatistan<\/strong><\/p>\n<p style=\"text-align: center;\"><strong><img loading=\"lazy\" decoding=\"async\" class=\"alignnone size-full wp-image-3734\" src=\"https:\/\/www.julesverne.com.tr\/\/wp-content\/uploads\/2020\/09\/brac_hirvatistan.jpg\" width=\"900\" height=\"600\" alt=\"Bra&ccedil; H\u0131rvatistan\" srcset=\"https:\/\/julesverne.com.tr\/wp-content\/uploads\/2020\/09\/brac_hirvatistan.jpg 900w, https:\/\/julesverne.com.tr\/wp-content\/uploads\/2020\/09\/brac_hirvatistan-500x333.jpg 500w, https:\/\/julesverne.com.tr\/wp-content\/uploads\/2020\/09\/brac_hirvatistan-768x512.jpg 768w\" sizes=\"(max-width: 900px) 100vw, 900px\" \/><\/strong><\/p>\n<p>Split&#8217;in tam kar\u015f\u0131s\u0131nda&nbsp;uzaktan bakt\u0131k&ccedil;a i&ccedil;inizdeki ke\u015ffetme duygusunu uyand\u0131ran adas\u0131 Bra&ccedil;, H\u0131rvatistan adalar\u0131 aras\u0131nda &uuml;nl&uuml; olsa da Hvar ve Korcula&#8217;ya nazaran daha sakin kalmay\u0131 ba\u015farm\u0131\u015f g&ouml;r&uuml;n&uuml;yor. Dalma&ccedil;ya K\u0131y\u0131lar\u0131&#8217;nda arad\u0131\u011f\u0131n\u0131z huzurlu ve romantik ambiyans\u0131 bu adada bulaca\u011f\u0131n\u0131za \u015f&uuml;pheniz olmas\u0131n. Split&#8217;ten sadece 1 saatlik feribot yolculu\u011fuyla ula\u015fabilece\u011finiz Bra&ccedil;, &uuml;lkenin en fotojenik plaj\u0131na da ev sahipli\u011fi yap\u0131yor. Orta&ccedil;a\u011f manast\u0131rlar\u0131, Roma d&ouml;neminden kalan antik kal\u0131nt\u0131lar\u0131, su sporlar\u0131na imk&acirc;n veren r&uuml;zg&acirc;r ve plajlar\u0131yla tam bir yaz destinasyonu.<\/p>\n<p><strong>6. Kotor, Karada\u011f<\/strong><\/p>\n<p style=\"text-align: center;\"><strong><img loading=\"lazy\" decoding=\"async\" class=\"alignnone size-full wp-image-3735\" src=\"https:\/\/www.julesverne.com.tr\/\/wp-content\/uploads\/2020\/09\/kotor.jpg\" width=\"900\" height=\"756\" alt=\"Kotor Karada\u011f\" srcset=\"https:\/\/julesverne.com.tr\/wp-content\/uploads\/2020\/09\/kotor.jpg 900w, https:\/\/julesverne.com.tr\/wp-content\/uploads\/2020\/09\/kotor-500x420.jpg 500w, https:\/\/julesverne.com.tr\/wp-content\/uploads\/2020\/09\/kotor-768x645.jpg 768w\" sizes=\"(max-width: 900px) 100vw, 900px\" \/><\/strong><\/p>\n<p>Y&uuml;ksek da\u011flar\u0131n aras\u0131nda parlayan Kotor, k&ouml;rfeze ayna gibi yans\u0131yan da\u011f g&ouml;r&uuml;nt&uuml;leriyle e\u015fsiz bir fon olu\u015fturuyor. Yolcu gemilerinin s\u0131kl\u0131kla u\u011frad\u0131\u011f\u0131 Kotor, bu turist ak\u0131n\u0131na ra\u011fmen &ouml;zg&uuml;nl&uuml;\u011f&uuml;n&uuml; korumay\u0131 ba\u015far\u0131yor. UNESCO D&uuml;nya Miras\u0131 kenti olan Kotor&#8217;un Venedik d&ouml;neminde in\u015fa edilen liman\u0131, Orta&ccedil;a\u011f d&ouml;nemini yans\u0131tan eski \u015fehrin sokaklar\u0131 bir tarih dersi verir gibi.&nbsp;<\/p>\n<p><strong>7. Rethymno, Girit \/ Yunanistan<\/strong><\/p>\n<p style=\"text-align: center;\"><strong><img loading=\"lazy\" decoding=\"async\" class=\"alignnone size-full wp-image-3736\" src=\"https:\/\/www.julesverne.com.tr\/\/wp-content\/uploads\/2020\/09\/Rethymno_crete.jpg\" width=\"900\" height=\"600\" alt=\"Rethymno Girit\" srcset=\"https:\/\/julesverne.com.tr\/wp-content\/uploads\/2020\/09\/Rethymno_crete.jpg 900w, https:\/\/julesverne.com.tr\/wp-content\/uploads\/2020\/09\/Rethymno_crete-500x333.jpg 500w, https:\/\/julesverne.com.tr\/wp-content\/uploads\/2020\/09\/Rethymno_crete-768x512.jpg 768w\" sizes=\"(max-width: 900px) 100vw, 900px\" \/><\/strong><\/p>\n<p>Girit Adas\u0131&#8217;n\u0131n kuzey sahilinde yer alan Rethymno (Resmo) kasabas\u0131 1646 y\u0131l\u0131nda Osmanl\u0131 y&ouml;netimine girmi\u015f ve yakla\u015f\u0131k &uuml;&ccedil; y&uuml;zy\u0131l boyunca da Osmanl\u0131 h&uuml;k&uuml;mdarl\u0131\u011f\u0131nda kalm\u0131\u015f. G&uuml;n&uuml;m&uuml;zde de, Osmanl\u0131 mimarisinin izlerini g&ouml;rmek m&uuml;mk&uuml;n. Pitoresk liman\u0131yla film sahnelerini an\u0131msatan kasaban\u0131n k&uuml;&ccedil;&uuml;k koyu etraf\u0131n\u0131 saran al&ccedil;ak kumta\u015f\u0131 dokulu binalar\u0131 g&ouml;ky&uuml;z&uuml; ve deniz aras\u0131nda parl\u0131yor.<\/p>\n<p><strong>8. Cassis, Fransa<\/strong><\/p>\n<p style=\"text-align: center;\"><strong><img loading=\"lazy\" decoding=\"async\" class=\"alignnone size-full wp-image-3737\" src=\"https:\/\/www.julesverne.com.tr\/\/wp-content\/uploads\/2020\/09\/cassis.jpg\" width=\"900\" height=\"558\" alt=\"Cassis fransa\" srcset=\"https:\/\/julesverne.com.tr\/wp-content\/uploads\/2020\/09\/cassis.jpg 900w, https:\/\/julesverne.com.tr\/wp-content\/uploads\/2020\/09\/cassis-500x310.jpg 500w, https:\/\/julesverne.com.tr\/wp-content\/uploads\/2020\/09\/cassis-768x476.jpg 768w\" sizes=\"(max-width: 900px) 100vw, 900px\" \/><\/strong><\/p>\n<p>Marsilya&#8217;dan 40 dakika uzakl\u0131kta, \u015fehrin g&ouml;z&uuml; gibi bakt\u0131\u011f\u0131 yazl\u0131k adresi Cassis&#8230; Frans\u0131z Rivieras\u0131&#8217;n\u0131n ba\u015flang\u0131&ccedil; noktas\u0131 olarak kabul edilen Cassis, &#8220;Frans\u0131z Rivieras\u0131&#8221; dendi\u011fine akl\u0131n\u0131za hangi g&uuml;zellikler geliyorsa i\u015fte tam kar\u015f\u0131l\u0131\u011f\u0131! K&uuml;&ccedil;&uuml;k bir Akdeniz liman\u0131 olan Cassis taze g&uuml;l ve &uuml;z&uuml;m ba\u011flar\u0131yla &ccedil;evrili. Renkli ta\u015f binalar\u0131, butikleri, kafeleriyle &ccedil;evrili sahil yolu bir yana, denize girmek i&ccedil;in gizli k&ouml;\u015feleriyle kalbinizi kazan\u0131yor. &#8220;Calanques&#8221; olarak adland\u0131r\u0131lan dar, kire&ccedil; ta\u015f\u0131 kayal\u0131klar aras\u0131ndaki koylar ise muhte\u015fem turkuaz sulara sahip.<\/p>\n<p><strong>9. Ka\u015f, T&uuml;rkiye<\/strong><\/p>\n<p style=\"text-align: center;\"><strong><img loading=\"lazy\" decoding=\"async\" class=\"alignnone size-full wp-image-3738\" src=\"https:\/\/www.julesverne.com.tr\/\/wp-content\/uploads\/2020\/09\/kas-3.jpg\" width=\"1000\" height=\"575\" alt=\"ka\u015f t&uuml;rkiye\" srcset=\"https:\/\/julesverne.com.tr\/wp-content\/uploads\/2020\/09\/kas-3.jpg 1000w, https:\/\/julesverne.com.tr\/wp-content\/uploads\/2020\/09\/kas-3-500x288.jpg 500w, https:\/\/julesverne.com.tr\/wp-content\/uploads\/2020\/09\/kas-3-768x442.jpg 768w\" sizes=\"(max-width: 1000px) 100vw, 1000px\" \/><\/strong><\/p>\n<p>Akdeniz&rsquo;in bize sundu\u011fu en co\u015fkulu g&uuml;zelli\u011fin ad\u0131: Ka\u015f&hellip; Ula\u015f\u0131m\u0131n\u0131n kolay olmamas\u0131 sayesinde k&uuml;&ccedil;&uuml;k kendine &ouml;zg&uuml; ruhunu korumay\u0131 ba\u015faran Ka\u015f masmavi denizi, deniz manzaras\u0131na kar\u015f\u0131 konumlanan restoranlar\u0131, sizi \u015fa\u015f\u0131rtacak tasar\u0131mlarla dolu d&uuml;kkanlar\u0131, e\u015fsiz sualt\u0131 ya\u015fam\u0131yla filmlerde g&ouml;r&uuml;p hep &ouml;zendi\u011fimiz sayfiye yerin ta kendisi&hellip; Etraf\u0131 antik \u015fehirler, birbirinden e\u015fsiz koylarla &ccedil;evrili olan Ka\u015f, kurdu\u011funuz hayalin ger&ccedil;e\u011fe d&ouml;n&uuml;\u015ft&uuml;\u011f&uuml; yer!<\/p>\n<p><strong>10. Ericeira, Portekiz<\/strong><\/p>\n<p style=\"text-align: center;\"><strong><img loading=\"lazy\" decoding=\"async\" class=\"alignnone size-full wp-image-3739\" src=\"https:\/\/www.julesverne.com.tr\/\/wp-content\/uploads\/2020\/09\/ericeira.jpg\" width=\"900\" height=\"599\" alt=\"Ericeira Portekiz\" srcset=\"https:\/\/julesverne.com.tr\/wp-content\/uploads\/2020\/09\/ericeira.jpg 900w, https:\/\/julesverne.com.tr\/wp-content\/uploads\/2020\/09\/ericeira-500x333.jpg 500w, https:\/\/julesverne.com.tr\/wp-content\/uploads\/2020\/09\/ericeira-768x511.jpg 768w\" sizes=\"(max-width: 900px) 100vw, 900px\" \/><\/strong><\/p>\n<p>Lizbon&#8217;a sadece 50 dakika mesafede, Atlantik Okyanusu k\u0131y\u0131s\u0131nda yer alan Ericeria y&uuml;zy\u0131llard\u0131r de\u011fi\u015fmeyen karakteriyle &#8220;dokunulmam\u0131\u015f&#8221; olman\u0131n g&uuml;zelli\u011fini ya\u015f\u0131yor. Mavi pencereleri olan bembeyaz evleri, sahilin tad\u0131n\u0131 &ccedil;\u0131karan kasaba sakinleriyle film sahnelerini aratm\u0131yor. 19.y&uuml;zy\u0131lda &uuml;lkenin en b&uuml;y&uuml;k d&ouml;rd&uuml;nc&uuml; ticari liman\u0131na ev sahipli\u011fi yapan kasabada bug&uuml;n ise yerel bal\u0131k&ccedil;\u0131lar\u0131n teknelerini g&ouml;rebilirsiniz. Atlantik k\u0131y\u0131s\u0131nda olmas\u0131 sayesinde s&ouml;rf okullar\u0131n\u0131n yer ald\u0131\u011f\u0131n\u0131 da belirtelim.<\/p>\n<h4><strong>BONUS:<\/strong><\/h4>\n<p><strong>St-Martin-de-R&eacute; &#8211; Ile de R&eacute;, Fransa<\/strong><\/p>\n<p style=\"text-align: center;\"><strong><img loading=\"lazy\" decoding=\"async\" class=\"alignnone size-full wp-image-3740\" src=\"https:\/\/www.julesverne.com.tr\/\/wp-content\/uploads\/2020\/09\/st_martin_de_re.jpg\" width=\"900\" height=\"599\" alt=\"st martin de r&eacute; fransa\" srcset=\"https:\/\/julesverne.com.tr\/wp-content\/uploads\/2020\/09\/st_martin_de_re.jpg 900w, https:\/\/julesverne.com.tr\/wp-content\/uploads\/2020\/09\/st_martin_de_re-500x333.jpg 500w, https:\/\/julesverne.com.tr\/wp-content\/uploads\/2020\/09\/st_martin_de_re-768x511.jpg 768w\" sizes=\"(max-width: 900px) 100vw, 900px\" \/><\/strong><\/p>\n<p>Atlantik Okyanusu&#8217;nda yer alan, Fransa&#8217;n\u0131n sadeli\u011fi ile &uuml;nl&uuml; sayfiye adas\u0131 Ile de R&eacute;&#8230; Hayat\u0131n basit zevklerini yeniden ke\u015ffetmek isteyen ve sakinlik arayan bir gezginseniz hi&ccedil; d&uuml;\u015f&uuml;nmeden rotan\u0131z\u0131 Ile de R&eacute; adas\u0131na &ccedil;evirebilirsiniz. Ara&ccedil; giri\u015finin yasak oldu\u011fu adada herkes ya y&uuml;r&uuml;yor ya da bisiklet &uuml;zerinde&#8230; Adan\u0131n UNESCO D&uuml;nya Miras\u0131 listesinde yer alan sahil kasabas\u0131 Saint-Martin-de-R&eacute; ise y\u0131ld\u0131z \u015feklindeki bir liman\u0131n etraf\u0131na yerle\u015ftirilen tarihi binalar\u0131yla romantik film platosundan farks\u0131z.<\/p>\n<p style=\"text-align: center;\"><strong>Size &ouml;zel seyahat program\u0131 ve rezervasyon i&ccedil;in:<\/strong><br \/><a href=\"mailto:travel@julesverne.com.tr\" target=\"_blank\" rel=\"noopener noreferrer\"><strong>travel@julesverne.com.tr<\/strong><\/a><br \/><strong>0212 266 6363 &#8211; 118<\/strong><\/p>\n<\/p>\n<p><\/p>","protected":false},"excerpt":{"rendered":"<p>Bu Yaz Seyahat Listenize Ekleyece\u011finiz Avrupa&rsquo;n\u0131n G&ouml;zde Sahil Kasabalar\u0131<\/p>\n","protected":false},"author":1,"featured_media":9635,"comment_status":"closed","ping_status":"closed","sticky":false,"template":"","format":"standard","meta":{"inline_featured_image":false,"footnotes":""},"categories":[38,1,39],"tags":[],"acf":[],"yoast_head":"<!-- This site is optimized with the Yoast SEO plugin v22.3 - https:\/\/yoast.com\/wordpress\/plugins\/seo\/ -->\n<title>Avrupa\u2019n\u0131n G\u00f6zde Sahil Kasabalar\u0131 - JULES VERNE BUSINESS MICE TRAVEL<\/title>\n<meta name=\"description\" content=\"Bahar aylar\u0131 turist kalabal\u0131\u011f\u0131 olmadan Avrupa&#039;n\u0131n gizli kalm\u0131\u015f sahil kasabalar\u0131n\u0131 ke\u015ffetmek i\u00e7in ideal bir zamanlama. Avrupa\u2019n\u0131n k\u0131y\u0131lar\u0131n\u0131 dola\u015fmaktan asla s\u0131k\u0131lmayaca\u011f\u0131n\u0131z sahil kasabalar\u0131n\u0131 sizler i\u00e7in yazd\u0131k. H\u0131rvatistan\u2019dan Fransa\u2019ya, Portekiz\u2019den \u0130talya\u2019ya \u201cAvrupa\u2019n\u0131n En Keyifli Sahil Kasabalar\u0131\u201d\u2026\" \/>\n<meta name=\"robots\" content=\"index, follow, max-snippet:-1, max-image-preview:large, max-video-preview:-1\" \/>\n<link rel=\"canonical\" href=\"https:\/\/julesverne.com.tr\/travel-blog\/avrupanin-gozde-sahil-kasabalari\/\" \/>\n<meta property=\"og:locale\" content=\"en_US\" \/>\n<meta property=\"og:type\" content=\"article\" \/>\n<meta property=\"og:title\" content=\"[:tr]Avrupa\u2019n\u0131n En Keyifli Sahil Kasabalar\u0131[:en]Avrupa\u2019n\u0131n G\u00f6zde Sahil Kasabalar\u0131[:] - JULES VERNE BUSINESS MICE TRAVEL\" \/>\n<meta property=\"og:description\" content=\"Bahar aylar\u0131 turist kalabal\u0131\u011f\u0131 olmadan Avrupa&#039;n\u0131n gizli kalm\u0131\u015f sahil kasabalar\u0131n\u0131 ke\u015ffetmek i\u00e7in ideal bir zamanlama. Avrupa\u2019n\u0131n k\u0131y\u0131lar\u0131n\u0131 dola\u015fmaktan asla s\u0131k\u0131lmayaca\u011f\u0131n\u0131z sahil kasabalar\u0131n\u0131 sizler i\u00e7in yazd\u0131k. H\u0131rvatistan\u2019dan Fransa\u2019ya, Portekiz\u2019den \u0130talya\u2019ya \u201cAvrupa\u2019n\u0131n En Keyifli Sahil Kasabalar\u0131\u201d\u2026\" \/>\n<meta property=\"og:url\" content=\"https:\/\/julesverne.com.tr\/travel-blog\/avrupanin-gozde-sahil-kasabalari\/\" \/>\n<meta property=\"og:site_name\" content=\"JULES VERNE BUSINESS MICE TRAVEL\" \/>\n<meta property=\"article:publisher\" content=\"https:\/\/www.facebook.com\/JulesVerneBusinessMiceTravel\/\" \/>\n<meta property=\"article:published_time\" content=\"2022-03-31T14:48:49+00:00\" \/>\n<meta property=\"article:modified_time\" content=\"2022-03-31T15:10:11+00:00\" \/>\n<meta property=\"og:image\" content=\"https:\/\/julesverne.com.tr\/wp-content\/uploads\/2021\/07\/Brac.jpg\" \/>\n\t<meta property=\"og:image:width\" content=\"1348\" \/>\n\t<meta property=\"og:image:height\" content=\"899\" \/>\n\t<meta property=\"og:image:type\" content=\"image\/jpeg\" \/>\n<meta name=\"author\" content=\"fikirman\" \/>\n<meta name=\"twitter:card\" content=\"summary_large_image\" \/>\n<meta name=\"twitter:creator\" content=\"@JV_BusinessMice\" \/>\n<meta name=\"twitter:site\" content=\"@JV_BusinessMice\" \/>\n<meta name=\"twitter:label1\" content=\"Written by\" \/>\n\t<meta name=\"twitter:data1\" content=\"fikirman\" \/>\n\t<meta name=\"twitter:label2\" content=\"Est. reading time\" \/>\n\t<meta name=\"twitter:data2\" content=\"8 minutes\" \/>\n<script type=\"application\/ld+json\" class=\"yoast-schema-graph\">{\"@context\":\"https:\/\/schema.org\",\"@graph\":[{\"@type\":\"Article\",\"@id\":\"https:\/\/julesverne.com.tr\/travel-blog\/avrupanin-gozde-sahil-kasabalari\/#article\",\"isPartOf\":{\"@id\":\"https:\/\/julesverne.com.tr\/travel-blog\/avrupanin-gozde-sahil-kasabalari\/\"},\"author\":{\"name\":\"fikirman\",\"@id\":\"https:\/\/julesverne.com.tr\/#\/schema\/person\/f4eb0514ae455538644c31b99a466fdb\"},\"headline\":\"Avrupa\u2019n\u0131n G\u00f6zde Sahil Kasabalar\u0131\",\"datePublished\":\"2022-03-31T14:48:49+00:00\",\"dateModified\":\"2022-03-31T15:10:11+00:00\",\"mainEntityOfPage\":{\"@id\":\"https:\/\/julesverne.com.tr\/travel-blog\/avrupanin-gozde-sahil-kasabalari\/\"},\"wordCount\":2406,\"publisher\":{\"@id\":\"https:\/\/julesverne.com.tr\/#organization\"},\"image\":{\"@id\":\"https:\/\/julesverne.com.tr\/travel-blog\/avrupanin-gozde-sahil-kasabalari\/#primaryimage\"},\"thumbnailUrl\":\"https:\/\/julesverne.com.tr\/wp-content\/uploads\/2021\/07\/Brac.jpg\",\"articleSection\":[\"\u0130lham Veren Destinasyonlar\",\"Blog\",\"Nereye Gitsek?\"],\"inLanguage\":\"en-US\"},{\"@type\":\"WebPage\",\"@id\":\"https:\/\/julesverne.com.tr\/travel-blog\/avrupanin-gozde-sahil-kasabalari\/\",\"url\":\"https:\/\/julesverne.com.tr\/travel-blog\/avrupanin-gozde-sahil-kasabalari\/\",\"name\":\"[:tr]Avrupa\u2019n\u0131n En Keyifli Sahil Kasabalar\u0131[:en]Avrupa\u2019n\u0131n G\u00f6zde Sahil Kasabalar\u0131[:] - JULES VERNE BUSINESS MICE TRAVEL\",\"isPartOf\":{\"@id\":\"https:\/\/julesverne.com.tr\/#website\"},\"primaryImageOfPage\":{\"@id\":\"https:\/\/julesverne.com.tr\/travel-blog\/avrupanin-gozde-sahil-kasabalari\/#primaryimage\"},\"image\":{\"@id\":\"https:\/\/julesverne.com.tr\/travel-blog\/avrupanin-gozde-sahil-kasabalari\/#primaryimage\"},\"thumbnailUrl\":\"https:\/\/julesverne.com.tr\/wp-content\/uploads\/2021\/07\/Brac.jpg\",\"datePublished\":\"2022-03-31T14:48:49+00:00\",\"dateModified\":\"2022-03-31T15:10:11+00:00\",\"description\":\"Bahar aylar\u0131 turist kalabal\u0131\u011f\u0131 olmadan Avrupa'n\u0131n gizli kalm\u0131\u015f sahil kasabalar\u0131n\u0131 ke\u015ffetmek i\u00e7in ideal bir zamanlama. Avrupa\u2019n\u0131n k\u0131y\u0131lar\u0131n\u0131 dola\u015fmaktan asla s\u0131k\u0131lmayaca\u011f\u0131n\u0131z sahil kasabalar\u0131n\u0131 sizler i\u00e7in yazd\u0131k. H\u0131rvatistan\u2019dan Fransa\u2019ya, Portekiz\u2019den \u0130talya\u2019ya \u201cAvrupa\u2019n\u0131n En Keyifli Sahil Kasabalar\u0131\u201d\u2026\",\"breadcrumb\":{\"@id\":\"https:\/\/julesverne.com.tr\/travel-blog\/avrupanin-gozde-sahil-kasabalari\/#breadcrumb\"},\"inLanguage\":\"en-US\",\"potentialAction\":[{\"@type\":\"ReadAction\",\"target\":[\"https:\/\/julesverne.com.tr\/travel-blog\/avrupanin-gozde-sahil-kasabalari\/\"]}]},{\"@type\":\"ImageObject\",\"inLanguage\":\"en-US\",\"@id\":\"https:\/\/julesverne.com.tr\/travel-blog\/avrupanin-gozde-sahil-kasabalari\/#primaryimage\",\"url\":\"https:\/\/julesverne.com.tr\/wp-content\/uploads\/2021\/07\/Brac.jpg\",\"contentUrl\":\"https:\/\/julesverne.com.tr\/wp-content\/uploads\/2021\/07\/Brac.jpg\",\"width\":1348,\"height\":899},{\"@type\":\"BreadcrumbList\",\"@id\":\"https:\/\/julesverne.com.tr\/travel-blog\/avrupanin-gozde-sahil-kasabalari\/#breadcrumb\",\"itemListElement\":[{\"@type\":\"ListItem\",\"position\":1,\"name\":\"Anasayfa\",\"item\":\"https:\/\/julesverne.com.tr\/\"},{\"@type\":\"ListItem\",\"position\":2,\"name\":\"Avrupa\u2019n\u0131n En Keyifli Sahil Kasabalar\u0131\"}]},{\"@type\":\"WebSite\",\"@id\":\"https:\/\/julesverne.com.tr\/#website\",\"url\":\"https:\/\/julesverne.com.tr\/\",\"name\":\"JULES VERNE BUSINESS MICE TRAVEL\",\"description\":\"\",\"publisher\":{\"@id\":\"https:\/\/julesverne.com.tr\/#organization\"},\"potentialAction\":[{\"@type\":\"SearchAction\",\"target\":{\"@type\":\"EntryPoint\",\"urlTemplate\":\"https:\/\/julesverne.com.tr\/?s={search_term_string}\"},\"query-input\":\"required name=search_term_string\"}],\"inLanguage\":\"en-US\"},{\"@type\":\"Organization\",\"@id\":\"https:\/\/julesverne.com.tr\/#organization\",\"name\":\"JULES VERNE BUSINESS MICE TRAVEL\",\"url\":\"https:\/\/julesverne.com.tr\/\",\"logo\":{\"@type\":\"ImageObject\",\"inLanguage\":\"en-US\",\"@id\":\"https:\/\/julesverne.com.tr\/#\/schema\/logo\/image\/\",\"url\":\"https:\/\/julesverne.com.tr\/wp-content\/uploads\/2020\/09\/jv-bmt-logo.png\",\"contentUrl\":\"https:\/\/julesverne.com.tr\/wp-content\/uploads\/2020\/09\/jv-bmt-logo.png\",\"width\":110,\"height\":81,\"caption\":\"JULES VERNE BUSINESS MICE TRAVEL\"},\"image\":{\"@id\":\"https:\/\/julesverne.com.tr\/#\/schema\/logo\/image\/\"},\"sameAs\":[\"https:\/\/www.facebook.com\/JulesVerneBusinessMiceTravel\/\",\"https:\/\/twitter.com\/JV_BusinessMice\",\"https:\/\/www.instagram.com\/julesvernebusinessmicetravel\/\",\"https:\/\/www.linkedin.com\/company\/julesvernebusinessmicetravel\/\",\"https:\/\/www.youtube.com\/channel\/UCAwdsmbZ6tFhu1tea6pkpiw\"]},{\"@type\":\"Person\",\"@id\":\"https:\/\/julesverne.com.tr\/#\/schema\/person\/f4eb0514ae455538644c31b99a466fdb\",\"name\":\"fikirman\",\"sameAs\":[\"http:\/\/advermedya.net\/julesverne\"],\"url\":\"https:\/\/julesverne.com.tr\/en\/author\/fikirman\/\"}]}<\/script>\n<!-- \/ Yoast SEO plugin. -->","yoast_head_json":{"title":"[:tr]Avrupa\u2019n\u0131n En Keyifli Sahil Kasabalar\u0131[:en]Avrupa\u2019n\u0131n G\u00f6zde Sahil Kasabalar\u0131[:] - JULES VERNE BUSINESS MICE TRAVEL","description":"Bahar aylar\u0131 turist kalabal\u0131\u011f\u0131 olmadan Avrupa'n\u0131n gizli kalm\u0131\u015f sahil kasabalar\u0131n\u0131 ke\u015ffetmek i\u00e7in ideal bir zamanlama. Avrupa\u2019n\u0131n k\u0131y\u0131lar\u0131n\u0131 dola\u015fmaktan asla s\u0131k\u0131lmayaca\u011f\u0131n\u0131z sahil kasabalar\u0131n\u0131 sizler i\u00e7in yazd\u0131k. H\u0131rvatistan\u2019dan Fransa\u2019ya, Portekiz\u2019den \u0130talya\u2019ya \u201cAvrupa\u2019n\u0131n En Keyifli Sahil Kasabalar\u0131\u201d\u2026","robots":{"index":"index","follow":"follow","max-snippet":"max-snippet:-1","max-image-preview":"max-image-preview:large","max-video-preview":"max-video-preview:-1"},"canonical":"https:\/\/julesverne.com.tr\/travel-blog\/avrupanin-gozde-sahil-kasabalari\/","og_locale":"en_US","og_type":"article","og_title":"[:tr]Avrupa\u2019n\u0131n En Keyifli Sahil Kasabalar\u0131[:en]Avrupa\u2019n\u0131n G\u00f6zde Sahil Kasabalar\u0131[:] - JULES VERNE BUSINESS MICE TRAVEL","og_description":"Bahar aylar\u0131 turist kalabal\u0131\u011f\u0131 olmadan Avrupa'n\u0131n gizli kalm\u0131\u015f sahil kasabalar\u0131n\u0131 ke\u015ffetmek i\u00e7in ideal bir zamanlama. Avrupa\u2019n\u0131n k\u0131y\u0131lar\u0131n\u0131 dola\u015fmaktan asla s\u0131k\u0131lmayaca\u011f\u0131n\u0131z sahil kasabalar\u0131n\u0131 sizler i\u00e7in yazd\u0131k. H\u0131rvatistan\u2019dan Fransa\u2019ya, Portekiz\u2019den \u0130talya\u2019ya \u201cAvrupa\u2019n\u0131n En Keyifli Sahil Kasabalar\u0131\u201d\u2026","og_url":"https:\/\/julesverne.com.tr\/travel-blog\/avrupanin-gozde-sahil-kasabalari\/","og_site_name":"JULES VERNE BUSINESS MICE TRAVEL","article_publisher":"https:\/\/www.facebook.com\/JulesVerneBusinessMiceTravel\/","article_published_time":"2022-03-31T14:48:49+00:00","article_modified_time":"2022-03-31T15:10:11+00:00","og_image":[{"width":1348,"height":899,"url":"https:\/\/julesverne.com.tr\/wp-content\/uploads\/2021\/07\/Brac.jpg","type":"image\/jpeg"}],"author":"fikirman","twitter_card":"summary_large_image","twitter_creator":"@JV_BusinessMice","twitter_site":"@JV_BusinessMice","twitter_misc":{"Written by":"fikirman","Est. reading time":"8 minutes"},"schema":{"@context":"https:\/\/schema.org","@graph":[{"@type":"Article","@id":"https:\/\/julesverne.com.tr\/travel-blog\/avrupanin-gozde-sahil-kasabalari\/#article","isPartOf":{"@id":"https:\/\/julesverne.com.tr\/travel-blog\/avrupanin-gozde-sahil-kasabalari\/"},"author":{"name":"fikirman","@id":"https:\/\/julesverne.com.tr\/#\/schema\/person\/f4eb0514ae455538644c31b99a466fdb"},"headline":"Avrupa\u2019n\u0131n G\u00f6zde Sahil Kasabalar\u0131","datePublished":"2022-03-31T14:48:49+00:00","dateModified":"2022-03-31T15:10:11+00:00","mainEntityOfPage":{"@id":"https:\/\/julesverne.com.tr\/travel-blog\/avrupanin-gozde-sahil-kasabalari\/"},"wordCount":2406,"publisher":{"@id":"https:\/\/julesverne.com.tr\/#organization"},"image":{"@id":"https:\/\/julesverne.com.tr\/travel-blog\/avrupanin-gozde-sahil-kasabalari\/#primaryimage"},"thumbnailUrl":"https:\/\/julesverne.com.tr\/wp-content\/uploads\/2021\/07\/Brac.jpg","articleSection":["\u0130lham Veren Destinasyonlar","Blog","Nereye Gitsek?"],"inLanguage":"en-US"},{"@type":"WebPage","@id":"https:\/\/julesverne.com.tr\/travel-blog\/avrupanin-gozde-sahil-kasabalari\/","url":"https:\/\/julesverne.com.tr\/travel-blog\/avrupanin-gozde-sahil-kasabalari\/","name":"[:tr]Avrupa\u2019n\u0131n En Keyifli Sahil Kasabalar\u0131[:en]Avrupa\u2019n\u0131n G\u00f6zde Sahil Kasabalar\u0131[:] - JULES VERNE BUSINESS MICE TRAVEL","isPartOf":{"@id":"https:\/\/julesverne.com.tr\/#website"},"primaryImageOfPage":{"@id":"https:\/\/julesverne.com.tr\/travel-blog\/avrupanin-gozde-sahil-kasabalari\/#primaryimage"},"image":{"@id":"https:\/\/julesverne.com.tr\/travel-blog\/avrupanin-gozde-sahil-kasabalari\/#primaryimage"},"thumbnailUrl":"https:\/\/julesverne.com.tr\/wp-content\/uploads\/2021\/07\/Brac.jpg","datePublished":"2022-03-31T14:48:49+00:00","dateModified":"2022-03-31T15:10:11+00:00","description":"Bahar aylar\u0131 turist kalabal\u0131\u011f\u0131 olmadan Avrupa'n\u0131n gizli kalm\u0131\u015f sahil kasabalar\u0131n\u0131 ke\u015ffetmek i\u00e7in ideal bir zamanlama. Avrupa\u2019n\u0131n k\u0131y\u0131lar\u0131n\u0131 dola\u015fmaktan asla s\u0131k\u0131lmayaca\u011f\u0131n\u0131z sahil kasabalar\u0131n\u0131 sizler i\u00e7in yazd\u0131k. H\u0131rvatistan\u2019dan Fransa\u2019ya, Portekiz\u2019den \u0130talya\u2019ya \u201cAvrupa\u2019n\u0131n En Keyifli Sahil Kasabalar\u0131\u201d\u2026","breadcrumb":{"@id":"https:\/\/julesverne.com.tr\/travel-blog\/avrupanin-gozde-sahil-kasabalari\/#breadcrumb"},"inLanguage":"en-US","potentialAction":[{"@type":"ReadAction","target":["https:\/\/julesverne.com.tr\/travel-blog\/avrupanin-gozde-sahil-kasabalari\/"]}]},{"@type":"ImageObject","inLanguage":"en-US","@id":"https:\/\/julesverne.com.tr\/travel-blog\/avrupanin-gozde-sahil-kasabalari\/#primaryimage","url":"https:\/\/julesverne.com.tr\/wp-content\/uploads\/2021\/07\/Brac.jpg","contentUrl":"https:\/\/julesverne.com.tr\/wp-content\/uploads\/2021\/07\/Brac.jpg","width":1348,"height":899},{"@type":"BreadcrumbList","@id":"https:\/\/julesverne.com.tr\/travel-blog\/avrupanin-gozde-sahil-kasabalari\/#breadcrumb","itemListElement":[{"@type":"ListItem","position":1,"name":"Anasayfa","item":"https:\/\/julesverne.com.tr\/"},{"@type":"ListItem","position":2,"name":"Avrupa\u2019n\u0131n En Keyifli Sahil Kasabalar\u0131"}]},{"@type":"WebSite","@id":"https:\/\/julesverne.com.tr\/#website","url":"https:\/\/julesverne.com.tr\/","name":"JULES VERNE BUSINESS MICE TRAVEL","description":"","publisher":{"@id":"https:\/\/julesverne.com.tr\/#organization"},"potentialAction":[{"@type":"SearchAction","target":{"@type":"EntryPoint","urlTemplate":"https:\/\/julesverne.com.tr\/?s={search_term_string}"},"query-input":"required name=search_term_string"}],"inLanguage":"en-US"},{"@type":"Organization","@id":"https:\/\/julesverne.com.tr\/#organization","name":"JULES VERNE BUSINESS MICE TRAVEL","url":"https:\/\/julesverne.com.tr\/","logo":{"@type":"ImageObject","inLanguage":"en-US","@id":"https:\/\/julesverne.com.tr\/#\/schema\/logo\/image\/","url":"https:\/\/julesverne.com.tr\/wp-content\/uploads\/2020\/09\/jv-bmt-logo.png","contentUrl":"https:\/\/julesverne.com.tr\/wp-content\/uploads\/2020\/09\/jv-bmt-logo.png","width":110,"height":81,"caption":"JULES VERNE BUSINESS MICE TRAVEL"},"image":{"@id":"https:\/\/julesverne.com.tr\/#\/schema\/logo\/image\/"},"sameAs":["https:\/\/www.facebook.com\/JulesVerneBusinessMiceTravel\/","https:\/\/twitter.com\/JV_BusinessMice","https:\/\/www.instagram.com\/julesvernebusinessmicetravel\/","https:\/\/www.linkedin.com\/company\/julesvernebusinessmicetravel\/","https:\/\/www.youtube.com\/channel\/UCAwdsmbZ6tFhu1tea6pkpiw"]},{"@type":"Person","@id":"https:\/\/julesverne.com.tr\/#\/schema\/person\/f4eb0514ae455538644c31b99a466fdb","name":"fikirman","sameAs":["http:\/\/advermedya.net\/julesverne"],"url":"https:\/\/julesverne.com.tr\/en\/author\/fikirman\/"}]}},"_links":{"self":[{"href":"https:\/\/julesverne.com.tr\/en\/wp-json\/wp\/v2\/posts\/2095"}],"collection":[{"href":"https:\/\/julesverne.com.tr\/en\/wp-json\/wp\/v2\/posts"}],"about":[{"href":"https:\/\/julesverne.com.tr\/en\/wp-json\/wp\/v2\/types\/post"}],"author":[{"embeddable":true,"href":"https:\/\/julesverne.com.tr\/en\/wp-json\/wp\/v2\/users\/1"}],"replies":[{"embeddable":true,"href":"https:\/\/julesverne.com.tr\/en\/wp-json\/wp\/v2\/comments?post=2095"}],"version-history":[{"count":2,"href":"https:\/\/julesverne.com.tr\/en\/wp-json\/wp\/v2\/posts\/2095\/revisions"}],"predecessor-version":[{"id":13207,"href":"https:\/\/julesverne.com.tr\/en\/wp-json\/wp\/v2\/posts\/2095\/revisions\/13207"}],"wp:featuredmedia":[{"embeddable":true,"href":"https:\/\/julesverne.com.tr\/en\/wp-json\/wp\/v2\/media\/9635"}],"wp:attachment":[{"href":"https:\/\/julesverne.com.tr\/en\/wp-json\/wp\/v2\/media?parent=2095"}],"wp:term":[{"taxonomy":"category","embeddable":true,"href":"https:\/\/julesverne.com.tr\/en\/wp-json\/wp\/v2\/categories?post=2095"},{"taxonomy":"post_tag","embeddable":true,"href":"https:\/\/julesverne.com.tr\/en\/wp-json\/wp\/v2\/tags?post=2095"}],"curies":[{"name":"wp","href":"https:\/\/api.w.org\/{rel}","templated":true}]}}