{"id":2093,"date":"2019-04-08T16:53:11","date_gmt":"2019-04-08T13:53:11","guid":{"rendered":"https:\/\/www.julesverne.com.tr\/\/blog\/zorlu-grubu-calisanlarina-ozel-kuzguncuk-beylerbeyi-gezisi\/"},"modified":"2024-03-22T15:04:14","modified_gmt":"2024-03-22T12:04:14","slug":"zorlu-grubu-calisanlarina-ozel-kuzguncuk-beylerbeyi-gezisi","status":"publish","type":"post","link":"https:\/\/julesverne.com.tr\/en\/travel-blog\/zorlu-grubu-calisanlarina-ozel-kuzguncuk-beylerbeyi-gezisi\/","title":{"rendered":"Zorlu Grubu \u00c7al\u0131\u015fanlar\u0131na \u00d6zel Kuzguncuk-Beylerbeyi Gezisi"},"content":{"rendered":"<p><\/p>\n<p><h3 style=\"text-align: center;\"><strong>04 May\u0131s Cumartesi<\/strong><\/h3>\n<p style=\"text-align: center;\"><strong><img loading=\"lazy\" decoding=\"async\" class=\"alignnone size-full wp-image-3742\" src=\"https:\/\/www.julesverne.com.tr\/\/wp-content\/uploads\/2020\/09\/kuzguncuk_sokak-1.jpg\" width=\"1000\" height=\"706\" alt=\"\" srcset=\"https:\/\/julesverne.com.tr\/wp-content\/uploads\/2020\/09\/kuzguncuk_sokak-1.jpg 1000w, https:\/\/julesverne.com.tr\/wp-content\/uploads\/2020\/09\/kuzguncuk_sokak-1-500x353.jpg 500w, https:\/\/julesverne.com.tr\/wp-content\/uploads\/2020\/09\/kuzguncuk_sokak-1-768x542.jpg 768w\" sizes=\"(max-width: 1000px) 100vw, 1000px\" \/><\/strong><\/p>\n<p>\u0130stanbul&rsquo;da nostalji kokan semtlerde gezmek, tarih kitab\u0131n\u0131n sayfalar\u0131nda dola\u015fmaya benziyor&hellip; \u0130stanbul&rsquo;un kadim semti Kuzguncuk da sizi bug&uuml;nden al\u0131p, ge&ccedil;mi\u015fin samimiyetine g&ouml;t&uuml;r&uuml;yor. Perihan ablalar\u0131n, Ekmek Teknesi hik&acirc;yelerinin sizi kar\u015f\u0131lad\u0131\u011f\u0131 Kuzguncuk huzur, sakinlik ve g&uuml;ler y&uuml;zle kar\u015f\u0131l\u0131yor sizleri&hellip; Ezan seslerinin &ccedil;an seslerine kar\u0131\u015ft\u0131\u011f\u0131 &ccedil;ok renkli Kuzguncuk bug&uuml;n kafeleri, semt d&uuml;kk&acirc;nlar\u0131, butikleriyle k&uuml;&ccedil;&uuml;k ama kalbinizi kazanan bir zenginli\u011fe sahip.<\/p>\n<p style=\"text-align: center;\"><img loading=\"lazy\" decoding=\"async\" class=\"alignnone size-full wp-image-3743\" src=\"https:\/\/www.julesverne.com.tr\/\/wp-content\/uploads\/2020\/09\/beylerbeyi_palace.jpg\" width=\"999\" height=\"562\" alt=\"\" srcset=\"https:\/\/julesverne.com.tr\/wp-content\/uploads\/2020\/09\/beylerbeyi_palace.jpg 999w, https:\/\/julesverne.com.tr\/wp-content\/uploads\/2020\/09\/beylerbeyi_palace-500x281.jpg 500w, https:\/\/julesverne.com.tr\/wp-content\/uploads\/2020\/09\/beylerbeyi_palace-768x432.jpg 768w, https:\/\/julesverne.com.tr\/wp-content\/uploads\/2020\/09\/beylerbeyi_palace-400x225.jpg 400w\" sizes=\"(max-width: 999px) 100vw, 999px\" \/><\/p>\n<p>Kuzguncuk&rsquo;tan Beylerbeyi&rsquo;ne uzand\u0131\u011f\u0131n\u0131zda ise \u0130stanbul tarihinde neden en se&ccedil;kin semt olarak an\u0131ld\u0131\u011f\u0131n\u0131 bir kez daha anl\u0131yorsunuz. Osmanl\u0131 D&ouml;nemi sultanlar\u0131n\u0131n g&ouml;zde inziva yeri olan Beylerbeyi ad\u0131n\u0131 da Sultan III. Murad y&ouml;netimi zaman\u0131ndan al\u0131yor. Rumeli Valisi Mehmed Pa\u015fa&#8217;n\u0131n evinin burada olmas\u0131ndan dolay\u0131 &#8220;Beylerin Beyi&#8221; denen semt bug&uuml;n de Barok mimarideki camisi, g&ouml;steri\u015fli saray\u0131 ve hamam\u0131, kafe ve restoranlar\u0131yla ad\u0131n\u0131n hakk\u0131n\u0131 veriyor.<\/p>\n<p><strong>Gelin hep birlikte, \u0130stanbul&rsquo;un tarihi semtlerinde zaman yolculu\u011funa &ccedil;\u0131kal\u0131m!<\/strong><\/p>\n<p><strong>04 May\u0131s Cumartesi Gezi Program\u0131<\/strong><\/p>\n<ul>\n<li>Sabah <strong>09:30<\/strong>&rsquo;da belirtilen noktada <strong>bulu\u015fma<\/strong>.<\/li>\n<li>Kuzguncuk&rsquo;a hareket.<\/li>\n<li><strong>Kuzguncuk<\/strong>&rsquo;un Arnavut kald\u0131r\u0131ml\u0131, reng&acirc;renk cumbal\u0131 evleri aras\u0131nda y&uuml;r&uuml;rken evleri saran sardunyalar, begonviller foto\u011frafl\u0131k g&ouml;r&uuml;nt&uuml;ler olu\u015fturuyor.&nbsp;<\/li>\n<li>Perran Kutman&rsquo;\u0131 t&uuml;m T&uuml;rkiye ile tan\u0131\u015ft\u0131ran, 1990&rsquo;l\u0131 y\u0131llar\u0131n me\u015fhur dizisi Perihan Abla dizisinin &ccedil;ekildi\u011fi sokak, Ekmek Teknesi dizisinin &ccedil;ekildi\u011fi Merkez \u0130cadiye Caddesi gezileri.<\/li>\n<\/ul>\n<p style=\"text-align: center;\"><img loading=\"lazy\" decoding=\"async\" class=\"alignnone size-full wp-image-3744\" src=\"https:\/\/www.julesverne.com.tr\/\/wp-content\/uploads\/2020\/09\/kuzguncuk_gezi.jpg\" width=\"991\" height=\"335\" alt=\"\" srcset=\"https:\/\/julesverne.com.tr\/wp-content\/uploads\/2020\/09\/kuzguncuk_gezi.jpg 991w, https:\/\/julesverne.com.tr\/wp-content\/uploads\/2020\/09\/kuzguncuk_gezi-500x169.jpg 500w, https:\/\/julesverne.com.tr\/wp-content\/uploads\/2020\/09\/kuzguncuk_gezi-768x260.jpg 768w\" sizes=\"(max-width: 991px) 100vw, 991px\" \/><\/p>\n<ul>\n<li>Otantik atmosferi olan \u0130cadiye Mahallesi, \u015eener \u015een&rsquo;in ba\u015frol&uuml;nde oynad\u0131\u011f\u0131 ve &ldquo;Yol Ayr\u0131m\u0131&rdquo; adl\u0131 sinema filminin de &ccedil;ekim mek&acirc;n\u0131 olan <strong>Botanik Bah&ccedil;e<\/strong> ziyareti ve &ccedil;ay molas\u0131.<\/li>\n<li>1850 y\u0131l\u0131nda &Uuml;ryanizade Ahmet Esad Efendi taraf\u0131ndan in\u015fa ettirilen <strong>&Uuml;ryanizade Camii<\/strong>; ilk kez elektrik, telefon ve kaloriferin kullan\u0131ld\u0131\u011f\u0131, 1855 y\u0131l\u0131nda in\u015fa edilen <strong>Cemil Molla K&ouml;\u015fk&uuml;<\/strong>; <strong>Kuzguncuk Bostan\u0131, Rum Mezarl\u0131\u011f\u0131, Beth Yaakov Sinagogu<\/strong> (Cumartesi kapal\u0131 oldu\u011fu i&ccedil;in d\u0131\u015far\u0131dan g&ouml;r&uuml;lecektir),<strong> Hagios Georgios Kilisesi, Surp Kirkor Lusavori&ccedil; Kilisesi, Kuzguncuk Camii<\/strong> gezilecek yerler aras\u0131nda.<\/li>\n<\/ul>\n<p style=\"text-align: center;\"><img loading=\"lazy\" decoding=\"async\" class=\"alignnone size-full wp-image-3745\" src=\"https:\/\/www.julesverne.com.tr\/\/wp-content\/uploads\/2020\/09\/beylerbeyi_gezi.jpg\" width=\"987\" height=\"352\" alt=\"\" srcset=\"https:\/\/julesverne.com.tr\/wp-content\/uploads\/2020\/09\/beylerbeyi_gezi.jpg 987w, https:\/\/julesverne.com.tr\/wp-content\/uploads\/2020\/09\/beylerbeyi_gezi-500x178.jpg 500w, https:\/\/julesverne.com.tr\/wp-content\/uploads\/2020\/09\/beylerbeyi_gezi-768x274.jpg 768w\" sizes=\"(max-width: 987px) 100vw, 987px\" \/><\/p>\n<ul>\n<li><strong>Beylerbeyi<\/strong>&rsquo;ne hareket.<\/li>\n<li>Sahilde &ouml;\u011fle yeme\u011fi i&ccedil;in serbest zaman.<\/li>\n<li>1788 y\u0131l\u0131nda Mimar Tahir A\u011fa taraf\u0131ndan I. Abd&uuml;lhamid zaman\u0131nda yap\u0131lan, \u0130stanbul Bo\u011faz\u0131&rsquo;n\u0131n en g&uuml;zel camilerinden <strong>Hamid-i Evvel Camii<\/strong>; ilk olarak 19.y&uuml;zy\u0131lda II.Mahmut taraf\u0131ndan yapt\u0131r\u0131lan, &ccedil;\u0131kan yang\u0131n sonras\u0131 1865 y\u0131l\u0131nda Sultan Abd&uuml;laziz taraf\u0131ndan in\u015fa ettirilen <strong>Beylerbeyi Saray\u0131, Beylerbeyi sahili<\/strong> g&ouml;r&uuml;lecek yerler aras\u0131nda.<\/li>\n<li>16:00-16:30 aras\u0131 gezimizin sonu.<\/li>\n<\/ul>\n<p class=\"MsoNormal\" style=\"margin-left: 18.0pt;\"><strong style=\"mso-bidi-font-weight: normal;\">&Uuml;cret Bilgisi<\/strong><\/p>\n<ul>\n<li>Ki\u015fi ba\u015f\u0131: <strong style=\"mso-bidi-font-weight: normal;\">170 TL<\/strong><\/li>\n<\/ul>\n<p class=\"MsoNormal\" style=\"margin-left: 18.0pt;\"><strong style=\"mso-bidi-font-weight: normal;\">&Uuml;crete D&acirc;hil Olan Hizmetler<\/strong><\/p>\n<ul>\n<li>L&uuml;ks ara&ccedil; ile ula\u015f\u0131m<\/li>\n<li>Kuzguncuk, Botanik Bah&ccedil;e&rsquo;de \u0130kram<\/li>\n<li>Programda belirtilen t&uuml;m m&uuml;ze giri\u015fleri<\/li>\n<li>Profesyonel rehberlik hizmeti<\/li>\n<\/ul>\n<p class=\"MsoNormal\" style=\"margin-left: 18.0pt;\"><strong style=\"mso-bidi-font-weight: normal;\">&Uuml;crete D&acirc;hil Olmayan Hizmetler<\/strong><\/p>\n<ul>\n<li>&Ouml;\u011fle yeme\u011fi<\/li>\n<li>\u015eahsi harcamalar\n<\/li>\n<\/ul>\n<p><strong>&Ouml;nemli Bilgiler<\/strong><\/p>\n<ul>\n<li>Gezimiz, minimum 25 ki\u015fi kat\u0131l\u0131m\u0131yla ger&ccedil;ekle\u015fecektir.\n<\/li>\n<\/ul>\n<p style=\"text-align: center;\"><strong>Program hakk\u0131nda detayl\u0131 bilgi ve rezervasyon i&ccedil;in:<\/strong><br \/><strong><a href=\"mailto:travel@julesverne.com.tr\" target=\"_blank\" rel=\"noopener noreferrer\">travel@julesverne.com.tr<br \/><\/a>0212 266 6363 &#8211; 132<\/strong><\/p>\n<\/p>\n<p><\/p>","protected":false},"excerpt":{"rendered":"<p>Ezan seslerinin &ccedil;an seslerine kar\u0131\u015ft\u0131\u011f\u0131 &ccedil;ok renkli Kuzguncuk bug&uuml;n kafeleri, semt d&uuml;kk&acirc;nlar\u0131, butikleriyle k&uuml;&ccedil;&uuml;k ama kalbinizi kazanan bir zenginli\u011fe sahip.<\/p>\n","protected":false},"author":1,"featured_media":2094,"comment_status":"closed","ping_status":"closed","sticky":false,"template":"","format":"standard","meta":{"inline_featured_image":false,"footnotes":""},"categories":[1],"tags":[],"acf":[],"yoast_head":"<!-- This site is optimized with the Yoast SEO plugin v22.3 - https:\/\/yoast.com\/wordpress\/plugins\/seo\/ -->\n<title>Zorlu Grubu \u00c7al\u0131\u015fanlar\u0131na \u00d6zel Kuzguncuk-Beylerbeyi Gezisi - JULES VERNE BUSINESS MICE TRAVEL<\/title>\n<meta name=\"description\" content=\"Gelin hep birlikte, \u0130stanbul\u2019un tarihi semtlerinde zaman yolculu\u011funa \u00e7\u0131kal\u0131m!\" \/>\n<meta name=\"robots\" content=\"index, follow, max-snippet:-1, max-image-preview:large, max-video-preview:-1\" \/>\n<link rel=\"canonical\" href=\"https:\/\/julesverne.com.tr\/travel-blog\/zorlu-grubu-calisanlarina-ozel-kuzguncuk-beylerbeyi-gezisi\/\" \/>\n<meta property=\"og:locale\" content=\"en_US\" \/>\n<meta property=\"og:type\" content=\"article\" \/>\n<meta property=\"og:title\" content=\"Zorlu Grubu \u00c7al\u0131\u015fanlar\u0131na \u00d6zel Kuzguncuk-Beylerbeyi Gezisi - JULES VERNE BUSINESS MICE TRAVEL\" \/>\n<meta property=\"og:description\" content=\"Gelin hep birlikte, \u0130stanbul\u2019un tarihi semtlerinde zaman yolculu\u011funa \u00e7\u0131kal\u0131m!\" \/>\n<meta property=\"og:url\" content=\"https:\/\/julesverne.com.tr\/travel-blog\/zorlu-grubu-calisanlarina-ozel-kuzguncuk-beylerbeyi-gezisi\/\" \/>\n<meta property=\"og:site_name\" content=\"JULES VERNE BUSINESS MICE TRAVEL\" \/>\n<meta property=\"article:publisher\" content=\"https:\/\/www.facebook.com\/JulesVerneBusinessMiceTravel\/\" \/>\n<meta property=\"article:published_time\" content=\"2019-04-08T13:53:11+00:00\" \/>\n<meta property=\"article:modified_time\" content=\"2024-03-22T12:04:14+00:00\" \/>\n<meta property=\"og:image\" content=\"https:\/\/julesverne.com.tr\/wp-content\/uploads\/2020\/09\/kuzguncuk_sokak.jpg\" \/>\n\t<meta property=\"og:image:width\" content=\"1000\" \/>\n\t<meta property=\"og:image:height\" content=\"706\" \/>\n\t<meta property=\"og:image:type\" content=\"image\/jpeg\" \/>\n<meta name=\"author\" content=\"fikirman\" \/>\n<meta name=\"twitter:card\" content=\"summary_large_image\" \/>\n<meta name=\"twitter:creator\" content=\"@JV_BusinessMice\" \/>\n<meta name=\"twitter:site\" content=\"@JV_BusinessMice\" \/>\n<meta name=\"twitter:label1\" content=\"Written by\" \/>\n\t<meta name=\"twitter:data1\" content=\"fikirman\" \/>\n\t<meta name=\"twitter:label2\" content=\"Est. reading time\" \/>\n\t<meta name=\"twitter:data2\" content=\"4 minutes\" \/>\n<script type=\"application\/ld+json\" class=\"yoast-schema-graph\">{\"@context\":\"https:\/\/schema.org\",\"@graph\":[{\"@type\":\"Article\",\"@id\":\"https:\/\/julesverne.com.tr\/travel-blog\/zorlu-grubu-calisanlarina-ozel-kuzguncuk-beylerbeyi-gezisi\/#article\",\"isPartOf\":{\"@id\":\"https:\/\/julesverne.com.tr\/travel-blog\/zorlu-grubu-calisanlarina-ozel-kuzguncuk-beylerbeyi-gezisi\/\"},\"author\":{\"name\":\"fikirman\",\"@id\":\"https:\/\/julesverne.com.tr\/#\/schema\/person\/f4eb0514ae455538644c31b99a466fdb\"},\"headline\":\"Zorlu Grubu \u00c7al\u0131\u015fanlar\u0131na \u00d6zel Kuzguncuk-Beylerbeyi Gezisi\",\"datePublished\":\"2019-04-08T13:53:11+00:00\",\"dateModified\":\"2024-03-22T12:04:14+00:00\",\"mainEntityOfPage\":{\"@id\":\"https:\/\/julesverne.com.tr\/travel-blog\/zorlu-grubu-calisanlarina-ozel-kuzguncuk-beylerbeyi-gezisi\/\"},\"wordCount\":1102,\"publisher\":{\"@id\":\"https:\/\/julesverne.com.tr\/#organization\"},\"image\":{\"@id\":\"https:\/\/julesverne.com.tr\/travel-blog\/zorlu-grubu-calisanlarina-ozel-kuzguncuk-beylerbeyi-gezisi\/#primaryimage\"},\"thumbnailUrl\":\"https:\/\/julesverne.com.tr\/wp-content\/uploads\/2020\/09\/kuzguncuk_sokak.jpg\",\"articleSection\":[\"Blog\"],\"inLanguage\":\"en-US\"},{\"@type\":\"WebPage\",\"@id\":\"https:\/\/julesverne.com.tr\/travel-blog\/zorlu-grubu-calisanlarina-ozel-kuzguncuk-beylerbeyi-gezisi\/\",\"url\":\"https:\/\/julesverne.com.tr\/travel-blog\/zorlu-grubu-calisanlarina-ozel-kuzguncuk-beylerbeyi-gezisi\/\",\"name\":\"Zorlu Grubu \u00c7al\u0131\u015fanlar\u0131na \u00d6zel Kuzguncuk-Beylerbeyi Gezisi - JULES VERNE BUSINESS MICE TRAVEL\",\"isPartOf\":{\"@id\":\"https:\/\/julesverne.com.tr\/#website\"},\"primaryImageOfPage\":{\"@id\":\"https:\/\/julesverne.com.tr\/travel-blog\/zorlu-grubu-calisanlarina-ozel-kuzguncuk-beylerbeyi-gezisi\/#primaryimage\"},\"image\":{\"@id\":\"https:\/\/julesverne.com.tr\/travel-blog\/zorlu-grubu-calisanlarina-ozel-kuzguncuk-beylerbeyi-gezisi\/#primaryimage\"},\"thumbnailUrl\":\"https:\/\/julesverne.com.tr\/wp-content\/uploads\/2020\/09\/kuzguncuk_sokak.jpg\",\"datePublished\":\"2019-04-08T13:53:11+00:00\",\"dateModified\":\"2024-03-22T12:04:14+00:00\",\"description\":\"Gelin hep birlikte, \u0130stanbul\u2019un tarihi semtlerinde zaman yolculu\u011funa \u00e7\u0131kal\u0131m!\",\"breadcrumb\":{\"@id\":\"https:\/\/julesverne.com.tr\/travel-blog\/zorlu-grubu-calisanlarina-ozel-kuzguncuk-beylerbeyi-gezisi\/#breadcrumb\"},\"inLanguage\":\"en-US\",\"potentialAction\":[{\"@type\":\"ReadAction\",\"target\":[\"https:\/\/julesverne.com.tr\/travel-blog\/zorlu-grubu-calisanlarina-ozel-kuzguncuk-beylerbeyi-gezisi\/\"]}]},{\"@type\":\"ImageObject\",\"inLanguage\":\"en-US\",\"@id\":\"https:\/\/julesverne.com.tr\/travel-blog\/zorlu-grubu-calisanlarina-ozel-kuzguncuk-beylerbeyi-gezisi\/#primaryimage\",\"url\":\"https:\/\/julesverne.com.tr\/wp-content\/uploads\/2020\/09\/kuzguncuk_sokak.jpg\",\"contentUrl\":\"https:\/\/julesverne.com.tr\/wp-content\/uploads\/2020\/09\/kuzguncuk_sokak.jpg\",\"width\":1000,\"height\":706},{\"@type\":\"BreadcrumbList\",\"@id\":\"https:\/\/julesverne.com.tr\/travel-blog\/zorlu-grubu-calisanlarina-ozel-kuzguncuk-beylerbeyi-gezisi\/#breadcrumb\",\"itemListElement\":[{\"@type\":\"ListItem\",\"position\":1,\"name\":\"Anasayfa\",\"item\":\"https:\/\/julesverne.com.tr\/\"},{\"@type\":\"ListItem\",\"position\":2,\"name\":\"Zorlu Grubu \u00c7al\u0131\u015fanlar\u0131na \u00d6zel Kuzguncuk-Beylerbeyi Gezisi\"}]},{\"@type\":\"WebSite\",\"@id\":\"https:\/\/julesverne.com.tr\/#website\",\"url\":\"https:\/\/julesverne.com.tr\/\",\"name\":\"JULES VERNE BUSINESS MICE TRAVEL\",\"description\":\"\",\"publisher\":{\"@id\":\"https:\/\/julesverne.com.tr\/#organization\"},\"potentialAction\":[{\"@type\":\"SearchAction\",\"target\":{\"@type\":\"EntryPoint\",\"urlTemplate\":\"https:\/\/julesverne.com.tr\/?s={search_term_string}\"},\"query-input\":\"required name=search_term_string\"}],\"inLanguage\":\"en-US\"},{\"@type\":\"Organization\",\"@id\":\"https:\/\/julesverne.com.tr\/#organization\",\"name\":\"JULES VERNE BUSINESS MICE TRAVEL\",\"url\":\"https:\/\/julesverne.com.tr\/\",\"logo\":{\"@type\":\"ImageObject\",\"inLanguage\":\"en-US\",\"@id\":\"https:\/\/julesverne.com.tr\/#\/schema\/logo\/image\/\",\"url\":\"https:\/\/julesverne.com.tr\/wp-content\/uploads\/2020\/09\/jv-bmt-logo.png\",\"contentUrl\":\"https:\/\/julesverne.com.tr\/wp-content\/uploads\/2020\/09\/jv-bmt-logo.png\",\"width\":110,\"height\":81,\"caption\":\"JULES VERNE BUSINESS MICE TRAVEL\"},\"image\":{\"@id\":\"https:\/\/julesverne.com.tr\/#\/schema\/logo\/image\/\"},\"sameAs\":[\"https:\/\/www.facebook.com\/JulesVerneBusinessMiceTravel\/\",\"https:\/\/twitter.com\/JV_BusinessMice\",\"https:\/\/www.instagram.com\/julesvernebusinessmicetravel\/\",\"https:\/\/www.linkedin.com\/company\/julesvernebusinessmicetravel\/\",\"https:\/\/www.youtube.com\/channel\/UCAwdsmbZ6tFhu1tea6pkpiw\"]},{\"@type\":\"Person\",\"@id\":\"https:\/\/julesverne.com.tr\/#\/schema\/person\/f4eb0514ae455538644c31b99a466fdb\",\"name\":\"fikirman\",\"sameAs\":[\"http:\/\/advermedya.net\/julesverne\"],\"url\":\"https:\/\/julesverne.com.tr\/en\/author\/fikirman\/\"}]}<\/script>\n<!-- \/ Yoast SEO plugin. -->","yoast_head_json":{"title":"Zorlu Grubu \u00c7al\u0131\u015fanlar\u0131na \u00d6zel Kuzguncuk-Beylerbeyi Gezisi - JULES VERNE BUSINESS MICE TRAVEL","description":"Gelin hep birlikte, \u0130stanbul\u2019un tarihi semtlerinde zaman yolculu\u011funa \u00e7\u0131kal\u0131m!","robots":{"index":"index","follow":"follow","max-snippet":"max-snippet:-1","max-image-preview":"max-image-preview:large","max-video-preview":"max-video-preview:-1"},"canonical":"https:\/\/julesverne.com.tr\/travel-blog\/zorlu-grubu-calisanlarina-ozel-kuzguncuk-beylerbeyi-gezisi\/","og_locale":"en_US","og_type":"article","og_title":"Zorlu Grubu \u00c7al\u0131\u015fanlar\u0131na \u00d6zel Kuzguncuk-Beylerbeyi Gezisi - JULES VERNE BUSINESS MICE TRAVEL","og_description":"Gelin hep birlikte, \u0130stanbul\u2019un tarihi semtlerinde zaman yolculu\u011funa \u00e7\u0131kal\u0131m!","og_url":"https:\/\/julesverne.com.tr\/travel-blog\/zorlu-grubu-calisanlarina-ozel-kuzguncuk-beylerbeyi-gezisi\/","og_site_name":"JULES VERNE BUSINESS MICE TRAVEL","article_publisher":"https:\/\/www.facebook.com\/JulesVerneBusinessMiceTravel\/","article_published_time":"2019-04-08T13:53:11+00:00","article_modified_time":"2024-03-22T12:04:14+00:00","og_image":[{"width":1000,"height":706,"url":"https:\/\/julesverne.com.tr\/wp-content\/uploads\/2020\/09\/kuzguncuk_sokak.jpg","type":"image\/jpeg"}],"author":"fikirman","twitter_card":"summary_large_image","twitter_creator":"@JV_BusinessMice","twitter_site":"@JV_BusinessMice","twitter_misc":{"Written by":"fikirman","Est. reading time":"4 minutes"},"schema":{"@context":"https:\/\/schema.org","@graph":[{"@type":"Article","@id":"https:\/\/julesverne.com.tr\/travel-blog\/zorlu-grubu-calisanlarina-ozel-kuzguncuk-beylerbeyi-gezisi\/#article","isPartOf":{"@id":"https:\/\/julesverne.com.tr\/travel-blog\/zorlu-grubu-calisanlarina-ozel-kuzguncuk-beylerbeyi-gezisi\/"},"author":{"name":"fikirman","@id":"https:\/\/julesverne.com.tr\/#\/schema\/person\/f4eb0514ae455538644c31b99a466fdb"},"headline":"Zorlu Grubu \u00c7al\u0131\u015fanlar\u0131na \u00d6zel Kuzguncuk-Beylerbeyi Gezisi","datePublished":"2019-04-08T13:53:11+00:00","dateModified":"2024-03-22T12:04:14+00:00","mainEntityOfPage":{"@id":"https:\/\/julesverne.com.tr\/travel-blog\/zorlu-grubu-calisanlarina-ozel-kuzguncuk-beylerbeyi-gezisi\/"},"wordCount":1102,"publisher":{"@id":"https:\/\/julesverne.com.tr\/#organization"},"image":{"@id":"https:\/\/julesverne.com.tr\/travel-blog\/zorlu-grubu-calisanlarina-ozel-kuzguncuk-beylerbeyi-gezisi\/#primaryimage"},"thumbnailUrl":"https:\/\/julesverne.com.tr\/wp-content\/uploads\/2020\/09\/kuzguncuk_sokak.jpg","articleSection":["Blog"],"inLanguage":"en-US"},{"@type":"WebPage","@id":"https:\/\/julesverne.com.tr\/travel-blog\/zorlu-grubu-calisanlarina-ozel-kuzguncuk-beylerbeyi-gezisi\/","url":"https:\/\/julesverne.com.tr\/travel-blog\/zorlu-grubu-calisanlarina-ozel-kuzguncuk-beylerbeyi-gezisi\/","name":"Zorlu Grubu \u00c7al\u0131\u015fanlar\u0131na \u00d6zel Kuzguncuk-Beylerbeyi Gezisi - JULES VERNE BUSINESS MICE TRAVEL","isPartOf":{"@id":"https:\/\/julesverne.com.tr\/#website"},"primaryImageOfPage":{"@id":"https:\/\/julesverne.com.tr\/travel-blog\/zorlu-grubu-calisanlarina-ozel-kuzguncuk-beylerbeyi-gezisi\/#primaryimage"},"image":{"@id":"https:\/\/julesverne.com.tr\/travel-blog\/zorlu-grubu-calisanlarina-ozel-kuzguncuk-beylerbeyi-gezisi\/#primaryimage"},"thumbnailUrl":"https:\/\/julesverne.com.tr\/wp-content\/uploads\/2020\/09\/kuzguncuk_sokak.jpg","datePublished":"2019-04-08T13:53:11+00:00","dateModified":"2024-03-22T12:04:14+00:00","description":"Gelin hep birlikte, \u0130stanbul\u2019un tarihi semtlerinde zaman yolculu\u011funa \u00e7\u0131kal\u0131m!","breadcrumb":{"@id":"https:\/\/julesverne.com.tr\/travel-blog\/zorlu-grubu-calisanlarina-ozel-kuzguncuk-beylerbeyi-gezisi\/#breadcrumb"},"inLanguage":"en-US","potentialAction":[{"@type":"ReadAction","target":["https:\/\/julesverne.com.tr\/travel-blog\/zorlu-grubu-calisanlarina-ozel-kuzguncuk-beylerbeyi-gezisi\/"]}]},{"@type":"ImageObject","inLanguage":"en-US","@id":"https:\/\/julesverne.com.tr\/travel-blog\/zorlu-grubu-calisanlarina-ozel-kuzguncuk-beylerbeyi-gezisi\/#primaryimage","url":"https:\/\/julesverne.com.tr\/wp-content\/uploads\/2020\/09\/kuzguncuk_sokak.jpg","contentUrl":"https:\/\/julesverne.com.tr\/wp-content\/uploads\/2020\/09\/kuzguncuk_sokak.jpg","width":1000,"height":706},{"@type":"BreadcrumbList","@id":"https:\/\/julesverne.com.tr\/travel-blog\/zorlu-grubu-calisanlarina-ozel-kuzguncuk-beylerbeyi-gezisi\/#breadcrumb","itemListElement":[{"@type":"ListItem","position":1,"name":"Anasayfa","item":"https:\/\/julesverne.com.tr\/"},{"@type":"ListItem","position":2,"name":"Zorlu Grubu \u00c7al\u0131\u015fanlar\u0131na \u00d6zel Kuzguncuk-Beylerbeyi Gezisi"}]},{"@type":"WebSite","@id":"https:\/\/julesverne.com.tr\/#website","url":"https:\/\/julesverne.com.tr\/","name":"JULES VERNE BUSINESS MICE TRAVEL","description":"","publisher":{"@id":"https:\/\/julesverne.com.tr\/#organization"},"potentialAction":[{"@type":"SearchAction","target":{"@type":"EntryPoint","urlTemplate":"https:\/\/julesverne.com.tr\/?s={search_term_string}"},"query-input":"required name=search_term_string"}],"inLanguage":"en-US"},{"@type":"Organization","@id":"https:\/\/julesverne.com.tr\/#organization","name":"JULES VERNE BUSINESS MICE TRAVEL","url":"https:\/\/julesverne.com.tr\/","logo":{"@type":"ImageObject","inLanguage":"en-US","@id":"https:\/\/julesverne.com.tr\/#\/schema\/logo\/image\/","url":"https:\/\/julesverne.com.tr\/wp-content\/uploads\/2020\/09\/jv-bmt-logo.png","contentUrl":"https:\/\/julesverne.com.tr\/wp-content\/uploads\/2020\/09\/jv-bmt-logo.png","width":110,"height":81,"caption":"JULES VERNE BUSINESS MICE TRAVEL"},"image":{"@id":"https:\/\/julesverne.com.tr\/#\/schema\/logo\/image\/"},"sameAs":["https:\/\/www.facebook.com\/JulesVerneBusinessMiceTravel\/","https:\/\/twitter.com\/JV_BusinessMice","https:\/\/www.instagram.com\/julesvernebusinessmicetravel\/","https:\/\/www.linkedin.com\/company\/julesvernebusinessmicetravel\/","https:\/\/www.youtube.com\/channel\/UCAwdsmbZ6tFhu1tea6pkpiw"]},{"@type":"Person","@id":"https:\/\/julesverne.com.tr\/#\/schema\/person\/f4eb0514ae455538644c31b99a466fdb","name":"fikirman","sameAs":["http:\/\/advermedya.net\/julesverne"],"url":"https:\/\/julesverne.com.tr\/en\/author\/fikirman\/"}]}},"_links":{"self":[{"href":"https:\/\/julesverne.com.tr\/en\/wp-json\/wp\/v2\/posts\/2093"}],"collection":[{"href":"https:\/\/julesverne.com.tr\/en\/wp-json\/wp\/v2\/posts"}],"about":[{"href":"https:\/\/julesverne.com.tr\/en\/wp-json\/wp\/v2\/types\/post"}],"author":[{"embeddable":true,"href":"https:\/\/julesverne.com.tr\/en\/wp-json\/wp\/v2\/users\/1"}],"replies":[{"embeddable":true,"href":"https:\/\/julesverne.com.tr\/en\/wp-json\/wp\/v2\/comments?post=2093"}],"version-history":[{"count":1,"href":"https:\/\/julesverne.com.tr\/en\/wp-json\/wp\/v2\/posts\/2093\/revisions"}],"predecessor-version":[{"id":17037,"href":"https:\/\/julesverne.com.tr\/en\/wp-json\/wp\/v2\/posts\/2093\/revisions\/17037"}],"wp:featuredmedia":[{"embeddable":true,"href":"https:\/\/julesverne.com.tr\/en\/wp-json\/wp\/v2\/media\/2094"}],"wp:attachment":[{"href":"https:\/\/julesverne.com.tr\/en\/wp-json\/wp\/v2\/media?parent=2093"}],"wp:term":[{"taxonomy":"category","embeddable":true,"href":"https:\/\/julesverne.com.tr\/en\/wp-json\/wp\/v2\/categories?post=2093"},{"taxonomy":"post_tag","embeddable":true,"href":"https:\/\/julesverne.com.tr\/en\/wp-json\/wp\/v2\/tags?post=2093"}],"curies":[{"name":"wp","href":"https:\/\/api.w.org\/{rel}","templated":true}]}}