{"id":2091,"date":"2019-04-04T16:13:00","date_gmt":"2019-04-04T13:13:00","guid":{"rendered":"https:\/\/www.julesverne.com.tr\/\/blog\/baksi-muzesine-gidiyoruz\/"},"modified":"2020-09-21T17:35:56","modified_gmt":"2020-09-21T14:35:56","slug":"baksi-muzesine-gidiyoruz","status":"publish","type":"post","link":"https:\/\/julesverne.com.tr\/en\/travel-blog\/baksi-muzesine-gidiyoruz\/","title":{"rendered":"Baks\u0131 M\u00fczesi\u2019ne Gidiyoruz!"},"content":{"rendered":"<p><h4 style=\"text-align: left;\"><strong>Rehber N&uuml;khet Everi Erzurum &#8211; Baks\u0131 M&uuml;zesi &#8211; Bayburt yolculu\u011fumuzu kaleme ald\u0131&hellip;<\/strong><\/h4>\n<p style=\"text-align: center;\"><img loading=\"lazy\" decoding=\"async\" class=\"alignnone size-full wp-image-3747\" src=\"https:\/\/www.julesverne.com.tr\/\/wp-content\/uploads\/2020\/09\/baksi_yatay.jpg\" width=\"1200\" height=\"500\" alt=\"\" srcset=\"https:\/\/julesverne.com.tr\/wp-content\/uploads\/2020\/09\/baksi_yatay.jpg 1200w, https:\/\/julesverne.com.tr\/wp-content\/uploads\/2020\/09\/baksi_yatay-500x208.jpg 500w, https:\/\/julesverne.com.tr\/wp-content\/uploads\/2020\/09\/baksi_yatay-768x320.jpg 768w\" sizes=\"(max-width: 1200px) 100vw, 1200px\" \/><\/p>\n<p>2014 Avrupa Konseyi M&uuml;ze &Ouml;d&uuml;l&uuml;&rsquo;n&uuml; alan Baks\u0131 M&uuml;zesi, m&uuml;zenin kurucusu, Prof. Dr. H&uuml;samettin Ko&ccedil;an&rsquo;\u0131n deyimiyle: &ldquo;Baks\u0131, gurbete giden ve d&ouml;nen ya da d&ouml;nmeyen babalar i&ccedil;in, onlar\u0131 bekleyen &ccedil;ocuklar i&ccedil;in, yaln\u0131zl\u0131\u011f\u0131n\u0131 &ccedil;ocuklar\u0131na belli etmeyen anneler i&ccedil;in, sanat&ccedil;\u0131lar i&ccedil;in, zanaat&ccedil;\u0131lar i&ccedil;in ve dostlar i&ccedil;in dostlarla birlikte &uuml;retildi.&rdquo;<\/p>\n<p style=\"text-align: center;\"><img loading=\"lazy\" decoding=\"async\" class=\"alignnone size-full wp-image-3748\" src=\"https:\/\/www.julesverne.com.tr\/\/wp-content\/uploads\/2020\/09\/Baksi_kor_makas.jpg\" width=\"960\" height=\"640\" alt=\"baks\u0131 m&uuml;zesi jules verne travel gezi\" srcset=\"https:\/\/julesverne.com.tr\/wp-content\/uploads\/2020\/09\/Baksi_kor_makas.jpg 960w, https:\/\/julesverne.com.tr\/wp-content\/uploads\/2020\/09\/Baksi_kor_makas-500x333.jpg 500w, https:\/\/julesverne.com.tr\/wp-content\/uploads\/2020\/09\/Baksi_kor_makas-768x512.jpg 768w\" sizes=\"(max-width: 960px) 100vw, 960px\" \/><\/p>\n<p>\u015eehrin ke\u015fmeke\u015finden, g&uuml;ndelik hayat\u0131n dertlerinden bir nebze de olsa uzakla\u015fmak, muhte\u015fem bir do\u011fada yenilenmek i&ccedil;in yolumuzu Baks\u0131 M&uuml;zesi&rsquo;ne &ccedil;eviriyoruz. Sabahlar\u0131 &Ccedil;oruh Nehri&rsquo;nin ve vadinin nefes kesen manzaras\u0131na uyanmak, geceleri p\u0131r\u0131l p\u0131r\u0131l bir g&ouml;ky&uuml;z&uuml;n&uuml;n alt\u0131nda huzur bulmak, ate\u015fin etraf\u0131nda do\u011faya teslim olmak, sanatla i&ccedil; i&ccedil;e birka&ccedil; g&uuml;n ge&ccedil;irmek, k\u0131sacas\u0131 kendimize do\u011fru bir yolculu\u011fa &ccedil;\u0131kmak i&ccedil;in Baks\u0131 M&uuml;zesi&rsquo;ne gidiyoruz.<\/p>\n<p style=\"text-align: center;\"><img loading=\"lazy\" decoding=\"async\" class=\"alignnone size-full wp-image-3749\" src=\"https:\/\/www.julesverne.com.tr\/\/wp-content\/uploads\/2020\/09\/21372361_316748538796097_3506901145769476096_n.jpg\" width=\"1080\" height=\"809\" alt=\"&uuml;&ccedil; k&uuml;mbetler erzurum\" srcset=\"https:\/\/julesverne.com.tr\/wp-content\/uploads\/2020\/09\/21372361_316748538796097_3506901145769476096_n.jpg 1080w, https:\/\/julesverne.com.tr\/wp-content\/uploads\/2020\/09\/21372361_316748538796097_3506901145769476096_n-500x375.jpg 500w, https:\/\/julesverne.com.tr\/wp-content\/uploads\/2020\/09\/21372361_316748538796097_3506901145769476096_n-768x575.jpg 768w\" sizes=\"(max-width: 1080px) 100vw, 1080px\" \/><\/p>\n<p>\u0130lk g&uuml;n sabah u&ccedil;a\u011f\u0131yla Erzurum&rsquo;a u&ccedil;uyor ve arac\u0131m\u0131zla merkeze geldikten sonra y&uuml;r&uuml;yerek Erzurum&rsquo;u geziyoruz. Erzurum Kalesi, &Ccedil;ifte Minareli Medrese, Ulu Camii, &Uuml;&ccedil; K&uuml;mbetler, Lala Mustafapa\u015fa Camii, Yakutiye Medresesi, R&uuml;stempa\u015fa Kervansaray\u0131 (Ta\u015f Han) g&ouml;rece\u011fimiz yerler aras\u0131nda. &Ouml;\u011fle yeme\u011fimizin ard\u0131ndan Bayburt Bayraktar K&ouml;y&uuml;&rsquo;nde yer alan Baks\u0131 M&uuml;zesi&rsquo;ne gidiyoruz. Ak\u015fam yeme\u011fimizi Baks\u0131 M&uuml;zesi&rsquo;nin muhte\u015fem ortam\u0131nda al\u0131p, ard\u0131ndan bir Baks\u0131 M&uuml;zesi klasi\u011fi olan terasta yak\u0131lan ate\u015f etraf\u0131nda oturup sohbet ediyoruz.<\/p>\n<p style=\"text-align: center;\"><img loading=\"lazy\" decoding=\"async\" class=\"alignnone size-full wp-image-3750\" src=\"https:\/\/www.julesverne.com.tr\/\/wp-content\/uploads\/2020\/09\/main-baksi-hakkinda-1.jpg\" width=\"1280\" height=\"600\" alt=\"baks\u0131\" srcset=\"https:\/\/julesverne.com.tr\/wp-content\/uploads\/2020\/09\/main-baksi-hakkinda-1.jpg 1280w, https:\/\/julesverne.com.tr\/wp-content\/uploads\/2020\/09\/main-baksi-hakkinda-1-500x234.jpg 500w, https:\/\/julesverne.com.tr\/wp-content\/uploads\/2020\/09\/main-baksi-hakkinda-1-768x360.jpg 768w\" sizes=\"(max-width: 1280px) 100vw, 1280px\" \/><\/p>\n<p>\u0130kinci g&uuml;ne muhte\u015fem bir do\u011fa i&ccedil;erisinde sabah kahvalt\u0131m\u0131zla ba\u015fl\u0131yoruz. Ard\u0131ndan Huykesen A\u011fac\u0131 ve k&ouml;y ziyareti yap\u0131yoruz. Burada y&ouml;renin hik&acirc;yeleri, \u015eaman K&uuml;lt&uuml;r&uuml; ve pek &ccedil;ok s&uuml;rpriz bilgi bizi bekliyor olacak. Geziden sonra Baks\u0131 M&uuml;zesi&rsquo;ne d&ouml;n&uuml;yor ve 2014 Avrupa Konseyi &ouml;d&uuml;ll&uuml; M&uuml;zenin tan\u0131t\u0131m filmini izliyoruz. Emre Zeytino\u011flu&rsquo;nun dedi\u011fi gibi, &ldquo;Baks\u0131 M&uuml;zesi, yaln\u0131zca kendisine do\u011fru bir yolculu\u011fa &ccedil;\u0131kanlar\u0131n ve ayn\u0131 zamanda da ge&ccedil;ip gidenlerin m&uuml;zesidir.&rdquo;<\/p>\n<p style=\"text-align: center;\"><img loading=\"lazy\" decoding=\"async\" class=\"alignnone size-full wp-image-3751\" src=\"https:\/\/www.julesverne.com.tr\/\/wp-content\/uploads\/2020\/09\/konuk-evi-gun-batimi.jpg\" width=\"1280\" height=\"720\" alt=\"\" srcset=\"https:\/\/julesverne.com.tr\/wp-content\/uploads\/2020\/09\/konuk-evi-gun-batimi.jpg 1280w, https:\/\/julesverne.com.tr\/wp-content\/uploads\/2020\/09\/konuk-evi-gun-batimi-500x281.jpg 500w, https:\/\/julesverne.com.tr\/wp-content\/uploads\/2020\/09\/konuk-evi-gun-batimi-768x432.jpg 768w, https:\/\/julesverne.com.tr\/wp-content\/uploads\/2020\/09\/konuk-evi-gun-batimi-400x225.jpg 400w\" sizes=\"(max-width: 1280px) 100vw, 1280px\" \/><\/p>\n<p>M&uuml;zeyi ve m&uuml;zenin sahip oldu\u011fu koleksiyonlar\u0131n yer ald\u0131\u011f\u0131, g&uuml;n&uuml;m&uuml;z sanat\u0131n\u0131n &ouml;rnekleri ile birlikte bir&ccedil;ok tan\u0131nm\u0131\u015f sanat&ccedil;\u0131n\u0131n sergilerinin d&uuml;zenlendi\u011fi Depo-M&uuml;ze&rsquo;yi gezdikten sonra &ouml;\u011fle yeme\u011fimizi al\u0131yoruz. Yemek sonras\u0131nda Bayraktar K&ouml;y&uuml;&rsquo;nde do\u011fan, sanat&ccedil;\u0131-akademisyen Prof. Dr. H&uuml;samettin Ko&ccedil;an ile sanat ve Baks\u0131 &uuml;zerine sohbet ediyoruz. Ak\u015fam yeme\u011fimizi Bayburt mutfa\u011f\u0131na &ouml;zel yemekler e\u015fli\u011finde Baks\u0131&rsquo;da al\u0131yoruz.<\/p>\n<p style=\"text-align: center;\"><img loading=\"lazy\" decoding=\"async\" class=\"alignnone size-full wp-image-3752\" src=\"https:\/\/www.julesverne.com.tr\/\/wp-content\/uploads\/2020\/09\/narman.jpg\" width=\"900\" height=\"586\" alt=\"narman peri bacalar\u0131\" \/><\/p>\n<p>&Uuml;&ccedil;&uuml;nc&uuml; ve son g&uuml;n&uuml;m&uuml;zde sabah kahvalt\u0131m\u0131z\u0131n ard\u0131ndan Baks\u0131 M&uuml;zesi&rsquo;ne veda ediyor ve Bayburt&rsquo;a do\u011fru yola &ccedil;\u0131k\u0131yoruz. \u0130lgi &ccedil;ekici bir programa haz\u0131r olun! Bir ma\u011fara, bir yeralt\u0131 \u015fehri ve zengin bir Bayburt \u015fehir turu sizi g&uuml;n sonunda m&uuml;thi\u015f izlenimlerle donatacak, bundan emin olabilirsiniz. Bayburt Kalesi&rsquo;nden \u015fehri ve &Ccedil;oruh Nehri&rsquo;ni izlemek, Bayburt&rsquo;ta nehir kenar\u0131nda bir &ccedil;ay i&ccedil;mek, \u015fehrin &ccedil;ar\u015f\u0131lar\u0131n\u0131 dola\u015f\u0131p &ouml;lmeye y&uuml;z tutan zanaatlarla tan\u0131\u015fmak sizi b&uuml;y&uuml;leyecek.<\/p>\n<p>Hayatta hi&ccedil; unutamayaca\u011f\u0131m\u0131z bir deneyim ya\u015famak i&ccedil;in Erzurum-Baks\u0131 M&uuml;zesi &#8211; Bayburt gezisinde bulu\u015fal\u0131m!<\/p>\n<h3 style=\"text-align: center;\"><a href=\"https:\/\/gezi.julesverne.com.tr\/geziler\/yurt-ici-ozel-gezilerimiz\/dogu-anadolu-nun-gizli-hazineleri-erzurum-bayburt-baksi-muzesi\" target=\"_blank\" rel=\"noopener noreferrer\"><strong>Do\u011fu Anadolu&rsquo;nun Gizli Hazineleri: Erzurum &amp; Bayburt &amp; Baks\u0131 M&uuml;zesi<\/strong><\/a><\/h3>\n<h4 style=\"text-align: center;\"><strong>&nbsp;10 May\u0131s &#8211; 12 May\u0131s<\/strong><\/h4>\n<p style=\"text-align: center;\"><a href=\"https:\/\/gezi.julesverne.com.tr\/geziler\/yurt-ici-ozel-gezilerimiz\/dogu-anadolu-nun-gizli-hazineleri-erzurum-bayburt-baksi-muzesi\" target=\"_blank\" rel=\"noopener noreferrer\"><strong><img loading=\"lazy\" decoding=\"async\" class=\"alignnone size-full wp-image-3753\" src=\"https:\/\/www.julesverne.com.tr\/\/wp-content\/uploads\/2020\/09\/baksi_kapak-1.jpg\" width=\"1280\" height=\"853\" alt=\"\" srcset=\"https:\/\/julesverne.com.tr\/wp-content\/uploads\/2020\/09\/baksi_kapak-1.jpg 1280w, https:\/\/julesverne.com.tr\/wp-content\/uploads\/2020\/09\/baksi_kapak-1-500x333.jpg 500w, https:\/\/julesverne.com.tr\/wp-content\/uploads\/2020\/09\/baksi_kapak-1-768x512.jpg 768w\" sizes=\"(max-width: 1280px) 100vw, 1280px\" \/><\/strong><\/a><\/p>\n<h4 style=\"text-align: center;\"><a href=\"https:\/\/gezi.julesverne.com.tr\/geziler\/yurt-ici-ozel-gezilerimiz\/dogu-anadolu-nun-gizli-hazineleri-erzurum-bayburt-baksi-muzesi\" target=\"_blank\" rel=\"noopener noreferrer\"><strong>Detayl\u0131 program bilgisi ve rezervasyon i&ccedil;in t\u0131klay\u0131n!<\/strong><\/a><\/h4><\/p>\n","protected":false},"excerpt":{"rendered":"<p>Rehber N&uuml;khet Everi Erzurum &#8211; Baks\u0131 M&uuml;zesi &#8211; Bayburt yolculu\u011fumuzu kaleme ald\u0131&hellip;<\/p>\n<p>&nbsp;<\/p>\n","protected":false},"author":1,"featured_media":2092,"comment_status":"closed","ping_status":"closed","sticky":false,"template":"","format":"standard","meta":{"inline_featured_image":false,"footnotes":""},"categories":[1],"tags":[],"acf":[],"yoast_head":"<!-- This site is optimized with the Yoast SEO plugin v22.3 - https:\/\/yoast.com\/wordpress\/plugins\/seo\/ -->\n<title>Baks\u0131 M\u00fczesi\u2019ne Gidiyoruz! - JULES VERNE BUSINESS MICE TRAVEL<\/title>\n<meta name=\"robots\" content=\"index, follow, max-snippet:-1, max-image-preview:large, max-video-preview:-1\" \/>\n<link rel=\"canonical\" href=\"https:\/\/julesverne.com.tr\/travel-blog\/baksi-muzesine-gidiyoruz\/\" \/>\n<meta property=\"og:locale\" content=\"en_US\" \/>\n<meta property=\"og:type\" content=\"article\" \/>\n<meta property=\"og:title\" content=\"Baks\u0131 M\u00fczesi\u2019ne Gidiyoruz! - JULES VERNE BUSINESS MICE TRAVEL\" \/>\n<meta property=\"og:description\" content=\"Rehber N&uuml;khet Everi Erzurum - Baks\u0131 M&uuml;zesi - Bayburt yolculu\u011fumuzu kaleme ald\u0131&hellip; &nbsp;\" \/>\n<meta property=\"og:url\" content=\"https:\/\/julesverne.com.tr\/travel-blog\/baksi-muzesine-gidiyoruz\/\" \/>\n<meta property=\"og:site_name\" content=\"JULES VERNE BUSINESS MICE TRAVEL\" \/>\n<meta property=\"article:publisher\" content=\"https:\/\/www.facebook.com\/JulesVerneBusinessMiceTravel\/\" \/>\n<meta property=\"article:published_time\" content=\"2019-04-04T13:13:00+00:00\" \/>\n<meta property=\"article:modified_time\" content=\"2020-09-21T14:35:56+00:00\" \/>\n<meta property=\"og:image\" content=\"https:\/\/julesverne.com.tr\/wp-content\/uploads\/2020\/09\/baksi_kapak.jpg\" \/>\n\t<meta property=\"og:image:width\" content=\"1348\" \/>\n\t<meta property=\"og:image:height\" content=\"899\" \/>\n\t<meta property=\"og:image:type\" content=\"image\/jpeg\" \/>\n<meta name=\"author\" content=\"fikirman\" \/>\n<meta name=\"twitter:card\" content=\"summary_large_image\" \/>\n<meta name=\"twitter:creator\" content=\"@JV_BusinessMice\" \/>\n<meta name=\"twitter:site\" content=\"@JV_BusinessMice\" \/>\n<meta name=\"twitter:label1\" content=\"Written by\" \/>\n\t<meta name=\"twitter:data1\" content=\"fikirman\" \/>\n\t<meta name=\"twitter:label2\" content=\"Est. reading time\" \/>\n\t<meta name=\"twitter:data2\" content=\"4 minutes\" \/>\n<script type=\"application\/ld+json\" class=\"yoast-schema-graph\">{\"@context\":\"https:\/\/schema.org\",\"@graph\":[{\"@type\":\"Article\",\"@id\":\"https:\/\/julesverne.com.tr\/travel-blog\/baksi-muzesine-gidiyoruz\/#article\",\"isPartOf\":{\"@id\":\"https:\/\/julesverne.com.tr\/travel-blog\/baksi-muzesine-gidiyoruz\/\"},\"author\":{\"name\":\"fikirman\",\"@id\":\"https:\/\/julesverne.com.tr\/#\/schema\/person\/f4eb0514ae455538644c31b99a466fdb\"},\"headline\":\"Baks\u0131 M\u00fczesi\u2019ne Gidiyoruz!\",\"datePublished\":\"2019-04-04T13:13:00+00:00\",\"dateModified\":\"2020-09-21T14:35:56+00:00\",\"mainEntityOfPage\":{\"@id\":\"https:\/\/julesverne.com.tr\/travel-blog\/baksi-muzesine-gidiyoruz\/\"},\"wordCount\":744,\"publisher\":{\"@id\":\"https:\/\/julesverne.com.tr\/#organization\"},\"image\":{\"@id\":\"https:\/\/julesverne.com.tr\/travel-blog\/baksi-muzesine-gidiyoruz\/#primaryimage\"},\"thumbnailUrl\":\"https:\/\/julesverne.com.tr\/wp-content\/uploads\/2020\/09\/baksi_kapak.jpg\",\"articleSection\":[\"Blog\"],\"inLanguage\":\"en-US\"},{\"@type\":\"WebPage\",\"@id\":\"https:\/\/julesverne.com.tr\/travel-blog\/baksi-muzesine-gidiyoruz\/\",\"url\":\"https:\/\/julesverne.com.tr\/travel-blog\/baksi-muzesine-gidiyoruz\/\",\"name\":\"Baks\u0131 M\u00fczesi\u2019ne Gidiyoruz! - JULES VERNE BUSINESS MICE TRAVEL\",\"isPartOf\":{\"@id\":\"https:\/\/julesverne.com.tr\/#website\"},\"primaryImageOfPage\":{\"@id\":\"https:\/\/julesverne.com.tr\/travel-blog\/baksi-muzesine-gidiyoruz\/#primaryimage\"},\"image\":{\"@id\":\"https:\/\/julesverne.com.tr\/travel-blog\/baksi-muzesine-gidiyoruz\/#primaryimage\"},\"thumbnailUrl\":\"https:\/\/julesverne.com.tr\/wp-content\/uploads\/2020\/09\/baksi_kapak.jpg\",\"datePublished\":\"2019-04-04T13:13:00+00:00\",\"dateModified\":\"2020-09-21T14:35:56+00:00\",\"breadcrumb\":{\"@id\":\"https:\/\/julesverne.com.tr\/travel-blog\/baksi-muzesine-gidiyoruz\/#breadcrumb\"},\"inLanguage\":\"en-US\",\"potentialAction\":[{\"@type\":\"ReadAction\",\"target\":[\"https:\/\/julesverne.com.tr\/travel-blog\/baksi-muzesine-gidiyoruz\/\"]}]},{\"@type\":\"ImageObject\",\"inLanguage\":\"en-US\",\"@id\":\"https:\/\/julesverne.com.tr\/travel-blog\/baksi-muzesine-gidiyoruz\/#primaryimage\",\"url\":\"https:\/\/julesverne.com.tr\/wp-content\/uploads\/2020\/09\/baksi_kapak.jpg\",\"contentUrl\":\"https:\/\/julesverne.com.tr\/wp-content\/uploads\/2020\/09\/baksi_kapak.jpg\",\"width\":1348,\"height\":899},{\"@type\":\"BreadcrumbList\",\"@id\":\"https:\/\/julesverne.com.tr\/travel-blog\/baksi-muzesine-gidiyoruz\/#breadcrumb\",\"itemListElement\":[{\"@type\":\"ListItem\",\"position\":1,\"name\":\"Anasayfa\",\"item\":\"https:\/\/julesverne.com.tr\/\"},{\"@type\":\"ListItem\",\"position\":2,\"name\":\"Baks\u0131 M\u00fczesi\u2019ne Gidiyoruz!\"}]},{\"@type\":\"WebSite\",\"@id\":\"https:\/\/julesverne.com.tr\/#website\",\"url\":\"https:\/\/julesverne.com.tr\/\",\"name\":\"JULES VERNE BUSINESS MICE TRAVEL\",\"description\":\"\",\"publisher\":{\"@id\":\"https:\/\/julesverne.com.tr\/#organization\"},\"potentialAction\":[{\"@type\":\"SearchAction\",\"target\":{\"@type\":\"EntryPoint\",\"urlTemplate\":\"https:\/\/julesverne.com.tr\/?s={search_term_string}\"},\"query-input\":\"required name=search_term_string\"}],\"inLanguage\":\"en-US\"},{\"@type\":\"Organization\",\"@id\":\"https:\/\/julesverne.com.tr\/#organization\",\"name\":\"JULES VERNE BUSINESS MICE TRAVEL\",\"url\":\"https:\/\/julesverne.com.tr\/\",\"logo\":{\"@type\":\"ImageObject\",\"inLanguage\":\"en-US\",\"@id\":\"https:\/\/julesverne.com.tr\/#\/schema\/logo\/image\/\",\"url\":\"https:\/\/julesverne.com.tr\/wp-content\/uploads\/2020\/09\/jv-bmt-logo.png\",\"contentUrl\":\"https:\/\/julesverne.com.tr\/wp-content\/uploads\/2020\/09\/jv-bmt-logo.png\",\"width\":110,\"height\":81,\"caption\":\"JULES VERNE BUSINESS MICE TRAVEL\"},\"image\":{\"@id\":\"https:\/\/julesverne.com.tr\/#\/schema\/logo\/image\/\"},\"sameAs\":[\"https:\/\/www.facebook.com\/JulesVerneBusinessMiceTravel\/\",\"https:\/\/twitter.com\/JV_BusinessMice\",\"https:\/\/www.instagram.com\/julesvernebusinessmicetravel\/\",\"https:\/\/www.linkedin.com\/company\/julesvernebusinessmicetravel\/\",\"https:\/\/www.youtube.com\/channel\/UCAwdsmbZ6tFhu1tea6pkpiw\"]},{\"@type\":\"Person\",\"@id\":\"https:\/\/julesverne.com.tr\/#\/schema\/person\/f4eb0514ae455538644c31b99a466fdb\",\"name\":\"fikirman\",\"sameAs\":[\"http:\/\/advermedya.net\/julesverne\"],\"url\":\"https:\/\/julesverne.com.tr\/en\/author\/fikirman\/\"}]}<\/script>\n<!-- \/ Yoast SEO plugin. -->","yoast_head_json":{"title":"Baks\u0131 M\u00fczesi\u2019ne Gidiyoruz! - JULES VERNE BUSINESS MICE TRAVEL","robots":{"index":"index","follow":"follow","max-snippet":"max-snippet:-1","max-image-preview":"max-image-preview:large","max-video-preview":"max-video-preview:-1"},"canonical":"https:\/\/julesverne.com.tr\/travel-blog\/baksi-muzesine-gidiyoruz\/","og_locale":"en_US","og_type":"article","og_title":"Baks\u0131 M\u00fczesi\u2019ne Gidiyoruz! - JULES VERNE BUSINESS MICE TRAVEL","og_description":"Rehber N&uuml;khet Everi Erzurum - Baks\u0131 M&uuml;zesi - Bayburt yolculu\u011fumuzu kaleme ald\u0131&hellip; &nbsp;","og_url":"https:\/\/julesverne.com.tr\/travel-blog\/baksi-muzesine-gidiyoruz\/","og_site_name":"JULES VERNE BUSINESS MICE TRAVEL","article_publisher":"https:\/\/www.facebook.com\/JulesVerneBusinessMiceTravel\/","article_published_time":"2019-04-04T13:13:00+00:00","article_modified_time":"2020-09-21T14:35:56+00:00","og_image":[{"width":1348,"height":899,"url":"https:\/\/julesverne.com.tr\/wp-content\/uploads\/2020\/09\/baksi_kapak.jpg","type":"image\/jpeg"}],"author":"fikirman","twitter_card":"summary_large_image","twitter_creator":"@JV_BusinessMice","twitter_site":"@JV_BusinessMice","twitter_misc":{"Written by":"fikirman","Est. reading time":"4 minutes"},"schema":{"@context":"https:\/\/schema.org","@graph":[{"@type":"Article","@id":"https:\/\/julesverne.com.tr\/travel-blog\/baksi-muzesine-gidiyoruz\/#article","isPartOf":{"@id":"https:\/\/julesverne.com.tr\/travel-blog\/baksi-muzesine-gidiyoruz\/"},"author":{"name":"fikirman","@id":"https:\/\/julesverne.com.tr\/#\/schema\/person\/f4eb0514ae455538644c31b99a466fdb"},"headline":"Baks\u0131 M\u00fczesi\u2019ne Gidiyoruz!","datePublished":"2019-04-04T13:13:00+00:00","dateModified":"2020-09-21T14:35:56+00:00","mainEntityOfPage":{"@id":"https:\/\/julesverne.com.tr\/travel-blog\/baksi-muzesine-gidiyoruz\/"},"wordCount":744,"publisher":{"@id":"https:\/\/julesverne.com.tr\/#organization"},"image":{"@id":"https:\/\/julesverne.com.tr\/travel-blog\/baksi-muzesine-gidiyoruz\/#primaryimage"},"thumbnailUrl":"https:\/\/julesverne.com.tr\/wp-content\/uploads\/2020\/09\/baksi_kapak.jpg","articleSection":["Blog"],"inLanguage":"en-US"},{"@type":"WebPage","@id":"https:\/\/julesverne.com.tr\/travel-blog\/baksi-muzesine-gidiyoruz\/","url":"https:\/\/julesverne.com.tr\/travel-blog\/baksi-muzesine-gidiyoruz\/","name":"Baks\u0131 M\u00fczesi\u2019ne Gidiyoruz! - JULES VERNE BUSINESS MICE TRAVEL","isPartOf":{"@id":"https:\/\/julesverne.com.tr\/#website"},"primaryImageOfPage":{"@id":"https:\/\/julesverne.com.tr\/travel-blog\/baksi-muzesine-gidiyoruz\/#primaryimage"},"image":{"@id":"https:\/\/julesverne.com.tr\/travel-blog\/baksi-muzesine-gidiyoruz\/#primaryimage"},"thumbnailUrl":"https:\/\/julesverne.com.tr\/wp-content\/uploads\/2020\/09\/baksi_kapak.jpg","datePublished":"2019-04-04T13:13:00+00:00","dateModified":"2020-09-21T14:35:56+00:00","breadcrumb":{"@id":"https:\/\/julesverne.com.tr\/travel-blog\/baksi-muzesine-gidiyoruz\/#breadcrumb"},"inLanguage":"en-US","potentialAction":[{"@type":"ReadAction","target":["https:\/\/julesverne.com.tr\/travel-blog\/baksi-muzesine-gidiyoruz\/"]}]},{"@type":"ImageObject","inLanguage":"en-US","@id":"https:\/\/julesverne.com.tr\/travel-blog\/baksi-muzesine-gidiyoruz\/#primaryimage","url":"https:\/\/julesverne.com.tr\/wp-content\/uploads\/2020\/09\/baksi_kapak.jpg","contentUrl":"https:\/\/julesverne.com.tr\/wp-content\/uploads\/2020\/09\/baksi_kapak.jpg","width":1348,"height":899},{"@type":"BreadcrumbList","@id":"https:\/\/julesverne.com.tr\/travel-blog\/baksi-muzesine-gidiyoruz\/#breadcrumb","itemListElement":[{"@type":"ListItem","position":1,"name":"Anasayfa","item":"https:\/\/julesverne.com.tr\/"},{"@type":"ListItem","position":2,"name":"Baks\u0131 M\u00fczesi\u2019ne Gidiyoruz!"}]},{"@type":"WebSite","@id":"https:\/\/julesverne.com.tr\/#website","url":"https:\/\/julesverne.com.tr\/","name":"JULES VERNE BUSINESS MICE TRAVEL","description":"","publisher":{"@id":"https:\/\/julesverne.com.tr\/#organization"},"potentialAction":[{"@type":"SearchAction","target":{"@type":"EntryPoint","urlTemplate":"https:\/\/julesverne.com.tr\/?s={search_term_string}"},"query-input":"required name=search_term_string"}],"inLanguage":"en-US"},{"@type":"Organization","@id":"https:\/\/julesverne.com.tr\/#organization","name":"JULES VERNE BUSINESS MICE TRAVEL","url":"https:\/\/julesverne.com.tr\/","logo":{"@type":"ImageObject","inLanguage":"en-US","@id":"https:\/\/julesverne.com.tr\/#\/schema\/logo\/image\/","url":"https:\/\/julesverne.com.tr\/wp-content\/uploads\/2020\/09\/jv-bmt-logo.png","contentUrl":"https:\/\/julesverne.com.tr\/wp-content\/uploads\/2020\/09\/jv-bmt-logo.png","width":110,"height":81,"caption":"JULES VERNE BUSINESS MICE TRAVEL"},"image":{"@id":"https:\/\/julesverne.com.tr\/#\/schema\/logo\/image\/"},"sameAs":["https:\/\/www.facebook.com\/JulesVerneBusinessMiceTravel\/","https:\/\/twitter.com\/JV_BusinessMice","https:\/\/www.instagram.com\/julesvernebusinessmicetravel\/","https:\/\/www.linkedin.com\/company\/julesvernebusinessmicetravel\/","https:\/\/www.youtube.com\/channel\/UCAwdsmbZ6tFhu1tea6pkpiw"]},{"@type":"Person","@id":"https:\/\/julesverne.com.tr\/#\/schema\/person\/f4eb0514ae455538644c31b99a466fdb","name":"fikirman","sameAs":["http:\/\/advermedya.net\/julesverne"],"url":"https:\/\/julesverne.com.tr\/en\/author\/fikirman\/"}]}},"_links":{"self":[{"href":"https:\/\/julesverne.com.tr\/en\/wp-json\/wp\/v2\/posts\/2091"}],"collection":[{"href":"https:\/\/julesverne.com.tr\/en\/wp-json\/wp\/v2\/posts"}],"about":[{"href":"https:\/\/julesverne.com.tr\/en\/wp-json\/wp\/v2\/types\/post"}],"author":[{"embeddable":true,"href":"https:\/\/julesverne.com.tr\/en\/wp-json\/wp\/v2\/users\/1"}],"replies":[{"embeddable":true,"href":"https:\/\/julesverne.com.tr\/en\/wp-json\/wp\/v2\/comments?post=2091"}],"version-history":[{"count":0,"href":"https:\/\/julesverne.com.tr\/en\/wp-json\/wp\/v2\/posts\/2091\/revisions"}],"wp:featuredmedia":[{"embeddable":true,"href":"https:\/\/julesverne.com.tr\/en\/wp-json\/wp\/v2\/media\/2092"}],"wp:attachment":[{"href":"https:\/\/julesverne.com.tr\/en\/wp-json\/wp\/v2\/media?parent=2091"}],"wp:term":[{"taxonomy":"category","embeddable":true,"href":"https:\/\/julesverne.com.tr\/en\/wp-json\/wp\/v2\/categories?post=2091"},{"taxonomy":"post_tag","embeddable":true,"href":"https:\/\/julesverne.com.tr\/en\/wp-json\/wp\/v2\/tags?post=2091"}],"curies":[{"name":"wp","href":"https:\/\/api.w.org\/{rel}","templated":true}]}}