{"id":2088,"date":"2019-03-21T16:33:31","date_gmt":"2019-03-21T13:33:31","guid":{"rendered":"https:\/\/www.julesverne.com.tr\/\/blog\/nisan-ayinin-en-keyifli-destinasyonlari\/"},"modified":"2024-03-22T15:06:02","modified_gmt":"2024-03-22T12:06:02","slug":"nisan-ayinin-en-keyifli-destinasyonlari","status":"publish","type":"post","link":"https:\/\/julesverne.com.tr\/en\/travel-blog\/nisan-ayinin-en-keyifli-destinasyonlari\/","title":{"rendered":"Nisan Ay\u0131n\u0131n En Keyifli Destinasyonlar\u0131"},"content":{"rendered":"<p><\/p>\n<p><p style=\"text-align: center;\"><img loading=\"lazy\" decoding=\"async\" class=\"alignnone size-full wp-image-3777\" src=\"https:\/\/www.julesverne.com.tr\/\/wp-content\/uploads\/2020\/09\/tulips2-1.jpg\" width=\"999\" height=\"661\" alt=\"keukenhof amsterdam\" srcset=\"https:\/\/julesverne.com.tr\/wp-content\/uploads\/2020\/09\/tulips2-1.jpg 999w, https:\/\/julesverne.com.tr\/wp-content\/uploads\/2020\/09\/tulips2-1-500x331.jpg 500w, https:\/\/julesverne.com.tr\/wp-content\/uploads\/2020\/09\/tulips2-1-768x508.jpg 768w\" sizes=\"(max-width: 999px) 100vw, 999px\" \/><\/p>\n<p>Bahar co\u015fkusunu hissetti\u011fimiz Nisan ay\u0131, ku\u015fkusuz y\u0131l\u0131n en sevilen d&ouml;neminin ba\u015flang\u0131c\u0131!&nbsp;G&uuml;ne\u015fin i&ccedil;imizi \u0131s\u0131tmaya ba\u015flad\u0131\u011f\u0131,&nbsp;&ccedil;i&ccedil;eklerin a&ccedil;t\u0131\u011f\u0131, topra\u011f\u0131n uyand\u0131\u011f\u0131 Nisan ay\u0131 seyahat etmek i&ccedil;in de en g&uuml;zel zaman&#8230; Tarihi de\u011ferleri ke\u015ffetmek, m&uuml;zi\u011fin ritmine kap\u0131lmak, do\u011fan\u0131n g&uuml;zelliklerinde kaybolmak, berrak sularda y&uuml;zmek k\u0131saca hayal etti\u011finizi ya\u015famak i&ccedil;in Nisan rotalar\u0131n\u0131z\u0131 belirleyin. Sey\u015feller&#8217;den New Orleans&#8217;a, B&uuml;kre\u015f&#8217;ten Roma&#8217;ya, Toronto&#8217;dan Zambiya&#8217;ya Nisan ay\u0131 seyahat &ouml;nerileri&hellip;<\/p>\n<p><strong>Roma, \u0130talya<\/strong><\/p>\n<p style=\"text-align: center;\"><strong><img loading=\"lazy\" decoding=\"async\" class=\"alignnone size-full wp-image-3778\" src=\"https:\/\/www.julesverne.com.tr\/\/wp-content\/uploads\/2020\/09\/roma-1.jpg\" width=\"999\" height=\"666\" alt=\"roma\" srcset=\"https:\/\/julesverne.com.tr\/wp-content\/uploads\/2020\/09\/roma-1.jpg 999w, https:\/\/julesverne.com.tr\/wp-content\/uploads\/2020\/09\/roma-1-500x333.jpg 500w, https:\/\/julesverne.com.tr\/wp-content\/uploads\/2020\/09\/roma-1-768x512.jpg 768w\" sizes=\"(max-width: 999px) 100vw, 999px\" \/><\/strong><\/p>\n<p>Ger&ccedil;ek bir k&uuml;lt&uuml;r canavar\u0131ysan\u0131z binlerce y\u0131ld\u0131r ayakta kalan \u015fehirleri gezmek sizin i&ccedil;in cennete gitmekten farks\u0131z olmal\u0131&#8230; Avrupa&#8217;n\u0131n en b&uuml;y&uuml;leyici ve canl\u0131 \u015fehri Roma&#8217;ya gitmenin tam zaman\u0131! Turist ak\u0131n\u0131 ba\u015flamadan &ouml;nce \u015fehri lokallerle birlikte ke\u015ffetmek i&ccedil;in Nisan ay\u0131 ideal&#8230;<\/p>\n<p>Havalar\u0131n g&uuml;zelle\u015fmeye ba\u015flad\u0131\u011f\u0131, sokaklar\u0131n selfie &ccedil;ubuklar\u0131yla dola\u015fan turistlerle dolmad\u0131\u011f\u0131 bu g&uuml;zel bahar ay\u0131nda Kolezyum, Vatikan gibi &ouml;nemli yerleri gezerken uzun s\u0131ralar beklemek zorunda da kalmazs\u0131n\u0131z!<\/p>\n<p>Dar sokaklar\u0131nda &ouml;zg&uuml;rce dola\u015f\u0131p, \u0130spanyol Merdivenleri&#8217;nin &ouml;n&uuml;nde tembellik yap\u0131p dondurman\u0131z\u0131 yemenin, lokal trattoria&#8217;larda \u015farab\u0131n\u0131z\u0131 yudumlay\u0131p pizzan\u0131z\u0131 yemenin keyfini &ccedil;\u0131kar\u0131n.<\/p>\n<p><strong>Zambiya<\/strong><\/p>\n<p style=\"text-align: center;\"><strong><img loading=\"lazy\" decoding=\"async\" class=\"alignnone size-full wp-image-3779\" src=\"https:\/\/www.julesverne.com.tr\/\/wp-content\/uploads\/2020\/09\/vitoria_falls.jpg\" width=\"999\" height=\"666\" alt=\"victoria falls zambiya\" srcset=\"https:\/\/julesverne.com.tr\/wp-content\/uploads\/2020\/09\/vitoria_falls.jpg 999w, https:\/\/julesverne.com.tr\/wp-content\/uploads\/2020\/09\/vitoria_falls-500x333.jpg 500w, https:\/\/julesverne.com.tr\/wp-content\/uploads\/2020\/09\/vitoria_falls-768x512.jpg 768w\" sizes=\"(max-width: 999px) 100vw, 999px\" \/><\/strong><\/p>\n<p>Kom\u015fular\u0131 Tanzanya ve Botswana safarileri kadar pop&uuml;ler olmasa da Zambiya Afrika&#8217;n\u0131n y&uuml;kselen yeni seyahat destinasyonu&#8230; Seyahati kendi i&ccedil;in yat\u0131r\u0131m olarak g&ouml;ren bir gezginseniz Afrika&#8217;n\u0131n yeni y\u0131ld\u0131z\u0131 Zambiya bir r&uuml;yan\u0131n ger&ccedil;e\u011fe d&ouml;n&uuml;\u015fmesi gibi&#8230;<\/p>\n<p>Unutulmaz safari deneyimleri sunan ulusal parklar\u0131yla &uuml;lkeyi bir ucundan di\u011fer ucuna ke\u015ffedebilirsiniz. <br \/>Victoria Falls, d&uuml;nyan\u0131n en g&ouml;rkemli \u015felalelerinden biri. Yerlilerin &#8220;Mosi-oa-Tunya&#8221; olarak bahsetti\u011fi \u015felale co\u015fkun sular\u0131n 108 metre y&uuml;kseklikten d&uuml;\u015f&uuml;\u015f&uuml;yle nefes kesen bir manzara sunuyor.<\/p>\n<p>Konu safari ise &uuml;lkede sizi hayranl\u0131\u011fa d&uuml;\u015f&uuml;recek ulusal parklardan geri kalmamal\u0131s\u0131n\u0131z! Afrika&#8217;n\u0131n vah\u015fi ya\u015fam\u0131n\u0131n en yo\u011fun oldu\u011fu South Luangwa National Park, d&uuml;nyan\u0131n en b&uuml;y&uuml;k ikinci yaban hayat\u0131 koruma alan\u0131 olan Kafue National Park, Zambiya&#8217;da ya\u015fayaca\u011f\u0131n\u0131z en bakir safari deneyimini ya\u015fayaca\u011f\u0131n\u0131z Liuwa Plains National Park, Zambezi Nehri&#8217;nin e\u015fsiz manzaralar\u0131 e\u015fli\u011finde devasa bir vah\u015fi ya\u015fam koruma alan\u0131 sunan Lower Zambezi National Park en &ouml;zel adresler.<\/p>\n<p><strong>Amsterdam, Hollanda<\/strong><\/p>\n<p style=\"text-align: center;\"><strong><img loading=\"lazy\" decoding=\"async\" class=\"alignnone size-full wp-image-3780\" src=\"https:\/\/www.julesverne.com.tr\/\/wp-content\/uploads\/2020\/09\/tulips.jpg\" width=\"999\" height=\"666\" alt=\"Keukenhof bah&ccedil;eleri\" srcset=\"https:\/\/julesverne.com.tr\/wp-content\/uploads\/2020\/09\/tulips.jpg 999w, https:\/\/julesverne.com.tr\/wp-content\/uploads\/2020\/09\/tulips-500x333.jpg 500w, https:\/\/julesverne.com.tr\/wp-content\/uploads\/2020\/09\/tulips-768x512.jpg 768w\" sizes=\"(max-width: 999px) 100vw, 999px\" \/><\/strong><\/p>\n<p>Parklar\u0131n hareketlendi\u011fi, hayat\u0131n biraz daha sokaklara ta\u015ft\u0131\u011f\u0131 bahar aylar\u0131n\u0131n geli\u015fi Amsterdam&#8217;da ba\u015fka bir anlam daha ta\u015f\u0131yor: King&rsquo;s Day. Asl\u0131nda Hollanda kraliyet ailesinin do\u011fum g&uuml;n&uuml; olarak kutlanan ve y\u0131llar i&ccedil;erisinde s&uuml;per festivale d&ouml;n&uuml;\u015fen King&#8217;s Day her y\u0131l 27 Nisan&#8217;da kutlan\u0131yor. Bir g&uuml;n &ouml;ncesinden t&uuml;m \u015fehirde ba\u015flayan co\u015fku restoranlara, parklara, kanallara ta\u015f\u0131yor.<\/p>\n<p>\u015eehre 30 dakika mesafedeki Keukenhof Botanik Bah&ccedil;esi bahar\u0131n geli\u015fiyle g&ouml;kku\u015fa\u011f\u0131 renklerine b&uuml;r&uuml;n&uuml;yor. 2019 temas\u0131 olarak &#8220;&ccedil;i&ccedil;e\u011fin g&uuml;c&uuml;&#8221;nden ilham alan botanik bah&ccedil;e binlerce lalenin ahengiyle d&uuml;nya insanlar\u0131n\u0131 birbirine ba\u011fl\u0131yor.<\/p>\n<p>Sanat d&uuml;\u015fk&uuml;nleri i&ccedil;in de g&uuml;zel bir haberimiz var: Amsterdam&#8217;\u0131n en g&uuml;zel sanat m&uuml;zelerinden Rijksmuseum, Rembrandt&rsquo;\u0131n &ouml;l&uuml;m&uuml;n&uuml;n 350. y\u0131ld&ouml;n&uuml;m&uuml;n&uuml; sanat&ccedil;\u0131n\u0131n eser ve &ccedil;al\u0131\u015fmalar\u0131n\u0131n yer ald\u0131\u011f\u0131 &ouml;zel sergisiyle an\u0131yor.<\/p>\n<p><strong>Bali, Endonezya<\/strong><\/p>\n<p style=\"text-align: center;\"><strong><img loading=\"lazy\" decoding=\"async\" class=\"alignnone size-full wp-image-3781\" src=\"https:\/\/www.julesverne.com.tr\/\/wp-content\/uploads\/2020\/09\/bali-1.jpg\" width=\"999\" height=\"666\" alt=\"hanging gardens bali\" srcset=\"https:\/\/julesverne.com.tr\/wp-content\/uploads\/2020\/09\/bali-1.jpg 999w, https:\/\/julesverne.com.tr\/wp-content\/uploads\/2020\/09\/bali-1-500x333.jpg 500w, https:\/\/julesverne.com.tr\/wp-content\/uploads\/2020\/09\/bali-1-768x512.jpg 768w\" sizes=\"(max-width: 999px) 100vw, 999px\" \/><\/strong><\/p>\n<p>Ya\u011f\u0131\u015flar\u0131n az oldu\u011fu ve y&uuml;ksek sezonun ba\u015flang\u0131c\u0131 olarak kabul edilen Nisan ay\u0131nda neden Bali&#8217;yi &ouml;nerdik? &Ccedil;&uuml;nk&uuml; Paskalya Bayram\u0131&#8217;ndan &ouml;nce, Nisan ay\u0131n\u0131n ba\u015flar\u0131nda Bali&#8217;ye giderseniz hem g&uuml;zel havay\u0131 hem de hen&uuml;z kalabal\u0131k a&ccedil;\u0131s\u0131ndan &ccedil;\u0131lg\u0131nla\u015fmayan ada hayat\u0131n\u0131 yakalayabilirsiniz.<\/p>\n<p>S\u0131rt &ccedil;antal\u0131 gezginlerin egzotik adas\u0131 olarak tan\u0131d\u0131\u011f\u0131m\u0131z Bali, bug&uuml;n do\u011faya sayg\u0131l\u0131 sa\u011fl\u0131kl\u0131 ya\u015fam odakl\u0131 otellerinden, l&uuml;ks ve romantik otellerine; gece hayat\u0131ndan gurme restoranlar\u0131na, tap\u0131naklar\u0131ndan tasar\u0131m ma\u011fazalar\u0131na kadar her b&ouml;lgesinde bamba\u015fka deneyimler sunmaya devam ediyor. K\u0131sacas\u0131, unutulmaz bir Bali seyahati ya\u015famak ka&ccedil;\u0131n\u0131lmaz!<\/p>\n<p><strong>Aomori, Japonya<\/strong><\/p>\n<p style=\"text-align: center;\"><strong><img loading=\"lazy\" decoding=\"async\" class=\"alignnone size-full wp-image-3782\" src=\"https:\/\/www.julesverne.com.tr\/\/wp-content\/uploads\/2020\/09\/ashino_park.png\" width=\"960\" height=\"544\" alt=\"ashino park Aomori\" srcset=\"https:\/\/julesverne.com.tr\/wp-content\/uploads\/2020\/09\/ashino_park.png 960w, https:\/\/julesverne.com.tr\/wp-content\/uploads\/2020\/09\/ashino_park-500x283.png 500w, https:\/\/julesverne.com.tr\/wp-content\/uploads\/2020\/09\/ashino_park-768x435.png 768w\" sizes=\"(max-width: 960px) 100vw, 960px\" \/><\/strong><\/p>\n<p>Japonya&#8217;n\u0131n kuzey ucunda konumlanan Aomori, sakura festivali i&ccedil;in heyecan duyan gezginler i&ccedil;in bir vaha! Bu y\u0131lki sakura haritas\u0131na g&ouml;re 23-29 Nisan tarihlerinde a&ccedil;acak olan kiraz &ccedil;i&ccedil;ekleri buray\u0131 cennet bah&ccedil;esine &ccedil;eviriyor.&nbsp;<\/p>\n<p>Kiraz &ccedil;i&ccedil;eklerinin muhte\u015fem g&ouml;r&uuml;nt&uuml;lerini g&ouml;rebilece\u011finiz en iyi iki adres ise; demiryolu ile harika manzaralar olu\u015fturan Ashino Park ve 50 farkl\u0131 t&uuml;rde yakla\u015f\u0131k 2600 kiraz a\u011fac\u0131n\u0131 bar\u0131nd\u0131ran Hirosaki Park.<\/p>\n<p>Aoromi B&ouml;lgesi&#8217;ni detayl\u0131ca ke\u015ffetmek i&ccedil;in 5.500 y\u0131l &ouml;ncesine ait arkeolojik eserleriyle Sannai-Maruyama Harabeleri g&ouml;r&uuml;lmeli. Mimarisiyle etkileyen ve \u015fehrin hemen d\u0131\u015f\u0131nda kurulan Aomori Museum of Art ise Japon sanat\u0131 ve uluslararas\u0131 sanat\u0131 bulu\u015fturuyor.<\/p>\n<p><strong>Coachella Valley, California, ABD<\/strong><\/p>\n<p style=\"text-align: center;\"><strong><img loading=\"lazy\" decoding=\"async\" class=\"alignnone size-full wp-image-3783\" src=\"https:\/\/www.julesverne.com.tr\/\/wp-content\/uploads\/2020\/09\/coachella.jpg\" width=\"918\" height=\"515\" alt=\"Coachella Valley\" srcset=\"https:\/\/julesverne.com.tr\/wp-content\/uploads\/2020\/09\/coachella.jpg 918w, https:\/\/julesverne.com.tr\/wp-content\/uploads\/2020\/09\/coachella-500x281.jpg 500w, https:\/\/julesverne.com.tr\/wp-content\/uploads\/2020\/09\/coachella-768x431.jpg 768w, https:\/\/julesverne.com.tr\/wp-content\/uploads\/2020\/09\/coachella-400x225.jpg 400w\" sizes=\"(max-width: 918px) 100vw, 918px\" \/><\/strong><\/p>\n<p>Evet, tabi ki listemize ikonik Coachella Festivali&rsquo;ni eklemeliydik! Bir m&uuml;zik festivalinden &ccedil;ok daha fazlas\u0131na d&ouml;n&uuml;\u015fen ve festival modas\u0131n\u0131 g&uuml;ndemimize sokan Coachella Valley Music &amp; Arts Festival bu y\u0131l da &ccedil;ok konu\u015fulaca\u011fa benziyor.<\/p>\n<p>Rock, indie, hip hop ve elektronik dans m&uuml;zi\u011fi sanat&ccedil;\u0131lar\u0131n ge&ccedil;it t&ouml;renine d&ouml;n&uuml;\u015fen, iddial\u0131 sahne \u015fovlar\u0131yla dikkat &ccedil;eken festival her y\u0131l oldu\u011fu gibi bu y\u0131l da Kaliforniya&#8217;da yer alan Empire Polo Club&#8217;da ger&ccedil;ekle\u015fiyor. Festival bu sene&nbsp; 12-14 Nisan ve 19-21 Nisan olarak iki farkl\u0131 tarihte d&uuml;zenleniyor.<\/p>\n<p><strong>Toronto, Kanada<\/strong><\/p>\n<p style=\"text-align: center;\"><strong><img loading=\"lazy\" decoding=\"async\" class=\"alignnone size-full wp-image-3784\" src=\"https:\/\/www.julesverne.com.tr\/\/wp-content\/uploads\/2020\/09\/toronto.jpg\" width=\"999\" height=\"594\" alt=\"toronto kanada\" srcset=\"https:\/\/julesverne.com.tr\/wp-content\/uploads\/2020\/09\/toronto.jpg 999w, https:\/\/julesverne.com.tr\/wp-content\/uploads\/2020\/09\/toronto-500x297.jpg 500w, https:\/\/julesverne.com.tr\/wp-content\/uploads\/2020\/09\/toronto-768x457.jpg 768w\" sizes=\"(max-width: 999px) 100vw, 999px\" \/><\/strong><\/p>\n<p>Kanada&rsquo;n\u0131n en b&uuml;y&uuml;k \u015fehri olan Toronto b&uuml;y&uuml;kl&uuml;\u011f&uuml;ne ra\u011fmen kibar, d&uuml;zenli ve temiz olmay\u0131 ba\u015faran bir ticaret ve sanat merkezi. Size, ger&ccedil;ek bir Kanadal\u0131 olman\u0131n inceliklerini \u015fehri ya\u015farken &ouml;\u011fretiyor!<\/p>\n<p>Yava\u015f yava\u015f bahar\u0131n kendini g&ouml;stermeye ba\u015flad\u0131\u011f\u0131 Nisan ay\u0131nda Torontolular High Park&#8217;\u0131n keyfini &ccedil;\u0131karmaya ba\u015fl\u0131yor. Kiraz a\u011fa&ccedil;lar\u0131n\u0131n &ccedil;i&ccedil;ek a&ccedil;maya ba\u015flamas\u0131yla park b&uuml;y&uuml;leyici bir hal al\u0131yor.<\/p>\n<p>Kanada&rsquo;n\u0131n mutfak ve tad\u0131m sekt&ouml;r&uuml;ndeki bir numaras\u0131 Culinary Adventure Co.&#8217;nun d&uuml;zenledi\u011fi &ouml;zel turlarla \u015fehrin farkl\u0131 mahallelerindeki yerel spesiyalleri deneyebilirsiniz.<\/p>\n<p><strong>B&uuml;kre\u015f, Romanya<\/strong><\/p>\n<p style=\"text-align: center;\"><strong><img loading=\"lazy\" decoding=\"async\" class=\"alignnone size-full wp-image-3785\" src=\"https:\/\/www.julesverne.com.tr\/\/wp-content\/uploads\/2020\/09\/bukres.jpg\" width=\"999\" height=\"666\" alt=\"b&uuml;kre\u015f\" srcset=\"https:\/\/julesverne.com.tr\/wp-content\/uploads\/2020\/09\/bukres.jpg 999w, https:\/\/julesverne.com.tr\/wp-content\/uploads\/2020\/09\/bukres-500x333.jpg 500w, https:\/\/julesverne.com.tr\/wp-content\/uploads\/2020\/09\/bukres-768x512.jpg 768w\" sizes=\"(max-width: 999px) 100vw, 999px\" \/><\/strong><\/p>\n<p>Kozmopolit havas\u0131 ve enerjisi ile ilk defa ziyaret edenleri \u015fa\u015f\u0131rtan Romanya&#8217;n\u0131n ba\u015fkenti B&uuml;kre\u015f s&uuml;rprizlerle dolu. As\u0131rl\u0131k Bizans kiliselerinden Belle &Eacute;poque saraylar\u0131na tarihin farkl\u0131 d&ouml;nemlerine \u0131\u015f\u0131k tutan B&uuml;kre\u015f Do\u011fu ile Bat\u0131&#8217;y\u0131, eski ve yeniyi bar\u0131nd\u0131ran canl\u0131 bir \u015fehir.<\/p>\n<p>Artan pop&uuml;lerli\u011fine ra\u011fmen s\u0131ra d\u0131\u015f\u0131 bir destinasyon olmay\u0131 ba\u015faran B&uuml;kre\u015f enerjisini insanlar\u0131ndan al\u0131yor!Y\u0131l boyunca ziyaret i&ccedil;in cazip olsa da &ccedil;i&ccedil;eklerin sokaklar\u0131 ve parklar\u0131 \u015fenlendirdi\u011fi bahar aylar\u0131 B&uuml;kre\u015f&#8217;i farkl\u0131 bir kimli\u011fe b&uuml;r&uuml;nd&uuml;r&uuml;yor.<\/p>\n<p>Lipscani olarak da bilinen \u015fehrin eski merkezi tarihi binalarla dolu. Ak\u015famlar\u0131 ise \u015fehrin parti sahnesine d&ouml;n&uuml;\u015f&uuml;yor. B&uuml;kre\u015f&#8217;in en g&uuml;zel kiliselerini g&ouml;rece\u011finiz Domni\u021ba B\u0103la\u0219a, ye\u015file doymak i&ccedil;in Ci\u015fmigiu Gardens, sanatla b&uuml;t&uuml;nle\u015fmek i&ccedil;in Frederic and Cecilia Cu\u021bescu-Storck Art Museum, National Museum of Art of Romania ve George Enescu Museum ziyarete edebilece\u011finiz &ccedil;ekim merkezleri&hellip;<\/p>\n<p><strong>New Orleans, ABD<\/strong><\/p>\n<p style=\"text-align: center;\"><strong><img loading=\"lazy\" decoding=\"async\" class=\"alignnone size-full wp-image-3786\" src=\"https:\/\/www.julesverne.com.tr\/\/wp-content\/uploads\/2020\/09\/new_orleans.jpg\" width=\"1000\" height=\"667\" alt=\"new orleans\" srcset=\"https:\/\/julesverne.com.tr\/wp-content\/uploads\/2020\/09\/new_orleans.jpg 1000w, https:\/\/julesverne.com.tr\/wp-content\/uploads\/2020\/09\/new_orleans-500x334.jpg 500w, https:\/\/julesverne.com.tr\/wp-content\/uploads\/2020\/09\/new_orleans-768x512.jpg 768w\" sizes=\"(max-width: 1000px) 100vw, 1000px\" \/><\/strong><\/p>\n<p>&#8220;Amerika&#8217;n\u0131n En \u0130lgin&ccedil; \u015eehri&#8221; slogan\u0131yla t&uuml;m d&uuml;nyaya nam salan New Orleans, ger&ccedil;ekten de bu &uuml;n&uuml;n&uuml;n hakk\u0131n\u0131 veriyor. Missisipi Nehri&#8217;nin k\u0131y\u0131s\u0131na kurulan New Orleans y\u0131llar i&ccedil;inde olumlu y&ouml;nde bir&ccedil;ok de\u011fi\u015fiklik ge&ccedil;irse de ilk zamanlardaki ruhundan da hi&ccedil; &ouml;d&uuml;n vermiyor.<\/p>\n<p>Amerikan m&uuml;zi\u011finin be\u015fi\u011fi, Creole mutfa\u011f\u0131n\u0131n anavatan\u0131nda enerjiniz hi&ccedil; d&uuml;\u015fm&uuml;yor. &Ccedil;ok renk, &ccedil;ok ses nas\u0131l olur derseniz kendinizi New Orleans&#8217;\u0131n sokaklar\u0131na b\u0131rakman\u0131z ve bu g&uuml;zel enerjiye teslim olman\u0131z yeterli. Frans\u0131z, \u0130spanyol, Haiti, K&uuml;ba etkileri ta\u015f\u0131yan bir yan\u0131 Amerikal\u0131 bir yan\u0131 Avrupal\u0131 bu \u015fehrin dinamizmi hi&ccedil; bitmiyor.<\/p>\n<p>Caz m&uuml;zi\u011fin kalbi olan New Orleans&rsquo;ta kendinizi m&uuml;zi\u011fin ritmine b\u0131rakmak i&ccedil;in seyahatinizi Caz Festivali&rsquo;nde denk getirmenizi &ouml;neririz. Festival 26 Nisan-6 May\u0131s tarihlerinde ger&ccedil;ekle\u015fecek.<\/p>\n<p><strong>Porto, Portekiz<\/strong><\/p>\n<p style=\"text-align: center;\"><strong><img loading=\"lazy\" decoding=\"async\" class=\"alignnone size-full wp-image-3787\" src=\"https:\/\/www.julesverne.com.tr\/\/wp-content\/uploads\/2020\/09\/porto-1.jpg\" width=\"1000\" height=\"667\" alt=\"porto\" srcset=\"https:\/\/julesverne.com.tr\/wp-content\/uploads\/2020\/09\/porto-1.jpg 1000w, https:\/\/julesverne.com.tr\/wp-content\/uploads\/2020\/09\/porto-1-500x334.jpg 500w, https:\/\/julesverne.com.tr\/wp-content\/uploads\/2020\/09\/porto-1-768x512.jpg 768w\" sizes=\"(max-width: 1000px) 100vw, 1000px\" \/><\/strong><\/p>\n<p>Douro&rsquo;nun dik k\u0131y\u0131lar\u0131nda kurulan, Portekiz&#8217;in s&uuml;per star\u0131 Porto &uuml;lkenin kuzeydeki m&uuml;cevheri&#8230; K&uuml;lt&uuml;r&uuml;, damak tad\u0131na hitap eden haval\u0131 restoranlar\u0131, hareketli barlar\u0131, tasar\u0131m butikleri, farkl\u0131 ve yarat\u0131c\u0131 mek&acirc;nlar\u0131yla s\u0131cac\u0131k bir ev gibi asl\u0131nda Porto&#8230; Son y\u0131llarda giderek artan pop&uuml;lerli\u011fine ra\u011fmen kendine &ouml;zg&uuml; ya\u015fam \u015feklini \u015fehrin yeni y&uuml;kselen semtlerinde korumaya devam ediyor.<\/p>\n<p>H\u0131zla de\u011fil zamana yayarak ya\u015fanmas\u0131 gereken Porto&#8217;da bahar aylar\u0131n\u0131n i&ccedil;inizi \u0131s\u0131tan enerjisine b\u0131rak\u0131n kendinizi! Nehre inen tarihi, Arnavut kald\u0131r\u0131ml\u0131 sokaklar\u0131nda dola\u015f\u0131n, \u015farap evlerinde tad\u0131mlara kat\u0131l\u0131n, ara sokaklardaki d&uuml;kk&acirc;nlar\u0131 ke\u015ffedin.<\/p>\n<p><strong>Bonus: Sey\u015feller<\/strong><\/p>\n<p style=\"text-align: center;\"><strong><img loading=\"lazy\" decoding=\"async\" class=\"alignnone size-full wp-image-3788\" src=\"https:\/\/www.julesverne.com.tr\/\/wp-content\/uploads\/2020\/09\/seyseller.jpg\" width=\"1000\" height=\"568\" alt=\"sey\u015feller\" srcset=\"https:\/\/julesverne.com.tr\/wp-content\/uploads\/2020\/09\/seyseller.jpg 1000w, https:\/\/julesverne.com.tr\/wp-content\/uploads\/2020\/09\/seyseller-500x284.jpg 500w, https:\/\/julesverne.com.tr\/wp-content\/uploads\/2020\/09\/seyseller-768x436.jpg 768w\" sizes=\"(max-width: 1000px) 100vw, 1000px\" \/><\/strong><\/p>\n<p>Hint Okyanusu&#8217;nda, 115 adadan olu\u015fan Seychelles sular &uuml;zerinde parlayan inciler toplulu\u011fu gibi. 19.y&uuml;zy\u0131lda \u0130ngiliz komutan General Charles Gordon Do\u011fu Afrika k\u0131y\u0131lar\u0131n\u0131n yakla\u015f\u0131k 1000 mil uza\u011f\u0131nda bulunan Sey\u015fel Adalar\u0131&#8217;na dikkat kesildi\u011fi zaman, bu topraklar\u0131 Cennet Bah&ccedil;esi olarak tan\u0131mlam\u0131\u015f.<\/p>\n<p style=\"text-align: left;\">Bundan neredeyse bir as\u0131r sonra ise Frans\u0131z okyanus uzman\u0131 Jacques Cousteau, &uuml;nl&uuml; ke\u015fif gemisi Calypso ile Sey\u015feller&#8217;e geldi\u011finde mavi lag&uuml;nleri, ba\u015fka hi&ccedil;bir yerde bulunmayan t&uuml;rlere ev sahipli\u011fi yapan sarp granit da\u011flarla &ccedil;evrili ormanlar\u0131 hayranl\u0131kla izlemi\u015f. Do\u011faya ve do\u011fall\u0131\u011fa d&ouml;nd&uuml;\u011f&uuml;m&uuml;z son y\u0131llara bakt\u0131\u011f\u0131m\u0131zda Sey\u015feller y\u0131llard\u0131r sab\u0131rla beklenen hayallerin ger&ccedil;e\u011fe d&ouml;n&uuml;\u015fmesi gibi&#8230;<\/p>\n<p style=\"text-align: center;\"><img loading=\"lazy\" decoding=\"async\" class=\"alignnone size-full wp-image-3789\" src=\"https:\/\/www.julesverne.com.tr\/\/wp-content\/uploads\/2020\/09\/bali_rice.jpg\" width=\"999\" height=\"666\" alt=\"bali pirin&ccedil; tarlalar\u0131\" srcset=\"https:\/\/julesverne.com.tr\/wp-content\/uploads\/2020\/09\/bali_rice.jpg 999w, https:\/\/julesverne.com.tr\/wp-content\/uploads\/2020\/09\/bali_rice-500x333.jpg 500w, https:\/\/julesverne.com.tr\/wp-content\/uploads\/2020\/09\/bali_rice-768x512.jpg 768w\" sizes=\"(max-width: 999px) 100vw, 999px\" \/><\/p>\n<h4 style=\"text-align: center;\"><strong>Size &ouml;zel seyahat program\u0131 ve rezervasyon i&ccedil;in:<\/strong><br \/><a href=\"mailto:travel@julesverne.com.tr\" target=\"_blank\" rel=\"noopener noreferrer\"><strong>travel@julesverne.com.tr<\/strong><\/a><br \/><strong>0212 266 6363 &#8211; 118<\/strong><\/h4>\n<\/p>\n<p><\/p>","protected":false},"excerpt":{"rendered":"<p>Sey\u015feller&#8217;den New Orleans&#8217;a, B&uuml;kre\u015f&#8217;ten Roma&#8217;ya, Toronto&#8217;dan Zambiya&#8217;ya Nisan ay\u0131 seyahat &ouml;nerileri&hellip;<\/p>\n","protected":false},"author":1,"featured_media":2089,"comment_status":"closed","ping_status":"closed","sticky":false,"template":"","format":"standard","meta":{"inline_featured_image":false,"footnotes":""},"categories":[38,1,39],"tags":[],"acf":[],"yoast_head":"<!-- This site is optimized with the Yoast SEO plugin v22.3 - https:\/\/yoast.com\/wordpress\/plugins\/seo\/ -->\n<title>Nisan Ay\u0131n\u0131n En Keyifli Destinasyonlar\u0131 - JULES VERNE BUSINESS MICE TRAVEL<\/title>\n<meta name=\"description\" content=\"Sey\u015feller&#039;den New Orleans&#039;a, B\u00fckre\u015f&#039;ten Roma&#039;ya, Toronto&#039;dan Zambiya&#039;ya Nisan ay\u0131 seyahat \u00f6nerileri\u2026\" \/>\n<meta name=\"robots\" content=\"index, follow, max-snippet:-1, max-image-preview:large, max-video-preview:-1\" \/>\n<link rel=\"canonical\" href=\"https:\/\/julesverne.com.tr\/travel-blog\/nisan-ayinin-en-keyifli-destinasyonlari\/\" \/>\n<meta property=\"og:locale\" content=\"en_US\" \/>\n<meta property=\"og:type\" content=\"article\" \/>\n<meta property=\"og:title\" content=\"Nisan Ay\u0131n\u0131n En Keyifli Destinasyonlar\u0131 - JULES VERNE BUSINESS MICE TRAVEL\" \/>\n<meta property=\"og:description\" content=\"Sey\u015feller&#039;den New Orleans&#039;a, B\u00fckre\u015f&#039;ten Roma&#039;ya, Toronto&#039;dan Zambiya&#039;ya Nisan ay\u0131 seyahat \u00f6nerileri\u2026\" \/>\n<meta property=\"og:url\" content=\"https:\/\/julesverne.com.tr\/travel-blog\/nisan-ayinin-en-keyifli-destinasyonlari\/\" \/>\n<meta property=\"og:site_name\" content=\"JULES VERNE BUSINESS MICE TRAVEL\" \/>\n<meta property=\"article:publisher\" content=\"https:\/\/www.facebook.com\/JulesVerneBusinessMiceTravel\/\" \/>\n<meta property=\"article:published_time\" content=\"2019-03-21T13:33:31+00:00\" \/>\n<meta property=\"article:modified_time\" content=\"2024-03-22T12:06:02+00:00\" \/>\n<meta property=\"og:image\" content=\"https:\/\/julesverne.com.tr\/wp-content\/uploads\/2020\/09\/tulips2.jpg\" \/>\n\t<meta property=\"og:image:width\" content=\"999\" \/>\n\t<meta property=\"og:image:height\" content=\"661\" \/>\n\t<meta property=\"og:image:type\" content=\"image\/jpeg\" \/>\n<meta name=\"author\" content=\"fikirman\" \/>\n<meta name=\"twitter:card\" content=\"summary_large_image\" \/>\n<meta name=\"twitter:creator\" content=\"@JV_BusinessMice\" \/>\n<meta name=\"twitter:site\" content=\"@JV_BusinessMice\" \/>\n<meta name=\"twitter:label1\" content=\"Written by\" \/>\n\t<meta name=\"twitter:data1\" content=\"fikirman\" \/>\n\t<meta name=\"twitter:label2\" content=\"Est. reading time\" \/>\n\t<meta name=\"twitter:data2\" content=\"10 minutes\" \/>\n<script type=\"application\/ld+json\" class=\"yoast-schema-graph\">{\"@context\":\"https:\/\/schema.org\",\"@graph\":[{\"@type\":\"Article\",\"@id\":\"https:\/\/julesverne.com.tr\/travel-blog\/nisan-ayinin-en-keyifli-destinasyonlari\/#article\",\"isPartOf\":{\"@id\":\"https:\/\/julesverne.com.tr\/travel-blog\/nisan-ayinin-en-keyifli-destinasyonlari\/\"},\"author\":{\"name\":\"fikirman\",\"@id\":\"https:\/\/julesverne.com.tr\/#\/schema\/person\/f4eb0514ae455538644c31b99a466fdb\"},\"headline\":\"Nisan Ay\u0131n\u0131n En Keyifli Destinasyonlar\u0131\",\"datePublished\":\"2019-03-21T13:33:31+00:00\",\"dateModified\":\"2024-03-22T12:06:02+00:00\",\"mainEntityOfPage\":{\"@id\":\"https:\/\/julesverne.com.tr\/travel-blog\/nisan-ayinin-en-keyifli-destinasyonlari\/\"},\"wordCount\":3533,\"publisher\":{\"@id\":\"https:\/\/julesverne.com.tr\/#organization\"},\"image\":{\"@id\":\"https:\/\/julesverne.com.tr\/travel-blog\/nisan-ayinin-en-keyifli-destinasyonlari\/#primaryimage\"},\"thumbnailUrl\":\"https:\/\/julesverne.com.tr\/wp-content\/uploads\/2020\/09\/tulips2.jpg\",\"articleSection\":[\"\u0130lham Veren Destinasyonlar\",\"Blog\",\"Nereye Gitsek?\"],\"inLanguage\":\"en-US\"},{\"@type\":\"WebPage\",\"@id\":\"https:\/\/julesverne.com.tr\/travel-blog\/nisan-ayinin-en-keyifli-destinasyonlari\/\",\"url\":\"https:\/\/julesverne.com.tr\/travel-blog\/nisan-ayinin-en-keyifli-destinasyonlari\/\",\"name\":\"Nisan Ay\u0131n\u0131n En Keyifli Destinasyonlar\u0131 - JULES VERNE BUSINESS MICE TRAVEL\",\"isPartOf\":{\"@id\":\"https:\/\/julesverne.com.tr\/#website\"},\"primaryImageOfPage\":{\"@id\":\"https:\/\/julesverne.com.tr\/travel-blog\/nisan-ayinin-en-keyifli-destinasyonlari\/#primaryimage\"},\"image\":{\"@id\":\"https:\/\/julesverne.com.tr\/travel-blog\/nisan-ayinin-en-keyifli-destinasyonlari\/#primaryimage\"},\"thumbnailUrl\":\"https:\/\/julesverne.com.tr\/wp-content\/uploads\/2020\/09\/tulips2.jpg\",\"datePublished\":\"2019-03-21T13:33:31+00:00\",\"dateModified\":\"2024-03-22T12:06:02+00:00\",\"description\":\"Sey\u015feller'den New Orleans'a, B\u00fckre\u015f'ten Roma'ya, Toronto'dan Zambiya'ya Nisan ay\u0131 seyahat \u00f6nerileri\u2026\",\"breadcrumb\":{\"@id\":\"https:\/\/julesverne.com.tr\/travel-blog\/nisan-ayinin-en-keyifli-destinasyonlari\/#breadcrumb\"},\"inLanguage\":\"en-US\",\"potentialAction\":[{\"@type\":\"ReadAction\",\"target\":[\"https:\/\/julesverne.com.tr\/travel-blog\/nisan-ayinin-en-keyifli-destinasyonlari\/\"]}]},{\"@type\":\"ImageObject\",\"inLanguage\":\"en-US\",\"@id\":\"https:\/\/julesverne.com.tr\/travel-blog\/nisan-ayinin-en-keyifli-destinasyonlari\/#primaryimage\",\"url\":\"https:\/\/julesverne.com.tr\/wp-content\/uploads\/2020\/09\/tulips2.jpg\",\"contentUrl\":\"https:\/\/julesverne.com.tr\/wp-content\/uploads\/2020\/09\/tulips2.jpg\",\"width\":999,\"height\":661},{\"@type\":\"BreadcrumbList\",\"@id\":\"https:\/\/julesverne.com.tr\/travel-blog\/nisan-ayinin-en-keyifli-destinasyonlari\/#breadcrumb\",\"itemListElement\":[{\"@type\":\"ListItem\",\"position\":1,\"name\":\"Anasayfa\",\"item\":\"https:\/\/julesverne.com.tr\/\"},{\"@type\":\"ListItem\",\"position\":2,\"name\":\"Nisan Ay\u0131n\u0131n En Keyifli Destinasyonlar\u0131\"}]},{\"@type\":\"WebSite\",\"@id\":\"https:\/\/julesverne.com.tr\/#website\",\"url\":\"https:\/\/julesverne.com.tr\/\",\"name\":\"JULES VERNE BUSINESS MICE TRAVEL\",\"description\":\"\",\"publisher\":{\"@id\":\"https:\/\/julesverne.com.tr\/#organization\"},\"potentialAction\":[{\"@type\":\"SearchAction\",\"target\":{\"@type\":\"EntryPoint\",\"urlTemplate\":\"https:\/\/julesverne.com.tr\/?s={search_term_string}\"},\"query-input\":\"required name=search_term_string\"}],\"inLanguage\":\"en-US\"},{\"@type\":\"Organization\",\"@id\":\"https:\/\/julesverne.com.tr\/#organization\",\"name\":\"JULES VERNE BUSINESS MICE TRAVEL\",\"url\":\"https:\/\/julesverne.com.tr\/\",\"logo\":{\"@type\":\"ImageObject\",\"inLanguage\":\"en-US\",\"@id\":\"https:\/\/julesverne.com.tr\/#\/schema\/logo\/image\/\",\"url\":\"https:\/\/julesverne.com.tr\/wp-content\/uploads\/2020\/09\/jv-bmt-logo.png\",\"contentUrl\":\"https:\/\/julesverne.com.tr\/wp-content\/uploads\/2020\/09\/jv-bmt-logo.png\",\"width\":110,\"height\":81,\"caption\":\"JULES VERNE BUSINESS MICE TRAVEL\"},\"image\":{\"@id\":\"https:\/\/julesverne.com.tr\/#\/schema\/logo\/image\/\"},\"sameAs\":[\"https:\/\/www.facebook.com\/JulesVerneBusinessMiceTravel\/\",\"https:\/\/twitter.com\/JV_BusinessMice\",\"https:\/\/www.instagram.com\/julesvernebusinessmicetravel\/\",\"https:\/\/www.linkedin.com\/company\/julesvernebusinessmicetravel\/\",\"https:\/\/www.youtube.com\/channel\/UCAwdsmbZ6tFhu1tea6pkpiw\"]},{\"@type\":\"Person\",\"@id\":\"https:\/\/julesverne.com.tr\/#\/schema\/person\/f4eb0514ae455538644c31b99a466fdb\",\"name\":\"fikirman\",\"sameAs\":[\"http:\/\/advermedya.net\/julesverne\"],\"url\":\"https:\/\/julesverne.com.tr\/en\/author\/fikirman\/\"}]}<\/script>\n<!-- \/ Yoast SEO plugin. -->","yoast_head_json":{"title":"Nisan Ay\u0131n\u0131n En Keyifli Destinasyonlar\u0131 - JULES VERNE BUSINESS MICE TRAVEL","description":"Sey\u015feller'den New Orleans'a, B\u00fckre\u015f'ten Roma'ya, Toronto'dan Zambiya'ya Nisan ay\u0131 seyahat \u00f6nerileri\u2026","robots":{"index":"index","follow":"follow","max-snippet":"max-snippet:-1","max-image-preview":"max-image-preview:large","max-video-preview":"max-video-preview:-1"},"canonical":"https:\/\/julesverne.com.tr\/travel-blog\/nisan-ayinin-en-keyifli-destinasyonlari\/","og_locale":"en_US","og_type":"article","og_title":"Nisan Ay\u0131n\u0131n En Keyifli Destinasyonlar\u0131 - JULES VERNE BUSINESS MICE TRAVEL","og_description":"Sey\u015feller'den New Orleans'a, B\u00fckre\u015f'ten Roma'ya, Toronto'dan Zambiya'ya Nisan ay\u0131 seyahat \u00f6nerileri\u2026","og_url":"https:\/\/julesverne.com.tr\/travel-blog\/nisan-ayinin-en-keyifli-destinasyonlari\/","og_site_name":"JULES VERNE BUSINESS MICE TRAVEL","article_publisher":"https:\/\/www.facebook.com\/JulesVerneBusinessMiceTravel\/","article_published_time":"2019-03-21T13:33:31+00:00","article_modified_time":"2024-03-22T12:06:02+00:00","og_image":[{"width":999,"height":661,"url":"https:\/\/julesverne.com.tr\/wp-content\/uploads\/2020\/09\/tulips2.jpg","type":"image\/jpeg"}],"author":"fikirman","twitter_card":"summary_large_image","twitter_creator":"@JV_BusinessMice","twitter_site":"@JV_BusinessMice","twitter_misc":{"Written by":"fikirman","Est. reading time":"10 minutes"},"schema":{"@context":"https:\/\/schema.org","@graph":[{"@type":"Article","@id":"https:\/\/julesverne.com.tr\/travel-blog\/nisan-ayinin-en-keyifli-destinasyonlari\/#article","isPartOf":{"@id":"https:\/\/julesverne.com.tr\/travel-blog\/nisan-ayinin-en-keyifli-destinasyonlari\/"},"author":{"name":"fikirman","@id":"https:\/\/julesverne.com.tr\/#\/schema\/person\/f4eb0514ae455538644c31b99a466fdb"},"headline":"Nisan Ay\u0131n\u0131n En Keyifli Destinasyonlar\u0131","datePublished":"2019-03-21T13:33:31+00:00","dateModified":"2024-03-22T12:06:02+00:00","mainEntityOfPage":{"@id":"https:\/\/julesverne.com.tr\/travel-blog\/nisan-ayinin-en-keyifli-destinasyonlari\/"},"wordCount":3533,"publisher":{"@id":"https:\/\/julesverne.com.tr\/#organization"},"image":{"@id":"https:\/\/julesverne.com.tr\/travel-blog\/nisan-ayinin-en-keyifli-destinasyonlari\/#primaryimage"},"thumbnailUrl":"https:\/\/julesverne.com.tr\/wp-content\/uploads\/2020\/09\/tulips2.jpg","articleSection":["\u0130lham Veren Destinasyonlar","Blog","Nereye Gitsek?"],"inLanguage":"en-US"},{"@type":"WebPage","@id":"https:\/\/julesverne.com.tr\/travel-blog\/nisan-ayinin-en-keyifli-destinasyonlari\/","url":"https:\/\/julesverne.com.tr\/travel-blog\/nisan-ayinin-en-keyifli-destinasyonlari\/","name":"Nisan Ay\u0131n\u0131n En Keyifli Destinasyonlar\u0131 - JULES VERNE BUSINESS MICE TRAVEL","isPartOf":{"@id":"https:\/\/julesverne.com.tr\/#website"},"primaryImageOfPage":{"@id":"https:\/\/julesverne.com.tr\/travel-blog\/nisan-ayinin-en-keyifli-destinasyonlari\/#primaryimage"},"image":{"@id":"https:\/\/julesverne.com.tr\/travel-blog\/nisan-ayinin-en-keyifli-destinasyonlari\/#primaryimage"},"thumbnailUrl":"https:\/\/julesverne.com.tr\/wp-content\/uploads\/2020\/09\/tulips2.jpg","datePublished":"2019-03-21T13:33:31+00:00","dateModified":"2024-03-22T12:06:02+00:00","description":"Sey\u015feller'den New Orleans'a, B\u00fckre\u015f'ten Roma'ya, Toronto'dan Zambiya'ya Nisan ay\u0131 seyahat \u00f6nerileri\u2026","breadcrumb":{"@id":"https:\/\/julesverne.com.tr\/travel-blog\/nisan-ayinin-en-keyifli-destinasyonlari\/#breadcrumb"},"inLanguage":"en-US","potentialAction":[{"@type":"ReadAction","target":["https:\/\/julesverne.com.tr\/travel-blog\/nisan-ayinin-en-keyifli-destinasyonlari\/"]}]},{"@type":"ImageObject","inLanguage":"en-US","@id":"https:\/\/julesverne.com.tr\/travel-blog\/nisan-ayinin-en-keyifli-destinasyonlari\/#primaryimage","url":"https:\/\/julesverne.com.tr\/wp-content\/uploads\/2020\/09\/tulips2.jpg","contentUrl":"https:\/\/julesverne.com.tr\/wp-content\/uploads\/2020\/09\/tulips2.jpg","width":999,"height":661},{"@type":"BreadcrumbList","@id":"https:\/\/julesverne.com.tr\/travel-blog\/nisan-ayinin-en-keyifli-destinasyonlari\/#breadcrumb","itemListElement":[{"@type":"ListItem","position":1,"name":"Anasayfa","item":"https:\/\/julesverne.com.tr\/"},{"@type":"ListItem","position":2,"name":"Nisan Ay\u0131n\u0131n En Keyifli Destinasyonlar\u0131"}]},{"@type":"WebSite","@id":"https:\/\/julesverne.com.tr\/#website","url":"https:\/\/julesverne.com.tr\/","name":"JULES VERNE BUSINESS MICE TRAVEL","description":"","publisher":{"@id":"https:\/\/julesverne.com.tr\/#organization"},"potentialAction":[{"@type":"SearchAction","target":{"@type":"EntryPoint","urlTemplate":"https:\/\/julesverne.com.tr\/?s={search_term_string}"},"query-input":"required name=search_term_string"}],"inLanguage":"en-US"},{"@type":"Organization","@id":"https:\/\/julesverne.com.tr\/#organization","name":"JULES VERNE BUSINESS MICE TRAVEL","url":"https:\/\/julesverne.com.tr\/","logo":{"@type":"ImageObject","inLanguage":"en-US","@id":"https:\/\/julesverne.com.tr\/#\/schema\/logo\/image\/","url":"https:\/\/julesverne.com.tr\/wp-content\/uploads\/2020\/09\/jv-bmt-logo.png","contentUrl":"https:\/\/julesverne.com.tr\/wp-content\/uploads\/2020\/09\/jv-bmt-logo.png","width":110,"height":81,"caption":"JULES VERNE BUSINESS MICE TRAVEL"},"image":{"@id":"https:\/\/julesverne.com.tr\/#\/schema\/logo\/image\/"},"sameAs":["https:\/\/www.facebook.com\/JulesVerneBusinessMiceTravel\/","https:\/\/twitter.com\/JV_BusinessMice","https:\/\/www.instagram.com\/julesvernebusinessmicetravel\/","https:\/\/www.linkedin.com\/company\/julesvernebusinessmicetravel\/","https:\/\/www.youtube.com\/channel\/UCAwdsmbZ6tFhu1tea6pkpiw"]},{"@type":"Person","@id":"https:\/\/julesverne.com.tr\/#\/schema\/person\/f4eb0514ae455538644c31b99a466fdb","name":"fikirman","sameAs":["http:\/\/advermedya.net\/julesverne"],"url":"https:\/\/julesverne.com.tr\/en\/author\/fikirman\/"}]}},"_links":{"self":[{"href":"https:\/\/julesverne.com.tr\/en\/wp-json\/wp\/v2\/posts\/2088"}],"collection":[{"href":"https:\/\/julesverne.com.tr\/en\/wp-json\/wp\/v2\/posts"}],"about":[{"href":"https:\/\/julesverne.com.tr\/en\/wp-json\/wp\/v2\/types\/post"}],"author":[{"embeddable":true,"href":"https:\/\/julesverne.com.tr\/en\/wp-json\/wp\/v2\/users\/1"}],"replies":[{"embeddable":true,"href":"https:\/\/julesverne.com.tr\/en\/wp-json\/wp\/v2\/comments?post=2088"}],"version-history":[{"count":1,"href":"https:\/\/julesverne.com.tr\/en\/wp-json\/wp\/v2\/posts\/2088\/revisions"}],"predecessor-version":[{"id":17039,"href":"https:\/\/julesverne.com.tr\/en\/wp-json\/wp\/v2\/posts\/2088\/revisions\/17039"}],"wp:featuredmedia":[{"embeddable":true,"href":"https:\/\/julesverne.com.tr\/en\/wp-json\/wp\/v2\/media\/2089"}],"wp:attachment":[{"href":"https:\/\/julesverne.com.tr\/en\/wp-json\/wp\/v2\/media?parent=2088"}],"wp:term":[{"taxonomy":"category","embeddable":true,"href":"https:\/\/julesverne.com.tr\/en\/wp-json\/wp\/v2\/categories?post=2088"},{"taxonomy":"post_tag","embeddable":true,"href":"https:\/\/julesverne.com.tr\/en\/wp-json\/wp\/v2\/tags?post=2088"}],"curies":[{"name":"wp","href":"https:\/\/api.w.org\/{rel}","templated":true}]}}