{"id":2082,"date":"2019-03-15T16:18:01","date_gmt":"2019-03-15T13:18:01","guid":{"rendered":"https:\/\/www.julesverne.com.tr\/\/blog\/istanbul-havalimani-ile-ilgili-en-cok-merak-edilenler\/"},"modified":"2024-03-22T15:08:10","modified_gmt":"2024-03-22T12:08:10","slug":"istanbul-havalimani-ile-ilgili-en-cok-merak-edilenler","status":"publish","type":"post","link":"https:\/\/julesverne.com.tr\/en\/travel-blog\/istanbul-havalimani-ile-ilgili-en-cok-merak-edilenler\/","title":{"rendered":"\u0130stanbul Havaliman\u0131 \u0130le \u0130lgili En \u00c7ok Merak Edilenler"},"content":{"rendered":"<p><\/p>\n<p><p style=\"text-align: center;\"><img loading=\"lazy\" decoding=\"async\" class=\"alignnone size-full wp-image-3816\" src=\"https:\/\/www.julesverne.com.tr\/\/wp-content\/uploads\/2020\/09\/son-foto.jpg\" width=\"1280\" height=\"810\" alt=\"\" srcset=\"https:\/\/julesverne.com.tr\/wp-content\/uploads\/2020\/09\/son-foto.jpg 1280w, https:\/\/julesverne.com.tr\/wp-content\/uploads\/2020\/09\/son-foto-500x316.jpg 500w, https:\/\/julesverne.com.tr\/wp-content\/uploads\/2020\/09\/son-foto-768x486.jpg 768w\" sizes=\"(max-width: 1280px) 100vw, 1280px\" \/><\/p>\n<p>T&uuml;rk Hava Yollar\u0131&#8217;n\u0131n \u0130stanbul Havaliman\u0131&#8217;na ta\u015f\u0131nma duyurusu ile birlikte en s\u0131k sorulan sorular\u0131 ve cevaplar\u0131n\u0131 sizler i&ccedil;in derledik. Yeni havaliman\u0131 ile ilgili en &ccedil;ok merak edilenler:&nbsp;<\/p>\n<p><strong>A&ccedil;\u0131l\u0131\u015f tarihi<\/strong><\/p>\n<p>\u0130stanbul Havaliman\u0131, 29 Ekim 2018 tarihinde a&ccedil;\u0131lm\u0131\u015ft\u0131. <strong>T&uuml;rk Hava Yollar\u0131<\/strong>&rsquo;n\u0131n \u0130stanbul Atat&uuml;rk Havaliman\u0131&rsquo;ndan \u0130stanbul Havaliman\u0131&rsquo;na ta\u015f\u0131nma operasyonu 6 Nisan, Cumartesi g&uuml;n&uuml; saat 02:00 itibari ile ba\u015flay\u0131p 14:00&rsquo;e kadar s&uuml;recek. 6 Nisan saat 14:00&rsquo;dan itibaren Atat&uuml;rk Havaliman\u0131&rsquo;ndan planlanm\u0131\u015f t&uuml;m u&ccedil;u\u015flar \u0130stanbul Havaliman\u0131&rsquo;ndan ger&ccedil;ekle\u015ftirilecek.<\/p>\n<p><strong>Atlasglobal Havayollar\u0131<\/strong> ta\u015f\u0131nma operasyonu 5 Nisan, Cuma g&uuml;n&uuml; saat 19:00&#8217;da ba\u015flay\u0131p 6 Nisan, Cumartesi g&uuml;n&uuml; saat&nbsp;19:00&#8217;a kadar s&uuml;recek. Bu s&uuml;re&ccedil; i&ccedil;erisinde \u0130stanbul Atat&uuml;rk Havaliman\u0131 ve \u0130stanbul Havaliman\u0131&#8217;ndan u&ccedil;u\u015flar olmayacak. Bu tarihlere denk gelen u&ccedil;u\u015flar\u0131n son durumu ve iptal bilgileri i&ccedil;in <strong><a href=\"https:\/\/www.atlasglb.com\/istanbul-havalimani-ucus-durumu\" target=\"_blank\" rel=\"noopener noreferrer\">www.atlasglb.com\/istanbul-havalimani-ucus-durumu<\/a><\/strong> adresini ziyaret edebilirsiniz.<\/p>\n<p><strong>&Ouml;nemli Not<br \/> 05-06-07-08 Nisan 2019<\/strong> tarihlerinde<strong> Sabiha G&ouml;k&ccedil;en Havaliman\u0131&#8217;nda <\/strong>yo\u011funluk ya\u015fanmas\u0131 beklenmektedir.&nbsp;Seyahat edecek yolcular\u0131n yurt i&ccedil;i u&ccedil;u\u015flar\u0131ndan 3 saat &ouml;nce, yurt d\u0131\u015f\u0131 u&ccedil;u\u015flar\u0131ndan ise 4 saat &ouml;nce havaliman\u0131nda olmalar\u0131 gerekiyor.<\/p>\n<p style=\"text-align: center;\"><img loading=\"lazy\" decoding=\"async\" class=\"alignnone size-full wp-image-3817\" src=\"https:\/\/www.julesverne.com.tr\/\/wp-content\/uploads\/2020\/09\/2018-12-20-0001-1.jpg\" width=\"1280\" height=\"836\" alt=\"\" srcset=\"https:\/\/julesverne.com.tr\/wp-content\/uploads\/2020\/09\/2018-12-20-0001-1.jpg 1280w, https:\/\/julesverne.com.tr\/wp-content\/uploads\/2020\/09\/2018-12-20-0001-1-500x327.jpg 500w, https:\/\/julesverne.com.tr\/wp-content\/uploads\/2020\/09\/2018-12-20-0001-1-768x502.jpg 768w\" sizes=\"(max-width: 1280px) 100vw, 1280px\" \/><\/p>\n<p><strong>\u0130stanbul Havaliman\u0131&rsquo;na ula\u015f\u0131m nas\u0131l olacak?&nbsp;<\/strong><\/p>\n<p>\u0130stanbul Havaliman\u0131&rsquo;na kolay ula\u015f\u0131m ve etkili y&ouml;nlendirme i&ccedil;in internette, web sitesinde, Google Maps&rsquo;de harita ve y&ouml;nlendirme &ccedil;&ouml;z&uuml;mleri sunuluyor.&nbsp; Havaliman\u0131 adresine&nbsp;<strong><a href=\"https:\/\/goo.gl\/maps\/vEfhtha4huj\" target=\"_blank\" rel=\"noopener noreferrer\">goo.gl\/maps<\/a><\/strong> linkinden ula\u015fabilirsiniz. &Ouml;zel geli\u015ftirilecek mobil uygulamalarla da ula\u015f\u0131m bilgilerine kolayl\u0131kla ula\u015fabileceksiniz. Toplu ta\u015f\u0131ma ile \u015fehrin bir&ccedil;ok noktas\u0131ndan hareket eden Havaist ve \u0130ETT ara&ccedil;lar\u0131n\u0131 kullanabilirsiniz.&nbsp;<\/p>\n<p>\u0130stanbul Otob&uuml;s \u0130\u015fletmeleri A.\u015e taraf\u0131ndan \u0130stanbul Havaliman\u0131&rsquo;na kalkacak otob&uuml;s g&uuml;zerg&acirc;h ve di\u011fer bilgilere<strong>&nbsp;<a href=\"\/www.otobus.istanbul\/\" target=\"_blank\" rel=\"noopener noreferrer\">www.otobus.istanbul<\/a>&nbsp;<\/strong>sitesinden ula\u015f\u0131labilirsiniz.<\/p>\n<p>Ayr\u0131ca, \u0130stanbul Atat&uuml;rk Havaliman\u0131 &#8211; \u0130stanbul Havaliman\u0131, Mecidiyek&ouml;y &#8211; \u0130stanbul Havaliman\u0131, Halkal\u0131- \u0130stanbul Havaliman\u0131 g&uuml;zerg&acirc;hlar\u0131 i&ccedil;in \u0130ETT seferleri yap\u0131lacak.\u0130ETT seferleri hakk\u0131nda detayl\u0131 bilgi i&ccedil;in&nbsp;<strong><a href=\"https:\/\/www.iett.istanbul\/tr\/main\/announcement\/yeni-havalimani-otobus-ulasim-hatlari\/1603\" target=\"_blank\" rel=\"noopener noreferrer\">www.iett.istanbul\/yeni-havalimani-otobus-ulasim-hatlari<\/a><\/strong>&nbsp;sayfas\u0131n\u0131 ziyaret edebilirsiniz.<\/p>\n<p>HAVA\u0130ST hat-fiyat tarifleri ve yolculuk s&uuml;releri i&ccedil;in&nbsp;<strong><a href=\"http:\/\/www.hava.ist\/hat-fiyati\" target=\"_blank\" rel=\"noopener noreferrer\">www.hava.ist\/hat-fiyati<\/a><\/strong>&nbsp;sayfas\u0131n\u0131 ziyaret edebilirsiniz.<br \/>HAVA\u0130ST seferleri ile ilgili&nbsp;<strong><a href=\"http:\/\/www.hava.ist\/sefer-saatleri\" target=\"_blank\" rel=\"noopener noreferrer\">www.hava.ist\/sefer-saatleri<\/a><\/strong>&nbsp;sayfas\u0131n\u0131 ziyaret edebilirsiniz.<br \/><strong>HAVA\u0130ST<\/strong> hatlar\u0131nda sadece<strong> \u0130STANBULKART<\/strong> ile bini\u015f yap\u0131l\u0131yor.&nbsp;<\/p>\n<p>Havaliman\u0131 metro hatt\u0131n\u0131n 2019 y\u0131l\u0131n\u0131n son &ccedil;eyre\u011finde a&ccedil;\u0131lmas\u0131 planlan\u0131yor. \u0130lk dura\u011f\u0131 Gayrettepe&rsquo;de bulunan havaliman\u0131 metrosu, Ka\u011f\u0131thane, Kemerburgaz, G&ouml;kt&uuml;rk, \u0130hsaniye hatt\u0131n\u0131 izleyerek \u0130stanbul Havaliman\u0131&#8217;na ula\u015facak. Havaliman\u0131 metro hatt\u0131 Gayrettepe istasyonunda M2 Yenikap\u0131- Hac\u0131osman metro hatt\u0131 ve metrob&uuml;s i\u015fletmesi ile entegre olacak.<\/p>\n<p style=\"text-align: center;\"><img loading=\"lazy\" decoding=\"async\" class=\"alignnone size-full wp-image-3818\" src=\"https:\/\/www.julesverne.com.tr\/\/wp-content\/uploads\/2020\/09\/iga_foto_otopark.jpg\" width=\"1280\" height=\"702\" alt=\"\" srcset=\"https:\/\/julesverne.com.tr\/wp-content\/uploads\/2020\/09\/iga_foto_otopark.jpg 1280w, https:\/\/julesverne.com.tr\/wp-content\/uploads\/2020\/09\/iga_foto_otopark-500x274.jpg 500w, https:\/\/julesverne.com.tr\/wp-content\/uploads\/2020\/09\/iga_foto_otopark-768x421.jpg 768w\" sizes=\"(max-width: 1280px) 100vw, 1280px\" \/><\/p>\n<p><strong>Otopark ve vale hizmeti olacak m\u0131? &Uuml;cretler nas\u0131l olacak?<\/strong><\/p>\n<p>\u0130stanbul Havaliman\u0131&rsquo;nda, 7\/24 hizmet veren 40.000 ara&ccedil;l\u0131k &uuml;cretli otopark alan\u0131 olacak. Kapal\u0131 otopark 18.000 ara&ccedil;, a&ccedil;\u0131k otopark ise 22.000 ara&ccedil; kapasitesiyle hizmet verecek. &Uuml;cretler, Havaliman\u0131 \u0130\u015fletmesi&rsquo;nin sorumlulu\u011funda olacak.<\/p>\n<p><strong>VIP Terminali&nbsp;nerede?<\/strong><\/p>\n<p>\u0130stanbul Havaliman\u0131&rsquo;n\u0131n g&uuml;neydo\u011fusunda yer alan VIP Terminali&#8217;nin 23.000 m2&#8217;lik bir alana sahip. Lounge alanlar\u0131n\u0131n %75&rsquo;i terminalin en yo\u011fun oldu\u011fu duty-free&rsquo;nin merkezinde, geri kalan %25&rsquo;i ise kara taraf\u0131 (pasaport kontrol&uuml; &ouml;ncesi) ve i&ccedil; hatlar giden yolcu kat\u0131nda yer alacak.<\/p>\n<p><strong>Business yolculara &ouml;zel kontuar ve g&uuml;venlik ge&ccedil;i\u015fi olacak m\u0131?<\/strong><\/p>\n<p>Business yolcular\u0131 i&ccedil;in ayr\u0131 ge&ccedil;i\u015f alanlar\u0131 ve bagaj i\u015flemi yapan farkl\u0131 kontuarlar olacak. Business yolcular\u0131 kendileri i&ccedil;in tahsis edilen 5 no&rsquo;lu kap\u0131dan ge&ccedil;i\u015f yapabilecekler.<\/p>\n<p style=\"text-align: center;\"><img loading=\"lazy\" decoding=\"async\" class=\"alignnone size-full wp-image-3819\" src=\"https:\/\/www.julesverne.com.tr\/\/wp-content\/uploads\/2020\/09\/2019-01-03.jpg\" width=\"1280\" height=\"853\" alt=\"\" srcset=\"https:\/\/julesverne.com.tr\/wp-content\/uploads\/2020\/09\/2019-01-03.jpg 1280w, https:\/\/julesverne.com.tr\/wp-content\/uploads\/2020\/09\/2019-01-03-500x333.jpg 500w, https:\/\/julesverne.com.tr\/wp-content\/uploads\/2020\/09\/2019-01-03-768x512.jpg 768w\" sizes=\"(max-width: 1280px) 100vw, 1280px\" \/><\/p>\n<p><strong>\u0130stanbul Havaliman\u0131&rsquo;na u&ccedil;u\u015f saatinden ka&ccedil; saat &ouml;nce gelinmeli?&nbsp;<\/strong><\/p>\n<p>Yolcular\u0131n yurt i&ccedil;i u&ccedil;u\u015flar\u0131 i&ccedil;in en az 2 saat, uluslararas\u0131 u&ccedil;u\u015flar i&ccedil;in en az 3 saat &ouml;nce havaliman\u0131nda olmas\u0131 gerekiyor.<\/p>\n<p><strong>Check-in i\u015flemleri ne zaman yap\u0131labilecek?<\/strong><\/p>\n<p>Yolcular, online check-in i\u015flemlerini ilgili u&ccedil;u\u015ftan 24 saat &ouml;ncesinde yapabilecekler. Havaliman\u0131 kiosk check-in i\u015flemleri ise ilgili u&ccedil;u\u015ftan 12 saat &ouml;ncesinden u&ccedil;u\u015fa 90 dakika kalana kadar ger&ccedil;ekle\u015ftirilebilecek.<\/p>\n<p>Kontuar i\u015flemleri,&nbsp; bagajs\u0131z yolcular i&ccedil;in 24 saat &ouml;ncesinde, bagajl\u0131 yolcular i&ccedil;in 8 saat &ouml;ncesinde yap\u0131lacak. Ancak &ouml;zel g&uuml;venlik gerektiren u&ccedil;u\u015flar i&ccedil;in kontuarlarda 3 saat &ouml;ncesinde i\u015flem yap\u0131labilecek.<\/p>\n<p style=\"text-align: center;\"><img loading=\"lazy\" decoding=\"async\" class=\"alignnone size-full wp-image-3820\" src=\"https:\/\/www.julesverne.com.tr\/\/wp-content\/uploads\/2020\/09\/iga_foto_ic.jpg\" width=\"1280\" height=\"640\" alt=\"\" srcset=\"https:\/\/julesverne.com.tr\/wp-content\/uploads\/2020\/09\/iga_foto_ic.jpg 1280w, https:\/\/julesverne.com.tr\/wp-content\/uploads\/2020\/09\/iga_foto_ic-500x250.jpg 500w, https:\/\/julesverne.com.tr\/wp-content\/uploads\/2020\/09\/iga_foto_ic-768x384.jpg 768w\" sizes=\"(max-width: 1280px) 100vw, 1280px\" \/><\/p>\n<p><strong>Pasaport kontrol&uuml;nde yo\u011funluk olacak m\u0131?<\/strong><\/p>\n<p>U&ccedil;u\u015flardan en az 2 saat &ouml;nce havaliman\u0131nda bulunulmas\u0131 gerekiyor. Buna ek olarak u&ccedil;u\u015f hatlar\u0131 ve saatlerine ba\u011fl\u0131 olarak pasaport kontrol&uuml;nde s\u0131ralar olu\u015fabilece\u011finden uluslararas\u0131 u&ccedil;u\u015flar i&ccedil;in en az 3 saat &ouml;nce havaliman\u0131nda bulunulmas\u0131 gerekiyor. Yo\u011funlu\u011fu &ouml;nlemek ad\u0131na \u0130stanbul Havaliman\u0131&rsquo;nda bulunacak olan 228 pasaport bankosunda 3 vardiya halinde 750 pasaport g&ouml;revlisi &ccedil;al\u0131\u015facak.<\/p>\n<p><strong>Havaliman\u0131&rsquo;nda vize al\u0131nabilecek mi?<\/strong><\/p>\n<p>\u0130stanbul Atat&uuml;rk Havaliman\u0131&rsquo;nda var olan kap\u0131da vize uygulamas\u0131 \u0130stanbul Havaliman\u0131&rsquo;nda da devam edecek. E-vize kiosklar\u0131 \u0130stanbul Havaliman\u0131&rsquo;nda bulunmayaca\u011f\u0131ndan yolcular\u0131n e-vize &ccedil;\u0131kt\u0131lar\u0131n\u0131 al\u0131p havaliman\u0131na gelmeleri gerekiyor.<\/p>\n<p><strong>Yurt d\u0131\u015f\u0131 &ccedil;\u0131k\u0131\u015f pulu nereden sat\u0131n al\u0131nacak? &Uuml;creti ne kadar olacak?<\/strong><\/p>\n<p>Yurt d\u0131\u015f\u0131 &ccedil;\u0131k\u0131\u015f pulu, &ldquo;Giden Yolcu&rdquo; kat\u0131ndaki pasaport kontrol b&ouml;lgesi &ouml;n&uuml;nde yer alan ofislerde sat\u0131lacak. &Uuml;cret tutar\u0131 Maliye Bakanl\u0131\u011f\u0131 taraf\u0131ndan belirleniyor.<\/p>\n<p style=\"text-align: center;\"><img loading=\"lazy\" decoding=\"async\" class=\"alignnone size-full wp-image-3821\" src=\"https:\/\/www.julesverne.com.tr\/\/wp-content\/uploads\/2020\/09\/iga_foto_genel.jpg\" width=\"1280\" height=\"640\" alt=\"\" srcset=\"https:\/\/julesverne.com.tr\/wp-content\/uploads\/2020\/09\/iga_foto_genel.jpg 1280w, https:\/\/julesverne.com.tr\/wp-content\/uploads\/2020\/09\/iga_foto_genel-500x250.jpg 500w, https:\/\/julesverne.com.tr\/wp-content\/uploads\/2020\/09\/iga_foto_genel-768x384.jpg 768w\" sizes=\"(max-width: 1280px) 100vw, 1280px\" \/><\/p>\n<p><strong>\u0130stanbul Havaliman\u0131&#8217;nda otel olacak m\u0131?<\/strong><\/p>\n<p>Havaliman\u0131 kompleksi i&ccedil;inde hizmet verecek olan Yotel Otel&rsquo;in in\u015faat\u0131 devam ediyor. Havaliman\u0131 tam performans hizmete ge&ccedil;ti\u011finde Yotel Otel&#8217;in de a&ccedil;\u0131lmas\u0131 planlan\u0131yor.<\/p>\n<p><strong>\u0130stanbul Havaliman\u0131 i&ccedil;erisinde zaman ge&ccedil;irilebilecek alanlar var m\u0131?<\/strong><\/p>\n<p>Havaliman\u0131 kompleksi i&ccedil;inde hizmete a&ccedil;\u0131lacak bir Outlet AVM ve duty free alanlar\u0131n\u0131n in\u015faatlar\u0131 devam ediyor. Duty free alan\u0131, havaliman\u0131 tam performans hizmete ge&ccedil;ti\u011finde hizmete a&ccedil;\u0131lacak.<\/p>\n<p style=\"text-align: center;\"><img loading=\"lazy\" decoding=\"async\" class=\"alignnone size-full wp-image-3822\" src=\"https:\/\/www.julesverne.com.tr\/\/wp-content\/uploads\/2020\/09\/2019-01-23-3.jpg\" width=\"1280\" height=\"853\" alt=\"\" srcset=\"https:\/\/julesverne.com.tr\/wp-content\/uploads\/2020\/09\/2019-01-23-3.jpg 1280w, https:\/\/julesverne.com.tr\/wp-content\/uploads\/2020\/09\/2019-01-23-3-500x333.jpg 500w, https:\/\/julesverne.com.tr\/wp-content\/uploads\/2020\/09\/2019-01-23-3-768x512.jpg 768w\" sizes=\"(max-width: 1280px) 100vw, 1280px\" \/><\/p>\n<p><strong>&Ccedil;ocuklar i&ccedil;in &ouml;zel alanlar olacak m\u0131?<\/strong><\/p>\n<p>&Ccedil;ocuklar i&ccedil;in &ouml;zel bak\u0131m ve oyun alanlar\u0131 olacak. 5 farkl\u0131 b&ouml;lgede toplam 855 m&sup2; &ccedil;ocuk oyun alan\u0131 olacak. Her bir b&ouml;lgede, i&ccedil;erisinde tuvaleti olan 2 adet aile odas\u0131 bulunacak. Yolcular, &ccedil;ocuk alanlar\u0131n\u0131n yerlerine harita uygulamalar\u0131ndan ula\u015fabilecek.<\/p>\n<p style=\"text-align: center;\"><img loading=\"lazy\" decoding=\"async\" class=\"alignnone size-full wp-image-3823\" src=\"https:\/\/www.julesverne.com.tr\/\/wp-content\/uploads\/2020\/09\/iga_foto_teras.jpg\" width=\"1280\" height=\"640\" alt=\"\" srcset=\"https:\/\/julesverne.com.tr\/wp-content\/uploads\/2020\/09\/iga_foto_teras.jpg 1280w, https:\/\/julesverne.com.tr\/wp-content\/uploads\/2020\/09\/iga_foto_teras-500x250.jpg 500w, https:\/\/julesverne.com.tr\/wp-content\/uploads\/2020\/09\/iga_foto_teras-768x384.jpg 768w\" sizes=\"(max-width: 1280px) 100vw, 1280px\" \/><\/p>\n<p><strong>Sigara i&ccedil;me alanlar\u0131 olacak m\u0131?<\/strong><\/p>\n<p>Havaliman\u0131nda toplam 14 adet sigara i&ccedil;me alan\u0131\/balkonu yer alacak. &ldquo;D\u0131\u015f Hat Giden Yolcu&rdquo; kat\u0131nda 4, &ldquo;\u0130&ccedil; Hat Giden Yolcu&rdquo; kat\u0131nda 2, &rdquo;D\u0131\u015f Hat Transfer&rdquo; kat\u0131nda 1, H kat\u0131 yan\u0131 &ldquo;Asma Kat&rdquo;ta 2 ve &ldquo;Pier Bloklar&rdquo;da 5 adet sigara i&ccedil;me alan\u0131 bulunacak.<\/p>\n<\/p>\n<p><\/p>","protected":false},"excerpt":{"rendered":"<p>T&uuml;rk Hava Yollar\u0131&#8217;n\u0131n \u0130stanbul Havaliman\u0131&#8217;na ta\u015f\u0131nma duyurusu ile birlikte en s\u0131k sorulan sorular\u0131 ve cevaplar\u0131n\u0131 sizler i&ccedil;in derledik.<\/p>\n","protected":false},"author":1,"featured_media":2083,"comment_status":"closed","ping_status":"closed","sticky":false,"template":"","format":"standard","meta":{"inline_featured_image":false,"footnotes":""},"categories":[1],"tags":[],"acf":[],"yoast_head":"<!-- This site is optimized with the Yoast SEO plugin v22.3 - https:\/\/yoast.com\/wordpress\/plugins\/seo\/ -->\n<title>\u0130stanbul Havaliman\u0131 \u0130le \u0130lgili En \u00c7ok Merak Edilenler - JULES VERNE BUSINESS MICE TRAVEL<\/title>\n<meta name=\"description\" content=\"T\u00fcrk Hava Yollar\u0131&#039;n\u0131n \u0130stanbul Havaliman\u0131&#039;na ta\u015f\u0131nma duyurusu ile birlikte en s\u0131k sorulan sorular\u0131 ve cevaplar\u0131n\u0131 sizler i\u00e7in derledik. Yeni havaliman\u0131 ile ilgili en \u00e7ok merak edilenler...\" \/>\n<meta name=\"robots\" content=\"index, follow, max-snippet:-1, max-image-preview:large, max-video-preview:-1\" \/>\n<link rel=\"canonical\" href=\"https:\/\/julesverne.com.tr\/travel-blog\/istanbul-havalimani-ile-ilgili-en-cok-merak-edilenler\/\" \/>\n<meta property=\"og:locale\" content=\"en_US\" \/>\n<meta property=\"og:type\" content=\"article\" \/>\n<meta property=\"og:title\" content=\"\u0130stanbul Havaliman\u0131 \u0130le \u0130lgili En \u00c7ok Merak Edilenler - JULES VERNE BUSINESS MICE TRAVEL\" \/>\n<meta property=\"og:description\" content=\"T\u00fcrk Hava Yollar\u0131&#039;n\u0131n \u0130stanbul Havaliman\u0131&#039;na ta\u015f\u0131nma duyurusu ile birlikte en s\u0131k sorulan sorular\u0131 ve cevaplar\u0131n\u0131 sizler i\u00e7in derledik. Yeni havaliman\u0131 ile ilgili en \u00e7ok merak edilenler...\" \/>\n<meta property=\"og:url\" content=\"https:\/\/julesverne.com.tr\/travel-blog\/istanbul-havalimani-ile-ilgili-en-cok-merak-edilenler\/\" \/>\n<meta property=\"og:site_name\" content=\"JULES VERNE BUSINESS MICE TRAVEL\" \/>\n<meta property=\"article:publisher\" content=\"https:\/\/www.facebook.com\/JulesVerneBusinessMiceTravel\/\" \/>\n<meta property=\"article:published_time\" content=\"2019-03-15T13:18:01+00:00\" \/>\n<meta property=\"article:modified_time\" content=\"2024-03-22T12:08:10+00:00\" \/>\n<meta property=\"og:image\" content=\"https:\/\/julesverne.com.tr\/wp-content\/uploads\/2020\/09\/2018-12-20-0001.jpg\" \/>\n\t<meta property=\"og:image:width\" content=\"1600\" \/>\n\t<meta property=\"og:image:height\" content=\"1046\" \/>\n\t<meta property=\"og:image:type\" content=\"image\/jpeg\" \/>\n<meta name=\"author\" content=\"fikirman\" \/>\n<meta name=\"twitter:card\" content=\"summary_large_image\" \/>\n<meta name=\"twitter:creator\" content=\"@JV_BusinessMice\" \/>\n<meta name=\"twitter:site\" content=\"@JV_BusinessMice\" \/>\n<meta name=\"twitter:label1\" content=\"Written by\" \/>\n\t<meta name=\"twitter:data1\" content=\"fikirman\" \/>\n\t<meta name=\"twitter:label2\" content=\"Est. reading time\" \/>\n\t<meta name=\"twitter:data2\" content=\"7 minutes\" \/>\n<script type=\"application\/ld+json\" class=\"yoast-schema-graph\">{\"@context\":\"https:\/\/schema.org\",\"@graph\":[{\"@type\":\"Article\",\"@id\":\"https:\/\/julesverne.com.tr\/travel-blog\/istanbul-havalimani-ile-ilgili-en-cok-merak-edilenler\/#article\",\"isPartOf\":{\"@id\":\"https:\/\/julesverne.com.tr\/travel-blog\/istanbul-havalimani-ile-ilgili-en-cok-merak-edilenler\/\"},\"author\":{\"name\":\"fikirman\",\"@id\":\"https:\/\/julesverne.com.tr\/#\/schema\/person\/f4eb0514ae455538644c31b99a466fdb\"},\"headline\":\"\u0130stanbul Havaliman\u0131 \u0130le \u0130lgili En \u00c7ok Merak Edilenler\",\"datePublished\":\"2019-03-15T13:18:01+00:00\",\"dateModified\":\"2024-03-22T12:08:10+00:00\",\"mainEntityOfPage\":{\"@id\":\"https:\/\/julesverne.com.tr\/travel-blog\/istanbul-havalimani-ile-ilgili-en-cok-merak-edilenler\/\"},\"wordCount\":2242,\"publisher\":{\"@id\":\"https:\/\/julesverne.com.tr\/#organization\"},\"image\":{\"@id\":\"https:\/\/julesverne.com.tr\/travel-blog\/istanbul-havalimani-ile-ilgili-en-cok-merak-edilenler\/#primaryimage\"},\"thumbnailUrl\":\"https:\/\/julesverne.com.tr\/wp-content\/uploads\/2020\/09\/2018-12-20-0001.jpg\",\"articleSection\":[\"Blog\"],\"inLanguage\":\"en-US\"},{\"@type\":\"WebPage\",\"@id\":\"https:\/\/julesverne.com.tr\/travel-blog\/istanbul-havalimani-ile-ilgili-en-cok-merak-edilenler\/\",\"url\":\"https:\/\/julesverne.com.tr\/travel-blog\/istanbul-havalimani-ile-ilgili-en-cok-merak-edilenler\/\",\"name\":\"\u0130stanbul Havaliman\u0131 \u0130le \u0130lgili En \u00c7ok Merak Edilenler - JULES VERNE BUSINESS MICE TRAVEL\",\"isPartOf\":{\"@id\":\"https:\/\/julesverne.com.tr\/#website\"},\"primaryImageOfPage\":{\"@id\":\"https:\/\/julesverne.com.tr\/travel-blog\/istanbul-havalimani-ile-ilgili-en-cok-merak-edilenler\/#primaryimage\"},\"image\":{\"@id\":\"https:\/\/julesverne.com.tr\/travel-blog\/istanbul-havalimani-ile-ilgili-en-cok-merak-edilenler\/#primaryimage\"},\"thumbnailUrl\":\"https:\/\/julesverne.com.tr\/wp-content\/uploads\/2020\/09\/2018-12-20-0001.jpg\",\"datePublished\":\"2019-03-15T13:18:01+00:00\",\"dateModified\":\"2024-03-22T12:08:10+00:00\",\"description\":\"T\u00fcrk Hava Yollar\u0131'n\u0131n \u0130stanbul Havaliman\u0131'na ta\u015f\u0131nma duyurusu ile birlikte en s\u0131k sorulan sorular\u0131 ve cevaplar\u0131n\u0131 sizler i\u00e7in derledik. Yeni havaliman\u0131 ile ilgili en \u00e7ok merak edilenler...\",\"breadcrumb\":{\"@id\":\"https:\/\/julesverne.com.tr\/travel-blog\/istanbul-havalimani-ile-ilgili-en-cok-merak-edilenler\/#breadcrumb\"},\"inLanguage\":\"en-US\",\"potentialAction\":[{\"@type\":\"ReadAction\",\"target\":[\"https:\/\/julesverne.com.tr\/travel-blog\/istanbul-havalimani-ile-ilgili-en-cok-merak-edilenler\/\"]}]},{\"@type\":\"ImageObject\",\"inLanguage\":\"en-US\",\"@id\":\"https:\/\/julesverne.com.tr\/travel-blog\/istanbul-havalimani-ile-ilgili-en-cok-merak-edilenler\/#primaryimage\",\"url\":\"https:\/\/julesverne.com.tr\/wp-content\/uploads\/2020\/09\/2018-12-20-0001.jpg\",\"contentUrl\":\"https:\/\/julesverne.com.tr\/wp-content\/uploads\/2020\/09\/2018-12-20-0001.jpg\",\"width\":1600,\"height\":1046},{\"@type\":\"BreadcrumbList\",\"@id\":\"https:\/\/julesverne.com.tr\/travel-blog\/istanbul-havalimani-ile-ilgili-en-cok-merak-edilenler\/#breadcrumb\",\"itemListElement\":[{\"@type\":\"ListItem\",\"position\":1,\"name\":\"Anasayfa\",\"item\":\"https:\/\/julesverne.com.tr\/\"},{\"@type\":\"ListItem\",\"position\":2,\"name\":\"\u0130stanbul Havaliman\u0131 \u0130le \u0130lgili En \u00c7ok Merak Edilenler\"}]},{\"@type\":\"WebSite\",\"@id\":\"https:\/\/julesverne.com.tr\/#website\",\"url\":\"https:\/\/julesverne.com.tr\/\",\"name\":\"JULES VERNE BUSINESS MICE TRAVEL\",\"description\":\"\",\"publisher\":{\"@id\":\"https:\/\/julesverne.com.tr\/#organization\"},\"potentialAction\":[{\"@type\":\"SearchAction\",\"target\":{\"@type\":\"EntryPoint\",\"urlTemplate\":\"https:\/\/julesverne.com.tr\/?s={search_term_string}\"},\"query-input\":\"required name=search_term_string\"}],\"inLanguage\":\"en-US\"},{\"@type\":\"Organization\",\"@id\":\"https:\/\/julesverne.com.tr\/#organization\",\"name\":\"JULES VERNE BUSINESS MICE TRAVEL\",\"url\":\"https:\/\/julesverne.com.tr\/\",\"logo\":{\"@type\":\"ImageObject\",\"inLanguage\":\"en-US\",\"@id\":\"https:\/\/julesverne.com.tr\/#\/schema\/logo\/image\/\",\"url\":\"https:\/\/julesverne.com.tr\/wp-content\/uploads\/2020\/09\/jv-bmt-logo.png\",\"contentUrl\":\"https:\/\/julesverne.com.tr\/wp-content\/uploads\/2020\/09\/jv-bmt-logo.png\",\"width\":110,\"height\":81,\"caption\":\"JULES VERNE BUSINESS MICE TRAVEL\"},\"image\":{\"@id\":\"https:\/\/julesverne.com.tr\/#\/schema\/logo\/image\/\"},\"sameAs\":[\"https:\/\/www.facebook.com\/JulesVerneBusinessMiceTravel\/\",\"https:\/\/twitter.com\/JV_BusinessMice\",\"https:\/\/www.instagram.com\/julesvernebusinessmicetravel\/\",\"https:\/\/www.linkedin.com\/company\/julesvernebusinessmicetravel\/\",\"https:\/\/www.youtube.com\/channel\/UCAwdsmbZ6tFhu1tea6pkpiw\"]},{\"@type\":\"Person\",\"@id\":\"https:\/\/julesverne.com.tr\/#\/schema\/person\/f4eb0514ae455538644c31b99a466fdb\",\"name\":\"fikirman\",\"sameAs\":[\"http:\/\/advermedya.net\/julesverne\"],\"url\":\"https:\/\/julesverne.com.tr\/en\/author\/fikirman\/\"}]}<\/script>\n<!-- \/ Yoast SEO plugin. -->","yoast_head_json":{"title":"\u0130stanbul Havaliman\u0131 \u0130le \u0130lgili En \u00c7ok Merak Edilenler - JULES VERNE BUSINESS MICE TRAVEL","description":"T\u00fcrk Hava Yollar\u0131'n\u0131n \u0130stanbul Havaliman\u0131'na ta\u015f\u0131nma duyurusu ile birlikte en s\u0131k sorulan sorular\u0131 ve cevaplar\u0131n\u0131 sizler i\u00e7in derledik. Yeni havaliman\u0131 ile ilgili en \u00e7ok merak edilenler...","robots":{"index":"index","follow":"follow","max-snippet":"max-snippet:-1","max-image-preview":"max-image-preview:large","max-video-preview":"max-video-preview:-1"},"canonical":"https:\/\/julesverne.com.tr\/travel-blog\/istanbul-havalimani-ile-ilgili-en-cok-merak-edilenler\/","og_locale":"en_US","og_type":"article","og_title":"\u0130stanbul Havaliman\u0131 \u0130le \u0130lgili En \u00c7ok Merak Edilenler - JULES VERNE BUSINESS MICE TRAVEL","og_description":"T\u00fcrk Hava Yollar\u0131'n\u0131n \u0130stanbul Havaliman\u0131'na ta\u015f\u0131nma duyurusu ile birlikte en s\u0131k sorulan sorular\u0131 ve cevaplar\u0131n\u0131 sizler i\u00e7in derledik. Yeni havaliman\u0131 ile ilgili en \u00e7ok merak edilenler...","og_url":"https:\/\/julesverne.com.tr\/travel-blog\/istanbul-havalimani-ile-ilgili-en-cok-merak-edilenler\/","og_site_name":"JULES VERNE BUSINESS MICE TRAVEL","article_publisher":"https:\/\/www.facebook.com\/JulesVerneBusinessMiceTravel\/","article_published_time":"2019-03-15T13:18:01+00:00","article_modified_time":"2024-03-22T12:08:10+00:00","og_image":[{"width":1600,"height":1046,"url":"https:\/\/julesverne.com.tr\/wp-content\/uploads\/2020\/09\/2018-12-20-0001.jpg","type":"image\/jpeg"}],"author":"fikirman","twitter_card":"summary_large_image","twitter_creator":"@JV_BusinessMice","twitter_site":"@JV_BusinessMice","twitter_misc":{"Written by":"fikirman","Est. reading time":"7 minutes"},"schema":{"@context":"https:\/\/schema.org","@graph":[{"@type":"Article","@id":"https:\/\/julesverne.com.tr\/travel-blog\/istanbul-havalimani-ile-ilgili-en-cok-merak-edilenler\/#article","isPartOf":{"@id":"https:\/\/julesverne.com.tr\/travel-blog\/istanbul-havalimani-ile-ilgili-en-cok-merak-edilenler\/"},"author":{"name":"fikirman","@id":"https:\/\/julesverne.com.tr\/#\/schema\/person\/f4eb0514ae455538644c31b99a466fdb"},"headline":"\u0130stanbul Havaliman\u0131 \u0130le \u0130lgili En \u00c7ok Merak Edilenler","datePublished":"2019-03-15T13:18:01+00:00","dateModified":"2024-03-22T12:08:10+00:00","mainEntityOfPage":{"@id":"https:\/\/julesverne.com.tr\/travel-blog\/istanbul-havalimani-ile-ilgili-en-cok-merak-edilenler\/"},"wordCount":2242,"publisher":{"@id":"https:\/\/julesverne.com.tr\/#organization"},"image":{"@id":"https:\/\/julesverne.com.tr\/travel-blog\/istanbul-havalimani-ile-ilgili-en-cok-merak-edilenler\/#primaryimage"},"thumbnailUrl":"https:\/\/julesverne.com.tr\/wp-content\/uploads\/2020\/09\/2018-12-20-0001.jpg","articleSection":["Blog"],"inLanguage":"en-US"},{"@type":"WebPage","@id":"https:\/\/julesverne.com.tr\/travel-blog\/istanbul-havalimani-ile-ilgili-en-cok-merak-edilenler\/","url":"https:\/\/julesverne.com.tr\/travel-blog\/istanbul-havalimani-ile-ilgili-en-cok-merak-edilenler\/","name":"\u0130stanbul Havaliman\u0131 \u0130le \u0130lgili En \u00c7ok Merak Edilenler - JULES VERNE BUSINESS MICE TRAVEL","isPartOf":{"@id":"https:\/\/julesverne.com.tr\/#website"},"primaryImageOfPage":{"@id":"https:\/\/julesverne.com.tr\/travel-blog\/istanbul-havalimani-ile-ilgili-en-cok-merak-edilenler\/#primaryimage"},"image":{"@id":"https:\/\/julesverne.com.tr\/travel-blog\/istanbul-havalimani-ile-ilgili-en-cok-merak-edilenler\/#primaryimage"},"thumbnailUrl":"https:\/\/julesverne.com.tr\/wp-content\/uploads\/2020\/09\/2018-12-20-0001.jpg","datePublished":"2019-03-15T13:18:01+00:00","dateModified":"2024-03-22T12:08:10+00:00","description":"T\u00fcrk Hava Yollar\u0131'n\u0131n \u0130stanbul Havaliman\u0131'na ta\u015f\u0131nma duyurusu ile birlikte en s\u0131k sorulan sorular\u0131 ve cevaplar\u0131n\u0131 sizler i\u00e7in derledik. Yeni havaliman\u0131 ile ilgili en \u00e7ok merak edilenler...","breadcrumb":{"@id":"https:\/\/julesverne.com.tr\/travel-blog\/istanbul-havalimani-ile-ilgili-en-cok-merak-edilenler\/#breadcrumb"},"inLanguage":"en-US","potentialAction":[{"@type":"ReadAction","target":["https:\/\/julesverne.com.tr\/travel-blog\/istanbul-havalimani-ile-ilgili-en-cok-merak-edilenler\/"]}]},{"@type":"ImageObject","inLanguage":"en-US","@id":"https:\/\/julesverne.com.tr\/travel-blog\/istanbul-havalimani-ile-ilgili-en-cok-merak-edilenler\/#primaryimage","url":"https:\/\/julesverne.com.tr\/wp-content\/uploads\/2020\/09\/2018-12-20-0001.jpg","contentUrl":"https:\/\/julesverne.com.tr\/wp-content\/uploads\/2020\/09\/2018-12-20-0001.jpg","width":1600,"height":1046},{"@type":"BreadcrumbList","@id":"https:\/\/julesverne.com.tr\/travel-blog\/istanbul-havalimani-ile-ilgili-en-cok-merak-edilenler\/#breadcrumb","itemListElement":[{"@type":"ListItem","position":1,"name":"Anasayfa","item":"https:\/\/julesverne.com.tr\/"},{"@type":"ListItem","position":2,"name":"\u0130stanbul Havaliman\u0131 \u0130le \u0130lgili En \u00c7ok Merak Edilenler"}]},{"@type":"WebSite","@id":"https:\/\/julesverne.com.tr\/#website","url":"https:\/\/julesverne.com.tr\/","name":"JULES VERNE BUSINESS MICE TRAVEL","description":"","publisher":{"@id":"https:\/\/julesverne.com.tr\/#organization"},"potentialAction":[{"@type":"SearchAction","target":{"@type":"EntryPoint","urlTemplate":"https:\/\/julesverne.com.tr\/?s={search_term_string}"},"query-input":"required name=search_term_string"}],"inLanguage":"en-US"},{"@type":"Organization","@id":"https:\/\/julesverne.com.tr\/#organization","name":"JULES VERNE BUSINESS MICE TRAVEL","url":"https:\/\/julesverne.com.tr\/","logo":{"@type":"ImageObject","inLanguage":"en-US","@id":"https:\/\/julesverne.com.tr\/#\/schema\/logo\/image\/","url":"https:\/\/julesverne.com.tr\/wp-content\/uploads\/2020\/09\/jv-bmt-logo.png","contentUrl":"https:\/\/julesverne.com.tr\/wp-content\/uploads\/2020\/09\/jv-bmt-logo.png","width":110,"height":81,"caption":"JULES VERNE BUSINESS MICE TRAVEL"},"image":{"@id":"https:\/\/julesverne.com.tr\/#\/schema\/logo\/image\/"},"sameAs":["https:\/\/www.facebook.com\/JulesVerneBusinessMiceTravel\/","https:\/\/twitter.com\/JV_BusinessMice","https:\/\/www.instagram.com\/julesvernebusinessmicetravel\/","https:\/\/www.linkedin.com\/company\/julesvernebusinessmicetravel\/","https:\/\/www.youtube.com\/channel\/UCAwdsmbZ6tFhu1tea6pkpiw"]},{"@type":"Person","@id":"https:\/\/julesverne.com.tr\/#\/schema\/person\/f4eb0514ae455538644c31b99a466fdb","name":"fikirman","sameAs":["http:\/\/advermedya.net\/julesverne"],"url":"https:\/\/julesverne.com.tr\/en\/author\/fikirman\/"}]}},"_links":{"self":[{"href":"https:\/\/julesverne.com.tr\/en\/wp-json\/wp\/v2\/posts\/2082"}],"collection":[{"href":"https:\/\/julesverne.com.tr\/en\/wp-json\/wp\/v2\/posts"}],"about":[{"href":"https:\/\/julesverne.com.tr\/en\/wp-json\/wp\/v2\/types\/post"}],"author":[{"embeddable":true,"href":"https:\/\/julesverne.com.tr\/en\/wp-json\/wp\/v2\/users\/1"}],"replies":[{"embeddable":true,"href":"https:\/\/julesverne.com.tr\/en\/wp-json\/wp\/v2\/comments?post=2082"}],"version-history":[{"count":1,"href":"https:\/\/julesverne.com.tr\/en\/wp-json\/wp\/v2\/posts\/2082\/revisions"}],"predecessor-version":[{"id":17042,"href":"https:\/\/julesverne.com.tr\/en\/wp-json\/wp\/v2\/posts\/2082\/revisions\/17042"}],"wp:featuredmedia":[{"embeddable":true,"href":"https:\/\/julesverne.com.tr\/en\/wp-json\/wp\/v2\/media\/2083"}],"wp:attachment":[{"href":"https:\/\/julesverne.com.tr\/en\/wp-json\/wp\/v2\/media?parent=2082"}],"wp:term":[{"taxonomy":"category","embeddable":true,"href":"https:\/\/julesverne.com.tr\/en\/wp-json\/wp\/v2\/categories?post=2082"},{"taxonomy":"post_tag","embeddable":true,"href":"https:\/\/julesverne.com.tr\/en\/wp-json\/wp\/v2\/tags?post=2082"}],"curies":[{"name":"wp","href":"https:\/\/api.w.org\/{rel}","templated":true}]}}