{"id":20797,"date":"2025-09-07T15:36:56","date_gmt":"2025-09-07T12:36:56","guid":{"rendered":"https:\/\/julesverne.com.tr\/?p=20797"},"modified":"2025-10-07T15:37:17","modified_gmt":"2025-10-07T12:37:17","slug":"sunsetter-in-2025-sonbahar-seckisinde-ayse-yagci-nin-kaleminden-floransa-da-ilham-veren-bir-sonbahar","status":"publish","type":"post","link":"https:\/\/julesverne.com.tr\/en\/haberler\/sunsetter-in-2025-sonbahar-seckisinde-ayse-yagci-nin-kaleminden-floransa-da-ilham-veren-bir-sonbahar\/","title":{"rendered":"(TR) Sunsetter\u2019\u0131n 2025 Sonbahar Se\u00e7kisinde Ay\u015fe Ya\u011fc\u0131\u2019n\u0131n Kaleminden Floransa\u2019da \u0130lham Veren Bir Sonbahar!"},"content":{"rendered":"<p class=\"qtranxs-available-languages-message qtranxs-available-languages-message-en\">Sorry, this entry is only available in <a href=\"https:\/\/julesverne.com.tr\/tr\/wp-json\/wp\/v2\/posts\/20797\" class=\"qtranxs-available-language-link qtranxs-available-language-link-tr\" title=\"TR\">Turkish<\/a>.<\/p>","protected":false},"excerpt":{"rendered":"<p>Sorry, this entry is only available in Turkish.<\/p>\n","protected":false},"author":10,"featured_media":20801,"comment_status":"closed","ping_status":"closed","sticky":false,"template":"","format":"standard","meta":{"inline_featured_image":false,"footnotes":""},"categories":[2],"tags":[353],"acf":[],"yoast_head":"<!-- This site is optimized with the Yoast SEO plugin v22.3 - https:\/\/yoast.com\/wordpress\/plugins\/seo\/ -->\n<title><\/title>\n<meta name=\"description\" content=\"Jules Verne Business Mice Travel\u00a0Kurucusu ve Genel M\u00fcd\u00fcr\u00fc\u00a0Ay\u015fe Ya\u011fc\u0131 B\u00fcy\u00fckp\u0131nar, tr\u00fcf kokusundan ba\u011flarda toplanan \u00fcz\u00fcmlerin tatl\u0131 tela\u015f\u0131 ve k\u00fc\u00e7\u00fck trattorialarda ba\u015flayan keyifli sohbetleriyle t\u00fcm duyulara hitap eden Floransa\u2019n\u0131n b\u00fcy\u00fcleyici ruhunu Sunsetter Sonbahar 2025 say\u0131s\u0131 i\u00e7in kaleme ald\u0131. Bu \u00f6zel yaz\u0131yla, Floransa\u2019ya ilham verici bir yolculu\u011fa \u00e7\u0131kmaya ne dersiniz?\" \/>\n<meta name=\"robots\" content=\"index, follow, max-snippet:-1, max-image-preview:large, max-video-preview:-1\" \/>\n<link rel=\"canonical\" href=\"https:\/\/julesverne.com.tr\/haberler\/sunsetter-in-2025-sonbahar-seckisinde-ayse-yagci-nin-kaleminden-floransa-da-ilham-veren-bir-sonbahar\/\" \/>\n<meta property=\"og:locale\" content=\"en_US\" \/>\n<meta property=\"og:type\" content=\"article\" \/>\n<meta property=\"og:title\" content=\"[:tr]Sunsetter\u2019\u0131n 2025 Sonbahar Se\u00e7kisinde Ay\u015fe Ya\u011fc\u0131\u2019n\u0131n Kaleminden Floransa\u2019da \u0130lham Veren Bir Sonbahar![:] - JULES VERNE BUSINESS MICE TRAVEL\" \/>\n<meta property=\"og:description\" content=\"Jules Verne Business Mice Travel\u00a0Kurucusu ve Genel M\u00fcd\u00fcr\u00fc\u00a0Ay\u015fe Ya\u011fc\u0131 B\u00fcy\u00fckp\u0131nar, tr\u00fcf kokusundan ba\u011flarda toplanan \u00fcz\u00fcmlerin tatl\u0131 tela\u015f\u0131 ve k\u00fc\u00e7\u00fck trattorialarda ba\u015flayan keyifli sohbetleriyle t\u00fcm duyulara hitap eden Floransa\u2019n\u0131n b\u00fcy\u00fcleyici ruhunu Sunsetter Sonbahar 2025 say\u0131s\u0131 i\u00e7in kaleme ald\u0131. Bu \u00f6zel yaz\u0131yla, Floransa\u2019ya ilham verici bir yolculu\u011fa \u00e7\u0131kmaya ne dersiniz?\" \/>\n<meta property=\"og:url\" content=\"https:\/\/julesverne.com.tr\/haberler\/sunsetter-in-2025-sonbahar-seckisinde-ayse-yagci-nin-kaleminden-floransa-da-ilham-veren-bir-sonbahar\/\" \/>\n<meta property=\"og:site_name\" content=\"JULES VERNE BUSINESS MICE TRAVEL\" \/>\n<meta property=\"article:publisher\" content=\"https:\/\/www.facebook.com\/JulesVerneBusinessMiceTravel\/\" \/>\n<meta property=\"article:published_time\" content=\"2025-09-07T12:36:56+00:00\" \/>\n<meta property=\"article:modified_time\" content=\"2025-10-07T12:37:17+00:00\" \/>\n<meta property=\"og:image\" content=\"https:\/\/julesverne.com.tr\/wp-content\/uploads\/2025\/09\/floransa.jpg\" \/>\n\t<meta property=\"og:image:width\" content=\"1200\" \/>\n\t<meta property=\"og:image:height\" content=\"800\" \/>\n\t<meta property=\"og:image:type\" content=\"image\/jpeg\" \/>\n<meta name=\"author\" content=\"Ebru Alt\u0131n\" \/>\n<meta name=\"twitter:card\" content=\"summary_large_image\" \/>\n<meta name=\"twitter:creator\" content=\"@JV_BusinessMice\" \/>\n<meta name=\"twitter:site\" content=\"@JV_BusinessMice\" \/>\n<meta name=\"twitter:label1\" content=\"Written by\" \/>\n\t<meta name=\"twitter:data1\" content=\"Ebru Alt\u0131n\" \/>\n\t<meta name=\"twitter:label2\" content=\"Est. reading time\" \/>\n\t<meta name=\"twitter:data2\" content=\"2 minutes\" \/>\n<script type=\"application\/ld+json\" class=\"yoast-schema-graph\">{\"@context\":\"https:\/\/schema.org\",\"@graph\":[{\"@type\":\"Article\",\"@id\":\"https:\/\/julesverne.com.tr\/haberler\/sunsetter-in-2025-sonbahar-seckisinde-ayse-yagci-nin-kaleminden-floransa-da-ilham-veren-bir-sonbahar\/#article\",\"isPartOf\":{\"@id\":\"https:\/\/julesverne.com.tr\/haberler\/sunsetter-in-2025-sonbahar-seckisinde-ayse-yagci-nin-kaleminden-floransa-da-ilham-veren-bir-sonbahar\/\"},\"author\":{\"name\":\"Ebru Alt\u0131n\",\"@id\":\"https:\/\/julesverne.com.tr\/#\/schema\/person\/219931edfe2e7d9cbbcbabb8a7e4c7f4\"},\"headline\":\"(TR) Sunsetter\u2019\u0131n 2025 Sonbahar Se\u00e7kisinde Ay\u015fe Ya\u011fc\u0131\u2019n\u0131n Kaleminden Floransa\u2019da \u0130lham Veren Bir Sonbahar!\",\"datePublished\":\"2025-09-07T12:36:56+00:00\",\"dateModified\":\"2025-10-07T12:37:17+00:00\",\"mainEntityOfPage\":{\"@id\":\"https:\/\/julesverne.com.tr\/haberler\/sunsetter-in-2025-sonbahar-seckisinde-ayse-yagci-nin-kaleminden-floransa-da-ilham-veren-bir-sonbahar\/\"},\"wordCount\":198,\"publisher\":{\"@id\":\"https:\/\/julesverne.com.tr\/#organization\"},\"image\":{\"@id\":\"https:\/\/julesverne.com.tr\/haberler\/sunsetter-in-2025-sonbahar-seckisinde-ayse-yagci-nin-kaleminden-floransa-da-ilham-veren-bir-sonbahar\/#primaryimage\"},\"thumbnailUrl\":\"https:\/\/julesverne.com.tr\/wp-content\/uploads\/2025\/09\/floransa.jpg\",\"keywords\":[\"Floransa\"],\"articleSection\":[\"News\"],\"inLanguage\":\"en-US\"},{\"@type\":\"WebPage\",\"@id\":\"https:\/\/julesverne.com.tr\/haberler\/sunsetter-in-2025-sonbahar-seckisinde-ayse-yagci-nin-kaleminden-floransa-da-ilham-veren-bir-sonbahar\/\",\"url\":\"https:\/\/julesverne.com.tr\/haberler\/sunsetter-in-2025-sonbahar-seckisinde-ayse-yagci-nin-kaleminden-floransa-da-ilham-veren-bir-sonbahar\/\",\"name\":\"[:tr]Sunsetter\u2019\u0131n 2025 Sonbahar Se\u00e7kisinde Ay\u015fe Ya\u011fc\u0131\u2019n\u0131n Kaleminden Floransa\u2019da \u0130lham Veren Bir Sonbahar![:] - JULES VERNE BUSINESS MICE TRAVEL\",\"isPartOf\":{\"@id\":\"https:\/\/julesverne.com.tr\/#website\"},\"primaryImageOfPage\":{\"@id\":\"https:\/\/julesverne.com.tr\/haberler\/sunsetter-in-2025-sonbahar-seckisinde-ayse-yagci-nin-kaleminden-floransa-da-ilham-veren-bir-sonbahar\/#primaryimage\"},\"image\":{\"@id\":\"https:\/\/julesverne.com.tr\/haberler\/sunsetter-in-2025-sonbahar-seckisinde-ayse-yagci-nin-kaleminden-floransa-da-ilham-veren-bir-sonbahar\/#primaryimage\"},\"thumbnailUrl\":\"https:\/\/julesverne.com.tr\/wp-content\/uploads\/2025\/09\/floransa.jpg\",\"datePublished\":\"2025-09-07T12:36:56+00:00\",\"dateModified\":\"2025-10-07T12:37:17+00:00\",\"description\":\"Jules Verne Business Mice Travel\u00a0Kurucusu ve Genel M\u00fcd\u00fcr\u00fc\u00a0Ay\u015fe Ya\u011fc\u0131 B\u00fcy\u00fckp\u0131nar, tr\u00fcf kokusundan ba\u011flarda toplanan \u00fcz\u00fcmlerin tatl\u0131 tela\u015f\u0131 ve k\u00fc\u00e7\u00fck trattorialarda ba\u015flayan keyifli sohbetleriyle t\u00fcm duyulara hitap eden Floransa\u2019n\u0131n b\u00fcy\u00fcleyici ruhunu Sunsetter Sonbahar 2025 say\u0131s\u0131 i\u00e7in kaleme ald\u0131. Bu \u00f6zel yaz\u0131yla, Floransa\u2019ya ilham verici bir yolculu\u011fa \u00e7\u0131kmaya ne dersiniz?\",\"breadcrumb\":{\"@id\":\"https:\/\/julesverne.com.tr\/haberler\/sunsetter-in-2025-sonbahar-seckisinde-ayse-yagci-nin-kaleminden-floransa-da-ilham-veren-bir-sonbahar\/#breadcrumb\"},\"inLanguage\":\"en-US\",\"potentialAction\":[{\"@type\":\"ReadAction\",\"target\":[\"https:\/\/julesverne.com.tr\/haberler\/sunsetter-in-2025-sonbahar-seckisinde-ayse-yagci-nin-kaleminden-floransa-da-ilham-veren-bir-sonbahar\/\"]}]},{\"@type\":\"ImageObject\",\"inLanguage\":\"en-US\",\"@id\":\"https:\/\/julesverne.com.tr\/haberler\/sunsetter-in-2025-sonbahar-seckisinde-ayse-yagci-nin-kaleminden-floransa-da-ilham-veren-bir-sonbahar\/#primaryimage\",\"url\":\"https:\/\/julesverne.com.tr\/wp-content\/uploads\/2025\/09\/floransa.jpg\",\"contentUrl\":\"https:\/\/julesverne.com.tr\/wp-content\/uploads\/2025\/09\/floransa.jpg\",\"width\":1200,\"height\":800},{\"@type\":\"BreadcrumbList\",\"@id\":\"https:\/\/julesverne.com.tr\/haberler\/sunsetter-in-2025-sonbahar-seckisinde-ayse-yagci-nin-kaleminden-floransa-da-ilham-veren-bir-sonbahar\/#breadcrumb\",\"itemListElement\":[{\"@type\":\"ListItem\",\"position\":1,\"name\":\"Anasayfa\",\"item\":\"https:\/\/julesverne.com.tr\/\"},{\"@type\":\"ListItem\",\"position\":2,\"name\":\"Sunsetter\u2019\u0131n 2025 Sonbahar Se\u00e7kisinde Ay\u015fe Ya\u011fc\u0131\u2019n\u0131n Kaleminden Floransa\u2019da \u0130lham Veren Bir Sonbahar!\"}]},{\"@type\":\"WebSite\",\"@id\":\"https:\/\/julesverne.com.tr\/#website\",\"url\":\"https:\/\/julesverne.com.tr\/\",\"name\":\"JULES VERNE BUSINESS MICE TRAVEL\",\"description\":\"\",\"publisher\":{\"@id\":\"https:\/\/julesverne.com.tr\/#organization\"},\"potentialAction\":[{\"@type\":\"SearchAction\",\"target\":{\"@type\":\"EntryPoint\",\"urlTemplate\":\"https:\/\/julesverne.com.tr\/?s={search_term_string}\"},\"query-input\":\"required name=search_term_string\"}],\"inLanguage\":\"en-US\"},{\"@type\":\"Organization\",\"@id\":\"https:\/\/julesverne.com.tr\/#organization\",\"name\":\"JULES VERNE BUSINESS MICE TRAVEL\",\"url\":\"https:\/\/julesverne.com.tr\/\",\"logo\":{\"@type\":\"ImageObject\",\"inLanguage\":\"en-US\",\"@id\":\"https:\/\/julesverne.com.tr\/#\/schema\/logo\/image\/\",\"url\":\"https:\/\/julesverne.com.tr\/wp-content\/uploads\/2020\/09\/jv-bmt-logo.png\",\"contentUrl\":\"https:\/\/julesverne.com.tr\/wp-content\/uploads\/2020\/09\/jv-bmt-logo.png\",\"width\":110,\"height\":81,\"caption\":\"JULES VERNE BUSINESS MICE TRAVEL\"},\"image\":{\"@id\":\"https:\/\/julesverne.com.tr\/#\/schema\/logo\/image\/\"},\"sameAs\":[\"https:\/\/www.facebook.com\/JulesVerneBusinessMiceTravel\/\",\"https:\/\/twitter.com\/JV_BusinessMice\",\"https:\/\/www.instagram.com\/julesvernebusinessmicetravel\/\",\"https:\/\/www.linkedin.com\/company\/julesvernebusinessmicetravel\/\",\"https:\/\/www.youtube.com\/channel\/UCAwdsmbZ6tFhu1tea6pkpiw\"]},{\"@type\":\"Person\",\"@id\":\"https:\/\/julesverne.com.tr\/#\/schema\/person\/219931edfe2e7d9cbbcbabb8a7e4c7f4\",\"name\":\"Ebru Alt\u0131n\",\"url\":\"https:\/\/julesverne.com.tr\/en\/author\/ebru-altin\/\"}]}<\/script>\n<!-- \/ Yoast SEO plugin. -->","yoast_head_json":{"title":"[:tr]Sunsetter\u2019\u0131n 2025 Sonbahar Se\u00e7kisinde Ay\u015fe Ya\u011fc\u0131\u2019n\u0131n Kaleminden Floransa\u2019da \u0130lham Veren Bir Sonbahar![:] - JULES VERNE BUSINESS MICE TRAVEL","description":"Jules Verne Business Mice Travel\u00a0Kurucusu ve Genel M\u00fcd\u00fcr\u00fc\u00a0Ay\u015fe Ya\u011fc\u0131 B\u00fcy\u00fckp\u0131nar, tr\u00fcf kokusundan ba\u011flarda toplanan \u00fcz\u00fcmlerin tatl\u0131 tela\u015f\u0131 ve k\u00fc\u00e7\u00fck trattorialarda ba\u015flayan keyifli sohbetleriyle t\u00fcm duyulara hitap eden Floransa\u2019n\u0131n b\u00fcy\u00fcleyici ruhunu Sunsetter Sonbahar 2025 say\u0131s\u0131 i\u00e7in kaleme ald\u0131. Bu \u00f6zel yaz\u0131yla, Floransa\u2019ya ilham verici bir yolculu\u011fa \u00e7\u0131kmaya ne dersiniz?","robots":{"index":"index","follow":"follow","max-snippet":"max-snippet:-1","max-image-preview":"max-image-preview:large","max-video-preview":"max-video-preview:-1"},"canonical":"https:\/\/julesverne.com.tr\/haberler\/sunsetter-in-2025-sonbahar-seckisinde-ayse-yagci-nin-kaleminden-floransa-da-ilham-veren-bir-sonbahar\/","og_locale":"en_US","og_type":"article","og_title":"[:tr]Sunsetter\u2019\u0131n 2025 Sonbahar Se\u00e7kisinde Ay\u015fe Ya\u011fc\u0131\u2019n\u0131n Kaleminden Floransa\u2019da \u0130lham Veren Bir Sonbahar![:] - JULES VERNE BUSINESS MICE TRAVEL","og_description":"Jules Verne Business Mice Travel\u00a0Kurucusu ve Genel M\u00fcd\u00fcr\u00fc\u00a0Ay\u015fe Ya\u011fc\u0131 B\u00fcy\u00fckp\u0131nar, tr\u00fcf kokusundan ba\u011flarda toplanan \u00fcz\u00fcmlerin tatl\u0131 tela\u015f\u0131 ve k\u00fc\u00e7\u00fck trattorialarda ba\u015flayan keyifli sohbetleriyle t\u00fcm duyulara hitap eden Floransa\u2019n\u0131n b\u00fcy\u00fcleyici ruhunu Sunsetter Sonbahar 2025 say\u0131s\u0131 i\u00e7in kaleme ald\u0131. Bu \u00f6zel yaz\u0131yla, Floransa\u2019ya ilham verici bir yolculu\u011fa \u00e7\u0131kmaya ne dersiniz?","og_url":"https:\/\/julesverne.com.tr\/haberler\/sunsetter-in-2025-sonbahar-seckisinde-ayse-yagci-nin-kaleminden-floransa-da-ilham-veren-bir-sonbahar\/","og_site_name":"JULES VERNE BUSINESS MICE TRAVEL","article_publisher":"https:\/\/www.facebook.com\/JulesVerneBusinessMiceTravel\/","article_published_time":"2025-09-07T12:36:56+00:00","article_modified_time":"2025-10-07T12:37:17+00:00","og_image":[{"width":1200,"height":800,"url":"https:\/\/julesverne.com.tr\/wp-content\/uploads\/2025\/09\/floransa.jpg","type":"image\/jpeg"}],"author":"Ebru Alt\u0131n","twitter_card":"summary_large_image","twitter_creator":"@JV_BusinessMice","twitter_site":"@JV_BusinessMice","twitter_misc":{"Written by":"Ebru Alt\u0131n","Est. reading time":"2 minutes"},"schema":{"@context":"https:\/\/schema.org","@graph":[{"@type":"Article","@id":"https:\/\/julesverne.com.tr\/haberler\/sunsetter-in-2025-sonbahar-seckisinde-ayse-yagci-nin-kaleminden-floransa-da-ilham-veren-bir-sonbahar\/#article","isPartOf":{"@id":"https:\/\/julesverne.com.tr\/haberler\/sunsetter-in-2025-sonbahar-seckisinde-ayse-yagci-nin-kaleminden-floransa-da-ilham-veren-bir-sonbahar\/"},"author":{"name":"Ebru Alt\u0131n","@id":"https:\/\/julesverne.com.tr\/#\/schema\/person\/219931edfe2e7d9cbbcbabb8a7e4c7f4"},"headline":"(TR) Sunsetter\u2019\u0131n 2025 Sonbahar Se\u00e7kisinde Ay\u015fe Ya\u011fc\u0131\u2019n\u0131n Kaleminden Floransa\u2019da \u0130lham Veren Bir Sonbahar!","datePublished":"2025-09-07T12:36:56+00:00","dateModified":"2025-10-07T12:37:17+00:00","mainEntityOfPage":{"@id":"https:\/\/julesverne.com.tr\/haberler\/sunsetter-in-2025-sonbahar-seckisinde-ayse-yagci-nin-kaleminden-floransa-da-ilham-veren-bir-sonbahar\/"},"wordCount":198,"publisher":{"@id":"https:\/\/julesverne.com.tr\/#organization"},"image":{"@id":"https:\/\/julesverne.com.tr\/haberler\/sunsetter-in-2025-sonbahar-seckisinde-ayse-yagci-nin-kaleminden-floransa-da-ilham-veren-bir-sonbahar\/#primaryimage"},"thumbnailUrl":"https:\/\/julesverne.com.tr\/wp-content\/uploads\/2025\/09\/floransa.jpg","keywords":["Floransa"],"articleSection":["News"],"inLanguage":"en-US"},{"@type":"WebPage","@id":"https:\/\/julesverne.com.tr\/haberler\/sunsetter-in-2025-sonbahar-seckisinde-ayse-yagci-nin-kaleminden-floransa-da-ilham-veren-bir-sonbahar\/","url":"https:\/\/julesverne.com.tr\/haberler\/sunsetter-in-2025-sonbahar-seckisinde-ayse-yagci-nin-kaleminden-floransa-da-ilham-veren-bir-sonbahar\/","name":"[:tr]Sunsetter\u2019\u0131n 2025 Sonbahar Se\u00e7kisinde Ay\u015fe Ya\u011fc\u0131\u2019n\u0131n Kaleminden Floransa\u2019da \u0130lham Veren Bir Sonbahar![:] - JULES VERNE BUSINESS MICE TRAVEL","isPartOf":{"@id":"https:\/\/julesverne.com.tr\/#website"},"primaryImageOfPage":{"@id":"https:\/\/julesverne.com.tr\/haberler\/sunsetter-in-2025-sonbahar-seckisinde-ayse-yagci-nin-kaleminden-floransa-da-ilham-veren-bir-sonbahar\/#primaryimage"},"image":{"@id":"https:\/\/julesverne.com.tr\/haberler\/sunsetter-in-2025-sonbahar-seckisinde-ayse-yagci-nin-kaleminden-floransa-da-ilham-veren-bir-sonbahar\/#primaryimage"},"thumbnailUrl":"https:\/\/julesverne.com.tr\/wp-content\/uploads\/2025\/09\/floransa.jpg","datePublished":"2025-09-07T12:36:56+00:00","dateModified":"2025-10-07T12:37:17+00:00","description":"Jules Verne Business Mice Travel\u00a0Kurucusu ve Genel M\u00fcd\u00fcr\u00fc\u00a0Ay\u015fe Ya\u011fc\u0131 B\u00fcy\u00fckp\u0131nar, tr\u00fcf kokusundan ba\u011flarda toplanan \u00fcz\u00fcmlerin tatl\u0131 tela\u015f\u0131 ve k\u00fc\u00e7\u00fck trattorialarda ba\u015flayan keyifli sohbetleriyle t\u00fcm duyulara hitap eden Floransa\u2019n\u0131n b\u00fcy\u00fcleyici ruhunu Sunsetter Sonbahar 2025 say\u0131s\u0131 i\u00e7in kaleme ald\u0131. Bu \u00f6zel yaz\u0131yla, Floransa\u2019ya ilham verici bir yolculu\u011fa \u00e7\u0131kmaya ne dersiniz?","breadcrumb":{"@id":"https:\/\/julesverne.com.tr\/haberler\/sunsetter-in-2025-sonbahar-seckisinde-ayse-yagci-nin-kaleminden-floransa-da-ilham-veren-bir-sonbahar\/#breadcrumb"},"inLanguage":"en-US","potentialAction":[{"@type":"ReadAction","target":["https:\/\/julesverne.com.tr\/haberler\/sunsetter-in-2025-sonbahar-seckisinde-ayse-yagci-nin-kaleminden-floransa-da-ilham-veren-bir-sonbahar\/"]}]},{"@type":"ImageObject","inLanguage":"en-US","@id":"https:\/\/julesverne.com.tr\/haberler\/sunsetter-in-2025-sonbahar-seckisinde-ayse-yagci-nin-kaleminden-floransa-da-ilham-veren-bir-sonbahar\/#primaryimage","url":"https:\/\/julesverne.com.tr\/wp-content\/uploads\/2025\/09\/floransa.jpg","contentUrl":"https:\/\/julesverne.com.tr\/wp-content\/uploads\/2025\/09\/floransa.jpg","width":1200,"height":800},{"@type":"BreadcrumbList","@id":"https:\/\/julesverne.com.tr\/haberler\/sunsetter-in-2025-sonbahar-seckisinde-ayse-yagci-nin-kaleminden-floransa-da-ilham-veren-bir-sonbahar\/#breadcrumb","itemListElement":[{"@type":"ListItem","position":1,"name":"Anasayfa","item":"https:\/\/julesverne.com.tr\/"},{"@type":"ListItem","position":2,"name":"Sunsetter\u2019\u0131n 2025 Sonbahar Se\u00e7kisinde Ay\u015fe Ya\u011fc\u0131\u2019n\u0131n Kaleminden Floransa\u2019da \u0130lham Veren Bir Sonbahar!"}]},{"@type":"WebSite","@id":"https:\/\/julesverne.com.tr\/#website","url":"https:\/\/julesverne.com.tr\/","name":"JULES VERNE BUSINESS MICE TRAVEL","description":"","publisher":{"@id":"https:\/\/julesverne.com.tr\/#organization"},"potentialAction":[{"@type":"SearchAction","target":{"@type":"EntryPoint","urlTemplate":"https:\/\/julesverne.com.tr\/?s={search_term_string}"},"query-input":"required name=search_term_string"}],"inLanguage":"en-US"},{"@type":"Organization","@id":"https:\/\/julesverne.com.tr\/#organization","name":"JULES VERNE BUSINESS MICE TRAVEL","url":"https:\/\/julesverne.com.tr\/","logo":{"@type":"ImageObject","inLanguage":"en-US","@id":"https:\/\/julesverne.com.tr\/#\/schema\/logo\/image\/","url":"https:\/\/julesverne.com.tr\/wp-content\/uploads\/2020\/09\/jv-bmt-logo.png","contentUrl":"https:\/\/julesverne.com.tr\/wp-content\/uploads\/2020\/09\/jv-bmt-logo.png","width":110,"height":81,"caption":"JULES VERNE BUSINESS MICE TRAVEL"},"image":{"@id":"https:\/\/julesverne.com.tr\/#\/schema\/logo\/image\/"},"sameAs":["https:\/\/www.facebook.com\/JulesVerneBusinessMiceTravel\/","https:\/\/twitter.com\/JV_BusinessMice","https:\/\/www.instagram.com\/julesvernebusinessmicetravel\/","https:\/\/www.linkedin.com\/company\/julesvernebusinessmicetravel\/","https:\/\/www.youtube.com\/channel\/UCAwdsmbZ6tFhu1tea6pkpiw"]},{"@type":"Person","@id":"https:\/\/julesverne.com.tr\/#\/schema\/person\/219931edfe2e7d9cbbcbabb8a7e4c7f4","name":"Ebru Alt\u0131n","url":"https:\/\/julesverne.com.tr\/en\/author\/ebru-altin\/"}]}},"_links":{"self":[{"href":"https:\/\/julesverne.com.tr\/en\/wp-json\/wp\/v2\/posts\/20797"}],"collection":[{"href":"https:\/\/julesverne.com.tr\/en\/wp-json\/wp\/v2\/posts"}],"about":[{"href":"https:\/\/julesverne.com.tr\/en\/wp-json\/wp\/v2\/types\/post"}],"author":[{"embeddable":true,"href":"https:\/\/julesverne.com.tr\/en\/wp-json\/wp\/v2\/users\/10"}],"replies":[{"embeddable":true,"href":"https:\/\/julesverne.com.tr\/en\/wp-json\/wp\/v2\/comments?post=20797"}],"version-history":[{"count":2,"href":"https:\/\/julesverne.com.tr\/en\/wp-json\/wp\/v2\/posts\/20797\/revisions"}],"predecessor-version":[{"id":20827,"href":"https:\/\/julesverne.com.tr\/en\/wp-json\/wp\/v2\/posts\/20797\/revisions\/20827"}],"wp:featuredmedia":[{"embeddable":true,"href":"https:\/\/julesverne.com.tr\/en\/wp-json\/wp\/v2\/media\/20801"}],"wp:attachment":[{"href":"https:\/\/julesverne.com.tr\/en\/wp-json\/wp\/v2\/media?parent=20797"}],"wp:term":[{"taxonomy":"category","embeddable":true,"href":"https:\/\/julesverne.com.tr\/en\/wp-json\/wp\/v2\/categories?post=20797"},{"taxonomy":"post_tag","embeddable":true,"href":"https:\/\/julesverne.com.tr\/en\/wp-json\/wp\/v2\/tags?post=20797"}],"curies":[{"name":"wp","href":"https:\/\/api.w.org\/{rel}","templated":true}]}}