{"id":2078,"date":"2019-03-11T15:54:03","date_gmt":"2019-03-11T12:54:03","guid":{"rendered":"https:\/\/www.julesverne.com.tr\/\/blog\/istanbul-havalimanina-buyuk-tasinma-basliyor\/"},"modified":"2024-03-22T15:09:01","modified_gmt":"2024-03-22T12:09:01","slug":"istanbul-havalimanina-buyuk-tasinma-basliyor","status":"publish","type":"post","link":"https:\/\/julesverne.com.tr\/en\/travel-blog\/istanbul-havalimanina-buyuk-tasinma-basliyor\/","title":{"rendered":"\u0130stanbul Havaliman\u0131\u2019na B\u00fcy\u00fck Ta\u015f\u0131nma Ba\u015fl\u0131yor!"},"content":{"rendered":"<p><\/p>\n<p><h1 class=\"MsoTitle\" style=\"text-align: center;\"><span style=\"font-size: 18.0pt; mso-bidi-font-size: 28.0pt; mso-fareast-language: EN-US;\">Ta\u015f\u0131nman\u0131n g&uuml;n&uuml; kesinle\u015fti! <\/span><\/h1>\n<p class=\"MsoNormal\"><strong><span style=\"font-size: 11.0pt;\"><img loading=\"lazy\" decoding=\"async\" class=\"alignnone size-full wp-image-3839\" src=\"https:\/\/www.julesverne.com.tr\/\/wp-content\/uploads\/2020\/09\/shutterstock_1187725993.jpg\" width=\"1000\" height=\"667\" alt=\"\" srcset=\"https:\/\/julesverne.com.tr\/wp-content\/uploads\/2020\/09\/shutterstock_1187725993.jpg 1000w, https:\/\/julesverne.com.tr\/wp-content\/uploads\/2020\/09\/shutterstock_1187725993-500x334.jpg 500w, https:\/\/julesverne.com.tr\/wp-content\/uploads\/2020\/09\/shutterstock_1187725993-768x512.jpg 768w\" sizes=\"(max-width: 1000px) 100vw, 1000px\" \/><\/span><\/strong><\/p>\n<p>T&uuml;rk Hava Yollar\u0131 (THY), <strong>Atat&uuml;rk Havaliman\u0131<\/strong>&#8216;ndan <strong>\u0130stanbul Havaliman\u0131<\/strong>&#8216;na <strong>6 Nisan<\/strong> tarihinde b&uuml;y&uuml;k ta\u015f\u0131nman\u0131n ger&ccedil;ekle\u015fece\u011fini duyurdu.<\/p>\n<p><strong>6 Nisan 2019 saat 02:00<\/strong> <strong>itibar\u0131yla<\/strong> Atat&uuml;rk Havaliman\u0131&#8217;ndaki t&uuml;m tarifeli u&ccedil;u\u015flar sona erecek.<\/p>\n<p><strong>6 Nisan 2019 saat 14:00&#8217;dan itibaren<\/strong> Atat&uuml;rk Havaliman\u0131&#8217;ndan planlanm\u0131\u015f t&uuml;m u&ccedil;u\u015flar <strong>\u0130stanbul Havaliman\u0131<\/strong>&#8216;ndan ger&ccedil;ekle\u015ftirilecek.&nbsp;&nbsp;<\/p>\n<p class=\"MsoNormal\"><img loading=\"lazy\" decoding=\"async\" class=\"alignnone size-full wp-image-3840\" src=\"https:\/\/www.julesverne.com.tr\/\/wp-content\/uploads\/2020\/09\/yeni-hav-ic.jpg\" width=\"1000\" height=\"667\" alt=\"\" srcset=\"https:\/\/julesverne.com.tr\/wp-content\/uploads\/2020\/09\/yeni-hav-ic.jpg 1000w, https:\/\/julesverne.com.tr\/wp-content\/uploads\/2020\/09\/yeni-hav-ic-500x334.jpg 500w, https:\/\/julesverne.com.tr\/wp-content\/uploads\/2020\/09\/yeni-hav-ic-768x512.jpg 768w\" sizes=\"(max-width: 1000px) 100vw, 1000px\" \/><\/p>\n<p>Ta\u015f\u0131nma operasyonu s&uuml;recinde baz\u0131 seferlerin iptal edilmesi g&uuml;ndemde. \u0130ptal edilen seferler netlik kazand\u0131k&ccedil;a bilgi vermeye devam edece\u011fiz.&nbsp;<\/p>\n<p>\u0130stanbul Havaliman\u0131&rsquo;na ta\u015f\u0131nma nedeniyle u&ccedil;u\u015flar\u0131n\u0131zla ilgili g&uuml;ncel bilgiye a\u015fa\u011f\u0131daki linkteki T&uuml;rk Hava Yollar\u0131 u&ccedil;u\u015f sorgulama ekranlar\u0131ndan u&ccedil;u\u015f numaran\u0131z veya parkurunuzu sorgulayarak ula\u015fabilirsiniz.<\/p>\n<p><a href=\"https:\/\/www.turkishairlines.com\/tr-us\/haberler-ve-basin-bultenleri\/istanbul-havalimani-ucus-durumu\/index.html%20\" target=\"_blank\" rel=\"noopener noreferrer\">www.turkishairlines.com\/tr-us\/istanbul-havalimani-ucus-durumu<\/p>\n<p><\/a><\/p>\n<h4 style=\"text-align: center;\"><strong>Sorular\u0131n\u0131z i&ccedil;in:<\/strong><br \/><a href=\"mailto:bilet-bolumu@julesverne.com.tr\" target=\"_blank\" rel=\"noopener noreferrer\"><strong>bilet-bolumu@julesverne.com.tr<\/strong><\/a><\/h4>\n<\/p>\n<p><\/p>","protected":false},"excerpt":{"rendered":"<p class=\"MsoTitle\">T&uuml;rk Hava Yollar\u0131 (THY),&nbsp;<strong>Atat&uuml;rk Havaliman\u0131<\/strong>&#8216;ndan&nbsp;<strong>\u0130stanbul Havaliman\u0131<\/strong>&#8216;na&nbsp;<strong>6 Nisan<\/strong>&nbsp;tarihinde b&uuml;y&uuml;k ta\u015f\u0131nman\u0131n ger&ccedil;ekle\u015fece\u011fini duyurdu.<\/p>\n","protected":false},"author":1,"featured_media":2079,"comment_status":"closed","ping_status":"closed","sticky":false,"template":"","format":"standard","meta":{"inline_featured_image":false,"footnotes":""},"categories":[1],"tags":[],"acf":[],"yoast_head":"<!-- This site is optimized with the Yoast SEO plugin v22.3 - https:\/\/yoast.com\/wordpress\/plugins\/seo\/ -->\n<title>\u0130stanbul Havaliman\u0131\u2019na B\u00fcy\u00fck Ta\u015f\u0131nma Ba\u015fl\u0131yor! - JULES VERNE BUSINESS MICE TRAVEL<\/title>\n<meta name=\"description\" content=\"T\u00fcrk Hava Yollar\u0131 (THY), Atat\u00fcrk Havaliman\u0131&#039;ndan \u0130stanbul Havaliman\u0131&#039;na 6 Nisan tarihinde b\u00fcy\u00fck ta\u015f\u0131nman\u0131n ger\u00e7ekle\u015fece\u011fini duyurdu.\" \/>\n<meta name=\"robots\" content=\"index, follow, max-snippet:-1, max-image-preview:large, max-video-preview:-1\" \/>\n<link rel=\"canonical\" href=\"https:\/\/julesverne.com.tr\/travel-blog\/istanbul-havalimanina-buyuk-tasinma-basliyor\/\" \/>\n<meta property=\"og:locale\" content=\"en_US\" \/>\n<meta property=\"og:type\" content=\"article\" \/>\n<meta property=\"og:title\" content=\"\u0130stanbul Havaliman\u0131\u2019na B\u00fcy\u00fck Ta\u015f\u0131nma Ba\u015fl\u0131yor! - JULES VERNE BUSINESS MICE TRAVEL\" \/>\n<meta property=\"og:description\" content=\"T\u00fcrk Hava Yollar\u0131 (THY), Atat\u00fcrk Havaliman\u0131&#039;ndan \u0130stanbul Havaliman\u0131&#039;na 6 Nisan tarihinde b\u00fcy\u00fck ta\u015f\u0131nman\u0131n ger\u00e7ekle\u015fece\u011fini duyurdu.\" \/>\n<meta property=\"og:url\" content=\"https:\/\/julesverne.com.tr\/travel-blog\/istanbul-havalimanina-buyuk-tasinma-basliyor\/\" \/>\n<meta property=\"og:site_name\" content=\"JULES VERNE BUSINESS MICE TRAVEL\" \/>\n<meta property=\"article:publisher\" content=\"https:\/\/www.facebook.com\/JulesVerneBusinessMiceTravel\/\" \/>\n<meta property=\"article:published_time\" content=\"2019-03-11T12:54:03+00:00\" \/>\n<meta property=\"article:modified_time\" content=\"2024-03-22T12:09:01+00:00\" \/>\n<meta property=\"og:image\" content=\"https:\/\/julesverne.com.tr\/wp-content\/uploads\/2020\/09\/shutterstock_767440201.jpg\" \/>\n\t<meta property=\"og:image:width\" content=\"1000\" \/>\n\t<meta property=\"og:image:height\" content=\"667\" \/>\n\t<meta property=\"og:image:type\" content=\"image\/jpeg\" \/>\n<meta name=\"author\" content=\"fikirman\" \/>\n<meta name=\"twitter:card\" content=\"summary_large_image\" \/>\n<meta name=\"twitter:creator\" content=\"@JV_BusinessMice\" \/>\n<meta name=\"twitter:site\" content=\"@JV_BusinessMice\" \/>\n<meta name=\"twitter:label1\" content=\"Written by\" \/>\n\t<meta name=\"twitter:data1\" content=\"fikirman\" \/>\n\t<meta name=\"twitter:label2\" content=\"Est. reading time\" \/>\n\t<meta name=\"twitter:data2\" content=\"2 minutes\" \/>\n<script type=\"application\/ld+json\" class=\"yoast-schema-graph\">{\"@context\":\"https:\/\/schema.org\",\"@graph\":[{\"@type\":\"Article\",\"@id\":\"https:\/\/julesverne.com.tr\/travel-blog\/istanbul-havalimanina-buyuk-tasinma-basliyor\/#article\",\"isPartOf\":{\"@id\":\"https:\/\/julesverne.com.tr\/travel-blog\/istanbul-havalimanina-buyuk-tasinma-basliyor\/\"},\"author\":{\"name\":\"fikirman\",\"@id\":\"https:\/\/julesverne.com.tr\/#\/schema\/person\/f4eb0514ae455538644c31b99a466fdb\"},\"headline\":\"\u0130stanbul Havaliman\u0131\u2019na B\u00fcy\u00fck Ta\u015f\u0131nma Ba\u015fl\u0131yor!\",\"datePublished\":\"2019-03-11T12:54:03+00:00\",\"dateModified\":\"2024-03-22T12:09:01+00:00\",\"mainEntityOfPage\":{\"@id\":\"https:\/\/julesverne.com.tr\/travel-blog\/istanbul-havalimanina-buyuk-tasinma-basliyor\/\"},\"wordCount\":325,\"publisher\":{\"@id\":\"https:\/\/julesverne.com.tr\/#organization\"},\"image\":{\"@id\":\"https:\/\/julesverne.com.tr\/travel-blog\/istanbul-havalimanina-buyuk-tasinma-basliyor\/#primaryimage\"},\"thumbnailUrl\":\"https:\/\/julesverne.com.tr\/wp-content\/uploads\/2020\/09\/shutterstock_767440201.jpg\",\"articleSection\":[\"Blog\"],\"inLanguage\":\"en-US\"},{\"@type\":\"WebPage\",\"@id\":\"https:\/\/julesverne.com.tr\/travel-blog\/istanbul-havalimanina-buyuk-tasinma-basliyor\/\",\"url\":\"https:\/\/julesverne.com.tr\/travel-blog\/istanbul-havalimanina-buyuk-tasinma-basliyor\/\",\"name\":\"\u0130stanbul Havaliman\u0131\u2019na B\u00fcy\u00fck Ta\u015f\u0131nma Ba\u015fl\u0131yor! - JULES VERNE BUSINESS MICE TRAVEL\",\"isPartOf\":{\"@id\":\"https:\/\/julesverne.com.tr\/#website\"},\"primaryImageOfPage\":{\"@id\":\"https:\/\/julesverne.com.tr\/travel-blog\/istanbul-havalimanina-buyuk-tasinma-basliyor\/#primaryimage\"},\"image\":{\"@id\":\"https:\/\/julesverne.com.tr\/travel-blog\/istanbul-havalimanina-buyuk-tasinma-basliyor\/#primaryimage\"},\"thumbnailUrl\":\"https:\/\/julesverne.com.tr\/wp-content\/uploads\/2020\/09\/shutterstock_767440201.jpg\",\"datePublished\":\"2019-03-11T12:54:03+00:00\",\"dateModified\":\"2024-03-22T12:09:01+00:00\",\"description\":\"T\u00fcrk Hava Yollar\u0131 (THY), Atat\u00fcrk Havaliman\u0131'ndan \u0130stanbul Havaliman\u0131'na 6 Nisan tarihinde b\u00fcy\u00fck ta\u015f\u0131nman\u0131n ger\u00e7ekle\u015fece\u011fini duyurdu.\",\"breadcrumb\":{\"@id\":\"https:\/\/julesverne.com.tr\/travel-blog\/istanbul-havalimanina-buyuk-tasinma-basliyor\/#breadcrumb\"},\"inLanguage\":\"en-US\",\"potentialAction\":[{\"@type\":\"ReadAction\",\"target\":[\"https:\/\/julesverne.com.tr\/travel-blog\/istanbul-havalimanina-buyuk-tasinma-basliyor\/\"]}]},{\"@type\":\"ImageObject\",\"inLanguage\":\"en-US\",\"@id\":\"https:\/\/julesverne.com.tr\/travel-blog\/istanbul-havalimanina-buyuk-tasinma-basliyor\/#primaryimage\",\"url\":\"https:\/\/julesverne.com.tr\/wp-content\/uploads\/2020\/09\/shutterstock_767440201.jpg\",\"contentUrl\":\"https:\/\/julesverne.com.tr\/wp-content\/uploads\/2020\/09\/shutterstock_767440201.jpg\",\"width\":1000,\"height\":667},{\"@type\":\"BreadcrumbList\",\"@id\":\"https:\/\/julesverne.com.tr\/travel-blog\/istanbul-havalimanina-buyuk-tasinma-basliyor\/#breadcrumb\",\"itemListElement\":[{\"@type\":\"ListItem\",\"position\":1,\"name\":\"Anasayfa\",\"item\":\"https:\/\/julesverne.com.tr\/\"},{\"@type\":\"ListItem\",\"position\":2,\"name\":\"\u0130stanbul Havaliman\u0131\u2019na B\u00fcy\u00fck Ta\u015f\u0131nma Ba\u015fl\u0131yor!\"}]},{\"@type\":\"WebSite\",\"@id\":\"https:\/\/julesverne.com.tr\/#website\",\"url\":\"https:\/\/julesverne.com.tr\/\",\"name\":\"JULES VERNE BUSINESS MICE TRAVEL\",\"description\":\"\",\"publisher\":{\"@id\":\"https:\/\/julesverne.com.tr\/#organization\"},\"potentialAction\":[{\"@type\":\"SearchAction\",\"target\":{\"@type\":\"EntryPoint\",\"urlTemplate\":\"https:\/\/julesverne.com.tr\/?s={search_term_string}\"},\"query-input\":\"required name=search_term_string\"}],\"inLanguage\":\"en-US\"},{\"@type\":\"Organization\",\"@id\":\"https:\/\/julesverne.com.tr\/#organization\",\"name\":\"JULES VERNE BUSINESS MICE TRAVEL\",\"url\":\"https:\/\/julesverne.com.tr\/\",\"logo\":{\"@type\":\"ImageObject\",\"inLanguage\":\"en-US\",\"@id\":\"https:\/\/julesverne.com.tr\/#\/schema\/logo\/image\/\",\"url\":\"https:\/\/julesverne.com.tr\/wp-content\/uploads\/2020\/09\/jv-bmt-logo.png\",\"contentUrl\":\"https:\/\/julesverne.com.tr\/wp-content\/uploads\/2020\/09\/jv-bmt-logo.png\",\"width\":110,\"height\":81,\"caption\":\"JULES VERNE BUSINESS MICE TRAVEL\"},\"image\":{\"@id\":\"https:\/\/julesverne.com.tr\/#\/schema\/logo\/image\/\"},\"sameAs\":[\"https:\/\/www.facebook.com\/JulesVerneBusinessMiceTravel\/\",\"https:\/\/twitter.com\/JV_BusinessMice\",\"https:\/\/www.instagram.com\/julesvernebusinessmicetravel\/\",\"https:\/\/www.linkedin.com\/company\/julesvernebusinessmicetravel\/\",\"https:\/\/www.youtube.com\/channel\/UCAwdsmbZ6tFhu1tea6pkpiw\"]},{\"@type\":\"Person\",\"@id\":\"https:\/\/julesverne.com.tr\/#\/schema\/person\/f4eb0514ae455538644c31b99a466fdb\",\"name\":\"fikirman\",\"sameAs\":[\"http:\/\/advermedya.net\/julesverne\"],\"url\":\"https:\/\/julesverne.com.tr\/en\/author\/fikirman\/\"}]}<\/script>\n<!-- \/ Yoast SEO plugin. -->","yoast_head_json":{"title":"\u0130stanbul Havaliman\u0131\u2019na B\u00fcy\u00fck Ta\u015f\u0131nma Ba\u015fl\u0131yor! - JULES VERNE BUSINESS MICE TRAVEL","description":"T\u00fcrk Hava Yollar\u0131 (THY), Atat\u00fcrk Havaliman\u0131'ndan \u0130stanbul Havaliman\u0131'na 6 Nisan tarihinde b\u00fcy\u00fck ta\u015f\u0131nman\u0131n ger\u00e7ekle\u015fece\u011fini duyurdu.","robots":{"index":"index","follow":"follow","max-snippet":"max-snippet:-1","max-image-preview":"max-image-preview:large","max-video-preview":"max-video-preview:-1"},"canonical":"https:\/\/julesverne.com.tr\/travel-blog\/istanbul-havalimanina-buyuk-tasinma-basliyor\/","og_locale":"en_US","og_type":"article","og_title":"\u0130stanbul Havaliman\u0131\u2019na B\u00fcy\u00fck Ta\u015f\u0131nma Ba\u015fl\u0131yor! - JULES VERNE BUSINESS MICE TRAVEL","og_description":"T\u00fcrk Hava Yollar\u0131 (THY), Atat\u00fcrk Havaliman\u0131'ndan \u0130stanbul Havaliman\u0131'na 6 Nisan tarihinde b\u00fcy\u00fck ta\u015f\u0131nman\u0131n ger\u00e7ekle\u015fece\u011fini duyurdu.","og_url":"https:\/\/julesverne.com.tr\/travel-blog\/istanbul-havalimanina-buyuk-tasinma-basliyor\/","og_site_name":"JULES VERNE BUSINESS MICE TRAVEL","article_publisher":"https:\/\/www.facebook.com\/JulesVerneBusinessMiceTravel\/","article_published_time":"2019-03-11T12:54:03+00:00","article_modified_time":"2024-03-22T12:09:01+00:00","og_image":[{"width":1000,"height":667,"url":"https:\/\/julesverne.com.tr\/wp-content\/uploads\/2020\/09\/shutterstock_767440201.jpg","type":"image\/jpeg"}],"author":"fikirman","twitter_card":"summary_large_image","twitter_creator":"@JV_BusinessMice","twitter_site":"@JV_BusinessMice","twitter_misc":{"Written by":"fikirman","Est. reading time":"2 minutes"},"schema":{"@context":"https:\/\/schema.org","@graph":[{"@type":"Article","@id":"https:\/\/julesverne.com.tr\/travel-blog\/istanbul-havalimanina-buyuk-tasinma-basliyor\/#article","isPartOf":{"@id":"https:\/\/julesverne.com.tr\/travel-blog\/istanbul-havalimanina-buyuk-tasinma-basliyor\/"},"author":{"name":"fikirman","@id":"https:\/\/julesverne.com.tr\/#\/schema\/person\/f4eb0514ae455538644c31b99a466fdb"},"headline":"\u0130stanbul Havaliman\u0131\u2019na B\u00fcy\u00fck Ta\u015f\u0131nma Ba\u015fl\u0131yor!","datePublished":"2019-03-11T12:54:03+00:00","dateModified":"2024-03-22T12:09:01+00:00","mainEntityOfPage":{"@id":"https:\/\/julesverne.com.tr\/travel-blog\/istanbul-havalimanina-buyuk-tasinma-basliyor\/"},"wordCount":325,"publisher":{"@id":"https:\/\/julesverne.com.tr\/#organization"},"image":{"@id":"https:\/\/julesverne.com.tr\/travel-blog\/istanbul-havalimanina-buyuk-tasinma-basliyor\/#primaryimage"},"thumbnailUrl":"https:\/\/julesverne.com.tr\/wp-content\/uploads\/2020\/09\/shutterstock_767440201.jpg","articleSection":["Blog"],"inLanguage":"en-US"},{"@type":"WebPage","@id":"https:\/\/julesverne.com.tr\/travel-blog\/istanbul-havalimanina-buyuk-tasinma-basliyor\/","url":"https:\/\/julesverne.com.tr\/travel-blog\/istanbul-havalimanina-buyuk-tasinma-basliyor\/","name":"\u0130stanbul Havaliman\u0131\u2019na B\u00fcy\u00fck Ta\u015f\u0131nma Ba\u015fl\u0131yor! - JULES VERNE BUSINESS MICE TRAVEL","isPartOf":{"@id":"https:\/\/julesverne.com.tr\/#website"},"primaryImageOfPage":{"@id":"https:\/\/julesverne.com.tr\/travel-blog\/istanbul-havalimanina-buyuk-tasinma-basliyor\/#primaryimage"},"image":{"@id":"https:\/\/julesverne.com.tr\/travel-blog\/istanbul-havalimanina-buyuk-tasinma-basliyor\/#primaryimage"},"thumbnailUrl":"https:\/\/julesverne.com.tr\/wp-content\/uploads\/2020\/09\/shutterstock_767440201.jpg","datePublished":"2019-03-11T12:54:03+00:00","dateModified":"2024-03-22T12:09:01+00:00","description":"T\u00fcrk Hava Yollar\u0131 (THY), Atat\u00fcrk Havaliman\u0131'ndan \u0130stanbul Havaliman\u0131'na 6 Nisan tarihinde b\u00fcy\u00fck ta\u015f\u0131nman\u0131n ger\u00e7ekle\u015fece\u011fini duyurdu.","breadcrumb":{"@id":"https:\/\/julesverne.com.tr\/travel-blog\/istanbul-havalimanina-buyuk-tasinma-basliyor\/#breadcrumb"},"inLanguage":"en-US","potentialAction":[{"@type":"ReadAction","target":["https:\/\/julesverne.com.tr\/travel-blog\/istanbul-havalimanina-buyuk-tasinma-basliyor\/"]}]},{"@type":"ImageObject","inLanguage":"en-US","@id":"https:\/\/julesverne.com.tr\/travel-blog\/istanbul-havalimanina-buyuk-tasinma-basliyor\/#primaryimage","url":"https:\/\/julesverne.com.tr\/wp-content\/uploads\/2020\/09\/shutterstock_767440201.jpg","contentUrl":"https:\/\/julesverne.com.tr\/wp-content\/uploads\/2020\/09\/shutterstock_767440201.jpg","width":1000,"height":667},{"@type":"BreadcrumbList","@id":"https:\/\/julesverne.com.tr\/travel-blog\/istanbul-havalimanina-buyuk-tasinma-basliyor\/#breadcrumb","itemListElement":[{"@type":"ListItem","position":1,"name":"Anasayfa","item":"https:\/\/julesverne.com.tr\/"},{"@type":"ListItem","position":2,"name":"\u0130stanbul Havaliman\u0131\u2019na B\u00fcy\u00fck Ta\u015f\u0131nma Ba\u015fl\u0131yor!"}]},{"@type":"WebSite","@id":"https:\/\/julesverne.com.tr\/#website","url":"https:\/\/julesverne.com.tr\/","name":"JULES VERNE BUSINESS MICE TRAVEL","description":"","publisher":{"@id":"https:\/\/julesverne.com.tr\/#organization"},"potentialAction":[{"@type":"SearchAction","target":{"@type":"EntryPoint","urlTemplate":"https:\/\/julesverne.com.tr\/?s={search_term_string}"},"query-input":"required name=search_term_string"}],"inLanguage":"en-US"},{"@type":"Organization","@id":"https:\/\/julesverne.com.tr\/#organization","name":"JULES VERNE BUSINESS MICE TRAVEL","url":"https:\/\/julesverne.com.tr\/","logo":{"@type":"ImageObject","inLanguage":"en-US","@id":"https:\/\/julesverne.com.tr\/#\/schema\/logo\/image\/","url":"https:\/\/julesverne.com.tr\/wp-content\/uploads\/2020\/09\/jv-bmt-logo.png","contentUrl":"https:\/\/julesverne.com.tr\/wp-content\/uploads\/2020\/09\/jv-bmt-logo.png","width":110,"height":81,"caption":"JULES VERNE BUSINESS MICE TRAVEL"},"image":{"@id":"https:\/\/julesverne.com.tr\/#\/schema\/logo\/image\/"},"sameAs":["https:\/\/www.facebook.com\/JulesVerneBusinessMiceTravel\/","https:\/\/twitter.com\/JV_BusinessMice","https:\/\/www.instagram.com\/julesvernebusinessmicetravel\/","https:\/\/www.linkedin.com\/company\/julesvernebusinessmicetravel\/","https:\/\/www.youtube.com\/channel\/UCAwdsmbZ6tFhu1tea6pkpiw"]},{"@type":"Person","@id":"https:\/\/julesverne.com.tr\/#\/schema\/person\/f4eb0514ae455538644c31b99a466fdb","name":"fikirman","sameAs":["http:\/\/advermedya.net\/julesverne"],"url":"https:\/\/julesverne.com.tr\/en\/author\/fikirman\/"}]}},"_links":{"self":[{"href":"https:\/\/julesverne.com.tr\/en\/wp-json\/wp\/v2\/posts\/2078"}],"collection":[{"href":"https:\/\/julesverne.com.tr\/en\/wp-json\/wp\/v2\/posts"}],"about":[{"href":"https:\/\/julesverne.com.tr\/en\/wp-json\/wp\/v2\/types\/post"}],"author":[{"embeddable":true,"href":"https:\/\/julesverne.com.tr\/en\/wp-json\/wp\/v2\/users\/1"}],"replies":[{"embeddable":true,"href":"https:\/\/julesverne.com.tr\/en\/wp-json\/wp\/v2\/comments?post=2078"}],"version-history":[{"count":1,"href":"https:\/\/julesverne.com.tr\/en\/wp-json\/wp\/v2\/posts\/2078\/revisions"}],"predecessor-version":[{"id":17043,"href":"https:\/\/julesverne.com.tr\/en\/wp-json\/wp\/v2\/posts\/2078\/revisions\/17043"}],"wp:featuredmedia":[{"embeddable":true,"href":"https:\/\/julesverne.com.tr\/en\/wp-json\/wp\/v2\/media\/2079"}],"wp:attachment":[{"href":"https:\/\/julesverne.com.tr\/en\/wp-json\/wp\/v2\/media?parent=2078"}],"wp:term":[{"taxonomy":"category","embeddable":true,"href":"https:\/\/julesverne.com.tr\/en\/wp-json\/wp\/v2\/categories?post=2078"},{"taxonomy":"post_tag","embeddable":true,"href":"https:\/\/julesverne.com.tr\/en\/wp-json\/wp\/v2\/tags?post=2078"}],"curies":[{"name":"wp","href":"https:\/\/api.w.org\/{rel}","templated":true}]}}