{"id":2074,"date":"2019-03-06T16:20:50","date_gmt":"2019-03-06T13:20:50","guid":{"rendered":"https:\/\/www.julesverne.com.tr\/\/blog\/bu-yil-kiraz-ciceklerini-nerede-ve-ne-zaman-goreceksiniz\/"},"modified":"2024-03-22T15:09:54","modified_gmt":"2024-03-22T12:09:54","slug":"bu-yil-kiraz-ciceklerini-nerede-ve-ne-zaman-goreceksiniz","status":"publish","type":"post","link":"https:\/\/julesverne.com.tr\/en\/travel-blog\/bu-yil-kiraz-ciceklerini-nerede-ve-ne-zaman-goreceksiniz\/","title":{"rendered":"Bu Y\u0131l Kiraz \u00c7i\u00e7eklerini Nerede ve Ne Zaman G\u00f6receksiniz?"},"content":{"rendered":"<p><\/p>\n<p><h3 style=\"text-align: center;\"><strong>Sakura Festivali Japonya 2019 Rehberi<\/strong><\/h3>\n<p style=\"text-align: center;\"><strong><img loading=\"lazy\" decoding=\"async\" class=\"alignnone size-full wp-image-3849\" src=\"https:\/\/www.julesverne.com.tr\/\/wp-content\/uploads\/2020\/09\/Himeji_castle_osaka.jpg\" width=\"999\" height=\"666\" alt=\"himeji castle osaka\" srcset=\"https:\/\/julesverne.com.tr\/wp-content\/uploads\/2020\/09\/Himeji_castle_osaka.jpg 999w, https:\/\/julesverne.com.tr\/wp-content\/uploads\/2020\/09\/Himeji_castle_osaka-500x333.jpg 500w, https:\/\/julesverne.com.tr\/wp-content\/uploads\/2020\/09\/Himeji_castle_osaka-768x512.jpg 768w\" sizes=\"(max-width: 999px) 100vw, 999px\" \/><\/strong><\/p>\n<p>Kiraz &ccedil;i&ccedil;eklerinin her y\u0131l bahar aylar\u0131nda a&ccedil;mas\u0131 ve dokundu\u011fu her yeri harikalar diyar\u0131na &ccedil;evirdi\u011fi Sakura Festivali, her y\u0131l oldu\u011fu gibi bu y\u0131l da t&uuml;m Japonya&#8217;da heyecanla bekleniyor. \u0130lkbahar\u0131n geli\u015fini ve yenilenmeyi temsil eden yakla\u015f\u0131k 2 hafta s&uuml;ren bu muhte\u015fem g&ouml;rsel \u015f&ouml;len, &ccedil;i&ccedil;eklerin a&ccedil;ma zaman\u0131na g&ouml;re &uuml;lkenin farkl\u0131 b&ouml;lgelerinde farkl\u0131 tarihlerde kutlan\u0131yor.&nbsp;<\/p>\n<p>Bu do\u011fal g&uuml;zelli\u011fin tad\u0131n\u0131 &ccedil;\u0131karmak istiyorsan\u0131z &ccedil;i&ccedil;ek tomurcuklar\u0131n\u0131 g&ouml;rmek i&ccedil;in ne zaman ve nereye seyahat edece\u011finizle ilgili ipu&ccedil;lar\u0131n\u0131 sizinle payla\u015fmak istedik.<\/p>\n<p>Bu y\u0131l 20 Mart &ndash; 06 Nisan tarihleri aras\u0131nda Japonya&rsquo;n\u0131n farkl\u0131 noktalar\u0131nda Sakura Festivali&rsquo;ni yakalayabilirsiniz.<\/p>\n<h4><strong>Fukuoka<\/strong><\/h4>\n<p style=\"text-align: center;\"><strong><img loading=\"lazy\" decoding=\"async\" class=\"alignnone size-full wp-image-3850\" src=\"https:\/\/www.julesverne.com.tr\/\/wp-content\/uploads\/2020\/09\/fukuoka.jpg\" width=\"999\" height=\"666\" alt=\"fukuoka\" srcset=\"https:\/\/julesverne.com.tr\/wp-content\/uploads\/2020\/09\/fukuoka.jpg 999w, https:\/\/julesverne.com.tr\/wp-content\/uploads\/2020\/09\/fukuoka-500x333.jpg 500w, https:\/\/julesverne.com.tr\/wp-content\/uploads\/2020\/09\/fukuoka-768x512.jpg 768w\" sizes=\"(max-width: 999px) 100vw, 999px\" \/><\/strong><\/p>\n<p>Kyushu Eyaleti&#8217;nin en b&uuml;y&uuml;k ve Japonya&#8217;n\u0131n en kalabal\u0131k 10 \u015fehrinden biri olan Fukuoka bu sene Sakura Festivali&#8217;ni ilk kar\u015f\u0131layan destinasyon olacak. 2000 y\u0131ll\u0131k k&ouml;kl&uuml; tarihi ve devam eden gelenekleriyle merak uyand\u0131ran bir ke\u015fif noktas\u0131 olan Fukuoka&#8217;da bu y\u0131l &ccedil;i&ccedil;ekler 24 Mart &#8211; 01 Nisan tarihlerinde a&ccedil;acak.&nbsp;<\/p>\n<p><em><strong>Ne zaman?<\/strong> <\/em>24 Mart &#8211; 01 Nisan 2019<\/p>\n<p><em><strong>Nereye gitmeli?<\/strong> <\/em>Fukuoka Kalesi, Uminonakamichi Seaside Park\u0131, Nishi Park\u0131, Atago Tap\u0131na\u011f\u0131<\/p>\n<h4><strong>Nagoya&nbsp;<\/strong><\/h4>\n<p style=\"text-align: center;\"><strong><img loading=\"lazy\" decoding=\"async\" class=\"alignnone size-full wp-image-3851\" src=\"https:\/\/www.julesverne.com.tr\/\/wp-content\/uploads\/2020\/09\/gojo_river_nagoya.jpg\" width=\"999\" height=\"664\" alt=\"nagoya\" srcset=\"https:\/\/julesverne.com.tr\/wp-content\/uploads\/2020\/09\/gojo_river_nagoya.jpg 999w, https:\/\/julesverne.com.tr\/wp-content\/uploads\/2020\/09\/gojo_river_nagoya-500x332.jpg 500w, https:\/\/julesverne.com.tr\/wp-content\/uploads\/2020\/09\/gojo_river_nagoya-768x510.jpg 768w\" sizes=\"(max-width: 999px) 100vw, 999px\" \/><\/strong><\/p>\n<p>Toyota&#8217;n\u0131n do\u011fum yeri olan Nagoya sadece fabrikalar \u015fehri de\u011fil elbette! Bak\u0131ml\u0131 parklar\u0131 ve ye\u015fil alanlar\u0131yla i&ccedil;inizi ferahlatan; m&uuml;zeleri, &ouml;nemli tap\u0131naklar\u0131 ve al\u0131\u015fveri\u015f noktalar\u0131yla kozmopolit ya\u015fant\u0131n\u0131n g&uuml;zelliklerini sunan Nagoya, di\u011fer Japon \u015fehirleri gibi sakura zaman\u0131 adeta renk c&uuml;mb&uuml;\u015f&uuml;ne d&ouml;n&uuml;\u015f&uuml;yor.<\/p>\n<p><em><strong>Ne zaman?<\/strong> <\/em>26 Mart &#8211; 03 Nisan 2019<\/p>\n<p><em><strong>Nereye gitmeli?<\/strong><\/em> Yamazakigawa Nehir Kenar\u0131, Nagoya Kalesi, Tsuruma Park\u0131, Nagoya Bar\u0131\u015f Park\u0131, \u0130nuyama Kalesi<\/p>\n<h4><strong>Tokyo<\/strong><\/h4>\n<p style=\"text-align: center;\"><strong><img loading=\"lazy\" decoding=\"async\" class=\"alignnone size-full wp-image-3852\" src=\"https:\/\/www.julesverne.com.tr\/\/wp-content\/uploads\/2020\/09\/tokyo_2-1.jpg\" width=\"999\" height=\"666\" alt=\"tokyo\" srcset=\"https:\/\/julesverne.com.tr\/wp-content\/uploads\/2020\/09\/tokyo_2-1.jpg 999w, https:\/\/julesverne.com.tr\/wp-content\/uploads\/2020\/09\/tokyo_2-1-500x333.jpg 500w, https:\/\/julesverne.com.tr\/wp-content\/uploads\/2020\/09\/tokyo_2-1-768x512.jpg 768w\" sizes=\"(max-width: 999px) 100vw, 999px\" \/><\/strong><\/p>\n<p>Alg\u0131lar\u0131 alt &uuml;st eden modern ve geleneksel, kalabal\u0131k ve huzurlu, h\u0131zl\u0131 ve sakin&hellip; T&uuml;m z\u0131t kutuplar\u0131 bulu\u015fturan Japonya&rsquo;n\u0131n &ldquo;&ccedil;\u0131lg\u0131n \u015fehri&rdquo; Tokyo&rsquo;yu ke\u015ffederken bir de kiraz a\u011fa&ccedil;lar\u0131n\u0131n a&ccedil;t\u0131\u011f\u0131 bu fantastik d&ouml;neme denk geldiyseniz, de\u011fmesinler keyfinize&hellip; Tokyo, sakura i&ccedil;in size onlarca destinasyon sunan bir zenginli\u011fe sahip. Hem \u015fehir d\u0131\u015f\u0131nda hem de festival zaman\u0131 kalabal\u0131klardan uzakla\u015fmak isteyenler i&ccedil;in \u015fehir d\u0131\u015f\u0131nda harika &ouml;neriler sunuyor.<\/p>\n<p><em><strong>Ne zaman?<\/strong><\/em> 27 Mart &#8211; 04 Nisan 2019<\/p>\n<p><em><strong>Nereye gitmeli?<\/strong> <\/em>Shinjuku Gyoen Park\u0131, Ueno Park\u0131, Chidorigafuchi Yolu, Sumida Park\u0131, Yoyogi Park\u0131, Asukayama Park\u0131, Megura Nehri, Inokashira Park\u0131, Koishikawa-K\u014drakuen Bah&ccedil;esi<\/p>\n<p><strong>\u015eehir d\u0131\u015f\u0131 rotalar:<\/strong> Showa Memorial Park\u0131, Koganei Park\u0131, Takao Da\u011f\u0131<\/p>\n<h4><strong>Osaka&nbsp;<\/strong><\/h4>\n<p style=\"text-align: center;\"><strong><img loading=\"lazy\" decoding=\"async\" class=\"alignnone size-full wp-image-3853\" src=\"https:\/\/www.julesverne.com.tr\/\/wp-content\/uploads\/2020\/09\/osaka.jpg\" width=\"827\" height=\"509\" alt=\"osaka\" srcset=\"https:\/\/julesverne.com.tr\/wp-content\/uploads\/2020\/09\/osaka.jpg 827w, https:\/\/julesverne.com.tr\/wp-content\/uploads\/2020\/09\/osaka-500x308.jpg 500w, https:\/\/julesverne.com.tr\/wp-content\/uploads\/2020\/09\/osaka-768x473.jpg 768w\" sizes=\"(max-width: 827px) 100vw, 827px\" \/><\/strong><\/p>\n<p>Japonya&rsquo;ya seyahat edenlerin, d&ouml;n&uuml;\u015fte favori \u015fehri haline gelen Osaka, ger&ccedil;ek bir s&uuml;rpriz \u015fehir. Kendine has dokusu, ya\u015fam stili ve zenginlikleriyle Tokyo ve Kyoto&rsquo;nun aras\u0131ndan s\u0131yr\u0131lan Osaka, otoyollar\u0131 ve g&ouml;kdelenlerle &ccedil;evrili kanyonu and\u0131ran caddeleriyle bilim kurgu filmlerini &ccedil;a\u011fr\u0131\u015ft\u0131rsa da sokaklar\u0131nda dola\u015fmaya ba\u015flad\u0131\u011f\u0131n\u0131zda bamba\u015fka bir havaya giriyorsunuz. Michelin y\u0131ld\u0131zl\u0131 restoranlar\u0131, yerel yemek k&uuml;lt&uuml;r&uuml;, birinci s\u0131n\u0131f m&uuml;zeleri, lokal butikleriyle ke\u015ffetmesi en keyifli Japon \u015fehri bize g&ouml;re!<\/p>\n<p><em><strong>Ne zaman?<\/strong> <\/em>28 Mart &#8211; 05 Nisan 2019<\/p>\n<p><em><strong>Nereye gitmeli?<\/strong><\/em> Kema Sakuranomiya Park\u0131, Osaka Kalesi, Expo 70 Hat\u0131ra Park\u0131, Osaka Nane B&uuml;rosu, Tsurumi Ryokuchi Park\u0131<\/p>\n<h4><strong>Kyoto<\/strong><\/h4>\n<p style=\"text-align: center;\"><strong><img loading=\"lazy\" decoding=\"async\" class=\"alignnone size-full wp-image-3854\" src=\"https:\/\/www.julesverne.com.tr\/\/wp-content\/uploads\/2020\/09\/kyoto.jpg\" width=\"999\" height=\"666\" alt=\"kyoto\" srcset=\"https:\/\/julesverne.com.tr\/wp-content\/uploads\/2020\/09\/kyoto.jpg 999w, https:\/\/julesverne.com.tr\/wp-content\/uploads\/2020\/09\/kyoto-500x333.jpg 500w, https:\/\/julesverne.com.tr\/wp-content\/uploads\/2020\/09\/kyoto-768x512.jpg 768w\" sizes=\"(max-width: 999px) 100vw, 999px\" \/><\/strong><\/p>\n<p>Gizemli yerlere yolculuk hissi uyand\u0131ran Kyoto, 1000 y\u0131l boyunca Japonya&#8217;ya ba\u015fkentlik etmi\u015f olmas\u0131yla zenginli\u011fi ve g&uuml;c&uuml;n&uuml; mimarisinden ya\u015fam al\u0131\u015fkanl\u0131klar\u0131na kadar her noktada ya\u015fatmaya devam ediyor. \u0130mparatorlu\u011fun izlerini ta\u015f\u0131yan Kyoto e\u015fsiz tap\u0131naklar\u0131, b&uuml;y&uuml;leyici bah&ccedil;eleri, geleneksel &ccedil;ay evleri ve Geisha b&ouml;lgesiyle belgeselden farks\u0131z.<\/p>\n<p><strong><em>Ne zaman?<\/em><\/strong> 30 Mart &#8211; 07 Nisan 2019<\/p>\n<p><em><strong>Nereye gitmeli?<\/strong> <\/em>Felsefe Yolu, Maruyama Park\u0131, Arashiyama B&ouml;lgesi, Heian Tap\u0131na\u011f\u0131, Okazaki Kanal\u0131, Keage E\u011fimi, Haradani-en Bah&ccedil;esi, Daigoji Tap\u0131na\u011f\u0131, Nijo Kalesi, Kyoto Botanik Bah&ccedil;esi<\/p>\n<h4><strong>Sendai<\/strong><\/h4>\n<p style=\"text-align: center;\"><strong><img loading=\"lazy\" decoding=\"async\" class=\"alignnone size-full wp-image-3855\" src=\"https:\/\/www.julesverne.com.tr\/\/wp-content\/uploads\/2020\/09\/sendai.jpg\" width=\"999\" height=\"562\" alt=\"sendai\" srcset=\"https:\/\/julesverne.com.tr\/wp-content\/uploads\/2020\/09\/sendai.jpg 999w, https:\/\/julesverne.com.tr\/wp-content\/uploads\/2020\/09\/sendai-500x281.jpg 500w, https:\/\/julesverne.com.tr\/wp-content\/uploads\/2020\/09\/sendai-768x432.jpg 768w, https:\/\/julesverne.com.tr\/wp-content\/uploads\/2020\/09\/sendai-400x225.jpg 400w\" sizes=\"(max-width: 999px) 100vw, 999px\" \/><\/strong><\/p>\n<p>1600&#8217;l&uuml; y\u0131llarda Japonya&#8217;n\u0131n en g&uuml;&ccedil;l&uuml; feodal beylerinden biri olan Masamune taraf\u0131ndan kurulan Sendai 2. D&uuml;nya Sava\u015f\u0131 s\u0131ras\u0131nda b&uuml;y&uuml;k zarar g&ouml;rm&uuml;\u015f. Sava\u015f sonras\u0131 yeniden d&uuml;zenlenen \u015fehir g&uuml;n&uuml;m&uuml;zde geni\u015f bulvarlar\u0131, modern planlamas\u0131 ve \u015fa\u015f\u0131rt\u0131c\u0131 derecede yo\u011fun alan ye\u015fil alanlar\u0131yla etkili!<\/p>\n<p><em><strong>Ne zaman?<\/strong><\/em> 10-18 Nisan 2019<\/p>\n<p><em><strong>Nereye gitmeli?<\/strong> <\/em>Mikamine Park\u0131, Tsutsujigaoka Park\u0131, Nishi Park\u0131<\/p>\n<p><em><strong>\u015eehir d\u0131\u015f\u0131 rotalar:<\/strong> <\/em>Saigyo Modoshi yok Matsu Park\u0131, Shiogama Tap\u0131na\u011f\u0131, Shiroishi Nehri kenar\u0131<\/p>\n<p style=\"text-align: center;\"><img loading=\"lazy\" decoding=\"async\" class=\"alignnone size-full wp-image-3856\" src=\"https:\/\/www.julesverne.com.tr\/\/wp-content\/uploads\/2020\/09\/tokyo.jpg\" width=\"999\" height=\"667\" alt=\"\" srcset=\"https:\/\/julesverne.com.tr\/wp-content\/uploads\/2020\/09\/tokyo.jpg 999w, https:\/\/julesverne.com.tr\/wp-content\/uploads\/2020\/09\/tokyo-500x334.jpg 500w, https:\/\/julesverne.com.tr\/wp-content\/uploads\/2020\/09\/tokyo-768x513.jpg 768w\" sizes=\"(max-width: 999px) 100vw, 999px\" \/><\/p>\n<h4 style=\"text-align: center;\"><strong>Size &ouml;zel seyahat program\u0131 ve rezervasyon i&ccedil;in:<\/strong><br \/><a href=\"mailto:travel@julesverne.com.tr\" target=\"_blank\" rel=\"noopener noreferrer\"><strong>travel@julesverne.com.tr<\/strong><\/a><br \/><strong>0212 266 6363 &#8211; 118<\/strong><\/h4>\n<\/p>\n<p><\/p>","protected":false},"excerpt":{"rendered":"<p>Bu y\u0131l 20 Mart &ndash; 06 Nisan tarihleri aras\u0131nda Japonya&rsquo;n\u0131n farkl\u0131 noktalar\u0131nda Sakura Festivali&rsquo;ni yakalayabilirsiniz.<\/p>\n","protected":false},"author":1,"featured_media":2075,"comment_status":"closed","ping_status":"closed","sticky":false,"template":"","format":"standard","meta":{"inline_featured_image":false,"footnotes":""},"categories":[1],"tags":[],"acf":[],"yoast_head":"<!-- This site is optimized with the Yoast SEO plugin v22.3 - https:\/\/yoast.com\/wordpress\/plugins\/seo\/ -->\n<title>Bu Y\u0131l Kiraz \u00c7i\u00e7eklerini Nerede ve Ne Zaman G\u00f6receksiniz? - JULES VERNE BUSINESS MICE TRAVEL<\/title>\n<meta name=\"description\" content=\"Kiraz \u00e7i\u00e7eklerinin her y\u0131l bahar aylar\u0131nda a\u00e7mas\u0131 ve dokundu\u011fu her yeri harikalar diyar\u0131na \u00e7evirdi\u011fi Sakura Festivali, her y\u0131l oldu\u011fu gibi bu y\u0131l da t\u00fcm Japonya&#039;da heyecanla bekleniyor.\" \/>\n<meta name=\"robots\" content=\"index, follow, max-snippet:-1, max-image-preview:large, max-video-preview:-1\" \/>\n<link rel=\"canonical\" href=\"https:\/\/julesverne.com.tr\/travel-blog\/bu-yil-kiraz-ciceklerini-nerede-ve-ne-zaman-goreceksiniz\/\" \/>\n<meta property=\"og:locale\" content=\"en_US\" \/>\n<meta property=\"og:type\" content=\"article\" \/>\n<meta property=\"og:title\" content=\"Bu Y\u0131l Kiraz \u00c7i\u00e7eklerini Nerede ve Ne Zaman G\u00f6receksiniz? - JULES VERNE BUSINESS MICE TRAVEL\" \/>\n<meta property=\"og:description\" content=\"Kiraz \u00e7i\u00e7eklerinin her y\u0131l bahar aylar\u0131nda a\u00e7mas\u0131 ve dokundu\u011fu her yeri harikalar diyar\u0131na \u00e7evirdi\u011fi Sakura Festivali, her y\u0131l oldu\u011fu gibi bu y\u0131l da t\u00fcm Japonya&#039;da heyecanla bekleniyor.\" \/>\n<meta property=\"og:url\" content=\"https:\/\/julesverne.com.tr\/travel-blog\/bu-yil-kiraz-ciceklerini-nerede-ve-ne-zaman-goreceksiniz\/\" \/>\n<meta property=\"og:site_name\" content=\"JULES VERNE BUSINESS MICE TRAVEL\" \/>\n<meta property=\"article:publisher\" content=\"https:\/\/www.facebook.com\/JulesVerneBusinessMiceTravel\/\" \/>\n<meta property=\"article:published_time\" content=\"2019-03-06T13:20:50+00:00\" \/>\n<meta property=\"article:modified_time\" content=\"2024-03-22T12:09:54+00:00\" \/>\n<meta property=\"og:image\" content=\"https:\/\/julesverne.com.tr\/wp-content\/uploads\/2020\/09\/tokyo_2.jpg\" \/>\n\t<meta property=\"og:image:width\" content=\"999\" \/>\n\t<meta property=\"og:image:height\" content=\"666\" \/>\n\t<meta property=\"og:image:type\" content=\"image\/jpeg\" \/>\n<meta name=\"author\" content=\"fikirman\" \/>\n<meta name=\"twitter:card\" content=\"summary_large_image\" \/>\n<meta name=\"twitter:creator\" content=\"@JV_BusinessMice\" \/>\n<meta name=\"twitter:site\" content=\"@JV_BusinessMice\" \/>\n<meta name=\"twitter:label1\" content=\"Written by\" \/>\n\t<meta name=\"twitter:data1\" content=\"fikirman\" \/>\n\t<meta name=\"twitter:label2\" content=\"Est. reading time\" \/>\n\t<meta name=\"twitter:data2\" content=\"6 minutes\" \/>\n<script type=\"application\/ld+json\" class=\"yoast-schema-graph\">{\"@context\":\"https:\/\/schema.org\",\"@graph\":[{\"@type\":\"Article\",\"@id\":\"https:\/\/julesverne.com.tr\/travel-blog\/bu-yil-kiraz-ciceklerini-nerede-ve-ne-zaman-goreceksiniz\/#article\",\"isPartOf\":{\"@id\":\"https:\/\/julesverne.com.tr\/travel-blog\/bu-yil-kiraz-ciceklerini-nerede-ve-ne-zaman-goreceksiniz\/\"},\"author\":{\"name\":\"fikirman\",\"@id\":\"https:\/\/julesverne.com.tr\/#\/schema\/person\/f4eb0514ae455538644c31b99a466fdb\"},\"headline\":\"Bu Y\u0131l Kiraz \u00c7i\u00e7eklerini Nerede ve Ne Zaman G\u00f6receksiniz?\",\"datePublished\":\"2019-03-06T13:20:50+00:00\",\"dateModified\":\"2024-03-22T12:09:54+00:00\",\"mainEntityOfPage\":{\"@id\":\"https:\/\/julesverne.com.tr\/travel-blog\/bu-yil-kiraz-ciceklerini-nerede-ve-ne-zaman-goreceksiniz\/\"},\"wordCount\":1542,\"publisher\":{\"@id\":\"https:\/\/julesverne.com.tr\/#organization\"},\"image\":{\"@id\":\"https:\/\/julesverne.com.tr\/travel-blog\/bu-yil-kiraz-ciceklerini-nerede-ve-ne-zaman-goreceksiniz\/#primaryimage\"},\"thumbnailUrl\":\"https:\/\/julesverne.com.tr\/wp-content\/uploads\/2020\/09\/tokyo_2.jpg\",\"articleSection\":[\"Blog\"],\"inLanguage\":\"en-US\"},{\"@type\":\"WebPage\",\"@id\":\"https:\/\/julesverne.com.tr\/travel-blog\/bu-yil-kiraz-ciceklerini-nerede-ve-ne-zaman-goreceksiniz\/\",\"url\":\"https:\/\/julesverne.com.tr\/travel-blog\/bu-yil-kiraz-ciceklerini-nerede-ve-ne-zaman-goreceksiniz\/\",\"name\":\"Bu Y\u0131l Kiraz \u00c7i\u00e7eklerini Nerede ve Ne Zaman G\u00f6receksiniz? - JULES VERNE BUSINESS MICE TRAVEL\",\"isPartOf\":{\"@id\":\"https:\/\/julesverne.com.tr\/#website\"},\"primaryImageOfPage\":{\"@id\":\"https:\/\/julesverne.com.tr\/travel-blog\/bu-yil-kiraz-ciceklerini-nerede-ve-ne-zaman-goreceksiniz\/#primaryimage\"},\"image\":{\"@id\":\"https:\/\/julesverne.com.tr\/travel-blog\/bu-yil-kiraz-ciceklerini-nerede-ve-ne-zaman-goreceksiniz\/#primaryimage\"},\"thumbnailUrl\":\"https:\/\/julesverne.com.tr\/wp-content\/uploads\/2020\/09\/tokyo_2.jpg\",\"datePublished\":\"2019-03-06T13:20:50+00:00\",\"dateModified\":\"2024-03-22T12:09:54+00:00\",\"description\":\"Kiraz \u00e7i\u00e7eklerinin her y\u0131l bahar aylar\u0131nda a\u00e7mas\u0131 ve dokundu\u011fu her yeri harikalar diyar\u0131na \u00e7evirdi\u011fi Sakura Festivali, her y\u0131l oldu\u011fu gibi bu y\u0131l da t\u00fcm Japonya'da heyecanla bekleniyor.\",\"breadcrumb\":{\"@id\":\"https:\/\/julesverne.com.tr\/travel-blog\/bu-yil-kiraz-ciceklerini-nerede-ve-ne-zaman-goreceksiniz\/#breadcrumb\"},\"inLanguage\":\"en-US\",\"potentialAction\":[{\"@type\":\"ReadAction\",\"target\":[\"https:\/\/julesverne.com.tr\/travel-blog\/bu-yil-kiraz-ciceklerini-nerede-ve-ne-zaman-goreceksiniz\/\"]}]},{\"@type\":\"ImageObject\",\"inLanguage\":\"en-US\",\"@id\":\"https:\/\/julesverne.com.tr\/travel-blog\/bu-yil-kiraz-ciceklerini-nerede-ve-ne-zaman-goreceksiniz\/#primaryimage\",\"url\":\"https:\/\/julesverne.com.tr\/wp-content\/uploads\/2020\/09\/tokyo_2.jpg\",\"contentUrl\":\"https:\/\/julesverne.com.tr\/wp-content\/uploads\/2020\/09\/tokyo_2.jpg\",\"width\":999,\"height\":666},{\"@type\":\"BreadcrumbList\",\"@id\":\"https:\/\/julesverne.com.tr\/travel-blog\/bu-yil-kiraz-ciceklerini-nerede-ve-ne-zaman-goreceksiniz\/#breadcrumb\",\"itemListElement\":[{\"@type\":\"ListItem\",\"position\":1,\"name\":\"Anasayfa\",\"item\":\"https:\/\/julesverne.com.tr\/\"},{\"@type\":\"ListItem\",\"position\":2,\"name\":\"Bu Y\u0131l Kiraz \u00c7i\u00e7eklerini Nerede ve Ne Zaman G\u00f6receksiniz?\"}]},{\"@type\":\"WebSite\",\"@id\":\"https:\/\/julesverne.com.tr\/#website\",\"url\":\"https:\/\/julesverne.com.tr\/\",\"name\":\"JULES VERNE BUSINESS MICE TRAVEL\",\"description\":\"\",\"publisher\":{\"@id\":\"https:\/\/julesverne.com.tr\/#organization\"},\"potentialAction\":[{\"@type\":\"SearchAction\",\"target\":{\"@type\":\"EntryPoint\",\"urlTemplate\":\"https:\/\/julesverne.com.tr\/?s={search_term_string}\"},\"query-input\":\"required name=search_term_string\"}],\"inLanguage\":\"en-US\"},{\"@type\":\"Organization\",\"@id\":\"https:\/\/julesverne.com.tr\/#organization\",\"name\":\"JULES VERNE BUSINESS MICE TRAVEL\",\"url\":\"https:\/\/julesverne.com.tr\/\",\"logo\":{\"@type\":\"ImageObject\",\"inLanguage\":\"en-US\",\"@id\":\"https:\/\/julesverne.com.tr\/#\/schema\/logo\/image\/\",\"url\":\"https:\/\/julesverne.com.tr\/wp-content\/uploads\/2020\/09\/jv-bmt-logo.png\",\"contentUrl\":\"https:\/\/julesverne.com.tr\/wp-content\/uploads\/2020\/09\/jv-bmt-logo.png\",\"width\":110,\"height\":81,\"caption\":\"JULES VERNE BUSINESS MICE TRAVEL\"},\"image\":{\"@id\":\"https:\/\/julesverne.com.tr\/#\/schema\/logo\/image\/\"},\"sameAs\":[\"https:\/\/www.facebook.com\/JulesVerneBusinessMiceTravel\/\",\"https:\/\/twitter.com\/JV_BusinessMice\",\"https:\/\/www.instagram.com\/julesvernebusinessmicetravel\/\",\"https:\/\/www.linkedin.com\/company\/julesvernebusinessmicetravel\/\",\"https:\/\/www.youtube.com\/channel\/UCAwdsmbZ6tFhu1tea6pkpiw\"]},{\"@type\":\"Person\",\"@id\":\"https:\/\/julesverne.com.tr\/#\/schema\/person\/f4eb0514ae455538644c31b99a466fdb\",\"name\":\"fikirman\",\"sameAs\":[\"http:\/\/advermedya.net\/julesverne\"],\"url\":\"https:\/\/julesverne.com.tr\/en\/author\/fikirman\/\"}]}<\/script>\n<!-- \/ Yoast SEO plugin. -->","yoast_head_json":{"title":"Bu Y\u0131l Kiraz \u00c7i\u00e7eklerini Nerede ve Ne Zaman G\u00f6receksiniz? - JULES VERNE BUSINESS MICE TRAVEL","description":"Kiraz \u00e7i\u00e7eklerinin her y\u0131l bahar aylar\u0131nda a\u00e7mas\u0131 ve dokundu\u011fu her yeri harikalar diyar\u0131na \u00e7evirdi\u011fi Sakura Festivali, her y\u0131l oldu\u011fu gibi bu y\u0131l da t\u00fcm Japonya'da heyecanla bekleniyor.","robots":{"index":"index","follow":"follow","max-snippet":"max-snippet:-1","max-image-preview":"max-image-preview:large","max-video-preview":"max-video-preview:-1"},"canonical":"https:\/\/julesverne.com.tr\/travel-blog\/bu-yil-kiraz-ciceklerini-nerede-ve-ne-zaman-goreceksiniz\/","og_locale":"en_US","og_type":"article","og_title":"Bu Y\u0131l Kiraz \u00c7i\u00e7eklerini Nerede ve Ne Zaman G\u00f6receksiniz? - JULES VERNE BUSINESS MICE TRAVEL","og_description":"Kiraz \u00e7i\u00e7eklerinin her y\u0131l bahar aylar\u0131nda a\u00e7mas\u0131 ve dokundu\u011fu her yeri harikalar diyar\u0131na \u00e7evirdi\u011fi Sakura Festivali, her y\u0131l oldu\u011fu gibi bu y\u0131l da t\u00fcm Japonya'da heyecanla bekleniyor.","og_url":"https:\/\/julesverne.com.tr\/travel-blog\/bu-yil-kiraz-ciceklerini-nerede-ve-ne-zaman-goreceksiniz\/","og_site_name":"JULES VERNE BUSINESS MICE TRAVEL","article_publisher":"https:\/\/www.facebook.com\/JulesVerneBusinessMiceTravel\/","article_published_time":"2019-03-06T13:20:50+00:00","article_modified_time":"2024-03-22T12:09:54+00:00","og_image":[{"width":999,"height":666,"url":"https:\/\/julesverne.com.tr\/wp-content\/uploads\/2020\/09\/tokyo_2.jpg","type":"image\/jpeg"}],"author":"fikirman","twitter_card":"summary_large_image","twitter_creator":"@JV_BusinessMice","twitter_site":"@JV_BusinessMice","twitter_misc":{"Written by":"fikirman","Est. reading time":"6 minutes"},"schema":{"@context":"https:\/\/schema.org","@graph":[{"@type":"Article","@id":"https:\/\/julesverne.com.tr\/travel-blog\/bu-yil-kiraz-ciceklerini-nerede-ve-ne-zaman-goreceksiniz\/#article","isPartOf":{"@id":"https:\/\/julesverne.com.tr\/travel-blog\/bu-yil-kiraz-ciceklerini-nerede-ve-ne-zaman-goreceksiniz\/"},"author":{"name":"fikirman","@id":"https:\/\/julesverne.com.tr\/#\/schema\/person\/f4eb0514ae455538644c31b99a466fdb"},"headline":"Bu Y\u0131l Kiraz \u00c7i\u00e7eklerini Nerede ve Ne Zaman G\u00f6receksiniz?","datePublished":"2019-03-06T13:20:50+00:00","dateModified":"2024-03-22T12:09:54+00:00","mainEntityOfPage":{"@id":"https:\/\/julesverne.com.tr\/travel-blog\/bu-yil-kiraz-ciceklerini-nerede-ve-ne-zaman-goreceksiniz\/"},"wordCount":1542,"publisher":{"@id":"https:\/\/julesverne.com.tr\/#organization"},"image":{"@id":"https:\/\/julesverne.com.tr\/travel-blog\/bu-yil-kiraz-ciceklerini-nerede-ve-ne-zaman-goreceksiniz\/#primaryimage"},"thumbnailUrl":"https:\/\/julesverne.com.tr\/wp-content\/uploads\/2020\/09\/tokyo_2.jpg","articleSection":["Blog"],"inLanguage":"en-US"},{"@type":"WebPage","@id":"https:\/\/julesverne.com.tr\/travel-blog\/bu-yil-kiraz-ciceklerini-nerede-ve-ne-zaman-goreceksiniz\/","url":"https:\/\/julesverne.com.tr\/travel-blog\/bu-yil-kiraz-ciceklerini-nerede-ve-ne-zaman-goreceksiniz\/","name":"Bu Y\u0131l Kiraz \u00c7i\u00e7eklerini Nerede ve Ne Zaman G\u00f6receksiniz? - JULES VERNE BUSINESS MICE TRAVEL","isPartOf":{"@id":"https:\/\/julesverne.com.tr\/#website"},"primaryImageOfPage":{"@id":"https:\/\/julesverne.com.tr\/travel-blog\/bu-yil-kiraz-ciceklerini-nerede-ve-ne-zaman-goreceksiniz\/#primaryimage"},"image":{"@id":"https:\/\/julesverne.com.tr\/travel-blog\/bu-yil-kiraz-ciceklerini-nerede-ve-ne-zaman-goreceksiniz\/#primaryimage"},"thumbnailUrl":"https:\/\/julesverne.com.tr\/wp-content\/uploads\/2020\/09\/tokyo_2.jpg","datePublished":"2019-03-06T13:20:50+00:00","dateModified":"2024-03-22T12:09:54+00:00","description":"Kiraz \u00e7i\u00e7eklerinin her y\u0131l bahar aylar\u0131nda a\u00e7mas\u0131 ve dokundu\u011fu her yeri harikalar diyar\u0131na \u00e7evirdi\u011fi Sakura Festivali, her y\u0131l oldu\u011fu gibi bu y\u0131l da t\u00fcm Japonya'da heyecanla bekleniyor.","breadcrumb":{"@id":"https:\/\/julesverne.com.tr\/travel-blog\/bu-yil-kiraz-ciceklerini-nerede-ve-ne-zaman-goreceksiniz\/#breadcrumb"},"inLanguage":"en-US","potentialAction":[{"@type":"ReadAction","target":["https:\/\/julesverne.com.tr\/travel-blog\/bu-yil-kiraz-ciceklerini-nerede-ve-ne-zaman-goreceksiniz\/"]}]},{"@type":"ImageObject","inLanguage":"en-US","@id":"https:\/\/julesverne.com.tr\/travel-blog\/bu-yil-kiraz-ciceklerini-nerede-ve-ne-zaman-goreceksiniz\/#primaryimage","url":"https:\/\/julesverne.com.tr\/wp-content\/uploads\/2020\/09\/tokyo_2.jpg","contentUrl":"https:\/\/julesverne.com.tr\/wp-content\/uploads\/2020\/09\/tokyo_2.jpg","width":999,"height":666},{"@type":"BreadcrumbList","@id":"https:\/\/julesverne.com.tr\/travel-blog\/bu-yil-kiraz-ciceklerini-nerede-ve-ne-zaman-goreceksiniz\/#breadcrumb","itemListElement":[{"@type":"ListItem","position":1,"name":"Anasayfa","item":"https:\/\/julesverne.com.tr\/"},{"@type":"ListItem","position":2,"name":"Bu Y\u0131l Kiraz \u00c7i\u00e7eklerini Nerede ve Ne Zaman G\u00f6receksiniz?"}]},{"@type":"WebSite","@id":"https:\/\/julesverne.com.tr\/#website","url":"https:\/\/julesverne.com.tr\/","name":"JULES VERNE BUSINESS MICE TRAVEL","description":"","publisher":{"@id":"https:\/\/julesverne.com.tr\/#organization"},"potentialAction":[{"@type":"SearchAction","target":{"@type":"EntryPoint","urlTemplate":"https:\/\/julesverne.com.tr\/?s={search_term_string}"},"query-input":"required name=search_term_string"}],"inLanguage":"en-US"},{"@type":"Organization","@id":"https:\/\/julesverne.com.tr\/#organization","name":"JULES VERNE BUSINESS MICE TRAVEL","url":"https:\/\/julesverne.com.tr\/","logo":{"@type":"ImageObject","inLanguage":"en-US","@id":"https:\/\/julesverne.com.tr\/#\/schema\/logo\/image\/","url":"https:\/\/julesverne.com.tr\/wp-content\/uploads\/2020\/09\/jv-bmt-logo.png","contentUrl":"https:\/\/julesverne.com.tr\/wp-content\/uploads\/2020\/09\/jv-bmt-logo.png","width":110,"height":81,"caption":"JULES VERNE BUSINESS MICE TRAVEL"},"image":{"@id":"https:\/\/julesverne.com.tr\/#\/schema\/logo\/image\/"},"sameAs":["https:\/\/www.facebook.com\/JulesVerneBusinessMiceTravel\/","https:\/\/twitter.com\/JV_BusinessMice","https:\/\/www.instagram.com\/julesvernebusinessmicetravel\/","https:\/\/www.linkedin.com\/company\/julesvernebusinessmicetravel\/","https:\/\/www.youtube.com\/channel\/UCAwdsmbZ6tFhu1tea6pkpiw"]},{"@type":"Person","@id":"https:\/\/julesverne.com.tr\/#\/schema\/person\/f4eb0514ae455538644c31b99a466fdb","name":"fikirman","sameAs":["http:\/\/advermedya.net\/julesverne"],"url":"https:\/\/julesverne.com.tr\/en\/author\/fikirman\/"}]}},"_links":{"self":[{"href":"https:\/\/julesverne.com.tr\/en\/wp-json\/wp\/v2\/posts\/2074"}],"collection":[{"href":"https:\/\/julesverne.com.tr\/en\/wp-json\/wp\/v2\/posts"}],"about":[{"href":"https:\/\/julesverne.com.tr\/en\/wp-json\/wp\/v2\/types\/post"}],"author":[{"embeddable":true,"href":"https:\/\/julesverne.com.tr\/en\/wp-json\/wp\/v2\/users\/1"}],"replies":[{"embeddable":true,"href":"https:\/\/julesverne.com.tr\/en\/wp-json\/wp\/v2\/comments?post=2074"}],"version-history":[{"count":1,"href":"https:\/\/julesverne.com.tr\/en\/wp-json\/wp\/v2\/posts\/2074\/revisions"}],"predecessor-version":[{"id":17044,"href":"https:\/\/julesverne.com.tr\/en\/wp-json\/wp\/v2\/posts\/2074\/revisions\/17044"}],"wp:featuredmedia":[{"embeddable":true,"href":"https:\/\/julesverne.com.tr\/en\/wp-json\/wp\/v2\/media\/2075"}],"wp:attachment":[{"href":"https:\/\/julesverne.com.tr\/en\/wp-json\/wp\/v2\/media?parent=2074"}],"wp:term":[{"taxonomy":"category","embeddable":true,"href":"https:\/\/julesverne.com.tr\/en\/wp-json\/wp\/v2\/categories?post=2074"},{"taxonomy":"post_tag","embeddable":true,"href":"https:\/\/julesverne.com.tr\/en\/wp-json\/wp\/v2\/tags?post=2074"}],"curies":[{"name":"wp","href":"https:\/\/api.w.org\/{rel}","templated":true}]}}