{"id":2070,"date":"2019-02-27T16:07:05","date_gmt":"2019-02-27T13:07:05","guid":{"rendered":"https:\/\/www.julesverne.com.tr\/\/blog\/mart-ayinin-en-keyifli-destinasyonlari\/"},"modified":"2024-03-22T15:11:15","modified_gmt":"2024-03-22T12:11:15","slug":"mart-ayinin-en-keyifli-destinasyonlari","status":"publish","type":"post","link":"https:\/\/julesverne.com.tr\/en\/travel-blog\/mart-ayinin-en-keyifli-destinasyonlari\/","title":{"rendered":"Mart Ay\u0131n\u0131n En Keyifli Destinasyonlar\u0131"},"content":{"rendered":"<p><\/p>\n<p><p style=\"text-align: center;\"><img loading=\"lazy\" decoding=\"async\" class=\"alignnone size-full wp-image-3863\" src=\"https:\/\/www.julesverne.com.tr\/\/wp-content\/uploads\/2020\/09\/rio-1.jpg\" width=\"990\" height=\"625\" alt=\"rio de janeiro\" srcset=\"https:\/\/julesverne.com.tr\/wp-content\/uploads\/2020\/09\/rio-1.jpg 990w, https:\/\/julesverne.com.tr\/wp-content\/uploads\/2020\/09\/rio-1-500x316.jpg 500w, https:\/\/julesverne.com.tr\/wp-content\/uploads\/2020\/09\/rio-1-768x485.jpg 768w\" sizes=\"(max-width: 990px) 100vw, 990px\" \/><\/p>\n<p>Bir yar\u0131m k&uuml;rede k\u0131\u015f rehavetini geride b\u0131rakt\u0131\u011f\u0131m\u0131z, bir yar\u0131m k&uuml;rede ise y&uuml;ksek sezonun kalabal\u0131\u011f\u0131ndan s\u0131yr\u0131ld\u0131\u011f\u0131m\u0131z en g&uuml;zel Mart ay\u0131&#8230; Kuzey yar\u0131mk&uuml;rede kayak g&uuml;nlerinin son g&uuml;zel g&uuml;nleriyle birlikte &ccedil;i&ccedil;ek a&ccedil;maya ba\u015flayan bah&ccedil;eler; g&uuml;ney yar\u0131mk&uuml;rede ise sonbahar\u0131n g&uuml;zel esintileri, sakinle\u015fen ke\u015fif rotalar\u0131&#8230;&nbsp;Karnaval co\u015fkusunun t&uuml;m sokaklar\u0131 sard\u0131\u011f\u0131 Rio de Janeiro&#8217;dan&nbsp;d&uuml;nyan\u0131n en ya\u015fanabilir \u015fehirlerinden Melbourne&#8217;e,&nbsp;Nil Nehri &uuml;zerinde masals\u0131 bir yolculuktan portakal a\u011fa&ccedil;lar\u0131n\u0131n \u015fehri Valencia, son karl\u0131 g&uuml;nlerin zirvesi Tignes&#8217;den Himalayalar&rsquo;\u0131n cazip &uuml;lkesi Nepal&rsquo;e uzanan Mart seyahat rehberi&#8230;<\/p>\n<p class=\"MsoNormal\"><strong>Rio de Janeiro, Brezilya<\/strong><\/p>\n<p class=\"MsoNormal\" style=\"text-align: center;\"><strong><img loading=\"lazy\" decoding=\"async\" class=\"alignnone size-full wp-image-3864\" src=\"https:\/\/www.julesverne.com.tr\/\/wp-content\/uploads\/2020\/09\/rio_carnival.jpg\" width=\"1200\" height=\"800\" alt=\"rio karnaval\u0131 jules verne travel\" srcset=\"https:\/\/julesverne.com.tr\/wp-content\/uploads\/2020\/09\/rio_carnival.jpg 1200w, https:\/\/julesverne.com.tr\/wp-content\/uploads\/2020\/09\/rio_carnival-500x333.jpg 500w, https:\/\/julesverne.com.tr\/wp-content\/uploads\/2020\/09\/rio_carnival-768x512.jpg 768w\" sizes=\"(max-width: 1200px) 100vw, 1200px\" \/><\/strong><\/p>\n<p class=\"MsoNormal\">Tropikal ya\u011fmur ormanlar\u0131, &ccedil;arp\u0131c\u0131 da\u011f silsileleri,<span style=\"mso-spacerun: yes;\">&nbsp; <\/span>&uuml;nl&uuml; plajlar\u0131 ve hi&ccedil; bitmek t&uuml;kenmeyen enerjisiyle &uuml;nl&uuml; Rio de Janeiro d&uuml;nyan\u0131n en e\u015fsiz manzaralar\u0131 ve ya\u015fam deneyimlerine sahip olabilir. Bu dinamik \u015fehir \u0131l\u0131man iklimiyle y\u0131l boyunca ke\u015ffetmek i&ccedil;in cazip olsa da neden Mart ay\u0131n\u0131 &ouml;nerdi\u011fimizin cevab\u0131n\u0131 asl\u0131nda hepimiz biliyoruz: Rio Karnaval\u0131. Bu y\u0131l 01-09 Mart tarihlerinde ger&ccedil;ekle\u015fecek olan ikonik karnaval boyunca \u015fehir ger&ccedil;ek bir m&uuml;zikale d&ouml;n&uuml;\u015f&uuml;yor.<\/p>\n<p class=\"MsoNormal\"><strong>Agrigento, Sicilya<\/strong><\/p>\n<p class=\"MsoNormal\" style=\"text-align: center;\"><strong><img loading=\"lazy\" decoding=\"async\" class=\"alignnone size-full wp-image-3865\" src=\"https:\/\/www.julesverne.com.tr\/\/wp-content\/uploads\/2020\/09\/Agrigento.jpg\" width=\"990\" height=\"660\" alt=\"Agrigento jules verne travel\" srcset=\"https:\/\/julesverne.com.tr\/wp-content\/uploads\/2020\/09\/Agrigento.jpg 990w, https:\/\/julesverne.com.tr\/wp-content\/uploads\/2020\/09\/Agrigento-500x333.jpg 500w, https:\/\/julesverne.com.tr\/wp-content\/uploads\/2020\/09\/Agrigento-768x512.jpg 768w\" sizes=\"(max-width: 990px) 100vw, 990px\" \/><\/strong><\/p>\n<p class=\"MsoNormal\">Sicilya&rsquo;n\u0131n en eski \u015fehirlerinden biri olan Agrigento &uuml;n&uuml;n&uuml; antik Yunan tap\u0131naklar\u0131na bor&ccedil;lu! &Uuml;nl&uuml; oyun yazar\u0131 Luigi Pirandello&#8217;nun da do\u011fum yeri olan Agrigento k&uuml;lt&uuml;r&uuml;n, mimarinin hi&ccedil; solmadan ye\u015ferdi\u011fi bereketli topraklar gibi! &#8220;Tap\u0131naklar Vadisi&#8221; olarak bilinen arkeolojik alanda Magna Graecia sanat\u0131n\u0131n ve mimarisinin en iyi &ouml;rneklerini g&ouml;rebilirsiniz. Tanr\u0131 ve tanr\u0131&ccedil;alar\u0131n muazzam tap\u0131naklar\u0131, surlar\u0131 ve mabetleriyle dolu olan Tap\u0131naklar Vadisi, Sicilya&#8217;n\u0131n en &ouml;nemli ziyaret noktalar\u0131ndan biri.<\/p>\n<p class=\"MsoNormal\"><strong>Valencia, \u0130spanya<\/strong><\/p>\n<p class=\"MsoNormal\" style=\"text-align: center;\"><strong><img loading=\"lazy\" decoding=\"async\" class=\"alignnone size-full wp-image-3866\" src=\"https:\/\/www.julesverne.com.tr\/\/wp-content\/uploads\/2020\/09\/las_fallas_valencia.jpg\" width=\"990\" height=\"556\" alt=\"las fallas valencia jules verne travel\" srcset=\"https:\/\/julesverne.com.tr\/wp-content\/uploads\/2020\/09\/las_fallas_valencia.jpg 990w, https:\/\/julesverne.com.tr\/wp-content\/uploads\/2020\/09\/las_fallas_valencia-500x281.jpg 500w, https:\/\/julesverne.com.tr\/wp-content\/uploads\/2020\/09\/las_fallas_valencia-768x431.jpg 768w, https:\/\/julesverne.com.tr\/wp-content\/uploads\/2020\/09\/las_fallas_valencia-400x225.jpg 400w\" sizes=\"(max-width: 990px) 100vw, 990px\" \/><\/strong><\/p>\n<p class=\"MsoNormal\">\u0130spanya&#8217;n\u0131n do\u011fu k\u0131y\u0131s\u0131nda yer alan liman kenti Valencia &uuml;lkenin &uuml;&ccedil;&uuml;nc&uuml; b&uuml;y&uuml;k \u015fehri. Paella&#8217;n\u0131n do\u011fum yeri olan Valencia&#8217;da geleneksel yeme\u011finden &ccedil;ok daha fazlas\u0131 var. Yeni k&uuml;lt&uuml;rel mek&acirc;nlar\u0131, gece hayat\u0131 ve al\u0131\u015fveri\u015f caddeleriyle sizi harekete ge&ccedil;iren bir enerjisi var. Tasar\u0131m ve mimaride cesaret gerektiren i\u015flerle &ccedil;a\u011fda\u015f \u0130spanya&#8217;n\u0131n &ouml;z&uuml;n&uuml; temsil eden Valencia gelenekleri ile ya\u015famaya da devam ediyor. Her Mart ay\u0131nda kutlanan Las Fallas Festivali ise bu \u015fehri bir masal diyar\u0131na &ccedil;eviriyor. G&ouml;steri\u015fli heykeller Valencia&#8217;n\u0131n farkl\u0131 noktalar\u0131nda sahneleniyor. Festival, bu y\u0131l 15-19 Mart&#8217;ta ger&ccedil;ekle\u015fecek.<\/p>\n<p class=\"MsoNormal\"><strong>Uyuni, Bolivia<\/strong><\/p>\n<p class=\"MsoNormal\" style=\"text-align: center;\"><strong><img loading=\"lazy\" decoding=\"async\" class=\"alignnone size-full wp-image-3867\" src=\"https:\/\/www.julesverne.com.tr\/\/wp-content\/uploads\/2020\/09\/uyuni.jpg\" width=\"990\" height=\"658\" alt=\"Uyuni, Bolivia jules verne travel\" srcset=\"https:\/\/julesverne.com.tr\/wp-content\/uploads\/2020\/09\/uyuni.jpg 990w, https:\/\/julesverne.com.tr\/wp-content\/uploads\/2020\/09\/uyuni-500x332.jpg 500w, https:\/\/julesverne.com.tr\/wp-content\/uploads\/2020\/09\/uyuni-768x510.jpg 768w\" sizes=\"(max-width: 990px) 100vw, 990px\" \/><\/strong><\/p>\n<p class=\"MsoNormal\">&#8220;D&uuml;nyan\u0131n &ccedil;at\u0131s\u0131&#8221; olarak bilinen ve ba\u015f d&ouml;nd&uuml;ren irtifalara sahip farkl\u0131 b&ouml;lgeleri ile &uuml;nl&uuml; Bolivya ger&ccedil;ekten tezatlar &uuml;lkesi. Uzun y\u0131llar \u0130spanyol s&ouml;m&uuml;rgesi olan Bolivya&#8217;da bug&uuml;n bile \u0130spanyol mimari ve k&uuml;lt&uuml;rel de\u011ferlerin izlerini g&ouml;rmek m&uuml;mk&uuml;n. D&uuml;nyan\u0131n en y&uuml;ksek ba\u015fkenti La Paz&#8217;dan otantik And k&uuml;lt&uuml;r&uuml;ne uzanan \u015fa\u015f\u0131rt\u0131c\u0131 ve s&uuml;rprizlerle dolu olan bu &uuml;lkede bahsedilecek onlarca g&uuml;zellik olsa da biz bu kez d&uuml;nyan\u0131n en b&uuml;y&uuml;k tuz g&ouml;llerinden biri olan Salar de Uyuni&#8217;ye odaklan\u0131yoruz. Muhte\u015fem ve do\u011fa&uuml;st&uuml; bir manzara sunan tuz g&ouml;l&uuml;nde Aral\u0131k-Mart aylar\u0131 aras\u0131nda g&uuml;ne\u015f \u0131\u015f\u0131nlar\u0131n\u0131n harika yans\u0131malar\u0131 sayesinde s&uuml;per foto\u011fraflar &ccedil;ekebilirsiniz. G&uuml;n bat\u0131m\u0131 manzaralar\u0131n\u0131n da paha bi&ccedil;ilemez oldu\u011funun alt\u0131n\u0131 &ccedil;izelim.<\/p>\n<p class=\"MsoNormal\"><strong>Melbourne, Avustralya<\/strong><\/p>\n<p class=\"MsoNormal\" style=\"text-align: center;\"><strong><img loading=\"lazy\" decoding=\"async\" class=\"alignnone size-full wp-image-3868\" src=\"https:\/\/www.julesverne.com.tr\/\/wp-content\/uploads\/2020\/09\/melbourne.jpg\" width=\"990\" height=\"660\" alt=\"Melbourne jules verne travel\" srcset=\"https:\/\/julesverne.com.tr\/wp-content\/uploads\/2020\/09\/melbourne.jpg 990w, https:\/\/julesverne.com.tr\/wp-content\/uploads\/2020\/09\/melbourne-500x333.jpg 500w, https:\/\/julesverne.com.tr\/wp-content\/uploads\/2020\/09\/melbourne-768x512.jpg 768w\" sizes=\"(max-width: 990px) 100vw, 990px\" \/><\/strong><\/p>\n<p class=\"MsoNormal\">Avustralya&rsquo;n\u0131n Victoria eyaletinin ba\u015fkenti olan Melbourne, her zaman d&uuml;nyan\u0131n en ya\u015fanabilir \u015fehirlerini s\u0131ralayan listelerin ba\u015f\u0131nda g&ouml;r&uuml;n&uuml;yor. Verimlili\u011fi, temizli\u011fi, d&uuml;zeni ve g&uuml;venli ya\u015fam\u0131yla &#8220;mutlu aile tablosu&#8221;nun ba\u015fkahraman\u0131 gibi. K\u0131y\u0131 kenti olmas\u0131 sayesinde sahip oldu\u011fu g&uuml;zel iklimi, m&uuml;zeleri, galerileri, mimari yap\u0131lar\u0131, butik kitap&ccedil;\u0131lar\u0131, kafeleri, ikonik m&uuml;zik mekanlar\u0131yla sanat-k&uuml;lt&uuml;r ve gurme d&uuml;nyas\u0131nda giderek y\u0131ld\u0131zla\u015f\u0131yor. Mart ay\u0131 bu \u015fehir i&ccedil;in festival zaman\u0131! Avustralya&rsquo;n\u0131n en b&uuml;y&uuml;k &uuml;cretsiz topluluk festivali olan Moomba 8-11 Mart tarihlerinde d&uuml;zenleniyor. Melbourne mutfak sahnesinin ne kadar g&uuml;&ccedil;l&uuml; ve yenilik&ccedil;i oldu\u011funu kan\u0131tlayan Melbourne Food and Wine Festival ise 8-24 Mart tarihlerinde ger&ccedil;ekle\u015fiyor. Son olarak, Melbourne International Comedy Festival ise 27 Mart&#8217;ta ba\u015fl\u0131yor.<\/p>\n<p class=\"MsoNormal\"><strong>Fez &#8211; Essaouira, Fas<\/strong><\/p>\n<p class=\"MsoNormal\" style=\"text-align: center;\"><strong><img loading=\"lazy\" decoding=\"async\" class=\"alignnone size-full wp-image-3869\" src=\"https:\/\/www.julesverne.com.tr\/\/wp-content\/uploads\/2020\/09\/essaouira_morocco.jpg\" width=\"990\" height=\"657\" alt=\"essaouira marake\u015f jules verne travel\" srcset=\"https:\/\/julesverne.com.tr\/wp-content\/uploads\/2020\/09\/essaouira_morocco.jpg 990w, https:\/\/julesverne.com.tr\/wp-content\/uploads\/2020\/09\/essaouira_morocco-500x332.jpg 500w, https:\/\/julesverne.com.tr\/wp-content\/uploads\/2020\/09\/essaouira_morocco-768x510.jpg 768w\" sizes=\"(max-width: 990px) 100vw, 990px\" \/><\/strong><\/p>\n<p class=\"MsoNormal\">Marake\u015f&#8217;ten bile daha b&uuml;y&uuml;k olan \u0130mparatorluk \u015fehri Fez ayn\u0131 zamanda otantik &ccedil;ekicilik dedi\u011finizde Marake\u015f&#8217;le yar\u0131\u015facak bir ambiyansa sahip. Ola\u011fan&uuml;st&uuml; bir restorasyon projesi ile eski binalara yeniden hayat verildi\u011finden beri bu sofistik \u015fehri ke\u015ffetmek &ccedil;ok daha keyifli. <br \/> Fas&#8217;\u0131n ba\u015fka bir g&ouml;zde destinasyonu ise Atlantik k\u0131y\u0131lar\u0131na yay\u0131lan Essaouira kartpostal gibi bir g&ouml;r&uuml;nt&uuml; sunuyor. Marake\u015f&#8217;le yar\u0131\u015facak ambiyans\u0131 ve otantik ya\u015fam tarz\u0131yla birlikte Atlantik k\u0131y\u0131s\u0131n\u0131n avantajlar\u0131ndan faydalanan s&ouml;rf&ccedil;&uuml;lerin de g&ouml;zde rotas\u0131.<br \/> Fas&#8217;a gitmeyi d&uuml;\u015f&uuml;n&uuml;yorsan\u0131z Kazablanka-Fez veya Marake\u015f-Essaouira rotas\u0131n\u0131 yapabilirsiniz.<\/p>\n<p class=\"MsoNormal\"><strong>Mozambik<\/strong><\/p>\n<p class=\"MsoNormal\" style=\"text-align: center;\"><strong><img loading=\"lazy\" decoding=\"async\" class=\"alignnone size-full wp-image-3870\" src=\"https:\/\/www.julesverne.com.tr\/\/wp-content\/uploads\/2020\/09\/gorongosa.jpg\" width=\"1100\" height=\"701\" alt=\"gorongosa national park jules verne travel\" srcset=\"https:\/\/julesverne.com.tr\/wp-content\/uploads\/2020\/09\/gorongosa.jpg 1100w, https:\/\/julesverne.com.tr\/wp-content\/uploads\/2020\/09\/gorongosa-500x319.jpg 500w, https:\/\/julesverne.com.tr\/wp-content\/uploads\/2020\/09\/gorongosa-768x489.jpg 768w\" sizes=\"(max-width: 1100px) 100vw, 1100px\" \/><\/strong><\/p>\n<p class=\"MsoNormal\">Afrika&#8217;y\u0131 en iyi \u015fekilde sembolize eden co\u015fkun \u015felaleleri ve g&ouml;zde vah\u015fi ya\u015fam alanlar\u0131ndan mahrum kalsa da Mozambik, hala ke\u015ffedilmeyi hak ediyor. Mozambik&#8217;in merkezinde yer alan ve safari i&ccedil;in ger&ccedil;ek bir cennet olan Gorongosa National Park Afrika&#8217;n\u0131n vah\u015fi ya\u015fam deneyimini ya\u015fat\u0131yor. 2010 y\u0131l\u0131nda National Geographic filminde &#8220;Afrika&#8217;n\u0131n Kay\u0131p Cenneti&#8221; olarak adland\u0131r\u0131lan ulusal park d\u0131\u015f\u0131nda \u0130bo Adas\u0131&#8217;n\u0131n Portekiz s&ouml;m&uuml;rge ruhunu ya\u015famak i&ccedil;in bu macera dolu rotaya &ccedil;\u0131kmal\u0131s\u0131n\u0131z.<\/p>\n<p class=\"MsoNormal\"><strong>Nepal<\/strong><\/p>\n<p class=\"MsoNormal\" style=\"text-align: center;\"><strong><img loading=\"lazy\" decoding=\"async\" class=\"alignnone size-full wp-image-3871\" src=\"https:\/\/www.julesverne.com.tr\/\/wp-content\/uploads\/2020\/09\/nepal.jpg\" width=\"990\" height=\"661\" alt=\"nepal jules verne travel\" srcset=\"https:\/\/julesverne.com.tr\/wp-content\/uploads\/2020\/09\/nepal.jpg 990w, https:\/\/julesverne.com.tr\/wp-content\/uploads\/2020\/09\/nepal-500x334.jpg 500w, https:\/\/julesverne.com.tr\/wp-content\/uploads\/2020\/09\/nepal-768x513.jpg 768w\" sizes=\"(max-width: 990px) 100vw, 990px\" \/><\/strong><\/p>\n<p class=\"MsoNormal\">Nepal&#8217;de Himalayalar cazibesini ya\u015famak i&ccedil;in bahar aylar\u0131 harika zamanlama! Y&uuml;ksek da\u011flar\u0131nda a&ccedil;\u0131lan &ccedil;i&ccedil;ekler, kuru ve berrak havas\u0131n\u0131n sundu\u011fu manzaralar, \u0131l\u0131k ancak sizi terletmeyen hava s\u0131cakl\u0131\u011f\u0131 ile maceraperestler i&ccedil;in hareket zaman\u0131! &#8220;Ben t\u0131rman\u0131\u015f de\u011fil k&uuml;lt&uuml;rel deneyim pe\u015findeyim&#8221; diyorsan\u0131z o zaman sizi &uuml;lkenin k&uuml;lt&uuml;rel merkezi Kathmandu&#8217;ya davet ediyoruz. 2015 y\u0131l\u0131nda ya\u015fanan depremin yaratt\u0131\u011f\u0131 hasardan sonra restore edilen ve bug&uuml;n ge&ccedil;mi\u015ften daha g&ouml;z al\u0131c\u0131 duran tap\u0131naklar\u0131, dua bayraklar\u0131n\u0131 ve g&ouml;rkemli saraylar\u0131 g&ouml;rebilirsiniz.<\/p>\n<p class=\"MsoNormal\"><strong>Tignes, Fransa<\/strong><\/p>\n<p class=\"MsoNormal\" style=\"text-align: center;\"><strong><img loading=\"lazy\" decoding=\"async\" class=\"alignnone size-full wp-image-3872\" src=\"https:\/\/www.julesverne.com.tr\/\/wp-content\/uploads\/2020\/09\/tignes.jpeg\" width=\"990\" height=\"660\" alt=\"tignes jules verne travel\" srcset=\"https:\/\/julesverne.com.tr\/wp-content\/uploads\/2020\/09\/tignes.jpeg 990w, https:\/\/julesverne.com.tr\/wp-content\/uploads\/2020\/09\/tignes-500x333.jpeg 500w, https:\/\/julesverne.com.tr\/wp-content\/uploads\/2020\/09\/tignes-768x512.jpeg 768w\" sizes=\"(max-width: 990px) 100vw, 990px\" \/><\/strong><\/p>\n<p class=\"MsoNormal\">K\u0131skan\u0131lacak kar &ouml;rt&uuml;s&uuml;n&uuml;n, etkileyici manzaralar\u0131n ve y\u0131l\u0131n en uzun s&uuml;ren mevsiminin birle\u015fimiyle Tignes, Fransa&#8217;n\u0131n en g&uuml;venilir k\u0131\u015f destinasyonlar\u0131ndan birine d&ouml;n&uuml;\u015f&uuml;yor. Kayak sezonunun hi&ccedil; bitmedi\u011fi hissini uyand\u0131ran Tignes&#8217;de Mart ay\u0131nda da dolu dolu kayak yapmak bir mucize de\u011fil ger&ccedil;e\u011fin ta kendisi! Kom\u015fusu Val d&#8217;Is&egrave;re ile birlikte devasa bir kayak alan\u0131n\u0131 payla\u015fan Tignes&#8217;de 300 km uzunlu\u011fundaki pistlere 78 adet liftle ula\u015fmak m&uuml;mk&uuml;n. Farkl\u0131 y&uuml;ksekliklerde 5 farkl\u0131 k&ouml;yden olu\u015fan kayak merkezinde Avrupa&#8217;n\u0131n en iyi liftleri bulunuyor.<\/p>\n<p class=\"MsoNormal\"><strong>Nil Nehri Cruise (Luxor-Aswan), M\u0131s\u0131r<\/strong><\/p>\n<p class=\"MsoNormal\" style=\"text-align: center;\"><strong><img loading=\"lazy\" decoding=\"async\" class=\"alignnone size-full wp-image-3873\" src=\"https:\/\/www.julesverne.com.tr\/\/wp-content\/uploads\/2020\/09\/nil.jpg\" width=\"990\" height=\"660\" alt=\"niles cruise jules verne travel\" srcset=\"https:\/\/julesverne.com.tr\/wp-content\/uploads\/2020\/09\/nil.jpg 990w, https:\/\/julesverne.com.tr\/wp-content\/uploads\/2020\/09\/nil-500x333.jpg 500w, https:\/\/julesverne.com.tr\/wp-content\/uploads\/2020\/09\/nil-768x512.jpg 768w\" sizes=\"(max-width: 990px) 100vw, 990px\" \/><\/strong><\/p>\n<p class=\"MsoNormal\">Yukar\u0131 M\u0131s\u0131r&#8217;\u0131n efsanele\u015fen tarihi yerlerini g&ouml;rmenin en b&uuml;y&uuml;leyici ve romantik yolu hi&ccedil; \u015f&uuml;phesiz Nil Nehri&#8217;nde d&uuml;zenlenen cruise yolculuklar\u0131na kat\u0131lmak. D&uuml;nyan\u0131n en uzun nehri olan Nil yolculu\u011fu genellikle Aswan ve Luxor aras\u0131nda yap\u0131lan 200 km uzunlu\u011fundaki gezileriyle me\u015fhur. Arkeolojik zenginliklerin ve antik \u015fehir kal\u0131nt\u0131lar\u0131n\u0131n b&uuml;y&uuml;s&uuml;nde kaybolaca\u011f\u0131n\u0131z 3-4 g&uuml;nl&uuml;k bir gezi s\u0131ras\u0131nda Kom Ombo, Edfu ve Esna gibi &ouml;nemli tap\u0131naklar\u0131 da g&ouml;rme \u015fans\u0131n\u0131z oluyor.<\/p>\n<p class=\"MsoNormal\"><strong>Bonus: Mardin<\/strong><\/p>\n<p class=\"MsoNormal\">Mezopotamya Ovas\u0131&rsquo;n\u0131 ayaklar\u0131n\u0131z\u0131n alt\u0131na seren, farkl\u0131 inan&ccedil;lar\u0131n, farkl\u0131 kimliklerin sevgi ve ho\u015fg&ouml;r&uuml;yle ya\u015fad\u0131\u011f\u0131 bir masal \u015fehri Mardin&hellip; Sar\u0131 ta\u015f binalar\u0131n en &ccedil;ok yak\u0131\u015ft\u0131\u011f\u0131 Mardin sokaklar\u0131nda dola\u015f\u0131rken g&uuml;ler y&uuml;zl&uuml; esnaf\u0131n\u0131, masumiyetleri ve kahkahalar\u0131yla ruhunuzu g&uuml;l&uuml;mseten &ccedil;ocuklar\u0131n\u0131 an\u0131lar\u0131n\u0131zda saklamak i&ccedil;in bundan g&uuml;zel f\u0131rsat bulamazs\u0131n\u0131z!<\/p>\n<h4 class=\"MsoNormal\" style=\"text-align: center;\"><strong><a href=\"http:\/\/gezi.julesverne.com.tr\/geziler\/yurt-ici-ozel-gezilerimiz\/Mezapotamya'da%20Do%C4%9Fan%20G%C3%BCne%C5%9F:%20Mardin\" target=\"_blank\" rel=\"noopener noreferrer\">Mezapotamya&#8217;da Do\u011fan G&uuml;ne\u015f: Mardin Gezisi<br \/><\/a>22 Mart &#8211; 24 Mart<\/strong><\/h4>\n<p><img loading=\"lazy\" decoding=\"async\" class=\"alignnone size-full wp-image-3874\" src=\"https:\/\/www.julesverne.com.tr\/\/wp-content\/uploads\/2020\/09\/mardin_mart.jpg\" width=\"939\" height=\"787\" alt=\"mardin jules verne travel\" srcset=\"https:\/\/julesverne.com.tr\/wp-content\/uploads\/2020\/09\/mardin_mart.jpg 939w, https:\/\/julesverne.com.tr\/wp-content\/uploads\/2020\/09\/mardin_mart-500x419.jpg 500w, https:\/\/julesverne.com.tr\/wp-content\/uploads\/2020\/09\/mardin_mart-768x644.jpg 768w\" sizes=\"(max-width: 939px) 100vw, 939px\" \/><\/p>\n<h4 style=\"text-align: center;\"><strong>&nbsp;Size &ouml;zel seyahat program\u0131 ve rezervasyon i&ccedil;in:<\/strong><br \/><a href=\"mailto:travel@julesverne.com.tr\" target=\"_blank\" rel=\"noopener noreferrer\"><strong>travel@julesverne.com.tr<\/strong><\/a><br \/><strong>0212 266 6363 &#8211; 118<\/strong><\/h4>\n<\/p>\n<p><\/p>","protected":false},"excerpt":{"rendered":"<p>Karnaval co\u015fkusunun t&uuml;m sokaklar\u0131 sard\u0131\u011f\u0131 Rio de Janeiro&#8217;dan d&uuml;nyan\u0131n en ya\u015fanabilir \u015fehirleriinden Melbourne&#8217;e, Nil Nehri &uuml;zerinde masals\u0131 bir yolculuktan portakal a\u011fa&ccedil;lar\u0131n\u0131n \u015fehri Valencia, son karl\u0131 g&uuml;nlerin zirvesi Tignes&#8217;den Himalayalar&rsquo;\u0131n cazip &uuml;lkesi Nepal&rsquo;e uzanan Mart seyahat rehberi&#8230;<\/p>\n","protected":false},"author":1,"featured_media":2071,"comment_status":"closed","ping_status":"closed","sticky":false,"template":"","format":"standard","meta":{"inline_featured_image":false,"footnotes":""},"categories":[1],"tags":[],"acf":[],"yoast_head":"<!-- This site is optimized with the Yoast SEO plugin v22.3 - https:\/\/yoast.com\/wordpress\/plugins\/seo\/ -->\n<title>Mart Ay\u0131n\u0131n En Keyifli Destinasyonlar\u0131 - JULES VERNE BUSINESS MICE TRAVEL<\/title>\n<meta name=\"description\" content=\"Karnaval co\u015fkusunun t\u00fcm sokaklar\u0131 sard\u0131\u011f\u0131 Rio de Janeiro&#039;dan\u00a0d\u00fcnyan\u0131n en ya\u015fanabilir \u015fehirlerinden Melbourne&#039;e,\u00a0Nil Nehri \u00fczerinde masals\u0131 bir yolculuktan portakal a\u011fa\u00e7lar\u0131n\u0131n \u015fehri Valencia, son karl\u0131 g\u00fcnlerin zirvesi Tignes&#039;den Himalayalar\u2019\u0131n cazip \u00fclkesi Nepal\u2019e uzanan Mart seyahat rehberi...\" \/>\n<meta name=\"robots\" content=\"index, follow, max-snippet:-1, max-image-preview:large, max-video-preview:-1\" \/>\n<link rel=\"canonical\" href=\"https:\/\/julesverne.com.tr\/travel-blog\/mart-ayinin-en-keyifli-destinasyonlari\/\" \/>\n<meta property=\"og:locale\" content=\"en_US\" \/>\n<meta property=\"og:type\" content=\"article\" \/>\n<meta property=\"og:title\" content=\"Mart Ay\u0131n\u0131n En Keyifli Destinasyonlar\u0131 - JULES VERNE BUSINESS MICE TRAVEL\" \/>\n<meta property=\"og:description\" content=\"Karnaval co\u015fkusunun t\u00fcm sokaklar\u0131 sard\u0131\u011f\u0131 Rio de Janeiro&#039;dan\u00a0d\u00fcnyan\u0131n en ya\u015fanabilir \u015fehirlerinden Melbourne&#039;e,\u00a0Nil Nehri \u00fczerinde masals\u0131 bir yolculuktan portakal a\u011fa\u00e7lar\u0131n\u0131n \u015fehri Valencia, son karl\u0131 g\u00fcnlerin zirvesi Tignes&#039;den Himalayalar\u2019\u0131n cazip \u00fclkesi Nepal\u2019e uzanan Mart seyahat rehberi...\" \/>\n<meta property=\"og:url\" content=\"https:\/\/julesverne.com.tr\/travel-blog\/mart-ayinin-en-keyifli-destinasyonlari\/\" \/>\n<meta property=\"og:site_name\" content=\"JULES VERNE BUSINESS MICE TRAVEL\" \/>\n<meta property=\"article:publisher\" content=\"https:\/\/www.facebook.com\/JulesVerneBusinessMiceTravel\/\" \/>\n<meta property=\"article:published_time\" content=\"2019-02-27T13:07:05+00:00\" \/>\n<meta property=\"article:modified_time\" content=\"2024-03-22T12:11:15+00:00\" \/>\n<meta property=\"og:image\" content=\"https:\/\/julesverne.com.tr\/wp-content\/uploads\/2020\/09\/valencia.jpg\" \/>\n\t<meta property=\"og:image:width\" content=\"990\" \/>\n\t<meta property=\"og:image:height\" content=\"620\" \/>\n\t<meta property=\"og:image:type\" content=\"image\/jpeg\" \/>\n<meta name=\"author\" content=\"fikirman\" \/>\n<meta name=\"twitter:card\" content=\"summary_large_image\" \/>\n<meta name=\"twitter:creator\" content=\"@JV_BusinessMice\" \/>\n<meta name=\"twitter:site\" content=\"@JV_BusinessMice\" \/>\n<meta name=\"twitter:label1\" content=\"Written by\" \/>\n\t<meta name=\"twitter:data1\" content=\"fikirman\" \/>\n\t<meta name=\"twitter:label2\" content=\"Est. reading time\" \/>\n\t<meta name=\"twitter:data2\" content=\"9 minutes\" \/>\n<script type=\"application\/ld+json\" class=\"yoast-schema-graph\">{\"@context\":\"https:\/\/schema.org\",\"@graph\":[{\"@type\":\"Article\",\"@id\":\"https:\/\/julesverne.com.tr\/travel-blog\/mart-ayinin-en-keyifli-destinasyonlari\/#article\",\"isPartOf\":{\"@id\":\"https:\/\/julesverne.com.tr\/travel-blog\/mart-ayinin-en-keyifli-destinasyonlari\/\"},\"author\":{\"name\":\"fikirman\",\"@id\":\"https:\/\/julesverne.com.tr\/#\/schema\/person\/f4eb0514ae455538644c31b99a466fdb\"},\"headline\":\"Mart Ay\u0131n\u0131n En Keyifli Destinasyonlar\u0131\",\"datePublished\":\"2019-02-27T13:07:05+00:00\",\"dateModified\":\"2024-03-22T12:11:15+00:00\",\"mainEntityOfPage\":{\"@id\":\"https:\/\/julesverne.com.tr\/travel-blog\/mart-ayinin-en-keyifli-destinasyonlari\/\"},\"wordCount\":2886,\"publisher\":{\"@id\":\"https:\/\/julesverne.com.tr\/#organization\"},\"image\":{\"@id\":\"https:\/\/julesverne.com.tr\/travel-blog\/mart-ayinin-en-keyifli-destinasyonlari\/#primaryimage\"},\"thumbnailUrl\":\"https:\/\/julesverne.com.tr\/wp-content\/uploads\/2020\/09\/valencia.jpg\",\"articleSection\":[\"Blog\"],\"inLanguage\":\"en-US\"},{\"@type\":\"WebPage\",\"@id\":\"https:\/\/julesverne.com.tr\/travel-blog\/mart-ayinin-en-keyifli-destinasyonlari\/\",\"url\":\"https:\/\/julesverne.com.tr\/travel-blog\/mart-ayinin-en-keyifli-destinasyonlari\/\",\"name\":\"Mart Ay\u0131n\u0131n En Keyifli Destinasyonlar\u0131 - JULES VERNE BUSINESS MICE TRAVEL\",\"isPartOf\":{\"@id\":\"https:\/\/julesverne.com.tr\/#website\"},\"primaryImageOfPage\":{\"@id\":\"https:\/\/julesverne.com.tr\/travel-blog\/mart-ayinin-en-keyifli-destinasyonlari\/#primaryimage\"},\"image\":{\"@id\":\"https:\/\/julesverne.com.tr\/travel-blog\/mart-ayinin-en-keyifli-destinasyonlari\/#primaryimage\"},\"thumbnailUrl\":\"https:\/\/julesverne.com.tr\/wp-content\/uploads\/2020\/09\/valencia.jpg\",\"datePublished\":\"2019-02-27T13:07:05+00:00\",\"dateModified\":\"2024-03-22T12:11:15+00:00\",\"description\":\"Karnaval co\u015fkusunun t\u00fcm sokaklar\u0131 sard\u0131\u011f\u0131 Rio de Janeiro'dan\u00a0d\u00fcnyan\u0131n en ya\u015fanabilir \u015fehirlerinden Melbourne'e,\u00a0Nil Nehri \u00fczerinde masals\u0131 bir yolculuktan portakal a\u011fa\u00e7lar\u0131n\u0131n \u015fehri Valencia, son karl\u0131 g\u00fcnlerin zirvesi Tignes'den Himalayalar\u2019\u0131n cazip \u00fclkesi Nepal\u2019e uzanan Mart seyahat rehberi...\",\"breadcrumb\":{\"@id\":\"https:\/\/julesverne.com.tr\/travel-blog\/mart-ayinin-en-keyifli-destinasyonlari\/#breadcrumb\"},\"inLanguage\":\"en-US\",\"potentialAction\":[{\"@type\":\"ReadAction\",\"target\":[\"https:\/\/julesverne.com.tr\/travel-blog\/mart-ayinin-en-keyifli-destinasyonlari\/\"]}]},{\"@type\":\"ImageObject\",\"inLanguage\":\"en-US\",\"@id\":\"https:\/\/julesverne.com.tr\/travel-blog\/mart-ayinin-en-keyifli-destinasyonlari\/#primaryimage\",\"url\":\"https:\/\/julesverne.com.tr\/wp-content\/uploads\/2020\/09\/valencia.jpg\",\"contentUrl\":\"https:\/\/julesverne.com.tr\/wp-content\/uploads\/2020\/09\/valencia.jpg\",\"width\":990,\"height\":620},{\"@type\":\"BreadcrumbList\",\"@id\":\"https:\/\/julesverne.com.tr\/travel-blog\/mart-ayinin-en-keyifli-destinasyonlari\/#breadcrumb\",\"itemListElement\":[{\"@type\":\"ListItem\",\"position\":1,\"name\":\"Anasayfa\",\"item\":\"https:\/\/julesverne.com.tr\/\"},{\"@type\":\"ListItem\",\"position\":2,\"name\":\"Mart Ay\u0131n\u0131n En Keyifli Destinasyonlar\u0131\"}]},{\"@type\":\"WebSite\",\"@id\":\"https:\/\/julesverne.com.tr\/#website\",\"url\":\"https:\/\/julesverne.com.tr\/\",\"name\":\"JULES VERNE BUSINESS MICE TRAVEL\",\"description\":\"\",\"publisher\":{\"@id\":\"https:\/\/julesverne.com.tr\/#organization\"},\"potentialAction\":[{\"@type\":\"SearchAction\",\"target\":{\"@type\":\"EntryPoint\",\"urlTemplate\":\"https:\/\/julesverne.com.tr\/?s={search_term_string}\"},\"query-input\":\"required name=search_term_string\"}],\"inLanguage\":\"en-US\"},{\"@type\":\"Organization\",\"@id\":\"https:\/\/julesverne.com.tr\/#organization\",\"name\":\"JULES VERNE BUSINESS MICE TRAVEL\",\"url\":\"https:\/\/julesverne.com.tr\/\",\"logo\":{\"@type\":\"ImageObject\",\"inLanguage\":\"en-US\",\"@id\":\"https:\/\/julesverne.com.tr\/#\/schema\/logo\/image\/\",\"url\":\"https:\/\/julesverne.com.tr\/wp-content\/uploads\/2020\/09\/jv-bmt-logo.png\",\"contentUrl\":\"https:\/\/julesverne.com.tr\/wp-content\/uploads\/2020\/09\/jv-bmt-logo.png\",\"width\":110,\"height\":81,\"caption\":\"JULES VERNE BUSINESS MICE TRAVEL\"},\"image\":{\"@id\":\"https:\/\/julesverne.com.tr\/#\/schema\/logo\/image\/\"},\"sameAs\":[\"https:\/\/www.facebook.com\/JulesVerneBusinessMiceTravel\/\",\"https:\/\/twitter.com\/JV_BusinessMice\",\"https:\/\/www.instagram.com\/julesvernebusinessmicetravel\/\",\"https:\/\/www.linkedin.com\/company\/julesvernebusinessmicetravel\/\",\"https:\/\/www.youtube.com\/channel\/UCAwdsmbZ6tFhu1tea6pkpiw\"]},{\"@type\":\"Person\",\"@id\":\"https:\/\/julesverne.com.tr\/#\/schema\/person\/f4eb0514ae455538644c31b99a466fdb\",\"name\":\"fikirman\",\"sameAs\":[\"http:\/\/advermedya.net\/julesverne\"],\"url\":\"https:\/\/julesverne.com.tr\/en\/author\/fikirman\/\"}]}<\/script>\n<!-- \/ Yoast SEO plugin. -->","yoast_head_json":{"title":"Mart Ay\u0131n\u0131n En Keyifli Destinasyonlar\u0131 - JULES VERNE BUSINESS MICE TRAVEL","description":"Karnaval co\u015fkusunun t\u00fcm sokaklar\u0131 sard\u0131\u011f\u0131 Rio de Janeiro'dan\u00a0d\u00fcnyan\u0131n en ya\u015fanabilir \u015fehirlerinden Melbourne'e,\u00a0Nil Nehri \u00fczerinde masals\u0131 bir yolculuktan portakal a\u011fa\u00e7lar\u0131n\u0131n \u015fehri Valencia, son karl\u0131 g\u00fcnlerin zirvesi Tignes'den Himalayalar\u2019\u0131n cazip \u00fclkesi Nepal\u2019e uzanan Mart seyahat rehberi...","robots":{"index":"index","follow":"follow","max-snippet":"max-snippet:-1","max-image-preview":"max-image-preview:large","max-video-preview":"max-video-preview:-1"},"canonical":"https:\/\/julesverne.com.tr\/travel-blog\/mart-ayinin-en-keyifli-destinasyonlari\/","og_locale":"en_US","og_type":"article","og_title":"Mart Ay\u0131n\u0131n En Keyifli Destinasyonlar\u0131 - JULES VERNE BUSINESS MICE TRAVEL","og_description":"Karnaval co\u015fkusunun t\u00fcm sokaklar\u0131 sard\u0131\u011f\u0131 Rio de Janeiro'dan\u00a0d\u00fcnyan\u0131n en ya\u015fanabilir \u015fehirlerinden Melbourne'e,\u00a0Nil Nehri \u00fczerinde masals\u0131 bir yolculuktan portakal a\u011fa\u00e7lar\u0131n\u0131n \u015fehri Valencia, son karl\u0131 g\u00fcnlerin zirvesi Tignes'den Himalayalar\u2019\u0131n cazip \u00fclkesi Nepal\u2019e uzanan Mart seyahat rehberi...","og_url":"https:\/\/julesverne.com.tr\/travel-blog\/mart-ayinin-en-keyifli-destinasyonlari\/","og_site_name":"JULES VERNE BUSINESS MICE TRAVEL","article_publisher":"https:\/\/www.facebook.com\/JulesVerneBusinessMiceTravel\/","article_published_time":"2019-02-27T13:07:05+00:00","article_modified_time":"2024-03-22T12:11:15+00:00","og_image":[{"width":990,"height":620,"url":"https:\/\/julesverne.com.tr\/wp-content\/uploads\/2020\/09\/valencia.jpg","type":"image\/jpeg"}],"author":"fikirman","twitter_card":"summary_large_image","twitter_creator":"@JV_BusinessMice","twitter_site":"@JV_BusinessMice","twitter_misc":{"Written by":"fikirman","Est. reading time":"9 minutes"},"schema":{"@context":"https:\/\/schema.org","@graph":[{"@type":"Article","@id":"https:\/\/julesverne.com.tr\/travel-blog\/mart-ayinin-en-keyifli-destinasyonlari\/#article","isPartOf":{"@id":"https:\/\/julesverne.com.tr\/travel-blog\/mart-ayinin-en-keyifli-destinasyonlari\/"},"author":{"name":"fikirman","@id":"https:\/\/julesverne.com.tr\/#\/schema\/person\/f4eb0514ae455538644c31b99a466fdb"},"headline":"Mart Ay\u0131n\u0131n En Keyifli Destinasyonlar\u0131","datePublished":"2019-02-27T13:07:05+00:00","dateModified":"2024-03-22T12:11:15+00:00","mainEntityOfPage":{"@id":"https:\/\/julesverne.com.tr\/travel-blog\/mart-ayinin-en-keyifli-destinasyonlari\/"},"wordCount":2886,"publisher":{"@id":"https:\/\/julesverne.com.tr\/#organization"},"image":{"@id":"https:\/\/julesverne.com.tr\/travel-blog\/mart-ayinin-en-keyifli-destinasyonlari\/#primaryimage"},"thumbnailUrl":"https:\/\/julesverne.com.tr\/wp-content\/uploads\/2020\/09\/valencia.jpg","articleSection":["Blog"],"inLanguage":"en-US"},{"@type":"WebPage","@id":"https:\/\/julesverne.com.tr\/travel-blog\/mart-ayinin-en-keyifli-destinasyonlari\/","url":"https:\/\/julesverne.com.tr\/travel-blog\/mart-ayinin-en-keyifli-destinasyonlari\/","name":"Mart Ay\u0131n\u0131n En Keyifli Destinasyonlar\u0131 - JULES VERNE BUSINESS MICE TRAVEL","isPartOf":{"@id":"https:\/\/julesverne.com.tr\/#website"},"primaryImageOfPage":{"@id":"https:\/\/julesverne.com.tr\/travel-blog\/mart-ayinin-en-keyifli-destinasyonlari\/#primaryimage"},"image":{"@id":"https:\/\/julesverne.com.tr\/travel-blog\/mart-ayinin-en-keyifli-destinasyonlari\/#primaryimage"},"thumbnailUrl":"https:\/\/julesverne.com.tr\/wp-content\/uploads\/2020\/09\/valencia.jpg","datePublished":"2019-02-27T13:07:05+00:00","dateModified":"2024-03-22T12:11:15+00:00","description":"Karnaval co\u015fkusunun t\u00fcm sokaklar\u0131 sard\u0131\u011f\u0131 Rio de Janeiro'dan\u00a0d\u00fcnyan\u0131n en ya\u015fanabilir \u015fehirlerinden Melbourne'e,\u00a0Nil Nehri \u00fczerinde masals\u0131 bir yolculuktan portakal a\u011fa\u00e7lar\u0131n\u0131n \u015fehri Valencia, son karl\u0131 g\u00fcnlerin zirvesi Tignes'den Himalayalar\u2019\u0131n cazip \u00fclkesi Nepal\u2019e uzanan Mart seyahat rehberi...","breadcrumb":{"@id":"https:\/\/julesverne.com.tr\/travel-blog\/mart-ayinin-en-keyifli-destinasyonlari\/#breadcrumb"},"inLanguage":"en-US","potentialAction":[{"@type":"ReadAction","target":["https:\/\/julesverne.com.tr\/travel-blog\/mart-ayinin-en-keyifli-destinasyonlari\/"]}]},{"@type":"ImageObject","inLanguage":"en-US","@id":"https:\/\/julesverne.com.tr\/travel-blog\/mart-ayinin-en-keyifli-destinasyonlari\/#primaryimage","url":"https:\/\/julesverne.com.tr\/wp-content\/uploads\/2020\/09\/valencia.jpg","contentUrl":"https:\/\/julesverne.com.tr\/wp-content\/uploads\/2020\/09\/valencia.jpg","width":990,"height":620},{"@type":"BreadcrumbList","@id":"https:\/\/julesverne.com.tr\/travel-blog\/mart-ayinin-en-keyifli-destinasyonlari\/#breadcrumb","itemListElement":[{"@type":"ListItem","position":1,"name":"Anasayfa","item":"https:\/\/julesverne.com.tr\/"},{"@type":"ListItem","position":2,"name":"Mart Ay\u0131n\u0131n En Keyifli Destinasyonlar\u0131"}]},{"@type":"WebSite","@id":"https:\/\/julesverne.com.tr\/#website","url":"https:\/\/julesverne.com.tr\/","name":"JULES VERNE BUSINESS MICE TRAVEL","description":"","publisher":{"@id":"https:\/\/julesverne.com.tr\/#organization"},"potentialAction":[{"@type":"SearchAction","target":{"@type":"EntryPoint","urlTemplate":"https:\/\/julesverne.com.tr\/?s={search_term_string}"},"query-input":"required name=search_term_string"}],"inLanguage":"en-US"},{"@type":"Organization","@id":"https:\/\/julesverne.com.tr\/#organization","name":"JULES VERNE BUSINESS MICE TRAVEL","url":"https:\/\/julesverne.com.tr\/","logo":{"@type":"ImageObject","inLanguage":"en-US","@id":"https:\/\/julesverne.com.tr\/#\/schema\/logo\/image\/","url":"https:\/\/julesverne.com.tr\/wp-content\/uploads\/2020\/09\/jv-bmt-logo.png","contentUrl":"https:\/\/julesverne.com.tr\/wp-content\/uploads\/2020\/09\/jv-bmt-logo.png","width":110,"height":81,"caption":"JULES VERNE BUSINESS MICE TRAVEL"},"image":{"@id":"https:\/\/julesverne.com.tr\/#\/schema\/logo\/image\/"},"sameAs":["https:\/\/www.facebook.com\/JulesVerneBusinessMiceTravel\/","https:\/\/twitter.com\/JV_BusinessMice","https:\/\/www.instagram.com\/julesvernebusinessmicetravel\/","https:\/\/www.linkedin.com\/company\/julesvernebusinessmicetravel\/","https:\/\/www.youtube.com\/channel\/UCAwdsmbZ6tFhu1tea6pkpiw"]},{"@type":"Person","@id":"https:\/\/julesverne.com.tr\/#\/schema\/person\/f4eb0514ae455538644c31b99a466fdb","name":"fikirman","sameAs":["http:\/\/advermedya.net\/julesverne"],"url":"https:\/\/julesverne.com.tr\/en\/author\/fikirman\/"}]}},"_links":{"self":[{"href":"https:\/\/julesverne.com.tr\/en\/wp-json\/wp\/v2\/posts\/2070"}],"collection":[{"href":"https:\/\/julesverne.com.tr\/en\/wp-json\/wp\/v2\/posts"}],"about":[{"href":"https:\/\/julesverne.com.tr\/en\/wp-json\/wp\/v2\/types\/post"}],"author":[{"embeddable":true,"href":"https:\/\/julesverne.com.tr\/en\/wp-json\/wp\/v2\/users\/1"}],"replies":[{"embeddable":true,"href":"https:\/\/julesverne.com.tr\/en\/wp-json\/wp\/v2\/comments?post=2070"}],"version-history":[{"count":1,"href":"https:\/\/julesverne.com.tr\/en\/wp-json\/wp\/v2\/posts\/2070\/revisions"}],"predecessor-version":[{"id":17046,"href":"https:\/\/julesverne.com.tr\/en\/wp-json\/wp\/v2\/posts\/2070\/revisions\/17046"}],"wp:featuredmedia":[{"embeddable":true,"href":"https:\/\/julesverne.com.tr\/en\/wp-json\/wp\/v2\/media\/2071"}],"wp:attachment":[{"href":"https:\/\/julesverne.com.tr\/en\/wp-json\/wp\/v2\/media?parent=2070"}],"wp:term":[{"taxonomy":"category","embeddable":true,"href":"https:\/\/julesverne.com.tr\/en\/wp-json\/wp\/v2\/categories?post=2070"},{"taxonomy":"post_tag","embeddable":true,"href":"https:\/\/julesverne.com.tr\/en\/wp-json\/wp\/v2\/tags?post=2070"}],"curies":[{"name":"wp","href":"https:\/\/api.w.org\/{rel}","templated":true}]}}