{"id":2068,"date":"2019-02-22T15:49:24","date_gmt":"2019-02-22T12:49:24","guid":{"rendered":"https:\/\/www.julesverne.com.tr\/\/blog\/2019un-en-populer-muzik-festivalleri\/"},"modified":"2024-03-22T15:12:11","modified_gmt":"2024-03-22T12:12:11","slug":"2019un-en-populer-muzik-festivalleri","status":"publish","type":"post","link":"https:\/\/julesverne.com.tr\/en\/travel-blog\/2019un-en-populer-muzik-festivalleri\/","title":{"rendered":"2019&#8217;un En Pop\u00fcler M\u00fczik Festivalleri"},"content":{"rendered":"<p><\/p>\n<p><p style=\"text-align: center;\"><img loading=\"lazy\" decoding=\"async\" class=\"alignnone size-full wp-image-3876\" src=\"https:\/\/www.julesverne.com.tr\/\/wp-content\/uploads\/2020\/09\/oasis.jpg\" width=\"1000\" height=\"667\" alt=\"oasis festival\" srcset=\"https:\/\/julesverne.com.tr\/wp-content\/uploads\/2020\/09\/oasis.jpg 1000w, https:\/\/julesverne.com.tr\/wp-content\/uploads\/2020\/09\/oasis-500x334.jpg 500w, https:\/\/julesverne.com.tr\/wp-content\/uploads\/2020\/09\/oasis-768x512.jpg 768w\" sizes=\"(max-width: 1000px) 100vw, 1000px\" \/><\/p>\n<p>Yeni k&uuml;lt&uuml;rleri deneyimlemenin en iyi yollar\u0131ndan biri de elbette yurtd\u0131\u015f\u0131 m&uuml;zik festivallerini takip etmek&#8230; Farkl\u0131 yakla\u015f\u0131m ve ama&ccedil;larla d&uuml;zenlenen m&uuml;zik festivalleri sadece m&uuml;zik dinlemeye de\u011fil yeni destinasyonlar\u0131 g&ouml;rmeye de te\u015fvik ediyor. Ayn\u0131 ruhu payla\u015fan arkada\u015flar\u0131n\u0131zla veya sevdiklerinizle canl\u0131 performanslar ve iddial\u0131 sahne \u015fovlar\u0131n\u0131 izlemek bize g&ouml;re, &#8220;hayatta mutlaka ya\u015fanmas\u0131 gereken deneyimler&#8221; aras\u0131nda. M&uuml;zi\u011fe ve yenili\u011fe hay\u0131r diyemeyen gezginler i&ccedil;in 2019&#8217;un En Pop&uuml;ler M&uuml;zik Festivalleri listesini haz\u0131rlad\u0131k.<\/p>\n<p>Sonar Barcelona&#8217;dan Tomorrowland Winter&#8217;a, Sziget Festivali&#8217;nden Umbria Jazz Festivali&#8217;ne,&nbsp;Burning Man&#8217;den Oasis Festival&#8217;e kadar d&uuml;nyan\u0131n en iyi m&uuml;zik festivalleri.<\/p>\n<p><strong>Tomorrowland Winter, Fransa<\/strong><\/p>\n<p style=\"text-align: center;\"><strong><img loading=\"lazy\" decoding=\"async\" class=\"alignnone size-full wp-image-3877\" src=\"https:\/\/www.julesverne.com.tr\/\/wp-content\/uploads\/2020\/09\/tomorrowland_winter.jpg\" width=\"1280\" height=\"641\" alt=\"Tomorrowland Winter\" srcset=\"https:\/\/julesverne.com.tr\/wp-content\/uploads\/2020\/09\/tomorrowland_winter.jpg 1280w, https:\/\/julesverne.com.tr\/wp-content\/uploads\/2020\/09\/tomorrowland_winter-500x250.jpg 500w, https:\/\/julesverne.com.tr\/wp-content\/uploads\/2020\/09\/tomorrowland_winter-768x385.jpg 768w\" sizes=\"(max-width: 1280px) 100vw, 1280px\" \/><\/strong><\/p>\n<p>Tomorrowland ailesinin en yeni &uuml;yesi Tomorrowland Winter, Grenoble&#8217;a 40 km mesafedeki da\u011f kasabas\u0131 Alpe d&rsquo;Huez&#8217;de ger&ccedil;ekle\u015fecek. Alplerin zirvesinde, sonsuz ya\u015fam\u0131n simgesi olan nil&uuml;fer &ccedil;i&ccedil;e\u011finden ilham alan konseptiyle benzersiz deneyimlerle dolu bir hafta vaat ediyor. Sadece Tomorrowland ziyaret&ccedil;ilerinin eri\u015febilece\u011fi bu kasabada elektronik ve house m&uuml;zi\u011fin en iyilerini dinleyebilirsiniz.&nbsp;<br \/><em><strong>Ne zaman:<\/strong><\/em> 09-16 Mart 2019<\/p>\n<p><strong>Sonar Hong Kong<\/strong><\/p>\n<p style=\"text-align: center;\"><strong><img loading=\"lazy\" decoding=\"async\" class=\"alignnone size-full wp-image-3878\" src=\"https:\/\/www.julesverne.com.tr\/\/wp-content\/uploads\/2020\/09\/sonar_hong_kong.jpg\" width=\"960\" height=\"500\" alt=\"Sonar Hong Kong\" srcset=\"https:\/\/julesverne.com.tr\/wp-content\/uploads\/2020\/09\/sonar_hong_kong.jpg 960w, https:\/\/julesverne.com.tr\/wp-content\/uploads\/2020\/09\/sonar_hong_kong-500x260.jpg 500w, https:\/\/julesverne.com.tr\/wp-content\/uploads\/2020\/09\/sonar_hong_kong-768x400.jpg 768w\" sizes=\"(max-width: 960px) 100vw, 960px\" \/><\/strong><\/p>\n<p>D&uuml;nya m&uuml;zik festivalleri sahnesinde efsanele\u015fen S&oacute;nar ailesinin Do\u011fu Asya edisyonu olan S&oacute;nar Hong Kong yeni ve farkl\u0131 bir deneyimin &ouml;nc&uuml;l&uuml;\u011f&uuml;n&uuml; yap\u0131yor. Son teknolojiyi kullanan altyap\u0131 ve sahne tasar\u0131m\u0131, iddial\u0131 line-up&#8217;\u0131 ile Hong Kong&#8217;da da bir gelene\u011fi ba\u015flatm\u0131\u015f g&ouml;r&uuml;n&uuml;yor. Elektronik, house ve tekno m&uuml;zik t&uuml;rlerinin en iyilerini Hong Kong&#8217;a getiriyor.<br \/><em><strong>Ne zaman:<\/strong> <\/em>13 Nisan 2019<\/p>\n<p><strong>Coachella Valley Music &amp; Arts Festival, ABD<\/strong><\/p>\n<p style=\"text-align: center;\"><strong><img loading=\"lazy\" decoding=\"async\" class=\"alignnone size-full wp-image-3879\" src=\"https:\/\/www.julesverne.com.tr\/\/wp-content\/uploads\/2020\/09\/coachella-1.jpg\" width=\"890\" height=\"395\" alt=\"Coachella Valley Music &amp; Arts Festival\" srcset=\"https:\/\/julesverne.com.tr\/wp-content\/uploads\/2020\/09\/coachella-1.jpg 890w, https:\/\/julesverne.com.tr\/wp-content\/uploads\/2020\/09\/coachella-1-500x222.jpg 500w, https:\/\/julesverne.com.tr\/wp-content\/uploads\/2020\/09\/coachella-1-768x341.jpg 768w\" sizes=\"(max-width: 890px) 100vw, 890px\" \/><\/strong><\/p>\n<p>Bir m&uuml;zik festivalinden &ccedil;ok daha fazlas\u0131na d&ouml;n&uuml;\u015fen ve festival modas\u0131n\u0131 g&uuml;ndemimize sokan Coachella Valley Music &amp; Arts Festival bu y\u0131l da &ccedil;ok konu\u015fulaca\u011fa benziyor. Rock, indie, hip hop ve elektronik dans m&uuml;zi\u011fi sanat&ccedil;\u0131lar\u0131n ge&ccedil;it t&ouml;renine d&ouml;n&uuml;\u015fen, iddial\u0131 sahne \u015fovlar\u0131yla dikkat &ccedil;eken festival her y\u0131l oldu\u011fu gibi bu y\u0131l da Kaliforniya&#8217;da yer alan Empire Polo Club&#8217;da ger&ccedil;ekle\u015fecek.&nbsp;<br \/><em><strong>Ne zaman<\/strong><\/em>: 12-14 Nisan, 19-21 Nisan 2019<\/p>\n<p><strong>Meadows in the Mountains, Bulgaristan<\/strong><\/p>\n<p style=\"text-align: center;\"><strong><img loading=\"lazy\" decoding=\"async\" class=\"alignnone size-full wp-image-3880\" src=\"https:\/\/www.julesverne.com.tr\/\/wp-content\/uploads\/2020\/09\/Meadows_in_the_Mountains.jpg\" width=\"1280\" height=\"853\" alt=\"Meadows in the Mountains\" srcset=\"https:\/\/julesverne.com.tr\/wp-content\/uploads\/2020\/09\/Meadows_in_the_Mountains.jpg 1280w, https:\/\/julesverne.com.tr\/wp-content\/uploads\/2020\/09\/Meadows_in_the_Mountains-500x333.jpg 500w, https:\/\/julesverne.com.tr\/wp-content\/uploads\/2020\/09\/Meadows_in_the_Mountains-768x512.jpg 768w\" sizes=\"(max-width: 1280px) 100vw, 1280px\" \/><\/strong><\/p>\n<p>Bulgaristan&#8217;\u0131n Polkovnik Serafimovo kasabas\u0131nda ger&ccedil;ekle\u015fen Meadows in the Mountains, Avrupa&#8217;n\u0131n en e\u015fsiz m&uuml;zik festivallerinden biri. Deniz seviyesinden 850 metre y&uuml;kseklikte, Rodop Da\u011flar\u0131&#8217;nda d&uuml;zenlenen bu benzersiz festival &ldquo;topra\u011f\u0131n g&ouml;ky&uuml;z&uuml;ne dokundu\u011fu ve g&uuml;ne\u015fin do\u011fay\u0131 kucaklad\u0131\u011f\u0131 yer&rdquo; olarak betimleniyor.&nbsp;<br \/><em><strong>Ne zaman:<\/strong><\/em> 06-09 Haziran 2019<\/p>\n<p><strong>Bonnaroo Festival, ABD<\/strong><\/p>\n<p style=\"text-align: center;\"><strong><img loading=\"lazy\" decoding=\"async\" class=\"alignnone size-full wp-image-3881\" src=\"https:\/\/www.julesverne.com.tr\/\/wp-content\/uploads\/2020\/09\/bonnaroo-1.jpg\" width=\"1000\" height=\"665\" alt=\"Bonnaroo Festival\" srcset=\"https:\/\/julesverne.com.tr\/wp-content\/uploads\/2020\/09\/bonnaroo-1.jpg 1000w, https:\/\/julesverne.com.tr\/wp-content\/uploads\/2020\/09\/bonnaroo-1-500x333.jpg 500w, https:\/\/julesverne.com.tr\/wp-content\/uploads\/2020\/09\/bonnaroo-1-768x511.jpg 768w\" sizes=\"(max-width: 1000px) 100vw, 1000px\" \/><\/strong><\/p>\n<p>2002 y\u0131l\u0131ndan beri on binlerce m&uuml;zik severi Tennessee&#8217;ye getirten m&uuml;zik ve sanat festivali Bonnaroo,&nbsp; Kuzey Amerika&#8217;n\u0131n en g&ouml;zde festivallerinden biri. Pozitif atmosferi ve bir&ccedil;ok m&uuml;zik k&uuml;lt&uuml;r&uuml;n&uuml; kapsay\u0131c\u0131 yakla\u015f\u0131m\u0131yla her y\u0131l rock, dans, hip hop ve di\u011fer farkl\u0131 t&uuml;rlerinin &ouml;nc&uuml; isimlerini bir araya getiriyor. Her \u015feyin bir kar\u0131\u015f\u0131m\u0131 olan festivalde bu sene de &ccedil;ok e\u011fleneceksiniz.<br \/><strong><em>Ne zaman:<\/em> <\/strong>13-16 Haziran 2019<\/p>\n<p><strong>Secret Solstice,<\/strong><strong>&nbsp;\u0130zlanda<\/strong><\/p>\n<p style=\"text-align: center;\"><strong><img loading=\"lazy\" decoding=\"async\" class=\"alignnone size-full wp-image-3882\" src=\"https:\/\/www.julesverne.com.tr\/\/wp-content\/uploads\/2020\/09\/secret.jpg\" width=\"1000\" height=\"668\" alt=\"Secret Solstice festival\" srcset=\"https:\/\/julesverne.com.tr\/wp-content\/uploads\/2020\/09\/secret.jpg 1000w, https:\/\/julesverne.com.tr\/wp-content\/uploads\/2020\/09\/secret-500x334.jpg 500w, https:\/\/julesverne.com.tr\/wp-content\/uploads\/2020\/09\/secret-768x513.jpg 768w\" sizes=\"(max-width: 1000px) 100vw, 1000px\" \/><\/strong><\/p>\n<p>Gece yar\u0131s\u0131 do\u011fan g&uuml;ne\u015fle birlikte &#8220;\u0130zlanda&#8217;da beyaz geceler&#8221; mucizesini ya\u015faman\u0131n en hareketli hali Secret Solstice Festival&#8217;ine kat\u0131lmak. \u0130zlanda&rsquo;n\u0131n batmayan g&uuml;ne\u015fi alt\u0131nda, Reykjavik&rsquo;te d&uuml;zenlenen festival e\u015fsiz ve ka&ccedil;\u0131r\u0131lmayacak bir m&uuml;zik deneyimi. Her y\u0131l yaz mevsimi ba\u015f\u0131nda kutlanan festivalde bitmeyen g&uuml;nlerin ve m&uuml;zi\u011fin enerjisinde bulu\u015fun!<br \/><em><strong>Ne zaman:<\/strong><\/em> 21-23 Haziran 2019<\/p>\n<p><strong>Montreux Jazz Festival, \u0130svi&ccedil;re<\/strong><\/p>\n<p style=\"text-align: center;\"><strong><img loading=\"lazy\" decoding=\"async\" class=\"alignnone size-full wp-image-3883\" src=\"https:\/\/www.julesverne.com.tr\/\/wp-content\/uploads\/2020\/09\/montreux.jpg\" width=\"1097\" height=\"729\" alt=\"Montreux Jazz Festival\" srcset=\"https:\/\/julesverne.com.tr\/wp-content\/uploads\/2020\/09\/montreux.jpg 1097w, https:\/\/julesverne.com.tr\/wp-content\/uploads\/2020\/09\/montreux-500x332.jpg 500w, https:\/\/julesverne.com.tr\/wp-content\/uploads\/2020\/09\/montreux-768x510.jpg 768w\" sizes=\"(max-width: 1097px) 100vw, 1097px\" \/><\/strong><\/p>\n<p>&#8220;Hayalperestler i&ccedil;in hi&ccedil;bir \u015fey imk&acirc;ns\u0131z de\u011fildir&#8221; mottosuyla her y\u0131l daha da b&uuml;y&uuml;yen Montreux Jazz Festival, \u0130svi&ccedil;re&#8217;nin en &ccedil;ok ilgi g&ouml;ren m&uuml;zik festivali. Her y\u0131l, Cenevre G&ouml;l&uuml; k\u0131y\u0131s\u0131nda d&uuml;zenlenen festival b&uuml;y&uuml;l&uuml; bir atmosferde ger&ccedil;ekleiyor. Kanada&#8217;da d&uuml;zenlenen Montreal Jazz Festival&#8217;den sonra d&uuml;nyan\u0131n ikinci b&uuml;y&uuml;k caz festivalinde 15 g&uuml;n boyunca kula\u011f\u0131n\u0131z\u0131n pas\u0131 silinecek.<br \/><em><strong>Ne zaman:<\/strong><\/em> 28 Haziran &#8211; 13 Temmuz 2019<\/p>\n<p><strong>Umbria Jazz Festival, \u0130talya<\/strong><\/p>\n<p style=\"text-align: center;\"><strong><img loading=\"lazy\" decoding=\"async\" class=\"alignnone size-full wp-image-3884\" src=\"https:\/\/www.julesverne.com.tr\/\/wp-content\/uploads\/2020\/09\/Umbria-Jazz-Mo-Better-Band.jpg\" width=\"1280\" height=\"800\" alt=\"Umbria Jazz Festival\" srcset=\"https:\/\/julesverne.com.tr\/wp-content\/uploads\/2020\/09\/Umbria-Jazz-Mo-Better-Band.jpg 1280w, https:\/\/julesverne.com.tr\/wp-content\/uploads\/2020\/09\/Umbria-Jazz-Mo-Better-Band-500x313.jpg 500w, https:\/\/julesverne.com.tr\/wp-content\/uploads\/2020\/09\/Umbria-Jazz-Mo-Better-Band-768x480.jpg 768w\" sizes=\"(max-width: 1280px) 100vw, 1280px\" \/><\/strong><\/p>\n<p>\u0130talya&#8217;n\u0131n en &ouml;nemli m&uuml;zik festivallerinden biri olan Umbria Jazz Festival, caz festivalleri aras\u0131nda da parmakla g&ouml;steriliyor. 1973 y\u0131l\u0131ndan beri her y\u0131l d&uuml;zenlenen festival, Perugia \u015fehrini 10 g&uuml;n boyunca caz m&uuml;zi\u011fiyle ku\u015fat\u0131yor. Festival boyunca Perugia&#8217;n\u0131n &ouml;zel ve tarihi mek&acirc;nlar\u0131 konser alan\u0131na d&ouml;n&uuml;\u015f&uuml;yor.<br \/><em><strong>Ne zaman:<\/strong> <\/em>12-21 Temmuz 2019<\/p>\n<p><strong>Longitude Festival, \u0130rlanda<\/strong><\/p>\n<p style=\"text-align: center;\"><strong><img loading=\"lazy\" decoding=\"async\" class=\"alignnone size-full wp-image-3885\" src=\"https:\/\/www.julesverne.com.tr\/\/wp-content\/uploads\/2020\/09\/longitude.jpg\" width=\"1000\" height=\"666\" alt=\"Longitude Festival\" srcset=\"https:\/\/julesverne.com.tr\/wp-content\/uploads\/2020\/09\/longitude.jpg 1000w, https:\/\/julesverne.com.tr\/wp-content\/uploads\/2020\/09\/longitude-500x333.jpg 500w, https:\/\/julesverne.com.tr\/wp-content\/uploads\/2020\/09\/longitude-768x511.jpg 768w\" sizes=\"(max-width: 1000px) 100vw, 1000px\" \/><\/strong><\/p>\n<p>Her y\u0131l Suffolk&#8217;taki g&uuml;zel Henham Park\u0131&#8217;nda d&uuml;zenlenen Longitude Festival, ya\u015fam ve sanat festivali olarak ifade edilebilir. M&uuml;zik, komedi, \u015fiir, tiyatro, film ve at&ouml;lye &ccedil;al\u0131\u015fmalar\u0131yla birlikte m&uuml;zik ve sahne sanatlar\u0131n\u0131 kapsayan bu geni\u015f ve zengin festival \u0130rlanda&#8217;n\u0131n fantastik atmosferinde farkl\u0131 ve dolu dolu bir deneyim sunuyor.&nbsp;<br \/><strong><em>Ne zaman:<\/em><\/strong> 18-21 Temmuz 2019<\/p>\n<p><strong>Sonar Barcelona, \u0130spanya<\/strong><\/p>\n<p style=\"text-align: center;\"><strong><img loading=\"lazy\" decoding=\"async\" class=\"alignnone size-full wp-image-3886\" src=\"https:\/\/www.julesverne.com.tr\/\/wp-content\/uploads\/2020\/09\/sonar.jpg\" width=\"900\" height=\"600\" alt=\"Sonar Barcelona\" srcset=\"https:\/\/julesverne.com.tr\/wp-content\/uploads\/2020\/09\/sonar.jpg 900w, https:\/\/julesverne.com.tr\/wp-content\/uploads\/2020\/09\/sonar-500x333.jpg 500w, https:\/\/julesverne.com.tr\/wp-content\/uploads\/2020\/09\/sonar-768x512.jpg 768w\" sizes=\"(max-width: 900px) 100vw, 900px\" \/><\/strong><\/p>\n<p>\u0130lk kez 1004 y\u0131l\u0131nda d&uuml;zenlenen S&oacute;nar Barcelona, festival d&uuml;nyas\u0131nda &ouml;nc&uuml; durumda! Benzersiz bir i&ccedil;eri\u011fe sahip olan etkinlik en yeni trendleri deneysel yakla\u015f\u0131mlar, dans ve elektronik m&uuml;zikle bulu\u015fturuyor.&nbsp;<br \/><em><strong>Ne zaman:<\/strong><\/em> 18-20 Temmuz 2019<\/p>\n<p><strong>Melt! Festival, Almanya<\/strong><\/p>\n<p style=\"text-align: center;\"><strong><img loading=\"lazy\" decoding=\"async\" class=\"alignnone size-full wp-image-3887\" src=\"https:\/\/www.julesverne.com.tr\/\/wp-content\/uploads\/2020\/09\/melt2.jpg\" width=\"1000\" height=\"562\" alt=\"Melt! Festival\" srcset=\"https:\/\/julesverne.com.tr\/wp-content\/uploads\/2020\/09\/melt2.jpg 1000w, https:\/\/julesverne.com.tr\/wp-content\/uploads\/2020\/09\/melt2-500x281.jpg 500w, https:\/\/julesverne.com.tr\/wp-content\/uploads\/2020\/09\/melt2-768x432.jpg 768w, https:\/\/julesverne.com.tr\/wp-content\/uploads\/2020\/09\/melt2-400x225.jpg 400w\" sizes=\"(max-width: 1000px) 100vw, 1000px\" \/><\/strong><\/p>\n<p>Almanya&#8217;daki en b&uuml;y&uuml;k a&ccedil;\u0131k hava elektronik m&uuml;zik festivallerinden biri olan Melt! Festival 1997 y\u0131l\u0131ndan beri m&uuml;zikseverleri a\u011f\u0131rl\u0131yor. Bug&uuml;ne kadar bir&ccedil;ok &ouml;d&uuml;l alan festival, Gr&auml;fenhainichen yak\u0131nlar\u0131ndaki Ferropolis A&ccedil;\u0131k Hava M&uuml;zesi&#8217;nde d&uuml;zenleniyor.&nbsp;<br \/><em><strong>Ne zaman:<\/strong> <\/em>19-21 Temmuz 2019<\/p>\n<p><strong>Fuji Rock Niigata, Japonya<\/strong><\/p>\n<p style=\"text-align: center;\"><strong><img loading=\"lazy\" decoding=\"async\" class=\"alignnone size-full wp-image-3888\" src=\"https:\/\/www.julesverne.com.tr\/\/wp-content\/uploads\/2020\/09\/fuji_rock.jpg\" width=\"1250\" height=\"620\" alt=\"Fuji Rock Niigata\" srcset=\"https:\/\/julesverne.com.tr\/wp-content\/uploads\/2020\/09\/fuji_rock.jpg 1250w, https:\/\/julesverne.com.tr\/wp-content\/uploads\/2020\/09\/fuji_rock-500x248.jpg 500w, https:\/\/julesverne.com.tr\/wp-content\/uploads\/2020\/09\/fuji_rock-768x381.jpg 768w\" sizes=\"(max-width: 1250px) 100vw, 1250px\" \/><\/strong><\/p>\n<p>Japonya&#8217;n\u0131n en b&uuml;y&uuml;k m&uuml;zik festivallerinden biri olan Fuji Rock Festival, 1997 y\u0131l\u0131nda ilk olarak Fuji Da\u011f\u0131&#8217;n\u0131n ba\u015flang\u0131c\u0131nda ger&ccedil;ekle\u015fmi\u015f. Ad\u0131n\u0131 da konumundan alan festival, 1999 y\u0131l\u0131ndan itibaren Niigata&#8217;daki Naeba Kayak Merkezi&#8217;nde d&uuml;zenleniyor. 7 ana b&ouml;l&uuml;me da\u011f\u0131lan bu b&uuml;y&uuml;k festivalde b&ouml;l&uuml;mler aras\u0131 y&uuml;r&uuml;y&uuml;\u015fler uzun olsa da manzaral\u0131 parkurlar olduk&ccedil;a keyifli.&nbsp;<br \/><em><strong>Ne zaman:<\/strong><\/em> 26-28 Temmuz 2019<\/p>\n<p><strong>Sziget Festival, Macaristan<\/strong><\/p>\n<p style=\"text-align: center;\"><strong><img loading=\"lazy\" decoding=\"async\" class=\"alignnone size-full wp-image-3889\" src=\"https:\/\/www.julesverne.com.tr\/\/wp-content\/uploads\/2020\/09\/sziget.jpg\" width=\"1000\" height=\"666\" alt=\"Sziget Festival\" srcset=\"https:\/\/julesverne.com.tr\/wp-content\/uploads\/2020\/09\/sziget.jpg 1000w, https:\/\/julesverne.com.tr\/wp-content\/uploads\/2020\/09\/sziget-500x333.jpg 500w, https:\/\/julesverne.com.tr\/wp-content\/uploads\/2020\/09\/sziget-768x511.jpg 768w\" sizes=\"(max-width: 1000px) 100vw, 1000px\" \/><\/strong><\/p>\n<p>Avrupa&rsquo;n\u0131n en iyi 5 festivali aras\u0131nda g&ouml;sterilen Sziget, 1993 y\u0131l\u0131ndan beri her y\u0131l m&uuml;zik severleri bulu\u015fturuyor. Budape\u015fte&#8217;de, Tuna Nehri &uuml;zerindeki &Oacute;buda Adas\u0131&#8217;nda ger&ccedil;ekle\u015fen festival bir hafta s&uuml;r&uuml;yor. &Ccedil;ok k&uuml;lt&uuml;rl&uuml; bir m&uuml;zik ve sanat festivali olan Sziget, 50&#8217;ye yak\u0131n farkl\u0131 sahne ile y&uuml;zlerce m&uuml;zisyene kucak a&ccedil;\u0131yor.<br \/><em><strong>Ne zaman:<\/strong><\/em> 07-14 A\u011fustos 2019<\/p>\n<p><strong>Burning Man, ABD<\/strong><\/p>\n<p style=\"text-align: center;\"><strong><img loading=\"lazy\" decoding=\"async\" class=\"alignnone size-full wp-image-3890\" src=\"https:\/\/www.julesverne.com.tr\/\/wp-content\/uploads\/2020\/09\/burning_man.jpg\" width=\"1280\" height=\"870\" alt=\"Burning Man\" srcset=\"https:\/\/julesverne.com.tr\/wp-content\/uploads\/2020\/09\/burning_man.jpg 1280w, https:\/\/julesverne.com.tr\/wp-content\/uploads\/2020\/09\/burning_man-500x340.jpg 500w, https:\/\/julesverne.com.tr\/wp-content\/uploads\/2020\/09\/burning_man-768x522.jpg 768w\" sizes=\"(max-width: 1280px) 100vw, 1280px\" \/><\/strong><\/p>\n<p>&#8220;Ba\u015fka bir d&uuml;nya m&uuml;mk&uuml;n&#8221; alg\u0131s\u0131yla yola &ccedil;\u0131kan iki gencin 1986 y\u0131l\u0131nda yakt\u0131\u011f\u0131 ate\u015f, 2011 y\u0131l\u0131 itibariyle t&uuml;m d&uuml;nyaya ad\u0131n\u0131 duyuran, en s\u0131ra d\u0131\u015f\u0131 festivale d&ouml;n&uuml;\u015ft&uuml;. Nevada &Ccedil;&ouml;l&uuml;&#8217;n&uuml;n ortas\u0131nda 1 hafta s&uuml;reyle ge&ccedil;ici bir \u015fehir olarak Black Rock City ad\u0131yla kendini yaratan Burning Man sanat ve kendini ifade etme festivali asl\u0131nda.&nbsp;<br \/><em><strong>Ne zaman:<\/strong><\/em> 25 A\u011fustos-2 Eyl&uuml;l 2019<\/p>\n<p><strong>Oasis Festival, Fas<\/strong><\/p>\n<p style=\"text-align: center;\"><strong><img loading=\"lazy\" decoding=\"async\" class=\"alignnone size-full wp-image-3891\" src=\"https:\/\/www.julesverne.com.tr\/\/wp-content\/uploads\/2020\/09\/oasis_2.jpg\" width=\"1000\" height=\"666\" alt=\"Oasis Festival\" srcset=\"https:\/\/julesverne.com.tr\/wp-content\/uploads\/2020\/09\/oasis_2.jpg 1000w, https:\/\/julesverne.com.tr\/wp-content\/uploads\/2020\/09\/oasis_2-500x333.jpg 500w, https:\/\/julesverne.com.tr\/wp-content\/uploads\/2020\/09\/oasis_2-768x511.jpg 768w\" sizes=\"(max-width: 1000px) 100vw, 1000px\" \/><\/strong><\/p>\n<p>Afrika&#8217;n\u0131n en mistik \u015fehirlerinden biri olan Marake\u015f yeterince b&uuml;y&uuml;leyici! Oryantal bir kimlikle hayal etti\u011fimiz Marake\u015f&#8217;i farkl\u0131 k\u0131lan ise ters k&ouml;\u015fe s&uuml;rprizleri ku\u015fkusuz!&nbsp; Kuzey Afrika g&uuml;ne\u015finde muhte\u015fem bir hafta sonu ya\u015fatan Oasis Festival, &#8220;Farkl\u0131 Bir Yerde Dans Et&#8221; mottosuyla elektronik m&uuml;zi\u011fin en iyilerini bulu\u015fturuyor.&nbsp;<br \/><em><strong>Ne zaman:<\/strong><\/em> 13-15 Eyl&uuml;l 2019<\/p>\n<p><strong>Magnetic Fields, Hindistan<\/strong><\/p>\n<p style=\"text-align: center;\"><strong><img loading=\"lazy\" decoding=\"async\" class=\"alignnone size-full wp-image-3892\" src=\"https:\/\/www.julesverne.com.tr\/\/wp-content\/uploads\/2020\/09\/Magnetic_Fields.jpg\" width=\"1200\" height=\"792\" alt=\"Magnetic Fields Rajasthan\" srcset=\"https:\/\/julesverne.com.tr\/wp-content\/uploads\/2020\/09\/Magnetic_Fields.jpg 1200w, https:\/\/julesverne.com.tr\/wp-content\/uploads\/2020\/09\/Magnetic_Fields-500x330.jpg 500w, https:\/\/julesverne.com.tr\/wp-content\/uploads\/2020\/09\/Magnetic_Fields-768x507.jpg 768w\" sizes=\"(max-width: 1200px) 100vw, 1200px\" \/><\/strong><\/p>\n<p>Rajasthan eyaletinde, &ccedil;&ouml;l&uuml;n ortas\u0131nda parlayan eski bir kale Alsisar Mahal y\u0131l\u0131n 3 g&uuml;n&uuml; fantastik bir d&uuml;nyan\u0131n kap\u0131lar\u0131n\u0131 aral\u0131yor. E\u011flencenin hi&ccedil; bitmedi\u011fi b&uuml;y&uuml;l&uuml; bir m&uuml;zikal karnavala d&ouml;n&uuml;\u015fen Magnetic Fields Festival, Hindistan&#8217;\u0131n en yeni yeteneklerine yer veriyor. \u0130nsanlar\u0131n m&uuml;zik, k&uuml;lt&uuml;r ve dansla b&uuml;t&uuml;nle\u015fti\u011fi festival her y\u0131l farkl\u0131 bir tema &uuml;zerine \u015fekilleniyor.&nbsp;<br \/><em><strong>Ne zaman:<\/strong><\/em> Aral\u0131k 2019<\/p>\n<p style=\"text-align: center;\"><strong>Size &ouml;zel seyahat program\u0131 ve rezervasyon i&ccedil;in:<\/strong><br \/><a href=\"mailto:travel@julesverne.com.tr\" target=\"_blank\" rel=\"noopener noreferrer\"><strong>travel@julesverne.com.tr<\/strong><\/a><br \/><strong>0212 266 6363 &#8211; 118<\/strong><\/p>\n<\/p>\n<p><\/p>","protected":false},"excerpt":{"rendered":"<p style=\"margin: 0cm; margin-bottom: .0001pt;\"><span style=\"font-size: 11.0pt;\"><span style=\"font-size: 14.6667px;\">M&uuml;zi\u011fe ve yenili\u011fe hay\u0131r diyemeyen gezginler i&ccedil;in 2019&#8217;un En Pop&uuml;ler M&uuml;zik Festivalleri listesini haz\u0131rlad\u0131k.<\/span><br \/><\/span><\/p>\n","protected":false},"author":1,"featured_media":2069,"comment_status":"closed","ping_status":"closed","sticky":false,"template":"","format":"standard","meta":{"inline_featured_image":false,"footnotes":""},"categories":[1],"tags":[],"acf":[],"yoast_head":"<!-- This site is optimized with the Yoast SEO plugin v22.3 - https:\/\/yoast.com\/wordpress\/plugins\/seo\/ -->\n<title>2019&#039;un En Pop\u00fcler M\u00fczik Festivalleri - JULES VERNE BUSINESS MICE TRAVEL<\/title>\n<meta name=\"description\" content=\"Sonar Barcelona&#039;dan Tomorrowland Winter&#039;a, Sziget Festivali&#039;nden Umbria Jazz Festivali&#039;ne,\u00a0Burning Man&#039;den Oasis Festival&#039;e kadar d\u00fcnyan\u0131n en iyi m\u00fczik festivalleri.\" \/>\n<meta name=\"robots\" content=\"index, follow, max-snippet:-1, max-image-preview:large, max-video-preview:-1\" \/>\n<link rel=\"canonical\" href=\"https:\/\/julesverne.com.tr\/travel-blog\/2019un-en-populer-muzik-festivalleri\/\" \/>\n<meta property=\"og:locale\" content=\"en_US\" \/>\n<meta property=\"og:type\" content=\"article\" \/>\n<meta property=\"og:title\" content=\"2019&#039;un En Pop\u00fcler M\u00fczik Festivalleri - JULES VERNE BUSINESS MICE TRAVEL\" \/>\n<meta property=\"og:description\" content=\"Sonar Barcelona&#039;dan Tomorrowland Winter&#039;a, Sziget Festivali&#039;nden Umbria Jazz Festivali&#039;ne,\u00a0Burning Man&#039;den Oasis Festival&#039;e kadar d\u00fcnyan\u0131n en iyi m\u00fczik festivalleri.\" \/>\n<meta property=\"og:url\" content=\"https:\/\/julesverne.com.tr\/travel-blog\/2019un-en-populer-muzik-festivalleri\/\" \/>\n<meta property=\"og:site_name\" content=\"JULES VERNE BUSINESS MICE TRAVEL\" \/>\n<meta property=\"article:publisher\" content=\"https:\/\/www.facebook.com\/JulesVerneBusinessMiceTravel\/\" \/>\n<meta property=\"article:published_time\" content=\"2019-02-22T12:49:24+00:00\" \/>\n<meta property=\"article:modified_time\" content=\"2024-03-22T12:12:11+00:00\" \/>\n<meta property=\"og:image\" content=\"https:\/\/julesverne.com.tr\/wp-content\/uploads\/2020\/09\/burning.jpg\" \/>\n\t<meta property=\"og:image:width\" content=\"1000\" \/>\n\t<meta property=\"og:image:height\" content=\"666\" \/>\n\t<meta property=\"og:image:type\" content=\"image\/jpeg\" \/>\n<meta name=\"author\" content=\"fikirman\" \/>\n<meta name=\"twitter:card\" content=\"summary_large_image\" \/>\n<meta name=\"twitter:creator\" content=\"@JV_BusinessMice\" \/>\n<meta name=\"twitter:site\" content=\"@JV_BusinessMice\" \/>\n<meta name=\"twitter:label1\" content=\"Written by\" \/>\n\t<meta name=\"twitter:data1\" content=\"fikirman\" \/>\n\t<meta name=\"twitter:label2\" content=\"Est. reading time\" \/>\n\t<meta name=\"twitter:data2\" content=\"10 minutes\" \/>\n<script type=\"application\/ld+json\" class=\"yoast-schema-graph\">{\"@context\":\"https:\/\/schema.org\",\"@graph\":[{\"@type\":\"Article\",\"@id\":\"https:\/\/julesverne.com.tr\/travel-blog\/2019un-en-populer-muzik-festivalleri\/#article\",\"isPartOf\":{\"@id\":\"https:\/\/julesverne.com.tr\/travel-blog\/2019un-en-populer-muzik-festivalleri\/\"},\"author\":{\"name\":\"fikirman\",\"@id\":\"https:\/\/julesverne.com.tr\/#\/schema\/person\/f4eb0514ae455538644c31b99a466fdb\"},\"headline\":\"2019&#8217;un En Pop\u00fcler M\u00fczik Festivalleri\",\"datePublished\":\"2019-02-22T12:49:24+00:00\",\"dateModified\":\"2024-03-22T12:12:11+00:00\",\"mainEntityOfPage\":{\"@id\":\"https:\/\/julesverne.com.tr\/travel-blog\/2019un-en-populer-muzik-festivalleri\/\"},\"wordCount\":2784,\"publisher\":{\"@id\":\"https:\/\/julesverne.com.tr\/#organization\"},\"image\":{\"@id\":\"https:\/\/julesverne.com.tr\/travel-blog\/2019un-en-populer-muzik-festivalleri\/#primaryimage\"},\"thumbnailUrl\":\"https:\/\/julesverne.com.tr\/wp-content\/uploads\/2020\/09\/burning.jpg\",\"articleSection\":[\"Blog\"],\"inLanguage\":\"en-US\"},{\"@type\":\"WebPage\",\"@id\":\"https:\/\/julesverne.com.tr\/travel-blog\/2019un-en-populer-muzik-festivalleri\/\",\"url\":\"https:\/\/julesverne.com.tr\/travel-blog\/2019un-en-populer-muzik-festivalleri\/\",\"name\":\"2019'un En Pop\u00fcler M\u00fczik Festivalleri - JULES VERNE BUSINESS MICE TRAVEL\",\"isPartOf\":{\"@id\":\"https:\/\/julesverne.com.tr\/#website\"},\"primaryImageOfPage\":{\"@id\":\"https:\/\/julesverne.com.tr\/travel-blog\/2019un-en-populer-muzik-festivalleri\/#primaryimage\"},\"image\":{\"@id\":\"https:\/\/julesverne.com.tr\/travel-blog\/2019un-en-populer-muzik-festivalleri\/#primaryimage\"},\"thumbnailUrl\":\"https:\/\/julesverne.com.tr\/wp-content\/uploads\/2020\/09\/burning.jpg\",\"datePublished\":\"2019-02-22T12:49:24+00:00\",\"dateModified\":\"2024-03-22T12:12:11+00:00\",\"description\":\"Sonar Barcelona'dan Tomorrowland Winter'a, Sziget Festivali'nden Umbria Jazz Festivali'ne,\u00a0Burning Man'den Oasis Festival'e kadar d\u00fcnyan\u0131n en iyi m\u00fczik festivalleri.\",\"breadcrumb\":{\"@id\":\"https:\/\/julesverne.com.tr\/travel-blog\/2019un-en-populer-muzik-festivalleri\/#breadcrumb\"},\"inLanguage\":\"en-US\",\"potentialAction\":[{\"@type\":\"ReadAction\",\"target\":[\"https:\/\/julesverne.com.tr\/travel-blog\/2019un-en-populer-muzik-festivalleri\/\"]}]},{\"@type\":\"ImageObject\",\"inLanguage\":\"en-US\",\"@id\":\"https:\/\/julesverne.com.tr\/travel-blog\/2019un-en-populer-muzik-festivalleri\/#primaryimage\",\"url\":\"https:\/\/julesverne.com.tr\/wp-content\/uploads\/2020\/09\/burning.jpg\",\"contentUrl\":\"https:\/\/julesverne.com.tr\/wp-content\/uploads\/2020\/09\/burning.jpg\",\"width\":1000,\"height\":666},{\"@type\":\"BreadcrumbList\",\"@id\":\"https:\/\/julesverne.com.tr\/travel-blog\/2019un-en-populer-muzik-festivalleri\/#breadcrumb\",\"itemListElement\":[{\"@type\":\"ListItem\",\"position\":1,\"name\":\"Anasayfa\",\"item\":\"https:\/\/julesverne.com.tr\/\"},{\"@type\":\"ListItem\",\"position\":2,\"name\":\"2019&#8217;un En Pop\u00fcler M\u00fczik Festivalleri\"}]},{\"@type\":\"WebSite\",\"@id\":\"https:\/\/julesverne.com.tr\/#website\",\"url\":\"https:\/\/julesverne.com.tr\/\",\"name\":\"JULES VERNE BUSINESS MICE TRAVEL\",\"description\":\"\",\"publisher\":{\"@id\":\"https:\/\/julesverne.com.tr\/#organization\"},\"potentialAction\":[{\"@type\":\"SearchAction\",\"target\":{\"@type\":\"EntryPoint\",\"urlTemplate\":\"https:\/\/julesverne.com.tr\/?s={search_term_string}\"},\"query-input\":\"required name=search_term_string\"}],\"inLanguage\":\"en-US\"},{\"@type\":\"Organization\",\"@id\":\"https:\/\/julesverne.com.tr\/#organization\",\"name\":\"JULES VERNE BUSINESS MICE TRAVEL\",\"url\":\"https:\/\/julesverne.com.tr\/\",\"logo\":{\"@type\":\"ImageObject\",\"inLanguage\":\"en-US\",\"@id\":\"https:\/\/julesverne.com.tr\/#\/schema\/logo\/image\/\",\"url\":\"https:\/\/julesverne.com.tr\/wp-content\/uploads\/2020\/09\/jv-bmt-logo.png\",\"contentUrl\":\"https:\/\/julesverne.com.tr\/wp-content\/uploads\/2020\/09\/jv-bmt-logo.png\",\"width\":110,\"height\":81,\"caption\":\"JULES VERNE BUSINESS MICE TRAVEL\"},\"image\":{\"@id\":\"https:\/\/julesverne.com.tr\/#\/schema\/logo\/image\/\"},\"sameAs\":[\"https:\/\/www.facebook.com\/JulesVerneBusinessMiceTravel\/\",\"https:\/\/twitter.com\/JV_BusinessMice\",\"https:\/\/www.instagram.com\/julesvernebusinessmicetravel\/\",\"https:\/\/www.linkedin.com\/company\/julesvernebusinessmicetravel\/\",\"https:\/\/www.youtube.com\/channel\/UCAwdsmbZ6tFhu1tea6pkpiw\"]},{\"@type\":\"Person\",\"@id\":\"https:\/\/julesverne.com.tr\/#\/schema\/person\/f4eb0514ae455538644c31b99a466fdb\",\"name\":\"fikirman\",\"sameAs\":[\"http:\/\/advermedya.net\/julesverne\"],\"url\":\"https:\/\/julesverne.com.tr\/en\/author\/fikirman\/\"}]}<\/script>\n<!-- \/ Yoast SEO plugin. -->","yoast_head_json":{"title":"2019'un En Pop\u00fcler M\u00fczik Festivalleri - JULES VERNE BUSINESS MICE TRAVEL","description":"Sonar Barcelona'dan Tomorrowland Winter'a, Sziget Festivali'nden Umbria Jazz Festivali'ne,\u00a0Burning Man'den Oasis Festival'e kadar d\u00fcnyan\u0131n en iyi m\u00fczik festivalleri.","robots":{"index":"index","follow":"follow","max-snippet":"max-snippet:-1","max-image-preview":"max-image-preview:large","max-video-preview":"max-video-preview:-1"},"canonical":"https:\/\/julesverne.com.tr\/travel-blog\/2019un-en-populer-muzik-festivalleri\/","og_locale":"en_US","og_type":"article","og_title":"2019'un En Pop\u00fcler M\u00fczik Festivalleri - JULES VERNE BUSINESS MICE TRAVEL","og_description":"Sonar Barcelona'dan Tomorrowland Winter'a, Sziget Festivali'nden Umbria Jazz Festivali'ne,\u00a0Burning Man'den Oasis Festival'e kadar d\u00fcnyan\u0131n en iyi m\u00fczik festivalleri.","og_url":"https:\/\/julesverne.com.tr\/travel-blog\/2019un-en-populer-muzik-festivalleri\/","og_site_name":"JULES VERNE BUSINESS MICE TRAVEL","article_publisher":"https:\/\/www.facebook.com\/JulesVerneBusinessMiceTravel\/","article_published_time":"2019-02-22T12:49:24+00:00","article_modified_time":"2024-03-22T12:12:11+00:00","og_image":[{"width":1000,"height":666,"url":"https:\/\/julesverne.com.tr\/wp-content\/uploads\/2020\/09\/burning.jpg","type":"image\/jpeg"}],"author":"fikirman","twitter_card":"summary_large_image","twitter_creator":"@JV_BusinessMice","twitter_site":"@JV_BusinessMice","twitter_misc":{"Written by":"fikirman","Est. reading time":"10 minutes"},"schema":{"@context":"https:\/\/schema.org","@graph":[{"@type":"Article","@id":"https:\/\/julesverne.com.tr\/travel-blog\/2019un-en-populer-muzik-festivalleri\/#article","isPartOf":{"@id":"https:\/\/julesverne.com.tr\/travel-blog\/2019un-en-populer-muzik-festivalleri\/"},"author":{"name":"fikirman","@id":"https:\/\/julesverne.com.tr\/#\/schema\/person\/f4eb0514ae455538644c31b99a466fdb"},"headline":"2019&#8217;un En Pop\u00fcler M\u00fczik Festivalleri","datePublished":"2019-02-22T12:49:24+00:00","dateModified":"2024-03-22T12:12:11+00:00","mainEntityOfPage":{"@id":"https:\/\/julesverne.com.tr\/travel-blog\/2019un-en-populer-muzik-festivalleri\/"},"wordCount":2784,"publisher":{"@id":"https:\/\/julesverne.com.tr\/#organization"},"image":{"@id":"https:\/\/julesverne.com.tr\/travel-blog\/2019un-en-populer-muzik-festivalleri\/#primaryimage"},"thumbnailUrl":"https:\/\/julesverne.com.tr\/wp-content\/uploads\/2020\/09\/burning.jpg","articleSection":["Blog"],"inLanguage":"en-US"},{"@type":"WebPage","@id":"https:\/\/julesverne.com.tr\/travel-blog\/2019un-en-populer-muzik-festivalleri\/","url":"https:\/\/julesverne.com.tr\/travel-blog\/2019un-en-populer-muzik-festivalleri\/","name":"2019'un En Pop\u00fcler M\u00fczik Festivalleri - JULES VERNE BUSINESS MICE TRAVEL","isPartOf":{"@id":"https:\/\/julesverne.com.tr\/#website"},"primaryImageOfPage":{"@id":"https:\/\/julesverne.com.tr\/travel-blog\/2019un-en-populer-muzik-festivalleri\/#primaryimage"},"image":{"@id":"https:\/\/julesverne.com.tr\/travel-blog\/2019un-en-populer-muzik-festivalleri\/#primaryimage"},"thumbnailUrl":"https:\/\/julesverne.com.tr\/wp-content\/uploads\/2020\/09\/burning.jpg","datePublished":"2019-02-22T12:49:24+00:00","dateModified":"2024-03-22T12:12:11+00:00","description":"Sonar Barcelona'dan Tomorrowland Winter'a, Sziget Festivali'nden Umbria Jazz Festivali'ne,\u00a0Burning Man'den Oasis Festival'e kadar d\u00fcnyan\u0131n en iyi m\u00fczik festivalleri.","breadcrumb":{"@id":"https:\/\/julesverne.com.tr\/travel-blog\/2019un-en-populer-muzik-festivalleri\/#breadcrumb"},"inLanguage":"en-US","potentialAction":[{"@type":"ReadAction","target":["https:\/\/julesverne.com.tr\/travel-blog\/2019un-en-populer-muzik-festivalleri\/"]}]},{"@type":"ImageObject","inLanguage":"en-US","@id":"https:\/\/julesverne.com.tr\/travel-blog\/2019un-en-populer-muzik-festivalleri\/#primaryimage","url":"https:\/\/julesverne.com.tr\/wp-content\/uploads\/2020\/09\/burning.jpg","contentUrl":"https:\/\/julesverne.com.tr\/wp-content\/uploads\/2020\/09\/burning.jpg","width":1000,"height":666},{"@type":"BreadcrumbList","@id":"https:\/\/julesverne.com.tr\/travel-blog\/2019un-en-populer-muzik-festivalleri\/#breadcrumb","itemListElement":[{"@type":"ListItem","position":1,"name":"Anasayfa","item":"https:\/\/julesverne.com.tr\/"},{"@type":"ListItem","position":2,"name":"2019&#8217;un En Pop\u00fcler M\u00fczik Festivalleri"}]},{"@type":"WebSite","@id":"https:\/\/julesverne.com.tr\/#website","url":"https:\/\/julesverne.com.tr\/","name":"JULES VERNE BUSINESS MICE TRAVEL","description":"","publisher":{"@id":"https:\/\/julesverne.com.tr\/#organization"},"potentialAction":[{"@type":"SearchAction","target":{"@type":"EntryPoint","urlTemplate":"https:\/\/julesverne.com.tr\/?s={search_term_string}"},"query-input":"required name=search_term_string"}],"inLanguage":"en-US"},{"@type":"Organization","@id":"https:\/\/julesverne.com.tr\/#organization","name":"JULES VERNE BUSINESS MICE TRAVEL","url":"https:\/\/julesverne.com.tr\/","logo":{"@type":"ImageObject","inLanguage":"en-US","@id":"https:\/\/julesverne.com.tr\/#\/schema\/logo\/image\/","url":"https:\/\/julesverne.com.tr\/wp-content\/uploads\/2020\/09\/jv-bmt-logo.png","contentUrl":"https:\/\/julesverne.com.tr\/wp-content\/uploads\/2020\/09\/jv-bmt-logo.png","width":110,"height":81,"caption":"JULES VERNE BUSINESS MICE TRAVEL"},"image":{"@id":"https:\/\/julesverne.com.tr\/#\/schema\/logo\/image\/"},"sameAs":["https:\/\/www.facebook.com\/JulesVerneBusinessMiceTravel\/","https:\/\/twitter.com\/JV_BusinessMice","https:\/\/www.instagram.com\/julesvernebusinessmicetravel\/","https:\/\/www.linkedin.com\/company\/julesvernebusinessmicetravel\/","https:\/\/www.youtube.com\/channel\/UCAwdsmbZ6tFhu1tea6pkpiw"]},{"@type":"Person","@id":"https:\/\/julesverne.com.tr\/#\/schema\/person\/f4eb0514ae455538644c31b99a466fdb","name":"fikirman","sameAs":["http:\/\/advermedya.net\/julesverne"],"url":"https:\/\/julesverne.com.tr\/en\/author\/fikirman\/"}]}},"_links":{"self":[{"href":"https:\/\/julesverne.com.tr\/en\/wp-json\/wp\/v2\/posts\/2068"}],"collection":[{"href":"https:\/\/julesverne.com.tr\/en\/wp-json\/wp\/v2\/posts"}],"about":[{"href":"https:\/\/julesverne.com.tr\/en\/wp-json\/wp\/v2\/types\/post"}],"author":[{"embeddable":true,"href":"https:\/\/julesverne.com.tr\/en\/wp-json\/wp\/v2\/users\/1"}],"replies":[{"embeddable":true,"href":"https:\/\/julesverne.com.tr\/en\/wp-json\/wp\/v2\/comments?post=2068"}],"version-history":[{"count":1,"href":"https:\/\/julesverne.com.tr\/en\/wp-json\/wp\/v2\/posts\/2068\/revisions"}],"predecessor-version":[{"id":17047,"href":"https:\/\/julesverne.com.tr\/en\/wp-json\/wp\/v2\/posts\/2068\/revisions\/17047"}],"wp:featuredmedia":[{"embeddable":true,"href":"https:\/\/julesverne.com.tr\/en\/wp-json\/wp\/v2\/media\/2069"}],"wp:attachment":[{"href":"https:\/\/julesverne.com.tr\/en\/wp-json\/wp\/v2\/media?parent=2068"}],"wp:term":[{"taxonomy":"category","embeddable":true,"href":"https:\/\/julesverne.com.tr\/en\/wp-json\/wp\/v2\/categories?post=2068"},{"taxonomy":"post_tag","embeddable":true,"href":"https:\/\/julesverne.com.tr\/en\/wp-json\/wp\/v2\/tags?post=2068"}],"curies":[{"name":"wp","href":"https:\/\/api.w.org\/{rel}","templated":true}]}}