{"id":2066,"date":"2019-02-21T11:44:12","date_gmt":"2019-02-21T08:44:12","guid":{"rendered":"https:\/\/www.julesverne.com.tr\/\/blog\/bu-bahar-turkiyeyi-bilinmeyenleriyle-kesfedin\/"},"modified":"2021-03-04T15:14:00","modified_gmt":"2021-03-04T12:14:00","slug":"bu-bahar-turkiyeyi-bilinmeyenleriyle-kesfedin","status":"publish","type":"post","link":"https:\/\/julesverne.com.tr\/en\/travel-blog\/bu-bahar-turkiyeyi-bilinmeyenleriyle-kesfedin\/","title":{"rendered":"Bu Bahar, T\u00fcrkiye&#8217;yi Bilinmeyenleriyle Ke\u015ffedin!"},"content":{"rendered":"<p><p style=\"text-align: center;\"><img loading=\"lazy\" decoding=\"async\" class=\"alignnone size-full wp-image-3894\" src=\"https:\/\/www.julesverne.com.tr\/\/wp-content\/uploads\/2020\/09\/baksi_muzesi_manzara-2.jpg\" width=\"1000\" height=\"667\" alt=\"baks\u0131 m&uuml;zesi jules verne gezi\" srcset=\"https:\/\/julesverne.com.tr\/wp-content\/uploads\/2020\/09\/baksi_muzesi_manzara-2.jpg 1000w, https:\/\/julesverne.com.tr\/wp-content\/uploads\/2020\/09\/baksi_muzesi_manzara-2-500x334.jpg 500w, https:\/\/julesverne.com.tr\/wp-content\/uploads\/2020\/09\/baksi_muzesi_manzara-2-768x512.jpg 768w\" sizes=\"(max-width: 1000px) 100vw, 1000px\" \/><\/p>\n<p>\u0130lk cemre d&uuml;\u015ft&uuml;\u011f&uuml;ne g&ouml;re bahar\u0131n geli\u015fini m&uuml;jdeleyebiliriz&hellip; Bu bahar sizi, T&uuml;rkiye&rsquo;nin birbirinden &ouml;zel rotalar\u0131n\u0131 gizli kalan g&uuml;zellikleriyle gezmeye davet ediyoruz.&nbsp;<\/p>\n<p>Mezopotamya&#8217;n\u0131n incisi Mardin&#8217;den ba\u011flar\u0131n ortas\u0131ndaki \u015farap ve sanat s\u0131\u011f\u0131na\u011f\u0131 Hotel Caeli&#8217;ye, 2019 G&ouml;beklitepe y\u0131l\u0131nda d&uuml;nyan\u0131n bilinen en eski tap\u0131na\u011f\u0131 olan G&ouml;beklitepe &amp; Gaziantep &amp; \u015eanl\u0131urfa gezisinden Do\u011fu Anadolu&rsquo;nun gizli hazineleri Baks\u0131 M&uuml;zesi &amp; Erzurum &amp; Bayburt gezisine, tarihin g&uuml;l hasad\u0131 ile bulu\u015ftu\u011fu Isparta gezisinden&nbsp;Hitit \u0130mparatorlu\u011fu&acute;nun ba\u015fkenti Hattu\u015fa&#8217;ya kadar T&uuml;rkiye&#8217;yi bilinmeyenleriyle sil ba\u015ftan ke\u015ffetmenin tam zaman\u0131!<\/p>\n<h3 style=\"text-align: center;\"><a href=\"http:\/\/gezi.julesverne.com.tr\/geziler\/yurt-ici-ozel-gezilerimiz\/Mezapotamya'da%20Do%C4%9Fan%20G%C3%BCne%C5%9F:%20Mardin\" target=\"_blank\" rel=\"noopener noreferrer\"><strong>Mezapotamya&#8217;da Do\u011fan G&uuml;ne\u015f: Mardin<\/strong><\/a><\/h3>\n<h4 style=\"text-align: center;\"><strong>22 &#8211; 24&nbsp;Mart 2019&nbsp;<\/strong><\/h4>\n<p style=\"text-align: center;\"><a href=\"http:\/\/gezi.julesverne.com.tr\/geziler\/yurt-ici-ozel-gezilerimiz\/Mezapotamya'da%20Do%C4%9Fan%20G%C3%BCne%C5%9F:%20Mardin\" target=\"_blank\" rel=\"noopener noreferrer\"><strong><img loading=\"lazy\" decoding=\"async\" class=\"alignnone size-full wp-image-3895\" src=\"https:\/\/www.julesverne.com.tr\/\/wp-content\/uploads\/2020\/09\/mardin_view6_kucuk_boyut.jpg\" width=\"990\" height=\"659\" alt=\"mardin jules verne gezi\" srcset=\"https:\/\/julesverne.com.tr\/wp-content\/uploads\/2020\/09\/mardin_view6_kucuk_boyut.jpg 990w, https:\/\/julesverne.com.tr\/wp-content\/uploads\/2020\/09\/mardin_view6_kucuk_boyut-500x333.jpg 500w, https:\/\/julesverne.com.tr\/wp-content\/uploads\/2020\/09\/mardin_view6_kucuk_boyut-768x511.jpg 768w\" sizes=\"(max-width: 990px) 100vw, 990px\" \/><\/strong><\/a><\/p>\n<h4><strong>Mardin&#8217;de dini inanca g&ouml;re ev kap\u0131lar\u0131ndaki i\u015flemelerin de\u011fi\u015fti\u011fini biliyor muydunuz?<\/strong><\/h4>\n<h3 style=\"text-align: center;\"><a href=\"http:\/\/gezi.julesverne.com.tr\/geziler\/yurt-ici-ozel-gezilerimiz\/baglarin-ortasinda-kis-deneyimi-hotel-caeli\" target=\"_blank\" rel=\"noopener noreferrer\"><strong>\u015eehirden Ka&ccedil;\u0131\u015f: Hotel Caeli&rsquo;de Hafta Sonu<\/strong><\/a><\/h3>\n<h4 style=\"text-align: center;\"><strong>21 \u015eubat &#8211; 31 Mart 2019<\/strong><\/h4>\n<p style=\"text-align: center;\"><a href=\"http:\/\/gezi.julesverne.com.tr\/geziler\/yurt-ici-ozel-gezilerimiz\/baglarin-ortasinda-kis-deneyimi-hotel-caeli\" target=\"_blank\" rel=\"noopener noreferrer\"><strong><img loading=\"lazy\" decoding=\"async\" class=\"alignnone size-full wp-image-3896\" src=\"https:\/\/www.julesverne.com.tr\/\/wp-content\/uploads\/2020\/09\/caeli_bahce.jpg\" width=\"1022\" height=\"723\" alt=\"hotel caeli jules verne gezi\" srcset=\"https:\/\/julesverne.com.tr\/wp-content\/uploads\/2020\/09\/caeli_bahce.jpg 1022w, https:\/\/julesverne.com.tr\/wp-content\/uploads\/2020\/09\/caeli_bahce-500x354.jpg 500w, https:\/\/julesverne.com.tr\/wp-content\/uploads\/2020\/09\/caeli_bahce-768x543.jpg 768w\" sizes=\"(max-width: 1022px) 100vw, 1022px\" \/><\/strong><\/a><\/p>\n<h4><strong>Hotel Caeli&#8217;nin 170 hektarl\u0131k ba\u011f alan\u0131yla &ccedil;evrili oldu\u011funu ve 12.500 m2 alana kurulan Porta Caeli \u015earaphanesi&#8217;ne sahip oldu\u011funu biliyor muydunuz?<\/strong><\/h4>\n<h3 style=\"text-align: center;\"><a href=\"http:\/\/gezi.julesverne.com.tr\/geziler\/yurt-ici-ozel-gezilerimiz\/2019-gobeklitepe-yili-esliginde-sanliurfa\" target=\"_blank\" rel=\"noopener noreferrer\"><strong>2019 &ldquo;G&ouml;beklitepe Y\u0131l\u0131&rdquo;nda \u015eanl\u0131urfa &amp; Gaziantep<\/strong><\/a><\/h3>\n<h4 style=\"text-align: center;\"><strong>05 &ndash; 07 Nisan 2019<\/strong><\/h4>\n<p style=\"text-align: center;\"><strong><img loading=\"lazy\" decoding=\"async\" class=\"alignnone size-full wp-image-3897\" src=\"https:\/\/www.julesverne.com.tr\/\/wp-content\/uploads\/2020\/09\/Gobekli-Tepe.jpg\" width=\"1170\" height=\"780\" alt=\"g&ouml;beklitepe jules verne gezi\" srcset=\"https:\/\/julesverne.com.tr\/wp-content\/uploads\/2020\/09\/Gobekli-Tepe.jpg 1170w, https:\/\/julesverne.com.tr\/wp-content\/uploads\/2020\/09\/Gobekli-Tepe-500x333.jpg 500w, https:\/\/julesverne.com.tr\/wp-content\/uploads\/2020\/09\/Gobekli-Tepe-768x512.jpg 768w\" sizes=\"(max-width: 1170px) 100vw, 1170px\" \/><\/strong><\/p>\n<h4 style=\"text-align: left;\"><strong>G&ouml;beklitepe&#8217;de resmedilen aslan fig&uuml;r&uuml;n&uuml;n, insan taraf\u0131ndan tehlikeli ve vah\u015fi bir t&uuml;r olarak g&ouml;r&uuml;ld&uuml;\u011f&uuml;n&uuml; biliyor muydunuz?<\/strong><\/h4>\n<h3 style=\"text-align: center;\"><strong><a href=\"http:\/\/gezi.julesverne.com.tr\/geziler\/yurt-ici-ozel-gezilerimiz\/dogu-anadolu-nun-gizli-hazineleri-erzurum-bayburt-baksi-muzesi\" target=\"_blank\" rel=\"noopener noreferrer\">Do\u011fu Anadolu&rsquo;nun Gizli Hazineleri: Erzurum &amp; Bayburt &amp; Baks\u0131 M&uuml;zesi<\/a><\/strong><\/h3>\n<p style=\"text-align: center;\"><strong>10 May\u0131s &#8211; 12 May\u0131s 2019<\/strong><\/p>\n<p style=\"text-align: center;\"><strong><img loading=\"lazy\" decoding=\"async\" class=\"alignnone size-full wp-image-3898\" src=\"https:\/\/www.julesverne.com.tr\/\/wp-content\/uploads\/2020\/09\/slider-home-3.jpg\" width=\"1280\" height=\"853\" alt=\"baks\u0131 m&uuml;zesi jules verne gezi\" srcset=\"https:\/\/julesverne.com.tr\/wp-content\/uploads\/2020\/09\/slider-home-3.jpg 1280w, https:\/\/julesverne.com.tr\/wp-content\/uploads\/2020\/09\/slider-home-3-500x333.jpg 500w, https:\/\/julesverne.com.tr\/wp-content\/uploads\/2020\/09\/slider-home-3-768x512.jpg 768w\" sizes=\"(max-width: 1280px) 100vw, 1280px\" \/><\/strong><\/p>\n<h4><strong>&#8220;\u0130yi ki orada do\u011fmu\u015fum, iyi ki do\u011faya bu kadar yak\u0131nm\u0131\u015f\u0131m, iyi ki &ccedil;ok masal dinlemi\u015fim&#8221; diyen Prof. Dr. H&uuml;samettin Ko&ccedil;an&#8217;\u0131n mucizesi Baks\u0131 M&uuml;zesi&#8217;ni kendi do\u011fdu\u011fu k&ouml;yde kurdu\u011funu biliyor muydunuz?<\/strong><\/h4>\n<h3 style=\"text-align: center;\"><a href=\"http:\/\/gezi.julesverne.com.tr\/geziler\/yurt-ici-ozel-gezilerimiz\/hititlerin-batmayan-gunesi-hattusa-antik-kenti\" target=\"_blank\" rel=\"noopener noreferrer\"><strong>Hititlerin Batmayan G&uuml;ne\u015fi Hattu\u015fa Antik Kenti<\/strong><\/a><\/h3>\n<h4 style=\"text-align: center;\"><strong>18 May\u0131s &#8211; 19 May\u0131s 2019<\/strong><\/h4>\n<p style=\"text-align: center;\"><strong><img loading=\"lazy\" decoding=\"async\" class=\"alignnone size-full wp-image-3899\" src=\"https:\/\/www.julesverne.com.tr\/\/wp-content\/uploads\/2020\/09\/hattusa_night_kucuk_boyut_v.2.jpg\" width=\"899\" height=\"695\" alt=\"hattu\u015fa jules verne gezi\" srcset=\"https:\/\/julesverne.com.tr\/wp-content\/uploads\/2020\/09\/hattusa_night_kucuk_boyut_v.2.jpg 899w, https:\/\/julesverne.com.tr\/wp-content\/uploads\/2020\/09\/hattusa_night_kucuk_boyut_v.2-500x387.jpg 500w, https:\/\/julesverne.com.tr\/wp-content\/uploads\/2020\/09\/hattusa_night_kucuk_boyut_v.2-768x594.jpg 768w\" sizes=\"(max-width: 899px) 100vw, 899px\" \/><\/strong><\/p>\n<h4 style=\"text-align: left;\"><strong>Hitit rit&uuml;ellerine g&ouml;re bo\u011fa bi&ccedil;imli i&ccedil;me kab\u0131n\u0131 imparatorlu\u011fun &uuml;st d&uuml;zey y&ouml;neticilerinin kulland\u0131\u011f\u0131n\u0131 biliyor muydunuz?<\/strong><strong><a href=\"http:\/\/gezi.julesverne.com.tr\/geziler\/yurt-ici-ozel-gezilerimiz\/hititlerin-batmayan-gunesi-hattusa-antik-kenti\" target=\"_blank\" rel=\"noopener noreferrer\"><br \/><\/a><\/strong><\/h4>\n<h3 style=\"text-align: center;\"><strong><a href=\"http:\/\/gezi.julesverne.com.tr\/geziler\/yurt-ici-ozel-gezilerimiz\/antik-kentlerin-kral-yolunun-gul-hasadinin-anavatani-isparta\" target=\"_blank\" rel=\"noopener noreferrer\">Antik Kentlerin, Kral Yolunun, G&uuml;l Hasad\u0131n\u0131n Anavatan\u0131 Isparta<\/a><\/strong><\/h3>\n<h4 style=\"text-align: center;\"><strong>24 May\u0131s &#8211; 26 May\u0131s 2019<\/strong><\/h4>\n<p><img loading=\"lazy\" decoding=\"async\" class=\"alignnone size-full wp-image-3900\" src=\"https:\/\/www.julesverne.com.tr\/\/wp-content\/uploads\/2020\/09\/Bastona-gizlenen-fidandan-dunyanin-gul-bahcesine-uzanan-seruven-15.jpg\" width=\"1024\" height=\"683\" alt=\"\u0131sparta g&uuml;l hasad\u0131 jules verne gezi\" srcset=\"https:\/\/julesverne.com.tr\/wp-content\/uploads\/2020\/09\/Bastona-gizlenen-fidandan-dunyanin-gul-bahcesine-uzanan-seruven-15.jpg 1024w, https:\/\/julesverne.com.tr\/wp-content\/uploads\/2020\/09\/Bastona-gizlenen-fidandan-dunyanin-gul-bahcesine-uzanan-seruven-15-500x333.jpg 500w, https:\/\/julesverne.com.tr\/wp-content\/uploads\/2020\/09\/Bastona-gizlenen-fidandan-dunyanin-gul-bahcesine-uzanan-seruven-15-768x512.jpg 768w\" sizes=\"(max-width: 1024px) 100vw, 1024px\" \/><\/p>\n<h4 style=\"text-align: left;\"><strong>Isparta&#8217;n\u0131n ilk g&uuml;l ya\u011f\u0131 damlas\u0131na 1892 y\u0131l\u0131nda kavu\u015ftu\u011funu, d&uuml;nyada g&uuml;l ya\u011f\u0131 &uuml;retiminin y&uuml;zde 65&rsquo;ini kar\u015f\u0131lad\u0131\u011f\u0131n\u0131 biliyor muydunuz?<\/p>\n<p><\/strong><\/h4>\n<h4 style=\"text-align: center;\"><a href=\"http:\/\/gezi.julesverne.com.tr\/gezi-takvimi\" target=\"_blank\" rel=\"noopener noreferrer\"><strong><img loading=\"lazy\" decoding=\"async\" class=\"alignnone size-full wp-image-3901\" src=\"https:\/\/www.julesverne.com.tr\/\/wp-content\/uploads\/2020\/09\/Baharda_Turkiye_yi_Kesfe_Cikiyoruz__.png\" width=\"750\" height=\"500\" alt=\"jules verne 2019 gezi takvimi\" srcset=\"https:\/\/julesverne.com.tr\/wp-content\/uploads\/2020\/09\/Baharda_Turkiye_yi_Kesfe_Cikiyoruz__.png 750w, https:\/\/julesverne.com.tr\/wp-content\/uploads\/2020\/09\/Baharda_Turkiye_yi_Kesfe_Cikiyoruz__-500x333.png 500w\" sizes=\"(max-width: 750px) 100vw, 750px\" \/><\/strong><\/a><\/h4>\n<h4 style=\"text-align: center;\"><strong>2019 Gezi programlar\u0131m\u0131z ile ilgili detayl\u0131 bilgi ve rezervasyon i&ccedil;in:<\/strong><br \/><a href=\"mailto:travel@julesverne.com.tr\" target=\"_blank\" rel=\"noopener noreferrer\"><strong>travel@julesverne.com.tr<\/strong><\/a><br \/><strong>0212 266 6363 &#8211; 137<\/strong><\/h4><\/p>\n","protected":false},"excerpt":{"rendered":"<p>\u0130lk cemre d&uuml;\u015ft&uuml;\u011f&uuml;ne g&ouml;re bahar\u0131n geli\u015fini m&uuml;jdeleyebiliriz&hellip; Bu bahar sizi, T&uuml;rkiye&rsquo;nin birbirinden&nbsp;&ouml;zel rotalar\u0131n\u0131 gizli kalan g&uuml;zellikleriyle gezmeye davet ediyoruz.&nbsp;<\/p>\n","protected":false},"author":1,"featured_media":2067,"comment_status":"closed","ping_status":"closed","sticky":false,"template":"","format":"standard","meta":{"inline_featured_image":false,"footnotes":""},"categories":[1,39],"tags":[],"acf":[],"yoast_head":"<!-- This site is optimized with the Yoast SEO plugin v22.3 - https:\/\/yoast.com\/wordpress\/plugins\/seo\/ -->\n<title>Bu Bahar, T\u00fcrkiye&#039;yi Bilinmeyenleriyle Ke\u015ffedin! - JULES VERNE BUSINESS MICE TRAVEL<\/title>\n<meta name=\"robots\" content=\"index, follow, max-snippet:-1, max-image-preview:large, max-video-preview:-1\" \/>\n<link rel=\"canonical\" href=\"https:\/\/julesverne.com.tr\/travel-blog\/bu-bahar-turkiyeyi-bilinmeyenleriyle-kesfedin\/\" \/>\n<meta property=\"og:locale\" content=\"en_US\" \/>\n<meta property=\"og:type\" content=\"article\" \/>\n<meta property=\"og:title\" content=\"Bu Bahar, T\u00fcrkiye&#039;yi Bilinmeyenleriyle Ke\u015ffedin! - JULES VERNE BUSINESS MICE TRAVEL\" \/>\n<meta property=\"og:description\" content=\"\u0130lk cemre d&uuml;\u015ft&uuml;\u011f&uuml;ne g&ouml;re bahar\u0131n geli\u015fini m&uuml;jdeleyebiliriz&hellip; Bu bahar sizi, T&uuml;rkiye&rsquo;nin birbirinden&nbsp;&ouml;zel rotalar\u0131n\u0131 gizli kalan g&uuml;zellikleriyle gezmeye davet ediyoruz.&nbsp;\" \/>\n<meta property=\"og:url\" content=\"https:\/\/julesverne.com.tr\/travel-blog\/bu-bahar-turkiyeyi-bilinmeyenleriyle-kesfedin\/\" \/>\n<meta property=\"og:site_name\" content=\"JULES VERNE BUSINESS MICE TRAVEL\" \/>\n<meta property=\"article:publisher\" content=\"https:\/\/www.facebook.com\/JulesVerneBusinessMiceTravel\/\" \/>\n<meta property=\"article:published_time\" content=\"2019-02-21T08:44:12+00:00\" \/>\n<meta property=\"article:modified_time\" content=\"2021-03-04T12:14:00+00:00\" \/>\n<meta property=\"og:image\" content=\"https:\/\/julesverne.com.tr\/wp-content\/uploads\/2020\/09\/baksi_muzesi_manzara.jpg\" \/>\n\t<meta property=\"og:image:width\" content=\"1000\" \/>\n\t<meta property=\"og:image:height\" content=\"667\" \/>\n\t<meta property=\"og:image:type\" content=\"image\/jpeg\" \/>\n<meta name=\"author\" content=\"fikirman\" \/>\n<meta name=\"twitter:card\" content=\"summary_large_image\" \/>\n<meta name=\"twitter:creator\" content=\"@JV_BusinessMice\" \/>\n<meta name=\"twitter:site\" content=\"@JV_BusinessMice\" \/>\n<meta name=\"twitter:label1\" content=\"Written by\" \/>\n\t<meta name=\"twitter:data1\" content=\"fikirman\" \/>\n\t<meta name=\"twitter:label2\" content=\"Est. reading time\" \/>\n\t<meta name=\"twitter:data2\" content=\"2 minutes\" \/>\n<script type=\"application\/ld+json\" class=\"yoast-schema-graph\">{\"@context\":\"https:\/\/schema.org\",\"@graph\":[{\"@type\":\"Article\",\"@id\":\"https:\/\/julesverne.com.tr\/travel-blog\/bu-bahar-turkiyeyi-bilinmeyenleriyle-kesfedin\/#article\",\"isPartOf\":{\"@id\":\"https:\/\/julesverne.com.tr\/travel-blog\/bu-bahar-turkiyeyi-bilinmeyenleriyle-kesfedin\/\"},\"author\":{\"name\":\"fikirman\",\"@id\":\"https:\/\/julesverne.com.tr\/#\/schema\/person\/f4eb0514ae455538644c31b99a466fdb\"},\"headline\":\"Bu Bahar, T\u00fcrkiye&#8217;yi Bilinmeyenleriyle Ke\u015ffedin!\",\"datePublished\":\"2019-02-21T08:44:12+00:00\",\"dateModified\":\"2021-03-04T12:14:00+00:00\",\"mainEntityOfPage\":{\"@id\":\"https:\/\/julesverne.com.tr\/travel-blog\/bu-bahar-turkiyeyi-bilinmeyenleriyle-kesfedin\/\"},\"wordCount\":434,\"publisher\":{\"@id\":\"https:\/\/julesverne.com.tr\/#organization\"},\"image\":{\"@id\":\"https:\/\/julesverne.com.tr\/travel-blog\/bu-bahar-turkiyeyi-bilinmeyenleriyle-kesfedin\/#primaryimage\"},\"thumbnailUrl\":\"https:\/\/julesverne.com.tr\/wp-content\/uploads\/2020\/09\/baksi_muzesi_manzara.jpg\",\"articleSection\":[\"Blog\",\"Nereye Gitsek?\"],\"inLanguage\":\"en-US\"},{\"@type\":\"WebPage\",\"@id\":\"https:\/\/julesverne.com.tr\/travel-blog\/bu-bahar-turkiyeyi-bilinmeyenleriyle-kesfedin\/\",\"url\":\"https:\/\/julesverne.com.tr\/travel-blog\/bu-bahar-turkiyeyi-bilinmeyenleriyle-kesfedin\/\",\"name\":\"Bu Bahar, T\u00fcrkiye'yi Bilinmeyenleriyle Ke\u015ffedin! - JULES VERNE BUSINESS MICE TRAVEL\",\"isPartOf\":{\"@id\":\"https:\/\/julesverne.com.tr\/#website\"},\"primaryImageOfPage\":{\"@id\":\"https:\/\/julesverne.com.tr\/travel-blog\/bu-bahar-turkiyeyi-bilinmeyenleriyle-kesfedin\/#primaryimage\"},\"image\":{\"@id\":\"https:\/\/julesverne.com.tr\/travel-blog\/bu-bahar-turkiyeyi-bilinmeyenleriyle-kesfedin\/#primaryimage\"},\"thumbnailUrl\":\"https:\/\/julesverne.com.tr\/wp-content\/uploads\/2020\/09\/baksi_muzesi_manzara.jpg\",\"datePublished\":\"2019-02-21T08:44:12+00:00\",\"dateModified\":\"2021-03-04T12:14:00+00:00\",\"breadcrumb\":{\"@id\":\"https:\/\/julesverne.com.tr\/travel-blog\/bu-bahar-turkiyeyi-bilinmeyenleriyle-kesfedin\/#breadcrumb\"},\"inLanguage\":\"en-US\",\"potentialAction\":[{\"@type\":\"ReadAction\",\"target\":[\"https:\/\/julesverne.com.tr\/travel-blog\/bu-bahar-turkiyeyi-bilinmeyenleriyle-kesfedin\/\"]}]},{\"@type\":\"ImageObject\",\"inLanguage\":\"en-US\",\"@id\":\"https:\/\/julesverne.com.tr\/travel-blog\/bu-bahar-turkiyeyi-bilinmeyenleriyle-kesfedin\/#primaryimage\",\"url\":\"https:\/\/julesverne.com.tr\/wp-content\/uploads\/2020\/09\/baksi_muzesi_manzara.jpg\",\"contentUrl\":\"https:\/\/julesverne.com.tr\/wp-content\/uploads\/2020\/09\/baksi_muzesi_manzara.jpg\",\"width\":1000,\"height\":667},{\"@type\":\"BreadcrumbList\",\"@id\":\"https:\/\/julesverne.com.tr\/travel-blog\/bu-bahar-turkiyeyi-bilinmeyenleriyle-kesfedin\/#breadcrumb\",\"itemListElement\":[{\"@type\":\"ListItem\",\"position\":1,\"name\":\"Anasayfa\",\"item\":\"https:\/\/julesverne.com.tr\/\"},{\"@type\":\"ListItem\",\"position\":2,\"name\":\"Bu Bahar, T\u00fcrkiye&#8217;yi Bilinmeyenleriyle Ke\u015ffedin!\"}]},{\"@type\":\"WebSite\",\"@id\":\"https:\/\/julesverne.com.tr\/#website\",\"url\":\"https:\/\/julesverne.com.tr\/\",\"name\":\"JULES VERNE BUSINESS MICE TRAVEL\",\"description\":\"\",\"publisher\":{\"@id\":\"https:\/\/julesverne.com.tr\/#organization\"},\"potentialAction\":[{\"@type\":\"SearchAction\",\"target\":{\"@type\":\"EntryPoint\",\"urlTemplate\":\"https:\/\/julesverne.com.tr\/?s={search_term_string}\"},\"query-input\":\"required name=search_term_string\"}],\"inLanguage\":\"en-US\"},{\"@type\":\"Organization\",\"@id\":\"https:\/\/julesverne.com.tr\/#organization\",\"name\":\"JULES VERNE BUSINESS MICE TRAVEL\",\"url\":\"https:\/\/julesverne.com.tr\/\",\"logo\":{\"@type\":\"ImageObject\",\"inLanguage\":\"en-US\",\"@id\":\"https:\/\/julesverne.com.tr\/#\/schema\/logo\/image\/\",\"url\":\"https:\/\/julesverne.com.tr\/wp-content\/uploads\/2020\/09\/jv-bmt-logo.png\",\"contentUrl\":\"https:\/\/julesverne.com.tr\/wp-content\/uploads\/2020\/09\/jv-bmt-logo.png\",\"width\":110,\"height\":81,\"caption\":\"JULES VERNE BUSINESS MICE TRAVEL\"},\"image\":{\"@id\":\"https:\/\/julesverne.com.tr\/#\/schema\/logo\/image\/\"},\"sameAs\":[\"https:\/\/www.facebook.com\/JulesVerneBusinessMiceTravel\/\",\"https:\/\/twitter.com\/JV_BusinessMice\",\"https:\/\/www.instagram.com\/julesvernebusinessmicetravel\/\",\"https:\/\/www.linkedin.com\/company\/julesvernebusinessmicetravel\/\",\"https:\/\/www.youtube.com\/channel\/UCAwdsmbZ6tFhu1tea6pkpiw\"]},{\"@type\":\"Person\",\"@id\":\"https:\/\/julesverne.com.tr\/#\/schema\/person\/f4eb0514ae455538644c31b99a466fdb\",\"name\":\"fikirman\",\"sameAs\":[\"http:\/\/advermedya.net\/julesverne\"],\"url\":\"https:\/\/julesverne.com.tr\/en\/author\/fikirman\/\"}]}<\/script>\n<!-- \/ Yoast SEO plugin. -->","yoast_head_json":{"title":"Bu Bahar, T\u00fcrkiye'yi Bilinmeyenleriyle Ke\u015ffedin! - JULES VERNE BUSINESS MICE TRAVEL","robots":{"index":"index","follow":"follow","max-snippet":"max-snippet:-1","max-image-preview":"max-image-preview:large","max-video-preview":"max-video-preview:-1"},"canonical":"https:\/\/julesverne.com.tr\/travel-blog\/bu-bahar-turkiyeyi-bilinmeyenleriyle-kesfedin\/","og_locale":"en_US","og_type":"article","og_title":"Bu Bahar, T\u00fcrkiye'yi Bilinmeyenleriyle Ke\u015ffedin! - JULES VERNE BUSINESS MICE TRAVEL","og_description":"\u0130lk cemre d&uuml;\u015ft&uuml;\u011f&uuml;ne g&ouml;re bahar\u0131n geli\u015fini m&uuml;jdeleyebiliriz&hellip; Bu bahar sizi, T&uuml;rkiye&rsquo;nin birbirinden&nbsp;&ouml;zel rotalar\u0131n\u0131 gizli kalan g&uuml;zellikleriyle gezmeye davet ediyoruz.&nbsp;","og_url":"https:\/\/julesverne.com.tr\/travel-blog\/bu-bahar-turkiyeyi-bilinmeyenleriyle-kesfedin\/","og_site_name":"JULES VERNE BUSINESS MICE TRAVEL","article_publisher":"https:\/\/www.facebook.com\/JulesVerneBusinessMiceTravel\/","article_published_time":"2019-02-21T08:44:12+00:00","article_modified_time":"2021-03-04T12:14:00+00:00","og_image":[{"width":1000,"height":667,"url":"https:\/\/julesverne.com.tr\/wp-content\/uploads\/2020\/09\/baksi_muzesi_manzara.jpg","type":"image\/jpeg"}],"author":"fikirman","twitter_card":"summary_large_image","twitter_creator":"@JV_BusinessMice","twitter_site":"@JV_BusinessMice","twitter_misc":{"Written by":"fikirman","Est. reading time":"2 minutes"},"schema":{"@context":"https:\/\/schema.org","@graph":[{"@type":"Article","@id":"https:\/\/julesverne.com.tr\/travel-blog\/bu-bahar-turkiyeyi-bilinmeyenleriyle-kesfedin\/#article","isPartOf":{"@id":"https:\/\/julesverne.com.tr\/travel-blog\/bu-bahar-turkiyeyi-bilinmeyenleriyle-kesfedin\/"},"author":{"name":"fikirman","@id":"https:\/\/julesverne.com.tr\/#\/schema\/person\/f4eb0514ae455538644c31b99a466fdb"},"headline":"Bu Bahar, T\u00fcrkiye&#8217;yi Bilinmeyenleriyle Ke\u015ffedin!","datePublished":"2019-02-21T08:44:12+00:00","dateModified":"2021-03-04T12:14:00+00:00","mainEntityOfPage":{"@id":"https:\/\/julesverne.com.tr\/travel-blog\/bu-bahar-turkiyeyi-bilinmeyenleriyle-kesfedin\/"},"wordCount":434,"publisher":{"@id":"https:\/\/julesverne.com.tr\/#organization"},"image":{"@id":"https:\/\/julesverne.com.tr\/travel-blog\/bu-bahar-turkiyeyi-bilinmeyenleriyle-kesfedin\/#primaryimage"},"thumbnailUrl":"https:\/\/julesverne.com.tr\/wp-content\/uploads\/2020\/09\/baksi_muzesi_manzara.jpg","articleSection":["Blog","Nereye Gitsek?"],"inLanguage":"en-US"},{"@type":"WebPage","@id":"https:\/\/julesverne.com.tr\/travel-blog\/bu-bahar-turkiyeyi-bilinmeyenleriyle-kesfedin\/","url":"https:\/\/julesverne.com.tr\/travel-blog\/bu-bahar-turkiyeyi-bilinmeyenleriyle-kesfedin\/","name":"Bu Bahar, T\u00fcrkiye'yi Bilinmeyenleriyle Ke\u015ffedin! - JULES VERNE BUSINESS MICE TRAVEL","isPartOf":{"@id":"https:\/\/julesverne.com.tr\/#website"},"primaryImageOfPage":{"@id":"https:\/\/julesverne.com.tr\/travel-blog\/bu-bahar-turkiyeyi-bilinmeyenleriyle-kesfedin\/#primaryimage"},"image":{"@id":"https:\/\/julesverne.com.tr\/travel-blog\/bu-bahar-turkiyeyi-bilinmeyenleriyle-kesfedin\/#primaryimage"},"thumbnailUrl":"https:\/\/julesverne.com.tr\/wp-content\/uploads\/2020\/09\/baksi_muzesi_manzara.jpg","datePublished":"2019-02-21T08:44:12+00:00","dateModified":"2021-03-04T12:14:00+00:00","breadcrumb":{"@id":"https:\/\/julesverne.com.tr\/travel-blog\/bu-bahar-turkiyeyi-bilinmeyenleriyle-kesfedin\/#breadcrumb"},"inLanguage":"en-US","potentialAction":[{"@type":"ReadAction","target":["https:\/\/julesverne.com.tr\/travel-blog\/bu-bahar-turkiyeyi-bilinmeyenleriyle-kesfedin\/"]}]},{"@type":"ImageObject","inLanguage":"en-US","@id":"https:\/\/julesverne.com.tr\/travel-blog\/bu-bahar-turkiyeyi-bilinmeyenleriyle-kesfedin\/#primaryimage","url":"https:\/\/julesverne.com.tr\/wp-content\/uploads\/2020\/09\/baksi_muzesi_manzara.jpg","contentUrl":"https:\/\/julesverne.com.tr\/wp-content\/uploads\/2020\/09\/baksi_muzesi_manzara.jpg","width":1000,"height":667},{"@type":"BreadcrumbList","@id":"https:\/\/julesverne.com.tr\/travel-blog\/bu-bahar-turkiyeyi-bilinmeyenleriyle-kesfedin\/#breadcrumb","itemListElement":[{"@type":"ListItem","position":1,"name":"Anasayfa","item":"https:\/\/julesverne.com.tr\/"},{"@type":"ListItem","position":2,"name":"Bu Bahar, T\u00fcrkiye&#8217;yi Bilinmeyenleriyle Ke\u015ffedin!"}]},{"@type":"WebSite","@id":"https:\/\/julesverne.com.tr\/#website","url":"https:\/\/julesverne.com.tr\/","name":"JULES VERNE BUSINESS MICE TRAVEL","description":"","publisher":{"@id":"https:\/\/julesverne.com.tr\/#organization"},"potentialAction":[{"@type":"SearchAction","target":{"@type":"EntryPoint","urlTemplate":"https:\/\/julesverne.com.tr\/?s={search_term_string}"},"query-input":"required name=search_term_string"}],"inLanguage":"en-US"},{"@type":"Organization","@id":"https:\/\/julesverne.com.tr\/#organization","name":"JULES VERNE BUSINESS MICE TRAVEL","url":"https:\/\/julesverne.com.tr\/","logo":{"@type":"ImageObject","inLanguage":"en-US","@id":"https:\/\/julesverne.com.tr\/#\/schema\/logo\/image\/","url":"https:\/\/julesverne.com.tr\/wp-content\/uploads\/2020\/09\/jv-bmt-logo.png","contentUrl":"https:\/\/julesverne.com.tr\/wp-content\/uploads\/2020\/09\/jv-bmt-logo.png","width":110,"height":81,"caption":"JULES VERNE BUSINESS MICE TRAVEL"},"image":{"@id":"https:\/\/julesverne.com.tr\/#\/schema\/logo\/image\/"},"sameAs":["https:\/\/www.facebook.com\/JulesVerneBusinessMiceTravel\/","https:\/\/twitter.com\/JV_BusinessMice","https:\/\/www.instagram.com\/julesvernebusinessmicetravel\/","https:\/\/www.linkedin.com\/company\/julesvernebusinessmicetravel\/","https:\/\/www.youtube.com\/channel\/UCAwdsmbZ6tFhu1tea6pkpiw"]},{"@type":"Person","@id":"https:\/\/julesverne.com.tr\/#\/schema\/person\/f4eb0514ae455538644c31b99a466fdb","name":"fikirman","sameAs":["http:\/\/advermedya.net\/julesverne"],"url":"https:\/\/julesverne.com.tr\/en\/author\/fikirman\/"}]}},"_links":{"self":[{"href":"https:\/\/julesverne.com.tr\/en\/wp-json\/wp\/v2\/posts\/2066"}],"collection":[{"href":"https:\/\/julesverne.com.tr\/en\/wp-json\/wp\/v2\/posts"}],"about":[{"href":"https:\/\/julesverne.com.tr\/en\/wp-json\/wp\/v2\/types\/post"}],"author":[{"embeddable":true,"href":"https:\/\/julesverne.com.tr\/en\/wp-json\/wp\/v2\/users\/1"}],"replies":[{"embeddable":true,"href":"https:\/\/julesverne.com.tr\/en\/wp-json\/wp\/v2\/comments?post=2066"}],"version-history":[{"count":0,"href":"https:\/\/julesverne.com.tr\/en\/wp-json\/wp\/v2\/posts\/2066\/revisions"}],"wp:featuredmedia":[{"embeddable":true,"href":"https:\/\/julesverne.com.tr\/en\/wp-json\/wp\/v2\/media\/2067"}],"wp:attachment":[{"href":"https:\/\/julesverne.com.tr\/en\/wp-json\/wp\/v2\/media?parent=2066"}],"wp:term":[{"taxonomy":"category","embeddable":true,"href":"https:\/\/julesverne.com.tr\/en\/wp-json\/wp\/v2\/categories?post=2066"},{"taxonomy":"post_tag","embeddable":true,"href":"https:\/\/julesverne.com.tr\/en\/wp-json\/wp\/v2\/tags?post=2066"}],"curies":[{"name":"wp","href":"https:\/\/api.w.org\/{rel}","templated":true}]}}