{"id":2058,"date":"2019-02-05T12:56:19","date_gmt":"2019-02-05T09:56:19","guid":{"rendered":"https:\/\/www.julesverne.com.tr\/\/blog\/subat-ayinin-en-keyifli-destinasyonlari\/"},"modified":"2021-03-04T15:14:51","modified_gmt":"2021-03-04T12:14:51","slug":"subat-ayinin-en-keyifli-destinasyonlari","status":"publish","type":"post","link":"https:\/\/julesverne.com.tr\/en\/travel-blog\/subat-ayinin-en-keyifli-destinasyonlari\/","title":{"rendered":"\u015eubat Ay\u0131n\u0131n En Keyifli Destinasyonlar\u0131"},"content":{"rendered":"<p><p style=\"text-align: center;\"><img loading=\"lazy\" decoding=\"async\" class=\"alignnone size-full wp-image-3943\" src=\"https:\/\/www.julesverne.com.tr\/\/wp-content\/uploads\/2020\/09\/cartagena-2.jpg\" width=\"990\" height=\"660\" alt=\"\" srcset=\"https:\/\/julesverne.com.tr\/wp-content\/uploads\/2020\/09\/cartagena-2.jpg 990w, https:\/\/julesverne.com.tr\/wp-content\/uploads\/2020\/09\/cartagena-2-500x333.jpg 500w, https:\/\/julesverne.com.tr\/wp-content\/uploads\/2020\/09\/cartagena-2-768x512.jpg 768w\" sizes=\"(max-width: 990px) 100vw, 990px\" \/><\/p>\n<p class=\"MsoNormal\">K\u0131\u015f mevsiminin en g&uuml;zel ve en romantik ay\u0131 \u015eubat i&ccedil;in &#8220;Bu ay nereye gidilir?&rdquo; sorusu ak\u0131llarda dolanmaya ba\u015flad\u0131 bile&hellip; Festival havas\u0131ndan masals\u0131 kayak kasabalar\u0131na, s\u0131cak destinasyonlardan otantik ve egzotik yerlere uzanan \u015eubat ay\u0131n\u0131n en keyifli 10 destinasyonu i&ccedil;eri\u011fini sizler i&ccedil;in haz\u0131rlad\u0131k. Venedik&rsquo;ten Zanzibar&rsquo;a, Umman&rsquo;dan K&uuml;ba&rsquo;ya, Singapur&rsquo;dan Var\u015fova&rsquo;ya \u015eubat Ay\u0131 Seyahat Rehberi&hellip;<\/p>\n<p class=\"MsoNormal\"><strong>Verona<\/strong><\/p>\n<p class=\"MsoNormal\" style=\"text-align: center;\"><strong><img loading=\"lazy\" decoding=\"async\" class=\"alignnone size-full wp-image-3944\" src=\"https:\/\/www.julesverne.com.tr\/\/wp-content\/uploads\/2020\/09\/verona_sunset.jpg\" width=\"990\" height=\"661\" alt=\"verona \" srcset=\"https:\/\/julesverne.com.tr\/wp-content\/uploads\/2020\/09\/verona_sunset.jpg 990w, https:\/\/julesverne.com.tr\/wp-content\/uploads\/2020\/09\/verona_sunset-500x334.jpg 500w, https:\/\/julesverne.com.tr\/wp-content\/uploads\/2020\/09\/verona_sunset-768x513.jpg 768w\" sizes=\"(max-width: 990px) 100vw, 990px\" \/><\/strong><\/p>\n<p class=\"MsoNormal\">\u0130talya&#8217;n\u0131n Veneto b&ouml;lgesindeki Adige Nehri &uuml;zerinde konumlanan Verona romantizm ve tarih kokan bir \u015fehir&#8230; D&uuml;nyan\u0131n her k&ouml;\u015fesinde bilinen b&uuml;y&uuml;k a\u015fk hik&acirc;yesinin kahraman\u0131 Verona, \u0130ngiliz edebiyat&ccedil;\u0131 Shakespeare&#8217;in Romeo ve Juliet adl\u0131 eserinin en b&uuml;y&uuml;k ilham kayna\u011f\u0131. Juliet&rsquo;in Romeo&rsquo;yu bekledi\u011fi ev d\u0131\u015f\u0131nda Verona&#8217;da g&ouml;rece\u011finiz &ouml;yle g&uuml;zel tarihi yap\u0131lar var ki zamanda yolculu\u011fa &ccedil;\u0131kt\u0131\u011f\u0131n\u0131z\u0131 hissedebilirsiniz. Piazza Bra, Arena, Piazza Erbe ve Piazza dei Signori, Teatro Romano, Pietra K&ouml;pr&uuml;s&uuml;&#8217;n&uuml;n yer ald\u0131\u011f\u0131 tarihi \u015fehir b&ouml;l&uuml;m&uuml;; Scaligero K&ouml;pr&uuml;s&uuml;; Romanesk stilin en g&uuml;zel &ouml;rneklerinden biri olan Santa Maria Antica Kilisesi; panoramik \u015fehir manzaras\u0131n\u0131 sunan Torre del Commune ba\u015fl\u0131ca g&ouml;rmeniz gereken yerler aras\u0131nda.<\/p>\n<p class=\"MsoNormal\"><strong>Cartagena<\/strong><\/p>\n<p class=\"MsoNormal\" style=\"text-align: center;\"><img loading=\"lazy\" decoding=\"async\" class=\"alignnone size-full wp-image-3945\" src=\"https:\/\/www.julesverne.com.tr\/\/wp-content\/uploads\/2020\/09\/cartagena_people.jpg\" width=\"990\" height=\"658\" alt=\"cartagena\" srcset=\"https:\/\/julesverne.com.tr\/wp-content\/uploads\/2020\/09\/cartagena_people.jpg 990w, https:\/\/julesverne.com.tr\/wp-content\/uploads\/2020\/09\/cartagena_people-500x332.jpg 500w, https:\/\/julesverne.com.tr\/wp-content\/uploads\/2020\/09\/cartagena_people-768x510.jpg 768w\" sizes=\"(max-width: 990px) 100vw, 990px\" \/><\/p>\n<p class=\"MsoNormal\">Kolombiya&#8217;n\u0131n sahil kenti t&uuml;m duyulara hitap eden bir karnaval havas\u0131nda! Sar\u0131 renkli s&ouml;m&uuml;rge villalar\u0131ndan palmiye a\u011fa&ccedil;lar\u0131yla dolu evlerine, leziz kokteyllerinden kafalar\u0131nda meyve sepetleri ta\u015f\u0131yan Las Palenqueras kad\u0131nlar\u0131na uzanan bir lunapark gibi Cartagena&#8230; Ge&ccedil;irdi\u011fi muhte\u015fem renovasyon ile hem ge&ccedil;mi\u015fin romantizmini hem de g&uuml;n&uuml;m&uuml;z&uuml;n dinamizmini yakalayan \u015fehir; c\u0131v\u0131l c\u0131v\u0131l sokaklar\u0131nda, s&ouml;m&uuml;rge mimarisini koruyan tarihi yap\u0131lar\u0131nda, hayat dolu m&uuml;zisyenlerinde, Afro-Karayip ritimlerini bulu\u015fturan salsa kul&uuml;plerinde enerjisi bir an bile d&uuml;\u015fmeyen bir ya\u015fam sunuyor. Yaz s\u0131ca\u011f\u0131n\u0131n nemini kesen deniz esintileriyle \u015eubat ay\u0131 Cartagena ke\u015ffi i&ccedil;in ideal.<\/p>\n<p class=\"MsoNormal\"><strong>K&uuml;ba<\/strong><\/p>\n<p class=\"MsoNormal\" style=\"text-align: center;\"><strong><img loading=\"lazy\" decoding=\"async\" class=\"alignnone size-full wp-image-3946\" src=\"https:\/\/www.julesverne.com.tr\/\/wp-content\/uploads\/2020\/09\/havana.jpg\" width=\"990\" height=\"660\" alt=\"havana\" srcset=\"https:\/\/julesverne.com.tr\/wp-content\/uploads\/2020\/09\/havana.jpg 990w, https:\/\/julesverne.com.tr\/wp-content\/uploads\/2020\/09\/havana-500x333.jpg 500w, https:\/\/julesverne.com.tr\/wp-content\/uploads\/2020\/09\/havana-768x512.jpg 768w\" sizes=\"(max-width: 990px) 100vw, 990px\" \/><\/strong><\/p>\n<p class=\"MsoNormal\">Hayat\u0131n\u0131za yeni bir sayfa a&ccedil;mak ve hayallerle dolu bir balonun i&ccedil;erisine ad\u0131m atmak istiyorsan\u0131z okyanus &ouml;tesine ge&ccedil;ip, K&uuml;ba&#8217;n\u0131n fantastik d&uuml;nyas\u0131na d&acirc;hil olmal\u0131s\u0131n\u0131z! Plajlar\u0131n, romantizmin, devrimin, tarihin, m&uuml;zi\u011fin, mutlulu\u011fun, ritmin, k&uuml;lt&uuml;r&uuml;n bulu\u015ftu\u011fu Karayipler&#8217;in en co\u015fkulu &uuml;lkesi K&uuml;ba&#8230; \u0130spanyol s&ouml;m&uuml;rge mimarisi izlerini ta\u015f\u0131yan masals\u0131 \u015fehirler, 1950&#8217;li y\u0131llar\u0131n izlerini ta\u015f\u0131yan Amerikan modeli Cadillac arabalar, her sokaktan duyulan e\u015fsiz canl\u0131 m&uuml;zi\u011fin enerjisi, birinci s\u0131n\u0131f purolar, ba\u015fka hi&ccedil;bir yerde bulamayaca\u011f\u0131n\u0131z mojito &ccedil;e\u015fitleri bu topraklar\u0131n kodlar\u0131na i\u015flemi\u015f. Direnmenin ve kolektif ya\u015fam\u0131n en g&uuml;zel halini ya\u015fatan K&uuml;ba&rsquo;y\u0131 sadece tarih kitaplar\u0131ndan de\u011fil soka\u011f\u0131nda ne\u015fe sa&ccedil;an insanlar\u0131ndan &ouml;\u011frenmenin tam zaman\u0131!<\/p>\n<p class=\"MsoNormal\"><strong>Umman<\/strong><\/p>\n<p class=\"MsoNormal\" style=\"text-align: center;\"><strong><img loading=\"lazy\" decoding=\"async\" class=\"alignnone size-full wp-image-3947\" src=\"https:\/\/www.julesverne.com.tr\/\/wp-content\/uploads\/2020\/09\/umman.jpg\" width=\"990\" height=\"660\" alt=\"mascat\" srcset=\"https:\/\/julesverne.com.tr\/wp-content\/uploads\/2020\/09\/umman.jpg 990w, https:\/\/julesverne.com.tr\/wp-content\/uploads\/2020\/09\/umman-500x333.jpg 500w, https:\/\/julesverne.com.tr\/wp-content\/uploads\/2020\/09\/umman-768x512.jpg 768w\" sizes=\"(max-width: 990px) 100vw, 990px\" \/><\/strong><\/p>\n<p class=\"MsoNormal\">Birle\u015fik Arap Emirlikleri, Suudi Arabistan, Yemen&rsquo;e s\u0131n\u0131r kom\u015fusu olan, Umman Denizi k\u0131y\u0131s\u0131na kurulan Umman ba\u015fka bir Arap Yar\u0131madas\u0131 d&uuml;nyas\u0131yla tan\u0131\u015ft\u0131r\u0131yor hepimizi&#8230; Bir yanda kanyonlar\u0131 ve epik &ccedil;&ouml;lleri di\u011fer yanda kaleleri ve engin bo\u015flu\u011fu, ba\u015fka bir tarafta denizi ve l&uuml;ks otelleriyle alg\u0131lar\u0131 zorlayan bir zenginli\u011fe sahip. Evet, b&ouml;lgedeki en zengin &uuml;lkelerden biri olan Umman ayn\u0131 zamanda do\u011fas\u0131, aktiviteleri ve otelleriyle de ya\u015fam zenginli\u011fiyle de kom\u015fular\u0131na hi&ccedil; benzemiyor. B&uuml;y&uuml;k Kanyon&#8217;u and\u0131ran da\u011flar\u0131ndan kendinizi Sri Lanka&#8217;da gibi hissedece\u011finiz ye\u015fil alanlar\u0131na uzanan \u015fa\u015f\u0131rt\u0131c\u0131 bir destinasyon buras\u0131! Y&uuml;kselen destinasyonlar aras\u0131nda pop&uuml;lerli\u011fini g&uuml;n ge&ccedil;tik&ccedil;e artt\u0131ran Umman&#8217;da gelene\u011fi, do\u011fay\u0131, sonsuzlu\u011fu, l&uuml;ks&uuml; bir arada bulaca\u011f\u0131n\u0131za \u015f&uuml;pheniz olmas\u0131n.<\/p>\n<p class=\"MsoNormal\"><strong>Singapur<\/strong><\/p>\n<p class=\"MsoNormal\" style=\"text-align: center;\"><strong><img loading=\"lazy\" decoding=\"async\" class=\"alignnone size-full wp-image-3948\" src=\"https:\/\/www.julesverne.com.tr\/\/wp-content\/uploads\/2020\/09\/singapur.jpg\" width=\"990\" height=\"661\" alt=\"singapur gardens by the bay\" srcset=\"https:\/\/julesverne.com.tr\/wp-content\/uploads\/2020\/09\/singapur.jpg 990w, https:\/\/julesverne.com.tr\/wp-content\/uploads\/2020\/09\/singapur-500x334.jpg 500w, https:\/\/julesverne.com.tr\/wp-content\/uploads\/2020\/09\/singapur-768x513.jpg 768w\" sizes=\"(max-width: 990px) 100vw, 990px\" \/><\/strong><\/p>\n<p class=\"MsoNormal\">5 \u015eubat&#8217;ta ba\u015flayan &Ccedil;in Yeni Y\u0131l\u0131 ile birlikte Singapur seyahati i&ccedil;in \u015eubat ay\u0131 en renkli ve en keyifli d&ouml;nem! &Ccedil;in takvimine g&ouml;re 2019 Domuz Y\u0131l\u0131 olan &Ccedil;in yeni y\u0131l\u0131 Singapur&#8217;da da her y\u0131l oldu\u011fu co\u015fkuyla kutlanacak. Bir karnaval havas\u0131na b&uuml;r&uuml;nen Singapur uzun y\u0131llar steril ya\u015fam tarz\u0131yla an\u0131lsa da kurulu\u015funun 54. y\u0131l\u0131nda art\u0131k kendine has k&uuml;lt&uuml;rel ya\u015fant\u0131s\u0131yla gezginlerde ke\u015ffetme arzusu uyand\u0131r\u0131yor. D&uuml;nyan\u0131n &ouml;nde gelen finans merkezlerinden biri olan Singapur kozmopolit yap\u0131s\u0131 sayesinde farkl\u0131 k&uuml;lt&uuml;rel kodlar\u0131n birlikte ya\u015fad\u0131\u011f\u0131 bir renk paleti gibi. Gelenekleri, modernizmi ve &ccedil;ok k&uuml;lt&uuml;rl&uuml;l&uuml;\u011f&uuml; bu kadar g&uuml;zel ya\u015fayan ve ya\u015fatan bir \u015fehirde yeni y\u0131l\u0131 kutlamak paha bi&ccedil;ilemez.<\/p>\n<p class=\"MsoNormal\"><strong>Var\u015fova<\/strong><\/p>\n<p class=\"MsoNormal\" style=\"text-align: center;\"><strong><img loading=\"lazy\" decoding=\"async\" class=\"alignnone size-full wp-image-3949\" src=\"https:\/\/www.julesverne.com.tr\/\/wp-content\/uploads\/2020\/09\/varsova-1.jpg\" width=\"990\" height=\"606\" alt=\"var\u015fova\" srcset=\"https:\/\/julesverne.com.tr\/wp-content\/uploads\/2020\/09\/varsova-1.jpg 990w, https:\/\/julesverne.com.tr\/wp-content\/uploads\/2020\/09\/varsova-1-500x306.jpg 500w, https:\/\/julesverne.com.tr\/wp-content\/uploads\/2020\/09\/varsova-1-768x470.jpg 768w\" sizes=\"(max-width: 990px) 100vw, 990px\" \/><\/strong><\/p>\n<p class=\"MsoNormal\">2. D&uuml;nya Sava\u015f\u0131 s\u0131ras\u0131nda iki b&uuml;y&uuml;k g&uuml;&ccedil; Almanya ve Rusya aras\u0131nda kalan ve b&uuml;y&uuml;k hasar g&ouml;ren Polonya&#8217;n\u0131n ba\u015fkenti Var\u015fova ge&ccedil;mi\u015fin ac\u0131 izlerini h\u0131zla silen bir enerjiye sahip! Vist&uuml;l Nehri&rsquo;nin iki yakas\u0131na kurulan Var\u015fova&#8217;da de\u011fi\u015fmeyen tek \u015fey de\u011fi\u015fimin ta kendisi! Kendini yeniden var etme g&uuml;c&uuml;ne hayran kalaca\u011f\u0131n\u0131z Polonya&#8217;n\u0131n dinamik \u015fehri s&uuml;rprizlerle dolu. Bir anda g&uuml;zel bir parkta keyif yaparken biraz y&uuml;r&uuml;d&uuml;\u011f&uuml;n&uuml;zde son teknoloji, \u015f\u0131k g&ouml;kdelenlerle kar\u015f\u0131la\u015fabilirsiniz. Var\u015fova&rsquo;ya \u015eubat ay\u0131nda gitmek i&ccedil;in en b&uuml;y&uuml;k motivasyon ise Barok mimarisi ile b&uuml;y&uuml;leyen The Wilanow Palace i&ccedil;erisinde d&uuml;zenlenen Royal Garden of Light Festivali! Sofistike formlar yaratan binlerce renkli LED i&ccedil;eren a&ccedil;\u0131k hava sergisi 24 \u015eubat&#8217;a kadar devam ediyor.<\/p>\n<p class=\"MsoNormal\"><strong>Cenevre<\/strong><\/p>\n<p class=\"MsoNormal\" style=\"text-align: center;\"><strong><img loading=\"lazy\" decoding=\"async\" class=\"alignnone size-full wp-image-3950\" src=\"https:\/\/www.julesverne.com.tr\/\/wp-content\/uploads\/2020\/09\/geneve.jpg\" width=\"990\" height=\"660\" alt=\"cenevre\" srcset=\"https:\/\/julesverne.com.tr\/wp-content\/uploads\/2020\/09\/geneve.jpg 990w, https:\/\/julesverne.com.tr\/wp-content\/uploads\/2020\/09\/geneve-500x333.jpg 500w, https:\/\/julesverne.com.tr\/wp-content\/uploads\/2020\/09\/geneve-768x512.jpg 768w\" sizes=\"(max-width: 990px) 100vw, 990px\" \/><\/strong><\/p>\n<p class=\"MsoNormal\">Rh&ocirc;ne Nehri&#8217;nin d&ouml;k&uuml;lerek Leman G&ouml;l&uuml;&#8217;n&uuml; olu\u015fturdu\u011fu ve karla &ouml;rt&uuml;l&uuml; Alp Da\u011flar\u0131&#8217;n\u0131n eteklerinde, g&ouml;l k\u0131y\u0131s\u0131nda kurulan zengin ve sofistike \u015fehir Cenevre&#8230; \u0130svi&ccedil;re asaleti ve zarafetiyle romantik bir \u015eubat tatili hayal ediyorsan\u0131z Cenevre&#8217;den daha iyi bir &ouml;neri d&uuml;\u015f&uuml;n&uuml;lemez. Saatleri, &ccedil;ikolatalar\u0131 ve bankalar\u0131yla tan\u0131d\u0131\u011f\u0131m\u0131z \u015fehir ayn\u0131 zamanda zengin bir tarih, k&uuml;lt&uuml;rel donan\u0131m\u0131yla gezginler i&ccedil;in bir cennet. Parke ta\u015fl\u0131 caddeleri, sevimli kafeleri, l&uuml;ks butikleri, etkileyici m&uuml;zeleri ve k&uuml;lt&uuml;r merkezleriyle al\u0131\u015fveri\u015f tutkunlar\u0131n\u0131 da, tarih merakl\u0131lar\u0131n\u0131 da sakin ve huzurlu bir tatil yapmak isteyenleri de m\u0131knat\u0131s gibi kendine &ccedil;ekiyor.<\/p>\n<p class=\"MsoNormal\"><strong>Venedik, \u0130talya&nbsp;<\/strong><\/p>\n<p class=\"MsoNormal\" style=\"text-align: center;\"><strong><img loading=\"lazy\" decoding=\"async\" class=\"alignnone size-full wp-image-3951\" src=\"https:\/\/www.julesverne.com.tr\/\/wp-content\/uploads\/2020\/09\/venedik-3.jpg\" width=\"990\" height=\"660\" alt=\"venedik karnaval\u0131 2019\" srcset=\"https:\/\/julesverne.com.tr\/wp-content\/uploads\/2020\/09\/venedik-3.jpg 990w, https:\/\/julesverne.com.tr\/wp-content\/uploads\/2020\/09\/venedik-3-500x333.jpg 500w, https:\/\/julesverne.com.tr\/wp-content\/uploads\/2020\/09\/venedik-3-768x512.jpg 768w\" sizes=\"(max-width: 990px) 100vw, 990px\" \/><\/strong><\/p>\n<p class=\"MsoNormal\">Venedik: e\u015fi benzeri olmayan bir \u015fehir! Fantastik bir film seti gibi sular &uuml;zerinde y&uuml;kselen bu b&uuml;y&uuml;l&uuml; \u015fehirde kendi hik&acirc;yenizi yazmak fazlas\u0131yla cezbedici de\u011fil mi? Ara&ccedil; trafi\u011finin yerini gondollara b\u0131rakt\u0131\u011f\u0131 sular \u015fehrinde her sokak bir kanal manzaras\u0131na &ccedil;\u0131k\u0131yor. Zarif R&ouml;nesans saraylar\u0131 aras\u0131nda kar\u015f\u0131n\u0131za &ccedil;\u0131kan trattoria&#8217;lar\u0131n\u0131, tasar\u0131m butiklerini ve \u015farap evlerini tek tek ke\u015ffetmek istiyorsunuz. Dar sokaklar\u0131nda kaybolurken as\u0131rl\u0131k binalar, m&uuml;zeler sizi asla yaln\u0131z b\u0131rakm\u0131yor. Venedik her zaman b&uuml;y&uuml;leyici olsa da \u015eubat ay\u0131nda \u015fehrin heyecan\u0131 bir ba\u015fka oluyor. Bu y\u0131l 5 Mart tarihine kadar devam edecek Venedik Karnaval\u0131 ile 700 y\u0131ll\u0131k bir gelene\u011fe ortak olmak ister misiniz?<\/p>\n<p class=\"MsoNormal\"><strong>Val d&#8217;Isere<\/strong><\/p>\n<p class=\"MsoNormal\" style=\"text-align: center;\"><strong><img loading=\"lazy\" decoding=\"async\" class=\"alignnone size-full wp-image-3952\" src=\"https:\/\/www.julesverne.com.tr\/\/wp-content\/uploads\/2020\/09\/Val_d_Isere.jpg\" width=\"990\" height=\"557\" alt=\"val d'isere\" srcset=\"https:\/\/julesverne.com.tr\/wp-content\/uploads\/2020\/09\/Val_d_Isere.jpg 990w, https:\/\/julesverne.com.tr\/wp-content\/uploads\/2020\/09\/Val_d_Isere-500x281.jpg 500w, https:\/\/julesverne.com.tr\/wp-content\/uploads\/2020\/09\/Val_d_Isere-768x432.jpg 768w, https:\/\/julesverne.com.tr\/wp-content\/uploads\/2020\/09\/Val_d_Isere-400x225.jpg 400w\" sizes=\"(max-width: 990px) 100vw, 990px\" \/><\/strong><\/p>\n<p class=\"MsoNormal\">Fransa&#8217;n\u0131n en &uuml;nl&uuml; ve \u0131\u015f\u0131lt\u0131l\u0131 kayak b&ouml;lgesi Val d&rsquo;Is&egrave;re 100.000 km2 kay\u0131labilir alan\u0131, 300km&rsquo;lik pistleri, 100&#8217;e yak\u0131n lifti, d&uuml;nyan\u0131n en h\u0131zl\u0131 f&uuml;nik&uuml;lerleri aras\u0131na giren teknolojik sistemleri ile beyaz cennet! B&ouml;lgeye &lsquo;Espace Killy&rsquo; ismini veren Jean Claude Killy&rsquo;in ilk madalyas\u0131n\u0131 kazand\u0131\u011f\u0131 1968 Grenoble Olimpiyatlar\u0131&rsquo;n\u0131n yap\u0131ld\u0131\u011f\u0131 The Face pisti ile &uuml;nl&uuml; olan kayak merkezi &ouml;zellikle cesur kayak&ccedil;\u0131lar\u0131n tercihi. Off pistleri ve dik pistleriyle meydan okumay\u0131 seven kayak severlerin evi gibi olan Val d&rsquo;Is&egrave;re, kartpostal gibi duran da\u011f otelleri ve apres-ski partileriyle de her zaman rakiplerinden bir ad\u0131m &ouml;nde!<\/p>\n<p class=\"MsoNormal\"><strong>Zanzibar<\/strong><\/p>\n<p class=\"MsoNormal\" style=\"text-align: center;\"><img loading=\"lazy\" decoding=\"async\" class=\"alignnone size-full wp-image-3953\" src=\"https:\/\/www.julesverne.com.tr\/\/wp-content\/uploads\/2020\/09\/kapak-2.jpg\" width=\"990\" height=\"556\" alt=\"zanzibar beach\" srcset=\"https:\/\/julesverne.com.tr\/wp-content\/uploads\/2020\/09\/kapak-2.jpg 990w, https:\/\/julesverne.com.tr\/wp-content\/uploads\/2020\/09\/kapak-2-500x281.jpg 500w, https:\/\/julesverne.com.tr\/wp-content\/uploads\/2020\/09\/kapak-2-768x431.jpg 768w, https:\/\/julesverne.com.tr\/wp-content\/uploads\/2020\/09\/kapak-2-400x225.jpg 400w\" sizes=\"(max-width: 990px) 100vw, 990px\" \/><\/p>\n<p class=\"MsoNormal\">Aladdin&#8217;in sihirli lambas\u0131ndan f\u0131rlam\u0131\u015f gibi duran Zanzibar Hint Okyanusu&#8217;nda, Swahili Sahilini ba\u015fka bir g&uuml;zelli\u011fe d&ouml;n&uuml;\u015ft&uuml;r&uuml;yor. UNESCO D&uuml;nya Miras\u0131 listesinde yer alan eski \u015fehir b&ouml;l&uuml;m&uuml;, dramatik manzaralar sunan plajlar\u0131, l&uuml;ks otelleri ve mistik havas\u0131yla k\u0131\u015f g&uuml;nlerine inat s\u0131cak kumlarda, g&uuml;ne\u015fle bulu\u015fmak isteyen gezginler i&ccedil;in en g&uuml;zel ka&ccedil;amak adresi! Tarihi \u015fehrinde Arap, Hint, Afrika ve Avrupa etkilerinin k&uuml;lt&uuml;rel bir birle\u015fimine tan\u0131k olurken, masmavi sular\u0131n dibinde y&uuml;kselen romantik l&uuml;ks otellerinde kendinize zaman ay\u0131r\u0131n&#8230;<\/p>\n<p style=\"text-align: center;\"><strong>&nbsp;Size &ouml;zel seyahat program\u0131 ve rezervasyon i&ccedil;in:<\/strong><br \/><a href=\"mailto:travel@julesverne.com.tr\" target=\"_blank\" rel=\"noopener noreferrer\"><strong>travel@julesverne.com.tr<\/strong><\/a><br \/><strong>0212 266 6363 &#8211; 118<\/strong><\/p><\/p>\n","protected":false},"excerpt":{"rendered":"<p>Festival havas\u0131ndan masals\u0131 kayak kasabalar\u0131na, s\u0131cak destinasyonlardan otantik ve egzotik yerlere uzanan \u015eubat&nbsp;ay\u0131n\u0131n en keyifli 10 destinasyonu yaz\u0131s\u0131n\u0131 sizler i&ccedil;in haz\u0131rlad\u0131k.<\/p>\n","protected":false},"author":1,"featured_media":2059,"comment_status":"closed","ping_status":"closed","sticky":false,"template":"","format":"standard","meta":{"inline_featured_image":false,"footnotes":""},"categories":[38,1,39],"tags":[],"acf":[],"yoast_head":"<!-- This site is optimized with the Yoast SEO plugin v22.3 - https:\/\/yoast.com\/wordpress\/plugins\/seo\/ -->\n<title>\u015eubat Ay\u0131n\u0131n En Keyifli Destinasyonlar\u0131 - JULES VERNE BUSINESS MICE TRAVEL<\/title>\n<meta name=\"robots\" content=\"index, follow, max-snippet:-1, max-image-preview:large, max-video-preview:-1\" \/>\n<link rel=\"canonical\" href=\"https:\/\/julesverne.com.tr\/travel-blog\/subat-ayinin-en-keyifli-destinasyonlari\/\" \/>\n<meta property=\"og:locale\" content=\"en_US\" \/>\n<meta property=\"og:type\" content=\"article\" \/>\n<meta property=\"og:title\" content=\"\u015eubat Ay\u0131n\u0131n En Keyifli Destinasyonlar\u0131 - JULES VERNE BUSINESS MICE TRAVEL\" \/>\n<meta property=\"og:description\" content=\"Festival havas\u0131ndan masals\u0131 kayak kasabalar\u0131na, s\u0131cak destinasyonlardan otantik ve egzotik yerlere uzanan \u015eubat&nbsp;ay\u0131n\u0131n en keyifli 10 destinasyonu yaz\u0131s\u0131n\u0131 sizler i&ccedil;in haz\u0131rlad\u0131k.\" \/>\n<meta property=\"og:url\" content=\"https:\/\/julesverne.com.tr\/travel-blog\/subat-ayinin-en-keyifli-destinasyonlari\/\" \/>\n<meta property=\"og:site_name\" content=\"JULES VERNE BUSINESS MICE TRAVEL\" \/>\n<meta property=\"article:publisher\" content=\"https:\/\/www.facebook.com\/JulesVerneBusinessMiceTravel\/\" \/>\n<meta property=\"article:published_time\" content=\"2019-02-05T09:56:19+00:00\" \/>\n<meta property=\"article:modified_time\" content=\"2021-03-04T12:14:51+00:00\" \/>\n<meta property=\"og:image\" content=\"https:\/\/julesverne.com.tr\/wp-content\/uploads\/2020\/09\/cartagena.jpg\" \/>\n\t<meta property=\"og:image:width\" content=\"990\" \/>\n\t<meta property=\"og:image:height\" content=\"660\" \/>\n\t<meta property=\"og:image:type\" content=\"image\/jpeg\" \/>\n<meta name=\"author\" content=\"fikirman\" \/>\n<meta name=\"twitter:card\" content=\"summary_large_image\" \/>\n<meta name=\"twitter:creator\" content=\"@JV_BusinessMice\" \/>\n<meta name=\"twitter:site\" content=\"@JV_BusinessMice\" \/>\n<meta name=\"twitter:label1\" content=\"Written by\" \/>\n\t<meta name=\"twitter:data1\" content=\"fikirman\" \/>\n\t<meta name=\"twitter:label2\" content=\"Est. reading time\" \/>\n\t<meta name=\"twitter:data2\" content=\"8 minutes\" \/>\n<script type=\"application\/ld+json\" class=\"yoast-schema-graph\">{\"@context\":\"https:\/\/schema.org\",\"@graph\":[{\"@type\":\"Article\",\"@id\":\"https:\/\/julesverne.com.tr\/travel-blog\/subat-ayinin-en-keyifli-destinasyonlari\/#article\",\"isPartOf\":{\"@id\":\"https:\/\/julesverne.com.tr\/travel-blog\/subat-ayinin-en-keyifli-destinasyonlari\/\"},\"author\":{\"name\":\"fikirman\",\"@id\":\"https:\/\/julesverne.com.tr\/#\/schema\/person\/f4eb0514ae455538644c31b99a466fdb\"},\"headline\":\"\u015eubat Ay\u0131n\u0131n En Keyifli Destinasyonlar\u0131\",\"datePublished\":\"2019-02-05T09:56:19+00:00\",\"dateModified\":\"2021-03-04T12:14:51+00:00\",\"mainEntityOfPage\":{\"@id\":\"https:\/\/julesverne.com.tr\/travel-blog\/subat-ayinin-en-keyifli-destinasyonlari\/\"},\"wordCount\":1641,\"publisher\":{\"@id\":\"https:\/\/julesverne.com.tr\/#organization\"},\"image\":{\"@id\":\"https:\/\/julesverne.com.tr\/travel-blog\/subat-ayinin-en-keyifli-destinasyonlari\/#primaryimage\"},\"thumbnailUrl\":\"https:\/\/julesverne.com.tr\/wp-content\/uploads\/2020\/09\/cartagena.jpg\",\"articleSection\":[\"\u0130lham Veren Destinasyonlar\",\"Blog\",\"Nereye Gitsek?\"],\"inLanguage\":\"en-US\"},{\"@type\":\"WebPage\",\"@id\":\"https:\/\/julesverne.com.tr\/travel-blog\/subat-ayinin-en-keyifli-destinasyonlari\/\",\"url\":\"https:\/\/julesverne.com.tr\/travel-blog\/subat-ayinin-en-keyifli-destinasyonlari\/\",\"name\":\"\u015eubat Ay\u0131n\u0131n En Keyifli Destinasyonlar\u0131 - JULES VERNE BUSINESS MICE TRAVEL\",\"isPartOf\":{\"@id\":\"https:\/\/julesverne.com.tr\/#website\"},\"primaryImageOfPage\":{\"@id\":\"https:\/\/julesverne.com.tr\/travel-blog\/subat-ayinin-en-keyifli-destinasyonlari\/#primaryimage\"},\"image\":{\"@id\":\"https:\/\/julesverne.com.tr\/travel-blog\/subat-ayinin-en-keyifli-destinasyonlari\/#primaryimage\"},\"thumbnailUrl\":\"https:\/\/julesverne.com.tr\/wp-content\/uploads\/2020\/09\/cartagena.jpg\",\"datePublished\":\"2019-02-05T09:56:19+00:00\",\"dateModified\":\"2021-03-04T12:14:51+00:00\",\"breadcrumb\":{\"@id\":\"https:\/\/julesverne.com.tr\/travel-blog\/subat-ayinin-en-keyifli-destinasyonlari\/#breadcrumb\"},\"inLanguage\":\"en-US\",\"potentialAction\":[{\"@type\":\"ReadAction\",\"target\":[\"https:\/\/julesverne.com.tr\/travel-blog\/subat-ayinin-en-keyifli-destinasyonlari\/\"]}]},{\"@type\":\"ImageObject\",\"inLanguage\":\"en-US\",\"@id\":\"https:\/\/julesverne.com.tr\/travel-blog\/subat-ayinin-en-keyifli-destinasyonlari\/#primaryimage\",\"url\":\"https:\/\/julesverne.com.tr\/wp-content\/uploads\/2020\/09\/cartagena.jpg\",\"contentUrl\":\"https:\/\/julesverne.com.tr\/wp-content\/uploads\/2020\/09\/cartagena.jpg\",\"width\":990,\"height\":660},{\"@type\":\"BreadcrumbList\",\"@id\":\"https:\/\/julesverne.com.tr\/travel-blog\/subat-ayinin-en-keyifli-destinasyonlari\/#breadcrumb\",\"itemListElement\":[{\"@type\":\"ListItem\",\"position\":1,\"name\":\"Anasayfa\",\"item\":\"https:\/\/julesverne.com.tr\/\"},{\"@type\":\"ListItem\",\"position\":2,\"name\":\"\u015eubat Ay\u0131n\u0131n En Keyifli Destinasyonlar\u0131\"}]},{\"@type\":\"WebSite\",\"@id\":\"https:\/\/julesverne.com.tr\/#website\",\"url\":\"https:\/\/julesverne.com.tr\/\",\"name\":\"JULES VERNE BUSINESS MICE TRAVEL\",\"description\":\"\",\"publisher\":{\"@id\":\"https:\/\/julesverne.com.tr\/#organization\"},\"potentialAction\":[{\"@type\":\"SearchAction\",\"target\":{\"@type\":\"EntryPoint\",\"urlTemplate\":\"https:\/\/julesverne.com.tr\/?s={search_term_string}\"},\"query-input\":\"required name=search_term_string\"}],\"inLanguage\":\"en-US\"},{\"@type\":\"Organization\",\"@id\":\"https:\/\/julesverne.com.tr\/#organization\",\"name\":\"JULES VERNE BUSINESS MICE TRAVEL\",\"url\":\"https:\/\/julesverne.com.tr\/\",\"logo\":{\"@type\":\"ImageObject\",\"inLanguage\":\"en-US\",\"@id\":\"https:\/\/julesverne.com.tr\/#\/schema\/logo\/image\/\",\"url\":\"https:\/\/julesverne.com.tr\/wp-content\/uploads\/2020\/09\/jv-bmt-logo.png\",\"contentUrl\":\"https:\/\/julesverne.com.tr\/wp-content\/uploads\/2020\/09\/jv-bmt-logo.png\",\"width\":110,\"height\":81,\"caption\":\"JULES VERNE BUSINESS MICE TRAVEL\"},\"image\":{\"@id\":\"https:\/\/julesverne.com.tr\/#\/schema\/logo\/image\/\"},\"sameAs\":[\"https:\/\/www.facebook.com\/JulesVerneBusinessMiceTravel\/\",\"https:\/\/twitter.com\/JV_BusinessMice\",\"https:\/\/www.instagram.com\/julesvernebusinessmicetravel\/\",\"https:\/\/www.linkedin.com\/company\/julesvernebusinessmicetravel\/\",\"https:\/\/www.youtube.com\/channel\/UCAwdsmbZ6tFhu1tea6pkpiw\"]},{\"@type\":\"Person\",\"@id\":\"https:\/\/julesverne.com.tr\/#\/schema\/person\/f4eb0514ae455538644c31b99a466fdb\",\"name\":\"fikirman\",\"sameAs\":[\"http:\/\/advermedya.net\/julesverne\"],\"url\":\"https:\/\/julesverne.com.tr\/en\/author\/fikirman\/\"}]}<\/script>\n<!-- \/ Yoast SEO plugin. -->","yoast_head_json":{"title":"\u015eubat Ay\u0131n\u0131n En Keyifli Destinasyonlar\u0131 - JULES VERNE BUSINESS MICE TRAVEL","robots":{"index":"index","follow":"follow","max-snippet":"max-snippet:-1","max-image-preview":"max-image-preview:large","max-video-preview":"max-video-preview:-1"},"canonical":"https:\/\/julesverne.com.tr\/travel-blog\/subat-ayinin-en-keyifli-destinasyonlari\/","og_locale":"en_US","og_type":"article","og_title":"\u015eubat Ay\u0131n\u0131n En Keyifli Destinasyonlar\u0131 - JULES VERNE BUSINESS MICE TRAVEL","og_description":"Festival havas\u0131ndan masals\u0131 kayak kasabalar\u0131na, s\u0131cak destinasyonlardan otantik ve egzotik yerlere uzanan \u015eubat&nbsp;ay\u0131n\u0131n en keyifli 10 destinasyonu yaz\u0131s\u0131n\u0131 sizler i&ccedil;in haz\u0131rlad\u0131k.","og_url":"https:\/\/julesverne.com.tr\/travel-blog\/subat-ayinin-en-keyifli-destinasyonlari\/","og_site_name":"JULES VERNE BUSINESS MICE TRAVEL","article_publisher":"https:\/\/www.facebook.com\/JulesVerneBusinessMiceTravel\/","article_published_time":"2019-02-05T09:56:19+00:00","article_modified_time":"2021-03-04T12:14:51+00:00","og_image":[{"width":990,"height":660,"url":"https:\/\/julesverne.com.tr\/wp-content\/uploads\/2020\/09\/cartagena.jpg","type":"image\/jpeg"}],"author":"fikirman","twitter_card":"summary_large_image","twitter_creator":"@JV_BusinessMice","twitter_site":"@JV_BusinessMice","twitter_misc":{"Written by":"fikirman","Est. reading time":"8 minutes"},"schema":{"@context":"https:\/\/schema.org","@graph":[{"@type":"Article","@id":"https:\/\/julesverne.com.tr\/travel-blog\/subat-ayinin-en-keyifli-destinasyonlari\/#article","isPartOf":{"@id":"https:\/\/julesverne.com.tr\/travel-blog\/subat-ayinin-en-keyifli-destinasyonlari\/"},"author":{"name":"fikirman","@id":"https:\/\/julesverne.com.tr\/#\/schema\/person\/f4eb0514ae455538644c31b99a466fdb"},"headline":"\u015eubat Ay\u0131n\u0131n En Keyifli Destinasyonlar\u0131","datePublished":"2019-02-05T09:56:19+00:00","dateModified":"2021-03-04T12:14:51+00:00","mainEntityOfPage":{"@id":"https:\/\/julesverne.com.tr\/travel-blog\/subat-ayinin-en-keyifli-destinasyonlari\/"},"wordCount":1641,"publisher":{"@id":"https:\/\/julesverne.com.tr\/#organization"},"image":{"@id":"https:\/\/julesverne.com.tr\/travel-blog\/subat-ayinin-en-keyifli-destinasyonlari\/#primaryimage"},"thumbnailUrl":"https:\/\/julesverne.com.tr\/wp-content\/uploads\/2020\/09\/cartagena.jpg","articleSection":["\u0130lham Veren Destinasyonlar","Blog","Nereye Gitsek?"],"inLanguage":"en-US"},{"@type":"WebPage","@id":"https:\/\/julesverne.com.tr\/travel-blog\/subat-ayinin-en-keyifli-destinasyonlari\/","url":"https:\/\/julesverne.com.tr\/travel-blog\/subat-ayinin-en-keyifli-destinasyonlari\/","name":"\u015eubat Ay\u0131n\u0131n En Keyifli Destinasyonlar\u0131 - JULES VERNE BUSINESS MICE TRAVEL","isPartOf":{"@id":"https:\/\/julesverne.com.tr\/#website"},"primaryImageOfPage":{"@id":"https:\/\/julesverne.com.tr\/travel-blog\/subat-ayinin-en-keyifli-destinasyonlari\/#primaryimage"},"image":{"@id":"https:\/\/julesverne.com.tr\/travel-blog\/subat-ayinin-en-keyifli-destinasyonlari\/#primaryimage"},"thumbnailUrl":"https:\/\/julesverne.com.tr\/wp-content\/uploads\/2020\/09\/cartagena.jpg","datePublished":"2019-02-05T09:56:19+00:00","dateModified":"2021-03-04T12:14:51+00:00","breadcrumb":{"@id":"https:\/\/julesverne.com.tr\/travel-blog\/subat-ayinin-en-keyifli-destinasyonlari\/#breadcrumb"},"inLanguage":"en-US","potentialAction":[{"@type":"ReadAction","target":["https:\/\/julesverne.com.tr\/travel-blog\/subat-ayinin-en-keyifli-destinasyonlari\/"]}]},{"@type":"ImageObject","inLanguage":"en-US","@id":"https:\/\/julesverne.com.tr\/travel-blog\/subat-ayinin-en-keyifli-destinasyonlari\/#primaryimage","url":"https:\/\/julesverne.com.tr\/wp-content\/uploads\/2020\/09\/cartagena.jpg","contentUrl":"https:\/\/julesverne.com.tr\/wp-content\/uploads\/2020\/09\/cartagena.jpg","width":990,"height":660},{"@type":"BreadcrumbList","@id":"https:\/\/julesverne.com.tr\/travel-blog\/subat-ayinin-en-keyifli-destinasyonlari\/#breadcrumb","itemListElement":[{"@type":"ListItem","position":1,"name":"Anasayfa","item":"https:\/\/julesverne.com.tr\/"},{"@type":"ListItem","position":2,"name":"\u015eubat Ay\u0131n\u0131n En Keyifli Destinasyonlar\u0131"}]},{"@type":"WebSite","@id":"https:\/\/julesverne.com.tr\/#website","url":"https:\/\/julesverne.com.tr\/","name":"JULES VERNE BUSINESS MICE TRAVEL","description":"","publisher":{"@id":"https:\/\/julesverne.com.tr\/#organization"},"potentialAction":[{"@type":"SearchAction","target":{"@type":"EntryPoint","urlTemplate":"https:\/\/julesverne.com.tr\/?s={search_term_string}"},"query-input":"required name=search_term_string"}],"inLanguage":"en-US"},{"@type":"Organization","@id":"https:\/\/julesverne.com.tr\/#organization","name":"JULES VERNE BUSINESS MICE TRAVEL","url":"https:\/\/julesverne.com.tr\/","logo":{"@type":"ImageObject","inLanguage":"en-US","@id":"https:\/\/julesverne.com.tr\/#\/schema\/logo\/image\/","url":"https:\/\/julesverne.com.tr\/wp-content\/uploads\/2020\/09\/jv-bmt-logo.png","contentUrl":"https:\/\/julesverne.com.tr\/wp-content\/uploads\/2020\/09\/jv-bmt-logo.png","width":110,"height":81,"caption":"JULES VERNE BUSINESS MICE TRAVEL"},"image":{"@id":"https:\/\/julesverne.com.tr\/#\/schema\/logo\/image\/"},"sameAs":["https:\/\/www.facebook.com\/JulesVerneBusinessMiceTravel\/","https:\/\/twitter.com\/JV_BusinessMice","https:\/\/www.instagram.com\/julesvernebusinessmicetravel\/","https:\/\/www.linkedin.com\/company\/julesvernebusinessmicetravel\/","https:\/\/www.youtube.com\/channel\/UCAwdsmbZ6tFhu1tea6pkpiw"]},{"@type":"Person","@id":"https:\/\/julesverne.com.tr\/#\/schema\/person\/f4eb0514ae455538644c31b99a466fdb","name":"fikirman","sameAs":["http:\/\/advermedya.net\/julesverne"],"url":"https:\/\/julesverne.com.tr\/en\/author\/fikirman\/"}]}},"_links":{"self":[{"href":"https:\/\/julesverne.com.tr\/en\/wp-json\/wp\/v2\/posts\/2058"}],"collection":[{"href":"https:\/\/julesverne.com.tr\/en\/wp-json\/wp\/v2\/posts"}],"about":[{"href":"https:\/\/julesverne.com.tr\/en\/wp-json\/wp\/v2\/types\/post"}],"author":[{"embeddable":true,"href":"https:\/\/julesverne.com.tr\/en\/wp-json\/wp\/v2\/users\/1"}],"replies":[{"embeddable":true,"href":"https:\/\/julesverne.com.tr\/en\/wp-json\/wp\/v2\/comments?post=2058"}],"version-history":[{"count":0,"href":"https:\/\/julesverne.com.tr\/en\/wp-json\/wp\/v2\/posts\/2058\/revisions"}],"wp:featuredmedia":[{"embeddable":true,"href":"https:\/\/julesverne.com.tr\/en\/wp-json\/wp\/v2\/media\/2059"}],"wp:attachment":[{"href":"https:\/\/julesverne.com.tr\/en\/wp-json\/wp\/v2\/media?parent=2058"}],"wp:term":[{"taxonomy":"category","embeddable":true,"href":"https:\/\/julesverne.com.tr\/en\/wp-json\/wp\/v2\/categories?post=2058"},{"taxonomy":"post_tag","embeddable":true,"href":"https:\/\/julesverne.com.tr\/en\/wp-json\/wp\/v2\/tags?post=2058"}],"curies":[{"name":"wp","href":"https:\/\/api.w.org\/{rel}","templated":true}]}}