{"id":2052,"date":"2019-01-23T11:48:41","date_gmt":"2019-01-23T08:48:41","guid":{"rendered":"https:\/\/www.julesverne.com.tr\/\/blog\/bir-baska-istanbul-tarihi-kapalicarsi-gezisi\/"},"modified":"2020-09-21T17:36:00","modified_gmt":"2020-09-21T14:36:00","slug":"bir-baska-istanbul-tarihi-kapalicarsi-gezisi","status":"publish","type":"post","link":"https:\/\/julesverne.com.tr\/en\/travel-blog\/bir-baska-istanbul-tarihi-kapalicarsi-gezisi\/","title":{"rendered":"Bir Ba\u015fka \u0130stanbul: Tarihi Kapal\u0131\u00e7ar\u015f\u0131 Gezisi"},"content":{"rendered":"<p><p style=\"text-align: center;\"><img loading=\"lazy\" decoding=\"async\" class=\"alignnone size-full wp-image-3991\" src=\"https:\/\/www.julesverne.com.tr\/\/wp-content\/uploads\/2020\/09\/istanbul_siluet-1.jpg\" width=\"1000\" height=\"666\" alt=\"\" srcset=\"https:\/\/julesverne.com.tr\/wp-content\/uploads\/2020\/09\/istanbul_siluet-1.jpg 1000w, https:\/\/julesverne.com.tr\/wp-content\/uploads\/2020\/09\/istanbul_siluet-1-500x333.jpg 500w, https:\/\/julesverne.com.tr\/wp-content\/uploads\/2020\/09\/istanbul_siluet-1-768x511.jpg 768w\" sizes=\"(max-width: 1000px) 100vw, 1000px\" \/><\/p>\n<p><em>&ldquo;Yavrusu dallara emanet ser&ccedil;e,<br \/><\/em><em>Derken camiler &uuml;st&uuml;nde g&uuml;vercin<br \/><\/em><em>Minareler kat\u0131ndan ge&ccedil;iyorum<br \/><\/em><em>G&ouml;ky&uuml;z&uuml; mahallesi \u0130stanbul&rsquo;un&rdquo;<\/em><\/p>\n<p>Cahit S\u0131tk\u0131 Taranc\u0131&rsquo;n\u0131n dizelerindeki tarihi ve g&uuml;zel \u0130stanbul&rsquo;u ya\u015famaya devam ediyoruz. 15. Y&uuml;zy\u0131lda Fatih Sultan Mehmet taraf\u0131ndan temelleri at\u0131lan Kapal\u0131&ccedil;ar\u015f\u0131&rsquo;n\u0131n labirenti and\u0131ran sokaklar\u0131nda, binlerce tarihi d&uuml;kk&acirc;n\u0131n\u0131n i&ccedil;erisinde bir tarih yolculu\u011funa &ccedil;\u0131k\u0131yoruz.&nbsp;<\/p>\n<p>16 \u015eubat Cumartesi g&uuml;n&uuml;, rehber Mert Taner&#8217;in anlat\u0131mlar\u0131yla Kapal\u0131&ccedil;ar\u015f\u0131 ve Emin&ouml;n&uuml;&#8217;n&uuml;n gizli kalan hikayelerine yolculu\u011fa &ccedil;\u0131k\u0131yoruz.<\/p>\n<h3><a href=\"http:\/\/gezi.julesverne.com.tr\/geziler\/yurt-ici-ozel-gezilerimiz\/bir-baska-istanbul-hanlar-ve-carsilariyla-tarihi-yarimada\" target=\"_blank\" rel=\"noopener noreferrer\"><strong>Gezi Program\u0131 hakk\u0131nda detayl\u0131 bilgi i&ccedil;in t\u0131klay\u0131n!<\/strong><\/a><\/h3>\n<p style=\"text-align: center;\"><img loading=\"lazy\" decoding=\"async\" class=\"alignnone size-full wp-image-3992\" src=\"https:\/\/www.julesverne.com.tr\/\/wp-content\/uploads\/2020\/09\/2-5.jpg\" width=\"1280\" height=\"960\" alt=\"\" srcset=\"https:\/\/julesverne.com.tr\/wp-content\/uploads\/2020\/09\/2-5.jpg 1280w, https:\/\/julesverne.com.tr\/wp-content\/uploads\/2020\/09\/2-5-500x375.jpg 500w, https:\/\/julesverne.com.tr\/wp-content\/uploads\/2020\/09\/2-5-768x576.jpg 768w\" sizes=\"(max-width: 1280px) 100vw, 1280px\" \/><\/p>\n<p style=\"text-align: center;\"><strong>Gezi Hakk\u0131nda Detayl\u0131 Bilgi ve Rezervasyon i&ccedil;in:<\/strong><br \/><a href=\"mailto:travel@julesverne.com.tr\" target=\"_blank\" rel=\"noopener noreferrer\"><strong>travel@julesverne.com.tr<\/strong><\/a><br \/><strong>0212 266 6363 &#8211; 137<\/strong><\/p><\/p>\n","protected":false},"excerpt":{"rendered":"<p>16 \u015eubat Cumartesi g&uuml;n&uuml;, rehber Mert Taner&#8217;in anlat\u0131mlar\u0131yla Kapal\u0131&ccedil;ar\u015f\u0131 ve Emin&ouml;n&uuml;&#8217;n&uuml;n gizli kalan hikayelerine yolculu\u011fa &ccedil;\u0131k\u0131yoruz.<\/p>\n","protected":false},"author":1,"featured_media":2053,"comment_status":"closed","ping_status":"closed","sticky":false,"template":"","format":"standard","meta":{"inline_featured_image":false,"footnotes":""},"categories":[1],"tags":[],"acf":[],"yoast_head":"<!-- This site is optimized with the Yoast SEO plugin v22.3 - https:\/\/yoast.com\/wordpress\/plugins\/seo\/ -->\n<title>Bir Ba\u015fka \u0130stanbul: Tarihi Kapal\u0131\u00e7ar\u015f\u0131 Gezisi - JULES VERNE BUSINESS MICE TRAVEL<\/title>\n<meta name=\"robots\" content=\"index, follow, max-snippet:-1, max-image-preview:large, max-video-preview:-1\" \/>\n<link rel=\"canonical\" href=\"https:\/\/julesverne.com.tr\/travel-blog\/bir-baska-istanbul-tarihi-kapalicarsi-gezisi\/\" \/>\n<meta property=\"og:locale\" content=\"en_US\" \/>\n<meta property=\"og:type\" content=\"article\" \/>\n<meta property=\"og:title\" content=\"Bir Ba\u015fka \u0130stanbul: Tarihi Kapal\u0131\u00e7ar\u015f\u0131 Gezisi - JULES VERNE BUSINESS MICE TRAVEL\" \/>\n<meta property=\"og:description\" content=\"16 \u015eubat Cumartesi g&uuml;n&uuml;, rehber Mert Taner&#039;in anlat\u0131mlar\u0131yla Kapal\u0131&ccedil;ar\u015f\u0131 ve Emin&ouml;n&uuml;&#039;n&uuml;n gizli kalan hikayelerine yolculu\u011fa &ccedil;\u0131k\u0131yoruz.\" \/>\n<meta property=\"og:url\" content=\"https:\/\/julesverne.com.tr\/travel-blog\/bir-baska-istanbul-tarihi-kapalicarsi-gezisi\/\" \/>\n<meta property=\"og:site_name\" content=\"JULES VERNE BUSINESS MICE TRAVEL\" \/>\n<meta property=\"article:publisher\" content=\"https:\/\/www.facebook.com\/JulesVerneBusinessMiceTravel\/\" \/>\n<meta property=\"article:published_time\" content=\"2019-01-23T08:48:41+00:00\" \/>\n<meta property=\"article:modified_time\" content=\"2020-09-21T14:36:00+00:00\" \/>\n<meta property=\"og:image\" content=\"https:\/\/julesverne.com.tr\/wp-content\/uploads\/2020\/09\/istanbul_siluet.jpg\" \/>\n\t<meta property=\"og:image:width\" content=\"1000\" \/>\n\t<meta property=\"og:image:height\" content=\"666\" \/>\n\t<meta property=\"og:image:type\" content=\"image\/jpeg\" \/>\n<meta name=\"author\" content=\"fikirman\" \/>\n<meta name=\"twitter:card\" content=\"summary_large_image\" \/>\n<meta name=\"twitter:creator\" content=\"@JV_BusinessMice\" \/>\n<meta name=\"twitter:site\" content=\"@JV_BusinessMice\" \/>\n<meta name=\"twitter:label1\" content=\"Written by\" \/>\n\t<meta name=\"twitter:data1\" content=\"fikirman\" \/>\n\t<meta name=\"twitter:label2\" content=\"Est. reading time\" \/>\n\t<meta name=\"twitter:data2\" content=\"1 minute\" \/>\n<script type=\"application\/ld+json\" class=\"yoast-schema-graph\">{\"@context\":\"https:\/\/schema.org\",\"@graph\":[{\"@type\":\"Article\",\"@id\":\"https:\/\/julesverne.com.tr\/travel-blog\/bir-baska-istanbul-tarihi-kapalicarsi-gezisi\/#article\",\"isPartOf\":{\"@id\":\"https:\/\/julesverne.com.tr\/travel-blog\/bir-baska-istanbul-tarihi-kapalicarsi-gezisi\/\"},\"author\":{\"name\":\"fikirman\",\"@id\":\"https:\/\/julesverne.com.tr\/#\/schema\/person\/f4eb0514ae455538644c31b99a466fdb\"},\"headline\":\"Bir Ba\u015fka \u0130stanbul: Tarihi Kapal\u0131\u00e7ar\u015f\u0131 Gezisi\",\"datePublished\":\"2019-01-23T08:48:41+00:00\",\"dateModified\":\"2020-09-21T14:36:00+00:00\",\"mainEntityOfPage\":{\"@id\":\"https:\/\/julesverne.com.tr\/travel-blog\/bir-baska-istanbul-tarihi-kapalicarsi-gezisi\/\"},\"wordCount\":162,\"publisher\":{\"@id\":\"https:\/\/julesverne.com.tr\/#organization\"},\"image\":{\"@id\":\"https:\/\/julesverne.com.tr\/travel-blog\/bir-baska-istanbul-tarihi-kapalicarsi-gezisi\/#primaryimage\"},\"thumbnailUrl\":\"https:\/\/julesverne.com.tr\/wp-content\/uploads\/2020\/09\/istanbul_siluet.jpg\",\"articleSection\":[\"Blog\"],\"inLanguage\":\"en-US\"},{\"@type\":\"WebPage\",\"@id\":\"https:\/\/julesverne.com.tr\/travel-blog\/bir-baska-istanbul-tarihi-kapalicarsi-gezisi\/\",\"url\":\"https:\/\/julesverne.com.tr\/travel-blog\/bir-baska-istanbul-tarihi-kapalicarsi-gezisi\/\",\"name\":\"Bir Ba\u015fka \u0130stanbul: Tarihi Kapal\u0131\u00e7ar\u015f\u0131 Gezisi - JULES VERNE BUSINESS MICE TRAVEL\",\"isPartOf\":{\"@id\":\"https:\/\/julesverne.com.tr\/#website\"},\"primaryImageOfPage\":{\"@id\":\"https:\/\/julesverne.com.tr\/travel-blog\/bir-baska-istanbul-tarihi-kapalicarsi-gezisi\/#primaryimage\"},\"image\":{\"@id\":\"https:\/\/julesverne.com.tr\/travel-blog\/bir-baska-istanbul-tarihi-kapalicarsi-gezisi\/#primaryimage\"},\"thumbnailUrl\":\"https:\/\/julesverne.com.tr\/wp-content\/uploads\/2020\/09\/istanbul_siluet.jpg\",\"datePublished\":\"2019-01-23T08:48:41+00:00\",\"dateModified\":\"2020-09-21T14:36:00+00:00\",\"breadcrumb\":{\"@id\":\"https:\/\/julesverne.com.tr\/travel-blog\/bir-baska-istanbul-tarihi-kapalicarsi-gezisi\/#breadcrumb\"},\"inLanguage\":\"en-US\",\"potentialAction\":[{\"@type\":\"ReadAction\",\"target\":[\"https:\/\/julesverne.com.tr\/travel-blog\/bir-baska-istanbul-tarihi-kapalicarsi-gezisi\/\"]}]},{\"@type\":\"ImageObject\",\"inLanguage\":\"en-US\",\"@id\":\"https:\/\/julesverne.com.tr\/travel-blog\/bir-baska-istanbul-tarihi-kapalicarsi-gezisi\/#primaryimage\",\"url\":\"https:\/\/julesverne.com.tr\/wp-content\/uploads\/2020\/09\/istanbul_siluet.jpg\",\"contentUrl\":\"https:\/\/julesverne.com.tr\/wp-content\/uploads\/2020\/09\/istanbul_siluet.jpg\",\"width\":1000,\"height\":666},{\"@type\":\"BreadcrumbList\",\"@id\":\"https:\/\/julesverne.com.tr\/travel-blog\/bir-baska-istanbul-tarihi-kapalicarsi-gezisi\/#breadcrumb\",\"itemListElement\":[{\"@type\":\"ListItem\",\"position\":1,\"name\":\"Anasayfa\",\"item\":\"https:\/\/julesverne.com.tr\/\"},{\"@type\":\"ListItem\",\"position\":2,\"name\":\"Bir Ba\u015fka \u0130stanbul: Tarihi Kapal\u0131\u00e7ar\u015f\u0131 Gezisi\"}]},{\"@type\":\"WebSite\",\"@id\":\"https:\/\/julesverne.com.tr\/#website\",\"url\":\"https:\/\/julesverne.com.tr\/\",\"name\":\"JULES VERNE BUSINESS MICE TRAVEL\",\"description\":\"\",\"publisher\":{\"@id\":\"https:\/\/julesverne.com.tr\/#organization\"},\"potentialAction\":[{\"@type\":\"SearchAction\",\"target\":{\"@type\":\"EntryPoint\",\"urlTemplate\":\"https:\/\/julesverne.com.tr\/?s={search_term_string}\"},\"query-input\":\"required name=search_term_string\"}],\"inLanguage\":\"en-US\"},{\"@type\":\"Organization\",\"@id\":\"https:\/\/julesverne.com.tr\/#organization\",\"name\":\"JULES VERNE BUSINESS MICE TRAVEL\",\"url\":\"https:\/\/julesverne.com.tr\/\",\"logo\":{\"@type\":\"ImageObject\",\"inLanguage\":\"en-US\",\"@id\":\"https:\/\/julesverne.com.tr\/#\/schema\/logo\/image\/\",\"url\":\"https:\/\/julesverne.com.tr\/wp-content\/uploads\/2020\/09\/jv-bmt-logo.png\",\"contentUrl\":\"https:\/\/julesverne.com.tr\/wp-content\/uploads\/2020\/09\/jv-bmt-logo.png\",\"width\":110,\"height\":81,\"caption\":\"JULES VERNE BUSINESS MICE TRAVEL\"},\"image\":{\"@id\":\"https:\/\/julesverne.com.tr\/#\/schema\/logo\/image\/\"},\"sameAs\":[\"https:\/\/www.facebook.com\/JulesVerneBusinessMiceTravel\/\",\"https:\/\/twitter.com\/JV_BusinessMice\",\"https:\/\/www.instagram.com\/julesvernebusinessmicetravel\/\",\"https:\/\/www.linkedin.com\/company\/julesvernebusinessmicetravel\/\",\"https:\/\/www.youtube.com\/channel\/UCAwdsmbZ6tFhu1tea6pkpiw\"]},{\"@type\":\"Person\",\"@id\":\"https:\/\/julesverne.com.tr\/#\/schema\/person\/f4eb0514ae455538644c31b99a466fdb\",\"name\":\"fikirman\",\"sameAs\":[\"http:\/\/advermedya.net\/julesverne\"],\"url\":\"https:\/\/julesverne.com.tr\/en\/author\/fikirman\/\"}]}<\/script>\n<!-- \/ Yoast SEO plugin. -->","yoast_head_json":{"title":"Bir Ba\u015fka \u0130stanbul: Tarihi Kapal\u0131\u00e7ar\u015f\u0131 Gezisi - JULES VERNE BUSINESS MICE TRAVEL","robots":{"index":"index","follow":"follow","max-snippet":"max-snippet:-1","max-image-preview":"max-image-preview:large","max-video-preview":"max-video-preview:-1"},"canonical":"https:\/\/julesverne.com.tr\/travel-blog\/bir-baska-istanbul-tarihi-kapalicarsi-gezisi\/","og_locale":"en_US","og_type":"article","og_title":"Bir Ba\u015fka \u0130stanbul: Tarihi Kapal\u0131\u00e7ar\u015f\u0131 Gezisi - JULES VERNE BUSINESS MICE TRAVEL","og_description":"16 \u015eubat Cumartesi g&uuml;n&uuml;, rehber Mert Taner'in anlat\u0131mlar\u0131yla Kapal\u0131&ccedil;ar\u015f\u0131 ve Emin&ouml;n&uuml;'n&uuml;n gizli kalan hikayelerine yolculu\u011fa &ccedil;\u0131k\u0131yoruz.","og_url":"https:\/\/julesverne.com.tr\/travel-blog\/bir-baska-istanbul-tarihi-kapalicarsi-gezisi\/","og_site_name":"JULES VERNE BUSINESS MICE TRAVEL","article_publisher":"https:\/\/www.facebook.com\/JulesVerneBusinessMiceTravel\/","article_published_time":"2019-01-23T08:48:41+00:00","article_modified_time":"2020-09-21T14:36:00+00:00","og_image":[{"width":1000,"height":666,"url":"https:\/\/julesverne.com.tr\/wp-content\/uploads\/2020\/09\/istanbul_siluet.jpg","type":"image\/jpeg"}],"author":"fikirman","twitter_card":"summary_large_image","twitter_creator":"@JV_BusinessMice","twitter_site":"@JV_BusinessMice","twitter_misc":{"Written by":"fikirman","Est. reading time":"1 minute"},"schema":{"@context":"https:\/\/schema.org","@graph":[{"@type":"Article","@id":"https:\/\/julesverne.com.tr\/travel-blog\/bir-baska-istanbul-tarihi-kapalicarsi-gezisi\/#article","isPartOf":{"@id":"https:\/\/julesverne.com.tr\/travel-blog\/bir-baska-istanbul-tarihi-kapalicarsi-gezisi\/"},"author":{"name":"fikirman","@id":"https:\/\/julesverne.com.tr\/#\/schema\/person\/f4eb0514ae455538644c31b99a466fdb"},"headline":"Bir Ba\u015fka \u0130stanbul: Tarihi Kapal\u0131\u00e7ar\u015f\u0131 Gezisi","datePublished":"2019-01-23T08:48:41+00:00","dateModified":"2020-09-21T14:36:00+00:00","mainEntityOfPage":{"@id":"https:\/\/julesverne.com.tr\/travel-blog\/bir-baska-istanbul-tarihi-kapalicarsi-gezisi\/"},"wordCount":162,"publisher":{"@id":"https:\/\/julesverne.com.tr\/#organization"},"image":{"@id":"https:\/\/julesverne.com.tr\/travel-blog\/bir-baska-istanbul-tarihi-kapalicarsi-gezisi\/#primaryimage"},"thumbnailUrl":"https:\/\/julesverne.com.tr\/wp-content\/uploads\/2020\/09\/istanbul_siluet.jpg","articleSection":["Blog"],"inLanguage":"en-US"},{"@type":"WebPage","@id":"https:\/\/julesverne.com.tr\/travel-blog\/bir-baska-istanbul-tarihi-kapalicarsi-gezisi\/","url":"https:\/\/julesverne.com.tr\/travel-blog\/bir-baska-istanbul-tarihi-kapalicarsi-gezisi\/","name":"Bir Ba\u015fka \u0130stanbul: Tarihi Kapal\u0131\u00e7ar\u015f\u0131 Gezisi - JULES VERNE BUSINESS MICE TRAVEL","isPartOf":{"@id":"https:\/\/julesverne.com.tr\/#website"},"primaryImageOfPage":{"@id":"https:\/\/julesverne.com.tr\/travel-blog\/bir-baska-istanbul-tarihi-kapalicarsi-gezisi\/#primaryimage"},"image":{"@id":"https:\/\/julesverne.com.tr\/travel-blog\/bir-baska-istanbul-tarihi-kapalicarsi-gezisi\/#primaryimage"},"thumbnailUrl":"https:\/\/julesverne.com.tr\/wp-content\/uploads\/2020\/09\/istanbul_siluet.jpg","datePublished":"2019-01-23T08:48:41+00:00","dateModified":"2020-09-21T14:36:00+00:00","breadcrumb":{"@id":"https:\/\/julesverne.com.tr\/travel-blog\/bir-baska-istanbul-tarihi-kapalicarsi-gezisi\/#breadcrumb"},"inLanguage":"en-US","potentialAction":[{"@type":"ReadAction","target":["https:\/\/julesverne.com.tr\/travel-blog\/bir-baska-istanbul-tarihi-kapalicarsi-gezisi\/"]}]},{"@type":"ImageObject","inLanguage":"en-US","@id":"https:\/\/julesverne.com.tr\/travel-blog\/bir-baska-istanbul-tarihi-kapalicarsi-gezisi\/#primaryimage","url":"https:\/\/julesverne.com.tr\/wp-content\/uploads\/2020\/09\/istanbul_siluet.jpg","contentUrl":"https:\/\/julesverne.com.tr\/wp-content\/uploads\/2020\/09\/istanbul_siluet.jpg","width":1000,"height":666},{"@type":"BreadcrumbList","@id":"https:\/\/julesverne.com.tr\/travel-blog\/bir-baska-istanbul-tarihi-kapalicarsi-gezisi\/#breadcrumb","itemListElement":[{"@type":"ListItem","position":1,"name":"Anasayfa","item":"https:\/\/julesverne.com.tr\/"},{"@type":"ListItem","position":2,"name":"Bir Ba\u015fka \u0130stanbul: Tarihi Kapal\u0131\u00e7ar\u015f\u0131 Gezisi"}]},{"@type":"WebSite","@id":"https:\/\/julesverne.com.tr\/#website","url":"https:\/\/julesverne.com.tr\/","name":"JULES VERNE BUSINESS MICE TRAVEL","description":"","publisher":{"@id":"https:\/\/julesverne.com.tr\/#organization"},"potentialAction":[{"@type":"SearchAction","target":{"@type":"EntryPoint","urlTemplate":"https:\/\/julesverne.com.tr\/?s={search_term_string}"},"query-input":"required name=search_term_string"}],"inLanguage":"en-US"},{"@type":"Organization","@id":"https:\/\/julesverne.com.tr\/#organization","name":"JULES VERNE BUSINESS MICE TRAVEL","url":"https:\/\/julesverne.com.tr\/","logo":{"@type":"ImageObject","inLanguage":"en-US","@id":"https:\/\/julesverne.com.tr\/#\/schema\/logo\/image\/","url":"https:\/\/julesverne.com.tr\/wp-content\/uploads\/2020\/09\/jv-bmt-logo.png","contentUrl":"https:\/\/julesverne.com.tr\/wp-content\/uploads\/2020\/09\/jv-bmt-logo.png","width":110,"height":81,"caption":"JULES VERNE BUSINESS MICE TRAVEL"},"image":{"@id":"https:\/\/julesverne.com.tr\/#\/schema\/logo\/image\/"},"sameAs":["https:\/\/www.facebook.com\/JulesVerneBusinessMiceTravel\/","https:\/\/twitter.com\/JV_BusinessMice","https:\/\/www.instagram.com\/julesvernebusinessmicetravel\/","https:\/\/www.linkedin.com\/company\/julesvernebusinessmicetravel\/","https:\/\/www.youtube.com\/channel\/UCAwdsmbZ6tFhu1tea6pkpiw"]},{"@type":"Person","@id":"https:\/\/julesverne.com.tr\/#\/schema\/person\/f4eb0514ae455538644c31b99a466fdb","name":"fikirman","sameAs":["http:\/\/advermedya.net\/julesverne"],"url":"https:\/\/julesverne.com.tr\/en\/author\/fikirman\/"}]}},"_links":{"self":[{"href":"https:\/\/julesverne.com.tr\/en\/wp-json\/wp\/v2\/posts\/2052"}],"collection":[{"href":"https:\/\/julesverne.com.tr\/en\/wp-json\/wp\/v2\/posts"}],"about":[{"href":"https:\/\/julesverne.com.tr\/en\/wp-json\/wp\/v2\/types\/post"}],"author":[{"embeddable":true,"href":"https:\/\/julesverne.com.tr\/en\/wp-json\/wp\/v2\/users\/1"}],"replies":[{"embeddable":true,"href":"https:\/\/julesverne.com.tr\/en\/wp-json\/wp\/v2\/comments?post=2052"}],"version-history":[{"count":0,"href":"https:\/\/julesverne.com.tr\/en\/wp-json\/wp\/v2\/posts\/2052\/revisions"}],"wp:featuredmedia":[{"embeddable":true,"href":"https:\/\/julesverne.com.tr\/en\/wp-json\/wp\/v2\/media\/2053"}],"wp:attachment":[{"href":"https:\/\/julesverne.com.tr\/en\/wp-json\/wp\/v2\/media?parent=2052"}],"wp:term":[{"taxonomy":"category","embeddable":true,"href":"https:\/\/julesverne.com.tr\/en\/wp-json\/wp\/v2\/categories?post=2052"},{"taxonomy":"post_tag","embeddable":true,"href":"https:\/\/julesverne.com.tr\/en\/wp-json\/wp\/v2\/tags?post=2052"}],"curies":[{"name":"wp","href":"https:\/\/api.w.org\/{rel}","templated":true}]}}