{"id":2050,"date":"2019-01-15T18:30:45","date_gmt":"2019-01-15T15:30:45","guid":{"rendered":"https:\/\/www.julesverne.com.tr\/\/blog\/2019da-mutlaka-gormeniz-gereken-15-yer\/"},"modified":"2021-03-04T15:15:29","modified_gmt":"2021-03-04T12:15:29","slug":"2019da-mutlaka-gormeniz-gereken-15-yer","status":"publish","type":"post","link":"https:\/\/julesverne.com.tr\/en\/travel-blog\/2019da-mutlaka-gormeniz-gereken-15-yer\/","title":{"rendered":"2019\u2019da Mutlaka G\u00f6rmeniz Gereken 15 Yer"},"content":{"rendered":"<p><p style=\"text-align: center;\"><img loading=\"lazy\" decoding=\"async\" class=\"alignnone size-full wp-image-3994\" src=\"https:\/\/www.julesverne.com.tr\/\/wp-content\/uploads\/2020\/09\/atelier-des-lumieres-exposition-immersive.1000w.jpg\" width=\"1000\" height=\"560\" alt=\"atelier des lumieres paris\" srcset=\"https:\/\/julesverne.com.tr\/wp-content\/uploads\/2020\/09\/atelier-des-lumieres-exposition-immersive.1000w.jpg 1000w, https:\/\/julesverne.com.tr\/wp-content\/uploads\/2020\/09\/atelier-des-lumieres-exposition-immersive.1000w-500x280.jpg 500w, https:\/\/julesverne.com.tr\/wp-content\/uploads\/2020\/09\/atelier-des-lumieres-exposition-immersive.1000w-768x430.jpg 768w, https:\/\/julesverne.com.tr\/wp-content\/uploads\/2020\/09\/atelier-des-lumieres-exposition-immersive.1000w-400x225.jpg 400w\" sizes=\"(max-width: 1000px) 100vw, 1000px\" \/><\/p>\n<p>D&uuml;nyadaki g&uuml;zel ve ke\u015ffedilmeyi bekleyen yeni yerleri, yeni mek&acirc;nlar\u0131 tan\u0131tmak amac\u0131yla 50 y\u0131l &ouml;nce kurulan Time Out \u015fehir rehberi bu kez &#8220;\u015eu anda d&uuml;nyada yap\u0131lacak en iyi 50 \u015fey&#8221; listesini yay\u0131nlad\u0131. \u0130&ccedil;erisinde T&uuml;rkiye&rsquo;den bir sosyal ve k&uuml;lt&uuml;rel merkez olarak tasarlanan Bomontiada&rsquo;n\u0131n da yer ald\u0131\u011f\u0131 listede d&uuml;nya \u015fehirlerine yay\u0131lan 10 Corso Como, Japon avangart sanat&ccedil;\u0131 Yayoi Kusama&#8217;n\u0131n &ccedil;al\u0131\u015fmalar\u0131n\u0131 sergileyen Yayoi Kusama M&uuml;zesi, Marake\u015f&rsquo;te yer alan Yves Saint Laurent M&uuml;zesi, Paris&rsquo;in ilk dijital sanat m&uuml;zesi Atelier des Lumi&egrave;res, Gaudi harikas\u0131 Casa Vicens ve &ccedil;ok daha fazlas\u0131 yer al\u0131yor. Biz de bu liste i&ccedil;erisinden en iyi 15 yeri sizin i&ccedil;in derledik&hellip;<\/p>\n<p><strong>Bomontiada, \u0130stanbul \/ T&uuml;rkiye<\/strong><\/p>\n<p style=\"text-align: center;\"><strong><img loading=\"lazy\" decoding=\"async\" class=\"alignnone size-full wp-image-3995\" src=\"https:\/\/www.julesverne.com.tr\/\/wp-content\/uploads\/2020\/09\/bomontiada.jpg\" width=\"1194\" height=\"748\" alt=\"bomontiada\" srcset=\"https:\/\/julesverne.com.tr\/wp-content\/uploads\/2020\/09\/bomontiada.jpg 1194w, https:\/\/julesverne.com.tr\/wp-content\/uploads\/2020\/09\/bomontiada-500x313.jpg 500w, https:\/\/julesverne.com.tr\/wp-content\/uploads\/2020\/09\/bomontiada-768x481.jpg 768w\" sizes=\"(max-width: 1194px) 100vw, 1194px\" \/><\/strong><\/p>\n<p>Terkedilmi\u015f bir bira fabrikas\u0131ndan multidisipliner bir mekan yaratan Bomontiada, i&ccedil;erisinde k&uuml;lt&uuml;rel faaliyetler, g&ouml;sterimler, konserler, yemek festivalleri gibi yarat\u0131c\u0131 etkinliklerin ger&ccedil;ekle\u015fti\u011fi ve gurme mekanlar sunan &ccedil;oklu ya\u015fam merkezi asl\u0131nda. \u0130stanbul&#8217;un en kozmopolit noktas\u0131nda, bir&ccedil;ok beklentiye cevap veriyor.<\/p>\n<p><strong>Montenegro Express \/ S\u0131rbistan &amp; Karada\u011f<\/strong><\/p>\n<p style=\"text-align: center;\"><strong><img loading=\"lazy\" decoding=\"async\" class=\"alignnone size-full wp-image-3996\" src=\"https:\/\/www.julesverne.com.tr\/\/wp-content\/uploads\/2020\/09\/montenegro_express.jpg\" width=\"1280\" height=\"942\" alt=\"montenegro express\" srcset=\"https:\/\/julesverne.com.tr\/wp-content\/uploads\/2020\/09\/montenegro_express.jpg 1280w, https:\/\/julesverne.com.tr\/wp-content\/uploads\/2020\/09\/montenegro_express-500x368.jpg 500w, https:\/\/julesverne.com.tr\/wp-content\/uploads\/2020\/09\/montenegro_express-768x565.jpg 768w\" sizes=\"(max-width: 1280px) 100vw, 1280px\" \/><\/strong><\/p>\n<p>Sovyet d&ouml;neminde yap\u0131ld\u0131\u011f\u0131 g&uuml;nden beri neredeyse orijinal yap\u0131s\u0131n\u0131 koruyan Montenegro Express d&uuml;nyan\u0131n en nostaljik tren yolculuklar\u0131ndan birini ya\u015fat\u0131yor. Ge&ccedil;ti\u011fimiz y\u0131l seferlerine yeniden ba\u015flayan tren yolculu\u011fu S\u0131rbistan&#8217;\u0131n ba\u015fkenti Belgrad&#8217;dan Adriyatik&#8217;e kadar Karada\u011f&#8217;a uzan\u0131yor. Yolculuk boyunca 435 k&ouml;pr&uuml; ve 254 t&uuml;nelden ge&ccedil;ilen bu masals\u0131 yolculu\u011fu deneyimleyebilirsiniz.<\/p>\n<p><strong>Rainbow Village, Taichung \u015eehri \/ Tayvan&nbsp;<\/strong><\/p>\n<p style=\"text-align: center;\"><strong><img loading=\"lazy\" decoding=\"async\" class=\"alignnone size-full wp-image-3997\" src=\"https:\/\/www.julesverne.com.tr\/\/wp-content\/uploads\/2020\/09\/rainbow_village.jpg\" width=\"1280\" height=\"720\" alt=\"Rainbow Village, Taichung\" srcset=\"https:\/\/julesverne.com.tr\/wp-content\/uploads\/2020\/09\/rainbow_village.jpg 1280w, https:\/\/julesverne.com.tr\/wp-content\/uploads\/2020\/09\/rainbow_village-500x281.jpg 500w, https:\/\/julesverne.com.tr\/wp-content\/uploads\/2020\/09\/rainbow_village-768x432.jpg 768w, https:\/\/julesverne.com.tr\/wp-content\/uploads\/2020\/09\/rainbow_village-400x225.jpg 400w\" sizes=\"(max-width: 1280px) 100vw, 1280px\" \/><\/strong><\/p>\n<p>Tayvan&#8217;da 1940&#8217;l\u0131, 50&#8217;li y\u0131llarda ulusalc\u0131 askerlerin ya\u015fad\u0131\u011f\u0131 Taichung \u015eehri, 2010 y\u0131l\u0131nda h&uuml;k&uuml;met taraf\u0131ndan y\u0131k\u0131ma u\u011fram\u0131\u015f. Bunun ard\u0131ndan burada ya\u015famaya devam eden tek yerli olan Huang Yung-fu farkl\u0131 bir protesto olarak ya\u015fad\u0131\u011f\u0131 yerin her k&ouml;\u015fesini yava\u015f yava\u015f reng&acirc;renk boyamaya ba\u015flam\u0131\u015f. Buldu\u011fu her y&uuml;zeye duvar resimleri &ccedil;izen Huang Yung-fu zaman\u0131nda y\u0131k\u0131m karar\u0131 al\u0131nan b&ouml;lgeyi korunmaya al\u0131nan k&uuml;lt&uuml;rel bir alan haline getirmeyi ba\u015farm\u0131\u015f. &Uuml;lkenin en turistik yerlerinden biri haline gelen ve art\u0131k Rainbow Village olarak an\u0131lan k&ouml;ye gitmek isterseniz sabah erken saatleri tercih etmenizi &ouml;neririz.<\/p>\n<p><strong>Atacama &Ccedil;&ouml;l&uuml; \/ \u015eili<\/strong><\/p>\n<p style=\"text-align: center;\"><strong><img loading=\"lazy\" decoding=\"async\" class=\"alignnone size-full wp-image-3998\" src=\"https:\/\/www.julesverne.com.tr\/\/wp-content\/uploads\/2020\/09\/atacama.jpg\" width=\"900\" height=\"600\" alt=\"atacama desert stargazing\" srcset=\"https:\/\/julesverne.com.tr\/wp-content\/uploads\/2020\/09\/atacama.jpg 900w, https:\/\/julesverne.com.tr\/wp-content\/uploads\/2020\/09\/atacama-500x333.jpg 500w, https:\/\/julesverne.com.tr\/wp-content\/uploads\/2020\/09\/atacama-768x512.jpg 768w\" sizes=\"(max-width: 900px) 100vw, 900px\" \/><\/strong><\/p>\n<p>Ba\u015fka bir gezegendeymi\u015f hissi veren \u015eili&#8217;nin do\u011fal g&uuml;zelli\u011fi Atacama &Ccedil;&ouml;l&uuml;&#8230; Gayzerlerin deniz seviyesinden yakla\u015f\u0131k 4270 metre y&uuml;kse\u011fe f\u0131\u015fk\u0131rmas\u0131yla olu\u015fan El Tatio Gayzeri, tuz g&ouml;l&uuml; &uuml;zerinde dola\u015fan flamingolar, &ccedil;&ouml;l &uuml;zerinde yap\u0131lan safariler ger&ccedil;ek bir maceraya davet ediyor. Mars Ke\u015fif Arac\u0131&rsquo;n\u0131n ilk olarak test edildi\u011fi Atacama &#8220;ba\u015fka bir gezegen&#8221; benzetmesini fazlas\u0131yla hak ediyor. Do\u011fal b&uuml;y&uuml;s&uuml;yle birlikte son y\u0131llarda astro turizmin de g&ouml;zde destinasyonlar\u0131ndan biri. Hubble&#8217;dan on kat daha g&uuml;&ccedil;l&uuml; bir teleskopla d&uuml;nyan\u0131n en b&uuml;y&uuml;k kara merkezli g&ouml;zlemevi olan ALMA&#8217;y\u0131 ziyaret etmek de b&uuml;y&uuml;k bir motivasyon kayna\u011f\u0131!<\/p>\n<p><strong>L&rsquo;Atelier des Lumi&egrave;res, Paris \/ Fransa<\/strong><\/p>\n<p style=\"text-align: center;\"><strong><img loading=\"lazy\" decoding=\"async\" class=\"alignnone size-full wp-image-3999\" src=\"https:\/\/www.julesverne.com.tr\/\/wp-content\/uploads\/2020\/09\/atelier_des_lumieres.png\" width=\"580\" height=\"300\" alt=\"L&rsquo;Atelier des Lumi&egrave;res, Paris\" srcset=\"https:\/\/julesverne.com.tr\/wp-content\/uploads\/2020\/09\/atelier_des_lumieres.png 580w, https:\/\/julesverne.com.tr\/wp-content\/uploads\/2020\/09\/atelier_des_lumieres-500x259.png 500w\" sizes=\"(max-width: 580px) 100vw, 580px\" \/><\/strong><\/p>\n<p>Paris&#8217;in ilk dijital sanat m&uuml;zesi olarak a&ccedil;\u0131lan L&rsquo;Atelier des Lumi&egrave;res 3.300 metrekarelik dev bir alana yay\u0131l\u0131yor. Yakla\u015f\u0131k 20 y\u0131l bo\u015f kald\u0131ktan sonra dijital m&uuml;ze i&ccedil;in yenilenen metruk bina bug&uuml;n ise &uuml;nl&uuml; sanat&ccedil;\u0131lar\u0131n eserlerini dev projeksiyonlar e\u015fli\u011finde sanatseverlerle bulu\u015fturuyor.<\/p>\n<p><strong>Yayoi Kusama Museum, Tokyo \/ Japonya<\/strong><\/p>\n<p style=\"text-align: center;\"><strong><img loading=\"lazy\" decoding=\"async\" class=\"alignnone size-full wp-image-4000\" src=\"https:\/\/www.julesverne.com.tr\/\/wp-content\/uploads\/2020\/09\/Yayoi_Kusama_Museum.jpg\" width=\"1000\" height=\"665\" alt=\"Yayoi Kusama Museum\" srcset=\"https:\/\/julesverne.com.tr\/wp-content\/uploads\/2020\/09\/Yayoi_Kusama_Museum.jpg 1000w, https:\/\/julesverne.com.tr\/wp-content\/uploads\/2020\/09\/Yayoi_Kusama_Museum-500x333.jpg 500w, https:\/\/julesverne.com.tr\/wp-content\/uploads\/2020\/09\/Yayoi_Kusama_Museum-768x511.jpg 768w\" sizes=\"(max-width: 1000px) 100vw, 1000px\" \/><\/strong><\/p>\n<p>Japon avangart sanat&ccedil;\u0131 Yayoi Kusama&rsquo;n\u0131n renkli d&uuml;nyas\u0131na a&ccedil;\u0131lan Yayoi Kusama Museum, puantiyeli reng&acirc;renk alanlar\u0131, dev enstalasyonlar\u0131 ve sonsuzluk odalar\u0131yla sanatseverlere yepyeni bir deneyim sunuyor. Renklerin, desenlerin ve &ccedil;izgilerin en g&ouml;rkemli haliyle tan\u0131\u015faca\u011f\u0131n\u0131z 5 katl\u0131 m&uuml;zeye bilet bulmak her zaman kolay olmuyor. Kap\u0131dan bilet sat\u0131\u015f\u0131n\u0131n olmad\u0131\u011f\u0131 m&uuml;zeye giri\u015f i&ccedil;in web sitesinden bilet sat\u0131n alman\u0131z gerekli.<\/p>\n<p><strong>10 Corso Como, Milano \/ \u0130talya<\/strong><\/p>\n<p style=\"text-align: center;\"><strong><img loading=\"lazy\" decoding=\"async\" class=\"alignnone size-full wp-image-4001\" src=\"https:\/\/www.julesverne.com.tr\/\/wp-content\/uploads\/2020\/09\/10_corso_como.jpg\" width=\"1280\" height=\"853\" alt=\"10 Corso Como Milano\" srcset=\"https:\/\/julesverne.com.tr\/wp-content\/uploads\/2020\/09\/10_corso_como.jpg 1280w, https:\/\/julesverne.com.tr\/wp-content\/uploads\/2020\/09\/10_corso_como-500x333.jpg 500w, https:\/\/julesverne.com.tr\/wp-content\/uploads\/2020\/09\/10_corso_como-768x512.jpg 768w\" sizes=\"(max-width: 1280px) 100vw, 1280px\" \/><\/strong><\/p>\n<p>D&uuml;nyan\u0131n en b&uuml;y&uuml;k al\u0131\u015fveri\u015f \u015fehirlerinden biri olan Milano&#8217;da &ouml;nemli olan \u015f\u0131k ve stil sahibi yerleri bulabilmek. 10 Corso Como stil, tasar\u0131m, yarat\u0131c\u0131l\u0131k ad\u0131na dair ne varsa tek &ccedil;at\u0131 alt\u0131nda toplamay\u0131 ba\u015far\u0131yor. Eski bir depodan d&ouml;n&uuml;\u015ft&uuml;r&uuml;len bu &ccedil;ok katl\u0131 merkezde tasar\u0131m markalar\u0131n\u0131n &uuml;r&uuml;nlerinden sanat kitaplar\u0131na kadar y&uuml;zlerce farkl\u0131 &uuml;r&uuml;n&uuml; bulabilirsiniz. Ayn\u0131 zamanda d&uuml;zenli sergilerin yer verildi\u011fi 10 Corso Como \u015f\u0131k kafesiyle t&uuml;m beklentileri tamaml\u0131yor. Milano&#8217;dan sonra Tokyo, Seul ve New York&#8217;ta da \u015fubelerinin a&ccedil;\u0131ld\u0131\u011f\u0131n\u0131 belirtelim.<\/p>\n<p><strong>Uluru-Kata Tjuta National Park, Uluru \/ Avustralya<\/strong><\/p>\n<p style=\"text-align: center;\"><strong><img loading=\"lazy\" decoding=\"async\" class=\"alignnone size-full wp-image-4002\" src=\"https:\/\/www.julesverne.com.tr\/\/wp-content\/uploads\/2020\/09\/uluru.jpg\" width=\"991\" height=\"677\" alt=\"Bruce Munro Uluru\" srcset=\"https:\/\/julesverne.com.tr\/wp-content\/uploads\/2020\/09\/uluru.jpg 991w, https:\/\/julesverne.com.tr\/wp-content\/uploads\/2020\/09\/uluru-500x342.jpg 500w, https:\/\/julesverne.com.tr\/wp-content\/uploads\/2020\/09\/uluru-768x525.jpg 768w\" sizes=\"(max-width: 991px) 100vw, 991px\" \/><\/strong><\/p>\n<p>Avustralya&#8217;n\u0131n monolitik k\u0131rm\u0131z\u0131 kayalar\u0131yla kapl\u0131 co\u011frafyas\u0131nda, d&uuml;nyan\u0131n kutsal yerlerinden biri kabul edilen Uluru&#8217;da renkli ampullerin ortas\u0131nda oldu\u011funuzu bir hayal edin! Bruce Munro&rsquo;n\u0131n g&uuml;ne\u015f enerjisiyle &ccedil;al\u0131\u015fan, b&ouml;lgeye &ouml;zg&uuml; yaratt\u0131\u011f\u0131 sanat eseri The Field of Light, Avatar filminden bir sahne gibi do\u011fan\u0131n kuca\u011f\u0131nda duruyor. Uluru-Kata Tjuta National Park&#8217;ta yer alan eseri g&uuml;n do\u011fumunda veya g&uuml;nbat\u0131m\u0131nda ziyaret edebilirsiniz. Tabi isterseniz helikopter ile havadan izleme \u015fans\u0131n\u0131z da var. Enstalasyon 2020 y\u0131l\u0131 sonuna kadar Uluru&#8217;da kalacak.<\/p>\n<p><strong>Eden Project, Cornwall \/ \u0130ngiltere<\/strong><\/p>\n<p style=\"text-align: center;\"><strong><img loading=\"lazy\" decoding=\"async\" class=\"alignnone size-full wp-image-4003\" src=\"https:\/\/www.julesverne.com.tr\/\/wp-content\/uploads\/2020\/09\/eden_project.jpg\" width=\"999\" height=\"640\" alt=\"Eden Project, Cornwall\" srcset=\"https:\/\/julesverne.com.tr\/wp-content\/uploads\/2020\/09\/eden_project.jpg 999w, https:\/\/julesverne.com.tr\/wp-content\/uploads\/2020\/09\/eden_project-500x320.jpg 500w, https:\/\/julesverne.com.tr\/wp-content\/uploads\/2020\/09\/eden_project-768x492.jpg 768w\" sizes=\"(max-width: 999px) 100vw, 999px\" \/><\/strong><\/p>\n<p>D&uuml;nyan\u0131n en b&uuml;y&uuml;k seras\u0131 olarak bilinen Eden Project b&uuml;nyesinde 2000 tropikal bitki ve Akdeniz bitki t&uuml;rlerine ev sahipli\u011fi yap\u0131yor. Her ge&ccedil;en y\u0131l yeni bitki t&uuml;rlerinin eklendi\u011fi dev sera, ya\u011fmur ormanlar\u0131 biyomu ve Akdeniz biyomunu i&ccedil;eren iki b&ouml;l&uuml;mden olu\u015fuyor. Y&uuml;kseklik korkunuz yoksa ya\u011fmur ormanlar\u0131ndaki k&ouml;pr&uuml;de y&uuml;r&uuml;y&uuml;\u015f yap\u0131p bu heyecan verici deneyimi ya\u015fayabilirsiniz. Bj&ouml;rk, Massive Attack gibi iddial\u0131 konserlere de ev sahipli\u011fi yapan Eden Project heykel, resim gibi sanat etkinliklerine de kap\u0131lar\u0131n\u0131 a&ccedil;\u0131yor.<\/p>\n<p><strong>Future World, Singapur<\/strong><\/p>\n<p style=\"text-align: center;\"><strong><img loading=\"lazy\" decoding=\"async\" class=\"alignnone size-full wp-image-4004\" src=\"https:\/\/www.julesverne.com.tr\/\/wp-content\/uploads\/2020\/09\/future_world.jpg\" width=\"930\" height=\"550\" alt=\"Future World, Singapur\" srcset=\"https:\/\/julesverne.com.tr\/wp-content\/uploads\/2020\/09\/future_world.jpg 930w, https:\/\/julesverne.com.tr\/wp-content\/uploads\/2020\/09\/future_world-500x296.jpg 500w, https:\/\/julesverne.com.tr\/wp-content\/uploads\/2020\/09\/future_world-768x454.jpg 768w\" sizes=\"(max-width: 930px) 100vw, 930px\" \/><\/strong><\/p>\n<p>Singapur&#8217;da yer alan Marina Bay Sands ba\u015fl\u0131 ba\u015fl\u0131na g&ouml;z al\u0131c\u0131 bir proje, b&uuml;y&uuml;leyici bir mimari. Bu muhte\u015femli\u011fin i&ccedil;erisinde bilim ve sanat\u0131 bulu\u015fturan projenin ad\u0131 ise Future World. ArtScience Museum&#8217;\u0131n tek kal\u0131c\u0131 sergisi olan Future World, Japon teknoloji-sanat ekibi teamLab&#8217;in LED \u0131\u015f\u0131klar e\u015fli\u011findeki 4D d&uuml;nyas\u0131na davet ediyor. 6 metre y&uuml;kseklikten d&ouml;k&uuml;len dijital &ccedil;i&ccedil;ekler, dokunduk&ccedil;a da\u011f\u0131lan kelebekler, kiraz &ccedil;i&ccedil;ekleri ve &ccedil;ok daha fazlas\u0131 gelece\u011fin d&uuml;nyas\u0131nda!<\/p>\n<p><strong>Casa Vicens, Barcelona \/ \u0130spanya<\/strong><\/p>\n<p style=\"text-align: center;\"><strong><img loading=\"lazy\" decoding=\"async\" class=\"alignnone size-full wp-image-4005\" src=\"https:\/\/www.julesverne.com.tr\/\/wp-content\/uploads\/2020\/09\/casa_vicens.jpg\" width=\"999\" height=\"663\" alt=\"Casa Vicens, Barcelona \" srcset=\"https:\/\/julesverne.com.tr\/wp-content\/uploads\/2020\/09\/casa_vicens.jpg 999w, https:\/\/julesverne.com.tr\/wp-content\/uploads\/2020\/09\/casa_vicens-500x332.jpg 500w, https:\/\/julesverne.com.tr\/wp-content\/uploads\/2020\/09\/casa_vicens-768x510.jpg 768w\" sizes=\"(max-width: 999px) 100vw, 999px\" \/><\/strong><\/p>\n<p>Barcelona demek Gaud&iacute; demek! Gaud&iacute; ve Barcelona denince akla ilk gelenler Sagrada Familia ve Casa Mila olsa da sizi sanat&ccedil;\u0131n\u0131n daha az bilinen cevheriyle tan\u0131\u015ft\u0131ral\u0131m: Casa Vicens. &Uuml;nl&uuml; mimar\u0131n \u015fehirdeki ilk b&uuml;y&uuml;k &ccedil;al\u0131\u015fmalar\u0131ndan biri olan Casa Vicens, Sagrada Familia ve Park G&uuml;ell gibi en &uuml;nl&uuml; binalar\u0131nda kullanaca\u011f\u0131 teknikleri, dekoratif motifleri ve sembolleri kulland\u0131\u011f\u0131 ve deneyimledi\u011fi projesi. 2017 y\u0131l\u0131nda ziyarete a&ccedil;\u0131lan bina Unesco D&uuml;nya Miras\u0131 listesinde!<\/p>\n<p><strong>Zeitz MOCAA, Cape Town \/ G&uuml;ney Afrika<\/strong><\/p>\n<p style=\"text-align: center;\"><strong><img loading=\"lazy\" decoding=\"async\" class=\"alignnone size-full wp-image-4006\" src=\"https:\/\/www.julesverne.com.tr\/\/wp-content\/uploads\/2020\/09\/zeitz_mocaa.jpg\" width=\"1280\" height=\"1062\" alt=\"Zeitz MOCAA\" srcset=\"https:\/\/julesverne.com.tr\/wp-content\/uploads\/2020\/09\/zeitz_mocaa.jpg 1280w, https:\/\/julesverne.com.tr\/wp-content\/uploads\/2020\/09\/zeitz_mocaa-500x415.jpg 500w, https:\/\/julesverne.com.tr\/wp-content\/uploads\/2020\/09\/zeitz_mocaa-768x637.jpg 768w\" sizes=\"(max-width: 1280px) 100vw, 1280px\" \/><\/strong><\/p>\n<p>2018 ArchDaily Y\u0131l\u0131n Yap\u0131 &Ouml;d&uuml;lleri&rsquo;nde &lsquo;K&uuml;lt&uuml;rel Mimari&rsquo; dal\u0131nda &ouml;d&uuml;l alan Zeitz MOCAA (Zeitz Museum of Contemporary Art Africa), Cape Town&#8217;un pop&uuml;ler ya\u015fam merkezi V&amp;A Waterfront&#8217;ta yer al\u0131yor. D&uuml;nyan\u0131n en b&uuml;y&uuml;k &ccedil;a\u011fda\u015f Afrika sanat\u0131 m&uuml;zesi olan Zeitz MOCAA, bir zamanlar \u015fehrin en y&uuml;ksek binas\u0131 olan tarihi tah\u0131l ambar\u0131ndan d&ouml;n&uuml;\u015ft&uuml;r&uuml;lm&uuml;\u015f. 80 galeriye yay\u0131lan 9 katl\u0131 m&uuml;ze mimarisinden koleksiyonuna b&uuml;y&uuml;leyici detaylarla dolu.<\/p>\n<p><strong>House of Yes, New York \/ ABD<\/strong><\/p>\n<p style=\"text-align: center;\"><strong><img loading=\"lazy\" decoding=\"async\" class=\"alignnone size-full wp-image-4007\" src=\"https:\/\/www.julesverne.com.tr\/\/wp-content\/uploads\/2020\/09\/house_of_yes.jpg\" width=\"1024\" height=\"683\" alt=\"House of Yes, New York \" srcset=\"https:\/\/julesverne.com.tr\/wp-content\/uploads\/2020\/09\/house_of_yes.jpg 1024w, https:\/\/julesverne.com.tr\/wp-content\/uploads\/2020\/09\/house_of_yes-500x333.jpg 500w, https:\/\/julesverne.com.tr\/wp-content\/uploads\/2020\/09\/house_of_yes-768x512.jpg 768w\" sizes=\"(max-width: 1024px) 100vw, 1024px\" \/><\/strong><\/p>\n<p>New York gece hayat\u0131n\u0131n her zaman \u015fa\u015f\u0131rt\u0131c\u0131 oldu\u011fu ve s&uuml;rprizlerle dolu oldu\u011funu bilsek de her seferinde daha da iddial\u0131 bir projeyle kar\u015f\u0131la\u015fmaya devam ediyoruz. Bu kez, kendini &#8220;tuhaf, yabani ve ola\u011fan&uuml;st&uuml;&#8221; olarak tan\u0131mlayan House of Yes ile g&uuml;ndemde New York&#8230; Eklektik etkinlikler ve muhte\u015fem dans partileri ile &ccedil;arp\u0131c\u0131 performanslar\u0131n ger&ccedil;ekle\u015fti\u011fi gece kul&uuml;b&uuml; Brooklyn&rsquo;in Bushwick mahallesinde konumlan\u0131yor.&nbsp;<\/p>\n<p><strong>Yves Saint Laurent Museum, Marake\u015f \/ Fas<\/strong><\/p>\n<p style=\"text-align: center;\"><strong><img loading=\"lazy\" decoding=\"async\" class=\"alignnone size-full wp-image-4008\" src=\"https:\/\/www.julesverne.com.tr\/\/wp-content\/uploads\/2020\/09\/yvl.jpg\" width=\"1280\" height=\"587\" alt=\"Yves Saint Laurent Museum\" srcset=\"https:\/\/julesverne.com.tr\/wp-content\/uploads\/2020\/09\/yvl.jpg 1280w, https:\/\/julesverne.com.tr\/wp-content\/uploads\/2020\/09\/yvl-500x229.jpg 500w, https:\/\/julesverne.com.tr\/wp-content\/uploads\/2020\/09\/yvl-768x352.jpg 768w\" sizes=\"(max-width: 1280px) 100vw, 1280px\" \/><\/strong><\/p>\n<p>Sanat, tasar\u0131m, moda ve do\u011fan\u0131n bulu\u015ftu\u011fu Marake\u015f, Yves Saint Laurent Museum ile yeni bir d&uuml;nyaya kap\u0131lar\u0131n\u0131 a&ccedil;\u0131yor. 1980&#8217;de Frans\u0131z modac\u0131 Yves Saint Laurent, Frans\u0131z ressam Jacques Majorelle&#8217;in yaratt\u0131\u011f\u0131 bah&ccedil;elerin yan\u0131ndaki arsan\u0131n sat\u0131larak otele d&ouml;n&uuml;\u015ft&uuml;r&uuml;lece\u011fini &ouml;\u011frendi\u011finde buray\u0131 sat\u0131n alarak asl\u0131nda &#8220;kurtarm\u0131\u015f.&#8221;&nbsp; M&uuml;zede, couture koleksiyonundan &ccedil;izimlerine kadar &uuml;nl&uuml; tasar\u0131mc\u0131n\u0131n 40 senelik kariyeri sergileniyor.<\/p>\n<p><strong>Meow Wolf Art Complex, Santa Fe \/ ABD<\/strong><\/p>\n<p style=\"text-align: center;\"><strong><img loading=\"lazy\" decoding=\"async\" class=\"alignnone size-full wp-image-4009\" src=\"https:\/\/www.julesverne.com.tr\/\/wp-content\/uploads\/2020\/09\/meow_wolf.jpg\" width=\"1280\" height=\"852\" alt=\"Meow Wolf Art Complex\" srcset=\"https:\/\/julesverne.com.tr\/wp-content\/uploads\/2020\/09\/meow_wolf.jpg 1280w, https:\/\/julesverne.com.tr\/wp-content\/uploads\/2020\/09\/meow_wolf-500x333.jpg 500w, https:\/\/julesverne.com.tr\/wp-content\/uploads\/2020\/09\/meow_wolf-768x511.jpg 768w\" sizes=\"(max-width: 1280px) 100vw, 1280px\" \/><\/strong><\/p>\n<p>Ba\u015fka bir d&uuml;nya i&ccedil;inde bamba\u015fka d&uuml;nyalar sunan, matru\u015fka oyuncaklar\u0131n\u0131 and\u0131ran bir e\u011flence kompleksi Meow Wolf, geleneklerin ve &ccedil;a\u011fda\u015fl\u0131\u011f\u0131n bulu\u015ftu\u011fu Santa Fe \u015fehrini farkl\u0131 bir noktaya ta\u015f\u0131yor. Santa Fe&rsquo;nin sanayi b&ouml;lgesinde al&ccedil;akg&ouml;n&uuml;ll&uuml; bir binan\u0131n i&ccedil;ine gizlenen Meow Wolf gizli ge&ccedil;itleri, b&uuml;y&uuml;l&uuml; d&uuml;nyalara a&ccedil;\u0131lan kap\u0131lar\u0131 ve b&uuml;y&uuml;leyici sanat sergileri ile fantastik bir d&uuml;nya yarat\u0131yor. Labirenti and\u0131ran binada kendi yolunuzu bulmak sizin elinizde.<\/p>\n<p style=\"text-align: center;\"><strong>Size &ouml;zel seyahat program\u0131 ve rezervasyon i&ccedil;in:<\/strong><br \/><a href=\"mailto:travel@julesverne.com.tr\" target=\"_blank\" rel=\"noopener noreferrer\"><strong>travel@julesverne.com.tr<\/strong><\/a><br \/><strong>0212 266 6363 &#8211; 118<\/strong><\/p><\/p>\n","protected":false},"excerpt":{"rendered":"<p>D&uuml;nyadaki g&uuml;zel ve ke\u015ffedilmeyi bekleyen yeni yerleri, yeni mek&acirc;nlar\u0131 tan\u0131tmak amac\u0131yla 50 y\u0131l &ouml;nce kurulan Time Out \u015fehir rehberi bu kez &#8220;\u015eu anda d&uuml;nyada yap\u0131lacak en iyi 50 \u015fey&#8221; listesini yay\u0131nlad\u0131. \u0130&ccedil;erisinde T&uuml;rkiye&rsquo;den bir sosyal ve k&uuml;lt&uuml;rel merkez olarak tasarlanan Bomontiada&rsquo;n\u0131n da yer ald\u0131\u011f\u0131 liste i&ccedil;erisinden en iyi 15 yeri sizin i&ccedil;in derledik&hellip;<\/p>\n<p>&nbsp;<\/p>\n","protected":false},"author":1,"featured_media":2051,"comment_status":"closed","ping_status":"closed","sticky":false,"template":"","format":"standard","meta":{"inline_featured_image":false,"footnotes":""},"categories":[38,1,39],"tags":[],"acf":[],"yoast_head":"<!-- This site is optimized with the Yoast SEO plugin v22.3 - https:\/\/yoast.com\/wordpress\/plugins\/seo\/ -->\n<title>2019\u2019da Mutlaka G\u00f6rmeniz Gereken 15 Yer - JULES VERNE BUSINESS MICE TRAVEL<\/title>\n<meta name=\"robots\" content=\"index, follow, max-snippet:-1, max-image-preview:large, max-video-preview:-1\" \/>\n<link rel=\"canonical\" href=\"https:\/\/julesverne.com.tr\/travel-blog\/2019da-mutlaka-gormeniz-gereken-15-yer\/\" \/>\n<meta property=\"og:locale\" content=\"en_US\" \/>\n<meta property=\"og:type\" content=\"article\" \/>\n<meta property=\"og:title\" content=\"2019\u2019da Mutlaka G\u00f6rmeniz Gereken 15 Yer - JULES VERNE BUSINESS MICE TRAVEL\" \/>\n<meta property=\"og:description\" content=\"D&uuml;nyadaki g&uuml;zel ve ke\u015ffedilmeyi bekleyen yeni yerleri, yeni mek&acirc;nlar\u0131 tan\u0131tmak amac\u0131yla 50 y\u0131l &ouml;nce kurulan Time Out \u015fehir rehberi bu kez &quot;\u015eu anda d&uuml;nyada yap\u0131lacak en iyi 50 \u015fey&quot; listesini yay\u0131nlad\u0131. \u0130&ccedil;erisinde T&uuml;rkiye&rsquo;den bir sosyal ve k&uuml;lt&uuml;rel merkez olarak tasarlanan Bomontiada&rsquo;n\u0131n da yer ald\u0131\u011f\u0131 liste i&ccedil;erisinden en iyi 15 yeri sizin i&ccedil;in derledik&hellip; &nbsp;\" \/>\n<meta property=\"og:url\" content=\"https:\/\/julesverne.com.tr\/travel-blog\/2019da-mutlaka-gormeniz-gereken-15-yer\/\" \/>\n<meta property=\"og:site_name\" content=\"JULES VERNE BUSINESS MICE TRAVEL\" \/>\n<meta property=\"article:publisher\" content=\"https:\/\/www.facebook.com\/JulesVerneBusinessMiceTravel\/\" \/>\n<meta property=\"article:published_time\" content=\"2019-01-15T15:30:45+00:00\" \/>\n<meta property=\"article:modified_time\" content=\"2021-03-04T12:15:29+00:00\" \/>\n<meta property=\"og:image\" content=\"https:\/\/julesverne.com.tr\/wp-content\/uploads\/2020\/09\/marina_bay_sands.jpg\" \/>\n\t<meta property=\"og:image:width\" content=\"1000\" \/>\n\t<meta property=\"og:image:height\" content=\"738\" \/>\n\t<meta property=\"og:image:type\" content=\"image\/jpeg\" \/>\n<meta name=\"author\" content=\"fikirman\" \/>\n<meta name=\"twitter:card\" content=\"summary_large_image\" \/>\n<meta name=\"twitter:creator\" content=\"@JV_BusinessMice\" \/>\n<meta name=\"twitter:site\" content=\"@JV_BusinessMice\" \/>\n<meta name=\"twitter:label1\" content=\"Written by\" \/>\n\t<meta name=\"twitter:data1\" content=\"fikirman\" \/>\n\t<meta name=\"twitter:label2\" content=\"Est. reading time\" \/>\n\t<meta name=\"twitter:data2\" content=\"9 minutes\" \/>\n<script type=\"application\/ld+json\" class=\"yoast-schema-graph\">{\"@context\":\"https:\/\/schema.org\",\"@graph\":[{\"@type\":\"Article\",\"@id\":\"https:\/\/julesverne.com.tr\/travel-blog\/2019da-mutlaka-gormeniz-gereken-15-yer\/#article\",\"isPartOf\":{\"@id\":\"https:\/\/julesverne.com.tr\/travel-blog\/2019da-mutlaka-gormeniz-gereken-15-yer\/\"},\"author\":{\"name\":\"fikirman\",\"@id\":\"https:\/\/julesverne.com.tr\/#\/schema\/person\/f4eb0514ae455538644c31b99a466fdb\"},\"headline\":\"2019\u2019da Mutlaka G\u00f6rmeniz Gereken 15 Yer\",\"datePublished\":\"2019-01-15T15:30:45+00:00\",\"dateModified\":\"2021-03-04T12:15:29+00:00\",\"mainEntityOfPage\":{\"@id\":\"https:\/\/julesverne.com.tr\/travel-blog\/2019da-mutlaka-gormeniz-gereken-15-yer\/\"},\"wordCount\":1741,\"publisher\":{\"@id\":\"https:\/\/julesverne.com.tr\/#organization\"},\"image\":{\"@id\":\"https:\/\/julesverne.com.tr\/travel-blog\/2019da-mutlaka-gormeniz-gereken-15-yer\/#primaryimage\"},\"thumbnailUrl\":\"https:\/\/julesverne.com.tr\/wp-content\/uploads\/2020\/09\/marina_bay_sands.jpg\",\"articleSection\":[\"\u0130lham Veren Destinasyonlar\",\"Blog\",\"Nereye Gitsek?\"],\"inLanguage\":\"en-US\"},{\"@type\":\"WebPage\",\"@id\":\"https:\/\/julesverne.com.tr\/travel-blog\/2019da-mutlaka-gormeniz-gereken-15-yer\/\",\"url\":\"https:\/\/julesverne.com.tr\/travel-blog\/2019da-mutlaka-gormeniz-gereken-15-yer\/\",\"name\":\"2019\u2019da Mutlaka G\u00f6rmeniz Gereken 15 Yer - JULES VERNE BUSINESS MICE TRAVEL\",\"isPartOf\":{\"@id\":\"https:\/\/julesverne.com.tr\/#website\"},\"primaryImageOfPage\":{\"@id\":\"https:\/\/julesverne.com.tr\/travel-blog\/2019da-mutlaka-gormeniz-gereken-15-yer\/#primaryimage\"},\"image\":{\"@id\":\"https:\/\/julesverne.com.tr\/travel-blog\/2019da-mutlaka-gormeniz-gereken-15-yer\/#primaryimage\"},\"thumbnailUrl\":\"https:\/\/julesverne.com.tr\/wp-content\/uploads\/2020\/09\/marina_bay_sands.jpg\",\"datePublished\":\"2019-01-15T15:30:45+00:00\",\"dateModified\":\"2021-03-04T12:15:29+00:00\",\"breadcrumb\":{\"@id\":\"https:\/\/julesverne.com.tr\/travel-blog\/2019da-mutlaka-gormeniz-gereken-15-yer\/#breadcrumb\"},\"inLanguage\":\"en-US\",\"potentialAction\":[{\"@type\":\"ReadAction\",\"target\":[\"https:\/\/julesverne.com.tr\/travel-blog\/2019da-mutlaka-gormeniz-gereken-15-yer\/\"]}]},{\"@type\":\"ImageObject\",\"inLanguage\":\"en-US\",\"@id\":\"https:\/\/julesverne.com.tr\/travel-blog\/2019da-mutlaka-gormeniz-gereken-15-yer\/#primaryimage\",\"url\":\"https:\/\/julesverne.com.tr\/wp-content\/uploads\/2020\/09\/marina_bay_sands.jpg\",\"contentUrl\":\"https:\/\/julesverne.com.tr\/wp-content\/uploads\/2020\/09\/marina_bay_sands.jpg\",\"width\":1000,\"height\":738},{\"@type\":\"BreadcrumbList\",\"@id\":\"https:\/\/julesverne.com.tr\/travel-blog\/2019da-mutlaka-gormeniz-gereken-15-yer\/#breadcrumb\",\"itemListElement\":[{\"@type\":\"ListItem\",\"position\":1,\"name\":\"Anasayfa\",\"item\":\"https:\/\/julesverne.com.tr\/\"},{\"@type\":\"ListItem\",\"position\":2,\"name\":\"2019\u2019da Mutlaka G\u00f6rmeniz Gereken 15 Yer\"}]},{\"@type\":\"WebSite\",\"@id\":\"https:\/\/julesverne.com.tr\/#website\",\"url\":\"https:\/\/julesverne.com.tr\/\",\"name\":\"JULES VERNE BUSINESS MICE TRAVEL\",\"description\":\"\",\"publisher\":{\"@id\":\"https:\/\/julesverne.com.tr\/#organization\"},\"potentialAction\":[{\"@type\":\"SearchAction\",\"target\":{\"@type\":\"EntryPoint\",\"urlTemplate\":\"https:\/\/julesverne.com.tr\/?s={search_term_string}\"},\"query-input\":\"required name=search_term_string\"}],\"inLanguage\":\"en-US\"},{\"@type\":\"Organization\",\"@id\":\"https:\/\/julesverne.com.tr\/#organization\",\"name\":\"JULES VERNE BUSINESS MICE TRAVEL\",\"url\":\"https:\/\/julesverne.com.tr\/\",\"logo\":{\"@type\":\"ImageObject\",\"inLanguage\":\"en-US\",\"@id\":\"https:\/\/julesverne.com.tr\/#\/schema\/logo\/image\/\",\"url\":\"https:\/\/julesverne.com.tr\/wp-content\/uploads\/2020\/09\/jv-bmt-logo.png\",\"contentUrl\":\"https:\/\/julesverne.com.tr\/wp-content\/uploads\/2020\/09\/jv-bmt-logo.png\",\"width\":110,\"height\":81,\"caption\":\"JULES VERNE BUSINESS MICE TRAVEL\"},\"image\":{\"@id\":\"https:\/\/julesverne.com.tr\/#\/schema\/logo\/image\/\"},\"sameAs\":[\"https:\/\/www.facebook.com\/JulesVerneBusinessMiceTravel\/\",\"https:\/\/twitter.com\/JV_BusinessMice\",\"https:\/\/www.instagram.com\/julesvernebusinessmicetravel\/\",\"https:\/\/www.linkedin.com\/company\/julesvernebusinessmicetravel\/\",\"https:\/\/www.youtube.com\/channel\/UCAwdsmbZ6tFhu1tea6pkpiw\"]},{\"@type\":\"Person\",\"@id\":\"https:\/\/julesverne.com.tr\/#\/schema\/person\/f4eb0514ae455538644c31b99a466fdb\",\"name\":\"fikirman\",\"sameAs\":[\"http:\/\/advermedya.net\/julesverne\"],\"url\":\"https:\/\/julesverne.com.tr\/en\/author\/fikirman\/\"}]}<\/script>\n<!-- \/ Yoast SEO plugin. -->","yoast_head_json":{"title":"2019\u2019da Mutlaka G\u00f6rmeniz Gereken 15 Yer - JULES VERNE BUSINESS MICE TRAVEL","robots":{"index":"index","follow":"follow","max-snippet":"max-snippet:-1","max-image-preview":"max-image-preview:large","max-video-preview":"max-video-preview:-1"},"canonical":"https:\/\/julesverne.com.tr\/travel-blog\/2019da-mutlaka-gormeniz-gereken-15-yer\/","og_locale":"en_US","og_type":"article","og_title":"2019\u2019da Mutlaka G\u00f6rmeniz Gereken 15 Yer - JULES VERNE BUSINESS MICE TRAVEL","og_description":"D&uuml;nyadaki g&uuml;zel ve ke\u015ffedilmeyi bekleyen yeni yerleri, yeni mek&acirc;nlar\u0131 tan\u0131tmak amac\u0131yla 50 y\u0131l &ouml;nce kurulan Time Out \u015fehir rehberi bu kez \"\u015eu anda d&uuml;nyada yap\u0131lacak en iyi 50 \u015fey\" listesini yay\u0131nlad\u0131. \u0130&ccedil;erisinde T&uuml;rkiye&rsquo;den bir sosyal ve k&uuml;lt&uuml;rel merkez olarak tasarlanan Bomontiada&rsquo;n\u0131n da yer ald\u0131\u011f\u0131 liste i&ccedil;erisinden en iyi 15 yeri sizin i&ccedil;in derledik&hellip; &nbsp;","og_url":"https:\/\/julesverne.com.tr\/travel-blog\/2019da-mutlaka-gormeniz-gereken-15-yer\/","og_site_name":"JULES VERNE BUSINESS MICE TRAVEL","article_publisher":"https:\/\/www.facebook.com\/JulesVerneBusinessMiceTravel\/","article_published_time":"2019-01-15T15:30:45+00:00","article_modified_time":"2021-03-04T12:15:29+00:00","og_image":[{"width":1000,"height":738,"url":"https:\/\/julesverne.com.tr\/wp-content\/uploads\/2020\/09\/marina_bay_sands.jpg","type":"image\/jpeg"}],"author":"fikirman","twitter_card":"summary_large_image","twitter_creator":"@JV_BusinessMice","twitter_site":"@JV_BusinessMice","twitter_misc":{"Written by":"fikirman","Est. reading time":"9 minutes"},"schema":{"@context":"https:\/\/schema.org","@graph":[{"@type":"Article","@id":"https:\/\/julesverne.com.tr\/travel-blog\/2019da-mutlaka-gormeniz-gereken-15-yer\/#article","isPartOf":{"@id":"https:\/\/julesverne.com.tr\/travel-blog\/2019da-mutlaka-gormeniz-gereken-15-yer\/"},"author":{"name":"fikirman","@id":"https:\/\/julesverne.com.tr\/#\/schema\/person\/f4eb0514ae455538644c31b99a466fdb"},"headline":"2019\u2019da Mutlaka G\u00f6rmeniz Gereken 15 Yer","datePublished":"2019-01-15T15:30:45+00:00","dateModified":"2021-03-04T12:15:29+00:00","mainEntityOfPage":{"@id":"https:\/\/julesverne.com.tr\/travel-blog\/2019da-mutlaka-gormeniz-gereken-15-yer\/"},"wordCount":1741,"publisher":{"@id":"https:\/\/julesverne.com.tr\/#organization"},"image":{"@id":"https:\/\/julesverne.com.tr\/travel-blog\/2019da-mutlaka-gormeniz-gereken-15-yer\/#primaryimage"},"thumbnailUrl":"https:\/\/julesverne.com.tr\/wp-content\/uploads\/2020\/09\/marina_bay_sands.jpg","articleSection":["\u0130lham Veren Destinasyonlar","Blog","Nereye Gitsek?"],"inLanguage":"en-US"},{"@type":"WebPage","@id":"https:\/\/julesverne.com.tr\/travel-blog\/2019da-mutlaka-gormeniz-gereken-15-yer\/","url":"https:\/\/julesverne.com.tr\/travel-blog\/2019da-mutlaka-gormeniz-gereken-15-yer\/","name":"2019\u2019da Mutlaka G\u00f6rmeniz Gereken 15 Yer - JULES VERNE BUSINESS MICE TRAVEL","isPartOf":{"@id":"https:\/\/julesverne.com.tr\/#website"},"primaryImageOfPage":{"@id":"https:\/\/julesverne.com.tr\/travel-blog\/2019da-mutlaka-gormeniz-gereken-15-yer\/#primaryimage"},"image":{"@id":"https:\/\/julesverne.com.tr\/travel-blog\/2019da-mutlaka-gormeniz-gereken-15-yer\/#primaryimage"},"thumbnailUrl":"https:\/\/julesverne.com.tr\/wp-content\/uploads\/2020\/09\/marina_bay_sands.jpg","datePublished":"2019-01-15T15:30:45+00:00","dateModified":"2021-03-04T12:15:29+00:00","breadcrumb":{"@id":"https:\/\/julesverne.com.tr\/travel-blog\/2019da-mutlaka-gormeniz-gereken-15-yer\/#breadcrumb"},"inLanguage":"en-US","potentialAction":[{"@type":"ReadAction","target":["https:\/\/julesverne.com.tr\/travel-blog\/2019da-mutlaka-gormeniz-gereken-15-yer\/"]}]},{"@type":"ImageObject","inLanguage":"en-US","@id":"https:\/\/julesverne.com.tr\/travel-blog\/2019da-mutlaka-gormeniz-gereken-15-yer\/#primaryimage","url":"https:\/\/julesverne.com.tr\/wp-content\/uploads\/2020\/09\/marina_bay_sands.jpg","contentUrl":"https:\/\/julesverne.com.tr\/wp-content\/uploads\/2020\/09\/marina_bay_sands.jpg","width":1000,"height":738},{"@type":"BreadcrumbList","@id":"https:\/\/julesverne.com.tr\/travel-blog\/2019da-mutlaka-gormeniz-gereken-15-yer\/#breadcrumb","itemListElement":[{"@type":"ListItem","position":1,"name":"Anasayfa","item":"https:\/\/julesverne.com.tr\/"},{"@type":"ListItem","position":2,"name":"2019\u2019da Mutlaka G\u00f6rmeniz Gereken 15 Yer"}]},{"@type":"WebSite","@id":"https:\/\/julesverne.com.tr\/#website","url":"https:\/\/julesverne.com.tr\/","name":"JULES VERNE BUSINESS MICE TRAVEL","description":"","publisher":{"@id":"https:\/\/julesverne.com.tr\/#organization"},"potentialAction":[{"@type":"SearchAction","target":{"@type":"EntryPoint","urlTemplate":"https:\/\/julesverne.com.tr\/?s={search_term_string}"},"query-input":"required name=search_term_string"}],"inLanguage":"en-US"},{"@type":"Organization","@id":"https:\/\/julesverne.com.tr\/#organization","name":"JULES VERNE BUSINESS MICE TRAVEL","url":"https:\/\/julesverne.com.tr\/","logo":{"@type":"ImageObject","inLanguage":"en-US","@id":"https:\/\/julesverne.com.tr\/#\/schema\/logo\/image\/","url":"https:\/\/julesverne.com.tr\/wp-content\/uploads\/2020\/09\/jv-bmt-logo.png","contentUrl":"https:\/\/julesverne.com.tr\/wp-content\/uploads\/2020\/09\/jv-bmt-logo.png","width":110,"height":81,"caption":"JULES VERNE BUSINESS MICE TRAVEL"},"image":{"@id":"https:\/\/julesverne.com.tr\/#\/schema\/logo\/image\/"},"sameAs":["https:\/\/www.facebook.com\/JulesVerneBusinessMiceTravel\/","https:\/\/twitter.com\/JV_BusinessMice","https:\/\/www.instagram.com\/julesvernebusinessmicetravel\/","https:\/\/www.linkedin.com\/company\/julesvernebusinessmicetravel\/","https:\/\/www.youtube.com\/channel\/UCAwdsmbZ6tFhu1tea6pkpiw"]},{"@type":"Person","@id":"https:\/\/julesverne.com.tr\/#\/schema\/person\/f4eb0514ae455538644c31b99a466fdb","name":"fikirman","sameAs":["http:\/\/advermedya.net\/julesverne"],"url":"https:\/\/julesverne.com.tr\/en\/author\/fikirman\/"}]}},"_links":{"self":[{"href":"https:\/\/julesverne.com.tr\/en\/wp-json\/wp\/v2\/posts\/2050"}],"collection":[{"href":"https:\/\/julesverne.com.tr\/en\/wp-json\/wp\/v2\/posts"}],"about":[{"href":"https:\/\/julesverne.com.tr\/en\/wp-json\/wp\/v2\/types\/post"}],"author":[{"embeddable":true,"href":"https:\/\/julesverne.com.tr\/en\/wp-json\/wp\/v2\/users\/1"}],"replies":[{"embeddable":true,"href":"https:\/\/julesverne.com.tr\/en\/wp-json\/wp\/v2\/comments?post=2050"}],"version-history":[{"count":0,"href":"https:\/\/julesverne.com.tr\/en\/wp-json\/wp\/v2\/posts\/2050\/revisions"}],"wp:featuredmedia":[{"embeddable":true,"href":"https:\/\/julesverne.com.tr\/en\/wp-json\/wp\/v2\/media\/2051"}],"wp:attachment":[{"href":"https:\/\/julesverne.com.tr\/en\/wp-json\/wp\/v2\/media?parent=2050"}],"wp:term":[{"taxonomy":"category","embeddable":true,"href":"https:\/\/julesverne.com.tr\/en\/wp-json\/wp\/v2\/categories?post=2050"},{"taxonomy":"post_tag","embeddable":true,"href":"https:\/\/julesverne.com.tr\/en\/wp-json\/wp\/v2\/tags?post=2050"}],"curies":[{"name":"wp","href":"https:\/\/api.w.org\/{rel}","templated":true}]}}