{"id":2044,"date":"2019-01-08T11:45:36","date_gmt":"2019-01-08T08:45:36","guid":{"rendered":"https:\/\/www.julesverne.com.tr\/\/blog\/2019-yilinin-en-populer-kayak-merkezleri\/"},"modified":"2021-03-04T15:15:38","modified_gmt":"2021-03-04T12:15:38","slug":"2019-yilinin-en-populer-kayak-merkezleri","status":"publish","type":"post","link":"https:\/\/julesverne.com.tr\/en\/travel-blog\/2019-yilinin-en-populer-kayak-merkezleri\/","title":{"rendered":"2019 Y\u0131l\u0131n\u0131n En Pop\u00fcler Kayak Merkezleri"},"content":{"rendered":"<p><p style=\"text-align: center;\"><img loading=\"lazy\" decoding=\"async\" class=\"alignnone size-full wp-image-4030\" src=\"https:\/\/www.julesverne.com.tr\/\/wp-content\/uploads\/2020\/09\/kayak_gunbatimi.jpg\" width=\"1000\" height=\"667\" alt=\"\" srcset=\"https:\/\/julesverne.com.tr\/wp-content\/uploads\/2020\/09\/kayak_gunbatimi.jpg 1000w, https:\/\/julesverne.com.tr\/wp-content\/uploads\/2020\/09\/kayak_gunbatimi-500x334.jpg 500w, https:\/\/julesverne.com.tr\/wp-content\/uploads\/2020\/09\/kayak_gunbatimi-768x512.jpg 768w\" sizes=\"(max-width: 1000px) 100vw, 1000px\" \/><\/p>\n<p>Y\u0131l\u0131n en beyaz ve k\u0131\u015f sporlar\u0131 i&ccedil;in en heyecan verici d&ouml;nemi ba\u015flad\u0131. Karl\u0131 havalar \u015fehirlerde de kendini g&ouml;stermeye ba\u015flad\u0131\u011f\u0131na g&ouml;re kayak tatili planlar\u0131na ba\u015flayabiliriz. P&uuml;r&uuml;zs&uuml;z pistler, da\u011f evi konsepti l&uuml;ks oteller, apr&egrave;s-ski etkinlikler, 2000 metre y&uuml;kseklikte ger&ccedil;ekle\u015fen ak\u015fam&uuml;st&uuml; partileri, gece e\u011flenceleri, ma\u011fazalar&hellip; 2019 y\u0131l\u0131nda da hem kayak hem e\u011flence arayanlar\u0131 d&uuml;\u015f&uuml;nerek d&uuml;nyan\u0131n en pop&uuml;ler kayak merkezlerini haz\u0131rlad\u0131k. Meg&egrave;ve &#8216;den Val d&#8217;Anniviers&#8217;e, Val d&#8217;Isere&#8217;den Kitzb&uuml;hel&#8217;e, Cortina d&rsquo;Ampezzo&#8217;dan St Anton&#8217;a 2019 kayak merkezleri rehberi&#8230;<\/p>\n<p><strong>Val d&rsquo;Is&egrave;re, Fransa<\/strong><\/p>\n<p style=\"text-align: center;\"><strong><img loading=\"lazy\" decoding=\"async\" class=\"alignnone size-full wp-image-4031\" src=\"https:\/\/www.julesverne.com.tr\/\/wp-content\/uploads\/2020\/09\/val_d_isere-1.jpg\" width=\"1280\" height=\"720\" alt=\"\" srcset=\"https:\/\/julesverne.com.tr\/wp-content\/uploads\/2020\/09\/val_d_isere-1.jpg 1280w, https:\/\/julesverne.com.tr\/wp-content\/uploads\/2020\/09\/val_d_isere-1-500x281.jpg 500w, https:\/\/julesverne.com.tr\/wp-content\/uploads\/2020\/09\/val_d_isere-1-768x432.jpg 768w, https:\/\/julesverne.com.tr\/wp-content\/uploads\/2020\/09\/val_d_isere-1-400x225.jpg 400w\" sizes=\"(max-width: 1280px) 100vw, 1280px\" \/><\/strong><\/p>\n<p>Profesyonel kayak&ccedil;\u0131lar i&ccedil;in sundu\u011fu pistlerde ve yeni ba\u015flayanlar i&ccedil;in uygun yama&ccedil;larda, Michelin y\u0131ld\u0131zl\u0131 gastronomi ve &ccedil;iftlik evi yemeklerinde, dinlendirici kapl\u0131calarda ve dizginlenmemi\u015f gece hayat\u0131nda Val d&rsquo;Is&egrave;re ger&ccedil;ek s&ouml;z sahibi. Hem \u015f\u0131k hem geleneksel ambiyans\u0131, bir yanda h\u0131zl\u0131 temposu ve rahat hissettiren ya\u015fam\u0131yla k\u0131\u015f aylar\u0131n\u0131n g&ouml;zde kayak merkezi olmay\u0131 hak ediyor. Bir Alp k&ouml;y&uuml;n&uuml;n t&uuml;m b&uuml;y&uuml;s&uuml;ne sahip olan Val d&rsquo;Is&egrave;re pistleri ikisi tesisten do\u011frudan ula\u015f\u0131labilecek d&ouml;rt sekt&ouml;re ayr\u0131l\u0131yor. Pistler aras\u0131 ge&ccedil;i\u015f kolayl\u0131\u011f\u0131 sa\u011flayan Val d&rsquo;Is&egrave;re ayn\u0131 zamanda kom\u015fusu olan Tignes ile pist ba\u011flant\u0131lar\u0131 da sunuyor.<\/p>\n<p><strong>St Anton, Avusturya<\/strong><\/p>\n<p style=\"text-align: center;\"><strong><img loading=\"lazy\" decoding=\"async\" class=\"alignnone size-full wp-image-4032\" src=\"https:\/\/www.julesverne.com.tr\/\/wp-content\/uploads\/2020\/09\/st_anton.jpg\" width=\"1000\" height=\"665\" alt=\"\" srcset=\"https:\/\/julesverne.com.tr\/wp-content\/uploads\/2020\/09\/st_anton.jpg 1000w, https:\/\/julesverne.com.tr\/wp-content\/uploads\/2020\/09\/st_anton-500x333.jpg 500w, https:\/\/julesverne.com.tr\/wp-content\/uploads\/2020\/09\/st_anton-768x511.jpg 768w\" sizes=\"(max-width: 1000px) 100vw, 1000px\" \/><\/strong><\/p>\n<p>D&uuml;nyan\u0131n geli\u015fmi\u015f kayak&ccedil;\u0131lar\u0131 ve snowboardcular\u0131 taraf\u0131ndan en iyi kayak merkezleri aras\u0131nda g&ouml;sterilen St. Anton, geni\u015f Alberg kayak alan\u0131 ve birbiri ile ba\u011flant\u0131l\u0131 liftleriyle her zaman pop&uuml;lerli\u011fini koruyor. Toplamda 340 km uzunlu\u011funda pist ve 200 km kapal\u0131 pist sunan St. Anton modern kayak d&uuml;nyas\u0131n\u0131n do\u011fum yeri olarak kabul ediliyor. 960&#8217;l\u0131 y\u0131llara kadar kayak d&uuml;nyas\u0131n\u0131n parti ba\u015fkenti olarak bilinen St. Anton&#8217;da apr&egrave;s-ski e\u011flenceleri bug&uuml;n de ayn\u0131 hareketlili\u011fiyle devam ediyor. Geleneksel Tirol k&ouml;y&uuml; mimarisi ve bembeyaz pistlerinin ortas\u0131nda ak\u015fam&uuml;st&uuml; ba\u015flayan e\u011flenceleri gecenin ilerleyen saatlerinde de devam ediyor.<\/p>\n<p><strong>Val d&#8217;Anniviers, \u0130svi&ccedil;re&nbsp;<\/strong><\/p>\n<p style=\"text-align: center;\"><strong><img loading=\"lazy\" decoding=\"async\" class=\"alignnone size-full wp-image-4033\" src=\"https:\/\/www.julesverne.com.tr\/\/wp-content\/uploads\/2020\/09\/ChandolinHiverAnniviersValaisSuisse.jpg\" width=\"636\" height=\"309\" alt=\"\" srcset=\"https:\/\/julesverne.com.tr\/wp-content\/uploads\/2020\/09\/ChandolinHiverAnniviersValaisSuisse.jpg 636w, https:\/\/julesverne.com.tr\/wp-content\/uploads\/2020\/09\/ChandolinHiverAnniviersValaisSuisse-500x243.jpg 500w\" sizes=\"(max-width: 636px) 100vw, 636px\" \/><\/strong><\/p>\n<p>Milano ve Lyon&#8217;dan yakla\u015f\u0131k 3 saat uzakl\u0131ktaki \u0130svi&ccedil;re&#8217;nin gizli vadisi Val d&#8217;Anniviers ad\u0131n\u0131 Latince&#8217;de y\u0131l boyunca seyahat eden gezginler anlam\u0131na gelen &#8220;anni&#8221; kelimesinden al\u0131yor. Kom\u015fusu olan Valais kayak merkezinin kalabal\u0131\u011f\u0131n\u0131n tam aksine sakin bir ambiyans sunan Val d&#8217;Anniviers, ula\u015f\u0131m\u0131n kolay olmamas\u0131 sayesinde dinginli\u011fini korumay\u0131 ba\u015far\u0131yor. &Ccedil;am ve kara&ccedil;amlarla kapl\u0131 olan vadi koyu ah\u015fap renkli da\u011f evleri ve 4000 metrelik zirvelere kar\u015f\u0131 konumlanan k&ouml;yleriyle kartpostal gibi g&ouml;r&uuml;n&uuml;yor.<\/p>\n<p><strong>M&eacute;ribel, Fransa<\/strong><\/p>\n<p style=\"text-align: center;\"><strong><img loading=\"lazy\" decoding=\"async\" class=\"alignnone size-full wp-image-4034\" src=\"https:\/\/www.julesverne.com.tr\/\/wp-content\/uploads\/2020\/09\/meribel-1.jpg\" width=\"1000\" height=\"595\" alt=\"\" srcset=\"https:\/\/julesverne.com.tr\/wp-content\/uploads\/2020\/09\/meribel-1.jpg 1000w, https:\/\/julesverne.com.tr\/wp-content\/uploads\/2020\/09\/meribel-1-500x298.jpg 500w, https:\/\/julesverne.com.tr\/wp-content\/uploads\/2020\/09\/meribel-1-768x457.jpg 768w\" sizes=\"(max-width: 1000px) 100vw, 1000px\" \/><\/strong><\/p>\n<p>Frans\u0131z Alplerinin &uuml;n&uuml; malum. Me\u015fhur Courchevel ve Val Thorens kayak merkezleri aras\u0131ndaki vadide yer alan M&eacute;ribel, Les 3 Vall&eacute;es kayak alan\u0131n\u0131n tam kalbinde konumlan\u0131yor. 150 km uzunlu\u011funda pistleri olan M&eacute;ribel &ouml;zellikle Avrupal\u0131 kayak severlerin yo\u011fun ilgisiyle dolup ta\u015f\u0131yor. Meribel Village, Meribel Centre ve Meribel Mottaret &uuml;&ccedil; ana k&ouml;yden olu\u015fan kayak merkezinde; kasaba merkezleri aras\u0131nda &uuml;cretsiz ring otob&uuml;sler dola\u015f\u0131yor. Apr&egrave;s-ski aktiviteleri sayesinde kayak d\u0131\u015f\u0131nda da hareketli ve renkli bir kasaba hayat\u0131n\u0131n sizi bekledi\u011fini de ekleyelim.<\/p>\n<p><strong>St. Moritz, \u0130svi&ccedil;re<\/strong><\/p>\n<p style=\"text-align: center;\"><strong><img loading=\"lazy\" decoding=\"async\" class=\"alignnone size-full wp-image-4035\" src=\"https:\/\/www.julesverne.com.tr\/\/wp-content\/uploads\/2020\/09\/st_moritz.jpg\" width=\"1024\" height=\"684\" alt=\"\" srcset=\"https:\/\/julesverne.com.tr\/wp-content\/uploads\/2020\/09\/st_moritz.jpg 1024w, https:\/\/julesverne.com.tr\/wp-content\/uploads\/2020\/09\/st_moritz-500x334.jpg 500w, https:\/\/julesverne.com.tr\/wp-content\/uploads\/2020\/09\/st_moritz-768x513.jpg 768w\" sizes=\"(max-width: 1024px) 100vw, 1024px\" \/><\/strong><\/p>\n<p>Do\u011fu Alplerinin l&uuml;ks destinasyonu St. Moritz, \u0130svi&ccedil;re Engadine Vadisi&#8217;nde kurulmu\u015f. St. Moritz&#8217;i bu kadar &ccedil;ekici k\u0131lan bir&ccedil;ok &ouml;zellik var. 1864 y\u0131l\u0131nda kurulan kayak merkezi Saint-Moritz-Dorf ve Saint-Moritz-Bad kasabalar\u0131ndan olu\u015fuyor. Kayak pistleri d\u0131\u015f\u0131nda termal kapl\u0131calar\u0131, g&ouml;l manzaras\u0131, donmu\u015f g&ouml;l &uuml;zerinde oynanan polo ve l&uuml;ks ma\u011fazalar\u0131yla \u015fehir hayat\u0131na yakla\u015fan bir kayak kasabas\u0131 St. Moritz. Ayr\u0131ca, y\u0131l\u0131n 320 g&uuml;n&uuml;n&uuml; g&uuml;ne\u015fli ge&ccedil;irmesi, k\u0131\u015f\u0131n pistlerde kayarken bile g&uuml;ne\u015fin i&ccedil;inizi \u0131s\u0131tan g&ouml;r&uuml;nt&uuml;s&uuml;nden mahrum kalm\u0131yor olu\u015funuz en b&uuml;y&uuml;k art\u0131s\u0131.<\/p>\n<p><strong>Kitzb&uuml;hel, Avusturya<\/strong><\/p>\n<p style=\"text-align: center;\"><strong><img loading=\"lazy\" decoding=\"async\" class=\"alignnone size-full wp-image-4036\" src=\"https:\/\/www.julesverne.com.tr\/\/wp-content\/uploads\/2020\/09\/kitzbuhel.jpeg\" width=\"1280\" height=\"688\" alt=\"\" srcset=\"https:\/\/julesverne.com.tr\/wp-content\/uploads\/2020\/09\/kitzbuhel.jpeg 1280w, https:\/\/julesverne.com.tr\/wp-content\/uploads\/2020\/09\/kitzbuhel-500x269.jpeg 500w, https:\/\/julesverne.com.tr\/wp-content\/uploads\/2020\/09\/kitzbuhel-768x413.jpeg 768w\" sizes=\"(max-width: 1280px) 100vw, 1280px\" \/><\/strong><\/p>\n<p>Avusturya&rsquo;n\u0131n bat\u0131s\u0131nda, Tirol eyaletinde konumlanan Kitzb&uuml;hel orijinalli\u011fini koruyan, sevimli bir Orta&ccedil;a\u011f kasabas\u0131. &Ccedil;evresindeki di\u011fer kasabalara k\u0131yasla elitlerin daha &ccedil;ok tercih etti\u011fi kasaba merkezinde l&uuml;ks ma\u011fazalar eksik olmuyor. 160 km uzunlu\u011fundaki pistleri sayesinde k\u0131\u015f mevsiminde kayak sporunun vazge&ccedil;ilmez adreslerinden biri olan Kitzb&uuml;hel yaz aylar\u0131nda ise golf ve tenis turnuvalar\u0131 ile hareketli ya\u015fam\u0131na devam ediyor.&nbsp;<\/p>\n<p><strong>Courchevel, Fransa<\/strong><\/p>\n<p style=\"text-align: center;\"><strong><img loading=\"lazy\" decoding=\"async\" class=\"alignnone size-full wp-image-4037\" src=\"https:\/\/www.julesverne.com.tr\/\/wp-content\/uploads\/2020\/09\/courchevel-2.jpg\" width=\"1280\" height=\"854\" alt=\"\" srcset=\"https:\/\/julesverne.com.tr\/wp-content\/uploads\/2020\/09\/courchevel-2.jpg 1280w, https:\/\/julesverne.com.tr\/wp-content\/uploads\/2020\/09\/courchevel-2-500x334.jpg 500w, https:\/\/julesverne.com.tr\/wp-content\/uploads\/2020\/09\/courchevel-2-768x512.jpg 768w\" sizes=\"(max-width: 1280px) 100vw, 1280px\" \/><\/strong><\/p>\n<p>Frans\u0131z Alplerinde k\u0131\u015f sporlar\u0131 dendi\u011finde akla ilk gelen Les 3 Vall&eacute;es B&ouml;lgesi&#8217;nde, Val Thorens ve M&eacute;ribel kayak merkezlerini takip eden Courchevel, hem pistleri hem apr&egrave;s-ski etkinlikleriyle kayak severlerin ve elitlerin g&ouml;zdesi. Michelin y\u0131ld\u0131zl\u0131 gurme restoranlar\u0131, tasar\u0131m butik otelleri ve l&uuml;ks chaletleriyle \u015fehir \u015f\u0131kl\u0131\u011f\u0131n\u0131 aratm\u0131yor. 117 pist bulunuyor. Courchevel 1300, Courchevel 1550, Courchevel 1650 ve Courchevel 1850 kasabalar\u0131ndan olu\u015fan kayak merkezinde g&uuml;nd&uuml;z-gece hareket bitmiyor.<\/p>\n<p><strong>Lech, Avusturya<\/strong><\/p>\n<p style=\"text-align: center;\"><strong><img loading=\"lazy\" decoding=\"async\" class=\"alignnone size-full wp-image-4038\" src=\"https:\/\/www.julesverne.com.tr\/\/wp-content\/uploads\/2020\/09\/lech-1.jpg\" width=\"942\" height=\"520\" alt=\"\" srcset=\"https:\/\/julesverne.com.tr\/wp-content\/uploads\/2020\/09\/lech-1.jpg 942w, https:\/\/julesverne.com.tr\/wp-content\/uploads\/2020\/09\/lech-1-500x276.jpg 500w, https:\/\/julesverne.com.tr\/wp-content\/uploads\/2020\/09\/lech-1-768x424.jpg 768w\" sizes=\"(max-width: 942px) 100vw, 942px\" \/><\/strong><\/p>\n<p>Avusturya Alplerinin Arlberg B&ouml;lgesi Lech ve Z&uuml;rs kayak k&ouml;yleri ile &uuml;nl&uuml;. Arlberg B&ouml;lgesi&#8217;nde kom\u015fu olan bu iki kayak merkezinden Lech geni\u015f pistleri, \u0131s\u0131tmal\u0131 teleferikleri, \u015f\u0131k ve l&uuml;ks otelleri, gurme restoranlar\u0131yla uzun y\u0131llard\u0131r Avrupa sosyetesinin radar\u0131nda. G&uuml;nl&uuml;k belirli bir ski-pass kotas\u0131 olan pistlerde uzun kuyruklar olu\u015fmuyor. Liftler ve bak\u0131ml\u0131 pistlerle Z&uuml;rs, St.Anton, Stuben ve St. Christof k&ouml;ylerine de ba\u011flant\u0131s\u0131 olan Lech yo\u011fun kar almas\u0131 sayesinde kayak severlerin vazge&ccedil;emedi\u011fi bir destinasyon.<\/p>\n<p><strong>Cortina d&rsquo;Ampezzo, \u0130talya<\/strong><\/p>\n<p style=\"text-align: center;\"><strong><img loading=\"lazy\" decoding=\"async\" class=\"alignnone size-full wp-image-4039\" src=\"https:\/\/www.julesverne.com.tr\/\/wp-content\/uploads\/2020\/09\/cortina.jpg\" width=\"968\" height=\"644\" alt=\"\" srcset=\"https:\/\/julesverne.com.tr\/wp-content\/uploads\/2020\/09\/cortina.jpg 968w, https:\/\/julesverne.com.tr\/wp-content\/uploads\/2020\/09\/cortina-500x333.jpg 500w, https:\/\/julesverne.com.tr\/wp-content\/uploads\/2020\/09\/cortina-768x511.jpg 768w\" sizes=\"(max-width: 968px) 100vw, 968px\" \/><\/strong><\/p>\n<p>Alp Da\u011flar\u0131&#8217;n\u0131n bir par&ccedil;as\u0131 olan Dolomiti S\u0131rada\u011flar\u0131 i&ccedil;in hi&ccedil; teredd&uuml;ts&uuml;z, \u0130talya&#8217;n\u0131n en g&uuml;zel kayak merkezlerine ev sahipli\u011fi yap\u0131yor diyebiliriz. Ger&ccedil;ek anlamda nefes kesici da\u011f manzaralar\u0131na sahip Cortina d&#8217;Ampezzo&#8217;da 72 pist bulunuyor, Dolomiti Superski ise 265 piste sahip. B&ouml;lgedeki pistler aras\u0131nda ge&ccedil;i\u015f pek kolay de\u011fil. Di\u011fer pist alanlar\u0131na sabah\u0131n erken saatinde kalkan otob&uuml;slerle gidebilirsiniz. Alplerde yer alan di\u011fer kayak merkezlerine g&ouml;re pistlerde s\u0131ra beklemedi\u011finiz Cortina d&#8217;Ampezzo manzaralar\u0131 ve pistleri d\u0131\u015f\u0131nda, \u015f\u0131k otelleri, sevimli kasaba merkezi, ma\u011faza ve restoranlar\u0131yla \u0130talya&#8217;n\u0131n en tercih edilen kayak merkezi.<\/p>\n<p><strong>Innsbruck, Avusturya<\/strong><\/p>\n<p style=\"text-align: center;\"><strong><img loading=\"lazy\" decoding=\"async\" class=\"alignnone size-full wp-image-4040\" src=\"https:\/\/www.julesverne.com.tr\/\/wp-content\/uploads\/2020\/09\/innsbruck.jpg\" width=\"1024\" height=\"682\" alt=\"\" srcset=\"https:\/\/julesverne.com.tr\/wp-content\/uploads\/2020\/09\/innsbruck.jpg 1024w, https:\/\/julesverne.com.tr\/wp-content\/uploads\/2020\/09\/innsbruck-500x333.jpg 500w, https:\/\/julesverne.com.tr\/wp-content\/uploads\/2020\/09\/innsbruck-768x512.jpg 768w\" sizes=\"(max-width: 1024px) 100vw, 1024px\" \/><\/strong><\/p>\n<p>Avusturya&#8217;n\u0131n Tirol eyaletinin ba\u015fkenti olan Innsbruck, &#8220;&ldquo;River Inn&#8217;in &uuml;st&uuml;ndeki k&ouml;pr&uuml;&rdquo; olarak biliniyor.&nbsp; Avusturya Alplerinin sarp zirveleri ile &ccedil;evrili olan Innsbruck hem Habsburg \u0130mparatorlu\u011fu miras\u0131n\u0131 ya\u015famak hem de kayak aktiviteleriyle k\u0131\u015f aylar\u0131n\u0131 renklendirmek i&ccedil;in olduk&ccedil;a cazip. 1964 ve 1976 y\u0131llar\u0131nda K\u0131\u015f Olimpiyatlar\u0131&#8217;na ev sahipli\u011fi yapan Innsbruck, 25 civar k&ouml;y ile &uuml;cretsiz otob&uuml;s a\u011f\u0131 ve yakla\u015f\u0131k 500 km&#8217;lik bir pist alan\u0131na sahip. T&uuml;m kayak&ccedil;\u0131 seviyeleri i&ccedil;in &ccedil;e\u015fitli alanlar sa\u011flayan sekiz ana kayak alan\u0131 bulunan merkez 800 y\u0131ll\u0131k bir gelene\u011fin sahibi.<\/p>\n<p><strong>Meg&egrave;ve, Fransa<\/strong><\/p>\n<p style=\"text-align: center;\"><strong><img loading=\"lazy\" decoding=\"async\" class=\"alignnone size-full wp-image-4041\" src=\"https:\/\/www.julesverne.com.tr\/\/wp-content\/uploads\/2020\/09\/megeve.jpeg\" width=\"945\" height=\"630\" alt=\"\" srcset=\"https:\/\/julesverne.com.tr\/wp-content\/uploads\/2020\/09\/megeve.jpeg 945w, https:\/\/julesverne.com.tr\/wp-content\/uploads\/2020\/09\/megeve-500x333.jpeg 500w, https:\/\/julesverne.com.tr\/wp-content\/uploads\/2020\/09\/megeve-768x512.jpeg 768w\" sizes=\"(max-width: 945px) 100vw, 945px\" \/><\/strong><\/p>\n<p>Haute-Savoie B&ouml;lgesi&#8217;nin nezih ve \u015f\u0131k kasabas\u0131 Meg&egrave;ve, 1100 metre y&uuml;kseklikte kurulmu\u015f bir kayak merkezi. &Ccedil;ok y&uuml;ksek olmad\u0131\u011f\u0131 i&ccedil;in eski d&ouml;nemlerde ara s\u0131ra kar eksikli\u011fi sorunu ya\u015fayan Meg&egrave;ve 3 ana kayak b&ouml;lgesi olan Mont d&#8217;Arbois, Rochebrune ve La Jaillet ile birlikte toplam 300 km uzunlu\u011funda pist se&ccedil;ene\u011fi sunuyor. Monc Blanc&#8217;a kadar uzanan g&ouml;z al\u0131c\u0131 da\u011f manzaralar\u0131, &ouml;zg&uuml;nl&uuml;\u011f&uuml;n&uuml; koruyan Orta&ccedil;a\u011f kasaba merkeziyle masals\u0131 bir g&ouml;r&uuml;n&uuml;me sahip.<\/p>\n<p style=\"text-align: center;\"><strong>Size &ouml;zel kayak seyahati program\u0131 ve rezervasyon i&ccedil;in:<\/strong><br \/><a href=\"mailto:travel@julesverne.com.tr\" target=\"_blank\" rel=\"noopener noreferrer\"><strong>travel@julesverne.com.tr<\/strong><\/a><br \/><strong>0212 266 6363 &#8211; 118<\/strong><\/p><\/p>\n","protected":false},"excerpt":{"rendered":"<p>2019 y\u0131l\u0131nda da hem kayak hem e\u011flence arayanlar\u0131 d&uuml;\u015f&uuml;nerek d&uuml;nyan\u0131n en pop&uuml;ler kayak merkezlerini haz\u0131rlad\u0131k. Meg&egrave;ve &#8216;den Val d&#8217;Anniviers&#8217;e, Val d&#8217;Isere&#8217;den Kitzb&uuml;hel&#8217;e, Cortina d&rsquo;Ampezzo&#8217;dan St Anton&#8217;a 2019 kayak merkezleri rehberi&#8230;<\/p>\n","protected":false},"author":1,"featured_media":2045,"comment_status":"closed","ping_status":"closed","sticky":false,"template":"","format":"standard","meta":{"inline_featured_image":false,"footnotes":""},"categories":[1,39],"tags":[],"acf":[],"yoast_head":"<!-- This site is optimized with the Yoast SEO plugin v22.3 - https:\/\/yoast.com\/wordpress\/plugins\/seo\/ -->\n<title>2019 Y\u0131l\u0131n\u0131n En Pop\u00fcler Kayak Merkezleri - JULES VERNE BUSINESS MICE TRAVEL<\/title>\n<meta name=\"robots\" content=\"index, follow, max-snippet:-1, max-image-preview:large, max-video-preview:-1\" \/>\n<link rel=\"canonical\" href=\"https:\/\/julesverne.com.tr\/travel-blog\/2019-yilinin-en-populer-kayak-merkezleri\/\" \/>\n<meta property=\"og:locale\" content=\"en_US\" \/>\n<meta property=\"og:type\" content=\"article\" \/>\n<meta property=\"og:title\" content=\"2019 Y\u0131l\u0131n\u0131n En Pop\u00fcler Kayak Merkezleri - JULES VERNE BUSINESS MICE TRAVEL\" \/>\n<meta property=\"og:description\" content=\"2019 y\u0131l\u0131nda da hem kayak hem e\u011flence arayanlar\u0131 d&uuml;\u015f&uuml;nerek d&uuml;nyan\u0131n en pop&uuml;ler kayak merkezlerini haz\u0131rlad\u0131k. Meg&egrave;ve &#039;den Val d&#039;Anniviers&#039;e, Val d&#039;Isere&#039;den Kitzb&uuml;hel&#039;e, Cortina d&rsquo;Ampezzo&#039;dan St Anton&#039;a 2019 kayak merkezleri rehberi...\" \/>\n<meta property=\"og:url\" content=\"https:\/\/julesverne.com.tr\/travel-blog\/2019-yilinin-en-populer-kayak-merkezleri\/\" \/>\n<meta property=\"og:site_name\" content=\"JULES VERNE BUSINESS MICE TRAVEL\" \/>\n<meta property=\"article:publisher\" content=\"https:\/\/www.facebook.com\/JulesVerneBusinessMiceTravel\/\" \/>\n<meta property=\"article:published_time\" content=\"2019-01-08T08:45:36+00:00\" \/>\n<meta property=\"article:modified_time\" content=\"2021-03-04T12:15:38+00:00\" \/>\n<meta property=\"og:image\" content=\"https:\/\/julesverne.com.tr\/wp-content\/uploads\/2020\/09\/courchevel-scaled.jpg\" \/>\n\t<meta property=\"og:image:width\" content=\"1600\" \/>\n\t<meta property=\"og:image:height\" content=\"1068\" \/>\n\t<meta property=\"og:image:type\" content=\"image\/jpeg\" \/>\n<meta name=\"author\" content=\"fikirman\" \/>\n<meta name=\"twitter:card\" content=\"summary_large_image\" \/>\n<meta name=\"twitter:creator\" content=\"@JV_BusinessMice\" \/>\n<meta name=\"twitter:site\" content=\"@JV_BusinessMice\" \/>\n<meta name=\"twitter:label1\" content=\"Written by\" \/>\n\t<meta name=\"twitter:data1\" content=\"fikirman\" \/>\n\t<meta name=\"twitter:label2\" content=\"Est. reading time\" \/>\n\t<meta name=\"twitter:data2\" content=\"7 minutes\" \/>\n<script type=\"application\/ld+json\" class=\"yoast-schema-graph\">{\"@context\":\"https:\/\/schema.org\",\"@graph\":[{\"@type\":\"Article\",\"@id\":\"https:\/\/julesverne.com.tr\/travel-blog\/2019-yilinin-en-populer-kayak-merkezleri\/#article\",\"isPartOf\":{\"@id\":\"https:\/\/julesverne.com.tr\/travel-blog\/2019-yilinin-en-populer-kayak-merkezleri\/\"},\"author\":{\"name\":\"fikirman\",\"@id\":\"https:\/\/julesverne.com.tr\/#\/schema\/person\/f4eb0514ae455538644c31b99a466fdb\"},\"headline\":\"2019 Y\u0131l\u0131n\u0131n En Pop\u00fcler Kayak Merkezleri\",\"datePublished\":\"2019-01-08T08:45:36+00:00\",\"dateModified\":\"2021-03-04T12:15:38+00:00\",\"mainEntityOfPage\":{\"@id\":\"https:\/\/julesverne.com.tr\/travel-blog\/2019-yilinin-en-populer-kayak-merkezleri\/\"},\"wordCount\":1404,\"publisher\":{\"@id\":\"https:\/\/julesverne.com.tr\/#organization\"},\"image\":{\"@id\":\"https:\/\/julesverne.com.tr\/travel-blog\/2019-yilinin-en-populer-kayak-merkezleri\/#primaryimage\"},\"thumbnailUrl\":\"https:\/\/julesverne.com.tr\/wp-content\/uploads\/2020\/09\/courchevel-scaled.jpg\",\"articleSection\":[\"Blog\",\"Nereye Gitsek?\"],\"inLanguage\":\"en-US\"},{\"@type\":\"WebPage\",\"@id\":\"https:\/\/julesverne.com.tr\/travel-blog\/2019-yilinin-en-populer-kayak-merkezleri\/\",\"url\":\"https:\/\/julesverne.com.tr\/travel-blog\/2019-yilinin-en-populer-kayak-merkezleri\/\",\"name\":\"2019 Y\u0131l\u0131n\u0131n En Pop\u00fcler Kayak Merkezleri - JULES VERNE BUSINESS MICE TRAVEL\",\"isPartOf\":{\"@id\":\"https:\/\/julesverne.com.tr\/#website\"},\"primaryImageOfPage\":{\"@id\":\"https:\/\/julesverne.com.tr\/travel-blog\/2019-yilinin-en-populer-kayak-merkezleri\/#primaryimage\"},\"image\":{\"@id\":\"https:\/\/julesverne.com.tr\/travel-blog\/2019-yilinin-en-populer-kayak-merkezleri\/#primaryimage\"},\"thumbnailUrl\":\"https:\/\/julesverne.com.tr\/wp-content\/uploads\/2020\/09\/courchevel-scaled.jpg\",\"datePublished\":\"2019-01-08T08:45:36+00:00\",\"dateModified\":\"2021-03-04T12:15:38+00:00\",\"breadcrumb\":{\"@id\":\"https:\/\/julesverne.com.tr\/travel-blog\/2019-yilinin-en-populer-kayak-merkezleri\/#breadcrumb\"},\"inLanguage\":\"en-US\",\"potentialAction\":[{\"@type\":\"ReadAction\",\"target\":[\"https:\/\/julesverne.com.tr\/travel-blog\/2019-yilinin-en-populer-kayak-merkezleri\/\"]}]},{\"@type\":\"ImageObject\",\"inLanguage\":\"en-US\",\"@id\":\"https:\/\/julesverne.com.tr\/travel-blog\/2019-yilinin-en-populer-kayak-merkezleri\/#primaryimage\",\"url\":\"https:\/\/julesverne.com.tr\/wp-content\/uploads\/2020\/09\/courchevel-scaled.jpg\",\"contentUrl\":\"https:\/\/julesverne.com.tr\/wp-content\/uploads\/2020\/09\/courchevel-scaled.jpg\",\"width\":1600,\"height\":1068},{\"@type\":\"BreadcrumbList\",\"@id\":\"https:\/\/julesverne.com.tr\/travel-blog\/2019-yilinin-en-populer-kayak-merkezleri\/#breadcrumb\",\"itemListElement\":[{\"@type\":\"ListItem\",\"position\":1,\"name\":\"Anasayfa\",\"item\":\"https:\/\/julesverne.com.tr\/\"},{\"@type\":\"ListItem\",\"position\":2,\"name\":\"2019 Y\u0131l\u0131n\u0131n En Pop\u00fcler Kayak Merkezleri\"}]},{\"@type\":\"WebSite\",\"@id\":\"https:\/\/julesverne.com.tr\/#website\",\"url\":\"https:\/\/julesverne.com.tr\/\",\"name\":\"JULES VERNE BUSINESS MICE TRAVEL\",\"description\":\"\",\"publisher\":{\"@id\":\"https:\/\/julesverne.com.tr\/#organization\"},\"potentialAction\":[{\"@type\":\"SearchAction\",\"target\":{\"@type\":\"EntryPoint\",\"urlTemplate\":\"https:\/\/julesverne.com.tr\/?s={search_term_string}\"},\"query-input\":\"required name=search_term_string\"}],\"inLanguage\":\"en-US\"},{\"@type\":\"Organization\",\"@id\":\"https:\/\/julesverne.com.tr\/#organization\",\"name\":\"JULES VERNE BUSINESS MICE TRAVEL\",\"url\":\"https:\/\/julesverne.com.tr\/\",\"logo\":{\"@type\":\"ImageObject\",\"inLanguage\":\"en-US\",\"@id\":\"https:\/\/julesverne.com.tr\/#\/schema\/logo\/image\/\",\"url\":\"https:\/\/julesverne.com.tr\/wp-content\/uploads\/2020\/09\/jv-bmt-logo.png\",\"contentUrl\":\"https:\/\/julesverne.com.tr\/wp-content\/uploads\/2020\/09\/jv-bmt-logo.png\",\"width\":110,\"height\":81,\"caption\":\"JULES VERNE BUSINESS MICE TRAVEL\"},\"image\":{\"@id\":\"https:\/\/julesverne.com.tr\/#\/schema\/logo\/image\/\"},\"sameAs\":[\"https:\/\/www.facebook.com\/JulesVerneBusinessMiceTravel\/\",\"https:\/\/twitter.com\/JV_BusinessMice\",\"https:\/\/www.instagram.com\/julesvernebusinessmicetravel\/\",\"https:\/\/www.linkedin.com\/company\/julesvernebusinessmicetravel\/\",\"https:\/\/www.youtube.com\/channel\/UCAwdsmbZ6tFhu1tea6pkpiw\"]},{\"@type\":\"Person\",\"@id\":\"https:\/\/julesverne.com.tr\/#\/schema\/person\/f4eb0514ae455538644c31b99a466fdb\",\"name\":\"fikirman\",\"sameAs\":[\"http:\/\/advermedya.net\/julesverne\"],\"url\":\"https:\/\/julesverne.com.tr\/en\/author\/fikirman\/\"}]}<\/script>\n<!-- \/ Yoast SEO plugin. -->","yoast_head_json":{"title":"2019 Y\u0131l\u0131n\u0131n En Pop\u00fcler Kayak Merkezleri - JULES VERNE BUSINESS MICE TRAVEL","robots":{"index":"index","follow":"follow","max-snippet":"max-snippet:-1","max-image-preview":"max-image-preview:large","max-video-preview":"max-video-preview:-1"},"canonical":"https:\/\/julesverne.com.tr\/travel-blog\/2019-yilinin-en-populer-kayak-merkezleri\/","og_locale":"en_US","og_type":"article","og_title":"2019 Y\u0131l\u0131n\u0131n En Pop\u00fcler Kayak Merkezleri - JULES VERNE BUSINESS MICE TRAVEL","og_description":"2019 y\u0131l\u0131nda da hem kayak hem e\u011flence arayanlar\u0131 d&uuml;\u015f&uuml;nerek d&uuml;nyan\u0131n en pop&uuml;ler kayak merkezlerini haz\u0131rlad\u0131k. Meg&egrave;ve 'den Val d'Anniviers'e, Val d'Isere'den Kitzb&uuml;hel'e, Cortina d&rsquo;Ampezzo'dan St Anton'a 2019 kayak merkezleri rehberi...","og_url":"https:\/\/julesverne.com.tr\/travel-blog\/2019-yilinin-en-populer-kayak-merkezleri\/","og_site_name":"JULES VERNE BUSINESS MICE TRAVEL","article_publisher":"https:\/\/www.facebook.com\/JulesVerneBusinessMiceTravel\/","article_published_time":"2019-01-08T08:45:36+00:00","article_modified_time":"2021-03-04T12:15:38+00:00","og_image":[{"width":1600,"height":1068,"url":"https:\/\/julesverne.com.tr\/wp-content\/uploads\/2020\/09\/courchevel-scaled.jpg","type":"image\/jpeg"}],"author":"fikirman","twitter_card":"summary_large_image","twitter_creator":"@JV_BusinessMice","twitter_site":"@JV_BusinessMice","twitter_misc":{"Written by":"fikirman","Est. reading time":"7 minutes"},"schema":{"@context":"https:\/\/schema.org","@graph":[{"@type":"Article","@id":"https:\/\/julesverne.com.tr\/travel-blog\/2019-yilinin-en-populer-kayak-merkezleri\/#article","isPartOf":{"@id":"https:\/\/julesverne.com.tr\/travel-blog\/2019-yilinin-en-populer-kayak-merkezleri\/"},"author":{"name":"fikirman","@id":"https:\/\/julesverne.com.tr\/#\/schema\/person\/f4eb0514ae455538644c31b99a466fdb"},"headline":"2019 Y\u0131l\u0131n\u0131n En Pop\u00fcler Kayak Merkezleri","datePublished":"2019-01-08T08:45:36+00:00","dateModified":"2021-03-04T12:15:38+00:00","mainEntityOfPage":{"@id":"https:\/\/julesverne.com.tr\/travel-blog\/2019-yilinin-en-populer-kayak-merkezleri\/"},"wordCount":1404,"publisher":{"@id":"https:\/\/julesverne.com.tr\/#organization"},"image":{"@id":"https:\/\/julesverne.com.tr\/travel-blog\/2019-yilinin-en-populer-kayak-merkezleri\/#primaryimage"},"thumbnailUrl":"https:\/\/julesverne.com.tr\/wp-content\/uploads\/2020\/09\/courchevel-scaled.jpg","articleSection":["Blog","Nereye Gitsek?"],"inLanguage":"en-US"},{"@type":"WebPage","@id":"https:\/\/julesverne.com.tr\/travel-blog\/2019-yilinin-en-populer-kayak-merkezleri\/","url":"https:\/\/julesverne.com.tr\/travel-blog\/2019-yilinin-en-populer-kayak-merkezleri\/","name":"2019 Y\u0131l\u0131n\u0131n En Pop\u00fcler Kayak Merkezleri - JULES VERNE BUSINESS MICE TRAVEL","isPartOf":{"@id":"https:\/\/julesverne.com.tr\/#website"},"primaryImageOfPage":{"@id":"https:\/\/julesverne.com.tr\/travel-blog\/2019-yilinin-en-populer-kayak-merkezleri\/#primaryimage"},"image":{"@id":"https:\/\/julesverne.com.tr\/travel-blog\/2019-yilinin-en-populer-kayak-merkezleri\/#primaryimage"},"thumbnailUrl":"https:\/\/julesverne.com.tr\/wp-content\/uploads\/2020\/09\/courchevel-scaled.jpg","datePublished":"2019-01-08T08:45:36+00:00","dateModified":"2021-03-04T12:15:38+00:00","breadcrumb":{"@id":"https:\/\/julesverne.com.tr\/travel-blog\/2019-yilinin-en-populer-kayak-merkezleri\/#breadcrumb"},"inLanguage":"en-US","potentialAction":[{"@type":"ReadAction","target":["https:\/\/julesverne.com.tr\/travel-blog\/2019-yilinin-en-populer-kayak-merkezleri\/"]}]},{"@type":"ImageObject","inLanguage":"en-US","@id":"https:\/\/julesverne.com.tr\/travel-blog\/2019-yilinin-en-populer-kayak-merkezleri\/#primaryimage","url":"https:\/\/julesverne.com.tr\/wp-content\/uploads\/2020\/09\/courchevel-scaled.jpg","contentUrl":"https:\/\/julesverne.com.tr\/wp-content\/uploads\/2020\/09\/courchevel-scaled.jpg","width":1600,"height":1068},{"@type":"BreadcrumbList","@id":"https:\/\/julesverne.com.tr\/travel-blog\/2019-yilinin-en-populer-kayak-merkezleri\/#breadcrumb","itemListElement":[{"@type":"ListItem","position":1,"name":"Anasayfa","item":"https:\/\/julesverne.com.tr\/"},{"@type":"ListItem","position":2,"name":"2019 Y\u0131l\u0131n\u0131n En Pop\u00fcler Kayak Merkezleri"}]},{"@type":"WebSite","@id":"https:\/\/julesverne.com.tr\/#website","url":"https:\/\/julesverne.com.tr\/","name":"JULES VERNE BUSINESS MICE TRAVEL","description":"","publisher":{"@id":"https:\/\/julesverne.com.tr\/#organization"},"potentialAction":[{"@type":"SearchAction","target":{"@type":"EntryPoint","urlTemplate":"https:\/\/julesverne.com.tr\/?s={search_term_string}"},"query-input":"required name=search_term_string"}],"inLanguage":"en-US"},{"@type":"Organization","@id":"https:\/\/julesverne.com.tr\/#organization","name":"JULES VERNE BUSINESS MICE TRAVEL","url":"https:\/\/julesverne.com.tr\/","logo":{"@type":"ImageObject","inLanguage":"en-US","@id":"https:\/\/julesverne.com.tr\/#\/schema\/logo\/image\/","url":"https:\/\/julesverne.com.tr\/wp-content\/uploads\/2020\/09\/jv-bmt-logo.png","contentUrl":"https:\/\/julesverne.com.tr\/wp-content\/uploads\/2020\/09\/jv-bmt-logo.png","width":110,"height":81,"caption":"JULES VERNE BUSINESS MICE TRAVEL"},"image":{"@id":"https:\/\/julesverne.com.tr\/#\/schema\/logo\/image\/"},"sameAs":["https:\/\/www.facebook.com\/JulesVerneBusinessMiceTravel\/","https:\/\/twitter.com\/JV_BusinessMice","https:\/\/www.instagram.com\/julesvernebusinessmicetravel\/","https:\/\/www.linkedin.com\/company\/julesvernebusinessmicetravel\/","https:\/\/www.youtube.com\/channel\/UCAwdsmbZ6tFhu1tea6pkpiw"]},{"@type":"Person","@id":"https:\/\/julesverne.com.tr\/#\/schema\/person\/f4eb0514ae455538644c31b99a466fdb","name":"fikirman","sameAs":["http:\/\/advermedya.net\/julesverne"],"url":"https:\/\/julesverne.com.tr\/en\/author\/fikirman\/"}]}},"_links":{"self":[{"href":"https:\/\/julesverne.com.tr\/en\/wp-json\/wp\/v2\/posts\/2044"}],"collection":[{"href":"https:\/\/julesverne.com.tr\/en\/wp-json\/wp\/v2\/posts"}],"about":[{"href":"https:\/\/julesverne.com.tr\/en\/wp-json\/wp\/v2\/types\/post"}],"author":[{"embeddable":true,"href":"https:\/\/julesverne.com.tr\/en\/wp-json\/wp\/v2\/users\/1"}],"replies":[{"embeddable":true,"href":"https:\/\/julesverne.com.tr\/en\/wp-json\/wp\/v2\/comments?post=2044"}],"version-history":[{"count":0,"href":"https:\/\/julesverne.com.tr\/en\/wp-json\/wp\/v2\/posts\/2044\/revisions"}],"wp:featuredmedia":[{"embeddable":true,"href":"https:\/\/julesverne.com.tr\/en\/wp-json\/wp\/v2\/media\/2045"}],"wp:attachment":[{"href":"https:\/\/julesverne.com.tr\/en\/wp-json\/wp\/v2\/media?parent=2044"}],"wp:term":[{"taxonomy":"category","embeddable":true,"href":"https:\/\/julesverne.com.tr\/en\/wp-json\/wp\/v2\/categories?post=2044"},{"taxonomy":"post_tag","embeddable":true,"href":"https:\/\/julesverne.com.tr\/en\/wp-json\/wp\/v2\/tags?post=2044"}],"curies":[{"name":"wp","href":"https:\/\/api.w.org\/{rel}","templated":true}]}}