{"id":20402,"date":"2025-08-14T16:47:22","date_gmt":"2025-08-14T13:47:22","guid":{"rendered":"https:\/\/julesverne.com.tr\/?p=20402"},"modified":"2025-08-14T16:47:34","modified_gmt":"2025-08-14T13:47:34","slug":"harper-s-bazaar-da-bu-ay-ayse-yagci-nin-kaleminden-kutsal-vadilerden-sisli-ormanlara-uzanan-peru","status":"publish","type":"post","link":"https:\/\/julesverne.com.tr\/en\/haberler\/travel-haberler\/harper-s-bazaar-da-bu-ay-ayse-yagci-nin-kaleminden-kutsal-vadilerden-sisli-ormanlara-uzanan-peru\/","title":{"rendered":"(TR) Harper\u2019s Bazaar\u2019da Bu Ay: Ay\u015fe Ya\u011fc\u0131\u2019n\u0131n Kaleminden Kutsal Vadilerden Sisli Ormanlara Uzanan Peru"},"content":{"rendered":"<p class=\"qtranxs-available-languages-message qtranxs-available-languages-message-en\">Sorry, this entry is only available in <a href=\"https:\/\/julesverne.com.tr\/tr\/wp-json\/wp\/v2\/posts\/20402\" class=\"qtranxs-available-language-link qtranxs-available-language-link-tr\" title=\"TR\">Turkish<\/a>.<\/p>","protected":false},"excerpt":{"rendered":"<p>Sorry, this entry is only available in Turkish.<\/p>\n","protected":false},"author":10,"featured_media":19742,"comment_status":"closed","ping_status":"closed","sticky":false,"template":"","format":"standard","meta":{"inline_featured_image":false,"footnotes":""},"categories":[5],"tags":[161,145,336,77,73,350],"acf":[],"yoast_head":"<!-- This site is optimized with the Yoast SEO plugin v22.3 - https:\/\/yoast.com\/wordpress\/plugins\/seo\/ -->\n<title><\/title>\n<meta name=\"description\" content=\"Jules Verne Business Mice Travel Kurucusu ve Genel M\u00fcd\u00fcr\u00fc Ay\u015fe Ya\u011fc\u0131 B\u00fcy\u00fckp\u0131nar, Harper\u2019s Bazaar\u2019\u0131n A\u011fustos say\u0131s\u0131 i\u00e7in kaleme ald\u0131\u011f\u0131 yaz\u0131s\u0131nda, Andlar\u2019\u0131n doruklar\u0131ndan Amazon\u2019un kalbine, l\u00fcks trenlerden kutsal vadilere uzanan unutulmaz ke\u015fif rotas\u0131 Peru\u2019nun zamans\u0131z g\u00fczelli\u011fi ve tarihi miras\u0131n\u0131 okuyucularla payla\u015ft\u0131.\" \/>\n<meta name=\"robots\" content=\"index, follow, max-snippet:-1, max-image-preview:large, max-video-preview:-1\" \/>\n<link rel=\"canonical\" href=\"https:\/\/julesverne.com.tr\/haberler\/travel-haberler\/harper-s-bazaar-da-bu-ay-ayse-yagci-nin-kaleminden-kutsal-vadilerden-sisli-ormanlara-uzanan-peru\/\" \/>\n<meta property=\"og:locale\" content=\"en_US\" \/>\n<meta property=\"og:type\" content=\"article\" \/>\n<meta property=\"og:title\" content=\"[:tr]Harper\u2019s Bazaar\u2019da Bu Ay: Ay\u015fe Ya\u011fc\u0131\u2019n\u0131n Kaleminden Kutsal Vadilerden Sisli Ormanlara Uzanan Peru[:] - JULES VERNE BUSINESS MICE TRAVEL\" \/>\n<meta property=\"og:description\" content=\"Jules Verne Business Mice Travel Kurucusu ve Genel M\u00fcd\u00fcr\u00fc Ay\u015fe Ya\u011fc\u0131 B\u00fcy\u00fckp\u0131nar, Harper\u2019s Bazaar\u2019\u0131n A\u011fustos say\u0131s\u0131 i\u00e7in kaleme ald\u0131\u011f\u0131 yaz\u0131s\u0131nda, Andlar\u2019\u0131n doruklar\u0131ndan Amazon\u2019un kalbine, l\u00fcks trenlerden kutsal vadilere uzanan unutulmaz ke\u015fif rotas\u0131 Peru\u2019nun zamans\u0131z g\u00fczelli\u011fi ve tarihi miras\u0131n\u0131 okuyucularla payla\u015ft\u0131.\" \/>\n<meta property=\"og:url\" content=\"https:\/\/julesverne.com.tr\/haberler\/travel-haberler\/harper-s-bazaar-da-bu-ay-ayse-yagci-nin-kaleminden-kutsal-vadilerden-sisli-ormanlara-uzanan-peru\/\" \/>\n<meta property=\"og:site_name\" content=\"JULES VERNE BUSINESS MICE TRAVEL\" \/>\n<meta property=\"article:publisher\" content=\"https:\/\/www.facebook.com\/JulesVerneBusinessMiceTravel\/\" \/>\n<meta property=\"article:published_time\" content=\"2025-08-14T13:47:22+00:00\" \/>\n<meta property=\"article:modified_time\" content=\"2025-08-14T13:47:34+00:00\" \/>\n<meta property=\"og:image\" content=\"https:\/\/julesverne.com.tr\/wp-content\/uploads\/2023\/10\/JVTC-Kapak-16.png\" \/>\n\t<meta property=\"og:image:width\" content=\"1200\" \/>\n\t<meta property=\"og:image:height\" content=\"628\" \/>\n\t<meta property=\"og:image:type\" content=\"image\/png\" \/>\n<meta name=\"author\" content=\"Ebru Alt\u0131n\" \/>\n<meta name=\"twitter:card\" content=\"summary_large_image\" \/>\n<meta name=\"twitter:creator\" content=\"@JV_BusinessMice\" \/>\n<meta name=\"twitter:site\" content=\"@JV_BusinessMice\" \/>\n<meta name=\"twitter:label1\" content=\"Written by\" \/>\n\t<meta name=\"twitter:data1\" content=\"Ebru Alt\u0131n\" \/>\n\t<meta name=\"twitter:label2\" content=\"Est. reading time\" \/>\n\t<meta name=\"twitter:data2\" content=\"2 minutes\" \/>\n<script type=\"application\/ld+json\" class=\"yoast-schema-graph\">{\"@context\":\"https:\/\/schema.org\",\"@graph\":[{\"@type\":\"Article\",\"@id\":\"https:\/\/julesverne.com.tr\/haberler\/travel-haberler\/harper-s-bazaar-da-bu-ay-ayse-yagci-nin-kaleminden-kutsal-vadilerden-sisli-ormanlara-uzanan-peru\/#article\",\"isPartOf\":{\"@id\":\"https:\/\/julesverne.com.tr\/haberler\/travel-haberler\/harper-s-bazaar-da-bu-ay-ayse-yagci-nin-kaleminden-kutsal-vadilerden-sisli-ormanlara-uzanan-peru\/\"},\"author\":{\"name\":\"Ebru Alt\u0131n\",\"@id\":\"https:\/\/julesverne.com.tr\/#\/schema\/person\/219931edfe2e7d9cbbcbabb8a7e4c7f4\"},\"headline\":\"(TR) Harper\u2019s Bazaar\u2019da Bu Ay: Ay\u015fe Ya\u011fc\u0131\u2019n\u0131n Kaleminden Kutsal Vadilerden Sisli Ormanlara Uzanan Peru\",\"datePublished\":\"2025-08-14T13:47:22+00:00\",\"dateModified\":\"2025-08-14T13:47:34+00:00\",\"mainEntityOfPage\":{\"@id\":\"https:\/\/julesverne.com.tr\/haberler\/travel-haberler\/harper-s-bazaar-da-bu-ay-ayse-yagci-nin-kaleminden-kutsal-vadilerden-sisli-ormanlara-uzanan-peru\/\"},\"wordCount\":219,\"publisher\":{\"@id\":\"https:\/\/julesverne.com.tr\/#organization\"},\"image\":{\"@id\":\"https:\/\/julesverne.com.tr\/haberler\/travel-haberler\/harper-s-bazaar-da-bu-ay-ayse-yagci-nin-kaleminden-kutsal-vadilerden-sisli-ormanlara-uzanan-peru\/#primaryimage\"},\"thumbnailUrl\":\"https:\/\/julesverne.com.tr\/wp-content\/uploads\/2023\/10\/JVTC-Kapak-16.png\",\"keywords\":[\"Ay\u015fe Ya\u011fc\u0131'dan \u0130z B\u0131rakan Rotalar\",\"News\",\"Harper's Bazaar\",\"\u0130lham Veren Destinasyonlar\",\"Nereye Gitsek\",\"Peru\"],\"articleSection\":[\"Travel Haberler\"],\"inLanguage\":\"en-US\"},{\"@type\":\"WebPage\",\"@id\":\"https:\/\/julesverne.com.tr\/haberler\/travel-haberler\/harper-s-bazaar-da-bu-ay-ayse-yagci-nin-kaleminden-kutsal-vadilerden-sisli-ormanlara-uzanan-peru\/\",\"url\":\"https:\/\/julesverne.com.tr\/haberler\/travel-haberler\/harper-s-bazaar-da-bu-ay-ayse-yagci-nin-kaleminden-kutsal-vadilerden-sisli-ormanlara-uzanan-peru\/\",\"name\":\"[:tr]Harper\u2019s Bazaar\u2019da Bu Ay: Ay\u015fe Ya\u011fc\u0131\u2019n\u0131n Kaleminden Kutsal Vadilerden Sisli Ormanlara Uzanan Peru[:] - JULES VERNE BUSINESS MICE TRAVEL\",\"isPartOf\":{\"@id\":\"https:\/\/julesverne.com.tr\/#website\"},\"primaryImageOfPage\":{\"@id\":\"https:\/\/julesverne.com.tr\/haberler\/travel-haberler\/harper-s-bazaar-da-bu-ay-ayse-yagci-nin-kaleminden-kutsal-vadilerden-sisli-ormanlara-uzanan-peru\/#primaryimage\"},\"image\":{\"@id\":\"https:\/\/julesverne.com.tr\/haberler\/travel-haberler\/harper-s-bazaar-da-bu-ay-ayse-yagci-nin-kaleminden-kutsal-vadilerden-sisli-ormanlara-uzanan-peru\/#primaryimage\"},\"thumbnailUrl\":\"https:\/\/julesverne.com.tr\/wp-content\/uploads\/2023\/10\/JVTC-Kapak-16.png\",\"datePublished\":\"2025-08-14T13:47:22+00:00\",\"dateModified\":\"2025-08-14T13:47:34+00:00\",\"description\":\"Jules Verne Business Mice Travel Kurucusu ve Genel M\u00fcd\u00fcr\u00fc Ay\u015fe Ya\u011fc\u0131 B\u00fcy\u00fckp\u0131nar, Harper\u2019s Bazaar\u2019\u0131n A\u011fustos say\u0131s\u0131 i\u00e7in kaleme ald\u0131\u011f\u0131 yaz\u0131s\u0131nda, Andlar\u2019\u0131n doruklar\u0131ndan Amazon\u2019un kalbine, l\u00fcks trenlerden kutsal vadilere uzanan unutulmaz ke\u015fif rotas\u0131 Peru\u2019nun zamans\u0131z g\u00fczelli\u011fi ve tarihi miras\u0131n\u0131 okuyucularla payla\u015ft\u0131.\",\"breadcrumb\":{\"@id\":\"https:\/\/julesverne.com.tr\/haberler\/travel-haberler\/harper-s-bazaar-da-bu-ay-ayse-yagci-nin-kaleminden-kutsal-vadilerden-sisli-ormanlara-uzanan-peru\/#breadcrumb\"},\"inLanguage\":\"en-US\",\"potentialAction\":[{\"@type\":\"ReadAction\",\"target\":[\"https:\/\/julesverne.com.tr\/haberler\/travel-haberler\/harper-s-bazaar-da-bu-ay-ayse-yagci-nin-kaleminden-kutsal-vadilerden-sisli-ormanlara-uzanan-peru\/\"]}]},{\"@type\":\"ImageObject\",\"inLanguage\":\"en-US\",\"@id\":\"https:\/\/julesverne.com.tr\/haberler\/travel-haberler\/harper-s-bazaar-da-bu-ay-ayse-yagci-nin-kaleminden-kutsal-vadilerden-sisli-ormanlara-uzanan-peru\/#primaryimage\",\"url\":\"https:\/\/julesverne.com.tr\/wp-content\/uploads\/2023\/10\/JVTC-Kapak-16.png\",\"contentUrl\":\"https:\/\/julesverne.com.tr\/wp-content\/uploads\/2023\/10\/JVTC-Kapak-16.png\",\"width\":1200,\"height\":628},{\"@type\":\"BreadcrumbList\",\"@id\":\"https:\/\/julesverne.com.tr\/haberler\/travel-haberler\/harper-s-bazaar-da-bu-ay-ayse-yagci-nin-kaleminden-kutsal-vadilerden-sisli-ormanlara-uzanan-peru\/#breadcrumb\",\"itemListElement\":[{\"@type\":\"ListItem\",\"position\":1,\"name\":\"Anasayfa\",\"item\":\"https:\/\/julesverne.com.tr\/\"},{\"@type\":\"ListItem\",\"position\":2,\"name\":\"Harper\u2019s Bazaar\u2019da Bu Ay: Ay\u015fe Ya\u011fc\u0131\u2019n\u0131n Kaleminden Kutsal Vadilerden Sisli Ormanlara Uzanan Peru\"}]},{\"@type\":\"WebSite\",\"@id\":\"https:\/\/julesverne.com.tr\/#website\",\"url\":\"https:\/\/julesverne.com.tr\/\",\"name\":\"JULES VERNE BUSINESS MICE TRAVEL\",\"description\":\"\",\"publisher\":{\"@id\":\"https:\/\/julesverne.com.tr\/#organization\"},\"potentialAction\":[{\"@type\":\"SearchAction\",\"target\":{\"@type\":\"EntryPoint\",\"urlTemplate\":\"https:\/\/julesverne.com.tr\/?s={search_term_string}\"},\"query-input\":\"required name=search_term_string\"}],\"inLanguage\":\"en-US\"},{\"@type\":\"Organization\",\"@id\":\"https:\/\/julesverne.com.tr\/#organization\",\"name\":\"JULES VERNE BUSINESS MICE TRAVEL\",\"url\":\"https:\/\/julesverne.com.tr\/\",\"logo\":{\"@type\":\"ImageObject\",\"inLanguage\":\"en-US\",\"@id\":\"https:\/\/julesverne.com.tr\/#\/schema\/logo\/image\/\",\"url\":\"https:\/\/julesverne.com.tr\/wp-content\/uploads\/2020\/09\/jv-bmt-logo.png\",\"contentUrl\":\"https:\/\/julesverne.com.tr\/wp-content\/uploads\/2020\/09\/jv-bmt-logo.png\",\"width\":110,\"height\":81,\"caption\":\"JULES VERNE BUSINESS MICE TRAVEL\"},\"image\":{\"@id\":\"https:\/\/julesverne.com.tr\/#\/schema\/logo\/image\/\"},\"sameAs\":[\"https:\/\/www.facebook.com\/JulesVerneBusinessMiceTravel\/\",\"https:\/\/twitter.com\/JV_BusinessMice\",\"https:\/\/www.instagram.com\/julesvernebusinessmicetravel\/\",\"https:\/\/www.linkedin.com\/company\/julesvernebusinessmicetravel\/\",\"https:\/\/www.youtube.com\/channel\/UCAwdsmbZ6tFhu1tea6pkpiw\"]},{\"@type\":\"Person\",\"@id\":\"https:\/\/julesverne.com.tr\/#\/schema\/person\/219931edfe2e7d9cbbcbabb8a7e4c7f4\",\"name\":\"Ebru Alt\u0131n\",\"url\":\"https:\/\/julesverne.com.tr\/en\/author\/ebru-altin\/\"}]}<\/script>\n<!-- \/ Yoast SEO plugin. -->","yoast_head_json":{"title":"[:tr]Harper\u2019s Bazaar\u2019da Bu Ay: Ay\u015fe Ya\u011fc\u0131\u2019n\u0131n Kaleminden Kutsal Vadilerden Sisli Ormanlara Uzanan Peru[:] - JULES VERNE BUSINESS MICE TRAVEL","description":"Jules Verne Business Mice Travel Kurucusu ve Genel M\u00fcd\u00fcr\u00fc Ay\u015fe Ya\u011fc\u0131 B\u00fcy\u00fckp\u0131nar, Harper\u2019s Bazaar\u2019\u0131n A\u011fustos say\u0131s\u0131 i\u00e7in kaleme ald\u0131\u011f\u0131 yaz\u0131s\u0131nda, Andlar\u2019\u0131n doruklar\u0131ndan Amazon\u2019un kalbine, l\u00fcks trenlerden kutsal vadilere uzanan unutulmaz ke\u015fif rotas\u0131 Peru\u2019nun zamans\u0131z g\u00fczelli\u011fi ve tarihi miras\u0131n\u0131 okuyucularla payla\u015ft\u0131.","robots":{"index":"index","follow":"follow","max-snippet":"max-snippet:-1","max-image-preview":"max-image-preview:large","max-video-preview":"max-video-preview:-1"},"canonical":"https:\/\/julesverne.com.tr\/haberler\/travel-haberler\/harper-s-bazaar-da-bu-ay-ayse-yagci-nin-kaleminden-kutsal-vadilerden-sisli-ormanlara-uzanan-peru\/","og_locale":"en_US","og_type":"article","og_title":"[:tr]Harper\u2019s Bazaar\u2019da Bu Ay: Ay\u015fe Ya\u011fc\u0131\u2019n\u0131n Kaleminden Kutsal Vadilerden Sisli Ormanlara Uzanan Peru[:] - JULES VERNE BUSINESS MICE TRAVEL","og_description":"Jules Verne Business Mice Travel Kurucusu ve Genel M\u00fcd\u00fcr\u00fc Ay\u015fe Ya\u011fc\u0131 B\u00fcy\u00fckp\u0131nar, Harper\u2019s Bazaar\u2019\u0131n A\u011fustos say\u0131s\u0131 i\u00e7in kaleme ald\u0131\u011f\u0131 yaz\u0131s\u0131nda, Andlar\u2019\u0131n doruklar\u0131ndan Amazon\u2019un kalbine, l\u00fcks trenlerden kutsal vadilere uzanan unutulmaz ke\u015fif rotas\u0131 Peru\u2019nun zamans\u0131z g\u00fczelli\u011fi ve tarihi miras\u0131n\u0131 okuyucularla payla\u015ft\u0131.","og_url":"https:\/\/julesverne.com.tr\/haberler\/travel-haberler\/harper-s-bazaar-da-bu-ay-ayse-yagci-nin-kaleminden-kutsal-vadilerden-sisli-ormanlara-uzanan-peru\/","og_site_name":"JULES VERNE BUSINESS MICE TRAVEL","article_publisher":"https:\/\/www.facebook.com\/JulesVerneBusinessMiceTravel\/","article_published_time":"2025-08-14T13:47:22+00:00","article_modified_time":"2025-08-14T13:47:34+00:00","og_image":[{"width":1200,"height":628,"url":"https:\/\/julesverne.com.tr\/wp-content\/uploads\/2023\/10\/JVTC-Kapak-16.png","type":"image\/png"}],"author":"Ebru Alt\u0131n","twitter_card":"summary_large_image","twitter_creator":"@JV_BusinessMice","twitter_site":"@JV_BusinessMice","twitter_misc":{"Written by":"Ebru Alt\u0131n","Est. reading time":"2 minutes"},"schema":{"@context":"https:\/\/schema.org","@graph":[{"@type":"Article","@id":"https:\/\/julesverne.com.tr\/haberler\/travel-haberler\/harper-s-bazaar-da-bu-ay-ayse-yagci-nin-kaleminden-kutsal-vadilerden-sisli-ormanlara-uzanan-peru\/#article","isPartOf":{"@id":"https:\/\/julesverne.com.tr\/haberler\/travel-haberler\/harper-s-bazaar-da-bu-ay-ayse-yagci-nin-kaleminden-kutsal-vadilerden-sisli-ormanlara-uzanan-peru\/"},"author":{"name":"Ebru Alt\u0131n","@id":"https:\/\/julesverne.com.tr\/#\/schema\/person\/219931edfe2e7d9cbbcbabb8a7e4c7f4"},"headline":"(TR) Harper\u2019s Bazaar\u2019da Bu Ay: Ay\u015fe Ya\u011fc\u0131\u2019n\u0131n Kaleminden Kutsal Vadilerden Sisli Ormanlara Uzanan Peru","datePublished":"2025-08-14T13:47:22+00:00","dateModified":"2025-08-14T13:47:34+00:00","mainEntityOfPage":{"@id":"https:\/\/julesverne.com.tr\/haberler\/travel-haberler\/harper-s-bazaar-da-bu-ay-ayse-yagci-nin-kaleminden-kutsal-vadilerden-sisli-ormanlara-uzanan-peru\/"},"wordCount":219,"publisher":{"@id":"https:\/\/julesverne.com.tr\/#organization"},"image":{"@id":"https:\/\/julesverne.com.tr\/haberler\/travel-haberler\/harper-s-bazaar-da-bu-ay-ayse-yagci-nin-kaleminden-kutsal-vadilerden-sisli-ormanlara-uzanan-peru\/#primaryimage"},"thumbnailUrl":"https:\/\/julesverne.com.tr\/wp-content\/uploads\/2023\/10\/JVTC-Kapak-16.png","keywords":["Ay\u015fe Ya\u011fc\u0131'dan \u0130z B\u0131rakan Rotalar","News","Harper's Bazaar","\u0130lham Veren Destinasyonlar","Nereye Gitsek","Peru"],"articleSection":["Travel Haberler"],"inLanguage":"en-US"},{"@type":"WebPage","@id":"https:\/\/julesverne.com.tr\/haberler\/travel-haberler\/harper-s-bazaar-da-bu-ay-ayse-yagci-nin-kaleminden-kutsal-vadilerden-sisli-ormanlara-uzanan-peru\/","url":"https:\/\/julesverne.com.tr\/haberler\/travel-haberler\/harper-s-bazaar-da-bu-ay-ayse-yagci-nin-kaleminden-kutsal-vadilerden-sisli-ormanlara-uzanan-peru\/","name":"[:tr]Harper\u2019s Bazaar\u2019da Bu Ay: Ay\u015fe Ya\u011fc\u0131\u2019n\u0131n Kaleminden Kutsal Vadilerden Sisli Ormanlara Uzanan Peru[:] - JULES VERNE BUSINESS MICE TRAVEL","isPartOf":{"@id":"https:\/\/julesverne.com.tr\/#website"},"primaryImageOfPage":{"@id":"https:\/\/julesverne.com.tr\/haberler\/travel-haberler\/harper-s-bazaar-da-bu-ay-ayse-yagci-nin-kaleminden-kutsal-vadilerden-sisli-ormanlara-uzanan-peru\/#primaryimage"},"image":{"@id":"https:\/\/julesverne.com.tr\/haberler\/travel-haberler\/harper-s-bazaar-da-bu-ay-ayse-yagci-nin-kaleminden-kutsal-vadilerden-sisli-ormanlara-uzanan-peru\/#primaryimage"},"thumbnailUrl":"https:\/\/julesverne.com.tr\/wp-content\/uploads\/2023\/10\/JVTC-Kapak-16.png","datePublished":"2025-08-14T13:47:22+00:00","dateModified":"2025-08-14T13:47:34+00:00","description":"Jules Verne Business Mice Travel Kurucusu ve Genel M\u00fcd\u00fcr\u00fc Ay\u015fe Ya\u011fc\u0131 B\u00fcy\u00fckp\u0131nar, Harper\u2019s Bazaar\u2019\u0131n A\u011fustos say\u0131s\u0131 i\u00e7in kaleme ald\u0131\u011f\u0131 yaz\u0131s\u0131nda, Andlar\u2019\u0131n doruklar\u0131ndan Amazon\u2019un kalbine, l\u00fcks trenlerden kutsal vadilere uzanan unutulmaz ke\u015fif rotas\u0131 Peru\u2019nun zamans\u0131z g\u00fczelli\u011fi ve tarihi miras\u0131n\u0131 okuyucularla payla\u015ft\u0131.","breadcrumb":{"@id":"https:\/\/julesverne.com.tr\/haberler\/travel-haberler\/harper-s-bazaar-da-bu-ay-ayse-yagci-nin-kaleminden-kutsal-vadilerden-sisli-ormanlara-uzanan-peru\/#breadcrumb"},"inLanguage":"en-US","potentialAction":[{"@type":"ReadAction","target":["https:\/\/julesverne.com.tr\/haberler\/travel-haberler\/harper-s-bazaar-da-bu-ay-ayse-yagci-nin-kaleminden-kutsal-vadilerden-sisli-ormanlara-uzanan-peru\/"]}]},{"@type":"ImageObject","inLanguage":"en-US","@id":"https:\/\/julesverne.com.tr\/haberler\/travel-haberler\/harper-s-bazaar-da-bu-ay-ayse-yagci-nin-kaleminden-kutsal-vadilerden-sisli-ormanlara-uzanan-peru\/#primaryimage","url":"https:\/\/julesverne.com.tr\/wp-content\/uploads\/2023\/10\/JVTC-Kapak-16.png","contentUrl":"https:\/\/julesverne.com.tr\/wp-content\/uploads\/2023\/10\/JVTC-Kapak-16.png","width":1200,"height":628},{"@type":"BreadcrumbList","@id":"https:\/\/julesverne.com.tr\/haberler\/travel-haberler\/harper-s-bazaar-da-bu-ay-ayse-yagci-nin-kaleminden-kutsal-vadilerden-sisli-ormanlara-uzanan-peru\/#breadcrumb","itemListElement":[{"@type":"ListItem","position":1,"name":"Anasayfa","item":"https:\/\/julesverne.com.tr\/"},{"@type":"ListItem","position":2,"name":"Harper\u2019s Bazaar\u2019da Bu Ay: Ay\u015fe Ya\u011fc\u0131\u2019n\u0131n Kaleminden Kutsal Vadilerden Sisli Ormanlara Uzanan Peru"}]},{"@type":"WebSite","@id":"https:\/\/julesverne.com.tr\/#website","url":"https:\/\/julesverne.com.tr\/","name":"JULES VERNE BUSINESS MICE TRAVEL","description":"","publisher":{"@id":"https:\/\/julesverne.com.tr\/#organization"},"potentialAction":[{"@type":"SearchAction","target":{"@type":"EntryPoint","urlTemplate":"https:\/\/julesverne.com.tr\/?s={search_term_string}"},"query-input":"required name=search_term_string"}],"inLanguage":"en-US"},{"@type":"Organization","@id":"https:\/\/julesverne.com.tr\/#organization","name":"JULES VERNE BUSINESS MICE TRAVEL","url":"https:\/\/julesverne.com.tr\/","logo":{"@type":"ImageObject","inLanguage":"en-US","@id":"https:\/\/julesverne.com.tr\/#\/schema\/logo\/image\/","url":"https:\/\/julesverne.com.tr\/wp-content\/uploads\/2020\/09\/jv-bmt-logo.png","contentUrl":"https:\/\/julesverne.com.tr\/wp-content\/uploads\/2020\/09\/jv-bmt-logo.png","width":110,"height":81,"caption":"JULES VERNE BUSINESS MICE TRAVEL"},"image":{"@id":"https:\/\/julesverne.com.tr\/#\/schema\/logo\/image\/"},"sameAs":["https:\/\/www.facebook.com\/JulesVerneBusinessMiceTravel\/","https:\/\/twitter.com\/JV_BusinessMice","https:\/\/www.instagram.com\/julesvernebusinessmicetravel\/","https:\/\/www.linkedin.com\/company\/julesvernebusinessmicetravel\/","https:\/\/www.youtube.com\/channel\/UCAwdsmbZ6tFhu1tea6pkpiw"]},{"@type":"Person","@id":"https:\/\/julesverne.com.tr\/#\/schema\/person\/219931edfe2e7d9cbbcbabb8a7e4c7f4","name":"Ebru Alt\u0131n","url":"https:\/\/julesverne.com.tr\/en\/author\/ebru-altin\/"}]}},"_links":{"self":[{"href":"https:\/\/julesverne.com.tr\/en\/wp-json\/wp\/v2\/posts\/20402"}],"collection":[{"href":"https:\/\/julesverne.com.tr\/en\/wp-json\/wp\/v2\/posts"}],"about":[{"href":"https:\/\/julesverne.com.tr\/en\/wp-json\/wp\/v2\/types\/post"}],"author":[{"embeddable":true,"href":"https:\/\/julesverne.com.tr\/en\/wp-json\/wp\/v2\/users\/10"}],"replies":[{"embeddable":true,"href":"https:\/\/julesverne.com.tr\/en\/wp-json\/wp\/v2\/comments?post=20402"}],"version-history":[{"count":2,"href":"https:\/\/julesverne.com.tr\/en\/wp-json\/wp\/v2\/posts\/20402\/revisions"}],"predecessor-version":[{"id":20457,"href":"https:\/\/julesverne.com.tr\/en\/wp-json\/wp\/v2\/posts\/20402\/revisions\/20457"}],"wp:featuredmedia":[{"embeddable":true,"href":"https:\/\/julesverne.com.tr\/en\/wp-json\/wp\/v2\/media\/19742"}],"wp:attachment":[{"href":"https:\/\/julesverne.com.tr\/en\/wp-json\/wp\/v2\/media?parent=20402"}],"wp:term":[{"taxonomy":"category","embeddable":true,"href":"https:\/\/julesverne.com.tr\/en\/wp-json\/wp\/v2\/categories?post=20402"},{"taxonomy":"post_tag","embeddable":true,"href":"https:\/\/julesverne.com.tr\/en\/wp-json\/wp\/v2\/tags?post=20402"}],"curies":[{"name":"wp","href":"https:\/\/api.w.org\/{rel}","templated":true}]}}