{"id":2040,"date":"2019-01-04T09:55:26","date_gmt":"2019-01-04T06:55:26","guid":{"rendered":"https:\/\/www.julesverne.com.tr\/\/blog\/2019-yili-resmi-tatil-gunleri-ve-bayram-tatillerine-gore-seyahat-onerileri\/"},"modified":"2021-03-04T14:53:59","modified_gmt":"2021-03-04T11:53:59","slug":"2019-yili-resmi-tatil-gunleri-ve-bayram-tatillerine-gore-seyahat-onerileri","status":"publish","type":"post","link":"https:\/\/julesverne.com.tr\/en\/travel-blog\/2019-yili-resmi-tatil-gunleri-ve-bayram-tatillerine-gore-seyahat-onerileri\/","title":{"rendered":"2019 Y\u0131l\u0131 Resmi Tatil G\u00fcnleri ve Bayram Tatillerine G\u00f6re Seyahat \u00d6nerileri"},"content":{"rendered":"<p><p style=\"text-align: center;\"><img loading=\"lazy\" decoding=\"async\" class=\"alignnone size-full wp-image-4057\" src=\"https:\/\/www.julesverne.com.tr\/\/wp-content\/uploads\/2020\/09\/manzara.jpg\" width=\"1000\" height=\"465\" alt=\"\" srcset=\"https:\/\/julesverne.com.tr\/wp-content\/uploads\/2020\/09\/manzara.jpg 1000w, https:\/\/julesverne.com.tr\/wp-content\/uploads\/2020\/09\/manzara-500x233.jpg 500w, https:\/\/julesverne.com.tr\/wp-content\/uploads\/2020\/09\/manzara-768x357.jpg 768w\" sizes=\"(max-width: 1000px) 100vw, 1000px\" \/><\/p>\n<p>2019 y\u0131l\u0131 dileklerimizin ba\u015f\u0131nda sa\u011fl\u0131k, huzur, mutluluk ve \u015fans geliyor. Seyahat severlerin 2019 y\u0131l\u0131 dileklerine eklenen madde ise tabi ki olabildi\u011fince &ccedil;ok seyahat etmek, yeni yerler ke\u015ffetmek, yeni deneyimler ya\u015famak. 2019 y\u0131l\u0131 seyahat trendleri ile birlikte farkl\u0131 ve s\u0131ra d\u0131\u015f\u0131 maceralar da bizleri bekliyor.&nbsp;2019 y\u0131l\u0131 takvimine g&ouml;re &ccedil;al\u0131\u015fanlar i&ccedil;in toplamda 121 g&uuml;n tatil yapma imkan\u0131 var! 121 g&uuml;n&uuml;n 104 g&uuml;n&uuml;n&uuml; haftasonu tatil g&uuml;nleri olu\u015ftururken; 17 g&uuml;n&uuml;n&uuml; ise cumartesi ve pazara denk gelmeyen resmi tatil g&uuml;nleri olu\u015fturuyor. B&ouml;yle g&uuml;zel bir y\u0131la denk gelmi\u015fken 2019 y\u0131l\u0131 resmi tatil g&uuml;nleri de bu ke\u015fifler i&ccedil;in ka&ccedil;\u0131r\u0131lmayacak f\u0131rsatlar sunuyor. 2019 resmi tatil ve bayram g&uuml;nlerini de\u011ferlendirerek ger&ccedil;ekle\u015ftirebilece\u011finiz seyahat alternatiflerini sizler i&ccedil;in haz\u0131rlad\u0131k. Karadeniz yaylalar\u0131ndan &Uuml;rd&uuml;n&rsquo;e, Yunan Adalar\u0131&rsquo;ndan Bhutan&rsquo;a, Mardin&rsquo;den Lizbon&rsquo;a, \u0130rlanda&rsquo;dan Tokyo&rsquo;ya 2019 resmi tatil seyahat &ouml;nerileri&hellip;<\/p>\n<h4 style=\"text-align: center;\"><strong>23 Nisan 2019 Sal\u0131, Ulusal Egemenlik ve &Ccedil;ocuk Bayram\u0131&nbsp;<br \/><\/strong><strong>(20-23 Nisan 2019 | 4 G&uuml;n<\/strong>)<\/h4>\n<p><strong><br \/>&Uuml;rd&uuml;n<\/strong><\/p>\n<p style=\"text-align: center;\"><strong><img loading=\"lazy\" decoding=\"async\" class=\"alignnone size-full wp-image-4058\" src=\"https:\/\/www.julesverne.com.tr\/\/wp-content\/uploads\/2020\/09\/urdun.jpg\" width=\"1000\" height=\"667\" alt=\"petra &uuml;rd&uuml;n\" srcset=\"https:\/\/julesverne.com.tr\/wp-content\/uploads\/2020\/09\/urdun.jpg 1000w, https:\/\/julesverne.com.tr\/wp-content\/uploads\/2020\/09\/urdun-500x334.jpg 500w, https:\/\/julesverne.com.tr\/wp-content\/uploads\/2020\/09\/urdun-768x512.jpg 768w\" sizes=\"(max-width: 1000px) 100vw, 1000px\" \/><\/strong><\/p>\n<p>D&uuml;nyaca &uuml;nl&uuml; seyahat yay\u0131nc\u0131s\u0131 Lonely Planet taraf\u0131ndan yay\u0131nlanan 2019 Seyahat Rehberi&#8217;nde en &ccedil;ok tercih edilen 10 destinasyondan biri olarak se&ccedil;ilen &Uuml;rd&uuml;n, Ortado\u011fu hakk\u0131ndaki alg\u0131lar\u0131 alt &uuml;st ediyor.&nbsp; Antik kentleri ziyaret etme, granit kayal\u0131klarla do\u011faya hayran kalma, &ccedil;&ouml;llerinde safari yaparak y\u0131ld\u0131zlar alt\u0131nda uyuma, &Ouml;l&uuml;deniz&#8217;de y&uuml;zme ve sualt\u0131 ya\u015fam\u0131 ile tan\u0131\u015fma f\u0131rsatlar\u0131n\u0131 &Uuml;rd&uuml;n s\u0131n\u0131rlar\u0131 i&ccedil;erisinde ya\u015fayacaks\u0131n\u0131z. G&uuml;nd&uuml;zleri s\u0131cak ak\u015famlar\u0131 serin ge&ccedil;en Nisan ay\u0131 ise &uuml;lkeyi lay\u0131k\u0131yla gezmek i&ccedil;in ideal.<\/p>\n<p><strong>End&uuml;l&uuml;s<\/strong><\/p>\n<p style=\"text-align: center;\"><strong><img loading=\"lazy\" decoding=\"async\" class=\"alignnone size-full wp-image-4059\" src=\"https:\/\/www.julesverne.com.tr\/\/wp-content\/uploads\/2020\/09\/endulus_alhamra.jpg\" width=\"1000\" height=\"667\" alt=\"alhamra saray\u0131 end&uuml;l&uuml;s\" srcset=\"https:\/\/julesverne.com.tr\/wp-content\/uploads\/2020\/09\/endulus_alhamra.jpg 1000w, https:\/\/julesverne.com.tr\/wp-content\/uploads\/2020\/09\/endulus_alhamra-500x334.jpg 500w, https:\/\/julesverne.com.tr\/wp-content\/uploads\/2020\/09\/endulus_alhamra-768x512.jpg 768w\" sizes=\"(max-width: 1000px) 100vw, 1000px\" \/><\/strong><\/p>\n<p>G&uuml;ney \u0130spanya&#8217;da bamba\u015fka bir tarih ve k&uuml;lt&uuml;rel izlerle sizi kar\u015f\u0131layan End&uuml;l&uuml;s B&ouml;lgesi seyahat etmekten asla s\u0131k\u0131lmayaca\u011f\u0131n\u0131z deneyimlerin adresi. Almer&iacute;a, C&aacute;diz, C&oacute;rdoba, Granada, Huelva, Ja&eacute;n, M&aacute;laga ve Seville olmak &uuml;zere kendi i&ccedil;erisinde 8 b&ouml;l&uuml;me ayr\u0131lan End&uuml;l&uuml;s tarih kitab\u0131ndan farks\u0131z! Akdeniz ve Atlantik aras\u0131ndaki stratejik konumuyla binlerce y\u0131l \u0130ber Yar\u0131madas\u0131&rsquo;n\u0131n ekonomik ve k&uuml;lt&uuml;rel merkezi olan End&uuml;l&uuml;s, \u0130spanya&#8217;da s&uuml;ren 800 y\u0131ll\u0131k Arap egemenli\u011finin izleriyle k&uuml;lt&uuml;rler bulu\u015fmas\u0131 ya\u015fat\u0131yor. Flamenkonun, b&uuml;y&uuml;leyici k&ouml;ylerin, tarihi \u015fehirlerin s\u0131cak destinasyonu.<\/p>\n<p><strong>Tokyo &ndash;Kyoto<\/strong><\/p>\n<p style=\"text-align: center;\"><strong><img loading=\"lazy\" decoding=\"async\" class=\"alignnone size-full wp-image-4060\" src=\"https:\/\/www.julesverne.com.tr\/\/wp-content\/uploads\/2020\/09\/sakura.jpg\" width=\"1000\" height=\"667\" alt=\"sakura festivali tokyo\" srcset=\"https:\/\/julesverne.com.tr\/wp-content\/uploads\/2020\/09\/sakura.jpg 1000w, https:\/\/julesverne.com.tr\/wp-content\/uploads\/2020\/09\/sakura-500x334.jpg 500w, https:\/\/julesverne.com.tr\/wp-content\/uploads\/2020\/09\/sakura-768x512.jpg 768w\" sizes=\"(max-width: 1000px) 100vw, 1000px\" \/><\/strong><\/p>\n<p>Modern hayat\u0131 ve binlerce y\u0131ll\u0131k geleneklerini bir arada uygulayabilen Japonya her gezgin i&ccedil;in sayg\u0131 uyand\u0131ran bir destinasyon. Tarihi yap\u0131lar\u0131, fantastik k&ouml;yleri, lokal lezzetleri, gurme restoranlar\u0131, reklam panolar\u0131 ile g&ouml;zleri kama\u015ft\u0131ran geni\u015f al\u0131\u015fveri\u015f caddeleri, dillere destan parklar\u0131 ile Tokyo ve Kyoto ise Japonya&#8217;n\u0131n demirba\u015flar\u0131. Ama bu kez Tokyo ve Kyoto gezisinin odak noktas\u0131 Sakura Festivali. Japon halk\u0131 i&ccedil;in b&uuml;y&uuml;k bir de\u011feri olan ve bahar\u0131 m&uuml;jdeleyen kiraz a\u011fa&ccedil;lar\u0131n\u0131n &ccedil;i&ccedil;ek a&ccedil;t\u0131\u011f\u0131 Sakura zaman\u0131 bu \u015fehirler ger&ccedil;ek birer masal \u015fehrine d&ouml;n&uuml;\u015f&uuml;yor. Tokyo&#8217;da Ueno Onshi, Shinjuku Gyoen, Sumida, Koganei, Inokashira parklar\u0131 Sakura seyri i&ccedil;in en g&uuml;zel noktalar. Kyoto&#8217;da ise Arashiyama B&ouml;lgesi, Ninnaji Tap\u0131na\u011f\u0131, Daigoji Tap\u0131na\u011f\u0131 ve Kasagiyama Tabiat Park\u0131&#8217;nda sakuralar\u0131n g&uuml;zel g&ouml;r&uuml;nt&uuml;lerini seyredebilirsiniz.<\/p>\n<h4 style=\"text-align: center;\"><strong>1 May\u0131s 2019, &Ccedil;ar\u015famba Emek ve Dayan\u0131\u015fma G&uuml;n&uuml;<br \/><\/strong><strong>(27 Nisan &ndash; 1 May\u0131s 2019 | 5 G&uuml;n)<\/strong><\/h4>\n<p><strong>Mardin<\/strong><\/p>\n<p style=\"text-align: center;\"><strong><img loading=\"lazy\" decoding=\"async\" class=\"alignnone size-full wp-image-4061\" src=\"https:\/\/www.julesverne.com.tr\/\/wp-content\/uploads\/2020\/09\/mardin_view4_kucuk_boyut.jpg\" width=\"990\" height=\"660\" alt=\"mardin\" srcset=\"https:\/\/julesverne.com.tr\/wp-content\/uploads\/2020\/09\/mardin_view4_kucuk_boyut.jpg 990w, https:\/\/julesverne.com.tr\/wp-content\/uploads\/2020\/09\/mardin_view4_kucuk_boyut-500x333.jpg 500w, https:\/\/julesverne.com.tr\/wp-content\/uploads\/2020\/09\/mardin_view4_kucuk_boyut-768x512.jpg 768w\" sizes=\"(max-width: 990px) 100vw, 990px\" \/><\/strong><\/p>\n<p>7.000 y\u0131ll\u0131k ge&ccedil;mi\u015fiyle her soka\u011f\u0131nda y&uuml;re\u011finize dokunan bir ya\u015fanm\u0131\u015fl\u0131kla tan\u0131\u015ft\u0131\u011f\u0131n\u0131z Mardin tek kelimeyle &#8220;b&uuml;y&uuml;leyici&#8221;. Mezopotamya Ovas\u0131&rsquo;n\u0131 ayaklar\u0131n\u0131z\u0131n alt\u0131na seren, farkl\u0131 inan&ccedil;lar\u0131n, farkl\u0131 kimliklerin sevgi ve ho\u015fg&ouml;r&uuml;yle ya\u015fad\u0131\u011f\u0131 masal \u015fehri d&uuml;nya &uuml;zerine e\u015fi benzeri olmayan bir ya\u015fanm\u0131\u015fl\u0131\u011fa sahip. Sar\u0131 ta\u015f binalar\u0131n en &ccedil;ok yak\u0131\u015ft\u0131\u011f\u0131 Mardin sokaklar\u0131nda dola\u015f\u0131rken g&uuml;ler y&uuml;zl&uuml; esnaf\u0131n\u0131, masumiyetleri ve kahkahalar\u0131yla ruhunuzu g&uuml;l&uuml;mseten &ccedil;ocuklar\u0131n\u0131 an\u0131lar\u0131n\u0131zda saklay\u0131p, yan\u0131n\u0131zda g&ouml;t&uuml;rmek isteyece\u011finize eminiz. Deyrulzafaran Manast\u0131r\u0131,&nbsp; K\u0131rklar Kilisesi, Cumhuriyet Meydan\u0131, Mardin &Ccedil;ar\u015f\u0131lar\u0131, Ulucami, Deyrulumur (Mor Gabriel) Manast\u0131r\u0131, Dara \/ Anastasiopolis, Nusaybin ve S&uuml;ryani\/Ezidi K&ouml;yleri Mardin yolculu\u011funuzda ziyaret edilecek yerler aras\u0131nda olmal\u0131.<\/p>\n<p style=\"text-align: center;\"><strong>Size &ouml;zel seyahat program\u0131 ve rezervasyon i&ccedil;in:<\/strong><br \/><a href=\"mailto:travel@julesverne.com.tr\" target=\"_blank\" rel=\"noopener noreferrer\"><strong>travel@julesverne.com.tr<\/strong><\/a><br \/><strong>0212 266 6363 &#8211; 118<\/strong><\/p>\n<p><strong>Malta<\/strong><\/p>\n<p style=\"text-align: center;\"><strong><img loading=\"lazy\" decoding=\"async\" class=\"alignnone size-full wp-image-4062\" src=\"https:\/\/www.julesverne.com.tr\/\/wp-content\/uploads\/2020\/09\/malta.jpg\" width=\"1000\" height=\"667\" alt=\"malta\" srcset=\"https:\/\/julesverne.com.tr\/wp-content\/uploads\/2020\/09\/malta.jpg 1000w, https:\/\/julesverne.com.tr\/wp-content\/uploads\/2020\/09\/malta-500x334.jpg 500w, https:\/\/julesverne.com.tr\/wp-content\/uploads\/2020\/09\/malta-768x512.jpg 768w\" sizes=\"(max-width: 1000px) 100vw, 1000px\" \/><\/strong><\/p>\n<p>Yaz\u0131 ve s\u0131ca\u011f\u0131 &ouml;zleyenler i&ccedil;in erken bir yaz tatili &ouml;nerisi: Malta! D&uuml;nyadaki en eski tarih &ouml;ncesi yeralt\u0131 tap\u0131na\u011f\u0131n\u0131n yer ald\u0131\u011f\u0131, 2018 y\u0131l\u0131n\u0131n Avrupa K&uuml;lt&uuml;r Ba\u015fkenti&rsquo;ne sahip s\u0131cac\u0131k bir adada denizden &ccedil;ok daha fazlas\u0131 gizli. Sizi hayal k\u0131r\u0131kl\u0131\u011f\u0131na u\u011fratmayacak olan Malta ard\u0131 ard\u0131na s\u0131ralanan \u015fehirleri, kasabalar\u0131yla uzun mesafeler yapmadan da gezebilece\u011finiz bir konuma sahip. Y\u0131lda 3.000 saat &uuml;zerinde g&uuml;ne\u015f \u0131\u015f\u0131\u011f\u0131 alan ada, iklimi i&ccedil;in bile seyahati hak ediyor. Kristal mavi sular\u0131yla b&uuml;y&uuml;leyen adac\u0131klar\u0131, gizli plajlar\u0131 ile g&uuml;ne\u015f \u0131\u015f\u0131\u011f\u0131n\u0131n sundu\u011fu avantajlardan yararlanabilirsiniz. Tabi, 7.000 y\u0131ll\u0131k bir tarihi olan adada tarih &ouml;ncesi tap\u0131naklardan Orta&ccedil;a\u011f kentlerine kadar bir&ccedil;ok hazine de sizi bekliyor.<\/p>\n<p><strong>Lizbon<\/strong><\/p>\n<p style=\"text-align: center;\"><strong><img loading=\"lazy\" decoding=\"async\" class=\"alignnone size-full wp-image-4063\" src=\"https:\/\/www.julesverne.com.tr\/\/wp-content\/uploads\/2020\/09\/lizbon-1.jpg\" width=\"1000\" height=\"667\" alt=\"lizbon\" srcset=\"https:\/\/julesverne.com.tr\/wp-content\/uploads\/2020\/09\/lizbon-1.jpg 1000w, https:\/\/julesverne.com.tr\/wp-content\/uploads\/2020\/09\/lizbon-1-500x334.jpg 500w, https:\/\/julesverne.com.tr\/wp-content\/uploads\/2020\/09\/lizbon-1-768x512.jpg 768w\" sizes=\"(max-width: 1000px) 100vw, 1000px\" \/><\/strong><\/p>\n<p>Atlantik Okyanusu k\u0131y\u0131s\u0131nda kurulan bu zarif \u015fehir eski zaman\u0131n g&ouml;rkemli tavr\u0131 ve gelenekleriyle birlikte bir Latin masal\u0131 ya\u015fat\u0131yor gibi. Ne\u015feli, canl\u0131 ama sakin karakteriyle Avrupa&#8217;n\u0131n al\u0131\u015f\u0131lan \u015fehir dinamiklerinden ayr\u0131lan Lizbon&#8217;da etkinlikler, sergiler, bitpazarlar\u0131 hi&ccedil; bitmiyor. Tarihi mahallelerinin sizi etkisine ald\u0131\u011f\u0131 bohem havas\u0131ndan hi&ccedil; &ccedil;\u0131kmak istemeyeceksiniz. Lizbon&#8217;un en g&uuml;zel &ouml;zelli\u011fi ise m&uuml;zelerinden deniz k\u0131y\u0131s\u0131na, galerilerinden yak\u0131n mesafedeki k&ouml;ylerine kolayca ula\u015fabilecek olman\u0131z! Lizbon rotan\u0131za Serra da Estrela, Obidos, Sintra gibi kasabalar\u0131 eklemenizi \u015fiddetle tavsiye ederiz.<\/p>\n<h4 style=\"text-align: center;\"><strong>Ramazan (\u015eeker) Bayram\u0131<br \/><\/strong><strong>(1 &#8211; 9 Haziran 2019 | 9 G&uuml;n)<\/strong><\/h4>\n<p><strong>Karadeniz<\/strong><\/p>\n<p style=\"text-align: center;\"><strong><img loading=\"lazy\" decoding=\"async\" class=\"alignnone size-full wp-image-4064\" src=\"https:\/\/www.julesverne.com.tr\/\/wp-content\/uploads\/2020\/09\/karadeniz.jpg\" width=\"1000\" height=\"667\" alt=\"karadeniz\" srcset=\"https:\/\/julesverne.com.tr\/wp-content\/uploads\/2020\/09\/karadeniz.jpg 1000w, https:\/\/julesverne.com.tr\/wp-content\/uploads\/2020\/09\/karadeniz-500x334.jpg 500w, https:\/\/julesverne.com.tr\/wp-content\/uploads\/2020\/09\/karadeniz-768x512.jpg 768w\" sizes=\"(max-width: 1000px) 100vw, 1000px\" \/><\/strong><\/p>\n<p>S\u0131cak yaz g&uuml;nlerinde deniz k\u0131y\u0131s\u0131na inmek yerine mis gibi havas\u0131yla yaylalara &ccedil;\u0131kmak ve serinlemek istiyorsan\u0131z Karadeniz&#8217;den daha g&uuml;zel bir rota d&uuml;\u015f&uuml;nemiyoruz. Karadeniz \u015fehirlerini transit ge&ccedil;ip oksijene doyaca\u011f\u0131n\u0131z yaylalar\u0131na &ccedil;\u0131kt\u0131\u011f\u0131n\u0131zda sizi ger&ccedil;ekten harika manzaralar, b&uuml;y&uuml;leyici do\u011fal g&uuml;zellikler ve yemekten asla s\u0131k\u0131lmayaca\u011f\u0131n\u0131z y&ouml;resel lezzetler bekliyor. Direksiyonu &Ccedil;aml\u0131hem\u015fin&#8217;in kartpostal tad\u0131ndaki yaylalar\u0131na &ccedil;evirip mis gibi da\u011f ve orman havas\u0131 al\u0131n, yerellerle konu\u015fun ve b&ouml;lge hakk\u0131nda ba\u015fka yerlerde okuyamayaca\u011f\u0131n\u0131z bilgiler edinin, butik da\u011f otellerinde kal\u0131p ger&ccedil;ek bir Karadenizli gibi hissedin ve bol bol temiz havay\u0131 i&ccedil;inize &ccedil;ekin. Gito Yaylas\u0131, Avusor Yaylas\u0131,&nbsp; Badara Yaylas\u0131, &Ccedil;aymak&ccedil;ur Yaylas\u0131, Huser Yaylas\u0131 g&ouml;rmeden d&ouml;n&uuml;lmeyecek &ccedil;arp\u0131c\u0131 adresler. Biz Ayder Yaylas\u0131&#8217;n\u0131 fazla turistikle\u015fti\u011fi i&ccedil;in &ouml;nermesek de se&ccedil;im sizin!<\/p>\n<p><strong>Umbria<\/strong><\/p>\n<p style=\"text-align: center;\"><strong><img loading=\"lazy\" decoding=\"async\" class=\"alignnone size-full wp-image-4065\" src=\"https:\/\/www.julesverne.com.tr\/\/wp-content\/uploads\/2020\/09\/umbria.jpg\" width=\"1000\" height=\"667\" alt=\"umbria\" srcset=\"https:\/\/julesverne.com.tr\/wp-content\/uploads\/2020\/09\/umbria.jpg 1000w, https:\/\/julesverne.com.tr\/wp-content\/uploads\/2020\/09\/umbria-500x334.jpg 500w, https:\/\/julesverne.com.tr\/wp-content\/uploads\/2020\/09\/umbria-768x512.jpg 768w\" sizes=\"(max-width: 1000px) 100vw, 1000px\" \/><\/strong><\/p>\n<p>Bir zamanlar, Toskana&rsquo;n\u0131n daha az &ccedil;ekici k\u0131z karde\u015fi olarak an\u0131lan Umbria g&uuml;n&uuml;m&uuml;zde ise \u0130talya&#8217;n\u0131n &#8220;ye\u015fil kalbi&#8221; olarak en az s\u0131n\u0131r kom\u015fusu Toskana kadar bir \u015f&ouml;hrete sahip oldu. Orta \u0130talya&#8217;da konumlanan ve &uuml;lkenin en k&uuml;&ccedil;&uuml;k b&ouml;lgelerinden biri olan Umbria ayn\u0131 zamanda di\u011fer &uuml;lkelere s\u0131n\u0131r\u0131 olmayan ve k\u0131y\u0131 \u015feridi olmayan tek \u0130talyan b&ouml;lgesi. Her ne kadar Assisi, Orvieto ve Perugia \u015fehirleri ile &uuml;nl&uuml; olsa da bu b&ouml;lge &ccedil;ok daha fazlas\u0131n\u0131 sunmaya haz\u0131r. Orta&ccedil;a\u011f kiliselerinden beklenmedik do\u011fal g&uuml;zelliklere, antik kal\u0131nt\u0131lardan tepe kasabalar\u0131na kadar gizli hazineleri bar\u0131nd\u0131ran Umbria&#8217;da Gubbio, Todi, Spoleto, Norcia kasabalar\u0131 da rotan\u0131zda olmal\u0131.<\/p>\n<p><strong>Sicilya<\/strong><\/p>\n<p style=\"text-align: center;\"><strong><img loading=\"lazy\" decoding=\"async\" class=\"alignnone size-full wp-image-4066\" src=\"https:\/\/www.julesverne.com.tr\/\/wp-content\/uploads\/2020\/09\/sicilya-2.jpg\" width=\"1000\" height=\"667\" alt=\"sicilya\" srcset=\"https:\/\/julesverne.com.tr\/wp-content\/uploads\/2020\/09\/sicilya-2.jpg 1000w, https:\/\/julesverne.com.tr\/wp-content\/uploads\/2020\/09\/sicilya-2-500x334.jpg 500w, https:\/\/julesverne.com.tr\/wp-content\/uploads\/2020\/09\/sicilya-2-768x512.jpg 768w\" sizes=\"(max-width: 1000px) 100vw, 1000px\" \/><\/strong><\/p>\n<p>Akdeniz&#8217;in en b&uuml;y&uuml;k adas\u0131 Sicilya&#8217;ya seyahat etmek ve hatta tekrar tekrar gitmekten s\u0131k\u0131lmamak i&ccedil;in sebebiniz &ccedil;ok. G&uuml;n&uuml;m&uuml;zde de aktif olan Etna Yanarda\u011f\u0131, mavinin t&uuml;m tonlar\u0131n\u0131 g&ouml;rebilece\u011finiz plajlar\u0131, denizin ortas\u0131nda y&uuml;kselen adac\u0131klar\u0131 ve binlerce y\u0131ld\u0131r ev sahipli\u011fi yapt\u0131\u011f\u0131 medeniyetlerden geriye kalan tarihi kasabalar\u0131 ve tarihi eserleri!&nbsp;As\u0131rlar boyu Akdeniz&#8217;in ticari ve k&uuml;lt&uuml;rel kav\u015fa\u011f\u0131 olan Sicilya&#8217;da bu zenginli\u011fi ya\u015fam k&uuml;lt&uuml;r&uuml;nde de g&ouml;rebilirsiniz. Kendinize Taormina&#8217;dan Cefalu&#8217;ya, Palermo&#8217;dan Siracusa&#8217;ya, Ragusa&#8217;dan Noto&#8217;ya olduk&ccedil;a zengin ve dolu dolu bir rota &ccedil;\u0131karabilirsiniz.<\/p>\n<h4 style=\"text-align: center;\"><strong>15 Temmuz 2019, Pazartesi Demokrasi Zaferi ve \u015eehitleri Anma<br \/><\/strong><strong>(13 Temmuz &ndash; 15 Temmuz 2019 | 3 G&uuml;n)<\/strong><\/h4>\n<p><strong>Mykonos<\/strong><\/p>\n<p style=\"text-align: center;\"><strong><img loading=\"lazy\" decoding=\"async\" class=\"alignnone size-full wp-image-4067\" src=\"https:\/\/www.julesverne.com.tr\/\/wp-content\/uploads\/2020\/09\/mykonos-1.jpg\" width=\"1000\" height=\"667\" alt=\"mykonos\" srcset=\"https:\/\/julesverne.com.tr\/wp-content\/uploads\/2020\/09\/mykonos-1.jpg 1000w, https:\/\/julesverne.com.tr\/wp-content\/uploads\/2020\/09\/mykonos-1-500x334.jpg 500w, https:\/\/julesverne.com.tr\/wp-content\/uploads\/2020\/09\/mykonos-1-768x512.jpg 768w\" sizes=\"(max-width: 1000px) 100vw, 1000px\" \/><\/strong><\/p>\n<p>Yaz, parti, deniz, g&uuml;nbat\u0131m\u0131 ve Yunan adas\u0131: 5 anahtar kelimenin cevab\u0131 elbette Mykonos! Yaz aylar\u0131nda art\u0131k kap\u0131 kom\u015fumuz haline gelen, direkt u&ccedil;u\u015flarla ula\u015f\u0131m kolayl\u0131\u011f\u0131 sa\u011flayan pop&uuml;ler Mykonos Adas\u0131, Kiklad tak\u0131madalar\u0131n\u0131n en \u0131\u015f\u0131lt\u0131l\u0131 adresi. Hem ailelere, hem romantik &ccedil;iftlere hem de parti hayat\u0131 arayan gen&ccedil; ruhlulara apayr\u0131 d&uuml;nyalar sunabilen Mykonos, Yunanistan&#8217;\u0131n St Tropez&#8217;i. Alemagou, Nammos ve Scorpios&#8217;un plaj partileri, Remezzo Restaurant ve Liasti Beach&#8217;in g&uuml;nbat\u0131mlar\u0131 ve &ccedil;ok daha fazlas\u0131yla uzun y\u0131llar daha radar\u0131m\u0131zda olacak.<\/p>\n<p style=\"text-align: center;\"><strong>Size &ouml;zel seyahat program\u0131 ve rezervasyon i&ccedil;in:<\/strong><br \/><a href=\"mailto:travel@julesverne.com.tr\" target=\"_blank\" rel=\"noopener noreferrer\"><strong>travel@julesverne.com.tr<\/strong><\/a><br \/><strong>0212 266 6363 &#8211; 118<\/strong><\/p>\n<p><strong>Stockholm<\/strong><\/p>\n<p style=\"text-align: center;\"><strong><img loading=\"lazy\" decoding=\"async\" class=\"alignnone size-full wp-image-4068\" src=\"https:\/\/www.julesverne.com.tr\/\/wp-content\/uploads\/2020\/09\/stockholm-2.jpg\" width=\"1000\" height=\"667\" alt=\"stockholm\" srcset=\"https:\/\/julesverne.com.tr\/wp-content\/uploads\/2020\/09\/stockholm-2.jpg 1000w, https:\/\/julesverne.com.tr\/wp-content\/uploads\/2020\/09\/stockholm-2-500x334.jpg 500w, https:\/\/julesverne.com.tr\/wp-content\/uploads\/2020\/09\/stockholm-2-768x512.jpg 768w\" sizes=\"(max-width: 1000px) 100vw, 1000px\" \/><\/strong><\/p>\n<p>\u0130skandinavya&#8217;n\u0131n modern ve cazibesini artt\u0131ran ba\u015fkenti Stockholm&#8217;de &uuml;\u015f&uuml;meden dola\u015fmak istiyorsan\u0131z, &uuml;lkemizdeki bunalt\u0131c\u0131 yaz s\u0131caklar\u0131ndan ka&ccedil;mak i&ccedil;in de harika bir f\u0131rsat. 14 ada &uuml;zerine kurulan Stockholm&#8217;de tela\u015fa kap\u0131lmadan gezmenin ve farkl\u0131 bir k&uuml;lt&uuml;r ke\u015ffetmenin tad\u0131n\u0131 &ccedil;\u0131karabilirsiniz. \u015eehrin parklar\u0131nda piknik yap\u0131p keyif yapabilir, S&ouml;dermalm Adas\u0131&#8217;nda y&uuml;r&uuml;y&uuml;\u015fe &ccedil;\u0131kabilir, yaz boyunca konserler d&uuml;zenlenen Gr&ouml;na Lund&#8217;da m&uuml;zi\u011fe teslim olabilirsiniz. Ayn\u0131 zamanda bu adada piknik yapabilir, y&uuml;zebilir ve adan\u0131n pop&uuml;ler kul&uuml;b&uuml; Tr&auml;dg&aring;rden&#8217;de e\u011flenebilirsiniz. Sanata doymak i&ccedil;in rotan\u0131z\u0131 t&uuml;m m&uuml;zelerin bulundu\u011fu Djurg&aring;rden&#8217;e &ccedil;evirebilirsiniz.<\/p>\n<p><strong>Naxos<\/strong><\/p>\n<p style=\"text-align: center;\"><strong><img loading=\"lazy\" decoding=\"async\" class=\"alignnone size-full wp-image-4069\" src=\"https:\/\/www.julesverne.com.tr\/\/wp-content\/uploads\/2020\/09\/naxos.jpg\" width=\"1000\" height=\"591\" alt=\"naxos\" srcset=\"https:\/\/julesverne.com.tr\/wp-content\/uploads\/2020\/09\/naxos.jpg 1000w, https:\/\/julesverne.com.tr\/wp-content\/uploads\/2020\/09\/naxos-500x296.jpg 500w, https:\/\/julesverne.com.tr\/wp-content\/uploads\/2020\/09\/naxos-768x454.jpg 768w\" sizes=\"(max-width: 1000px) 100vw, 1000px\" \/><\/strong><\/p>\n<p>Kiklad tak\u0131madalar\u0131n\u0131n en b&uuml;y&uuml;\u011f&uuml; olan ve T&uuml;rk&ccedil;e&#8217;de Nak\u015fa olarak bildi\u011fimiz Naxos, kurak Yunan adalar\u0131n\u0131n aksine c&ouml;mert ye\u015filli\u011fi ile \u015fa\u015f\u0131rt\u0131yor. Yunanistan&#8217;\u0131n en g&uuml;zel adalar\u0131ndan biri say\u0131lan ve binlerce y\u0131ll\u0131k tarihiyle de bir yaz destinasyonu olman\u0131n &ouml;tesine ge&ccedil;en Naxos, Mykonos&#8217;a g&ouml;re daha sakin, daha g&ouml;steri\u015ften uzak bir karaktere sahip. Tarihi kiliseleri ve manast\u0131rlar\u0131, Venedik kaleleri, tepelere kurulmu\u015f k&ouml;yleri ve kald\u0131\u011f\u0131n\u0131z k&ouml;ylerden kolayca ula\u015fabilece\u011finiz plajlar\u0131yla tam bir yaz rotas\u0131.<\/p>\n<h4 style=\"text-align: center;\"><strong>Kurban Bayram\u0131<br \/><\/strong><strong>(10-14 A\u011fustos 2019 | 5 G&uuml;n)<\/strong><\/h4>\n<p><strong>\u0130rlanda<\/strong><\/p>\n<p style=\"text-align: center;\"><strong><img loading=\"lazy\" decoding=\"async\" class=\"alignnone size-full wp-image-4070\" src=\"https:\/\/www.julesverne.com.tr\/\/wp-content\/uploads\/2020\/09\/ireland.jpg\" width=\"1000\" height=\"667\" alt=\"irlanda\" srcset=\"https:\/\/julesverne.com.tr\/wp-content\/uploads\/2020\/09\/ireland.jpg 1000w, https:\/\/julesverne.com.tr\/wp-content\/uploads\/2020\/09\/ireland-500x334.jpg 500w, https:\/\/julesverne.com.tr\/wp-content\/uploads\/2020\/09\/ireland-768x512.jpg 768w\" sizes=\"(max-width: 1000px) 100vw, 1000px\" \/><\/strong><\/p>\n<p>Tarih &ouml;ncesi ve \u0130lk&ccedil;a\u011f d&ouml;neminde Avrupa&#8217;da ya\u015fayan ve g&uuml;n&uuml;m&uuml;zde alt\u0131 ulustan olu\u015fan Keltler&#8217;in gizemli bir tarih b\u0131rakt\u0131\u011f\u0131 \u0130rlanda, y&uuml;z&ouml;l&ccedil;&uuml;m&uuml; k&uuml;&ccedil;&uuml;k zenginli\u011fi b&uuml;y&uuml;k bir rota. K&uuml;&ccedil;&uuml;k bir ada &uuml;lkesi olmas\u0131na ra\u011fmen g&ouml;rkemli tarihi, do\u011fal g&uuml;zellikleri, canl\u0131 k&uuml;lt&uuml;r&uuml; ve tabii ki e\u011flence dolu olmas\u0131yla \u015fa\u015f\u0131rtan \u0130rlanda s\u0131cak yaz g&uuml;nlerinde serin bir tatilin cazip adresi. Avrupa&#8217;n\u0131n en hareketli \u015fehirlerinden Dublin, barlar\u0131 ve restoranlar\u0131yla son y\u0131llarda radarlar\u0131m\u0131za tak\u0131lan Belfast ve Cork ile yeni maceralara at\u0131lma zaman\u0131! Kilkenny, Cliffs of Moher, The Burren, Galway, Connemara, Clifden&rsquo;\u0131 \u0130rlanda road trip rotan\u0131za eklemek isteyebilirsiniz.<\/p>\n<p><strong>Bhutan<\/strong><\/p>\n<p style=\"text-align: center;\"><strong><img loading=\"lazy\" decoding=\"async\" class=\"alignnone size-full wp-image-4071\" src=\"https:\/\/www.julesverne.com.tr\/\/wp-content\/uploads\/2020\/09\/bhutan.jpg\" width=\"1000\" height=\"667\" alt=\"bhutan\" srcset=\"https:\/\/julesverne.com.tr\/wp-content\/uploads\/2020\/09\/bhutan.jpg 1000w, https:\/\/julesverne.com.tr\/wp-content\/uploads\/2020\/09\/bhutan-500x334.jpg 500w, https:\/\/julesverne.com.tr\/wp-content\/uploads\/2020\/09\/bhutan-768x512.jpg 768w\" sizes=\"(max-width: 1000px) 100vw, 1000px\" \/><\/strong><\/p>\n<p>Sanskrit&ccedil;ede &ldquo;Tibet&rsquo;in Sonu&rdquo; anlam\u0131na gelen Bhutan, Himalayalar&rsquo;\u0131n do\u011fusunda, &Ccedil;in ile Hindistan aras\u0131nda kalan tam bir da\u011f krall\u0131\u011f\u0131.&nbsp; D\u0131\u015f d&uuml;nyaya kap\u0131lar\u0131n\u0131 ilk kez 1974 y\u0131l\u0131nda a&ccedil;an &uuml;lke, ya\u015fad\u0131\u011f\u0131n\u0131z hayat ko\u015fu\u015fturmas\u0131ndan uzakla\u015fman\u0131n en yal\u0131n, en g&uuml;ler y&uuml;zl&uuml; noktas\u0131. Budizm&rsquo;in &uuml;&ccedil; ana kolundan biri olan ve Hint yar\u0131madas\u0131ndan yay\u0131lan Mahayana Budist k&uuml;lt&uuml;r&uuml; resmi olarak uygulayan tek &uuml;lke Bhutan&rsquo;da Budizm&rsquo;in en saf hali ya\u015fan\u0131yor. Dinginli\u011fi, huzuru ve mutlu insanlar\u0131 ile bir r&uuml;yay\u0131 an\u0131msatan Bhutan&rsquo;\u0131n bu safl\u0131\u011f\u0131 kendi k&uuml;lt&uuml;r&uuml;ne, do\u011fas\u0131na ve inan&ccedil;lar\u0131na ba\u011fl\u0131 olmas\u0131ndan geliyor.<\/p>\n<p><strong>Paros &ndash; Antiparos<\/strong><\/p>\n<p style=\"text-align: center;\"><strong><img loading=\"lazy\" decoding=\"async\" class=\"alignnone size-full wp-image-4072\" src=\"https:\/\/www.julesverne.com.tr\/\/wp-content\/uploads\/2020\/09\/paros-2.jpg\" width=\"1000\" height=\"601\" alt=\"paros\" srcset=\"https:\/\/julesverne.com.tr\/wp-content\/uploads\/2020\/09\/paros-2.jpg 1000w, https:\/\/julesverne.com.tr\/wp-content\/uploads\/2020\/09\/paros-2-500x301.jpg 500w, https:\/\/julesverne.com.tr\/wp-content\/uploads\/2020\/09\/paros-2-768x462.jpg 768w\" sizes=\"(max-width: 1000px) 100vw, 1000px\" \/><\/strong><\/p>\n<p>Atina&#8217;dan birka&ccedil; saatlik feribot yolculu\u011fu ile ula\u015fabilece\u011finiz Paros, Kiklad adalar\u0131 aras\u0131ndan bekleyece\u011finiz her \u015feye sahip olan mucize ada konumunda. Beyaz badanal\u0131 k&ouml;yleri, mavi kubbeli kiliseleri, sar\u0131 kumlu plajlar\u0131, taverna masalar\u0131 ile renklenen bal\u0131k&ccedil;\u0131 limanlar\u0131, hareketli barlar ve kafeleriyle denizin ortas\u0131nda kendi h&uuml;k&uuml;mdarl\u0131\u011f\u0131n\u0131 ilan etmi\u015f gibi! Baz\u0131 Yunan adalar\u0131n\u0131n aksine b&uuml;t&uuml;nl&uuml;\u011f&uuml;n&uuml; ve otantikli\u011fini korumay\u0131 ba\u015faran Paros kadar, Paros&#8217;tan dar bir kanal ile ayr\u0131lan Antiparos&#8217;a da mutlaka zaman ay\u0131rmal\u0131s\u0131n\u0131z. Paros&#8217;a g&ouml;re daha sakin ve bakir olan ada &ouml;zellikle son birka&ccedil; y\u0131lda a&ccedil;\u0131lan harika restoranlar\u0131 ve haval\u0131 barlar\u0131yla y&uuml;kseli\u015fte!<\/p>\n<h4 style=\"text-align: center;\"><strong>29 Ekim 2019, Sal\u0131 Cumhuriyet Bayram\u0131<br \/><\/strong><strong>(26 &ndash; 29 Ekim 2019 | 4 G&uuml;n)<\/strong><\/h4>\n<p><strong>Eceabat &ndash; Gelibolu<\/strong><\/p>\n<p style=\"text-align: center;\"><strong><img loading=\"lazy\" decoding=\"async\" class=\"alignnone size-full wp-image-4073\" src=\"https:\/\/www.julesverne.com.tr\/\/wp-content\/uploads\/2020\/09\/eceabat-2.jpg\" width=\"1280\" height=\"767\" alt=\"eceabat\" srcset=\"https:\/\/julesverne.com.tr\/wp-content\/uploads\/2020\/09\/eceabat-2.jpg 1280w, https:\/\/julesverne.com.tr\/wp-content\/uploads\/2020\/09\/eceabat-2-500x300.jpg 500w, https:\/\/julesverne.com.tr\/wp-content\/uploads\/2020\/09\/eceabat-2-768x460.jpg 768w\" sizes=\"(max-width: 1280px) 100vw, 1280px\" \/><\/strong><\/p>\n<p>Tarih, do\u011fa ve \u015farap tad\u0131mlar\u0131n\u0131 birle\u015ftirip harika bir &uuml;&ccedil;leme olu\u015fturabilece\u011finiz Eceabat-Gelibolu, sonbahar\u0131n son g&uuml;nlerinde harika manzaralar e\u015fli\u011finde sakin, huzur veren bir tatil vaat ediyor. Troia, Helenler, Roma ve Bizans gibi tarihe iz b\u0131rakan medeniyetlerin ya\u015fad\u0131\u011f\u0131,&nbsp; &ldquo;Hep birlikte \u015fahadete ko\u015fal\u0131m ki, vatan kurtulsun.&rdquo; s&ouml;z&uuml;yle kaderimizi de\u011fi\u015ftiren sava\u015f\u0131n askerlerinden Y&uuml;zba\u015f\u0131 Kemal Bey&#8217;in emeklerinin yatt\u0131\u011f\u0131 Eceabat topraklar\u0131&#8230; Bir yanda Troia ve &Ccedil;anakkale Sava\u015f\u0131 ile d&uuml;nya tarihini de\u011fi\u015ftiren; bir yanda yeniden ye\u015feren ba\u011fc\u0131l\u0131\u011f\u0131 ile umut vaat eden Eceabat \u015fehirden ka&ccedil;man\u0131n en g&uuml;zel hali. &Ccedil;anakkale Destan\u0131&#8217;n\u0131n yaz\u0131ld\u0131\u011f\u0131 Gelibolu rotalar\u0131n\u0131 gezdikten sonra Troya M&uuml;zesi&#8217;nde u\u011framay\u0131, Suvla ve Porta Caeli ba\u011flar\u0131n\u0131 ziyaret etmeyi de unutmay\u0131n.<\/p>\n<p><strong>Milano &ndash; Como G&ouml;l&uuml; &ndash; Lugano G&ouml;l&uuml;<\/strong><\/p>\n<p style=\"text-align: center;\"><strong><img loading=\"lazy\" decoding=\"async\" class=\"alignnone size-full wp-image-4074\" src=\"https:\/\/www.julesverne.com.tr\/\/wp-content\/uploads\/2020\/09\/lugano_lake.jpg\" width=\"1000\" height=\"665\" alt=\"lugano g&ouml;l&uuml;\" srcset=\"https:\/\/julesverne.com.tr\/wp-content\/uploads\/2020\/09\/lugano_lake.jpg 1000w, https:\/\/julesverne.com.tr\/wp-content\/uploads\/2020\/09\/lugano_lake-500x333.jpg 500w, https:\/\/julesverne.com.tr\/wp-content\/uploads\/2020\/09\/lugano_lake-768x511.jpg 768w\" sizes=\"(max-width: 1000px) 100vw, 1000px\" \/><\/strong><\/p>\n<p>\u0130talya&#8217;n\u0131n moda ve tasar\u0131m merkezi Milano&#8217;da \u015f\u0131kl\u0131\u011f\u0131 her k&ouml;\u015fe ba\u015f\u0131nda hissedece\u011finiz bir ke\u015ffe &ccedil;\u0131k\u0131p h\u0131z\u0131n\u0131z\u0131 alamay\u0131p kendinizi do\u011fa ve zenginli\u011fe vermek i&ccedil;in Como G&ouml;l&uuml; ve Lugano G&ouml;l&uuml;&#8217;ne do\u011fru seyahatinizi uzatmal\u0131s\u0131n\u0131z. Zaman\u0131n &ouml;tesinde bir g&uuml;zelli\u011fi olan ve &ccedil;ekicili\u011fini hi&ccedil;bir zaman yitirmeyen Como G&ouml;l&uuml;, Milano yak\u0131nlar\u0131ndaki do\u011fal cennetin ger&ccedil;e\u011fe d&ouml;n&uuml;\u015fm&uuml;\u015f hali. Kartpostal gibi duran malik&acirc;nelerin, d&uuml;zenli k&ouml;ylerin ve huzurun h&uuml;k&uuml;m s&uuml;rd&uuml;\u011f&uuml; Como G&ouml;l&uuml;&#8217;nden sonra trene atlay\u0131p bu kez \u0130svi&ccedil;re s\u0131n\u0131rlar\u0131 i&ccedil;erisindeki Lugano G&ouml;l&uuml;&#8217;ne devam edebilirsiniz. G&ouml;l&uuml;n etraf\u0131n\u0131 saran parklar\u0131, farkl\u0131 karakterlere sahip kasabalar\u0131yla Lugano, her an\u0131n\u0131 haf\u0131zan\u0131za kaydetmek isteyece\u011finiz manzaralar sunuyor.<\/p>\n<p><strong>\u0130zmir<br \/><\/strong><em><strong>\u015eirince &#8211; Torbal\u0131 &#8211; Urla Rotas\u0131<\/strong><\/em><\/p>\n<p style=\"text-align: center;\"><strong><img loading=\"lazy\" decoding=\"async\" class=\"alignnone size-full wp-image-4075\" src=\"https:\/\/www.julesverne.com.tr\/\/wp-content\/uploads\/2020\/09\/key_museum.jpg\" width=\"1024\" height=\"683\" alt=\"key museum\" srcset=\"https:\/\/julesverne.com.tr\/wp-content\/uploads\/2020\/09\/key_museum.jpg 1024w, https:\/\/julesverne.com.tr\/wp-content\/uploads\/2020\/09\/key_museum-500x333.jpg 500w, https:\/\/julesverne.com.tr\/wp-content\/uploads\/2020\/09\/key_museum-768x512.jpg 768w\" sizes=\"(max-width: 1024px) 100vw, 1024px\" \/><\/strong><\/p>\n<p>G&uuml;zel havalara veda etmeden &ouml;nce \u0130zmir ve &ccedil;evresindeki g&uuml;zellikleri ke\u015ffetmenin, Ege huzurunu ya\u015faman\u0131n zaman\u0131d\u0131r. Son y\u0131llarda artan n&uuml;fusu ile sakin \u015fehir alg\u0131s\u0131ndan giderek uzakla\u015fsa da, \u0130zmir hala acelesi olmayanlar\u0131n, zaman\u0131 kendi y&ouml;netenlerin \u015fehri. Bu 29 Ekim tatilinde Atat&uuml;rk&rsquo;&uuml;n Evi&rsquo;ni ziyaret edip, Cumhuriyet insan\u0131 olman\u0131n fark\u0131n\u0131 sonuna kadar hissedece\u011finiz \u0130zmir&rsquo;i bir de civar rotalarla ke\u015ffedin! A\u011fa&ccedil;lar\u0131n &ccedil;evreledi\u011fi tepelere kurulan geleneksel k&ouml;y evleriyle kartpostal\u0131 and\u0131ran \u015eirince, antik d&ouml;nemin en &ouml;nemli uygarl\u0131k, k&uuml;lt&uuml;r, bilim ve sanat merkezlerinden biri olan Efes Antik Kenti, T&uuml;rkiye&#8217;nin en b&uuml;y&uuml;k otomobil m&uuml;zesi olan Key Museum mutlaka g&ouml;r&uuml;lmeli. E\u011fer zaman\u0131n\u0131z varsa, \u0130zmir&rsquo;in sofistike &ccedil;ocu\u011fu Urla&rsquo;ya da gidebilirsiniz. \u015earaba ilginiz varsa, yeni yeni g&uuml;&ccedil;lenen Urla Ba\u011f Rotas\u0131&rsquo;ndaki ba\u011f evlerini ziyaret edebilirsiniz. Urlice, USCA, MMG, Urla ve Mozaik \u015earap&ccedil;\u0131l\u0131k ile Urla Ba\u011f evi ba\u011f rotas\u0131n\u0131n duraklar\u0131.<\/p>\n<p style=\"text-align: center;\"><strong>Size &ouml;zel seyahat program\u0131 ve rezervasyon i&ccedil;in:<\/strong><br \/><a href=\"mailto:travel@julesverne.com.tr\" target=\"_blank\" rel=\"noopener noreferrer\"><strong>travel@julesverne.com.tr<\/strong><\/a><br \/><strong>0212 266 6363 &#8211; 118<\/strong><\/p><\/p>\n","protected":false},"excerpt":{"rendered":"<p>2019 y\u0131l\u0131 resmi tatil g&uuml;nleri de bu ke\u015fifler i&ccedil;in ka&ccedil;\u0131r\u0131lmayacak f\u0131rsatlar sunuyor. 2019 resmi tatil ve bayram g&uuml;nlerini de\u011ferlendirerek ger&ccedil;ekle\u015ftirebilece\u011finiz seyahat alternatiflerini sizler i&ccedil;in haz\u0131rlad\u0131k. Karadeniz yaylalar\u0131ndan &Uuml;rd&uuml;n&rsquo;e, Yunan Adalar\u0131&rsquo;ndan Bhutan&rsquo;a, Mardin&rsquo;den Lizbon&rsquo;a, \u0130rlanda&rsquo;dan Tokyo&rsquo;ya 2019 resmi tatil seyahat &ouml;nerileri&hellip;<\/p>\n","protected":false},"author":1,"featured_media":2041,"comment_status":"closed","ping_status":"closed","sticky":false,"template":"","format":"standard","meta":{"inline_featured_image":false,"footnotes":""},"categories":[1,39],"tags":[],"acf":[],"yoast_head":"<!-- This site is optimized with the Yoast SEO plugin v22.3 - https:\/\/yoast.com\/wordpress\/plugins\/seo\/ -->\n<title>2019 Y\u0131l\u0131 Resmi Tatil G\u00fcnleri ve Bayram Tatillerine G\u00f6re Seyahat \u00d6nerileri - JULES VERNE BUSINESS MICE TRAVEL<\/title>\n<meta name=\"robots\" content=\"index, follow, max-snippet:-1, max-image-preview:large, max-video-preview:-1\" \/>\n<link rel=\"canonical\" href=\"https:\/\/julesverne.com.tr\/travel-blog\/2019-yili-resmi-tatil-gunleri-ve-bayram-tatillerine-gore-seyahat-onerileri\/\" \/>\n<meta property=\"og:locale\" content=\"en_US\" \/>\n<meta property=\"og:type\" content=\"article\" \/>\n<meta property=\"og:title\" content=\"2019 Y\u0131l\u0131 Resmi Tatil G\u00fcnleri ve Bayram Tatillerine G\u00f6re Seyahat \u00d6nerileri - JULES VERNE BUSINESS MICE TRAVEL\" \/>\n<meta property=\"og:description\" content=\"2019 y\u0131l\u0131 resmi tatil g&uuml;nleri de bu ke\u015fifler i&ccedil;in ka&ccedil;\u0131r\u0131lmayacak f\u0131rsatlar sunuyor. 2019 resmi tatil ve bayram g&uuml;nlerini de\u011ferlendirerek ger&ccedil;ekle\u015ftirebilece\u011finiz seyahat alternatiflerini sizler i&ccedil;in haz\u0131rlad\u0131k. Karadeniz yaylalar\u0131ndan &Uuml;rd&uuml;n&rsquo;e, Yunan Adalar\u0131&rsquo;ndan Bhutan&rsquo;a, Mardin&rsquo;den Lizbon&rsquo;a, \u0130rlanda&rsquo;dan Tokyo&rsquo;ya 2019 resmi tatil seyahat &ouml;nerileri&hellip;\" \/>\n<meta property=\"og:url\" content=\"https:\/\/julesverne.com.tr\/travel-blog\/2019-yili-resmi-tatil-gunleri-ve-bayram-tatillerine-gore-seyahat-onerileri\/\" \/>\n<meta property=\"og:site_name\" content=\"JULES VERNE BUSINESS MICE TRAVEL\" \/>\n<meta property=\"article:publisher\" content=\"https:\/\/www.facebook.com\/JulesVerneBusinessMiceTravel\/\" \/>\n<meta property=\"article:published_time\" content=\"2019-01-04T06:55:26+00:00\" \/>\n<meta property=\"article:modified_time\" content=\"2021-03-04T11:53:59+00:00\" \/>\n<meta property=\"og:image\" content=\"https:\/\/julesverne.com.tr\/wp-content\/uploads\/2020\/09\/paros.jpg\" \/>\n\t<meta property=\"og:image:width\" content=\"1000\" \/>\n\t<meta property=\"og:image:height\" content=\"601\" \/>\n\t<meta property=\"og:image:type\" content=\"image\/jpeg\" \/>\n<meta name=\"author\" content=\"fikirman\" \/>\n<meta name=\"twitter:card\" content=\"summary_large_image\" \/>\n<meta name=\"twitter:creator\" content=\"@JV_BusinessMice\" \/>\n<meta name=\"twitter:site\" content=\"@JV_BusinessMice\" \/>\n<meta name=\"twitter:label1\" content=\"Written by\" \/>\n\t<meta name=\"twitter:data1\" content=\"fikirman\" \/>\n\t<meta name=\"twitter:label2\" content=\"Est. reading time\" \/>\n\t<meta name=\"twitter:data2\" content=\"15 minutes\" \/>\n<script type=\"application\/ld+json\" class=\"yoast-schema-graph\">{\"@context\":\"https:\/\/schema.org\",\"@graph\":[{\"@type\":\"Article\",\"@id\":\"https:\/\/julesverne.com.tr\/travel-blog\/2019-yili-resmi-tatil-gunleri-ve-bayram-tatillerine-gore-seyahat-onerileri\/#article\",\"isPartOf\":{\"@id\":\"https:\/\/julesverne.com.tr\/travel-blog\/2019-yili-resmi-tatil-gunleri-ve-bayram-tatillerine-gore-seyahat-onerileri\/\"},\"author\":{\"name\":\"fikirman\",\"@id\":\"https:\/\/julesverne.com.tr\/#\/schema\/person\/f4eb0514ae455538644c31b99a466fdb\"},\"headline\":\"2019 Y\u0131l\u0131 Resmi Tatil G\u00fcnleri ve Bayram Tatillerine G\u00f6re Seyahat \u00d6nerileri\",\"datePublished\":\"2019-01-04T06:55:26+00:00\",\"dateModified\":\"2021-03-04T11:53:59+00:00\",\"mainEntityOfPage\":{\"@id\":\"https:\/\/julesverne.com.tr\/travel-blog\/2019-yili-resmi-tatil-gunleri-ve-bayram-tatillerine-gore-seyahat-onerileri\/\"},\"wordCount\":3011,\"publisher\":{\"@id\":\"https:\/\/julesverne.com.tr\/#organization\"},\"image\":{\"@id\":\"https:\/\/julesverne.com.tr\/travel-blog\/2019-yili-resmi-tatil-gunleri-ve-bayram-tatillerine-gore-seyahat-onerileri\/#primaryimage\"},\"thumbnailUrl\":\"https:\/\/julesverne.com.tr\/wp-content\/uploads\/2020\/09\/paros.jpg\",\"articleSection\":[\"Blog\",\"Nereye Gitsek?\"],\"inLanguage\":\"en-US\"},{\"@type\":\"WebPage\",\"@id\":\"https:\/\/julesverne.com.tr\/travel-blog\/2019-yili-resmi-tatil-gunleri-ve-bayram-tatillerine-gore-seyahat-onerileri\/\",\"url\":\"https:\/\/julesverne.com.tr\/travel-blog\/2019-yili-resmi-tatil-gunleri-ve-bayram-tatillerine-gore-seyahat-onerileri\/\",\"name\":\"2019 Y\u0131l\u0131 Resmi Tatil G\u00fcnleri ve Bayram Tatillerine G\u00f6re Seyahat \u00d6nerileri - JULES VERNE BUSINESS MICE TRAVEL\",\"isPartOf\":{\"@id\":\"https:\/\/julesverne.com.tr\/#website\"},\"primaryImageOfPage\":{\"@id\":\"https:\/\/julesverne.com.tr\/travel-blog\/2019-yili-resmi-tatil-gunleri-ve-bayram-tatillerine-gore-seyahat-onerileri\/#primaryimage\"},\"image\":{\"@id\":\"https:\/\/julesverne.com.tr\/travel-blog\/2019-yili-resmi-tatil-gunleri-ve-bayram-tatillerine-gore-seyahat-onerileri\/#primaryimage\"},\"thumbnailUrl\":\"https:\/\/julesverne.com.tr\/wp-content\/uploads\/2020\/09\/paros.jpg\",\"datePublished\":\"2019-01-04T06:55:26+00:00\",\"dateModified\":\"2021-03-04T11:53:59+00:00\",\"breadcrumb\":{\"@id\":\"https:\/\/julesverne.com.tr\/travel-blog\/2019-yili-resmi-tatil-gunleri-ve-bayram-tatillerine-gore-seyahat-onerileri\/#breadcrumb\"},\"inLanguage\":\"en-US\",\"potentialAction\":[{\"@type\":\"ReadAction\",\"target\":[\"https:\/\/julesverne.com.tr\/travel-blog\/2019-yili-resmi-tatil-gunleri-ve-bayram-tatillerine-gore-seyahat-onerileri\/\"]}]},{\"@type\":\"ImageObject\",\"inLanguage\":\"en-US\",\"@id\":\"https:\/\/julesverne.com.tr\/travel-blog\/2019-yili-resmi-tatil-gunleri-ve-bayram-tatillerine-gore-seyahat-onerileri\/#primaryimage\",\"url\":\"https:\/\/julesverne.com.tr\/wp-content\/uploads\/2020\/09\/paros.jpg\",\"contentUrl\":\"https:\/\/julesverne.com.tr\/wp-content\/uploads\/2020\/09\/paros.jpg\",\"width\":1000,\"height\":601},{\"@type\":\"BreadcrumbList\",\"@id\":\"https:\/\/julesverne.com.tr\/travel-blog\/2019-yili-resmi-tatil-gunleri-ve-bayram-tatillerine-gore-seyahat-onerileri\/#breadcrumb\",\"itemListElement\":[{\"@type\":\"ListItem\",\"position\":1,\"name\":\"Anasayfa\",\"item\":\"https:\/\/julesverne.com.tr\/\"},{\"@type\":\"ListItem\",\"position\":2,\"name\":\"2019 Y\u0131l\u0131 Resmi Tatil G\u00fcnleri ve Bayram Tatillerine G\u00f6re Seyahat \u00d6nerileri\"}]},{\"@type\":\"WebSite\",\"@id\":\"https:\/\/julesverne.com.tr\/#website\",\"url\":\"https:\/\/julesverne.com.tr\/\",\"name\":\"JULES VERNE BUSINESS MICE TRAVEL\",\"description\":\"\",\"publisher\":{\"@id\":\"https:\/\/julesverne.com.tr\/#organization\"},\"potentialAction\":[{\"@type\":\"SearchAction\",\"target\":{\"@type\":\"EntryPoint\",\"urlTemplate\":\"https:\/\/julesverne.com.tr\/?s={search_term_string}\"},\"query-input\":\"required name=search_term_string\"}],\"inLanguage\":\"en-US\"},{\"@type\":\"Organization\",\"@id\":\"https:\/\/julesverne.com.tr\/#organization\",\"name\":\"JULES VERNE BUSINESS MICE TRAVEL\",\"url\":\"https:\/\/julesverne.com.tr\/\",\"logo\":{\"@type\":\"ImageObject\",\"inLanguage\":\"en-US\",\"@id\":\"https:\/\/julesverne.com.tr\/#\/schema\/logo\/image\/\",\"url\":\"https:\/\/julesverne.com.tr\/wp-content\/uploads\/2020\/09\/jv-bmt-logo.png\",\"contentUrl\":\"https:\/\/julesverne.com.tr\/wp-content\/uploads\/2020\/09\/jv-bmt-logo.png\",\"width\":110,\"height\":81,\"caption\":\"JULES VERNE BUSINESS MICE TRAVEL\"},\"image\":{\"@id\":\"https:\/\/julesverne.com.tr\/#\/schema\/logo\/image\/\"},\"sameAs\":[\"https:\/\/www.facebook.com\/JulesVerneBusinessMiceTravel\/\",\"https:\/\/twitter.com\/JV_BusinessMice\",\"https:\/\/www.instagram.com\/julesvernebusinessmicetravel\/\",\"https:\/\/www.linkedin.com\/company\/julesvernebusinessmicetravel\/\",\"https:\/\/www.youtube.com\/channel\/UCAwdsmbZ6tFhu1tea6pkpiw\"]},{\"@type\":\"Person\",\"@id\":\"https:\/\/julesverne.com.tr\/#\/schema\/person\/f4eb0514ae455538644c31b99a466fdb\",\"name\":\"fikirman\",\"sameAs\":[\"http:\/\/advermedya.net\/julesverne\"],\"url\":\"https:\/\/julesverne.com.tr\/en\/author\/fikirman\/\"}]}<\/script>\n<!-- \/ Yoast SEO plugin. -->","yoast_head_json":{"title":"2019 Y\u0131l\u0131 Resmi Tatil G\u00fcnleri ve Bayram Tatillerine G\u00f6re Seyahat \u00d6nerileri - JULES VERNE BUSINESS MICE TRAVEL","robots":{"index":"index","follow":"follow","max-snippet":"max-snippet:-1","max-image-preview":"max-image-preview:large","max-video-preview":"max-video-preview:-1"},"canonical":"https:\/\/julesverne.com.tr\/travel-blog\/2019-yili-resmi-tatil-gunleri-ve-bayram-tatillerine-gore-seyahat-onerileri\/","og_locale":"en_US","og_type":"article","og_title":"2019 Y\u0131l\u0131 Resmi Tatil G\u00fcnleri ve Bayram Tatillerine G\u00f6re Seyahat \u00d6nerileri - JULES VERNE BUSINESS MICE TRAVEL","og_description":"2019 y\u0131l\u0131 resmi tatil g&uuml;nleri de bu ke\u015fifler i&ccedil;in ka&ccedil;\u0131r\u0131lmayacak f\u0131rsatlar sunuyor. 2019 resmi tatil ve bayram g&uuml;nlerini de\u011ferlendirerek ger&ccedil;ekle\u015ftirebilece\u011finiz seyahat alternatiflerini sizler i&ccedil;in haz\u0131rlad\u0131k. Karadeniz yaylalar\u0131ndan &Uuml;rd&uuml;n&rsquo;e, Yunan Adalar\u0131&rsquo;ndan Bhutan&rsquo;a, Mardin&rsquo;den Lizbon&rsquo;a, \u0130rlanda&rsquo;dan Tokyo&rsquo;ya 2019 resmi tatil seyahat &ouml;nerileri&hellip;","og_url":"https:\/\/julesverne.com.tr\/travel-blog\/2019-yili-resmi-tatil-gunleri-ve-bayram-tatillerine-gore-seyahat-onerileri\/","og_site_name":"JULES VERNE BUSINESS MICE TRAVEL","article_publisher":"https:\/\/www.facebook.com\/JulesVerneBusinessMiceTravel\/","article_published_time":"2019-01-04T06:55:26+00:00","article_modified_time":"2021-03-04T11:53:59+00:00","og_image":[{"width":1000,"height":601,"url":"https:\/\/julesverne.com.tr\/wp-content\/uploads\/2020\/09\/paros.jpg","type":"image\/jpeg"}],"author":"fikirman","twitter_card":"summary_large_image","twitter_creator":"@JV_BusinessMice","twitter_site":"@JV_BusinessMice","twitter_misc":{"Written by":"fikirman","Est. reading time":"15 minutes"},"schema":{"@context":"https:\/\/schema.org","@graph":[{"@type":"Article","@id":"https:\/\/julesverne.com.tr\/travel-blog\/2019-yili-resmi-tatil-gunleri-ve-bayram-tatillerine-gore-seyahat-onerileri\/#article","isPartOf":{"@id":"https:\/\/julesverne.com.tr\/travel-blog\/2019-yili-resmi-tatil-gunleri-ve-bayram-tatillerine-gore-seyahat-onerileri\/"},"author":{"name":"fikirman","@id":"https:\/\/julesverne.com.tr\/#\/schema\/person\/f4eb0514ae455538644c31b99a466fdb"},"headline":"2019 Y\u0131l\u0131 Resmi Tatil G\u00fcnleri ve Bayram Tatillerine G\u00f6re Seyahat \u00d6nerileri","datePublished":"2019-01-04T06:55:26+00:00","dateModified":"2021-03-04T11:53:59+00:00","mainEntityOfPage":{"@id":"https:\/\/julesverne.com.tr\/travel-blog\/2019-yili-resmi-tatil-gunleri-ve-bayram-tatillerine-gore-seyahat-onerileri\/"},"wordCount":3011,"publisher":{"@id":"https:\/\/julesverne.com.tr\/#organization"},"image":{"@id":"https:\/\/julesverne.com.tr\/travel-blog\/2019-yili-resmi-tatil-gunleri-ve-bayram-tatillerine-gore-seyahat-onerileri\/#primaryimage"},"thumbnailUrl":"https:\/\/julesverne.com.tr\/wp-content\/uploads\/2020\/09\/paros.jpg","articleSection":["Blog","Nereye Gitsek?"],"inLanguage":"en-US"},{"@type":"WebPage","@id":"https:\/\/julesverne.com.tr\/travel-blog\/2019-yili-resmi-tatil-gunleri-ve-bayram-tatillerine-gore-seyahat-onerileri\/","url":"https:\/\/julesverne.com.tr\/travel-blog\/2019-yili-resmi-tatil-gunleri-ve-bayram-tatillerine-gore-seyahat-onerileri\/","name":"2019 Y\u0131l\u0131 Resmi Tatil G\u00fcnleri ve Bayram Tatillerine G\u00f6re Seyahat \u00d6nerileri - JULES VERNE BUSINESS MICE TRAVEL","isPartOf":{"@id":"https:\/\/julesverne.com.tr\/#website"},"primaryImageOfPage":{"@id":"https:\/\/julesverne.com.tr\/travel-blog\/2019-yili-resmi-tatil-gunleri-ve-bayram-tatillerine-gore-seyahat-onerileri\/#primaryimage"},"image":{"@id":"https:\/\/julesverne.com.tr\/travel-blog\/2019-yili-resmi-tatil-gunleri-ve-bayram-tatillerine-gore-seyahat-onerileri\/#primaryimage"},"thumbnailUrl":"https:\/\/julesverne.com.tr\/wp-content\/uploads\/2020\/09\/paros.jpg","datePublished":"2019-01-04T06:55:26+00:00","dateModified":"2021-03-04T11:53:59+00:00","breadcrumb":{"@id":"https:\/\/julesverne.com.tr\/travel-blog\/2019-yili-resmi-tatil-gunleri-ve-bayram-tatillerine-gore-seyahat-onerileri\/#breadcrumb"},"inLanguage":"en-US","potentialAction":[{"@type":"ReadAction","target":["https:\/\/julesverne.com.tr\/travel-blog\/2019-yili-resmi-tatil-gunleri-ve-bayram-tatillerine-gore-seyahat-onerileri\/"]}]},{"@type":"ImageObject","inLanguage":"en-US","@id":"https:\/\/julesverne.com.tr\/travel-blog\/2019-yili-resmi-tatil-gunleri-ve-bayram-tatillerine-gore-seyahat-onerileri\/#primaryimage","url":"https:\/\/julesverne.com.tr\/wp-content\/uploads\/2020\/09\/paros.jpg","contentUrl":"https:\/\/julesverne.com.tr\/wp-content\/uploads\/2020\/09\/paros.jpg","width":1000,"height":601},{"@type":"BreadcrumbList","@id":"https:\/\/julesverne.com.tr\/travel-blog\/2019-yili-resmi-tatil-gunleri-ve-bayram-tatillerine-gore-seyahat-onerileri\/#breadcrumb","itemListElement":[{"@type":"ListItem","position":1,"name":"Anasayfa","item":"https:\/\/julesverne.com.tr\/"},{"@type":"ListItem","position":2,"name":"2019 Y\u0131l\u0131 Resmi Tatil G\u00fcnleri ve Bayram Tatillerine G\u00f6re Seyahat \u00d6nerileri"}]},{"@type":"WebSite","@id":"https:\/\/julesverne.com.tr\/#website","url":"https:\/\/julesverne.com.tr\/","name":"JULES VERNE BUSINESS MICE TRAVEL","description":"","publisher":{"@id":"https:\/\/julesverne.com.tr\/#organization"},"potentialAction":[{"@type":"SearchAction","target":{"@type":"EntryPoint","urlTemplate":"https:\/\/julesverne.com.tr\/?s={search_term_string}"},"query-input":"required name=search_term_string"}],"inLanguage":"en-US"},{"@type":"Organization","@id":"https:\/\/julesverne.com.tr\/#organization","name":"JULES VERNE BUSINESS MICE TRAVEL","url":"https:\/\/julesverne.com.tr\/","logo":{"@type":"ImageObject","inLanguage":"en-US","@id":"https:\/\/julesverne.com.tr\/#\/schema\/logo\/image\/","url":"https:\/\/julesverne.com.tr\/wp-content\/uploads\/2020\/09\/jv-bmt-logo.png","contentUrl":"https:\/\/julesverne.com.tr\/wp-content\/uploads\/2020\/09\/jv-bmt-logo.png","width":110,"height":81,"caption":"JULES VERNE BUSINESS MICE TRAVEL"},"image":{"@id":"https:\/\/julesverne.com.tr\/#\/schema\/logo\/image\/"},"sameAs":["https:\/\/www.facebook.com\/JulesVerneBusinessMiceTravel\/","https:\/\/twitter.com\/JV_BusinessMice","https:\/\/www.instagram.com\/julesvernebusinessmicetravel\/","https:\/\/www.linkedin.com\/company\/julesvernebusinessmicetravel\/","https:\/\/www.youtube.com\/channel\/UCAwdsmbZ6tFhu1tea6pkpiw"]},{"@type":"Person","@id":"https:\/\/julesverne.com.tr\/#\/schema\/person\/f4eb0514ae455538644c31b99a466fdb","name":"fikirman","sameAs":["http:\/\/advermedya.net\/julesverne"],"url":"https:\/\/julesverne.com.tr\/en\/author\/fikirman\/"}]}},"_links":{"self":[{"href":"https:\/\/julesverne.com.tr\/en\/wp-json\/wp\/v2\/posts\/2040"}],"collection":[{"href":"https:\/\/julesverne.com.tr\/en\/wp-json\/wp\/v2\/posts"}],"about":[{"href":"https:\/\/julesverne.com.tr\/en\/wp-json\/wp\/v2\/types\/post"}],"author":[{"embeddable":true,"href":"https:\/\/julesverne.com.tr\/en\/wp-json\/wp\/v2\/users\/1"}],"replies":[{"embeddable":true,"href":"https:\/\/julesverne.com.tr\/en\/wp-json\/wp\/v2\/comments?post=2040"}],"version-history":[{"count":0,"href":"https:\/\/julesverne.com.tr\/en\/wp-json\/wp\/v2\/posts\/2040\/revisions"}],"wp:featuredmedia":[{"embeddable":true,"href":"https:\/\/julesverne.com.tr\/en\/wp-json\/wp\/v2\/media\/2041"}],"wp:attachment":[{"href":"https:\/\/julesverne.com.tr\/en\/wp-json\/wp\/v2\/media?parent=2040"}],"wp:term":[{"taxonomy":"category","embeddable":true,"href":"https:\/\/julesverne.com.tr\/en\/wp-json\/wp\/v2\/categories?post=2040"},{"taxonomy":"post_tag","embeddable":true,"href":"https:\/\/julesverne.com.tr\/en\/wp-json\/wp\/v2\/tags?post=2040"}],"curies":[{"name":"wp","href":"https:\/\/api.w.org\/{rel}","templated":true}]}}