{"id":2026,"date":"2018-11-28T10:47:26","date_gmt":"2018-11-28T07:47:26","guid":{"rendered":"https:\/\/www.julesverne.com.tr\/\/blog\/aralik-ayinin-en-keyifili-destinasyonlari\/"},"modified":"2021-03-04T15:16:17","modified_gmt":"2021-03-04T12:16:17","slug":"aralik-ayinin-en-keyifili-destinasyonlari","status":"publish","type":"post","link":"https:\/\/julesverne.com.tr\/en\/travel-blog\/aralik-ayinin-en-keyifili-destinasyonlari\/","title":{"rendered":"Aral\u0131k Ay\u0131n\u0131n En Keyifili Destinasyonlar\u0131"},"content":{"rendered":"<p><p style=\"text-align: center;\"><img loading=\"lazy\" decoding=\"async\" class=\"alignnone size-full wp-image-4164\" src=\"https:\/\/www.julesverne.com.tr\/\/wp-content\/uploads\/2020\/09\/prag_sehir.jpg\" width=\"800\" height=\"533\" alt=\"prag\" srcset=\"https:\/\/julesverne.com.tr\/wp-content\/uploads\/2020\/09\/prag_sehir.jpg 800w, https:\/\/julesverne.com.tr\/wp-content\/uploads\/2020\/09\/prag_sehir-500x333.jpg 500w, https:\/\/julesverne.com.tr\/wp-content\/uploads\/2020\/09\/prag_sehir-768x512.jpg 768w\" sizes=\"(max-width: 800px) 100vw, 800px\" \/><\/p>\n<p>Y\u0131l\u0131n son ay\u0131n\u0131 seyahatle sonland\u0131rmak ister misiniz? Yeni y\u0131l co\u015fkusu yakla\u015fm\u0131\u015fken y\u0131lba\u015f\u0131 dekorlar\u0131 ile renklenen \u015fehirlerden, egzotik adalara kadar farkl\u0131 &ouml;nerilerle kar\u015f\u0131n\u0131zday\u0131z. Viyana&#8217;n\u0131n Noel pazarlar\u0131ndan Londra&#8217;n\u0131n g&ouml;rkemli caddelerine; Dubai&#8217;nin s\u0131cak kumsallar\u0131ndan Laos&#8217;un s&ouml;m&uuml;rge mimarisi izlerini ta\u015f\u0131yan \u015fehirlerine; Norve&ccedil;&#8217;te Kuzey I\u015f\u0131klar\u0131 deneyiminden Hindistan&#8217;\u0131n bohem ruhu Goa&#8217;ya uzanan &#8220;Aral\u0131k Ay\u0131 Rotalar\u0131&rdquo;&hellip;<\/p>\n<p><strong>Edinburgh, \u0130sko&ccedil;ya<\/strong><\/p>\n<p style=\"text-align: center;\"><strong><img loading=\"lazy\" decoding=\"async\" class=\"alignnone size-full wp-image-4165\" src=\"https:\/\/www.julesverne.com.tr\/\/wp-content\/uploads\/2020\/09\/edinburgh.jpg\" width=\"900\" height=\"600\" alt=\"edinburgh\" srcset=\"https:\/\/julesverne.com.tr\/wp-content\/uploads\/2020\/09\/edinburgh.jpg 900w, https:\/\/julesverne.com.tr\/wp-content\/uploads\/2020\/09\/edinburgh-500x333.jpg 500w, https:\/\/julesverne.com.tr\/wp-content\/uploads\/2020\/09\/edinburgh-768x512.jpg 768w\" sizes=\"(max-width: 900px) 100vw, 900px\" \/><\/strong><\/p>\n<p>Y\u0131l\u0131n herhangi bir zaman\u0131nda ziyaret etmek i&ccedil;in b&uuml;y&uuml;leyici, tarihi bir \u015fehir olan Edinburgh, Aral\u0131k ay\u0131nda &ouml;zellikle daha \u015fenlikli bir hal al\u0131yor. \u015eehrin Arnavut kald\u0131r\u0131ml\u0131 sokaklar\u0131nda y&uuml;r&uuml;rken sanki Orta&ccedil;a\u011f g&uuml;nlerine gidiyorsunuz. Ma\u011fazalar, kafeler ve m&uuml;zelerle &ccedil;evrili Royal Mile, 12. y&uuml;zy\u0131lda in\u015fa edilen ve \u015fehre bakan dramatik siluetiyle Edinburg Kalesi Edinbrugh&rsquo;u sevmeniz i&ccedil;in yeterli asl\u0131nda. Ama bu \u015fehirde daha fazlas\u0131 var! Yeni y\u0131l ruhunu yakalamak isteyen gezginler i&ccedil;in Aral\u0131k ay\u0131 Edinburgh i&ccedil;in festival zaman\u0131 diyebiliriz. Bina ve a\u011fa&ccedil; \u0131\u015f\u0131kland\u0131rmalar\u0131yla masals\u0131 bir g&ouml;r&uuml;n&uuml;m kazanan <em><strong>Royal Botanic Garden<\/strong><\/em>, <em><strong>P<\/strong><strong>rinces Street Gardens<\/strong><\/em> ve <em><strong>George Street&#8217;<\/strong><\/em>te kurulan Noel pazarlar\u0131 yeni y\u0131l co\u015fkusunu ya\u015fat\u0131yor. Noel pazarlar\u0131 aras\u0131nda ve renkli sokaklar\u0131nda dola\u015f\u0131rken &ldquo;ale&rdquo; biralar\u0131, fish&amp;cips&#8217;i, sebze &ccedil;orbas\u0131 &#8220;Haggis&#8221;i, sebzeli et yeme\u011fi &#8220;Shepherd&rsquo;s pie&#8221;\u0131, tala\u015f b&ouml;re\u011fini and\u0131ran &ldquo;Cornish Pasty&rdquo;\u0131 yemeyi ihmal etmeyin.<\/p>\n<p><strong>Viyana, Avusturya<\/strong><\/p>\n<p style=\"text-align: center;\"><img loading=\"lazy\" decoding=\"async\" class=\"alignnone size-full wp-image-4166\" src=\"https:\/\/www.julesverne.com.tr\/\/wp-content\/uploads\/2020\/09\/viyana-1.jpg\" width=\"900\" height=\"600\" alt=\"viyana\" srcset=\"https:\/\/julesverne.com.tr\/wp-content\/uploads\/2020\/09\/viyana-1.jpg 900w, https:\/\/julesverne.com.tr\/wp-content\/uploads\/2020\/09\/viyana-1-500x333.jpg 500w, https:\/\/julesverne.com.tr\/wp-content\/uploads\/2020\/09\/viyana-1-768x512.jpg 768w\" sizes=\"(max-width: 900px) 100vw, 900px\" \/><\/p>\n<p>So\u011fu\u011fa ald\u0131r\u0131\u015f etmeden Aral\u0131k ay\u0131nda yapaca\u011f\u0131n\u0131z bir Viyana seyahati, hayat\u0131n\u0131z boyunca unutamayaca\u011f\u0131n\u0131z bir deneyime d&ouml;n&uuml;\u015febilir. B&uuml;y&uuml;l&uuml; Noel pazarlar\u0131, klasik konserler, b&uuml;y&uuml;l&uuml; ve s&uuml;sl&uuml; saraylarla ger&ccedil;ek&uuml;st&uuml; bir atmosfer sunuyor. Yeni y\u0131l co\u015fkusu ile daha da g&ouml;rkemli hal alan Viyana, y\u0131l\u0131n bu d&ouml;neminde haval\u0131 filmleri and\u0131r\u0131yor.<\/p>\n<p>T&uuml;m \u015fehri saran Noel pazarlar\u0131 aras\u0131ndan keyfinize g&ouml;re se&ccedil;ip, gezme l&uuml;ks&uuml;n&uuml;z var. Tabi bizim &ouml;nerimiz hepsini gezip, Noel ruhunu ya\u015faman\u0131z! &Ouml;zellikle <em><strong>City Hall<\/strong><\/em>&nbsp;&ouml;n&uuml;ne kurulan devasa y\u0131lba\u015f\u0131 a\u011fac\u0131 etraf\u0131nda kurulan Noel pazar\u0131 buz pateni, ah\u015fap kul&uuml;beleri, atl\u0131kar\u0131ncas\u0131yla Santa&#8217;n\u0131n evinden farks\u0131z! Barlara, restoranlara ve galerilere ev sahipli\u011fi yapan dar sokaklar aras\u0131nda yer alan Spittelberg&#8217;deki pazar, \u015fampanyan\u0131z\u0131 yudumlay\u0131p vitrin gezmek i&ccedil;in &ccedil;ok cazip. <em><strong>Christmas Village at Belvedere Palace<\/strong><\/em> ise Barok mimarisinin g&ouml;rkemiyle g&ouml;zleri kama\u015ft\u0131r\u0131yor.<\/p>\n<p><strong>Tromso, Norve&ccedil;<\/strong><\/p>\n<p style=\"text-align: center;\"><strong><img loading=\"lazy\" decoding=\"async\" class=\"alignnone size-full wp-image-4167\" src=\"https:\/\/www.julesverne.com.tr\/\/wp-content\/uploads\/2020\/09\/tromso-1.jpg\" width=\"900\" height=\"541\" alt=\"tromso\" srcset=\"https:\/\/julesverne.com.tr\/wp-content\/uploads\/2020\/09\/tromso-1.jpg 900w, https:\/\/julesverne.com.tr\/wp-content\/uploads\/2020\/09\/tromso-1-500x301.jpg 500w, https:\/\/julesverne.com.tr\/wp-content\/uploads\/2020\/09\/tromso-1-768x462.jpg 768w\" sizes=\"(max-width: 900px) 100vw, 900px\" \/><\/strong><\/p>\n<p>Kuzey Kutup Dairesi&#8217;nin 200 mil kuzeyinde yer alan Norve&ccedil; k\u0131y\u0131 kenti Tromso, Aral\u0131k ay\u0131nda harikalar diyar\u0131na d&ouml;n&uuml;\u015f&uuml;yor. G&uuml;ne\u015fin kendini g&ouml;stermedi\u011fi kutup g&uuml;nlerinde Kuzey I\u015f\u0131klar\u0131n\u0131 g&ouml;rme \u015fans\u0131n\u0131n y&uuml;ksek oldu\u011fu Tromso&#8217;de rotan\u0131z\u0131 fiyort manzaral\u0131 da\u011flara do\u011fru &ccedil;evirmek en iyisi. Peki, Kuzey I\u015f\u0131klar\u0131 d\u0131\u015f\u0131nda Tromso&rsquo;de ne yap\u0131l\u0131r? K&uuml;&ccedil;&uuml;k bir \u015fehir olan Tromso&rsquo;de caddeler genelde birbirine ba\u011flant\u0131l\u0131, yani kaybolma ihtimaliniz yok diyebiliriz. Modern mimarisi ile <em><strong>Arctic Cathedral<\/strong><\/em>, kuzey \u0131\u015f\u0131klar\u0131 belgeseli ve k&uuml;resel \u0131s\u0131nma gibi konulara de\u011finen, mimarisi ile dikkat &ccedil;eken <em><strong>The Polaria Arctic Experience Center and Aquarium<\/strong><\/em>, Kuzey Norve&ccedil; hakk\u0131nda ilgi &ccedil;ekici bilgiler veren, insana odaklanan <strong><em>Polar Museum<\/em><\/strong>, ikonik mimarisiyle <em><strong>Troms&oslash; Public Library<\/strong><\/em>, Kuzeyli sanat&ccedil;\u0131lara odaklanan <em><strong>Nordnorsk Kunstmuseum<\/strong><\/em>, \u015fehrin en pop&uuml;ler caddesi <em><strong>Storgata<\/strong><\/em> ve<em><strong> liman b&ouml;lgesi<\/strong> <\/em>g&ouml;rece\u011finiz yerler aras\u0131nda.<\/p>\n<p><strong>Goa, Hindistan<\/strong><\/p>\n<p style=\"text-align: center;\"><strong><img loading=\"lazy\" decoding=\"async\" class=\"alignnone size-full wp-image-4168\" src=\"https:\/\/www.julesverne.com.tr\/\/wp-content\/uploads\/2020\/09\/goa.jpg\" width=\"900\" height=\"600\" alt=\"\" srcset=\"https:\/\/julesverne.com.tr\/wp-content\/uploads\/2020\/09\/goa.jpg 900w, https:\/\/julesverne.com.tr\/wp-content\/uploads\/2020\/09\/goa-500x333.jpg 500w, https:\/\/julesverne.com.tr\/wp-content\/uploads\/2020\/09\/goa-768x512.jpg 768w\" sizes=\"(max-width: 900px) 100vw, 900px\" \/><\/strong><\/p>\n<p>Aral\u0131k&#8217;ta Goa, bir ba\u015fkad\u0131r! Hem tatil hem e\u011flence d&uuml;\u015fk&uuml;n&uuml; olanlar\u0131n vazge&ccedil;ilmezi Goa, k\u0131\u015f ortas\u0131nda yaz\u0131 ya\u015famak isteyenler i&ccedil;in bir cennet. &Ouml;zellikle hippilerin yery&uuml;z&uuml;ndeki s\u0131\u011f\u0131na\u011f\u0131 olarak bilinen Goa, Portekiz s&ouml;m&uuml;rgesi alt\u0131nda ge&ccedil;irdi\u011fi uzun y\u0131llar sonunda da harika bir s&ouml;m&uuml;rge mimarisine sahip. Hint dilinde &#8220;uzun &ccedil;imen&#8221; anlam\u0131na gelen Goa zengin bitki &ouml;rt&uuml;s&uuml;yle ad\u0131n\u0131n hakk\u0131n\u0131 veriyor. Kuzey ve G&uuml;ney Goa olarak ikiye ayr\u0131lan eyalette Kuzey Goa, Aral\u0131k ve Ocak aylar\u0131nda d&uuml;zenlenen partileriyle; G&uuml;ney Goa ise bembeyaz kumsallar\u0131 ve deniziyle me\u015fhur. Tabi, Aral\u0131k&#8217;ta g&uuml;zel bir havada yeni y\u0131l ruhu nas\u0131l olur diyorsan\u0131z plajlardaki partiler, Noel a\u011fa&ccedil;lar\u0131 ve s&uuml;slemeler size cevap olacakt\u0131r.<\/p>\n<p><strong>Prag, &Ccedil;ek Cumhuriyeti<\/strong><\/p>\n<p style=\"text-align: center;\"><strong><img loading=\"lazy\" decoding=\"async\" class=\"alignnone size-full wp-image-4169\" src=\"https:\/\/www.julesverne.com.tr\/\/wp-content\/uploads\/2020\/09\/prag-1.jpg\" width=\"900\" height=\"600\" alt=\"\" srcset=\"https:\/\/julesverne.com.tr\/wp-content\/uploads\/2020\/09\/prag-1.jpg 900w, https:\/\/julesverne.com.tr\/wp-content\/uploads\/2020\/09\/prag-1-500x333.jpg 500w, https:\/\/julesverne.com.tr\/wp-content\/uploads\/2020\/09\/prag-1-768x512.jpg 768w\" sizes=\"(max-width: 900px) 100vw, 900px\" \/><\/strong><\/p>\n<p>Tarihi k&ouml;pr&uuml;leri, kale manzaras\u0131, tarihi sokaklar ve y&uuml;zlerce y\u0131ll\u0131k tarihe sahip binalar&#8230; Bu hik&acirc;yeye bir de kar manzaras\u0131 ekledi\u011fimizde sonu&ccedil;: Prag! K\u0131\u015f aylar\u0131n\u0131n en romantik \u015fehirlerinden biri olan Prag &ouml;zellikle kar ya\u011fd\u0131\u011f\u0131nda bir masala d&ouml;n&uuml;\u015f&uuml;yor. <em><strong>Old Town Square<\/strong><\/em> ve <em><strong>Wenceslas Square<\/strong><\/em>&#8216;de kurulan g&ouml;steri\u015fli iki ana Noel pazar\u0131 kadar <em><strong>Republic Square,&nbsp; Havel&#8217;s Market, Kampa Island, St. George&#8217;s Basilica<\/strong> <\/em>&ouml;n&uuml;nde kurulan k&uuml;&ccedil;&uuml;k Noel pazarlar\u0131n\u0131 gezmeyi ihmal etmeyin. Aral\u0131k ay\u0131nda hava so\u011fuk olunca Prag&#8217;\u0131n g&ouml;steri\u015fli mek&acirc;nlar\u0131 daha da &ouml;ne &ccedil;\u0131k\u0131yor. Yeme\u011finizi yiyip, i&ccedil;kinizi yudumlarken bu haval\u0131 ortamlar\u0131n da tad\u0131n\u0131 &ccedil;\u0131kar\u0131n.<\/p>\n<p><strong>Kambo&ccedil;ya &amp; Laos<\/strong><\/p>\n<p style=\"text-align: center;\"><strong><img loading=\"lazy\" decoding=\"async\" class=\"alignnone size-full wp-image-4170\" src=\"https:\/\/www.julesverne.com.tr\/\/wp-content\/uploads\/2020\/09\/kambocya.jpg\" width=\"900\" height=\"600\" alt=\"kambo&ccedil;ya\" srcset=\"https:\/\/julesverne.com.tr\/wp-content\/uploads\/2020\/09\/kambocya.jpg 900w, https:\/\/julesverne.com.tr\/wp-content\/uploads\/2020\/09\/kambocya-500x333.jpg 500w, https:\/\/julesverne.com.tr\/wp-content\/uploads\/2020\/09\/kambocya-768x512.jpg 768w\" sizes=\"(max-width: 900px) 100vw, 900px\" \/><\/strong><\/p>\n<p>G&uuml;neydo\u011fu Asya seyahati i&ccedil;in hava durumuna bakacak olursak Aral\u0131k, en g&uuml;zel ay! Tatil sezonunun ba\u015flamas\u0131yla daha da hareketlenen Kambo&ccedil;ya ve Laos &uuml;lkelerini birle\u015ftirerek harika bir rota olu\u015fturabilirsiniz. Laos, 19.y&uuml;zy\u0131lda Frans\u0131z s&ouml;m&uuml;rgesi olup, Amerika bombard\u0131manlar\u0131na maruz kalan yorgun bir &uuml;lke olsa da g&uuml;l&uuml;msemesini yitirmemi\u015f. Tap\u0131naklar\u0131, s&ouml;m&uuml;rge \u015fehirleri, mutlu bir tela\u015f\u0131n oldu\u011fu caddeleriyle ba\u015fka bir d&uuml;nyan\u0131n kap\u0131lar\u0131n\u0131 aralam\u0131\u015f gibi.<\/p>\n<p style=\"text-align: center;\"><img loading=\"lazy\" decoding=\"async\" class=\"alignnone size-full wp-image-4171\" src=\"https:\/\/www.julesverne.com.tr\/\/wp-content\/uploads\/2020\/09\/laos-2.jpg\" width=\"900\" height=\"506\" alt=\"\" srcset=\"https:\/\/julesverne.com.tr\/wp-content\/uploads\/2020\/09\/laos-2.jpg 900w, https:\/\/julesverne.com.tr\/wp-content\/uploads\/2020\/09\/laos-2-500x281.jpg 500w, https:\/\/julesverne.com.tr\/wp-content\/uploads\/2020\/09\/laos-2-768x432.jpg 768w, https:\/\/julesverne.com.tr\/wp-content\/uploads\/2020\/09\/laos-2-400x225.jpg 400w\" sizes=\"(max-width: 900px) 100vw, 900px\" \/><\/p>\n<p>Kambo&ccedil;ya i&ccedil;in G&uuml;neydo\u011fu Asya&#8217;n\u0131n s\u0131ra d\u0131\u015f\u0131 ve gizemli &uuml;lkesi diyebiliriz. Tap\u0131naklar \u015fehri <em><strong>Siem Reap<\/strong><\/em>, heybeti ve b&uuml;y&uuml;kl&uuml;\u011f&uuml;yle me\u015fhur <em><strong>Angkor Vat Tap\u0131na\u011f\u0131<\/strong><\/em>,&nbsp; K\u0131mer \u0130mparatorlu\u011fu&rsquo;nun son ba\u015fkent<strong><em>i Angkor Thom<\/em><\/strong>, turkuaz mavi deniziyle <em><strong>Koh Rong Samloem<\/strong><\/em> bu &uuml;lkeyi sevmek i&ccedil;in yeterli asl\u0131nda.&nbsp;<\/p>\n<p><strong>Zermatt, \u0130svi&ccedil;re<\/strong><\/p>\n<p style=\"text-align: center;\"><strong><img loading=\"lazy\" decoding=\"async\" class=\"alignnone size-full wp-image-4172\" src=\"https:\/\/www.julesverne.com.tr\/\/wp-content\/uploads\/2020\/09\/zermatt-1.jpg\" width=\"863\" height=\"552\" alt=\"zetmatt\" srcset=\"https:\/\/julesverne.com.tr\/wp-content\/uploads\/2020\/09\/zermatt-1.jpg 863w, https:\/\/julesverne.com.tr\/wp-content\/uploads\/2020\/09\/zermatt-1-500x320.jpg 500w, https:\/\/julesverne.com.tr\/wp-content\/uploads\/2020\/09\/zermatt-1-768x491.jpg 768w\" sizes=\"(max-width: 863px) 100vw, 863px\" \/><\/strong><\/p>\n<p>\u0130svi&ccedil;re&#8217;nin &uuml;nl&uuml; kayak merkezi Zermatt ayn\u0131 zamanda bahar ve yaz aylar\u0131nda sundu\u011fu do\u011fa manzaralar\u0131n\u0131n da kalbi. Cenevre, Milano ve Z&uuml;rih&#8217;ten yakla\u015f\u0131k 250 km mesafede yer alan Zermatt, Mattehorn da\u011f\u0131 yamac\u0131nda nefes kesen manzaralar\u0131 ile &uuml;nl&uuml;. Hem spor aktiviteleri hem de kayak d\u0131\u015f\u0131 aktiviteleriyle herkesi mutlu eden Zermatt, Noel zaman\u0131 ise k\u0131\u015f masallar\u0131ndan f\u0131rlam\u0131\u015f gibi duruyor. Kasaba merkezinde kurulan Noel a\u011fac\u0131, \u0131\u015f\u0131kl\u0131 atl\u0131 k\u0131zaklar\u0131, ma\u011faza s&uuml;slemeleriyle ger&ccedil;ek mi hayal mi ay\u0131rt etmek zor! E\u011fer ba\u015flang\u0131&ccedil; seviyesi de\u011filseniz Zermatt&#8217;ta her seviyeye uygun pist mevcut, tek sorun derin bir vadide yer alan Zermatt&#8217;ta pistlere ula\u015f\u0131m\u0131n biraz zahmetli olmas\u0131.<\/p>\n<p><strong>Dubai, BAE<\/strong><\/p>\n<p style=\"text-align: center;\"><strong><img loading=\"lazy\" decoding=\"async\" class=\"alignnone size-full wp-image-4173\" src=\"https:\/\/www.julesverne.com.tr\/\/wp-content\/uploads\/2020\/09\/dubai.jpg\" width=\"900\" height=\"600\" alt=\"dubai\" srcset=\"https:\/\/julesverne.com.tr\/wp-content\/uploads\/2020\/09\/dubai.jpg 900w, https:\/\/julesverne.com.tr\/wp-content\/uploads\/2020\/09\/dubai-500x333.jpg 500w, https:\/\/julesverne.com.tr\/wp-content\/uploads\/2020\/09\/dubai-768x512.jpg 768w\" sizes=\"(max-width: 900px) 100vw, 900px\" \/><\/strong><\/p>\n<p>K\u0131\u015f mevsimi ve s\u0131cak destinasyon yan yana geldi\u011finde akla ilk gelen rota elbette Dubai&hellip; &Ccedil;&ouml;l &uuml;zerine kurulan g&ouml;steri\u015fli ve zengin ya\u015fam\u0131 her gideni etkisi alt\u0131na almay\u0131 ba\u015far\u0131rken a\u015f\u0131r\u0131 s\u0131caklar\u0131n yerini 20-25 &ordm;C&rsquo;lere b\u0131rakt\u0131\u011f\u0131 Aral\u0131k-Ocak aylar\u0131 daha da cazip oluyor. 6 \u015feritli geni\u015f yollar\u0131, g&ouml;ky&uuml;z&uuml;n&uuml;n sonsuzlu\u011fu ile yar\u0131\u015fan haval\u0131 g&ouml;kdelenleri, l&uuml;ks tan\u0131m\u0131n\u0131 yeniden d&uuml;\u015f&uuml;nd&uuml;rten otelleri, gece hayat\u0131, gurme restoranlar\u0131, i&ccedil;erisinde bile araca ihtiya&ccedil; duyaca\u011f\u0131n\u0131z b&uuml;y&uuml;kl&uuml;kteki &ccedil;\u0131lg\u0131n al\u0131\u015fveri\u015f merkezleri, aktivite parklar\u0131yla bilgisayar oyunlar\u0131ndaki dev e\u011flence parklar\u0131n\u0131 and\u0131r\u0131yor. Aral\u0131k&rsquo;ta deniz keyfi yap\u0131p, g&uuml;ne\u015fin alt\u0131nda dinlenmek isteyenlerin de &ccedil;ocuklar\u0131yla e\u011flenceli ve bol aktiviteli zaman ge&ccedil;irmek isteyenlerin de ortak adresi hep ayn\u0131&hellip;<\/p>\n<p><strong>Londra, \u0130ngiltere<\/strong><\/p>\n<p style=\"text-align: center;\"><strong><img loading=\"lazy\" decoding=\"async\" class=\"alignnone size-full wp-image-4174\" src=\"https:\/\/www.julesverne.com.tr\/\/wp-content\/uploads\/2020\/09\/londra-2.jpg\" width=\"900\" height=\"597\" alt=\"londra\" srcset=\"https:\/\/julesverne.com.tr\/wp-content\/uploads\/2020\/09\/londra-2.jpg 900w, https:\/\/julesverne.com.tr\/wp-content\/uploads\/2020\/09\/londra-2-500x332.jpg 500w, https:\/\/julesverne.com.tr\/wp-content\/uploads\/2020\/09\/londra-2-768x509.jpg 768w\" sizes=\"(max-width: 900px) 100vw, 900px\" \/><\/strong><\/p>\n<p>Londra her zaman ba\u015ftan &ccedil;\u0131kar\u0131c\u0131 olsa da Aral\u0131k ay\u0131 bu kozmopolit \u015fehir i&ccedil;in en b&uuml;y&uuml;l&uuml; d&ouml;nemin ba\u015flang\u0131c\u0131&#8230; T&uuml;m meydanlar\u0131n, sokaklar\u0131n Noel \u0131\u015f\u0131kland\u0131rmalar\u0131 ve s&uuml;sleriyle renklendi\u011fi Londra&#8217;da sokak etkinlikleri, g&ouml;steriler ve korolar da eksik olmuyor. Hyde Park&#8217;ta her y\u0131l kurulan <em><strong>Winter Wonderland<\/strong><\/em>, hem dev bir lunapark\u0131 and\u0131r\u0131yor hem de kul&uuml;beleriyle Noel pazar\u0131 ruhunu ya\u015fat\u0131yor. Eski bir meyve sebze pazar\u0131ndan l&uuml;ks &ccedil;ekim merkezine d&ouml;n&uuml;\u015fen<em><strong> Covent Garde<\/strong><strong>n<\/strong><\/em>, Christmas ile birlikte \u0131\u015f\u0131lt\u0131l\u0131 bir g&ouml;r&uuml;n&uuml;m kazan\u0131yor. Her zaman hareketli ve ilgi &ccedil;ekici olan<em><strong> Carnaby Street<\/strong><\/em>, Christmas zaman\u0131 daha da co\u015fuyor. Bu y\u0131l, karnaval temas\u0131yla dekore edilen caddede neon \u0131\u015f\u0131kl\u0131 Hindistan cevizi a\u011fa&ccedil;lar\u0131, tropikal &ccedil;i&ccedil;ekler, t&uuml;yl&uuml; papa\u011fanlar, flamingolar g&ouml;ze &ccedil;arp\u0131yor. Hyde Park&rsquo;\u0131n k&uuml;&ccedil;&uuml;k versiyonu <em><strong>Winterville<\/strong><\/em> ve tipik bir Noel pazar\u0131 olan <em><strong>Southbank<\/strong> <\/em>mutlaka listenizde olsun.<\/p>\n<p><strong>Phuket, Tayland<\/strong><\/p>\n<p style=\"text-align: center;\"><strong><img loading=\"lazy\" decoding=\"async\" class=\"alignnone size-full wp-image-4175\" src=\"https:\/\/www.julesverne.com.tr\/\/wp-content\/uploads\/2020\/09\/phuket-2.jpg\" width=\"900\" height=\"595\" alt=\"phuket\" srcset=\"https:\/\/julesverne.com.tr\/wp-content\/uploads\/2020\/09\/phuket-2.jpg 900w, https:\/\/julesverne.com.tr\/wp-content\/uploads\/2020\/09\/phuket-2-500x331.jpg 500w, https:\/\/julesverne.com.tr\/wp-content\/uploads\/2020\/09\/phuket-2-768x508.jpg 768w\" sizes=\"(max-width: 900px) 100vw, 900px\" \/><\/strong><\/p>\n<p>Andaman Denizi&#8217;nin t&uuml;m g&uuml;zelli\u011fini alan, Tayland&#8217;\u0131n pop&uuml;ler cenneti Phuket Adas\u0131 cazibesini her daim koruyor. Ya\u011fmur ormanlar\u0131, beyaz kumlu plajlar\u0131, gece hayat\u0131, gizli kumsallar\u0131 ve l&uuml;ks otelleriyle her zaman cezbedici olan Phuket, k\u0131\u015f so\u011fu\u011funda bile s\u0131cak hava isteyen uslanmaz yaz gezginlerinin vazge&ccedil;ilmezi.&nbsp; Leonardo Di Caprio&rsquo;nun &ldquo;The Beach&rdquo; filminin &ccedil;ekilmesiyle birlikte &uuml;nlenen <em><strong>Maya Beach<\/strong><\/em>&#8216;e erken saatlerde yapaca\u011f\u0131n\u0131z bir geziyi sak\u0131n eksik etmeyin. &Ccedil;in ve Koloniyal mimarinin h&acirc;kim oldu\u011fu bu eski yerle\u015fim alan\u0131 olan <em><strong>Old Phuket Town<\/strong><\/em>&#8216;da tap\u0131naklar\u0131, m&uuml;zeleri, ma\u011fazalar\u0131 ke\u015ffedin. 29 Budist tap\u0131na\u011f\u0131 bulunan Phuket&#8217;te hem ruhani hem mimari bir yolculu\u011fa &ccedil;\u0131kmay\u0131 ihmal etmeyin. Kalabal\u0131klardan ka&ccedil;mak i&ccedil;in<em><strong> Bamboo Island<\/strong><\/em>&#8216;a rotay\u0131 &ccedil;evirip, \u015fnorkelle mercan resiflerini de g&ouml;rebilirsiniz.<\/p>\n<p><strong>Bonus: Quebec City, Kanada<\/strong><\/p>\n<p style=\"text-align: center;\"><strong><img loading=\"lazy\" decoding=\"async\" class=\"alignnone size-full wp-image-4176\" src=\"https:\/\/www.julesverne.com.tr\/\/wp-content\/uploads\/2020\/09\/quebec-1.jpg\" width=\"900\" height=\"544\" alt=\"\" srcset=\"https:\/\/julesverne.com.tr\/wp-content\/uploads\/2020\/09\/quebec-1.jpg 900w, https:\/\/julesverne.com.tr\/wp-content\/uploads\/2020\/09\/quebec-1-500x302.jpg 500w, https:\/\/julesverne.com.tr\/wp-content\/uploads\/2020\/09\/quebec-1-768x464.jpg 768w\" sizes=\"(max-width: 900px) 100vw, 900px\" \/><\/strong><\/p>\n<p>Montr&eacute;al, Kanada&rsquo;n\u0131n kozmopolit ve global \u015fehri olarak &ouml;ne &ccedil;\u0131ksa da Quebec City&#8217;nin kesinlikle bamba\u015fka bir ruhu var. Frans\u0131z-Kanadal\u0131 kimli\u011fi ile &ccedil;ok k&uuml;lt&uuml;rl&uuml;, &ccedil;ok renkli bir ya\u015fam al\u0131\u015fkanl\u0131\u011f\u0131n\u0131n h&uuml;k&uuml;m s&uuml;rd&uuml;\u011f&uuml; Quebec City ayn\u0131 zamanda Kuzey Amerika&#8217;n\u0131n en eski yerle\u015fim yerlerinden biri. UNESCO D&uuml;nya Miras\u0131 Listesi&#8217;nde yer alan Old Town, bu k&ouml;kl&uuml; tarihin ve &ccedil;ok k&uuml;lt&uuml;rl&uuml; ge&ccedil;mi\u015fin bir tablosu gibi kar\u015f\u0131m\u0131za &ccedil;\u0131k\u0131yor. Arnavut kald\u0131r\u0131ml\u0131 sokaklar\u0131, 17. ve 18.y&uuml;zy\u0131lda in\u015fa edilen evleri ve evler aras\u0131nda y&uuml;kselen kilise kuleleriyle kartpostallardan farks\u0131z. Hele bir de bu sevimli sokaklar karlarla kaplan\u0131p, Noel i&ccedil;in s&uuml;slenince &ccedil;ocuklu\u011fumuzda dinlemekten hi&ccedil; s\u0131k\u0131lmad\u0131\u011f\u0131m\u0131z masallar\u0131 an\u0131msat\u0131yor.<\/p>\n<p style=\"text-align: center;\"><strong>Size &ouml;zel seyahat tasar\u0131m\u0131 ve rezervasyon i&ccedil;in:<\/strong><br \/><a href=\"mailto:travel@julesverne.com.tr\" target=\"_blank\" rel=\"noopener noreferrer\"><strong>travel@julesverne.com.tr<\/strong><\/a><br \/><strong>0212 266 6363 &#8211; 118<\/strong><\/p><\/p>\n","protected":false},"excerpt":{"rendered":"<p>Viyana&#8217;n\u0131n Noel pazarlar\u0131ndan Londra&#8217;n\u0131n g&ouml;rkemli caddelerine; Dubai&#8217;nin s\u0131cak kumsallar\u0131ndan Laos&#8217;un s&ouml;m&uuml;rge mimarisi izlerini ta\u015f\u0131yan \u015fehirlerine uzanan &#8220;Aral\u0131k Ay\u0131 Rotalar\u0131&rdquo;&hellip;<\/p>\n","protected":false},"author":1,"featured_media":2027,"comment_status":"closed","ping_status":"closed","sticky":false,"template":"","format":"standard","meta":{"inline_featured_image":false,"footnotes":""},"categories":[38,1,39],"tags":[],"acf":[],"yoast_head":"<!-- This site is optimized with the Yoast SEO plugin v22.3 - https:\/\/yoast.com\/wordpress\/plugins\/seo\/ -->\n<title>Aral\u0131k Ay\u0131n\u0131n En Keyifili Destinasyonlar\u0131 - JULES VERNE BUSINESS MICE TRAVEL<\/title>\n<meta name=\"robots\" content=\"index, follow, max-snippet:-1, max-image-preview:large, max-video-preview:-1\" \/>\n<link rel=\"canonical\" href=\"https:\/\/julesverne.com.tr\/travel-blog\/aralik-ayinin-en-keyifili-destinasyonlari\/\" \/>\n<meta property=\"og:locale\" content=\"en_US\" \/>\n<meta property=\"og:type\" content=\"article\" \/>\n<meta property=\"og:title\" content=\"Aral\u0131k Ay\u0131n\u0131n En Keyifili Destinasyonlar\u0131 - JULES VERNE BUSINESS MICE TRAVEL\" \/>\n<meta property=\"og:description\" content=\"Viyana&#039;n\u0131n Noel pazarlar\u0131ndan Londra&#039;n\u0131n g&ouml;rkemli caddelerine; Dubai&#039;nin s\u0131cak kumsallar\u0131ndan Laos&#039;un s&ouml;m&uuml;rge mimarisi izlerini ta\u015f\u0131yan \u015fehirlerine uzanan &quot;Aral\u0131k Ay\u0131 Rotalar\u0131&rdquo;&hellip;\" \/>\n<meta property=\"og:url\" content=\"https:\/\/julesverne.com.tr\/travel-blog\/aralik-ayinin-en-keyifili-destinasyonlari\/\" \/>\n<meta property=\"og:site_name\" content=\"JULES VERNE BUSINESS MICE TRAVEL\" \/>\n<meta property=\"article:publisher\" content=\"https:\/\/www.facebook.com\/JulesVerneBusinessMiceTravel\/\" \/>\n<meta property=\"article:published_time\" content=\"2018-11-28T07:47:26+00:00\" \/>\n<meta property=\"article:modified_time\" content=\"2021-03-04T12:16:17+00:00\" \/>\n<meta property=\"og:image\" content=\"https:\/\/julesverne.com.tr\/wp-content\/uploads\/2020\/09\/quebec_noel.jpg\" \/>\n\t<meta property=\"og:image:width\" content=\"900\" \/>\n\t<meta property=\"og:image:height\" content=\"600\" \/>\n\t<meta property=\"og:image:type\" content=\"image\/jpeg\" \/>\n<meta name=\"author\" content=\"fikirman\" \/>\n<meta name=\"twitter:card\" content=\"summary_large_image\" \/>\n<meta name=\"twitter:creator\" content=\"@JV_BusinessMice\" \/>\n<meta name=\"twitter:site\" content=\"@JV_BusinessMice\" \/>\n<meta name=\"twitter:label1\" content=\"Written by\" \/>\n\t<meta name=\"twitter:data1\" content=\"fikirman\" \/>\n\t<meta name=\"twitter:label2\" content=\"Est. reading time\" \/>\n\t<meta name=\"twitter:data2\" content=\"10 minutes\" \/>\n<script type=\"application\/ld+json\" class=\"yoast-schema-graph\">{\"@context\":\"https:\/\/schema.org\",\"@graph\":[{\"@type\":\"Article\",\"@id\":\"https:\/\/julesverne.com.tr\/travel-blog\/aralik-ayinin-en-keyifili-destinasyonlari\/#article\",\"isPartOf\":{\"@id\":\"https:\/\/julesverne.com.tr\/travel-blog\/aralik-ayinin-en-keyifili-destinasyonlari\/\"},\"author\":{\"name\":\"fikirman\",\"@id\":\"https:\/\/julesverne.com.tr\/#\/schema\/person\/f4eb0514ae455538644c31b99a466fdb\"},\"headline\":\"Aral\u0131k Ay\u0131n\u0131n En Keyifili Destinasyonlar\u0131\",\"datePublished\":\"2018-11-28T07:47:26+00:00\",\"dateModified\":\"2021-03-04T12:16:17+00:00\",\"mainEntityOfPage\":{\"@id\":\"https:\/\/julesverne.com.tr\/travel-blog\/aralik-ayinin-en-keyifili-destinasyonlari\/\"},\"wordCount\":2005,\"publisher\":{\"@id\":\"https:\/\/julesverne.com.tr\/#organization\"},\"image\":{\"@id\":\"https:\/\/julesverne.com.tr\/travel-blog\/aralik-ayinin-en-keyifili-destinasyonlari\/#primaryimage\"},\"thumbnailUrl\":\"https:\/\/julesverne.com.tr\/wp-content\/uploads\/2020\/09\/quebec_noel.jpg\",\"articleSection\":[\"\u0130lham Veren Destinasyonlar\",\"Blog\",\"Nereye Gitsek?\"],\"inLanguage\":\"en-US\"},{\"@type\":\"WebPage\",\"@id\":\"https:\/\/julesverne.com.tr\/travel-blog\/aralik-ayinin-en-keyifili-destinasyonlari\/\",\"url\":\"https:\/\/julesverne.com.tr\/travel-blog\/aralik-ayinin-en-keyifili-destinasyonlari\/\",\"name\":\"Aral\u0131k Ay\u0131n\u0131n En Keyifili Destinasyonlar\u0131 - JULES VERNE BUSINESS MICE TRAVEL\",\"isPartOf\":{\"@id\":\"https:\/\/julesverne.com.tr\/#website\"},\"primaryImageOfPage\":{\"@id\":\"https:\/\/julesverne.com.tr\/travel-blog\/aralik-ayinin-en-keyifili-destinasyonlari\/#primaryimage\"},\"image\":{\"@id\":\"https:\/\/julesverne.com.tr\/travel-blog\/aralik-ayinin-en-keyifili-destinasyonlari\/#primaryimage\"},\"thumbnailUrl\":\"https:\/\/julesverne.com.tr\/wp-content\/uploads\/2020\/09\/quebec_noel.jpg\",\"datePublished\":\"2018-11-28T07:47:26+00:00\",\"dateModified\":\"2021-03-04T12:16:17+00:00\",\"breadcrumb\":{\"@id\":\"https:\/\/julesverne.com.tr\/travel-blog\/aralik-ayinin-en-keyifili-destinasyonlari\/#breadcrumb\"},\"inLanguage\":\"en-US\",\"potentialAction\":[{\"@type\":\"ReadAction\",\"target\":[\"https:\/\/julesverne.com.tr\/travel-blog\/aralik-ayinin-en-keyifili-destinasyonlari\/\"]}]},{\"@type\":\"ImageObject\",\"inLanguage\":\"en-US\",\"@id\":\"https:\/\/julesverne.com.tr\/travel-blog\/aralik-ayinin-en-keyifili-destinasyonlari\/#primaryimage\",\"url\":\"https:\/\/julesverne.com.tr\/wp-content\/uploads\/2020\/09\/quebec_noel.jpg\",\"contentUrl\":\"https:\/\/julesverne.com.tr\/wp-content\/uploads\/2020\/09\/quebec_noel.jpg\",\"width\":900,\"height\":600},{\"@type\":\"BreadcrumbList\",\"@id\":\"https:\/\/julesverne.com.tr\/travel-blog\/aralik-ayinin-en-keyifili-destinasyonlari\/#breadcrumb\",\"itemListElement\":[{\"@type\":\"ListItem\",\"position\":1,\"name\":\"Anasayfa\",\"item\":\"https:\/\/julesverne.com.tr\/\"},{\"@type\":\"ListItem\",\"position\":2,\"name\":\"Aral\u0131k Ay\u0131n\u0131n En Keyifili Destinasyonlar\u0131\"}]},{\"@type\":\"WebSite\",\"@id\":\"https:\/\/julesverne.com.tr\/#website\",\"url\":\"https:\/\/julesverne.com.tr\/\",\"name\":\"JULES VERNE BUSINESS MICE TRAVEL\",\"description\":\"\",\"publisher\":{\"@id\":\"https:\/\/julesverne.com.tr\/#organization\"},\"potentialAction\":[{\"@type\":\"SearchAction\",\"target\":{\"@type\":\"EntryPoint\",\"urlTemplate\":\"https:\/\/julesverne.com.tr\/?s={search_term_string}\"},\"query-input\":\"required name=search_term_string\"}],\"inLanguage\":\"en-US\"},{\"@type\":\"Organization\",\"@id\":\"https:\/\/julesverne.com.tr\/#organization\",\"name\":\"JULES VERNE BUSINESS MICE TRAVEL\",\"url\":\"https:\/\/julesverne.com.tr\/\",\"logo\":{\"@type\":\"ImageObject\",\"inLanguage\":\"en-US\",\"@id\":\"https:\/\/julesverne.com.tr\/#\/schema\/logo\/image\/\",\"url\":\"https:\/\/julesverne.com.tr\/wp-content\/uploads\/2020\/09\/jv-bmt-logo.png\",\"contentUrl\":\"https:\/\/julesverne.com.tr\/wp-content\/uploads\/2020\/09\/jv-bmt-logo.png\",\"width\":110,\"height\":81,\"caption\":\"JULES VERNE BUSINESS MICE TRAVEL\"},\"image\":{\"@id\":\"https:\/\/julesverne.com.tr\/#\/schema\/logo\/image\/\"},\"sameAs\":[\"https:\/\/www.facebook.com\/JulesVerneBusinessMiceTravel\/\",\"https:\/\/twitter.com\/JV_BusinessMice\",\"https:\/\/www.instagram.com\/julesvernebusinessmicetravel\/\",\"https:\/\/www.linkedin.com\/company\/julesvernebusinessmicetravel\/\",\"https:\/\/www.youtube.com\/channel\/UCAwdsmbZ6tFhu1tea6pkpiw\"]},{\"@type\":\"Person\",\"@id\":\"https:\/\/julesverne.com.tr\/#\/schema\/person\/f4eb0514ae455538644c31b99a466fdb\",\"name\":\"fikirman\",\"sameAs\":[\"http:\/\/advermedya.net\/julesverne\"],\"url\":\"https:\/\/julesverne.com.tr\/en\/author\/fikirman\/\"}]}<\/script>\n<!-- \/ Yoast SEO plugin. -->","yoast_head_json":{"title":"Aral\u0131k Ay\u0131n\u0131n En Keyifili Destinasyonlar\u0131 - JULES VERNE BUSINESS MICE TRAVEL","robots":{"index":"index","follow":"follow","max-snippet":"max-snippet:-1","max-image-preview":"max-image-preview:large","max-video-preview":"max-video-preview:-1"},"canonical":"https:\/\/julesverne.com.tr\/travel-blog\/aralik-ayinin-en-keyifili-destinasyonlari\/","og_locale":"en_US","og_type":"article","og_title":"Aral\u0131k Ay\u0131n\u0131n En Keyifili Destinasyonlar\u0131 - JULES VERNE BUSINESS MICE TRAVEL","og_description":"Viyana'n\u0131n Noel pazarlar\u0131ndan Londra'n\u0131n g&ouml;rkemli caddelerine; Dubai'nin s\u0131cak kumsallar\u0131ndan Laos'un s&ouml;m&uuml;rge mimarisi izlerini ta\u015f\u0131yan \u015fehirlerine uzanan \"Aral\u0131k Ay\u0131 Rotalar\u0131&rdquo;&hellip;","og_url":"https:\/\/julesverne.com.tr\/travel-blog\/aralik-ayinin-en-keyifili-destinasyonlari\/","og_site_name":"JULES VERNE BUSINESS MICE TRAVEL","article_publisher":"https:\/\/www.facebook.com\/JulesVerneBusinessMiceTravel\/","article_published_time":"2018-11-28T07:47:26+00:00","article_modified_time":"2021-03-04T12:16:17+00:00","og_image":[{"width":900,"height":600,"url":"https:\/\/julesverne.com.tr\/wp-content\/uploads\/2020\/09\/quebec_noel.jpg","type":"image\/jpeg"}],"author":"fikirman","twitter_card":"summary_large_image","twitter_creator":"@JV_BusinessMice","twitter_site":"@JV_BusinessMice","twitter_misc":{"Written by":"fikirman","Est. reading time":"10 minutes"},"schema":{"@context":"https:\/\/schema.org","@graph":[{"@type":"Article","@id":"https:\/\/julesverne.com.tr\/travel-blog\/aralik-ayinin-en-keyifili-destinasyonlari\/#article","isPartOf":{"@id":"https:\/\/julesverne.com.tr\/travel-blog\/aralik-ayinin-en-keyifili-destinasyonlari\/"},"author":{"name":"fikirman","@id":"https:\/\/julesverne.com.tr\/#\/schema\/person\/f4eb0514ae455538644c31b99a466fdb"},"headline":"Aral\u0131k Ay\u0131n\u0131n En Keyifili Destinasyonlar\u0131","datePublished":"2018-11-28T07:47:26+00:00","dateModified":"2021-03-04T12:16:17+00:00","mainEntityOfPage":{"@id":"https:\/\/julesverne.com.tr\/travel-blog\/aralik-ayinin-en-keyifili-destinasyonlari\/"},"wordCount":2005,"publisher":{"@id":"https:\/\/julesverne.com.tr\/#organization"},"image":{"@id":"https:\/\/julesverne.com.tr\/travel-blog\/aralik-ayinin-en-keyifili-destinasyonlari\/#primaryimage"},"thumbnailUrl":"https:\/\/julesverne.com.tr\/wp-content\/uploads\/2020\/09\/quebec_noel.jpg","articleSection":["\u0130lham Veren Destinasyonlar","Blog","Nereye Gitsek?"],"inLanguage":"en-US"},{"@type":"WebPage","@id":"https:\/\/julesverne.com.tr\/travel-blog\/aralik-ayinin-en-keyifili-destinasyonlari\/","url":"https:\/\/julesverne.com.tr\/travel-blog\/aralik-ayinin-en-keyifili-destinasyonlari\/","name":"Aral\u0131k Ay\u0131n\u0131n En Keyifili Destinasyonlar\u0131 - JULES VERNE BUSINESS MICE TRAVEL","isPartOf":{"@id":"https:\/\/julesverne.com.tr\/#website"},"primaryImageOfPage":{"@id":"https:\/\/julesverne.com.tr\/travel-blog\/aralik-ayinin-en-keyifili-destinasyonlari\/#primaryimage"},"image":{"@id":"https:\/\/julesverne.com.tr\/travel-blog\/aralik-ayinin-en-keyifili-destinasyonlari\/#primaryimage"},"thumbnailUrl":"https:\/\/julesverne.com.tr\/wp-content\/uploads\/2020\/09\/quebec_noel.jpg","datePublished":"2018-11-28T07:47:26+00:00","dateModified":"2021-03-04T12:16:17+00:00","breadcrumb":{"@id":"https:\/\/julesverne.com.tr\/travel-blog\/aralik-ayinin-en-keyifili-destinasyonlari\/#breadcrumb"},"inLanguage":"en-US","potentialAction":[{"@type":"ReadAction","target":["https:\/\/julesverne.com.tr\/travel-blog\/aralik-ayinin-en-keyifili-destinasyonlari\/"]}]},{"@type":"ImageObject","inLanguage":"en-US","@id":"https:\/\/julesverne.com.tr\/travel-blog\/aralik-ayinin-en-keyifili-destinasyonlari\/#primaryimage","url":"https:\/\/julesverne.com.tr\/wp-content\/uploads\/2020\/09\/quebec_noel.jpg","contentUrl":"https:\/\/julesverne.com.tr\/wp-content\/uploads\/2020\/09\/quebec_noel.jpg","width":900,"height":600},{"@type":"BreadcrumbList","@id":"https:\/\/julesverne.com.tr\/travel-blog\/aralik-ayinin-en-keyifili-destinasyonlari\/#breadcrumb","itemListElement":[{"@type":"ListItem","position":1,"name":"Anasayfa","item":"https:\/\/julesverne.com.tr\/"},{"@type":"ListItem","position":2,"name":"Aral\u0131k Ay\u0131n\u0131n En Keyifili Destinasyonlar\u0131"}]},{"@type":"WebSite","@id":"https:\/\/julesverne.com.tr\/#website","url":"https:\/\/julesverne.com.tr\/","name":"JULES VERNE BUSINESS MICE TRAVEL","description":"","publisher":{"@id":"https:\/\/julesverne.com.tr\/#organization"},"potentialAction":[{"@type":"SearchAction","target":{"@type":"EntryPoint","urlTemplate":"https:\/\/julesverne.com.tr\/?s={search_term_string}"},"query-input":"required name=search_term_string"}],"inLanguage":"en-US"},{"@type":"Organization","@id":"https:\/\/julesverne.com.tr\/#organization","name":"JULES VERNE BUSINESS MICE TRAVEL","url":"https:\/\/julesverne.com.tr\/","logo":{"@type":"ImageObject","inLanguage":"en-US","@id":"https:\/\/julesverne.com.tr\/#\/schema\/logo\/image\/","url":"https:\/\/julesverne.com.tr\/wp-content\/uploads\/2020\/09\/jv-bmt-logo.png","contentUrl":"https:\/\/julesverne.com.tr\/wp-content\/uploads\/2020\/09\/jv-bmt-logo.png","width":110,"height":81,"caption":"JULES VERNE BUSINESS MICE TRAVEL"},"image":{"@id":"https:\/\/julesverne.com.tr\/#\/schema\/logo\/image\/"},"sameAs":["https:\/\/www.facebook.com\/JulesVerneBusinessMiceTravel\/","https:\/\/twitter.com\/JV_BusinessMice","https:\/\/www.instagram.com\/julesvernebusinessmicetravel\/","https:\/\/www.linkedin.com\/company\/julesvernebusinessmicetravel\/","https:\/\/www.youtube.com\/channel\/UCAwdsmbZ6tFhu1tea6pkpiw"]},{"@type":"Person","@id":"https:\/\/julesverne.com.tr\/#\/schema\/person\/f4eb0514ae455538644c31b99a466fdb","name":"fikirman","sameAs":["http:\/\/advermedya.net\/julesverne"],"url":"https:\/\/julesverne.com.tr\/en\/author\/fikirman\/"}]}},"_links":{"self":[{"href":"https:\/\/julesverne.com.tr\/en\/wp-json\/wp\/v2\/posts\/2026"}],"collection":[{"href":"https:\/\/julesverne.com.tr\/en\/wp-json\/wp\/v2\/posts"}],"about":[{"href":"https:\/\/julesverne.com.tr\/en\/wp-json\/wp\/v2\/types\/post"}],"author":[{"embeddable":true,"href":"https:\/\/julesverne.com.tr\/en\/wp-json\/wp\/v2\/users\/1"}],"replies":[{"embeddable":true,"href":"https:\/\/julesverne.com.tr\/en\/wp-json\/wp\/v2\/comments?post=2026"}],"version-history":[{"count":0,"href":"https:\/\/julesverne.com.tr\/en\/wp-json\/wp\/v2\/posts\/2026\/revisions"}],"wp:featuredmedia":[{"embeddable":true,"href":"https:\/\/julesverne.com.tr\/en\/wp-json\/wp\/v2\/media\/2027"}],"wp:attachment":[{"href":"https:\/\/julesverne.com.tr\/en\/wp-json\/wp\/v2\/media?parent=2026"}],"wp:term":[{"taxonomy":"category","embeddable":true,"href":"https:\/\/julesverne.com.tr\/en\/wp-json\/wp\/v2\/categories?post=2026"},{"taxonomy":"post_tag","embeddable":true,"href":"https:\/\/julesverne.com.tr\/en\/wp-json\/wp\/v2\/tags?post=2026"}],"curies":[{"name":"wp","href":"https:\/\/api.w.org\/{rel}","templated":true}]}}