{"id":2014,"date":"2018-11-05T14:35:33","date_gmt":"2018-11-05T11:35:33","guid":{"rendered":"https:\/\/www.julesverne.com.tr\/\/blog\/avrupanin-birbirinden-guzel-noel-pazarlari\/"},"modified":"2020-09-21T17:36:08","modified_gmt":"2020-09-21T14:36:08","slug":"avrupanin-birbirinden-guzel-noel-pazarlari","status":"publish","type":"post","link":"https:\/\/julesverne.com.tr\/en\/travel-blog\/avrupanin-birbirinden-guzel-noel-pazarlari\/","title":{"rendered":"Avrupa\u2019n\u0131n Birbirinden G\u00fczel Noel Pazarlar\u0131"},"content":{"rendered":"<p><p style=\"text-align: center;\"><img loading=\"lazy\" decoding=\"async\" class=\"alignnone size-full wp-image-4232\" src=\"https:\/\/www.julesverne.com.tr\/\/wp-content\/uploads\/2020\/09\/europe.jpg\" width=\"1000\" height=\"667\" alt=\"\" srcset=\"https:\/\/julesverne.com.tr\/wp-content\/uploads\/2020\/09\/europe.jpg 1000w, https:\/\/julesverne.com.tr\/wp-content\/uploads\/2020\/09\/europe-500x334.jpg 500w, https:\/\/julesverne.com.tr\/wp-content\/uploads\/2020\/09\/europe-768x512.jpg 768w\" sizes=\"(max-width: 1000px) 100vw, 1000px\" \/><\/p>\n<p>Noel pazarlar\u0131, t&uuml;m Avrupa&#8217;da k\u0131\u015f festivaline d&ouml;n&uuml;\u015f&uuml;yor. Tarihi meydanlar, renkli caddeler, yemye\u015fil parklar Noel tezg&acirc;hlar\u0131, buz pistleri, y\u0131lba\u015f\u0131 a\u011fac\u0131 ve \u0131\u015f\u0131kland\u0131rmalar\u0131yla s&uuml;sleniyor. Yan yana dizilen ah\u015fap stantlarda sevdiklerinize hediyeler almak, s\u0131cak \u015farap ve waffle e\u015fli\u011finde dola\u015fmak, renkli g&ouml;sterilere tan\u0131k olmak i&ccedil;in bu k\u0131\u015f rotan\u0131z\u0131 yine Avrupa&#8217;n\u0131n g&uuml;zel \u015fehirlerine &ccedil;evirin! Geleneklerin en renkli halini ya\u015fatan Avrupa&#8217;n\u0131n en g&uuml;zel Noel pazarlar\u0131n\u0131 sizler i&ccedil;in haz\u0131rlad\u0131k. Basel&#8217;den Riga&#8217;ya; Colmar&#8217;dan Tallinn&#8217;e; Krakow&#8217;dan Basel&#8217;e; M&uuml;nih&#8217;ten Kopenhag&#8217;a Noel adresleri&#8230;<\/p>\n<p><strong>Dresden, Almanya<\/strong><\/p>\n<p style=\"text-align: center;\"><strong><img loading=\"lazy\" decoding=\"async\" class=\"alignnone size-full wp-image-4233\" src=\"https:\/\/www.julesverne.com.tr\/\/wp-content\/uploads\/2020\/09\/dresden.jpg\" width=\"1000\" height=\"667\" alt=\"\" srcset=\"https:\/\/julesverne.com.tr\/wp-content\/uploads\/2020\/09\/dresden.jpg 1000w, https:\/\/julesverne.com.tr\/wp-content\/uploads\/2020\/09\/dresden-500x334.jpg 500w, https:\/\/julesverne.com.tr\/wp-content\/uploads\/2020\/09\/dresden-768x512.jpg 768w\" sizes=\"(max-width: 1000px) 100vw, 1000px\" \/><\/strong><\/p>\n<p>Almanya&#8217;n\u0131n Christmas ba\u015fkenti Dresden, Elbe nehrinin k\u0131y\u0131s\u0131nda kurulan bir cennet. Mimarisi ile b&uuml;y&uuml;leyen Dresden, Noel zaman\u0131 masal \u015fehrine d&ouml;n&uuml;\u015f&uuml;yor. Almanya&#8217;n\u0131n en eski Noel pazar\u0131 Striezelmarkt&#8217;\u0131 mutlaka ziyaret etmelisiniz. \u015eehirdeki di\u011fer pazarlar ise: Weihnachtsmarkt,&nbsp; Frauenkirche ve Augustusmarkt. <br \/><em><strong>Ne zaman:<\/strong><\/em> 28 Kas\u0131m-24 Aral\u0131k 2018<\/p>\n<p><strong>Moskova, Rusya<\/strong><\/p>\n<p style=\"text-align: center;\"><strong><img loading=\"lazy\" decoding=\"async\" class=\"alignnone size-full wp-image-4234\" src=\"https:\/\/www.julesverne.com.tr\/\/wp-content\/uploads\/2020\/09\/moskova.jpg\" width=\"1000\" height=\"667\" alt=\"\" srcset=\"https:\/\/julesverne.com.tr\/wp-content\/uploads\/2020\/09\/moskova.jpg 1000w, https:\/\/julesverne.com.tr\/wp-content\/uploads\/2020\/09\/moskova-500x334.jpg 500w, https:\/\/julesverne.com.tr\/wp-content\/uploads\/2020\/09\/moskova-768x512.jpg 768w\" sizes=\"(max-width: 1000px) 100vw, 1000px\" \/><\/strong><\/p>\n<p>Rusya&#8217;da Noel yolculu\u011funun en g&ouml;rkemli adresi ku\u015fkusuz Moskova, K\u0131z\u0131l Meydan&#8217;da kuruluyor. Ger&ccedil;ek bir festival alan\u0131na d&ouml;n&uuml;\u015fen meydanda d&uuml;zinelerce &ouml;zel &ccedil;ad\u0131r ve stant kuruluyor, oyun park\u0131 ile k\u0131\u015f masal\u0131 atmosferi ya\u015fan\u0131yor. <br \/><em><strong>NOT:<\/strong> <\/em>Tarihler hen&uuml;z a&ccedil;\u0131klanmad\u0131.<\/p>\n<p><strong>Stockholm, \u0130sve&ccedil;<\/strong><\/p>\n<p style=\"text-align: center;\"><strong><img loading=\"lazy\" decoding=\"async\" class=\"alignnone size-full wp-image-4235\" src=\"https:\/\/www.julesverne.com.tr\/\/wp-content\/uploads\/2020\/09\/stockholm-3.jpg\" width=\"1000\" height=\"666\" alt=\"\" srcset=\"https:\/\/julesverne.com.tr\/wp-content\/uploads\/2020\/09\/stockholm-3.jpg 1000w, https:\/\/julesverne.com.tr\/wp-content\/uploads\/2020\/09\/stockholm-3-500x333.jpg 500w, https:\/\/julesverne.com.tr\/wp-content\/uploads\/2020\/09\/stockholm-3-768x511.jpg 768w\" sizes=\"(max-width: 1000px) 100vw, 1000px\" \/><\/strong><\/p>\n<p>Bu &uuml;lkenin tatil gelene\u011fini ya\u015faman\u0131n en iyi yolu Noel pazarlar\u0131 aras\u0131nda zaman\u0131 unutmak! \u0130sve&ccedil;&#8217;in en k&ouml;kl&uuml; Christmas Market&#8217;\u0131 olan ve tarihi 1915&#8217;e dayanan Gamla Stan Christmas Market \u0130sve&ccedil;&#8217;in k&uuml;lt&uuml;rel &ouml;zelliklerini bir araya getiriyor. <br \/><em><strong>Ne zaman:<\/strong> <\/em>24 Kas\u0131m-23 Aral\u0131k 2018<\/p>\n<p><strong>Basel, \u0130svi&ccedil;re<\/strong><\/p>\n<p style=\"text-align: center;\"><strong><img loading=\"lazy\" decoding=\"async\" class=\"alignnone size-full wp-image-4236\" src=\"https:\/\/www.julesverne.com.tr\/\/wp-content\/uploads\/2020\/09\/basel-1.jpg\" width=\"1280\" height=\"836\" alt=\"\" srcset=\"https:\/\/julesverne.com.tr\/wp-content\/uploads\/2020\/09\/basel-1.jpg 1280w, https:\/\/julesverne.com.tr\/wp-content\/uploads\/2020\/09\/basel-1-500x327.jpg 500w, https:\/\/julesverne.com.tr\/wp-content\/uploads\/2020\/09\/basel-1-768x502.jpg 768w\" sizes=\"(max-width: 1280px) 100vw, 1280px\" \/><\/strong><\/p>\n<p>Basel her y\u0131l kurulan Noel pazar\u0131yla Fransa ve Almanya&#8217;n\u0131n &uuml;nl&uuml; Noel pazarlar\u0131ndan rol &ccedil;al\u0131yor! T&uuml;m Noel cazibesini hissettiren sokaklar\u0131, vitrinleriyle \u015fehrin 3 farkl\u0131 noktas\u0131nda kurulan pazarlar\u0131yla k\u0131\u015f so\u011fu\u011funda i&ccedil;inizi \u0131s\u0131tmay\u0131 ba\u015far\u0131yor. Eski \u015fehir merkezindeki Barf&uuml;sserplatz \u015fehrin en b&uuml;y&uuml;k Christmas adresi. Katedral yan\u0131nda kurulan M&uuml;nsterplatz ve Ren Nehri&#8217;nin yan\u0131nda yer alan en k&uuml;&ccedil;&uuml;k Claraplatz pazar\u0131 g&ouml;r&uuml;lmeli. <br \/><em><strong>Ne zaman:<\/strong> <\/em>22 Kas\u0131m-23 Aral\u0131k 2018<\/p>\n<p><strong>Tallinn, Estonya<\/strong><\/p>\n<p style=\"text-align: center;\"><strong><img loading=\"lazy\" decoding=\"async\" class=\"alignnone size-full wp-image-4237\" src=\"https:\/\/www.julesverne.com.tr\/\/wp-content\/uploads\/2020\/09\/tallinn-3.jpg\" width=\"1000\" height=\"678\" alt=\"\" srcset=\"https:\/\/julesverne.com.tr\/wp-content\/uploads\/2020\/09\/tallinn-3.jpg 1000w, https:\/\/julesverne.com.tr\/wp-content\/uploads\/2020\/09\/tallinn-3-500x339.jpg 500w, https:\/\/julesverne.com.tr\/wp-content\/uploads\/2020\/09\/tallinn-3-768x521.jpg 768w\" sizes=\"(max-width: 1000px) 100vw, 1000px\" \/><\/strong><\/p>\n<p>Town Hall Square&#8217;de kurulan Noel pazar\u0131yla Tallinn, y\u0131lba\u015f\u0131 kartpostallar\u0131ndan bile g&uuml;zel g&ouml;r&uuml;n&uuml;yor. 1441 senesinden beri kurulan ve \u015fehrin en &ouml;nemli gelene\u011fi olan y\u0131lba\u015f\u0131 a\u011fac\u0131n\u0131n g&ouml;rkemi, \u0131\u015f\u0131kland\u0131rmalar ve s&uuml;slenen tezg&acirc;hlarla so\u011fuk havay\u0131 unutturacak s\u0131cak anlar ya\u015fayabilirsiniz.<br \/><strong><em>Ne zaman:<\/em> <\/strong>16 Kas\u0131m 2018-7 Ocak 2019<\/p>\n<p><strong>Br&uuml;ksel, Bel&ccedil;ika<\/strong><\/p>\n<p style=\"text-align: center;\"><strong><img loading=\"lazy\" decoding=\"async\" class=\"alignnone size-full wp-image-4238\" src=\"https:\/\/www.julesverne.com.tr\/\/wp-content\/uploads\/2020\/09\/bruksel.jpg\" width=\"1000\" height=\"667\" alt=\"\" srcset=\"https:\/\/julesverne.com.tr\/wp-content\/uploads\/2020\/09\/bruksel.jpg 1000w, https:\/\/julesverne.com.tr\/wp-content\/uploads\/2020\/09\/bruksel-500x334.jpg 500w, https:\/\/julesverne.com.tr\/wp-content\/uploads\/2020\/09\/bruksel-768x512.jpg 768w\" sizes=\"(max-width: 1000px) 100vw, 1000px\" \/><\/strong><\/p>\n<p>Br&uuml;ksel&#8217;in ana meydan\u0131nda, g&ouml;rkemli mimariyle &ccedil;evrelenen bir alanda kurulan Br&uuml;ksel Christmas Market, tam anlam\u0131yla &#8220;k\u0131\u015f masal\u0131&#8221; ya\u015fat\u0131yor. &Ouml;zellikle son y\u0131llarda ziyaret&ccedil;i say\u0131s\u0131 git gide artan Noel pazar\u0131 y&uuml;zlerce tezg&acirc;h\u0131, tar&ccedil;\u0131n kokular\u0131 e\u015fli\u011finde ger&ccedil;ekle\u015fiyor. Buz ve k\u0131zak pistleri, \u0131\u015f\u0131lt\u0131l\u0131 d&ouml;nme dolab\u0131yla Noel filmini and\u0131r\u0131yor. <br \/><em><strong>Ne zaman:<\/strong><\/em> 30 Kas\u0131m 2018-6 Ocak 2019&nbsp;<\/p>\n<p><strong>Riga, Litvanya<\/strong><\/p>\n<p style=\"text-align: center;\"><strong><img loading=\"lazy\" decoding=\"async\" class=\"alignnone size-full wp-image-4239\" src=\"https:\/\/www.julesverne.com.tr\/\/wp-content\/uploads\/2020\/09\/riga.jpg\" width=\"1000\" height=\"667\" alt=\"\" srcset=\"https:\/\/julesverne.com.tr\/wp-content\/uploads\/2020\/09\/riga.jpg 1000w, https:\/\/julesverne.com.tr\/wp-content\/uploads\/2020\/09\/riga-500x334.jpg 500w, https:\/\/julesverne.com.tr\/wp-content\/uploads\/2020\/09\/riga-768x512.jpg 768w\" sizes=\"(max-width: 1000px) 100vw, 1000px\" \/><\/strong><\/p>\n<p>UNESCO D&uuml;nya Miras\u0131 Alan\u0131 olarak kabul edilen Riga&#8217;n\u0131n tarihi merkezi Art Nouveau mimarisinin en b&uuml;y&uuml;leyici &ouml;rneklerinden. Buna bir de Christmas zaman\u0131 eklenen Noel tasar\u0131m\u0131 eklendi\u011finde ziyaret&ccedil;ileri masals\u0131 bir atmosferi bekliyor. Katedral meydan\u0131ndaki pazar s&uuml;sl&uuml; tezg&acirc;hlarla harika bir g&ouml;r&uuml;nt&uuml; olu\u015fturuyor. <br \/><em><strong>Ne zaman:<\/strong> <\/em>30 Kas\u0131m 2018-6 Ocak 2019&nbsp;<\/p>\n<p><strong>M&uuml;nih, Almanya<\/strong><\/p>\n<p style=\"text-align: center;\"><strong><img loading=\"lazy\" decoding=\"async\" class=\"alignnone size-full wp-image-4240\" src=\"https:\/\/www.julesverne.com.tr\/\/wp-content\/uploads\/2020\/09\/munih-1.jpg\" width=\"1000\" height=\"754\" alt=\"\" srcset=\"https:\/\/julesverne.com.tr\/wp-content\/uploads\/2020\/09\/munih-1.jpg 1000w, https:\/\/julesverne.com.tr\/wp-content\/uploads\/2020\/09\/munih-1-500x377.jpg 500w, https:\/\/julesverne.com.tr\/wp-content\/uploads\/2020\/09\/munih-1-768x579.jpg 768w\" sizes=\"(max-width: 1000px) 100vw, 1000px\" \/><\/strong><\/p>\n<p>\u015eehir meydanlar\u0131nda kurulan Noel pazarlar\u0131yla M&uuml;nih k\u0131\u015f so\u011fuklar\u0131na meydan okuyor. S\u0131cak \u015farap Gl&uuml;hwein ve tar&ccedil;\u0131n kokular\u0131n\u0131n sokaklara yay\u0131ld\u0131\u011f\u0131 M&uuml;nih&#8217;te kurulan Christmas pazarlar\u0131 \u015fehre karnaval havas\u0131 getiriyor. Christkindlmarkt Marienplatz, Sternenplatzl at Rindermarkt, M&uuml;nih&#8217;te Noel havas\u0131n\u0131 ya\u015fayaca\u011f\u0131n\u0131z adresler&#8230;<br \/><em><strong>Ne zaman:<\/strong> <\/em>27 Kas\u0131m-24 Aral\u0131k 2018<\/p>\n<p><strong>Wroclaw, Polonya<\/strong><\/p>\n<p style=\"text-align: center;\"><strong><img loading=\"lazy\" decoding=\"async\" class=\"alignnone size-full wp-image-4241\" src=\"https:\/\/www.julesverne.com.tr\/\/wp-content\/uploads\/2020\/09\/wroclaw.jpg\" width=\"1000\" height=\"667\" alt=\"\" srcset=\"https:\/\/julesverne.com.tr\/wp-content\/uploads\/2020\/09\/wroclaw.jpg 1000w, https:\/\/julesverne.com.tr\/wp-content\/uploads\/2020\/09\/wroclaw-500x334.jpg 500w, https:\/\/julesverne.com.tr\/wp-content\/uploads\/2020\/09\/wroclaw-768x512.jpg 768w\" sizes=\"(max-width: 1000px) 100vw, 1000px\" \/><\/strong><\/p>\n<p>Tarih boyunca bir&ccedil;ok egemenlik alt\u0131na giren Wraclow, Bohem mimariden Avusturya stiline, Gotik mimariden Barok yap\u0131lara kadar &ouml;yle zengin bir g&ouml;r&uuml;n&uuml;me sahip ki Christmas zaman\u0131 bu sokaklarda y&uuml;r&uuml;mek daha da b&uuml;y&uuml;l&uuml; bir hale geliyor. \u015eehrin ana meydan\u0131 Wroc\u0142aw Market Square&#8217;de kuruluyor.<br \/><em><strong>Ne zaman:<\/strong> <\/em>23 Kas\u0131m-31 Aral\u0131k 2018<\/p>\n<p><strong>Lindau, Almanya<\/strong><\/p>\n<p style=\"text-align: center;\"><strong><img loading=\"lazy\" decoding=\"async\" class=\"alignnone size-full wp-image-4242\" src=\"https:\/\/www.julesverne.com.tr\/\/wp-content\/uploads\/2020\/09\/lindau.jpg\" width=\"740\" height=\"467\" alt=\"\" srcset=\"https:\/\/julesverne.com.tr\/wp-content\/uploads\/2020\/09\/lindau.jpg 740w, https:\/\/julesverne.com.tr\/wp-content\/uploads\/2020\/09\/lindau-500x316.jpg 500w\" sizes=\"(max-width: 740px) 100vw, 740px\" \/><\/strong><\/p>\n<p>Bavyera eyaletinin en g&uuml;zel \u015fehirlerinden biri kabul edilen Lindau&#8217;da her y\u0131l, Constance G&ouml;l&uuml; k\u0131y\u0131s\u0131nda kurulan Christmas Market e\u015fsiz g&ouml;r&uuml;nt&uuml;lere sahne oluyor. Pitoresk manzaralar e\u015fli\u011finde dola\u015faca\u011f\u0131n\u0131z Noel pazar\u0131 &ouml;yle g&uuml;zel s&uuml;sleniyor ki tar&ccedil;\u0131n ve s\u0131cak \u015farap kokular\u0131 e\u015fli\u011finde gezmeye doyam\u0131yorsunuz. <br \/><em><strong>Ne zaman:<\/strong> <\/em>22 Kas\u0131m-16 Aral\u0131k 2018<\/p>\n<p><strong>Brugge, Bel&ccedil;ika<\/strong><\/p>\n<p style=\"text-align: center;\"><strong><img loading=\"lazy\" decoding=\"async\" class=\"alignnone size-full wp-image-4243\" src=\"https:\/\/www.julesverne.com.tr\/\/wp-content\/uploads\/2020\/09\/bruges-1.jpg\" width=\"1000\" height=\"667\" alt=\"\" srcset=\"https:\/\/julesverne.com.tr\/wp-content\/uploads\/2020\/09\/bruges-1.jpg 1000w, https:\/\/julesverne.com.tr\/wp-content\/uploads\/2020\/09\/bruges-1-500x334.jpg 500w, https:\/\/julesverne.com.tr\/wp-content\/uploads\/2020\/09\/bruges-1-768x512.jpg 768w\" sizes=\"(max-width: 1000px) 100vw, 1000px\" \/><\/strong><\/p>\n<p>Avrupa&#8217;n\u0131n en iyi Noel pazarlar\u0131ndan birine ev sahipli\u011fi yapan Brugge, tarihi atmosferiyle ger&ccedil;ek bir k\u0131\u015f masal\u0131n\u0131 ya\u015fat\u0131yor. UNESCO K&uuml;lt&uuml;r Merkezi listesinde yer alan bu Orta&ccedil;a\u011f \u015fehrinin ana meydan\u0131 Grote Mark&#8217;ta kurulan Christmas Market ile t&uuml;m sokaklara tar&ccedil;\u0131n ve waffle kokular\u0131 yay\u0131l\u0131yor. Ayr\u0131ca, meydanda kurulan buz pistinde buz pateni yapabilirsiniz. <br \/><em><strong>Ne zaman:<\/strong><\/em> 3 Kas\u0131m 2018-1 Ocak 2019&nbsp;<\/p>\n<p><strong>Krakow, Polonya<\/strong><\/p>\n<p style=\"text-align: center;\"><strong><img loading=\"lazy\" decoding=\"async\" class=\"alignnone size-full wp-image-4244\" src=\"https:\/\/www.julesverne.com.tr\/\/wp-content\/uploads\/2020\/09\/krakow-1.jpg\" width=\"1000\" height=\"556\" alt=\"\" srcset=\"https:\/\/julesverne.com.tr\/wp-content\/uploads\/2020\/09\/krakow-1.jpg 1000w, https:\/\/julesverne.com.tr\/wp-content\/uploads\/2020\/09\/krakow-1-500x278.jpg 500w, https:\/\/julesverne.com.tr\/wp-content\/uploads\/2020\/09\/krakow-1-768x427.jpg 768w\" sizes=\"(max-width: 1000px) 100vw, 1000px\" \/><\/strong><\/p>\n<p>Noel zaman\u0131 geldi\u011finde Krakow harikalar diyar\u0131na d&ouml;n&uuml;\u015f&uuml;yor. Tarihi \u015fehir merkezinin zarif mimarisiyle birlikte ana meydana kurulan ah\u015fap tezg&acirc;hlar, so\u011fuk havaya ra\u011fmen size Noel&#8217;in s\u0131cakl\u0131\u011f\u0131n\u0131 ya\u015fat\u0131yor. Polonya gelene\u011fine ba\u011fl\u0131 kutlanan Noel co\u015fkusuna siz de ortak olun!<br \/><em><strong>Ne zaman:<\/strong> <\/em>30 Kas\u0131m &#8211; 26 Aral\u0131k 2018<\/p>\n<p><strong>Zagreb, H\u0131rvatistan<\/strong><\/p>\n<p style=\"text-align: center;\"><strong><img loading=\"lazy\" decoding=\"async\" class=\"alignnone size-full wp-image-4245\" src=\"https:\/\/www.julesverne.com.tr\/\/wp-content\/uploads\/2020\/09\/zagreb.jpg\" width=\"740\" height=\"493\" alt=\"\" srcset=\"https:\/\/julesverne.com.tr\/wp-content\/uploads\/2020\/09\/zagreb.jpg 740w, https:\/\/julesverne.com.tr\/wp-content\/uploads\/2020\/09\/zagreb-500x333.jpg 500w\" sizes=\"(max-width: 740px) 100vw, 740px\" \/><\/strong><\/p>\n<p>&Uuml;st &uuml;ste, Avrupa&#8217;n\u0131n En \u0130yi Destinasyonlar\u0131 taraf\u0131ndan 1. se&ccedil;ilen Zagreb Christmas Market, Almanya ve Fransa&#8217;n\u0131n &uuml;nl&uuml; Noel pazarlar\u0131n\u0131 g&ouml;lgede b\u0131rakmaya ba\u015flad\u0131. Kentin tarihi merkezinde, nostaljik bir atmosferde kurulan pazar yeri, sadece ah\u015fap tezgahlar\u0131 ve s&uuml;slemeleriyle de\u011fil \u015fehre yay\u0131lan g&ouml;steri\u015fli \u0131\u015f\u0131kland\u0131rmalar\u0131 ve canl\u0131 g&ouml;sterileriyle bir festivale d&ouml;n&uuml;\u015f&uuml;yor.<br \/><em><strong>Ne zaman:<\/strong> <\/em>2 Ara 2018 &#8211; 6 Oca 2019<\/p>\n<p><strong>Colmar, Fransa<\/strong><\/p>\n<p style=\"text-align: center;\"><strong><img loading=\"lazy\" decoding=\"async\" class=\"alignnone size-full wp-image-4246\" src=\"https:\/\/www.julesverne.com.tr\/\/wp-content\/uploads\/2020\/09\/colmar.jpg\" width=\"1000\" height=\"648\" alt=\"\" srcset=\"https:\/\/julesverne.com.tr\/wp-content\/uploads\/2020\/09\/colmar.jpg 1000w, https:\/\/julesverne.com.tr\/wp-content\/uploads\/2020\/09\/colmar-500x324.jpg 500w, https:\/\/julesverne.com.tr\/wp-content\/uploads\/2020\/09\/colmar-768x498.jpg 768w\" sizes=\"(max-width: 1000px) 100vw, 1000px\" \/><\/strong><\/p>\n<p>Yeni y\u0131l kutlamalar\u0131 i&ccedil;in haz\u0131rlanan &ouml;zel kartpostal g&ouml;r&uuml;nt&uuml;lerini aratmayan Colmar, art\u0131k t&uuml;m d&uuml;nyada bir marka haline gelen Noel gelene\u011fine sahip. Kurulu\u015fu 9. y&uuml;zy\u0131la dayanan Colmar, orijinal mimarisini koruyarak g&uuml;n&uuml;m&uuml;ze kadar gelen masal kasabalardan biri. Bu tarih dolu kasaban\u0131n sokaklar\u0131 da Noel zaman\u0131nda &ccedil;ocuklu\u011fumuzda dinledi\u011fimiz k\u0131\u015f masallar\u0131na d&ouml;n&uuml;\u015f&uuml;yor. 500 y\u0131ll\u0131k bir gelenekle 5 farkl\u0131 noktada kurulan pazarlar sayesinde sokaklar c\u0131v\u0131l c\u0131v\u0131l oluyor.<br \/><em><strong>Ne zaman:<\/strong> <\/em>23 Kas\u0131m-30 Aral\u0131k 2018<\/p>\n<p><strong>Edinburgh, \u0130sko&ccedil;ya<\/strong><\/p>\n<p style=\"text-align: center;\"><strong><img loading=\"lazy\" decoding=\"async\" class=\"alignnone size-full wp-image-4247\" src=\"https:\/\/www.julesverne.com.tr\/\/wp-content\/uploads\/2020\/09\/edinburgh-1.jpg\" width=\"1000\" height=\"666\" alt=\"\" srcset=\"https:\/\/julesverne.com.tr\/wp-content\/uploads\/2020\/09\/edinburgh-1.jpg 1000w, https:\/\/julesverne.com.tr\/wp-content\/uploads\/2020\/09\/edinburgh-1-500x333.jpg 500w, https:\/\/julesverne.com.tr\/wp-content\/uploads\/2020\/09\/edinburgh-1-768x511.jpg 768w\" sizes=\"(max-width: 1000px) 100vw, 1000px\" \/><\/strong><\/p>\n<p>Christmas zaman geldi\u011finde Edinburgh, k\u0131\u015f festivaline giri\u015f yap\u0131yor. Her y\u0131l Kas\u0131m ay\u0131 sonundan Ocak ay\u0131n\u0131n ilk haftas\u0131na kadar \u0131\u015f\u0131l \u0131\u015f\u0131l oluyor. \u015eehir merkezinde, East Princes Street Gardens&#8217;da kurulan Noel pazar\u0131 so\u011fuk havaya ra\u011fmen her g&uuml;n hareketli oluyor. G&ouml;steriler ve \u0131\u015f\u0131k g&ouml;sterileri de \u015fehre hava kat\u0131yor.<br \/><strong><em>Ne zaman: <\/em><\/strong>17 Kas\u0131m 2018 &#8211; 5 Ocak 2019<\/p>\n<p><strong>Bolzano, \u0130talya<\/strong><\/p>\n<p style=\"text-align: center;\"><strong><img loading=\"lazy\" decoding=\"async\" class=\"alignnone size-full wp-image-4248\" src=\"https:\/\/www.julesverne.com.tr\/\/wp-content\/uploads\/2020\/09\/bolzano.jpg\" width=\"1000\" height=\"667\" alt=\"\" srcset=\"https:\/\/julesverne.com.tr\/wp-content\/uploads\/2020\/09\/bolzano.jpg 1000w, https:\/\/julesverne.com.tr\/wp-content\/uploads\/2020\/09\/bolzano-500x334.jpg 500w, https:\/\/julesverne.com.tr\/wp-content\/uploads\/2020\/09\/bolzano-768x512.jpg 768w\" sizes=\"(max-width: 1000px) 100vw, 1000px\" \/><\/strong><\/p>\n<p>\u0130talya&#8217;da, G&uuml;ney Tirol B&ouml;lgesi&#8217;nin en b&uuml;y&uuml;k Noel Pazar\u0131 her y\u0131l Bolzano&#8217;da kuruluyor. Geleneklere ba\u011fl\u0131 kal\u0131narak kurulan pazar, her y\u0131l aileleri, arkada\u015flar\u0131 bir araya getirerek kalabal\u0131k ortamlar ya\u015fatmay\u0131 hedefliyor. &Ccedil;ocuklara y&ouml;nelik oyunlar\u0131, gastronomi tezg&acirc;hlar\u0131 ve hediyelik e\u015fya tezgahlar\u0131yla s&uuml;sleniyor.<br \/><em><strong>Ne zaman: <\/strong><\/em>22 Kas\u0131m 2018 &#8211; 6 Ocak 2019<\/p>\n<p><strong>Bath, \u0130ngiltere<\/strong><\/p>\n<p style=\"text-align: center;\"><strong><img loading=\"lazy\" decoding=\"async\" class=\"alignnone size-full wp-image-4249\" src=\"https:\/\/www.julesverne.com.tr\/\/wp-content\/uploads\/2020\/09\/bath.jpg\" width=\"740\" height=\"493\" alt=\"\" srcset=\"https:\/\/julesverne.com.tr\/wp-content\/uploads\/2020\/09\/bath.jpg 740w, https:\/\/julesverne.com.tr\/wp-content\/uploads\/2020\/09\/bath-500x333.jpg 500w\" sizes=\"(max-width: 740px) 100vw, 740px\" \/><\/strong><\/p>\n<p>&Ouml;d&uuml;l kazanan Bath Christmas Market, pitoresk ve tarihi caddeleriyle b&uuml;y&uuml;leyen \u015fehir merkezini k\u0131\u015f masal\u0131na &ccedil;eviriyor. Bu y\u0131l, geri d&ouml;n&uuml;\u015ft&uuml;r&uuml;lm&uuml;\u015f plastik torba ve \u015fi\u015feler kullan\u0131larak tasarlanan Noel pazar\u0131 ye\u015file b&uuml;r&uuml;n&uuml;yor.<br \/><em><strong>Ne zaman:<\/strong> <\/em>22 Kas\u0131m-9 Aral\u0131k 2018<\/p>\n<p><strong>Kopenhag, Danimarka<\/strong><\/p>\n<p style=\"text-align: center;\"><strong><img loading=\"lazy\" decoding=\"async\" class=\"alignnone size-full wp-image-4250\" src=\"https:\/\/www.julesverne.com.tr\/\/wp-content\/uploads\/2020\/09\/copenhagen.jpg\" width=\"1000\" height=\"667\" alt=\"\" srcset=\"https:\/\/julesverne.com.tr\/wp-content\/uploads\/2020\/09\/copenhagen.jpg 1000w, https:\/\/julesverne.com.tr\/wp-content\/uploads\/2020\/09\/copenhagen-500x334.jpg 500w, https:\/\/julesverne.com.tr\/wp-content\/uploads\/2020\/09\/copenhagen-768x512.jpg 768w\" sizes=\"(max-width: 1000px) 100vw, 1000px\" \/><\/strong><\/p>\n<p>Kopenhag, y\u0131l\u0131n Noel d&ouml;neminde iki &ouml;nemli noktas\u0131nda kurulan Noel pazarlar\u0131yla renkleniyor. \u015eehrin sembol yerlerinden olan ve Vesterbro Caddesi&rsquo;nde bulunan Tivoli Bah&ccedil;eleri ve teknelerin demirledi\u011fi Nyhavn kanal\u0131 \u0131\u015f\u0131kland\u0131rmalar\u0131, buz pistleri ve tezg&acirc;hlar\u0131yla \u015fenleniyor.<br \/><em><strong>Ne zaman:<\/strong><\/em> 16 Kas\u0131m-22 Aral\u0131k 2018<\/p>\n<p style=\"text-align: center;\"><strong>Size &ouml;zel seyahat tasar\u0131m\u0131 ve rezervasyon i&ccedil;in:<\/strong><br \/><a href=\"mailto:travel@julesverne.com.tr\" target=\"_blank\" rel=\"noopener noreferrer\"><strong>travel@julesverne.com.tr<\/strong><\/a><br \/><strong>0212 266 6363 &#8211; 118<\/strong><\/p><\/p>\n","protected":false},"excerpt":{"rendered":"<p>Noel pazarlar\u0131, t&uuml;m Avrupa&#8217;da k\u0131\u015f festivaline d&ouml;n&uuml;\u015f&uuml;yor. Tarihi meydanlar, renkli caddeler, yemye\u015fil parklar Noel tezg&acirc;hlar\u0131, buz pistleri, y\u0131lba\u015f\u0131 a\u011fac\u0131 ve \u0131\u015f\u0131kland\u0131rmalar\u0131yla s&uuml;sleniyor.Bu k\u0131\u015f rotan\u0131z\u0131 yine Avrupa&#8217;n\u0131n g&uuml;zel \u015fehirlerine &ccedil;evirin! Geleneklerin en renkli halini ya\u015fatan Avrupa&#8217;n\u0131n en g&uuml;zel Noel pazarlar\u0131n\u0131 sizler i&ccedil;in haz\u0131rlad\u0131k.<\/p>\n","protected":false},"author":1,"featured_media":2015,"comment_status":"closed","ping_status":"closed","sticky":false,"template":"","format":"standard","meta":{"inline_featured_image":false,"footnotes":""},"categories":[1],"tags":[],"acf":[],"yoast_head":"<!-- This site is optimized with the Yoast SEO plugin v22.3 - https:\/\/yoast.com\/wordpress\/plugins\/seo\/ -->\n<title>Avrupa\u2019n\u0131n Birbirinden G\u00fczel Noel Pazarlar\u0131 - JULES VERNE BUSINESS MICE TRAVEL<\/title>\n<meta name=\"robots\" content=\"index, follow, max-snippet:-1, max-image-preview:large, max-video-preview:-1\" \/>\n<link rel=\"canonical\" href=\"https:\/\/julesverne.com.tr\/travel-blog\/avrupanin-birbirinden-guzel-noel-pazarlari\/\" \/>\n<meta property=\"og:locale\" content=\"en_US\" \/>\n<meta property=\"og:type\" content=\"article\" \/>\n<meta property=\"og:title\" content=\"Avrupa\u2019n\u0131n Birbirinden G\u00fczel Noel Pazarlar\u0131 - JULES VERNE BUSINESS MICE TRAVEL\" \/>\n<meta property=\"og:description\" content=\"Noel pazarlar\u0131, t&uuml;m Avrupa&#039;da k\u0131\u015f festivaline d&ouml;n&uuml;\u015f&uuml;yor. Tarihi meydanlar, renkli caddeler, yemye\u015fil parklar Noel tezg&acirc;hlar\u0131, buz pistleri, y\u0131lba\u015f\u0131 a\u011fac\u0131 ve \u0131\u015f\u0131kland\u0131rmalar\u0131yla s&uuml;sleniyor.Bu k\u0131\u015f rotan\u0131z\u0131 yine Avrupa&#039;n\u0131n g&uuml;zel \u015fehirlerine &ccedil;evirin! Geleneklerin en renkli halini ya\u015fatan Avrupa&#039;n\u0131n en g&uuml;zel Noel pazarlar\u0131n\u0131 sizler i&ccedil;in haz\u0131rlad\u0131k.\" \/>\n<meta property=\"og:url\" content=\"https:\/\/julesverne.com.tr\/travel-blog\/avrupanin-birbirinden-guzel-noel-pazarlari\/\" \/>\n<meta property=\"og:site_name\" content=\"JULES VERNE BUSINESS MICE TRAVEL\" \/>\n<meta property=\"article:publisher\" content=\"https:\/\/www.facebook.com\/JulesVerneBusinessMiceTravel\/\" \/>\n<meta property=\"article:published_time\" content=\"2018-11-05T11:35:33+00:00\" \/>\n<meta property=\"article:modified_time\" content=\"2020-09-21T14:36:08+00:00\" \/>\n<meta property=\"og:image\" content=\"https:\/\/julesverne.com.tr\/wp-content\/uploads\/2020\/09\/genel_gorsel.jpg\" \/>\n\t<meta property=\"og:image:width\" content=\"907\" \/>\n\t<meta property=\"og:image:height\" content=\"605\" \/>\n\t<meta property=\"og:image:type\" content=\"image\/jpeg\" \/>\n<meta name=\"author\" content=\"fikirman\" \/>\n<meta name=\"twitter:card\" content=\"summary_large_image\" \/>\n<meta name=\"twitter:creator\" content=\"@JV_BusinessMice\" \/>\n<meta name=\"twitter:site\" content=\"@JV_BusinessMice\" \/>\n<meta name=\"twitter:label1\" content=\"Written by\" \/>\n\t<meta name=\"twitter:data1\" content=\"fikirman\" \/>\n\t<meta name=\"twitter:label2\" content=\"Est. reading time\" \/>\n\t<meta name=\"twitter:data2\" content=\"7 minutes\" \/>\n<script type=\"application\/ld+json\" class=\"yoast-schema-graph\">{\"@context\":\"https:\/\/schema.org\",\"@graph\":[{\"@type\":\"Article\",\"@id\":\"https:\/\/julesverne.com.tr\/travel-blog\/avrupanin-birbirinden-guzel-noel-pazarlari\/#article\",\"isPartOf\":{\"@id\":\"https:\/\/julesverne.com.tr\/travel-blog\/avrupanin-birbirinden-guzel-noel-pazarlari\/\"},\"author\":{\"name\":\"fikirman\",\"@id\":\"https:\/\/julesverne.com.tr\/#\/schema\/person\/f4eb0514ae455538644c31b99a466fdb\"},\"headline\":\"Avrupa\u2019n\u0131n Birbirinden G\u00fczel Noel Pazarlar\u0131\",\"datePublished\":\"2018-11-05T11:35:33+00:00\",\"dateModified\":\"2020-09-21T14:36:08+00:00\",\"mainEntityOfPage\":{\"@id\":\"https:\/\/julesverne.com.tr\/travel-blog\/avrupanin-birbirinden-guzel-noel-pazarlari\/\"},\"wordCount\":1465,\"publisher\":{\"@id\":\"https:\/\/julesverne.com.tr\/#organization\"},\"image\":{\"@id\":\"https:\/\/julesverne.com.tr\/travel-blog\/avrupanin-birbirinden-guzel-noel-pazarlari\/#primaryimage\"},\"thumbnailUrl\":\"https:\/\/julesverne.com.tr\/wp-content\/uploads\/2020\/09\/genel_gorsel.jpg\",\"articleSection\":[\"Blog\"],\"inLanguage\":\"en-US\"},{\"@type\":\"WebPage\",\"@id\":\"https:\/\/julesverne.com.tr\/travel-blog\/avrupanin-birbirinden-guzel-noel-pazarlari\/\",\"url\":\"https:\/\/julesverne.com.tr\/travel-blog\/avrupanin-birbirinden-guzel-noel-pazarlari\/\",\"name\":\"Avrupa\u2019n\u0131n Birbirinden G\u00fczel Noel Pazarlar\u0131 - JULES VERNE BUSINESS MICE TRAVEL\",\"isPartOf\":{\"@id\":\"https:\/\/julesverne.com.tr\/#website\"},\"primaryImageOfPage\":{\"@id\":\"https:\/\/julesverne.com.tr\/travel-blog\/avrupanin-birbirinden-guzel-noel-pazarlari\/#primaryimage\"},\"image\":{\"@id\":\"https:\/\/julesverne.com.tr\/travel-blog\/avrupanin-birbirinden-guzel-noel-pazarlari\/#primaryimage\"},\"thumbnailUrl\":\"https:\/\/julesverne.com.tr\/wp-content\/uploads\/2020\/09\/genel_gorsel.jpg\",\"datePublished\":\"2018-11-05T11:35:33+00:00\",\"dateModified\":\"2020-09-21T14:36:08+00:00\",\"breadcrumb\":{\"@id\":\"https:\/\/julesverne.com.tr\/travel-blog\/avrupanin-birbirinden-guzel-noel-pazarlari\/#breadcrumb\"},\"inLanguage\":\"en-US\",\"potentialAction\":[{\"@type\":\"ReadAction\",\"target\":[\"https:\/\/julesverne.com.tr\/travel-blog\/avrupanin-birbirinden-guzel-noel-pazarlari\/\"]}]},{\"@type\":\"ImageObject\",\"inLanguage\":\"en-US\",\"@id\":\"https:\/\/julesverne.com.tr\/travel-blog\/avrupanin-birbirinden-guzel-noel-pazarlari\/#primaryimage\",\"url\":\"https:\/\/julesverne.com.tr\/wp-content\/uploads\/2020\/09\/genel_gorsel.jpg\",\"contentUrl\":\"https:\/\/julesverne.com.tr\/wp-content\/uploads\/2020\/09\/genel_gorsel.jpg\",\"width\":907,\"height\":605},{\"@type\":\"BreadcrumbList\",\"@id\":\"https:\/\/julesverne.com.tr\/travel-blog\/avrupanin-birbirinden-guzel-noel-pazarlari\/#breadcrumb\",\"itemListElement\":[{\"@type\":\"ListItem\",\"position\":1,\"name\":\"Anasayfa\",\"item\":\"https:\/\/julesverne.com.tr\/\"},{\"@type\":\"ListItem\",\"position\":2,\"name\":\"Avrupa\u2019n\u0131n Birbirinden G\u00fczel Noel Pazarlar\u0131\"}]},{\"@type\":\"WebSite\",\"@id\":\"https:\/\/julesverne.com.tr\/#website\",\"url\":\"https:\/\/julesverne.com.tr\/\",\"name\":\"JULES VERNE BUSINESS MICE TRAVEL\",\"description\":\"\",\"publisher\":{\"@id\":\"https:\/\/julesverne.com.tr\/#organization\"},\"potentialAction\":[{\"@type\":\"SearchAction\",\"target\":{\"@type\":\"EntryPoint\",\"urlTemplate\":\"https:\/\/julesverne.com.tr\/?s={search_term_string}\"},\"query-input\":\"required name=search_term_string\"}],\"inLanguage\":\"en-US\"},{\"@type\":\"Organization\",\"@id\":\"https:\/\/julesverne.com.tr\/#organization\",\"name\":\"JULES VERNE BUSINESS MICE TRAVEL\",\"url\":\"https:\/\/julesverne.com.tr\/\",\"logo\":{\"@type\":\"ImageObject\",\"inLanguage\":\"en-US\",\"@id\":\"https:\/\/julesverne.com.tr\/#\/schema\/logo\/image\/\",\"url\":\"https:\/\/julesverne.com.tr\/wp-content\/uploads\/2020\/09\/jv-bmt-logo.png\",\"contentUrl\":\"https:\/\/julesverne.com.tr\/wp-content\/uploads\/2020\/09\/jv-bmt-logo.png\",\"width\":110,\"height\":81,\"caption\":\"JULES VERNE BUSINESS MICE TRAVEL\"},\"image\":{\"@id\":\"https:\/\/julesverne.com.tr\/#\/schema\/logo\/image\/\"},\"sameAs\":[\"https:\/\/www.facebook.com\/JulesVerneBusinessMiceTravel\/\",\"https:\/\/twitter.com\/JV_BusinessMice\",\"https:\/\/www.instagram.com\/julesvernebusinessmicetravel\/\",\"https:\/\/www.linkedin.com\/company\/julesvernebusinessmicetravel\/\",\"https:\/\/www.youtube.com\/channel\/UCAwdsmbZ6tFhu1tea6pkpiw\"]},{\"@type\":\"Person\",\"@id\":\"https:\/\/julesverne.com.tr\/#\/schema\/person\/f4eb0514ae455538644c31b99a466fdb\",\"name\":\"fikirman\",\"sameAs\":[\"http:\/\/advermedya.net\/julesverne\"],\"url\":\"https:\/\/julesverne.com.tr\/en\/author\/fikirman\/\"}]}<\/script>\n<!-- \/ Yoast SEO plugin. -->","yoast_head_json":{"title":"Avrupa\u2019n\u0131n Birbirinden G\u00fczel Noel Pazarlar\u0131 - JULES VERNE BUSINESS MICE TRAVEL","robots":{"index":"index","follow":"follow","max-snippet":"max-snippet:-1","max-image-preview":"max-image-preview:large","max-video-preview":"max-video-preview:-1"},"canonical":"https:\/\/julesverne.com.tr\/travel-blog\/avrupanin-birbirinden-guzel-noel-pazarlari\/","og_locale":"en_US","og_type":"article","og_title":"Avrupa\u2019n\u0131n Birbirinden G\u00fczel Noel Pazarlar\u0131 - JULES VERNE BUSINESS MICE TRAVEL","og_description":"Noel pazarlar\u0131, t&uuml;m Avrupa'da k\u0131\u015f festivaline d&ouml;n&uuml;\u015f&uuml;yor. Tarihi meydanlar, renkli caddeler, yemye\u015fil parklar Noel tezg&acirc;hlar\u0131, buz pistleri, y\u0131lba\u015f\u0131 a\u011fac\u0131 ve \u0131\u015f\u0131kland\u0131rmalar\u0131yla s&uuml;sleniyor.Bu k\u0131\u015f rotan\u0131z\u0131 yine Avrupa'n\u0131n g&uuml;zel \u015fehirlerine &ccedil;evirin! Geleneklerin en renkli halini ya\u015fatan Avrupa'n\u0131n en g&uuml;zel Noel pazarlar\u0131n\u0131 sizler i&ccedil;in haz\u0131rlad\u0131k.","og_url":"https:\/\/julesverne.com.tr\/travel-blog\/avrupanin-birbirinden-guzel-noel-pazarlari\/","og_site_name":"JULES VERNE BUSINESS MICE TRAVEL","article_publisher":"https:\/\/www.facebook.com\/JulesVerneBusinessMiceTravel\/","article_published_time":"2018-11-05T11:35:33+00:00","article_modified_time":"2020-09-21T14:36:08+00:00","og_image":[{"width":907,"height":605,"url":"https:\/\/julesverne.com.tr\/wp-content\/uploads\/2020\/09\/genel_gorsel.jpg","type":"image\/jpeg"}],"author":"fikirman","twitter_card":"summary_large_image","twitter_creator":"@JV_BusinessMice","twitter_site":"@JV_BusinessMice","twitter_misc":{"Written by":"fikirman","Est. reading time":"7 minutes"},"schema":{"@context":"https:\/\/schema.org","@graph":[{"@type":"Article","@id":"https:\/\/julesverne.com.tr\/travel-blog\/avrupanin-birbirinden-guzel-noel-pazarlari\/#article","isPartOf":{"@id":"https:\/\/julesverne.com.tr\/travel-blog\/avrupanin-birbirinden-guzel-noel-pazarlari\/"},"author":{"name":"fikirman","@id":"https:\/\/julesverne.com.tr\/#\/schema\/person\/f4eb0514ae455538644c31b99a466fdb"},"headline":"Avrupa\u2019n\u0131n Birbirinden G\u00fczel Noel Pazarlar\u0131","datePublished":"2018-11-05T11:35:33+00:00","dateModified":"2020-09-21T14:36:08+00:00","mainEntityOfPage":{"@id":"https:\/\/julesverne.com.tr\/travel-blog\/avrupanin-birbirinden-guzel-noel-pazarlari\/"},"wordCount":1465,"publisher":{"@id":"https:\/\/julesverne.com.tr\/#organization"},"image":{"@id":"https:\/\/julesverne.com.tr\/travel-blog\/avrupanin-birbirinden-guzel-noel-pazarlari\/#primaryimage"},"thumbnailUrl":"https:\/\/julesverne.com.tr\/wp-content\/uploads\/2020\/09\/genel_gorsel.jpg","articleSection":["Blog"],"inLanguage":"en-US"},{"@type":"WebPage","@id":"https:\/\/julesverne.com.tr\/travel-blog\/avrupanin-birbirinden-guzel-noel-pazarlari\/","url":"https:\/\/julesverne.com.tr\/travel-blog\/avrupanin-birbirinden-guzel-noel-pazarlari\/","name":"Avrupa\u2019n\u0131n Birbirinden G\u00fczel Noel Pazarlar\u0131 - JULES VERNE BUSINESS MICE TRAVEL","isPartOf":{"@id":"https:\/\/julesverne.com.tr\/#website"},"primaryImageOfPage":{"@id":"https:\/\/julesverne.com.tr\/travel-blog\/avrupanin-birbirinden-guzel-noel-pazarlari\/#primaryimage"},"image":{"@id":"https:\/\/julesverne.com.tr\/travel-blog\/avrupanin-birbirinden-guzel-noel-pazarlari\/#primaryimage"},"thumbnailUrl":"https:\/\/julesverne.com.tr\/wp-content\/uploads\/2020\/09\/genel_gorsel.jpg","datePublished":"2018-11-05T11:35:33+00:00","dateModified":"2020-09-21T14:36:08+00:00","breadcrumb":{"@id":"https:\/\/julesverne.com.tr\/travel-blog\/avrupanin-birbirinden-guzel-noel-pazarlari\/#breadcrumb"},"inLanguage":"en-US","potentialAction":[{"@type":"ReadAction","target":["https:\/\/julesverne.com.tr\/travel-blog\/avrupanin-birbirinden-guzel-noel-pazarlari\/"]}]},{"@type":"ImageObject","inLanguage":"en-US","@id":"https:\/\/julesverne.com.tr\/travel-blog\/avrupanin-birbirinden-guzel-noel-pazarlari\/#primaryimage","url":"https:\/\/julesverne.com.tr\/wp-content\/uploads\/2020\/09\/genel_gorsel.jpg","contentUrl":"https:\/\/julesverne.com.tr\/wp-content\/uploads\/2020\/09\/genel_gorsel.jpg","width":907,"height":605},{"@type":"BreadcrumbList","@id":"https:\/\/julesverne.com.tr\/travel-blog\/avrupanin-birbirinden-guzel-noel-pazarlari\/#breadcrumb","itemListElement":[{"@type":"ListItem","position":1,"name":"Anasayfa","item":"https:\/\/julesverne.com.tr\/"},{"@type":"ListItem","position":2,"name":"Avrupa\u2019n\u0131n Birbirinden G\u00fczel Noel Pazarlar\u0131"}]},{"@type":"WebSite","@id":"https:\/\/julesverne.com.tr\/#website","url":"https:\/\/julesverne.com.tr\/","name":"JULES VERNE BUSINESS MICE TRAVEL","description":"","publisher":{"@id":"https:\/\/julesverne.com.tr\/#organization"},"potentialAction":[{"@type":"SearchAction","target":{"@type":"EntryPoint","urlTemplate":"https:\/\/julesverne.com.tr\/?s={search_term_string}"},"query-input":"required name=search_term_string"}],"inLanguage":"en-US"},{"@type":"Organization","@id":"https:\/\/julesverne.com.tr\/#organization","name":"JULES VERNE BUSINESS MICE TRAVEL","url":"https:\/\/julesverne.com.tr\/","logo":{"@type":"ImageObject","inLanguage":"en-US","@id":"https:\/\/julesverne.com.tr\/#\/schema\/logo\/image\/","url":"https:\/\/julesverne.com.tr\/wp-content\/uploads\/2020\/09\/jv-bmt-logo.png","contentUrl":"https:\/\/julesverne.com.tr\/wp-content\/uploads\/2020\/09\/jv-bmt-logo.png","width":110,"height":81,"caption":"JULES VERNE BUSINESS MICE TRAVEL"},"image":{"@id":"https:\/\/julesverne.com.tr\/#\/schema\/logo\/image\/"},"sameAs":["https:\/\/www.facebook.com\/JulesVerneBusinessMiceTravel\/","https:\/\/twitter.com\/JV_BusinessMice","https:\/\/www.instagram.com\/julesvernebusinessmicetravel\/","https:\/\/www.linkedin.com\/company\/julesvernebusinessmicetravel\/","https:\/\/www.youtube.com\/channel\/UCAwdsmbZ6tFhu1tea6pkpiw"]},{"@type":"Person","@id":"https:\/\/julesverne.com.tr\/#\/schema\/person\/f4eb0514ae455538644c31b99a466fdb","name":"fikirman","sameAs":["http:\/\/advermedya.net\/julesverne"],"url":"https:\/\/julesverne.com.tr\/en\/author\/fikirman\/"}]}},"_links":{"self":[{"href":"https:\/\/julesverne.com.tr\/en\/wp-json\/wp\/v2\/posts\/2014"}],"collection":[{"href":"https:\/\/julesverne.com.tr\/en\/wp-json\/wp\/v2\/posts"}],"about":[{"href":"https:\/\/julesverne.com.tr\/en\/wp-json\/wp\/v2\/types\/post"}],"author":[{"embeddable":true,"href":"https:\/\/julesverne.com.tr\/en\/wp-json\/wp\/v2\/users\/1"}],"replies":[{"embeddable":true,"href":"https:\/\/julesverne.com.tr\/en\/wp-json\/wp\/v2\/comments?post=2014"}],"version-history":[{"count":0,"href":"https:\/\/julesverne.com.tr\/en\/wp-json\/wp\/v2\/posts\/2014\/revisions"}],"wp:featuredmedia":[{"embeddable":true,"href":"https:\/\/julesverne.com.tr\/en\/wp-json\/wp\/v2\/media\/2015"}],"wp:attachment":[{"href":"https:\/\/julesverne.com.tr\/en\/wp-json\/wp\/v2\/media?parent=2014"}],"wp:term":[{"taxonomy":"category","embeddable":true,"href":"https:\/\/julesverne.com.tr\/en\/wp-json\/wp\/v2\/categories?post=2014"},{"taxonomy":"post_tag","embeddable":true,"href":"https:\/\/julesverne.com.tr\/en\/wp-json\/wp\/v2\/tags?post=2014"}],"curies":[{"name":"wp","href":"https:\/\/api.w.org\/{rel}","templated":true}]}}