{"id":20136,"date":"2025-07-10T10:38:35","date_gmt":"2025-07-10T07:38:35","guid":{"rendered":"https:\/\/julesverne.com.tr\/?p=20136"},"modified":"2025-07-10T10:55:07","modified_gmt":"2025-07-10T07:55:07","slug":"endonezya-ya-vizesiz-seyahatlar-basladi","status":"publish","type":"post","link":"https:\/\/julesverne.com.tr\/en\/haberler\/endonezya-ya-vizesiz-seyahatlar-basladi\/","title":{"rendered":"(TR) Endonezya\u2019dan Yeni Vize Karar\u0131: T\u00fcrkler \u0130\u00e7in Vizesiz Seyahat Ba\u015flad\u0131"},"content":{"rendered":"<p class=\"qtranxs-available-languages-message qtranxs-available-languages-message-en\">Sorry, this entry is only available in <a href=\"https:\/\/julesverne.com.tr\/tr\/wp-json\/wp\/v2\/posts\/20136\" class=\"qtranxs-available-language-link qtranxs-available-language-link-tr\" title=\"TR\">Turkish<\/a>.<\/p>","protected":false},"excerpt":{"rendered":"<p>Sorry, this entry is only available in Turkish.<\/p>\n","protected":false},"author":10,"featured_media":20143,"comment_status":"closed","ping_status":"closed","sticky":false,"template":"","format":"standard","meta":{"inline_featured_image":false,"footnotes":""},"categories":[2,39,5],"tags":[348,145,122,144],"acf":[],"yoast_head":"<!-- This site is optimized with the Yoast SEO plugin v22.3 - https:\/\/yoast.com\/wordpress\/plugins\/seo\/ -->\n<title><\/title>\n<meta name=\"description\" content=\"Endonezya H\u00fck\u00fcmeti seyahat prosed\u00fcrlerini g\u00fcncelleyerek, 03 Temmuz 2025 tarihinden itibaren T\u00fcrk vatanda\u015flar\u0131n\u0131n ya\u015f s\u0131n\u0131r\u0131 olmaks\u0131z\u0131n \u00fclkeye vizesiz seyahat edebilece\u011fini duyurdu.03 Temmuz 2025 itibar\u0131yla T\u00fcrk vatanda\u015flar\u0131 Endonezya\u2019ya, \u00f6zellikle Bali\u2019ye, 30 g\u00fcne kadar vizesiz seyahat edebilecek. T\u00fcm detaylar i\u00e7in t\u0131klay\u0131n!\" \/>\n<meta name=\"robots\" content=\"index, follow, max-snippet:-1, max-image-preview:large, max-video-preview:-1\" \/>\n<link rel=\"canonical\" href=\"https:\/\/julesverne.com.tr\/haberler\/endonezya-ya-vizesiz-seyahatlar-basladi\/\" \/>\n<meta property=\"og:locale\" content=\"en_US\" \/>\n<meta property=\"og:type\" content=\"article\" \/>\n<meta property=\"og:title\" content=\"[:tr]Endonezya\u2019dan Yeni Vize Karar\u0131: T\u00fcrkler \u0130\u00e7in Vizesiz Seyahat Ba\u015flad\u0131[:] - JULES VERNE BUSINESS MICE TRAVEL\" \/>\n<meta property=\"og:description\" content=\"Endonezya H\u00fck\u00fcmeti seyahat prosed\u00fcrlerini g\u00fcncelleyerek, 03 Temmuz 2025 tarihinden itibaren T\u00fcrk vatanda\u015flar\u0131n\u0131n ya\u015f s\u0131n\u0131r\u0131 olmaks\u0131z\u0131n \u00fclkeye vizesiz seyahat edebilece\u011fini duyurdu.03 Temmuz 2025 itibar\u0131yla T\u00fcrk vatanda\u015flar\u0131 Endonezya\u2019ya, \u00f6zellikle Bali\u2019ye, 30 g\u00fcne kadar vizesiz seyahat edebilecek. T\u00fcm detaylar i\u00e7in t\u0131klay\u0131n!\" \/>\n<meta property=\"og:url\" content=\"https:\/\/julesverne.com.tr\/haberler\/endonezya-ya-vizesiz-seyahatlar-basladi\/\" \/>\n<meta property=\"og:site_name\" content=\"JULES VERNE BUSINESS MICE TRAVEL\" \/>\n<meta property=\"article:publisher\" content=\"https:\/\/www.facebook.com\/JulesVerneBusinessMiceTravel\/\" \/>\n<meta property=\"article:published_time\" content=\"2025-07-10T07:38:35+00:00\" \/>\n<meta property=\"article:modified_time\" content=\"2025-07-10T07:55:07+00:00\" \/>\n<meta property=\"og:image\" content=\"https:\/\/julesverne.com.tr\/wp-content\/uploads\/2025\/07\/Bali.png\" \/>\n\t<meta property=\"og:image:width\" content=\"1200\" \/>\n\t<meta property=\"og:image:height\" content=\"628\" \/>\n\t<meta property=\"og:image:type\" content=\"image\/png\" \/>\n<meta name=\"author\" content=\"Ebru Alt\u0131n\" \/>\n<meta name=\"twitter:card\" content=\"summary_large_image\" \/>\n<meta name=\"twitter:creator\" content=\"@JV_BusinessMice\" \/>\n<meta name=\"twitter:site\" content=\"@JV_BusinessMice\" \/>\n<meta name=\"twitter:label1\" content=\"Written by\" \/>\n\t<meta name=\"twitter:data1\" content=\"Ebru Alt\u0131n\" \/>\n\t<meta name=\"twitter:label2\" content=\"Est. reading time\" \/>\n\t<meta name=\"twitter:data2\" content=\"3 minutes\" \/>\n<script type=\"application\/ld+json\" class=\"yoast-schema-graph\">{\"@context\":\"https:\/\/schema.org\",\"@graph\":[{\"@type\":\"Article\",\"@id\":\"https:\/\/julesverne.com.tr\/haberler\/endonezya-ya-vizesiz-seyahatlar-basladi\/#article\",\"isPartOf\":{\"@id\":\"https:\/\/julesverne.com.tr\/haberler\/endonezya-ya-vizesiz-seyahatlar-basladi\/\"},\"author\":{\"name\":\"Ebru Alt\u0131n\",\"@id\":\"https:\/\/julesverne.com.tr\/#\/schema\/person\/219931edfe2e7d9cbbcbabb8a7e4c7f4\"},\"headline\":\"(TR) Endonezya\u2019dan Yeni Vize Karar\u0131: T\u00fcrkler \u0130\u00e7in Vizesiz Seyahat Ba\u015flad\u0131\",\"datePublished\":\"2025-07-10T07:38:35+00:00\",\"dateModified\":\"2025-07-10T07:55:07+00:00\",\"mainEntityOfPage\":{\"@id\":\"https:\/\/julesverne.com.tr\/haberler\/endonezya-ya-vizesiz-seyahatlar-basladi\/\"},\"wordCount\":305,\"publisher\":{\"@id\":\"https:\/\/julesverne.com.tr\/#organization\"},\"image\":{\"@id\":\"https:\/\/julesverne.com.tr\/haberler\/endonezya-ya-vizesiz-seyahatlar-basladi\/#primaryimage\"},\"thumbnailUrl\":\"https:\/\/julesverne.com.tr\/wp-content\/uploads\/2025\/07\/Bali.png\",\"keywords\":[\"Endonezya\",\"News\",\"Seyahat Haberleri\",\"Travel Haberler\"],\"articleSection\":[\"News\",\"Nereye Gitsek?\",\"Travel Haberler\"],\"inLanguage\":\"en-US\"},{\"@type\":\"WebPage\",\"@id\":\"https:\/\/julesverne.com.tr\/haberler\/endonezya-ya-vizesiz-seyahatlar-basladi\/\",\"url\":\"https:\/\/julesverne.com.tr\/haberler\/endonezya-ya-vizesiz-seyahatlar-basladi\/\",\"name\":\"[:tr]Endonezya\u2019dan Yeni Vize Karar\u0131: T\u00fcrkler \u0130\u00e7in Vizesiz Seyahat Ba\u015flad\u0131[:] - JULES VERNE BUSINESS MICE TRAVEL\",\"isPartOf\":{\"@id\":\"https:\/\/julesverne.com.tr\/#website\"},\"primaryImageOfPage\":{\"@id\":\"https:\/\/julesverne.com.tr\/haberler\/endonezya-ya-vizesiz-seyahatlar-basladi\/#primaryimage\"},\"image\":{\"@id\":\"https:\/\/julesverne.com.tr\/haberler\/endonezya-ya-vizesiz-seyahatlar-basladi\/#primaryimage\"},\"thumbnailUrl\":\"https:\/\/julesverne.com.tr\/wp-content\/uploads\/2025\/07\/Bali.png\",\"datePublished\":\"2025-07-10T07:38:35+00:00\",\"dateModified\":\"2025-07-10T07:55:07+00:00\",\"description\":\"Endonezya H\u00fck\u00fcmeti seyahat prosed\u00fcrlerini g\u00fcncelleyerek, 03 Temmuz 2025 tarihinden itibaren T\u00fcrk vatanda\u015flar\u0131n\u0131n ya\u015f s\u0131n\u0131r\u0131 olmaks\u0131z\u0131n \u00fclkeye vizesiz seyahat edebilece\u011fini duyurdu.03 Temmuz 2025 itibar\u0131yla T\u00fcrk vatanda\u015flar\u0131 Endonezya\u2019ya, \u00f6zellikle Bali\u2019ye, 30 g\u00fcne kadar vizesiz seyahat edebilecek. T\u00fcm detaylar i\u00e7in t\u0131klay\u0131n!\",\"breadcrumb\":{\"@id\":\"https:\/\/julesverne.com.tr\/haberler\/endonezya-ya-vizesiz-seyahatlar-basladi\/#breadcrumb\"},\"inLanguage\":\"en-US\",\"potentialAction\":[{\"@type\":\"ReadAction\",\"target\":[\"https:\/\/julesverne.com.tr\/haberler\/endonezya-ya-vizesiz-seyahatlar-basladi\/\"]}]},{\"@type\":\"ImageObject\",\"inLanguage\":\"en-US\",\"@id\":\"https:\/\/julesverne.com.tr\/haberler\/endonezya-ya-vizesiz-seyahatlar-basladi\/#primaryimage\",\"url\":\"https:\/\/julesverne.com.tr\/wp-content\/uploads\/2025\/07\/Bali.png\",\"contentUrl\":\"https:\/\/julesverne.com.tr\/wp-content\/uploads\/2025\/07\/Bali.png\",\"width\":1200,\"height\":628},{\"@type\":\"BreadcrumbList\",\"@id\":\"https:\/\/julesverne.com.tr\/haberler\/endonezya-ya-vizesiz-seyahatlar-basladi\/#breadcrumb\",\"itemListElement\":[{\"@type\":\"ListItem\",\"position\":1,\"name\":\"Anasayfa\",\"item\":\"https:\/\/julesverne.com.tr\/\"},{\"@type\":\"ListItem\",\"position\":2,\"name\":\"Endonezya\u2019dan Yeni Vize Karar\u0131: T\u00fcrkler \u0130\u00e7in Vizesiz Seyahat Ba\u015flad\u0131\"}]},{\"@type\":\"WebSite\",\"@id\":\"https:\/\/julesverne.com.tr\/#website\",\"url\":\"https:\/\/julesverne.com.tr\/\",\"name\":\"JULES VERNE BUSINESS MICE TRAVEL\",\"description\":\"\",\"publisher\":{\"@id\":\"https:\/\/julesverne.com.tr\/#organization\"},\"potentialAction\":[{\"@type\":\"SearchAction\",\"target\":{\"@type\":\"EntryPoint\",\"urlTemplate\":\"https:\/\/julesverne.com.tr\/?s={search_term_string}\"},\"query-input\":\"required name=search_term_string\"}],\"inLanguage\":\"en-US\"},{\"@type\":\"Organization\",\"@id\":\"https:\/\/julesverne.com.tr\/#organization\",\"name\":\"JULES VERNE BUSINESS MICE TRAVEL\",\"url\":\"https:\/\/julesverne.com.tr\/\",\"logo\":{\"@type\":\"ImageObject\",\"inLanguage\":\"en-US\",\"@id\":\"https:\/\/julesverne.com.tr\/#\/schema\/logo\/image\/\",\"url\":\"https:\/\/julesverne.com.tr\/wp-content\/uploads\/2020\/09\/jv-bmt-logo.png\",\"contentUrl\":\"https:\/\/julesverne.com.tr\/wp-content\/uploads\/2020\/09\/jv-bmt-logo.png\",\"width\":110,\"height\":81,\"caption\":\"JULES VERNE BUSINESS MICE TRAVEL\"},\"image\":{\"@id\":\"https:\/\/julesverne.com.tr\/#\/schema\/logo\/image\/\"},\"sameAs\":[\"https:\/\/www.facebook.com\/JulesVerneBusinessMiceTravel\/\",\"https:\/\/twitter.com\/JV_BusinessMice\",\"https:\/\/www.instagram.com\/julesvernebusinessmicetravel\/\",\"https:\/\/www.linkedin.com\/company\/julesvernebusinessmicetravel\/\",\"https:\/\/www.youtube.com\/channel\/UCAwdsmbZ6tFhu1tea6pkpiw\"]},{\"@type\":\"Person\",\"@id\":\"https:\/\/julesverne.com.tr\/#\/schema\/person\/219931edfe2e7d9cbbcbabb8a7e4c7f4\",\"name\":\"Ebru Alt\u0131n\",\"url\":\"https:\/\/julesverne.com.tr\/en\/author\/ebru-altin\/\"}]}<\/script>\n<!-- \/ Yoast SEO plugin. -->","yoast_head_json":{"title":"[:tr]Endonezya\u2019dan Yeni Vize Karar\u0131: T\u00fcrkler \u0130\u00e7in Vizesiz Seyahat Ba\u015flad\u0131[:] - JULES VERNE BUSINESS MICE TRAVEL","description":"Endonezya H\u00fck\u00fcmeti seyahat prosed\u00fcrlerini g\u00fcncelleyerek, 03 Temmuz 2025 tarihinden itibaren T\u00fcrk vatanda\u015flar\u0131n\u0131n ya\u015f s\u0131n\u0131r\u0131 olmaks\u0131z\u0131n \u00fclkeye vizesiz seyahat edebilece\u011fini duyurdu.03 Temmuz 2025 itibar\u0131yla T\u00fcrk vatanda\u015flar\u0131 Endonezya\u2019ya, \u00f6zellikle Bali\u2019ye, 30 g\u00fcne kadar vizesiz seyahat edebilecek. T\u00fcm detaylar i\u00e7in t\u0131klay\u0131n!","robots":{"index":"index","follow":"follow","max-snippet":"max-snippet:-1","max-image-preview":"max-image-preview:large","max-video-preview":"max-video-preview:-1"},"canonical":"https:\/\/julesverne.com.tr\/haberler\/endonezya-ya-vizesiz-seyahatlar-basladi\/","og_locale":"en_US","og_type":"article","og_title":"[:tr]Endonezya\u2019dan Yeni Vize Karar\u0131: T\u00fcrkler \u0130\u00e7in Vizesiz Seyahat Ba\u015flad\u0131[:] - JULES VERNE BUSINESS MICE TRAVEL","og_description":"Endonezya H\u00fck\u00fcmeti seyahat prosed\u00fcrlerini g\u00fcncelleyerek, 03 Temmuz 2025 tarihinden itibaren T\u00fcrk vatanda\u015flar\u0131n\u0131n ya\u015f s\u0131n\u0131r\u0131 olmaks\u0131z\u0131n \u00fclkeye vizesiz seyahat edebilece\u011fini duyurdu.03 Temmuz 2025 itibar\u0131yla T\u00fcrk vatanda\u015flar\u0131 Endonezya\u2019ya, \u00f6zellikle Bali\u2019ye, 30 g\u00fcne kadar vizesiz seyahat edebilecek. T\u00fcm detaylar i\u00e7in t\u0131klay\u0131n!","og_url":"https:\/\/julesverne.com.tr\/haberler\/endonezya-ya-vizesiz-seyahatlar-basladi\/","og_site_name":"JULES VERNE BUSINESS MICE TRAVEL","article_publisher":"https:\/\/www.facebook.com\/JulesVerneBusinessMiceTravel\/","article_published_time":"2025-07-10T07:38:35+00:00","article_modified_time":"2025-07-10T07:55:07+00:00","og_image":[{"width":1200,"height":628,"url":"https:\/\/julesverne.com.tr\/wp-content\/uploads\/2025\/07\/Bali.png","type":"image\/png"}],"author":"Ebru Alt\u0131n","twitter_card":"summary_large_image","twitter_creator":"@JV_BusinessMice","twitter_site":"@JV_BusinessMice","twitter_misc":{"Written by":"Ebru Alt\u0131n","Est. reading time":"3 minutes"},"schema":{"@context":"https:\/\/schema.org","@graph":[{"@type":"Article","@id":"https:\/\/julesverne.com.tr\/haberler\/endonezya-ya-vizesiz-seyahatlar-basladi\/#article","isPartOf":{"@id":"https:\/\/julesverne.com.tr\/haberler\/endonezya-ya-vizesiz-seyahatlar-basladi\/"},"author":{"name":"Ebru Alt\u0131n","@id":"https:\/\/julesverne.com.tr\/#\/schema\/person\/219931edfe2e7d9cbbcbabb8a7e4c7f4"},"headline":"(TR) Endonezya\u2019dan Yeni Vize Karar\u0131: T\u00fcrkler \u0130\u00e7in Vizesiz Seyahat Ba\u015flad\u0131","datePublished":"2025-07-10T07:38:35+00:00","dateModified":"2025-07-10T07:55:07+00:00","mainEntityOfPage":{"@id":"https:\/\/julesverne.com.tr\/haberler\/endonezya-ya-vizesiz-seyahatlar-basladi\/"},"wordCount":305,"publisher":{"@id":"https:\/\/julesverne.com.tr\/#organization"},"image":{"@id":"https:\/\/julesverne.com.tr\/haberler\/endonezya-ya-vizesiz-seyahatlar-basladi\/#primaryimage"},"thumbnailUrl":"https:\/\/julesverne.com.tr\/wp-content\/uploads\/2025\/07\/Bali.png","keywords":["Endonezya","News","Seyahat Haberleri","Travel Haberler"],"articleSection":["News","Nereye Gitsek?","Travel Haberler"],"inLanguage":"en-US"},{"@type":"WebPage","@id":"https:\/\/julesverne.com.tr\/haberler\/endonezya-ya-vizesiz-seyahatlar-basladi\/","url":"https:\/\/julesverne.com.tr\/haberler\/endonezya-ya-vizesiz-seyahatlar-basladi\/","name":"[:tr]Endonezya\u2019dan Yeni Vize Karar\u0131: T\u00fcrkler \u0130\u00e7in Vizesiz Seyahat Ba\u015flad\u0131[:] - JULES VERNE BUSINESS MICE TRAVEL","isPartOf":{"@id":"https:\/\/julesverne.com.tr\/#website"},"primaryImageOfPage":{"@id":"https:\/\/julesverne.com.tr\/haberler\/endonezya-ya-vizesiz-seyahatlar-basladi\/#primaryimage"},"image":{"@id":"https:\/\/julesverne.com.tr\/haberler\/endonezya-ya-vizesiz-seyahatlar-basladi\/#primaryimage"},"thumbnailUrl":"https:\/\/julesverne.com.tr\/wp-content\/uploads\/2025\/07\/Bali.png","datePublished":"2025-07-10T07:38:35+00:00","dateModified":"2025-07-10T07:55:07+00:00","description":"Endonezya H\u00fck\u00fcmeti seyahat prosed\u00fcrlerini g\u00fcncelleyerek, 03 Temmuz 2025 tarihinden itibaren T\u00fcrk vatanda\u015flar\u0131n\u0131n ya\u015f s\u0131n\u0131r\u0131 olmaks\u0131z\u0131n \u00fclkeye vizesiz seyahat edebilece\u011fini duyurdu.03 Temmuz 2025 itibar\u0131yla T\u00fcrk vatanda\u015flar\u0131 Endonezya\u2019ya, \u00f6zellikle Bali\u2019ye, 30 g\u00fcne kadar vizesiz seyahat edebilecek. T\u00fcm detaylar i\u00e7in t\u0131klay\u0131n!","breadcrumb":{"@id":"https:\/\/julesverne.com.tr\/haberler\/endonezya-ya-vizesiz-seyahatlar-basladi\/#breadcrumb"},"inLanguage":"en-US","potentialAction":[{"@type":"ReadAction","target":["https:\/\/julesverne.com.tr\/haberler\/endonezya-ya-vizesiz-seyahatlar-basladi\/"]}]},{"@type":"ImageObject","inLanguage":"en-US","@id":"https:\/\/julesverne.com.tr\/haberler\/endonezya-ya-vizesiz-seyahatlar-basladi\/#primaryimage","url":"https:\/\/julesverne.com.tr\/wp-content\/uploads\/2025\/07\/Bali.png","contentUrl":"https:\/\/julesverne.com.tr\/wp-content\/uploads\/2025\/07\/Bali.png","width":1200,"height":628},{"@type":"BreadcrumbList","@id":"https:\/\/julesverne.com.tr\/haberler\/endonezya-ya-vizesiz-seyahatlar-basladi\/#breadcrumb","itemListElement":[{"@type":"ListItem","position":1,"name":"Anasayfa","item":"https:\/\/julesverne.com.tr\/"},{"@type":"ListItem","position":2,"name":"Endonezya\u2019dan Yeni Vize Karar\u0131: T\u00fcrkler \u0130\u00e7in Vizesiz Seyahat Ba\u015flad\u0131"}]},{"@type":"WebSite","@id":"https:\/\/julesverne.com.tr\/#website","url":"https:\/\/julesverne.com.tr\/","name":"JULES VERNE BUSINESS MICE TRAVEL","description":"","publisher":{"@id":"https:\/\/julesverne.com.tr\/#organization"},"potentialAction":[{"@type":"SearchAction","target":{"@type":"EntryPoint","urlTemplate":"https:\/\/julesverne.com.tr\/?s={search_term_string}"},"query-input":"required name=search_term_string"}],"inLanguage":"en-US"},{"@type":"Organization","@id":"https:\/\/julesverne.com.tr\/#organization","name":"JULES VERNE BUSINESS MICE TRAVEL","url":"https:\/\/julesverne.com.tr\/","logo":{"@type":"ImageObject","inLanguage":"en-US","@id":"https:\/\/julesverne.com.tr\/#\/schema\/logo\/image\/","url":"https:\/\/julesverne.com.tr\/wp-content\/uploads\/2020\/09\/jv-bmt-logo.png","contentUrl":"https:\/\/julesverne.com.tr\/wp-content\/uploads\/2020\/09\/jv-bmt-logo.png","width":110,"height":81,"caption":"JULES VERNE BUSINESS MICE TRAVEL"},"image":{"@id":"https:\/\/julesverne.com.tr\/#\/schema\/logo\/image\/"},"sameAs":["https:\/\/www.facebook.com\/JulesVerneBusinessMiceTravel\/","https:\/\/twitter.com\/JV_BusinessMice","https:\/\/www.instagram.com\/julesvernebusinessmicetravel\/","https:\/\/www.linkedin.com\/company\/julesvernebusinessmicetravel\/","https:\/\/www.youtube.com\/channel\/UCAwdsmbZ6tFhu1tea6pkpiw"]},{"@type":"Person","@id":"https:\/\/julesverne.com.tr\/#\/schema\/person\/219931edfe2e7d9cbbcbabb8a7e4c7f4","name":"Ebru Alt\u0131n","url":"https:\/\/julesverne.com.tr\/en\/author\/ebru-altin\/"}]}},"_links":{"self":[{"href":"https:\/\/julesverne.com.tr\/en\/wp-json\/wp\/v2\/posts\/20136"}],"collection":[{"href":"https:\/\/julesverne.com.tr\/en\/wp-json\/wp\/v2\/posts"}],"about":[{"href":"https:\/\/julesverne.com.tr\/en\/wp-json\/wp\/v2\/types\/post"}],"author":[{"embeddable":true,"href":"https:\/\/julesverne.com.tr\/en\/wp-json\/wp\/v2\/users\/10"}],"replies":[{"embeddable":true,"href":"https:\/\/julesverne.com.tr\/en\/wp-json\/wp\/v2\/comments?post=20136"}],"version-history":[{"count":6,"href":"https:\/\/julesverne.com.tr\/en\/wp-json\/wp\/v2\/posts\/20136\/revisions"}],"predecessor-version":[{"id":20149,"href":"https:\/\/julesverne.com.tr\/en\/wp-json\/wp\/v2\/posts\/20136\/revisions\/20149"}],"wp:featuredmedia":[{"embeddable":true,"href":"https:\/\/julesverne.com.tr\/en\/wp-json\/wp\/v2\/media\/20143"}],"wp:attachment":[{"href":"https:\/\/julesverne.com.tr\/en\/wp-json\/wp\/v2\/media?parent=20136"}],"wp:term":[{"taxonomy":"category","embeddable":true,"href":"https:\/\/julesverne.com.tr\/en\/wp-json\/wp\/v2\/categories?post=20136"},{"taxonomy":"post_tag","embeddable":true,"href":"https:\/\/julesverne.com.tr\/en\/wp-json\/wp\/v2\/tags?post=20136"}],"curies":[{"name":"wp","href":"https:\/\/api.w.org\/{rel}","templated":true}]}}