{"id":2012,"date":"2018-11-01T11:57:51","date_gmt":"2018-11-01T08:57:51","guid":{"rendered":"https:\/\/www.julesverne.com.tr\/\/blog\/en-keyifli-kasim-ayi-seyahat-onerileri\/"},"modified":"2021-03-04T15:16:54","modified_gmt":"2021-03-04T12:16:54","slug":"en-keyifli-kasim-ayi-seyahat-onerileri","status":"publish","type":"post","link":"https:\/\/julesverne.com.tr\/en\/travel-blog\/en-keyifli-kasim-ayi-seyahat-onerileri\/","title":{"rendered":"En Keyifli Kas\u0131m Ay\u0131 Seyahat \u00d6nerileri"},"content":{"rendered":"<p><p style=\"text-align: center;\"><img loading=\"lazy\" decoding=\"async\" class=\"alignnone size-full wp-image-4252\" src=\"https:\/\/www.julesverne.com.tr\/\/wp-content\/uploads\/2020\/09\/manarola_kapak.jpg\" width=\"1000\" height=\"653\" alt=\"\" srcset=\"https:\/\/julesverne.com.tr\/wp-content\/uploads\/2020\/09\/manarola_kapak.jpg 1000w, https:\/\/julesverne.com.tr\/wp-content\/uploads\/2020\/09\/manarola_kapak-500x327.jpg 500w, https:\/\/julesverne.com.tr\/wp-content\/uploads\/2020\/09\/manarola_kapak-768x502.jpg 768w\" sizes=\"(max-width: 1000px) 100vw, 1000px\" \/><\/p>\n<p>Tarih, do\u011fa, macera veya deniz tatili isteyenler i&ccedil;in Kas\u0131m ay\u0131n\u0131n en g&uuml;zel seyahat rotalar\u0131n\u0131 derledik. \u015eanl\u0131urfa&rsquo;dan Tayland&rsquo;a, &Uuml;rd&uuml;n&rsquo;den Cinque Terre&rsquo;ye d&uuml;nyan\u0131n d&ouml;rt bir yan\u0131na uzanan Kas\u0131m ay\u0131 seyahat &ouml;nerileri&hellip;<\/p>\n<p><strong>Marake\u015f<\/strong><\/p>\n<p><strong><img loading=\"lazy\" decoding=\"async\" class=\"alignnone size-full wp-image-4253\" src=\"https:\/\/www.julesverne.com.tr\/\/wp-content\/uploads\/2020\/09\/marrakech_riad.jpg\" width=\"850\" height=\"566\" alt=\"\" srcset=\"https:\/\/julesverne.com.tr\/wp-content\/uploads\/2020\/09\/marrakech_riad.jpg 850w, https:\/\/julesverne.com.tr\/wp-content\/uploads\/2020\/09\/marrakech_riad-500x333.jpg 500w, https:\/\/julesverne.com.tr\/wp-content\/uploads\/2020\/09\/marrakech_riad-768x511.jpg 768w\" sizes=\"(max-width: 850px) 100vw, 850px\" \/><\/strong><\/p>\n<p>T&uuml;m duyular\u0131n\u0131z\u0131 harekete ge&ccedil;irecek bir seyahate haz\u0131r m\u0131s\u0131n\u0131z? Fas&#8217;\u0131n masals\u0131 \u015fehri Marake\u015f&#8217;i bir yanda karma\u015fay\u0131 bir yanda labirenti and\u0131ran sokaklar\u0131 aras\u0131ndan huzuru &ccedil;a\u011fr\u0131\u015ft\u0131r\u0131yor. Do\u011fu ritimleri ve mistisizmiyle sizi hemen etkisi alt\u0131na alan Marake\u015f, riyad denilen avlulu evleri, tarihi \u015fehir b&ouml;l&uuml;m&uuml; ve modern hayata adapte olan yeni \u015fehir b&ouml;l&uuml;m&uuml;yle t&uuml;m duygular\u0131 bir arada ya\u015fatmay\u0131 ba\u015far\u0131yor.&nbsp;<\/p>\n<p>Eski bir imparatorluk ba\u015fkenti olan Marake\u015f&#8217;te \u0130slam mimarisinin en g&uuml;zel &ouml;rneklerini g&ouml;rebilir, Yahudi Mahallesi&#8217;nde Yahudi k&uuml;lt&uuml;r&uuml;n&uuml;n zenginli\u011fini ke\u015ffedebilir, Souq Semmarine ve Souq El Kebir ile geleneksel al\u0131\u015fveri\u015fin keyfini ya\u015fayabilirsiniz. Birbiri ard\u0131na a&ccedil;\u0131lan tasar\u0131m ma\u011fazalar\u0131 ile \u015fehrin &ccedil;a\u011fda\u015f d&uuml;nyas\u0131na ad\u0131m atabilir, hamam ve spa deneyim keyfini l&uuml;ks riyad tipi otellerde s&uuml;rebilirsiniz.<\/p>\n<p><strong>&Uuml;rd&uuml;n<\/strong><\/p>\n<p style=\"text-align: center;\"><strong><img loading=\"lazy\" decoding=\"async\" class=\"alignnone size-full wp-image-4254\" src=\"https:\/\/www.julesverne.com.tr\/\/wp-content\/uploads\/2020\/09\/petra-1.jpg\" width=\"1000\" height=\"668\" alt=\"\" srcset=\"https:\/\/julesverne.com.tr\/wp-content\/uploads\/2020\/09\/petra-1.jpg 1000w, https:\/\/julesverne.com.tr\/wp-content\/uploads\/2020\/09\/petra-1-500x334.jpg 500w, https:\/\/julesverne.com.tr\/wp-content\/uploads\/2020\/09\/petra-1-768x513.jpg 768w\" sizes=\"(max-width: 1000px) 100vw, 1000px\" \/><\/strong><\/p>\n<p>Ortado\u011fu&#8217;yu yeniden ke\u015ffetmenin tam zaman\u0131! K&uuml;&ccedil;&uuml;k bir &uuml;lke olmas\u0131na ra\u011fmen b&uuml;y&uuml;leyici tarihi, &ccedil;&ouml;l manzaralar\u0131 ve sualt\u0131 ya\u015fam\u0131yla her k&ouml;\u015fesinde sizi farkl\u0131 bir deneyimle bulu\u015fturan &Uuml;rd&uuml;n&#8230; D&uuml;nyan\u0131n 7 yeni harikas\u0131ndan biri kabul edilen Petra, Bedevi k&uuml;lt&uuml;r&uuml;n&uuml; ya\u015fatan bir macera: Wadi Rum &Ccedil;&ouml;l&uuml;, sahil sayfiye kasabas\u0131 Akabe ve sualt\u0131 zenginli\u011fi, Tevrat&rsquo;a g&ouml;re Hz. Musa&rsquo;n\u0131n vaat edilen topraklar\u0131 g&ouml;rd&uuml;\u011f&uuml; ve ya\u015fam\u0131n\u0131 yitirdi\u011fi Nebo Da\u011f\u0131,&nbsp; &#8220;Mozaikler \u015eehri&#8221; Madaba bu &uuml;lkenin zenginliklerinden sadece birka&ccedil;\u0131.<\/p>\n<p><strong>Urfa<\/strong><\/p>\n<p style=\"text-align: center;\"><a href=\"http:\/\/gezi.julesverne.com.tr\/geziler\/yurt-ici-ozel-gezilerimiz\/efsanelerin-geleneklerin-hosgorunun-sehri-urfa-da-masallara-inanma-zamani\" target=\"_blank\" rel=\"noopener noreferrer\"><strong><img loading=\"lazy\" decoding=\"async\" class=\"alignnone size-full wp-image-4255\" src=\"https:\/\/www.julesverne.com.tr\/\/wp-content\/uploads\/2020\/09\/balikligol.jpg\" width=\"1000\" height=\"666\" alt=\"\" srcset=\"https:\/\/julesverne.com.tr\/wp-content\/uploads\/2020\/09\/balikligol.jpg 1000w, https:\/\/julesverne.com.tr\/wp-content\/uploads\/2020\/09\/balikligol-500x333.jpg 500w, https:\/\/julesverne.com.tr\/wp-content\/uploads\/2020\/09\/balikligol-768x511.jpg 768w\" sizes=\"(max-width: 1000px) 100vw, 1000px\" \/><\/strong><\/a><\/p>\n<p>Sonbahar ile en g&uuml;zel mevsime giri\u015f yapan G&uuml;ney Do\u011fu Anadolu B&ouml;lgesi ke\u015ffedilmek i&ccedil;in sizi bekliyor. A\u015f\u0131r\u0131 s\u0131caklar\u0131n yerini \u0131l\u0131k havalara b\u0131rakt\u0131\u011f\u0131 topraklarda binlerce y\u0131ll\u0131k geleneklere ve tarihe yolculu\u011fa &ccedil;\u0131k\u0131n. Peygamberler \u015fehri Urfa&rsquo;dan ba\u015flayarak UNESCO D&uuml;nya Miras\u0131 listesine giren d&uuml;nyan\u0131n en eski tap\u0131na\u011f\u0131n\u0131n yer ald\u0131\u011f\u0131 G&ouml;beklitepe gezisi ile devam edin. M.&Ouml; 6. y&uuml;zy\u0131ldan g&uuml;n&uuml;m&uuml;ze kadar yerle\u015fim yeri olan ve bir d&ouml;nem Asurlular ile Emeviler&rsquo;e ba\u015fkentlik yapan Harran&rsquo;\u0131 gezin.<\/p>\n<p><strong>23-25 Kas\u0131m<\/strong> tarihleri aras\u0131nda<strong>&nbsp;<a href=\"http:\/\/gezi.julesverne.com.tr\/geziler\/yurt-ici-ozel-gezilerimiz\/efsanelerin-geleneklerin-hosgorunun-sehri-urfa-da-masallara-inanma-zamani\" target=\"_blank\" rel=\"noopener noreferrer\">N&uuml;khet Everi ile Urfa-G&ouml;beklitepe-Harran<\/a><\/strong> gezisi ile ya\u015fad\u0131\u011f\u0131m\u0131z topraklar\u0131n bilinmeyen hik&acirc;yelerini ke\u015ffedin!<br \/><strong><a href=\"http:\/\/gezi.julesverne.com.tr\/geziler\/yurt-ici-ozel-gezilerimiz\/efsanelerin-geleneklerin-hosgorunun-sehri-urfa-da-masallara-inanma-zamani\" target=\"_blank\" rel=\"noopener noreferrer\">Detayl\u0131 Program Bilgisi i&ccedil;in T\u0131klay\u0131n!<\/a><\/strong><\/p>\n<p><strong>Cinque Terre<\/strong><\/p>\n<p style=\"text-align: center;\"><strong><img loading=\"lazy\" decoding=\"async\" class=\"alignnone size-full wp-image-4256\" src=\"https:\/\/www.julesverne.com.tr\/\/wp-content\/uploads\/2020\/09\/vernezza.jpg\" width=\"1000\" height=\"667\" alt=\"\" srcset=\"https:\/\/julesverne.com.tr\/wp-content\/uploads\/2020\/09\/vernezza.jpg 1000w, https:\/\/julesverne.com.tr\/wp-content\/uploads\/2020\/09\/vernezza-500x334.jpg 500w, https:\/\/julesverne.com.tr\/wp-content\/uploads\/2020\/09\/vernezza-768x512.jpg 768w\" sizes=\"(max-width: 1000px) 100vw, 1000px\" \/><\/strong><\/p>\n<p>UNESCO D&uuml;nya Miras\u0131 Listesi&#8217;nde yer alan Cinque Terre yani &#8220;5 Toprak&#8221;; \u0130talya&#8217;n\u0131n kuzeybat\u0131 sahillerinde da\u011flar ve deniz aras\u0131ndaki yama&ccedil; ve vadilere kurulan be\u015f pitoresk k&ouml;ye verilen ad. Ligurya sahillerinde, da\u011f eteklerine kurulan bu 5 k&ouml;y sizi ger&ccedil;ek d&uuml;nyadan al\u0131p bir masal d&uuml;nyas\u0131na g&ouml;t&uuml;r&uuml;yor. Dar sokaklar\u0131, ye\u015fil panjurlu evleri ile g&uuml;n&uuml;n her saati farkl\u0131 bir manzara sunan k&ouml;yleri gezmek i&ccedil;in sezon d\u0131\u015f\u0131 d&ouml;nemi tercih etmelisiniz. Yaz aylar\u0131nda mah\u015fer yerine d&ouml;nen Cinque Terre k&ouml;ylerini sakin olan zamanda ziyaret etmekten b&uuml;y&uuml;k keyif alacaks\u0131n\u0131z.&nbsp;<\/p>\n<p style=\"text-align: center;\"><img loading=\"lazy\" decoding=\"async\" class=\"alignnone size-full wp-image-4257\" src=\"https:\/\/www.julesverne.com.tr\/\/wp-content\/uploads\/2020\/09\/maggiore.jpg\" width=\"1000\" height=\"474\" alt=\"\" srcset=\"https:\/\/julesverne.com.tr\/wp-content\/uploads\/2020\/09\/maggiore.jpg 1000w, https:\/\/julesverne.com.tr\/wp-content\/uploads\/2020\/09\/maggiore-500x237.jpg 500w, https:\/\/julesverne.com.tr\/wp-content\/uploads\/2020\/09\/maggiore-768x364.jpg 768w\" sizes=\"(max-width: 1000px) 100vw, 1000px\" \/><\/p>\n<p>Co\u011frafik yap\u0131s\u0131 sebebiyle ula\u015f\u0131m\u0131n zor oldu\u011fu k&ouml;yleri denize yak\u0131n bir konumdan ge&ccedil;en tren yolculu\u011fu ile ke\u015ffetmek en g&uuml;zeli. La Spezia&rsquo;dan sola do\u011fru Riomaggiore, Manarola, Corniglia, Vernazza ve Monterosso al Mare olarak s\u0131ralanan k&ouml;yler aras\u0131n\u0131 kondisyonunuza ba\u011fl\u0131 olarak y&uuml;r&uuml;yerek de ge&ccedil;ebilirsiniz. En az\u0131ndan Riomaggiore&#8217;den Manarola&#8217;ya, me\u015fhur manzaral\u0131&nbsp; &#8220;via dell Amore&#8221; yolundan 30 dakika y&uuml;r&uuml;yerek gitmelisiniz. Cinque Terre seyahatinizi g&uuml;n&uuml;birlik yapacaksan\u0131z en az\u0131ndan 3 k&ouml;y&uuml; se&ccedil;erek gezmenizi &ouml;neriyoruz. Seyahatinizi La Spezia-Cinque Terre-Portofino olarak programlay\u0131p, \u0130talyan sonbahar\u0131n\u0131n sakin ve huzur veren atmosferini ya\u015fayabilirsiniz.<\/p>\n<p><strong>Abu Dhabi<\/strong><\/p>\n<p style=\"text-align: center;\"><strong><img loading=\"lazy\" decoding=\"async\" class=\"alignnone size-full wp-image-4258\" src=\"https:\/\/www.julesverne.com.tr\/\/wp-content\/uploads\/2020\/09\/abu_dhabi.jpg\" width=\"1000\" height=\"672\" alt=\"\" srcset=\"https:\/\/julesverne.com.tr\/wp-content\/uploads\/2020\/09\/abu_dhabi.jpg 1000w, https:\/\/julesverne.com.tr\/wp-content\/uploads\/2020\/09\/abu_dhabi-500x336.jpg 500w, https:\/\/julesverne.com.tr\/wp-content\/uploads\/2020\/09\/abu_dhabi-768x516.jpg 768w\" sizes=\"(max-width: 1000px) 100vw, 1000px\" \/><\/strong><\/p>\n<p>D&uuml;nyan\u0131n en b&uuml;y&uuml;k el hal\u0131s\u0131, en h\u0131zl\u0131 roller coaster&#8217;\u0131, en iyi e\u011fime sahip kulesi, 21. y&uuml;zy\u0131l\u0131n en b&uuml;y&uuml;k k&uuml;lt&uuml;rel binalar\u0131 derken d&uuml;nya rekorlar\u0131na kafa tutmaya devam eden Abu Dhabi&#8230; Yoktan var etmenin ne demek oldu\u011funu bu y&uuml;zy\u0131l ko\u015fullar\u0131yla t&uuml;m d&uuml;nyaya g&ouml;steren Abu Dhabi k&uuml;lt&uuml;rel yat\u0131r\u0131mlar\u0131yla da iddias\u0131n\u0131 s&uuml;rd&uuml;r&uuml;yor.<\/p>\n<p>D&uuml;nyan\u0131n en b&uuml;y&uuml;k camilerini ziyaret edip, mimarisi ve koleksiyonlar\u0131yla b&uuml;y&uuml;leyen Louvre M&uuml;zesi&#8217;nde kendinizi sanata ve mimariye teslim edebilirsiniz. D&uuml;nyan\u0131n en b&uuml;y&uuml;k &ccedil;&ouml;l&uuml; Rub Al Khali&#8217;de &ccedil;&ouml;l y&uuml;r&uuml;y&uuml;\u015fleri ve deve ile gezinti yap\u0131p u&ccedil;suz bucaks\u0131z manzaralara kar\u015f\u0131 g&uuml;n&uuml; bat\u0131rabilirsiniz. Plaj voleybolu, su sporlar\u0131, \u015fnorkel le dal\u0131\u015f, paddle boarding, deniz kaya\u011f\u0131, 4&#215;4 s&uuml;r&uuml;\u015f gibi farkl\u0131 se&ccedil;enekler sunan Sir Bani Yas Adas\u0131&#8217;nda zaman\u0131 unutabilirsiniz. Yas Waterworld ile d&uuml;nyan\u0131n g&ouml;rkemli su parklar\u0131ndan birinde e\u011flenceye doyabilirsiniz.<\/p>\n<p><strong>Tayland<\/strong><\/p>\n<p style=\"text-align: center;\"><strong><img loading=\"lazy\" decoding=\"async\" class=\"alignnone size-full wp-image-4259\" src=\"https:\/\/www.julesverne.com.tr\/\/wp-content\/uploads\/2020\/09\/chiang_mai-1.jpg\" width=\"740\" height=\"505\" alt=\"\" srcset=\"https:\/\/julesverne.com.tr\/wp-content\/uploads\/2020\/09\/chiang_mai-1.jpg 740w, https:\/\/julesverne.com.tr\/wp-content\/uploads\/2020\/09\/chiang_mai-1-500x341.jpg 500w\" sizes=\"(max-width: 740px) 100vw, 740px\" \/><\/strong><\/p>\n<p>Tropikal iklim ku\u015fa\u011f\u0131nda yer alan Tayland i&ccedil;in en g&uuml;zel seyahat zaman\u0131 ba\u015fl\u0131yor. Ekim sonu itibariyle en uygun havalar\u0131n ba\u015flad\u0131\u011f\u0131 Tayland&#8217;da Kas\u0131m ay\u0131 &ouml;nerileri olarak iki alternatifi de\u011ferlendirebilirsiniz.<\/p>\n<p>Daha &ccedil;ok k&uuml;lt&uuml;r ve tarih odakl\u0131 bir seyahat d&uuml;\u015f&uuml;n&uuml;yorsan\u0131z Laos, Myanmar ve Tayland s\u0131n\u0131rlar\u0131n\u0131n bulu\u015ftu\u011fu Alt\u0131n &Uuml;&ccedil;gen&#8217;e (Golden Triangle) seyahat plan\u0131 olu\u015fturabilirsiniz. Alt\u0131n &Uuml;&ccedil;gen&#8217;in bir zamanlar eri\u015filemeyen <strong>Kuzey Tayland<\/strong> b&ouml;l&uuml;m&uuml;nde,&nbsp; Chiang Rai ve Chiang Mai \u015fehirlerini g&ouml;rebilirsiniz. Tarihte Lan Na Krall\u0131\u011f\u0131&#8217;n\u0131n ba\u015fkentli\u011fini yapm\u0131\u015f olan Chiang Rai g&ouml;rkemli tap\u0131naklar\u0131 ve mimari zarafetiyle duyular\u0131n\u0131z\u0131 harekete ge&ccedil;iriyor. Golden Triangle s\u0131n\u0131r\u0131na bir ad\u0131m uzak olan Chang Mai ise 13.y&uuml;zy\u0131lda kurulan bir tap\u0131naklar \u015fehri. 300&rsquo;den fazla tap\u0131na\u011f\u0131n yer ald\u0131\u011f\u0131 \u015fehir mimarisi, do\u011fas\u0131 ve ya\u015fam\u0131yla b&uuml;y&uuml;leyici.<\/p>\n<p style=\"text-align: center;\"><img loading=\"lazy\" decoding=\"async\" class=\"alignnone size-full wp-image-4260\" src=\"https:\/\/www.julesverne.com.tr\/\/wp-content\/uploads\/2020\/09\/koh_kood.jpg\" width=\"1000\" height=\"668\" alt=\"\" srcset=\"https:\/\/julesverne.com.tr\/wp-content\/uploads\/2020\/09\/koh_kood.jpg 1000w, https:\/\/julesverne.com.tr\/wp-content\/uploads\/2020\/09\/koh_kood-500x334.jpg 500w, https:\/\/julesverne.com.tr\/wp-content\/uploads\/2020\/09\/koh_kood-768x513.jpg 768w\" sizes=\"(max-width: 1000px) 100vw, 1000px\" \/><\/p>\n<p>Phuket, Ko Samui adalar\u0131n\u0131n pop&uuml;lerli\u011fini ve cazibesini tart\u0131\u015fmaya gerek yok! Ancak, bu Kas\u0131m ay\u0131 i&ccedil;in denizle bula\u015faca\u011f\u0131n\u0131z bamba\u015fka bir adadan bahsetmek istiyoruz&#8230; Bangkok&#8217;a 403 km uzakl\u0131kta bulunan Trat&#8217;tan h\u0131zl\u0131 feribotla 1 saatte ula\u015fabilece\u011finiz <strong>Koh Kood<\/strong> Adas\u0131 &uuml;lkenin 4. b&uuml;y&uuml;k adas\u0131. Ko Samui&#8217;nin eski sakin ve pop&uuml;lerle\u015fmeyen zamanlar\u0131n\u0131 an\u0131msatan Koh Kood hamakta sallan\u0131p, geni\u015f ormanl\u0131k alanlar\u0131n\u0131 ke\u015ffedip, denizin tad\u0131n\u0131 &ccedil;\u0131karabilirsiniz.<\/p>\n<p><strong>Los Angeles<\/strong><\/p>\n<p><strong><img loading=\"lazy\" decoding=\"async\" class=\"alignnone size-full wp-image-4261\" src=\"https:\/\/www.julesverne.com.tr\/\/wp-content\/uploads\/2020\/09\/la.jpg\" width=\"1000\" height=\"668\" alt=\"\" srcset=\"https:\/\/julesverne.com.tr\/wp-content\/uploads\/2020\/09\/la.jpg 1000w, https:\/\/julesverne.com.tr\/wp-content\/uploads\/2020\/09\/la-500x334.jpg 500w, https:\/\/julesverne.com.tr\/wp-content\/uploads\/2020\/09\/la-768x513.jpg 768w\" sizes=\"(max-width: 1000px) 100vw, 1000px\" \/><\/strong><\/p>\n<p>G&uuml;ney Kaliforniya&#8217;n\u0131n hayat damar\u0131 Los Angeles&#8230; Okyanustan gelen mis gibi tuz kokusu, upuzun sahilleri, d&uuml;nyaca &uuml;nl&uuml; y\u0131ld\u0131zlar\u0131n g&ouml;steri\u015fli hayatlar\u0131, ilham verecek m&uuml;zeleri, g&ouml;sterileri, her biri farkl\u0131 karaktere sahip semtleriyle bamba\u015fka bir d&uuml;nyan\u0131n kap\u0131lar\u0131n\u0131 aral\u0131yor. Her biri kendi i&ccedil;inde ayr\u0131 bir h&uuml;k&uuml;mdarl\u0131k kuran semtlerinde yeni bir deneyimle kar\u015f\u0131la\u015fmak s&uuml;rpriz olmayacak!<\/p>\n<p>Mega malik&acirc;neleri ve l&uuml;ks ma\u011fazalar\u0131yla Beverly Hills, Hollywood ihti\u015fam\u0131n\u0131 yans\u0131tan West Hollywood, &#8220;turistik yo\u011funluktan&#8221; kendini kurtaramayan Hollywood, m&uuml;zelerin kesi\u015fim noktas\u0131 Downtown ve upuzun sahillerin adresi Santa Monica ile Venice Beach&#8230; Hi&ccedil;bir zaman zaman\u0131n ke\u015ffetmeye yetmedi\u011fi Los Angeles&#8217;ta bamba\u015fka hayat hik&acirc;yelerine, bamba\u015fka k&uuml;lt&uuml;rlere tan\u0131k olabilirsiniz.<\/p>\n<p style=\"text-align: center;\"><strong>Size &ouml;zel seyahat tasar\u0131m\u0131 ve rezervasyon i&ccedil;in:<\/strong><br \/><a href=\"mailto:travel@julesverne.com.tr\" target=\"_blank\" rel=\"noopener noreferrer\"><strong>travel@julesverne.com.tr<\/strong><\/a><br \/><strong>0212 266 6363 &#8211; 137<\/strong><\/p><\/p>\n","protected":false},"excerpt":{"rendered":"<p>Tarih, do\u011fa, macera veya deniz tatili isteyenler i&ccedil;in Kas\u0131m ay\u0131n\u0131n en g&uuml;zel seyahat rotalar\u0131n\u0131 derledik. \u015eanl\u0131urfa&rsquo;dan Tayland&rsquo;a, &Uuml;rd&uuml;n&rsquo;den Cinque Terre&rsquo;ye, Marake\u015f&#8217;ten Los Angeles&#8217;a d&uuml;nyan\u0131n d&ouml;rt bir yan\u0131na uzanan Kas\u0131m ay\u0131 seyahat &ouml;nerileri&hellip;<\/p>\n","protected":false},"author":1,"featured_media":2013,"comment_status":"closed","ping_status":"closed","sticky":false,"template":"","format":"standard","meta":{"inline_featured_image":false,"footnotes":""},"categories":[38,1,39],"tags":[],"acf":[],"yoast_head":"<!-- This site is optimized with the Yoast SEO plugin v22.3 - https:\/\/yoast.com\/wordpress\/plugins\/seo\/ -->\n<title>En Keyifli Kas\u0131m Ay\u0131 Seyahat \u00d6nerileri - JULES VERNE BUSINESS MICE TRAVEL<\/title>\n<meta name=\"robots\" content=\"index, follow, max-snippet:-1, max-image-preview:large, max-video-preview:-1\" \/>\n<link rel=\"canonical\" href=\"https:\/\/julesverne.com.tr\/travel-blog\/en-keyifli-kasim-ayi-seyahat-onerileri\/\" \/>\n<meta property=\"og:locale\" content=\"en_US\" \/>\n<meta property=\"og:type\" content=\"article\" \/>\n<meta property=\"og:title\" content=\"En Keyifli Kas\u0131m Ay\u0131 Seyahat \u00d6nerileri - JULES VERNE BUSINESS MICE TRAVEL\" \/>\n<meta property=\"og:description\" content=\"Tarih, do\u011fa, macera veya deniz tatili isteyenler i&ccedil;in Kas\u0131m ay\u0131n\u0131n en g&uuml;zel seyahat rotalar\u0131n\u0131 derledik. \u015eanl\u0131urfa&rsquo;dan Tayland&rsquo;a, &Uuml;rd&uuml;n&rsquo;den Cinque Terre&rsquo;ye, Marake\u015f&#039;ten Los Angeles&#039;a d&uuml;nyan\u0131n d&ouml;rt bir yan\u0131na uzanan Kas\u0131m ay\u0131 seyahat &ouml;nerileri&hellip;\" \/>\n<meta property=\"og:url\" content=\"https:\/\/julesverne.com.tr\/travel-blog\/en-keyifli-kasim-ayi-seyahat-onerileri\/\" \/>\n<meta property=\"og:site_name\" content=\"JULES VERNE BUSINESS MICE TRAVEL\" \/>\n<meta property=\"article:publisher\" content=\"https:\/\/www.facebook.com\/JulesVerneBusinessMiceTravel\/\" \/>\n<meta property=\"article:published_time\" content=\"2018-11-01T08:57:51+00:00\" \/>\n<meta property=\"article:modified_time\" content=\"2021-03-04T12:16:54+00:00\" \/>\n<meta property=\"og:image\" content=\"https:\/\/julesverne.com.tr\/wp-content\/uploads\/2020\/09\/manarola.jpg\" \/>\n\t<meta property=\"og:image:width\" content=\"1000\" \/>\n\t<meta property=\"og:image:height\" content=\"667\" \/>\n\t<meta property=\"og:image:type\" content=\"image\/jpeg\" \/>\n<meta name=\"author\" content=\"fikirman\" \/>\n<meta name=\"twitter:card\" content=\"summary_large_image\" \/>\n<meta name=\"twitter:creator\" content=\"@JV_BusinessMice\" \/>\n<meta name=\"twitter:site\" content=\"@JV_BusinessMice\" \/>\n<meta name=\"twitter:label1\" content=\"Written by\" \/>\n\t<meta name=\"twitter:data1\" content=\"fikirman\" \/>\n\t<meta name=\"twitter:label2\" content=\"Est. reading time\" \/>\n\t<meta name=\"twitter:data2\" content=\"7 minutes\" \/>\n<script type=\"application\/ld+json\" class=\"yoast-schema-graph\">{\"@context\":\"https:\/\/schema.org\",\"@graph\":[{\"@type\":\"Article\",\"@id\":\"https:\/\/julesverne.com.tr\/travel-blog\/en-keyifli-kasim-ayi-seyahat-onerileri\/#article\",\"isPartOf\":{\"@id\":\"https:\/\/julesverne.com.tr\/travel-blog\/en-keyifli-kasim-ayi-seyahat-onerileri\/\"},\"author\":{\"name\":\"fikirman\",\"@id\":\"https:\/\/julesverne.com.tr\/#\/schema\/person\/f4eb0514ae455538644c31b99a466fdb\"},\"headline\":\"En Keyifli Kas\u0131m Ay\u0131 Seyahat \u00d6nerileri\",\"datePublished\":\"2018-11-01T08:57:51+00:00\",\"dateModified\":\"2021-03-04T12:16:54+00:00\",\"mainEntityOfPage\":{\"@id\":\"https:\/\/julesverne.com.tr\/travel-blog\/en-keyifli-kasim-ayi-seyahat-onerileri\/\"},\"wordCount\":1455,\"publisher\":{\"@id\":\"https:\/\/julesverne.com.tr\/#organization\"},\"image\":{\"@id\":\"https:\/\/julesverne.com.tr\/travel-blog\/en-keyifli-kasim-ayi-seyahat-onerileri\/#primaryimage\"},\"thumbnailUrl\":\"https:\/\/julesverne.com.tr\/wp-content\/uploads\/2020\/09\/manarola.jpg\",\"articleSection\":[\"\u0130lham Veren Destinasyonlar\",\"Blog\",\"Nereye Gitsek?\"],\"inLanguage\":\"en-US\"},{\"@type\":\"WebPage\",\"@id\":\"https:\/\/julesverne.com.tr\/travel-blog\/en-keyifli-kasim-ayi-seyahat-onerileri\/\",\"url\":\"https:\/\/julesverne.com.tr\/travel-blog\/en-keyifli-kasim-ayi-seyahat-onerileri\/\",\"name\":\"En Keyifli Kas\u0131m Ay\u0131 Seyahat \u00d6nerileri - JULES VERNE BUSINESS MICE TRAVEL\",\"isPartOf\":{\"@id\":\"https:\/\/julesverne.com.tr\/#website\"},\"primaryImageOfPage\":{\"@id\":\"https:\/\/julesverne.com.tr\/travel-blog\/en-keyifli-kasim-ayi-seyahat-onerileri\/#primaryimage\"},\"image\":{\"@id\":\"https:\/\/julesverne.com.tr\/travel-blog\/en-keyifli-kasim-ayi-seyahat-onerileri\/#primaryimage\"},\"thumbnailUrl\":\"https:\/\/julesverne.com.tr\/wp-content\/uploads\/2020\/09\/manarola.jpg\",\"datePublished\":\"2018-11-01T08:57:51+00:00\",\"dateModified\":\"2021-03-04T12:16:54+00:00\",\"breadcrumb\":{\"@id\":\"https:\/\/julesverne.com.tr\/travel-blog\/en-keyifli-kasim-ayi-seyahat-onerileri\/#breadcrumb\"},\"inLanguage\":\"en-US\",\"potentialAction\":[{\"@type\":\"ReadAction\",\"target\":[\"https:\/\/julesverne.com.tr\/travel-blog\/en-keyifli-kasim-ayi-seyahat-onerileri\/\"]}]},{\"@type\":\"ImageObject\",\"inLanguage\":\"en-US\",\"@id\":\"https:\/\/julesverne.com.tr\/travel-blog\/en-keyifli-kasim-ayi-seyahat-onerileri\/#primaryimage\",\"url\":\"https:\/\/julesverne.com.tr\/wp-content\/uploads\/2020\/09\/manarola.jpg\",\"contentUrl\":\"https:\/\/julesverne.com.tr\/wp-content\/uploads\/2020\/09\/manarola.jpg\",\"width\":1000,\"height\":667},{\"@type\":\"BreadcrumbList\",\"@id\":\"https:\/\/julesverne.com.tr\/travel-blog\/en-keyifli-kasim-ayi-seyahat-onerileri\/#breadcrumb\",\"itemListElement\":[{\"@type\":\"ListItem\",\"position\":1,\"name\":\"Anasayfa\",\"item\":\"https:\/\/julesverne.com.tr\/\"},{\"@type\":\"ListItem\",\"position\":2,\"name\":\"En Keyifli Kas\u0131m Ay\u0131 Seyahat \u00d6nerileri\"}]},{\"@type\":\"WebSite\",\"@id\":\"https:\/\/julesverne.com.tr\/#website\",\"url\":\"https:\/\/julesverne.com.tr\/\",\"name\":\"JULES VERNE BUSINESS MICE TRAVEL\",\"description\":\"\",\"publisher\":{\"@id\":\"https:\/\/julesverne.com.tr\/#organization\"},\"potentialAction\":[{\"@type\":\"SearchAction\",\"target\":{\"@type\":\"EntryPoint\",\"urlTemplate\":\"https:\/\/julesverne.com.tr\/?s={search_term_string}\"},\"query-input\":\"required name=search_term_string\"}],\"inLanguage\":\"en-US\"},{\"@type\":\"Organization\",\"@id\":\"https:\/\/julesverne.com.tr\/#organization\",\"name\":\"JULES VERNE BUSINESS MICE TRAVEL\",\"url\":\"https:\/\/julesverne.com.tr\/\",\"logo\":{\"@type\":\"ImageObject\",\"inLanguage\":\"en-US\",\"@id\":\"https:\/\/julesverne.com.tr\/#\/schema\/logo\/image\/\",\"url\":\"https:\/\/julesverne.com.tr\/wp-content\/uploads\/2020\/09\/jv-bmt-logo.png\",\"contentUrl\":\"https:\/\/julesverne.com.tr\/wp-content\/uploads\/2020\/09\/jv-bmt-logo.png\",\"width\":110,\"height\":81,\"caption\":\"JULES VERNE BUSINESS MICE TRAVEL\"},\"image\":{\"@id\":\"https:\/\/julesverne.com.tr\/#\/schema\/logo\/image\/\"},\"sameAs\":[\"https:\/\/www.facebook.com\/JulesVerneBusinessMiceTravel\/\",\"https:\/\/twitter.com\/JV_BusinessMice\",\"https:\/\/www.instagram.com\/julesvernebusinessmicetravel\/\",\"https:\/\/www.linkedin.com\/company\/julesvernebusinessmicetravel\/\",\"https:\/\/www.youtube.com\/channel\/UCAwdsmbZ6tFhu1tea6pkpiw\"]},{\"@type\":\"Person\",\"@id\":\"https:\/\/julesverne.com.tr\/#\/schema\/person\/f4eb0514ae455538644c31b99a466fdb\",\"name\":\"fikirman\",\"sameAs\":[\"http:\/\/advermedya.net\/julesverne\"],\"url\":\"https:\/\/julesverne.com.tr\/en\/author\/fikirman\/\"}]}<\/script>\n<!-- \/ Yoast SEO plugin. -->","yoast_head_json":{"title":"En Keyifli Kas\u0131m Ay\u0131 Seyahat \u00d6nerileri - JULES VERNE BUSINESS MICE TRAVEL","robots":{"index":"index","follow":"follow","max-snippet":"max-snippet:-1","max-image-preview":"max-image-preview:large","max-video-preview":"max-video-preview:-1"},"canonical":"https:\/\/julesverne.com.tr\/travel-blog\/en-keyifli-kasim-ayi-seyahat-onerileri\/","og_locale":"en_US","og_type":"article","og_title":"En Keyifli Kas\u0131m Ay\u0131 Seyahat \u00d6nerileri - JULES VERNE BUSINESS MICE TRAVEL","og_description":"Tarih, do\u011fa, macera veya deniz tatili isteyenler i&ccedil;in Kas\u0131m ay\u0131n\u0131n en g&uuml;zel seyahat rotalar\u0131n\u0131 derledik. \u015eanl\u0131urfa&rsquo;dan Tayland&rsquo;a, &Uuml;rd&uuml;n&rsquo;den Cinque Terre&rsquo;ye, Marake\u015f'ten Los Angeles'a d&uuml;nyan\u0131n d&ouml;rt bir yan\u0131na uzanan Kas\u0131m ay\u0131 seyahat &ouml;nerileri&hellip;","og_url":"https:\/\/julesverne.com.tr\/travel-blog\/en-keyifli-kasim-ayi-seyahat-onerileri\/","og_site_name":"JULES VERNE BUSINESS MICE TRAVEL","article_publisher":"https:\/\/www.facebook.com\/JulesVerneBusinessMiceTravel\/","article_published_time":"2018-11-01T08:57:51+00:00","article_modified_time":"2021-03-04T12:16:54+00:00","og_image":[{"width":1000,"height":667,"url":"https:\/\/julesverne.com.tr\/wp-content\/uploads\/2020\/09\/manarola.jpg","type":"image\/jpeg"}],"author":"fikirman","twitter_card":"summary_large_image","twitter_creator":"@JV_BusinessMice","twitter_site":"@JV_BusinessMice","twitter_misc":{"Written by":"fikirman","Est. reading time":"7 minutes"},"schema":{"@context":"https:\/\/schema.org","@graph":[{"@type":"Article","@id":"https:\/\/julesverne.com.tr\/travel-blog\/en-keyifli-kasim-ayi-seyahat-onerileri\/#article","isPartOf":{"@id":"https:\/\/julesverne.com.tr\/travel-blog\/en-keyifli-kasim-ayi-seyahat-onerileri\/"},"author":{"name":"fikirman","@id":"https:\/\/julesverne.com.tr\/#\/schema\/person\/f4eb0514ae455538644c31b99a466fdb"},"headline":"En Keyifli Kas\u0131m Ay\u0131 Seyahat \u00d6nerileri","datePublished":"2018-11-01T08:57:51+00:00","dateModified":"2021-03-04T12:16:54+00:00","mainEntityOfPage":{"@id":"https:\/\/julesverne.com.tr\/travel-blog\/en-keyifli-kasim-ayi-seyahat-onerileri\/"},"wordCount":1455,"publisher":{"@id":"https:\/\/julesverne.com.tr\/#organization"},"image":{"@id":"https:\/\/julesverne.com.tr\/travel-blog\/en-keyifli-kasim-ayi-seyahat-onerileri\/#primaryimage"},"thumbnailUrl":"https:\/\/julesverne.com.tr\/wp-content\/uploads\/2020\/09\/manarola.jpg","articleSection":["\u0130lham Veren Destinasyonlar","Blog","Nereye Gitsek?"],"inLanguage":"en-US"},{"@type":"WebPage","@id":"https:\/\/julesverne.com.tr\/travel-blog\/en-keyifli-kasim-ayi-seyahat-onerileri\/","url":"https:\/\/julesverne.com.tr\/travel-blog\/en-keyifli-kasim-ayi-seyahat-onerileri\/","name":"En Keyifli Kas\u0131m Ay\u0131 Seyahat \u00d6nerileri - JULES VERNE BUSINESS MICE TRAVEL","isPartOf":{"@id":"https:\/\/julesverne.com.tr\/#website"},"primaryImageOfPage":{"@id":"https:\/\/julesverne.com.tr\/travel-blog\/en-keyifli-kasim-ayi-seyahat-onerileri\/#primaryimage"},"image":{"@id":"https:\/\/julesverne.com.tr\/travel-blog\/en-keyifli-kasim-ayi-seyahat-onerileri\/#primaryimage"},"thumbnailUrl":"https:\/\/julesverne.com.tr\/wp-content\/uploads\/2020\/09\/manarola.jpg","datePublished":"2018-11-01T08:57:51+00:00","dateModified":"2021-03-04T12:16:54+00:00","breadcrumb":{"@id":"https:\/\/julesverne.com.tr\/travel-blog\/en-keyifli-kasim-ayi-seyahat-onerileri\/#breadcrumb"},"inLanguage":"en-US","potentialAction":[{"@type":"ReadAction","target":["https:\/\/julesverne.com.tr\/travel-blog\/en-keyifli-kasim-ayi-seyahat-onerileri\/"]}]},{"@type":"ImageObject","inLanguage":"en-US","@id":"https:\/\/julesverne.com.tr\/travel-blog\/en-keyifli-kasim-ayi-seyahat-onerileri\/#primaryimage","url":"https:\/\/julesverne.com.tr\/wp-content\/uploads\/2020\/09\/manarola.jpg","contentUrl":"https:\/\/julesverne.com.tr\/wp-content\/uploads\/2020\/09\/manarola.jpg","width":1000,"height":667},{"@type":"BreadcrumbList","@id":"https:\/\/julesverne.com.tr\/travel-blog\/en-keyifli-kasim-ayi-seyahat-onerileri\/#breadcrumb","itemListElement":[{"@type":"ListItem","position":1,"name":"Anasayfa","item":"https:\/\/julesverne.com.tr\/"},{"@type":"ListItem","position":2,"name":"En Keyifli Kas\u0131m Ay\u0131 Seyahat \u00d6nerileri"}]},{"@type":"WebSite","@id":"https:\/\/julesverne.com.tr\/#website","url":"https:\/\/julesverne.com.tr\/","name":"JULES VERNE BUSINESS MICE TRAVEL","description":"","publisher":{"@id":"https:\/\/julesverne.com.tr\/#organization"},"potentialAction":[{"@type":"SearchAction","target":{"@type":"EntryPoint","urlTemplate":"https:\/\/julesverne.com.tr\/?s={search_term_string}"},"query-input":"required name=search_term_string"}],"inLanguage":"en-US"},{"@type":"Organization","@id":"https:\/\/julesverne.com.tr\/#organization","name":"JULES VERNE BUSINESS MICE TRAVEL","url":"https:\/\/julesverne.com.tr\/","logo":{"@type":"ImageObject","inLanguage":"en-US","@id":"https:\/\/julesverne.com.tr\/#\/schema\/logo\/image\/","url":"https:\/\/julesverne.com.tr\/wp-content\/uploads\/2020\/09\/jv-bmt-logo.png","contentUrl":"https:\/\/julesverne.com.tr\/wp-content\/uploads\/2020\/09\/jv-bmt-logo.png","width":110,"height":81,"caption":"JULES VERNE BUSINESS MICE TRAVEL"},"image":{"@id":"https:\/\/julesverne.com.tr\/#\/schema\/logo\/image\/"},"sameAs":["https:\/\/www.facebook.com\/JulesVerneBusinessMiceTravel\/","https:\/\/twitter.com\/JV_BusinessMice","https:\/\/www.instagram.com\/julesvernebusinessmicetravel\/","https:\/\/www.linkedin.com\/company\/julesvernebusinessmicetravel\/","https:\/\/www.youtube.com\/channel\/UCAwdsmbZ6tFhu1tea6pkpiw"]},{"@type":"Person","@id":"https:\/\/julesverne.com.tr\/#\/schema\/person\/f4eb0514ae455538644c31b99a466fdb","name":"fikirman","sameAs":["http:\/\/advermedya.net\/julesverne"],"url":"https:\/\/julesverne.com.tr\/en\/author\/fikirman\/"}]}},"_links":{"self":[{"href":"https:\/\/julesverne.com.tr\/en\/wp-json\/wp\/v2\/posts\/2012"}],"collection":[{"href":"https:\/\/julesverne.com.tr\/en\/wp-json\/wp\/v2\/posts"}],"about":[{"href":"https:\/\/julesverne.com.tr\/en\/wp-json\/wp\/v2\/types\/post"}],"author":[{"embeddable":true,"href":"https:\/\/julesverne.com.tr\/en\/wp-json\/wp\/v2\/users\/1"}],"replies":[{"embeddable":true,"href":"https:\/\/julesverne.com.tr\/en\/wp-json\/wp\/v2\/comments?post=2012"}],"version-history":[{"count":0,"href":"https:\/\/julesverne.com.tr\/en\/wp-json\/wp\/v2\/posts\/2012\/revisions"}],"wp:featuredmedia":[{"embeddable":true,"href":"https:\/\/julesverne.com.tr\/en\/wp-json\/wp\/v2\/media\/2013"}],"wp:attachment":[{"href":"https:\/\/julesverne.com.tr\/en\/wp-json\/wp\/v2\/media?parent=2012"}],"wp:term":[{"taxonomy":"category","embeddable":true,"href":"https:\/\/julesverne.com.tr\/en\/wp-json\/wp\/v2\/categories?post=2012"},{"taxonomy":"post_tag","embeddable":true,"href":"https:\/\/julesverne.com.tr\/en\/wp-json\/wp\/v2\/tags?post=2012"}],"curies":[{"name":"wp","href":"https:\/\/api.w.org\/{rel}","templated":true}]}}