{"id":2010,"date":"2018-10-30T12:03:17","date_gmt":"2018-10-30T09:03:17","guid":{"rendered":"https:\/\/www.julesverne.com.tr\/\/blog\/bu-sene-kuzey-isiklari-ne-zaman-ve-nerede-izlenir\/"},"modified":"2020-09-21T17:36:08","modified_gmt":"2020-09-21T14:36:08","slug":"bu-sene-kuzey-isiklari-ne-zaman-ve-nerede-izlenir","status":"publish","type":"post","link":"https:\/\/julesverne.com.tr\/en\/travel-blog\/bu-sene-kuzey-isiklari-ne-zaman-ve-nerede-izlenir\/","title":{"rendered":"Bu sene Kuzey I\u015f\u0131klar\u0131 ne zaman ve nerede izlenir?"},"content":{"rendered":"<p><p style=\"text-align: center;\"><img loading=\"lazy\" decoding=\"async\" class=\"alignnone size-full wp-image-4263\" src=\"https:\/\/www.julesverne.com.tr\/\/wp-content\/uploads\/2020\/09\/aurora2.jpg\" width=\"1000\" height=\"557\" alt=\"\" srcset=\"https:\/\/julesverne.com.tr\/wp-content\/uploads\/2020\/09\/aurora2.jpg 1000w, https:\/\/julesverne.com.tr\/wp-content\/uploads\/2020\/09\/aurora2-500x279.jpg 500w, https:\/\/julesverne.com.tr\/wp-content\/uploads\/2020\/09\/aurora2-768x428.jpg 768w\" sizes=\"(max-width: 1000px) 100vw, 1000px\" \/><\/p>\n<p>&Ccedil;o\u011fu gezginin yap\u0131lacaklar listesinin ilk s\u0131ralar\u0131nda yer alan &#8220;Kuzey I\u015f\u0131klar\u0131 (Aurora Borealis)&#8221; do\u011fan\u0131n en g&ouml;z kama\u015ft\u0131r\u0131c\u0131 \u0131\u015f\u0131k \u015fovu. Yery&uuml;z&uuml;n&uuml;n manyetik alan\u0131 ile G&uuml;ne\u015f&#8217;ten gelen y&uuml;kl&uuml; par&ccedil;ac\u0131klar\u0131n etkile\u015fimi sonucu g&ouml;ky&uuml;z&uuml;nde ortaya &ccedil;\u0131kan do\u011fal \u0131\u015f\u0131malar olan Kuzey I\u015f\u0131klar\u0131 kutup b&ouml;lgelerinde g&ouml;r&uuml;l&uuml;yor. Kuzey I\u015f\u0131klar\u0131 i&ccedil;in berrak bir g&ouml;ky&uuml;z&uuml; ve biraz da \u015fansa ihtiyac\u0131n\u0131z oldu\u011fu bir ger&ccedil;ek. Peki, bu y\u0131l Kuzey I\u015f\u0131klar\u0131 i&ccedil;in nelere dikkat etmeli, seyahatinizi nas\u0131l planlamal\u0131s\u0131n\u0131z? Kuzey \u0131\u015f\u0131klar\u0131n\u0131 g&ouml;rmek i&ccedil;in nereye seyahat etmelisiniz? T&uuml;m cevaplar bu yaz\u0131da&hellip;<\/p>\n<p style=\"text-align: center;\"><img loading=\"lazy\" decoding=\"async\" class=\"alignnone size-full wp-image-4264\" src=\"https:\/\/www.julesverne.com.tr\/\/wp-content\/uploads\/2020\/09\/lapland-1.jpg\" width=\"1000\" height=\"667\" alt=\"\" srcset=\"https:\/\/julesverne.com.tr\/wp-content\/uploads\/2020\/09\/lapland-1.jpg 1000w, https:\/\/julesverne.com.tr\/wp-content\/uploads\/2020\/09\/lapland-1-500x334.jpg 500w, https:\/\/julesverne.com.tr\/wp-content\/uploads\/2020\/09\/lapland-1-768x512.jpg 768w\" sizes=\"(max-width: 1000px) 100vw, 1000px\" \/><\/p>\n<ul>\n<li>Kuzey \u0131\u015f\u0131klar\u0131n\u0131 g&ouml;rmek isteyen gezginler i&ccedil;in &ouml;nemli bir uyar\u0131 ile ba\u015flayal\u0131m. Bu y\u0131l, g&uuml;ne\u015f &#8220;solar minimum&#8221; evresine girmek &uuml;zere. Solar minimum, g&uuml;ne\u015fin 11 y\u0131ll\u0131k d&ouml;ng&uuml;s&uuml;ndeki en az g&uuml;ne\u015f aktivitesinin ya\u015fand\u0131\u011f\u0131 d&ouml;nem olarak a&ccedil;\u0131klan\u0131yor. Bu durum beraberinde kuzey \u0131\u015f\u0131klar\u0131n\u0131n 2019 ve 2020 y\u0131llar\u0131nda daha az s\u0131kl\u0131kta g&ouml;r&uuml;lebilme ihtimalini getiriyor.<\/li>\n<li>Ancak, bu asla Kuzey I\u015f\u0131klar\u0131n\u0131n tamamen s&ouml;nd&uuml;\u011f&uuml; anlam\u0131na gelmiyor! Bu do\u011fa mucizesini tan\u0131k olmak i&ccedil;in &ouml;n&uuml;m&uuml;zdeki iki y\u0131ll\u0131k s&uuml;re&ccedil;te lokasyon tercihi hayati bir &ouml;nem ta\u015f\u0131yor.<\/li>\n<\/ul>\n<h3><strong>Kuzey \u0131\u015f\u0131klar\u0131 neden bu sene daha nadir g&ouml;r&uuml;lecek?<\/strong><\/h3>\n<p style=\"text-align: center;\"><strong><img loading=\"lazy\" decoding=\"async\" class=\"alignnone size-full wp-image-4265\" src=\"https:\/\/www.julesverne.com.tr\/\/wp-content\/uploads\/2020\/09\/kanada.jpg\" width=\"1000\" height=\"668\" alt=\"\" srcset=\"https:\/\/julesverne.com.tr\/wp-content\/uploads\/2020\/09\/kanada.jpg 1000w, https:\/\/julesverne.com.tr\/wp-content\/uploads\/2020\/09\/kanada-500x334.jpg 500w, https:\/\/julesverne.com.tr\/wp-content\/uploads\/2020\/09\/kanada-768x513.jpg 768w\" sizes=\"(max-width: 1000px) 100vw, 1000px\" \/><\/strong><\/p>\n<ul>\n<li>Farkl\u0131 teoriler tart\u0131\u015f\u0131lsa da bilim insanlar\u0131n\u0131n kuzey \u0131\u015f\u0131klar\u0131 aktivitesi hakk\u0131ndaki mevcut anlay\u0131\u015f\u0131, \u0131\u015f\u0131nlar\u0131n yo\u011funlu\u011funun ve s\u0131kl\u0131\u011f\u0131n\u0131n 11 y\u0131ll\u0131k d&ouml;ng&uuml;lere ba\u011flan\u0131yor olmas\u0131. \u0130&ccedil;inde bulundu\u011fumuz d&ouml;ng&uuml;n&uuml;n sonuna geldi\u011fimiz i&ccedil;in g&ouml;r&uuml;n&uuml;rl&uuml;k zay\u0131fl\u0131klar\u0131 ba\u015flam\u0131\u015f oldu.<\/li>\n<li>2025 y\u0131l\u0131na kadar s&uuml;rmesi &ouml;ng&ouml;r&uuml;len bu d&uuml;\u015f&uuml;k aktivite faz\u0131 s\u0131ras\u0131nda \u0131\u015f\u0131klar\u0131 hala g&ouml;rece\u011fiz ancak s\u0131kl\u0131\u011f\u0131 ve canl\u0131l\u0131\u011f\u0131nda azalmalar olacak.<\/li>\n<\/ul>\n<h3><strong>Kuzey I\u015f\u0131klar\u0131n\u0131 g&ouml;rmek i&ccedil;in en do\u011fru zaman dilimi:<\/strong><\/h3>\n<ul>\n<li>Kuzey \u0131\u015f\u0131klar\u0131n\u0131 g&ouml;rme olas\u0131l\u0131\u011f\u0131n\u0131n en y&uuml;ksek oldu\u011fu d&ouml;nem: Aral\u0131k-Mart aylar\u0131 ve 22:00-02:00 saatleri&hellip;<\/li>\n<\/ul>\n<h3><strong>Kuzey I\u015f\u0131klar\u0131 Nerede Seyredilir?<\/strong><\/h3>\n<p style=\"text-align: center;\"><strong><img loading=\"lazy\" decoding=\"async\" class=\"alignnone size-full wp-image-4266\" src=\"https:\/\/www.julesverne.com.tr\/\/wp-content\/uploads\/2020\/09\/izlanda.jpg\" width=\"1000\" height=\"667\" alt=\"\" srcset=\"https:\/\/julesverne.com.tr\/wp-content\/uploads\/2020\/09\/izlanda.jpg 1000w, https:\/\/julesverne.com.tr\/wp-content\/uploads\/2020\/09\/izlanda-500x334.jpg 500w, https:\/\/julesverne.com.tr\/wp-content\/uploads\/2020\/09\/izlanda-768x512.jpg 768w\" sizes=\"(max-width: 1000px) 100vw, 1000px\" \/><\/strong><\/p>\n<ul>\n<li>Bu g&ouml;ky&uuml;z&uuml; olay\u0131n\u0131 g&ouml;rebilmek i&ccedil;in bulutsuz bir g&ouml;ky&uuml;z&uuml;ne denk gelmek her zaman &ouml;nemliydi ancak solar minimum d&ouml;ng&uuml;s&uuml;nde berrak hava &ccedil;ok daha b&uuml;y&uuml;k bir de\u011fer ta\u015f\u0131yor.&nbsp;<\/li>\n<\/ul>\n<h4><strong>Avrupa<\/strong><\/h4>\n<p style=\"text-align: center;\"><strong><img loading=\"lazy\" decoding=\"async\" class=\"alignnone size-full wp-image-4267\" src=\"https:\/\/www.julesverne.com.tr\/\/wp-content\/uploads\/2020\/09\/lapland_avrupa.jpg\" width=\"940\" height=\"528\" alt=\"\" srcset=\"https:\/\/julesverne.com.tr\/wp-content\/uploads\/2020\/09\/lapland_avrupa.jpg 940w, https:\/\/julesverne.com.tr\/wp-content\/uploads\/2020\/09\/lapland_avrupa-500x281.jpg 500w, https:\/\/julesverne.com.tr\/wp-content\/uploads\/2020\/09\/lapland_avrupa-768x431.jpg 768w, https:\/\/julesverne.com.tr\/wp-content\/uploads\/2020\/09\/lapland_avrupa-400x225.jpg 400w\" sizes=\"(max-width: 940px) 100vw, 940px\" \/><\/strong><\/p>\n<ul>\n<li>Avrupa&#8217;n\u0131n kuzey &uuml;lkelerinde bu muhte\u015fem do\u011fa olay\u0131n\u0131 seyretmek i&ccedil;in seyahatinizi Ekim-Mart aylar\u0131 aras\u0131nda organize etmelisiniz.<\/li>\n<li>Rotan\u0131z\u0131 Kuzey \u0130skandinavya&#8217;ya &ccedil;evirin!&nbsp;Finlandiya, \u0130sve&ccedil; ve Norve&ccedil; &uuml;lkeleri en do\u011fru destinasyon alternatifleri&#8230; &Ouml;zellikle \u0130sve&ccedil; ve Finlandiya&rsquo;n\u0131n kutup dairesi i&ccedil;inde kalan b&ouml;lgesi Lapland en &ccedil;ok tercih edilen destinasyon. Norve&ccedil;&#8217;te, Tromso civar\u0131 i&ccedil;in \u0131\u015f\u0131k kirlili\u011finin en az oldu\u011fu b&ouml;lgeler tercih etmeye &ouml;zen g&ouml;stermelisiniz.&nbsp;<\/li>\n<li>Bununla birlikte Avrupa&#8217;da Kuzey I\u015f\u0131klar\u0131&#8217;n\u0131 g&ouml;rebilece\u011finiz di\u011fer rotalar: Danimarka&#8217;da Faroe Adalar\u0131 ve Gr&ouml;nland, \u0130sve&ccedil;&#8217;te Kiruna, \u0130zlanda&#8217;da Thingvellir Ulusal Park\u0131 ve Kuzey \u0130sko&ccedil;ya&#8230;<\/li>\n<li>\u0130zlanda ve \u0130skandinav &uuml;lkeleri d\u0131\u015f\u0131nda Alaska, Kanada ve Rusya&#8217;n\u0131n baz\u0131 b&ouml;lgeleri berrak g&ouml;ky&uuml;z&uuml; ile sola minimumda kuzey \u0131\u015f\u0131klar\u0131 av\u0131 i&ccedil;in iyi bir alternatif oluyor.&nbsp;<\/li>\n<\/ul>\n<h4><strong>Rusya<\/strong><\/h4>\n<p style=\"text-align: center;\"><strong><img loading=\"lazy\" decoding=\"async\" class=\"alignnone size-full wp-image-4268\" src=\"https:\/\/www.julesverne.com.tr\/\/wp-content\/uploads\/2020\/09\/Yakutia_Russia.jpg\" width=\"1000\" height=\"667\" alt=\"\" srcset=\"https:\/\/julesverne.com.tr\/wp-content\/uploads\/2020\/09\/Yakutia_Russia.jpg 1000w, https:\/\/julesverne.com.tr\/wp-content\/uploads\/2020\/09\/Yakutia_Russia-500x334.jpg 500w, https:\/\/julesverne.com.tr\/wp-content\/uploads\/2020\/09\/Yakutia_Russia-768x512.jpg 768w\" sizes=\"(max-width: 1000px) 100vw, 1000px\" \/><\/strong><\/p>\n<ul>\n<li>Eyl&uuml;l sonundan Mart sonuna kadar Rusya&#8217;da kuzey \u0131\u015f\u0131klar\u0131n\u0131&nbsp;izlemek m&uuml;mk&uuml;n.&nbsp;<\/li>\n<li>Finlandiya yak\u0131nlar\u0131nda, &uuml;lkenin kuzeybat\u0131 ucunda yer alan Murmansk,<\/li>\n<li>Kuzey Rusya&#8217;n\u0131n kalbi Arkhangelsk,<\/li>\n<li>Moskova&#8217;dan &uuml;&ccedil; saatlik u&ccedil;u\u015fla ula\u015fabilece\u011finiz Naryan-Mar,<\/li>\n<li>Sadece &ouml;zel izinle eri\u015filebilen tak\u0131mada Novaya Zemlya,<\/li>\n<li>Kuzey Kutup Dairesi&#8217;nin kuzeyinde bulunan tek &ldquo;\u015fehir&rdquo; olan Salekhard,<\/li>\n<li>&#8220;So\u011fu\u011fun ucu&#8221; benzetmesi yap\u0131lan, y\u0131l\u0131n 235 g&uuml;n&uuml; k\u0131\u015f mevsimini ya\u015fayan ve -60 &deg; C&#8217;yi g&ouml;ren Taimyr Yar\u0131madas\u0131.<\/li>\n<\/ul>\n<h4><strong>Kanada<\/strong><\/h4>\n<p style=\"text-align: center;\"><strong><img loading=\"lazy\" decoding=\"async\" class=\"alignnone size-full wp-image-4269\" src=\"https:\/\/www.julesverne.com.tr\/\/wp-content\/uploads\/2020\/09\/kanada-2.jpg\" width=\"1000\" height=\"737\" alt=\"\" srcset=\"https:\/\/julesverne.com.tr\/wp-content\/uploads\/2020\/09\/kanada-2.jpg 1000w, https:\/\/julesverne.com.tr\/wp-content\/uploads\/2020\/09\/kanada-2-500x369.jpg 500w, https:\/\/julesverne.com.tr\/wp-content\/uploads\/2020\/09\/kanada-2-768x566.jpg 768w\" sizes=\"(max-width: 1000px) 100vw, 1000px\" \/><\/strong><\/p>\n<ul>\n<li>Kanada&rsquo;da Aral\u0131k-Mart aylar\u0131 uzun geceler sayesinde en iyi seyir d&ouml;nemini sunuyor.&nbsp;<\/li>\n<li>D&uuml;nyan\u0131n en iyi g&ouml;zlem yerlerinden biri olan ve berrak g&ouml;ky&uuml;z&uuml; ile Yellowknife,<\/li>\n<li>British Columbia b&ouml;lgesinde bakir ve do\u011fal manzaralar\u0131 ile &uuml;nl&uuml; Muncho Lake Provincial Park,&nbsp;<\/li>\n<li>&Uuml;lkenin kuzeybat\u0131 ucunda konumlanan Yukon Eyaleti&#8217;nin ba\u015fkenti olan Whitehorse,<\/li>\n<li>\u0130zole konumu sayesinde en iyi izleme noktalar\u0131ndan biri Torngat Mountains National Park,<\/li>\n<li>Cree k&uuml;lt&uuml;r&uuml; hakk\u0131nda bilgi edinip,&nbsp; Moose Nehri &uuml;zerindeki iskeleden nefes kesen Kuzey \u0131\u015f\u0131klar\u0131 g&ouml;r&uuml;nt&uuml;leri sunan Moose Factory, Ontario.<\/li>\n<\/ul>\n<h4><strong>Alaska<\/strong><\/h4>\n<p style=\"text-align: center;\"><strong><img loading=\"lazy\" decoding=\"async\" class=\"alignnone size-full wp-image-4270\" src=\"https:\/\/www.julesverne.com.tr\/\/wp-content\/uploads\/2020\/09\/alaska.jpg\" width=\"1000\" height=\"667\" alt=\"\" srcset=\"https:\/\/julesverne.com.tr\/wp-content\/uploads\/2020\/09\/alaska.jpg 1000w, https:\/\/julesverne.com.tr\/wp-content\/uploads\/2020\/09\/alaska-500x334.jpg 500w, https:\/\/julesverne.com.tr\/wp-content\/uploads\/2020\/09\/alaska-768x512.jpg 768w\" sizes=\"(max-width: 1000px) 100vw, 1000px\" \/><\/strong><\/p>\n<ul>\n<li>Alaska&#8217;n\u0131n Kuzey I\u015f\u0131klar\u0131 sezonu, Eyl&uuml;l ay\u0131 ortas\u0131 ile Nisan ay\u0131 sonlar\u0131 aras\u0131n\u0131 kaps\u0131yor.&nbsp;<\/li>\n<li>Kuzey I\u015f\u0131klar\u0131 av\u0131n\u0131n tart\u0131\u015fmas\u0131z ba\u015fkenti say\u0131lan Fairbanks,<\/li>\n<li>Kuzey Kutbu Ulusal Park\u0131 yak\u0131n\u0131nda yer alan Coldfoot Camp,<\/li>\n<li>Alaska&#8217;n\u0131n kuzey ucundaki k&uuml;&ccedil;&uuml;k kasaba Barrow,<\/li>\n<li>Amerika Birle\u015fik Devletleri&#8217;nin koruma alt\u0131ndaki en b&uuml;y&uuml;k do\u011fal rezervi Wrangell-St. Elias National Park.\n<\/li>\n<\/ul>\n<p style=\"text-align: center;\"><strong>Size &ouml;zel seyahat tasar\u0131m\u0131 ve rezervasyon i&ccedil;in:<\/strong><br \/><a href=\"mailto:travel@julesverne.com.tr\" target=\"_blank\" rel=\"noopener noreferrer\"><strong>travel@julesverne.com.tr<\/strong><\/a><br \/><strong>0212 266 6363 &#8211; 118<\/strong><\/p><\/p>\n","protected":false},"excerpt":{"rendered":"<p>Kuzey I\u015f\u0131klar\u0131 i&ccedil;in berrak bir g&ouml;ky&uuml;z&uuml; ve biraz da \u015fansa ihtiyac\u0131n\u0131z oldu\u011fu bir ger&ccedil;ek. Peki, bu y\u0131l Kuzey I\u015f\u0131klar\u0131 i&ccedil;in nelere dikkat etmeli, seyahatinizi nas\u0131l planlamal\u0131s\u0131n\u0131z? Kuzey \u0131\u015f\u0131klar\u0131n\u0131 g&ouml;rmek i&ccedil;in nereye seyahat etmelisiniz? T&uuml;m cevaplar bu yaz\u0131da&hellip;<\/p>\n","protected":false},"author":1,"featured_media":2011,"comment_status":"closed","ping_status":"closed","sticky":false,"template":"","format":"standard","meta":{"inline_featured_image":false,"footnotes":""},"categories":[1],"tags":[],"acf":[],"yoast_head":"<!-- This site is optimized with the Yoast SEO plugin v22.3 - https:\/\/yoast.com\/wordpress\/plugins\/seo\/ -->\n<title>Bu sene Kuzey I\u015f\u0131klar\u0131 ne zaman ve nerede izlenir? - JULES VERNE BUSINESS MICE TRAVEL<\/title>\n<meta name=\"robots\" content=\"index, follow, max-snippet:-1, max-image-preview:large, max-video-preview:-1\" \/>\n<link rel=\"canonical\" href=\"https:\/\/julesverne.com.tr\/travel-blog\/bu-sene-kuzey-isiklari-ne-zaman-ve-nerede-izlenir\/\" \/>\n<meta property=\"og:locale\" content=\"en_US\" \/>\n<meta property=\"og:type\" content=\"article\" \/>\n<meta property=\"og:title\" content=\"Bu sene Kuzey I\u015f\u0131klar\u0131 ne zaman ve nerede izlenir? - JULES VERNE BUSINESS MICE TRAVEL\" \/>\n<meta property=\"og:description\" content=\"Kuzey I\u015f\u0131klar\u0131 i&ccedil;in berrak bir g&ouml;ky&uuml;z&uuml; ve biraz da \u015fansa ihtiyac\u0131n\u0131z oldu\u011fu bir ger&ccedil;ek. Peki, bu y\u0131l Kuzey I\u015f\u0131klar\u0131 i&ccedil;in nelere dikkat etmeli, seyahatinizi nas\u0131l planlamal\u0131s\u0131n\u0131z? Kuzey \u0131\u015f\u0131klar\u0131n\u0131 g&ouml;rmek i&ccedil;in nereye seyahat etmelisiniz? T&uuml;m cevaplar bu yaz\u0131da&hellip;\" \/>\n<meta property=\"og:url\" content=\"https:\/\/julesverne.com.tr\/travel-blog\/bu-sene-kuzey-isiklari-ne-zaman-ve-nerede-izlenir\/\" \/>\n<meta property=\"og:site_name\" content=\"JULES VERNE BUSINESS MICE TRAVEL\" \/>\n<meta property=\"article:publisher\" content=\"https:\/\/www.facebook.com\/JulesVerneBusinessMiceTravel\/\" \/>\n<meta property=\"article:published_time\" content=\"2018-10-30T09:03:17+00:00\" \/>\n<meta property=\"article:modified_time\" content=\"2020-09-21T14:36:08+00:00\" \/>\n<meta property=\"og:image\" content=\"https:\/\/julesverne.com.tr\/wp-content\/uploads\/2020\/09\/aurora.jpg\" \/>\n\t<meta property=\"og:image:width\" content=\"1000\" \/>\n\t<meta property=\"og:image:height\" content=\"665\" \/>\n\t<meta property=\"og:image:type\" content=\"image\/jpeg\" \/>\n<meta name=\"author\" content=\"fikirman\" \/>\n<meta name=\"twitter:card\" content=\"summary_large_image\" \/>\n<meta name=\"twitter:creator\" content=\"@JV_BusinessMice\" \/>\n<meta name=\"twitter:site\" content=\"@JV_BusinessMice\" \/>\n<meta name=\"twitter:label1\" content=\"Written by\" \/>\n\t<meta name=\"twitter:data1\" content=\"fikirman\" \/>\n\t<meta name=\"twitter:label2\" content=\"Est. reading time\" \/>\n\t<meta name=\"twitter:data2\" content=\"5 minutes\" \/>\n<script type=\"application\/ld+json\" class=\"yoast-schema-graph\">{\"@context\":\"https:\/\/schema.org\",\"@graph\":[{\"@type\":\"Article\",\"@id\":\"https:\/\/julesverne.com.tr\/travel-blog\/bu-sene-kuzey-isiklari-ne-zaman-ve-nerede-izlenir\/#article\",\"isPartOf\":{\"@id\":\"https:\/\/julesverne.com.tr\/travel-blog\/bu-sene-kuzey-isiklari-ne-zaman-ve-nerede-izlenir\/\"},\"author\":{\"name\":\"fikirman\",\"@id\":\"https:\/\/julesverne.com.tr\/#\/schema\/person\/f4eb0514ae455538644c31b99a466fdb\"},\"headline\":\"Bu sene Kuzey I\u015f\u0131klar\u0131 ne zaman ve nerede izlenir?\",\"datePublished\":\"2018-10-30T09:03:17+00:00\",\"dateModified\":\"2020-09-21T14:36:08+00:00\",\"mainEntityOfPage\":{\"@id\":\"https:\/\/julesverne.com.tr\/travel-blog\/bu-sene-kuzey-isiklari-ne-zaman-ve-nerede-izlenir\/\"},\"wordCount\":992,\"publisher\":{\"@id\":\"https:\/\/julesverne.com.tr\/#organization\"},\"image\":{\"@id\":\"https:\/\/julesverne.com.tr\/travel-blog\/bu-sene-kuzey-isiklari-ne-zaman-ve-nerede-izlenir\/#primaryimage\"},\"thumbnailUrl\":\"https:\/\/julesverne.com.tr\/wp-content\/uploads\/2020\/09\/aurora.jpg\",\"articleSection\":[\"Blog\"],\"inLanguage\":\"en-US\"},{\"@type\":\"WebPage\",\"@id\":\"https:\/\/julesverne.com.tr\/travel-blog\/bu-sene-kuzey-isiklari-ne-zaman-ve-nerede-izlenir\/\",\"url\":\"https:\/\/julesverne.com.tr\/travel-blog\/bu-sene-kuzey-isiklari-ne-zaman-ve-nerede-izlenir\/\",\"name\":\"Bu sene Kuzey I\u015f\u0131klar\u0131 ne zaman ve nerede izlenir? - JULES VERNE BUSINESS MICE TRAVEL\",\"isPartOf\":{\"@id\":\"https:\/\/julesverne.com.tr\/#website\"},\"primaryImageOfPage\":{\"@id\":\"https:\/\/julesverne.com.tr\/travel-blog\/bu-sene-kuzey-isiklari-ne-zaman-ve-nerede-izlenir\/#primaryimage\"},\"image\":{\"@id\":\"https:\/\/julesverne.com.tr\/travel-blog\/bu-sene-kuzey-isiklari-ne-zaman-ve-nerede-izlenir\/#primaryimage\"},\"thumbnailUrl\":\"https:\/\/julesverne.com.tr\/wp-content\/uploads\/2020\/09\/aurora.jpg\",\"datePublished\":\"2018-10-30T09:03:17+00:00\",\"dateModified\":\"2020-09-21T14:36:08+00:00\",\"breadcrumb\":{\"@id\":\"https:\/\/julesverne.com.tr\/travel-blog\/bu-sene-kuzey-isiklari-ne-zaman-ve-nerede-izlenir\/#breadcrumb\"},\"inLanguage\":\"en-US\",\"potentialAction\":[{\"@type\":\"ReadAction\",\"target\":[\"https:\/\/julesverne.com.tr\/travel-blog\/bu-sene-kuzey-isiklari-ne-zaman-ve-nerede-izlenir\/\"]}]},{\"@type\":\"ImageObject\",\"inLanguage\":\"en-US\",\"@id\":\"https:\/\/julesverne.com.tr\/travel-blog\/bu-sene-kuzey-isiklari-ne-zaman-ve-nerede-izlenir\/#primaryimage\",\"url\":\"https:\/\/julesverne.com.tr\/wp-content\/uploads\/2020\/09\/aurora.jpg\",\"contentUrl\":\"https:\/\/julesverne.com.tr\/wp-content\/uploads\/2020\/09\/aurora.jpg\",\"width\":1000,\"height\":665},{\"@type\":\"BreadcrumbList\",\"@id\":\"https:\/\/julesverne.com.tr\/travel-blog\/bu-sene-kuzey-isiklari-ne-zaman-ve-nerede-izlenir\/#breadcrumb\",\"itemListElement\":[{\"@type\":\"ListItem\",\"position\":1,\"name\":\"Anasayfa\",\"item\":\"https:\/\/julesverne.com.tr\/\"},{\"@type\":\"ListItem\",\"position\":2,\"name\":\"Bu sene Kuzey I\u015f\u0131klar\u0131 ne zaman ve nerede izlenir?\"}]},{\"@type\":\"WebSite\",\"@id\":\"https:\/\/julesverne.com.tr\/#website\",\"url\":\"https:\/\/julesverne.com.tr\/\",\"name\":\"JULES VERNE BUSINESS MICE TRAVEL\",\"description\":\"\",\"publisher\":{\"@id\":\"https:\/\/julesverne.com.tr\/#organization\"},\"potentialAction\":[{\"@type\":\"SearchAction\",\"target\":{\"@type\":\"EntryPoint\",\"urlTemplate\":\"https:\/\/julesverne.com.tr\/?s={search_term_string}\"},\"query-input\":\"required name=search_term_string\"}],\"inLanguage\":\"en-US\"},{\"@type\":\"Organization\",\"@id\":\"https:\/\/julesverne.com.tr\/#organization\",\"name\":\"JULES VERNE BUSINESS MICE TRAVEL\",\"url\":\"https:\/\/julesverne.com.tr\/\",\"logo\":{\"@type\":\"ImageObject\",\"inLanguage\":\"en-US\",\"@id\":\"https:\/\/julesverne.com.tr\/#\/schema\/logo\/image\/\",\"url\":\"https:\/\/julesverne.com.tr\/wp-content\/uploads\/2020\/09\/jv-bmt-logo.png\",\"contentUrl\":\"https:\/\/julesverne.com.tr\/wp-content\/uploads\/2020\/09\/jv-bmt-logo.png\",\"width\":110,\"height\":81,\"caption\":\"JULES VERNE BUSINESS MICE TRAVEL\"},\"image\":{\"@id\":\"https:\/\/julesverne.com.tr\/#\/schema\/logo\/image\/\"},\"sameAs\":[\"https:\/\/www.facebook.com\/JulesVerneBusinessMiceTravel\/\",\"https:\/\/twitter.com\/JV_BusinessMice\",\"https:\/\/www.instagram.com\/julesvernebusinessmicetravel\/\",\"https:\/\/www.linkedin.com\/company\/julesvernebusinessmicetravel\/\",\"https:\/\/www.youtube.com\/channel\/UCAwdsmbZ6tFhu1tea6pkpiw\"]},{\"@type\":\"Person\",\"@id\":\"https:\/\/julesverne.com.tr\/#\/schema\/person\/f4eb0514ae455538644c31b99a466fdb\",\"name\":\"fikirman\",\"sameAs\":[\"http:\/\/advermedya.net\/julesverne\"],\"url\":\"https:\/\/julesverne.com.tr\/en\/author\/fikirman\/\"}]}<\/script>\n<!-- \/ Yoast SEO plugin. -->","yoast_head_json":{"title":"Bu sene Kuzey I\u015f\u0131klar\u0131 ne zaman ve nerede izlenir? - JULES VERNE BUSINESS MICE TRAVEL","robots":{"index":"index","follow":"follow","max-snippet":"max-snippet:-1","max-image-preview":"max-image-preview:large","max-video-preview":"max-video-preview:-1"},"canonical":"https:\/\/julesverne.com.tr\/travel-blog\/bu-sene-kuzey-isiklari-ne-zaman-ve-nerede-izlenir\/","og_locale":"en_US","og_type":"article","og_title":"Bu sene Kuzey I\u015f\u0131klar\u0131 ne zaman ve nerede izlenir? - JULES VERNE BUSINESS MICE TRAVEL","og_description":"Kuzey I\u015f\u0131klar\u0131 i&ccedil;in berrak bir g&ouml;ky&uuml;z&uuml; ve biraz da \u015fansa ihtiyac\u0131n\u0131z oldu\u011fu bir ger&ccedil;ek. Peki, bu y\u0131l Kuzey I\u015f\u0131klar\u0131 i&ccedil;in nelere dikkat etmeli, seyahatinizi nas\u0131l planlamal\u0131s\u0131n\u0131z? Kuzey \u0131\u015f\u0131klar\u0131n\u0131 g&ouml;rmek i&ccedil;in nereye seyahat etmelisiniz? T&uuml;m cevaplar bu yaz\u0131da&hellip;","og_url":"https:\/\/julesverne.com.tr\/travel-blog\/bu-sene-kuzey-isiklari-ne-zaman-ve-nerede-izlenir\/","og_site_name":"JULES VERNE BUSINESS MICE TRAVEL","article_publisher":"https:\/\/www.facebook.com\/JulesVerneBusinessMiceTravel\/","article_published_time":"2018-10-30T09:03:17+00:00","article_modified_time":"2020-09-21T14:36:08+00:00","og_image":[{"width":1000,"height":665,"url":"https:\/\/julesverne.com.tr\/wp-content\/uploads\/2020\/09\/aurora.jpg","type":"image\/jpeg"}],"author":"fikirman","twitter_card":"summary_large_image","twitter_creator":"@JV_BusinessMice","twitter_site":"@JV_BusinessMice","twitter_misc":{"Written by":"fikirman","Est. reading time":"5 minutes"},"schema":{"@context":"https:\/\/schema.org","@graph":[{"@type":"Article","@id":"https:\/\/julesverne.com.tr\/travel-blog\/bu-sene-kuzey-isiklari-ne-zaman-ve-nerede-izlenir\/#article","isPartOf":{"@id":"https:\/\/julesverne.com.tr\/travel-blog\/bu-sene-kuzey-isiklari-ne-zaman-ve-nerede-izlenir\/"},"author":{"name":"fikirman","@id":"https:\/\/julesverne.com.tr\/#\/schema\/person\/f4eb0514ae455538644c31b99a466fdb"},"headline":"Bu sene Kuzey I\u015f\u0131klar\u0131 ne zaman ve nerede izlenir?","datePublished":"2018-10-30T09:03:17+00:00","dateModified":"2020-09-21T14:36:08+00:00","mainEntityOfPage":{"@id":"https:\/\/julesverne.com.tr\/travel-blog\/bu-sene-kuzey-isiklari-ne-zaman-ve-nerede-izlenir\/"},"wordCount":992,"publisher":{"@id":"https:\/\/julesverne.com.tr\/#organization"},"image":{"@id":"https:\/\/julesverne.com.tr\/travel-blog\/bu-sene-kuzey-isiklari-ne-zaman-ve-nerede-izlenir\/#primaryimage"},"thumbnailUrl":"https:\/\/julesverne.com.tr\/wp-content\/uploads\/2020\/09\/aurora.jpg","articleSection":["Blog"],"inLanguage":"en-US"},{"@type":"WebPage","@id":"https:\/\/julesverne.com.tr\/travel-blog\/bu-sene-kuzey-isiklari-ne-zaman-ve-nerede-izlenir\/","url":"https:\/\/julesverne.com.tr\/travel-blog\/bu-sene-kuzey-isiklari-ne-zaman-ve-nerede-izlenir\/","name":"Bu sene Kuzey I\u015f\u0131klar\u0131 ne zaman ve nerede izlenir? - JULES VERNE BUSINESS MICE TRAVEL","isPartOf":{"@id":"https:\/\/julesverne.com.tr\/#website"},"primaryImageOfPage":{"@id":"https:\/\/julesverne.com.tr\/travel-blog\/bu-sene-kuzey-isiklari-ne-zaman-ve-nerede-izlenir\/#primaryimage"},"image":{"@id":"https:\/\/julesverne.com.tr\/travel-blog\/bu-sene-kuzey-isiklari-ne-zaman-ve-nerede-izlenir\/#primaryimage"},"thumbnailUrl":"https:\/\/julesverne.com.tr\/wp-content\/uploads\/2020\/09\/aurora.jpg","datePublished":"2018-10-30T09:03:17+00:00","dateModified":"2020-09-21T14:36:08+00:00","breadcrumb":{"@id":"https:\/\/julesverne.com.tr\/travel-blog\/bu-sene-kuzey-isiklari-ne-zaman-ve-nerede-izlenir\/#breadcrumb"},"inLanguage":"en-US","potentialAction":[{"@type":"ReadAction","target":["https:\/\/julesverne.com.tr\/travel-blog\/bu-sene-kuzey-isiklari-ne-zaman-ve-nerede-izlenir\/"]}]},{"@type":"ImageObject","inLanguage":"en-US","@id":"https:\/\/julesverne.com.tr\/travel-blog\/bu-sene-kuzey-isiklari-ne-zaman-ve-nerede-izlenir\/#primaryimage","url":"https:\/\/julesverne.com.tr\/wp-content\/uploads\/2020\/09\/aurora.jpg","contentUrl":"https:\/\/julesverne.com.tr\/wp-content\/uploads\/2020\/09\/aurora.jpg","width":1000,"height":665},{"@type":"BreadcrumbList","@id":"https:\/\/julesverne.com.tr\/travel-blog\/bu-sene-kuzey-isiklari-ne-zaman-ve-nerede-izlenir\/#breadcrumb","itemListElement":[{"@type":"ListItem","position":1,"name":"Anasayfa","item":"https:\/\/julesverne.com.tr\/"},{"@type":"ListItem","position":2,"name":"Bu sene Kuzey I\u015f\u0131klar\u0131 ne zaman ve nerede izlenir?"}]},{"@type":"WebSite","@id":"https:\/\/julesverne.com.tr\/#website","url":"https:\/\/julesverne.com.tr\/","name":"JULES VERNE BUSINESS MICE TRAVEL","description":"","publisher":{"@id":"https:\/\/julesverne.com.tr\/#organization"},"potentialAction":[{"@type":"SearchAction","target":{"@type":"EntryPoint","urlTemplate":"https:\/\/julesverne.com.tr\/?s={search_term_string}"},"query-input":"required name=search_term_string"}],"inLanguage":"en-US"},{"@type":"Organization","@id":"https:\/\/julesverne.com.tr\/#organization","name":"JULES VERNE BUSINESS MICE TRAVEL","url":"https:\/\/julesverne.com.tr\/","logo":{"@type":"ImageObject","inLanguage":"en-US","@id":"https:\/\/julesverne.com.tr\/#\/schema\/logo\/image\/","url":"https:\/\/julesverne.com.tr\/wp-content\/uploads\/2020\/09\/jv-bmt-logo.png","contentUrl":"https:\/\/julesverne.com.tr\/wp-content\/uploads\/2020\/09\/jv-bmt-logo.png","width":110,"height":81,"caption":"JULES VERNE BUSINESS MICE TRAVEL"},"image":{"@id":"https:\/\/julesverne.com.tr\/#\/schema\/logo\/image\/"},"sameAs":["https:\/\/www.facebook.com\/JulesVerneBusinessMiceTravel\/","https:\/\/twitter.com\/JV_BusinessMice","https:\/\/www.instagram.com\/julesvernebusinessmicetravel\/","https:\/\/www.linkedin.com\/company\/julesvernebusinessmicetravel\/","https:\/\/www.youtube.com\/channel\/UCAwdsmbZ6tFhu1tea6pkpiw"]},{"@type":"Person","@id":"https:\/\/julesverne.com.tr\/#\/schema\/person\/f4eb0514ae455538644c31b99a466fdb","name":"fikirman","sameAs":["http:\/\/advermedya.net\/julesverne"],"url":"https:\/\/julesverne.com.tr\/en\/author\/fikirman\/"}]}},"_links":{"self":[{"href":"https:\/\/julesverne.com.tr\/en\/wp-json\/wp\/v2\/posts\/2010"}],"collection":[{"href":"https:\/\/julesverne.com.tr\/en\/wp-json\/wp\/v2\/posts"}],"about":[{"href":"https:\/\/julesverne.com.tr\/en\/wp-json\/wp\/v2\/types\/post"}],"author":[{"embeddable":true,"href":"https:\/\/julesverne.com.tr\/en\/wp-json\/wp\/v2\/users\/1"}],"replies":[{"embeddable":true,"href":"https:\/\/julesverne.com.tr\/en\/wp-json\/wp\/v2\/comments?post=2010"}],"version-history":[{"count":0,"href":"https:\/\/julesverne.com.tr\/en\/wp-json\/wp\/v2\/posts\/2010\/revisions"}],"wp:featuredmedia":[{"embeddable":true,"href":"https:\/\/julesverne.com.tr\/en\/wp-json\/wp\/v2\/media\/2011"}],"wp:attachment":[{"href":"https:\/\/julesverne.com.tr\/en\/wp-json\/wp\/v2\/media?parent=2010"}],"wp:term":[{"taxonomy":"category","embeddable":true,"href":"https:\/\/julesverne.com.tr\/en\/wp-json\/wp\/v2\/categories?post=2010"},{"taxonomy":"post_tag","embeddable":true,"href":"https:\/\/julesverne.com.tr\/en\/wp-json\/wp\/v2\/tags?post=2010"}],"curies":[{"name":"wp","href":"https:\/\/api.w.org\/{rel}","templated":true}]}}