{"id":2008,"date":"2018-10-25T11:55:41","date_gmt":"2018-10-25T08:55:41","guid":{"rendered":"https:\/\/www.julesverne.com.tr\/\/blog\/dort-farkli-tarihte-dort-farkli-kars-rotasi\/"},"modified":"2020-09-21T17:36:08","modified_gmt":"2020-09-21T14:36:08","slug":"dort-farkli-tarihte-dort-farkli-kars-rotasi","status":"publish","type":"post","link":"https:\/\/julesverne.com.tr\/en\/travel-blog\/dort-farkli-tarihte-dort-farkli-kars-rotasi\/","title":{"rendered":"D\u00f6rt Farkl\u0131 Tarihte D\u00f6rt Farkl\u0131 Kars Rotas\u0131"},"content":{"rendered":"<p><p style=\"text-align: center;\"><img loading=\"lazy\" decoding=\"async\" class=\"alignnone size-full wp-image-4272\" src=\"https:\/\/www.julesverne.com.tr\/\/wp-content\/uploads\/2020\/09\/kars_genel_upd.png\" width=\"1080\" height=\"1080\" alt=\"\" srcset=\"https:\/\/julesverne.com.tr\/wp-content\/uploads\/2020\/09\/kars_genel_upd.png 1080w, https:\/\/julesverne.com.tr\/wp-content\/uploads\/2020\/09\/kars_genel_upd-500x500.png 500w, https:\/\/julesverne.com.tr\/wp-content\/uploads\/2020\/09\/kars_genel_upd-768x768.png 768w\" sizes=\"(max-width: 1080px) 100vw, 1080px\" \/><\/p>\n<p>Bu k\u0131\u015f, Kars&rsquo;\u0131n karlarla &ouml;rt&uuml;l&uuml; g&uuml;zellikleriyle tan\u0131\u015fmak i&ccedil;in yola &ccedil;\u0131k\u0131yoruz. Farkl\u0131 tarihlerde, farkl\u0131 deneyimlerle Kars k&uuml;lt&uuml;r&uuml;ne misafir olurken, bu topraklar\u0131n hik&acirc;yelerini rehber N&uuml;khet Everi&rsquo;den dinliyoruz.&nbsp;<\/p>\n<p>Rus, Ermeni ve Osmanl\u0131 mimarilerini bir arada bulunduran ve bu yap\u0131lar\u0131 korumay\u0131 ba\u015faran nadir \u015fehirlerimizden biri olan Kars&rsquo;\u0131n merkezinde dola\u015f\u0131rken a&ccedil;\u0131khava m&uuml;zesinde gibi hissedece\u011fiz. &Ccedil;\u0131ld\u0131r G&ouml;l&uuml;&rsquo;n&uuml;n donmas\u0131yla, sonsuz gibi g&ouml;r&uuml;nen bembeyaz d&uuml;zl&uuml;kte atl\u0131 k\u0131zaklarla yapaca\u011f\u0131m\u0131z gezinin devam\u0131nda ise bal\u0131k&ccedil;\u0131lar\u0131n buzlar\u0131 k\u0131rarak bal\u0131k tutmalar\u0131n\u0131 seyredece\u011fiz. K\u0131\u015f aylar\u0131nda Karsl\u0131lar\u0131n en b&uuml;y&uuml;k hobisi olan Cirit yar\u0131\u015flar\u0131n\u0131 Sar\u0131kam\u0131\u015f&rsquo;ta izleyecek, UNESCO D&uuml;nya Miras\u0131 Listesi&rsquo;nde yer alan Ani Harabeleri&rsquo;nde ge&ccedil;mi\u015fe yolculuk yapaca\u011f\u0131z.<\/p>\n<p>Kafkas g&ouml;sterileri ve &acirc;\u015f\u0131k at\u0131\u015fmalar\u0131 sayesinde Kars ak\u015famlar\u0131 renklenecek.<\/p>\n<p>Farkl\u0131 tarihlerde haz\u0131rlad\u0131\u011f\u0131m\u0131z benzersiz Kars gezilerinde Do\u011fu Ekspresi ile yolculuk yapmak isteyen maceraperestleri de k&uuml;lt&uuml;r ve tarihe odaklanan seyahat severleri de mutlu edecek programlar haz\u0131rlad\u0131k. Bu k\u0131\u015f, Kars&rsquo;ta benzersiz deneyimler ya\u015famaya haz\u0131r olun!<\/p>\n<h3 style=\"text-align: center;\"><a href=\"http:\/\/gezi.julesverne.com.tr\/geziler\/yurt-ici-ozel-gezilerimiz\/dogu-ekspresi-ile-kars-kultur-gezisi\" target=\"_blank\" rel=\"noopener noreferrer\"><strong><img loading=\"lazy\" decoding=\"async\" class=\"alignnone size-full wp-image-4273\" src=\"https:\/\/www.julesverne.com.tr\/\/wp-content\/uploads\/2020\/09\/dogu_ekspresi_insta1.png\" width=\"1080\" height=\"1080\" alt=\"dogu ekspresi\" srcset=\"https:\/\/julesverne.com.tr\/wp-content\/uploads\/2020\/09\/dogu_ekspresi_insta1.png 1080w, https:\/\/julesverne.com.tr\/wp-content\/uploads\/2020\/09\/dogu_ekspresi_insta1-500x500.png 500w, https:\/\/julesverne.com.tr\/wp-content\/uploads\/2020\/09\/dogu_ekspresi_insta1-768x768.png 768w\" sizes=\"(max-width: 1080px) 100vw, 1080px\" \/><\/strong><\/a><\/h3>\n<p>Kendi Do\u011fu masal\u0131n\u0131z\u0131 yazmak i&ccedil;in \u0130stanbul&rsquo;dan ba\u015flay\u0131p Kars&rsquo;a kadar s&uuml;recek bir tren yolculu\u011funa &ccedil;\u0131k\u0131yoruz. &Ouml;zellikle son y\u0131llarda yeniden ilgi oda\u011f\u0131 olan Do\u011fu Ekspresi tren yolculu\u011fu ile beyazlarla &ouml;rt&uuml;l&uuml; kasabalar\u0131n, \u015fehirlerin, da\u011flar\u0131n aras\u0131ndan s&uuml;z&uuml;l&uuml;rken birbirinden g&uuml;zel g&ouml;r&uuml;nt&uuml;ler haf\u0131zan\u0131za kaz\u0131nacak. Kars&#8217;ta Rus, Ermeni ve Osmanl\u0131 mimarilerini s&uuml;sleyen binalar\u0131 gezip, Kafkas g&ouml;sterisi seyredip, a\u015f\u0131k at\u0131\u015fmas\u0131 ile gelenekleri tekrar ya\u015fayaca\u011f\u0131z. &Ccedil;\u0131ld\u0131r G&ouml;l&uuml;&#8217;n&uuml;n buz tutan y&uuml;zeyinde atl\u0131 k\u0131zaklarla gezerken, Kars do\u011fumlu foto\u011fraf&ccedil;\u0131 Murat Kaya da bizlere e\u015flik edecek. UNESCO D&uuml;nya K&uuml;lt&uuml;r Miras\u0131 listesinde yer alan Ani Harabeleri&#8217;nde ise bir zamanlar b&ouml;lgenin en kudretli kentinden hikayeleri dinleyece\u011fiz.<\/p>\n<h4><a href=\"http:\/\/gezi.julesverne.com.tr\/geziler\/yurt-ici-ozel-gezilerimiz\/dogu-ekspresi-ile-kars-kultur-gezisi\" target=\"_blank\" rel=\"noopener noreferrer\"><strong>Program Bilgisi ve Rezervasyon i&ccedil;in t\u0131klay\u0131n!<\/strong><\/a><\/h4>\n<h3 style=\"text-align: center;\"><a href=\"http:\/\/gezi.julesverne.com.tr\/geziler\/yurt-ici-ozel-gezilerimiz\/bir-kis-masali-kars\" target=\"_blank\" rel=\"noopener noreferrer\"><strong><img loading=\"lazy\" decoding=\"async\" class=\"alignnone size-full wp-image-4274\" src=\"https:\/\/www.julesverne.com.tr\/\/wp-content\/uploads\/2020\/09\/Somestr_insta_1.png\" width=\"1080\" height=\"1080\" alt=\"\" srcset=\"https:\/\/julesverne.com.tr\/wp-content\/uploads\/2020\/09\/Somestr_insta_1.png 1080w, https:\/\/julesverne.com.tr\/wp-content\/uploads\/2020\/09\/Somestr_insta_1-500x500.png 500w, https:\/\/julesverne.com.tr\/wp-content\/uploads\/2020\/09\/Somestr_insta_1-768x768.png 768w\" sizes=\"(max-width: 1080px) 100vw, 1080px\" \/><\/strong><\/a><\/h3>\n<p>Ta\u015f i\u015f&ccedil;ili\u011finin en iyi &ouml;rneklerini bar\u0131nd\u0131ran Kars yap\u0131lar\u0131 aras\u0131nda zamanda yolculu\u011fa haz\u0131r olun! Rehber N&uuml;khet Everi ile Ta\u015f K&ouml;pr&uuml;, On \u0130ki Havariler Kilisesi, Kars Kalesi ve hamamlar\u0131 ba\u015fta olmak &uuml;zere \u015fehrin sokaklar\u0131n\u0131 ke\u015ffedecek, Anadolu&rsquo;nun en zengin kenti Ani Harabeleri&#8217;ni gezecek ve 2000 metre rak\u0131ml\u0131 &Ccedil;\u0131ld\u0131r G&ouml;l&uuml;&#8217;n&uuml; atl\u0131 k\u0131zaklarla dola\u015fma deneyimi ya\u015fayaca\u011f\u0131z. &Ccedil;\u0131ld\u0131r G&ouml;l&uuml; gezinizde ise foto\u011fraf&ccedil;\u0131 Murat Kaya bizimle olacak. Kars ak\u015famlar\u0131nda ise Kafkas g&ouml;sterisi ve a\u015f\u0131k at\u0131\u015fmalar\u0131 bize e\u015flik edecek.<\/p>\n<h4><strong><a href=\"http:\/\/gezi.julesverne.com.tr\/geziler\/yurt-ici-ozel-gezilerimiz\/bir-kis-masali-kars\" target=\"_blank\" rel=\"noopener noreferrer\">Program Bilgisi ve Rezervasyon i&ccedil;in t\u0131klay\u0131n!<\/a><\/strong><\/h4>\n<h3 style=\"text-align: center;\"><strong><img loading=\"lazy\" decoding=\"async\" class=\"alignnone size-full wp-image-4275\" src=\"https:\/\/www.julesverne.com.tr\/\/wp-content\/uploads\/2020\/09\/Karlar_Ulkesi_Insta.png\" width=\"1080\" height=\"1080\" alt=\"\" srcset=\"https:\/\/julesverne.com.tr\/wp-content\/uploads\/2020\/09\/Karlar_Ulkesi_Insta.png 1080w, https:\/\/julesverne.com.tr\/wp-content\/uploads\/2020\/09\/Karlar_Ulkesi_Insta-500x500.png 500w, https:\/\/julesverne.com.tr\/wp-content\/uploads\/2020\/09\/Karlar_Ulkesi_Insta-768x768.png 768w\" sizes=\"(max-width: 1080px) 100vw, 1080px\" \/><\/strong><\/h3>\n<p>Ta\u015f i\u015f&ccedil;ili\u011finin en iyi &ouml;rneklerini bar\u0131nd\u0131ran Kars yap\u0131lar\u0131 aras\u0131nda zamanda yolculu\u011fa haz\u0131r olun! Rehber N&uuml;khet Everi ile Ta\u015f K&ouml;pr&uuml;, On \u0130ki Havariler Kilisesi, Kars Kalesi ve hamamlar\u0131 ba\u015fta olmak &uuml;zere \u015fehrin sokaklar\u0131n\u0131 ke\u015ffedecek, Anadolu&rsquo;nun en zengin kenti Ani Harabeleri&#8217;ni gezecek ve 2000 metre rak\u0131ml\u0131 &Ccedil;\u0131ld\u0131r G&ouml;l&uuml;&#8217;n&uuml; atl\u0131 k\u0131zaklarla dola\u015fma deneyimi ya\u015fayaca\u011f\u0131z. &Ccedil;\u0131ld\u0131r G&ouml;l&uuml; gezinizde ise foto\u011fraf&ccedil;\u0131 Murat Kaya bizimle olacak. Kars ak\u015famlar\u0131 ise Kafkas g&ouml;sterisi ve a\u015f\u0131k at\u0131\u015fmalar\u0131yla olduk&ccedil;a renklenecek.<\/p>\n<h4><a href=\"http:\/\/gezi.julesverne.com.tr\/geziler\/yurt-ici-ozel-gezilerimiz\/karlar-ulkesi-kars-gezisi\" target=\"_blank\" rel=\"noopener noreferrer\"><strong>Program Bilgisi ve Rezervasyon i&ccedil;in t\u0131klay\u0131n!<\/strong><\/a><\/h4><\/p>\n","protected":false},"excerpt":{"rendered":"<p>Bu k\u0131\u015f, Kars&rsquo;\u0131n karlarla &ouml;rt&uuml;l&uuml; g&uuml;zellikleriyle tan\u0131\u015fmak i&ccedil;in yola &ccedil;\u0131k\u0131yoruz. Farkl\u0131 tarihlerde, farkl\u0131 deneyimlerle Kars k&uuml;lt&uuml;r&uuml;ne misafir olurken, bu topraklar\u0131n hik&acirc;yelerini rehber N&uuml;khet Everi&rsquo;den dinliyoruz. Bu k\u0131\u015f, Kars&rsquo;ta benzersiz deneyimler ya\u015famaya haz\u0131r olun!<\/p>\n","protected":false},"author":1,"featured_media":2009,"comment_status":"closed","ping_status":"closed","sticky":false,"template":"","format":"standard","meta":{"inline_featured_image":false,"footnotes":""},"categories":[1],"tags":[],"acf":[],"yoast_head":"<!-- This site is optimized with the Yoast SEO plugin v22.3 - https:\/\/yoast.com\/wordpress\/plugins\/seo\/ -->\n<title>D\u00f6rt Farkl\u0131 Tarihte D\u00f6rt Farkl\u0131 Kars Rotas\u0131 - JULES VERNE BUSINESS MICE TRAVEL<\/title>\n<meta name=\"robots\" content=\"index, follow, max-snippet:-1, max-image-preview:large, max-video-preview:-1\" \/>\n<link rel=\"canonical\" href=\"https:\/\/julesverne.com.tr\/travel-blog\/dort-farkli-tarihte-dort-farkli-kars-rotasi\/\" \/>\n<meta property=\"og:locale\" content=\"en_US\" \/>\n<meta property=\"og:type\" content=\"article\" \/>\n<meta property=\"og:title\" content=\"D\u00f6rt Farkl\u0131 Tarihte D\u00f6rt Farkl\u0131 Kars Rotas\u0131 - JULES VERNE BUSINESS MICE TRAVEL\" \/>\n<meta property=\"og:description\" content=\"Bu k\u0131\u015f, Kars&rsquo;\u0131n karlarla &ouml;rt&uuml;l&uuml; g&uuml;zellikleriyle tan\u0131\u015fmak i&ccedil;in yola &ccedil;\u0131k\u0131yoruz. Farkl\u0131 tarihlerde, farkl\u0131 deneyimlerle Kars k&uuml;lt&uuml;r&uuml;ne misafir olurken, bu topraklar\u0131n hik&acirc;yelerini rehber N&uuml;khet Everi&rsquo;den dinliyoruz. Bu k\u0131\u015f, Kars&rsquo;ta benzersiz deneyimler ya\u015famaya haz\u0131r olun!\" \/>\n<meta property=\"og:url\" content=\"https:\/\/julesverne.com.tr\/travel-blog\/dort-farkli-tarihte-dort-farkli-kars-rotasi\/\" \/>\n<meta property=\"og:site_name\" content=\"JULES VERNE BUSINESS MICE TRAVEL\" \/>\n<meta property=\"article:publisher\" content=\"https:\/\/www.facebook.com\/JulesVerneBusinessMiceTravel\/\" \/>\n<meta property=\"article:published_time\" content=\"2018-10-25T08:55:41+00:00\" \/>\n<meta property=\"article:modified_time\" content=\"2020-09-21T14:36:08+00:00\" \/>\n<meta property=\"og:image\" content=\"https:\/\/julesverne.com.tr\/wp-content\/uploads\/2020\/09\/Kars_FB.png\" \/>\n\t<meta property=\"og:image:width\" content=\"1200\" \/>\n\t<meta property=\"og:image:height\" content=\"628\" \/>\n\t<meta property=\"og:image:type\" content=\"image\/png\" \/>\n<meta name=\"author\" content=\"fikirman\" \/>\n<meta name=\"twitter:card\" content=\"summary_large_image\" \/>\n<meta name=\"twitter:creator\" content=\"@JV_BusinessMice\" \/>\n<meta name=\"twitter:site\" content=\"@JV_BusinessMice\" \/>\n<meta name=\"twitter:label1\" content=\"Written by\" \/>\n\t<meta name=\"twitter:data1\" content=\"fikirman\" \/>\n\t<meta name=\"twitter:label2\" content=\"Est. reading time\" \/>\n\t<meta name=\"twitter:data2\" content=\"3 minutes\" \/>\n<script type=\"application\/ld+json\" class=\"yoast-schema-graph\">{\"@context\":\"https:\/\/schema.org\",\"@graph\":[{\"@type\":\"Article\",\"@id\":\"https:\/\/julesverne.com.tr\/travel-blog\/dort-farkli-tarihte-dort-farkli-kars-rotasi\/#article\",\"isPartOf\":{\"@id\":\"https:\/\/julesverne.com.tr\/travel-blog\/dort-farkli-tarihte-dort-farkli-kars-rotasi\/\"},\"author\":{\"name\":\"fikirman\",\"@id\":\"https:\/\/julesverne.com.tr\/#\/schema\/person\/f4eb0514ae455538644c31b99a466fdb\"},\"headline\":\"D\u00f6rt Farkl\u0131 Tarihte D\u00f6rt Farkl\u0131 Kars Rotas\u0131\",\"datePublished\":\"2018-10-25T08:55:41+00:00\",\"dateModified\":\"2020-09-21T14:36:08+00:00\",\"mainEntityOfPage\":{\"@id\":\"https:\/\/julesverne.com.tr\/travel-blog\/dort-farkli-tarihte-dort-farkli-kars-rotasi\/\"},\"wordCount\":682,\"publisher\":{\"@id\":\"https:\/\/julesverne.com.tr\/#organization\"},\"image\":{\"@id\":\"https:\/\/julesverne.com.tr\/travel-blog\/dort-farkli-tarihte-dort-farkli-kars-rotasi\/#primaryimage\"},\"thumbnailUrl\":\"https:\/\/julesverne.com.tr\/wp-content\/uploads\/2020\/09\/Kars_FB.png\",\"articleSection\":[\"Blog\"],\"inLanguage\":\"en-US\"},{\"@type\":\"WebPage\",\"@id\":\"https:\/\/julesverne.com.tr\/travel-blog\/dort-farkli-tarihte-dort-farkli-kars-rotasi\/\",\"url\":\"https:\/\/julesverne.com.tr\/travel-blog\/dort-farkli-tarihte-dort-farkli-kars-rotasi\/\",\"name\":\"D\u00f6rt Farkl\u0131 Tarihte D\u00f6rt Farkl\u0131 Kars Rotas\u0131 - JULES VERNE BUSINESS MICE TRAVEL\",\"isPartOf\":{\"@id\":\"https:\/\/julesverne.com.tr\/#website\"},\"primaryImageOfPage\":{\"@id\":\"https:\/\/julesverne.com.tr\/travel-blog\/dort-farkli-tarihte-dort-farkli-kars-rotasi\/#primaryimage\"},\"image\":{\"@id\":\"https:\/\/julesverne.com.tr\/travel-blog\/dort-farkli-tarihte-dort-farkli-kars-rotasi\/#primaryimage\"},\"thumbnailUrl\":\"https:\/\/julesverne.com.tr\/wp-content\/uploads\/2020\/09\/Kars_FB.png\",\"datePublished\":\"2018-10-25T08:55:41+00:00\",\"dateModified\":\"2020-09-21T14:36:08+00:00\",\"breadcrumb\":{\"@id\":\"https:\/\/julesverne.com.tr\/travel-blog\/dort-farkli-tarihte-dort-farkli-kars-rotasi\/#breadcrumb\"},\"inLanguage\":\"en-US\",\"potentialAction\":[{\"@type\":\"ReadAction\",\"target\":[\"https:\/\/julesverne.com.tr\/travel-blog\/dort-farkli-tarihte-dort-farkli-kars-rotasi\/\"]}]},{\"@type\":\"ImageObject\",\"inLanguage\":\"en-US\",\"@id\":\"https:\/\/julesverne.com.tr\/travel-blog\/dort-farkli-tarihte-dort-farkli-kars-rotasi\/#primaryimage\",\"url\":\"https:\/\/julesverne.com.tr\/wp-content\/uploads\/2020\/09\/Kars_FB.png\",\"contentUrl\":\"https:\/\/julesverne.com.tr\/wp-content\/uploads\/2020\/09\/Kars_FB.png\",\"width\":1200,\"height\":628},{\"@type\":\"BreadcrumbList\",\"@id\":\"https:\/\/julesverne.com.tr\/travel-blog\/dort-farkli-tarihte-dort-farkli-kars-rotasi\/#breadcrumb\",\"itemListElement\":[{\"@type\":\"ListItem\",\"position\":1,\"name\":\"Anasayfa\",\"item\":\"https:\/\/julesverne.com.tr\/\"},{\"@type\":\"ListItem\",\"position\":2,\"name\":\"D\u00f6rt Farkl\u0131 Tarihte D\u00f6rt Farkl\u0131 Kars Rotas\u0131\"}]},{\"@type\":\"WebSite\",\"@id\":\"https:\/\/julesverne.com.tr\/#website\",\"url\":\"https:\/\/julesverne.com.tr\/\",\"name\":\"JULES VERNE BUSINESS MICE TRAVEL\",\"description\":\"\",\"publisher\":{\"@id\":\"https:\/\/julesverne.com.tr\/#organization\"},\"potentialAction\":[{\"@type\":\"SearchAction\",\"target\":{\"@type\":\"EntryPoint\",\"urlTemplate\":\"https:\/\/julesverne.com.tr\/?s={search_term_string}\"},\"query-input\":\"required name=search_term_string\"}],\"inLanguage\":\"en-US\"},{\"@type\":\"Organization\",\"@id\":\"https:\/\/julesverne.com.tr\/#organization\",\"name\":\"JULES VERNE BUSINESS MICE TRAVEL\",\"url\":\"https:\/\/julesverne.com.tr\/\",\"logo\":{\"@type\":\"ImageObject\",\"inLanguage\":\"en-US\",\"@id\":\"https:\/\/julesverne.com.tr\/#\/schema\/logo\/image\/\",\"url\":\"https:\/\/julesverne.com.tr\/wp-content\/uploads\/2020\/09\/jv-bmt-logo.png\",\"contentUrl\":\"https:\/\/julesverne.com.tr\/wp-content\/uploads\/2020\/09\/jv-bmt-logo.png\",\"width\":110,\"height\":81,\"caption\":\"JULES VERNE BUSINESS MICE TRAVEL\"},\"image\":{\"@id\":\"https:\/\/julesverne.com.tr\/#\/schema\/logo\/image\/\"},\"sameAs\":[\"https:\/\/www.facebook.com\/JulesVerneBusinessMiceTravel\/\",\"https:\/\/twitter.com\/JV_BusinessMice\",\"https:\/\/www.instagram.com\/julesvernebusinessmicetravel\/\",\"https:\/\/www.linkedin.com\/company\/julesvernebusinessmicetravel\/\",\"https:\/\/www.youtube.com\/channel\/UCAwdsmbZ6tFhu1tea6pkpiw\"]},{\"@type\":\"Person\",\"@id\":\"https:\/\/julesverne.com.tr\/#\/schema\/person\/f4eb0514ae455538644c31b99a466fdb\",\"name\":\"fikirman\",\"sameAs\":[\"http:\/\/advermedya.net\/julesverne\"],\"url\":\"https:\/\/julesverne.com.tr\/en\/author\/fikirman\/\"}]}<\/script>\n<!-- \/ Yoast SEO plugin. -->","yoast_head_json":{"title":"D\u00f6rt Farkl\u0131 Tarihte D\u00f6rt Farkl\u0131 Kars Rotas\u0131 - JULES VERNE BUSINESS MICE TRAVEL","robots":{"index":"index","follow":"follow","max-snippet":"max-snippet:-1","max-image-preview":"max-image-preview:large","max-video-preview":"max-video-preview:-1"},"canonical":"https:\/\/julesverne.com.tr\/travel-blog\/dort-farkli-tarihte-dort-farkli-kars-rotasi\/","og_locale":"en_US","og_type":"article","og_title":"D\u00f6rt Farkl\u0131 Tarihte D\u00f6rt Farkl\u0131 Kars Rotas\u0131 - JULES VERNE BUSINESS MICE TRAVEL","og_description":"Bu k\u0131\u015f, Kars&rsquo;\u0131n karlarla &ouml;rt&uuml;l&uuml; g&uuml;zellikleriyle tan\u0131\u015fmak i&ccedil;in yola &ccedil;\u0131k\u0131yoruz. Farkl\u0131 tarihlerde, farkl\u0131 deneyimlerle Kars k&uuml;lt&uuml;r&uuml;ne misafir olurken, bu topraklar\u0131n hik&acirc;yelerini rehber N&uuml;khet Everi&rsquo;den dinliyoruz. Bu k\u0131\u015f, Kars&rsquo;ta benzersiz deneyimler ya\u015famaya haz\u0131r olun!","og_url":"https:\/\/julesverne.com.tr\/travel-blog\/dort-farkli-tarihte-dort-farkli-kars-rotasi\/","og_site_name":"JULES VERNE BUSINESS MICE TRAVEL","article_publisher":"https:\/\/www.facebook.com\/JulesVerneBusinessMiceTravel\/","article_published_time":"2018-10-25T08:55:41+00:00","article_modified_time":"2020-09-21T14:36:08+00:00","og_image":[{"width":1200,"height":628,"url":"https:\/\/julesverne.com.tr\/wp-content\/uploads\/2020\/09\/Kars_FB.png","type":"image\/png"}],"author":"fikirman","twitter_card":"summary_large_image","twitter_creator":"@JV_BusinessMice","twitter_site":"@JV_BusinessMice","twitter_misc":{"Written by":"fikirman","Est. reading time":"3 minutes"},"schema":{"@context":"https:\/\/schema.org","@graph":[{"@type":"Article","@id":"https:\/\/julesverne.com.tr\/travel-blog\/dort-farkli-tarihte-dort-farkli-kars-rotasi\/#article","isPartOf":{"@id":"https:\/\/julesverne.com.tr\/travel-blog\/dort-farkli-tarihte-dort-farkli-kars-rotasi\/"},"author":{"name":"fikirman","@id":"https:\/\/julesverne.com.tr\/#\/schema\/person\/f4eb0514ae455538644c31b99a466fdb"},"headline":"D\u00f6rt Farkl\u0131 Tarihte D\u00f6rt Farkl\u0131 Kars Rotas\u0131","datePublished":"2018-10-25T08:55:41+00:00","dateModified":"2020-09-21T14:36:08+00:00","mainEntityOfPage":{"@id":"https:\/\/julesverne.com.tr\/travel-blog\/dort-farkli-tarihte-dort-farkli-kars-rotasi\/"},"wordCount":682,"publisher":{"@id":"https:\/\/julesverne.com.tr\/#organization"},"image":{"@id":"https:\/\/julesverne.com.tr\/travel-blog\/dort-farkli-tarihte-dort-farkli-kars-rotasi\/#primaryimage"},"thumbnailUrl":"https:\/\/julesverne.com.tr\/wp-content\/uploads\/2020\/09\/Kars_FB.png","articleSection":["Blog"],"inLanguage":"en-US"},{"@type":"WebPage","@id":"https:\/\/julesverne.com.tr\/travel-blog\/dort-farkli-tarihte-dort-farkli-kars-rotasi\/","url":"https:\/\/julesverne.com.tr\/travel-blog\/dort-farkli-tarihte-dort-farkli-kars-rotasi\/","name":"D\u00f6rt Farkl\u0131 Tarihte D\u00f6rt Farkl\u0131 Kars Rotas\u0131 - JULES VERNE BUSINESS MICE TRAVEL","isPartOf":{"@id":"https:\/\/julesverne.com.tr\/#website"},"primaryImageOfPage":{"@id":"https:\/\/julesverne.com.tr\/travel-blog\/dort-farkli-tarihte-dort-farkli-kars-rotasi\/#primaryimage"},"image":{"@id":"https:\/\/julesverne.com.tr\/travel-blog\/dort-farkli-tarihte-dort-farkli-kars-rotasi\/#primaryimage"},"thumbnailUrl":"https:\/\/julesverne.com.tr\/wp-content\/uploads\/2020\/09\/Kars_FB.png","datePublished":"2018-10-25T08:55:41+00:00","dateModified":"2020-09-21T14:36:08+00:00","breadcrumb":{"@id":"https:\/\/julesverne.com.tr\/travel-blog\/dort-farkli-tarihte-dort-farkli-kars-rotasi\/#breadcrumb"},"inLanguage":"en-US","potentialAction":[{"@type":"ReadAction","target":["https:\/\/julesverne.com.tr\/travel-blog\/dort-farkli-tarihte-dort-farkli-kars-rotasi\/"]}]},{"@type":"ImageObject","inLanguage":"en-US","@id":"https:\/\/julesverne.com.tr\/travel-blog\/dort-farkli-tarihte-dort-farkli-kars-rotasi\/#primaryimage","url":"https:\/\/julesverne.com.tr\/wp-content\/uploads\/2020\/09\/Kars_FB.png","contentUrl":"https:\/\/julesverne.com.tr\/wp-content\/uploads\/2020\/09\/Kars_FB.png","width":1200,"height":628},{"@type":"BreadcrumbList","@id":"https:\/\/julesverne.com.tr\/travel-blog\/dort-farkli-tarihte-dort-farkli-kars-rotasi\/#breadcrumb","itemListElement":[{"@type":"ListItem","position":1,"name":"Anasayfa","item":"https:\/\/julesverne.com.tr\/"},{"@type":"ListItem","position":2,"name":"D\u00f6rt Farkl\u0131 Tarihte D\u00f6rt Farkl\u0131 Kars Rotas\u0131"}]},{"@type":"WebSite","@id":"https:\/\/julesverne.com.tr\/#website","url":"https:\/\/julesverne.com.tr\/","name":"JULES VERNE BUSINESS MICE TRAVEL","description":"","publisher":{"@id":"https:\/\/julesverne.com.tr\/#organization"},"potentialAction":[{"@type":"SearchAction","target":{"@type":"EntryPoint","urlTemplate":"https:\/\/julesverne.com.tr\/?s={search_term_string}"},"query-input":"required name=search_term_string"}],"inLanguage":"en-US"},{"@type":"Organization","@id":"https:\/\/julesverne.com.tr\/#organization","name":"JULES VERNE BUSINESS MICE TRAVEL","url":"https:\/\/julesverne.com.tr\/","logo":{"@type":"ImageObject","inLanguage":"en-US","@id":"https:\/\/julesverne.com.tr\/#\/schema\/logo\/image\/","url":"https:\/\/julesverne.com.tr\/wp-content\/uploads\/2020\/09\/jv-bmt-logo.png","contentUrl":"https:\/\/julesverne.com.tr\/wp-content\/uploads\/2020\/09\/jv-bmt-logo.png","width":110,"height":81,"caption":"JULES VERNE BUSINESS MICE TRAVEL"},"image":{"@id":"https:\/\/julesverne.com.tr\/#\/schema\/logo\/image\/"},"sameAs":["https:\/\/www.facebook.com\/JulesVerneBusinessMiceTravel\/","https:\/\/twitter.com\/JV_BusinessMice","https:\/\/www.instagram.com\/julesvernebusinessmicetravel\/","https:\/\/www.linkedin.com\/company\/julesvernebusinessmicetravel\/","https:\/\/www.youtube.com\/channel\/UCAwdsmbZ6tFhu1tea6pkpiw"]},{"@type":"Person","@id":"https:\/\/julesverne.com.tr\/#\/schema\/person\/f4eb0514ae455538644c31b99a466fdb","name":"fikirman","sameAs":["http:\/\/advermedya.net\/julesverne"],"url":"https:\/\/julesverne.com.tr\/en\/author\/fikirman\/"}]}},"_links":{"self":[{"href":"https:\/\/julesverne.com.tr\/en\/wp-json\/wp\/v2\/posts\/2008"}],"collection":[{"href":"https:\/\/julesverne.com.tr\/en\/wp-json\/wp\/v2\/posts"}],"about":[{"href":"https:\/\/julesverne.com.tr\/en\/wp-json\/wp\/v2\/types\/post"}],"author":[{"embeddable":true,"href":"https:\/\/julesverne.com.tr\/en\/wp-json\/wp\/v2\/users\/1"}],"replies":[{"embeddable":true,"href":"https:\/\/julesverne.com.tr\/en\/wp-json\/wp\/v2\/comments?post=2008"}],"version-history":[{"count":0,"href":"https:\/\/julesverne.com.tr\/en\/wp-json\/wp\/v2\/posts\/2008\/revisions"}],"wp:featuredmedia":[{"embeddable":true,"href":"https:\/\/julesverne.com.tr\/en\/wp-json\/wp\/v2\/media\/2009"}],"wp:attachment":[{"href":"https:\/\/julesverne.com.tr\/en\/wp-json\/wp\/v2\/media?parent=2008"}],"wp:term":[{"taxonomy":"category","embeddable":true,"href":"https:\/\/julesverne.com.tr\/en\/wp-json\/wp\/v2\/categories?post=2008"},{"taxonomy":"post_tag","embeddable":true,"href":"https:\/\/julesverne.com.tr\/en\/wp-json\/wp\/v2\/tags?post=2008"}],"curies":[{"name":"wp","href":"https:\/\/api.w.org\/{rel}","templated":true}]}}